{"id":37840,"date":"2021-12-07T14:37:49","date_gmt":"2021-12-07T12:37:49","guid":{"rendered":"https:\/\/www.laguiadepamplona.com\/actualidad\/?p=37840"},"modified":"2023-04-11T11:48:42","modified_gmt":"2023-04-11T09:48:42","slug":"el-ayuntamiento-mejora-mas-de-medio-kilometro-de-carriles-bici-en-el-barrio-de-azpilagana","status":"publish","type":"post","link":"https:\/\/www.laguiadepamplona.com\/actualidad\/el-ayuntamiento-mejora-mas-de-medio-kilometro-de-carriles-bici-en-el-barrio-de-azpilagana\/","title":{"rendered":"El Ayuntamiento mejora m\u00e1s de medio kil\u00f3metro de carriles bici en el barrio de Azpilaga\u00f1a"},"content":{"rendered":"<h5>Se ha mejorado la seguridad del tramo que discurre por la ronda de Azpilaga\u00f1a y se ha saneado el trazado del parque de la Vaguada<\/h5>\n<p><!--more--><\/p>\n<p>El Ayuntamiento de Pamplona ha finalizado los trabajos de mejora de dos tramos de carril bici situados en Azpilaga\u00f1a, que suman m\u00e1s de medio kil\u00f3metro de recorrido. Se trata del trazado que discurre por el parque de la Vaguada del barrio, y que conecta con otro en la ronda de Azpilaga\u00f1a. Estas actuaciones han sido posibles gracias al acuerdo presupuestario de los grupos municipales Navarra Suma y Socialistas del Ayuntamiento de Pamplona. Se contin\u00faa as\u00ed con los trabajos de acondicionamiento y puesta en marcha de nuevos tramos de carril bici en la capital, encaminados a disponer de una red ciclista amplia y conectada.<br \/>\n<script async src=\"\/\/pagead2.googlesyndication.com\/pagead\/js\/adsbygoogle.js\"><\/script><br \/>\n<!-- Noticias La Guia de Pamplona --><br \/>\n<ins class=\"adsbygoogle\"\nstyle=\"display:block\"\ndata-ad-client=\"ca-pub-6943679897239327\"\ndata-ad-slot=\"7048180777\"\ndata-ad-format=\"auto\"><\/ins><br \/>\n<script>\n(adsbygoogle = window.adsbygoogle || []).push({});\n<\/script><\/p>\n<p>La ronda de Azpilaga\u00f1a ya contaba con una zona reservada para el tr\u00e1nsito de bicicletas, pero sus dimensiones, de dos metros de anchura, no cumpl\u00edan con el est\u00e1ndar que el Ayuntamiento est\u00e1 aplicando a las v\u00edas ciclistas, que asciende a un m\u00ednimo 2,50 metros en el caso de carriles bidireccionales. As\u00ed, esta anchura se ha ampliado hasta los tres metros, obteniendo el espacio en la v\u00eda por medio de la conversi\u00f3n de la banda de aparcamiento del margen contrario. Antes se aparcaba en esa zona en semi bater\u00eda, pero la baja ocupaci\u00f3n permit\u00eda el cambio a un aparcamiento en l\u00ednea sin generar alteraciones.<\/p>\n<p>De igual manera, la protecci\u00f3n de este carril respecto al tr\u00e1fico motorizado no respetaba los est\u00e1ndares que en la actualidad est\u00e1 siguiendo el Ayuntamiento, por lo que se ha actuado para mejorarla. Ahora, este carril cuenta con medio metro de separaci\u00f3n respecto al carril motorizado, configurado mediante dos l\u00edneas longitudinales de 10 cent\u00edmetros cada una y un espacio libre interior de 30 cent\u00edmetros en el que se colocan los separadores de caucho que actualmente se est\u00e1n empleando para incrementar la seguridad de los ciclistas. Esta actuaci\u00f3n, que ha tenido un coste de 18.367,42 euros (IVA incluido), tambi\u00e9n ha llevado consigo la reconstrucci\u00f3n de las rampas que sirven de conexi\u00f3n con las aceras bici.<br \/>\n<script async src=\"\/\/pagead2.googlesyndication.com\/pagead\/js\/adsbygoogle.js\"><\/script><br \/>\n<!-- Noticias La Guia de Pamplona --><br \/>\n<ins class=\"adsbygoogle\"\nstyle=\"display:block\"\ndata-ad-client=\"ca-pub-6943679897239327\"\ndata-ad-slot=\"7048180777\"\ndata-ad-format=\"auto\"><\/ins><br \/>\n<script>\n(adsbygoogle = window.adsbygoogle || []).push({});\n<\/script><\/p>\n<p>As\u00edmismo, se ha completado la reparaci\u00f3n de los itinerarios ciclistas que discurren por la Vaguada de Azpilaga\u00f1a. Se han saneado algunas zonas que presentaban un mal estado de conservaci\u00f3n, para finalmente repavimentar con asfalto negro y pintar toda la superficie de los caminos que atraviesan el parque, y que permiten conectar los carriles bici de la calle Abejeras y de la ronda de Azpilaga\u00f1a. Esto ha permitido diferenciar claramente la zona peatonal de la zona para bicicletas, mejorando la seguridad tanto de ciclistas como de transe\u00fantes. Adem\u00e1s, se han recolocado bancos, barandillas y bordillos. El coste de estas actuaciones ha sido de 40.273 euros (IVA incluido)<\/p>\n<p>Estas dos intervenciones ya finalizadas en el barrio de Azpilaga\u00f1a forman parte de los trabajos de adecuaci\u00f3n y creaci\u00f3n de carriles bici en la ciudad, en busca de una movilidad m\u00e1s sostenible y saludable, tanto para quienes utilizan este medio de transporte no contaminante, como para el conjunto de la ciudad, y que est\u00e1n enmarcados en la Estrategia \u2018Go Green Pamplona\u2019, que engloba el conjunto de actuaciones en materia de lucha contra el cambio clim\u00e1tico desarrolladas en Pamplona.<\/p>\n","protected":false},"excerpt":{"rendered":"<p>Se ha mejorado la seguridad del tramo que discurre por la ronda de Azpilaga\u00f1a y se ha saneado el trazado del parque de la Vaguada<\/p>\n","protected":false},"author":1,"featured_media":37387,"comment_status":"open","ping_status":"closed","sticky":false,"template":"","format":"standard","meta":{"footnotes":""},"categories":[2],"tags":[],"class_list":["post-37840","post","type-post","status-publish","format-standard","has-post-thumbnail","hentry","category-ayuntamiento-pamplona"],"yoast_head":"<!-- This site is optimized with the Yoast SEO plugin v27.3 - https:\/\/yoast.com\/product\/yoast-seo-wordpress\/ -->\n<title>El Ayuntamiento mejora m\u00e1s de medio kil\u00f3metro de carriles bici en el barrio de Azpilaga\u00f1a<\/title>\n<meta name=\"description\" content=\"Se ha mejorado la seguridad del tramo que discurre por la ronda de Azpilaga\u00f1a y se ha saneado el trazado del parque de la Vaguada\" \/>\n<meta name=\"robots\" content=\"index, follow, max-snippet:-1, max-image-preview:large, max-video-preview:-1\" \/>\n<link rel=\"canonical\" href=\"https:\/\/www.laguiadepamplona.com\/actualidad\/el-ayuntamiento-mejora-mas-de-medio-kilometro-de-carriles-bici-en-el-barrio-de-azpilagana\/\" \/>\n<meta property=\"og:locale\" content=\"es_ES\" \/>\n<meta property=\"og:type\" content=\"article\" \/>\n<meta property=\"og:title\" content=\"El Ayuntamiento mejora m\u00e1s de medio kil\u00f3metro de carriles bici en el barrio de Azpilaga\u00f1a\" \/>\n<meta property=\"og:description\" content=\"Se ha mejorado la seguridad del tramo que discurre por la ronda de Azpilaga\u00f1a y se ha saneado el trazado del parque de la Vaguada\" \/>\n<meta property=\"og:url\" content=\"https:\/\/www.laguiadepamplona.com\/actualidad\/el-ayuntamiento-mejora-mas-de-medio-kilometro-de-carriles-bici-en-el-barrio-de-azpilagana\/\" \/>\n<meta property=\"og:site_name\" content=\"La Gu\u00eda de Pamplona\" \/>\n<meta property=\"article:publisher\" content=\"https:\/\/www.facebook.com\/laguiadepamplonacom-133175176762273\/?ref=hl\" \/>\n<meta property=\"article:published_time\" content=\"2021-12-07T12:37:49+00:00\" \/>\n<meta property=\"article:modified_time\" content=\"2023-04-11T09:48:42+00:00\" \/>\n<meta property=\"og:image\" content=\"https:\/\/www.laguiadepamplona.com\/actualidad\/wp-content\/uploads\/2021\/11\/carril-bici_04_0.jpg\" \/>\n\t<meta property=\"og:image:width\" content=\"1386\" \/>\n\t<meta property=\"og:image:height\" content=\"1009\" \/>\n\t<meta property=\"og:image:type\" content=\"image\/jpeg\" \/>\n<meta name=\"author\" content=\"La Gu\u00eda de Pamplona\" \/>\n<meta name=\"twitter:card\" content=\"summary_large_image\" \/>\n<meta name=\"twitter:creator\" content=\"@LaGuiadPamplona\" \/>\n<meta name=\"twitter:site\" content=\"@LaGuiadPamplona\" \/>\n<meta name=\"twitter:label1\" content=\"Escrito por\" \/>\n\t<meta name=\"twitter:data1\" content=\"La Gu\u00eda de Pamplona\" \/>\n\t<meta name=\"twitter:label2\" content=\"Tiempo de lectura\" \/>\n\t<meta name=\"twitter:data2\" content=\"3 minutos\" \/>\n<script type=\"application\/ld+json\" class=\"yoast-schema-graph\">{\"@context\":\"https:\\\/\\\/schema.org\",\"@graph\":[{\"@type\":\"Article\",\"@id\":\"https:\\\/\\\/www.laguiadepamplona.com\\\/actualidad\\\/el-ayuntamiento-mejora-mas-de-medio-kilometro-de-carriles-bici-en-el-barrio-de-azpilagana\\\/#article\",\"isPartOf\":{\"@id\":\"https:\\\/\\\/www.laguiadepamplona.com\\\/actualidad\\\/el-ayuntamiento-mejora-mas-de-medio-kilometro-de-carriles-bici-en-el-barrio-de-azpilagana\\\/\"},\"author\":{\"name\":\"La Gu\u00eda de Pamplona\",\"@id\":\"https:\\\/\\\/www.laguiadepamplona.com\\\/actualidad\\\/#\\\/schema\\\/person\\\/efe887376f0213d4657c93adc50b1fdb\"},\"headline\":\"El Ayuntamiento mejora m\u00e1s de medio kil\u00f3metro de carriles bici en el barrio de Azpilaga\u00f1a\",\"datePublished\":\"2021-12-07T12:37:49+00:00\",\"dateModified\":\"2023-04-11T09:48:42+00:00\",\"mainEntityOfPage\":{\"@id\":\"https:\\\/\\\/www.laguiadepamplona.com\\\/actualidad\\\/el-ayuntamiento-mejora-mas-de-medio-kilometro-de-carriles-bici-en-el-barrio-de-azpilagana\\\/\"},\"wordCount\":584,\"commentCount\":0,\"publisher\":{\"@id\":\"https:\\\/\\\/www.laguiadepamplona.com\\\/actualidad\\\/#organization\"},\"image\":{\"@id\":\"https:\\\/\\\/www.laguiadepamplona.com\\\/actualidad\\\/el-ayuntamiento-mejora-mas-de-medio-kilometro-de-carriles-bici-en-el-barrio-de-azpilagana\\\/#primaryimage\"},\"thumbnailUrl\":\"https:\\\/\\\/www.laguiadepamplona.com\\\/actualidad\\\/wp-content\\\/uploads\\\/2021\\\/11\\\/carril-bici_04_0.jpg\",\"articleSection\":[\"Ayto Pamplona\"],\"inLanguage\":\"es\",\"potentialAction\":[{\"@type\":\"CommentAction\",\"name\":\"Comment\",\"target\":[\"https:\\\/\\\/www.laguiadepamplona.com\\\/actualidad\\\/el-ayuntamiento-mejora-mas-de-medio-kilometro-de-carriles-bici-en-el-barrio-de-azpilagana\\\/#respond\"]}]},{\"@type\":\"WebPage\",\"@id\":\"https:\\\/\\\/www.laguiadepamplona.com\\\/actualidad\\\/el-ayuntamiento-mejora-mas-de-medio-kilometro-de-carriles-bici-en-el-barrio-de-azpilagana\\\/\",\"url\":\"https:\\\/\\\/www.laguiadepamplona.com\\\/actualidad\\\/el-ayuntamiento-mejora-mas-de-medio-kilometro-de-carriles-bici-en-el-barrio-de-azpilagana\\\/\",\"name\":\"El Ayuntamiento mejora m\u00e1s de medio kil\u00f3metro de carriles bici en el barrio de Azpilaga\u00f1a\",\"isPartOf\":{\"@id\":\"https:\\\/\\\/www.laguiadepamplona.com\\\/actualidad\\\/#website\"},\"primaryImageOfPage\":{\"@id\":\"https:\\\/\\\/www.laguiadepamplona.com\\\/actualidad\\\/el-ayuntamiento-mejora-mas-de-medio-kilometro-de-carriles-bici-en-el-barrio-de-azpilagana\\\/#primaryimage\"},\"image\":{\"@id\":\"https:\\\/\\\/www.laguiadepamplona.com\\\/actualidad\\\/el-ayuntamiento-mejora-mas-de-medio-kilometro-de-carriles-bici-en-el-barrio-de-azpilagana\\\/#primaryimage\"},\"thumbnailUrl\":\"https:\\\/\\\/www.laguiadepamplona.com\\\/actualidad\\\/wp-content\\\/uploads\\\/2021\\\/11\\\/carril-bici_04_0.jpg\",\"datePublished\":\"2021-12-07T12:37:49+00:00\",\"dateModified\":\"2023-04-11T09:48:42+00:00\",\"description\":\"Se ha mejorado la seguridad del tramo que discurre por la ronda de Azpilaga\u00f1a y se ha saneado el trazado del parque de la Vaguada\",\"breadcrumb\":{\"@id\":\"https:\\\/\\\/www.laguiadepamplona.com\\\/actualidad\\\/el-ayuntamiento-mejora-mas-de-medio-kilometro-de-carriles-bici-en-el-barrio-de-azpilagana\\\/#breadcrumb\"},\"inLanguage\":\"es\",\"potentialAction\":[{\"@type\":\"ReadAction\",\"target\":[\"https:\\\/\\\/www.laguiadepamplona.com\\\/actualidad\\\/el-ayuntamiento-mejora-mas-de-medio-kilometro-de-carriles-bici-en-el-barrio-de-azpilagana\\\/\"]}]},{\"@type\":\"ImageObject\",\"inLanguage\":\"es\",\"@id\":\"https:\\\/\\\/www.laguiadepamplona.com\\\/actualidad\\\/el-ayuntamiento-mejora-mas-de-medio-kilometro-de-carriles-bici-en-el-barrio-de-azpilagana\\\/#primaryimage\",\"url\":\"https:\\\/\\\/www.laguiadepamplona.com\\\/actualidad\\\/wp-content\\\/uploads\\\/2021\\\/11\\\/carril-bici_04_0.jpg\",\"contentUrl\":\"https:\\\/\\\/www.laguiadepamplona.com\\\/actualidad\\\/wp-content\\\/uploads\\\/2021\\\/11\\\/carril-bici_04_0.jpg\",\"width\":1386,\"height\":1009},{\"@type\":\"BreadcrumbList\",\"@id\":\"https:\\\/\\\/www.laguiadepamplona.com\\\/actualidad\\\/el-ayuntamiento-mejora-mas-de-medio-kilometro-de-carriles-bici-en-el-barrio-de-azpilagana\\\/#breadcrumb\",\"itemListElement\":[{\"@type\":\"ListItem\",\"position\":1,\"name\":\"Portada\",\"item\":\"https:\\\/\\\/www.laguiadepamplona.com\\\/actualidad\\\/\"},{\"@type\":\"ListItem\",\"position\":2,\"name\":\"El Ayuntamiento mejora m\u00e1s de medio kil\u00f3metro de carriles bici en el barrio de Azpilaga\u00f1a\"}]},{\"@type\":\"WebSite\",\"@id\":\"https:\\\/\\\/www.laguiadepamplona.com\\\/actualidad\\\/#website\",\"url\":\"https:\\\/\\\/www.laguiadepamplona.com\\\/actualidad\\\/\",\"name\":\"La gu\u00eda de Pamplona\",\"description\":\"Noticias de Pamplona\",\"publisher\":{\"@id\":\"https:\\\/\\\/www.laguiadepamplona.com\\\/actualidad\\\/#organization\"},\"potentialAction\":[{\"@type\":\"SearchAction\",\"target\":{\"@type\":\"EntryPoint\",\"urlTemplate\":\"https:\\\/\\\/www.laguiadepamplona.com\\\/actualidad\\\/?s={search_term_string}\"},\"query-input\":{\"@type\":\"PropertyValueSpecification\",\"valueRequired\":true,\"valueName\":\"search_term_string\"}}],\"inLanguage\":\"es\"},{\"@type\":\"Organization\",\"@id\":\"https:\\\/\\\/www.laguiadepamplona.com\\\/actualidad\\\/#organization\",\"name\":\"La Gu\u00eda de Pamplona \\\/ Noticias\",\"url\":\"https:\\\/\\\/www.laguiadepamplona.com\\\/actualidad\\\/\",\"logo\":{\"@type\":\"ImageObject\",\"inLanguage\":\"es\",\"@id\":\"https:\\\/\\\/www.laguiadepamplona.com\\\/actualidad\\\/#\\\/schema\\\/logo\\\/image\\\/\",\"url\":\"https:\\\/\\\/www.laguiadepamplona.com\\\/actualidad\\\/wp-content\\\/uploads\\\/2018\\\/11\\\/logo-laguiadepamplona18-web1.png\",\"contentUrl\":\"https:\\\/\\\/www.laguiadepamplona.com\\\/actualidad\\\/wp-content\\\/uploads\\\/2018\\\/11\\\/logo-laguiadepamplona18-web1.png\",\"width\":600,\"height\":196,\"caption\":\"La Gu\u00eda de Pamplona \\\/ Noticias\"},\"image\":{\"@id\":\"https:\\\/\\\/www.laguiadepamplona.com\\\/actualidad\\\/#\\\/schema\\\/logo\\\/image\\\/\"},\"sameAs\":[\"https:\\\/\\\/www.facebook.com\\\/laguiadepamplonacom-133175176762273\\\/?ref=hl\",\"https:\\\/\\\/x.com\\\/LaGuiadPamplona\",\"https:\\\/\\\/www.instagram.com\\\/la_guia_de_pamplona\\\/\",\"https:\\\/\\\/www.youtube.com\\\/user\\\/laguiadepamplona\"]},{\"@type\":\"Person\",\"@id\":\"https:\\\/\\\/www.laguiadepamplona.com\\\/actualidad\\\/#\\\/schema\\\/person\\\/efe887376f0213d4657c93adc50b1fdb\",\"name\":\"La Gu\u00eda de Pamplona\",\"image\":{\"@type\":\"ImageObject\",\"inLanguage\":\"es\",\"@id\":\"https:\\\/\\\/secure.gravatar.com\\\/avatar\\\/b6992f131dc8d30ab0dff15446e9d346d9dbd95992de0fef795073f5ea83a81c?s=96&d=mm&r=g\",\"url\":\"https:\\\/\\\/secure.gravatar.com\\\/avatar\\\/b6992f131dc8d30ab0dff15446e9d346d9dbd95992de0fef795073f5ea83a81c?s=96&d=mm&r=g\",\"contentUrl\":\"https:\\\/\\\/secure.gravatar.com\\\/avatar\\\/b6992f131dc8d30ab0dff15446e9d346d9dbd95992de0fef795073f5ea83a81c?s=96&d=mm&r=g\",\"caption\":\"La Gu\u00eda de Pamplona\"}}]}<\/script>\n<!-- \/ Yoast SEO plugin. -->","yoast_head_json":{"title":"El Ayuntamiento mejora m\u00e1s de medio kil\u00f3metro de carriles bici en el barrio de Azpilaga\u00f1a","description":"Se ha mejorado la seguridad del tramo que discurre por la ronda de Azpilaga\u00f1a y se ha saneado el trazado del parque de la Vaguada","robots":{"index":"index","follow":"follow","max-snippet":"max-snippet:-1","max-image-preview":"max-image-preview:large","max-video-preview":"max-video-preview:-1"},"canonical":"https:\/\/www.laguiadepamplona.com\/actualidad\/el-ayuntamiento-mejora-mas-de-medio-kilometro-de-carriles-bici-en-el-barrio-de-azpilagana\/","og_locale":"es_ES","og_type":"article","og_title":"El Ayuntamiento mejora m\u00e1s de medio kil\u00f3metro de carriles bici en el barrio de Azpilaga\u00f1a","og_description":"Se ha mejorado la seguridad del tramo que discurre por la ronda de Azpilaga\u00f1a y se ha saneado el trazado del parque de la Vaguada","og_url":"https:\/\/www.laguiadepamplona.com\/actualidad\/el-ayuntamiento-mejora-mas-de-medio-kilometro-de-carriles-bici-en-el-barrio-de-azpilagana\/","og_site_name":"La Gu\u00eda de Pamplona","article_publisher":"https:\/\/www.facebook.com\/laguiadepamplonacom-133175176762273\/?ref=hl","article_published_time":"2021-12-07T12:37:49+00:00","article_modified_time":"2023-04-11T09:48:42+00:00","og_image":[{"width":1386,"height":1009,"url":"https:\/\/www.laguiadepamplona.com\/actualidad\/wp-content\/uploads\/2021\/11\/carril-bici_04_0.jpg","type":"image\/jpeg"}],"author":"La Gu\u00eda de Pamplona","twitter_card":"summary_large_image","twitter_creator":"@LaGuiadPamplona","twitter_site":"@LaGuiadPamplona","twitter_misc":{"Escrito por":"La Gu\u00eda de Pamplona","Tiempo de lectura":"3 minutos"},"schema":{"@context":"https:\/\/schema.org","@graph":[{"@type":"Article","@id":"https:\/\/www.laguiadepamplona.com\/actualidad\/el-ayuntamiento-mejora-mas-de-medio-kilometro-de-carriles-bici-en-el-barrio-de-azpilagana\/#article","isPartOf":{"@id":"https:\/\/www.laguiadepamplona.com\/actualidad\/el-ayuntamiento-mejora-mas-de-medio-kilometro-de-carriles-bici-en-el-barrio-de-azpilagana\/"},"author":{"name":"La Gu\u00eda de Pamplona","@id":"https:\/\/www.laguiadepamplona.com\/actualidad\/#\/schema\/person\/efe887376f0213d4657c93adc50b1fdb"},"headline":"El Ayuntamiento mejora m\u00e1s de medio kil\u00f3metro de carriles bici en el barrio de Azpilaga\u00f1a","datePublished":"2021-12-07T12:37:49+00:00","dateModified":"2023-04-11T09:48:42+00:00","mainEntityOfPage":{"@id":"https:\/\/www.laguiadepamplona.com\/actualidad\/el-ayuntamiento-mejora-mas-de-medio-kilometro-de-carriles-bici-en-el-barrio-de-azpilagana\/"},"wordCount":584,"commentCount":0,"publisher":{"@id":"https:\/\/www.laguiadepamplona.com\/actualidad\/#organization"},"image":{"@id":"https:\/\/www.laguiadepamplona.com\/actualidad\/el-ayuntamiento-mejora-mas-de-medio-kilometro-de-carriles-bici-en-el-barrio-de-azpilagana\/#primaryimage"},"thumbnailUrl":"https:\/\/www.laguiadepamplona.com\/actualidad\/wp-content\/uploads\/2021\/11\/carril-bici_04_0.jpg","articleSection":["Ayto Pamplona"],"inLanguage":"es","potentialAction":[{"@type":"CommentAction","name":"Comment","target":["https:\/\/www.laguiadepamplona.com\/actualidad\/el-ayuntamiento-mejora-mas-de-medio-kilometro-de-carriles-bici-en-el-barrio-de-azpilagana\/#respond"]}]},{"@type":"WebPage","@id":"https:\/\/www.laguiadepamplona.com\/actualidad\/el-ayuntamiento-mejora-mas-de-medio-kilometro-de-carriles-bici-en-el-barrio-de-azpilagana\/","url":"https:\/\/www.laguiadepamplona.com\/actualidad\/el-ayuntamiento-mejora-mas-de-medio-kilometro-de-carriles-bici-en-el-barrio-de-azpilagana\/","name":"El Ayuntamiento mejora m\u00e1s de medio kil\u00f3metro de carriles bici en el barrio de Azpilaga\u00f1a","isPartOf":{"@id":"https:\/\/www.laguiadepamplona.com\/actualidad\/#website"},"primaryImageOfPage":{"@id":"https:\/\/www.laguiadepamplona.com\/actualidad\/el-ayuntamiento-mejora-mas-de-medio-kilometro-de-carriles-bici-en-el-barrio-de-azpilagana\/#primaryimage"},"image":{"@id":"https:\/\/www.laguiadepamplona.com\/actualidad\/el-ayuntamiento-mejora-mas-de-medio-kilometro-de-carriles-bici-en-el-barrio-de-azpilagana\/#primaryimage"},"thumbnailUrl":"https:\/\/www.laguiadepamplona.com\/actualidad\/wp-content\/uploads\/2021\/11\/carril-bici_04_0.jpg","datePublished":"2021-12-07T12:37:49+00:00","dateModified":"2023-04-11T09:48:42+00:00","description":"Se ha mejorado la seguridad del tramo que discurre por la ronda de Azpilaga\u00f1a y se ha saneado el trazado del parque de la Vaguada","breadcrumb":{"@id":"https:\/\/www.laguiadepamplona.com\/actualidad\/el-ayuntamiento-mejora-mas-de-medio-kilometro-de-carriles-bici-en-el-barrio-de-azpilagana\/#breadcrumb"},"inLanguage":"es","potentialAction":[{"@type":"ReadAction","target":["https:\/\/www.laguiadepamplona.com\/actualidad\/el-ayuntamiento-mejora-mas-de-medio-kilometro-de-carriles-bici-en-el-barrio-de-azpilagana\/"]}]},{"@type":"ImageObject","inLanguage":"es","@id":"https:\/\/www.laguiadepamplona.com\/actualidad\/el-ayuntamiento-mejora-mas-de-medio-kilometro-de-carriles-bici-en-el-barrio-de-azpilagana\/#primaryimage","url":"https:\/\/www.laguiadepamplona.com\/actualidad\/wp-content\/uploads\/2021\/11\/carril-bici_04_0.jpg","contentUrl":"https:\/\/www.laguiadepamplona.com\/actualidad\/wp-content\/uploads\/2021\/11\/carril-bici_04_0.jpg","width":1386,"height":1009},{"@type":"BreadcrumbList","@id":"https:\/\/www.laguiadepamplona.com\/actualidad\/el-ayuntamiento-mejora-mas-de-medio-kilometro-de-carriles-bici-en-el-barrio-de-azpilagana\/#breadcrumb","itemListElement":[{"@type":"ListItem","position":1,"name":"Portada","item":"https:\/\/www.laguiadepamplona.com\/actualidad\/"},{"@type":"ListItem","position":2,"name":"El Ayuntamiento mejora m\u00e1s de medio kil\u00f3metro de carriles bici en el barrio de Azpilaga\u00f1a"}]},{"@type":"WebSite","@id":"https:\/\/www.laguiadepamplona.com\/actualidad\/#website","url":"https:\/\/www.laguiadepamplona.com\/actualidad\/","name":"La gu\u00eda de Pamplona","description":"Noticias de Pamplona","publisher":{"@id":"https:\/\/www.laguiadepamplona.com\/actualidad\/#organization"},"potentialAction":[{"@type":"SearchAction","target":{"@type":"EntryPoint","urlTemplate":"https:\/\/www.laguiadepamplona.com\/actualidad\/?s={search_term_string}"},"query-input":{"@type":"PropertyValueSpecification","valueRequired":true,"valueName":"search_term_string"}}],"inLanguage":"es"},{"@type":"Organization","@id":"https:\/\/www.laguiadepamplona.com\/actualidad\/#organization","name":"La Gu\u00eda de Pamplona \/ Noticias","url":"https:\/\/www.laguiadepamplona.com\/actualidad\/","logo":{"@type":"ImageObject","inLanguage":"es","@id":"https:\/\/www.laguiadepamplona.com\/actualidad\/#\/schema\/logo\/image\/","url":"https:\/\/www.laguiadepamplona.com\/actualidad\/wp-content\/uploads\/2018\/11\/logo-laguiadepamplona18-web1.png","contentUrl":"https:\/\/www.laguiadepamplona.com\/actualidad\/wp-content\/uploads\/2018\/11\/logo-laguiadepamplona18-web1.png","width":600,"height":196,"caption":"La Gu\u00eda de Pamplona \/ Noticias"},"image":{"@id":"https:\/\/www.laguiadepamplona.com\/actualidad\/#\/schema\/logo\/image\/"},"sameAs":["https:\/\/www.facebook.com\/laguiadepamplonacom-133175176762273\/?ref=hl","https:\/\/x.com\/LaGuiadPamplona","https:\/\/www.instagram.com\/la_guia_de_pamplona\/","https:\/\/www.youtube.com\/user\/laguiadepamplona"]},{"@type":"Person","@id":"https:\/\/www.laguiadepamplona.com\/actualidad\/#\/schema\/person\/efe887376f0213d4657c93adc50b1fdb","name":"La Gu\u00eda de Pamplona","image":{"@type":"ImageObject","inLanguage":"es","@id":"https:\/\/secure.gravatar.com\/avatar\/b6992f131dc8d30ab0dff15446e9d346d9dbd95992de0fef795073f5ea83a81c?s=96&d=mm&r=g","url":"https:\/\/secure.gravatar.com\/avatar\/b6992f131dc8d30ab0dff15446e9d346d9dbd95992de0fef795073f5ea83a81c?s=96&d=mm&r=g","contentUrl":"https:\/\/secure.gravatar.com\/avatar\/b6992f131dc8d30ab0dff15446e9d346d9dbd95992de0fef795073f5ea83a81c?s=96&d=mm&r=g","caption":"La Gu\u00eda de Pamplona"}}]}},"post_mailing_queue_ids":[],"_links":{"self":[{"href":"https:\/\/www.laguiadepamplona.com\/actualidad\/wp-json\/wp\/v2\/posts\/37840","targetHints":{"allow":["GET"]}}],"collection":[{"href":"https:\/\/www.laguiadepamplona.com\/actualidad\/wp-json\/wp\/v2\/posts"}],"about":[{"href":"https:\/\/www.laguiadepamplona.com\/actualidad\/wp-json\/wp\/v2\/types\/post"}],"author":[{"embeddable":true,"href":"https:\/\/www.laguiadepamplona.com\/actualidad\/wp-json\/wp\/v2\/users\/1"}],"replies":[{"embeddable":true,"href":"https:\/\/www.laguiadepamplona.com\/actualidad\/wp-json\/wp\/v2\/comments?post=37840"}],"version-history":[{"count":0,"href":"https:\/\/www.laguiadepamplona.com\/actualidad\/wp-json\/wp\/v2\/posts\/37840\/revisions"}],"wp:featuredmedia":[{"embeddable":true,"href":"https:\/\/www.laguiadepamplona.com\/actualidad\/wp-json\/wp\/v2\/media\/37387"}],"wp:attachment":[{"href":"https:\/\/www.laguiadepamplona.com\/actualidad\/wp-json\/wp\/v2\/media?parent=37840"}],"wp:term":[{"taxonomy":"category","embeddable":true,"href":"https:\/\/www.laguiadepamplona.com\/actualidad\/wp-json\/wp\/v2\/categories?post=37840"},{"taxonomy":"post_tag","embeddable":true,"href":"https:\/\/www.laguiadepamplona.com\/actualidad\/wp-json\/wp\/v2\/tags?post=37840"}],"curies":[{"name":"wp","href":"https:\/\/api.w.org\/{rel}","templated":true}]}}