{"id":37835,"date":"2021-12-02T18:55:38","date_gmt":"2021-12-02T16:55:38","guid":{"rendered":"https:\/\/www.laguiadepamplona.com\/actualidad\/?p=37835"},"modified":"2023-04-11T11:48:42","modified_gmt":"2023-04-11T09:48:42","slug":"teatro-con-la-obra-frankenstein-cuentacuentos-y-musica-y-talleres-artisticos-y-creativos-propuestas-de-la-red-civivox-para-publico-infantil-en-este-mes-de-diciembre-hasta-navidad","status":"publish","type":"post","link":"https:\/\/www.laguiadepamplona.com\/actualidad\/teatro-con-la-obra-frankenstein-cuentacuentos-y-musica-y-talleres-artisticos-y-creativos-propuestas-de-la-red-civivox-para-publico-infantil-en-este-mes-de-diciembre-hasta-navidad\/","title":{"rendered":"Teatro con la obra \u2018Frankenstein\u2019, cuentacuentos y m\u00fasica, y talleres art\u00edsticos y creativos, propuestas de la red Civivox para p\u00fablico infantil en este mes de diciembre hasta Navidad"},"content":{"rendered":"<h5>Todas las actividades, sean de pago o de entrada libre, requieren de inscripci\u00f3n previa en el 010, los civivox o <a href=\"http:\/\/www.pamplonaescultura.es\" target=\"_blank\" rel=\"noopener\">www.pamplonaescultura.es<\/a><\/h5>\n<p><!--more--><\/p>\n<p>La red Civivox programa para este mes de diciembre, hasta la Navidad, una docena de actividades dirigidas a p\u00fablico infantil. Teatro infantil y familiar con una versi\u00f3n del cl\u00e1sico \u2018Frankenstein\u2019, historias de Sarasate, cuentacuentos y m\u00fasica con Ameli &amp; Xirrikituen Jostunek y talleres art\u00edsticos, creativos e intergeneracionales conforman una programaci\u00f3n para diferentes edades. El teatro y los talleres tienen entradas con precios que oscilan entre los 2 y los 5 euros, que se pueden adquirir en el 010, la red Civivox y <a href=\"http:\/\/www.pamplonaescultura.es\" target=\"_blank\" rel=\"noopener\">www.pamplonaescultura.es<\/a>.<br \/>\n<script async src=\"\/\/pagead2.googlesyndication.com\/pagead\/js\/adsbygoogle.js\"><\/script><br \/>\n<!-- Noticias La Guia de Pamplona --><br \/>\n<ins class=\"adsbygoogle\"\nstyle=\"display:block\"\ndata-ad-client=\"ca-pub-6943679897239327\"\ndata-ad-slot=\"7048180777\"\ndata-ad-format=\"auto\"><\/ins><br \/>\n<script>\n(adsbygoogle = window.adsbygoogle || []).push({});\n<\/script><\/p>\n<p>El pr\u00f3ximo 11 de diciembre la compa\u00f1\u00eda Didau Antzerki Faktoria representar\u00e1 en Civivox Iturrama la obra \u2018Frankenstein\u2019. Teatro infantil y familiar, para mayores de 5 a\u00f1os, con una versi\u00f3n del m\u00edtico personaje de Mary Shelley. El monstruo de Frankenstein ha decidido vivir aislado en un lugar remoto, apartado de la sociedad, porque tiene miedo del efecto que causa en los dem\u00e1s. Vive en una chatarrer\u00eda rodeado de personajes que ha ido creando a partir de desechos y despojos de la chatarra\u2026 como \u00e9l. Hasta que un d\u00eda aparece \u2018YO\u2019 como un hurac\u00e1n del mundo exterior; loca, divertida, resuelta, creativa. Habr\u00e1 doble sesi\u00f3n, a las 12 horas en castellano y a las 18 horas en euskera, con entradas a la venta al precio de 3 euros. Se pueden adquirir en el 010, la red Civivox y <a href=\"http:\/\/www.pamplonaescultura.es\" target=\"_blank\" rel=\"noopener\">www.pamplonaescultura.es<\/a>.<\/p>\n<p>En estas semanas de diciembre, hasta Navidad, habr\u00e1 tambi\u00e9n citas con entrada libre. El 18 de diciembre en Civivox Jus la Rocha Ameli &amp; Xirrikituen Jostunek (Amaia e Irati) contar\u00e1n y cantar\u00e1n en euskera sus \u201cAmonaren istorioak\u201d, historias de una abuela m\u00e1gica y especial, que cada semana les mandaba una carta con cuentos y tradiciones de todo el mundo. Dirigido a p\u00fablico infantil mayor de 5 a\u00f1os, en compa\u00f1\u00eda de una persona adulta.<\/p>\n<p>El d\u00eda 23 Sergio de Andr\u00e9s volver\u00e1 con sus historias sobre Pablo Sarasate. \u2018Cuentos que te suenan\u2019 generar\u00e1 en la Sala Museo de Condestable dedicada al compositor y m\u00fasico pamplon\u00e9s historias y melod\u00edas que suenan a madera y cuerda, y que llevar\u00e1n al p\u00fablico (mayores de 4 a\u00f1os, en compa\u00f1\u00eda de una persona adulta) a narraciones de otro tiempo no muy lejano. Ambas actividades, con entrada libre, requieren de inscripci\u00f3n previa en el 010, los centros civivox o <a href=\"http:\/\/www.pamplonaescultura.es\" target=\"_blank\" rel=\"noopener\">www.pamplonaescultura.es<\/a>.<br \/>\n<script async src=\"\/\/pagead2.googlesyndication.com\/pagead\/js\/adsbygoogle.js\"><\/script><br \/>\n<!-- Noticias La Guia de Pamplona --><br \/>\n<ins class=\"adsbygoogle\"\nstyle=\"display:block\"\ndata-ad-client=\"ca-pub-6943679897239327\"\ndata-ad-slot=\"7048180777\"\ndata-ad-format=\"auto\"><\/ins><br \/>\n<script>\n(adsbygoogle = window.adsbygoogle || []).push({});\n<\/script><\/p>\n<p><strong>Talleres familiares, infantiles e intergeneracionales<\/strong><\/p>\n<p>Un mes m\u00e1s, la red Civivox programa talleres familiares, infantiles e intergeneracionales para p\u00fablico infantil adaptados a diferentes edades. Para beb\u00e9s de 24 a 36 meses se organizan los talleres \u2018Piececitos manchados, manitas pintoras\u2019 en Civivox Mendillorri. El 11 de diciembre se crear\u00e1 una masa suave y sedosa para crear \u2018Vainilla ice cream\u2019. El precio del taller es de 4 euros. Para menores de 4 a 6 a\u00f1os, denrto de los talleres de l\u00ednea evolutiva, habr\u00e1 un taller el 18 de diciembre, tambi\u00e9n en Civivox Mendillorri y con un precio de 4 euros, sobre las estaciones, el fr\u00edo y el invierno en el que se crear\u00e1n diferentes escenarios donde jugar y contar historias. Ambos talleres los impartir\u00e1 Elena Eraso, de Art&amp;Peques.<\/p>\n<p>Civivox Jus la Rocha acoger\u00e1 una sesi\u00f3n de laboratorio art\u00edstico en familia en euskera dedicado a Jackson Pollock. Tendr\u00e1 lugar el 18 de diciembre, dirigido a menores de 5 a 10 a\u00f1os y con Erkuden de Andr\u00e9s como responsable. El taller, con un precio de 4 euros, se adentrar\u00e1 en el mundo del <em>action painting<\/em>, investigando diferentes maneras de aplicar la pintura. El 10 de diciembre en Civivox Mendillorri el taller estar\u00e1 dirigido a hermanos o hermanas. \u2018Vuelos en color\u2019 propone fomentar las relaciones fraternales a trav\u00e9s del arte y los est\u00edmulos t\u00e1ctiles, auditivos y visuales. El precio del taller es de 5 euros.<br \/>\n<script async src=\"\/\/pagead2.googlesyndication.com\/pagead\/js\/adsbygoogle.js\"><\/script><br \/>\n<!-- Noticias La Guia de Pamplona --><br \/>\n<ins class=\"adsbygoogle\"\nstyle=\"display:block\"\ndata-ad-client=\"ca-pub-6943679897239327\"\ndata-ad-slot=\"7048180777\"\ndata-ad-format=\"auto\"><\/ins><br \/>\n<script>\n(adsbygoogle = window.adsbygoogle || []).push({});\n<\/script><\/p>\n<p>A partir de 6 a\u00f1os, la oferta se diversifica. En Condestable se organiza un taller de monotipia el 11 de diciembre dentro del espacio creativo infantil \u2018Rosa Tokyo\u2019 para descubrir esta curiosa t\u00e9cnica. El 18 de diciembre en Civivox San Jorge, en el espacio \u2018Verde Bali\u2019 se desarrollar\u00e1 el taller \u2018Colormix\u2019, en el que mezclar colores y realizar degradados y fundidos pintura acr\u00edlica sobre lienzo. Ambos los impartir\u00e1n Kaligramak y Art Cinco y tienen un precio de 2 euros. La arcilla polim\u00e9rica ser\u00e1 el reclamo del taller para crear adornos navide\u00f1os que Isabel Jaso, de Pompaeli, llevar\u00e1 a cabo el 17 de diciembre en Civivox Milagrosa. El coste de la inscripci\u00f3n, tambi\u00e9n 2 euros.<\/p>\n<p>Dentro de los talleres intergeneracionales, los d\u00edas 10 y 17 de diciembre, a las 17.30 horas en Civivox Iturrama, se han organizado sendas actividades para crear un calendario para el A\u00f1o Nuevo y para crear adornos navide\u00f1os. Estos talleres buscan compartir experiencias entre las ni\u00f1as y ni\u00f1os y sus abuelas y abuelos. Tienen un precio de 4 euros y van dirigidos a menores entre 6 y 12 a\u00f1os. Los imparte Diana Arboni\u00e9s, de La Crafetera.<\/p>\n","protected":false},"excerpt":{"rendered":"<p>Todas las actividades, sean de pago o de entrada libre, requieren de inscripci\u00f3n previa en el 010, los civivox o www.pamplonaescultura.es<\/p>\n","protected":false},"author":1,"featured_media":28184,"comment_status":"open","ping_status":"closed","sticky":false,"template":"","format":"standard","meta":{"footnotes":""},"categories":[2],"tags":[],"class_list":["post-37835","post","type-post","status-publish","format-standard","has-post-thumbnail","hentry","category-ayuntamiento-pamplona"],"yoast_head":"<!-- This site is optimized with the Yoast SEO plugin v27.3 - https:\/\/yoast.com\/product\/yoast-seo-wordpress\/ -->\n<title>Teatro con la obra \u2018Frankenstein\u2019, cuentacuentos y m\u00fasica, y talleres art\u00edsticos y creativos, propuestas de la red Civivox para p\u00fablico infantil en este mes de diciembre hasta Navidad<\/title>\n<meta name=\"description\" content=\"Todas las actividades, sean de pago o de entrada libre, requieren de inscripci\u00f3n previa en el 010, los civivox o www.pamplonaescultura.es\" \/>\n<meta name=\"robots\" content=\"index, follow, max-snippet:-1, max-image-preview:large, max-video-preview:-1\" \/>\n<link rel=\"canonical\" href=\"https:\/\/www.laguiadepamplona.com\/actualidad\/teatro-con-la-obra-frankenstein-cuentacuentos-y-musica-y-talleres-artisticos-y-creativos-propuestas-de-la-red-civivox-para-publico-infantil-en-este-mes-de-diciembre-hasta-navidad\/\" \/>\n<meta property=\"og:locale\" content=\"es_ES\" \/>\n<meta property=\"og:type\" content=\"article\" \/>\n<meta property=\"og:title\" content=\"Teatro con la obra \u2018Frankenstein\u2019, cuentacuentos y m\u00fasica, y talleres art\u00edsticos y creativos, propuestas de la red Civivox para p\u00fablico infantil en este mes de diciembre hasta Navidad\" \/>\n<meta property=\"og:description\" content=\"Todas las actividades, sean de pago o de entrada libre, requieren de inscripci\u00f3n previa en el 010, los civivox o www.pamplonaescultura.es\" \/>\n<meta property=\"og:url\" content=\"https:\/\/www.laguiadepamplona.com\/actualidad\/teatro-con-la-obra-frankenstein-cuentacuentos-y-musica-y-talleres-artisticos-y-creativos-propuestas-de-la-red-civivox-para-publico-infantil-en-este-mes-de-diciembre-hasta-navidad\/\" \/>\n<meta property=\"og:site_name\" content=\"La Gu\u00eda de Pamplona\" \/>\n<meta property=\"article:publisher\" content=\"https:\/\/www.facebook.com\/laguiadepamplonacom-133175176762273\/?ref=hl\" \/>\n<meta property=\"article:published_time\" content=\"2021-12-02T16:55:38+00:00\" \/>\n<meta property=\"article:modified_time\" content=\"2023-04-11T09:48:42+00:00\" \/>\n<meta property=\"og:image\" content=\"https:\/\/www.laguiadepamplona.com\/actualidad\/wp-content\/uploads\/2020\/02\/civivox-iturrama-2020.jpeg\" \/>\n\t<meta property=\"og:image:width\" content=\"1920\" \/>\n\t<meta property=\"og:image:height\" content=\"1187\" \/>\n\t<meta property=\"og:image:type\" content=\"image\/jpeg\" \/>\n<meta name=\"author\" content=\"La Gu\u00eda de Pamplona\" \/>\n<meta name=\"twitter:card\" content=\"summary_large_image\" \/>\n<meta name=\"twitter:creator\" content=\"@LaGuiadPamplona\" \/>\n<meta name=\"twitter:site\" content=\"@LaGuiadPamplona\" \/>\n<meta name=\"twitter:label1\" content=\"Escrito por\" \/>\n\t<meta name=\"twitter:data1\" content=\"La Gu\u00eda de Pamplona\" \/>\n\t<meta name=\"twitter:label2\" content=\"Tiempo de lectura\" \/>\n\t<meta name=\"twitter:data2\" content=\"4 minutos\" \/>\n<script type=\"application\/ld+json\" class=\"yoast-schema-graph\">{\"@context\":\"https:\\\/\\\/schema.org\",\"@graph\":[{\"@type\":\"Article\",\"@id\":\"https:\\\/\\\/www.laguiadepamplona.com\\\/actualidad\\\/teatro-con-la-obra-frankenstein-cuentacuentos-y-musica-y-talleres-artisticos-y-creativos-propuestas-de-la-red-civivox-para-publico-infantil-en-este-mes-de-diciembre-hasta-navidad\\\/#article\",\"isPartOf\":{\"@id\":\"https:\\\/\\\/www.laguiadepamplona.com\\\/actualidad\\\/teatro-con-la-obra-frankenstein-cuentacuentos-y-musica-y-talleres-artisticos-y-creativos-propuestas-de-la-red-civivox-para-publico-infantil-en-este-mes-de-diciembre-hasta-navidad\\\/\"},\"author\":{\"name\":\"La Gu\u00eda de Pamplona\",\"@id\":\"https:\\\/\\\/www.laguiadepamplona.com\\\/actualidad\\\/#\\\/schema\\\/person\\\/efe887376f0213d4657c93adc50b1fdb\"},\"headline\":\"Teatro con la obra \u2018Frankenstein\u2019, cuentacuentos y m\u00fasica, y talleres art\u00edsticos y creativos, propuestas de la red Civivox para p\u00fablico infantil en este mes de diciembre hasta Navidad\",\"datePublished\":\"2021-12-02T16:55:38+00:00\",\"dateModified\":\"2023-04-11T09:48:42+00:00\",\"mainEntityOfPage\":{\"@id\":\"https:\\\/\\\/www.laguiadepamplona.com\\\/actualidad\\\/teatro-con-la-obra-frankenstein-cuentacuentos-y-musica-y-talleres-artisticos-y-creativos-propuestas-de-la-red-civivox-para-publico-infantil-en-este-mes-de-diciembre-hasta-navidad\\\/\"},\"wordCount\":875,\"commentCount\":0,\"publisher\":{\"@id\":\"https:\\\/\\\/www.laguiadepamplona.com\\\/actualidad\\\/#organization\"},\"image\":{\"@id\":\"https:\\\/\\\/www.laguiadepamplona.com\\\/actualidad\\\/teatro-con-la-obra-frankenstein-cuentacuentos-y-musica-y-talleres-artisticos-y-creativos-propuestas-de-la-red-civivox-para-publico-infantil-en-este-mes-de-diciembre-hasta-navidad\\\/#primaryimage\"},\"thumbnailUrl\":\"https:\\\/\\\/www.laguiadepamplona.com\\\/actualidad\\\/wp-content\\\/uploads\\\/2020\\\/02\\\/civivox-iturrama-2020.jpeg\",\"articleSection\":[\"Ayto Pamplona\"],\"inLanguage\":\"es\",\"potentialAction\":[{\"@type\":\"CommentAction\",\"name\":\"Comment\",\"target\":[\"https:\\\/\\\/www.laguiadepamplona.com\\\/actualidad\\\/teatro-con-la-obra-frankenstein-cuentacuentos-y-musica-y-talleres-artisticos-y-creativos-propuestas-de-la-red-civivox-para-publico-infantil-en-este-mes-de-diciembre-hasta-navidad\\\/#respond\"]}]},{\"@type\":\"WebPage\",\"@id\":\"https:\\\/\\\/www.laguiadepamplona.com\\\/actualidad\\\/teatro-con-la-obra-frankenstein-cuentacuentos-y-musica-y-talleres-artisticos-y-creativos-propuestas-de-la-red-civivox-para-publico-infantil-en-este-mes-de-diciembre-hasta-navidad\\\/\",\"url\":\"https:\\\/\\\/www.laguiadepamplona.com\\\/actualidad\\\/teatro-con-la-obra-frankenstein-cuentacuentos-y-musica-y-talleres-artisticos-y-creativos-propuestas-de-la-red-civivox-para-publico-infantil-en-este-mes-de-diciembre-hasta-navidad\\\/\",\"name\":\"Teatro con la obra \u2018Frankenstein\u2019, cuentacuentos y m\u00fasica, y talleres art\u00edsticos y creativos, propuestas de la red Civivox para p\u00fablico infantil en este mes de diciembre hasta Navidad\",\"isPartOf\":{\"@id\":\"https:\\\/\\\/www.laguiadepamplona.com\\\/actualidad\\\/#website\"},\"primaryImageOfPage\":{\"@id\":\"https:\\\/\\\/www.laguiadepamplona.com\\\/actualidad\\\/teatro-con-la-obra-frankenstein-cuentacuentos-y-musica-y-talleres-artisticos-y-creativos-propuestas-de-la-red-civivox-para-publico-infantil-en-este-mes-de-diciembre-hasta-navidad\\\/#primaryimage\"},\"image\":{\"@id\":\"https:\\\/\\\/www.laguiadepamplona.com\\\/actualidad\\\/teatro-con-la-obra-frankenstein-cuentacuentos-y-musica-y-talleres-artisticos-y-creativos-propuestas-de-la-red-civivox-para-publico-infantil-en-este-mes-de-diciembre-hasta-navidad\\\/#primaryimage\"},\"thumbnailUrl\":\"https:\\\/\\\/www.laguiadepamplona.com\\\/actualidad\\\/wp-content\\\/uploads\\\/2020\\\/02\\\/civivox-iturrama-2020.jpeg\",\"datePublished\":\"2021-12-02T16:55:38+00:00\",\"dateModified\":\"2023-04-11T09:48:42+00:00\",\"description\":\"Todas las actividades, sean de pago o de entrada libre, requieren de inscripci\u00f3n previa en el 010, los civivox o www.pamplonaescultura.es\",\"breadcrumb\":{\"@id\":\"https:\\\/\\\/www.laguiadepamplona.com\\\/actualidad\\\/teatro-con-la-obra-frankenstein-cuentacuentos-y-musica-y-talleres-artisticos-y-creativos-propuestas-de-la-red-civivox-para-publico-infantil-en-este-mes-de-diciembre-hasta-navidad\\\/#breadcrumb\"},\"inLanguage\":\"es\",\"potentialAction\":[{\"@type\":\"ReadAction\",\"target\":[\"https:\\\/\\\/www.laguiadepamplona.com\\\/actualidad\\\/teatro-con-la-obra-frankenstein-cuentacuentos-y-musica-y-talleres-artisticos-y-creativos-propuestas-de-la-red-civivox-para-publico-infantil-en-este-mes-de-diciembre-hasta-navidad\\\/\"]}]},{\"@type\":\"ImageObject\",\"inLanguage\":\"es\",\"@id\":\"https:\\\/\\\/www.laguiadepamplona.com\\\/actualidad\\\/teatro-con-la-obra-frankenstein-cuentacuentos-y-musica-y-talleres-artisticos-y-creativos-propuestas-de-la-red-civivox-para-publico-infantil-en-este-mes-de-diciembre-hasta-navidad\\\/#primaryimage\",\"url\":\"https:\\\/\\\/www.laguiadepamplona.com\\\/actualidad\\\/wp-content\\\/uploads\\\/2020\\\/02\\\/civivox-iturrama-2020.jpeg\",\"contentUrl\":\"https:\\\/\\\/www.laguiadepamplona.com\\\/actualidad\\\/wp-content\\\/uploads\\\/2020\\\/02\\\/civivox-iturrama-2020.jpeg\",\"width\":1920,\"height\":1187,\"caption\":\"dav\"},{\"@type\":\"BreadcrumbList\",\"@id\":\"https:\\\/\\\/www.laguiadepamplona.com\\\/actualidad\\\/teatro-con-la-obra-frankenstein-cuentacuentos-y-musica-y-talleres-artisticos-y-creativos-propuestas-de-la-red-civivox-para-publico-infantil-en-este-mes-de-diciembre-hasta-navidad\\\/#breadcrumb\",\"itemListElement\":[{\"@type\":\"ListItem\",\"position\":1,\"name\":\"Portada\",\"item\":\"https:\\\/\\\/www.laguiadepamplona.com\\\/actualidad\\\/\"},{\"@type\":\"ListItem\",\"position\":2,\"name\":\"Teatro con la obra \u2018Frankenstein\u2019, cuentacuentos y m\u00fasica, y talleres art\u00edsticos y creativos, propuestas de la red Civivox para p\u00fablico infantil en este mes de diciembre hasta Navidad\"}]},{\"@type\":\"WebSite\",\"@id\":\"https:\\\/\\\/www.laguiadepamplona.com\\\/actualidad\\\/#website\",\"url\":\"https:\\\/\\\/www.laguiadepamplona.com\\\/actualidad\\\/\",\"name\":\"La gu\u00eda de Pamplona\",\"description\":\"Noticias de Pamplona\",\"publisher\":{\"@id\":\"https:\\\/\\\/www.laguiadepamplona.com\\\/actualidad\\\/#organization\"},\"potentialAction\":[{\"@type\":\"SearchAction\",\"target\":{\"@type\":\"EntryPoint\",\"urlTemplate\":\"https:\\\/\\\/www.laguiadepamplona.com\\\/actualidad\\\/?s={search_term_string}\"},\"query-input\":{\"@type\":\"PropertyValueSpecification\",\"valueRequired\":true,\"valueName\":\"search_term_string\"}}],\"inLanguage\":\"es\"},{\"@type\":\"Organization\",\"@id\":\"https:\\\/\\\/www.laguiadepamplona.com\\\/actualidad\\\/#organization\",\"name\":\"La Gu\u00eda de Pamplona \\\/ Noticias\",\"url\":\"https:\\\/\\\/www.laguiadepamplona.com\\\/actualidad\\\/\",\"logo\":{\"@type\":\"ImageObject\",\"inLanguage\":\"es\",\"@id\":\"https:\\\/\\\/www.laguiadepamplona.com\\\/actualidad\\\/#\\\/schema\\\/logo\\\/image\\\/\",\"url\":\"https:\\\/\\\/www.laguiadepamplona.com\\\/actualidad\\\/wp-content\\\/uploads\\\/2018\\\/11\\\/logo-laguiadepamplona18-web1.png\",\"contentUrl\":\"https:\\\/\\\/www.laguiadepamplona.com\\\/actualidad\\\/wp-content\\\/uploads\\\/2018\\\/11\\\/logo-laguiadepamplona18-web1.png\",\"width\":600,\"height\":196,\"caption\":\"La Gu\u00eda de Pamplona \\\/ Noticias\"},\"image\":{\"@id\":\"https:\\\/\\\/www.laguiadepamplona.com\\\/actualidad\\\/#\\\/schema\\\/logo\\\/image\\\/\"},\"sameAs\":[\"https:\\\/\\\/www.facebook.com\\\/laguiadepamplonacom-133175176762273\\\/?ref=hl\",\"https:\\\/\\\/x.com\\\/LaGuiadPamplona\",\"https:\\\/\\\/www.instagram.com\\\/la_guia_de_pamplona\\\/\",\"https:\\\/\\\/www.youtube.com\\\/user\\\/laguiadepamplona\"]},{\"@type\":\"Person\",\"@id\":\"https:\\\/\\\/www.laguiadepamplona.com\\\/actualidad\\\/#\\\/schema\\\/person\\\/efe887376f0213d4657c93adc50b1fdb\",\"name\":\"La Gu\u00eda de Pamplona\",\"image\":{\"@type\":\"ImageObject\",\"inLanguage\":\"es\",\"@id\":\"https:\\\/\\\/secure.gravatar.com\\\/avatar\\\/b6992f131dc8d30ab0dff15446e9d346d9dbd95992de0fef795073f5ea83a81c?s=96&d=mm&r=g\",\"url\":\"https:\\\/\\\/secure.gravatar.com\\\/avatar\\\/b6992f131dc8d30ab0dff15446e9d346d9dbd95992de0fef795073f5ea83a81c?s=96&d=mm&r=g\",\"contentUrl\":\"https:\\\/\\\/secure.gravatar.com\\\/avatar\\\/b6992f131dc8d30ab0dff15446e9d346d9dbd95992de0fef795073f5ea83a81c?s=96&d=mm&r=g\",\"caption\":\"La Gu\u00eda de Pamplona\"}}]}<\/script>\n<!-- \/ Yoast SEO plugin. -->","yoast_head_json":{"title":"Teatro con la obra \u2018Frankenstein\u2019, cuentacuentos y m\u00fasica, y talleres art\u00edsticos y creativos, propuestas de la red Civivox para p\u00fablico infantil en este mes de diciembre hasta Navidad","description":"Todas las actividades, sean de pago o de entrada libre, requieren de inscripci\u00f3n previa en el 010, los civivox o www.pamplonaescultura.es","robots":{"index":"index","follow":"follow","max-snippet":"max-snippet:-1","max-image-preview":"max-image-preview:large","max-video-preview":"max-video-preview:-1"},"canonical":"https:\/\/www.laguiadepamplona.com\/actualidad\/teatro-con-la-obra-frankenstein-cuentacuentos-y-musica-y-talleres-artisticos-y-creativos-propuestas-de-la-red-civivox-para-publico-infantil-en-este-mes-de-diciembre-hasta-navidad\/","og_locale":"es_ES","og_type":"article","og_title":"Teatro con la obra \u2018Frankenstein\u2019, cuentacuentos y m\u00fasica, y talleres art\u00edsticos y creativos, propuestas de la red Civivox para p\u00fablico infantil en este mes de diciembre hasta Navidad","og_description":"Todas las actividades, sean de pago o de entrada libre, requieren de inscripci\u00f3n previa en el 010, los civivox o www.pamplonaescultura.es","og_url":"https:\/\/www.laguiadepamplona.com\/actualidad\/teatro-con-la-obra-frankenstein-cuentacuentos-y-musica-y-talleres-artisticos-y-creativos-propuestas-de-la-red-civivox-para-publico-infantil-en-este-mes-de-diciembre-hasta-navidad\/","og_site_name":"La Gu\u00eda de Pamplona","article_publisher":"https:\/\/www.facebook.com\/laguiadepamplonacom-133175176762273\/?ref=hl","article_published_time":"2021-12-02T16:55:38+00:00","article_modified_time":"2023-04-11T09:48:42+00:00","og_image":[{"width":1920,"height":1187,"url":"https:\/\/www.laguiadepamplona.com\/actualidad\/wp-content\/uploads\/2020\/02\/civivox-iturrama-2020.jpeg","type":"image\/jpeg"}],"author":"La Gu\u00eda de Pamplona","twitter_card":"summary_large_image","twitter_creator":"@LaGuiadPamplona","twitter_site":"@LaGuiadPamplona","twitter_misc":{"Escrito por":"La Gu\u00eda de Pamplona","Tiempo de lectura":"4 minutos"},"schema":{"@context":"https:\/\/schema.org","@graph":[{"@type":"Article","@id":"https:\/\/www.laguiadepamplona.com\/actualidad\/teatro-con-la-obra-frankenstein-cuentacuentos-y-musica-y-talleres-artisticos-y-creativos-propuestas-de-la-red-civivox-para-publico-infantil-en-este-mes-de-diciembre-hasta-navidad\/#article","isPartOf":{"@id":"https:\/\/www.laguiadepamplona.com\/actualidad\/teatro-con-la-obra-frankenstein-cuentacuentos-y-musica-y-talleres-artisticos-y-creativos-propuestas-de-la-red-civivox-para-publico-infantil-en-este-mes-de-diciembre-hasta-navidad\/"},"author":{"name":"La Gu\u00eda de Pamplona","@id":"https:\/\/www.laguiadepamplona.com\/actualidad\/#\/schema\/person\/efe887376f0213d4657c93adc50b1fdb"},"headline":"Teatro con la obra \u2018Frankenstein\u2019, cuentacuentos y m\u00fasica, y talleres art\u00edsticos y creativos, propuestas de la red Civivox para p\u00fablico infantil en este mes de diciembre hasta Navidad","datePublished":"2021-12-02T16:55:38+00:00","dateModified":"2023-04-11T09:48:42+00:00","mainEntityOfPage":{"@id":"https:\/\/www.laguiadepamplona.com\/actualidad\/teatro-con-la-obra-frankenstein-cuentacuentos-y-musica-y-talleres-artisticos-y-creativos-propuestas-de-la-red-civivox-para-publico-infantil-en-este-mes-de-diciembre-hasta-navidad\/"},"wordCount":875,"commentCount":0,"publisher":{"@id":"https:\/\/www.laguiadepamplona.com\/actualidad\/#organization"},"image":{"@id":"https:\/\/www.laguiadepamplona.com\/actualidad\/teatro-con-la-obra-frankenstein-cuentacuentos-y-musica-y-talleres-artisticos-y-creativos-propuestas-de-la-red-civivox-para-publico-infantil-en-este-mes-de-diciembre-hasta-navidad\/#primaryimage"},"thumbnailUrl":"https:\/\/www.laguiadepamplona.com\/actualidad\/wp-content\/uploads\/2020\/02\/civivox-iturrama-2020.jpeg","articleSection":["Ayto Pamplona"],"inLanguage":"es","potentialAction":[{"@type":"CommentAction","name":"Comment","target":["https:\/\/www.laguiadepamplona.com\/actualidad\/teatro-con-la-obra-frankenstein-cuentacuentos-y-musica-y-talleres-artisticos-y-creativos-propuestas-de-la-red-civivox-para-publico-infantil-en-este-mes-de-diciembre-hasta-navidad\/#respond"]}]},{"@type":"WebPage","@id":"https:\/\/www.laguiadepamplona.com\/actualidad\/teatro-con-la-obra-frankenstein-cuentacuentos-y-musica-y-talleres-artisticos-y-creativos-propuestas-de-la-red-civivox-para-publico-infantil-en-este-mes-de-diciembre-hasta-navidad\/","url":"https:\/\/www.laguiadepamplona.com\/actualidad\/teatro-con-la-obra-frankenstein-cuentacuentos-y-musica-y-talleres-artisticos-y-creativos-propuestas-de-la-red-civivox-para-publico-infantil-en-este-mes-de-diciembre-hasta-navidad\/","name":"Teatro con la obra \u2018Frankenstein\u2019, cuentacuentos y m\u00fasica, y talleres art\u00edsticos y creativos, propuestas de la red Civivox para p\u00fablico infantil en este mes de diciembre hasta Navidad","isPartOf":{"@id":"https:\/\/www.laguiadepamplona.com\/actualidad\/#website"},"primaryImageOfPage":{"@id":"https:\/\/www.laguiadepamplona.com\/actualidad\/teatro-con-la-obra-frankenstein-cuentacuentos-y-musica-y-talleres-artisticos-y-creativos-propuestas-de-la-red-civivox-para-publico-infantil-en-este-mes-de-diciembre-hasta-navidad\/#primaryimage"},"image":{"@id":"https:\/\/www.laguiadepamplona.com\/actualidad\/teatro-con-la-obra-frankenstein-cuentacuentos-y-musica-y-talleres-artisticos-y-creativos-propuestas-de-la-red-civivox-para-publico-infantil-en-este-mes-de-diciembre-hasta-navidad\/#primaryimage"},"thumbnailUrl":"https:\/\/www.laguiadepamplona.com\/actualidad\/wp-content\/uploads\/2020\/02\/civivox-iturrama-2020.jpeg","datePublished":"2021-12-02T16:55:38+00:00","dateModified":"2023-04-11T09:48:42+00:00","description":"Todas las actividades, sean de pago o de entrada libre, requieren de inscripci\u00f3n previa en el 010, los civivox o www.pamplonaescultura.es","breadcrumb":{"@id":"https:\/\/www.laguiadepamplona.com\/actualidad\/teatro-con-la-obra-frankenstein-cuentacuentos-y-musica-y-talleres-artisticos-y-creativos-propuestas-de-la-red-civivox-para-publico-infantil-en-este-mes-de-diciembre-hasta-navidad\/#breadcrumb"},"inLanguage":"es","potentialAction":[{"@type":"ReadAction","target":["https:\/\/www.laguiadepamplona.com\/actualidad\/teatro-con-la-obra-frankenstein-cuentacuentos-y-musica-y-talleres-artisticos-y-creativos-propuestas-de-la-red-civivox-para-publico-infantil-en-este-mes-de-diciembre-hasta-navidad\/"]}]},{"@type":"ImageObject","inLanguage":"es","@id":"https:\/\/www.laguiadepamplona.com\/actualidad\/teatro-con-la-obra-frankenstein-cuentacuentos-y-musica-y-talleres-artisticos-y-creativos-propuestas-de-la-red-civivox-para-publico-infantil-en-este-mes-de-diciembre-hasta-navidad\/#primaryimage","url":"https:\/\/www.laguiadepamplona.com\/actualidad\/wp-content\/uploads\/2020\/02\/civivox-iturrama-2020.jpeg","contentUrl":"https:\/\/www.laguiadepamplona.com\/actualidad\/wp-content\/uploads\/2020\/02\/civivox-iturrama-2020.jpeg","width":1920,"height":1187,"caption":"dav"},{"@type":"BreadcrumbList","@id":"https:\/\/www.laguiadepamplona.com\/actualidad\/teatro-con-la-obra-frankenstein-cuentacuentos-y-musica-y-talleres-artisticos-y-creativos-propuestas-de-la-red-civivox-para-publico-infantil-en-este-mes-de-diciembre-hasta-navidad\/#breadcrumb","itemListElement":[{"@type":"ListItem","position":1,"name":"Portada","item":"https:\/\/www.laguiadepamplona.com\/actualidad\/"},{"@type":"ListItem","position":2,"name":"Teatro con la obra \u2018Frankenstein\u2019, cuentacuentos y m\u00fasica, y talleres art\u00edsticos y creativos, propuestas de la red Civivox para p\u00fablico infantil en este mes de diciembre hasta Navidad"}]},{"@type":"WebSite","@id":"https:\/\/www.laguiadepamplona.com\/actualidad\/#website","url":"https:\/\/www.laguiadepamplona.com\/actualidad\/","name":"La gu\u00eda de Pamplona","description":"Noticias de Pamplona","publisher":{"@id":"https:\/\/www.laguiadepamplona.com\/actualidad\/#organization"},"potentialAction":[{"@type":"SearchAction","target":{"@type":"EntryPoint","urlTemplate":"https:\/\/www.laguiadepamplona.com\/actualidad\/?s={search_term_string}"},"query-input":{"@type":"PropertyValueSpecification","valueRequired":true,"valueName":"search_term_string"}}],"inLanguage":"es"},{"@type":"Organization","@id":"https:\/\/www.laguiadepamplona.com\/actualidad\/#organization","name":"La Gu\u00eda de Pamplona \/ Noticias","url":"https:\/\/www.laguiadepamplona.com\/actualidad\/","logo":{"@type":"ImageObject","inLanguage":"es","@id":"https:\/\/www.laguiadepamplona.com\/actualidad\/#\/schema\/logo\/image\/","url":"https:\/\/www.laguiadepamplona.com\/actualidad\/wp-content\/uploads\/2018\/11\/logo-laguiadepamplona18-web1.png","contentUrl":"https:\/\/www.laguiadepamplona.com\/actualidad\/wp-content\/uploads\/2018\/11\/logo-laguiadepamplona18-web1.png","width":600,"height":196,"caption":"La Gu\u00eda de Pamplona \/ Noticias"},"image":{"@id":"https:\/\/www.laguiadepamplona.com\/actualidad\/#\/schema\/logo\/image\/"},"sameAs":["https:\/\/www.facebook.com\/laguiadepamplonacom-133175176762273\/?ref=hl","https:\/\/x.com\/LaGuiadPamplona","https:\/\/www.instagram.com\/la_guia_de_pamplona\/","https:\/\/www.youtube.com\/user\/laguiadepamplona"]},{"@type":"Person","@id":"https:\/\/www.laguiadepamplona.com\/actualidad\/#\/schema\/person\/efe887376f0213d4657c93adc50b1fdb","name":"La Gu\u00eda de Pamplona","image":{"@type":"ImageObject","inLanguage":"es","@id":"https:\/\/secure.gravatar.com\/avatar\/b6992f131dc8d30ab0dff15446e9d346d9dbd95992de0fef795073f5ea83a81c?s=96&d=mm&r=g","url":"https:\/\/secure.gravatar.com\/avatar\/b6992f131dc8d30ab0dff15446e9d346d9dbd95992de0fef795073f5ea83a81c?s=96&d=mm&r=g","contentUrl":"https:\/\/secure.gravatar.com\/avatar\/b6992f131dc8d30ab0dff15446e9d346d9dbd95992de0fef795073f5ea83a81c?s=96&d=mm&r=g","caption":"La Gu\u00eda de Pamplona"}}]}},"post_mailing_queue_ids":[],"_links":{"self":[{"href":"https:\/\/www.laguiadepamplona.com\/actualidad\/wp-json\/wp\/v2\/posts\/37835","targetHints":{"allow":["GET"]}}],"collection":[{"href":"https:\/\/www.laguiadepamplona.com\/actualidad\/wp-json\/wp\/v2\/posts"}],"about":[{"href":"https:\/\/www.laguiadepamplona.com\/actualidad\/wp-json\/wp\/v2\/types\/post"}],"author":[{"embeddable":true,"href":"https:\/\/www.laguiadepamplona.com\/actualidad\/wp-json\/wp\/v2\/users\/1"}],"replies":[{"embeddable":true,"href":"https:\/\/www.laguiadepamplona.com\/actualidad\/wp-json\/wp\/v2\/comments?post=37835"}],"version-history":[{"count":0,"href":"https:\/\/www.laguiadepamplona.com\/actualidad\/wp-json\/wp\/v2\/posts\/37835\/revisions"}],"wp:featuredmedia":[{"embeddable":true,"href":"https:\/\/www.laguiadepamplona.com\/actualidad\/wp-json\/wp\/v2\/media\/28184"}],"wp:attachment":[{"href":"https:\/\/www.laguiadepamplona.com\/actualidad\/wp-json\/wp\/v2\/media?parent=37835"}],"wp:term":[{"taxonomy":"category","embeddable":true,"href":"https:\/\/www.laguiadepamplona.com\/actualidad\/wp-json\/wp\/v2\/categories?post=37835"},{"taxonomy":"post_tag","embeddable":true,"href":"https:\/\/www.laguiadepamplona.com\/actualidad\/wp-json\/wp\/v2\/tags?post=37835"}],"curies":[{"name":"wp","href":"https:\/\/api.w.org\/{rel}","templated":true}]}}