{"id":37832,"date":"2021-12-02T18:53:36","date_gmt":"2021-12-02T16:53:36","guid":{"rendered":"https:\/\/www.laguiadepamplona.com\/actualidad\/?p=37832"},"modified":"2023-04-11T11:48:42","modified_gmt":"2023-04-11T09:48:42","slug":"pamplona-actualiza-las-jardineras-de-la-avenida-carlos-iii-de-la-mano-de-la-escuela-taller","status":"publish","type":"post","link":"https:\/\/www.laguiadepamplona.com\/actualidad\/pamplona-actualiza-las-jardineras-de-la-avenida-carlos-iii-de-la-mano-de-la-escuela-taller\/","title":{"rendered":"Pamplona actualiza las jardineras de la avenida Carlos III de la mano de la Escuela Taller"},"content":{"rendered":"<h5>A lo largo de esta semana, se sustituir\u00e1n las actuales, de hormig\u00f3n, por un total de 34 jardineras de acero corten<\/h5>\n<p><!--more--><\/p>\n<p>El \u00c1rea de Conservaci\u00f3n Urbana del Ayuntamiento de Pamplona, en colaboraci\u00f3n con la Escuela Taller Aranzadi, sustituir\u00e1 a lo largo de esta semana las actuales jardineras de piedra garbancillo ubicadas en la avenida Carlos III por otras de acero corten. En total, ser\u00e1n 34 nuevas jardineras, que se instalar\u00e1n en la confluencia de la avenida con las calles Cortes de Navarra y San Ferm\u00edn, y las plazas de Merindades y de la Libertad, adem\u00e1s de frente al Palacio de Navarra.<br \/>\n<script async src=\"\/\/pagead2.googlesyndication.com\/pagead\/js\/adsbygoogle.js\"><\/script><br \/>\n<!-- Noticias La Guia de Pamplona --><br \/>\n<ins class=\"adsbygoogle\"\nstyle=\"display:block\"\ndata-ad-client=\"ca-pub-6943679897239327\"\ndata-ad-slot=\"7048180777\"\ndata-ad-format=\"auto\"><\/ins><br \/>\n<script>\n(adsbygoogle = window.adsbygoogle || []).push({});\n<\/script><\/p>\n<p>Las nuevas jardineras han sido construidas en acero corten por el alumnado de soldadura de la Escuela Taller. Habr\u00e1 diez de dise\u00f1o cuadrado, de 1,20 por 1,20 metros, y otros 24 rectangulares, que tendr\u00e1n 1,5 metros de largo por 70 cent\u00edmetros de ancho. Adem\u00e1s, el Servicio de Zonas Verdes se ha encargado del paisajismo.<\/p>\n<p>La retirada de las antiguas jardineras, que presentaban un aspecto deteriorado por el paso de los a\u00f1os, comenz\u00f3 ayer, martes, y se prolongar\u00e1 a lo largo del d\u00eda de hoy y de ma\u00f1ana. Las nuevas jardineras mejoran notablemente el aspecto ornamental que prestan estos elementos e incrementan la presencia de vegetaci\u00f3n en la ciudad. Adem\u00e1s, conservar\u00e1n la funci\u00f3n de seguridad ciudadana, al bloquear el acceso del tr\u00e1fico rodado a esta avenida peatonal.<br \/>\n<script async src=\"\/\/pagead2.googlesyndication.com\/pagead\/js\/adsbygoogle.js\"><\/script><br \/>\n<!-- Noticias La Guia de Pamplona --><br \/>\n<ins class=\"adsbygoogle\"\nstyle=\"display:block\"\ndata-ad-client=\"ca-pub-6943679897239327\"\ndata-ad-slot=\"7048180777\"\ndata-ad-format=\"auto\"><\/ins><br \/>\n<script>\n(adsbygoogle = window.adsbygoogle || []).push({});\n<\/script><\/p>\n<p><strong>M\u00e1s de 400 plantas<\/strong><\/p>\n<p>La selecci\u00f3n de plantas y flores que adornar\u00e1n las jardineras ha sido realizada por el Servicio de Zonas Verdes del Ayuntamiento. En concreto, se han destinado m\u00e1s de 400 plantas, de diversas especies, para rellenar las jardineras, junto con 22 metros c\u00fabicos de sustrato.<\/p>\n<p>Se usar\u00e1n preferente plantas y arbustos perennes o semiperennes, como la abelia postrata, la agapanthus &#8216;Silver Baby&#8217;, romero de porte rastrero o tuya variedad esmeralda, entre otras, a las que se suman plantas de flor como Callistemon laevis, de flor roja en forma de cepillo; la knifofia uvaria; o la heuchera. En total, m\u00e1s de una veintena de especies distintas, que se combinar\u00e1n para dar color a las jardineras.<\/p>\n","protected":false},"excerpt":{"rendered":"<p>A lo largo de esta semana, se sustituir\u00e1n las actuales, de hormig\u00f3n, por un total de 34 jardineras de acero corten<\/p>\n","protected":false},"author":1,"featured_media":37833,"comment_status":"open","ping_status":"closed","sticky":false,"template":"","format":"standard","meta":{"footnotes":""},"categories":[2],"tags":[],"class_list":["post-37832","post","type-post","status-publish","format-standard","has-post-thumbnail","hentry","category-ayuntamiento-pamplona"],"yoast_head":"<!-- This site is optimized with the Yoast SEO plugin v27.3 - https:\/\/yoast.com\/product\/yoast-seo-wordpress\/ -->\n<title>Pamplona actualiza las jardineras de la avenida Carlos III de la mano de la Escuela Taller<\/title>\n<meta name=\"description\" content=\"A lo largo de esta semana, se sustituir\u00e1n las actuales, de hormig\u00f3n, por un total de 34 jardineras de acero corten\" \/>\n<meta name=\"robots\" content=\"index, follow, max-snippet:-1, max-image-preview:large, max-video-preview:-1\" \/>\n<link rel=\"canonical\" href=\"https:\/\/www.laguiadepamplona.com\/actualidad\/pamplona-actualiza-las-jardineras-de-la-avenida-carlos-iii-de-la-mano-de-la-escuela-taller\/\" \/>\n<meta property=\"og:locale\" content=\"es_ES\" \/>\n<meta property=\"og:type\" content=\"article\" \/>\n<meta property=\"og:title\" content=\"Pamplona actualiza las jardineras de la avenida Carlos III de la mano de la Escuela Taller\" \/>\n<meta property=\"og:description\" content=\"A lo largo de esta semana, se sustituir\u00e1n las actuales, de hormig\u00f3n, por un total de 34 jardineras de acero corten\" \/>\n<meta property=\"og:url\" content=\"https:\/\/www.laguiadepamplona.com\/actualidad\/pamplona-actualiza-las-jardineras-de-la-avenida-carlos-iii-de-la-mano-de-la-escuela-taller\/\" \/>\n<meta property=\"og:site_name\" content=\"La Gu\u00eda de Pamplona\" \/>\n<meta property=\"article:publisher\" content=\"https:\/\/www.facebook.com\/laguiadepamplonacom-133175176762273\/?ref=hl\" \/>\n<meta property=\"article:published_time\" content=\"2021-12-02T16:53:36+00:00\" \/>\n<meta property=\"article:modified_time\" content=\"2023-04-11T09:48:42+00:00\" \/>\n<meta property=\"og:image\" content=\"https:\/\/www.laguiadepamplona.com\/actualidad\/wp-content\/uploads\/2021\/12\/carlos-III-pamplona.jpg\" \/>\n\t<meta property=\"og:image:width\" content=\"1600\" \/>\n\t<meta property=\"og:image:height\" content=\"1200\" \/>\n\t<meta property=\"og:image:type\" content=\"image\/jpeg\" \/>\n<meta name=\"author\" content=\"La Gu\u00eda de Pamplona\" \/>\n<meta name=\"twitter:card\" content=\"summary_large_image\" \/>\n<meta name=\"twitter:creator\" content=\"@LaGuiadPamplona\" \/>\n<meta name=\"twitter:site\" content=\"@LaGuiadPamplona\" \/>\n<meta name=\"twitter:label1\" content=\"Escrito por\" \/>\n\t<meta name=\"twitter:data1\" content=\"La Gu\u00eda de Pamplona\" \/>\n\t<meta name=\"twitter:label2\" content=\"Tiempo de lectura\" \/>\n\t<meta name=\"twitter:data2\" content=\"2 minutos\" \/>\n<script type=\"application\/ld+json\" class=\"yoast-schema-graph\">{\"@context\":\"https:\\\/\\\/schema.org\",\"@graph\":[{\"@type\":\"Article\",\"@id\":\"https:\\\/\\\/www.laguiadepamplona.com\\\/actualidad\\\/pamplona-actualiza-las-jardineras-de-la-avenida-carlos-iii-de-la-mano-de-la-escuela-taller\\\/#article\",\"isPartOf\":{\"@id\":\"https:\\\/\\\/www.laguiadepamplona.com\\\/actualidad\\\/pamplona-actualiza-las-jardineras-de-la-avenida-carlos-iii-de-la-mano-de-la-escuela-taller\\\/\"},\"author\":{\"name\":\"La Gu\u00eda de Pamplona\",\"@id\":\"https:\\\/\\\/www.laguiadepamplona.com\\\/actualidad\\\/#\\\/schema\\\/person\\\/efe887376f0213d4657c93adc50b1fdb\"},\"headline\":\"Pamplona actualiza las jardineras de la avenida Carlos III de la mano de la Escuela Taller\",\"datePublished\":\"2021-12-02T16:53:36+00:00\",\"dateModified\":\"2023-04-11T09:48:42+00:00\",\"mainEntityOfPage\":{\"@id\":\"https:\\\/\\\/www.laguiadepamplona.com\\\/actualidad\\\/pamplona-actualiza-las-jardineras-de-la-avenida-carlos-iii-de-la-mano-de-la-escuela-taller\\\/\"},\"wordCount\":378,\"commentCount\":0,\"publisher\":{\"@id\":\"https:\\\/\\\/www.laguiadepamplona.com\\\/actualidad\\\/#organization\"},\"image\":{\"@id\":\"https:\\\/\\\/www.laguiadepamplona.com\\\/actualidad\\\/pamplona-actualiza-las-jardineras-de-la-avenida-carlos-iii-de-la-mano-de-la-escuela-taller\\\/#primaryimage\"},\"thumbnailUrl\":\"https:\\\/\\\/www.laguiadepamplona.com\\\/actualidad\\\/wp-content\\\/uploads\\\/2021\\\/12\\\/carlos-III-pamplona.jpg\",\"articleSection\":[\"Ayto Pamplona\"],\"inLanguage\":\"es\",\"potentialAction\":[{\"@type\":\"CommentAction\",\"name\":\"Comment\",\"target\":[\"https:\\\/\\\/www.laguiadepamplona.com\\\/actualidad\\\/pamplona-actualiza-las-jardineras-de-la-avenida-carlos-iii-de-la-mano-de-la-escuela-taller\\\/#respond\"]}]},{\"@type\":\"WebPage\",\"@id\":\"https:\\\/\\\/www.laguiadepamplona.com\\\/actualidad\\\/pamplona-actualiza-las-jardineras-de-la-avenida-carlos-iii-de-la-mano-de-la-escuela-taller\\\/\",\"url\":\"https:\\\/\\\/www.laguiadepamplona.com\\\/actualidad\\\/pamplona-actualiza-las-jardineras-de-la-avenida-carlos-iii-de-la-mano-de-la-escuela-taller\\\/\",\"name\":\"Pamplona actualiza las jardineras de la avenida Carlos III de la mano de la Escuela Taller\",\"isPartOf\":{\"@id\":\"https:\\\/\\\/www.laguiadepamplona.com\\\/actualidad\\\/#website\"},\"primaryImageOfPage\":{\"@id\":\"https:\\\/\\\/www.laguiadepamplona.com\\\/actualidad\\\/pamplona-actualiza-las-jardineras-de-la-avenida-carlos-iii-de-la-mano-de-la-escuela-taller\\\/#primaryimage\"},\"image\":{\"@id\":\"https:\\\/\\\/www.laguiadepamplona.com\\\/actualidad\\\/pamplona-actualiza-las-jardineras-de-la-avenida-carlos-iii-de-la-mano-de-la-escuela-taller\\\/#primaryimage\"},\"thumbnailUrl\":\"https:\\\/\\\/www.laguiadepamplona.com\\\/actualidad\\\/wp-content\\\/uploads\\\/2021\\\/12\\\/carlos-III-pamplona.jpg\",\"datePublished\":\"2021-12-02T16:53:36+00:00\",\"dateModified\":\"2023-04-11T09:48:42+00:00\",\"description\":\"A lo largo de esta semana, se sustituir\u00e1n las actuales, de hormig\u00f3n, por un total de 34 jardineras de acero corten\",\"breadcrumb\":{\"@id\":\"https:\\\/\\\/www.laguiadepamplona.com\\\/actualidad\\\/pamplona-actualiza-las-jardineras-de-la-avenida-carlos-iii-de-la-mano-de-la-escuela-taller\\\/#breadcrumb\"},\"inLanguage\":\"es\",\"potentialAction\":[{\"@type\":\"ReadAction\",\"target\":[\"https:\\\/\\\/www.laguiadepamplona.com\\\/actualidad\\\/pamplona-actualiza-las-jardineras-de-la-avenida-carlos-iii-de-la-mano-de-la-escuela-taller\\\/\"]}]},{\"@type\":\"ImageObject\",\"inLanguage\":\"es\",\"@id\":\"https:\\\/\\\/www.laguiadepamplona.com\\\/actualidad\\\/pamplona-actualiza-las-jardineras-de-la-avenida-carlos-iii-de-la-mano-de-la-escuela-taller\\\/#primaryimage\",\"url\":\"https:\\\/\\\/www.laguiadepamplona.com\\\/actualidad\\\/wp-content\\\/uploads\\\/2021\\\/12\\\/carlos-III-pamplona.jpg\",\"contentUrl\":\"https:\\\/\\\/www.laguiadepamplona.com\\\/actualidad\\\/wp-content\\\/uploads\\\/2021\\\/12\\\/carlos-III-pamplona.jpg\",\"width\":1600,\"height\":1200},{\"@type\":\"BreadcrumbList\",\"@id\":\"https:\\\/\\\/www.laguiadepamplona.com\\\/actualidad\\\/pamplona-actualiza-las-jardineras-de-la-avenida-carlos-iii-de-la-mano-de-la-escuela-taller\\\/#breadcrumb\",\"itemListElement\":[{\"@type\":\"ListItem\",\"position\":1,\"name\":\"Portada\",\"item\":\"https:\\\/\\\/www.laguiadepamplona.com\\\/actualidad\\\/\"},{\"@type\":\"ListItem\",\"position\":2,\"name\":\"Pamplona actualiza las jardineras de la avenida Carlos III de la mano de la Escuela Taller\"}]},{\"@type\":\"WebSite\",\"@id\":\"https:\\\/\\\/www.laguiadepamplona.com\\\/actualidad\\\/#website\",\"url\":\"https:\\\/\\\/www.laguiadepamplona.com\\\/actualidad\\\/\",\"name\":\"La gu\u00eda de Pamplona\",\"description\":\"Noticias de Pamplona\",\"publisher\":{\"@id\":\"https:\\\/\\\/www.laguiadepamplona.com\\\/actualidad\\\/#organization\"},\"potentialAction\":[{\"@type\":\"SearchAction\",\"target\":{\"@type\":\"EntryPoint\",\"urlTemplate\":\"https:\\\/\\\/www.laguiadepamplona.com\\\/actualidad\\\/?s={search_term_string}\"},\"query-input\":{\"@type\":\"PropertyValueSpecification\",\"valueRequired\":true,\"valueName\":\"search_term_string\"}}],\"inLanguage\":\"es\"},{\"@type\":\"Organization\",\"@id\":\"https:\\\/\\\/www.laguiadepamplona.com\\\/actualidad\\\/#organization\",\"name\":\"La Gu\u00eda de Pamplona \\\/ Noticias\",\"url\":\"https:\\\/\\\/www.laguiadepamplona.com\\\/actualidad\\\/\",\"logo\":{\"@type\":\"ImageObject\",\"inLanguage\":\"es\",\"@id\":\"https:\\\/\\\/www.laguiadepamplona.com\\\/actualidad\\\/#\\\/schema\\\/logo\\\/image\\\/\",\"url\":\"https:\\\/\\\/www.laguiadepamplona.com\\\/actualidad\\\/wp-content\\\/uploads\\\/2018\\\/11\\\/logo-laguiadepamplona18-web1.png\",\"contentUrl\":\"https:\\\/\\\/www.laguiadepamplona.com\\\/actualidad\\\/wp-content\\\/uploads\\\/2018\\\/11\\\/logo-laguiadepamplona18-web1.png\",\"width\":600,\"height\":196,\"caption\":\"La Gu\u00eda de Pamplona \\\/ Noticias\"},\"image\":{\"@id\":\"https:\\\/\\\/www.laguiadepamplona.com\\\/actualidad\\\/#\\\/schema\\\/logo\\\/image\\\/\"},\"sameAs\":[\"https:\\\/\\\/www.facebook.com\\\/laguiadepamplonacom-133175176762273\\\/?ref=hl\",\"https:\\\/\\\/x.com\\\/LaGuiadPamplona\",\"https:\\\/\\\/www.instagram.com\\\/la_guia_de_pamplona\\\/\",\"https:\\\/\\\/www.youtube.com\\\/user\\\/laguiadepamplona\"]},{\"@type\":\"Person\",\"@id\":\"https:\\\/\\\/www.laguiadepamplona.com\\\/actualidad\\\/#\\\/schema\\\/person\\\/efe887376f0213d4657c93adc50b1fdb\",\"name\":\"La Gu\u00eda de Pamplona\",\"image\":{\"@type\":\"ImageObject\",\"inLanguage\":\"es\",\"@id\":\"https:\\\/\\\/secure.gravatar.com\\\/avatar\\\/b6992f131dc8d30ab0dff15446e9d346d9dbd95992de0fef795073f5ea83a81c?s=96&d=mm&r=g\",\"url\":\"https:\\\/\\\/secure.gravatar.com\\\/avatar\\\/b6992f131dc8d30ab0dff15446e9d346d9dbd95992de0fef795073f5ea83a81c?s=96&d=mm&r=g\",\"contentUrl\":\"https:\\\/\\\/secure.gravatar.com\\\/avatar\\\/b6992f131dc8d30ab0dff15446e9d346d9dbd95992de0fef795073f5ea83a81c?s=96&d=mm&r=g\",\"caption\":\"La Gu\u00eda de Pamplona\"}}]}<\/script>\n<!-- \/ Yoast SEO plugin. -->","yoast_head_json":{"title":"Pamplona actualiza las jardineras de la avenida Carlos III de la mano de la Escuela Taller","description":"A lo largo de esta semana, se sustituir\u00e1n las actuales, de hormig\u00f3n, por un total de 34 jardineras de acero corten","robots":{"index":"index","follow":"follow","max-snippet":"max-snippet:-1","max-image-preview":"max-image-preview:large","max-video-preview":"max-video-preview:-1"},"canonical":"https:\/\/www.laguiadepamplona.com\/actualidad\/pamplona-actualiza-las-jardineras-de-la-avenida-carlos-iii-de-la-mano-de-la-escuela-taller\/","og_locale":"es_ES","og_type":"article","og_title":"Pamplona actualiza las jardineras de la avenida Carlos III de la mano de la Escuela Taller","og_description":"A lo largo de esta semana, se sustituir\u00e1n las actuales, de hormig\u00f3n, por un total de 34 jardineras de acero corten","og_url":"https:\/\/www.laguiadepamplona.com\/actualidad\/pamplona-actualiza-las-jardineras-de-la-avenida-carlos-iii-de-la-mano-de-la-escuela-taller\/","og_site_name":"La Gu\u00eda de Pamplona","article_publisher":"https:\/\/www.facebook.com\/laguiadepamplonacom-133175176762273\/?ref=hl","article_published_time":"2021-12-02T16:53:36+00:00","article_modified_time":"2023-04-11T09:48:42+00:00","og_image":[{"width":1600,"height":1200,"url":"https:\/\/www.laguiadepamplona.com\/actualidad\/wp-content\/uploads\/2021\/12\/carlos-III-pamplona.jpg","type":"image\/jpeg"}],"author":"La Gu\u00eda de Pamplona","twitter_card":"summary_large_image","twitter_creator":"@LaGuiadPamplona","twitter_site":"@LaGuiadPamplona","twitter_misc":{"Escrito por":"La Gu\u00eda de Pamplona","Tiempo de lectura":"2 minutos"},"schema":{"@context":"https:\/\/schema.org","@graph":[{"@type":"Article","@id":"https:\/\/www.laguiadepamplona.com\/actualidad\/pamplona-actualiza-las-jardineras-de-la-avenida-carlos-iii-de-la-mano-de-la-escuela-taller\/#article","isPartOf":{"@id":"https:\/\/www.laguiadepamplona.com\/actualidad\/pamplona-actualiza-las-jardineras-de-la-avenida-carlos-iii-de-la-mano-de-la-escuela-taller\/"},"author":{"name":"La Gu\u00eda de Pamplona","@id":"https:\/\/www.laguiadepamplona.com\/actualidad\/#\/schema\/person\/efe887376f0213d4657c93adc50b1fdb"},"headline":"Pamplona actualiza las jardineras de la avenida Carlos III de la mano de la Escuela Taller","datePublished":"2021-12-02T16:53:36+00:00","dateModified":"2023-04-11T09:48:42+00:00","mainEntityOfPage":{"@id":"https:\/\/www.laguiadepamplona.com\/actualidad\/pamplona-actualiza-las-jardineras-de-la-avenida-carlos-iii-de-la-mano-de-la-escuela-taller\/"},"wordCount":378,"commentCount":0,"publisher":{"@id":"https:\/\/www.laguiadepamplona.com\/actualidad\/#organization"},"image":{"@id":"https:\/\/www.laguiadepamplona.com\/actualidad\/pamplona-actualiza-las-jardineras-de-la-avenida-carlos-iii-de-la-mano-de-la-escuela-taller\/#primaryimage"},"thumbnailUrl":"https:\/\/www.laguiadepamplona.com\/actualidad\/wp-content\/uploads\/2021\/12\/carlos-III-pamplona.jpg","articleSection":["Ayto Pamplona"],"inLanguage":"es","potentialAction":[{"@type":"CommentAction","name":"Comment","target":["https:\/\/www.laguiadepamplona.com\/actualidad\/pamplona-actualiza-las-jardineras-de-la-avenida-carlos-iii-de-la-mano-de-la-escuela-taller\/#respond"]}]},{"@type":"WebPage","@id":"https:\/\/www.laguiadepamplona.com\/actualidad\/pamplona-actualiza-las-jardineras-de-la-avenida-carlos-iii-de-la-mano-de-la-escuela-taller\/","url":"https:\/\/www.laguiadepamplona.com\/actualidad\/pamplona-actualiza-las-jardineras-de-la-avenida-carlos-iii-de-la-mano-de-la-escuela-taller\/","name":"Pamplona actualiza las jardineras de la avenida Carlos III de la mano de la Escuela Taller","isPartOf":{"@id":"https:\/\/www.laguiadepamplona.com\/actualidad\/#website"},"primaryImageOfPage":{"@id":"https:\/\/www.laguiadepamplona.com\/actualidad\/pamplona-actualiza-las-jardineras-de-la-avenida-carlos-iii-de-la-mano-de-la-escuela-taller\/#primaryimage"},"image":{"@id":"https:\/\/www.laguiadepamplona.com\/actualidad\/pamplona-actualiza-las-jardineras-de-la-avenida-carlos-iii-de-la-mano-de-la-escuela-taller\/#primaryimage"},"thumbnailUrl":"https:\/\/www.laguiadepamplona.com\/actualidad\/wp-content\/uploads\/2021\/12\/carlos-III-pamplona.jpg","datePublished":"2021-12-02T16:53:36+00:00","dateModified":"2023-04-11T09:48:42+00:00","description":"A lo largo de esta semana, se sustituir\u00e1n las actuales, de hormig\u00f3n, por un total de 34 jardineras de acero corten","breadcrumb":{"@id":"https:\/\/www.laguiadepamplona.com\/actualidad\/pamplona-actualiza-las-jardineras-de-la-avenida-carlos-iii-de-la-mano-de-la-escuela-taller\/#breadcrumb"},"inLanguage":"es","potentialAction":[{"@type":"ReadAction","target":["https:\/\/www.laguiadepamplona.com\/actualidad\/pamplona-actualiza-las-jardineras-de-la-avenida-carlos-iii-de-la-mano-de-la-escuela-taller\/"]}]},{"@type":"ImageObject","inLanguage":"es","@id":"https:\/\/www.laguiadepamplona.com\/actualidad\/pamplona-actualiza-las-jardineras-de-la-avenida-carlos-iii-de-la-mano-de-la-escuela-taller\/#primaryimage","url":"https:\/\/www.laguiadepamplona.com\/actualidad\/wp-content\/uploads\/2021\/12\/carlos-III-pamplona.jpg","contentUrl":"https:\/\/www.laguiadepamplona.com\/actualidad\/wp-content\/uploads\/2021\/12\/carlos-III-pamplona.jpg","width":1600,"height":1200},{"@type":"BreadcrumbList","@id":"https:\/\/www.laguiadepamplona.com\/actualidad\/pamplona-actualiza-las-jardineras-de-la-avenida-carlos-iii-de-la-mano-de-la-escuela-taller\/#breadcrumb","itemListElement":[{"@type":"ListItem","position":1,"name":"Portada","item":"https:\/\/www.laguiadepamplona.com\/actualidad\/"},{"@type":"ListItem","position":2,"name":"Pamplona actualiza las jardineras de la avenida Carlos III de la mano de la Escuela Taller"}]},{"@type":"WebSite","@id":"https:\/\/www.laguiadepamplona.com\/actualidad\/#website","url":"https:\/\/www.laguiadepamplona.com\/actualidad\/","name":"La gu\u00eda de Pamplona","description":"Noticias de Pamplona","publisher":{"@id":"https:\/\/www.laguiadepamplona.com\/actualidad\/#organization"},"potentialAction":[{"@type":"SearchAction","target":{"@type":"EntryPoint","urlTemplate":"https:\/\/www.laguiadepamplona.com\/actualidad\/?s={search_term_string}"},"query-input":{"@type":"PropertyValueSpecification","valueRequired":true,"valueName":"search_term_string"}}],"inLanguage":"es"},{"@type":"Organization","@id":"https:\/\/www.laguiadepamplona.com\/actualidad\/#organization","name":"La Gu\u00eda de Pamplona \/ Noticias","url":"https:\/\/www.laguiadepamplona.com\/actualidad\/","logo":{"@type":"ImageObject","inLanguage":"es","@id":"https:\/\/www.laguiadepamplona.com\/actualidad\/#\/schema\/logo\/image\/","url":"https:\/\/www.laguiadepamplona.com\/actualidad\/wp-content\/uploads\/2018\/11\/logo-laguiadepamplona18-web1.png","contentUrl":"https:\/\/www.laguiadepamplona.com\/actualidad\/wp-content\/uploads\/2018\/11\/logo-laguiadepamplona18-web1.png","width":600,"height":196,"caption":"La Gu\u00eda de Pamplona \/ Noticias"},"image":{"@id":"https:\/\/www.laguiadepamplona.com\/actualidad\/#\/schema\/logo\/image\/"},"sameAs":["https:\/\/www.facebook.com\/laguiadepamplonacom-133175176762273\/?ref=hl","https:\/\/x.com\/LaGuiadPamplona","https:\/\/www.instagram.com\/la_guia_de_pamplona\/","https:\/\/www.youtube.com\/user\/laguiadepamplona"]},{"@type":"Person","@id":"https:\/\/www.laguiadepamplona.com\/actualidad\/#\/schema\/person\/efe887376f0213d4657c93adc50b1fdb","name":"La Gu\u00eda de Pamplona","image":{"@type":"ImageObject","inLanguage":"es","@id":"https:\/\/secure.gravatar.com\/avatar\/b6992f131dc8d30ab0dff15446e9d346d9dbd95992de0fef795073f5ea83a81c?s=96&d=mm&r=g","url":"https:\/\/secure.gravatar.com\/avatar\/b6992f131dc8d30ab0dff15446e9d346d9dbd95992de0fef795073f5ea83a81c?s=96&d=mm&r=g","contentUrl":"https:\/\/secure.gravatar.com\/avatar\/b6992f131dc8d30ab0dff15446e9d346d9dbd95992de0fef795073f5ea83a81c?s=96&d=mm&r=g","caption":"La Gu\u00eda de Pamplona"}}]}},"post_mailing_queue_ids":[],"_links":{"self":[{"href":"https:\/\/www.laguiadepamplona.com\/actualidad\/wp-json\/wp\/v2\/posts\/37832","targetHints":{"allow":["GET"]}}],"collection":[{"href":"https:\/\/www.laguiadepamplona.com\/actualidad\/wp-json\/wp\/v2\/posts"}],"about":[{"href":"https:\/\/www.laguiadepamplona.com\/actualidad\/wp-json\/wp\/v2\/types\/post"}],"author":[{"embeddable":true,"href":"https:\/\/www.laguiadepamplona.com\/actualidad\/wp-json\/wp\/v2\/users\/1"}],"replies":[{"embeddable":true,"href":"https:\/\/www.laguiadepamplona.com\/actualidad\/wp-json\/wp\/v2\/comments?post=37832"}],"version-history":[{"count":0,"href":"https:\/\/www.laguiadepamplona.com\/actualidad\/wp-json\/wp\/v2\/posts\/37832\/revisions"}],"wp:featuredmedia":[{"embeddable":true,"href":"https:\/\/www.laguiadepamplona.com\/actualidad\/wp-json\/wp\/v2\/media\/37833"}],"wp:attachment":[{"href":"https:\/\/www.laguiadepamplona.com\/actualidad\/wp-json\/wp\/v2\/media?parent=37832"}],"wp:term":[{"taxonomy":"category","embeddable":true,"href":"https:\/\/www.laguiadepamplona.com\/actualidad\/wp-json\/wp\/v2\/categories?post=37832"},{"taxonomy":"post_tag","embeddable":true,"href":"https:\/\/www.laguiadepamplona.com\/actualidad\/wp-json\/wp\/v2\/tags?post=37832"}],"curies":[{"name":"wp","href":"https:\/\/api.w.org\/{rel}","templated":true}]}}