{"id":37829,"date":"2021-12-02T18:50:50","date_gmt":"2021-12-02T16:50:50","guid":{"rendered":"https:\/\/www.laguiadepamplona.com\/actualidad\/?p=37829"},"modified":"2023-04-11T11:48:42","modified_gmt":"2023-04-11T09:48:42","slug":"el-alcalde-enrique-maya-visita-a-la-pamplonesa-damiana-samino-para-felicitarle-por-su-centenario","status":"publish","type":"post","link":"https:\/\/www.laguiadepamplona.com\/actualidad\/el-alcalde-enrique-maya-visita-a-la-pamplonesa-damiana-samino-para-felicitarle-por-su-centenario\/","title":{"rendered":"El alcalde Enrique Maya visita a la pamplonesa Damiana Samino para felicitarle por su centenario"},"content":{"rendered":"<h5>Le ha hecho entrega de un pa\u00f1uelo de San Ferm\u00edn, un alfiler con el escudo de Pamplona y un ramo de flores<\/h5>\n<p><!--more--><\/p>\n<p>El alcalde Enrique Maya, acompa\u00f1ado de la concejala de Servicios Sociales, Acci\u00f3n Comunitaria y Deporte del Ayuntamiento de Pamplona, Mar\u00eda Caballero, ha visitado la sede de la Asociaci\u00f3n de Jubilados y Pensionistas de San Jorge para felicitar por su cien cumplea\u00f1os a Damiana Samino Blanco, pamplonesa que reside en la capital desde hace un cuarto de siglo. Se retoma as\u00ed un gesto que es habitual que los primeros ediles de Pamplona tengan con las personas centenarias de la ciudad, a las que visitan y obsequian con un pa\u00f1uelo de San Ferm\u00edn, un alfiler con el escudo municipal y un ramo de flores.<br \/>\n<script async src=\"\/\/pagead2.googlesyndication.com\/pagead\/js\/adsbygoogle.js\"><\/script><br \/>\n<!-- Noticias La Guia de Pamplona --><br \/>\n<ins class=\"adsbygoogle\"\nstyle=\"display:block\"\ndata-ad-client=\"ca-pub-6943679897239327\"\ndata-ad-slot=\"7048180777\"\ndata-ad-format=\"auto\"><\/ins><br \/>\n<script>\n(adsbygoogle = window.adsbygoogle || []).push({});\n<\/script><\/p>\n<p>Pacense de nacimiento, pero pamplonesa de adopci\u00f3n, Damiana Samino eligi\u00f3 hace ya un cuarto de siglo seguir a sus hijos y trasladarse definitivamente a una tierra que le hab\u00eda cautivado en las visitas y viajes que hab\u00eda realizado hasta el momento. Su primer contacto continuado con Pamplona fue tras la boda de su hija Dami, cuando \u00e9sta se traslad\u00f3 junto con su marido a vivir a Navarra. Desde entonces se hicieron habituales las visitas de la familia desde Badajoz, y tanto les gusto esta tierra que Vicenta y Luis, sus otros dos hijos, siguieron los pasos de la primera y se mudaron al norte una vez contrajeron matrimonio. Los veranos para Damiana ya no ten\u00edan otro nombre que el de Pamplona, y cuando se qued\u00f3 viuda, hace ya 25 a\u00f1os, decidi\u00f3 que \u00e9sta ser\u00eda en adelante su casa durante todo el a\u00f1o.<\/p>\n<p>Era diciembre de 1921 cuando Damiana naci\u00f3 en Alburquerque, un municipio de la provincia de Badajoz. All\u00ed creci\u00f3 y se cas\u00f3 con Luis, con el que tuvo a sus tres hijos. A sus cuidados, y las labores como ama de casa sumaba Damiana la ayuda a los trabajos familiares en el campo con el ganado y en los regad\u00edos, y la regencia junto con su marido de la carnicer\u00eda del pueblo. Estar en contacto diario con sus vecinos y vecinas, y su actitud amable y colaborativa con ellos le hizo ser una mujer muy querida. En tiempos en los que muy pocas personas sab\u00edan escribir y leer, ella, que s\u00ed sab\u00eda, redactaba las cartas con lo que le contaban para que la gente del pueblo pudiera estar en contacto con sus familiares. Damiana tambi\u00e9n ayud\u00f3 en los partos de muchas de sus vecinas, momentos que han marcado su vida y de los que guarda muy buenos recuerdos.<br \/>\n<script async src=\"\/\/pagead2.googlesyndication.com\/pagead\/js\/adsbygoogle.js\"><\/script><br \/>\n<!-- Noticias La Guia de Pamplona --><br \/>\n<ins class=\"adsbygoogle\"\nstyle=\"display:block\"\ndata-ad-client=\"ca-pub-6943679897239327\"\ndata-ad-slot=\"7048180777\"\ndata-ad-format=\"auto\"><\/ins><br \/>\n<script>\n(adsbygoogle = window.adsbygoogle || []).push({});\n<\/script><\/p>\n<p>Ya en Pamplona, Damiana se ha hecho querer tambi\u00e9n el barrio de San Jorge, donde vive y ha cosechado muchas amistades. Su d\u00eda a d\u00eda, desde hace 25 a\u00f1os como pamplonesa de adopci\u00f3n, se centra en la familia y en los amigos, con los que ahora celebra sus cien a\u00f1os de vida.<\/p>\n","protected":false},"excerpt":{"rendered":"<p>Le ha hecho entrega de un pa\u00f1uelo de San Ferm\u00edn, un alfiler con el escudo de Pamplona y un ramo de flores<\/p>\n","protected":false},"author":1,"featured_media":37830,"comment_status":"open","ping_status":"closed","sticky":false,"template":"","format":"standard","meta":{"footnotes":""},"categories":[2],"tags":[],"class_list":["post-37829","post","type-post","status-publish","format-standard","has-post-thumbnail","hentry","category-ayuntamiento-pamplona"],"yoast_head":"<!-- This site is optimized with the Yoast SEO plugin v27.3 - https:\/\/yoast.com\/product\/yoast-seo-wordpress\/ -->\n<title>El alcalde Enrique Maya visita a la pamplonesa Damiana Samino para felicitarle por su centenario<\/title>\n<meta name=\"description\" content=\"Le ha hecho entrega de un pa\u00f1uelo de San Ferm\u00edn, un alfiler con el escudo de Pamplona y un ramo de flores\" \/>\n<meta name=\"robots\" content=\"index, follow, max-snippet:-1, max-image-preview:large, max-video-preview:-1\" \/>\n<link rel=\"canonical\" href=\"https:\/\/www.laguiadepamplona.com\/actualidad\/el-alcalde-enrique-maya-visita-a-la-pamplonesa-damiana-samino-para-felicitarle-por-su-centenario\/\" \/>\n<meta property=\"og:locale\" content=\"es_ES\" \/>\n<meta property=\"og:type\" content=\"article\" \/>\n<meta property=\"og:title\" content=\"El alcalde Enrique Maya visita a la pamplonesa Damiana Samino para felicitarle por su centenario\" \/>\n<meta property=\"og:description\" content=\"Le ha hecho entrega de un pa\u00f1uelo de San Ferm\u00edn, un alfiler con el escudo de Pamplona y un ramo de flores\" \/>\n<meta property=\"og:url\" content=\"https:\/\/www.laguiadepamplona.com\/actualidad\/el-alcalde-enrique-maya-visita-a-la-pamplonesa-damiana-samino-para-felicitarle-por-su-centenario\/\" \/>\n<meta property=\"og:site_name\" content=\"La Gu\u00eda de Pamplona\" \/>\n<meta property=\"article:publisher\" content=\"https:\/\/www.facebook.com\/laguiadepamplonacom-133175176762273\/?ref=hl\" \/>\n<meta property=\"article:published_time\" content=\"2021-12-02T16:50:50+00:00\" \/>\n<meta property=\"article:modified_time\" content=\"2023-04-11T09:48:42+00:00\" \/>\n<meta property=\"og:image\" content=\"https:\/\/www.laguiadepamplona.com\/actualidad\/wp-content\/uploads\/2021\/12\/centenaria20211202q5a2331.jpg\" \/>\n\t<meta property=\"og:image:width\" content=\"1920\" \/>\n\t<meta property=\"og:image:height\" content=\"1281\" \/>\n\t<meta property=\"og:image:type\" content=\"image\/jpeg\" \/>\n<meta name=\"author\" content=\"La Gu\u00eda de Pamplona\" \/>\n<meta name=\"twitter:card\" content=\"summary_large_image\" \/>\n<meta name=\"twitter:creator\" content=\"@LaGuiadPamplona\" \/>\n<meta name=\"twitter:site\" content=\"@LaGuiadPamplona\" \/>\n<meta name=\"twitter:label1\" content=\"Escrito por\" \/>\n\t<meta name=\"twitter:data1\" content=\"La Gu\u00eda de Pamplona\" \/>\n\t<meta name=\"twitter:label2\" content=\"Tiempo de lectura\" \/>\n\t<meta name=\"twitter:data2\" content=\"3 minutos\" \/>\n<script type=\"application\/ld+json\" class=\"yoast-schema-graph\">{\"@context\":\"https:\\\/\\\/schema.org\",\"@graph\":[{\"@type\":\"Article\",\"@id\":\"https:\\\/\\\/www.laguiadepamplona.com\\\/actualidad\\\/el-alcalde-enrique-maya-visita-a-la-pamplonesa-damiana-samino-para-felicitarle-por-su-centenario\\\/#article\",\"isPartOf\":{\"@id\":\"https:\\\/\\\/www.laguiadepamplona.com\\\/actualidad\\\/el-alcalde-enrique-maya-visita-a-la-pamplonesa-damiana-samino-para-felicitarle-por-su-centenario\\\/\"},\"author\":{\"name\":\"La Gu\u00eda de Pamplona\",\"@id\":\"https:\\\/\\\/www.laguiadepamplona.com\\\/actualidad\\\/#\\\/schema\\\/person\\\/efe887376f0213d4657c93adc50b1fdb\"},\"headline\":\"El alcalde Enrique Maya visita a la pamplonesa Damiana Samino para felicitarle por su centenario\",\"datePublished\":\"2021-12-02T16:50:50+00:00\",\"dateModified\":\"2023-04-11T09:48:42+00:00\",\"mainEntityOfPage\":{\"@id\":\"https:\\\/\\\/www.laguiadepamplona.com\\\/actualidad\\\/el-alcalde-enrique-maya-visita-a-la-pamplonesa-damiana-samino-para-felicitarle-por-su-centenario\\\/\"},\"wordCount\":514,\"commentCount\":0,\"publisher\":{\"@id\":\"https:\\\/\\\/www.laguiadepamplona.com\\\/actualidad\\\/#organization\"},\"image\":{\"@id\":\"https:\\\/\\\/www.laguiadepamplona.com\\\/actualidad\\\/el-alcalde-enrique-maya-visita-a-la-pamplonesa-damiana-samino-para-felicitarle-por-su-centenario\\\/#primaryimage\"},\"thumbnailUrl\":\"https:\\\/\\\/www.laguiadepamplona.com\\\/actualidad\\\/wp-content\\\/uploads\\\/2021\\\/12\\\/centenaria20211202q5a2331.jpg\",\"articleSection\":[\"Ayto Pamplona\"],\"inLanguage\":\"es\",\"potentialAction\":[{\"@type\":\"CommentAction\",\"name\":\"Comment\",\"target\":[\"https:\\\/\\\/www.laguiadepamplona.com\\\/actualidad\\\/el-alcalde-enrique-maya-visita-a-la-pamplonesa-damiana-samino-para-felicitarle-por-su-centenario\\\/#respond\"]}]},{\"@type\":\"WebPage\",\"@id\":\"https:\\\/\\\/www.laguiadepamplona.com\\\/actualidad\\\/el-alcalde-enrique-maya-visita-a-la-pamplonesa-damiana-samino-para-felicitarle-por-su-centenario\\\/\",\"url\":\"https:\\\/\\\/www.laguiadepamplona.com\\\/actualidad\\\/el-alcalde-enrique-maya-visita-a-la-pamplonesa-damiana-samino-para-felicitarle-por-su-centenario\\\/\",\"name\":\"El alcalde Enrique Maya visita a la pamplonesa Damiana Samino para felicitarle por su centenario\",\"isPartOf\":{\"@id\":\"https:\\\/\\\/www.laguiadepamplona.com\\\/actualidad\\\/#website\"},\"primaryImageOfPage\":{\"@id\":\"https:\\\/\\\/www.laguiadepamplona.com\\\/actualidad\\\/el-alcalde-enrique-maya-visita-a-la-pamplonesa-damiana-samino-para-felicitarle-por-su-centenario\\\/#primaryimage\"},\"image\":{\"@id\":\"https:\\\/\\\/www.laguiadepamplona.com\\\/actualidad\\\/el-alcalde-enrique-maya-visita-a-la-pamplonesa-damiana-samino-para-felicitarle-por-su-centenario\\\/#primaryimage\"},\"thumbnailUrl\":\"https:\\\/\\\/www.laguiadepamplona.com\\\/actualidad\\\/wp-content\\\/uploads\\\/2021\\\/12\\\/centenaria20211202q5a2331.jpg\",\"datePublished\":\"2021-12-02T16:50:50+00:00\",\"dateModified\":\"2023-04-11T09:48:42+00:00\",\"description\":\"Le ha hecho entrega de un pa\u00f1uelo de San Ferm\u00edn, un alfiler con el escudo de Pamplona y un ramo de flores\",\"breadcrumb\":{\"@id\":\"https:\\\/\\\/www.laguiadepamplona.com\\\/actualidad\\\/el-alcalde-enrique-maya-visita-a-la-pamplonesa-damiana-samino-para-felicitarle-por-su-centenario\\\/#breadcrumb\"},\"inLanguage\":\"es\",\"potentialAction\":[{\"@type\":\"ReadAction\",\"target\":[\"https:\\\/\\\/www.laguiadepamplona.com\\\/actualidad\\\/el-alcalde-enrique-maya-visita-a-la-pamplonesa-damiana-samino-para-felicitarle-por-su-centenario\\\/\"]}]},{\"@type\":\"ImageObject\",\"inLanguage\":\"es\",\"@id\":\"https:\\\/\\\/www.laguiadepamplona.com\\\/actualidad\\\/el-alcalde-enrique-maya-visita-a-la-pamplonesa-damiana-samino-para-felicitarle-por-su-centenario\\\/#primaryimage\",\"url\":\"https:\\\/\\\/www.laguiadepamplona.com\\\/actualidad\\\/wp-content\\\/uploads\\\/2021\\\/12\\\/centenaria20211202q5a2331.jpg\",\"contentUrl\":\"https:\\\/\\\/www.laguiadepamplona.com\\\/actualidad\\\/wp-content\\\/uploads\\\/2021\\\/12\\\/centenaria20211202q5a2331.jpg\",\"width\":1920,\"height\":1281,\"caption\":\"A* Jesus M Garzaron F* 2021_12_01 T* Visita del alcalde a centenaria L* Residencia Avenida San Jorge 79-81\"},{\"@type\":\"BreadcrumbList\",\"@id\":\"https:\\\/\\\/www.laguiadepamplona.com\\\/actualidad\\\/el-alcalde-enrique-maya-visita-a-la-pamplonesa-damiana-samino-para-felicitarle-por-su-centenario\\\/#breadcrumb\",\"itemListElement\":[{\"@type\":\"ListItem\",\"position\":1,\"name\":\"Portada\",\"item\":\"https:\\\/\\\/www.laguiadepamplona.com\\\/actualidad\\\/\"},{\"@type\":\"ListItem\",\"position\":2,\"name\":\"El alcalde Enrique Maya visita a la pamplonesa Damiana Samino para felicitarle por su centenario\"}]},{\"@type\":\"WebSite\",\"@id\":\"https:\\\/\\\/www.laguiadepamplona.com\\\/actualidad\\\/#website\",\"url\":\"https:\\\/\\\/www.laguiadepamplona.com\\\/actualidad\\\/\",\"name\":\"La gu\u00eda de Pamplona\",\"description\":\"Noticias de Pamplona\",\"publisher\":{\"@id\":\"https:\\\/\\\/www.laguiadepamplona.com\\\/actualidad\\\/#organization\"},\"potentialAction\":[{\"@type\":\"SearchAction\",\"target\":{\"@type\":\"EntryPoint\",\"urlTemplate\":\"https:\\\/\\\/www.laguiadepamplona.com\\\/actualidad\\\/?s={search_term_string}\"},\"query-input\":{\"@type\":\"PropertyValueSpecification\",\"valueRequired\":true,\"valueName\":\"search_term_string\"}}],\"inLanguage\":\"es\"},{\"@type\":\"Organization\",\"@id\":\"https:\\\/\\\/www.laguiadepamplona.com\\\/actualidad\\\/#organization\",\"name\":\"La Gu\u00eda de Pamplona \\\/ Noticias\",\"url\":\"https:\\\/\\\/www.laguiadepamplona.com\\\/actualidad\\\/\",\"logo\":{\"@type\":\"ImageObject\",\"inLanguage\":\"es\",\"@id\":\"https:\\\/\\\/www.laguiadepamplona.com\\\/actualidad\\\/#\\\/schema\\\/logo\\\/image\\\/\",\"url\":\"https:\\\/\\\/www.laguiadepamplona.com\\\/actualidad\\\/wp-content\\\/uploads\\\/2018\\\/11\\\/logo-laguiadepamplona18-web1.png\",\"contentUrl\":\"https:\\\/\\\/www.laguiadepamplona.com\\\/actualidad\\\/wp-content\\\/uploads\\\/2018\\\/11\\\/logo-laguiadepamplona18-web1.png\",\"width\":600,\"height\":196,\"caption\":\"La Gu\u00eda de Pamplona \\\/ Noticias\"},\"image\":{\"@id\":\"https:\\\/\\\/www.laguiadepamplona.com\\\/actualidad\\\/#\\\/schema\\\/logo\\\/image\\\/\"},\"sameAs\":[\"https:\\\/\\\/www.facebook.com\\\/laguiadepamplonacom-133175176762273\\\/?ref=hl\",\"https:\\\/\\\/x.com\\\/LaGuiadPamplona\",\"https:\\\/\\\/www.instagram.com\\\/la_guia_de_pamplona\\\/\",\"https:\\\/\\\/www.youtube.com\\\/user\\\/laguiadepamplona\"]},{\"@type\":\"Person\",\"@id\":\"https:\\\/\\\/www.laguiadepamplona.com\\\/actualidad\\\/#\\\/schema\\\/person\\\/efe887376f0213d4657c93adc50b1fdb\",\"name\":\"La Gu\u00eda de Pamplona\",\"image\":{\"@type\":\"ImageObject\",\"inLanguage\":\"es\",\"@id\":\"https:\\\/\\\/secure.gravatar.com\\\/avatar\\\/b6992f131dc8d30ab0dff15446e9d346d9dbd95992de0fef795073f5ea83a81c?s=96&d=mm&r=g\",\"url\":\"https:\\\/\\\/secure.gravatar.com\\\/avatar\\\/b6992f131dc8d30ab0dff15446e9d346d9dbd95992de0fef795073f5ea83a81c?s=96&d=mm&r=g\",\"contentUrl\":\"https:\\\/\\\/secure.gravatar.com\\\/avatar\\\/b6992f131dc8d30ab0dff15446e9d346d9dbd95992de0fef795073f5ea83a81c?s=96&d=mm&r=g\",\"caption\":\"La Gu\u00eda de Pamplona\"}}]}<\/script>\n<!-- \/ Yoast SEO plugin. -->","yoast_head_json":{"title":"El alcalde Enrique Maya visita a la pamplonesa Damiana Samino para felicitarle por su centenario","description":"Le ha hecho entrega de un pa\u00f1uelo de San Ferm\u00edn, un alfiler con el escudo de Pamplona y un ramo de flores","robots":{"index":"index","follow":"follow","max-snippet":"max-snippet:-1","max-image-preview":"max-image-preview:large","max-video-preview":"max-video-preview:-1"},"canonical":"https:\/\/www.laguiadepamplona.com\/actualidad\/el-alcalde-enrique-maya-visita-a-la-pamplonesa-damiana-samino-para-felicitarle-por-su-centenario\/","og_locale":"es_ES","og_type":"article","og_title":"El alcalde Enrique Maya visita a la pamplonesa Damiana Samino para felicitarle por su centenario","og_description":"Le ha hecho entrega de un pa\u00f1uelo de San Ferm\u00edn, un alfiler con el escudo de Pamplona y un ramo de flores","og_url":"https:\/\/www.laguiadepamplona.com\/actualidad\/el-alcalde-enrique-maya-visita-a-la-pamplonesa-damiana-samino-para-felicitarle-por-su-centenario\/","og_site_name":"La Gu\u00eda de Pamplona","article_publisher":"https:\/\/www.facebook.com\/laguiadepamplonacom-133175176762273\/?ref=hl","article_published_time":"2021-12-02T16:50:50+00:00","article_modified_time":"2023-04-11T09:48:42+00:00","og_image":[{"width":1920,"height":1281,"url":"https:\/\/www.laguiadepamplona.com\/actualidad\/wp-content\/uploads\/2021\/12\/centenaria20211202q5a2331.jpg","type":"image\/jpeg"}],"author":"La Gu\u00eda de Pamplona","twitter_card":"summary_large_image","twitter_creator":"@LaGuiadPamplona","twitter_site":"@LaGuiadPamplona","twitter_misc":{"Escrito por":"La Gu\u00eda de Pamplona","Tiempo de lectura":"3 minutos"},"schema":{"@context":"https:\/\/schema.org","@graph":[{"@type":"Article","@id":"https:\/\/www.laguiadepamplona.com\/actualidad\/el-alcalde-enrique-maya-visita-a-la-pamplonesa-damiana-samino-para-felicitarle-por-su-centenario\/#article","isPartOf":{"@id":"https:\/\/www.laguiadepamplona.com\/actualidad\/el-alcalde-enrique-maya-visita-a-la-pamplonesa-damiana-samino-para-felicitarle-por-su-centenario\/"},"author":{"name":"La Gu\u00eda de Pamplona","@id":"https:\/\/www.laguiadepamplona.com\/actualidad\/#\/schema\/person\/efe887376f0213d4657c93adc50b1fdb"},"headline":"El alcalde Enrique Maya visita a la pamplonesa Damiana Samino para felicitarle por su centenario","datePublished":"2021-12-02T16:50:50+00:00","dateModified":"2023-04-11T09:48:42+00:00","mainEntityOfPage":{"@id":"https:\/\/www.laguiadepamplona.com\/actualidad\/el-alcalde-enrique-maya-visita-a-la-pamplonesa-damiana-samino-para-felicitarle-por-su-centenario\/"},"wordCount":514,"commentCount":0,"publisher":{"@id":"https:\/\/www.laguiadepamplona.com\/actualidad\/#organization"},"image":{"@id":"https:\/\/www.laguiadepamplona.com\/actualidad\/el-alcalde-enrique-maya-visita-a-la-pamplonesa-damiana-samino-para-felicitarle-por-su-centenario\/#primaryimage"},"thumbnailUrl":"https:\/\/www.laguiadepamplona.com\/actualidad\/wp-content\/uploads\/2021\/12\/centenaria20211202q5a2331.jpg","articleSection":["Ayto Pamplona"],"inLanguage":"es","potentialAction":[{"@type":"CommentAction","name":"Comment","target":["https:\/\/www.laguiadepamplona.com\/actualidad\/el-alcalde-enrique-maya-visita-a-la-pamplonesa-damiana-samino-para-felicitarle-por-su-centenario\/#respond"]}]},{"@type":"WebPage","@id":"https:\/\/www.laguiadepamplona.com\/actualidad\/el-alcalde-enrique-maya-visita-a-la-pamplonesa-damiana-samino-para-felicitarle-por-su-centenario\/","url":"https:\/\/www.laguiadepamplona.com\/actualidad\/el-alcalde-enrique-maya-visita-a-la-pamplonesa-damiana-samino-para-felicitarle-por-su-centenario\/","name":"El alcalde Enrique Maya visita a la pamplonesa Damiana Samino para felicitarle por su centenario","isPartOf":{"@id":"https:\/\/www.laguiadepamplona.com\/actualidad\/#website"},"primaryImageOfPage":{"@id":"https:\/\/www.laguiadepamplona.com\/actualidad\/el-alcalde-enrique-maya-visita-a-la-pamplonesa-damiana-samino-para-felicitarle-por-su-centenario\/#primaryimage"},"image":{"@id":"https:\/\/www.laguiadepamplona.com\/actualidad\/el-alcalde-enrique-maya-visita-a-la-pamplonesa-damiana-samino-para-felicitarle-por-su-centenario\/#primaryimage"},"thumbnailUrl":"https:\/\/www.laguiadepamplona.com\/actualidad\/wp-content\/uploads\/2021\/12\/centenaria20211202q5a2331.jpg","datePublished":"2021-12-02T16:50:50+00:00","dateModified":"2023-04-11T09:48:42+00:00","description":"Le ha hecho entrega de un pa\u00f1uelo de San Ferm\u00edn, un alfiler con el escudo de Pamplona y un ramo de flores","breadcrumb":{"@id":"https:\/\/www.laguiadepamplona.com\/actualidad\/el-alcalde-enrique-maya-visita-a-la-pamplonesa-damiana-samino-para-felicitarle-por-su-centenario\/#breadcrumb"},"inLanguage":"es","potentialAction":[{"@type":"ReadAction","target":["https:\/\/www.laguiadepamplona.com\/actualidad\/el-alcalde-enrique-maya-visita-a-la-pamplonesa-damiana-samino-para-felicitarle-por-su-centenario\/"]}]},{"@type":"ImageObject","inLanguage":"es","@id":"https:\/\/www.laguiadepamplona.com\/actualidad\/el-alcalde-enrique-maya-visita-a-la-pamplonesa-damiana-samino-para-felicitarle-por-su-centenario\/#primaryimage","url":"https:\/\/www.laguiadepamplona.com\/actualidad\/wp-content\/uploads\/2021\/12\/centenaria20211202q5a2331.jpg","contentUrl":"https:\/\/www.laguiadepamplona.com\/actualidad\/wp-content\/uploads\/2021\/12\/centenaria20211202q5a2331.jpg","width":1920,"height":1281,"caption":"A* Jesus M Garzaron F* 2021_12_01 T* Visita del alcalde a centenaria L* Residencia Avenida San Jorge 79-81"},{"@type":"BreadcrumbList","@id":"https:\/\/www.laguiadepamplona.com\/actualidad\/el-alcalde-enrique-maya-visita-a-la-pamplonesa-damiana-samino-para-felicitarle-por-su-centenario\/#breadcrumb","itemListElement":[{"@type":"ListItem","position":1,"name":"Portada","item":"https:\/\/www.laguiadepamplona.com\/actualidad\/"},{"@type":"ListItem","position":2,"name":"El alcalde Enrique Maya visita a la pamplonesa Damiana Samino para felicitarle por su centenario"}]},{"@type":"WebSite","@id":"https:\/\/www.laguiadepamplona.com\/actualidad\/#website","url":"https:\/\/www.laguiadepamplona.com\/actualidad\/","name":"La gu\u00eda de Pamplona","description":"Noticias de Pamplona","publisher":{"@id":"https:\/\/www.laguiadepamplona.com\/actualidad\/#organization"},"potentialAction":[{"@type":"SearchAction","target":{"@type":"EntryPoint","urlTemplate":"https:\/\/www.laguiadepamplona.com\/actualidad\/?s={search_term_string}"},"query-input":{"@type":"PropertyValueSpecification","valueRequired":true,"valueName":"search_term_string"}}],"inLanguage":"es"},{"@type":"Organization","@id":"https:\/\/www.laguiadepamplona.com\/actualidad\/#organization","name":"La Gu\u00eda de Pamplona \/ Noticias","url":"https:\/\/www.laguiadepamplona.com\/actualidad\/","logo":{"@type":"ImageObject","inLanguage":"es","@id":"https:\/\/www.laguiadepamplona.com\/actualidad\/#\/schema\/logo\/image\/","url":"https:\/\/www.laguiadepamplona.com\/actualidad\/wp-content\/uploads\/2018\/11\/logo-laguiadepamplona18-web1.png","contentUrl":"https:\/\/www.laguiadepamplona.com\/actualidad\/wp-content\/uploads\/2018\/11\/logo-laguiadepamplona18-web1.png","width":600,"height":196,"caption":"La Gu\u00eda de Pamplona \/ Noticias"},"image":{"@id":"https:\/\/www.laguiadepamplona.com\/actualidad\/#\/schema\/logo\/image\/"},"sameAs":["https:\/\/www.facebook.com\/laguiadepamplonacom-133175176762273\/?ref=hl","https:\/\/x.com\/LaGuiadPamplona","https:\/\/www.instagram.com\/la_guia_de_pamplona\/","https:\/\/www.youtube.com\/user\/laguiadepamplona"]},{"@type":"Person","@id":"https:\/\/www.laguiadepamplona.com\/actualidad\/#\/schema\/person\/efe887376f0213d4657c93adc50b1fdb","name":"La Gu\u00eda de Pamplona","image":{"@type":"ImageObject","inLanguage":"es","@id":"https:\/\/secure.gravatar.com\/avatar\/b6992f131dc8d30ab0dff15446e9d346d9dbd95992de0fef795073f5ea83a81c?s=96&d=mm&r=g","url":"https:\/\/secure.gravatar.com\/avatar\/b6992f131dc8d30ab0dff15446e9d346d9dbd95992de0fef795073f5ea83a81c?s=96&d=mm&r=g","contentUrl":"https:\/\/secure.gravatar.com\/avatar\/b6992f131dc8d30ab0dff15446e9d346d9dbd95992de0fef795073f5ea83a81c?s=96&d=mm&r=g","caption":"La Gu\u00eda de Pamplona"}}]}},"post_mailing_queue_ids":[],"_links":{"self":[{"href":"https:\/\/www.laguiadepamplona.com\/actualidad\/wp-json\/wp\/v2\/posts\/37829","targetHints":{"allow":["GET"]}}],"collection":[{"href":"https:\/\/www.laguiadepamplona.com\/actualidad\/wp-json\/wp\/v2\/posts"}],"about":[{"href":"https:\/\/www.laguiadepamplona.com\/actualidad\/wp-json\/wp\/v2\/types\/post"}],"author":[{"embeddable":true,"href":"https:\/\/www.laguiadepamplona.com\/actualidad\/wp-json\/wp\/v2\/users\/1"}],"replies":[{"embeddable":true,"href":"https:\/\/www.laguiadepamplona.com\/actualidad\/wp-json\/wp\/v2\/comments?post=37829"}],"version-history":[{"count":0,"href":"https:\/\/www.laguiadepamplona.com\/actualidad\/wp-json\/wp\/v2\/posts\/37829\/revisions"}],"wp:featuredmedia":[{"embeddable":true,"href":"https:\/\/www.laguiadepamplona.com\/actualidad\/wp-json\/wp\/v2\/media\/37830"}],"wp:attachment":[{"href":"https:\/\/www.laguiadepamplona.com\/actualidad\/wp-json\/wp\/v2\/media?parent=37829"}],"wp:term":[{"taxonomy":"category","embeddable":true,"href":"https:\/\/www.laguiadepamplona.com\/actualidad\/wp-json\/wp\/v2\/categories?post=37829"},{"taxonomy":"post_tag","embeddable":true,"href":"https:\/\/www.laguiadepamplona.com\/actualidad\/wp-json\/wp\/v2\/tags?post=37829"}],"curies":[{"name":"wp","href":"https:\/\/api.w.org\/{rel}","templated":true}]}}