{"id":37825,"date":"2021-12-02T18:45:22","date_gmt":"2021-12-02T16:45:22","guid":{"rendered":"https:\/\/www.laguiadepamplona.com\/actualidad\/?p=37825"},"modified":"2023-04-11T11:48:42","modified_gmt":"2023-04-11T09:48:42","slug":"el-pacto-de-la-persona-mayor-de-santa-maria-la-real-se-pone-en-marcha-con-una-primera-iniciativa-para-elaborar-un-mapeo-de-los-puntos-con-problemas-de-accesibilidad-y-movilidad-en-el-barrio","status":"publish","type":"post","link":"https:\/\/www.laguiadepamplona.com\/actualidad\/el-pacto-de-la-persona-mayor-de-santa-maria-la-real-se-pone-en-marcha-con-una-primera-iniciativa-para-elaborar-un-mapeo-de-los-puntos-con-problemas-de-accesibilidad-y-movilidad-en-el-barrio\/","title":{"rendered":"El Pacto de la Persona Mayor de Santa Mar\u00eda la Real se pone en marcha con una primera iniciativa para elaborar un mapeo de los puntos con problemas de accesibilidad y movilidad en el barrio"},"content":{"rendered":"<h5>Se han organizado tres paseos, el 9, el 16 de diciembre y el 13 de enero, con distintos recorridos por el barrio, que derivar\u00e1n en propuestas de mejora<\/h5>\n<p><!--more--><\/p>\n<p><a href=\"https:\/\/www.laguiadepamplona.com\/actualidad\/wp-content\/uploads\/2021\/12\/cartel-Pacto-de-la-Persona-Mayor-de-Santa-Maria-la-Real1.jpg\"><img loading=\"lazy\" decoding=\"async\" class=\"alignleft size-medium wp-image-37827\" src=\"https:\/\/www.laguiadepamplona.com\/actualidad\/wp-content\/uploads\/2021\/12\/cartel-Pacto-de-la-Persona-Mayor-de-Santa-Maria-la-Real1-214x300.jpg\" alt=\"\" width=\"214\" height=\"300\" srcset=\"https:\/\/www.laguiadepamplona.com\/actualidad\/wp-content\/uploads\/2021\/12\/cartel-Pacto-de-la-Persona-Mayor-de-Santa-Maria-la-Real1-214x300.jpg 214w, https:\/\/www.laguiadepamplona.com\/actualidad\/wp-content\/uploads\/2021\/12\/cartel-Pacto-de-la-Persona-Mayor-de-Santa-Maria-la-Real1-486x682.jpg 486w, https:\/\/www.laguiadepamplona.com\/actualidad\/wp-content\/uploads\/2021\/12\/cartel-Pacto-de-la-Persona-Mayor-de-Santa-Maria-la-Real1-768x1077.jpg 768w, https:\/\/www.laguiadepamplona.com\/actualidad\/wp-content\/uploads\/2021\/12\/cartel-Pacto-de-la-Persona-Mayor-de-Santa-Maria-la-Real1-1095x1536.jpg 1095w, https:\/\/www.laguiadepamplona.com\/actualidad\/wp-content\/uploads\/2021\/12\/cartel-Pacto-de-la-Persona-Mayor-de-Santa-Maria-la-Real1-640x898.jpg 640w, https:\/\/www.laguiadepamplona.com\/actualidad\/wp-content\/uploads\/2021\/12\/cartel-Pacto-de-la-Persona-Mayor-de-Santa-Maria-la-Real1.jpg 1426w\" sizes=\"auto, (max-width: 214px) 100vw, 214px\" \/><\/a>El Pacto de la Persona Mayor de Santa Mar\u00eda la Real nace para trabajar por la mejora de la vida de las personas mayores del barrio y para dar respuesta a sus necesidades. Como una de sus primeras actividades, se ha previsto un mapeo de los puntos del barrio que generan una mayor problem\u00e1tica de accesibilidad y movilidad para las personas mayores. Para ello, se han organizado tres paseos por el barrio, los d\u00edas 9 y 16 de diciembre y el 13 de enero, dirigidos a personas mayores, para ver in situ esos lugares que presentan problemas.<\/p>\n<p>Los tres recorridos, en horario de ma\u00f1ana, de 10 a 12 horas, partir\u00e1n de la puerta de la parroquia de San Enrique. Se han trazado tres rutas a pie para as\u00ed poder analizar todo el barrio: el primer d\u00eda el paseo discurrir\u00e1 por las calles entre Tajonar y Monte Mendaur; el segundo d\u00eda, entre Monte Mendaur y Mutilva Baja; y el tercero, entre el parque Tom\u00e1s Caballero y las Torres de Arrosad\u00eda. Las personas interesadas solo tienen que acudir al punto de encuentro, sin necesidad de inscribirse de forma previa para participar. Los grupos ir\u00e1n identificados para dar a conocer la labor que realizan dentro de ese Pacto de la Persona Mayor de Santa Mar\u00eda la Real. Adem\u00e1s, se pueden enviar sugerencias por correo electr\u00f3nico a la direcci\u00f3n <a href=\"mailto:aavvstamariareal@gmail.com\">aavvstamariareal@gmail.com<\/a>.<br \/>\n<script async src=\"\/\/pagead2.googlesyndication.com\/pagead\/js\/adsbygoogle.js\"><\/script><br \/>\n<!-- Noticias La Guia de Pamplona --><br \/>\n<ins class=\"adsbygoogle\"\nstyle=\"display:block\"\ndata-ad-client=\"ca-pub-6943679897239327\"\ndata-ad-slot=\"7048180777\"\ndata-ad-format=\"auto\"><\/ins><br \/>\n<script>\n(adsbygoogle = window.adsbygoogle || []).push({});\n<\/script><\/p>\n<p>Santa Mar\u00eda la Real cuenta con una poblaci\u00f3n de 2.615 personas, de las que un 21,3% es mayor de 65 a\u00f1os. Afrontar el fen\u00f3meno del envejecimiento en un desaf\u00edo que requiere una intervenci\u00f3n multisectorial, en la que confluyan el compromiso y la acci\u00f3n participativa de agentes sociales y profesionales, as\u00ed como del propio Ayuntamiento de Pamplona. Para dar a conocer esta iniciativa y que el vecindario se implique, se est\u00e1 realizando una campa\u00f1a de difusi\u00f3n de los paseos con carteler\u00eda en portales y en diferentes espacios del barrio.<\/p>\n<p>El objetivo de esta actividad concreta es realizar una especie de mapeo, recogiendo informaci\u00f3n sobre los puntos que presentan dificultades de accesibilidad o generan problemas de movilidad para las personas mayores, as\u00ed como un riesgo para las ca\u00eddas, y poder gestionar esas incidencias con las \u00e1reas municipales correspondientes para mejorarlas. El Ayuntamiento de Pamplona es responsable del proyecto, en especial la Polic\u00eda Comunitaria, en el que pueden colaborar entidades, asociaciones y personas del barrio.<br \/>\n<script async src=\"\/\/pagead2.googlesyndication.com\/pagead\/js\/adsbygoogle.js\"><\/script><br \/>\n<!-- Noticias La Guia de Pamplona --><br \/>\n<ins class=\"adsbygoogle\"\nstyle=\"display:block\"\ndata-ad-client=\"ca-pub-6943679897239327\"\ndata-ad-slot=\"7048180777\"\ndata-ad-format=\"auto\"><\/ins><br \/>\n<script>\n(adsbygoogle = window.adsbygoogle || []).push({});\n<\/script><\/p>\n<p><strong>Distintas fases para la mejora de Santa Mar\u00eda la Real<\/strong><\/p>\n<p>Este mapeo de Santa Mar\u00eda la Real se desarrollar\u00e1 en varias fases. En una primera, se van a recoger datos que puedan dar una visi\u00f3n general del barrio. Se analizar\u00e1n datos de intervenciones realizadas por la Polic\u00eda Municipal, intervenciones con las personas mayores de 65 a\u00f1os en el barrio, ca\u00eddas, robos, accidentes\u2026<\/p>\n<p>En segundo lugar, con los paseos previstos para este mes de diciembre y para enero, se busca una parte m\u00e1s vivencial de las personas con movilidad reducida o con problemas de movilidad para detectar los puntos que les generan una mayor dificultad. Una iniciativa de este tipo ya se llev\u00f3 a cabo en San Juan, dentro del Pacto por la Persona Mayor de San Juan, donde tambi\u00e9n se realizaron paseos para recorrer diversas zonas del barrio y llevar a cabo un mapeo de los puntos negros de accesibilidad y movilidad para las personas mayores.<\/p>\n<p>Una vez recogidos todos los aspectos de mejora para hacer del barrio un lugar m\u00e1s amigable con las personas mayores, m\u00e1s c\u00f3modo y m\u00e1s confortable, se realizar\u00e1 un informe con propuestas de cambios y modificaciones que se remitir\u00e1 a las diferentes \u00e1reas municipales para que valoren su ejecuci\u00f3n. Finalmente, se supervisar\u00e1n las actuaciones que el Ayuntamiento vaya realizando para tener un control de las que todav\u00eda falten.<\/p>\n","protected":false},"excerpt":{"rendered":"<p>Se han organizado tres paseos, el 9, el 16 de diciembre y el 13 de enero, con distintos recorridos por el barrio, que derivar\u00e1n en propuestas de mejora<\/p>\n","protected":false},"author":1,"featured_media":37826,"comment_status":"open","ping_status":"closed","sticky":false,"template":"","format":"standard","meta":{"footnotes":""},"categories":[2],"tags":[],"class_list":["post-37825","post","type-post","status-publish","format-standard","has-post-thumbnail","hentry","category-ayuntamiento-pamplona"],"yoast_head":"<!-- This site is optimized with the Yoast SEO plugin v27.3 - https:\/\/yoast.com\/product\/yoast-seo-wordpress\/ -->\n<title>El Pacto de la Persona Mayor de Santa Mar\u00eda la Real se pone en marcha con una primera iniciativa para elaborar un mapeo de los puntos con problemas de accesibilidad y movilidad en el barrio<\/title>\n<meta name=\"description\" content=\"Se han organizado tres paseos, el 9, el 16 de diciembre y el 13 de enero, con distintos recorridos por el barrio, que derivar\u00e1n en propuestas de mejora\" \/>\n<meta name=\"robots\" content=\"index, follow, max-snippet:-1, max-image-preview:large, max-video-preview:-1\" \/>\n<link rel=\"canonical\" href=\"https:\/\/www.laguiadepamplona.com\/actualidad\/el-pacto-de-la-persona-mayor-de-santa-maria-la-real-se-pone-en-marcha-con-una-primera-iniciativa-para-elaborar-un-mapeo-de-los-puntos-con-problemas-de-accesibilidad-y-movilidad-en-el-barrio\/\" \/>\n<meta property=\"og:locale\" content=\"es_ES\" \/>\n<meta property=\"og:type\" content=\"article\" \/>\n<meta property=\"og:title\" content=\"El Pacto de la Persona Mayor de Santa Mar\u00eda la Real se pone en marcha con una primera iniciativa para elaborar un mapeo de los puntos con problemas de accesibilidad y movilidad en el barrio\" \/>\n<meta property=\"og:description\" content=\"Se han organizado tres paseos, el 9, el 16 de diciembre y el 13 de enero, con distintos recorridos por el barrio, que derivar\u00e1n en propuestas de mejora\" \/>\n<meta property=\"og:url\" content=\"https:\/\/www.laguiadepamplona.com\/actualidad\/el-pacto-de-la-persona-mayor-de-santa-maria-la-real-se-pone-en-marcha-con-una-primera-iniciativa-para-elaborar-un-mapeo-de-los-puntos-con-problemas-de-accesibilidad-y-movilidad-en-el-barrio\/\" \/>\n<meta property=\"og:site_name\" content=\"La Gu\u00eda de Pamplona\" \/>\n<meta property=\"article:publisher\" content=\"https:\/\/www.facebook.com\/laguiadepamplonacom-133175176762273\/?ref=hl\" \/>\n<meta property=\"article:published_time\" content=\"2021-12-02T16:45:22+00:00\" \/>\n<meta property=\"article:modified_time\" content=\"2023-04-11T09:48:42+00:00\" \/>\n<meta property=\"og:image\" content=\"https:\/\/www.laguiadepamplona.com\/actualidad\/wp-content\/uploads\/2021\/12\/cartel-Pacto-de-la-Persona-Mayor-de-Santa-Maria-la-Real.jpg\" \/>\n\t<meta property=\"og:image:width\" content=\"1426\" \/>\n\t<meta property=\"og:image:height\" content=\"849\" \/>\n\t<meta property=\"og:image:type\" content=\"image\/jpeg\" \/>\n<meta name=\"author\" content=\"La Gu\u00eda de Pamplona\" \/>\n<meta name=\"twitter:card\" content=\"summary_large_image\" \/>\n<meta name=\"twitter:creator\" content=\"@LaGuiadPamplona\" \/>\n<meta name=\"twitter:site\" content=\"@LaGuiadPamplona\" \/>\n<meta name=\"twitter:label1\" content=\"Escrito por\" \/>\n\t<meta name=\"twitter:data1\" content=\"La Gu\u00eda de Pamplona\" \/>\n\t<meta name=\"twitter:label2\" content=\"Tiempo de lectura\" \/>\n\t<meta name=\"twitter:data2\" content=\"4 minutos\" \/>\n<script type=\"application\/ld+json\" class=\"yoast-schema-graph\">{\"@context\":\"https:\\\/\\\/schema.org\",\"@graph\":[{\"@type\":\"Article\",\"@id\":\"https:\\\/\\\/www.laguiadepamplona.com\\\/actualidad\\\/el-pacto-de-la-persona-mayor-de-santa-maria-la-real-se-pone-en-marcha-con-una-primera-iniciativa-para-elaborar-un-mapeo-de-los-puntos-con-problemas-de-accesibilidad-y-movilidad-en-el-barrio\\\/#article\",\"isPartOf\":{\"@id\":\"https:\\\/\\\/www.laguiadepamplona.com\\\/actualidad\\\/el-pacto-de-la-persona-mayor-de-santa-maria-la-real-se-pone-en-marcha-con-una-primera-iniciativa-para-elaborar-un-mapeo-de-los-puntos-con-problemas-de-accesibilidad-y-movilidad-en-el-barrio\\\/\"},\"author\":{\"name\":\"La Gu\u00eda de Pamplona\",\"@id\":\"https:\\\/\\\/www.laguiadepamplona.com\\\/actualidad\\\/#\\\/schema\\\/person\\\/efe887376f0213d4657c93adc50b1fdb\"},\"headline\":\"El Pacto de la Persona Mayor de Santa Mar\u00eda la Real se pone en marcha con una primera iniciativa para elaborar un mapeo de los puntos con problemas de accesibilidad y movilidad en el barrio\",\"datePublished\":\"2021-12-02T16:45:22+00:00\",\"dateModified\":\"2023-04-11T09:48:42+00:00\",\"mainEntityOfPage\":{\"@id\":\"https:\\\/\\\/www.laguiadepamplona.com\\\/actualidad\\\/el-pacto-de-la-persona-mayor-de-santa-maria-la-real-se-pone-en-marcha-con-una-primera-iniciativa-para-elaborar-un-mapeo-de-los-puntos-con-problemas-de-accesibilidad-y-movilidad-en-el-barrio\\\/\"},\"wordCount\":709,\"commentCount\":0,\"publisher\":{\"@id\":\"https:\\\/\\\/www.laguiadepamplona.com\\\/actualidad\\\/#organization\"},\"image\":{\"@id\":\"https:\\\/\\\/www.laguiadepamplona.com\\\/actualidad\\\/el-pacto-de-la-persona-mayor-de-santa-maria-la-real-se-pone-en-marcha-con-una-primera-iniciativa-para-elaborar-un-mapeo-de-los-puntos-con-problemas-de-accesibilidad-y-movilidad-en-el-barrio\\\/#primaryimage\"},\"thumbnailUrl\":\"https:\\\/\\\/www.laguiadepamplona.com\\\/actualidad\\\/wp-content\\\/uploads\\\/2021\\\/12\\\/cartel-Pacto-de-la-Persona-Mayor-de-Santa-Maria-la-Real.jpg\",\"articleSection\":[\"Ayto Pamplona\"],\"inLanguage\":\"es\",\"potentialAction\":[{\"@type\":\"CommentAction\",\"name\":\"Comment\",\"target\":[\"https:\\\/\\\/www.laguiadepamplona.com\\\/actualidad\\\/el-pacto-de-la-persona-mayor-de-santa-maria-la-real-se-pone-en-marcha-con-una-primera-iniciativa-para-elaborar-un-mapeo-de-los-puntos-con-problemas-de-accesibilidad-y-movilidad-en-el-barrio\\\/#respond\"]}]},{\"@type\":\"WebPage\",\"@id\":\"https:\\\/\\\/www.laguiadepamplona.com\\\/actualidad\\\/el-pacto-de-la-persona-mayor-de-santa-maria-la-real-se-pone-en-marcha-con-una-primera-iniciativa-para-elaborar-un-mapeo-de-los-puntos-con-problemas-de-accesibilidad-y-movilidad-en-el-barrio\\\/\",\"url\":\"https:\\\/\\\/www.laguiadepamplona.com\\\/actualidad\\\/el-pacto-de-la-persona-mayor-de-santa-maria-la-real-se-pone-en-marcha-con-una-primera-iniciativa-para-elaborar-un-mapeo-de-los-puntos-con-problemas-de-accesibilidad-y-movilidad-en-el-barrio\\\/\",\"name\":\"El Pacto de la Persona Mayor de Santa Mar\u00eda la Real se pone en marcha con una primera iniciativa para elaborar un mapeo de los puntos con problemas de accesibilidad y movilidad en el barrio\",\"isPartOf\":{\"@id\":\"https:\\\/\\\/www.laguiadepamplona.com\\\/actualidad\\\/#website\"},\"primaryImageOfPage\":{\"@id\":\"https:\\\/\\\/www.laguiadepamplona.com\\\/actualidad\\\/el-pacto-de-la-persona-mayor-de-santa-maria-la-real-se-pone-en-marcha-con-una-primera-iniciativa-para-elaborar-un-mapeo-de-los-puntos-con-problemas-de-accesibilidad-y-movilidad-en-el-barrio\\\/#primaryimage\"},\"image\":{\"@id\":\"https:\\\/\\\/www.laguiadepamplona.com\\\/actualidad\\\/el-pacto-de-la-persona-mayor-de-santa-maria-la-real-se-pone-en-marcha-con-una-primera-iniciativa-para-elaborar-un-mapeo-de-los-puntos-con-problemas-de-accesibilidad-y-movilidad-en-el-barrio\\\/#primaryimage\"},\"thumbnailUrl\":\"https:\\\/\\\/www.laguiadepamplona.com\\\/actualidad\\\/wp-content\\\/uploads\\\/2021\\\/12\\\/cartel-Pacto-de-la-Persona-Mayor-de-Santa-Maria-la-Real.jpg\",\"datePublished\":\"2021-12-02T16:45:22+00:00\",\"dateModified\":\"2023-04-11T09:48:42+00:00\",\"description\":\"Se han organizado tres paseos, el 9, el 16 de diciembre y el 13 de enero, con distintos recorridos por el barrio, que derivar\u00e1n en propuestas de mejora\",\"breadcrumb\":{\"@id\":\"https:\\\/\\\/www.laguiadepamplona.com\\\/actualidad\\\/el-pacto-de-la-persona-mayor-de-santa-maria-la-real-se-pone-en-marcha-con-una-primera-iniciativa-para-elaborar-un-mapeo-de-los-puntos-con-problemas-de-accesibilidad-y-movilidad-en-el-barrio\\\/#breadcrumb\"},\"inLanguage\":\"es\",\"potentialAction\":[{\"@type\":\"ReadAction\",\"target\":[\"https:\\\/\\\/www.laguiadepamplona.com\\\/actualidad\\\/el-pacto-de-la-persona-mayor-de-santa-maria-la-real-se-pone-en-marcha-con-una-primera-iniciativa-para-elaborar-un-mapeo-de-los-puntos-con-problemas-de-accesibilidad-y-movilidad-en-el-barrio\\\/\"]}]},{\"@type\":\"ImageObject\",\"inLanguage\":\"es\",\"@id\":\"https:\\\/\\\/www.laguiadepamplona.com\\\/actualidad\\\/el-pacto-de-la-persona-mayor-de-santa-maria-la-real-se-pone-en-marcha-con-una-primera-iniciativa-para-elaborar-un-mapeo-de-los-puntos-con-problemas-de-accesibilidad-y-movilidad-en-el-barrio\\\/#primaryimage\",\"url\":\"https:\\\/\\\/www.laguiadepamplona.com\\\/actualidad\\\/wp-content\\\/uploads\\\/2021\\\/12\\\/cartel-Pacto-de-la-Persona-Mayor-de-Santa-Maria-la-Real.jpg\",\"contentUrl\":\"https:\\\/\\\/www.laguiadepamplona.com\\\/actualidad\\\/wp-content\\\/uploads\\\/2021\\\/12\\\/cartel-Pacto-de-la-Persona-Mayor-de-Santa-Maria-la-Real.jpg\",\"width\":1426,\"height\":849},{\"@type\":\"BreadcrumbList\",\"@id\":\"https:\\\/\\\/www.laguiadepamplona.com\\\/actualidad\\\/el-pacto-de-la-persona-mayor-de-santa-maria-la-real-se-pone-en-marcha-con-una-primera-iniciativa-para-elaborar-un-mapeo-de-los-puntos-con-problemas-de-accesibilidad-y-movilidad-en-el-barrio\\\/#breadcrumb\",\"itemListElement\":[{\"@type\":\"ListItem\",\"position\":1,\"name\":\"Portada\",\"item\":\"https:\\\/\\\/www.laguiadepamplona.com\\\/actualidad\\\/\"},{\"@type\":\"ListItem\",\"position\":2,\"name\":\"El Pacto de la Persona Mayor de Santa Mar\u00eda la Real se pone en marcha con una primera iniciativa para elaborar un mapeo de los puntos con problemas de accesibilidad y movilidad en el barrio\"}]},{\"@type\":\"WebSite\",\"@id\":\"https:\\\/\\\/www.laguiadepamplona.com\\\/actualidad\\\/#website\",\"url\":\"https:\\\/\\\/www.laguiadepamplona.com\\\/actualidad\\\/\",\"name\":\"La gu\u00eda de Pamplona\",\"description\":\"Noticias de Pamplona\",\"publisher\":{\"@id\":\"https:\\\/\\\/www.laguiadepamplona.com\\\/actualidad\\\/#organization\"},\"potentialAction\":[{\"@type\":\"SearchAction\",\"target\":{\"@type\":\"EntryPoint\",\"urlTemplate\":\"https:\\\/\\\/www.laguiadepamplona.com\\\/actualidad\\\/?s={search_term_string}\"},\"query-input\":{\"@type\":\"PropertyValueSpecification\",\"valueRequired\":true,\"valueName\":\"search_term_string\"}}],\"inLanguage\":\"es\"},{\"@type\":\"Organization\",\"@id\":\"https:\\\/\\\/www.laguiadepamplona.com\\\/actualidad\\\/#organization\",\"name\":\"La Gu\u00eda de Pamplona \\\/ Noticias\",\"url\":\"https:\\\/\\\/www.laguiadepamplona.com\\\/actualidad\\\/\",\"logo\":{\"@type\":\"ImageObject\",\"inLanguage\":\"es\",\"@id\":\"https:\\\/\\\/www.laguiadepamplona.com\\\/actualidad\\\/#\\\/schema\\\/logo\\\/image\\\/\",\"url\":\"https:\\\/\\\/www.laguiadepamplona.com\\\/actualidad\\\/wp-content\\\/uploads\\\/2018\\\/11\\\/logo-laguiadepamplona18-web1.png\",\"contentUrl\":\"https:\\\/\\\/www.laguiadepamplona.com\\\/actualidad\\\/wp-content\\\/uploads\\\/2018\\\/11\\\/logo-laguiadepamplona18-web1.png\",\"width\":600,\"height\":196,\"caption\":\"La Gu\u00eda de Pamplona \\\/ Noticias\"},\"image\":{\"@id\":\"https:\\\/\\\/www.laguiadepamplona.com\\\/actualidad\\\/#\\\/schema\\\/logo\\\/image\\\/\"},\"sameAs\":[\"https:\\\/\\\/www.facebook.com\\\/laguiadepamplonacom-133175176762273\\\/?ref=hl\",\"https:\\\/\\\/x.com\\\/LaGuiadPamplona\",\"https:\\\/\\\/www.instagram.com\\\/la_guia_de_pamplona\\\/\",\"https:\\\/\\\/www.youtube.com\\\/user\\\/laguiadepamplona\"]},{\"@type\":\"Person\",\"@id\":\"https:\\\/\\\/www.laguiadepamplona.com\\\/actualidad\\\/#\\\/schema\\\/person\\\/efe887376f0213d4657c93adc50b1fdb\",\"name\":\"La Gu\u00eda de Pamplona\",\"image\":{\"@type\":\"ImageObject\",\"inLanguage\":\"es\",\"@id\":\"https:\\\/\\\/secure.gravatar.com\\\/avatar\\\/b6992f131dc8d30ab0dff15446e9d346d9dbd95992de0fef795073f5ea83a81c?s=96&d=mm&r=g\",\"url\":\"https:\\\/\\\/secure.gravatar.com\\\/avatar\\\/b6992f131dc8d30ab0dff15446e9d346d9dbd95992de0fef795073f5ea83a81c?s=96&d=mm&r=g\",\"contentUrl\":\"https:\\\/\\\/secure.gravatar.com\\\/avatar\\\/b6992f131dc8d30ab0dff15446e9d346d9dbd95992de0fef795073f5ea83a81c?s=96&d=mm&r=g\",\"caption\":\"La Gu\u00eda de Pamplona\"}}]}<\/script>\n<!-- \/ Yoast SEO plugin. -->","yoast_head_json":{"title":"El Pacto de la Persona Mayor de Santa Mar\u00eda la Real se pone en marcha con una primera iniciativa para elaborar un mapeo de los puntos con problemas de accesibilidad y movilidad en el barrio","description":"Se han organizado tres paseos, el 9, el 16 de diciembre y el 13 de enero, con distintos recorridos por el barrio, que derivar\u00e1n en propuestas de mejora","robots":{"index":"index","follow":"follow","max-snippet":"max-snippet:-1","max-image-preview":"max-image-preview:large","max-video-preview":"max-video-preview:-1"},"canonical":"https:\/\/www.laguiadepamplona.com\/actualidad\/el-pacto-de-la-persona-mayor-de-santa-maria-la-real-se-pone-en-marcha-con-una-primera-iniciativa-para-elaborar-un-mapeo-de-los-puntos-con-problemas-de-accesibilidad-y-movilidad-en-el-barrio\/","og_locale":"es_ES","og_type":"article","og_title":"El Pacto de la Persona Mayor de Santa Mar\u00eda la Real se pone en marcha con una primera iniciativa para elaborar un mapeo de los puntos con problemas de accesibilidad y movilidad en el barrio","og_description":"Se han organizado tres paseos, el 9, el 16 de diciembre y el 13 de enero, con distintos recorridos por el barrio, que derivar\u00e1n en propuestas de mejora","og_url":"https:\/\/www.laguiadepamplona.com\/actualidad\/el-pacto-de-la-persona-mayor-de-santa-maria-la-real-se-pone-en-marcha-con-una-primera-iniciativa-para-elaborar-un-mapeo-de-los-puntos-con-problemas-de-accesibilidad-y-movilidad-en-el-barrio\/","og_site_name":"La Gu\u00eda de Pamplona","article_publisher":"https:\/\/www.facebook.com\/laguiadepamplonacom-133175176762273\/?ref=hl","article_published_time":"2021-12-02T16:45:22+00:00","article_modified_time":"2023-04-11T09:48:42+00:00","og_image":[{"width":1426,"height":849,"url":"https:\/\/www.laguiadepamplona.com\/actualidad\/wp-content\/uploads\/2021\/12\/cartel-Pacto-de-la-Persona-Mayor-de-Santa-Maria-la-Real.jpg","type":"image\/jpeg"}],"author":"La Gu\u00eda de Pamplona","twitter_card":"summary_large_image","twitter_creator":"@LaGuiadPamplona","twitter_site":"@LaGuiadPamplona","twitter_misc":{"Escrito por":"La Gu\u00eda de Pamplona","Tiempo de lectura":"4 minutos"},"schema":{"@context":"https:\/\/schema.org","@graph":[{"@type":"Article","@id":"https:\/\/www.laguiadepamplona.com\/actualidad\/el-pacto-de-la-persona-mayor-de-santa-maria-la-real-se-pone-en-marcha-con-una-primera-iniciativa-para-elaborar-un-mapeo-de-los-puntos-con-problemas-de-accesibilidad-y-movilidad-en-el-barrio\/#article","isPartOf":{"@id":"https:\/\/www.laguiadepamplona.com\/actualidad\/el-pacto-de-la-persona-mayor-de-santa-maria-la-real-se-pone-en-marcha-con-una-primera-iniciativa-para-elaborar-un-mapeo-de-los-puntos-con-problemas-de-accesibilidad-y-movilidad-en-el-barrio\/"},"author":{"name":"La Gu\u00eda de Pamplona","@id":"https:\/\/www.laguiadepamplona.com\/actualidad\/#\/schema\/person\/efe887376f0213d4657c93adc50b1fdb"},"headline":"El Pacto de la Persona Mayor de Santa Mar\u00eda la Real se pone en marcha con una primera iniciativa para elaborar un mapeo de los puntos con problemas de accesibilidad y movilidad en el barrio","datePublished":"2021-12-02T16:45:22+00:00","dateModified":"2023-04-11T09:48:42+00:00","mainEntityOfPage":{"@id":"https:\/\/www.laguiadepamplona.com\/actualidad\/el-pacto-de-la-persona-mayor-de-santa-maria-la-real-se-pone-en-marcha-con-una-primera-iniciativa-para-elaborar-un-mapeo-de-los-puntos-con-problemas-de-accesibilidad-y-movilidad-en-el-barrio\/"},"wordCount":709,"commentCount":0,"publisher":{"@id":"https:\/\/www.laguiadepamplona.com\/actualidad\/#organization"},"image":{"@id":"https:\/\/www.laguiadepamplona.com\/actualidad\/el-pacto-de-la-persona-mayor-de-santa-maria-la-real-se-pone-en-marcha-con-una-primera-iniciativa-para-elaborar-un-mapeo-de-los-puntos-con-problemas-de-accesibilidad-y-movilidad-en-el-barrio\/#primaryimage"},"thumbnailUrl":"https:\/\/www.laguiadepamplona.com\/actualidad\/wp-content\/uploads\/2021\/12\/cartel-Pacto-de-la-Persona-Mayor-de-Santa-Maria-la-Real.jpg","articleSection":["Ayto Pamplona"],"inLanguage":"es","potentialAction":[{"@type":"CommentAction","name":"Comment","target":["https:\/\/www.laguiadepamplona.com\/actualidad\/el-pacto-de-la-persona-mayor-de-santa-maria-la-real-se-pone-en-marcha-con-una-primera-iniciativa-para-elaborar-un-mapeo-de-los-puntos-con-problemas-de-accesibilidad-y-movilidad-en-el-barrio\/#respond"]}]},{"@type":"WebPage","@id":"https:\/\/www.laguiadepamplona.com\/actualidad\/el-pacto-de-la-persona-mayor-de-santa-maria-la-real-se-pone-en-marcha-con-una-primera-iniciativa-para-elaborar-un-mapeo-de-los-puntos-con-problemas-de-accesibilidad-y-movilidad-en-el-barrio\/","url":"https:\/\/www.laguiadepamplona.com\/actualidad\/el-pacto-de-la-persona-mayor-de-santa-maria-la-real-se-pone-en-marcha-con-una-primera-iniciativa-para-elaborar-un-mapeo-de-los-puntos-con-problemas-de-accesibilidad-y-movilidad-en-el-barrio\/","name":"El Pacto de la Persona Mayor de Santa Mar\u00eda la Real se pone en marcha con una primera iniciativa para elaborar un mapeo de los puntos con problemas de accesibilidad y movilidad en el barrio","isPartOf":{"@id":"https:\/\/www.laguiadepamplona.com\/actualidad\/#website"},"primaryImageOfPage":{"@id":"https:\/\/www.laguiadepamplona.com\/actualidad\/el-pacto-de-la-persona-mayor-de-santa-maria-la-real-se-pone-en-marcha-con-una-primera-iniciativa-para-elaborar-un-mapeo-de-los-puntos-con-problemas-de-accesibilidad-y-movilidad-en-el-barrio\/#primaryimage"},"image":{"@id":"https:\/\/www.laguiadepamplona.com\/actualidad\/el-pacto-de-la-persona-mayor-de-santa-maria-la-real-se-pone-en-marcha-con-una-primera-iniciativa-para-elaborar-un-mapeo-de-los-puntos-con-problemas-de-accesibilidad-y-movilidad-en-el-barrio\/#primaryimage"},"thumbnailUrl":"https:\/\/www.laguiadepamplona.com\/actualidad\/wp-content\/uploads\/2021\/12\/cartel-Pacto-de-la-Persona-Mayor-de-Santa-Maria-la-Real.jpg","datePublished":"2021-12-02T16:45:22+00:00","dateModified":"2023-04-11T09:48:42+00:00","description":"Se han organizado tres paseos, el 9, el 16 de diciembre y el 13 de enero, con distintos recorridos por el barrio, que derivar\u00e1n en propuestas de mejora","breadcrumb":{"@id":"https:\/\/www.laguiadepamplona.com\/actualidad\/el-pacto-de-la-persona-mayor-de-santa-maria-la-real-se-pone-en-marcha-con-una-primera-iniciativa-para-elaborar-un-mapeo-de-los-puntos-con-problemas-de-accesibilidad-y-movilidad-en-el-barrio\/#breadcrumb"},"inLanguage":"es","potentialAction":[{"@type":"ReadAction","target":["https:\/\/www.laguiadepamplona.com\/actualidad\/el-pacto-de-la-persona-mayor-de-santa-maria-la-real-se-pone-en-marcha-con-una-primera-iniciativa-para-elaborar-un-mapeo-de-los-puntos-con-problemas-de-accesibilidad-y-movilidad-en-el-barrio\/"]}]},{"@type":"ImageObject","inLanguage":"es","@id":"https:\/\/www.laguiadepamplona.com\/actualidad\/el-pacto-de-la-persona-mayor-de-santa-maria-la-real-se-pone-en-marcha-con-una-primera-iniciativa-para-elaborar-un-mapeo-de-los-puntos-con-problemas-de-accesibilidad-y-movilidad-en-el-barrio\/#primaryimage","url":"https:\/\/www.laguiadepamplona.com\/actualidad\/wp-content\/uploads\/2021\/12\/cartel-Pacto-de-la-Persona-Mayor-de-Santa-Maria-la-Real.jpg","contentUrl":"https:\/\/www.laguiadepamplona.com\/actualidad\/wp-content\/uploads\/2021\/12\/cartel-Pacto-de-la-Persona-Mayor-de-Santa-Maria-la-Real.jpg","width":1426,"height":849},{"@type":"BreadcrumbList","@id":"https:\/\/www.laguiadepamplona.com\/actualidad\/el-pacto-de-la-persona-mayor-de-santa-maria-la-real-se-pone-en-marcha-con-una-primera-iniciativa-para-elaborar-un-mapeo-de-los-puntos-con-problemas-de-accesibilidad-y-movilidad-en-el-barrio\/#breadcrumb","itemListElement":[{"@type":"ListItem","position":1,"name":"Portada","item":"https:\/\/www.laguiadepamplona.com\/actualidad\/"},{"@type":"ListItem","position":2,"name":"El Pacto de la Persona Mayor de Santa Mar\u00eda la Real se pone en marcha con una primera iniciativa para elaborar un mapeo de los puntos con problemas de accesibilidad y movilidad en el barrio"}]},{"@type":"WebSite","@id":"https:\/\/www.laguiadepamplona.com\/actualidad\/#website","url":"https:\/\/www.laguiadepamplona.com\/actualidad\/","name":"La gu\u00eda de Pamplona","description":"Noticias de Pamplona","publisher":{"@id":"https:\/\/www.laguiadepamplona.com\/actualidad\/#organization"},"potentialAction":[{"@type":"SearchAction","target":{"@type":"EntryPoint","urlTemplate":"https:\/\/www.laguiadepamplona.com\/actualidad\/?s={search_term_string}"},"query-input":{"@type":"PropertyValueSpecification","valueRequired":true,"valueName":"search_term_string"}}],"inLanguage":"es"},{"@type":"Organization","@id":"https:\/\/www.laguiadepamplona.com\/actualidad\/#organization","name":"La Gu\u00eda de Pamplona \/ Noticias","url":"https:\/\/www.laguiadepamplona.com\/actualidad\/","logo":{"@type":"ImageObject","inLanguage":"es","@id":"https:\/\/www.laguiadepamplona.com\/actualidad\/#\/schema\/logo\/image\/","url":"https:\/\/www.laguiadepamplona.com\/actualidad\/wp-content\/uploads\/2018\/11\/logo-laguiadepamplona18-web1.png","contentUrl":"https:\/\/www.laguiadepamplona.com\/actualidad\/wp-content\/uploads\/2018\/11\/logo-laguiadepamplona18-web1.png","width":600,"height":196,"caption":"La Gu\u00eda de Pamplona \/ Noticias"},"image":{"@id":"https:\/\/www.laguiadepamplona.com\/actualidad\/#\/schema\/logo\/image\/"},"sameAs":["https:\/\/www.facebook.com\/laguiadepamplonacom-133175176762273\/?ref=hl","https:\/\/x.com\/LaGuiadPamplona","https:\/\/www.instagram.com\/la_guia_de_pamplona\/","https:\/\/www.youtube.com\/user\/laguiadepamplona"]},{"@type":"Person","@id":"https:\/\/www.laguiadepamplona.com\/actualidad\/#\/schema\/person\/efe887376f0213d4657c93adc50b1fdb","name":"La Gu\u00eda de Pamplona","image":{"@type":"ImageObject","inLanguage":"es","@id":"https:\/\/secure.gravatar.com\/avatar\/b6992f131dc8d30ab0dff15446e9d346d9dbd95992de0fef795073f5ea83a81c?s=96&d=mm&r=g","url":"https:\/\/secure.gravatar.com\/avatar\/b6992f131dc8d30ab0dff15446e9d346d9dbd95992de0fef795073f5ea83a81c?s=96&d=mm&r=g","contentUrl":"https:\/\/secure.gravatar.com\/avatar\/b6992f131dc8d30ab0dff15446e9d346d9dbd95992de0fef795073f5ea83a81c?s=96&d=mm&r=g","caption":"La Gu\u00eda de Pamplona"}}]}},"post_mailing_queue_ids":[],"_links":{"self":[{"href":"https:\/\/www.laguiadepamplona.com\/actualidad\/wp-json\/wp\/v2\/posts\/37825","targetHints":{"allow":["GET"]}}],"collection":[{"href":"https:\/\/www.laguiadepamplona.com\/actualidad\/wp-json\/wp\/v2\/posts"}],"about":[{"href":"https:\/\/www.laguiadepamplona.com\/actualidad\/wp-json\/wp\/v2\/types\/post"}],"author":[{"embeddable":true,"href":"https:\/\/www.laguiadepamplona.com\/actualidad\/wp-json\/wp\/v2\/users\/1"}],"replies":[{"embeddable":true,"href":"https:\/\/www.laguiadepamplona.com\/actualidad\/wp-json\/wp\/v2\/comments?post=37825"}],"version-history":[{"count":0,"href":"https:\/\/www.laguiadepamplona.com\/actualidad\/wp-json\/wp\/v2\/posts\/37825\/revisions"}],"wp:featuredmedia":[{"embeddable":true,"href":"https:\/\/www.laguiadepamplona.com\/actualidad\/wp-json\/wp\/v2\/media\/37826"}],"wp:attachment":[{"href":"https:\/\/www.laguiadepamplona.com\/actualidad\/wp-json\/wp\/v2\/media?parent=37825"}],"wp:term":[{"taxonomy":"category","embeddable":true,"href":"https:\/\/www.laguiadepamplona.com\/actualidad\/wp-json\/wp\/v2\/categories?post=37825"},{"taxonomy":"post_tag","embeddable":true,"href":"https:\/\/www.laguiadepamplona.com\/actualidad\/wp-json\/wp\/v2\/tags?post=37825"}],"curies":[{"name":"wp","href":"https:\/\/api.w.org\/{rel}","templated":true}]}}