{"id":37822,"date":"2021-12-02T18:41:37","date_gmt":"2021-12-02T16:41:37","guid":{"rendered":"https:\/\/www.laguiadepamplona.com\/actualidad\/?p=37822"},"modified":"2023-04-11T11:48:42","modified_gmt":"2023-04-11T09:48:42","slug":"el-arte-visto-desde-el-video-la-fotografia-instalaciones-visuales-o-textiles-la-ciudadela-propone-seis-exposiciones-gratuitas-durante-este-puente","status":"publish","type":"post","link":"https:\/\/www.laguiadepamplona.com\/actualidad\/el-arte-visto-desde-el-video-la-fotografia-instalaciones-visuales-o-textiles-la-ciudadela-propone-seis-exposiciones-gratuitas-durante-este-puente\/","title":{"rendered":"El arte visto desde el video, la fotograf\u00eda, instalaciones visuales o textiles: la Ciudadela propone seis exposiciones gratuitas durante este puente"},"content":{"rendered":"<h5>Se pueden visitar de martes a s\u00e1bados 11.30 a 13.30 y de 18.00 a 20.30, y los domingos y festivos \u00fanicamente en horario de ma\u00f1anas<\/h5>\n<p><!--more--><\/p>\n<p>Las salas de exposiciones de la Ciudadela presentan estos d\u00edas propuestas art\u00edsticas muy variadas que, como es habitual se pueden visitar de manera gratuita de martes a s\u00e1bados en horario de ma\u00f1ana y tarde (de 11.30 a 13.30 y de 18.00 a 20.30) y los domingos y festivos \u00fanicamente en horario de ma\u00f1anas. El Pabell\u00f3n de Mixtos y el Horno de la Ciudadela albergan dos instalaciones visuales en torno a dos temas muy diferentes: la Transici\u00f3n espa\u00f1ola y un homenaje a un pensador y escritor latino. El Pabell\u00f3n de Mixtos invita a hacer un viaje a \u00c1frica a trav\u00e9s de arte textil y telas, y la Sala de Armas, por su parte, se centra en los contenidos audiovisuales. Completan la propuesta dos muestras fotogr\u00e1ficas: una en los exteriores de la Ciudadela y otra en el Polvor\u00edn con instant\u00e1neas en blanco y negro.<br \/>\n<script async src=\"\/\/pagead2.googlesyndication.com\/pagead\/js\/adsbygoogle.js\"><\/script><br \/>\n<!-- Noticias La Guia de Pamplona --><br \/>\n<ins class=\"adsbygoogle\"\nstyle=\"display:block\"\ndata-ad-client=\"ca-pub-6943679897239327\"\ndata-ad-slot=\"7048180777\"\ndata-ad-format=\"auto\"><\/ins><br \/>\n<script>\n(adsbygoogle = window.adsbygoogle || []).push({});\n<\/script><\/p>\n<p><strong>La primera planta de la Sala de Armas de la Ciudadela acoge una mirada al mundo contempor\u00e1neo con \u2018Audiovisiones\u2019. En la muestra, compuesta por 27 obras, la Colecci\u00f3n de Arte Contempor\u00e1neo municipal \u201cdialoga\u201d con otras colecciones privadas de la Asociaci\u00f3n 9915 a trav\u00e9s de diferentes t\u00e9cnicas, formatos y lenguajes expresivos.<\/strong> El Ayuntamiento de Pamplona y la Asociaci\u00f3n 9915 de Coleccionistas privados de Arte Contempor\u00e1neo de Espa\u00f1a hacen as\u00ed una apuesta por los nuevos lenguajes art\u00edstico. El foco de inter\u00e9s de la muestra se centra en la confluencia entre las dimensiones visual y sonora, los dos grandes vectores que condicionan la percepci\u00f3n humana del mundo, en\u00a0<strong>27 obras audiovisuales e instalaciones de distintos coleccionistas, entre ellas siete de la Colecci\u00f3n de Arte Contempor\u00e1neo del Ayuntamiento de Pamplona. <\/strong>Las obras reflejan art\u00edsticamente preocupaciones propias de la contemporaneidad. Desde la inteligencia artificial y los aut\u00f3matas, al terrorismo global, los estereotipos de g\u00e9nero, el vertiginoso ritmo de la vida actual, hasta el papel del Arte en el reflejo o la definici\u00f3n de la identidad, las propuestas componen un collage audiovisual de vivencias presentes en el d\u00eda a d\u00eda, sea o no de manera consciente.<\/p>\n<p>En la primera planta del Pabell\u00f3n de Mixtos la exposici\u00f3n\u00a0\u2018El lenguaje de las telas, arte textil en \u00c1frica Occidental\u2019 expone fotograf\u00edas de\u00a0Kim Manresa\u00a0y las\u00a0creaciones de la dise\u00f1adora Maica de la Carrera en torno a la vestimenta, cuyo origen, como el de los seres humanos, est\u00e1 precisamente en \u00c1frica. Materiales, colores, formas y motivos ayudan a identificar la pertenencia a un pa\u00eds o una etnia, el estatus social de una persona, su profesi\u00f3n o el rango adquirido por la edad. Estas ricas tradiciones textiles est\u00e1n especialmente vivas en \u00c1frica occidental, donde contin\u00faan funcionando los ancestrales telares en los que se producen las bellas telas kente, adinkra, batik, bogolan y korhogo, que pueden verse en las im\u00e1genes de esta exposici\u00f3n. Pero la belleza est\u00e1 tambi\u00e9n vinculada a la t\u00e9cnica y esta es la propuesta de un viaje \u201cvisual\u201d a trav\u00e9s de las fotograf\u00edas de Kim Manresa.<br \/>\n<script async src=\"\/\/pagead2.googlesyndication.com\/pagead\/js\/adsbygoogle.js\"><\/script><br \/>\n<!-- Noticias La Guia de Pamplona --><br \/>\n<ins class=\"adsbygoogle\"\nstyle=\"display:block\"\ndata-ad-client=\"ca-pub-6943679897239327\"\ndata-ad-slot=\"7048180777\"\ndata-ad-format=\"auto\"><\/ins><br \/>\n<script>\n(adsbygoogle = window.adsbygoogle || []).push({});\n<\/script><\/p>\n<p><strong>Una mirada hacia el interior de la persona o hacia el exterior, con los lugares m\u00e1s atractivos de la ciudad<\/strong><\/p>\n<p>La\u00a0<strong>sala Polvor\u00edn de Ciudadela acoge la exposici\u00f3n \u2018MOODS\u2019 de la artista Roberta de Nicola, <\/strong>compuesta por 41 fotograf\u00edas en blanco y negro realizadas en los \u00faltimos a\u00f1os en localidades de Italia, Suiza y Espa\u00f1a. <strong>Se trata de una meditaci\u00f3n con luz, una b\u00fasqueda de lo que sucede en el espacio donde las cosas aun no est\u00e1n, pero est\u00e1n por convertirse.<\/strong>\u00a0Piedras que se convierten en cuerpos, movimientos del alma que se convierten en emociones, fracturas repentinas en el espeso manto de la existencia. Esta muestra recuerda la iconograf\u00eda sagrada de los tr\u00edpticos y d\u00edpticos, cuestionando el tiempo y el ser en su verdadera naturaleza. Fragilidad, miedo, abandono, pertenencia, amor, eros, \u00e9xtasis o voluptuosidad, se vuelven aqu\u00ed generadores constantes de sentimientos universales, que pueblan lo animado y lo que no.<\/p>\n<p>La fotograf\u00eda tambi\u00e9n es protagonista en los jardines exteriores de la Ciudadela, que acogen una muestra al aire libre en la que se exponen las instant\u00e1neas de Navarra seleccionadas en el concurso \u2018VisitSpain\u2019, en el que el Ayuntamiento de Pamplona particip\u00f3 junto con una veintena de entidades locales. Se trata de 22 fotograf\u00edas enviadas por autores de esta Comunidad en las que se ha valorado la manera en la que dan a conocer el entorno y la cultura de la zona. La muestra, que se puede visitar de manera gratuita, es fruto de la convocatoria fotogr\u00e1fica \u2018VisitSpain\u2019 emprendida por PhotoEspa\u00f1a en la que la colaboraci\u00f3n del Ayuntamiento de Pamplona. Una convocatoria tanto para las ciudades como para sus habitantes que buscaba la ilusi\u00f3n colectiva y realizar un homenaje a la creatividad de todos los ciudadanos.<br \/>\n<script async src=\"\/\/pagead2.googlesyndication.com\/pagead\/js\/adsbygoogle.js\"><\/script><br \/>\n<!-- Noticias La Guia de Pamplona --><br \/>\n<ins class=\"adsbygoogle\"\nstyle=\"display:block\"\ndata-ad-client=\"ca-pub-6943679897239327\"\ndata-ad-slot=\"7048180777\"\ndata-ad-format=\"auto\"><\/ins><br \/>\n<script>\n(adsbygoogle = window.adsbygoogle || []).push({});\n<\/script><\/p>\n<p><strong>Arte multidisciplinar a trav\u00e9s de dos montajes<\/strong><\/p>\n<p>La planta baja del Pabell\u00f3n de Mixtos ofrece un viaje en el tiempo hasta la Transici\u00f3n espa\u00f1ola con \u2018Desataduras\u2019, una muestra compuesta por varias instalaciones construidas con palabras, frases y juegos \u00f3pticos sobre grandes papeles de color. Su artista, Nerea Lekuona ofrece una perspectiva cr\u00edtica para desatar, tambi\u00e9n, las mentalidades, las memorias, las voluntades, los deseos y los proyectos colectivos de emancipaci\u00f3n. Cada una de las palabras o frases que cubren los grandes papeles de color que invaden las salas, se expanden en el espacio junto a otros elementos conformando una instalaci\u00f3n.<\/p>\n<p>Cada una de las instalaciones de \u2018Desataduras\u2019 se engarza con la siguiente dando lugar a un texto expandido recargado de significado gracias a las operaciones sint\u00e1cticas que se producen en cada sala. Cuestiones como\u00a0el archivo\u00a0(la memoria en movimiento),\u00a0el color\u00a0(tono y luminosidad de cada sala),\u00a0la graf\u00eda\u00a0(en el centro de la jugada y en toda su extensi\u00f3n),\u00a0los juegos \u00f3pticos\u00a0(reflejos, reflexiones, perspectivas), as\u00ed como\u00a0el punto y el contrapunto, se articulan para dar sentido a cada instalaci\u00f3n y a la instalaci\u00f3n de instalaciones que es la exposici\u00f3n.<\/p>\n<p>Otro montaje, en el Horno de la Ciudadela, homenajea la poes\u00eda del escritor y pensador cubano Jos\u00e9 Lezama, considerado uno de los autores m\u00e1s importantes de su pa\u00eds y de la literatura hispanoamericana.<strong> \u2018El estampido de la vacuidad\u2019<\/strong>, una obra de los artistas\u00a0<strong>Eugenio Ortiz y Javier Mugueta,<\/strong> pretende materializar la idea del poema \u201cEl pabell\u00f3n del Vac\u00edo\u201d, \u00faltimo publicado por el autor en 1976. La obra se articula en torno a la inserci\u00f3n de varios elementos secuenciales estructurales de color y geometr\u00eda y una serie de maquetas arquitect\u00f3nicas que abren la posibilidad de materializar el Pabell\u00f3n con su resonancia y privada vacuidad. Cabe destacar que se trata de una obra \u2018port\u00e1til\u2019, mediante la lectura de un c\u00f3digo QR. El visitante podr\u00e1 descargar en su tel\u00e9fono m\u00f3vil un archivo digital que podr\u00e1 reproducir en cualquier momento, para volver a disfrutar de la obra.<\/p>\n","protected":false},"excerpt":{"rendered":"<p>Se pueden visitar de martes a s\u00e1bados 11.30 a 13.30 y de 18.00 a 20.30, y los domingos y festivos \u00fanicamente en horario de ma\u00f1anas<\/p>\n","protected":false},"author":1,"featured_media":37823,"comment_status":"open","ping_status":"closed","sticky":false,"template":"","format":"standard","meta":{"footnotes":""},"categories":[2],"tags":[],"class_list":["post-37822","post","type-post","status-publish","format-standard","has-post-thumbnail","hentry","category-ayuntamiento-pamplona"],"yoast_head":"<!-- This site is optimized with the Yoast SEO plugin v27.3 - https:\/\/yoast.com\/product\/yoast-seo-wordpress\/ -->\n<title>El arte visto desde el video, la fotograf\u00eda, instalaciones visuales o textiles: la Ciudadela propone seis exposiciones gratuitas durante este puente<\/title>\n<meta name=\"description\" content=\"Se pueden visitar de martes a s\u00e1bados 11.30 a 13.30 y de 18.00 a 20.30, y los domingos y festivos \u00fanicamente en horario de ma\u00f1anas\" \/>\n<meta name=\"robots\" content=\"index, follow, max-snippet:-1, max-image-preview:large, max-video-preview:-1\" \/>\n<link rel=\"canonical\" href=\"https:\/\/www.laguiadepamplona.com\/actualidad\/el-arte-visto-desde-el-video-la-fotografia-instalaciones-visuales-o-textiles-la-ciudadela-propone-seis-exposiciones-gratuitas-durante-este-puente\/\" \/>\n<meta property=\"og:locale\" content=\"es_ES\" \/>\n<meta property=\"og:type\" content=\"article\" \/>\n<meta property=\"og:title\" content=\"El arte visto desde el video, la fotograf\u00eda, instalaciones visuales o textiles: la Ciudadela propone seis exposiciones gratuitas durante este puente\" \/>\n<meta property=\"og:description\" content=\"Se pueden visitar de martes a s\u00e1bados 11.30 a 13.30 y de 18.00 a 20.30, y los domingos y festivos \u00fanicamente en horario de ma\u00f1anas\" \/>\n<meta property=\"og:url\" content=\"https:\/\/www.laguiadepamplona.com\/actualidad\/el-arte-visto-desde-el-video-la-fotografia-instalaciones-visuales-o-textiles-la-ciudadela-propone-seis-exposiciones-gratuitas-durante-este-puente\/\" \/>\n<meta property=\"og:site_name\" content=\"La Gu\u00eda de Pamplona\" \/>\n<meta property=\"article:publisher\" content=\"https:\/\/www.facebook.com\/laguiadepamplonacom-133175176762273\/?ref=hl\" \/>\n<meta property=\"article:published_time\" content=\"2021-12-02T16:41:37+00:00\" \/>\n<meta property=\"article:modified_time\" content=\"2023-04-11T09:48:42+00:00\" \/>\n<meta property=\"og:image\" content=\"https:\/\/www.laguiadepamplona.com\/actualidad\/wp-content\/uploads\/2021\/12\/exposiciones-ciudadela.jpg\" \/>\n\t<meta property=\"og:image:width\" content=\"1918\" \/>\n\t<meta property=\"og:image:height\" content=\"1080\" \/>\n\t<meta property=\"og:image:type\" content=\"image\/jpeg\" \/>\n<meta name=\"author\" content=\"La Gu\u00eda de Pamplona\" \/>\n<meta name=\"twitter:card\" content=\"summary_large_image\" \/>\n<meta name=\"twitter:creator\" content=\"@LaGuiadPamplona\" \/>\n<meta name=\"twitter:site\" content=\"@LaGuiadPamplona\" \/>\n<meta name=\"twitter:label1\" content=\"Escrito por\" \/>\n\t<meta name=\"twitter:data1\" content=\"La Gu\u00eda de Pamplona\" \/>\n\t<meta name=\"twitter:label2\" content=\"Tiempo de lectura\" \/>\n\t<meta name=\"twitter:data2\" content=\"5 minutos\" \/>\n<script type=\"application\/ld+json\" class=\"yoast-schema-graph\">{\"@context\":\"https:\\\/\\\/schema.org\",\"@graph\":[{\"@type\":\"Article\",\"@id\":\"https:\\\/\\\/www.laguiadepamplona.com\\\/actualidad\\\/el-arte-visto-desde-el-video-la-fotografia-instalaciones-visuales-o-textiles-la-ciudadela-propone-seis-exposiciones-gratuitas-durante-este-puente\\\/#article\",\"isPartOf\":{\"@id\":\"https:\\\/\\\/www.laguiadepamplona.com\\\/actualidad\\\/el-arte-visto-desde-el-video-la-fotografia-instalaciones-visuales-o-textiles-la-ciudadela-propone-seis-exposiciones-gratuitas-durante-este-puente\\\/\"},\"author\":{\"name\":\"La Gu\u00eda de Pamplona\",\"@id\":\"https:\\\/\\\/www.laguiadepamplona.com\\\/actualidad\\\/#\\\/schema\\\/person\\\/efe887376f0213d4657c93adc50b1fdb\"},\"headline\":\"El arte visto desde el video, la fotograf\u00eda, instalaciones visuales o textiles: la Ciudadela propone seis exposiciones gratuitas durante este puente\",\"datePublished\":\"2021-12-02T16:41:37+00:00\",\"dateModified\":\"2023-04-11T09:48:42+00:00\",\"mainEntityOfPage\":{\"@id\":\"https:\\\/\\\/www.laguiadepamplona.com\\\/actualidad\\\/el-arte-visto-desde-el-video-la-fotografia-instalaciones-visuales-o-textiles-la-ciudadela-propone-seis-exposiciones-gratuitas-durante-este-puente\\\/\"},\"wordCount\":1228,\"commentCount\":0,\"publisher\":{\"@id\":\"https:\\\/\\\/www.laguiadepamplona.com\\\/actualidad\\\/#organization\"},\"image\":{\"@id\":\"https:\\\/\\\/www.laguiadepamplona.com\\\/actualidad\\\/el-arte-visto-desde-el-video-la-fotografia-instalaciones-visuales-o-textiles-la-ciudadela-propone-seis-exposiciones-gratuitas-durante-este-puente\\\/#primaryimage\"},\"thumbnailUrl\":\"https:\\\/\\\/www.laguiadepamplona.com\\\/actualidad\\\/wp-content\\\/uploads\\\/2021\\\/12\\\/exposiciones-ciudadela.jpg\",\"articleSection\":[\"Ayto Pamplona\"],\"inLanguage\":\"es\",\"potentialAction\":[{\"@type\":\"CommentAction\",\"name\":\"Comment\",\"target\":[\"https:\\\/\\\/www.laguiadepamplona.com\\\/actualidad\\\/el-arte-visto-desde-el-video-la-fotografia-instalaciones-visuales-o-textiles-la-ciudadela-propone-seis-exposiciones-gratuitas-durante-este-puente\\\/#respond\"]}]},{\"@type\":\"WebPage\",\"@id\":\"https:\\\/\\\/www.laguiadepamplona.com\\\/actualidad\\\/el-arte-visto-desde-el-video-la-fotografia-instalaciones-visuales-o-textiles-la-ciudadela-propone-seis-exposiciones-gratuitas-durante-este-puente\\\/\",\"url\":\"https:\\\/\\\/www.laguiadepamplona.com\\\/actualidad\\\/el-arte-visto-desde-el-video-la-fotografia-instalaciones-visuales-o-textiles-la-ciudadela-propone-seis-exposiciones-gratuitas-durante-este-puente\\\/\",\"name\":\"El arte visto desde el video, la fotograf\u00eda, instalaciones visuales o textiles: la Ciudadela propone seis exposiciones gratuitas durante este puente\",\"isPartOf\":{\"@id\":\"https:\\\/\\\/www.laguiadepamplona.com\\\/actualidad\\\/#website\"},\"primaryImageOfPage\":{\"@id\":\"https:\\\/\\\/www.laguiadepamplona.com\\\/actualidad\\\/el-arte-visto-desde-el-video-la-fotografia-instalaciones-visuales-o-textiles-la-ciudadela-propone-seis-exposiciones-gratuitas-durante-este-puente\\\/#primaryimage\"},\"image\":{\"@id\":\"https:\\\/\\\/www.laguiadepamplona.com\\\/actualidad\\\/el-arte-visto-desde-el-video-la-fotografia-instalaciones-visuales-o-textiles-la-ciudadela-propone-seis-exposiciones-gratuitas-durante-este-puente\\\/#primaryimage\"},\"thumbnailUrl\":\"https:\\\/\\\/www.laguiadepamplona.com\\\/actualidad\\\/wp-content\\\/uploads\\\/2021\\\/12\\\/exposiciones-ciudadela.jpg\",\"datePublished\":\"2021-12-02T16:41:37+00:00\",\"dateModified\":\"2023-04-11T09:48:42+00:00\",\"description\":\"Se pueden visitar de martes a s\u00e1bados 11.30 a 13.30 y de 18.00 a 20.30, y los domingos y festivos \u00fanicamente en horario de ma\u00f1anas\",\"breadcrumb\":{\"@id\":\"https:\\\/\\\/www.laguiadepamplona.com\\\/actualidad\\\/el-arte-visto-desde-el-video-la-fotografia-instalaciones-visuales-o-textiles-la-ciudadela-propone-seis-exposiciones-gratuitas-durante-este-puente\\\/#breadcrumb\"},\"inLanguage\":\"es\",\"potentialAction\":[{\"@type\":\"ReadAction\",\"target\":[\"https:\\\/\\\/www.laguiadepamplona.com\\\/actualidad\\\/el-arte-visto-desde-el-video-la-fotografia-instalaciones-visuales-o-textiles-la-ciudadela-propone-seis-exposiciones-gratuitas-durante-este-puente\\\/\"]}]},{\"@type\":\"ImageObject\",\"inLanguage\":\"es\",\"@id\":\"https:\\\/\\\/www.laguiadepamplona.com\\\/actualidad\\\/el-arte-visto-desde-el-video-la-fotografia-instalaciones-visuales-o-textiles-la-ciudadela-propone-seis-exposiciones-gratuitas-durante-este-puente\\\/#primaryimage\",\"url\":\"https:\\\/\\\/www.laguiadepamplona.com\\\/actualidad\\\/wp-content\\\/uploads\\\/2021\\\/12\\\/exposiciones-ciudadela.jpg\",\"contentUrl\":\"https:\\\/\\\/www.laguiadepamplona.com\\\/actualidad\\\/wp-content\\\/uploads\\\/2021\\\/12\\\/exposiciones-ciudadela.jpg\",\"width\":1918,\"height\":1080},{\"@type\":\"BreadcrumbList\",\"@id\":\"https:\\\/\\\/www.laguiadepamplona.com\\\/actualidad\\\/el-arte-visto-desde-el-video-la-fotografia-instalaciones-visuales-o-textiles-la-ciudadela-propone-seis-exposiciones-gratuitas-durante-este-puente\\\/#breadcrumb\",\"itemListElement\":[{\"@type\":\"ListItem\",\"position\":1,\"name\":\"Portada\",\"item\":\"https:\\\/\\\/www.laguiadepamplona.com\\\/actualidad\\\/\"},{\"@type\":\"ListItem\",\"position\":2,\"name\":\"El arte visto desde el video, la fotograf\u00eda, instalaciones visuales o textiles: la Ciudadela propone seis exposiciones gratuitas durante este puente\"}]},{\"@type\":\"WebSite\",\"@id\":\"https:\\\/\\\/www.laguiadepamplona.com\\\/actualidad\\\/#website\",\"url\":\"https:\\\/\\\/www.laguiadepamplona.com\\\/actualidad\\\/\",\"name\":\"La gu\u00eda de Pamplona\",\"description\":\"Noticias de Pamplona\",\"publisher\":{\"@id\":\"https:\\\/\\\/www.laguiadepamplona.com\\\/actualidad\\\/#organization\"},\"potentialAction\":[{\"@type\":\"SearchAction\",\"target\":{\"@type\":\"EntryPoint\",\"urlTemplate\":\"https:\\\/\\\/www.laguiadepamplona.com\\\/actualidad\\\/?s={search_term_string}\"},\"query-input\":{\"@type\":\"PropertyValueSpecification\",\"valueRequired\":true,\"valueName\":\"search_term_string\"}}],\"inLanguage\":\"es\"},{\"@type\":\"Organization\",\"@id\":\"https:\\\/\\\/www.laguiadepamplona.com\\\/actualidad\\\/#organization\",\"name\":\"La Gu\u00eda de Pamplona \\\/ Noticias\",\"url\":\"https:\\\/\\\/www.laguiadepamplona.com\\\/actualidad\\\/\",\"logo\":{\"@type\":\"ImageObject\",\"inLanguage\":\"es\",\"@id\":\"https:\\\/\\\/www.laguiadepamplona.com\\\/actualidad\\\/#\\\/schema\\\/logo\\\/image\\\/\",\"url\":\"https:\\\/\\\/www.laguiadepamplona.com\\\/actualidad\\\/wp-content\\\/uploads\\\/2018\\\/11\\\/logo-laguiadepamplona18-web1.png\",\"contentUrl\":\"https:\\\/\\\/www.laguiadepamplona.com\\\/actualidad\\\/wp-content\\\/uploads\\\/2018\\\/11\\\/logo-laguiadepamplona18-web1.png\",\"width\":600,\"height\":196,\"caption\":\"La Gu\u00eda de Pamplona \\\/ Noticias\"},\"image\":{\"@id\":\"https:\\\/\\\/www.laguiadepamplona.com\\\/actualidad\\\/#\\\/schema\\\/logo\\\/image\\\/\"},\"sameAs\":[\"https:\\\/\\\/www.facebook.com\\\/laguiadepamplonacom-133175176762273\\\/?ref=hl\",\"https:\\\/\\\/x.com\\\/LaGuiadPamplona\",\"https:\\\/\\\/www.instagram.com\\\/la_guia_de_pamplona\\\/\",\"https:\\\/\\\/www.youtube.com\\\/user\\\/laguiadepamplona\"]},{\"@type\":\"Person\",\"@id\":\"https:\\\/\\\/www.laguiadepamplona.com\\\/actualidad\\\/#\\\/schema\\\/person\\\/efe887376f0213d4657c93adc50b1fdb\",\"name\":\"La Gu\u00eda de Pamplona\",\"image\":{\"@type\":\"ImageObject\",\"inLanguage\":\"es\",\"@id\":\"https:\\\/\\\/secure.gravatar.com\\\/avatar\\\/b6992f131dc8d30ab0dff15446e9d346d9dbd95992de0fef795073f5ea83a81c?s=96&d=mm&r=g\",\"url\":\"https:\\\/\\\/secure.gravatar.com\\\/avatar\\\/b6992f131dc8d30ab0dff15446e9d346d9dbd95992de0fef795073f5ea83a81c?s=96&d=mm&r=g\",\"contentUrl\":\"https:\\\/\\\/secure.gravatar.com\\\/avatar\\\/b6992f131dc8d30ab0dff15446e9d346d9dbd95992de0fef795073f5ea83a81c?s=96&d=mm&r=g\",\"caption\":\"La Gu\u00eda de Pamplona\"}}]}<\/script>\n<!-- \/ Yoast SEO plugin. -->","yoast_head_json":{"title":"El arte visto desde el video, la fotograf\u00eda, instalaciones visuales o textiles: la Ciudadela propone seis exposiciones gratuitas durante este puente","description":"Se pueden visitar de martes a s\u00e1bados 11.30 a 13.30 y de 18.00 a 20.30, y los domingos y festivos \u00fanicamente en horario de ma\u00f1anas","robots":{"index":"index","follow":"follow","max-snippet":"max-snippet:-1","max-image-preview":"max-image-preview:large","max-video-preview":"max-video-preview:-1"},"canonical":"https:\/\/www.laguiadepamplona.com\/actualidad\/el-arte-visto-desde-el-video-la-fotografia-instalaciones-visuales-o-textiles-la-ciudadela-propone-seis-exposiciones-gratuitas-durante-este-puente\/","og_locale":"es_ES","og_type":"article","og_title":"El arte visto desde el video, la fotograf\u00eda, instalaciones visuales o textiles: la Ciudadela propone seis exposiciones gratuitas durante este puente","og_description":"Se pueden visitar de martes a s\u00e1bados 11.30 a 13.30 y de 18.00 a 20.30, y los domingos y festivos \u00fanicamente en horario de ma\u00f1anas","og_url":"https:\/\/www.laguiadepamplona.com\/actualidad\/el-arte-visto-desde-el-video-la-fotografia-instalaciones-visuales-o-textiles-la-ciudadela-propone-seis-exposiciones-gratuitas-durante-este-puente\/","og_site_name":"La Gu\u00eda de Pamplona","article_publisher":"https:\/\/www.facebook.com\/laguiadepamplonacom-133175176762273\/?ref=hl","article_published_time":"2021-12-02T16:41:37+00:00","article_modified_time":"2023-04-11T09:48:42+00:00","og_image":[{"width":1918,"height":1080,"url":"https:\/\/www.laguiadepamplona.com\/actualidad\/wp-content\/uploads\/2021\/12\/exposiciones-ciudadela.jpg","type":"image\/jpeg"}],"author":"La Gu\u00eda de Pamplona","twitter_card":"summary_large_image","twitter_creator":"@LaGuiadPamplona","twitter_site":"@LaGuiadPamplona","twitter_misc":{"Escrito por":"La Gu\u00eda de Pamplona","Tiempo de lectura":"5 minutos"},"schema":{"@context":"https:\/\/schema.org","@graph":[{"@type":"Article","@id":"https:\/\/www.laguiadepamplona.com\/actualidad\/el-arte-visto-desde-el-video-la-fotografia-instalaciones-visuales-o-textiles-la-ciudadela-propone-seis-exposiciones-gratuitas-durante-este-puente\/#article","isPartOf":{"@id":"https:\/\/www.laguiadepamplona.com\/actualidad\/el-arte-visto-desde-el-video-la-fotografia-instalaciones-visuales-o-textiles-la-ciudadela-propone-seis-exposiciones-gratuitas-durante-este-puente\/"},"author":{"name":"La Gu\u00eda de Pamplona","@id":"https:\/\/www.laguiadepamplona.com\/actualidad\/#\/schema\/person\/efe887376f0213d4657c93adc50b1fdb"},"headline":"El arte visto desde el video, la fotograf\u00eda, instalaciones visuales o textiles: la Ciudadela propone seis exposiciones gratuitas durante este puente","datePublished":"2021-12-02T16:41:37+00:00","dateModified":"2023-04-11T09:48:42+00:00","mainEntityOfPage":{"@id":"https:\/\/www.laguiadepamplona.com\/actualidad\/el-arte-visto-desde-el-video-la-fotografia-instalaciones-visuales-o-textiles-la-ciudadela-propone-seis-exposiciones-gratuitas-durante-este-puente\/"},"wordCount":1228,"commentCount":0,"publisher":{"@id":"https:\/\/www.laguiadepamplona.com\/actualidad\/#organization"},"image":{"@id":"https:\/\/www.laguiadepamplona.com\/actualidad\/el-arte-visto-desde-el-video-la-fotografia-instalaciones-visuales-o-textiles-la-ciudadela-propone-seis-exposiciones-gratuitas-durante-este-puente\/#primaryimage"},"thumbnailUrl":"https:\/\/www.laguiadepamplona.com\/actualidad\/wp-content\/uploads\/2021\/12\/exposiciones-ciudadela.jpg","articleSection":["Ayto Pamplona"],"inLanguage":"es","potentialAction":[{"@type":"CommentAction","name":"Comment","target":["https:\/\/www.laguiadepamplona.com\/actualidad\/el-arte-visto-desde-el-video-la-fotografia-instalaciones-visuales-o-textiles-la-ciudadela-propone-seis-exposiciones-gratuitas-durante-este-puente\/#respond"]}]},{"@type":"WebPage","@id":"https:\/\/www.laguiadepamplona.com\/actualidad\/el-arte-visto-desde-el-video-la-fotografia-instalaciones-visuales-o-textiles-la-ciudadela-propone-seis-exposiciones-gratuitas-durante-este-puente\/","url":"https:\/\/www.laguiadepamplona.com\/actualidad\/el-arte-visto-desde-el-video-la-fotografia-instalaciones-visuales-o-textiles-la-ciudadela-propone-seis-exposiciones-gratuitas-durante-este-puente\/","name":"El arte visto desde el video, la fotograf\u00eda, instalaciones visuales o textiles: la Ciudadela propone seis exposiciones gratuitas durante este puente","isPartOf":{"@id":"https:\/\/www.laguiadepamplona.com\/actualidad\/#website"},"primaryImageOfPage":{"@id":"https:\/\/www.laguiadepamplona.com\/actualidad\/el-arte-visto-desde-el-video-la-fotografia-instalaciones-visuales-o-textiles-la-ciudadela-propone-seis-exposiciones-gratuitas-durante-este-puente\/#primaryimage"},"image":{"@id":"https:\/\/www.laguiadepamplona.com\/actualidad\/el-arte-visto-desde-el-video-la-fotografia-instalaciones-visuales-o-textiles-la-ciudadela-propone-seis-exposiciones-gratuitas-durante-este-puente\/#primaryimage"},"thumbnailUrl":"https:\/\/www.laguiadepamplona.com\/actualidad\/wp-content\/uploads\/2021\/12\/exposiciones-ciudadela.jpg","datePublished":"2021-12-02T16:41:37+00:00","dateModified":"2023-04-11T09:48:42+00:00","description":"Se pueden visitar de martes a s\u00e1bados 11.30 a 13.30 y de 18.00 a 20.30, y los domingos y festivos \u00fanicamente en horario de ma\u00f1anas","breadcrumb":{"@id":"https:\/\/www.laguiadepamplona.com\/actualidad\/el-arte-visto-desde-el-video-la-fotografia-instalaciones-visuales-o-textiles-la-ciudadela-propone-seis-exposiciones-gratuitas-durante-este-puente\/#breadcrumb"},"inLanguage":"es","potentialAction":[{"@type":"ReadAction","target":["https:\/\/www.laguiadepamplona.com\/actualidad\/el-arte-visto-desde-el-video-la-fotografia-instalaciones-visuales-o-textiles-la-ciudadela-propone-seis-exposiciones-gratuitas-durante-este-puente\/"]}]},{"@type":"ImageObject","inLanguage":"es","@id":"https:\/\/www.laguiadepamplona.com\/actualidad\/el-arte-visto-desde-el-video-la-fotografia-instalaciones-visuales-o-textiles-la-ciudadela-propone-seis-exposiciones-gratuitas-durante-este-puente\/#primaryimage","url":"https:\/\/www.laguiadepamplona.com\/actualidad\/wp-content\/uploads\/2021\/12\/exposiciones-ciudadela.jpg","contentUrl":"https:\/\/www.laguiadepamplona.com\/actualidad\/wp-content\/uploads\/2021\/12\/exposiciones-ciudadela.jpg","width":1918,"height":1080},{"@type":"BreadcrumbList","@id":"https:\/\/www.laguiadepamplona.com\/actualidad\/el-arte-visto-desde-el-video-la-fotografia-instalaciones-visuales-o-textiles-la-ciudadela-propone-seis-exposiciones-gratuitas-durante-este-puente\/#breadcrumb","itemListElement":[{"@type":"ListItem","position":1,"name":"Portada","item":"https:\/\/www.laguiadepamplona.com\/actualidad\/"},{"@type":"ListItem","position":2,"name":"El arte visto desde el video, la fotograf\u00eda, instalaciones visuales o textiles: la Ciudadela propone seis exposiciones gratuitas durante este puente"}]},{"@type":"WebSite","@id":"https:\/\/www.laguiadepamplona.com\/actualidad\/#website","url":"https:\/\/www.laguiadepamplona.com\/actualidad\/","name":"La gu\u00eda de Pamplona","description":"Noticias de Pamplona","publisher":{"@id":"https:\/\/www.laguiadepamplona.com\/actualidad\/#organization"},"potentialAction":[{"@type":"SearchAction","target":{"@type":"EntryPoint","urlTemplate":"https:\/\/www.laguiadepamplona.com\/actualidad\/?s={search_term_string}"},"query-input":{"@type":"PropertyValueSpecification","valueRequired":true,"valueName":"search_term_string"}}],"inLanguage":"es"},{"@type":"Organization","@id":"https:\/\/www.laguiadepamplona.com\/actualidad\/#organization","name":"La Gu\u00eda de Pamplona \/ Noticias","url":"https:\/\/www.laguiadepamplona.com\/actualidad\/","logo":{"@type":"ImageObject","inLanguage":"es","@id":"https:\/\/www.laguiadepamplona.com\/actualidad\/#\/schema\/logo\/image\/","url":"https:\/\/www.laguiadepamplona.com\/actualidad\/wp-content\/uploads\/2018\/11\/logo-laguiadepamplona18-web1.png","contentUrl":"https:\/\/www.laguiadepamplona.com\/actualidad\/wp-content\/uploads\/2018\/11\/logo-laguiadepamplona18-web1.png","width":600,"height":196,"caption":"La Gu\u00eda de Pamplona \/ Noticias"},"image":{"@id":"https:\/\/www.laguiadepamplona.com\/actualidad\/#\/schema\/logo\/image\/"},"sameAs":["https:\/\/www.facebook.com\/laguiadepamplonacom-133175176762273\/?ref=hl","https:\/\/x.com\/LaGuiadPamplona","https:\/\/www.instagram.com\/la_guia_de_pamplona\/","https:\/\/www.youtube.com\/user\/laguiadepamplona"]},{"@type":"Person","@id":"https:\/\/www.laguiadepamplona.com\/actualidad\/#\/schema\/person\/efe887376f0213d4657c93adc50b1fdb","name":"La Gu\u00eda de Pamplona","image":{"@type":"ImageObject","inLanguage":"es","@id":"https:\/\/secure.gravatar.com\/avatar\/b6992f131dc8d30ab0dff15446e9d346d9dbd95992de0fef795073f5ea83a81c?s=96&d=mm&r=g","url":"https:\/\/secure.gravatar.com\/avatar\/b6992f131dc8d30ab0dff15446e9d346d9dbd95992de0fef795073f5ea83a81c?s=96&d=mm&r=g","contentUrl":"https:\/\/secure.gravatar.com\/avatar\/b6992f131dc8d30ab0dff15446e9d346d9dbd95992de0fef795073f5ea83a81c?s=96&d=mm&r=g","caption":"La Gu\u00eda de Pamplona"}}]}},"post_mailing_queue_ids":[],"_links":{"self":[{"href":"https:\/\/www.laguiadepamplona.com\/actualidad\/wp-json\/wp\/v2\/posts\/37822","targetHints":{"allow":["GET"]}}],"collection":[{"href":"https:\/\/www.laguiadepamplona.com\/actualidad\/wp-json\/wp\/v2\/posts"}],"about":[{"href":"https:\/\/www.laguiadepamplona.com\/actualidad\/wp-json\/wp\/v2\/types\/post"}],"author":[{"embeddable":true,"href":"https:\/\/www.laguiadepamplona.com\/actualidad\/wp-json\/wp\/v2\/users\/1"}],"replies":[{"embeddable":true,"href":"https:\/\/www.laguiadepamplona.com\/actualidad\/wp-json\/wp\/v2\/comments?post=37822"}],"version-history":[{"count":0,"href":"https:\/\/www.laguiadepamplona.com\/actualidad\/wp-json\/wp\/v2\/posts\/37822\/revisions"}],"wp:featuredmedia":[{"embeddable":true,"href":"https:\/\/www.laguiadepamplona.com\/actualidad\/wp-json\/wp\/v2\/media\/37823"}],"wp:attachment":[{"href":"https:\/\/www.laguiadepamplona.com\/actualidad\/wp-json\/wp\/v2\/media?parent=37822"}],"wp:term":[{"taxonomy":"category","embeddable":true,"href":"https:\/\/www.laguiadepamplona.com\/actualidad\/wp-json\/wp\/v2\/categories?post=37822"},{"taxonomy":"post_tag","embeddable":true,"href":"https:\/\/www.laguiadepamplona.com\/actualidad\/wp-json\/wp\/v2\/tags?post=37822"}],"curies":[{"name":"wp","href":"https:\/\/api.w.org\/{rel}","templated":true}]}}