{"id":37816,"date":"2021-12-01T17:51:01","date_gmt":"2021-12-01T15:51:01","guid":{"rendered":"https:\/\/www.laguiadepamplona.com\/actualidad\/?p=37816"},"modified":"2023-04-11T11:48:42","modified_gmt":"2023-04-11T09:48:42","slug":"concluye-el-programa-que-el-ayuntamiento-pamplona-en-colaboracion-con-elkarkide-ha-desarrollado-para-la-contratacion-de-ocho-personas-desempleadas-con-trastorno-mental","status":"publish","type":"post","link":"https:\/\/www.laguiadepamplona.com\/actualidad\/concluye-el-programa-que-el-ayuntamiento-pamplona-en-colaboracion-con-elkarkide-ha-desarrollado-para-la-contratacion-de-ocho-personas-desempleadas-con-trastorno-mental\/","title":{"rendered":"Concluye el programa que el Ayuntamiento Pamplona, en colaboraci\u00f3n con Elkarkide, ha desarrollado para la contrataci\u00f3n de ocho personas desempleadas con trastorno mental"},"content":{"rendered":"<h5>Siete personas continuar\u00e1n un itinerario personal para su incorporaci\u00f3n laboral tras formarse en mantenimiento de mobiliario y actividades agr\u00edcolas auxiliares<\/h5>\n<p><!--more--><\/p>\n<p>El Ayuntamiento de Pamplona ha clausurado esta ma\u00f1ana el programa de contrataci\u00f3n de personas desempleadas con trastorno mental que se ha llevado a cabo en colaboraci\u00f3n con Elkarkide. Ocho personas, cinco mujeres y tres hombres, se han formado durante seis meses para realizar labores de mantenimiento y pintura de mobiliario urbano y actividades agr\u00edcolas auxiliares. El proyecto ha estado subvencionado por el Servicio Navarro de Empleo y el Servicio P\u00fablico de Empleo Estatal. La directora de Servicios Sociales, Olivia Elizari, ha participado esta ma\u00f1ana en la clausura del programa.<br \/>\n<script async src=\"\/\/pagead2.googlesyndication.com\/pagead\/js\/adsbygoogle.js\"><\/script><br \/>\n<!-- Noticias La Guia de Pamplona --><br \/>\n<ins class=\"adsbygoogle\"\nstyle=\"display:block\"\ndata-ad-client=\"ca-pub-6943679897239327\"\ndata-ad-slot=\"7048180777\"\ndata-ad-format=\"auto\"><\/ins><br \/>\n<script>\n(adsbygoogle = window.adsbygoogle || []).push({});\n<\/script><\/p>\n<p>El proyecto ten\u00eda el objetivo de ser una experiencia laboral en clave de itinerario, para que las personas participantes, todas ellas con reconocimiento de discapacidad, iniciaran un proceso de incorporaci\u00f3n sociolaboral. Adem\u00e1s de las ocho personas participantes, se ha contratado para el desarrollo del programa a dos figuras de supervisi\u00f3n en las funciones de oficial de pintura y t\u00e9cnica de integraci\u00f3n social. Esta edici\u00f3n ha tenido como principal novedad su duraci\u00f3n, pues se ha pasado de cuatro a seis meses de formaci\u00f3n, con lo que se ha conseguido afianzar el aprendizaje y dotar de estabilidad al alumnado.<\/p>\n<p>En la parte dedicada al mantenimiento del mobiliario urbano, han llevado a cabo trabajos de lijado y pintado de elementos como 63 bancos (\u00e1rea de Conservaci\u00f3n Urbana), de 50 taburetes (en colaboraci\u00f3n con el IES Plaza de la Cruz) o de la verja y muro exterior de Aranzadi. Asimismo, han desarrollado trabajos en las huertas de Aranzadi, como la plantaci\u00f3n de diferentes tipos de verdura y legumbres, su recolecci\u00f3n, la poda, preparaci\u00f3n de productos para llevar a tienda, formaci\u00f3n y realizaci\u00f3n de compostaje o puesta y recogida de sistemas de riego.<br \/>\n<script async src=\"\/\/pagead2.googlesyndication.com\/pagead\/js\/adsbygoogle.js\"><\/script><br \/>\n<!-- Noticias La Guia de Pamplona --><br \/>\n<ins class=\"adsbygoogle\"\nstyle=\"display:block\"\ndata-ad-client=\"ca-pub-6943679897239327\"\ndata-ad-slot=\"7048180777\"\ndata-ad-format=\"auto\"><\/ins><br \/>\n<script>\n(adsbygoogle = window.adsbygoogle || []).push({});\n<\/script><\/p>\n<p>Tras esta formaci\u00f3n, siete de las ocho personas van a continuar con un itinerario personal desde diferentes orientaciones: tres se incorporar\u00e1n a un centro ocupacional de Elkarkide donde seguir\u00e1n afianzando su proceso de autonom\u00eda personal; tres iniciar\u00e1n su itinerario de b\u00fasqueda de empleo desde el Programa Prelaboral de Elkarkide; una persona comenzar\u00e1 su itinerario de b\u00fasqueda en el mercado ordinario, contando con el apoyo del Programa Incorpora de Fundaci\u00f3n La Caixa en Elkarkide.<\/p>\n","protected":false},"excerpt":{"rendered":"<p>Siete personas continuar\u00e1n un itinerario personal para su incorporaci\u00f3n laboral tras formarse en mantenimiento de mobiliario y actividades agr\u00edcolas auxiliares<\/p>\n","protected":false},"author":1,"featured_media":37817,"comment_status":"open","ping_status":"closed","sticky":false,"template":"","format":"standard","meta":{"footnotes":""},"categories":[2],"tags":[],"class_list":["post-37816","post","type-post","status-publish","format-standard","has-post-thumbnail","hentry","category-ayuntamiento-pamplona"],"yoast_head":"<!-- This site is optimized with the Yoast SEO plugin v27.3 - https:\/\/yoast.com\/product\/yoast-seo-wordpress\/ -->\n<title>Concluye el programa que el Ayuntamiento Pamplona, en colaboraci\u00f3n con Elkarkide, ha desarrollado para la contrataci\u00f3n de ocho personas desempleadas con trastorno mental<\/title>\n<meta name=\"description\" content=\"Siete personas continuar\u00e1n un itinerario personal para su incorporaci\u00f3n laboral tras formarse en mantenimiento de mobiliario y actividades agr\u00edcolas auxiliares\" \/>\n<meta name=\"robots\" content=\"index, follow, max-snippet:-1, max-image-preview:large, max-video-preview:-1\" \/>\n<link rel=\"canonical\" href=\"https:\/\/www.laguiadepamplona.com\/actualidad\/concluye-el-programa-que-el-ayuntamiento-pamplona-en-colaboracion-con-elkarkide-ha-desarrollado-para-la-contratacion-de-ocho-personas-desempleadas-con-trastorno-mental\/\" \/>\n<meta property=\"og:locale\" content=\"es_ES\" \/>\n<meta property=\"og:type\" content=\"article\" \/>\n<meta property=\"og:title\" content=\"Concluye el programa que el Ayuntamiento Pamplona, en colaboraci\u00f3n con Elkarkide, ha desarrollado para la contrataci\u00f3n de ocho personas desempleadas con trastorno mental\" \/>\n<meta property=\"og:description\" content=\"Siete personas continuar\u00e1n un itinerario personal para su incorporaci\u00f3n laboral tras formarse en mantenimiento de mobiliario y actividades agr\u00edcolas auxiliares\" \/>\n<meta property=\"og:url\" content=\"https:\/\/www.laguiadepamplona.com\/actualidad\/concluye-el-programa-que-el-ayuntamiento-pamplona-en-colaboracion-con-elkarkide-ha-desarrollado-para-la-contratacion-de-ocho-personas-desempleadas-con-trastorno-mental\/\" \/>\n<meta property=\"og:site_name\" content=\"La Gu\u00eda de Pamplona\" \/>\n<meta property=\"article:publisher\" content=\"https:\/\/www.facebook.com\/laguiadepamplonacom-133175176762273\/?ref=hl\" \/>\n<meta property=\"article:published_time\" content=\"2021-12-01T15:51:01+00:00\" \/>\n<meta property=\"article:modified_time\" content=\"2023-04-11T09:48:42+00:00\" \/>\n<meta property=\"og:image\" content=\"https:\/\/www.laguiadepamplona.com\/actualidad\/wp-content\/uploads\/2021\/12\/tallerempleo20211201jmg8482_0.jpg\" \/>\n\t<meta property=\"og:image:width\" content=\"1920\" \/>\n\t<meta property=\"og:image:height\" content=\"1280\" \/>\n\t<meta property=\"og:image:type\" content=\"image\/jpeg\" \/>\n<meta name=\"author\" content=\"La Gu\u00eda de Pamplona\" \/>\n<meta name=\"twitter:card\" content=\"summary_large_image\" \/>\n<meta name=\"twitter:creator\" content=\"@LaGuiadPamplona\" \/>\n<meta name=\"twitter:site\" content=\"@LaGuiadPamplona\" \/>\n<meta name=\"twitter:label1\" content=\"Escrito por\" \/>\n\t<meta name=\"twitter:data1\" content=\"La Gu\u00eda de Pamplona\" \/>\n\t<meta name=\"twitter:label2\" content=\"Tiempo de lectura\" \/>\n\t<meta name=\"twitter:data2\" content=\"2 minutos\" \/>\n<script type=\"application\/ld+json\" class=\"yoast-schema-graph\">{\"@context\":\"https:\\\/\\\/schema.org\",\"@graph\":[{\"@type\":\"Article\",\"@id\":\"https:\\\/\\\/www.laguiadepamplona.com\\\/actualidad\\\/concluye-el-programa-que-el-ayuntamiento-pamplona-en-colaboracion-con-elkarkide-ha-desarrollado-para-la-contratacion-de-ocho-personas-desempleadas-con-trastorno-mental\\\/#article\",\"isPartOf\":{\"@id\":\"https:\\\/\\\/www.laguiadepamplona.com\\\/actualidad\\\/concluye-el-programa-que-el-ayuntamiento-pamplona-en-colaboracion-con-elkarkide-ha-desarrollado-para-la-contratacion-de-ocho-personas-desempleadas-con-trastorno-mental\\\/\"},\"author\":{\"name\":\"La Gu\u00eda de Pamplona\",\"@id\":\"https:\\\/\\\/www.laguiadepamplona.com\\\/actualidad\\\/#\\\/schema\\\/person\\\/efe887376f0213d4657c93adc50b1fdb\"},\"headline\":\"Concluye el programa que el Ayuntamiento Pamplona, en colaboraci\u00f3n con Elkarkide, ha desarrollado para la contrataci\u00f3n de ocho personas desempleadas con trastorno mental\",\"datePublished\":\"2021-12-01T15:51:01+00:00\",\"dateModified\":\"2023-04-11T09:48:42+00:00\",\"mainEntityOfPage\":{\"@id\":\"https:\\\/\\\/www.laguiadepamplona.com\\\/actualidad\\\/concluye-el-programa-que-el-ayuntamiento-pamplona-en-colaboracion-con-elkarkide-ha-desarrollado-para-la-contratacion-de-ocho-personas-desempleadas-con-trastorno-mental\\\/\"},\"wordCount\":426,\"commentCount\":0,\"publisher\":{\"@id\":\"https:\\\/\\\/www.laguiadepamplona.com\\\/actualidad\\\/#organization\"},\"image\":{\"@id\":\"https:\\\/\\\/www.laguiadepamplona.com\\\/actualidad\\\/concluye-el-programa-que-el-ayuntamiento-pamplona-en-colaboracion-con-elkarkide-ha-desarrollado-para-la-contratacion-de-ocho-personas-desempleadas-con-trastorno-mental\\\/#primaryimage\"},\"thumbnailUrl\":\"https:\\\/\\\/www.laguiadepamplona.com\\\/actualidad\\\/wp-content\\\/uploads\\\/2021\\\/12\\\/tallerempleo20211201jmg8482_0.jpg\",\"articleSection\":[\"Ayto Pamplona\"],\"inLanguage\":\"es\",\"potentialAction\":[{\"@type\":\"CommentAction\",\"name\":\"Comment\",\"target\":[\"https:\\\/\\\/www.laguiadepamplona.com\\\/actualidad\\\/concluye-el-programa-que-el-ayuntamiento-pamplona-en-colaboracion-con-elkarkide-ha-desarrollado-para-la-contratacion-de-ocho-personas-desempleadas-con-trastorno-mental\\\/#respond\"]}]},{\"@type\":\"WebPage\",\"@id\":\"https:\\\/\\\/www.laguiadepamplona.com\\\/actualidad\\\/concluye-el-programa-que-el-ayuntamiento-pamplona-en-colaboracion-con-elkarkide-ha-desarrollado-para-la-contratacion-de-ocho-personas-desempleadas-con-trastorno-mental\\\/\",\"url\":\"https:\\\/\\\/www.laguiadepamplona.com\\\/actualidad\\\/concluye-el-programa-que-el-ayuntamiento-pamplona-en-colaboracion-con-elkarkide-ha-desarrollado-para-la-contratacion-de-ocho-personas-desempleadas-con-trastorno-mental\\\/\",\"name\":\"Concluye el programa que el Ayuntamiento Pamplona, en colaboraci\u00f3n con Elkarkide, ha desarrollado para la contrataci\u00f3n de ocho personas desempleadas con trastorno mental\",\"isPartOf\":{\"@id\":\"https:\\\/\\\/www.laguiadepamplona.com\\\/actualidad\\\/#website\"},\"primaryImageOfPage\":{\"@id\":\"https:\\\/\\\/www.laguiadepamplona.com\\\/actualidad\\\/concluye-el-programa-que-el-ayuntamiento-pamplona-en-colaboracion-con-elkarkide-ha-desarrollado-para-la-contratacion-de-ocho-personas-desempleadas-con-trastorno-mental\\\/#primaryimage\"},\"image\":{\"@id\":\"https:\\\/\\\/www.laguiadepamplona.com\\\/actualidad\\\/concluye-el-programa-que-el-ayuntamiento-pamplona-en-colaboracion-con-elkarkide-ha-desarrollado-para-la-contratacion-de-ocho-personas-desempleadas-con-trastorno-mental\\\/#primaryimage\"},\"thumbnailUrl\":\"https:\\\/\\\/www.laguiadepamplona.com\\\/actualidad\\\/wp-content\\\/uploads\\\/2021\\\/12\\\/tallerempleo20211201jmg8482_0.jpg\",\"datePublished\":\"2021-12-01T15:51:01+00:00\",\"dateModified\":\"2023-04-11T09:48:42+00:00\",\"description\":\"Siete personas continuar\u00e1n un itinerario personal para su incorporaci\u00f3n laboral tras formarse en mantenimiento de mobiliario y actividades agr\u00edcolas auxiliares\",\"breadcrumb\":{\"@id\":\"https:\\\/\\\/www.laguiadepamplona.com\\\/actualidad\\\/concluye-el-programa-que-el-ayuntamiento-pamplona-en-colaboracion-con-elkarkide-ha-desarrollado-para-la-contratacion-de-ocho-personas-desempleadas-con-trastorno-mental\\\/#breadcrumb\"},\"inLanguage\":\"es\",\"potentialAction\":[{\"@type\":\"ReadAction\",\"target\":[\"https:\\\/\\\/www.laguiadepamplona.com\\\/actualidad\\\/concluye-el-programa-que-el-ayuntamiento-pamplona-en-colaboracion-con-elkarkide-ha-desarrollado-para-la-contratacion-de-ocho-personas-desempleadas-con-trastorno-mental\\\/\"]}]},{\"@type\":\"ImageObject\",\"inLanguage\":\"es\",\"@id\":\"https:\\\/\\\/www.laguiadepamplona.com\\\/actualidad\\\/concluye-el-programa-que-el-ayuntamiento-pamplona-en-colaboracion-con-elkarkide-ha-desarrollado-para-la-contratacion-de-ocho-personas-desempleadas-con-trastorno-mental\\\/#primaryimage\",\"url\":\"https:\\\/\\\/www.laguiadepamplona.com\\\/actualidad\\\/wp-content\\\/uploads\\\/2021\\\/12\\\/tallerempleo20211201jmg8482_0.jpg\",\"contentUrl\":\"https:\\\/\\\/www.laguiadepamplona.com\\\/actualidad\\\/wp-content\\\/uploads\\\/2021\\\/12\\\/tallerempleo20211201jmg8482_0.jpg\",\"width\":1920,\"height\":1280,\"caption\":\"A* Jesus Garzaron F* 2021_12_01 T* Clausura taller de empleo para personas con problemas de salud mental L* landaben\"},{\"@type\":\"BreadcrumbList\",\"@id\":\"https:\\\/\\\/www.laguiadepamplona.com\\\/actualidad\\\/concluye-el-programa-que-el-ayuntamiento-pamplona-en-colaboracion-con-elkarkide-ha-desarrollado-para-la-contratacion-de-ocho-personas-desempleadas-con-trastorno-mental\\\/#breadcrumb\",\"itemListElement\":[{\"@type\":\"ListItem\",\"position\":1,\"name\":\"Portada\",\"item\":\"https:\\\/\\\/www.laguiadepamplona.com\\\/actualidad\\\/\"},{\"@type\":\"ListItem\",\"position\":2,\"name\":\"Concluye el programa que el Ayuntamiento Pamplona, en colaboraci\u00f3n con Elkarkide, ha desarrollado para la contrataci\u00f3n de ocho personas desempleadas con trastorno mental\"}]},{\"@type\":\"WebSite\",\"@id\":\"https:\\\/\\\/www.laguiadepamplona.com\\\/actualidad\\\/#website\",\"url\":\"https:\\\/\\\/www.laguiadepamplona.com\\\/actualidad\\\/\",\"name\":\"La gu\u00eda de Pamplona\",\"description\":\"Noticias de Pamplona\",\"publisher\":{\"@id\":\"https:\\\/\\\/www.laguiadepamplona.com\\\/actualidad\\\/#organization\"},\"potentialAction\":[{\"@type\":\"SearchAction\",\"target\":{\"@type\":\"EntryPoint\",\"urlTemplate\":\"https:\\\/\\\/www.laguiadepamplona.com\\\/actualidad\\\/?s={search_term_string}\"},\"query-input\":{\"@type\":\"PropertyValueSpecification\",\"valueRequired\":true,\"valueName\":\"search_term_string\"}}],\"inLanguage\":\"es\"},{\"@type\":\"Organization\",\"@id\":\"https:\\\/\\\/www.laguiadepamplona.com\\\/actualidad\\\/#organization\",\"name\":\"La Gu\u00eda de Pamplona \\\/ Noticias\",\"url\":\"https:\\\/\\\/www.laguiadepamplona.com\\\/actualidad\\\/\",\"logo\":{\"@type\":\"ImageObject\",\"inLanguage\":\"es\",\"@id\":\"https:\\\/\\\/www.laguiadepamplona.com\\\/actualidad\\\/#\\\/schema\\\/logo\\\/image\\\/\",\"url\":\"https:\\\/\\\/www.laguiadepamplona.com\\\/actualidad\\\/wp-content\\\/uploads\\\/2018\\\/11\\\/logo-laguiadepamplona18-web1.png\",\"contentUrl\":\"https:\\\/\\\/www.laguiadepamplona.com\\\/actualidad\\\/wp-content\\\/uploads\\\/2018\\\/11\\\/logo-laguiadepamplona18-web1.png\",\"width\":600,\"height\":196,\"caption\":\"La Gu\u00eda de Pamplona \\\/ Noticias\"},\"image\":{\"@id\":\"https:\\\/\\\/www.laguiadepamplona.com\\\/actualidad\\\/#\\\/schema\\\/logo\\\/image\\\/\"},\"sameAs\":[\"https:\\\/\\\/www.facebook.com\\\/laguiadepamplonacom-133175176762273\\\/?ref=hl\",\"https:\\\/\\\/x.com\\\/LaGuiadPamplona\",\"https:\\\/\\\/www.instagram.com\\\/la_guia_de_pamplona\\\/\",\"https:\\\/\\\/www.youtube.com\\\/user\\\/laguiadepamplona\"]},{\"@type\":\"Person\",\"@id\":\"https:\\\/\\\/www.laguiadepamplona.com\\\/actualidad\\\/#\\\/schema\\\/person\\\/efe887376f0213d4657c93adc50b1fdb\",\"name\":\"La Gu\u00eda de Pamplona\",\"image\":{\"@type\":\"ImageObject\",\"inLanguage\":\"es\",\"@id\":\"https:\\\/\\\/secure.gravatar.com\\\/avatar\\\/b6992f131dc8d30ab0dff15446e9d346d9dbd95992de0fef795073f5ea83a81c?s=96&d=mm&r=g\",\"url\":\"https:\\\/\\\/secure.gravatar.com\\\/avatar\\\/b6992f131dc8d30ab0dff15446e9d346d9dbd95992de0fef795073f5ea83a81c?s=96&d=mm&r=g\",\"contentUrl\":\"https:\\\/\\\/secure.gravatar.com\\\/avatar\\\/b6992f131dc8d30ab0dff15446e9d346d9dbd95992de0fef795073f5ea83a81c?s=96&d=mm&r=g\",\"caption\":\"La Gu\u00eda de Pamplona\"}}]}<\/script>\n<!-- \/ Yoast SEO plugin. -->","yoast_head_json":{"title":"Concluye el programa que el Ayuntamiento Pamplona, en colaboraci\u00f3n con Elkarkide, ha desarrollado para la contrataci\u00f3n de ocho personas desempleadas con trastorno mental","description":"Siete personas continuar\u00e1n un itinerario personal para su incorporaci\u00f3n laboral tras formarse en mantenimiento de mobiliario y actividades agr\u00edcolas auxiliares","robots":{"index":"index","follow":"follow","max-snippet":"max-snippet:-1","max-image-preview":"max-image-preview:large","max-video-preview":"max-video-preview:-1"},"canonical":"https:\/\/www.laguiadepamplona.com\/actualidad\/concluye-el-programa-que-el-ayuntamiento-pamplona-en-colaboracion-con-elkarkide-ha-desarrollado-para-la-contratacion-de-ocho-personas-desempleadas-con-trastorno-mental\/","og_locale":"es_ES","og_type":"article","og_title":"Concluye el programa que el Ayuntamiento Pamplona, en colaboraci\u00f3n con Elkarkide, ha desarrollado para la contrataci\u00f3n de ocho personas desempleadas con trastorno mental","og_description":"Siete personas continuar\u00e1n un itinerario personal para su incorporaci\u00f3n laboral tras formarse en mantenimiento de mobiliario y actividades agr\u00edcolas auxiliares","og_url":"https:\/\/www.laguiadepamplona.com\/actualidad\/concluye-el-programa-que-el-ayuntamiento-pamplona-en-colaboracion-con-elkarkide-ha-desarrollado-para-la-contratacion-de-ocho-personas-desempleadas-con-trastorno-mental\/","og_site_name":"La Gu\u00eda de Pamplona","article_publisher":"https:\/\/www.facebook.com\/laguiadepamplonacom-133175176762273\/?ref=hl","article_published_time":"2021-12-01T15:51:01+00:00","article_modified_time":"2023-04-11T09:48:42+00:00","og_image":[{"width":1920,"height":1280,"url":"https:\/\/www.laguiadepamplona.com\/actualidad\/wp-content\/uploads\/2021\/12\/tallerempleo20211201jmg8482_0.jpg","type":"image\/jpeg"}],"author":"La Gu\u00eda de Pamplona","twitter_card":"summary_large_image","twitter_creator":"@LaGuiadPamplona","twitter_site":"@LaGuiadPamplona","twitter_misc":{"Escrito por":"La Gu\u00eda de Pamplona","Tiempo de lectura":"2 minutos"},"schema":{"@context":"https:\/\/schema.org","@graph":[{"@type":"Article","@id":"https:\/\/www.laguiadepamplona.com\/actualidad\/concluye-el-programa-que-el-ayuntamiento-pamplona-en-colaboracion-con-elkarkide-ha-desarrollado-para-la-contratacion-de-ocho-personas-desempleadas-con-trastorno-mental\/#article","isPartOf":{"@id":"https:\/\/www.laguiadepamplona.com\/actualidad\/concluye-el-programa-que-el-ayuntamiento-pamplona-en-colaboracion-con-elkarkide-ha-desarrollado-para-la-contratacion-de-ocho-personas-desempleadas-con-trastorno-mental\/"},"author":{"name":"La Gu\u00eda de Pamplona","@id":"https:\/\/www.laguiadepamplona.com\/actualidad\/#\/schema\/person\/efe887376f0213d4657c93adc50b1fdb"},"headline":"Concluye el programa que el Ayuntamiento Pamplona, en colaboraci\u00f3n con Elkarkide, ha desarrollado para la contrataci\u00f3n de ocho personas desempleadas con trastorno mental","datePublished":"2021-12-01T15:51:01+00:00","dateModified":"2023-04-11T09:48:42+00:00","mainEntityOfPage":{"@id":"https:\/\/www.laguiadepamplona.com\/actualidad\/concluye-el-programa-que-el-ayuntamiento-pamplona-en-colaboracion-con-elkarkide-ha-desarrollado-para-la-contratacion-de-ocho-personas-desempleadas-con-trastorno-mental\/"},"wordCount":426,"commentCount":0,"publisher":{"@id":"https:\/\/www.laguiadepamplona.com\/actualidad\/#organization"},"image":{"@id":"https:\/\/www.laguiadepamplona.com\/actualidad\/concluye-el-programa-que-el-ayuntamiento-pamplona-en-colaboracion-con-elkarkide-ha-desarrollado-para-la-contratacion-de-ocho-personas-desempleadas-con-trastorno-mental\/#primaryimage"},"thumbnailUrl":"https:\/\/www.laguiadepamplona.com\/actualidad\/wp-content\/uploads\/2021\/12\/tallerempleo20211201jmg8482_0.jpg","articleSection":["Ayto Pamplona"],"inLanguage":"es","potentialAction":[{"@type":"CommentAction","name":"Comment","target":["https:\/\/www.laguiadepamplona.com\/actualidad\/concluye-el-programa-que-el-ayuntamiento-pamplona-en-colaboracion-con-elkarkide-ha-desarrollado-para-la-contratacion-de-ocho-personas-desempleadas-con-trastorno-mental\/#respond"]}]},{"@type":"WebPage","@id":"https:\/\/www.laguiadepamplona.com\/actualidad\/concluye-el-programa-que-el-ayuntamiento-pamplona-en-colaboracion-con-elkarkide-ha-desarrollado-para-la-contratacion-de-ocho-personas-desempleadas-con-trastorno-mental\/","url":"https:\/\/www.laguiadepamplona.com\/actualidad\/concluye-el-programa-que-el-ayuntamiento-pamplona-en-colaboracion-con-elkarkide-ha-desarrollado-para-la-contratacion-de-ocho-personas-desempleadas-con-trastorno-mental\/","name":"Concluye el programa que el Ayuntamiento Pamplona, en colaboraci\u00f3n con Elkarkide, ha desarrollado para la contrataci\u00f3n de ocho personas desempleadas con trastorno mental","isPartOf":{"@id":"https:\/\/www.laguiadepamplona.com\/actualidad\/#website"},"primaryImageOfPage":{"@id":"https:\/\/www.laguiadepamplona.com\/actualidad\/concluye-el-programa-que-el-ayuntamiento-pamplona-en-colaboracion-con-elkarkide-ha-desarrollado-para-la-contratacion-de-ocho-personas-desempleadas-con-trastorno-mental\/#primaryimage"},"image":{"@id":"https:\/\/www.laguiadepamplona.com\/actualidad\/concluye-el-programa-que-el-ayuntamiento-pamplona-en-colaboracion-con-elkarkide-ha-desarrollado-para-la-contratacion-de-ocho-personas-desempleadas-con-trastorno-mental\/#primaryimage"},"thumbnailUrl":"https:\/\/www.laguiadepamplona.com\/actualidad\/wp-content\/uploads\/2021\/12\/tallerempleo20211201jmg8482_0.jpg","datePublished":"2021-12-01T15:51:01+00:00","dateModified":"2023-04-11T09:48:42+00:00","description":"Siete personas continuar\u00e1n un itinerario personal para su incorporaci\u00f3n laboral tras formarse en mantenimiento de mobiliario y actividades agr\u00edcolas auxiliares","breadcrumb":{"@id":"https:\/\/www.laguiadepamplona.com\/actualidad\/concluye-el-programa-que-el-ayuntamiento-pamplona-en-colaboracion-con-elkarkide-ha-desarrollado-para-la-contratacion-de-ocho-personas-desempleadas-con-trastorno-mental\/#breadcrumb"},"inLanguage":"es","potentialAction":[{"@type":"ReadAction","target":["https:\/\/www.laguiadepamplona.com\/actualidad\/concluye-el-programa-que-el-ayuntamiento-pamplona-en-colaboracion-con-elkarkide-ha-desarrollado-para-la-contratacion-de-ocho-personas-desempleadas-con-trastorno-mental\/"]}]},{"@type":"ImageObject","inLanguage":"es","@id":"https:\/\/www.laguiadepamplona.com\/actualidad\/concluye-el-programa-que-el-ayuntamiento-pamplona-en-colaboracion-con-elkarkide-ha-desarrollado-para-la-contratacion-de-ocho-personas-desempleadas-con-trastorno-mental\/#primaryimage","url":"https:\/\/www.laguiadepamplona.com\/actualidad\/wp-content\/uploads\/2021\/12\/tallerempleo20211201jmg8482_0.jpg","contentUrl":"https:\/\/www.laguiadepamplona.com\/actualidad\/wp-content\/uploads\/2021\/12\/tallerempleo20211201jmg8482_0.jpg","width":1920,"height":1280,"caption":"A* Jesus Garzaron F* 2021_12_01 T* Clausura taller de empleo para personas con problemas de salud mental L* landaben"},{"@type":"BreadcrumbList","@id":"https:\/\/www.laguiadepamplona.com\/actualidad\/concluye-el-programa-que-el-ayuntamiento-pamplona-en-colaboracion-con-elkarkide-ha-desarrollado-para-la-contratacion-de-ocho-personas-desempleadas-con-trastorno-mental\/#breadcrumb","itemListElement":[{"@type":"ListItem","position":1,"name":"Portada","item":"https:\/\/www.laguiadepamplona.com\/actualidad\/"},{"@type":"ListItem","position":2,"name":"Concluye el programa que el Ayuntamiento Pamplona, en colaboraci\u00f3n con Elkarkide, ha desarrollado para la contrataci\u00f3n de ocho personas desempleadas con trastorno mental"}]},{"@type":"WebSite","@id":"https:\/\/www.laguiadepamplona.com\/actualidad\/#website","url":"https:\/\/www.laguiadepamplona.com\/actualidad\/","name":"La gu\u00eda de Pamplona","description":"Noticias de Pamplona","publisher":{"@id":"https:\/\/www.laguiadepamplona.com\/actualidad\/#organization"},"potentialAction":[{"@type":"SearchAction","target":{"@type":"EntryPoint","urlTemplate":"https:\/\/www.laguiadepamplona.com\/actualidad\/?s={search_term_string}"},"query-input":{"@type":"PropertyValueSpecification","valueRequired":true,"valueName":"search_term_string"}}],"inLanguage":"es"},{"@type":"Organization","@id":"https:\/\/www.laguiadepamplona.com\/actualidad\/#organization","name":"La Gu\u00eda de Pamplona \/ Noticias","url":"https:\/\/www.laguiadepamplona.com\/actualidad\/","logo":{"@type":"ImageObject","inLanguage":"es","@id":"https:\/\/www.laguiadepamplona.com\/actualidad\/#\/schema\/logo\/image\/","url":"https:\/\/www.laguiadepamplona.com\/actualidad\/wp-content\/uploads\/2018\/11\/logo-laguiadepamplona18-web1.png","contentUrl":"https:\/\/www.laguiadepamplona.com\/actualidad\/wp-content\/uploads\/2018\/11\/logo-laguiadepamplona18-web1.png","width":600,"height":196,"caption":"La Gu\u00eda de Pamplona \/ Noticias"},"image":{"@id":"https:\/\/www.laguiadepamplona.com\/actualidad\/#\/schema\/logo\/image\/"},"sameAs":["https:\/\/www.facebook.com\/laguiadepamplonacom-133175176762273\/?ref=hl","https:\/\/x.com\/LaGuiadPamplona","https:\/\/www.instagram.com\/la_guia_de_pamplona\/","https:\/\/www.youtube.com\/user\/laguiadepamplona"]},{"@type":"Person","@id":"https:\/\/www.laguiadepamplona.com\/actualidad\/#\/schema\/person\/efe887376f0213d4657c93adc50b1fdb","name":"La Gu\u00eda de Pamplona","image":{"@type":"ImageObject","inLanguage":"es","@id":"https:\/\/secure.gravatar.com\/avatar\/b6992f131dc8d30ab0dff15446e9d346d9dbd95992de0fef795073f5ea83a81c?s=96&d=mm&r=g","url":"https:\/\/secure.gravatar.com\/avatar\/b6992f131dc8d30ab0dff15446e9d346d9dbd95992de0fef795073f5ea83a81c?s=96&d=mm&r=g","contentUrl":"https:\/\/secure.gravatar.com\/avatar\/b6992f131dc8d30ab0dff15446e9d346d9dbd95992de0fef795073f5ea83a81c?s=96&d=mm&r=g","caption":"La Gu\u00eda de Pamplona"}}]}},"post_mailing_queue_ids":[],"_links":{"self":[{"href":"https:\/\/www.laguiadepamplona.com\/actualidad\/wp-json\/wp\/v2\/posts\/37816","targetHints":{"allow":["GET"]}}],"collection":[{"href":"https:\/\/www.laguiadepamplona.com\/actualidad\/wp-json\/wp\/v2\/posts"}],"about":[{"href":"https:\/\/www.laguiadepamplona.com\/actualidad\/wp-json\/wp\/v2\/types\/post"}],"author":[{"embeddable":true,"href":"https:\/\/www.laguiadepamplona.com\/actualidad\/wp-json\/wp\/v2\/users\/1"}],"replies":[{"embeddable":true,"href":"https:\/\/www.laguiadepamplona.com\/actualidad\/wp-json\/wp\/v2\/comments?post=37816"}],"version-history":[{"count":0,"href":"https:\/\/www.laguiadepamplona.com\/actualidad\/wp-json\/wp\/v2\/posts\/37816\/revisions"}],"wp:featuredmedia":[{"embeddable":true,"href":"https:\/\/www.laguiadepamplona.com\/actualidad\/wp-json\/wp\/v2\/media\/37817"}],"wp:attachment":[{"href":"https:\/\/www.laguiadepamplona.com\/actualidad\/wp-json\/wp\/v2\/media?parent=37816"}],"wp:term":[{"taxonomy":"category","embeddable":true,"href":"https:\/\/www.laguiadepamplona.com\/actualidad\/wp-json\/wp\/v2\/categories?post=37816"},{"taxonomy":"post_tag","embeddable":true,"href":"https:\/\/www.laguiadepamplona.com\/actualidad\/wp-json\/wp\/v2\/tags?post=37816"}],"curies":[{"name":"wp","href":"https:\/\/api.w.org\/{rel}","templated":true}]}}