{"id":37807,"date":"2021-12-01T13:27:53","date_gmt":"2021-12-01T11:27:53","guid":{"rendered":"https:\/\/www.laguiadepamplona.com\/actualidad\/?p=37807"},"modified":"2023-04-11T11:48:43","modified_gmt":"2023-04-11T09:48:43","slug":"el-ayuntamiento-organiza-charlas-en-clubes-y-asociaciones-de-mayores-para-sensibilizar-sobre-el-maltrato-en-la-vejez","status":"publish","type":"post","link":"https:\/\/www.laguiadepamplona.com\/actualidad\/el-ayuntamiento-organiza-charlas-en-clubes-y-asociaciones-de-mayores-para-sensibilizar-sobre-el-maltrato-en-la-vejez\/","title":{"rendered":"El Ayuntamiento organiza charlas en clubes y asociaciones de mayores para sensibilizar sobre el maltrato en la vejez"},"content":{"rendered":"<h5>Las entidades interesadas pueden acoger estas jornadas, para las que ya hay cuatro citas en diciembre<\/h5>\n<p><!--more--><\/p>\n<p>El Ayuntamiento de Pamplona, a trav\u00e9s del \u00c1rea de Servicios Sociales, Acci\u00f3n Comunitaria y Deporte, ha organizado una serie de charlas de sensibilizaci\u00f3n encaminadas a la prevenci\u00f3n del maltrato en la vejez y la soledad no deseada, dirigidas a personas mayores. Impartidas por profesionales expertos, se celebrar\u00e1n en clubes y asociaciones de personas mayores.<\/p>\n<p>Se trata de una herramienta m\u00e1s para dar continuidad a la campa\u00f1a \u2018Ante el abuso y maltrato abre los ojos\u2019, que a mediados de a\u00f1o lanz\u00f3 la Confederaci\u00f3n Estatal de Mayores Activos (CONFEMAC) y el Ministerio de Derechos Sociales y Agenda 2030 y a la que se uni\u00f3 Pamplona.<br \/>\n<script async src=\"\/\/pagead2.googlesyndication.com\/pagead\/js\/adsbygoogle.js\"><\/script><br \/>\n<!-- Noticias La Guia de Pamplona --><br \/>\n<ins class=\"adsbygoogle\"\nstyle=\"display:block\"\ndata-ad-client=\"ca-pub-6943679897239327\"\ndata-ad-slot=\"7048180777\"\ndata-ad-format=\"auto\"><\/ins><br \/>\n<script>\n(adsbygoogle = window.adsbygoogle || []).push({});\n<\/script><\/p>\n<p>Para ello, se cuenta con personas expertas en la materia que impartir\u00e1n charlas sobre prevenci\u00f3n del maltrato, pero tambi\u00e9n sobre la soledad no deseada entre las personas mayores. Estos encuentros permitir\u00e1n, adem\u00e1s, detectar situaciones que se dan en el d\u00eda a d\u00eda y que pueden suponer maltrato.<\/p>\n<p>Las charlas, de una hora de duraci\u00f3n aproximadamente, aportar\u00e1n recomendaciones y claves para detectar y afrontar este tipo de situaciones. Adem\u00e1s, ofrecer\u00e1n un espacio de debate entre las personas asistentes.<\/p>\n<p>Las entidades que lo deseen pueden sumarse a la iniciativa, acogiendo en sus instalaciones este tipo de jornadas. Para ello, ser\u00e1 necesario que contacten con el \u00c1rea de Servicios Sociales, Acci\u00f3n Comunitaria y Deporte, a trav\u00e9s del correo electr\u00f3nico <a href=\"mailto:g.bueno@pamplona.es\">g.bueno@pamplona.es<\/a><br \/>\n<script async src=\"\/\/pagead2.googlesyndication.com\/pagead\/js\/adsbygoogle.js\"><\/script><br \/>\n<!-- Noticias La Guia de Pamplona --><br \/>\n<ins class=\"adsbygoogle\"\nstyle=\"display:block\"\ndata-ad-client=\"ca-pub-6943679897239327\"\ndata-ad-slot=\"7048180777\"\ndata-ad-format=\"auto\"><\/ins><br \/>\n<script>\n(adsbygoogle = window.adsbygoogle || []).push({});\n<\/script><\/p>\n<p><strong>Cuatro charlas programadas<\/strong><\/p>\n<p>Hasta la fecha, se ha celebrado ya una de estas charlas, en la Asociaci\u00f3n de Jubilados El Salvador, en la que participaron cerca de medio centenar de personas.<\/p>\n<p>Adem\u00e1s, se han programado ya cuatro charlas para el mes de diciembre, en siete clubes de jubilados de Pamplona: San Jorge y Emitaga\u00f1a, San Pedro y Leyre, Oskia, y Larrabide y Estafeta.<\/p>\n<p>Igualmente, a lo largo de este mes de noviembre se ha realizado tambi\u00e9n un encuentro con profesionales de distintos \u00e1mbitos sociosanitarios, en el que se abordaron no solo ejemplos de maltrato y formas de detectarlo sino tambi\u00e9n aspectos legales.<\/p>\n","protected":false},"excerpt":{"rendered":"<p>Las entidades interesadas pueden acoger estas jornadas, para las que ya hay cuatro citas en diciembre<\/p>\n","protected":false},"author":1,"featured_media":37808,"comment_status":"open","ping_status":"closed","sticky":false,"template":"","format":"standard","meta":{"footnotes":""},"categories":[2],"tags":[],"class_list":["post-37807","post","type-post","status-publish","format-standard","has-post-thumbnail","hentry","category-ayuntamiento-pamplona"],"yoast_head":"<!-- This site is optimized with the Yoast SEO plugin v27.3 - https:\/\/yoast.com\/product\/yoast-seo-wordpress\/ -->\n<title>El Ayuntamiento organiza charlas en clubes y asociaciones de mayores para sensibilizar sobre el maltrato en la vejez<\/title>\n<meta name=\"description\" content=\"Las entidades interesadas pueden acoger estas jornadas, para las que ya hay cuatro citas en diciembre\" \/>\n<meta name=\"robots\" content=\"index, follow, max-snippet:-1, max-image-preview:large, max-video-preview:-1\" \/>\n<link rel=\"canonical\" href=\"https:\/\/www.laguiadepamplona.com\/actualidad\/el-ayuntamiento-organiza-charlas-en-clubes-y-asociaciones-de-mayores-para-sensibilizar-sobre-el-maltrato-en-la-vejez\/\" \/>\n<meta property=\"og:locale\" content=\"es_ES\" \/>\n<meta property=\"og:type\" content=\"article\" \/>\n<meta property=\"og:title\" content=\"El Ayuntamiento organiza charlas en clubes y asociaciones de mayores para sensibilizar sobre el maltrato en la vejez\" \/>\n<meta property=\"og:description\" content=\"Las entidades interesadas pueden acoger estas jornadas, para las que ya hay cuatro citas en diciembre\" \/>\n<meta property=\"og:url\" content=\"https:\/\/www.laguiadepamplona.com\/actualidad\/el-ayuntamiento-organiza-charlas-en-clubes-y-asociaciones-de-mayores-para-sensibilizar-sobre-el-maltrato-en-la-vejez\/\" \/>\n<meta property=\"og:site_name\" content=\"La Gu\u00eda de Pamplona\" \/>\n<meta property=\"article:publisher\" content=\"https:\/\/www.facebook.com\/laguiadepamplonacom-133175176762273\/?ref=hl\" \/>\n<meta property=\"article:published_time\" content=\"2021-12-01T11:27:53+00:00\" \/>\n<meta property=\"article:modified_time\" content=\"2023-04-11T09:48:43+00:00\" \/>\n<meta property=\"og:image\" content=\"https:\/\/www.laguiadepamplona.com\/actualidad\/wp-content\/uploads\/2021\/12\/211124charlamayoresmaltrato1_0.jpg\" \/>\n\t<meta property=\"og:image:width\" content=\"728\" \/>\n\t<meta property=\"og:image:height\" content=\"614\" \/>\n\t<meta property=\"og:image:type\" content=\"image\/jpeg\" \/>\n<meta name=\"author\" content=\"La Gu\u00eda de Pamplona\" \/>\n<meta name=\"twitter:card\" content=\"summary_large_image\" \/>\n<meta name=\"twitter:creator\" content=\"@LaGuiadPamplona\" \/>\n<meta name=\"twitter:site\" content=\"@LaGuiadPamplona\" \/>\n<meta name=\"twitter:label1\" content=\"Escrito por\" \/>\n\t<meta name=\"twitter:data1\" content=\"La Gu\u00eda de Pamplona\" \/>\n\t<meta name=\"twitter:label2\" content=\"Tiempo de lectura\" \/>\n\t<meta name=\"twitter:data2\" content=\"2 minutos\" \/>\n<script type=\"application\/ld+json\" class=\"yoast-schema-graph\">{\"@context\":\"https:\\\/\\\/schema.org\",\"@graph\":[{\"@type\":\"Article\",\"@id\":\"https:\\\/\\\/www.laguiadepamplona.com\\\/actualidad\\\/el-ayuntamiento-organiza-charlas-en-clubes-y-asociaciones-de-mayores-para-sensibilizar-sobre-el-maltrato-en-la-vejez\\\/#article\",\"isPartOf\":{\"@id\":\"https:\\\/\\\/www.laguiadepamplona.com\\\/actualidad\\\/el-ayuntamiento-organiza-charlas-en-clubes-y-asociaciones-de-mayores-para-sensibilizar-sobre-el-maltrato-en-la-vejez\\\/\"},\"author\":{\"name\":\"La Gu\u00eda de Pamplona\",\"@id\":\"https:\\\/\\\/www.laguiadepamplona.com\\\/actualidad\\\/#\\\/schema\\\/person\\\/efe887376f0213d4657c93adc50b1fdb\"},\"headline\":\"El Ayuntamiento organiza charlas en clubes y asociaciones de mayores para sensibilizar sobre el maltrato en la vejez\",\"datePublished\":\"2021-12-01T11:27:53+00:00\",\"dateModified\":\"2023-04-11T09:48:43+00:00\",\"mainEntityOfPage\":{\"@id\":\"https:\\\/\\\/www.laguiadepamplona.com\\\/actualidad\\\/el-ayuntamiento-organiza-charlas-en-clubes-y-asociaciones-de-mayores-para-sensibilizar-sobre-el-maltrato-en-la-vejez\\\/\"},\"wordCount\":386,\"commentCount\":0,\"publisher\":{\"@id\":\"https:\\\/\\\/www.laguiadepamplona.com\\\/actualidad\\\/#organization\"},\"image\":{\"@id\":\"https:\\\/\\\/www.laguiadepamplona.com\\\/actualidad\\\/el-ayuntamiento-organiza-charlas-en-clubes-y-asociaciones-de-mayores-para-sensibilizar-sobre-el-maltrato-en-la-vejez\\\/#primaryimage\"},\"thumbnailUrl\":\"https:\\\/\\\/www.laguiadepamplona.com\\\/actualidad\\\/wp-content\\\/uploads\\\/2021\\\/12\\\/211124charlamayoresmaltrato1_0.jpg\",\"articleSection\":[\"Ayto Pamplona\"],\"inLanguage\":\"es\",\"potentialAction\":[{\"@type\":\"CommentAction\",\"name\":\"Comment\",\"target\":[\"https:\\\/\\\/www.laguiadepamplona.com\\\/actualidad\\\/el-ayuntamiento-organiza-charlas-en-clubes-y-asociaciones-de-mayores-para-sensibilizar-sobre-el-maltrato-en-la-vejez\\\/#respond\"]}]},{\"@type\":\"WebPage\",\"@id\":\"https:\\\/\\\/www.laguiadepamplona.com\\\/actualidad\\\/el-ayuntamiento-organiza-charlas-en-clubes-y-asociaciones-de-mayores-para-sensibilizar-sobre-el-maltrato-en-la-vejez\\\/\",\"url\":\"https:\\\/\\\/www.laguiadepamplona.com\\\/actualidad\\\/el-ayuntamiento-organiza-charlas-en-clubes-y-asociaciones-de-mayores-para-sensibilizar-sobre-el-maltrato-en-la-vejez\\\/\",\"name\":\"El Ayuntamiento organiza charlas en clubes y asociaciones de mayores para sensibilizar sobre el maltrato en la vejez\",\"isPartOf\":{\"@id\":\"https:\\\/\\\/www.laguiadepamplona.com\\\/actualidad\\\/#website\"},\"primaryImageOfPage\":{\"@id\":\"https:\\\/\\\/www.laguiadepamplona.com\\\/actualidad\\\/el-ayuntamiento-organiza-charlas-en-clubes-y-asociaciones-de-mayores-para-sensibilizar-sobre-el-maltrato-en-la-vejez\\\/#primaryimage\"},\"image\":{\"@id\":\"https:\\\/\\\/www.laguiadepamplona.com\\\/actualidad\\\/el-ayuntamiento-organiza-charlas-en-clubes-y-asociaciones-de-mayores-para-sensibilizar-sobre-el-maltrato-en-la-vejez\\\/#primaryimage\"},\"thumbnailUrl\":\"https:\\\/\\\/www.laguiadepamplona.com\\\/actualidad\\\/wp-content\\\/uploads\\\/2021\\\/12\\\/211124charlamayoresmaltrato1_0.jpg\",\"datePublished\":\"2021-12-01T11:27:53+00:00\",\"dateModified\":\"2023-04-11T09:48:43+00:00\",\"description\":\"Las entidades interesadas pueden acoger estas jornadas, para las que ya hay cuatro citas en diciembre\",\"breadcrumb\":{\"@id\":\"https:\\\/\\\/www.laguiadepamplona.com\\\/actualidad\\\/el-ayuntamiento-organiza-charlas-en-clubes-y-asociaciones-de-mayores-para-sensibilizar-sobre-el-maltrato-en-la-vejez\\\/#breadcrumb\"},\"inLanguage\":\"es\",\"potentialAction\":[{\"@type\":\"ReadAction\",\"target\":[\"https:\\\/\\\/www.laguiadepamplona.com\\\/actualidad\\\/el-ayuntamiento-organiza-charlas-en-clubes-y-asociaciones-de-mayores-para-sensibilizar-sobre-el-maltrato-en-la-vejez\\\/\"]}]},{\"@type\":\"ImageObject\",\"inLanguage\":\"es\",\"@id\":\"https:\\\/\\\/www.laguiadepamplona.com\\\/actualidad\\\/el-ayuntamiento-organiza-charlas-en-clubes-y-asociaciones-de-mayores-para-sensibilizar-sobre-el-maltrato-en-la-vejez\\\/#primaryimage\",\"url\":\"https:\\\/\\\/www.laguiadepamplona.com\\\/actualidad\\\/wp-content\\\/uploads\\\/2021\\\/12\\\/211124charlamayoresmaltrato1_0.jpg\",\"contentUrl\":\"https:\\\/\\\/www.laguiadepamplona.com\\\/actualidad\\\/wp-content\\\/uploads\\\/2021\\\/12\\\/211124charlamayoresmaltrato1_0.jpg\",\"width\":728,\"height\":614},{\"@type\":\"BreadcrumbList\",\"@id\":\"https:\\\/\\\/www.laguiadepamplona.com\\\/actualidad\\\/el-ayuntamiento-organiza-charlas-en-clubes-y-asociaciones-de-mayores-para-sensibilizar-sobre-el-maltrato-en-la-vejez\\\/#breadcrumb\",\"itemListElement\":[{\"@type\":\"ListItem\",\"position\":1,\"name\":\"Portada\",\"item\":\"https:\\\/\\\/www.laguiadepamplona.com\\\/actualidad\\\/\"},{\"@type\":\"ListItem\",\"position\":2,\"name\":\"El Ayuntamiento organiza charlas en clubes y asociaciones de mayores para sensibilizar sobre el maltrato en la vejez\"}]},{\"@type\":\"WebSite\",\"@id\":\"https:\\\/\\\/www.laguiadepamplona.com\\\/actualidad\\\/#website\",\"url\":\"https:\\\/\\\/www.laguiadepamplona.com\\\/actualidad\\\/\",\"name\":\"La gu\u00eda de Pamplona\",\"description\":\"Noticias de Pamplona\",\"publisher\":{\"@id\":\"https:\\\/\\\/www.laguiadepamplona.com\\\/actualidad\\\/#organization\"},\"potentialAction\":[{\"@type\":\"SearchAction\",\"target\":{\"@type\":\"EntryPoint\",\"urlTemplate\":\"https:\\\/\\\/www.laguiadepamplona.com\\\/actualidad\\\/?s={search_term_string}\"},\"query-input\":{\"@type\":\"PropertyValueSpecification\",\"valueRequired\":true,\"valueName\":\"search_term_string\"}}],\"inLanguage\":\"es\"},{\"@type\":\"Organization\",\"@id\":\"https:\\\/\\\/www.laguiadepamplona.com\\\/actualidad\\\/#organization\",\"name\":\"La Gu\u00eda de Pamplona \\\/ Noticias\",\"url\":\"https:\\\/\\\/www.laguiadepamplona.com\\\/actualidad\\\/\",\"logo\":{\"@type\":\"ImageObject\",\"inLanguage\":\"es\",\"@id\":\"https:\\\/\\\/www.laguiadepamplona.com\\\/actualidad\\\/#\\\/schema\\\/logo\\\/image\\\/\",\"url\":\"https:\\\/\\\/www.laguiadepamplona.com\\\/actualidad\\\/wp-content\\\/uploads\\\/2018\\\/11\\\/logo-laguiadepamplona18-web1.png\",\"contentUrl\":\"https:\\\/\\\/www.laguiadepamplona.com\\\/actualidad\\\/wp-content\\\/uploads\\\/2018\\\/11\\\/logo-laguiadepamplona18-web1.png\",\"width\":600,\"height\":196,\"caption\":\"La Gu\u00eda de Pamplona \\\/ Noticias\"},\"image\":{\"@id\":\"https:\\\/\\\/www.laguiadepamplona.com\\\/actualidad\\\/#\\\/schema\\\/logo\\\/image\\\/\"},\"sameAs\":[\"https:\\\/\\\/www.facebook.com\\\/laguiadepamplonacom-133175176762273\\\/?ref=hl\",\"https:\\\/\\\/x.com\\\/LaGuiadPamplona\",\"https:\\\/\\\/www.instagram.com\\\/la_guia_de_pamplona\\\/\",\"https:\\\/\\\/www.youtube.com\\\/user\\\/laguiadepamplona\"]},{\"@type\":\"Person\",\"@id\":\"https:\\\/\\\/www.laguiadepamplona.com\\\/actualidad\\\/#\\\/schema\\\/person\\\/efe887376f0213d4657c93adc50b1fdb\",\"name\":\"La Gu\u00eda de Pamplona\",\"image\":{\"@type\":\"ImageObject\",\"inLanguage\":\"es\",\"@id\":\"https:\\\/\\\/secure.gravatar.com\\\/avatar\\\/b6992f131dc8d30ab0dff15446e9d346d9dbd95992de0fef795073f5ea83a81c?s=96&d=mm&r=g\",\"url\":\"https:\\\/\\\/secure.gravatar.com\\\/avatar\\\/b6992f131dc8d30ab0dff15446e9d346d9dbd95992de0fef795073f5ea83a81c?s=96&d=mm&r=g\",\"contentUrl\":\"https:\\\/\\\/secure.gravatar.com\\\/avatar\\\/b6992f131dc8d30ab0dff15446e9d346d9dbd95992de0fef795073f5ea83a81c?s=96&d=mm&r=g\",\"caption\":\"La Gu\u00eda de Pamplona\"}}]}<\/script>\n<!-- \/ Yoast SEO plugin. -->","yoast_head_json":{"title":"El Ayuntamiento organiza charlas en clubes y asociaciones de mayores para sensibilizar sobre el maltrato en la vejez","description":"Las entidades interesadas pueden acoger estas jornadas, para las que ya hay cuatro citas en diciembre","robots":{"index":"index","follow":"follow","max-snippet":"max-snippet:-1","max-image-preview":"max-image-preview:large","max-video-preview":"max-video-preview:-1"},"canonical":"https:\/\/www.laguiadepamplona.com\/actualidad\/el-ayuntamiento-organiza-charlas-en-clubes-y-asociaciones-de-mayores-para-sensibilizar-sobre-el-maltrato-en-la-vejez\/","og_locale":"es_ES","og_type":"article","og_title":"El Ayuntamiento organiza charlas en clubes y asociaciones de mayores para sensibilizar sobre el maltrato en la vejez","og_description":"Las entidades interesadas pueden acoger estas jornadas, para las que ya hay cuatro citas en diciembre","og_url":"https:\/\/www.laguiadepamplona.com\/actualidad\/el-ayuntamiento-organiza-charlas-en-clubes-y-asociaciones-de-mayores-para-sensibilizar-sobre-el-maltrato-en-la-vejez\/","og_site_name":"La Gu\u00eda de Pamplona","article_publisher":"https:\/\/www.facebook.com\/laguiadepamplonacom-133175176762273\/?ref=hl","article_published_time":"2021-12-01T11:27:53+00:00","article_modified_time":"2023-04-11T09:48:43+00:00","og_image":[{"width":728,"height":614,"url":"https:\/\/www.laguiadepamplona.com\/actualidad\/wp-content\/uploads\/2021\/12\/211124charlamayoresmaltrato1_0.jpg","type":"image\/jpeg"}],"author":"La Gu\u00eda de Pamplona","twitter_card":"summary_large_image","twitter_creator":"@LaGuiadPamplona","twitter_site":"@LaGuiadPamplona","twitter_misc":{"Escrito por":"La Gu\u00eda de Pamplona","Tiempo de lectura":"2 minutos"},"schema":{"@context":"https:\/\/schema.org","@graph":[{"@type":"Article","@id":"https:\/\/www.laguiadepamplona.com\/actualidad\/el-ayuntamiento-organiza-charlas-en-clubes-y-asociaciones-de-mayores-para-sensibilizar-sobre-el-maltrato-en-la-vejez\/#article","isPartOf":{"@id":"https:\/\/www.laguiadepamplona.com\/actualidad\/el-ayuntamiento-organiza-charlas-en-clubes-y-asociaciones-de-mayores-para-sensibilizar-sobre-el-maltrato-en-la-vejez\/"},"author":{"name":"La Gu\u00eda de Pamplona","@id":"https:\/\/www.laguiadepamplona.com\/actualidad\/#\/schema\/person\/efe887376f0213d4657c93adc50b1fdb"},"headline":"El Ayuntamiento organiza charlas en clubes y asociaciones de mayores para sensibilizar sobre el maltrato en la vejez","datePublished":"2021-12-01T11:27:53+00:00","dateModified":"2023-04-11T09:48:43+00:00","mainEntityOfPage":{"@id":"https:\/\/www.laguiadepamplona.com\/actualidad\/el-ayuntamiento-organiza-charlas-en-clubes-y-asociaciones-de-mayores-para-sensibilizar-sobre-el-maltrato-en-la-vejez\/"},"wordCount":386,"commentCount":0,"publisher":{"@id":"https:\/\/www.laguiadepamplona.com\/actualidad\/#organization"},"image":{"@id":"https:\/\/www.laguiadepamplona.com\/actualidad\/el-ayuntamiento-organiza-charlas-en-clubes-y-asociaciones-de-mayores-para-sensibilizar-sobre-el-maltrato-en-la-vejez\/#primaryimage"},"thumbnailUrl":"https:\/\/www.laguiadepamplona.com\/actualidad\/wp-content\/uploads\/2021\/12\/211124charlamayoresmaltrato1_0.jpg","articleSection":["Ayto Pamplona"],"inLanguage":"es","potentialAction":[{"@type":"CommentAction","name":"Comment","target":["https:\/\/www.laguiadepamplona.com\/actualidad\/el-ayuntamiento-organiza-charlas-en-clubes-y-asociaciones-de-mayores-para-sensibilizar-sobre-el-maltrato-en-la-vejez\/#respond"]}]},{"@type":"WebPage","@id":"https:\/\/www.laguiadepamplona.com\/actualidad\/el-ayuntamiento-organiza-charlas-en-clubes-y-asociaciones-de-mayores-para-sensibilizar-sobre-el-maltrato-en-la-vejez\/","url":"https:\/\/www.laguiadepamplona.com\/actualidad\/el-ayuntamiento-organiza-charlas-en-clubes-y-asociaciones-de-mayores-para-sensibilizar-sobre-el-maltrato-en-la-vejez\/","name":"El Ayuntamiento organiza charlas en clubes y asociaciones de mayores para sensibilizar sobre el maltrato en la vejez","isPartOf":{"@id":"https:\/\/www.laguiadepamplona.com\/actualidad\/#website"},"primaryImageOfPage":{"@id":"https:\/\/www.laguiadepamplona.com\/actualidad\/el-ayuntamiento-organiza-charlas-en-clubes-y-asociaciones-de-mayores-para-sensibilizar-sobre-el-maltrato-en-la-vejez\/#primaryimage"},"image":{"@id":"https:\/\/www.laguiadepamplona.com\/actualidad\/el-ayuntamiento-organiza-charlas-en-clubes-y-asociaciones-de-mayores-para-sensibilizar-sobre-el-maltrato-en-la-vejez\/#primaryimage"},"thumbnailUrl":"https:\/\/www.laguiadepamplona.com\/actualidad\/wp-content\/uploads\/2021\/12\/211124charlamayoresmaltrato1_0.jpg","datePublished":"2021-12-01T11:27:53+00:00","dateModified":"2023-04-11T09:48:43+00:00","description":"Las entidades interesadas pueden acoger estas jornadas, para las que ya hay cuatro citas en diciembre","breadcrumb":{"@id":"https:\/\/www.laguiadepamplona.com\/actualidad\/el-ayuntamiento-organiza-charlas-en-clubes-y-asociaciones-de-mayores-para-sensibilizar-sobre-el-maltrato-en-la-vejez\/#breadcrumb"},"inLanguage":"es","potentialAction":[{"@type":"ReadAction","target":["https:\/\/www.laguiadepamplona.com\/actualidad\/el-ayuntamiento-organiza-charlas-en-clubes-y-asociaciones-de-mayores-para-sensibilizar-sobre-el-maltrato-en-la-vejez\/"]}]},{"@type":"ImageObject","inLanguage":"es","@id":"https:\/\/www.laguiadepamplona.com\/actualidad\/el-ayuntamiento-organiza-charlas-en-clubes-y-asociaciones-de-mayores-para-sensibilizar-sobre-el-maltrato-en-la-vejez\/#primaryimage","url":"https:\/\/www.laguiadepamplona.com\/actualidad\/wp-content\/uploads\/2021\/12\/211124charlamayoresmaltrato1_0.jpg","contentUrl":"https:\/\/www.laguiadepamplona.com\/actualidad\/wp-content\/uploads\/2021\/12\/211124charlamayoresmaltrato1_0.jpg","width":728,"height":614},{"@type":"BreadcrumbList","@id":"https:\/\/www.laguiadepamplona.com\/actualidad\/el-ayuntamiento-organiza-charlas-en-clubes-y-asociaciones-de-mayores-para-sensibilizar-sobre-el-maltrato-en-la-vejez\/#breadcrumb","itemListElement":[{"@type":"ListItem","position":1,"name":"Portada","item":"https:\/\/www.laguiadepamplona.com\/actualidad\/"},{"@type":"ListItem","position":2,"name":"El Ayuntamiento organiza charlas en clubes y asociaciones de mayores para sensibilizar sobre el maltrato en la vejez"}]},{"@type":"WebSite","@id":"https:\/\/www.laguiadepamplona.com\/actualidad\/#website","url":"https:\/\/www.laguiadepamplona.com\/actualidad\/","name":"La gu\u00eda de Pamplona","description":"Noticias de Pamplona","publisher":{"@id":"https:\/\/www.laguiadepamplona.com\/actualidad\/#organization"},"potentialAction":[{"@type":"SearchAction","target":{"@type":"EntryPoint","urlTemplate":"https:\/\/www.laguiadepamplona.com\/actualidad\/?s={search_term_string}"},"query-input":{"@type":"PropertyValueSpecification","valueRequired":true,"valueName":"search_term_string"}}],"inLanguage":"es"},{"@type":"Organization","@id":"https:\/\/www.laguiadepamplona.com\/actualidad\/#organization","name":"La Gu\u00eda de Pamplona \/ Noticias","url":"https:\/\/www.laguiadepamplona.com\/actualidad\/","logo":{"@type":"ImageObject","inLanguage":"es","@id":"https:\/\/www.laguiadepamplona.com\/actualidad\/#\/schema\/logo\/image\/","url":"https:\/\/www.laguiadepamplona.com\/actualidad\/wp-content\/uploads\/2018\/11\/logo-laguiadepamplona18-web1.png","contentUrl":"https:\/\/www.laguiadepamplona.com\/actualidad\/wp-content\/uploads\/2018\/11\/logo-laguiadepamplona18-web1.png","width":600,"height":196,"caption":"La Gu\u00eda de Pamplona \/ Noticias"},"image":{"@id":"https:\/\/www.laguiadepamplona.com\/actualidad\/#\/schema\/logo\/image\/"},"sameAs":["https:\/\/www.facebook.com\/laguiadepamplonacom-133175176762273\/?ref=hl","https:\/\/x.com\/LaGuiadPamplona","https:\/\/www.instagram.com\/la_guia_de_pamplona\/","https:\/\/www.youtube.com\/user\/laguiadepamplona"]},{"@type":"Person","@id":"https:\/\/www.laguiadepamplona.com\/actualidad\/#\/schema\/person\/efe887376f0213d4657c93adc50b1fdb","name":"La Gu\u00eda de Pamplona","image":{"@type":"ImageObject","inLanguage":"es","@id":"https:\/\/secure.gravatar.com\/avatar\/b6992f131dc8d30ab0dff15446e9d346d9dbd95992de0fef795073f5ea83a81c?s=96&d=mm&r=g","url":"https:\/\/secure.gravatar.com\/avatar\/b6992f131dc8d30ab0dff15446e9d346d9dbd95992de0fef795073f5ea83a81c?s=96&d=mm&r=g","contentUrl":"https:\/\/secure.gravatar.com\/avatar\/b6992f131dc8d30ab0dff15446e9d346d9dbd95992de0fef795073f5ea83a81c?s=96&d=mm&r=g","caption":"La Gu\u00eda de Pamplona"}}]}},"post_mailing_queue_ids":[],"_links":{"self":[{"href":"https:\/\/www.laguiadepamplona.com\/actualidad\/wp-json\/wp\/v2\/posts\/37807","targetHints":{"allow":["GET"]}}],"collection":[{"href":"https:\/\/www.laguiadepamplona.com\/actualidad\/wp-json\/wp\/v2\/posts"}],"about":[{"href":"https:\/\/www.laguiadepamplona.com\/actualidad\/wp-json\/wp\/v2\/types\/post"}],"author":[{"embeddable":true,"href":"https:\/\/www.laguiadepamplona.com\/actualidad\/wp-json\/wp\/v2\/users\/1"}],"replies":[{"embeddable":true,"href":"https:\/\/www.laguiadepamplona.com\/actualidad\/wp-json\/wp\/v2\/comments?post=37807"}],"version-history":[{"count":0,"href":"https:\/\/www.laguiadepamplona.com\/actualidad\/wp-json\/wp\/v2\/posts\/37807\/revisions"}],"wp:featuredmedia":[{"embeddable":true,"href":"https:\/\/www.laguiadepamplona.com\/actualidad\/wp-json\/wp\/v2\/media\/37808"}],"wp:attachment":[{"href":"https:\/\/www.laguiadepamplona.com\/actualidad\/wp-json\/wp\/v2\/media?parent=37807"}],"wp:term":[{"taxonomy":"category","embeddable":true,"href":"https:\/\/www.laguiadepamplona.com\/actualidad\/wp-json\/wp\/v2\/categories?post=37807"},{"taxonomy":"post_tag","embeddable":true,"href":"https:\/\/www.laguiadepamplona.com\/actualidad\/wp-json\/wp\/v2\/tags?post=37807"}],"curies":[{"name":"wp","href":"https:\/\/api.w.org\/{rel}","templated":true}]}}