{"id":37805,"date":"2021-12-01T13:26:16","date_gmt":"2021-12-01T11:26:16","guid":{"rendered":"https:\/\/www.laguiadepamplona.com\/actualidad\/?p=37805"},"modified":"2023-04-11T11:48:43","modified_gmt":"2023-04-11T09:48:43","slug":"la-escuela-de-arte-catalina-de-oscariz-abre-hasta-el-13-de-diciembre-el-plazo-de-inscripcion-para-dos-talleres-trimestrales-sobre-acuarela-y-retrato-dibujado","status":"publish","type":"post","link":"https:\/\/www.laguiadepamplona.com\/actualidad\/la-escuela-de-arte-catalina-de-oscariz-abre-hasta-el-13-de-diciembre-el-plazo-de-inscripcion-para-dos-talleres-trimestrales-sobre-acuarela-y-retrato-dibujado\/","title":{"rendered":"La Escuela de Arte Catalina de Osc\u00e1riz abre hasta el 13 de diciembre el plazo de inscripci\u00f3n para dos talleres trimestrales sobre acuarela y retrato dibujado"},"content":{"rendered":"<h5>La inscripci\u00f3n se debe realizar a trav\u00e9s del tel\u00e9fono 010 \u2013 948 420 100 y, como novedad, las plazas se adjudicar\u00e1n por sorteo<\/h5>\n<p><!--more--><\/p>\n<p>Este mi\u00e9rcoles 1 de diciembre la Escuela de Arte Catalina de Osc\u00e1riz ha abierto las inscripciones para los dos talleres que ha organizado para el segundo trimestre del curso, entre los meses de enero y marzo. Se trata de dos talleres sobre acuarela y retrato dibujado para los que las personas interesadas pueden apuntarse en el tel\u00e9fono 010 \u2013 948 420 100. El plazo concluye el 13 de diciembre y, como novedad, la adjudicaci\u00f3n de plazas se llevar\u00e1 a cabo mediante sorteo.<br \/>\n<script async src=\"\/\/pagead2.googlesyndication.com\/pagead\/js\/adsbygoogle.js\"><\/script><br \/>\n<!-- Noticias La Guia de Pamplona --><br \/>\n<ins class=\"adsbygoogle\"\nstyle=\"display:block\"\ndata-ad-client=\"ca-pub-6943679897239327\"\ndata-ad-slot=\"7048180777\"\ndata-ad-format=\"auto\"><\/ins><br \/>\n<script>\n(adsbygoogle = window.adsbygoogle || []).push({});\n<\/script><\/p>\n<p>El taller de pintura \u2018Introducci\u00f3n a la acuarela\u2019 se desarrollar\u00e1 de enero a marzo, en dos grupos, los lunes y mi\u00e9rcoles de 17 a 19 horas y de 19 a 21 horas. Se impartir\u00e1n unas primeras nociones y t\u00e9cnicas sobre el uso de la acuarela, con formaci\u00f3n y pr\u00e1ctica sobre tintas planas, degradados, fundidos, h\u00famedo sobre h\u00famedo, h\u00famedo sobre seco\u2026<\/p>\n<p>Los martes y los jueves, con ese mismo horario vespertino y en dos grupos, de 17 a 19 horas y de 19 a 21 horas, se ofrece el taller de dibujo titulado \u2018El retrato dibujado\u2019. Entre otros conceptos, se abordar\u00e1n la proporci\u00f3n, medidas y representaci\u00f3n del rostro humano a trav\u00e9s del estudio y copia de retratos universales, modelos de escayola y modelos del natural. Se utilizar\u00e1n materiales como el grafito, el carboncillo o las sanguinas, entre otros.<br \/>\n<script async src=\"\/\/pagead2.googlesyndication.com\/pagead\/js\/adsbygoogle.js\"><\/script><br \/>\n<!-- Noticias La Guia de Pamplona --><br \/>\n<ins class=\"adsbygoogle\"\nstyle=\"display:block\"\ndata-ad-client=\"ca-pub-6943679897239327\"\ndata-ad-slot=\"7048180777\"\ndata-ad-format=\"auto\"><\/ins><br \/>\n<script>\n(adsbygoogle = window.adsbygoogle || []).push({});\n<\/script><\/p>\n<p>Una vez finalizado el plazo de inscripci\u00f3n, el 15 de diciembre se proceder\u00e1 a revisar los listados de las personas que se han apuntado y se llevar\u00e1 a cabo el sorteo de plazas con el consiguiente env\u00edo de SMS con la informaci\u00f3n sobre la matriculaci\u00f3n. Del 16 al 22 de diciembre las personas adjudicatarias deber\u00e1n confirmar las plazas y abonar la matr\u00edcula para formalizar la inscripci\u00f3n en los talleres.<\/p>\n","protected":false},"excerpt":{"rendered":"<p>La inscripci\u00f3n se debe realizar a trav\u00e9s del tel\u00e9fono 010 \u2013 948 420 100 y, como novedad, las plazas se adjudicar\u00e1n por sorteo<\/p>\n","protected":false},"author":1,"featured_media":33450,"comment_status":"open","ping_status":"closed","sticky":false,"template":"","format":"standard","meta":{"footnotes":""},"categories":[2],"tags":[],"class_list":["post-37805","post","type-post","status-publish","format-standard","has-post-thumbnail","hentry","category-ayuntamiento-pamplona"],"yoast_head":"<!-- This site is optimized with the Yoast SEO plugin v27.3 - https:\/\/yoast.com\/product\/yoast-seo-wordpress\/ -->\n<title>La Escuela de Arte Catalina de Osc\u00e1riz abre hasta el 13 de diciembre el plazo de inscripci\u00f3n para dos talleres trimestrales sobre acuarela y retrato dibujado<\/title>\n<meta name=\"description\" content=\"La inscripci\u00f3n se debe realizar a trav\u00e9s del tel\u00e9fono 010 \u2013 948 420 100 y, como novedad, las plazas se adjudicar\u00e1n por sorteo\" \/>\n<meta name=\"robots\" content=\"index, follow, max-snippet:-1, max-image-preview:large, max-video-preview:-1\" \/>\n<link rel=\"canonical\" href=\"https:\/\/www.laguiadepamplona.com\/actualidad\/la-escuela-de-arte-catalina-de-oscariz-abre-hasta-el-13-de-diciembre-el-plazo-de-inscripcion-para-dos-talleres-trimestrales-sobre-acuarela-y-retrato-dibujado\/\" \/>\n<meta property=\"og:locale\" content=\"es_ES\" \/>\n<meta property=\"og:type\" content=\"article\" \/>\n<meta property=\"og:title\" content=\"La Escuela de Arte Catalina de Osc\u00e1riz abre hasta el 13 de diciembre el plazo de inscripci\u00f3n para dos talleres trimestrales sobre acuarela y retrato dibujado\" \/>\n<meta property=\"og:description\" content=\"La inscripci\u00f3n se debe realizar a trav\u00e9s del tel\u00e9fono 010 \u2013 948 420 100 y, como novedad, las plazas se adjudicar\u00e1n por sorteo\" \/>\n<meta property=\"og:url\" content=\"https:\/\/www.laguiadepamplona.com\/actualidad\/la-escuela-de-arte-catalina-de-oscariz-abre-hasta-el-13-de-diciembre-el-plazo-de-inscripcion-para-dos-talleres-trimestrales-sobre-acuarela-y-retrato-dibujado\/\" \/>\n<meta property=\"og:site_name\" content=\"La Gu\u00eda de Pamplona\" \/>\n<meta property=\"article:publisher\" content=\"https:\/\/www.facebook.com\/laguiadepamplonacom-133175176762273\/?ref=hl\" \/>\n<meta property=\"article:published_time\" content=\"2021-12-01T11:26:16+00:00\" \/>\n<meta property=\"article:modified_time\" content=\"2023-04-11T09:48:43+00:00\" \/>\n<meta property=\"og:image\" content=\"https:\/\/www.laguiadepamplona.com\/actualidad\/wp-content\/uploads\/2021\/03\/Escuela_Municipal_Artes_Oficios_Catalina_Oscariz.jpg\" \/>\n\t<meta property=\"og:image:width\" content=\"1920\" \/>\n\t<meta property=\"og:image:height\" content=\"1242\" \/>\n\t<meta property=\"og:image:type\" content=\"image\/jpeg\" \/>\n<meta name=\"author\" content=\"La Gu\u00eda de Pamplona\" \/>\n<meta name=\"twitter:card\" content=\"summary_large_image\" \/>\n<meta name=\"twitter:creator\" content=\"@LaGuiadPamplona\" \/>\n<meta name=\"twitter:site\" content=\"@LaGuiadPamplona\" \/>\n<meta name=\"twitter:label1\" content=\"Escrito por\" \/>\n\t<meta name=\"twitter:data1\" content=\"La Gu\u00eda de Pamplona\" \/>\n\t<meta name=\"twitter:label2\" content=\"Tiempo de lectura\" \/>\n\t<meta name=\"twitter:data2\" content=\"2 minutos\" \/>\n<script type=\"application\/ld+json\" class=\"yoast-schema-graph\">{\"@context\":\"https:\\\/\\\/schema.org\",\"@graph\":[{\"@type\":\"Article\",\"@id\":\"https:\\\/\\\/www.laguiadepamplona.com\\\/actualidad\\\/la-escuela-de-arte-catalina-de-oscariz-abre-hasta-el-13-de-diciembre-el-plazo-de-inscripcion-para-dos-talleres-trimestrales-sobre-acuarela-y-retrato-dibujado\\\/#article\",\"isPartOf\":{\"@id\":\"https:\\\/\\\/www.laguiadepamplona.com\\\/actualidad\\\/la-escuela-de-arte-catalina-de-oscariz-abre-hasta-el-13-de-diciembre-el-plazo-de-inscripcion-para-dos-talleres-trimestrales-sobre-acuarela-y-retrato-dibujado\\\/\"},\"author\":{\"name\":\"La Gu\u00eda de Pamplona\",\"@id\":\"https:\\\/\\\/www.laguiadepamplona.com\\\/actualidad\\\/#\\\/schema\\\/person\\\/efe887376f0213d4657c93adc50b1fdb\"},\"headline\":\"La Escuela de Arte Catalina de Osc\u00e1riz abre hasta el 13 de diciembre el plazo de inscripci\u00f3n para dos talleres trimestrales sobre acuarela y retrato dibujado\",\"datePublished\":\"2021-12-01T11:26:16+00:00\",\"dateModified\":\"2023-04-11T09:48:43+00:00\",\"mainEntityOfPage\":{\"@id\":\"https:\\\/\\\/www.laguiadepamplona.com\\\/actualidad\\\/la-escuela-de-arte-catalina-de-oscariz-abre-hasta-el-13-de-diciembre-el-plazo-de-inscripcion-para-dos-talleres-trimestrales-sobre-acuarela-y-retrato-dibujado\\\/\"},\"wordCount\":344,\"commentCount\":0,\"publisher\":{\"@id\":\"https:\\\/\\\/www.laguiadepamplona.com\\\/actualidad\\\/#organization\"},\"image\":{\"@id\":\"https:\\\/\\\/www.laguiadepamplona.com\\\/actualidad\\\/la-escuela-de-arte-catalina-de-oscariz-abre-hasta-el-13-de-diciembre-el-plazo-de-inscripcion-para-dos-talleres-trimestrales-sobre-acuarela-y-retrato-dibujado\\\/#primaryimage\"},\"thumbnailUrl\":\"https:\\\/\\\/www.laguiadepamplona.com\\\/actualidad\\\/wp-content\\\/uploads\\\/2021\\\/03\\\/Escuela_Municipal_Artes_Oficios_Catalina_Oscariz.jpg\",\"articleSection\":[\"Ayto Pamplona\"],\"inLanguage\":\"es\",\"potentialAction\":[{\"@type\":\"CommentAction\",\"name\":\"Comment\",\"target\":[\"https:\\\/\\\/www.laguiadepamplona.com\\\/actualidad\\\/la-escuela-de-arte-catalina-de-oscariz-abre-hasta-el-13-de-diciembre-el-plazo-de-inscripcion-para-dos-talleres-trimestrales-sobre-acuarela-y-retrato-dibujado\\\/#respond\"]}]},{\"@type\":\"WebPage\",\"@id\":\"https:\\\/\\\/www.laguiadepamplona.com\\\/actualidad\\\/la-escuela-de-arte-catalina-de-oscariz-abre-hasta-el-13-de-diciembre-el-plazo-de-inscripcion-para-dos-talleres-trimestrales-sobre-acuarela-y-retrato-dibujado\\\/\",\"url\":\"https:\\\/\\\/www.laguiadepamplona.com\\\/actualidad\\\/la-escuela-de-arte-catalina-de-oscariz-abre-hasta-el-13-de-diciembre-el-plazo-de-inscripcion-para-dos-talleres-trimestrales-sobre-acuarela-y-retrato-dibujado\\\/\",\"name\":\"La Escuela de Arte Catalina de Osc\u00e1riz abre hasta el 13 de diciembre el plazo de inscripci\u00f3n para dos talleres trimestrales sobre acuarela y retrato dibujado\",\"isPartOf\":{\"@id\":\"https:\\\/\\\/www.laguiadepamplona.com\\\/actualidad\\\/#website\"},\"primaryImageOfPage\":{\"@id\":\"https:\\\/\\\/www.laguiadepamplona.com\\\/actualidad\\\/la-escuela-de-arte-catalina-de-oscariz-abre-hasta-el-13-de-diciembre-el-plazo-de-inscripcion-para-dos-talleres-trimestrales-sobre-acuarela-y-retrato-dibujado\\\/#primaryimage\"},\"image\":{\"@id\":\"https:\\\/\\\/www.laguiadepamplona.com\\\/actualidad\\\/la-escuela-de-arte-catalina-de-oscariz-abre-hasta-el-13-de-diciembre-el-plazo-de-inscripcion-para-dos-talleres-trimestrales-sobre-acuarela-y-retrato-dibujado\\\/#primaryimage\"},\"thumbnailUrl\":\"https:\\\/\\\/www.laguiadepamplona.com\\\/actualidad\\\/wp-content\\\/uploads\\\/2021\\\/03\\\/Escuela_Municipal_Artes_Oficios_Catalina_Oscariz.jpg\",\"datePublished\":\"2021-12-01T11:26:16+00:00\",\"dateModified\":\"2023-04-11T09:48:43+00:00\",\"description\":\"La inscripci\u00f3n se debe realizar a trav\u00e9s del tel\u00e9fono 010 \u2013 948 420 100 y, como novedad, las plazas se adjudicar\u00e1n por sorteo\",\"breadcrumb\":{\"@id\":\"https:\\\/\\\/www.laguiadepamplona.com\\\/actualidad\\\/la-escuela-de-arte-catalina-de-oscariz-abre-hasta-el-13-de-diciembre-el-plazo-de-inscripcion-para-dos-talleres-trimestrales-sobre-acuarela-y-retrato-dibujado\\\/#breadcrumb\"},\"inLanguage\":\"es\",\"potentialAction\":[{\"@type\":\"ReadAction\",\"target\":[\"https:\\\/\\\/www.laguiadepamplona.com\\\/actualidad\\\/la-escuela-de-arte-catalina-de-oscariz-abre-hasta-el-13-de-diciembre-el-plazo-de-inscripcion-para-dos-talleres-trimestrales-sobre-acuarela-y-retrato-dibujado\\\/\"]}]},{\"@type\":\"ImageObject\",\"inLanguage\":\"es\",\"@id\":\"https:\\\/\\\/www.laguiadepamplona.com\\\/actualidad\\\/la-escuela-de-arte-catalina-de-oscariz-abre-hasta-el-13-de-diciembre-el-plazo-de-inscripcion-para-dos-talleres-trimestrales-sobre-acuarela-y-retrato-dibujado\\\/#primaryimage\",\"url\":\"https:\\\/\\\/www.laguiadepamplona.com\\\/actualidad\\\/wp-content\\\/uploads\\\/2021\\\/03\\\/Escuela_Municipal_Artes_Oficios_Catalina_Oscariz.jpg\",\"contentUrl\":\"https:\\\/\\\/www.laguiadepamplona.com\\\/actualidad\\\/wp-content\\\/uploads\\\/2021\\\/03\\\/Escuela_Municipal_Artes_Oficios_Catalina_Oscariz.jpg\",\"width\":1920,\"height\":1242},{\"@type\":\"BreadcrumbList\",\"@id\":\"https:\\\/\\\/www.laguiadepamplona.com\\\/actualidad\\\/la-escuela-de-arte-catalina-de-oscariz-abre-hasta-el-13-de-diciembre-el-plazo-de-inscripcion-para-dos-talleres-trimestrales-sobre-acuarela-y-retrato-dibujado\\\/#breadcrumb\",\"itemListElement\":[{\"@type\":\"ListItem\",\"position\":1,\"name\":\"Portada\",\"item\":\"https:\\\/\\\/www.laguiadepamplona.com\\\/actualidad\\\/\"},{\"@type\":\"ListItem\",\"position\":2,\"name\":\"La Escuela de Arte Catalina de Osc\u00e1riz abre hasta el 13 de diciembre el plazo de inscripci\u00f3n para dos talleres trimestrales sobre acuarela y retrato dibujado\"}]},{\"@type\":\"WebSite\",\"@id\":\"https:\\\/\\\/www.laguiadepamplona.com\\\/actualidad\\\/#website\",\"url\":\"https:\\\/\\\/www.laguiadepamplona.com\\\/actualidad\\\/\",\"name\":\"La gu\u00eda de Pamplona\",\"description\":\"Noticias de Pamplona\",\"publisher\":{\"@id\":\"https:\\\/\\\/www.laguiadepamplona.com\\\/actualidad\\\/#organization\"},\"potentialAction\":[{\"@type\":\"SearchAction\",\"target\":{\"@type\":\"EntryPoint\",\"urlTemplate\":\"https:\\\/\\\/www.laguiadepamplona.com\\\/actualidad\\\/?s={search_term_string}\"},\"query-input\":{\"@type\":\"PropertyValueSpecification\",\"valueRequired\":true,\"valueName\":\"search_term_string\"}}],\"inLanguage\":\"es\"},{\"@type\":\"Organization\",\"@id\":\"https:\\\/\\\/www.laguiadepamplona.com\\\/actualidad\\\/#organization\",\"name\":\"La Gu\u00eda de Pamplona \\\/ Noticias\",\"url\":\"https:\\\/\\\/www.laguiadepamplona.com\\\/actualidad\\\/\",\"logo\":{\"@type\":\"ImageObject\",\"inLanguage\":\"es\",\"@id\":\"https:\\\/\\\/www.laguiadepamplona.com\\\/actualidad\\\/#\\\/schema\\\/logo\\\/image\\\/\",\"url\":\"https:\\\/\\\/www.laguiadepamplona.com\\\/actualidad\\\/wp-content\\\/uploads\\\/2018\\\/11\\\/logo-laguiadepamplona18-web1.png\",\"contentUrl\":\"https:\\\/\\\/www.laguiadepamplona.com\\\/actualidad\\\/wp-content\\\/uploads\\\/2018\\\/11\\\/logo-laguiadepamplona18-web1.png\",\"width\":600,\"height\":196,\"caption\":\"La Gu\u00eda de Pamplona \\\/ Noticias\"},\"image\":{\"@id\":\"https:\\\/\\\/www.laguiadepamplona.com\\\/actualidad\\\/#\\\/schema\\\/logo\\\/image\\\/\"},\"sameAs\":[\"https:\\\/\\\/www.facebook.com\\\/laguiadepamplonacom-133175176762273\\\/?ref=hl\",\"https:\\\/\\\/x.com\\\/LaGuiadPamplona\",\"https:\\\/\\\/www.instagram.com\\\/la_guia_de_pamplona\\\/\",\"https:\\\/\\\/www.youtube.com\\\/user\\\/laguiadepamplona\"]},{\"@type\":\"Person\",\"@id\":\"https:\\\/\\\/www.laguiadepamplona.com\\\/actualidad\\\/#\\\/schema\\\/person\\\/efe887376f0213d4657c93adc50b1fdb\",\"name\":\"La Gu\u00eda de Pamplona\",\"image\":{\"@type\":\"ImageObject\",\"inLanguage\":\"es\",\"@id\":\"https:\\\/\\\/secure.gravatar.com\\\/avatar\\\/b6992f131dc8d30ab0dff15446e9d346d9dbd95992de0fef795073f5ea83a81c?s=96&d=mm&r=g\",\"url\":\"https:\\\/\\\/secure.gravatar.com\\\/avatar\\\/b6992f131dc8d30ab0dff15446e9d346d9dbd95992de0fef795073f5ea83a81c?s=96&d=mm&r=g\",\"contentUrl\":\"https:\\\/\\\/secure.gravatar.com\\\/avatar\\\/b6992f131dc8d30ab0dff15446e9d346d9dbd95992de0fef795073f5ea83a81c?s=96&d=mm&r=g\",\"caption\":\"La Gu\u00eda de Pamplona\"}}]}<\/script>\n<!-- \/ Yoast SEO plugin. -->","yoast_head_json":{"title":"La Escuela de Arte Catalina de Osc\u00e1riz abre hasta el 13 de diciembre el plazo de inscripci\u00f3n para dos talleres trimestrales sobre acuarela y retrato dibujado","description":"La inscripci\u00f3n se debe realizar a trav\u00e9s del tel\u00e9fono 010 \u2013 948 420 100 y, como novedad, las plazas se adjudicar\u00e1n por sorteo","robots":{"index":"index","follow":"follow","max-snippet":"max-snippet:-1","max-image-preview":"max-image-preview:large","max-video-preview":"max-video-preview:-1"},"canonical":"https:\/\/www.laguiadepamplona.com\/actualidad\/la-escuela-de-arte-catalina-de-oscariz-abre-hasta-el-13-de-diciembre-el-plazo-de-inscripcion-para-dos-talleres-trimestrales-sobre-acuarela-y-retrato-dibujado\/","og_locale":"es_ES","og_type":"article","og_title":"La Escuela de Arte Catalina de Osc\u00e1riz abre hasta el 13 de diciembre el plazo de inscripci\u00f3n para dos talleres trimestrales sobre acuarela y retrato dibujado","og_description":"La inscripci\u00f3n se debe realizar a trav\u00e9s del tel\u00e9fono 010 \u2013 948 420 100 y, como novedad, las plazas se adjudicar\u00e1n por sorteo","og_url":"https:\/\/www.laguiadepamplona.com\/actualidad\/la-escuela-de-arte-catalina-de-oscariz-abre-hasta-el-13-de-diciembre-el-plazo-de-inscripcion-para-dos-talleres-trimestrales-sobre-acuarela-y-retrato-dibujado\/","og_site_name":"La Gu\u00eda de Pamplona","article_publisher":"https:\/\/www.facebook.com\/laguiadepamplonacom-133175176762273\/?ref=hl","article_published_time":"2021-12-01T11:26:16+00:00","article_modified_time":"2023-04-11T09:48:43+00:00","og_image":[{"width":1920,"height":1242,"url":"https:\/\/www.laguiadepamplona.com\/actualidad\/wp-content\/uploads\/2021\/03\/Escuela_Municipal_Artes_Oficios_Catalina_Oscariz.jpg","type":"image\/jpeg"}],"author":"La Gu\u00eda de Pamplona","twitter_card":"summary_large_image","twitter_creator":"@LaGuiadPamplona","twitter_site":"@LaGuiadPamplona","twitter_misc":{"Escrito por":"La Gu\u00eda de Pamplona","Tiempo de lectura":"2 minutos"},"schema":{"@context":"https:\/\/schema.org","@graph":[{"@type":"Article","@id":"https:\/\/www.laguiadepamplona.com\/actualidad\/la-escuela-de-arte-catalina-de-oscariz-abre-hasta-el-13-de-diciembre-el-plazo-de-inscripcion-para-dos-talleres-trimestrales-sobre-acuarela-y-retrato-dibujado\/#article","isPartOf":{"@id":"https:\/\/www.laguiadepamplona.com\/actualidad\/la-escuela-de-arte-catalina-de-oscariz-abre-hasta-el-13-de-diciembre-el-plazo-de-inscripcion-para-dos-talleres-trimestrales-sobre-acuarela-y-retrato-dibujado\/"},"author":{"name":"La Gu\u00eda de Pamplona","@id":"https:\/\/www.laguiadepamplona.com\/actualidad\/#\/schema\/person\/efe887376f0213d4657c93adc50b1fdb"},"headline":"La Escuela de Arte Catalina de Osc\u00e1riz abre hasta el 13 de diciembre el plazo de inscripci\u00f3n para dos talleres trimestrales sobre acuarela y retrato dibujado","datePublished":"2021-12-01T11:26:16+00:00","dateModified":"2023-04-11T09:48:43+00:00","mainEntityOfPage":{"@id":"https:\/\/www.laguiadepamplona.com\/actualidad\/la-escuela-de-arte-catalina-de-oscariz-abre-hasta-el-13-de-diciembre-el-plazo-de-inscripcion-para-dos-talleres-trimestrales-sobre-acuarela-y-retrato-dibujado\/"},"wordCount":344,"commentCount":0,"publisher":{"@id":"https:\/\/www.laguiadepamplona.com\/actualidad\/#organization"},"image":{"@id":"https:\/\/www.laguiadepamplona.com\/actualidad\/la-escuela-de-arte-catalina-de-oscariz-abre-hasta-el-13-de-diciembre-el-plazo-de-inscripcion-para-dos-talleres-trimestrales-sobre-acuarela-y-retrato-dibujado\/#primaryimage"},"thumbnailUrl":"https:\/\/www.laguiadepamplona.com\/actualidad\/wp-content\/uploads\/2021\/03\/Escuela_Municipal_Artes_Oficios_Catalina_Oscariz.jpg","articleSection":["Ayto Pamplona"],"inLanguage":"es","potentialAction":[{"@type":"CommentAction","name":"Comment","target":["https:\/\/www.laguiadepamplona.com\/actualidad\/la-escuela-de-arte-catalina-de-oscariz-abre-hasta-el-13-de-diciembre-el-plazo-de-inscripcion-para-dos-talleres-trimestrales-sobre-acuarela-y-retrato-dibujado\/#respond"]}]},{"@type":"WebPage","@id":"https:\/\/www.laguiadepamplona.com\/actualidad\/la-escuela-de-arte-catalina-de-oscariz-abre-hasta-el-13-de-diciembre-el-plazo-de-inscripcion-para-dos-talleres-trimestrales-sobre-acuarela-y-retrato-dibujado\/","url":"https:\/\/www.laguiadepamplona.com\/actualidad\/la-escuela-de-arte-catalina-de-oscariz-abre-hasta-el-13-de-diciembre-el-plazo-de-inscripcion-para-dos-talleres-trimestrales-sobre-acuarela-y-retrato-dibujado\/","name":"La Escuela de Arte Catalina de Osc\u00e1riz abre hasta el 13 de diciembre el plazo de inscripci\u00f3n para dos talleres trimestrales sobre acuarela y retrato dibujado","isPartOf":{"@id":"https:\/\/www.laguiadepamplona.com\/actualidad\/#website"},"primaryImageOfPage":{"@id":"https:\/\/www.laguiadepamplona.com\/actualidad\/la-escuela-de-arte-catalina-de-oscariz-abre-hasta-el-13-de-diciembre-el-plazo-de-inscripcion-para-dos-talleres-trimestrales-sobre-acuarela-y-retrato-dibujado\/#primaryimage"},"image":{"@id":"https:\/\/www.laguiadepamplona.com\/actualidad\/la-escuela-de-arte-catalina-de-oscariz-abre-hasta-el-13-de-diciembre-el-plazo-de-inscripcion-para-dos-talleres-trimestrales-sobre-acuarela-y-retrato-dibujado\/#primaryimage"},"thumbnailUrl":"https:\/\/www.laguiadepamplona.com\/actualidad\/wp-content\/uploads\/2021\/03\/Escuela_Municipal_Artes_Oficios_Catalina_Oscariz.jpg","datePublished":"2021-12-01T11:26:16+00:00","dateModified":"2023-04-11T09:48:43+00:00","description":"La inscripci\u00f3n se debe realizar a trav\u00e9s del tel\u00e9fono 010 \u2013 948 420 100 y, como novedad, las plazas se adjudicar\u00e1n por sorteo","breadcrumb":{"@id":"https:\/\/www.laguiadepamplona.com\/actualidad\/la-escuela-de-arte-catalina-de-oscariz-abre-hasta-el-13-de-diciembre-el-plazo-de-inscripcion-para-dos-talleres-trimestrales-sobre-acuarela-y-retrato-dibujado\/#breadcrumb"},"inLanguage":"es","potentialAction":[{"@type":"ReadAction","target":["https:\/\/www.laguiadepamplona.com\/actualidad\/la-escuela-de-arte-catalina-de-oscariz-abre-hasta-el-13-de-diciembre-el-plazo-de-inscripcion-para-dos-talleres-trimestrales-sobre-acuarela-y-retrato-dibujado\/"]}]},{"@type":"ImageObject","inLanguage":"es","@id":"https:\/\/www.laguiadepamplona.com\/actualidad\/la-escuela-de-arte-catalina-de-oscariz-abre-hasta-el-13-de-diciembre-el-plazo-de-inscripcion-para-dos-talleres-trimestrales-sobre-acuarela-y-retrato-dibujado\/#primaryimage","url":"https:\/\/www.laguiadepamplona.com\/actualidad\/wp-content\/uploads\/2021\/03\/Escuela_Municipal_Artes_Oficios_Catalina_Oscariz.jpg","contentUrl":"https:\/\/www.laguiadepamplona.com\/actualidad\/wp-content\/uploads\/2021\/03\/Escuela_Municipal_Artes_Oficios_Catalina_Oscariz.jpg","width":1920,"height":1242},{"@type":"BreadcrumbList","@id":"https:\/\/www.laguiadepamplona.com\/actualidad\/la-escuela-de-arte-catalina-de-oscariz-abre-hasta-el-13-de-diciembre-el-plazo-de-inscripcion-para-dos-talleres-trimestrales-sobre-acuarela-y-retrato-dibujado\/#breadcrumb","itemListElement":[{"@type":"ListItem","position":1,"name":"Portada","item":"https:\/\/www.laguiadepamplona.com\/actualidad\/"},{"@type":"ListItem","position":2,"name":"La Escuela de Arte Catalina de Osc\u00e1riz abre hasta el 13 de diciembre el plazo de inscripci\u00f3n para dos talleres trimestrales sobre acuarela y retrato dibujado"}]},{"@type":"WebSite","@id":"https:\/\/www.laguiadepamplona.com\/actualidad\/#website","url":"https:\/\/www.laguiadepamplona.com\/actualidad\/","name":"La gu\u00eda de Pamplona","description":"Noticias de Pamplona","publisher":{"@id":"https:\/\/www.laguiadepamplona.com\/actualidad\/#organization"},"potentialAction":[{"@type":"SearchAction","target":{"@type":"EntryPoint","urlTemplate":"https:\/\/www.laguiadepamplona.com\/actualidad\/?s={search_term_string}"},"query-input":{"@type":"PropertyValueSpecification","valueRequired":true,"valueName":"search_term_string"}}],"inLanguage":"es"},{"@type":"Organization","@id":"https:\/\/www.laguiadepamplona.com\/actualidad\/#organization","name":"La Gu\u00eda de Pamplona \/ Noticias","url":"https:\/\/www.laguiadepamplona.com\/actualidad\/","logo":{"@type":"ImageObject","inLanguage":"es","@id":"https:\/\/www.laguiadepamplona.com\/actualidad\/#\/schema\/logo\/image\/","url":"https:\/\/www.laguiadepamplona.com\/actualidad\/wp-content\/uploads\/2018\/11\/logo-laguiadepamplona18-web1.png","contentUrl":"https:\/\/www.laguiadepamplona.com\/actualidad\/wp-content\/uploads\/2018\/11\/logo-laguiadepamplona18-web1.png","width":600,"height":196,"caption":"La Gu\u00eda de Pamplona \/ Noticias"},"image":{"@id":"https:\/\/www.laguiadepamplona.com\/actualidad\/#\/schema\/logo\/image\/"},"sameAs":["https:\/\/www.facebook.com\/laguiadepamplonacom-133175176762273\/?ref=hl","https:\/\/x.com\/LaGuiadPamplona","https:\/\/www.instagram.com\/la_guia_de_pamplona\/","https:\/\/www.youtube.com\/user\/laguiadepamplona"]},{"@type":"Person","@id":"https:\/\/www.laguiadepamplona.com\/actualidad\/#\/schema\/person\/efe887376f0213d4657c93adc50b1fdb","name":"La Gu\u00eda de Pamplona","image":{"@type":"ImageObject","inLanguage":"es","@id":"https:\/\/secure.gravatar.com\/avatar\/b6992f131dc8d30ab0dff15446e9d346d9dbd95992de0fef795073f5ea83a81c?s=96&d=mm&r=g","url":"https:\/\/secure.gravatar.com\/avatar\/b6992f131dc8d30ab0dff15446e9d346d9dbd95992de0fef795073f5ea83a81c?s=96&d=mm&r=g","contentUrl":"https:\/\/secure.gravatar.com\/avatar\/b6992f131dc8d30ab0dff15446e9d346d9dbd95992de0fef795073f5ea83a81c?s=96&d=mm&r=g","caption":"La Gu\u00eda de Pamplona"}}]}},"post_mailing_queue_ids":[],"_links":{"self":[{"href":"https:\/\/www.laguiadepamplona.com\/actualidad\/wp-json\/wp\/v2\/posts\/37805","targetHints":{"allow":["GET"]}}],"collection":[{"href":"https:\/\/www.laguiadepamplona.com\/actualidad\/wp-json\/wp\/v2\/posts"}],"about":[{"href":"https:\/\/www.laguiadepamplona.com\/actualidad\/wp-json\/wp\/v2\/types\/post"}],"author":[{"embeddable":true,"href":"https:\/\/www.laguiadepamplona.com\/actualidad\/wp-json\/wp\/v2\/users\/1"}],"replies":[{"embeddable":true,"href":"https:\/\/www.laguiadepamplona.com\/actualidad\/wp-json\/wp\/v2\/comments?post=37805"}],"version-history":[{"count":0,"href":"https:\/\/www.laguiadepamplona.com\/actualidad\/wp-json\/wp\/v2\/posts\/37805\/revisions"}],"wp:featuredmedia":[{"embeddable":true,"href":"https:\/\/www.laguiadepamplona.com\/actualidad\/wp-json\/wp\/v2\/media\/33450"}],"wp:attachment":[{"href":"https:\/\/www.laguiadepamplona.com\/actualidad\/wp-json\/wp\/v2\/media?parent=37805"}],"wp:term":[{"taxonomy":"category","embeddable":true,"href":"https:\/\/www.laguiadepamplona.com\/actualidad\/wp-json\/wp\/v2\/categories?post=37805"},{"taxonomy":"post_tag","embeddable":true,"href":"https:\/\/www.laguiadepamplona.com\/actualidad\/wp-json\/wp\/v2\/tags?post=37805"}],"curies":[{"name":"wp","href":"https:\/\/api.w.org\/{rel}","templated":true}]}}