{"id":37791,"date":"2021-11-30T19:39:10","date_gmt":"2021-11-30T17:39:10","guid":{"rendered":"https:\/\/www.laguiadepamplona.com\/actualidad\/?p=37791"},"modified":"2023-04-11T11:48:43","modified_gmt":"2023-04-11T09:48:43","slug":"alumnado-del-ies-navarro-villoslada-y-del-colegio-nuestra-senora-del-huerto-junto-a-los-artistas-peio-iglesias-y-leire-urbelz-realizan-un-mural-de-arte-urbano-en-milagrosa","status":"publish","type":"post","link":"https:\/\/www.laguiadepamplona.com\/actualidad\/alumnado-del-ies-navarro-villoslada-y-del-colegio-nuestra-senora-del-huerto-junto-a-los-artistas-peio-iglesias-y-leire-urbelz-realizan-un-mural-de-arte-urbano-en-milagrosa\/","title":{"rendered":"Alumnado del IES Navarro Villoslada y del colegio Nuestra Se\u00f1ora del Huerto, junto a los artistas Peio Iglesias y Leire Urbelz, realizan un mural de arte urbano en Milagrosa"},"content":{"rendered":"<h5>Pamplona celebra el D\u00eda Internacional de la Ciudad Educadora 2021 con este proyecto cooperativo de arte urbano, trabajado conjuntamente en las \u00faltimas semanas<\/h5>\n<p><!--more--><\/p>\n<p>Pamplona celebra el D\u00eda Internacional de la Ciudad Educadora 2021 con la culminaci\u00f3n de un proyecto cooperativo educativo de arte urbano. Alumnado de ESO del IES Navarra Villoslada, durante la ma\u00f1ana de hoy, y del Colegio Nuestra Se\u00f1ora del Huerto, ma\u00f1ana mi\u00e9rcoles, han iniciado la pintura de un mural en la plaza peatonal bajo la rotonda de confluencia de la calle Tajonar y la avenida de Catalu\u00f1a, bajo la supervisi\u00f3n de los artistas Peio Iglesias y Leire Urbelz. El proceso creativo del mural se ha llevado a cabo mediante talleres en los propios centros educativos.<\/p>\n<p>El mural, de t\u00edtulo \u2018Pamplona no se construy\u00f3 en un d\u00eda\u2019, plantea una reflexi\u00f3n sobre la conexi\u00f3n entre el pasado, el presente y el futuro de la ciudad a nivel hist\u00f3rico \u2013 art\u00edstico (arquitectura) y sobre la relaci\u00f3n entre paisaje, arquitectura y ser humano. Los artistas propusieron al alumnado realizar collages con elementos arquitect\u00f3nicos de la ciudad, como fuentes, edificios o monumentos representativos de Pamplona f\u00e1cilmente reconocibles, que al final han conformado el dise\u00f1o del mural que esta ma\u00f1ana ha comenzado a representarse.<\/p>\n<p>El concejal delegado de Educaci\u00f3n, Participaci\u00f3n Ciudadana y Juventud, Fernando Sesma, y el director del \u00e1rea Jos\u00e9 Manuel Santana han visitado el lugar y el desarrollo de la \u00faltima actividad de esta iniciativa, la realizaci\u00f3n <em>in situ<\/em> del mural en una superficie en torno a los 50 metros cuadrados. Durante la ma\u00f1ana, en torno a una veintena de alumnos y alumnas del IES Navarra Villoslada han compartido materiales, tiempo e ilusi\u00f3n por hacer realidad la creaci\u00f3n art\u00edstica en la que llevan semanas trabajando. Ma\u00f1ana ser\u00e1 el alumnado del colegio Nuestra Se\u00f1ora del Huerto, otra veintena de alumnos y alumnas, el que contin\u00fae con las labores iniciadas hoy.<br \/>\n<script async src=\"\/\/pagead2.googlesyndication.com\/pagead\/js\/adsbygoogle.js\"><\/script><br \/>\n<!-- Noticias La Guia de Pamplona --><br \/>\n<ins class=\"adsbygoogle\"\nstyle=\"display:block\"\ndata-ad-client=\"ca-pub-6943679897239327\"\ndata-ad-slot=\"7048180777\"\ndata-ad-format=\"auto\"><\/ins><br \/>\n<script>\n(adsbygoogle = window.adsbygoogle || []).push({});\n<\/script><\/p>\n<p><strong>Pamplona Ciudad Educadora<\/strong><\/p>\n<p>Pamplona forma parte de la Red de Ciudades Educadoras, que promueven una visi\u00f3n amplia de la educaci\u00f3n a lo largo y ancho de la vida, generando oportunidades educativas que permitan desarrollar el potencial de todas las personas y situarla como vector generador de bienestar, convivencia, prosperidad y cohesi\u00f3n social. El lema de esta edici\u00f3n del D\u00eda Internacional es \u2018La Ciudad Educadora no deja a nadie atr\u00e1s\u2019, una afirmaci\u00f3n que implica poner fin a la discriminaci\u00f3n y la exclusi\u00f3n, y reducir las desigualdades y vulnerabilidades, y sus causas fundamentales.<\/p>\n<p>Esta iniciativa concreta pretende acercar los procesos e ideas del arte urbano a la comunidad educativa e involucrar a los agentes urbanos en esa creaci\u00f3n de arte urbano. Adem\u00e1s, se busca la experiencia de convivir con personas de diferentes centros educativos, de entender el trabajo colectivo como una necesidad individual, de conocer referentes del arte urbano local, de reflexionar sobre el valor del arte urbano en el contexto de una ciudad como Pamplona y de adquirir conocimientos a trav\u00e9s de las discusiones sobre la historia y la arquitectura de Pamplona.<br \/>\n<script async src=\"\/\/pagead2.googlesyndication.com\/pagead\/js\/adsbygoogle.js\"><\/script><br \/>\n<!-- Noticias La Guia de Pamplona --><br \/>\n<ins class=\"adsbygoogle\"\nstyle=\"display:block\"\ndata-ad-client=\"ca-pub-6943679897239327\"\ndata-ad-slot=\"7048180777\"\ndata-ad-format=\"auto\"><\/ins><br \/>\n<script>\n(adsbygoogle = window.adsbygoogle || []).push({});\n<\/script><\/p>\n<p><strong>Proyecto cooperativo educativo<\/strong><\/p>\n<p>Por segundo a\u00f1o, el Ayuntamiento de Pamplona, a trav\u00e9s del \u00e1rea de Educaci\u00f3n, Participaci\u00f3n Ciudadana y Juventud, propone una actividad para celebrar este D\u00eda Internacional de la Ciudad Educadora. En este 2021 se ha apostado por crear y realizar una obra de arte urbano, en forma de mural, de manera cooperativa entre alumnado de dos centros educativos de Educaci\u00f3n Secundaria y artistas locales.<\/p>\n<p>Desde el Ayuntamiento se invit\u00f3 a Peio Iglesias y Leire Urbelz, que aceptaron el reto y se han encargado de la direcci\u00f3n, dinamizaci\u00f3n y asistencia t\u00e9cnica \u2013 art\u00edstica de esta iniciativa. Se seleccion\u00f3 al IES Navarro Villoslada y al Colegio Nuestra Se\u00f1ora del Huerto, centros p\u00fablico y concertado, respectivamente, y centros que hab\u00edan solicitado la inscripci\u00f3n a otros programas educativos del Ayuntamiento de Pamplona relacionados con el arte contempor\u00e1neo.<\/p>\n<p>Para llevar a cabo este proyecto, se han desarrollado talleres en seis sesiones. En la primera sesi\u00f3n, en cada uno de los centros, se reflexion\u00f3 sobre los estilos arquitect\u00f3nicos de la ciudad y se elaboraron diferentes collages con fotograf\u00edas antiguas. El segundo taller, celebrado en la Escuela de Arte Catalina de Osc\u00e1riz ya con todo el alumnado participante, se seleccionaron ideas a implementar en el mural y se visit\u00f3 la localizaci\u00f3n en el que plasmarlo. El tercer taller es el que ha tenido lugar este martes, con la realizaci\u00f3n conjunta del mural entre el alumnado y los artistas.<br \/>\n<script async src=\"\/\/pagead2.googlesyndication.com\/pagead\/js\/adsbygoogle.js\"><\/script><br \/>\n<!-- Noticias La Guia de Pamplona --><br \/>\n<ins class=\"adsbygoogle\"\nstyle=\"display:block\"\ndata-ad-client=\"ca-pub-6943679897239327\"\ndata-ad-slot=\"7048180777\"\ndata-ad-format=\"auto\"><\/ins><br \/>\n<script>\n(adsbygoogle = window.adsbygoogle || []).push({});\n<\/script><\/p>\n<p><strong>Declaraci\u00f3n institucional por el D\u00eda de las Ciudades Educadoras<\/strong><\/p>\n<p>Esta ma\u00f1ana la Junta de Portavoces del Ayuntamiento de Pamplona ha aprobado una declaraci\u00f3n institucional con motivo de este D\u00eda de las Ciudades Educadoras. En ella, el Consistorio ratifica \u201csu compromiso de trabajar para articular respuestas multidimensionales que permitan desarrollar las competencias personales y sociales del conjunto de la ciudadan\u00eda de Pamplona, sin exclusiones\u201d.<\/p>\n<p>En un segundo punto, insta \u201ca todos los departamentos municipales y recursos ciudadanos, a crear alianzas que ofrezcan a la sociedad civil oportunidades formativas a lo largo de las etapas vitales, con especial atenci\u00f3n a los colectivos con mayor riesgo de exclusi\u00f3n social\u201d. Por \u00faltimo, se apuesta por \u201cimpulsar la mejora de la calidad del sistema educativo en Pamplona, la lucha contra el abandono escolar, la coeducaci\u00f3n, y el \u00e9xito educativo del conjunto de la ciudadan\u00eda, puesto que la escuela juega un rol central en la reducci\u00f3n de las desigualdades y debe continuamente reinventarse para poder dar respuesta a los nuevos retos\u201d.<\/p>\n","protected":false},"excerpt":{"rendered":"<p>Pamplona celebra el D\u00eda Internacional de la Ciudad Educadora 2021 con este proyecto cooperativo de arte urbano, trabajado conjuntamente en las \u00faltimas semanas<\/p>\n","protected":false},"author":1,"featured_media":37792,"comment_status":"open","ping_status":"closed","sticky":false,"template":"","format":"standard","meta":{"footnotes":""},"categories":[2],"tags":[],"class_list":["post-37791","post","type-post","status-publish","format-standard","has-post-thumbnail","hentry","category-ayuntamiento-pamplona"],"yoast_head":"<!-- This site is optimized with the Yoast SEO plugin v27.3 - https:\/\/yoast.com\/product\/yoast-seo-wordpress\/ -->\n<title>Alumnado del IES Navarro Villoslada y del colegio Nuestra Se\u00f1ora del Huerto, junto a los artistas Peio Iglesias y Leire Urbelz, realizan un mural de arte urbano en Milagrosa<\/title>\n<meta name=\"description\" content=\"Pamplona celebra el D\u00eda Internacional de la Ciudad Educadora 2021 con este proyecto cooperativo de arte urbano, trabajado conjuntamente en las \u00faltimas semanas\" \/>\n<meta name=\"robots\" content=\"index, follow, max-snippet:-1, max-image-preview:large, max-video-preview:-1\" \/>\n<link rel=\"canonical\" href=\"https:\/\/www.laguiadepamplona.com\/actualidad\/alumnado-del-ies-navarro-villoslada-y-del-colegio-nuestra-senora-del-huerto-junto-a-los-artistas-peio-iglesias-y-leire-urbelz-realizan-un-mural-de-arte-urbano-en-milagrosa\/\" \/>\n<meta property=\"og:locale\" content=\"es_ES\" \/>\n<meta property=\"og:type\" content=\"article\" \/>\n<meta property=\"og:title\" content=\"Alumnado del IES Navarro Villoslada y del colegio Nuestra Se\u00f1ora del Huerto, junto a los artistas Peio Iglesias y Leire Urbelz, realizan un mural de arte urbano en Milagrosa\" \/>\n<meta property=\"og:description\" content=\"Pamplona celebra el D\u00eda Internacional de la Ciudad Educadora 2021 con este proyecto cooperativo de arte urbano, trabajado conjuntamente en las \u00faltimas semanas\" \/>\n<meta property=\"og:url\" content=\"https:\/\/www.laguiadepamplona.com\/actualidad\/alumnado-del-ies-navarro-villoslada-y-del-colegio-nuestra-senora-del-huerto-junto-a-los-artistas-peio-iglesias-y-leire-urbelz-realizan-un-mural-de-arte-urbano-en-milagrosa\/\" \/>\n<meta property=\"og:site_name\" content=\"La Gu\u00eda de Pamplona\" \/>\n<meta property=\"article:publisher\" content=\"https:\/\/www.facebook.com\/laguiadepamplonacom-133175176762273\/?ref=hl\" \/>\n<meta property=\"article:published_time\" content=\"2021-11-30T17:39:10+00:00\" \/>\n<meta property=\"article:modified_time\" content=\"2023-04-11T09:48:43+00:00\" \/>\n<meta property=\"og:image\" content=\"https:\/\/www.laguiadepamplona.com\/actualidad\/wp-content\/uploads\/2021\/11\/mural20211130jmg8344_0.jpg\" \/>\n\t<meta property=\"og:image:width\" content=\"1920\" \/>\n\t<meta property=\"og:image:height\" content=\"1280\" \/>\n\t<meta property=\"og:image:type\" content=\"image\/jpeg\" \/>\n<meta name=\"author\" content=\"La Gu\u00eda de Pamplona\" \/>\n<meta name=\"twitter:card\" content=\"summary_large_image\" \/>\n<meta name=\"twitter:creator\" content=\"@LaGuiadPamplona\" \/>\n<meta name=\"twitter:site\" content=\"@LaGuiadPamplona\" \/>\n<meta name=\"twitter:label1\" content=\"Escrito por\" \/>\n\t<meta name=\"twitter:data1\" content=\"La Gu\u00eda de Pamplona\" \/>\n\t<meta name=\"twitter:label2\" content=\"Tiempo de lectura\" \/>\n\t<meta name=\"twitter:data2\" content=\"4 minutos\" \/>\n<script type=\"application\/ld+json\" class=\"yoast-schema-graph\">{\"@context\":\"https:\\\/\\\/schema.org\",\"@graph\":[{\"@type\":\"Article\",\"@id\":\"https:\\\/\\\/www.laguiadepamplona.com\\\/actualidad\\\/alumnado-del-ies-navarro-villoslada-y-del-colegio-nuestra-senora-del-huerto-junto-a-los-artistas-peio-iglesias-y-leire-urbelz-realizan-un-mural-de-arte-urbano-en-milagrosa\\\/#article\",\"isPartOf\":{\"@id\":\"https:\\\/\\\/www.laguiadepamplona.com\\\/actualidad\\\/alumnado-del-ies-navarro-villoslada-y-del-colegio-nuestra-senora-del-huerto-junto-a-los-artistas-peio-iglesias-y-leire-urbelz-realizan-un-mural-de-arte-urbano-en-milagrosa\\\/\"},\"author\":{\"name\":\"La Gu\u00eda de Pamplona\",\"@id\":\"https:\\\/\\\/www.laguiadepamplona.com\\\/actualidad\\\/#\\\/schema\\\/person\\\/efe887376f0213d4657c93adc50b1fdb\"},\"headline\":\"Alumnado del IES Navarro Villoslada y del colegio Nuestra Se\u00f1ora del Huerto, junto a los artistas Peio Iglesias y Leire Urbelz, realizan un mural de arte urbano en Milagrosa\",\"datePublished\":\"2021-11-30T17:39:10+00:00\",\"dateModified\":\"2023-04-11T09:48:43+00:00\",\"mainEntityOfPage\":{\"@id\":\"https:\\\/\\\/www.laguiadepamplona.com\\\/actualidad\\\/alumnado-del-ies-navarro-villoslada-y-del-colegio-nuestra-senora-del-huerto-junto-a-los-artistas-peio-iglesias-y-leire-urbelz-realizan-un-mural-de-arte-urbano-en-milagrosa\\\/\"},\"wordCount\":985,\"commentCount\":0,\"publisher\":{\"@id\":\"https:\\\/\\\/www.laguiadepamplona.com\\\/actualidad\\\/#organization\"},\"image\":{\"@id\":\"https:\\\/\\\/www.laguiadepamplona.com\\\/actualidad\\\/alumnado-del-ies-navarro-villoslada-y-del-colegio-nuestra-senora-del-huerto-junto-a-los-artistas-peio-iglesias-y-leire-urbelz-realizan-un-mural-de-arte-urbano-en-milagrosa\\\/#primaryimage\"},\"thumbnailUrl\":\"https:\\\/\\\/www.laguiadepamplona.com\\\/actualidad\\\/wp-content\\\/uploads\\\/2021\\\/11\\\/mural20211130jmg8344_0.jpg\",\"articleSection\":[\"Ayto Pamplona\"],\"inLanguage\":\"es\",\"potentialAction\":[{\"@type\":\"CommentAction\",\"name\":\"Comment\",\"target\":[\"https:\\\/\\\/www.laguiadepamplona.com\\\/actualidad\\\/alumnado-del-ies-navarro-villoslada-y-del-colegio-nuestra-senora-del-huerto-junto-a-los-artistas-peio-iglesias-y-leire-urbelz-realizan-un-mural-de-arte-urbano-en-milagrosa\\\/#respond\"]}]},{\"@type\":\"WebPage\",\"@id\":\"https:\\\/\\\/www.laguiadepamplona.com\\\/actualidad\\\/alumnado-del-ies-navarro-villoslada-y-del-colegio-nuestra-senora-del-huerto-junto-a-los-artistas-peio-iglesias-y-leire-urbelz-realizan-un-mural-de-arte-urbano-en-milagrosa\\\/\",\"url\":\"https:\\\/\\\/www.laguiadepamplona.com\\\/actualidad\\\/alumnado-del-ies-navarro-villoslada-y-del-colegio-nuestra-senora-del-huerto-junto-a-los-artistas-peio-iglesias-y-leire-urbelz-realizan-un-mural-de-arte-urbano-en-milagrosa\\\/\",\"name\":\"Alumnado del IES Navarro Villoslada y del colegio Nuestra Se\u00f1ora del Huerto, junto a los artistas Peio Iglesias y Leire Urbelz, realizan un mural de arte urbano en Milagrosa\",\"isPartOf\":{\"@id\":\"https:\\\/\\\/www.laguiadepamplona.com\\\/actualidad\\\/#website\"},\"primaryImageOfPage\":{\"@id\":\"https:\\\/\\\/www.laguiadepamplona.com\\\/actualidad\\\/alumnado-del-ies-navarro-villoslada-y-del-colegio-nuestra-senora-del-huerto-junto-a-los-artistas-peio-iglesias-y-leire-urbelz-realizan-un-mural-de-arte-urbano-en-milagrosa\\\/#primaryimage\"},\"image\":{\"@id\":\"https:\\\/\\\/www.laguiadepamplona.com\\\/actualidad\\\/alumnado-del-ies-navarro-villoslada-y-del-colegio-nuestra-senora-del-huerto-junto-a-los-artistas-peio-iglesias-y-leire-urbelz-realizan-un-mural-de-arte-urbano-en-milagrosa\\\/#primaryimage\"},\"thumbnailUrl\":\"https:\\\/\\\/www.laguiadepamplona.com\\\/actualidad\\\/wp-content\\\/uploads\\\/2021\\\/11\\\/mural20211130jmg8344_0.jpg\",\"datePublished\":\"2021-11-30T17:39:10+00:00\",\"dateModified\":\"2023-04-11T09:48:43+00:00\",\"description\":\"Pamplona celebra el D\u00eda Internacional de la Ciudad Educadora 2021 con este proyecto cooperativo de arte urbano, trabajado conjuntamente en las \u00faltimas semanas\",\"breadcrumb\":{\"@id\":\"https:\\\/\\\/www.laguiadepamplona.com\\\/actualidad\\\/alumnado-del-ies-navarro-villoslada-y-del-colegio-nuestra-senora-del-huerto-junto-a-los-artistas-peio-iglesias-y-leire-urbelz-realizan-un-mural-de-arte-urbano-en-milagrosa\\\/#breadcrumb\"},\"inLanguage\":\"es\",\"potentialAction\":[{\"@type\":\"ReadAction\",\"target\":[\"https:\\\/\\\/www.laguiadepamplona.com\\\/actualidad\\\/alumnado-del-ies-navarro-villoslada-y-del-colegio-nuestra-senora-del-huerto-junto-a-los-artistas-peio-iglesias-y-leire-urbelz-realizan-un-mural-de-arte-urbano-en-milagrosa\\\/\"]}]},{\"@type\":\"ImageObject\",\"inLanguage\":\"es\",\"@id\":\"https:\\\/\\\/www.laguiadepamplona.com\\\/actualidad\\\/alumnado-del-ies-navarro-villoslada-y-del-colegio-nuestra-senora-del-huerto-junto-a-los-artistas-peio-iglesias-y-leire-urbelz-realizan-un-mural-de-arte-urbano-en-milagrosa\\\/#primaryimage\",\"url\":\"https:\\\/\\\/www.laguiadepamplona.com\\\/actualidad\\\/wp-content\\\/uploads\\\/2021\\\/11\\\/mural20211130jmg8344_0.jpg\",\"contentUrl\":\"https:\\\/\\\/www.laguiadepamplona.com\\\/actualidad\\\/wp-content\\\/uploads\\\/2021\\\/11\\\/mural20211130jmg8344_0.jpg\",\"width\":1920,\"height\":1280,\"caption\":\"A* Jesus Garzaron F* 2021_11_30 T* Alumnos del Navarro Villoslada comienzan a pintar un mural. L* Bajo la rotonda en la confluencia de la calle Tajonar y Avenida Catalu\u00f1a, Pamplona\"},{\"@type\":\"BreadcrumbList\",\"@id\":\"https:\\\/\\\/www.laguiadepamplona.com\\\/actualidad\\\/alumnado-del-ies-navarro-villoslada-y-del-colegio-nuestra-senora-del-huerto-junto-a-los-artistas-peio-iglesias-y-leire-urbelz-realizan-un-mural-de-arte-urbano-en-milagrosa\\\/#breadcrumb\",\"itemListElement\":[{\"@type\":\"ListItem\",\"position\":1,\"name\":\"Portada\",\"item\":\"https:\\\/\\\/www.laguiadepamplona.com\\\/actualidad\\\/\"},{\"@type\":\"ListItem\",\"position\":2,\"name\":\"Alumnado del IES Navarro Villoslada y del colegio Nuestra Se\u00f1ora del Huerto, junto a los artistas Peio Iglesias y Leire Urbelz, realizan un mural de arte urbano en Milagrosa\"}]},{\"@type\":\"WebSite\",\"@id\":\"https:\\\/\\\/www.laguiadepamplona.com\\\/actualidad\\\/#website\",\"url\":\"https:\\\/\\\/www.laguiadepamplona.com\\\/actualidad\\\/\",\"name\":\"La gu\u00eda de Pamplona\",\"description\":\"Noticias de Pamplona\",\"publisher\":{\"@id\":\"https:\\\/\\\/www.laguiadepamplona.com\\\/actualidad\\\/#organization\"},\"potentialAction\":[{\"@type\":\"SearchAction\",\"target\":{\"@type\":\"EntryPoint\",\"urlTemplate\":\"https:\\\/\\\/www.laguiadepamplona.com\\\/actualidad\\\/?s={search_term_string}\"},\"query-input\":{\"@type\":\"PropertyValueSpecification\",\"valueRequired\":true,\"valueName\":\"search_term_string\"}}],\"inLanguage\":\"es\"},{\"@type\":\"Organization\",\"@id\":\"https:\\\/\\\/www.laguiadepamplona.com\\\/actualidad\\\/#organization\",\"name\":\"La Gu\u00eda de Pamplona \\\/ Noticias\",\"url\":\"https:\\\/\\\/www.laguiadepamplona.com\\\/actualidad\\\/\",\"logo\":{\"@type\":\"ImageObject\",\"inLanguage\":\"es\",\"@id\":\"https:\\\/\\\/www.laguiadepamplona.com\\\/actualidad\\\/#\\\/schema\\\/logo\\\/image\\\/\",\"url\":\"https:\\\/\\\/www.laguiadepamplona.com\\\/actualidad\\\/wp-content\\\/uploads\\\/2018\\\/11\\\/logo-laguiadepamplona18-web1.png\",\"contentUrl\":\"https:\\\/\\\/www.laguiadepamplona.com\\\/actualidad\\\/wp-content\\\/uploads\\\/2018\\\/11\\\/logo-laguiadepamplona18-web1.png\",\"width\":600,\"height\":196,\"caption\":\"La Gu\u00eda de Pamplona \\\/ Noticias\"},\"image\":{\"@id\":\"https:\\\/\\\/www.laguiadepamplona.com\\\/actualidad\\\/#\\\/schema\\\/logo\\\/image\\\/\"},\"sameAs\":[\"https:\\\/\\\/www.facebook.com\\\/laguiadepamplonacom-133175176762273\\\/?ref=hl\",\"https:\\\/\\\/x.com\\\/LaGuiadPamplona\",\"https:\\\/\\\/www.instagram.com\\\/la_guia_de_pamplona\\\/\",\"https:\\\/\\\/www.youtube.com\\\/user\\\/laguiadepamplona\"]},{\"@type\":\"Person\",\"@id\":\"https:\\\/\\\/www.laguiadepamplona.com\\\/actualidad\\\/#\\\/schema\\\/person\\\/efe887376f0213d4657c93adc50b1fdb\",\"name\":\"La Gu\u00eda de Pamplona\",\"image\":{\"@type\":\"ImageObject\",\"inLanguage\":\"es\",\"@id\":\"https:\\\/\\\/secure.gravatar.com\\\/avatar\\\/b6992f131dc8d30ab0dff15446e9d346d9dbd95992de0fef795073f5ea83a81c?s=96&d=mm&r=g\",\"url\":\"https:\\\/\\\/secure.gravatar.com\\\/avatar\\\/b6992f131dc8d30ab0dff15446e9d346d9dbd95992de0fef795073f5ea83a81c?s=96&d=mm&r=g\",\"contentUrl\":\"https:\\\/\\\/secure.gravatar.com\\\/avatar\\\/b6992f131dc8d30ab0dff15446e9d346d9dbd95992de0fef795073f5ea83a81c?s=96&d=mm&r=g\",\"caption\":\"La Gu\u00eda de Pamplona\"}}]}<\/script>\n<!-- \/ Yoast SEO plugin. -->","yoast_head_json":{"title":"Alumnado del IES Navarro Villoslada y del colegio Nuestra Se\u00f1ora del Huerto, junto a los artistas Peio Iglesias y Leire Urbelz, realizan un mural de arte urbano en Milagrosa","description":"Pamplona celebra el D\u00eda Internacional de la Ciudad Educadora 2021 con este proyecto cooperativo de arte urbano, trabajado conjuntamente en las \u00faltimas semanas","robots":{"index":"index","follow":"follow","max-snippet":"max-snippet:-1","max-image-preview":"max-image-preview:large","max-video-preview":"max-video-preview:-1"},"canonical":"https:\/\/www.laguiadepamplona.com\/actualidad\/alumnado-del-ies-navarro-villoslada-y-del-colegio-nuestra-senora-del-huerto-junto-a-los-artistas-peio-iglesias-y-leire-urbelz-realizan-un-mural-de-arte-urbano-en-milagrosa\/","og_locale":"es_ES","og_type":"article","og_title":"Alumnado del IES Navarro Villoslada y del colegio Nuestra Se\u00f1ora del Huerto, junto a los artistas Peio Iglesias y Leire Urbelz, realizan un mural de arte urbano en Milagrosa","og_description":"Pamplona celebra el D\u00eda Internacional de la Ciudad Educadora 2021 con este proyecto cooperativo de arte urbano, trabajado conjuntamente en las \u00faltimas semanas","og_url":"https:\/\/www.laguiadepamplona.com\/actualidad\/alumnado-del-ies-navarro-villoslada-y-del-colegio-nuestra-senora-del-huerto-junto-a-los-artistas-peio-iglesias-y-leire-urbelz-realizan-un-mural-de-arte-urbano-en-milagrosa\/","og_site_name":"La Gu\u00eda de Pamplona","article_publisher":"https:\/\/www.facebook.com\/laguiadepamplonacom-133175176762273\/?ref=hl","article_published_time":"2021-11-30T17:39:10+00:00","article_modified_time":"2023-04-11T09:48:43+00:00","og_image":[{"width":1920,"height":1280,"url":"https:\/\/www.laguiadepamplona.com\/actualidad\/wp-content\/uploads\/2021\/11\/mural20211130jmg8344_0.jpg","type":"image\/jpeg"}],"author":"La Gu\u00eda de Pamplona","twitter_card":"summary_large_image","twitter_creator":"@LaGuiadPamplona","twitter_site":"@LaGuiadPamplona","twitter_misc":{"Escrito por":"La Gu\u00eda de Pamplona","Tiempo de lectura":"4 minutos"},"schema":{"@context":"https:\/\/schema.org","@graph":[{"@type":"Article","@id":"https:\/\/www.laguiadepamplona.com\/actualidad\/alumnado-del-ies-navarro-villoslada-y-del-colegio-nuestra-senora-del-huerto-junto-a-los-artistas-peio-iglesias-y-leire-urbelz-realizan-un-mural-de-arte-urbano-en-milagrosa\/#article","isPartOf":{"@id":"https:\/\/www.laguiadepamplona.com\/actualidad\/alumnado-del-ies-navarro-villoslada-y-del-colegio-nuestra-senora-del-huerto-junto-a-los-artistas-peio-iglesias-y-leire-urbelz-realizan-un-mural-de-arte-urbano-en-milagrosa\/"},"author":{"name":"La Gu\u00eda de Pamplona","@id":"https:\/\/www.laguiadepamplona.com\/actualidad\/#\/schema\/person\/efe887376f0213d4657c93adc50b1fdb"},"headline":"Alumnado del IES Navarro Villoslada y del colegio Nuestra Se\u00f1ora del Huerto, junto a los artistas Peio Iglesias y Leire Urbelz, realizan un mural de arte urbano en Milagrosa","datePublished":"2021-11-30T17:39:10+00:00","dateModified":"2023-04-11T09:48:43+00:00","mainEntityOfPage":{"@id":"https:\/\/www.laguiadepamplona.com\/actualidad\/alumnado-del-ies-navarro-villoslada-y-del-colegio-nuestra-senora-del-huerto-junto-a-los-artistas-peio-iglesias-y-leire-urbelz-realizan-un-mural-de-arte-urbano-en-milagrosa\/"},"wordCount":985,"commentCount":0,"publisher":{"@id":"https:\/\/www.laguiadepamplona.com\/actualidad\/#organization"},"image":{"@id":"https:\/\/www.laguiadepamplona.com\/actualidad\/alumnado-del-ies-navarro-villoslada-y-del-colegio-nuestra-senora-del-huerto-junto-a-los-artistas-peio-iglesias-y-leire-urbelz-realizan-un-mural-de-arte-urbano-en-milagrosa\/#primaryimage"},"thumbnailUrl":"https:\/\/www.laguiadepamplona.com\/actualidad\/wp-content\/uploads\/2021\/11\/mural20211130jmg8344_0.jpg","articleSection":["Ayto Pamplona"],"inLanguage":"es","potentialAction":[{"@type":"CommentAction","name":"Comment","target":["https:\/\/www.laguiadepamplona.com\/actualidad\/alumnado-del-ies-navarro-villoslada-y-del-colegio-nuestra-senora-del-huerto-junto-a-los-artistas-peio-iglesias-y-leire-urbelz-realizan-un-mural-de-arte-urbano-en-milagrosa\/#respond"]}]},{"@type":"WebPage","@id":"https:\/\/www.laguiadepamplona.com\/actualidad\/alumnado-del-ies-navarro-villoslada-y-del-colegio-nuestra-senora-del-huerto-junto-a-los-artistas-peio-iglesias-y-leire-urbelz-realizan-un-mural-de-arte-urbano-en-milagrosa\/","url":"https:\/\/www.laguiadepamplona.com\/actualidad\/alumnado-del-ies-navarro-villoslada-y-del-colegio-nuestra-senora-del-huerto-junto-a-los-artistas-peio-iglesias-y-leire-urbelz-realizan-un-mural-de-arte-urbano-en-milagrosa\/","name":"Alumnado del IES Navarro Villoslada y del colegio Nuestra Se\u00f1ora del Huerto, junto a los artistas Peio Iglesias y Leire Urbelz, realizan un mural de arte urbano en Milagrosa","isPartOf":{"@id":"https:\/\/www.laguiadepamplona.com\/actualidad\/#website"},"primaryImageOfPage":{"@id":"https:\/\/www.laguiadepamplona.com\/actualidad\/alumnado-del-ies-navarro-villoslada-y-del-colegio-nuestra-senora-del-huerto-junto-a-los-artistas-peio-iglesias-y-leire-urbelz-realizan-un-mural-de-arte-urbano-en-milagrosa\/#primaryimage"},"image":{"@id":"https:\/\/www.laguiadepamplona.com\/actualidad\/alumnado-del-ies-navarro-villoslada-y-del-colegio-nuestra-senora-del-huerto-junto-a-los-artistas-peio-iglesias-y-leire-urbelz-realizan-un-mural-de-arte-urbano-en-milagrosa\/#primaryimage"},"thumbnailUrl":"https:\/\/www.laguiadepamplona.com\/actualidad\/wp-content\/uploads\/2021\/11\/mural20211130jmg8344_0.jpg","datePublished":"2021-11-30T17:39:10+00:00","dateModified":"2023-04-11T09:48:43+00:00","description":"Pamplona celebra el D\u00eda Internacional de la Ciudad Educadora 2021 con este proyecto cooperativo de arte urbano, trabajado conjuntamente en las \u00faltimas semanas","breadcrumb":{"@id":"https:\/\/www.laguiadepamplona.com\/actualidad\/alumnado-del-ies-navarro-villoslada-y-del-colegio-nuestra-senora-del-huerto-junto-a-los-artistas-peio-iglesias-y-leire-urbelz-realizan-un-mural-de-arte-urbano-en-milagrosa\/#breadcrumb"},"inLanguage":"es","potentialAction":[{"@type":"ReadAction","target":["https:\/\/www.laguiadepamplona.com\/actualidad\/alumnado-del-ies-navarro-villoslada-y-del-colegio-nuestra-senora-del-huerto-junto-a-los-artistas-peio-iglesias-y-leire-urbelz-realizan-un-mural-de-arte-urbano-en-milagrosa\/"]}]},{"@type":"ImageObject","inLanguage":"es","@id":"https:\/\/www.laguiadepamplona.com\/actualidad\/alumnado-del-ies-navarro-villoslada-y-del-colegio-nuestra-senora-del-huerto-junto-a-los-artistas-peio-iglesias-y-leire-urbelz-realizan-un-mural-de-arte-urbano-en-milagrosa\/#primaryimage","url":"https:\/\/www.laguiadepamplona.com\/actualidad\/wp-content\/uploads\/2021\/11\/mural20211130jmg8344_0.jpg","contentUrl":"https:\/\/www.laguiadepamplona.com\/actualidad\/wp-content\/uploads\/2021\/11\/mural20211130jmg8344_0.jpg","width":1920,"height":1280,"caption":"A* Jesus Garzaron F* 2021_11_30 T* Alumnos del Navarro Villoslada comienzan a pintar un mural. L* Bajo la rotonda en la confluencia de la calle Tajonar y Avenida Catalu\u00f1a, Pamplona"},{"@type":"BreadcrumbList","@id":"https:\/\/www.laguiadepamplona.com\/actualidad\/alumnado-del-ies-navarro-villoslada-y-del-colegio-nuestra-senora-del-huerto-junto-a-los-artistas-peio-iglesias-y-leire-urbelz-realizan-un-mural-de-arte-urbano-en-milagrosa\/#breadcrumb","itemListElement":[{"@type":"ListItem","position":1,"name":"Portada","item":"https:\/\/www.laguiadepamplona.com\/actualidad\/"},{"@type":"ListItem","position":2,"name":"Alumnado del IES Navarro Villoslada y del colegio Nuestra Se\u00f1ora del Huerto, junto a los artistas Peio Iglesias y Leire Urbelz, realizan un mural de arte urbano en Milagrosa"}]},{"@type":"WebSite","@id":"https:\/\/www.laguiadepamplona.com\/actualidad\/#website","url":"https:\/\/www.laguiadepamplona.com\/actualidad\/","name":"La gu\u00eda de Pamplona","description":"Noticias de Pamplona","publisher":{"@id":"https:\/\/www.laguiadepamplona.com\/actualidad\/#organization"},"potentialAction":[{"@type":"SearchAction","target":{"@type":"EntryPoint","urlTemplate":"https:\/\/www.laguiadepamplona.com\/actualidad\/?s={search_term_string}"},"query-input":{"@type":"PropertyValueSpecification","valueRequired":true,"valueName":"search_term_string"}}],"inLanguage":"es"},{"@type":"Organization","@id":"https:\/\/www.laguiadepamplona.com\/actualidad\/#organization","name":"La Gu\u00eda de Pamplona \/ Noticias","url":"https:\/\/www.laguiadepamplona.com\/actualidad\/","logo":{"@type":"ImageObject","inLanguage":"es","@id":"https:\/\/www.laguiadepamplona.com\/actualidad\/#\/schema\/logo\/image\/","url":"https:\/\/www.laguiadepamplona.com\/actualidad\/wp-content\/uploads\/2018\/11\/logo-laguiadepamplona18-web1.png","contentUrl":"https:\/\/www.laguiadepamplona.com\/actualidad\/wp-content\/uploads\/2018\/11\/logo-laguiadepamplona18-web1.png","width":600,"height":196,"caption":"La Gu\u00eda de Pamplona \/ Noticias"},"image":{"@id":"https:\/\/www.laguiadepamplona.com\/actualidad\/#\/schema\/logo\/image\/"},"sameAs":["https:\/\/www.facebook.com\/laguiadepamplonacom-133175176762273\/?ref=hl","https:\/\/x.com\/LaGuiadPamplona","https:\/\/www.instagram.com\/la_guia_de_pamplona\/","https:\/\/www.youtube.com\/user\/laguiadepamplona"]},{"@type":"Person","@id":"https:\/\/www.laguiadepamplona.com\/actualidad\/#\/schema\/person\/efe887376f0213d4657c93adc50b1fdb","name":"La Gu\u00eda de Pamplona","image":{"@type":"ImageObject","inLanguage":"es","@id":"https:\/\/secure.gravatar.com\/avatar\/b6992f131dc8d30ab0dff15446e9d346d9dbd95992de0fef795073f5ea83a81c?s=96&d=mm&r=g","url":"https:\/\/secure.gravatar.com\/avatar\/b6992f131dc8d30ab0dff15446e9d346d9dbd95992de0fef795073f5ea83a81c?s=96&d=mm&r=g","contentUrl":"https:\/\/secure.gravatar.com\/avatar\/b6992f131dc8d30ab0dff15446e9d346d9dbd95992de0fef795073f5ea83a81c?s=96&d=mm&r=g","caption":"La Gu\u00eda de Pamplona"}}]}},"post_mailing_queue_ids":[],"_links":{"self":[{"href":"https:\/\/www.laguiadepamplona.com\/actualidad\/wp-json\/wp\/v2\/posts\/37791","targetHints":{"allow":["GET"]}}],"collection":[{"href":"https:\/\/www.laguiadepamplona.com\/actualidad\/wp-json\/wp\/v2\/posts"}],"about":[{"href":"https:\/\/www.laguiadepamplona.com\/actualidad\/wp-json\/wp\/v2\/types\/post"}],"author":[{"embeddable":true,"href":"https:\/\/www.laguiadepamplona.com\/actualidad\/wp-json\/wp\/v2\/users\/1"}],"replies":[{"embeddable":true,"href":"https:\/\/www.laguiadepamplona.com\/actualidad\/wp-json\/wp\/v2\/comments?post=37791"}],"version-history":[{"count":0,"href":"https:\/\/www.laguiadepamplona.com\/actualidad\/wp-json\/wp\/v2\/posts\/37791\/revisions"}],"wp:featuredmedia":[{"embeddable":true,"href":"https:\/\/www.laguiadepamplona.com\/actualidad\/wp-json\/wp\/v2\/media\/37792"}],"wp:attachment":[{"href":"https:\/\/www.laguiadepamplona.com\/actualidad\/wp-json\/wp\/v2\/media?parent=37791"}],"wp:term":[{"taxonomy":"category","embeddable":true,"href":"https:\/\/www.laguiadepamplona.com\/actualidad\/wp-json\/wp\/v2\/categories?post=37791"},{"taxonomy":"post_tag","embeddable":true,"href":"https:\/\/www.laguiadepamplona.com\/actualidad\/wp-json\/wp\/v2\/tags?post=37791"}],"curies":[{"name":"wp","href":"https:\/\/api.w.org\/{rel}","templated":true}]}}