{"id":37789,"date":"2021-11-30T19:36:54","date_gmt":"2021-11-30T17:36:54","guid":{"rendered":"https:\/\/www.laguiadepamplona.com\/actualidad\/?p=37789"},"modified":"2023-04-11T11:48:43","modified_gmt":"2023-04-11T09:48:43","slug":"el-ayuntamiento-se-suma-al-dia-mundial-del-sida-iluminando-manana-miercoles-su-fachada-de-rojo","status":"publish","type":"post","link":"https:\/\/www.laguiadepamplona.com\/actualidad\/el-ayuntamiento-se-suma-al-dia-mundial-del-sida-iluminando-manana-miercoles-su-fachada-de-rojo\/","title":{"rendered":"El Ayuntamiento se suma al D\u00eda Mundial del Sida iluminando ma\u00f1ana mi\u00e9rcoles su fachada de rojo"},"content":{"rendered":"<h5>La Junta de Portavoces ha acordado adherirse a las iniciativas impulsadas por las entidades de la sociedad civil<\/h5>\n<p><!--more--><\/p>\n<p>La fachada del Ayuntamiento de Pamplona se iluminar\u00e1 ma\u00f1ana, 1 de diciembre, de color rojo coincidiendo con la conmemoraci\u00f3n del D\u00eda Mundial del Sida. Con esta acci\u00f3n, el Consistorio quiere mostrar su apoyo a las personas que viven con el VIH y recordar a las que han fallecido por enfermedades relacionadas con el sida.<\/p>\n<p>En este sentido, la Junta de Portavoces ha acordado hoy adherirse a las iniciativas impulsadas por las entidades de la sociedad civil de Pamplona y Navarra, Comisi\u00f3n Ciudadana Anti-Sida de Navarra \/ Hiesaren Aurkako Nafarroako Batzorde Hiritarra y SARE-Apoyo VIH-SIDA \/ Laguntza Gib\/Hies para conmemorar este 1 de diciembre. Asimismo, han animado a la ciudadan\u00eda \u201ca participar activamente en los actos convocados por estas entidades para conmemorar un d\u00eda tan especial\u201d.<br \/>\n<script async src=\"\/\/pagead2.googlesyndication.com\/pagead\/js\/adsbygoogle.js\"><\/script><br \/>\n<!-- Noticias La Guia de Pamplona --><br \/>\n<ins class=\"adsbygoogle\"\nstyle=\"display:block\"\ndata-ad-client=\"ca-pub-6943679897239327\"\ndata-ad-slot=\"7048180777\"\ndata-ad-format=\"auto\"><\/ins><br \/>\n<script>\n(adsbygoogle = window.adsbygoogle || []).push({});\n<\/script><\/p>\n<p>Desde que se declararon los primeros casos de VIH hace m\u00e1s de 35 a\u00f1os, 78 millones de personas han contra\u00eddo el VIH y 35 millones han muerto por enfermedades relacionadas con el sida en todo el mundo. En Navarra, seg\u00fan el \u00faltimo informe epidemiol\u00f3gico del Instituto de Salud P\u00fablica y Laboral, desde el comienzo de la epidemia hasta diciembre de 2020 se han diagnosticado 2.195 infecciones por VIH. La mayor parte se diagnosticaron entre finales de los ochenta y principios de los noventa. Posteriormente la tasa descendi\u00f3 hasta un m\u00ednimo de 4,4 casos por 100.000 habitantes en 2008. Sin embargo, desde entonces la incidencia ha aumentado ligeramente. En 2019 se produjeron 6,6 casos por 100.000. Las cifras de 2020 volvieron a registrar los niveles de 2008, si bien los expertos creen que se debe a un menor diagn\u00f3stico debido a la crisis de la COVID-19.<\/p>\n<p>Adem\u00e1s, en este \u00faltimo a\u00f1o aumentaron los casos con diagn\u00f3stico simult\u00e1neo de VIH y sida, lo que indica que parte de las personas infectadas se diagnostican en fases muy avanzadas de la infecci\u00f3n. La transmisi\u00f3n sexual es la principal responsable de las nuevas infecciones.<br \/>\n<script async src=\"\/\/pagead2.googlesyndication.com\/pagead\/js\/adsbygoogle.js\"><\/script><br \/>\n<!-- Noticias La Guia de Pamplona --><br \/>\n<ins class=\"adsbygoogle\"\nstyle=\"display:block\"\ndata-ad-client=\"ca-pub-6943679897239327\"\ndata-ad-slot=\"7048180777\"\ndata-ad-format=\"auto\"><\/ins><br \/>\n<script>\n(adsbygoogle = window.adsbygoogle || []).push({});\n<\/script><\/p>\n<p>A todo ello se suma que, seg\u00fan las estimaciones oficiales, en Navarra hay unas 200 personas con infecci\u00f3n por VIH que todav\u00eda no han sido diagnosticadas. Esto supone que el 84% de infecciones por el VIH estar\u00edan diagnosticadas, pero no se alcanza todav\u00eda el objetivo del 90% de ONUSIDA. El diagn\u00f3stico de estas infecciones ocultas ayudar\u00eda a mejorar su pron\u00f3stico y a prevenir nuevos contagios.<\/p>\n<p>Establecido en 1988, el D\u00eda Mundial del Sida fue el primer d\u00eda dedicado a la salud en todo el mundo. Cada a\u00f1o, esta jornada gira en torno a un tema diferente. En esta ocasi\u00f3n, el lema elegido es \u2018Poner fin a las desigualdades. Poner fin al sida. Poner fin a las pandemias\u2019.<\/p>\n","protected":false},"excerpt":{"rendered":"<p>La Junta de Portavoces ha acordado adherirse a las iniciativas impulsadas por las entidades de la sociedad civil<\/p>\n","protected":false},"author":1,"featured_media":36967,"comment_status":"open","ping_status":"closed","sticky":false,"template":"","format":"standard","meta":{"footnotes":""},"categories":[2],"tags":[],"class_list":["post-37789","post","type-post","status-publish","format-standard","has-post-thumbnail","hentry","category-ayuntamiento-pamplona"],"yoast_head":"<!-- This site is optimized with the Yoast SEO plugin v27.3 - https:\/\/yoast.com\/product\/yoast-seo-wordpress\/ -->\n<title>El Ayuntamiento se suma al D\u00eda Mundial del Sida iluminando ma\u00f1ana mi\u00e9rcoles su fachada de rojo<\/title>\n<meta name=\"description\" content=\"La Junta de Portavoces ha acordado adherirse a las iniciativas impulsadas por las entidades de la sociedad civil\" \/>\n<meta name=\"robots\" content=\"index, follow, max-snippet:-1, max-image-preview:large, max-video-preview:-1\" \/>\n<link rel=\"canonical\" href=\"https:\/\/www.laguiadepamplona.com\/actualidad\/el-ayuntamiento-se-suma-al-dia-mundial-del-sida-iluminando-manana-miercoles-su-fachada-de-rojo\/\" \/>\n<meta property=\"og:locale\" content=\"es_ES\" \/>\n<meta property=\"og:type\" content=\"article\" \/>\n<meta property=\"og:title\" content=\"El Ayuntamiento se suma al D\u00eda Mundial del Sida iluminando ma\u00f1ana mi\u00e9rcoles su fachada de rojo\" \/>\n<meta property=\"og:description\" content=\"La Junta de Portavoces ha acordado adherirse a las iniciativas impulsadas por las entidades de la sociedad civil\" \/>\n<meta property=\"og:url\" content=\"https:\/\/www.laguiadepamplona.com\/actualidad\/el-ayuntamiento-se-suma-al-dia-mundial-del-sida-iluminando-manana-miercoles-su-fachada-de-rojo\/\" \/>\n<meta property=\"og:site_name\" content=\"La Gu\u00eda de Pamplona\" \/>\n<meta property=\"article:publisher\" content=\"https:\/\/www.facebook.com\/laguiadepamplonacom-133175176762273\/?ref=hl\" \/>\n<meta property=\"article:published_time\" content=\"2021-11-30T17:36:54+00:00\" \/>\n<meta property=\"article:modified_time\" content=\"2023-04-11T09:48:43+00:00\" \/>\n<meta property=\"og:image\" content=\"https:\/\/www.laguiadepamplona.com\/actualidad\/wp-content\/uploads\/2021\/10\/ayuntamiento-rojo.jpg\" \/>\n\t<meta property=\"og:image:width\" content=\"1529\" \/>\n\t<meta property=\"og:image:height\" content=\"1019\" \/>\n\t<meta property=\"og:image:type\" content=\"image\/jpeg\" \/>\n<meta name=\"author\" content=\"La Gu\u00eda de Pamplona\" \/>\n<meta name=\"twitter:card\" content=\"summary_large_image\" \/>\n<meta name=\"twitter:creator\" content=\"@LaGuiadPamplona\" \/>\n<meta name=\"twitter:site\" content=\"@LaGuiadPamplona\" \/>\n<meta name=\"twitter:label1\" content=\"Escrito por\" \/>\n\t<meta name=\"twitter:data1\" content=\"La Gu\u00eda de Pamplona\" \/>\n\t<meta name=\"twitter:label2\" content=\"Tiempo de lectura\" \/>\n\t<meta name=\"twitter:data2\" content=\"2 minutos\" \/>\n<script type=\"application\/ld+json\" class=\"yoast-schema-graph\">{\"@context\":\"https:\\\/\\\/schema.org\",\"@graph\":[{\"@type\":\"Article\",\"@id\":\"https:\\\/\\\/www.laguiadepamplona.com\\\/actualidad\\\/el-ayuntamiento-se-suma-al-dia-mundial-del-sida-iluminando-manana-miercoles-su-fachada-de-rojo\\\/#article\",\"isPartOf\":{\"@id\":\"https:\\\/\\\/www.laguiadepamplona.com\\\/actualidad\\\/el-ayuntamiento-se-suma-al-dia-mundial-del-sida-iluminando-manana-miercoles-su-fachada-de-rojo\\\/\"},\"author\":{\"name\":\"La Gu\u00eda de Pamplona\",\"@id\":\"https:\\\/\\\/www.laguiadepamplona.com\\\/actualidad\\\/#\\\/schema\\\/person\\\/efe887376f0213d4657c93adc50b1fdb\"},\"headline\":\"El Ayuntamiento se suma al D\u00eda Mundial del Sida iluminando ma\u00f1ana mi\u00e9rcoles su fachada de rojo\",\"datePublished\":\"2021-11-30T17:36:54+00:00\",\"dateModified\":\"2023-04-11T09:48:43+00:00\",\"mainEntityOfPage\":{\"@id\":\"https:\\\/\\\/www.laguiadepamplona.com\\\/actualidad\\\/el-ayuntamiento-se-suma-al-dia-mundial-del-sida-iluminando-manana-miercoles-su-fachada-de-rojo\\\/\"},\"wordCount\":481,\"commentCount\":0,\"publisher\":{\"@id\":\"https:\\\/\\\/www.laguiadepamplona.com\\\/actualidad\\\/#organization\"},\"image\":{\"@id\":\"https:\\\/\\\/www.laguiadepamplona.com\\\/actualidad\\\/el-ayuntamiento-se-suma-al-dia-mundial-del-sida-iluminando-manana-miercoles-su-fachada-de-rojo\\\/#primaryimage\"},\"thumbnailUrl\":\"https:\\\/\\\/www.laguiadepamplona.com\\\/actualidad\\\/wp-content\\\/uploads\\\/2021\\\/10\\\/ayuntamiento-rojo.jpg\",\"articleSection\":[\"Ayto Pamplona\"],\"inLanguage\":\"es\",\"potentialAction\":[{\"@type\":\"CommentAction\",\"name\":\"Comment\",\"target\":[\"https:\\\/\\\/www.laguiadepamplona.com\\\/actualidad\\\/el-ayuntamiento-se-suma-al-dia-mundial-del-sida-iluminando-manana-miercoles-su-fachada-de-rojo\\\/#respond\"]}]},{\"@type\":\"WebPage\",\"@id\":\"https:\\\/\\\/www.laguiadepamplona.com\\\/actualidad\\\/el-ayuntamiento-se-suma-al-dia-mundial-del-sida-iluminando-manana-miercoles-su-fachada-de-rojo\\\/\",\"url\":\"https:\\\/\\\/www.laguiadepamplona.com\\\/actualidad\\\/el-ayuntamiento-se-suma-al-dia-mundial-del-sida-iluminando-manana-miercoles-su-fachada-de-rojo\\\/\",\"name\":\"El Ayuntamiento se suma al D\u00eda Mundial del Sida iluminando ma\u00f1ana mi\u00e9rcoles su fachada de rojo\",\"isPartOf\":{\"@id\":\"https:\\\/\\\/www.laguiadepamplona.com\\\/actualidad\\\/#website\"},\"primaryImageOfPage\":{\"@id\":\"https:\\\/\\\/www.laguiadepamplona.com\\\/actualidad\\\/el-ayuntamiento-se-suma-al-dia-mundial-del-sida-iluminando-manana-miercoles-su-fachada-de-rojo\\\/#primaryimage\"},\"image\":{\"@id\":\"https:\\\/\\\/www.laguiadepamplona.com\\\/actualidad\\\/el-ayuntamiento-se-suma-al-dia-mundial-del-sida-iluminando-manana-miercoles-su-fachada-de-rojo\\\/#primaryimage\"},\"thumbnailUrl\":\"https:\\\/\\\/www.laguiadepamplona.com\\\/actualidad\\\/wp-content\\\/uploads\\\/2021\\\/10\\\/ayuntamiento-rojo.jpg\",\"datePublished\":\"2021-11-30T17:36:54+00:00\",\"dateModified\":\"2023-04-11T09:48:43+00:00\",\"description\":\"La Junta de Portavoces ha acordado adherirse a las iniciativas impulsadas por las entidades de la sociedad civil\",\"breadcrumb\":{\"@id\":\"https:\\\/\\\/www.laguiadepamplona.com\\\/actualidad\\\/el-ayuntamiento-se-suma-al-dia-mundial-del-sida-iluminando-manana-miercoles-su-fachada-de-rojo\\\/#breadcrumb\"},\"inLanguage\":\"es\",\"potentialAction\":[{\"@type\":\"ReadAction\",\"target\":[\"https:\\\/\\\/www.laguiadepamplona.com\\\/actualidad\\\/el-ayuntamiento-se-suma-al-dia-mundial-del-sida-iluminando-manana-miercoles-su-fachada-de-rojo\\\/\"]}]},{\"@type\":\"ImageObject\",\"inLanguage\":\"es\",\"@id\":\"https:\\\/\\\/www.laguiadepamplona.com\\\/actualidad\\\/el-ayuntamiento-se-suma-al-dia-mundial-del-sida-iluminando-manana-miercoles-su-fachada-de-rojo\\\/#primaryimage\",\"url\":\"https:\\\/\\\/www.laguiadepamplona.com\\\/actualidad\\\/wp-content\\\/uploads\\\/2021\\\/10\\\/ayuntamiento-rojo.jpg\",\"contentUrl\":\"https:\\\/\\\/www.laguiadepamplona.com\\\/actualidad\\\/wp-content\\\/uploads\\\/2021\\\/10\\\/ayuntamiento-rojo.jpg\",\"width\":1529,\"height\":1019,\"caption\":\"ayuntamiento rojo\"},{\"@type\":\"BreadcrumbList\",\"@id\":\"https:\\\/\\\/www.laguiadepamplona.com\\\/actualidad\\\/el-ayuntamiento-se-suma-al-dia-mundial-del-sida-iluminando-manana-miercoles-su-fachada-de-rojo\\\/#breadcrumb\",\"itemListElement\":[{\"@type\":\"ListItem\",\"position\":1,\"name\":\"Portada\",\"item\":\"https:\\\/\\\/www.laguiadepamplona.com\\\/actualidad\\\/\"},{\"@type\":\"ListItem\",\"position\":2,\"name\":\"El Ayuntamiento se suma al D\u00eda Mundial del Sida iluminando ma\u00f1ana mi\u00e9rcoles su fachada de rojo\"}]},{\"@type\":\"WebSite\",\"@id\":\"https:\\\/\\\/www.laguiadepamplona.com\\\/actualidad\\\/#website\",\"url\":\"https:\\\/\\\/www.laguiadepamplona.com\\\/actualidad\\\/\",\"name\":\"La gu\u00eda de Pamplona\",\"description\":\"Noticias de Pamplona\",\"publisher\":{\"@id\":\"https:\\\/\\\/www.laguiadepamplona.com\\\/actualidad\\\/#organization\"},\"potentialAction\":[{\"@type\":\"SearchAction\",\"target\":{\"@type\":\"EntryPoint\",\"urlTemplate\":\"https:\\\/\\\/www.laguiadepamplona.com\\\/actualidad\\\/?s={search_term_string}\"},\"query-input\":{\"@type\":\"PropertyValueSpecification\",\"valueRequired\":true,\"valueName\":\"search_term_string\"}}],\"inLanguage\":\"es\"},{\"@type\":\"Organization\",\"@id\":\"https:\\\/\\\/www.laguiadepamplona.com\\\/actualidad\\\/#organization\",\"name\":\"La Gu\u00eda de Pamplona \\\/ Noticias\",\"url\":\"https:\\\/\\\/www.laguiadepamplona.com\\\/actualidad\\\/\",\"logo\":{\"@type\":\"ImageObject\",\"inLanguage\":\"es\",\"@id\":\"https:\\\/\\\/www.laguiadepamplona.com\\\/actualidad\\\/#\\\/schema\\\/logo\\\/image\\\/\",\"url\":\"https:\\\/\\\/www.laguiadepamplona.com\\\/actualidad\\\/wp-content\\\/uploads\\\/2018\\\/11\\\/logo-laguiadepamplona18-web1.png\",\"contentUrl\":\"https:\\\/\\\/www.laguiadepamplona.com\\\/actualidad\\\/wp-content\\\/uploads\\\/2018\\\/11\\\/logo-laguiadepamplona18-web1.png\",\"width\":600,\"height\":196,\"caption\":\"La Gu\u00eda de Pamplona \\\/ Noticias\"},\"image\":{\"@id\":\"https:\\\/\\\/www.laguiadepamplona.com\\\/actualidad\\\/#\\\/schema\\\/logo\\\/image\\\/\"},\"sameAs\":[\"https:\\\/\\\/www.facebook.com\\\/laguiadepamplonacom-133175176762273\\\/?ref=hl\",\"https:\\\/\\\/x.com\\\/LaGuiadPamplona\",\"https:\\\/\\\/www.instagram.com\\\/la_guia_de_pamplona\\\/\",\"https:\\\/\\\/www.youtube.com\\\/user\\\/laguiadepamplona\"]},{\"@type\":\"Person\",\"@id\":\"https:\\\/\\\/www.laguiadepamplona.com\\\/actualidad\\\/#\\\/schema\\\/person\\\/efe887376f0213d4657c93adc50b1fdb\",\"name\":\"La Gu\u00eda de Pamplona\",\"image\":{\"@type\":\"ImageObject\",\"inLanguage\":\"es\",\"@id\":\"https:\\\/\\\/secure.gravatar.com\\\/avatar\\\/b6992f131dc8d30ab0dff15446e9d346d9dbd95992de0fef795073f5ea83a81c?s=96&d=mm&r=g\",\"url\":\"https:\\\/\\\/secure.gravatar.com\\\/avatar\\\/b6992f131dc8d30ab0dff15446e9d346d9dbd95992de0fef795073f5ea83a81c?s=96&d=mm&r=g\",\"contentUrl\":\"https:\\\/\\\/secure.gravatar.com\\\/avatar\\\/b6992f131dc8d30ab0dff15446e9d346d9dbd95992de0fef795073f5ea83a81c?s=96&d=mm&r=g\",\"caption\":\"La Gu\u00eda de Pamplona\"}}]}<\/script>\n<!-- \/ Yoast SEO plugin. -->","yoast_head_json":{"title":"El Ayuntamiento se suma al D\u00eda Mundial del Sida iluminando ma\u00f1ana mi\u00e9rcoles su fachada de rojo","description":"La Junta de Portavoces ha acordado adherirse a las iniciativas impulsadas por las entidades de la sociedad civil","robots":{"index":"index","follow":"follow","max-snippet":"max-snippet:-1","max-image-preview":"max-image-preview:large","max-video-preview":"max-video-preview:-1"},"canonical":"https:\/\/www.laguiadepamplona.com\/actualidad\/el-ayuntamiento-se-suma-al-dia-mundial-del-sida-iluminando-manana-miercoles-su-fachada-de-rojo\/","og_locale":"es_ES","og_type":"article","og_title":"El Ayuntamiento se suma al D\u00eda Mundial del Sida iluminando ma\u00f1ana mi\u00e9rcoles su fachada de rojo","og_description":"La Junta de Portavoces ha acordado adherirse a las iniciativas impulsadas por las entidades de la sociedad civil","og_url":"https:\/\/www.laguiadepamplona.com\/actualidad\/el-ayuntamiento-se-suma-al-dia-mundial-del-sida-iluminando-manana-miercoles-su-fachada-de-rojo\/","og_site_name":"La Gu\u00eda de Pamplona","article_publisher":"https:\/\/www.facebook.com\/laguiadepamplonacom-133175176762273\/?ref=hl","article_published_time":"2021-11-30T17:36:54+00:00","article_modified_time":"2023-04-11T09:48:43+00:00","og_image":[{"width":1529,"height":1019,"url":"https:\/\/www.laguiadepamplona.com\/actualidad\/wp-content\/uploads\/2021\/10\/ayuntamiento-rojo.jpg","type":"image\/jpeg"}],"author":"La Gu\u00eda de Pamplona","twitter_card":"summary_large_image","twitter_creator":"@LaGuiadPamplona","twitter_site":"@LaGuiadPamplona","twitter_misc":{"Escrito por":"La Gu\u00eda de Pamplona","Tiempo de lectura":"2 minutos"},"schema":{"@context":"https:\/\/schema.org","@graph":[{"@type":"Article","@id":"https:\/\/www.laguiadepamplona.com\/actualidad\/el-ayuntamiento-se-suma-al-dia-mundial-del-sida-iluminando-manana-miercoles-su-fachada-de-rojo\/#article","isPartOf":{"@id":"https:\/\/www.laguiadepamplona.com\/actualidad\/el-ayuntamiento-se-suma-al-dia-mundial-del-sida-iluminando-manana-miercoles-su-fachada-de-rojo\/"},"author":{"name":"La Gu\u00eda de Pamplona","@id":"https:\/\/www.laguiadepamplona.com\/actualidad\/#\/schema\/person\/efe887376f0213d4657c93adc50b1fdb"},"headline":"El Ayuntamiento se suma al D\u00eda Mundial del Sida iluminando ma\u00f1ana mi\u00e9rcoles su fachada de rojo","datePublished":"2021-11-30T17:36:54+00:00","dateModified":"2023-04-11T09:48:43+00:00","mainEntityOfPage":{"@id":"https:\/\/www.laguiadepamplona.com\/actualidad\/el-ayuntamiento-se-suma-al-dia-mundial-del-sida-iluminando-manana-miercoles-su-fachada-de-rojo\/"},"wordCount":481,"commentCount":0,"publisher":{"@id":"https:\/\/www.laguiadepamplona.com\/actualidad\/#organization"},"image":{"@id":"https:\/\/www.laguiadepamplona.com\/actualidad\/el-ayuntamiento-se-suma-al-dia-mundial-del-sida-iluminando-manana-miercoles-su-fachada-de-rojo\/#primaryimage"},"thumbnailUrl":"https:\/\/www.laguiadepamplona.com\/actualidad\/wp-content\/uploads\/2021\/10\/ayuntamiento-rojo.jpg","articleSection":["Ayto Pamplona"],"inLanguage":"es","potentialAction":[{"@type":"CommentAction","name":"Comment","target":["https:\/\/www.laguiadepamplona.com\/actualidad\/el-ayuntamiento-se-suma-al-dia-mundial-del-sida-iluminando-manana-miercoles-su-fachada-de-rojo\/#respond"]}]},{"@type":"WebPage","@id":"https:\/\/www.laguiadepamplona.com\/actualidad\/el-ayuntamiento-se-suma-al-dia-mundial-del-sida-iluminando-manana-miercoles-su-fachada-de-rojo\/","url":"https:\/\/www.laguiadepamplona.com\/actualidad\/el-ayuntamiento-se-suma-al-dia-mundial-del-sida-iluminando-manana-miercoles-su-fachada-de-rojo\/","name":"El Ayuntamiento se suma al D\u00eda Mundial del Sida iluminando ma\u00f1ana mi\u00e9rcoles su fachada de rojo","isPartOf":{"@id":"https:\/\/www.laguiadepamplona.com\/actualidad\/#website"},"primaryImageOfPage":{"@id":"https:\/\/www.laguiadepamplona.com\/actualidad\/el-ayuntamiento-se-suma-al-dia-mundial-del-sida-iluminando-manana-miercoles-su-fachada-de-rojo\/#primaryimage"},"image":{"@id":"https:\/\/www.laguiadepamplona.com\/actualidad\/el-ayuntamiento-se-suma-al-dia-mundial-del-sida-iluminando-manana-miercoles-su-fachada-de-rojo\/#primaryimage"},"thumbnailUrl":"https:\/\/www.laguiadepamplona.com\/actualidad\/wp-content\/uploads\/2021\/10\/ayuntamiento-rojo.jpg","datePublished":"2021-11-30T17:36:54+00:00","dateModified":"2023-04-11T09:48:43+00:00","description":"La Junta de Portavoces ha acordado adherirse a las iniciativas impulsadas por las entidades de la sociedad civil","breadcrumb":{"@id":"https:\/\/www.laguiadepamplona.com\/actualidad\/el-ayuntamiento-se-suma-al-dia-mundial-del-sida-iluminando-manana-miercoles-su-fachada-de-rojo\/#breadcrumb"},"inLanguage":"es","potentialAction":[{"@type":"ReadAction","target":["https:\/\/www.laguiadepamplona.com\/actualidad\/el-ayuntamiento-se-suma-al-dia-mundial-del-sida-iluminando-manana-miercoles-su-fachada-de-rojo\/"]}]},{"@type":"ImageObject","inLanguage":"es","@id":"https:\/\/www.laguiadepamplona.com\/actualidad\/el-ayuntamiento-se-suma-al-dia-mundial-del-sida-iluminando-manana-miercoles-su-fachada-de-rojo\/#primaryimage","url":"https:\/\/www.laguiadepamplona.com\/actualidad\/wp-content\/uploads\/2021\/10\/ayuntamiento-rojo.jpg","contentUrl":"https:\/\/www.laguiadepamplona.com\/actualidad\/wp-content\/uploads\/2021\/10\/ayuntamiento-rojo.jpg","width":1529,"height":1019,"caption":"ayuntamiento rojo"},{"@type":"BreadcrumbList","@id":"https:\/\/www.laguiadepamplona.com\/actualidad\/el-ayuntamiento-se-suma-al-dia-mundial-del-sida-iluminando-manana-miercoles-su-fachada-de-rojo\/#breadcrumb","itemListElement":[{"@type":"ListItem","position":1,"name":"Portada","item":"https:\/\/www.laguiadepamplona.com\/actualidad\/"},{"@type":"ListItem","position":2,"name":"El Ayuntamiento se suma al D\u00eda Mundial del Sida iluminando ma\u00f1ana mi\u00e9rcoles su fachada de rojo"}]},{"@type":"WebSite","@id":"https:\/\/www.laguiadepamplona.com\/actualidad\/#website","url":"https:\/\/www.laguiadepamplona.com\/actualidad\/","name":"La gu\u00eda de Pamplona","description":"Noticias de Pamplona","publisher":{"@id":"https:\/\/www.laguiadepamplona.com\/actualidad\/#organization"},"potentialAction":[{"@type":"SearchAction","target":{"@type":"EntryPoint","urlTemplate":"https:\/\/www.laguiadepamplona.com\/actualidad\/?s={search_term_string}"},"query-input":{"@type":"PropertyValueSpecification","valueRequired":true,"valueName":"search_term_string"}}],"inLanguage":"es"},{"@type":"Organization","@id":"https:\/\/www.laguiadepamplona.com\/actualidad\/#organization","name":"La Gu\u00eda de Pamplona \/ Noticias","url":"https:\/\/www.laguiadepamplona.com\/actualidad\/","logo":{"@type":"ImageObject","inLanguage":"es","@id":"https:\/\/www.laguiadepamplona.com\/actualidad\/#\/schema\/logo\/image\/","url":"https:\/\/www.laguiadepamplona.com\/actualidad\/wp-content\/uploads\/2018\/11\/logo-laguiadepamplona18-web1.png","contentUrl":"https:\/\/www.laguiadepamplona.com\/actualidad\/wp-content\/uploads\/2018\/11\/logo-laguiadepamplona18-web1.png","width":600,"height":196,"caption":"La Gu\u00eda de Pamplona \/ Noticias"},"image":{"@id":"https:\/\/www.laguiadepamplona.com\/actualidad\/#\/schema\/logo\/image\/"},"sameAs":["https:\/\/www.facebook.com\/laguiadepamplonacom-133175176762273\/?ref=hl","https:\/\/x.com\/LaGuiadPamplona","https:\/\/www.instagram.com\/la_guia_de_pamplona\/","https:\/\/www.youtube.com\/user\/laguiadepamplona"]},{"@type":"Person","@id":"https:\/\/www.laguiadepamplona.com\/actualidad\/#\/schema\/person\/efe887376f0213d4657c93adc50b1fdb","name":"La Gu\u00eda de Pamplona","image":{"@type":"ImageObject","inLanguage":"es","@id":"https:\/\/secure.gravatar.com\/avatar\/b6992f131dc8d30ab0dff15446e9d346d9dbd95992de0fef795073f5ea83a81c?s=96&d=mm&r=g","url":"https:\/\/secure.gravatar.com\/avatar\/b6992f131dc8d30ab0dff15446e9d346d9dbd95992de0fef795073f5ea83a81c?s=96&d=mm&r=g","contentUrl":"https:\/\/secure.gravatar.com\/avatar\/b6992f131dc8d30ab0dff15446e9d346d9dbd95992de0fef795073f5ea83a81c?s=96&d=mm&r=g","caption":"La Gu\u00eda de Pamplona"}}]}},"post_mailing_queue_ids":[],"_links":{"self":[{"href":"https:\/\/www.laguiadepamplona.com\/actualidad\/wp-json\/wp\/v2\/posts\/37789","targetHints":{"allow":["GET"]}}],"collection":[{"href":"https:\/\/www.laguiadepamplona.com\/actualidad\/wp-json\/wp\/v2\/posts"}],"about":[{"href":"https:\/\/www.laguiadepamplona.com\/actualidad\/wp-json\/wp\/v2\/types\/post"}],"author":[{"embeddable":true,"href":"https:\/\/www.laguiadepamplona.com\/actualidad\/wp-json\/wp\/v2\/users\/1"}],"replies":[{"embeddable":true,"href":"https:\/\/www.laguiadepamplona.com\/actualidad\/wp-json\/wp\/v2\/comments?post=37789"}],"version-history":[{"count":0,"href":"https:\/\/www.laguiadepamplona.com\/actualidad\/wp-json\/wp\/v2\/posts\/37789\/revisions"}],"wp:featuredmedia":[{"embeddable":true,"href":"https:\/\/www.laguiadepamplona.com\/actualidad\/wp-json\/wp\/v2\/media\/36967"}],"wp:attachment":[{"href":"https:\/\/www.laguiadepamplona.com\/actualidad\/wp-json\/wp\/v2\/media?parent=37789"}],"wp:term":[{"taxonomy":"category","embeddable":true,"href":"https:\/\/www.laguiadepamplona.com\/actualidad\/wp-json\/wp\/v2\/categories?post=37789"},{"taxonomy":"post_tag","embeddable":true,"href":"https:\/\/www.laguiadepamplona.com\/actualidad\/wp-json\/wp\/v2\/tags?post=37789"}],"curies":[{"name":"wp","href":"https:\/\/api.w.org\/{rel}","templated":true}]}}