{"id":37784,"date":"2021-11-30T19:34:14","date_gmt":"2021-11-30T17:34:14","guid":{"rendered":"https:\/\/www.laguiadepamplona.com\/actualidad\/?p=37784"},"modified":"2023-04-11T11:48:43","modified_gmt":"2023-04-11T09:48:43","slug":"pamplona-dedicara-a-la-constitucion-la-plaza-frente-al-palacio-de-congresos-y-auditorio-de-navarra-baluarte","status":"publish","type":"post","link":"https:\/\/www.laguiadepamplona.com\/actualidad\/pamplona-dedicara-a-la-constitucion-la-plaza-frente-al-palacio-de-congresos-y-auditorio-de-navarra-baluarte\/","title":{"rendered":"Pamplona dedicar\u00e1 a la Constituci\u00f3n la plaza frente al Palacio de Congresos y Auditorio de Navarra \u2013 Baluarte"},"content":{"rendered":"<h5>El alcalde ha informado tambi\u00e9n en Junta de Portavoces de que se colocar\u00e1 una gran bandera de Navarra en la plaza de los Fueros<\/h5>\n<p><!--more--><\/p>\n<p>La Junta de Portavoces, reunida esta ma\u00f1ana en la Casa Consistorial, ha conocido la decisi\u00f3n de nombrar como \u2018Plaza de la Constituci\u00f3n\u2019 a la plaza situada frente al Palacio de Congresos y Auditorio de Navarra \u2013 Baluarte. La solicitud de denominaci\u00f3n a este espacio p\u00fablico de la ciudad con la denominaci\u00f3n de la Carta Magna espa\u00f1ola de 1978 ha llegado al Ayuntamiento de Pamplona desde la asociaci\u00f3n Sociedad Civil Navarra.<br \/>\n<script async src=\"\/\/pagead2.googlesyndication.com\/pagead\/js\/adsbygoogle.js\"><\/script><br \/>\n<!-- Noticias La Guia de Pamplona --><br \/>\n<ins class=\"adsbygoogle\"\nstyle=\"display:block\"\ndata-ad-client=\"ca-pub-6943679897239327\"\ndata-ad-slot=\"7048180777\"\ndata-ad-format=\"auto\"><\/ins><br \/>\n<script>\n(adsbygoogle = window.adsbygoogle || []).push({});\n<\/script><\/p>\n<p>En el siglo XIX, la actual Plaza del Castillo ya se denomin\u00f3 Plaza de la Constituci\u00f3n, en reconocimiento a las primeras cartas magnas aprobadas en aquella \u00e9poca en Espa\u00f1a. Recuperando esa denominaci\u00f3n para la actual plaza de Baluarte, se pretende reconocer el esfuerzo de la sociedad en la llamada \u2018Transici\u00f3n Democr\u00e1tica\u2019 para dotarse de una ley de leyes que preservara la convivencia en el pa\u00eds y protegiera los derechos y las libertades de la ciudadan\u00eda. Numerosas ciudades, como Madrid, Sevilla, A Coru\u00f1a, Valencia, Zaragoza, Logro\u00f1o, Valladolid, Toledo, San Sebasti\u00e1n, Vigo, Ja\u00e9n, M\u00e1laga, C\u00e1diz, Almer\u00eda, Albacete o Ceuta, cuentan con una plaza o una calle dedicada a la Constituci\u00f3n.<\/p>\n<p>Asimismo, el alcalde de Pamplona ha informado en esa misma reuni\u00f3n de la Junta de Portavoces de la intenci\u00f3n de colocar una gran bandera de Navarra en la plaza de los Fueros. Se ha instado al \u00e1rea de Conservaci\u00f3n Urbana a que analice la ubicaci\u00f3n m\u00e1s id\u00f3nea dentro de la plaza para colocar el m\u00e1stil que acoger\u00e1 la bandera de la Comunidad Foral de Navarra para que sea visible por quienes transiten por los alrededores tanto a pie como por los viales.<\/p>\n","protected":false},"excerpt":{"rendered":"<p>El alcalde ha informado tambi\u00e9n en Junta de Portavoces de que se colocar\u00e1 una gran bandera de Navarra en la plaza de los Fueros<\/p>\n","protected":false},"author":1,"featured_media":37785,"comment_status":"open","ping_status":"closed","sticky":false,"template":"","format":"standard","meta":{"footnotes":""},"categories":[2],"tags":[],"class_list":["post-37784","post","type-post","status-publish","format-standard","has-post-thumbnail","hentry","category-ayuntamiento-pamplona"],"yoast_head":"<!-- This site is optimized with the Yoast SEO plugin v27.3 - https:\/\/yoast.com\/product\/yoast-seo-wordpress\/ -->\n<title>Pamplona dedicar\u00e1 a la Constituci\u00f3n la plaza frente al Palacio de Congresos y Auditorio de Navarra \u2013 Baluarte<\/title>\n<meta name=\"description\" content=\"El alcalde ha informado tambi\u00e9n en Junta de Portavoces de que se colocar\u00e1 una gran bandera de Navarra en la plaza de los Fueros\" \/>\n<meta name=\"robots\" content=\"index, follow, max-snippet:-1, max-image-preview:large, max-video-preview:-1\" \/>\n<link rel=\"canonical\" href=\"https:\/\/www.laguiadepamplona.com\/actualidad\/pamplona-dedicara-a-la-constitucion-la-plaza-frente-al-palacio-de-congresos-y-auditorio-de-navarra-baluarte\/\" \/>\n<meta property=\"og:locale\" content=\"es_ES\" \/>\n<meta property=\"og:type\" content=\"article\" \/>\n<meta property=\"og:title\" content=\"Pamplona dedicar\u00e1 a la Constituci\u00f3n la plaza frente al Palacio de Congresos y Auditorio de Navarra \u2013 Baluarte\" \/>\n<meta property=\"og:description\" content=\"El alcalde ha informado tambi\u00e9n en Junta de Portavoces de que se colocar\u00e1 una gran bandera de Navarra en la plaza de los Fueros\" \/>\n<meta property=\"og:url\" content=\"https:\/\/www.laguiadepamplona.com\/actualidad\/pamplona-dedicara-a-la-constitucion-la-plaza-frente-al-palacio-de-congresos-y-auditorio-de-navarra-baluarte\/\" \/>\n<meta property=\"og:site_name\" content=\"La Gu\u00eda de Pamplona\" \/>\n<meta property=\"article:publisher\" content=\"https:\/\/www.facebook.com\/laguiadepamplonacom-133175176762273\/?ref=hl\" \/>\n<meta property=\"article:published_time\" content=\"2021-11-30T17:34:14+00:00\" \/>\n<meta property=\"article:modified_time\" content=\"2023-04-11T09:48:43+00:00\" \/>\n<meta property=\"og:image\" content=\"https:\/\/www.laguiadepamplona.com\/actualidad\/wp-content\/uploads\/2021\/11\/Vista_Baluarte.jpg\" \/>\n\t<meta property=\"og:image:width\" content=\"1920\" \/>\n\t<meta property=\"og:image:height\" content=\"1280\" \/>\n\t<meta property=\"og:image:type\" content=\"image\/jpeg\" \/>\n<meta name=\"author\" content=\"La Gu\u00eda de Pamplona\" \/>\n<meta name=\"twitter:card\" content=\"summary_large_image\" \/>\n<meta name=\"twitter:creator\" content=\"@LaGuiadPamplona\" \/>\n<meta name=\"twitter:site\" content=\"@LaGuiadPamplona\" \/>\n<meta name=\"twitter:label1\" content=\"Escrito por\" \/>\n\t<meta name=\"twitter:data1\" content=\"La Gu\u00eda de Pamplona\" \/>\n\t<meta name=\"twitter:label2\" content=\"Tiempo de lectura\" \/>\n\t<meta name=\"twitter:data2\" content=\"2 minutos\" \/>\n<script type=\"application\/ld+json\" class=\"yoast-schema-graph\">{\"@context\":\"https:\\\/\\\/schema.org\",\"@graph\":[{\"@type\":\"Article\",\"@id\":\"https:\\\/\\\/www.laguiadepamplona.com\\\/actualidad\\\/pamplona-dedicara-a-la-constitucion-la-plaza-frente-al-palacio-de-congresos-y-auditorio-de-navarra-baluarte\\\/#article\",\"isPartOf\":{\"@id\":\"https:\\\/\\\/www.laguiadepamplona.com\\\/actualidad\\\/pamplona-dedicara-a-la-constitucion-la-plaza-frente-al-palacio-de-congresos-y-auditorio-de-navarra-baluarte\\\/\"},\"author\":{\"name\":\"La Gu\u00eda de Pamplona\",\"@id\":\"https:\\\/\\\/www.laguiadepamplona.com\\\/actualidad\\\/#\\\/schema\\\/person\\\/efe887376f0213d4657c93adc50b1fdb\"},\"headline\":\"Pamplona dedicar\u00e1 a la Constituci\u00f3n la plaza frente al Palacio de Congresos y Auditorio de Navarra \u2013 Baluarte\",\"datePublished\":\"2021-11-30T17:34:14+00:00\",\"dateModified\":\"2023-04-11T09:48:43+00:00\",\"mainEntityOfPage\":{\"@id\":\"https:\\\/\\\/www.laguiadepamplona.com\\\/actualidad\\\/pamplona-dedicara-a-la-constitucion-la-plaza-frente-al-palacio-de-congresos-y-auditorio-de-navarra-baluarte\\\/\"},\"wordCount\":331,\"commentCount\":0,\"publisher\":{\"@id\":\"https:\\\/\\\/www.laguiadepamplona.com\\\/actualidad\\\/#organization\"},\"image\":{\"@id\":\"https:\\\/\\\/www.laguiadepamplona.com\\\/actualidad\\\/pamplona-dedicara-a-la-constitucion-la-plaza-frente-al-palacio-de-congresos-y-auditorio-de-navarra-baluarte\\\/#primaryimage\"},\"thumbnailUrl\":\"https:\\\/\\\/www.laguiadepamplona.com\\\/actualidad\\\/wp-content\\\/uploads\\\/2021\\\/11\\\/Vista_Baluarte.jpg\",\"articleSection\":[\"Ayto Pamplona\"],\"inLanguage\":\"es\",\"potentialAction\":[{\"@type\":\"CommentAction\",\"name\":\"Comment\",\"target\":[\"https:\\\/\\\/www.laguiadepamplona.com\\\/actualidad\\\/pamplona-dedicara-a-la-constitucion-la-plaza-frente-al-palacio-de-congresos-y-auditorio-de-navarra-baluarte\\\/#respond\"]}]},{\"@type\":\"WebPage\",\"@id\":\"https:\\\/\\\/www.laguiadepamplona.com\\\/actualidad\\\/pamplona-dedicara-a-la-constitucion-la-plaza-frente-al-palacio-de-congresos-y-auditorio-de-navarra-baluarte\\\/\",\"url\":\"https:\\\/\\\/www.laguiadepamplona.com\\\/actualidad\\\/pamplona-dedicara-a-la-constitucion-la-plaza-frente-al-palacio-de-congresos-y-auditorio-de-navarra-baluarte\\\/\",\"name\":\"Pamplona dedicar\u00e1 a la Constituci\u00f3n la plaza frente al Palacio de Congresos y Auditorio de Navarra \u2013 Baluarte\",\"isPartOf\":{\"@id\":\"https:\\\/\\\/www.laguiadepamplona.com\\\/actualidad\\\/#website\"},\"primaryImageOfPage\":{\"@id\":\"https:\\\/\\\/www.laguiadepamplona.com\\\/actualidad\\\/pamplona-dedicara-a-la-constitucion-la-plaza-frente-al-palacio-de-congresos-y-auditorio-de-navarra-baluarte\\\/#primaryimage\"},\"image\":{\"@id\":\"https:\\\/\\\/www.laguiadepamplona.com\\\/actualidad\\\/pamplona-dedicara-a-la-constitucion-la-plaza-frente-al-palacio-de-congresos-y-auditorio-de-navarra-baluarte\\\/#primaryimage\"},\"thumbnailUrl\":\"https:\\\/\\\/www.laguiadepamplona.com\\\/actualidad\\\/wp-content\\\/uploads\\\/2021\\\/11\\\/Vista_Baluarte.jpg\",\"datePublished\":\"2021-11-30T17:34:14+00:00\",\"dateModified\":\"2023-04-11T09:48:43+00:00\",\"description\":\"El alcalde ha informado tambi\u00e9n en Junta de Portavoces de que se colocar\u00e1 una gran bandera de Navarra en la plaza de los Fueros\",\"breadcrumb\":{\"@id\":\"https:\\\/\\\/www.laguiadepamplona.com\\\/actualidad\\\/pamplona-dedicara-a-la-constitucion-la-plaza-frente-al-palacio-de-congresos-y-auditorio-de-navarra-baluarte\\\/#breadcrumb\"},\"inLanguage\":\"es\",\"potentialAction\":[{\"@type\":\"ReadAction\",\"target\":[\"https:\\\/\\\/www.laguiadepamplona.com\\\/actualidad\\\/pamplona-dedicara-a-la-constitucion-la-plaza-frente-al-palacio-de-congresos-y-auditorio-de-navarra-baluarte\\\/\"]}]},{\"@type\":\"ImageObject\",\"inLanguage\":\"es\",\"@id\":\"https:\\\/\\\/www.laguiadepamplona.com\\\/actualidad\\\/pamplona-dedicara-a-la-constitucion-la-plaza-frente-al-palacio-de-congresos-y-auditorio-de-navarra-baluarte\\\/#primaryimage\",\"url\":\"https:\\\/\\\/www.laguiadepamplona.com\\\/actualidad\\\/wp-content\\\/uploads\\\/2021\\\/11\\\/Vista_Baluarte.jpg\",\"contentUrl\":\"https:\\\/\\\/www.laguiadepamplona.com\\\/actualidad\\\/wp-content\\\/uploads\\\/2021\\\/11\\\/Vista_Baluarte.jpg\",\"width\":1920,\"height\":1280},{\"@type\":\"BreadcrumbList\",\"@id\":\"https:\\\/\\\/www.laguiadepamplona.com\\\/actualidad\\\/pamplona-dedicara-a-la-constitucion-la-plaza-frente-al-palacio-de-congresos-y-auditorio-de-navarra-baluarte\\\/#breadcrumb\",\"itemListElement\":[{\"@type\":\"ListItem\",\"position\":1,\"name\":\"Portada\",\"item\":\"https:\\\/\\\/www.laguiadepamplona.com\\\/actualidad\\\/\"},{\"@type\":\"ListItem\",\"position\":2,\"name\":\"Pamplona dedicar\u00e1 a la Constituci\u00f3n la plaza frente al Palacio de Congresos y Auditorio de Navarra \u2013 Baluarte\"}]},{\"@type\":\"WebSite\",\"@id\":\"https:\\\/\\\/www.laguiadepamplona.com\\\/actualidad\\\/#website\",\"url\":\"https:\\\/\\\/www.laguiadepamplona.com\\\/actualidad\\\/\",\"name\":\"La gu\u00eda de Pamplona\",\"description\":\"Noticias de Pamplona\",\"publisher\":{\"@id\":\"https:\\\/\\\/www.laguiadepamplona.com\\\/actualidad\\\/#organization\"},\"potentialAction\":[{\"@type\":\"SearchAction\",\"target\":{\"@type\":\"EntryPoint\",\"urlTemplate\":\"https:\\\/\\\/www.laguiadepamplona.com\\\/actualidad\\\/?s={search_term_string}\"},\"query-input\":{\"@type\":\"PropertyValueSpecification\",\"valueRequired\":true,\"valueName\":\"search_term_string\"}}],\"inLanguage\":\"es\"},{\"@type\":\"Organization\",\"@id\":\"https:\\\/\\\/www.laguiadepamplona.com\\\/actualidad\\\/#organization\",\"name\":\"La Gu\u00eda de Pamplona \\\/ Noticias\",\"url\":\"https:\\\/\\\/www.laguiadepamplona.com\\\/actualidad\\\/\",\"logo\":{\"@type\":\"ImageObject\",\"inLanguage\":\"es\",\"@id\":\"https:\\\/\\\/www.laguiadepamplona.com\\\/actualidad\\\/#\\\/schema\\\/logo\\\/image\\\/\",\"url\":\"https:\\\/\\\/www.laguiadepamplona.com\\\/actualidad\\\/wp-content\\\/uploads\\\/2018\\\/11\\\/logo-laguiadepamplona18-web1.png\",\"contentUrl\":\"https:\\\/\\\/www.laguiadepamplona.com\\\/actualidad\\\/wp-content\\\/uploads\\\/2018\\\/11\\\/logo-laguiadepamplona18-web1.png\",\"width\":600,\"height\":196,\"caption\":\"La Gu\u00eda de Pamplona \\\/ Noticias\"},\"image\":{\"@id\":\"https:\\\/\\\/www.laguiadepamplona.com\\\/actualidad\\\/#\\\/schema\\\/logo\\\/image\\\/\"},\"sameAs\":[\"https:\\\/\\\/www.facebook.com\\\/laguiadepamplonacom-133175176762273\\\/?ref=hl\",\"https:\\\/\\\/x.com\\\/LaGuiadPamplona\",\"https:\\\/\\\/www.instagram.com\\\/la_guia_de_pamplona\\\/\",\"https:\\\/\\\/www.youtube.com\\\/user\\\/laguiadepamplona\"]},{\"@type\":\"Person\",\"@id\":\"https:\\\/\\\/www.laguiadepamplona.com\\\/actualidad\\\/#\\\/schema\\\/person\\\/efe887376f0213d4657c93adc50b1fdb\",\"name\":\"La Gu\u00eda de Pamplona\",\"image\":{\"@type\":\"ImageObject\",\"inLanguage\":\"es\",\"@id\":\"https:\\\/\\\/secure.gravatar.com\\\/avatar\\\/b6992f131dc8d30ab0dff15446e9d346d9dbd95992de0fef795073f5ea83a81c?s=96&d=mm&r=g\",\"url\":\"https:\\\/\\\/secure.gravatar.com\\\/avatar\\\/b6992f131dc8d30ab0dff15446e9d346d9dbd95992de0fef795073f5ea83a81c?s=96&d=mm&r=g\",\"contentUrl\":\"https:\\\/\\\/secure.gravatar.com\\\/avatar\\\/b6992f131dc8d30ab0dff15446e9d346d9dbd95992de0fef795073f5ea83a81c?s=96&d=mm&r=g\",\"caption\":\"La Gu\u00eda de Pamplona\"}}]}<\/script>\n<!-- \/ Yoast SEO plugin. -->","yoast_head_json":{"title":"Pamplona dedicar\u00e1 a la Constituci\u00f3n la plaza frente al Palacio de Congresos y Auditorio de Navarra \u2013 Baluarte","description":"El alcalde ha informado tambi\u00e9n en Junta de Portavoces de que se colocar\u00e1 una gran bandera de Navarra en la plaza de los Fueros","robots":{"index":"index","follow":"follow","max-snippet":"max-snippet:-1","max-image-preview":"max-image-preview:large","max-video-preview":"max-video-preview:-1"},"canonical":"https:\/\/www.laguiadepamplona.com\/actualidad\/pamplona-dedicara-a-la-constitucion-la-plaza-frente-al-palacio-de-congresos-y-auditorio-de-navarra-baluarte\/","og_locale":"es_ES","og_type":"article","og_title":"Pamplona dedicar\u00e1 a la Constituci\u00f3n la plaza frente al Palacio de Congresos y Auditorio de Navarra \u2013 Baluarte","og_description":"El alcalde ha informado tambi\u00e9n en Junta de Portavoces de que se colocar\u00e1 una gran bandera de Navarra en la plaza de los Fueros","og_url":"https:\/\/www.laguiadepamplona.com\/actualidad\/pamplona-dedicara-a-la-constitucion-la-plaza-frente-al-palacio-de-congresos-y-auditorio-de-navarra-baluarte\/","og_site_name":"La Gu\u00eda de Pamplona","article_publisher":"https:\/\/www.facebook.com\/laguiadepamplonacom-133175176762273\/?ref=hl","article_published_time":"2021-11-30T17:34:14+00:00","article_modified_time":"2023-04-11T09:48:43+00:00","og_image":[{"width":1920,"height":1280,"url":"https:\/\/www.laguiadepamplona.com\/actualidad\/wp-content\/uploads\/2021\/11\/Vista_Baluarte.jpg","type":"image\/jpeg"}],"author":"La Gu\u00eda de Pamplona","twitter_card":"summary_large_image","twitter_creator":"@LaGuiadPamplona","twitter_site":"@LaGuiadPamplona","twitter_misc":{"Escrito por":"La Gu\u00eda de Pamplona","Tiempo de lectura":"2 minutos"},"schema":{"@context":"https:\/\/schema.org","@graph":[{"@type":"Article","@id":"https:\/\/www.laguiadepamplona.com\/actualidad\/pamplona-dedicara-a-la-constitucion-la-plaza-frente-al-palacio-de-congresos-y-auditorio-de-navarra-baluarte\/#article","isPartOf":{"@id":"https:\/\/www.laguiadepamplona.com\/actualidad\/pamplona-dedicara-a-la-constitucion-la-plaza-frente-al-palacio-de-congresos-y-auditorio-de-navarra-baluarte\/"},"author":{"name":"La Gu\u00eda de Pamplona","@id":"https:\/\/www.laguiadepamplona.com\/actualidad\/#\/schema\/person\/efe887376f0213d4657c93adc50b1fdb"},"headline":"Pamplona dedicar\u00e1 a la Constituci\u00f3n la plaza frente al Palacio de Congresos y Auditorio de Navarra \u2013 Baluarte","datePublished":"2021-11-30T17:34:14+00:00","dateModified":"2023-04-11T09:48:43+00:00","mainEntityOfPage":{"@id":"https:\/\/www.laguiadepamplona.com\/actualidad\/pamplona-dedicara-a-la-constitucion-la-plaza-frente-al-palacio-de-congresos-y-auditorio-de-navarra-baluarte\/"},"wordCount":331,"commentCount":0,"publisher":{"@id":"https:\/\/www.laguiadepamplona.com\/actualidad\/#organization"},"image":{"@id":"https:\/\/www.laguiadepamplona.com\/actualidad\/pamplona-dedicara-a-la-constitucion-la-plaza-frente-al-palacio-de-congresos-y-auditorio-de-navarra-baluarte\/#primaryimage"},"thumbnailUrl":"https:\/\/www.laguiadepamplona.com\/actualidad\/wp-content\/uploads\/2021\/11\/Vista_Baluarte.jpg","articleSection":["Ayto Pamplona"],"inLanguage":"es","potentialAction":[{"@type":"CommentAction","name":"Comment","target":["https:\/\/www.laguiadepamplona.com\/actualidad\/pamplona-dedicara-a-la-constitucion-la-plaza-frente-al-palacio-de-congresos-y-auditorio-de-navarra-baluarte\/#respond"]}]},{"@type":"WebPage","@id":"https:\/\/www.laguiadepamplona.com\/actualidad\/pamplona-dedicara-a-la-constitucion-la-plaza-frente-al-palacio-de-congresos-y-auditorio-de-navarra-baluarte\/","url":"https:\/\/www.laguiadepamplona.com\/actualidad\/pamplona-dedicara-a-la-constitucion-la-plaza-frente-al-palacio-de-congresos-y-auditorio-de-navarra-baluarte\/","name":"Pamplona dedicar\u00e1 a la Constituci\u00f3n la plaza frente al Palacio de Congresos y Auditorio de Navarra \u2013 Baluarte","isPartOf":{"@id":"https:\/\/www.laguiadepamplona.com\/actualidad\/#website"},"primaryImageOfPage":{"@id":"https:\/\/www.laguiadepamplona.com\/actualidad\/pamplona-dedicara-a-la-constitucion-la-plaza-frente-al-palacio-de-congresos-y-auditorio-de-navarra-baluarte\/#primaryimage"},"image":{"@id":"https:\/\/www.laguiadepamplona.com\/actualidad\/pamplona-dedicara-a-la-constitucion-la-plaza-frente-al-palacio-de-congresos-y-auditorio-de-navarra-baluarte\/#primaryimage"},"thumbnailUrl":"https:\/\/www.laguiadepamplona.com\/actualidad\/wp-content\/uploads\/2021\/11\/Vista_Baluarte.jpg","datePublished":"2021-11-30T17:34:14+00:00","dateModified":"2023-04-11T09:48:43+00:00","description":"El alcalde ha informado tambi\u00e9n en Junta de Portavoces de que se colocar\u00e1 una gran bandera de Navarra en la plaza de los Fueros","breadcrumb":{"@id":"https:\/\/www.laguiadepamplona.com\/actualidad\/pamplona-dedicara-a-la-constitucion-la-plaza-frente-al-palacio-de-congresos-y-auditorio-de-navarra-baluarte\/#breadcrumb"},"inLanguage":"es","potentialAction":[{"@type":"ReadAction","target":["https:\/\/www.laguiadepamplona.com\/actualidad\/pamplona-dedicara-a-la-constitucion-la-plaza-frente-al-palacio-de-congresos-y-auditorio-de-navarra-baluarte\/"]}]},{"@type":"ImageObject","inLanguage":"es","@id":"https:\/\/www.laguiadepamplona.com\/actualidad\/pamplona-dedicara-a-la-constitucion-la-plaza-frente-al-palacio-de-congresos-y-auditorio-de-navarra-baluarte\/#primaryimage","url":"https:\/\/www.laguiadepamplona.com\/actualidad\/wp-content\/uploads\/2021\/11\/Vista_Baluarte.jpg","contentUrl":"https:\/\/www.laguiadepamplona.com\/actualidad\/wp-content\/uploads\/2021\/11\/Vista_Baluarte.jpg","width":1920,"height":1280},{"@type":"BreadcrumbList","@id":"https:\/\/www.laguiadepamplona.com\/actualidad\/pamplona-dedicara-a-la-constitucion-la-plaza-frente-al-palacio-de-congresos-y-auditorio-de-navarra-baluarte\/#breadcrumb","itemListElement":[{"@type":"ListItem","position":1,"name":"Portada","item":"https:\/\/www.laguiadepamplona.com\/actualidad\/"},{"@type":"ListItem","position":2,"name":"Pamplona dedicar\u00e1 a la Constituci\u00f3n la plaza frente al Palacio de Congresos y Auditorio de Navarra \u2013 Baluarte"}]},{"@type":"WebSite","@id":"https:\/\/www.laguiadepamplona.com\/actualidad\/#website","url":"https:\/\/www.laguiadepamplona.com\/actualidad\/","name":"La gu\u00eda de Pamplona","description":"Noticias de Pamplona","publisher":{"@id":"https:\/\/www.laguiadepamplona.com\/actualidad\/#organization"},"potentialAction":[{"@type":"SearchAction","target":{"@type":"EntryPoint","urlTemplate":"https:\/\/www.laguiadepamplona.com\/actualidad\/?s={search_term_string}"},"query-input":{"@type":"PropertyValueSpecification","valueRequired":true,"valueName":"search_term_string"}}],"inLanguage":"es"},{"@type":"Organization","@id":"https:\/\/www.laguiadepamplona.com\/actualidad\/#organization","name":"La Gu\u00eda de Pamplona \/ Noticias","url":"https:\/\/www.laguiadepamplona.com\/actualidad\/","logo":{"@type":"ImageObject","inLanguage":"es","@id":"https:\/\/www.laguiadepamplona.com\/actualidad\/#\/schema\/logo\/image\/","url":"https:\/\/www.laguiadepamplona.com\/actualidad\/wp-content\/uploads\/2018\/11\/logo-laguiadepamplona18-web1.png","contentUrl":"https:\/\/www.laguiadepamplona.com\/actualidad\/wp-content\/uploads\/2018\/11\/logo-laguiadepamplona18-web1.png","width":600,"height":196,"caption":"La Gu\u00eda de Pamplona \/ Noticias"},"image":{"@id":"https:\/\/www.laguiadepamplona.com\/actualidad\/#\/schema\/logo\/image\/"},"sameAs":["https:\/\/www.facebook.com\/laguiadepamplonacom-133175176762273\/?ref=hl","https:\/\/x.com\/LaGuiadPamplona","https:\/\/www.instagram.com\/la_guia_de_pamplona\/","https:\/\/www.youtube.com\/user\/laguiadepamplona"]},{"@type":"Person","@id":"https:\/\/www.laguiadepamplona.com\/actualidad\/#\/schema\/person\/efe887376f0213d4657c93adc50b1fdb","name":"La Gu\u00eda de Pamplona","image":{"@type":"ImageObject","inLanguage":"es","@id":"https:\/\/secure.gravatar.com\/avatar\/b6992f131dc8d30ab0dff15446e9d346d9dbd95992de0fef795073f5ea83a81c?s=96&d=mm&r=g","url":"https:\/\/secure.gravatar.com\/avatar\/b6992f131dc8d30ab0dff15446e9d346d9dbd95992de0fef795073f5ea83a81c?s=96&d=mm&r=g","contentUrl":"https:\/\/secure.gravatar.com\/avatar\/b6992f131dc8d30ab0dff15446e9d346d9dbd95992de0fef795073f5ea83a81c?s=96&d=mm&r=g","caption":"La Gu\u00eda de Pamplona"}}]}},"post_mailing_queue_ids":[],"_links":{"self":[{"href":"https:\/\/www.laguiadepamplona.com\/actualidad\/wp-json\/wp\/v2\/posts\/37784","targetHints":{"allow":["GET"]}}],"collection":[{"href":"https:\/\/www.laguiadepamplona.com\/actualidad\/wp-json\/wp\/v2\/posts"}],"about":[{"href":"https:\/\/www.laguiadepamplona.com\/actualidad\/wp-json\/wp\/v2\/types\/post"}],"author":[{"embeddable":true,"href":"https:\/\/www.laguiadepamplona.com\/actualidad\/wp-json\/wp\/v2\/users\/1"}],"replies":[{"embeddable":true,"href":"https:\/\/www.laguiadepamplona.com\/actualidad\/wp-json\/wp\/v2\/comments?post=37784"}],"version-history":[{"count":0,"href":"https:\/\/www.laguiadepamplona.com\/actualidad\/wp-json\/wp\/v2\/posts\/37784\/revisions"}],"wp:featuredmedia":[{"embeddable":true,"href":"https:\/\/www.laguiadepamplona.com\/actualidad\/wp-json\/wp\/v2\/media\/37785"}],"wp:attachment":[{"href":"https:\/\/www.laguiadepamplona.com\/actualidad\/wp-json\/wp\/v2\/media?parent=37784"}],"wp:term":[{"taxonomy":"category","embeddable":true,"href":"https:\/\/www.laguiadepamplona.com\/actualidad\/wp-json\/wp\/v2\/categories?post=37784"},{"taxonomy":"post_tag","embeddable":true,"href":"https:\/\/www.laguiadepamplona.com\/actualidad\/wp-json\/wp\/v2\/tags?post=37784"}],"curies":[{"name":"wp","href":"https:\/\/api.w.org\/{rel}","templated":true}]}}