{"id":37781,"date":"2021-11-30T19:32:26","date_gmt":"2021-11-30T17:32:26","guid":{"rendered":"https:\/\/www.laguiadepamplona.com\/actualidad\/?p=37781"},"modified":"2023-04-11T11:48:43","modified_gmt":"2023-04-11T09:48:43","slug":"el-ayuntamiento-homenajea-al-campeon-del-mundo-ioseba-fernandez-y-a-la-subcampeona-junior-ruth-arza-tras-sus-exitos-en-el-mundial-de-patinaje-de-velocidad-de-colombia","status":"publish","type":"post","link":"https:\/\/www.laguiadepamplona.com\/actualidad\/el-ayuntamiento-homenajea-al-campeon-del-mundo-ioseba-fernandez-y-a-la-subcampeona-junior-ruth-arza-tras-sus-exitos-en-el-mundial-de-patinaje-de-velocidad-de-colombia\/","title":{"rendered":"El Ayuntamiento homenajea al campe\u00f3n del mundo Ioseba Fern\u00e1ndez y a la subcampeona junior Ruth Arza tras sus \u00e9xitos en el Mundial de patinaje de velocidad de Colombia"},"content":{"rendered":"<h5>Ioseba Fern\u00e1ndez obtuvo el oro en 100 metros sprint y Ruth Arza, una plata en 200 metros sprint y un bronce en la prueba de vuelta al circuito<\/h5>\n<p><!--more--><\/p>\n<p>El Ayuntamiento de Pamplona ha ofrecido esta ma\u00f1ana una recepci\u00f3n institucional a los patinadores navarros Ioseba Fern\u00e1ndez y Ruth Arza, tras las medallas obtenidas por ambos en los Campeonatos del Mundo de Patinaje de Velocidad, absolutos y junior, celebrados en Colombia en este mes de noviembre. Ioseba Fern\u00e1ndez, que no ha podido acudir por encontrarse indispuesto, logr\u00f3 su quinto oro en un Mundial, en los 100 metros sprint, y Ruth Arza logr\u00f3 una plata en los 200 metros sprint y un bronce en la prueba de vuelta al circuito.<br \/>\n<script async src=\"\/\/pagead2.googlesyndication.com\/pagead\/js\/adsbygoogle.js\"><\/script><br \/>\n<!-- Noticias La Guia de Pamplona --><br \/>\n<ins class=\"adsbygoogle\"\nstyle=\"display:block\"\ndata-ad-client=\"ca-pub-6943679897239327\"\ndata-ad-slot=\"7048180777\"\ndata-ad-format=\"auto\"><\/ins><br \/>\n<script>\n(adsbygoogle = window.adsbygoogle || []).push({});\n<\/script><\/p>\n<p>El alcalde de Pamplona, Enrique Maya, ha presidido el acto, que ha tenido lugar en el Sal\u00f3n de Recepciones de la Casa Consistorial y que ha contado con la participaci\u00f3n tambi\u00e9n de otros miembros de la Corporaci\u00f3n municipal. El alcalde ha destacado el camino recorrido para llegar a estos \u00e9xitos, \u201cun camino repleto de entrenamientos, de disciplina, de tes\u00f3n, de ser capaz de levantarse despu\u00e9s de una ca\u00edda, de lesiones inoportunas&#8230; Y un camino que, sirve de ejemplo y de est\u00edmulo para quienes vienen por detr\u00e1s.\u201d El alcalde les ha entregado, adem\u00e1s, una reproducci\u00f3n de la fachada de la Casa Consistorial como regalo y recuerdo de esta recepci\u00f3n. El seleccionador nacional, Garikoitz Lerga, tambi\u00e9n navarro, ha recogido el regalo en nombre de Ioseba Fern\u00e1ndez.<\/p>\n<p>Ruth Arza se proclam\u00f3 subcampeona del mundo junior en la prueba de 200 metros sprint, por detr\u00e1s de la patinadora colombiana Andrea Castro, y fue bronce en la prueba de vuelta al circuito, ganada tambi\u00e9n por la colombiana. Particip\u00f3, adem\u00e1s, en otras tres pruebas, lo que demuestra que la cantera navarra del patinaje no se agota y goza de muy buena salud. Arza ya hab\u00eda mostrado su calidad en el Campeonato de Europa de Portugal, en verano, donde logr\u00f3 cuatro medallas, dos oros, una plata y un bronce.<br \/>\n<script async src=\"\/\/pagead2.googlesyndication.com\/pagead\/js\/adsbygoogle.js\"><\/script><br \/>\n<!-- Noticias La Guia de Pamplona --><br \/>\n<ins class=\"adsbygoogle\"\nstyle=\"display:block\"\ndata-ad-client=\"ca-pub-6943679897239327\"\ndata-ad-slot=\"7048180777\"\ndata-ad-format=\"auto\"><\/ins><br \/>\n<script>\n(adsbygoogle = window.adsbygoogle || []).push({});\n<\/script><\/p>\n<p>Ioseba Fern\u00e1ndez volvi\u00f3 a colgarse un oro en los Mundiales en su prueba fetiche, los 100 metros sprint. Fue el \u00fanico que logr\u00f3 bajar de los 10 segundos, parando el crono en 9.8, y se impuso en la gran final al patinador colombiano Steven Villegas y al mexicano Jorge Luis Mart\u00ednez. Fue su quinta medalla de oro en un Campeonato del Mundo y la decimocuarta que obtiene en sus nueve participaciones en Mundiales. Adem\u00e1s, Fern\u00e1ndez ha sido diecisiete veces campe\u00f3n de Europa y 32 veces campe\u00f3n de Espa\u00f1a, en distintas distancias y modalidades. Ioseba Fern\u00e1ndez hizo p\u00fablico tras el Campeonato del Mundial que se retiraba ya de la primera l\u00ednea del patinaje de velocidad.<\/p>\n","protected":false},"excerpt":{"rendered":"<p>Ioseba Fern\u00e1ndez obtuvo el oro en 100 metros sprint y Ruth Arza, una plata en 200 metros sprint y un bronce en la prueba de vuelta al circuito<\/p>\n","protected":false},"author":1,"featured_media":37782,"comment_status":"open","ping_status":"closed","sticky":false,"template":"","format":"standard","meta":{"footnotes":""},"categories":[2],"tags":[],"class_list":["post-37781","post","type-post","status-publish","format-standard","has-post-thumbnail","hentry","category-ayuntamiento-pamplona"],"yoast_head":"<!-- This site is optimized with the Yoast SEO plugin v27.3 - https:\/\/yoast.com\/product\/yoast-seo-wordpress\/ -->\n<title>El Ayuntamiento homenajea al campe\u00f3n del mundo Ioseba Fern\u00e1ndez y a la subcampeona junior Ruth Arza tras sus \u00e9xitos en el Mundial de patinaje de velocidad de Colombia<\/title>\n<meta name=\"description\" content=\"Ioseba Fern\u00e1ndez obtuvo el oro en 100 metros sprint y Ruth Arza, una plata en 200 metros sprint y un bronce en la prueba de vuelta al circuito\" \/>\n<meta name=\"robots\" content=\"index, follow, max-snippet:-1, max-image-preview:large, max-video-preview:-1\" \/>\n<link rel=\"canonical\" href=\"https:\/\/www.laguiadepamplona.com\/actualidad\/el-ayuntamiento-homenajea-al-campeon-del-mundo-ioseba-fernandez-y-a-la-subcampeona-junior-ruth-arza-tras-sus-exitos-en-el-mundial-de-patinaje-de-velocidad-de-colombia\/\" \/>\n<meta property=\"og:locale\" content=\"es_ES\" \/>\n<meta property=\"og:type\" content=\"article\" \/>\n<meta property=\"og:title\" content=\"El Ayuntamiento homenajea al campe\u00f3n del mundo Ioseba Fern\u00e1ndez y a la subcampeona junior Ruth Arza tras sus \u00e9xitos en el Mundial de patinaje de velocidad de Colombia\" \/>\n<meta property=\"og:description\" content=\"Ioseba Fern\u00e1ndez obtuvo el oro en 100 metros sprint y Ruth Arza, una plata en 200 metros sprint y un bronce en la prueba de vuelta al circuito\" \/>\n<meta property=\"og:url\" content=\"https:\/\/www.laguiadepamplona.com\/actualidad\/el-ayuntamiento-homenajea-al-campeon-del-mundo-ioseba-fernandez-y-a-la-subcampeona-junior-ruth-arza-tras-sus-exitos-en-el-mundial-de-patinaje-de-velocidad-de-colombia\/\" \/>\n<meta property=\"og:site_name\" content=\"La Gu\u00eda de Pamplona\" \/>\n<meta property=\"article:publisher\" content=\"https:\/\/www.facebook.com\/laguiadepamplonacom-133175176762273\/?ref=hl\" \/>\n<meta property=\"article:published_time\" content=\"2021-11-30T17:32:26+00:00\" \/>\n<meta property=\"article:modified_time\" content=\"2023-04-11T09:48:43+00:00\" \/>\n<meta property=\"og:image\" content=\"https:\/\/www.laguiadepamplona.com\/actualidad\/wp-content\/uploads\/2021\/11\/patinadores20211130jmg8311_0.jpg\" \/>\n\t<meta property=\"og:image:width\" content=\"1920\" \/>\n\t<meta property=\"og:image:height\" content=\"1280\" \/>\n\t<meta property=\"og:image:type\" content=\"image\/jpeg\" \/>\n<meta name=\"author\" content=\"La Gu\u00eda de Pamplona\" \/>\n<meta name=\"twitter:card\" content=\"summary_large_image\" \/>\n<meta name=\"twitter:creator\" content=\"@LaGuiadPamplona\" \/>\n<meta name=\"twitter:site\" content=\"@LaGuiadPamplona\" \/>\n<meta name=\"twitter:label1\" content=\"Escrito por\" \/>\n\t<meta name=\"twitter:data1\" content=\"La Gu\u00eda de Pamplona\" \/>\n\t<meta name=\"twitter:label2\" content=\"Tiempo de lectura\" \/>\n\t<meta name=\"twitter:data2\" content=\"2 minutos\" \/>\n<script type=\"application\/ld+json\" class=\"yoast-schema-graph\">{\"@context\":\"https:\\\/\\\/schema.org\",\"@graph\":[{\"@type\":\"Article\",\"@id\":\"https:\\\/\\\/www.laguiadepamplona.com\\\/actualidad\\\/el-ayuntamiento-homenajea-al-campeon-del-mundo-ioseba-fernandez-y-a-la-subcampeona-junior-ruth-arza-tras-sus-exitos-en-el-mundial-de-patinaje-de-velocidad-de-colombia\\\/#article\",\"isPartOf\":{\"@id\":\"https:\\\/\\\/www.laguiadepamplona.com\\\/actualidad\\\/el-ayuntamiento-homenajea-al-campeon-del-mundo-ioseba-fernandez-y-a-la-subcampeona-junior-ruth-arza-tras-sus-exitos-en-el-mundial-de-patinaje-de-velocidad-de-colombia\\\/\"},\"author\":{\"name\":\"La Gu\u00eda de Pamplona\",\"@id\":\"https:\\\/\\\/www.laguiadepamplona.com\\\/actualidad\\\/#\\\/schema\\\/person\\\/efe887376f0213d4657c93adc50b1fdb\"},\"headline\":\"El Ayuntamiento homenajea al campe\u00f3n del mundo Ioseba Fern\u00e1ndez y a la subcampeona junior Ruth Arza tras sus \u00e9xitos en el Mundial de patinaje de velocidad de Colombia\",\"datePublished\":\"2021-11-30T17:32:26+00:00\",\"dateModified\":\"2023-04-11T09:48:43+00:00\",\"mainEntityOfPage\":{\"@id\":\"https:\\\/\\\/www.laguiadepamplona.com\\\/actualidad\\\/el-ayuntamiento-homenajea-al-campeon-del-mundo-ioseba-fernandez-y-a-la-subcampeona-junior-ruth-arza-tras-sus-exitos-en-el-mundial-de-patinaje-de-velocidad-de-colombia\\\/\"},\"wordCount\":497,\"commentCount\":0,\"publisher\":{\"@id\":\"https:\\\/\\\/www.laguiadepamplona.com\\\/actualidad\\\/#organization\"},\"image\":{\"@id\":\"https:\\\/\\\/www.laguiadepamplona.com\\\/actualidad\\\/el-ayuntamiento-homenajea-al-campeon-del-mundo-ioseba-fernandez-y-a-la-subcampeona-junior-ruth-arza-tras-sus-exitos-en-el-mundial-de-patinaje-de-velocidad-de-colombia\\\/#primaryimage\"},\"thumbnailUrl\":\"https:\\\/\\\/www.laguiadepamplona.com\\\/actualidad\\\/wp-content\\\/uploads\\\/2021\\\/11\\\/patinadores20211130jmg8311_0.jpg\",\"articleSection\":[\"Ayto Pamplona\"],\"inLanguage\":\"es\",\"potentialAction\":[{\"@type\":\"CommentAction\",\"name\":\"Comment\",\"target\":[\"https:\\\/\\\/www.laguiadepamplona.com\\\/actualidad\\\/el-ayuntamiento-homenajea-al-campeon-del-mundo-ioseba-fernandez-y-a-la-subcampeona-junior-ruth-arza-tras-sus-exitos-en-el-mundial-de-patinaje-de-velocidad-de-colombia\\\/#respond\"]}]},{\"@type\":\"WebPage\",\"@id\":\"https:\\\/\\\/www.laguiadepamplona.com\\\/actualidad\\\/el-ayuntamiento-homenajea-al-campeon-del-mundo-ioseba-fernandez-y-a-la-subcampeona-junior-ruth-arza-tras-sus-exitos-en-el-mundial-de-patinaje-de-velocidad-de-colombia\\\/\",\"url\":\"https:\\\/\\\/www.laguiadepamplona.com\\\/actualidad\\\/el-ayuntamiento-homenajea-al-campeon-del-mundo-ioseba-fernandez-y-a-la-subcampeona-junior-ruth-arza-tras-sus-exitos-en-el-mundial-de-patinaje-de-velocidad-de-colombia\\\/\",\"name\":\"El Ayuntamiento homenajea al campe\u00f3n del mundo Ioseba Fern\u00e1ndez y a la subcampeona junior Ruth Arza tras sus \u00e9xitos en el Mundial de patinaje de velocidad de Colombia\",\"isPartOf\":{\"@id\":\"https:\\\/\\\/www.laguiadepamplona.com\\\/actualidad\\\/#website\"},\"primaryImageOfPage\":{\"@id\":\"https:\\\/\\\/www.laguiadepamplona.com\\\/actualidad\\\/el-ayuntamiento-homenajea-al-campeon-del-mundo-ioseba-fernandez-y-a-la-subcampeona-junior-ruth-arza-tras-sus-exitos-en-el-mundial-de-patinaje-de-velocidad-de-colombia\\\/#primaryimage\"},\"image\":{\"@id\":\"https:\\\/\\\/www.laguiadepamplona.com\\\/actualidad\\\/el-ayuntamiento-homenajea-al-campeon-del-mundo-ioseba-fernandez-y-a-la-subcampeona-junior-ruth-arza-tras-sus-exitos-en-el-mundial-de-patinaje-de-velocidad-de-colombia\\\/#primaryimage\"},\"thumbnailUrl\":\"https:\\\/\\\/www.laguiadepamplona.com\\\/actualidad\\\/wp-content\\\/uploads\\\/2021\\\/11\\\/patinadores20211130jmg8311_0.jpg\",\"datePublished\":\"2021-11-30T17:32:26+00:00\",\"dateModified\":\"2023-04-11T09:48:43+00:00\",\"description\":\"Ioseba Fern\u00e1ndez obtuvo el oro en 100 metros sprint y Ruth Arza, una plata en 200 metros sprint y un bronce en la prueba de vuelta al circuito\",\"breadcrumb\":{\"@id\":\"https:\\\/\\\/www.laguiadepamplona.com\\\/actualidad\\\/el-ayuntamiento-homenajea-al-campeon-del-mundo-ioseba-fernandez-y-a-la-subcampeona-junior-ruth-arza-tras-sus-exitos-en-el-mundial-de-patinaje-de-velocidad-de-colombia\\\/#breadcrumb\"},\"inLanguage\":\"es\",\"potentialAction\":[{\"@type\":\"ReadAction\",\"target\":[\"https:\\\/\\\/www.laguiadepamplona.com\\\/actualidad\\\/el-ayuntamiento-homenajea-al-campeon-del-mundo-ioseba-fernandez-y-a-la-subcampeona-junior-ruth-arza-tras-sus-exitos-en-el-mundial-de-patinaje-de-velocidad-de-colombia\\\/\"]}]},{\"@type\":\"ImageObject\",\"inLanguage\":\"es\",\"@id\":\"https:\\\/\\\/www.laguiadepamplona.com\\\/actualidad\\\/el-ayuntamiento-homenajea-al-campeon-del-mundo-ioseba-fernandez-y-a-la-subcampeona-junior-ruth-arza-tras-sus-exitos-en-el-mundial-de-patinaje-de-velocidad-de-colombia\\\/#primaryimage\",\"url\":\"https:\\\/\\\/www.laguiadepamplona.com\\\/actualidad\\\/wp-content\\\/uploads\\\/2021\\\/11\\\/patinadores20211130jmg8311_0.jpg\",\"contentUrl\":\"https:\\\/\\\/www.laguiadepamplona.com\\\/actualidad\\\/wp-content\\\/uploads\\\/2021\\\/11\\\/patinadores20211130jmg8311_0.jpg\",\"width\":1920,\"height\":1280,\"caption\":\"A* Jesus Garzaron F* 2021_11_30 T* Homenaje a los patinadores Yoseba Fern\u00e1ndez y Ruth Arza L* Sala de Recepciones, Ayuntamiento de Pamplona\"},{\"@type\":\"BreadcrumbList\",\"@id\":\"https:\\\/\\\/www.laguiadepamplona.com\\\/actualidad\\\/el-ayuntamiento-homenajea-al-campeon-del-mundo-ioseba-fernandez-y-a-la-subcampeona-junior-ruth-arza-tras-sus-exitos-en-el-mundial-de-patinaje-de-velocidad-de-colombia\\\/#breadcrumb\",\"itemListElement\":[{\"@type\":\"ListItem\",\"position\":1,\"name\":\"Portada\",\"item\":\"https:\\\/\\\/www.laguiadepamplona.com\\\/actualidad\\\/\"},{\"@type\":\"ListItem\",\"position\":2,\"name\":\"El Ayuntamiento homenajea al campe\u00f3n del mundo Ioseba Fern\u00e1ndez y a la subcampeona junior Ruth Arza tras sus \u00e9xitos en el Mundial de patinaje de velocidad de Colombia\"}]},{\"@type\":\"WebSite\",\"@id\":\"https:\\\/\\\/www.laguiadepamplona.com\\\/actualidad\\\/#website\",\"url\":\"https:\\\/\\\/www.laguiadepamplona.com\\\/actualidad\\\/\",\"name\":\"La gu\u00eda de Pamplona\",\"description\":\"Noticias de Pamplona\",\"publisher\":{\"@id\":\"https:\\\/\\\/www.laguiadepamplona.com\\\/actualidad\\\/#organization\"},\"potentialAction\":[{\"@type\":\"SearchAction\",\"target\":{\"@type\":\"EntryPoint\",\"urlTemplate\":\"https:\\\/\\\/www.laguiadepamplona.com\\\/actualidad\\\/?s={search_term_string}\"},\"query-input\":{\"@type\":\"PropertyValueSpecification\",\"valueRequired\":true,\"valueName\":\"search_term_string\"}}],\"inLanguage\":\"es\"},{\"@type\":\"Organization\",\"@id\":\"https:\\\/\\\/www.laguiadepamplona.com\\\/actualidad\\\/#organization\",\"name\":\"La Gu\u00eda de Pamplona \\\/ Noticias\",\"url\":\"https:\\\/\\\/www.laguiadepamplona.com\\\/actualidad\\\/\",\"logo\":{\"@type\":\"ImageObject\",\"inLanguage\":\"es\",\"@id\":\"https:\\\/\\\/www.laguiadepamplona.com\\\/actualidad\\\/#\\\/schema\\\/logo\\\/image\\\/\",\"url\":\"https:\\\/\\\/www.laguiadepamplona.com\\\/actualidad\\\/wp-content\\\/uploads\\\/2018\\\/11\\\/logo-laguiadepamplona18-web1.png\",\"contentUrl\":\"https:\\\/\\\/www.laguiadepamplona.com\\\/actualidad\\\/wp-content\\\/uploads\\\/2018\\\/11\\\/logo-laguiadepamplona18-web1.png\",\"width\":600,\"height\":196,\"caption\":\"La Gu\u00eda de Pamplona \\\/ Noticias\"},\"image\":{\"@id\":\"https:\\\/\\\/www.laguiadepamplona.com\\\/actualidad\\\/#\\\/schema\\\/logo\\\/image\\\/\"},\"sameAs\":[\"https:\\\/\\\/www.facebook.com\\\/laguiadepamplonacom-133175176762273\\\/?ref=hl\",\"https:\\\/\\\/x.com\\\/LaGuiadPamplona\",\"https:\\\/\\\/www.instagram.com\\\/la_guia_de_pamplona\\\/\",\"https:\\\/\\\/www.youtube.com\\\/user\\\/laguiadepamplona\"]},{\"@type\":\"Person\",\"@id\":\"https:\\\/\\\/www.laguiadepamplona.com\\\/actualidad\\\/#\\\/schema\\\/person\\\/efe887376f0213d4657c93adc50b1fdb\",\"name\":\"La Gu\u00eda de Pamplona\",\"image\":{\"@type\":\"ImageObject\",\"inLanguage\":\"es\",\"@id\":\"https:\\\/\\\/secure.gravatar.com\\\/avatar\\\/b6992f131dc8d30ab0dff15446e9d346d9dbd95992de0fef795073f5ea83a81c?s=96&d=mm&r=g\",\"url\":\"https:\\\/\\\/secure.gravatar.com\\\/avatar\\\/b6992f131dc8d30ab0dff15446e9d346d9dbd95992de0fef795073f5ea83a81c?s=96&d=mm&r=g\",\"contentUrl\":\"https:\\\/\\\/secure.gravatar.com\\\/avatar\\\/b6992f131dc8d30ab0dff15446e9d346d9dbd95992de0fef795073f5ea83a81c?s=96&d=mm&r=g\",\"caption\":\"La Gu\u00eda de Pamplona\"}}]}<\/script>\n<!-- \/ Yoast SEO plugin. -->","yoast_head_json":{"title":"El Ayuntamiento homenajea al campe\u00f3n del mundo Ioseba Fern\u00e1ndez y a la subcampeona junior Ruth Arza tras sus \u00e9xitos en el Mundial de patinaje de velocidad de Colombia","description":"Ioseba Fern\u00e1ndez obtuvo el oro en 100 metros sprint y Ruth Arza, una plata en 200 metros sprint y un bronce en la prueba de vuelta al circuito","robots":{"index":"index","follow":"follow","max-snippet":"max-snippet:-1","max-image-preview":"max-image-preview:large","max-video-preview":"max-video-preview:-1"},"canonical":"https:\/\/www.laguiadepamplona.com\/actualidad\/el-ayuntamiento-homenajea-al-campeon-del-mundo-ioseba-fernandez-y-a-la-subcampeona-junior-ruth-arza-tras-sus-exitos-en-el-mundial-de-patinaje-de-velocidad-de-colombia\/","og_locale":"es_ES","og_type":"article","og_title":"El Ayuntamiento homenajea al campe\u00f3n del mundo Ioseba Fern\u00e1ndez y a la subcampeona junior Ruth Arza tras sus \u00e9xitos en el Mundial de patinaje de velocidad de Colombia","og_description":"Ioseba Fern\u00e1ndez obtuvo el oro en 100 metros sprint y Ruth Arza, una plata en 200 metros sprint y un bronce en la prueba de vuelta al circuito","og_url":"https:\/\/www.laguiadepamplona.com\/actualidad\/el-ayuntamiento-homenajea-al-campeon-del-mundo-ioseba-fernandez-y-a-la-subcampeona-junior-ruth-arza-tras-sus-exitos-en-el-mundial-de-patinaje-de-velocidad-de-colombia\/","og_site_name":"La Gu\u00eda de Pamplona","article_publisher":"https:\/\/www.facebook.com\/laguiadepamplonacom-133175176762273\/?ref=hl","article_published_time":"2021-11-30T17:32:26+00:00","article_modified_time":"2023-04-11T09:48:43+00:00","og_image":[{"width":1920,"height":1280,"url":"https:\/\/www.laguiadepamplona.com\/actualidad\/wp-content\/uploads\/2021\/11\/patinadores20211130jmg8311_0.jpg","type":"image\/jpeg"}],"author":"La Gu\u00eda de Pamplona","twitter_card":"summary_large_image","twitter_creator":"@LaGuiadPamplona","twitter_site":"@LaGuiadPamplona","twitter_misc":{"Escrito por":"La Gu\u00eda de Pamplona","Tiempo de lectura":"2 minutos"},"schema":{"@context":"https:\/\/schema.org","@graph":[{"@type":"Article","@id":"https:\/\/www.laguiadepamplona.com\/actualidad\/el-ayuntamiento-homenajea-al-campeon-del-mundo-ioseba-fernandez-y-a-la-subcampeona-junior-ruth-arza-tras-sus-exitos-en-el-mundial-de-patinaje-de-velocidad-de-colombia\/#article","isPartOf":{"@id":"https:\/\/www.laguiadepamplona.com\/actualidad\/el-ayuntamiento-homenajea-al-campeon-del-mundo-ioseba-fernandez-y-a-la-subcampeona-junior-ruth-arza-tras-sus-exitos-en-el-mundial-de-patinaje-de-velocidad-de-colombia\/"},"author":{"name":"La Gu\u00eda de Pamplona","@id":"https:\/\/www.laguiadepamplona.com\/actualidad\/#\/schema\/person\/efe887376f0213d4657c93adc50b1fdb"},"headline":"El Ayuntamiento homenajea al campe\u00f3n del mundo Ioseba Fern\u00e1ndez y a la subcampeona junior Ruth Arza tras sus \u00e9xitos en el Mundial de patinaje de velocidad de Colombia","datePublished":"2021-11-30T17:32:26+00:00","dateModified":"2023-04-11T09:48:43+00:00","mainEntityOfPage":{"@id":"https:\/\/www.laguiadepamplona.com\/actualidad\/el-ayuntamiento-homenajea-al-campeon-del-mundo-ioseba-fernandez-y-a-la-subcampeona-junior-ruth-arza-tras-sus-exitos-en-el-mundial-de-patinaje-de-velocidad-de-colombia\/"},"wordCount":497,"commentCount":0,"publisher":{"@id":"https:\/\/www.laguiadepamplona.com\/actualidad\/#organization"},"image":{"@id":"https:\/\/www.laguiadepamplona.com\/actualidad\/el-ayuntamiento-homenajea-al-campeon-del-mundo-ioseba-fernandez-y-a-la-subcampeona-junior-ruth-arza-tras-sus-exitos-en-el-mundial-de-patinaje-de-velocidad-de-colombia\/#primaryimage"},"thumbnailUrl":"https:\/\/www.laguiadepamplona.com\/actualidad\/wp-content\/uploads\/2021\/11\/patinadores20211130jmg8311_0.jpg","articleSection":["Ayto Pamplona"],"inLanguage":"es","potentialAction":[{"@type":"CommentAction","name":"Comment","target":["https:\/\/www.laguiadepamplona.com\/actualidad\/el-ayuntamiento-homenajea-al-campeon-del-mundo-ioseba-fernandez-y-a-la-subcampeona-junior-ruth-arza-tras-sus-exitos-en-el-mundial-de-patinaje-de-velocidad-de-colombia\/#respond"]}]},{"@type":"WebPage","@id":"https:\/\/www.laguiadepamplona.com\/actualidad\/el-ayuntamiento-homenajea-al-campeon-del-mundo-ioseba-fernandez-y-a-la-subcampeona-junior-ruth-arza-tras-sus-exitos-en-el-mundial-de-patinaje-de-velocidad-de-colombia\/","url":"https:\/\/www.laguiadepamplona.com\/actualidad\/el-ayuntamiento-homenajea-al-campeon-del-mundo-ioseba-fernandez-y-a-la-subcampeona-junior-ruth-arza-tras-sus-exitos-en-el-mundial-de-patinaje-de-velocidad-de-colombia\/","name":"El Ayuntamiento homenajea al campe\u00f3n del mundo Ioseba Fern\u00e1ndez y a la subcampeona junior Ruth Arza tras sus \u00e9xitos en el Mundial de patinaje de velocidad de Colombia","isPartOf":{"@id":"https:\/\/www.laguiadepamplona.com\/actualidad\/#website"},"primaryImageOfPage":{"@id":"https:\/\/www.laguiadepamplona.com\/actualidad\/el-ayuntamiento-homenajea-al-campeon-del-mundo-ioseba-fernandez-y-a-la-subcampeona-junior-ruth-arza-tras-sus-exitos-en-el-mundial-de-patinaje-de-velocidad-de-colombia\/#primaryimage"},"image":{"@id":"https:\/\/www.laguiadepamplona.com\/actualidad\/el-ayuntamiento-homenajea-al-campeon-del-mundo-ioseba-fernandez-y-a-la-subcampeona-junior-ruth-arza-tras-sus-exitos-en-el-mundial-de-patinaje-de-velocidad-de-colombia\/#primaryimage"},"thumbnailUrl":"https:\/\/www.laguiadepamplona.com\/actualidad\/wp-content\/uploads\/2021\/11\/patinadores20211130jmg8311_0.jpg","datePublished":"2021-11-30T17:32:26+00:00","dateModified":"2023-04-11T09:48:43+00:00","description":"Ioseba Fern\u00e1ndez obtuvo el oro en 100 metros sprint y Ruth Arza, una plata en 200 metros sprint y un bronce en la prueba de vuelta al circuito","breadcrumb":{"@id":"https:\/\/www.laguiadepamplona.com\/actualidad\/el-ayuntamiento-homenajea-al-campeon-del-mundo-ioseba-fernandez-y-a-la-subcampeona-junior-ruth-arza-tras-sus-exitos-en-el-mundial-de-patinaje-de-velocidad-de-colombia\/#breadcrumb"},"inLanguage":"es","potentialAction":[{"@type":"ReadAction","target":["https:\/\/www.laguiadepamplona.com\/actualidad\/el-ayuntamiento-homenajea-al-campeon-del-mundo-ioseba-fernandez-y-a-la-subcampeona-junior-ruth-arza-tras-sus-exitos-en-el-mundial-de-patinaje-de-velocidad-de-colombia\/"]}]},{"@type":"ImageObject","inLanguage":"es","@id":"https:\/\/www.laguiadepamplona.com\/actualidad\/el-ayuntamiento-homenajea-al-campeon-del-mundo-ioseba-fernandez-y-a-la-subcampeona-junior-ruth-arza-tras-sus-exitos-en-el-mundial-de-patinaje-de-velocidad-de-colombia\/#primaryimage","url":"https:\/\/www.laguiadepamplona.com\/actualidad\/wp-content\/uploads\/2021\/11\/patinadores20211130jmg8311_0.jpg","contentUrl":"https:\/\/www.laguiadepamplona.com\/actualidad\/wp-content\/uploads\/2021\/11\/patinadores20211130jmg8311_0.jpg","width":1920,"height":1280,"caption":"A* Jesus Garzaron F* 2021_11_30 T* Homenaje a los patinadores Yoseba Fern\u00e1ndez y Ruth Arza L* Sala de Recepciones, Ayuntamiento de Pamplona"},{"@type":"BreadcrumbList","@id":"https:\/\/www.laguiadepamplona.com\/actualidad\/el-ayuntamiento-homenajea-al-campeon-del-mundo-ioseba-fernandez-y-a-la-subcampeona-junior-ruth-arza-tras-sus-exitos-en-el-mundial-de-patinaje-de-velocidad-de-colombia\/#breadcrumb","itemListElement":[{"@type":"ListItem","position":1,"name":"Portada","item":"https:\/\/www.laguiadepamplona.com\/actualidad\/"},{"@type":"ListItem","position":2,"name":"El Ayuntamiento homenajea al campe\u00f3n del mundo Ioseba Fern\u00e1ndez y a la subcampeona junior Ruth Arza tras sus \u00e9xitos en el Mundial de patinaje de velocidad de Colombia"}]},{"@type":"WebSite","@id":"https:\/\/www.laguiadepamplona.com\/actualidad\/#website","url":"https:\/\/www.laguiadepamplona.com\/actualidad\/","name":"La gu\u00eda de Pamplona","description":"Noticias de Pamplona","publisher":{"@id":"https:\/\/www.laguiadepamplona.com\/actualidad\/#organization"},"potentialAction":[{"@type":"SearchAction","target":{"@type":"EntryPoint","urlTemplate":"https:\/\/www.laguiadepamplona.com\/actualidad\/?s={search_term_string}"},"query-input":{"@type":"PropertyValueSpecification","valueRequired":true,"valueName":"search_term_string"}}],"inLanguage":"es"},{"@type":"Organization","@id":"https:\/\/www.laguiadepamplona.com\/actualidad\/#organization","name":"La Gu\u00eda de Pamplona \/ Noticias","url":"https:\/\/www.laguiadepamplona.com\/actualidad\/","logo":{"@type":"ImageObject","inLanguage":"es","@id":"https:\/\/www.laguiadepamplona.com\/actualidad\/#\/schema\/logo\/image\/","url":"https:\/\/www.laguiadepamplona.com\/actualidad\/wp-content\/uploads\/2018\/11\/logo-laguiadepamplona18-web1.png","contentUrl":"https:\/\/www.laguiadepamplona.com\/actualidad\/wp-content\/uploads\/2018\/11\/logo-laguiadepamplona18-web1.png","width":600,"height":196,"caption":"La Gu\u00eda de Pamplona \/ Noticias"},"image":{"@id":"https:\/\/www.laguiadepamplona.com\/actualidad\/#\/schema\/logo\/image\/"},"sameAs":["https:\/\/www.facebook.com\/laguiadepamplonacom-133175176762273\/?ref=hl","https:\/\/x.com\/LaGuiadPamplona","https:\/\/www.instagram.com\/la_guia_de_pamplona\/","https:\/\/www.youtube.com\/user\/laguiadepamplona"]},{"@type":"Person","@id":"https:\/\/www.laguiadepamplona.com\/actualidad\/#\/schema\/person\/efe887376f0213d4657c93adc50b1fdb","name":"La Gu\u00eda de Pamplona","image":{"@type":"ImageObject","inLanguage":"es","@id":"https:\/\/secure.gravatar.com\/avatar\/b6992f131dc8d30ab0dff15446e9d346d9dbd95992de0fef795073f5ea83a81c?s=96&d=mm&r=g","url":"https:\/\/secure.gravatar.com\/avatar\/b6992f131dc8d30ab0dff15446e9d346d9dbd95992de0fef795073f5ea83a81c?s=96&d=mm&r=g","contentUrl":"https:\/\/secure.gravatar.com\/avatar\/b6992f131dc8d30ab0dff15446e9d346d9dbd95992de0fef795073f5ea83a81c?s=96&d=mm&r=g","caption":"La Gu\u00eda de Pamplona"}}]}},"post_mailing_queue_ids":[],"_links":{"self":[{"href":"https:\/\/www.laguiadepamplona.com\/actualidad\/wp-json\/wp\/v2\/posts\/37781","targetHints":{"allow":["GET"]}}],"collection":[{"href":"https:\/\/www.laguiadepamplona.com\/actualidad\/wp-json\/wp\/v2\/posts"}],"about":[{"href":"https:\/\/www.laguiadepamplona.com\/actualidad\/wp-json\/wp\/v2\/types\/post"}],"author":[{"embeddable":true,"href":"https:\/\/www.laguiadepamplona.com\/actualidad\/wp-json\/wp\/v2\/users\/1"}],"replies":[{"embeddable":true,"href":"https:\/\/www.laguiadepamplona.com\/actualidad\/wp-json\/wp\/v2\/comments?post=37781"}],"version-history":[{"count":0,"href":"https:\/\/www.laguiadepamplona.com\/actualidad\/wp-json\/wp\/v2\/posts\/37781\/revisions"}],"wp:featuredmedia":[{"embeddable":true,"href":"https:\/\/www.laguiadepamplona.com\/actualidad\/wp-json\/wp\/v2\/media\/37782"}],"wp:attachment":[{"href":"https:\/\/www.laguiadepamplona.com\/actualidad\/wp-json\/wp\/v2\/media?parent=37781"}],"wp:term":[{"taxonomy":"category","embeddable":true,"href":"https:\/\/www.laguiadepamplona.com\/actualidad\/wp-json\/wp\/v2\/categories?post=37781"},{"taxonomy":"post_tag","embeddable":true,"href":"https:\/\/www.laguiadepamplona.com\/actualidad\/wp-json\/wp\/v2\/tags?post=37781"}],"curies":[{"name":"wp","href":"https:\/\/api.w.org\/{rel}","templated":true}]}}