{"id":37777,"date":"2021-11-30T19:29:59","date_gmt":"2021-11-30T17:29:59","guid":{"rendered":"https:\/\/www.laguiadepamplona.com\/actualidad\/?p=37777"},"modified":"2023-04-11T11:48:43","modified_gmt":"2023-04-11T09:48:43","slug":"la-calle-bosquecillo-sera-una-plataforma-unica-sin-aceras-con-nuevos-espacios-de-estancia-y-parterres","status":"publish","type":"post","link":"https:\/\/www.laguiadepamplona.com\/actualidad\/la-calle-bosquecillo-sera-una-plataforma-unica-sin-aceras-con-nuevos-espacios-de-estancia-y-parterres\/","title":{"rendered":"La calle Bosquecillo ser\u00e1 una plataforma \u00fanica, sin aceras, con nuevos espacios de estancia y parterres"},"content":{"rendered":"<h5>La Junta de Gobierno Local ha aprobado la licitaci\u00f3n de las obras de ejecuci\u00f3n por un importe inicial de 1.377.973 euros<\/h5>\n<p><!--more--><\/p>\n<p><a href=\"https:\/\/www.laguiadepamplona.com\/actualidad\/wp-content\/uploads\/2021\/11\/bosquecillo3.jpg\"><img loading=\"lazy\" decoding=\"async\" class=\"alignleft size-medium wp-image-37779\" src=\"https:\/\/www.laguiadepamplona.com\/actualidad\/wp-content\/uploads\/2021\/11\/bosquecillo3-270x300.jpg\" alt=\"\" width=\"270\" height=\"300\" srcset=\"https:\/\/www.laguiadepamplona.com\/actualidad\/wp-content\/uploads\/2021\/11\/bosquecillo3-270x300.jpg 270w, https:\/\/www.laguiadepamplona.com\/actualidad\/wp-content\/uploads\/2021\/11\/bosquecillo3-614x682.jpg 614w, https:\/\/www.laguiadepamplona.com\/actualidad\/wp-content\/uploads\/2021\/11\/bosquecillo3-768x853.jpg 768w, https:\/\/www.laguiadepamplona.com\/actualidad\/wp-content\/uploads\/2021\/11\/bosquecillo3-640x711.jpg 640w, https:\/\/www.laguiadepamplona.com\/actualidad\/wp-content\/uploads\/2021\/11\/bosquecillo3.jpg 972w\" sizes=\"auto, (max-width: 270px) 100vw, 270px\" \/><\/a>La calle Bosquecillo ser\u00e1 una plataforma \u00fanica, sin aceras y permeable en vistas y comunicaciones a los parques que divide. Con las obras de reurbanizaci\u00f3n se eliminar\u00e1n las jardineras de obra, se ubicar\u00e1n tres nuevas zonas de estancia y diverso mobiliario urbano, y se modificar\u00e1 el carril-bici existente, cre\u00e1ndose un espacio de coexistencia se\u00f1alizado. Con el proyecto de intervenci\u00f3n, firmado por t\u00e9cnicos municipales, el Consistorio pretende reforzar el car\u00e1cter peatonal de la calle en su sentido longitudinal y permeabilizar la comunicaci\u00f3n, tanto f\u00edsica, como visual transversal, entre el parque de la Taconera y la zona del Bosquecillo.<\/p>\n<p>Estas son las l\u00edneas generales de la reurbanizaci\u00f3n de la calle Bosquecillo que esta ma\u00f1ana ha presentado el concejal delegado de Proyectos Estrat\u00e9gicos, Movilidad y Sostenibilidad, Ferm\u00edn Alonso, despu\u00e9s de que esta ma\u00f1ana la Junta de Gobierno Local aprobara la licitaci\u00f3n de las obras por un importe inicial de 1.377.973 euros. La intervenci\u00f3n va a ser posible gracias al acuerdo presupuestario alcanzado por los grupos municipales de Navarra Suma y Socialistas del Ayuntamiento de Pamplona para 2021.<br \/>\n<script async src=\"\/\/pagead2.googlesyndication.com\/pagead\/js\/adsbygoogle.js\"><\/script><br \/>\n<!-- Noticias La Guia de Pamplona --><br \/>\n<ins class=\"adsbygoogle\"\nstyle=\"display:block\"\ndata-ad-client=\"ca-pub-6943679897239327\"\ndata-ad-slot=\"7048180777\"\ndata-ad-format=\"auto\"><\/ins><br \/>\n<script>\n(adsbygoogle = window.adsbygoogle || []).push({});\n<\/script><\/p>\n<p>Lo previsto es que las obras comiencen en 2022. Con car\u00e1cter previo al inicio de las obras se han realizado tres catas arqueol\u00f3gicas con la autorizaci\u00f3n y seguimiento de la Instituci\u00f3n Pr\u00edncipe de Viana; y en el transcurso de las obras se realizar\u00e1 el correspondiente seguimiento arqueol\u00f3gico. Esta reurbanizaci\u00f3n y peatonalizaci\u00f3n forman parte de la estrategia \u2018Go Green Pamplona\u2019 de lucha contra el cambio clim\u00e1tico en la ciudad.<\/p>\n<p>La intervenci\u00f3n busca reforzar la comunicaci\u00f3n longitudinal de los peatones, de los peregrinos del Camino de Santiago y de las bicicletas, para unir la entrada al Casco Antiguo de Pamplona por la zona de calle Mayor y el paseo enfrente de la iglesia San Lorenzo, con la calle Navas de Tolosa y el arranque del parque de Antoniutti. Esta calle debe su nombre a un acuerdo del Pleno del Ayuntamiento de Pamplona de 1972, aunque el espacio, muy concurrido, ya ten\u00eda ese top\u00f3nimo en la costumbre popular desde muy antiguo.<br \/>\n<script async src=\"\/\/pagead2.googlesyndication.com\/pagead\/js\/adsbygoogle.js\"><\/script><br \/>\n<!-- Noticias La Guia de Pamplona --><br \/>\n<ins class=\"adsbygoogle\"\nstyle=\"display:block\"\ndata-ad-client=\"ca-pub-6943679897239327\"\ndata-ad-slot=\"7048180777\"\ndata-ad-format=\"auto\"><\/ins><br \/>\n<script>\n(adsbygoogle = window.adsbygoogle || []).push({});\n<\/script><\/p>\n<p><strong>Una calle amable para el paseo y la estancia<\/strong><\/p>\n<p>La calle Bosquecillo ser\u00e1 una plataforma pavimentada \u00fanica de una anchura de 10 metros (la zona de la calzada actual), eliminando las aceras existentes y las jardineras longitudinales que albergan setos, para as\u00ed romper barreras transversales, abrir vistas y comunicaciones con los dos parques. Adem\u00e1s, se repondr\u00e1n los ejemplares de arbolado que est\u00e9n enfermos o sean de especies poco adecuadas y la alineaci\u00f3n de arbolado en su lado norte se integrar\u00e1 en nuevos parterres similares a los del Parque de la Taconera, para as\u00ed unificar el dise\u00f1o y acercar y relacionar la nueva zona pavimentada con el parque.<\/p>\n<p>Tambi\u00e9n se crear\u00e1n tres peque\u00f1as zonas de estancia en los lugares estrat\u00e9gicos m\u00e1s utilizados por los peatones. El primero frente al Portal de San Nicol\u00e1s, creando espacio que comunica un eje pavimentado del Bosquecillo con el paseo que discurre, en el parque de la Taconera, desde el arco a la estatua de Gayarre. Los otros dos estar\u00e1n pr\u00f3ximos a los extremos de la calle; uno junto al paso de peatones pr\u00f3ximo a la calle Navas de Tolosa y el otro en la zona cercana a la acera de la avenida de Guip\u00fazcoa (al lado de \u201cel Paraguas\u201d), enfrente a otro de los ejes y visuales que se abren hacia el parque de la Taconera.<br \/>\n<script async src=\"\/\/pagead2.googlesyndication.com\/pagead\/js\/adsbygoogle.js\"><\/script><br \/>\n<!-- Noticias La Guia de Pamplona --><br \/>\n<ins class=\"adsbygoogle\"\nstyle=\"display:block\"\ndata-ad-client=\"ca-pub-6943679897239327\"\ndata-ad-slot=\"7048180777\"\ndata-ad-format=\"auto\"><\/ins><br \/>\n<script>\n(adsbygoogle = window.adsbygoogle || []).push({});\n<\/script><\/p>\n<p><strong>Homogeneizar zonas verdes y mejorar servicios<\/strong><\/p>\n<p>La calle Bosquecillo, de 170 metros de longitud y 15 de anchura une en su extremo noreste la salida del Casco Antiguo (calle Mayor y plaza Recoletas), en el inicio de la avenida de Guip\u00fazcoa enfrente de la Iglesia de San Lorenzo, con su extremo sur oeste en el final de la calle Navas de Tolosa. Actualmente esta v\u00eda separa dos \u00e1mbitos y tipolog\u00edas de parques muy diferenciados: el Parque de la Taconera con sus jardines geom\u00e9tricos y ejes peatonales con localizaci\u00f3n de estatuas y elementos ornamentales de dise\u00f1o inicial del siglo XIX y la zona del Bosquecillo (trasera del actual hotel Tres Reyes) que constituye una amplia y sombr\u00eda zona con numeroso arbolado. La intervenci\u00f3n de supresi\u00f3n de jardineras longitudinales en ambas zonas, muy pr\u00f3ximas a los arranques de los \u00e1rboles, y el dise\u00f1o de un nuevo conjunto de parterres, atenuar\u00e1 esa dicotom\u00eda.<\/p>\n<p>En conjunto las obras regularizar\u00e1n y ordenar\u00e1n los elementos de la urbanizaci\u00f3n: franjas del pavimento, sumideros de recogida de agua y ordenaci\u00f3n de las farolas, zonas de paso y estancia. La pavimentaci\u00f3n se har\u00e1 en piedra calcarenita con acabado abujardado en diversos tama\u00f1os, trasladando una imagen similar a la que mantiene el resto del Casco Antiguo. Adem\u00e1s, las obras pretenden la mejora de las instalaciones de recogida de aguas pluviales con un nuevo colector a lo largo de la calle y una alineaci\u00f3n de sumideros en el eje longitudinal de la calle.<\/p>\n<p>La red de alumbrado se reorganizar\u00e1 y regularizar\u00e1 con una nueva canalizaci\u00f3n. Se recolocar\u00e1n las mismas farolas existentes (11 tipo \u201cb\u00e1culo de San Ferm\u00edn\u201d) para mantener la unidad de elementos ornamentales que hay en los dos parques. Adem\u00e1s, en toda la zona se instalar\u00e1 diverso mobiliario urbano compuesto de bancos y sillas en las zonas de estancia en el lado sur, una fuente y se distribuir\u00e1n papeleras a lo largo de la calle, siempre coincidiendo en las zonas de las franjas transversales.<\/p>\n","protected":false},"excerpt":{"rendered":"<p>La Junta de Gobierno Local ha aprobado la licitaci\u00f3n de las obras de ejecuci\u00f3n por un importe inicial de 1.377.973 euros<\/p>\n","protected":false},"author":1,"featured_media":37778,"comment_status":"open","ping_status":"closed","sticky":false,"template":"","format":"standard","meta":{"footnotes":""},"categories":[2],"tags":[],"class_list":["post-37777","post","type-post","status-publish","format-standard","has-post-thumbnail","hentry","category-ayuntamiento-pamplona"],"yoast_head":"<!-- This site is optimized with the Yoast SEO plugin v27.3 - https:\/\/yoast.com\/product\/yoast-seo-wordpress\/ -->\n<title>La calle Bosquecillo ser\u00e1 una plataforma \u00fanica, sin aceras, con nuevos espacios de estancia y parterres<\/title>\n<meta name=\"description\" content=\"La Junta de Gobierno Local ha aprobado la licitaci\u00f3n de las obras de ejecuci\u00f3n por un importe inicial de 1.377.973 euros\" \/>\n<meta name=\"robots\" content=\"index, follow, max-snippet:-1, max-image-preview:large, max-video-preview:-1\" \/>\n<link rel=\"canonical\" href=\"https:\/\/www.laguiadepamplona.com\/actualidad\/la-calle-bosquecillo-sera-una-plataforma-unica-sin-aceras-con-nuevos-espacios-de-estancia-y-parterres\/\" \/>\n<meta property=\"og:locale\" content=\"es_ES\" \/>\n<meta property=\"og:type\" content=\"article\" \/>\n<meta property=\"og:title\" content=\"La calle Bosquecillo ser\u00e1 una plataforma \u00fanica, sin aceras, con nuevos espacios de estancia y parterres\" \/>\n<meta property=\"og:description\" content=\"La Junta de Gobierno Local ha aprobado la licitaci\u00f3n de las obras de ejecuci\u00f3n por un importe inicial de 1.377.973 euros\" \/>\n<meta property=\"og:url\" content=\"https:\/\/www.laguiadepamplona.com\/actualidad\/la-calle-bosquecillo-sera-una-plataforma-unica-sin-aceras-con-nuevos-espacios-de-estancia-y-parterres\/\" \/>\n<meta property=\"og:site_name\" content=\"La Gu\u00eda de Pamplona\" \/>\n<meta property=\"article:publisher\" content=\"https:\/\/www.facebook.com\/laguiadepamplonacom-133175176762273\/?ref=hl\" \/>\n<meta property=\"article:published_time\" content=\"2021-11-30T17:29:59+00:00\" \/>\n<meta property=\"article:modified_time\" content=\"2023-04-11T09:48:43+00:00\" \/>\n<meta property=\"og:image\" content=\"https:\/\/www.laguiadepamplona.com\/actualidad\/wp-content\/uploads\/2021\/11\/planopavimentobosquecillo.jpg\" \/>\n\t<meta property=\"og:image:width\" content=\"1920\" \/>\n\t<meta property=\"og:image:height\" content=\"714\" \/>\n\t<meta property=\"og:image:type\" content=\"image\/jpeg\" \/>\n<meta name=\"author\" content=\"La Gu\u00eda de Pamplona\" \/>\n<meta name=\"twitter:card\" content=\"summary_large_image\" \/>\n<meta name=\"twitter:creator\" content=\"@LaGuiadPamplona\" \/>\n<meta name=\"twitter:site\" content=\"@LaGuiadPamplona\" \/>\n<meta name=\"twitter:label1\" content=\"Escrito por\" \/>\n\t<meta name=\"twitter:data1\" content=\"La Gu\u00eda de Pamplona\" \/>\n\t<meta name=\"twitter:label2\" content=\"Tiempo de lectura\" \/>\n\t<meta name=\"twitter:data2\" content=\"5 minutos\" \/>\n<script type=\"application\/ld+json\" class=\"yoast-schema-graph\">{\"@context\":\"https:\\\/\\\/schema.org\",\"@graph\":[{\"@type\":\"Article\",\"@id\":\"https:\\\/\\\/www.laguiadepamplona.com\\\/actualidad\\\/la-calle-bosquecillo-sera-una-plataforma-unica-sin-aceras-con-nuevos-espacios-de-estancia-y-parterres\\\/#article\",\"isPartOf\":{\"@id\":\"https:\\\/\\\/www.laguiadepamplona.com\\\/actualidad\\\/la-calle-bosquecillo-sera-una-plataforma-unica-sin-aceras-con-nuevos-espacios-de-estancia-y-parterres\\\/\"},\"author\":{\"name\":\"La Gu\u00eda de Pamplona\",\"@id\":\"https:\\\/\\\/www.laguiadepamplona.com\\\/actualidad\\\/#\\\/schema\\\/person\\\/efe887376f0213d4657c93adc50b1fdb\"},\"headline\":\"La calle Bosquecillo ser\u00e1 una plataforma \u00fanica, sin aceras, con nuevos espacios de estancia y parterres\",\"datePublished\":\"2021-11-30T17:29:59+00:00\",\"dateModified\":\"2023-04-11T09:48:43+00:00\",\"mainEntityOfPage\":{\"@id\":\"https:\\\/\\\/www.laguiadepamplona.com\\\/actualidad\\\/la-calle-bosquecillo-sera-una-plataforma-unica-sin-aceras-con-nuevos-espacios-de-estancia-y-parterres\\\/\"},\"wordCount\":980,\"commentCount\":0,\"publisher\":{\"@id\":\"https:\\\/\\\/www.laguiadepamplona.com\\\/actualidad\\\/#organization\"},\"image\":{\"@id\":\"https:\\\/\\\/www.laguiadepamplona.com\\\/actualidad\\\/la-calle-bosquecillo-sera-una-plataforma-unica-sin-aceras-con-nuevos-espacios-de-estancia-y-parterres\\\/#primaryimage\"},\"thumbnailUrl\":\"https:\\\/\\\/www.laguiadepamplona.com\\\/actualidad\\\/wp-content\\\/uploads\\\/2021\\\/11\\\/planopavimentobosquecillo.jpg\",\"articleSection\":[\"Ayto Pamplona\"],\"inLanguage\":\"es\",\"potentialAction\":[{\"@type\":\"CommentAction\",\"name\":\"Comment\",\"target\":[\"https:\\\/\\\/www.laguiadepamplona.com\\\/actualidad\\\/la-calle-bosquecillo-sera-una-plataforma-unica-sin-aceras-con-nuevos-espacios-de-estancia-y-parterres\\\/#respond\"]}]},{\"@type\":\"WebPage\",\"@id\":\"https:\\\/\\\/www.laguiadepamplona.com\\\/actualidad\\\/la-calle-bosquecillo-sera-una-plataforma-unica-sin-aceras-con-nuevos-espacios-de-estancia-y-parterres\\\/\",\"url\":\"https:\\\/\\\/www.laguiadepamplona.com\\\/actualidad\\\/la-calle-bosquecillo-sera-una-plataforma-unica-sin-aceras-con-nuevos-espacios-de-estancia-y-parterres\\\/\",\"name\":\"La calle Bosquecillo ser\u00e1 una plataforma \u00fanica, sin aceras, con nuevos espacios de estancia y parterres\",\"isPartOf\":{\"@id\":\"https:\\\/\\\/www.laguiadepamplona.com\\\/actualidad\\\/#website\"},\"primaryImageOfPage\":{\"@id\":\"https:\\\/\\\/www.laguiadepamplona.com\\\/actualidad\\\/la-calle-bosquecillo-sera-una-plataforma-unica-sin-aceras-con-nuevos-espacios-de-estancia-y-parterres\\\/#primaryimage\"},\"image\":{\"@id\":\"https:\\\/\\\/www.laguiadepamplona.com\\\/actualidad\\\/la-calle-bosquecillo-sera-una-plataforma-unica-sin-aceras-con-nuevos-espacios-de-estancia-y-parterres\\\/#primaryimage\"},\"thumbnailUrl\":\"https:\\\/\\\/www.laguiadepamplona.com\\\/actualidad\\\/wp-content\\\/uploads\\\/2021\\\/11\\\/planopavimentobosquecillo.jpg\",\"datePublished\":\"2021-11-30T17:29:59+00:00\",\"dateModified\":\"2023-04-11T09:48:43+00:00\",\"description\":\"La Junta de Gobierno Local ha aprobado la licitaci\u00f3n de las obras de ejecuci\u00f3n por un importe inicial de 1.377.973 euros\",\"breadcrumb\":{\"@id\":\"https:\\\/\\\/www.laguiadepamplona.com\\\/actualidad\\\/la-calle-bosquecillo-sera-una-plataforma-unica-sin-aceras-con-nuevos-espacios-de-estancia-y-parterres\\\/#breadcrumb\"},\"inLanguage\":\"es\",\"potentialAction\":[{\"@type\":\"ReadAction\",\"target\":[\"https:\\\/\\\/www.laguiadepamplona.com\\\/actualidad\\\/la-calle-bosquecillo-sera-una-plataforma-unica-sin-aceras-con-nuevos-espacios-de-estancia-y-parterres\\\/\"]}]},{\"@type\":\"ImageObject\",\"inLanguage\":\"es\",\"@id\":\"https:\\\/\\\/www.laguiadepamplona.com\\\/actualidad\\\/la-calle-bosquecillo-sera-una-plataforma-unica-sin-aceras-con-nuevos-espacios-de-estancia-y-parterres\\\/#primaryimage\",\"url\":\"https:\\\/\\\/www.laguiadepamplona.com\\\/actualidad\\\/wp-content\\\/uploads\\\/2021\\\/11\\\/planopavimentobosquecillo.jpg\",\"contentUrl\":\"https:\\\/\\\/www.laguiadepamplona.com\\\/actualidad\\\/wp-content\\\/uploads\\\/2021\\\/11\\\/planopavimentobosquecillo.jpg\",\"width\":1920,\"height\":714},{\"@type\":\"BreadcrumbList\",\"@id\":\"https:\\\/\\\/www.laguiadepamplona.com\\\/actualidad\\\/la-calle-bosquecillo-sera-una-plataforma-unica-sin-aceras-con-nuevos-espacios-de-estancia-y-parterres\\\/#breadcrumb\",\"itemListElement\":[{\"@type\":\"ListItem\",\"position\":1,\"name\":\"Portada\",\"item\":\"https:\\\/\\\/www.laguiadepamplona.com\\\/actualidad\\\/\"},{\"@type\":\"ListItem\",\"position\":2,\"name\":\"La calle Bosquecillo ser\u00e1 una plataforma \u00fanica, sin aceras, con nuevos espacios de estancia y parterres\"}]},{\"@type\":\"WebSite\",\"@id\":\"https:\\\/\\\/www.laguiadepamplona.com\\\/actualidad\\\/#website\",\"url\":\"https:\\\/\\\/www.laguiadepamplona.com\\\/actualidad\\\/\",\"name\":\"La gu\u00eda de Pamplona\",\"description\":\"Noticias de Pamplona\",\"publisher\":{\"@id\":\"https:\\\/\\\/www.laguiadepamplona.com\\\/actualidad\\\/#organization\"},\"potentialAction\":[{\"@type\":\"SearchAction\",\"target\":{\"@type\":\"EntryPoint\",\"urlTemplate\":\"https:\\\/\\\/www.laguiadepamplona.com\\\/actualidad\\\/?s={search_term_string}\"},\"query-input\":{\"@type\":\"PropertyValueSpecification\",\"valueRequired\":true,\"valueName\":\"search_term_string\"}}],\"inLanguage\":\"es\"},{\"@type\":\"Organization\",\"@id\":\"https:\\\/\\\/www.laguiadepamplona.com\\\/actualidad\\\/#organization\",\"name\":\"La Gu\u00eda de Pamplona \\\/ Noticias\",\"url\":\"https:\\\/\\\/www.laguiadepamplona.com\\\/actualidad\\\/\",\"logo\":{\"@type\":\"ImageObject\",\"inLanguage\":\"es\",\"@id\":\"https:\\\/\\\/www.laguiadepamplona.com\\\/actualidad\\\/#\\\/schema\\\/logo\\\/image\\\/\",\"url\":\"https:\\\/\\\/www.laguiadepamplona.com\\\/actualidad\\\/wp-content\\\/uploads\\\/2018\\\/11\\\/logo-laguiadepamplona18-web1.png\",\"contentUrl\":\"https:\\\/\\\/www.laguiadepamplona.com\\\/actualidad\\\/wp-content\\\/uploads\\\/2018\\\/11\\\/logo-laguiadepamplona18-web1.png\",\"width\":600,\"height\":196,\"caption\":\"La Gu\u00eda de Pamplona \\\/ Noticias\"},\"image\":{\"@id\":\"https:\\\/\\\/www.laguiadepamplona.com\\\/actualidad\\\/#\\\/schema\\\/logo\\\/image\\\/\"},\"sameAs\":[\"https:\\\/\\\/www.facebook.com\\\/laguiadepamplonacom-133175176762273\\\/?ref=hl\",\"https:\\\/\\\/x.com\\\/LaGuiadPamplona\",\"https:\\\/\\\/www.instagram.com\\\/la_guia_de_pamplona\\\/\",\"https:\\\/\\\/www.youtube.com\\\/user\\\/laguiadepamplona\"]},{\"@type\":\"Person\",\"@id\":\"https:\\\/\\\/www.laguiadepamplona.com\\\/actualidad\\\/#\\\/schema\\\/person\\\/efe887376f0213d4657c93adc50b1fdb\",\"name\":\"La Gu\u00eda de Pamplona\",\"image\":{\"@type\":\"ImageObject\",\"inLanguage\":\"es\",\"@id\":\"https:\\\/\\\/secure.gravatar.com\\\/avatar\\\/b6992f131dc8d30ab0dff15446e9d346d9dbd95992de0fef795073f5ea83a81c?s=96&d=mm&r=g\",\"url\":\"https:\\\/\\\/secure.gravatar.com\\\/avatar\\\/b6992f131dc8d30ab0dff15446e9d346d9dbd95992de0fef795073f5ea83a81c?s=96&d=mm&r=g\",\"contentUrl\":\"https:\\\/\\\/secure.gravatar.com\\\/avatar\\\/b6992f131dc8d30ab0dff15446e9d346d9dbd95992de0fef795073f5ea83a81c?s=96&d=mm&r=g\",\"caption\":\"La Gu\u00eda de Pamplona\"}}]}<\/script>\n<!-- \/ Yoast SEO plugin. -->","yoast_head_json":{"title":"La calle Bosquecillo ser\u00e1 una plataforma \u00fanica, sin aceras, con nuevos espacios de estancia y parterres","description":"La Junta de Gobierno Local ha aprobado la licitaci\u00f3n de las obras de ejecuci\u00f3n por un importe inicial de 1.377.973 euros","robots":{"index":"index","follow":"follow","max-snippet":"max-snippet:-1","max-image-preview":"max-image-preview:large","max-video-preview":"max-video-preview:-1"},"canonical":"https:\/\/www.laguiadepamplona.com\/actualidad\/la-calle-bosquecillo-sera-una-plataforma-unica-sin-aceras-con-nuevos-espacios-de-estancia-y-parterres\/","og_locale":"es_ES","og_type":"article","og_title":"La calle Bosquecillo ser\u00e1 una plataforma \u00fanica, sin aceras, con nuevos espacios de estancia y parterres","og_description":"La Junta de Gobierno Local ha aprobado la licitaci\u00f3n de las obras de ejecuci\u00f3n por un importe inicial de 1.377.973 euros","og_url":"https:\/\/www.laguiadepamplona.com\/actualidad\/la-calle-bosquecillo-sera-una-plataforma-unica-sin-aceras-con-nuevos-espacios-de-estancia-y-parterres\/","og_site_name":"La Gu\u00eda de Pamplona","article_publisher":"https:\/\/www.facebook.com\/laguiadepamplonacom-133175176762273\/?ref=hl","article_published_time":"2021-11-30T17:29:59+00:00","article_modified_time":"2023-04-11T09:48:43+00:00","og_image":[{"width":1920,"height":714,"url":"https:\/\/www.laguiadepamplona.com\/actualidad\/wp-content\/uploads\/2021\/11\/planopavimentobosquecillo.jpg","type":"image\/jpeg"}],"author":"La Gu\u00eda de Pamplona","twitter_card":"summary_large_image","twitter_creator":"@LaGuiadPamplona","twitter_site":"@LaGuiadPamplona","twitter_misc":{"Escrito por":"La Gu\u00eda de Pamplona","Tiempo de lectura":"5 minutos"},"schema":{"@context":"https:\/\/schema.org","@graph":[{"@type":"Article","@id":"https:\/\/www.laguiadepamplona.com\/actualidad\/la-calle-bosquecillo-sera-una-plataforma-unica-sin-aceras-con-nuevos-espacios-de-estancia-y-parterres\/#article","isPartOf":{"@id":"https:\/\/www.laguiadepamplona.com\/actualidad\/la-calle-bosquecillo-sera-una-plataforma-unica-sin-aceras-con-nuevos-espacios-de-estancia-y-parterres\/"},"author":{"name":"La Gu\u00eda de Pamplona","@id":"https:\/\/www.laguiadepamplona.com\/actualidad\/#\/schema\/person\/efe887376f0213d4657c93adc50b1fdb"},"headline":"La calle Bosquecillo ser\u00e1 una plataforma \u00fanica, sin aceras, con nuevos espacios de estancia y parterres","datePublished":"2021-11-30T17:29:59+00:00","dateModified":"2023-04-11T09:48:43+00:00","mainEntityOfPage":{"@id":"https:\/\/www.laguiadepamplona.com\/actualidad\/la-calle-bosquecillo-sera-una-plataforma-unica-sin-aceras-con-nuevos-espacios-de-estancia-y-parterres\/"},"wordCount":980,"commentCount":0,"publisher":{"@id":"https:\/\/www.laguiadepamplona.com\/actualidad\/#organization"},"image":{"@id":"https:\/\/www.laguiadepamplona.com\/actualidad\/la-calle-bosquecillo-sera-una-plataforma-unica-sin-aceras-con-nuevos-espacios-de-estancia-y-parterres\/#primaryimage"},"thumbnailUrl":"https:\/\/www.laguiadepamplona.com\/actualidad\/wp-content\/uploads\/2021\/11\/planopavimentobosquecillo.jpg","articleSection":["Ayto Pamplona"],"inLanguage":"es","potentialAction":[{"@type":"CommentAction","name":"Comment","target":["https:\/\/www.laguiadepamplona.com\/actualidad\/la-calle-bosquecillo-sera-una-plataforma-unica-sin-aceras-con-nuevos-espacios-de-estancia-y-parterres\/#respond"]}]},{"@type":"WebPage","@id":"https:\/\/www.laguiadepamplona.com\/actualidad\/la-calle-bosquecillo-sera-una-plataforma-unica-sin-aceras-con-nuevos-espacios-de-estancia-y-parterres\/","url":"https:\/\/www.laguiadepamplona.com\/actualidad\/la-calle-bosquecillo-sera-una-plataforma-unica-sin-aceras-con-nuevos-espacios-de-estancia-y-parterres\/","name":"La calle Bosquecillo ser\u00e1 una plataforma \u00fanica, sin aceras, con nuevos espacios de estancia y parterres","isPartOf":{"@id":"https:\/\/www.laguiadepamplona.com\/actualidad\/#website"},"primaryImageOfPage":{"@id":"https:\/\/www.laguiadepamplona.com\/actualidad\/la-calle-bosquecillo-sera-una-plataforma-unica-sin-aceras-con-nuevos-espacios-de-estancia-y-parterres\/#primaryimage"},"image":{"@id":"https:\/\/www.laguiadepamplona.com\/actualidad\/la-calle-bosquecillo-sera-una-plataforma-unica-sin-aceras-con-nuevos-espacios-de-estancia-y-parterres\/#primaryimage"},"thumbnailUrl":"https:\/\/www.laguiadepamplona.com\/actualidad\/wp-content\/uploads\/2021\/11\/planopavimentobosquecillo.jpg","datePublished":"2021-11-30T17:29:59+00:00","dateModified":"2023-04-11T09:48:43+00:00","description":"La Junta de Gobierno Local ha aprobado la licitaci\u00f3n de las obras de ejecuci\u00f3n por un importe inicial de 1.377.973 euros","breadcrumb":{"@id":"https:\/\/www.laguiadepamplona.com\/actualidad\/la-calle-bosquecillo-sera-una-plataforma-unica-sin-aceras-con-nuevos-espacios-de-estancia-y-parterres\/#breadcrumb"},"inLanguage":"es","potentialAction":[{"@type":"ReadAction","target":["https:\/\/www.laguiadepamplona.com\/actualidad\/la-calle-bosquecillo-sera-una-plataforma-unica-sin-aceras-con-nuevos-espacios-de-estancia-y-parterres\/"]}]},{"@type":"ImageObject","inLanguage":"es","@id":"https:\/\/www.laguiadepamplona.com\/actualidad\/la-calle-bosquecillo-sera-una-plataforma-unica-sin-aceras-con-nuevos-espacios-de-estancia-y-parterres\/#primaryimage","url":"https:\/\/www.laguiadepamplona.com\/actualidad\/wp-content\/uploads\/2021\/11\/planopavimentobosquecillo.jpg","contentUrl":"https:\/\/www.laguiadepamplona.com\/actualidad\/wp-content\/uploads\/2021\/11\/planopavimentobosquecillo.jpg","width":1920,"height":714},{"@type":"BreadcrumbList","@id":"https:\/\/www.laguiadepamplona.com\/actualidad\/la-calle-bosquecillo-sera-una-plataforma-unica-sin-aceras-con-nuevos-espacios-de-estancia-y-parterres\/#breadcrumb","itemListElement":[{"@type":"ListItem","position":1,"name":"Portada","item":"https:\/\/www.laguiadepamplona.com\/actualidad\/"},{"@type":"ListItem","position":2,"name":"La calle Bosquecillo ser\u00e1 una plataforma \u00fanica, sin aceras, con nuevos espacios de estancia y parterres"}]},{"@type":"WebSite","@id":"https:\/\/www.laguiadepamplona.com\/actualidad\/#website","url":"https:\/\/www.laguiadepamplona.com\/actualidad\/","name":"La gu\u00eda de Pamplona","description":"Noticias de Pamplona","publisher":{"@id":"https:\/\/www.laguiadepamplona.com\/actualidad\/#organization"},"potentialAction":[{"@type":"SearchAction","target":{"@type":"EntryPoint","urlTemplate":"https:\/\/www.laguiadepamplona.com\/actualidad\/?s={search_term_string}"},"query-input":{"@type":"PropertyValueSpecification","valueRequired":true,"valueName":"search_term_string"}}],"inLanguage":"es"},{"@type":"Organization","@id":"https:\/\/www.laguiadepamplona.com\/actualidad\/#organization","name":"La Gu\u00eda de Pamplona \/ Noticias","url":"https:\/\/www.laguiadepamplona.com\/actualidad\/","logo":{"@type":"ImageObject","inLanguage":"es","@id":"https:\/\/www.laguiadepamplona.com\/actualidad\/#\/schema\/logo\/image\/","url":"https:\/\/www.laguiadepamplona.com\/actualidad\/wp-content\/uploads\/2018\/11\/logo-laguiadepamplona18-web1.png","contentUrl":"https:\/\/www.laguiadepamplona.com\/actualidad\/wp-content\/uploads\/2018\/11\/logo-laguiadepamplona18-web1.png","width":600,"height":196,"caption":"La Gu\u00eda de Pamplona \/ Noticias"},"image":{"@id":"https:\/\/www.laguiadepamplona.com\/actualidad\/#\/schema\/logo\/image\/"},"sameAs":["https:\/\/www.facebook.com\/laguiadepamplonacom-133175176762273\/?ref=hl","https:\/\/x.com\/LaGuiadPamplona","https:\/\/www.instagram.com\/la_guia_de_pamplona\/","https:\/\/www.youtube.com\/user\/laguiadepamplona"]},{"@type":"Person","@id":"https:\/\/www.laguiadepamplona.com\/actualidad\/#\/schema\/person\/efe887376f0213d4657c93adc50b1fdb","name":"La Gu\u00eda de Pamplona","image":{"@type":"ImageObject","inLanguage":"es","@id":"https:\/\/secure.gravatar.com\/avatar\/b6992f131dc8d30ab0dff15446e9d346d9dbd95992de0fef795073f5ea83a81c?s=96&d=mm&r=g","url":"https:\/\/secure.gravatar.com\/avatar\/b6992f131dc8d30ab0dff15446e9d346d9dbd95992de0fef795073f5ea83a81c?s=96&d=mm&r=g","contentUrl":"https:\/\/secure.gravatar.com\/avatar\/b6992f131dc8d30ab0dff15446e9d346d9dbd95992de0fef795073f5ea83a81c?s=96&d=mm&r=g","caption":"La Gu\u00eda de Pamplona"}}]}},"post_mailing_queue_ids":[],"_links":{"self":[{"href":"https:\/\/www.laguiadepamplona.com\/actualidad\/wp-json\/wp\/v2\/posts\/37777","targetHints":{"allow":["GET"]}}],"collection":[{"href":"https:\/\/www.laguiadepamplona.com\/actualidad\/wp-json\/wp\/v2\/posts"}],"about":[{"href":"https:\/\/www.laguiadepamplona.com\/actualidad\/wp-json\/wp\/v2\/types\/post"}],"author":[{"embeddable":true,"href":"https:\/\/www.laguiadepamplona.com\/actualidad\/wp-json\/wp\/v2\/users\/1"}],"replies":[{"embeddable":true,"href":"https:\/\/www.laguiadepamplona.com\/actualidad\/wp-json\/wp\/v2\/comments?post=37777"}],"version-history":[{"count":0,"href":"https:\/\/www.laguiadepamplona.com\/actualidad\/wp-json\/wp\/v2\/posts\/37777\/revisions"}],"wp:featuredmedia":[{"embeddable":true,"href":"https:\/\/www.laguiadepamplona.com\/actualidad\/wp-json\/wp\/v2\/media\/37778"}],"wp:attachment":[{"href":"https:\/\/www.laguiadepamplona.com\/actualidad\/wp-json\/wp\/v2\/media?parent=37777"}],"wp:term":[{"taxonomy":"category","embeddable":true,"href":"https:\/\/www.laguiadepamplona.com\/actualidad\/wp-json\/wp\/v2\/categories?post=37777"},{"taxonomy":"post_tag","embeddable":true,"href":"https:\/\/www.laguiadepamplona.com\/actualidad\/wp-json\/wp\/v2\/tags?post=37777"}],"curies":[{"name":"wp","href":"https:\/\/api.w.org\/{rel}","templated":true}]}}