{"id":37775,"date":"2021-11-26T19:14:40","date_gmt":"2021-11-26T17:14:40","guid":{"rendered":"https:\/\/www.laguiadepamplona.com\/actualidad\/?p=37775"},"modified":"2023-04-11T11:48:43","modified_gmt":"2023-04-11T09:48:43","slug":"un-belen-dentro-de-otro-ante-la-desaparecida-ermita-de-la-plaza-de-la-virgen-de-la-o-el-lunes-29-de-noviembre-el-zaguan-municipal-se-abre-a-la-navidad","status":"publish","type":"post","link":"https:\/\/www.laguiadepamplona.com\/actualidad\/un-belen-dentro-de-otro-ante-la-desaparecida-ermita-de-la-plaza-de-la-virgen-de-la-o-el-lunes-29-de-noviembre-el-zaguan-municipal-se-abre-a-la-navidad\/","title":{"rendered":"Un bel\u00e9n dentro de otro ante la desaparecida ermita de la plaza de la Virgen de la O: el lunes 29 de noviembre el zagu\u00e1n municipal se abre a la Navidad"},"content":{"rendered":"<h5>Junto con el Nacimiento, ambientado en la Pamplona de los a\u00f1os 50, se podr\u00e1n ver tambi\u00e9n las figuras de los Reyes Magos y Olentzero<\/h5>\n<p><!--more--><\/p>\n<p>Un Bel\u00e9n dentro de otro Bel\u00e9n es el \u2018juego de espejos\u2019 que este a\u00f1o configura el Nacimiento que presidir\u00e1 la Navidad pamplonesa desde el zagu\u00e1n de la Casa Consistorial. Un a\u00f1o m\u00e1s el Ayuntamiento y la Asociaci\u00f3n de Belenistas proponen a los ciudadanos una mirada a la Navidad en Pamplona. En este caso quienes miran, ciudadan\u00edas del siglo XXI observar\u00e1n a otros vecinos y vecinas que tambi\u00e9n est\u00e1n mirando un nacimiento, pero en los a\u00f1os 50 del siglo XX. La escena est\u00e1 ambientada en la plaza de la Virgen de la O presidida por la antigua ermita con esa advocaci\u00f3n.<\/p>\n<p><strong><u>La Corporaci\u00f3n municipal, encabezada por el alcalde Enrique Maya y el presidente de la Asociaci\u00f3n de Belenistas, Pedro Javier Mart\u00ednez, lo inaugurar\u00e1n en un peque\u00f1o acto el pr\u00f3ximo 29 de noviembre a las 18 horas.<\/u><\/strong> Desde entonces y hasta el 6 de enero, quienes est\u00e1n interesados en convertirse en parte activa de este juego en bucle y apreciar el preciosismo del bel\u00e9n municipal, podr\u00e1n acercarse a la Casa Consistorial para contemplarlo en horario de lunes a viernes de 8 a 20 horas y los fines de semana y d\u00edas festivos en horario de 10 a 20 horas.<\/p>\n<p>La realizaci\u00f3n y montaje del Bel\u00e9n es parte de las actividades navide\u00f1as de la Asociaci\u00f3n de Belenistas de Pamplona que, desde 1987 se encargan de poner a disposici\u00f3n de la ciudad este elemento por el que cada a\u00f1o pasan miles de personas. Como es habitual, en el Zagu\u00e1n estar\u00e1n tambi\u00e9n presentes las figuras iluminadas de los protagonistas de la Navidad para los m\u00e1s peque\u00f1os: los Reyes Magos y Olentzero.<br \/>\n<script async src=\"\/\/pagead2.googlesyndication.com\/pagead\/js\/adsbygoogle.js\"><\/script><br \/>\n<!-- Noticias La Guia de Pamplona --><br \/>\n<ins class=\"adsbygoogle\"\nstyle=\"display:block\"\ndata-ad-client=\"ca-pub-6943679897239327\"\ndata-ad-slot=\"7048180777\"\ndata-ad-format=\"auto\"><\/ins><br \/>\n<script>\n(adsbygoogle = window.adsbygoogle || []).push({});\n<\/script><\/p>\n<p><strong>16.500 tejas y 35 figuras hechas a mano<\/strong><\/p>\n<p>Sus art\u00edfices son \u00c1ngel Garayoa (77 a\u00f1os) y Jes\u00fas Rezusta (41 a\u00f1os), t\u00edo y sobrino, que llevan meses trabajando nueve horas semanales en los locales de la asociaci\u00f3n y otras muchas en sus casas. Las 35 figuras humanas que componen la escena han emergido de las manos y los recuerdos de Garayoa que ha modelado el barro del que est\u00e1n hechas, lo ha cocido y pintado, una tarea a la que dedic\u00f3 su confinamiento. Entre los personajes casta\u00f1eras, bomberos, polic\u00edas locales o afiladores como los que \u00e9l ve\u00eda en su infancia en el barrio de San Pedro, entonces llamado Capuchinos extramuros. Tambi\u00e9n hay un peque\u00f1o homenaje a Osasuna. Sus figuras, ciudadan\u00eda de los a\u00f1os 50, tambi\u00e9n miran un Nacimiento en un espacio p\u00fablico.<\/p>\n<p>De las manos de Jes\u00fas Rezusta, a partir del 15 de enero de este a\u00f1o, han ido saliendo las 16.500 tejas talladas una a una en porexpan y que ha montado con cola blanca para la parte superior de los edificios de la plaza, el convento de Carmelitas y la antigua ermita reconstruida a escala para estos d\u00edas. Tambi\u00e9n se puede apreciar en el entorno la pared del convento de Recoletas y, presidiendo la escena desde su punto m\u00e1s alto (1,60 m.), el cimborrio y la aguja de la Iglesia de San Lorenzo. Para ajustarse a la realidad y a la historia, ambos han consultado fotograf\u00edas publicadas en libros sobre la ciudad, adem\u00e1s de hacer las suyas propias del estado actual de la plaza de la Virgen de la O.<br \/>\n<script async src=\"\/\/pagead2.googlesyndication.com\/pagead\/js\/adsbygoogle.js\"><\/script><br \/>\n<!-- Noticias La Guia de Pamplona --><br \/>\n<ins class=\"adsbygoogle\"\nstyle=\"display:block\"\ndata-ad-client=\"ca-pub-6943679897239327\"\ndata-ad-slot=\"7048180777\"\ndata-ad-format=\"auto\"><\/ins><br \/>\n<script>\n(adsbygoogle = window.adsbygoogle || []).push({});\n<\/script><\/p>\n<p>Seis \u00e1rboles hechos con ramas y balcones de alambre, adem\u00e1s del barro de las figuras, son los \u00fanicos materiales diferentes al porexpan que se podr\u00e1n apreciar en la ventana de 6,67 metros de ancho y 1,17 de alto que se abre en la caja esc\u00e9nica que, en 2017, realiz\u00f3 el alumnado de carpinter\u00eda del Centro de Formaci\u00f3n para el Empleo de Landaben.<\/p>\n","protected":false},"excerpt":{"rendered":"<p>Junto con el Nacimiento, ambientado en la Pamplona de los a\u00f1os 50, se podr\u00e1n ver tambi\u00e9n las figuras de los Reyes Magos y Olentzero<\/p>\n","protected":false},"author":1,"featured_media":36074,"comment_status":"open","ping_status":"closed","sticky":false,"template":"","format":"standard","meta":{"footnotes":""},"categories":[2],"tags":[],"class_list":["post-37775","post","type-post","status-publish","format-standard","has-post-thumbnail","hentry","category-ayuntamiento-pamplona"],"yoast_head":"<!-- This site is optimized with the Yoast SEO plugin v27.3 - https:\/\/yoast.com\/product\/yoast-seo-wordpress\/ -->\n<title>Un bel\u00e9n dentro de otro ante la desaparecida ermita de la plaza de la Virgen de la O: el lunes 29 de noviembre el zagu\u00e1n municipal se abre a la Navidad<\/title>\n<meta name=\"description\" content=\"Junto con el Nacimiento, ambientado en la Pamplona de los a\u00f1os 50, se podr\u00e1n ver tambi\u00e9n las figuras de los Reyes Magos y Olentzero\" \/>\n<meta name=\"robots\" content=\"index, follow, max-snippet:-1, max-image-preview:large, max-video-preview:-1\" \/>\n<link rel=\"canonical\" href=\"https:\/\/www.laguiadepamplona.com\/actualidad\/un-belen-dentro-de-otro-ante-la-desaparecida-ermita-de-la-plaza-de-la-virgen-de-la-o-el-lunes-29-de-noviembre-el-zaguan-municipal-se-abre-a-la-navidad\/\" \/>\n<meta property=\"og:locale\" content=\"es_ES\" \/>\n<meta property=\"og:type\" content=\"article\" \/>\n<meta property=\"og:title\" content=\"Un bel\u00e9n dentro de otro ante la desaparecida ermita de la plaza de la Virgen de la O: el lunes 29 de noviembre el zagu\u00e1n municipal se abre a la Navidad\" \/>\n<meta property=\"og:description\" content=\"Junto con el Nacimiento, ambientado en la Pamplona de los a\u00f1os 50, se podr\u00e1n ver tambi\u00e9n las figuras de los Reyes Magos y Olentzero\" \/>\n<meta property=\"og:url\" content=\"https:\/\/www.laguiadepamplona.com\/actualidad\/un-belen-dentro-de-otro-ante-la-desaparecida-ermita-de-la-plaza-de-la-virgen-de-la-o-el-lunes-29-de-noviembre-el-zaguan-municipal-se-abre-a-la-navidad\/\" \/>\n<meta property=\"og:site_name\" content=\"La Gu\u00eda de Pamplona\" \/>\n<meta property=\"article:publisher\" content=\"https:\/\/www.facebook.com\/laguiadepamplonacom-133175176762273\/?ref=hl\" \/>\n<meta property=\"article:published_time\" content=\"2021-11-26T17:14:40+00:00\" \/>\n<meta property=\"article:modified_time\" content=\"2023-04-11T09:48:43+00:00\" \/>\n<meta property=\"og:image\" content=\"https:\/\/www.laguiadepamplona.com\/actualidad\/wp-content\/uploads\/2021\/08\/ayuntamiento-pamplona2.jpg\" \/>\n\t<meta property=\"og:image:width\" content=\"1920\" \/>\n\t<meta property=\"og:image:height\" content=\"1080\" \/>\n\t<meta property=\"og:image:type\" content=\"image\/jpeg\" \/>\n<meta name=\"author\" content=\"La Gu\u00eda de Pamplona\" \/>\n<meta name=\"twitter:card\" content=\"summary_large_image\" \/>\n<meta name=\"twitter:creator\" content=\"@LaGuiadPamplona\" \/>\n<meta name=\"twitter:site\" content=\"@LaGuiadPamplona\" \/>\n<meta name=\"twitter:label1\" content=\"Escrito por\" \/>\n\t<meta name=\"twitter:data1\" content=\"La Gu\u00eda de Pamplona\" \/>\n\t<meta name=\"twitter:label2\" content=\"Tiempo de lectura\" \/>\n\t<meta name=\"twitter:data2\" content=\"3 minutos\" \/>\n<script type=\"application\/ld+json\" class=\"yoast-schema-graph\">{\"@context\":\"https:\\\/\\\/schema.org\",\"@graph\":[{\"@type\":\"Article\",\"@id\":\"https:\\\/\\\/www.laguiadepamplona.com\\\/actualidad\\\/un-belen-dentro-de-otro-ante-la-desaparecida-ermita-de-la-plaza-de-la-virgen-de-la-o-el-lunes-29-de-noviembre-el-zaguan-municipal-se-abre-a-la-navidad\\\/#article\",\"isPartOf\":{\"@id\":\"https:\\\/\\\/www.laguiadepamplona.com\\\/actualidad\\\/un-belen-dentro-de-otro-ante-la-desaparecida-ermita-de-la-plaza-de-la-virgen-de-la-o-el-lunes-29-de-noviembre-el-zaguan-municipal-se-abre-a-la-navidad\\\/\"},\"author\":{\"name\":\"La Gu\u00eda de Pamplona\",\"@id\":\"https:\\\/\\\/www.laguiadepamplona.com\\\/actualidad\\\/#\\\/schema\\\/person\\\/efe887376f0213d4657c93adc50b1fdb\"},\"headline\":\"Un bel\u00e9n dentro de otro ante la desaparecida ermita de la plaza de la Virgen de la O: el lunes 29 de noviembre el zagu\u00e1n municipal se abre a la Navidad\",\"datePublished\":\"2021-11-26T17:14:40+00:00\",\"dateModified\":\"2023-04-11T09:48:43+00:00\",\"mainEntityOfPage\":{\"@id\":\"https:\\\/\\\/www.laguiadepamplona.com\\\/actualidad\\\/un-belen-dentro-de-otro-ante-la-desaparecida-ermita-de-la-plaza-de-la-virgen-de-la-o-el-lunes-29-de-noviembre-el-zaguan-municipal-se-abre-a-la-navidad\\\/\"},\"wordCount\":688,\"commentCount\":0,\"publisher\":{\"@id\":\"https:\\\/\\\/www.laguiadepamplona.com\\\/actualidad\\\/#organization\"},\"image\":{\"@id\":\"https:\\\/\\\/www.laguiadepamplona.com\\\/actualidad\\\/un-belen-dentro-de-otro-ante-la-desaparecida-ermita-de-la-plaza-de-la-virgen-de-la-o-el-lunes-29-de-noviembre-el-zaguan-municipal-se-abre-a-la-navidad\\\/#primaryimage\"},\"thumbnailUrl\":\"https:\\\/\\\/www.laguiadepamplona.com\\\/actualidad\\\/wp-content\\\/uploads\\\/2021\\\/08\\\/ayuntamiento-pamplona2.jpg\",\"articleSection\":[\"Ayto Pamplona\"],\"inLanguage\":\"es\",\"potentialAction\":[{\"@type\":\"CommentAction\",\"name\":\"Comment\",\"target\":[\"https:\\\/\\\/www.laguiadepamplona.com\\\/actualidad\\\/un-belen-dentro-de-otro-ante-la-desaparecida-ermita-de-la-plaza-de-la-virgen-de-la-o-el-lunes-29-de-noviembre-el-zaguan-municipal-se-abre-a-la-navidad\\\/#respond\"]}]},{\"@type\":\"WebPage\",\"@id\":\"https:\\\/\\\/www.laguiadepamplona.com\\\/actualidad\\\/un-belen-dentro-de-otro-ante-la-desaparecida-ermita-de-la-plaza-de-la-virgen-de-la-o-el-lunes-29-de-noviembre-el-zaguan-municipal-se-abre-a-la-navidad\\\/\",\"url\":\"https:\\\/\\\/www.laguiadepamplona.com\\\/actualidad\\\/un-belen-dentro-de-otro-ante-la-desaparecida-ermita-de-la-plaza-de-la-virgen-de-la-o-el-lunes-29-de-noviembre-el-zaguan-municipal-se-abre-a-la-navidad\\\/\",\"name\":\"Un bel\u00e9n dentro de otro ante la desaparecida ermita de la plaza de la Virgen de la O: el lunes 29 de noviembre el zagu\u00e1n municipal se abre a la Navidad\",\"isPartOf\":{\"@id\":\"https:\\\/\\\/www.laguiadepamplona.com\\\/actualidad\\\/#website\"},\"primaryImageOfPage\":{\"@id\":\"https:\\\/\\\/www.laguiadepamplona.com\\\/actualidad\\\/un-belen-dentro-de-otro-ante-la-desaparecida-ermita-de-la-plaza-de-la-virgen-de-la-o-el-lunes-29-de-noviembre-el-zaguan-municipal-se-abre-a-la-navidad\\\/#primaryimage\"},\"image\":{\"@id\":\"https:\\\/\\\/www.laguiadepamplona.com\\\/actualidad\\\/un-belen-dentro-de-otro-ante-la-desaparecida-ermita-de-la-plaza-de-la-virgen-de-la-o-el-lunes-29-de-noviembre-el-zaguan-municipal-se-abre-a-la-navidad\\\/#primaryimage\"},\"thumbnailUrl\":\"https:\\\/\\\/www.laguiadepamplona.com\\\/actualidad\\\/wp-content\\\/uploads\\\/2021\\\/08\\\/ayuntamiento-pamplona2.jpg\",\"datePublished\":\"2021-11-26T17:14:40+00:00\",\"dateModified\":\"2023-04-11T09:48:43+00:00\",\"description\":\"Junto con el Nacimiento, ambientado en la Pamplona de los a\u00f1os 50, se podr\u00e1n ver tambi\u00e9n las figuras de los Reyes Magos y Olentzero\",\"breadcrumb\":{\"@id\":\"https:\\\/\\\/www.laguiadepamplona.com\\\/actualidad\\\/un-belen-dentro-de-otro-ante-la-desaparecida-ermita-de-la-plaza-de-la-virgen-de-la-o-el-lunes-29-de-noviembre-el-zaguan-municipal-se-abre-a-la-navidad\\\/#breadcrumb\"},\"inLanguage\":\"es\",\"potentialAction\":[{\"@type\":\"ReadAction\",\"target\":[\"https:\\\/\\\/www.laguiadepamplona.com\\\/actualidad\\\/un-belen-dentro-de-otro-ante-la-desaparecida-ermita-de-la-plaza-de-la-virgen-de-la-o-el-lunes-29-de-noviembre-el-zaguan-municipal-se-abre-a-la-navidad\\\/\"]}]},{\"@type\":\"ImageObject\",\"inLanguage\":\"es\",\"@id\":\"https:\\\/\\\/www.laguiadepamplona.com\\\/actualidad\\\/un-belen-dentro-de-otro-ante-la-desaparecida-ermita-de-la-plaza-de-la-virgen-de-la-o-el-lunes-29-de-noviembre-el-zaguan-municipal-se-abre-a-la-navidad\\\/#primaryimage\",\"url\":\"https:\\\/\\\/www.laguiadepamplona.com\\\/actualidad\\\/wp-content\\\/uploads\\\/2021\\\/08\\\/ayuntamiento-pamplona2.jpg\",\"contentUrl\":\"https:\\\/\\\/www.laguiadepamplona.com\\\/actualidad\\\/wp-content\\\/uploads\\\/2021\\\/08\\\/ayuntamiento-pamplona2.jpg\",\"width\":1920,\"height\":1080,\"caption\":\"ayuntamiento pamplona\"},{\"@type\":\"BreadcrumbList\",\"@id\":\"https:\\\/\\\/www.laguiadepamplona.com\\\/actualidad\\\/un-belen-dentro-de-otro-ante-la-desaparecida-ermita-de-la-plaza-de-la-virgen-de-la-o-el-lunes-29-de-noviembre-el-zaguan-municipal-se-abre-a-la-navidad\\\/#breadcrumb\",\"itemListElement\":[{\"@type\":\"ListItem\",\"position\":1,\"name\":\"Portada\",\"item\":\"https:\\\/\\\/www.laguiadepamplona.com\\\/actualidad\\\/\"},{\"@type\":\"ListItem\",\"position\":2,\"name\":\"Un bel\u00e9n dentro de otro ante la desaparecida ermita de la plaza de la Virgen de la O: el lunes 29 de noviembre el zagu\u00e1n municipal se abre a la Navidad\"}]},{\"@type\":\"WebSite\",\"@id\":\"https:\\\/\\\/www.laguiadepamplona.com\\\/actualidad\\\/#website\",\"url\":\"https:\\\/\\\/www.laguiadepamplona.com\\\/actualidad\\\/\",\"name\":\"La gu\u00eda de Pamplona\",\"description\":\"Noticias de Pamplona\",\"publisher\":{\"@id\":\"https:\\\/\\\/www.laguiadepamplona.com\\\/actualidad\\\/#organization\"},\"potentialAction\":[{\"@type\":\"SearchAction\",\"target\":{\"@type\":\"EntryPoint\",\"urlTemplate\":\"https:\\\/\\\/www.laguiadepamplona.com\\\/actualidad\\\/?s={search_term_string}\"},\"query-input\":{\"@type\":\"PropertyValueSpecification\",\"valueRequired\":true,\"valueName\":\"search_term_string\"}}],\"inLanguage\":\"es\"},{\"@type\":\"Organization\",\"@id\":\"https:\\\/\\\/www.laguiadepamplona.com\\\/actualidad\\\/#organization\",\"name\":\"La Gu\u00eda de Pamplona \\\/ Noticias\",\"url\":\"https:\\\/\\\/www.laguiadepamplona.com\\\/actualidad\\\/\",\"logo\":{\"@type\":\"ImageObject\",\"inLanguage\":\"es\",\"@id\":\"https:\\\/\\\/www.laguiadepamplona.com\\\/actualidad\\\/#\\\/schema\\\/logo\\\/image\\\/\",\"url\":\"https:\\\/\\\/www.laguiadepamplona.com\\\/actualidad\\\/wp-content\\\/uploads\\\/2018\\\/11\\\/logo-laguiadepamplona18-web1.png\",\"contentUrl\":\"https:\\\/\\\/www.laguiadepamplona.com\\\/actualidad\\\/wp-content\\\/uploads\\\/2018\\\/11\\\/logo-laguiadepamplona18-web1.png\",\"width\":600,\"height\":196,\"caption\":\"La Gu\u00eda de Pamplona \\\/ Noticias\"},\"image\":{\"@id\":\"https:\\\/\\\/www.laguiadepamplona.com\\\/actualidad\\\/#\\\/schema\\\/logo\\\/image\\\/\"},\"sameAs\":[\"https:\\\/\\\/www.facebook.com\\\/laguiadepamplonacom-133175176762273\\\/?ref=hl\",\"https:\\\/\\\/x.com\\\/LaGuiadPamplona\",\"https:\\\/\\\/www.instagram.com\\\/la_guia_de_pamplona\\\/\",\"https:\\\/\\\/www.youtube.com\\\/user\\\/laguiadepamplona\"]},{\"@type\":\"Person\",\"@id\":\"https:\\\/\\\/www.laguiadepamplona.com\\\/actualidad\\\/#\\\/schema\\\/person\\\/efe887376f0213d4657c93adc50b1fdb\",\"name\":\"La Gu\u00eda de Pamplona\",\"image\":{\"@type\":\"ImageObject\",\"inLanguage\":\"es\",\"@id\":\"https:\\\/\\\/secure.gravatar.com\\\/avatar\\\/b6992f131dc8d30ab0dff15446e9d346d9dbd95992de0fef795073f5ea83a81c?s=96&d=mm&r=g\",\"url\":\"https:\\\/\\\/secure.gravatar.com\\\/avatar\\\/b6992f131dc8d30ab0dff15446e9d346d9dbd95992de0fef795073f5ea83a81c?s=96&d=mm&r=g\",\"contentUrl\":\"https:\\\/\\\/secure.gravatar.com\\\/avatar\\\/b6992f131dc8d30ab0dff15446e9d346d9dbd95992de0fef795073f5ea83a81c?s=96&d=mm&r=g\",\"caption\":\"La Gu\u00eda de Pamplona\"}}]}<\/script>\n<!-- \/ Yoast SEO plugin. -->","yoast_head_json":{"title":"Un bel\u00e9n dentro de otro ante la desaparecida ermita de la plaza de la Virgen de la O: el lunes 29 de noviembre el zagu\u00e1n municipal se abre a la Navidad","description":"Junto con el Nacimiento, ambientado en la Pamplona de los a\u00f1os 50, se podr\u00e1n ver tambi\u00e9n las figuras de los Reyes Magos y Olentzero","robots":{"index":"index","follow":"follow","max-snippet":"max-snippet:-1","max-image-preview":"max-image-preview:large","max-video-preview":"max-video-preview:-1"},"canonical":"https:\/\/www.laguiadepamplona.com\/actualidad\/un-belen-dentro-de-otro-ante-la-desaparecida-ermita-de-la-plaza-de-la-virgen-de-la-o-el-lunes-29-de-noviembre-el-zaguan-municipal-se-abre-a-la-navidad\/","og_locale":"es_ES","og_type":"article","og_title":"Un bel\u00e9n dentro de otro ante la desaparecida ermita de la plaza de la Virgen de la O: el lunes 29 de noviembre el zagu\u00e1n municipal se abre a la Navidad","og_description":"Junto con el Nacimiento, ambientado en la Pamplona de los a\u00f1os 50, se podr\u00e1n ver tambi\u00e9n las figuras de los Reyes Magos y Olentzero","og_url":"https:\/\/www.laguiadepamplona.com\/actualidad\/un-belen-dentro-de-otro-ante-la-desaparecida-ermita-de-la-plaza-de-la-virgen-de-la-o-el-lunes-29-de-noviembre-el-zaguan-municipal-se-abre-a-la-navidad\/","og_site_name":"La Gu\u00eda de Pamplona","article_publisher":"https:\/\/www.facebook.com\/laguiadepamplonacom-133175176762273\/?ref=hl","article_published_time":"2021-11-26T17:14:40+00:00","article_modified_time":"2023-04-11T09:48:43+00:00","og_image":[{"width":1920,"height":1080,"url":"https:\/\/www.laguiadepamplona.com\/actualidad\/wp-content\/uploads\/2021\/08\/ayuntamiento-pamplona2.jpg","type":"image\/jpeg"}],"author":"La Gu\u00eda de Pamplona","twitter_card":"summary_large_image","twitter_creator":"@LaGuiadPamplona","twitter_site":"@LaGuiadPamplona","twitter_misc":{"Escrito por":"La Gu\u00eda de Pamplona","Tiempo de lectura":"3 minutos"},"schema":{"@context":"https:\/\/schema.org","@graph":[{"@type":"Article","@id":"https:\/\/www.laguiadepamplona.com\/actualidad\/un-belen-dentro-de-otro-ante-la-desaparecida-ermita-de-la-plaza-de-la-virgen-de-la-o-el-lunes-29-de-noviembre-el-zaguan-municipal-se-abre-a-la-navidad\/#article","isPartOf":{"@id":"https:\/\/www.laguiadepamplona.com\/actualidad\/un-belen-dentro-de-otro-ante-la-desaparecida-ermita-de-la-plaza-de-la-virgen-de-la-o-el-lunes-29-de-noviembre-el-zaguan-municipal-se-abre-a-la-navidad\/"},"author":{"name":"La Gu\u00eda de Pamplona","@id":"https:\/\/www.laguiadepamplona.com\/actualidad\/#\/schema\/person\/efe887376f0213d4657c93adc50b1fdb"},"headline":"Un bel\u00e9n dentro de otro ante la desaparecida ermita de la plaza de la Virgen de la O: el lunes 29 de noviembre el zagu\u00e1n municipal se abre a la Navidad","datePublished":"2021-11-26T17:14:40+00:00","dateModified":"2023-04-11T09:48:43+00:00","mainEntityOfPage":{"@id":"https:\/\/www.laguiadepamplona.com\/actualidad\/un-belen-dentro-de-otro-ante-la-desaparecida-ermita-de-la-plaza-de-la-virgen-de-la-o-el-lunes-29-de-noviembre-el-zaguan-municipal-se-abre-a-la-navidad\/"},"wordCount":688,"commentCount":0,"publisher":{"@id":"https:\/\/www.laguiadepamplona.com\/actualidad\/#organization"},"image":{"@id":"https:\/\/www.laguiadepamplona.com\/actualidad\/un-belen-dentro-de-otro-ante-la-desaparecida-ermita-de-la-plaza-de-la-virgen-de-la-o-el-lunes-29-de-noviembre-el-zaguan-municipal-se-abre-a-la-navidad\/#primaryimage"},"thumbnailUrl":"https:\/\/www.laguiadepamplona.com\/actualidad\/wp-content\/uploads\/2021\/08\/ayuntamiento-pamplona2.jpg","articleSection":["Ayto Pamplona"],"inLanguage":"es","potentialAction":[{"@type":"CommentAction","name":"Comment","target":["https:\/\/www.laguiadepamplona.com\/actualidad\/un-belen-dentro-de-otro-ante-la-desaparecida-ermita-de-la-plaza-de-la-virgen-de-la-o-el-lunes-29-de-noviembre-el-zaguan-municipal-se-abre-a-la-navidad\/#respond"]}]},{"@type":"WebPage","@id":"https:\/\/www.laguiadepamplona.com\/actualidad\/un-belen-dentro-de-otro-ante-la-desaparecida-ermita-de-la-plaza-de-la-virgen-de-la-o-el-lunes-29-de-noviembre-el-zaguan-municipal-se-abre-a-la-navidad\/","url":"https:\/\/www.laguiadepamplona.com\/actualidad\/un-belen-dentro-de-otro-ante-la-desaparecida-ermita-de-la-plaza-de-la-virgen-de-la-o-el-lunes-29-de-noviembre-el-zaguan-municipal-se-abre-a-la-navidad\/","name":"Un bel\u00e9n dentro de otro ante la desaparecida ermita de la plaza de la Virgen de la O: el lunes 29 de noviembre el zagu\u00e1n municipal se abre a la Navidad","isPartOf":{"@id":"https:\/\/www.laguiadepamplona.com\/actualidad\/#website"},"primaryImageOfPage":{"@id":"https:\/\/www.laguiadepamplona.com\/actualidad\/un-belen-dentro-de-otro-ante-la-desaparecida-ermita-de-la-plaza-de-la-virgen-de-la-o-el-lunes-29-de-noviembre-el-zaguan-municipal-se-abre-a-la-navidad\/#primaryimage"},"image":{"@id":"https:\/\/www.laguiadepamplona.com\/actualidad\/un-belen-dentro-de-otro-ante-la-desaparecida-ermita-de-la-plaza-de-la-virgen-de-la-o-el-lunes-29-de-noviembre-el-zaguan-municipal-se-abre-a-la-navidad\/#primaryimage"},"thumbnailUrl":"https:\/\/www.laguiadepamplona.com\/actualidad\/wp-content\/uploads\/2021\/08\/ayuntamiento-pamplona2.jpg","datePublished":"2021-11-26T17:14:40+00:00","dateModified":"2023-04-11T09:48:43+00:00","description":"Junto con el Nacimiento, ambientado en la Pamplona de los a\u00f1os 50, se podr\u00e1n ver tambi\u00e9n las figuras de los Reyes Magos y Olentzero","breadcrumb":{"@id":"https:\/\/www.laguiadepamplona.com\/actualidad\/un-belen-dentro-de-otro-ante-la-desaparecida-ermita-de-la-plaza-de-la-virgen-de-la-o-el-lunes-29-de-noviembre-el-zaguan-municipal-se-abre-a-la-navidad\/#breadcrumb"},"inLanguage":"es","potentialAction":[{"@type":"ReadAction","target":["https:\/\/www.laguiadepamplona.com\/actualidad\/un-belen-dentro-de-otro-ante-la-desaparecida-ermita-de-la-plaza-de-la-virgen-de-la-o-el-lunes-29-de-noviembre-el-zaguan-municipal-se-abre-a-la-navidad\/"]}]},{"@type":"ImageObject","inLanguage":"es","@id":"https:\/\/www.laguiadepamplona.com\/actualidad\/un-belen-dentro-de-otro-ante-la-desaparecida-ermita-de-la-plaza-de-la-virgen-de-la-o-el-lunes-29-de-noviembre-el-zaguan-municipal-se-abre-a-la-navidad\/#primaryimage","url":"https:\/\/www.laguiadepamplona.com\/actualidad\/wp-content\/uploads\/2021\/08\/ayuntamiento-pamplona2.jpg","contentUrl":"https:\/\/www.laguiadepamplona.com\/actualidad\/wp-content\/uploads\/2021\/08\/ayuntamiento-pamplona2.jpg","width":1920,"height":1080,"caption":"ayuntamiento pamplona"},{"@type":"BreadcrumbList","@id":"https:\/\/www.laguiadepamplona.com\/actualidad\/un-belen-dentro-de-otro-ante-la-desaparecida-ermita-de-la-plaza-de-la-virgen-de-la-o-el-lunes-29-de-noviembre-el-zaguan-municipal-se-abre-a-la-navidad\/#breadcrumb","itemListElement":[{"@type":"ListItem","position":1,"name":"Portada","item":"https:\/\/www.laguiadepamplona.com\/actualidad\/"},{"@type":"ListItem","position":2,"name":"Un bel\u00e9n dentro de otro ante la desaparecida ermita de la plaza de la Virgen de la O: el lunes 29 de noviembre el zagu\u00e1n municipal se abre a la Navidad"}]},{"@type":"WebSite","@id":"https:\/\/www.laguiadepamplona.com\/actualidad\/#website","url":"https:\/\/www.laguiadepamplona.com\/actualidad\/","name":"La gu\u00eda de Pamplona","description":"Noticias de Pamplona","publisher":{"@id":"https:\/\/www.laguiadepamplona.com\/actualidad\/#organization"},"potentialAction":[{"@type":"SearchAction","target":{"@type":"EntryPoint","urlTemplate":"https:\/\/www.laguiadepamplona.com\/actualidad\/?s={search_term_string}"},"query-input":{"@type":"PropertyValueSpecification","valueRequired":true,"valueName":"search_term_string"}}],"inLanguage":"es"},{"@type":"Organization","@id":"https:\/\/www.laguiadepamplona.com\/actualidad\/#organization","name":"La Gu\u00eda de Pamplona \/ Noticias","url":"https:\/\/www.laguiadepamplona.com\/actualidad\/","logo":{"@type":"ImageObject","inLanguage":"es","@id":"https:\/\/www.laguiadepamplona.com\/actualidad\/#\/schema\/logo\/image\/","url":"https:\/\/www.laguiadepamplona.com\/actualidad\/wp-content\/uploads\/2018\/11\/logo-laguiadepamplona18-web1.png","contentUrl":"https:\/\/www.laguiadepamplona.com\/actualidad\/wp-content\/uploads\/2018\/11\/logo-laguiadepamplona18-web1.png","width":600,"height":196,"caption":"La Gu\u00eda de Pamplona \/ Noticias"},"image":{"@id":"https:\/\/www.laguiadepamplona.com\/actualidad\/#\/schema\/logo\/image\/"},"sameAs":["https:\/\/www.facebook.com\/laguiadepamplonacom-133175176762273\/?ref=hl","https:\/\/x.com\/LaGuiadPamplona","https:\/\/www.instagram.com\/la_guia_de_pamplona\/","https:\/\/www.youtube.com\/user\/laguiadepamplona"]},{"@type":"Person","@id":"https:\/\/www.laguiadepamplona.com\/actualidad\/#\/schema\/person\/efe887376f0213d4657c93adc50b1fdb","name":"La Gu\u00eda de Pamplona","image":{"@type":"ImageObject","inLanguage":"es","@id":"https:\/\/secure.gravatar.com\/avatar\/b6992f131dc8d30ab0dff15446e9d346d9dbd95992de0fef795073f5ea83a81c?s=96&d=mm&r=g","url":"https:\/\/secure.gravatar.com\/avatar\/b6992f131dc8d30ab0dff15446e9d346d9dbd95992de0fef795073f5ea83a81c?s=96&d=mm&r=g","contentUrl":"https:\/\/secure.gravatar.com\/avatar\/b6992f131dc8d30ab0dff15446e9d346d9dbd95992de0fef795073f5ea83a81c?s=96&d=mm&r=g","caption":"La Gu\u00eda de Pamplona"}}]}},"post_mailing_queue_ids":[],"_links":{"self":[{"href":"https:\/\/www.laguiadepamplona.com\/actualidad\/wp-json\/wp\/v2\/posts\/37775","targetHints":{"allow":["GET"]}}],"collection":[{"href":"https:\/\/www.laguiadepamplona.com\/actualidad\/wp-json\/wp\/v2\/posts"}],"about":[{"href":"https:\/\/www.laguiadepamplona.com\/actualidad\/wp-json\/wp\/v2\/types\/post"}],"author":[{"embeddable":true,"href":"https:\/\/www.laguiadepamplona.com\/actualidad\/wp-json\/wp\/v2\/users\/1"}],"replies":[{"embeddable":true,"href":"https:\/\/www.laguiadepamplona.com\/actualidad\/wp-json\/wp\/v2\/comments?post=37775"}],"version-history":[{"count":0,"href":"https:\/\/www.laguiadepamplona.com\/actualidad\/wp-json\/wp\/v2\/posts\/37775\/revisions"}],"wp:featuredmedia":[{"embeddable":true,"href":"https:\/\/www.laguiadepamplona.com\/actualidad\/wp-json\/wp\/v2\/media\/36074"}],"wp:attachment":[{"href":"https:\/\/www.laguiadepamplona.com\/actualidad\/wp-json\/wp\/v2\/media?parent=37775"}],"wp:term":[{"taxonomy":"category","embeddable":true,"href":"https:\/\/www.laguiadepamplona.com\/actualidad\/wp-json\/wp\/v2\/categories?post=37775"},{"taxonomy":"post_tag","embeddable":true,"href":"https:\/\/www.laguiadepamplona.com\/actualidad\/wp-json\/wp\/v2\/tags?post=37775"}],"curies":[{"name":"wp","href":"https:\/\/api.w.org\/{rel}","templated":true}]}}