{"id":37772,"date":"2021-11-26T19:12:12","date_gmt":"2021-11-26T17:12:12","guid":{"rendered":"https:\/\/www.laguiadepamplona.com\/actualidad\/?p=37772"},"modified":"2023-04-11T11:48:43","modified_gmt":"2023-04-11T09:48:43","slug":"pamplona-pone-en-marcha-su-plan-de-actuacion-de-nevadas-2021-2022-ante-la-posibilidad-de-precipitaciones-en-forma-de-nieve-durante-el-fin-de-semana","status":"publish","type":"post","link":"https:\/\/www.laguiadepamplona.com\/actualidad\/pamplona-pone-en-marcha-su-plan-de-actuacion-de-nevadas-2021-2022-ante-la-posibilidad-de-precipitaciones-en-forma-de-nieve-durante-el-fin-de-semana\/","title":{"rendered":"Pamplona pone en marcha su Plan de Actuaci\u00f3n de Nevadas 2021-2022 ante la posibilidad de precipitaciones en forma de nieve durante el fin de semana"},"content":{"rendered":"<h5>La base operativa de Trinitarios ya cuenta con reservas suficientes de sal, y los cuatro camiones y nueve todoterrenos del dispositivo se encentran alerta<\/h5>\n<p><!--more--><\/p>\n<p>El Ayuntamiento de Pamplona pone en marcha este fin de semana por primera vez esta temporada el Plan de Actuaci\u00f3n de Nevadas 2021-2022, que cuenta con un dispositivo mec\u00e1nico de cuatro camiones y siete todoterrenos, todos provistos con l\u00e1mina quitanieves y esparcidores de sal, y otros dos todoterrenos para realizar labores auxiliares. Como en a\u00f1os anteriores, la base de operaciones se sit\u00faa en los almacenes de Trinitarios, que desde hace unas semanas ya cuentan con el aprovisionamiento necesario de sal para hacer frente a la llegada de las precipitaciones en forma de nieve. El Plan se activa autom\u00e1ticamente cada vez que se prev\u00e9n heladas o nevadas que puedan dificultar la prestaci\u00f3n de alg\u00fan servicio o la movilidad por la ciudad.<\/p>\n<p>El Plan de Actuaci\u00f3n de Nevadas de Pamplona recoge el modo de actuar ante cualquier problema que puedan causar en la ciudad las precipitaciones en forma de nieve o las heladas. Las empresas FCC y Erri Berri se encargan de despejar las calzadas a trav\u00e9s de tres circuitos previamente definidos para camiones y otros tres para las unidades todoterreno. Por su parte, las empresas adjudicatarias de los servicios de jardines obras (UTE Jardines, Eulen), junto con FCC y Tasubinsa, se encargan de la limpieza de aceras que no corresponda a vecinos y comerciantes, as\u00ed como de zonas peatonales, sendas, o plazas. El plan municipal est\u00e1 coordinado en todos sus puntos con el Plan de Nieves del Gobierno de Navarra, especialmente en lo que se refiere a zonas o servicios\u00a0comunes.<br \/>\n<script async src=\"\/\/pagead2.googlesyndication.com\/pagead\/js\/adsbygoogle.js\"><\/script><br \/>\n<!-- Noticias La Guia de Pamplona --><br \/>\n<ins class=\"adsbygoogle\"\nstyle=\"display:block\"\ndata-ad-client=\"ca-pub-6943679897239327\"\ndata-ad-slot=\"7048180777\"\ndata-ad-format=\"auto\"><\/ins><br \/>\n<script>\n(adsbygoogle = window.adsbygoogle || []).push({});\n<\/script><\/p>\n<p>Este plan establece un sistema de respuesta ante situaciones de presencia de nieve o hielo en la v\u00eda p\u00fablica para garantizar el mantenimiento de los servicios b\u00e1sicos, as\u00ed como minimizar la afecci\u00f3n de estas condiciones climatol\u00f3gicas en la vida cotidiana de los vecinos y vecinas de Pamplona. Pese a la puesta en marcha del dispositivo, el Ayuntamiento recuerda a la ciudadan\u00eda que en caso de que la nieve cuaje, es necesario adaptar las rutinas y la forma de vida de cada persona a esta situaci\u00f3n, evitando en la medida de lo posible salidas a la calle innecesarias, ralentizando los desplazamientos y, en todo caso, extremando las precauciones.<\/p>\n<p>En la puesta en marcha del Plan de actuaci\u00f3n de Nevadas se prioriza el mantenimiento de la vialidad en los principales accesos por carretera a la ciudad, en las v\u00edas p\u00fablicas que sirven de comunicaci\u00f3n entre los diferentes barrios (con especial atenci\u00f3n a aquellas que presentan una pendiente significativa) y en las principales calles de cada barrio. Las acciones tambi\u00e9n inciden en la seguridad de los desplazamientos de los ciudadanos por aceras y pasos de peatones y, en la medida de lo posible, tienen en cuenta la continuidad del funcionamiento del transporte p\u00fablico en autob\u00fas.<br \/>\n<script async src=\"\/\/pagead2.googlesyndication.com\/pagead\/js\/adsbygoogle.js\"><\/script><br \/>\n<!-- Noticias La Guia de Pamplona --><br \/>\n<ins class=\"adsbygoogle\"\nstyle=\"display:block\"\ndata-ad-client=\"ca-pub-6943679897239327\"\ndata-ad-slot=\"7048180777\"\ndata-ad-format=\"auto\"><\/ins><br \/>\n<script>\n(adsbygoogle = window.adsbygoogle || []).push({});\n<\/script><\/p>\n<p><strong>El momento del temporal y la intensidad de las nevadas determinan las actuaciones a seguir<\/strong><\/p>\n<p>Este Plan contempla cuatro posibles situaciones de emergencia, desde el nivel o fase cero hasta la tres. El primero de los niveles se activa con la previsi\u00f3n de heladas o nieve, es decir, cuando se reciben las notificaciones de meteorolog\u00eda adversa pero todav\u00eda no ha helado ni nevado. En esta fase el objetivo fundamental es la coordinaci\u00f3n de todos los medios, humanos y materiales, con el fin de que todos los servicios afectados tomen medidas de prevenci\u00f3n. La fase comienza una vez recibida la alerta de precipitaciones de nieve (por debajo de los 600 metros) o de helada, independiente de espesores. En ese momento, se analiza junto con el meteor\u00f3logo con el que cuenta el Plan la informaci\u00f3n y su fiabilidad.<\/p>\n<p>El nivel uno se activa cuando la predicci\u00f3n meteorol\u00f3gica se cumple y por lo tanto la situaci\u00f3n climatol\u00f3gica adversa es real. Es el momento en el que se implementa el operativo acordado. Esta fase se podr\u00e1 activar cuando no exista nevada pero s\u00ed hielo, o bien la nevada justamente cuaje (menos de 2 cm). La activaci\u00f3n de esta fase ser\u00e1 declarada por la Direcci\u00f3n T\u00e9cnica del Plan.<\/p>\n<p>Una de las piezas fundamentales de este plan es el \u00d3rgano de Coordinaci\u00f3n Permanente, cuyas principales funciones son, en conocimiento de toda la informaci\u00f3n relevante, el seguimiento, an\u00e1lisis y evaluaci\u00f3n de la situaci\u00f3n de emergencia, la priorizaci\u00f3n de las actuaciones y la planificaci\u00f3n, organizaci\u00f3n y coordinaci\u00f3n durante la aplicaci\u00f3n de las mismas. Este \u00f3rgano se reunir\u00e1 siempre que se active el Plan de Actuaci\u00f3n por Nevadas de Pamplona, cuando haya alerta roja o cuando exista alerta naranja y haya una previsi\u00f3n de nieve por debajo de la cota 500 metros y un pron\u00f3stico superior a 10 cent\u00edmetros de espesor.<br \/>\n<script async src=\"\/\/pagead2.googlesyndication.com\/pagead\/js\/adsbygoogle.js\"><\/script><br \/>\n<!-- Noticias La Guia de Pamplona --><br \/>\n<ins class=\"adsbygoogle\"\nstyle=\"display:block\"\ndata-ad-client=\"ca-pub-6943679897239327\"\ndata-ad-slot=\"7048180777\"\ndata-ad-format=\"auto\"><\/ins><br \/>\n<script>\n(adsbygoogle = window.adsbygoogle || []).push({});\n<\/script><\/p>\n<p><strong>Medidas espec\u00edficas cuando la nevada es generalizada<\/strong><\/p>\n<p>La fase de emergencia nivel dos se activa cuando la nevada es generalizada (entre 2 y 20 cent\u00edmetros de espesor), pero se puede hacer frente a ella con los servicios municipales ordinarios, los denominados equipos b\u00e1sicos de actuaci\u00f3n. Una vez notificada la activaci\u00f3n de la emergencia se procede la movilizaci\u00f3n de los medios en funci\u00f3n de la magnitud real de los problemas y de las previsiones existentes. En cualquier momento, la Direcci\u00f3n T\u00e9cnica puede convocar al \u00d3rgano de Coordinaci\u00f3n Permanente. La Direcci\u00f3n T\u00e9cnica del Plan y los responsables de Protecci\u00f3n Civil llevar\u00e1n el control de los medios intervinientes en la limpieza de viales y de itinerarios peatonales de manera directa o a trav\u00e9s de la comunicaci\u00f3n de los diferentes responsables de los servicios implicados en el Plan. El objetivo es la coordinaci\u00f3n de las operaciones necesarias para el restablecimiento de la normalidad, disponiendo y gestionando todos los recursos necesarios. As\u00ed mismo se controlar\u00e1n y atender\u00e1n, seg\u00fan su prioridad, las peticiones puntuales de instituciones, particulares o del propio operativo. Esta fase del Plan tambi\u00e9n contempla el traslado de informaci\u00f3n en tiempo real a la poblaci\u00f3n, con especial atenci\u00f3n a la circulaci\u00f3n vial y peatonal.<\/p>\n<p>La fase de emergencia nivel tres se activa cuando la nevada es generalizada (por encima de los 20 cent\u00edmetros de espesor) y sus efectos producen alteraciones graves en la prestaci\u00f3n de servicios, por lo que se hace necesario recurrir a la movilizaci\u00f3n de recursos adicionales extra. Desde el \u00e1rea de Seguridad Ciudadana del Ayuntamiento de Pamplona se coordinar\u00e1 con SOS Navarra la estrategia y el operativo a implementar priorizando los servicios esenciales. En este nivel se movilizar\u00e1n todas las m\u00e1quinas adscritas al Plan y la limpieza de determinados itinerarios peatonales, valor\u00e1ndose la posibilidad de incorporar medios externos. Se prever\u00e1 tambi\u00e9n la posibilidad de que se disponga de todo el personal de los servicios implicados, incluyendo refuerzos, prolongaciones y adelantos de jornadas. Dependiendo de la magnitud de la previsi\u00f3n o del desarrollo del suceso, se podr\u00e1 convocar un Centro de Coordinaci\u00f3n Operativa Municipal para el seguimiento, con el objetivo final. El objetivo es la coordinaci\u00f3n de las operaciones necesarias para el restablecimiento de la normalidad. Esta fase del Plan tambi\u00e9n contempla el traslado de informaci\u00f3n en tiempo real a la poblaci\u00f3n sobre circulaci\u00f3n vial y peatonal a trav\u00e9s de los medios de comunicaci\u00f3n, p\u00e1ginas web y redes sociales municipales.<\/p>\n","protected":false},"excerpt":{"rendered":"<p>La base operativa de Trinitarios ya cuenta con reservas suficientes de sal, y los cuatro camiones y nueve todoterrenos del dispositivo se encentran alerta<\/p>\n","protected":false},"author":1,"featured_media":37773,"comment_status":"open","ping_status":"closed","sticky":false,"template":"","format":"standard","meta":{"footnotes":""},"categories":[2],"tags":[],"class_list":["post-37772","post","type-post","status-publish","format-standard","has-post-thumbnail","hentry","category-ayuntamiento-pamplona"],"yoast_head":"<!-- This site is optimized with the Yoast SEO plugin v27.3 - https:\/\/yoast.com\/product\/yoast-seo-wordpress\/ -->\n<title>Pamplona pone en marcha su Plan de Actuaci\u00f3n de Nevadas 2021-2022 ante la posibilidad de precipitaciones en forma de nieve durante el fin de semana<\/title>\n<meta name=\"description\" content=\"La base operativa de Trinitarios ya cuenta con reservas suficientes de sal, y los cuatro camiones y nueve todoterrenos del dispositivo se encentran alerta\" \/>\n<meta name=\"robots\" content=\"index, follow, max-snippet:-1, max-image-preview:large, max-video-preview:-1\" \/>\n<link rel=\"canonical\" href=\"https:\/\/www.laguiadepamplona.com\/actualidad\/pamplona-pone-en-marcha-su-plan-de-actuacion-de-nevadas-2021-2022-ante-la-posibilidad-de-precipitaciones-en-forma-de-nieve-durante-el-fin-de-semana\/\" \/>\n<meta property=\"og:locale\" content=\"es_ES\" \/>\n<meta property=\"og:type\" content=\"article\" \/>\n<meta property=\"og:title\" content=\"Pamplona pone en marcha su Plan de Actuaci\u00f3n de Nevadas 2021-2022 ante la posibilidad de precipitaciones en forma de nieve durante el fin de semana\" \/>\n<meta property=\"og:description\" content=\"La base operativa de Trinitarios ya cuenta con reservas suficientes de sal, y los cuatro camiones y nueve todoterrenos del dispositivo se encentran alerta\" \/>\n<meta property=\"og:url\" content=\"https:\/\/www.laguiadepamplona.com\/actualidad\/pamplona-pone-en-marcha-su-plan-de-actuacion-de-nevadas-2021-2022-ante-la-posibilidad-de-precipitaciones-en-forma-de-nieve-durante-el-fin-de-semana\/\" \/>\n<meta property=\"og:site_name\" content=\"La Gu\u00eda de Pamplona\" \/>\n<meta property=\"article:publisher\" content=\"https:\/\/www.facebook.com\/laguiadepamplonacom-133175176762273\/?ref=hl\" \/>\n<meta property=\"article:published_time\" content=\"2021-11-26T17:12:12+00:00\" \/>\n<meta property=\"article:modified_time\" content=\"2023-04-11T09:48:43+00:00\" \/>\n<meta property=\"og:image\" content=\"https:\/\/www.laguiadepamplona.com\/actualidad\/wp-content\/uploads\/2021\/11\/camiones-nevada.jpg\" \/>\n\t<meta property=\"og:image:width\" content=\"1920\" \/>\n\t<meta property=\"og:image:height\" content=\"1080\" \/>\n\t<meta property=\"og:image:type\" content=\"image\/jpeg\" \/>\n<meta name=\"author\" content=\"La Gu\u00eda de Pamplona\" \/>\n<meta name=\"twitter:card\" content=\"summary_large_image\" \/>\n<meta name=\"twitter:creator\" content=\"@LaGuiadPamplona\" \/>\n<meta name=\"twitter:site\" content=\"@LaGuiadPamplona\" \/>\n<meta name=\"twitter:label1\" content=\"Escrito por\" \/>\n\t<meta name=\"twitter:data1\" content=\"La Gu\u00eda de Pamplona\" \/>\n\t<meta name=\"twitter:label2\" content=\"Tiempo de lectura\" \/>\n\t<meta name=\"twitter:data2\" content=\"6 minutos\" \/>\n<script type=\"application\/ld+json\" class=\"yoast-schema-graph\">{\"@context\":\"https:\\\/\\\/schema.org\",\"@graph\":[{\"@type\":\"Article\",\"@id\":\"https:\\\/\\\/www.laguiadepamplona.com\\\/actualidad\\\/pamplona-pone-en-marcha-su-plan-de-actuacion-de-nevadas-2021-2022-ante-la-posibilidad-de-precipitaciones-en-forma-de-nieve-durante-el-fin-de-semana\\\/#article\",\"isPartOf\":{\"@id\":\"https:\\\/\\\/www.laguiadepamplona.com\\\/actualidad\\\/pamplona-pone-en-marcha-su-plan-de-actuacion-de-nevadas-2021-2022-ante-la-posibilidad-de-precipitaciones-en-forma-de-nieve-durante-el-fin-de-semana\\\/\"},\"author\":{\"name\":\"La Gu\u00eda de Pamplona\",\"@id\":\"https:\\\/\\\/www.laguiadepamplona.com\\\/actualidad\\\/#\\\/schema\\\/person\\\/efe887376f0213d4657c93adc50b1fdb\"},\"headline\":\"Pamplona pone en marcha su Plan de Actuaci\u00f3n de Nevadas 2021-2022 ante la posibilidad de precipitaciones en forma de nieve durante el fin de semana\",\"datePublished\":\"2021-11-26T17:12:12+00:00\",\"dateModified\":\"2023-04-11T09:48:43+00:00\",\"mainEntityOfPage\":{\"@id\":\"https:\\\/\\\/www.laguiadepamplona.com\\\/actualidad\\\/pamplona-pone-en-marcha-su-plan-de-actuacion-de-nevadas-2021-2022-ante-la-posibilidad-de-precipitaciones-en-forma-de-nieve-durante-el-fin-de-semana\\\/\"},\"wordCount\":1291,\"commentCount\":0,\"publisher\":{\"@id\":\"https:\\\/\\\/www.laguiadepamplona.com\\\/actualidad\\\/#organization\"},\"image\":{\"@id\":\"https:\\\/\\\/www.laguiadepamplona.com\\\/actualidad\\\/pamplona-pone-en-marcha-su-plan-de-actuacion-de-nevadas-2021-2022-ante-la-posibilidad-de-precipitaciones-en-forma-de-nieve-durante-el-fin-de-semana\\\/#primaryimage\"},\"thumbnailUrl\":\"https:\\\/\\\/www.laguiadepamplona.com\\\/actualidad\\\/wp-content\\\/uploads\\\/2021\\\/11\\\/camiones-nevada.jpg\",\"articleSection\":[\"Ayto Pamplona\"],\"inLanguage\":\"es\",\"potentialAction\":[{\"@type\":\"CommentAction\",\"name\":\"Comment\",\"target\":[\"https:\\\/\\\/www.laguiadepamplona.com\\\/actualidad\\\/pamplona-pone-en-marcha-su-plan-de-actuacion-de-nevadas-2021-2022-ante-la-posibilidad-de-precipitaciones-en-forma-de-nieve-durante-el-fin-de-semana\\\/#respond\"]}]},{\"@type\":\"WebPage\",\"@id\":\"https:\\\/\\\/www.laguiadepamplona.com\\\/actualidad\\\/pamplona-pone-en-marcha-su-plan-de-actuacion-de-nevadas-2021-2022-ante-la-posibilidad-de-precipitaciones-en-forma-de-nieve-durante-el-fin-de-semana\\\/\",\"url\":\"https:\\\/\\\/www.laguiadepamplona.com\\\/actualidad\\\/pamplona-pone-en-marcha-su-plan-de-actuacion-de-nevadas-2021-2022-ante-la-posibilidad-de-precipitaciones-en-forma-de-nieve-durante-el-fin-de-semana\\\/\",\"name\":\"Pamplona pone en marcha su Plan de Actuaci\u00f3n de Nevadas 2021-2022 ante la posibilidad de precipitaciones en forma de nieve durante el fin de semana\",\"isPartOf\":{\"@id\":\"https:\\\/\\\/www.laguiadepamplona.com\\\/actualidad\\\/#website\"},\"primaryImageOfPage\":{\"@id\":\"https:\\\/\\\/www.laguiadepamplona.com\\\/actualidad\\\/pamplona-pone-en-marcha-su-plan-de-actuacion-de-nevadas-2021-2022-ante-la-posibilidad-de-precipitaciones-en-forma-de-nieve-durante-el-fin-de-semana\\\/#primaryimage\"},\"image\":{\"@id\":\"https:\\\/\\\/www.laguiadepamplona.com\\\/actualidad\\\/pamplona-pone-en-marcha-su-plan-de-actuacion-de-nevadas-2021-2022-ante-la-posibilidad-de-precipitaciones-en-forma-de-nieve-durante-el-fin-de-semana\\\/#primaryimage\"},\"thumbnailUrl\":\"https:\\\/\\\/www.laguiadepamplona.com\\\/actualidad\\\/wp-content\\\/uploads\\\/2021\\\/11\\\/camiones-nevada.jpg\",\"datePublished\":\"2021-11-26T17:12:12+00:00\",\"dateModified\":\"2023-04-11T09:48:43+00:00\",\"description\":\"La base operativa de Trinitarios ya cuenta con reservas suficientes de sal, y los cuatro camiones y nueve todoterrenos del dispositivo se encentran alerta\",\"breadcrumb\":{\"@id\":\"https:\\\/\\\/www.laguiadepamplona.com\\\/actualidad\\\/pamplona-pone-en-marcha-su-plan-de-actuacion-de-nevadas-2021-2022-ante-la-posibilidad-de-precipitaciones-en-forma-de-nieve-durante-el-fin-de-semana\\\/#breadcrumb\"},\"inLanguage\":\"es\",\"potentialAction\":[{\"@type\":\"ReadAction\",\"target\":[\"https:\\\/\\\/www.laguiadepamplona.com\\\/actualidad\\\/pamplona-pone-en-marcha-su-plan-de-actuacion-de-nevadas-2021-2022-ante-la-posibilidad-de-precipitaciones-en-forma-de-nieve-durante-el-fin-de-semana\\\/\"]}]},{\"@type\":\"ImageObject\",\"inLanguage\":\"es\",\"@id\":\"https:\\\/\\\/www.laguiadepamplona.com\\\/actualidad\\\/pamplona-pone-en-marcha-su-plan-de-actuacion-de-nevadas-2021-2022-ante-la-posibilidad-de-precipitaciones-en-forma-de-nieve-durante-el-fin-de-semana\\\/#primaryimage\",\"url\":\"https:\\\/\\\/www.laguiadepamplona.com\\\/actualidad\\\/wp-content\\\/uploads\\\/2021\\\/11\\\/camiones-nevada.jpg\",\"contentUrl\":\"https:\\\/\\\/www.laguiadepamplona.com\\\/actualidad\\\/wp-content\\\/uploads\\\/2021\\\/11\\\/camiones-nevada.jpg\",\"width\":1920,\"height\":1080},{\"@type\":\"BreadcrumbList\",\"@id\":\"https:\\\/\\\/www.laguiadepamplona.com\\\/actualidad\\\/pamplona-pone-en-marcha-su-plan-de-actuacion-de-nevadas-2021-2022-ante-la-posibilidad-de-precipitaciones-en-forma-de-nieve-durante-el-fin-de-semana\\\/#breadcrumb\",\"itemListElement\":[{\"@type\":\"ListItem\",\"position\":1,\"name\":\"Portada\",\"item\":\"https:\\\/\\\/www.laguiadepamplona.com\\\/actualidad\\\/\"},{\"@type\":\"ListItem\",\"position\":2,\"name\":\"Pamplona pone en marcha su Plan de Actuaci\u00f3n de Nevadas 2021-2022 ante la posibilidad de precipitaciones en forma de nieve durante el fin de semana\"}]},{\"@type\":\"WebSite\",\"@id\":\"https:\\\/\\\/www.laguiadepamplona.com\\\/actualidad\\\/#website\",\"url\":\"https:\\\/\\\/www.laguiadepamplona.com\\\/actualidad\\\/\",\"name\":\"La gu\u00eda de Pamplona\",\"description\":\"Noticias de Pamplona\",\"publisher\":{\"@id\":\"https:\\\/\\\/www.laguiadepamplona.com\\\/actualidad\\\/#organization\"},\"potentialAction\":[{\"@type\":\"SearchAction\",\"target\":{\"@type\":\"EntryPoint\",\"urlTemplate\":\"https:\\\/\\\/www.laguiadepamplona.com\\\/actualidad\\\/?s={search_term_string}\"},\"query-input\":{\"@type\":\"PropertyValueSpecification\",\"valueRequired\":true,\"valueName\":\"search_term_string\"}}],\"inLanguage\":\"es\"},{\"@type\":\"Organization\",\"@id\":\"https:\\\/\\\/www.laguiadepamplona.com\\\/actualidad\\\/#organization\",\"name\":\"La Gu\u00eda de Pamplona \\\/ Noticias\",\"url\":\"https:\\\/\\\/www.laguiadepamplona.com\\\/actualidad\\\/\",\"logo\":{\"@type\":\"ImageObject\",\"inLanguage\":\"es\",\"@id\":\"https:\\\/\\\/www.laguiadepamplona.com\\\/actualidad\\\/#\\\/schema\\\/logo\\\/image\\\/\",\"url\":\"https:\\\/\\\/www.laguiadepamplona.com\\\/actualidad\\\/wp-content\\\/uploads\\\/2018\\\/11\\\/logo-laguiadepamplona18-web1.png\",\"contentUrl\":\"https:\\\/\\\/www.laguiadepamplona.com\\\/actualidad\\\/wp-content\\\/uploads\\\/2018\\\/11\\\/logo-laguiadepamplona18-web1.png\",\"width\":600,\"height\":196,\"caption\":\"La Gu\u00eda de Pamplona \\\/ Noticias\"},\"image\":{\"@id\":\"https:\\\/\\\/www.laguiadepamplona.com\\\/actualidad\\\/#\\\/schema\\\/logo\\\/image\\\/\"},\"sameAs\":[\"https:\\\/\\\/www.facebook.com\\\/laguiadepamplonacom-133175176762273\\\/?ref=hl\",\"https:\\\/\\\/x.com\\\/LaGuiadPamplona\",\"https:\\\/\\\/www.instagram.com\\\/la_guia_de_pamplona\\\/\",\"https:\\\/\\\/www.youtube.com\\\/user\\\/laguiadepamplona\"]},{\"@type\":\"Person\",\"@id\":\"https:\\\/\\\/www.laguiadepamplona.com\\\/actualidad\\\/#\\\/schema\\\/person\\\/efe887376f0213d4657c93adc50b1fdb\",\"name\":\"La Gu\u00eda de Pamplona\",\"image\":{\"@type\":\"ImageObject\",\"inLanguage\":\"es\",\"@id\":\"https:\\\/\\\/secure.gravatar.com\\\/avatar\\\/b6992f131dc8d30ab0dff15446e9d346d9dbd95992de0fef795073f5ea83a81c?s=96&d=mm&r=g\",\"url\":\"https:\\\/\\\/secure.gravatar.com\\\/avatar\\\/b6992f131dc8d30ab0dff15446e9d346d9dbd95992de0fef795073f5ea83a81c?s=96&d=mm&r=g\",\"contentUrl\":\"https:\\\/\\\/secure.gravatar.com\\\/avatar\\\/b6992f131dc8d30ab0dff15446e9d346d9dbd95992de0fef795073f5ea83a81c?s=96&d=mm&r=g\",\"caption\":\"La Gu\u00eda de Pamplona\"}}]}<\/script>\n<!-- \/ Yoast SEO plugin. -->","yoast_head_json":{"title":"Pamplona pone en marcha su Plan de Actuaci\u00f3n de Nevadas 2021-2022 ante la posibilidad de precipitaciones en forma de nieve durante el fin de semana","description":"La base operativa de Trinitarios ya cuenta con reservas suficientes de sal, y los cuatro camiones y nueve todoterrenos del dispositivo se encentran alerta","robots":{"index":"index","follow":"follow","max-snippet":"max-snippet:-1","max-image-preview":"max-image-preview:large","max-video-preview":"max-video-preview:-1"},"canonical":"https:\/\/www.laguiadepamplona.com\/actualidad\/pamplona-pone-en-marcha-su-plan-de-actuacion-de-nevadas-2021-2022-ante-la-posibilidad-de-precipitaciones-en-forma-de-nieve-durante-el-fin-de-semana\/","og_locale":"es_ES","og_type":"article","og_title":"Pamplona pone en marcha su Plan de Actuaci\u00f3n de Nevadas 2021-2022 ante la posibilidad de precipitaciones en forma de nieve durante el fin de semana","og_description":"La base operativa de Trinitarios ya cuenta con reservas suficientes de sal, y los cuatro camiones y nueve todoterrenos del dispositivo se encentran alerta","og_url":"https:\/\/www.laguiadepamplona.com\/actualidad\/pamplona-pone-en-marcha-su-plan-de-actuacion-de-nevadas-2021-2022-ante-la-posibilidad-de-precipitaciones-en-forma-de-nieve-durante-el-fin-de-semana\/","og_site_name":"La Gu\u00eda de Pamplona","article_publisher":"https:\/\/www.facebook.com\/laguiadepamplonacom-133175176762273\/?ref=hl","article_published_time":"2021-11-26T17:12:12+00:00","article_modified_time":"2023-04-11T09:48:43+00:00","og_image":[{"width":1920,"height":1080,"url":"https:\/\/www.laguiadepamplona.com\/actualidad\/wp-content\/uploads\/2021\/11\/camiones-nevada.jpg","type":"image\/jpeg"}],"author":"La Gu\u00eda de Pamplona","twitter_card":"summary_large_image","twitter_creator":"@LaGuiadPamplona","twitter_site":"@LaGuiadPamplona","twitter_misc":{"Escrito por":"La Gu\u00eda de Pamplona","Tiempo de lectura":"6 minutos"},"schema":{"@context":"https:\/\/schema.org","@graph":[{"@type":"Article","@id":"https:\/\/www.laguiadepamplona.com\/actualidad\/pamplona-pone-en-marcha-su-plan-de-actuacion-de-nevadas-2021-2022-ante-la-posibilidad-de-precipitaciones-en-forma-de-nieve-durante-el-fin-de-semana\/#article","isPartOf":{"@id":"https:\/\/www.laguiadepamplona.com\/actualidad\/pamplona-pone-en-marcha-su-plan-de-actuacion-de-nevadas-2021-2022-ante-la-posibilidad-de-precipitaciones-en-forma-de-nieve-durante-el-fin-de-semana\/"},"author":{"name":"La Gu\u00eda de Pamplona","@id":"https:\/\/www.laguiadepamplona.com\/actualidad\/#\/schema\/person\/efe887376f0213d4657c93adc50b1fdb"},"headline":"Pamplona pone en marcha su Plan de Actuaci\u00f3n de Nevadas 2021-2022 ante la posibilidad de precipitaciones en forma de nieve durante el fin de semana","datePublished":"2021-11-26T17:12:12+00:00","dateModified":"2023-04-11T09:48:43+00:00","mainEntityOfPage":{"@id":"https:\/\/www.laguiadepamplona.com\/actualidad\/pamplona-pone-en-marcha-su-plan-de-actuacion-de-nevadas-2021-2022-ante-la-posibilidad-de-precipitaciones-en-forma-de-nieve-durante-el-fin-de-semana\/"},"wordCount":1291,"commentCount":0,"publisher":{"@id":"https:\/\/www.laguiadepamplona.com\/actualidad\/#organization"},"image":{"@id":"https:\/\/www.laguiadepamplona.com\/actualidad\/pamplona-pone-en-marcha-su-plan-de-actuacion-de-nevadas-2021-2022-ante-la-posibilidad-de-precipitaciones-en-forma-de-nieve-durante-el-fin-de-semana\/#primaryimage"},"thumbnailUrl":"https:\/\/www.laguiadepamplona.com\/actualidad\/wp-content\/uploads\/2021\/11\/camiones-nevada.jpg","articleSection":["Ayto Pamplona"],"inLanguage":"es","potentialAction":[{"@type":"CommentAction","name":"Comment","target":["https:\/\/www.laguiadepamplona.com\/actualidad\/pamplona-pone-en-marcha-su-plan-de-actuacion-de-nevadas-2021-2022-ante-la-posibilidad-de-precipitaciones-en-forma-de-nieve-durante-el-fin-de-semana\/#respond"]}]},{"@type":"WebPage","@id":"https:\/\/www.laguiadepamplona.com\/actualidad\/pamplona-pone-en-marcha-su-plan-de-actuacion-de-nevadas-2021-2022-ante-la-posibilidad-de-precipitaciones-en-forma-de-nieve-durante-el-fin-de-semana\/","url":"https:\/\/www.laguiadepamplona.com\/actualidad\/pamplona-pone-en-marcha-su-plan-de-actuacion-de-nevadas-2021-2022-ante-la-posibilidad-de-precipitaciones-en-forma-de-nieve-durante-el-fin-de-semana\/","name":"Pamplona pone en marcha su Plan de Actuaci\u00f3n de Nevadas 2021-2022 ante la posibilidad de precipitaciones en forma de nieve durante el fin de semana","isPartOf":{"@id":"https:\/\/www.laguiadepamplona.com\/actualidad\/#website"},"primaryImageOfPage":{"@id":"https:\/\/www.laguiadepamplona.com\/actualidad\/pamplona-pone-en-marcha-su-plan-de-actuacion-de-nevadas-2021-2022-ante-la-posibilidad-de-precipitaciones-en-forma-de-nieve-durante-el-fin-de-semana\/#primaryimage"},"image":{"@id":"https:\/\/www.laguiadepamplona.com\/actualidad\/pamplona-pone-en-marcha-su-plan-de-actuacion-de-nevadas-2021-2022-ante-la-posibilidad-de-precipitaciones-en-forma-de-nieve-durante-el-fin-de-semana\/#primaryimage"},"thumbnailUrl":"https:\/\/www.laguiadepamplona.com\/actualidad\/wp-content\/uploads\/2021\/11\/camiones-nevada.jpg","datePublished":"2021-11-26T17:12:12+00:00","dateModified":"2023-04-11T09:48:43+00:00","description":"La base operativa de Trinitarios ya cuenta con reservas suficientes de sal, y los cuatro camiones y nueve todoterrenos del dispositivo se encentran alerta","breadcrumb":{"@id":"https:\/\/www.laguiadepamplona.com\/actualidad\/pamplona-pone-en-marcha-su-plan-de-actuacion-de-nevadas-2021-2022-ante-la-posibilidad-de-precipitaciones-en-forma-de-nieve-durante-el-fin-de-semana\/#breadcrumb"},"inLanguage":"es","potentialAction":[{"@type":"ReadAction","target":["https:\/\/www.laguiadepamplona.com\/actualidad\/pamplona-pone-en-marcha-su-plan-de-actuacion-de-nevadas-2021-2022-ante-la-posibilidad-de-precipitaciones-en-forma-de-nieve-durante-el-fin-de-semana\/"]}]},{"@type":"ImageObject","inLanguage":"es","@id":"https:\/\/www.laguiadepamplona.com\/actualidad\/pamplona-pone-en-marcha-su-plan-de-actuacion-de-nevadas-2021-2022-ante-la-posibilidad-de-precipitaciones-en-forma-de-nieve-durante-el-fin-de-semana\/#primaryimage","url":"https:\/\/www.laguiadepamplona.com\/actualidad\/wp-content\/uploads\/2021\/11\/camiones-nevada.jpg","contentUrl":"https:\/\/www.laguiadepamplona.com\/actualidad\/wp-content\/uploads\/2021\/11\/camiones-nevada.jpg","width":1920,"height":1080},{"@type":"BreadcrumbList","@id":"https:\/\/www.laguiadepamplona.com\/actualidad\/pamplona-pone-en-marcha-su-plan-de-actuacion-de-nevadas-2021-2022-ante-la-posibilidad-de-precipitaciones-en-forma-de-nieve-durante-el-fin-de-semana\/#breadcrumb","itemListElement":[{"@type":"ListItem","position":1,"name":"Portada","item":"https:\/\/www.laguiadepamplona.com\/actualidad\/"},{"@type":"ListItem","position":2,"name":"Pamplona pone en marcha su Plan de Actuaci\u00f3n de Nevadas 2021-2022 ante la posibilidad de precipitaciones en forma de nieve durante el fin de semana"}]},{"@type":"WebSite","@id":"https:\/\/www.laguiadepamplona.com\/actualidad\/#website","url":"https:\/\/www.laguiadepamplona.com\/actualidad\/","name":"La gu\u00eda de Pamplona","description":"Noticias de Pamplona","publisher":{"@id":"https:\/\/www.laguiadepamplona.com\/actualidad\/#organization"},"potentialAction":[{"@type":"SearchAction","target":{"@type":"EntryPoint","urlTemplate":"https:\/\/www.laguiadepamplona.com\/actualidad\/?s={search_term_string}"},"query-input":{"@type":"PropertyValueSpecification","valueRequired":true,"valueName":"search_term_string"}}],"inLanguage":"es"},{"@type":"Organization","@id":"https:\/\/www.laguiadepamplona.com\/actualidad\/#organization","name":"La Gu\u00eda de Pamplona \/ Noticias","url":"https:\/\/www.laguiadepamplona.com\/actualidad\/","logo":{"@type":"ImageObject","inLanguage":"es","@id":"https:\/\/www.laguiadepamplona.com\/actualidad\/#\/schema\/logo\/image\/","url":"https:\/\/www.laguiadepamplona.com\/actualidad\/wp-content\/uploads\/2018\/11\/logo-laguiadepamplona18-web1.png","contentUrl":"https:\/\/www.laguiadepamplona.com\/actualidad\/wp-content\/uploads\/2018\/11\/logo-laguiadepamplona18-web1.png","width":600,"height":196,"caption":"La Gu\u00eda de Pamplona \/ Noticias"},"image":{"@id":"https:\/\/www.laguiadepamplona.com\/actualidad\/#\/schema\/logo\/image\/"},"sameAs":["https:\/\/www.facebook.com\/laguiadepamplonacom-133175176762273\/?ref=hl","https:\/\/x.com\/LaGuiadPamplona","https:\/\/www.instagram.com\/la_guia_de_pamplona\/","https:\/\/www.youtube.com\/user\/laguiadepamplona"]},{"@type":"Person","@id":"https:\/\/www.laguiadepamplona.com\/actualidad\/#\/schema\/person\/efe887376f0213d4657c93adc50b1fdb","name":"La Gu\u00eda de Pamplona","image":{"@type":"ImageObject","inLanguage":"es","@id":"https:\/\/secure.gravatar.com\/avatar\/b6992f131dc8d30ab0dff15446e9d346d9dbd95992de0fef795073f5ea83a81c?s=96&d=mm&r=g","url":"https:\/\/secure.gravatar.com\/avatar\/b6992f131dc8d30ab0dff15446e9d346d9dbd95992de0fef795073f5ea83a81c?s=96&d=mm&r=g","contentUrl":"https:\/\/secure.gravatar.com\/avatar\/b6992f131dc8d30ab0dff15446e9d346d9dbd95992de0fef795073f5ea83a81c?s=96&d=mm&r=g","caption":"La Gu\u00eda de Pamplona"}}]}},"post_mailing_queue_ids":[],"_links":{"self":[{"href":"https:\/\/www.laguiadepamplona.com\/actualidad\/wp-json\/wp\/v2\/posts\/37772","targetHints":{"allow":["GET"]}}],"collection":[{"href":"https:\/\/www.laguiadepamplona.com\/actualidad\/wp-json\/wp\/v2\/posts"}],"about":[{"href":"https:\/\/www.laguiadepamplona.com\/actualidad\/wp-json\/wp\/v2\/types\/post"}],"author":[{"embeddable":true,"href":"https:\/\/www.laguiadepamplona.com\/actualidad\/wp-json\/wp\/v2\/users\/1"}],"replies":[{"embeddable":true,"href":"https:\/\/www.laguiadepamplona.com\/actualidad\/wp-json\/wp\/v2\/comments?post=37772"}],"version-history":[{"count":0,"href":"https:\/\/www.laguiadepamplona.com\/actualidad\/wp-json\/wp\/v2\/posts\/37772\/revisions"}],"wp:featuredmedia":[{"embeddable":true,"href":"https:\/\/www.laguiadepamplona.com\/actualidad\/wp-json\/wp\/v2\/media\/37773"}],"wp:attachment":[{"href":"https:\/\/www.laguiadepamplona.com\/actualidad\/wp-json\/wp\/v2\/media?parent=37772"}],"wp:term":[{"taxonomy":"category","embeddable":true,"href":"https:\/\/www.laguiadepamplona.com\/actualidad\/wp-json\/wp\/v2\/categories?post=37772"},{"taxonomy":"post_tag","embeddable":true,"href":"https:\/\/www.laguiadepamplona.com\/actualidad\/wp-json\/wp\/v2\/tags?post=37772"}],"curies":[{"name":"wp","href":"https:\/\/api.w.org\/{rel}","templated":true}]}}