{"id":37769,"date":"2021-11-26T19:08:30","date_gmt":"2021-11-26T17:08:30","guid":{"rendered":"https:\/\/www.laguiadepamplona.com\/actualidad\/?p=37769"},"modified":"2023-04-11T11:48:43","modified_gmt":"2023-04-11T09:48:43","slug":"el-ayuntamiento-reedita-la-campana-regala-pamplona-con-la-que-pretende-apoyar-y-promover-las-compras-en-el-comercio-local-en-esta-epoca-del-ano","status":"publish","type":"post","link":"https:\/\/www.laguiadepamplona.com\/actualidad\/el-ayuntamiento-reedita-la-campana-regala-pamplona-con-la-que-pretende-apoyar-y-promover-las-compras-en-el-comercio-local-en-esta-epoca-del-ano\/","title":{"rendered":"El Ayuntamiento reedita la campa\u00f1a \u2018Regala Pamplona\u2019 con la que pretende apoyar y promover las compras en el comercio local en esta \u00e9poca del a\u00f1o"},"content":{"rendered":"<h5>Participan cerca de 500 comercios a los que se ha comenzado a repartir 900 bobinas de papel de regalo y 31.500 bolsas navide\u00f1as reutilizables<\/h5>\n<p><!--more--><\/p>\n<p>El Ayuntamiento de Pamplona sigue poniendo en marcha acciones de apoyo al comercio local. Por ello, ha reeditado la campa\u00f1a \u2018Regala Pamplona\u2019, con la que pretende insistir en la importancia de realizar la compras en el comercio cercano, del centro y los barrios de la ciudad para generar riqueza, empleo y desarrollo econ\u00f3mico. La campa\u00f1a tiene, principalmente, dos l\u00edneas de trabajo, que consisten en la entrega de papel de regalo y bolsas a los comercios y en la sensibilizaci\u00f3n a trav\u00e9s de diferentes soportes comunicativos y publicitarios.<br \/>\n<script async src=\"\/\/pagead2.googlesyndication.com\/pagead\/js\/adsbygoogle.js\"><\/script><br \/>\n<!-- Noticias La Guia de Pamplona --><br \/>\n<ins class=\"adsbygoogle\"\nstyle=\"display:block\"\ndata-ad-client=\"ca-pub-6943679897239327\"\ndata-ad-slot=\"7048180777\"\ndata-ad-format=\"auto\"><\/ins><br \/>\n<script>\n(adsbygoogle = window.adsbygoogle || []).push({});\n<\/script><\/p>\n<p>Estos d\u00edas el Ayuntamiento de Pamplona ha comenzado a repartir 900 bobinas de papel de regalo de 6 kilos cada uno y 31.500 bolsas reutilizables para evitar as\u00ed que los establecimientos hagan ese gasto extra en una \u00e9poca de gran cantidad de compras. Tanto el papel como las bolsas comparten un mismo dise\u00f1o, con detalles propios de Pamplona, como el quiosco de la Plaza del Castillo, el Monumento a los Fueros y las fuentes de le\u00f3n, y \u00e1rboles navide\u00f1os sobre un fondo rojo. Participan en esta campa\u00f1a alrededor de 500 establecimientos de las asociaciones de comerciantes de la ciudad.<\/p>\n<p>Una segunda parte de la campa\u00f1a tiene que ver con la sensibilizaci\u00f3n y la comunicaci\u00f3n. En las pr\u00f3ximas semanas, al igual que el a\u00f1o pasado, se colocar\u00e1n bolsas gigantes forradas de papel de regalo en los principales ejes comerciales. Adem\u00e1s, se colocar\u00e1n banderolas con la imagen de la campa\u00f1a y los propios comercios contar\u00e1n con una se\u00f1al\u00e9tica que mostrar\u00e1 su adhesi\u00f3n a \u2018Regala Pamplona\u2019. Por \u00faltimo, se realizar\u00e1n inserciones publicitarias en los medios de comunicaci\u00f3n para insistir en lo importante que es para la ciudad que se realicen las compras en sus negocios de proximidad.<\/p>\n","protected":false},"excerpt":{"rendered":"<p>Participan cerca de 500 comercios a los que se ha comenzado a repartir 900 bobinas de papel de regalo y 31.500 bolsas navide\u00f1as reutilizables<\/p>\n","protected":false},"author":1,"featured_media":37770,"comment_status":"open","ping_status":"closed","sticky":false,"template":"","format":"standard","meta":{"footnotes":""},"categories":[2],"tags":[],"class_list":["post-37769","post","type-post","status-publish","format-standard","has-post-thumbnail","hentry","category-ayuntamiento-pamplona"],"yoast_head":"<!-- This site is optimized with the Yoast SEO plugin v27.3 - https:\/\/yoast.com\/product\/yoast-seo-wordpress\/ -->\n<title>El Ayuntamiento reedita la campa\u00f1a \u2018Regala Pamplona\u2019 con la que pretende apoyar y promover las compras en el comercio local en esta \u00e9poca del a\u00f1o<\/title>\n<meta name=\"description\" content=\"Participan cerca de 500 comercios a los que se ha comenzado a repartir 900 bobinas de papel de regalo y 31.500 bolsas navide\u00f1as reutilizables\" \/>\n<meta name=\"robots\" content=\"index, follow, max-snippet:-1, max-image-preview:large, max-video-preview:-1\" \/>\n<link rel=\"canonical\" href=\"https:\/\/www.laguiadepamplona.com\/actualidad\/el-ayuntamiento-reedita-la-campana-regala-pamplona-con-la-que-pretende-apoyar-y-promover-las-compras-en-el-comercio-local-en-esta-epoca-del-ano\/\" \/>\n<meta property=\"og:locale\" content=\"es_ES\" \/>\n<meta property=\"og:type\" content=\"article\" \/>\n<meta property=\"og:title\" content=\"El Ayuntamiento reedita la campa\u00f1a \u2018Regala Pamplona\u2019 con la que pretende apoyar y promover las compras en el comercio local en esta \u00e9poca del a\u00f1o\" \/>\n<meta property=\"og:description\" content=\"Participan cerca de 500 comercios a los que se ha comenzado a repartir 900 bobinas de papel de regalo y 31.500 bolsas navide\u00f1as reutilizables\" \/>\n<meta property=\"og:url\" content=\"https:\/\/www.laguiadepamplona.com\/actualidad\/el-ayuntamiento-reedita-la-campana-regala-pamplona-con-la-que-pretende-apoyar-y-promover-las-compras-en-el-comercio-local-en-esta-epoca-del-ano\/\" \/>\n<meta property=\"og:site_name\" content=\"La Gu\u00eda de Pamplona\" \/>\n<meta property=\"article:publisher\" content=\"https:\/\/www.facebook.com\/laguiadepamplonacom-133175176762273\/?ref=hl\" \/>\n<meta property=\"article:published_time\" content=\"2021-11-26T17:08:30+00:00\" \/>\n<meta property=\"article:modified_time\" content=\"2023-04-11T09:48:43+00:00\" \/>\n<meta property=\"og:image\" content=\"https:\/\/www.laguiadepamplona.com\/actualidad\/wp-content\/uploads\/2021\/11\/regala-pamplona.jpg\" \/>\n\t<meta property=\"og:image:width\" content=\"1508\" \/>\n\t<meta property=\"og:image:height\" content=\"1508\" \/>\n\t<meta property=\"og:image:type\" content=\"image\/jpeg\" \/>\n<meta name=\"author\" content=\"La Gu\u00eda de Pamplona\" \/>\n<meta name=\"twitter:card\" content=\"summary_large_image\" \/>\n<meta name=\"twitter:creator\" content=\"@LaGuiadPamplona\" \/>\n<meta name=\"twitter:site\" content=\"@LaGuiadPamplona\" \/>\n<meta name=\"twitter:label1\" content=\"Escrito por\" \/>\n\t<meta name=\"twitter:data1\" content=\"La Gu\u00eda de Pamplona\" \/>\n\t<meta name=\"twitter:label2\" content=\"Tiempo de lectura\" \/>\n\t<meta name=\"twitter:data2\" content=\"2 minutos\" \/>\n<script type=\"application\/ld+json\" class=\"yoast-schema-graph\">{\"@context\":\"https:\\\/\\\/schema.org\",\"@graph\":[{\"@type\":\"Article\",\"@id\":\"https:\\\/\\\/www.laguiadepamplona.com\\\/actualidad\\\/el-ayuntamiento-reedita-la-campana-regala-pamplona-con-la-que-pretende-apoyar-y-promover-las-compras-en-el-comercio-local-en-esta-epoca-del-ano\\\/#article\",\"isPartOf\":{\"@id\":\"https:\\\/\\\/www.laguiadepamplona.com\\\/actualidad\\\/el-ayuntamiento-reedita-la-campana-regala-pamplona-con-la-que-pretende-apoyar-y-promover-las-compras-en-el-comercio-local-en-esta-epoca-del-ano\\\/\"},\"author\":{\"name\":\"La Gu\u00eda de Pamplona\",\"@id\":\"https:\\\/\\\/www.laguiadepamplona.com\\\/actualidad\\\/#\\\/schema\\\/person\\\/efe887376f0213d4657c93adc50b1fdb\"},\"headline\":\"El Ayuntamiento reedita la campa\u00f1a \u2018Regala Pamplona\u2019 con la que pretende apoyar y promover las compras en el comercio local en esta \u00e9poca del a\u00f1o\",\"datePublished\":\"2021-11-26T17:08:30+00:00\",\"dateModified\":\"2023-04-11T09:48:43+00:00\",\"mainEntityOfPage\":{\"@id\":\"https:\\\/\\\/www.laguiadepamplona.com\\\/actualidad\\\/el-ayuntamiento-reedita-la-campana-regala-pamplona-con-la-que-pretende-apoyar-y-promover-las-compras-en-el-comercio-local-en-esta-epoca-del-ano\\\/\"},\"wordCount\":352,\"commentCount\":0,\"publisher\":{\"@id\":\"https:\\\/\\\/www.laguiadepamplona.com\\\/actualidad\\\/#organization\"},\"image\":{\"@id\":\"https:\\\/\\\/www.laguiadepamplona.com\\\/actualidad\\\/el-ayuntamiento-reedita-la-campana-regala-pamplona-con-la-que-pretende-apoyar-y-promover-las-compras-en-el-comercio-local-en-esta-epoca-del-ano\\\/#primaryimage\"},\"thumbnailUrl\":\"https:\\\/\\\/www.laguiadepamplona.com\\\/actualidad\\\/wp-content\\\/uploads\\\/2021\\\/11\\\/regala-pamplona.jpg\",\"articleSection\":[\"Ayto Pamplona\"],\"inLanguage\":\"es\",\"potentialAction\":[{\"@type\":\"CommentAction\",\"name\":\"Comment\",\"target\":[\"https:\\\/\\\/www.laguiadepamplona.com\\\/actualidad\\\/el-ayuntamiento-reedita-la-campana-regala-pamplona-con-la-que-pretende-apoyar-y-promover-las-compras-en-el-comercio-local-en-esta-epoca-del-ano\\\/#respond\"]}]},{\"@type\":\"WebPage\",\"@id\":\"https:\\\/\\\/www.laguiadepamplona.com\\\/actualidad\\\/el-ayuntamiento-reedita-la-campana-regala-pamplona-con-la-que-pretende-apoyar-y-promover-las-compras-en-el-comercio-local-en-esta-epoca-del-ano\\\/\",\"url\":\"https:\\\/\\\/www.laguiadepamplona.com\\\/actualidad\\\/el-ayuntamiento-reedita-la-campana-regala-pamplona-con-la-que-pretende-apoyar-y-promover-las-compras-en-el-comercio-local-en-esta-epoca-del-ano\\\/\",\"name\":\"El Ayuntamiento reedita la campa\u00f1a \u2018Regala Pamplona\u2019 con la que pretende apoyar y promover las compras en el comercio local en esta \u00e9poca del a\u00f1o\",\"isPartOf\":{\"@id\":\"https:\\\/\\\/www.laguiadepamplona.com\\\/actualidad\\\/#website\"},\"primaryImageOfPage\":{\"@id\":\"https:\\\/\\\/www.laguiadepamplona.com\\\/actualidad\\\/el-ayuntamiento-reedita-la-campana-regala-pamplona-con-la-que-pretende-apoyar-y-promover-las-compras-en-el-comercio-local-en-esta-epoca-del-ano\\\/#primaryimage\"},\"image\":{\"@id\":\"https:\\\/\\\/www.laguiadepamplona.com\\\/actualidad\\\/el-ayuntamiento-reedita-la-campana-regala-pamplona-con-la-que-pretende-apoyar-y-promover-las-compras-en-el-comercio-local-en-esta-epoca-del-ano\\\/#primaryimage\"},\"thumbnailUrl\":\"https:\\\/\\\/www.laguiadepamplona.com\\\/actualidad\\\/wp-content\\\/uploads\\\/2021\\\/11\\\/regala-pamplona.jpg\",\"datePublished\":\"2021-11-26T17:08:30+00:00\",\"dateModified\":\"2023-04-11T09:48:43+00:00\",\"description\":\"Participan cerca de 500 comercios a los que se ha comenzado a repartir 900 bobinas de papel de regalo y 31.500 bolsas navide\u00f1as reutilizables\",\"breadcrumb\":{\"@id\":\"https:\\\/\\\/www.laguiadepamplona.com\\\/actualidad\\\/el-ayuntamiento-reedita-la-campana-regala-pamplona-con-la-que-pretende-apoyar-y-promover-las-compras-en-el-comercio-local-en-esta-epoca-del-ano\\\/#breadcrumb\"},\"inLanguage\":\"es\",\"potentialAction\":[{\"@type\":\"ReadAction\",\"target\":[\"https:\\\/\\\/www.laguiadepamplona.com\\\/actualidad\\\/el-ayuntamiento-reedita-la-campana-regala-pamplona-con-la-que-pretende-apoyar-y-promover-las-compras-en-el-comercio-local-en-esta-epoca-del-ano\\\/\"]}]},{\"@type\":\"ImageObject\",\"inLanguage\":\"es\",\"@id\":\"https:\\\/\\\/www.laguiadepamplona.com\\\/actualidad\\\/el-ayuntamiento-reedita-la-campana-regala-pamplona-con-la-que-pretende-apoyar-y-promover-las-compras-en-el-comercio-local-en-esta-epoca-del-ano\\\/#primaryimage\",\"url\":\"https:\\\/\\\/www.laguiadepamplona.com\\\/actualidad\\\/wp-content\\\/uploads\\\/2021\\\/11\\\/regala-pamplona.jpg\",\"contentUrl\":\"https:\\\/\\\/www.laguiadepamplona.com\\\/actualidad\\\/wp-content\\\/uploads\\\/2021\\\/11\\\/regala-pamplona.jpg\",\"width\":1508,\"height\":1508},{\"@type\":\"BreadcrumbList\",\"@id\":\"https:\\\/\\\/www.laguiadepamplona.com\\\/actualidad\\\/el-ayuntamiento-reedita-la-campana-regala-pamplona-con-la-que-pretende-apoyar-y-promover-las-compras-en-el-comercio-local-en-esta-epoca-del-ano\\\/#breadcrumb\",\"itemListElement\":[{\"@type\":\"ListItem\",\"position\":1,\"name\":\"Portada\",\"item\":\"https:\\\/\\\/www.laguiadepamplona.com\\\/actualidad\\\/\"},{\"@type\":\"ListItem\",\"position\":2,\"name\":\"El Ayuntamiento reedita la campa\u00f1a \u2018Regala Pamplona\u2019 con la que pretende apoyar y promover las compras en el comercio local en esta \u00e9poca del a\u00f1o\"}]},{\"@type\":\"WebSite\",\"@id\":\"https:\\\/\\\/www.laguiadepamplona.com\\\/actualidad\\\/#website\",\"url\":\"https:\\\/\\\/www.laguiadepamplona.com\\\/actualidad\\\/\",\"name\":\"La gu\u00eda de Pamplona\",\"description\":\"Noticias de Pamplona\",\"publisher\":{\"@id\":\"https:\\\/\\\/www.laguiadepamplona.com\\\/actualidad\\\/#organization\"},\"potentialAction\":[{\"@type\":\"SearchAction\",\"target\":{\"@type\":\"EntryPoint\",\"urlTemplate\":\"https:\\\/\\\/www.laguiadepamplona.com\\\/actualidad\\\/?s={search_term_string}\"},\"query-input\":{\"@type\":\"PropertyValueSpecification\",\"valueRequired\":true,\"valueName\":\"search_term_string\"}}],\"inLanguage\":\"es\"},{\"@type\":\"Organization\",\"@id\":\"https:\\\/\\\/www.laguiadepamplona.com\\\/actualidad\\\/#organization\",\"name\":\"La Gu\u00eda de Pamplona \\\/ Noticias\",\"url\":\"https:\\\/\\\/www.laguiadepamplona.com\\\/actualidad\\\/\",\"logo\":{\"@type\":\"ImageObject\",\"inLanguage\":\"es\",\"@id\":\"https:\\\/\\\/www.laguiadepamplona.com\\\/actualidad\\\/#\\\/schema\\\/logo\\\/image\\\/\",\"url\":\"https:\\\/\\\/www.laguiadepamplona.com\\\/actualidad\\\/wp-content\\\/uploads\\\/2018\\\/11\\\/logo-laguiadepamplona18-web1.png\",\"contentUrl\":\"https:\\\/\\\/www.laguiadepamplona.com\\\/actualidad\\\/wp-content\\\/uploads\\\/2018\\\/11\\\/logo-laguiadepamplona18-web1.png\",\"width\":600,\"height\":196,\"caption\":\"La Gu\u00eda de Pamplona \\\/ Noticias\"},\"image\":{\"@id\":\"https:\\\/\\\/www.laguiadepamplona.com\\\/actualidad\\\/#\\\/schema\\\/logo\\\/image\\\/\"},\"sameAs\":[\"https:\\\/\\\/www.facebook.com\\\/laguiadepamplonacom-133175176762273\\\/?ref=hl\",\"https:\\\/\\\/x.com\\\/LaGuiadPamplona\",\"https:\\\/\\\/www.instagram.com\\\/la_guia_de_pamplona\\\/\",\"https:\\\/\\\/www.youtube.com\\\/user\\\/laguiadepamplona\"]},{\"@type\":\"Person\",\"@id\":\"https:\\\/\\\/www.laguiadepamplona.com\\\/actualidad\\\/#\\\/schema\\\/person\\\/efe887376f0213d4657c93adc50b1fdb\",\"name\":\"La Gu\u00eda de Pamplona\",\"image\":{\"@type\":\"ImageObject\",\"inLanguage\":\"es\",\"@id\":\"https:\\\/\\\/secure.gravatar.com\\\/avatar\\\/b6992f131dc8d30ab0dff15446e9d346d9dbd95992de0fef795073f5ea83a81c?s=96&d=mm&r=g\",\"url\":\"https:\\\/\\\/secure.gravatar.com\\\/avatar\\\/b6992f131dc8d30ab0dff15446e9d346d9dbd95992de0fef795073f5ea83a81c?s=96&d=mm&r=g\",\"contentUrl\":\"https:\\\/\\\/secure.gravatar.com\\\/avatar\\\/b6992f131dc8d30ab0dff15446e9d346d9dbd95992de0fef795073f5ea83a81c?s=96&d=mm&r=g\",\"caption\":\"La Gu\u00eda de Pamplona\"}}]}<\/script>\n<!-- \/ Yoast SEO plugin. -->","yoast_head_json":{"title":"El Ayuntamiento reedita la campa\u00f1a \u2018Regala Pamplona\u2019 con la que pretende apoyar y promover las compras en el comercio local en esta \u00e9poca del a\u00f1o","description":"Participan cerca de 500 comercios a los que se ha comenzado a repartir 900 bobinas de papel de regalo y 31.500 bolsas navide\u00f1as reutilizables","robots":{"index":"index","follow":"follow","max-snippet":"max-snippet:-1","max-image-preview":"max-image-preview:large","max-video-preview":"max-video-preview:-1"},"canonical":"https:\/\/www.laguiadepamplona.com\/actualidad\/el-ayuntamiento-reedita-la-campana-regala-pamplona-con-la-que-pretende-apoyar-y-promover-las-compras-en-el-comercio-local-en-esta-epoca-del-ano\/","og_locale":"es_ES","og_type":"article","og_title":"El Ayuntamiento reedita la campa\u00f1a \u2018Regala Pamplona\u2019 con la que pretende apoyar y promover las compras en el comercio local en esta \u00e9poca del a\u00f1o","og_description":"Participan cerca de 500 comercios a los que se ha comenzado a repartir 900 bobinas de papel de regalo y 31.500 bolsas navide\u00f1as reutilizables","og_url":"https:\/\/www.laguiadepamplona.com\/actualidad\/el-ayuntamiento-reedita-la-campana-regala-pamplona-con-la-que-pretende-apoyar-y-promover-las-compras-en-el-comercio-local-en-esta-epoca-del-ano\/","og_site_name":"La Gu\u00eda de Pamplona","article_publisher":"https:\/\/www.facebook.com\/laguiadepamplonacom-133175176762273\/?ref=hl","article_published_time":"2021-11-26T17:08:30+00:00","article_modified_time":"2023-04-11T09:48:43+00:00","og_image":[{"width":1508,"height":1508,"url":"https:\/\/www.laguiadepamplona.com\/actualidad\/wp-content\/uploads\/2021\/11\/regala-pamplona.jpg","type":"image\/jpeg"}],"author":"La Gu\u00eda de Pamplona","twitter_card":"summary_large_image","twitter_creator":"@LaGuiadPamplona","twitter_site":"@LaGuiadPamplona","twitter_misc":{"Escrito por":"La Gu\u00eda de Pamplona","Tiempo de lectura":"2 minutos"},"schema":{"@context":"https:\/\/schema.org","@graph":[{"@type":"Article","@id":"https:\/\/www.laguiadepamplona.com\/actualidad\/el-ayuntamiento-reedita-la-campana-regala-pamplona-con-la-que-pretende-apoyar-y-promover-las-compras-en-el-comercio-local-en-esta-epoca-del-ano\/#article","isPartOf":{"@id":"https:\/\/www.laguiadepamplona.com\/actualidad\/el-ayuntamiento-reedita-la-campana-regala-pamplona-con-la-que-pretende-apoyar-y-promover-las-compras-en-el-comercio-local-en-esta-epoca-del-ano\/"},"author":{"name":"La Gu\u00eda de Pamplona","@id":"https:\/\/www.laguiadepamplona.com\/actualidad\/#\/schema\/person\/efe887376f0213d4657c93adc50b1fdb"},"headline":"El Ayuntamiento reedita la campa\u00f1a \u2018Regala Pamplona\u2019 con la que pretende apoyar y promover las compras en el comercio local en esta \u00e9poca del a\u00f1o","datePublished":"2021-11-26T17:08:30+00:00","dateModified":"2023-04-11T09:48:43+00:00","mainEntityOfPage":{"@id":"https:\/\/www.laguiadepamplona.com\/actualidad\/el-ayuntamiento-reedita-la-campana-regala-pamplona-con-la-que-pretende-apoyar-y-promover-las-compras-en-el-comercio-local-en-esta-epoca-del-ano\/"},"wordCount":352,"commentCount":0,"publisher":{"@id":"https:\/\/www.laguiadepamplona.com\/actualidad\/#organization"},"image":{"@id":"https:\/\/www.laguiadepamplona.com\/actualidad\/el-ayuntamiento-reedita-la-campana-regala-pamplona-con-la-que-pretende-apoyar-y-promover-las-compras-en-el-comercio-local-en-esta-epoca-del-ano\/#primaryimage"},"thumbnailUrl":"https:\/\/www.laguiadepamplona.com\/actualidad\/wp-content\/uploads\/2021\/11\/regala-pamplona.jpg","articleSection":["Ayto Pamplona"],"inLanguage":"es","potentialAction":[{"@type":"CommentAction","name":"Comment","target":["https:\/\/www.laguiadepamplona.com\/actualidad\/el-ayuntamiento-reedita-la-campana-regala-pamplona-con-la-que-pretende-apoyar-y-promover-las-compras-en-el-comercio-local-en-esta-epoca-del-ano\/#respond"]}]},{"@type":"WebPage","@id":"https:\/\/www.laguiadepamplona.com\/actualidad\/el-ayuntamiento-reedita-la-campana-regala-pamplona-con-la-que-pretende-apoyar-y-promover-las-compras-en-el-comercio-local-en-esta-epoca-del-ano\/","url":"https:\/\/www.laguiadepamplona.com\/actualidad\/el-ayuntamiento-reedita-la-campana-regala-pamplona-con-la-que-pretende-apoyar-y-promover-las-compras-en-el-comercio-local-en-esta-epoca-del-ano\/","name":"El Ayuntamiento reedita la campa\u00f1a \u2018Regala Pamplona\u2019 con la que pretende apoyar y promover las compras en el comercio local en esta \u00e9poca del a\u00f1o","isPartOf":{"@id":"https:\/\/www.laguiadepamplona.com\/actualidad\/#website"},"primaryImageOfPage":{"@id":"https:\/\/www.laguiadepamplona.com\/actualidad\/el-ayuntamiento-reedita-la-campana-regala-pamplona-con-la-que-pretende-apoyar-y-promover-las-compras-en-el-comercio-local-en-esta-epoca-del-ano\/#primaryimage"},"image":{"@id":"https:\/\/www.laguiadepamplona.com\/actualidad\/el-ayuntamiento-reedita-la-campana-regala-pamplona-con-la-que-pretende-apoyar-y-promover-las-compras-en-el-comercio-local-en-esta-epoca-del-ano\/#primaryimage"},"thumbnailUrl":"https:\/\/www.laguiadepamplona.com\/actualidad\/wp-content\/uploads\/2021\/11\/regala-pamplona.jpg","datePublished":"2021-11-26T17:08:30+00:00","dateModified":"2023-04-11T09:48:43+00:00","description":"Participan cerca de 500 comercios a los que se ha comenzado a repartir 900 bobinas de papel de regalo y 31.500 bolsas navide\u00f1as reutilizables","breadcrumb":{"@id":"https:\/\/www.laguiadepamplona.com\/actualidad\/el-ayuntamiento-reedita-la-campana-regala-pamplona-con-la-que-pretende-apoyar-y-promover-las-compras-en-el-comercio-local-en-esta-epoca-del-ano\/#breadcrumb"},"inLanguage":"es","potentialAction":[{"@type":"ReadAction","target":["https:\/\/www.laguiadepamplona.com\/actualidad\/el-ayuntamiento-reedita-la-campana-regala-pamplona-con-la-que-pretende-apoyar-y-promover-las-compras-en-el-comercio-local-en-esta-epoca-del-ano\/"]}]},{"@type":"ImageObject","inLanguage":"es","@id":"https:\/\/www.laguiadepamplona.com\/actualidad\/el-ayuntamiento-reedita-la-campana-regala-pamplona-con-la-que-pretende-apoyar-y-promover-las-compras-en-el-comercio-local-en-esta-epoca-del-ano\/#primaryimage","url":"https:\/\/www.laguiadepamplona.com\/actualidad\/wp-content\/uploads\/2021\/11\/regala-pamplona.jpg","contentUrl":"https:\/\/www.laguiadepamplona.com\/actualidad\/wp-content\/uploads\/2021\/11\/regala-pamplona.jpg","width":1508,"height":1508},{"@type":"BreadcrumbList","@id":"https:\/\/www.laguiadepamplona.com\/actualidad\/el-ayuntamiento-reedita-la-campana-regala-pamplona-con-la-que-pretende-apoyar-y-promover-las-compras-en-el-comercio-local-en-esta-epoca-del-ano\/#breadcrumb","itemListElement":[{"@type":"ListItem","position":1,"name":"Portada","item":"https:\/\/www.laguiadepamplona.com\/actualidad\/"},{"@type":"ListItem","position":2,"name":"El Ayuntamiento reedita la campa\u00f1a \u2018Regala Pamplona\u2019 con la que pretende apoyar y promover las compras en el comercio local en esta \u00e9poca del a\u00f1o"}]},{"@type":"WebSite","@id":"https:\/\/www.laguiadepamplona.com\/actualidad\/#website","url":"https:\/\/www.laguiadepamplona.com\/actualidad\/","name":"La gu\u00eda de Pamplona","description":"Noticias de Pamplona","publisher":{"@id":"https:\/\/www.laguiadepamplona.com\/actualidad\/#organization"},"potentialAction":[{"@type":"SearchAction","target":{"@type":"EntryPoint","urlTemplate":"https:\/\/www.laguiadepamplona.com\/actualidad\/?s={search_term_string}"},"query-input":{"@type":"PropertyValueSpecification","valueRequired":true,"valueName":"search_term_string"}}],"inLanguage":"es"},{"@type":"Organization","@id":"https:\/\/www.laguiadepamplona.com\/actualidad\/#organization","name":"La Gu\u00eda de Pamplona \/ Noticias","url":"https:\/\/www.laguiadepamplona.com\/actualidad\/","logo":{"@type":"ImageObject","inLanguage":"es","@id":"https:\/\/www.laguiadepamplona.com\/actualidad\/#\/schema\/logo\/image\/","url":"https:\/\/www.laguiadepamplona.com\/actualidad\/wp-content\/uploads\/2018\/11\/logo-laguiadepamplona18-web1.png","contentUrl":"https:\/\/www.laguiadepamplona.com\/actualidad\/wp-content\/uploads\/2018\/11\/logo-laguiadepamplona18-web1.png","width":600,"height":196,"caption":"La Gu\u00eda de Pamplona \/ Noticias"},"image":{"@id":"https:\/\/www.laguiadepamplona.com\/actualidad\/#\/schema\/logo\/image\/"},"sameAs":["https:\/\/www.facebook.com\/laguiadepamplonacom-133175176762273\/?ref=hl","https:\/\/x.com\/LaGuiadPamplona","https:\/\/www.instagram.com\/la_guia_de_pamplona\/","https:\/\/www.youtube.com\/user\/laguiadepamplona"]},{"@type":"Person","@id":"https:\/\/www.laguiadepamplona.com\/actualidad\/#\/schema\/person\/efe887376f0213d4657c93adc50b1fdb","name":"La Gu\u00eda de Pamplona","image":{"@type":"ImageObject","inLanguage":"es","@id":"https:\/\/secure.gravatar.com\/avatar\/b6992f131dc8d30ab0dff15446e9d346d9dbd95992de0fef795073f5ea83a81c?s=96&d=mm&r=g","url":"https:\/\/secure.gravatar.com\/avatar\/b6992f131dc8d30ab0dff15446e9d346d9dbd95992de0fef795073f5ea83a81c?s=96&d=mm&r=g","contentUrl":"https:\/\/secure.gravatar.com\/avatar\/b6992f131dc8d30ab0dff15446e9d346d9dbd95992de0fef795073f5ea83a81c?s=96&d=mm&r=g","caption":"La Gu\u00eda de Pamplona"}}]}},"post_mailing_queue_ids":[],"_links":{"self":[{"href":"https:\/\/www.laguiadepamplona.com\/actualidad\/wp-json\/wp\/v2\/posts\/37769","targetHints":{"allow":["GET"]}}],"collection":[{"href":"https:\/\/www.laguiadepamplona.com\/actualidad\/wp-json\/wp\/v2\/posts"}],"about":[{"href":"https:\/\/www.laguiadepamplona.com\/actualidad\/wp-json\/wp\/v2\/types\/post"}],"author":[{"embeddable":true,"href":"https:\/\/www.laguiadepamplona.com\/actualidad\/wp-json\/wp\/v2\/users\/1"}],"replies":[{"embeddable":true,"href":"https:\/\/www.laguiadepamplona.com\/actualidad\/wp-json\/wp\/v2\/comments?post=37769"}],"version-history":[{"count":0,"href":"https:\/\/www.laguiadepamplona.com\/actualidad\/wp-json\/wp\/v2\/posts\/37769\/revisions"}],"wp:featuredmedia":[{"embeddable":true,"href":"https:\/\/www.laguiadepamplona.com\/actualidad\/wp-json\/wp\/v2\/media\/37770"}],"wp:attachment":[{"href":"https:\/\/www.laguiadepamplona.com\/actualidad\/wp-json\/wp\/v2\/media?parent=37769"}],"wp:term":[{"taxonomy":"category","embeddable":true,"href":"https:\/\/www.laguiadepamplona.com\/actualidad\/wp-json\/wp\/v2\/categories?post=37769"},{"taxonomy":"post_tag","embeddable":true,"href":"https:\/\/www.laguiadepamplona.com\/actualidad\/wp-json\/wp\/v2\/tags?post=37769"}],"curies":[{"name":"wp","href":"https:\/\/api.w.org\/{rel}","templated":true}]}}