{"id":37767,"date":"2021-11-26T19:03:45","date_gmt":"2021-11-26T17:03:45","guid":{"rendered":"https:\/\/www.laguiadepamplona.com\/actualidad\/?p=37767"},"modified":"2023-04-11T11:48:43","modified_gmt":"2023-04-11T09:48:43","slug":"el-lunes-pamplona-festeja-el-dia-de-su-patron-san-saturnino-con-la-comparsa-de-gigantes-y-cabezudos-procesion-misa-y-concierto-de-la-pamplonesa","status":"publish","type":"post","link":"https:\/\/www.laguiadepamplona.com\/actualidad\/el-lunes-pamplona-festeja-el-dia-de-su-patron-san-saturnino-con-la-comparsa-de-gigantes-y-cabezudos-procesion-misa-y-concierto-de-la-pamplonesa\/","title":{"rendered":"El lunes Pamplona festeja el d\u00eda de su patr\u00f3n, San Saturnino, con la Comparsa de Gigantes y Cabezudos, procesi\u00f3n, misa y concierto de La Pamplonesa"},"content":{"rendered":"<h5>Si el tiempo lo permite, la comparsa saldr\u00e1 a las 9.30 horas de autobuses y se unir\u00e1, a partir de las 10, a la Corporaci\u00f3n municipal y a la procesi\u00f3n<\/h5>\n<p><!--more--><\/p>\n<p>Pamplona mira a la climatolog\u00eda prevista para estos pr\u00f3ximos d\u00edas de cara a la celebraci\u00f3n el lunes 29 de noviembre de la festividad de San Saturnino, patr\u00f3n de la ciudad. El Ayuntamiento de Pamplona ha programado una jornada con la comparsa de Gigantes y Cabezudos, salida en cuerpo de ciudad de la Corporaci\u00f3n municipal, procesi\u00f3n y misa en honor al santo, y con concierto de La Pamplonesa en el Teatro Gayarre. Excepto la misa y el concierto, que se celebran en espacios interiores, el resto de actos est\u00e1n supeditados a la meteorolog\u00eda.<\/p>\n<p>A las 9.30 horas est\u00e1 prevista la salida de la comparsa de Gigantes y Cabezudos desde la estaci\u00f3n de autobuses. Ser\u00e1 su primera salida por las calles de la ciudad desde hace dos a\u00f1os, desde la festividad de San Saturnino de 2019. Recorrer\u00e1n la plaza de la Paz, Yanguas y Miranda, Garc\u00eda Xim\u00e9nez, avenida de San Ignacio, paseo de Sarasate, Plaza del Castillo, Chapitela, Mercaderes y Plaza Consistorial. All\u00ed se unir\u00e1, a las 10.05 horas aproximadamente, a la Corporaci\u00f3n municipal que se dirigir\u00e1 en cuerpo de ciudad hasta la iglesia de San Saturnino.<br \/>\n<script async src=\"\/\/pagead2.googlesyndication.com\/pagead\/js\/adsbygoogle.js\"><\/script><br \/>\n<!-- Noticias La Guia de Pamplona --><br \/>\n<ins class=\"adsbygoogle\"\nstyle=\"display:block\"\ndata-ad-client=\"ca-pub-6943679897239327\"\ndata-ad-slot=\"7048180777\"\ndata-ad-format=\"auto\"><\/ins><br \/>\n<script>\n(adsbygoogle = window.adsbygoogle || []).push({});\n<\/script><\/p>\n<p>En torno a las 10.15 horas, comenzar\u00e1 la procesi\u00f3n en honor al santo, que recorrer\u00e1 las calles San Saturnino, Mayor, el paseo del Dr. Arazuri, la calle Nueva y, de nuevo, la calle San Saturnino hasta entrar en la iglesia, donde se celebrar\u00e1 una eucarist\u00eda. Tras la misa, la Corporaci\u00f3n volver\u00e1 al Ayuntamiento de Pamplona, donde les esperar\u00e1 la comparsa de Gigantes y Cabezudos, que bailar\u00e1 diferentes piezas en honor a la ciudad. A continuaci\u00f3n, regresar\u00e1n a la estaci\u00f3n de autobuses por las calles Mercaderes, Chapitela, Plaza del Castillo, avenida de Carlos III, avenida de Roncesvalles, Garc\u00eda Xim\u00e9nez, Tudela, Conde Oliveto y plaza de la Paz.<\/p>\n<p>Desde el Ayuntamiento de Pamplona, se recomienda a la ciudadan\u00eda que tenga en cuenta la actual situaci\u00f3n sanitaria y epidemiol\u00f3gica derivada de la COVID-19 y tome las medidas necesarias para evitar riesgos en aquellos actos que se prev\u00e9 que tengan una alta participaci\u00f3n de personas.<br \/>\n<script async src=\"\/\/pagead2.googlesyndication.com\/pagead\/js\/adsbygoogle.js\"><\/script><br \/>\n<!-- Noticias La Guia de Pamplona --><br \/>\n<ins class=\"adsbygoogle\"\nstyle=\"display:block\"\ndata-ad-client=\"ca-pub-6943679897239327\"\ndata-ad-slot=\"7048180777\"\ndata-ad-format=\"auto\"><\/ins><br \/>\n<script>\n(adsbygoogle = window.adsbygoogle || []).push({});\n<\/script><\/p>\n<p><strong>La Pamplonesa y la zarzuela<\/strong><\/p>\n<p>Este a\u00f1o 2021 el Concierto Extraordinario de Zarzuela que La Pamplonesa realiza en torno a la festividad de San Saturnino cumple la mayor\u00eda de edad. Dieciocho a\u00f1os desde el primero realizado en 2004 en torno al maestro Serrano hasta el de este a\u00f1o, la banda ha interpretado en torno a 150 n\u00fameros del llamado g\u00e9nero chico. Tambi\u00e9n ha realizado obras completas y han colaborado con ella numerosos coros y cantantes que han dado vida a los principales personajes protagonistas.<\/p>\n<p>El domingo 28 y el lunes 29, a las 20 horas, en el Teatro Gayarre, La Pamplonesa contar\u00e1 con la colaboraci\u00f3n de la soprano pamplonesa Andrea Jim\u00e9nez, que cantar\u00e1 una selecci\u00f3n de las \u2018Romanzas para soprano\u2019 m\u00e1s importantes, alternadas con las principales oberturas y preludios del g\u00e9nero, bajo la direcci\u00f3n de J. Vicent Egea. Las entradas para estos conciertos oscilan entre los 5 y los 10 euros y pueden adquirirse en las taquillas del Teatro Gayarre o a trav\u00e9s de la web, <a href=\"http:\/\/www.teatrogayarre.com\" target=\"_blank\" rel=\"noopener\">www.teatrogayarre.com<\/a>.<\/p>\n","protected":false},"excerpt":{"rendered":"<p>Si el tiempo lo permite, la comparsa saldr\u00e1 a las 9.30 horas de autobuses y se unir\u00e1, a partir de las 10, a la Corporaci\u00f3n municipal y a la procesi\u00f3n<\/p>\n","protected":false},"author":1,"featured_media":37466,"comment_status":"open","ping_status":"closed","sticky":false,"template":"","format":"standard","meta":{"footnotes":""},"categories":[2],"tags":[],"class_list":["post-37767","post","type-post","status-publish","format-standard","has-post-thumbnail","hentry","category-ayuntamiento-pamplona"],"yoast_head":"<!-- This site is optimized with the Yoast SEO plugin v27.3 - https:\/\/yoast.com\/product\/yoast-seo-wordpress\/ -->\n<title>El lunes Pamplona festeja el d\u00eda de su patr\u00f3n, San Saturnino, con la Comparsa de Gigantes y Cabezudos, procesi\u00f3n, misa y concierto de La Pamplonesa<\/title>\n<meta name=\"description\" content=\"Si el tiempo lo permite, la comparsa saldr\u00e1 a las 9.30 horas de autobuses y se unir\u00e1, a partir de las 10, a la Corporaci\u00f3n municipal y a la procesi\u00f3n\" \/>\n<meta name=\"robots\" content=\"index, follow, max-snippet:-1, max-image-preview:large, max-video-preview:-1\" \/>\n<link rel=\"canonical\" href=\"https:\/\/www.laguiadepamplona.com\/actualidad\/el-lunes-pamplona-festeja-el-dia-de-su-patron-san-saturnino-con-la-comparsa-de-gigantes-y-cabezudos-procesion-misa-y-concierto-de-la-pamplonesa\/\" \/>\n<meta property=\"og:locale\" content=\"es_ES\" \/>\n<meta property=\"og:type\" content=\"article\" \/>\n<meta property=\"og:title\" content=\"El lunes Pamplona festeja el d\u00eda de su patr\u00f3n, San Saturnino, con la Comparsa de Gigantes y Cabezudos, procesi\u00f3n, misa y concierto de La Pamplonesa\" \/>\n<meta property=\"og:description\" content=\"Si el tiempo lo permite, la comparsa saldr\u00e1 a las 9.30 horas de autobuses y se unir\u00e1, a partir de las 10, a la Corporaci\u00f3n municipal y a la procesi\u00f3n\" \/>\n<meta property=\"og:url\" content=\"https:\/\/www.laguiadepamplona.com\/actualidad\/el-lunes-pamplona-festeja-el-dia-de-su-patron-san-saturnino-con-la-comparsa-de-gigantes-y-cabezudos-procesion-misa-y-concierto-de-la-pamplonesa\/\" \/>\n<meta property=\"og:site_name\" content=\"La Gu\u00eda de Pamplona\" \/>\n<meta property=\"article:publisher\" content=\"https:\/\/www.facebook.com\/laguiadepamplonacom-133175176762273\/?ref=hl\" \/>\n<meta property=\"article:published_time\" content=\"2021-11-26T17:03:45+00:00\" \/>\n<meta property=\"article:modified_time\" content=\"2023-04-11T09:48:43+00:00\" \/>\n<meta property=\"og:image\" content=\"https:\/\/www.laguiadepamplona.com\/actualidad\/wp-content\/uploads\/2021\/11\/san-saturnino.jpg\" \/>\n\t<meta property=\"og:image:width\" content=\"1771\" \/>\n\t<meta property=\"og:image:height\" content=\"1181\" \/>\n\t<meta property=\"og:image:type\" content=\"image\/jpeg\" \/>\n<meta name=\"author\" content=\"La Gu\u00eda de Pamplona\" \/>\n<meta name=\"twitter:card\" content=\"summary_large_image\" \/>\n<meta name=\"twitter:creator\" content=\"@LaGuiadPamplona\" \/>\n<meta name=\"twitter:site\" content=\"@LaGuiadPamplona\" \/>\n<meta name=\"twitter:label1\" content=\"Escrito por\" \/>\n\t<meta name=\"twitter:data1\" content=\"La Gu\u00eda de Pamplona\" \/>\n\t<meta name=\"twitter:label2\" content=\"Tiempo de lectura\" \/>\n\t<meta name=\"twitter:data2\" content=\"3 minutos\" \/>\n<script type=\"application\/ld+json\" class=\"yoast-schema-graph\">{\"@context\":\"https:\\\/\\\/schema.org\",\"@graph\":[{\"@type\":\"Article\",\"@id\":\"https:\\\/\\\/www.laguiadepamplona.com\\\/actualidad\\\/el-lunes-pamplona-festeja-el-dia-de-su-patron-san-saturnino-con-la-comparsa-de-gigantes-y-cabezudos-procesion-misa-y-concierto-de-la-pamplonesa\\\/#article\",\"isPartOf\":{\"@id\":\"https:\\\/\\\/www.laguiadepamplona.com\\\/actualidad\\\/el-lunes-pamplona-festeja-el-dia-de-su-patron-san-saturnino-con-la-comparsa-de-gigantes-y-cabezudos-procesion-misa-y-concierto-de-la-pamplonesa\\\/\"},\"author\":{\"name\":\"La Gu\u00eda de Pamplona\",\"@id\":\"https:\\\/\\\/www.laguiadepamplona.com\\\/actualidad\\\/#\\\/schema\\\/person\\\/efe887376f0213d4657c93adc50b1fdb\"},\"headline\":\"El lunes Pamplona festeja el d\u00eda de su patr\u00f3n, San Saturnino, con la Comparsa de Gigantes y Cabezudos, procesi\u00f3n, misa y concierto de La Pamplonesa\",\"datePublished\":\"2021-11-26T17:03:45+00:00\",\"dateModified\":\"2023-04-11T09:48:43+00:00\",\"mainEntityOfPage\":{\"@id\":\"https:\\\/\\\/www.laguiadepamplona.com\\\/actualidad\\\/el-lunes-pamplona-festeja-el-dia-de-su-patron-san-saturnino-con-la-comparsa-de-gigantes-y-cabezudos-procesion-misa-y-concierto-de-la-pamplonesa\\\/\"},\"wordCount\":591,\"commentCount\":0,\"publisher\":{\"@id\":\"https:\\\/\\\/www.laguiadepamplona.com\\\/actualidad\\\/#organization\"},\"image\":{\"@id\":\"https:\\\/\\\/www.laguiadepamplona.com\\\/actualidad\\\/el-lunes-pamplona-festeja-el-dia-de-su-patron-san-saturnino-con-la-comparsa-de-gigantes-y-cabezudos-procesion-misa-y-concierto-de-la-pamplonesa\\\/#primaryimage\"},\"thumbnailUrl\":\"https:\\\/\\\/www.laguiadepamplona.com\\\/actualidad\\\/wp-content\\\/uploads\\\/2021\\\/11\\\/san-saturnino.jpg\",\"articleSection\":[\"Ayto Pamplona\"],\"inLanguage\":\"es\",\"potentialAction\":[{\"@type\":\"CommentAction\",\"name\":\"Comment\",\"target\":[\"https:\\\/\\\/www.laguiadepamplona.com\\\/actualidad\\\/el-lunes-pamplona-festeja-el-dia-de-su-patron-san-saturnino-con-la-comparsa-de-gigantes-y-cabezudos-procesion-misa-y-concierto-de-la-pamplonesa\\\/#respond\"]}]},{\"@type\":\"WebPage\",\"@id\":\"https:\\\/\\\/www.laguiadepamplona.com\\\/actualidad\\\/el-lunes-pamplona-festeja-el-dia-de-su-patron-san-saturnino-con-la-comparsa-de-gigantes-y-cabezudos-procesion-misa-y-concierto-de-la-pamplonesa\\\/\",\"url\":\"https:\\\/\\\/www.laguiadepamplona.com\\\/actualidad\\\/el-lunes-pamplona-festeja-el-dia-de-su-patron-san-saturnino-con-la-comparsa-de-gigantes-y-cabezudos-procesion-misa-y-concierto-de-la-pamplonesa\\\/\",\"name\":\"El lunes Pamplona festeja el d\u00eda de su patr\u00f3n, San Saturnino, con la Comparsa de Gigantes y Cabezudos, procesi\u00f3n, misa y concierto de La Pamplonesa\",\"isPartOf\":{\"@id\":\"https:\\\/\\\/www.laguiadepamplona.com\\\/actualidad\\\/#website\"},\"primaryImageOfPage\":{\"@id\":\"https:\\\/\\\/www.laguiadepamplona.com\\\/actualidad\\\/el-lunes-pamplona-festeja-el-dia-de-su-patron-san-saturnino-con-la-comparsa-de-gigantes-y-cabezudos-procesion-misa-y-concierto-de-la-pamplonesa\\\/#primaryimage\"},\"image\":{\"@id\":\"https:\\\/\\\/www.laguiadepamplona.com\\\/actualidad\\\/el-lunes-pamplona-festeja-el-dia-de-su-patron-san-saturnino-con-la-comparsa-de-gigantes-y-cabezudos-procesion-misa-y-concierto-de-la-pamplonesa\\\/#primaryimage\"},\"thumbnailUrl\":\"https:\\\/\\\/www.laguiadepamplona.com\\\/actualidad\\\/wp-content\\\/uploads\\\/2021\\\/11\\\/san-saturnino.jpg\",\"datePublished\":\"2021-11-26T17:03:45+00:00\",\"dateModified\":\"2023-04-11T09:48:43+00:00\",\"description\":\"Si el tiempo lo permite, la comparsa saldr\u00e1 a las 9.30 horas de autobuses y se unir\u00e1, a partir de las 10, a la Corporaci\u00f3n municipal y a la procesi\u00f3n\",\"breadcrumb\":{\"@id\":\"https:\\\/\\\/www.laguiadepamplona.com\\\/actualidad\\\/el-lunes-pamplona-festeja-el-dia-de-su-patron-san-saturnino-con-la-comparsa-de-gigantes-y-cabezudos-procesion-misa-y-concierto-de-la-pamplonesa\\\/#breadcrumb\"},\"inLanguage\":\"es\",\"potentialAction\":[{\"@type\":\"ReadAction\",\"target\":[\"https:\\\/\\\/www.laguiadepamplona.com\\\/actualidad\\\/el-lunes-pamplona-festeja-el-dia-de-su-patron-san-saturnino-con-la-comparsa-de-gigantes-y-cabezudos-procesion-misa-y-concierto-de-la-pamplonesa\\\/\"]}]},{\"@type\":\"ImageObject\",\"inLanguage\":\"es\",\"@id\":\"https:\\\/\\\/www.laguiadepamplona.com\\\/actualidad\\\/el-lunes-pamplona-festeja-el-dia-de-su-patron-san-saturnino-con-la-comparsa-de-gigantes-y-cabezudos-procesion-misa-y-concierto-de-la-pamplonesa\\\/#primaryimage\",\"url\":\"https:\\\/\\\/www.laguiadepamplona.com\\\/actualidad\\\/wp-content\\\/uploads\\\/2021\\\/11\\\/san-saturnino.jpg\",\"contentUrl\":\"https:\\\/\\\/www.laguiadepamplona.com\\\/actualidad\\\/wp-content\\\/uploads\\\/2021\\\/11\\\/san-saturnino.jpg\",\"width\":1771,\"height\":1181,\"caption\":\"A: Jes\u00fas Caso F: 29-11-2019 P: L: Pamplona T: Procesi\u00f3n de San Saturnino.\"},{\"@type\":\"BreadcrumbList\",\"@id\":\"https:\\\/\\\/www.laguiadepamplona.com\\\/actualidad\\\/el-lunes-pamplona-festeja-el-dia-de-su-patron-san-saturnino-con-la-comparsa-de-gigantes-y-cabezudos-procesion-misa-y-concierto-de-la-pamplonesa\\\/#breadcrumb\",\"itemListElement\":[{\"@type\":\"ListItem\",\"position\":1,\"name\":\"Portada\",\"item\":\"https:\\\/\\\/www.laguiadepamplona.com\\\/actualidad\\\/\"},{\"@type\":\"ListItem\",\"position\":2,\"name\":\"El lunes Pamplona festeja el d\u00eda de su patr\u00f3n, San Saturnino, con la Comparsa de Gigantes y Cabezudos, procesi\u00f3n, misa y concierto de La Pamplonesa\"}]},{\"@type\":\"WebSite\",\"@id\":\"https:\\\/\\\/www.laguiadepamplona.com\\\/actualidad\\\/#website\",\"url\":\"https:\\\/\\\/www.laguiadepamplona.com\\\/actualidad\\\/\",\"name\":\"La gu\u00eda de Pamplona\",\"description\":\"Noticias de Pamplona\",\"publisher\":{\"@id\":\"https:\\\/\\\/www.laguiadepamplona.com\\\/actualidad\\\/#organization\"},\"potentialAction\":[{\"@type\":\"SearchAction\",\"target\":{\"@type\":\"EntryPoint\",\"urlTemplate\":\"https:\\\/\\\/www.laguiadepamplona.com\\\/actualidad\\\/?s={search_term_string}\"},\"query-input\":{\"@type\":\"PropertyValueSpecification\",\"valueRequired\":true,\"valueName\":\"search_term_string\"}}],\"inLanguage\":\"es\"},{\"@type\":\"Organization\",\"@id\":\"https:\\\/\\\/www.laguiadepamplona.com\\\/actualidad\\\/#organization\",\"name\":\"La Gu\u00eda de Pamplona \\\/ Noticias\",\"url\":\"https:\\\/\\\/www.laguiadepamplona.com\\\/actualidad\\\/\",\"logo\":{\"@type\":\"ImageObject\",\"inLanguage\":\"es\",\"@id\":\"https:\\\/\\\/www.laguiadepamplona.com\\\/actualidad\\\/#\\\/schema\\\/logo\\\/image\\\/\",\"url\":\"https:\\\/\\\/www.laguiadepamplona.com\\\/actualidad\\\/wp-content\\\/uploads\\\/2018\\\/11\\\/logo-laguiadepamplona18-web1.png\",\"contentUrl\":\"https:\\\/\\\/www.laguiadepamplona.com\\\/actualidad\\\/wp-content\\\/uploads\\\/2018\\\/11\\\/logo-laguiadepamplona18-web1.png\",\"width\":600,\"height\":196,\"caption\":\"La Gu\u00eda de Pamplona \\\/ Noticias\"},\"image\":{\"@id\":\"https:\\\/\\\/www.laguiadepamplona.com\\\/actualidad\\\/#\\\/schema\\\/logo\\\/image\\\/\"},\"sameAs\":[\"https:\\\/\\\/www.facebook.com\\\/laguiadepamplonacom-133175176762273\\\/?ref=hl\",\"https:\\\/\\\/x.com\\\/LaGuiadPamplona\",\"https:\\\/\\\/www.instagram.com\\\/la_guia_de_pamplona\\\/\",\"https:\\\/\\\/www.youtube.com\\\/user\\\/laguiadepamplona\"]},{\"@type\":\"Person\",\"@id\":\"https:\\\/\\\/www.laguiadepamplona.com\\\/actualidad\\\/#\\\/schema\\\/person\\\/efe887376f0213d4657c93adc50b1fdb\",\"name\":\"La Gu\u00eda de Pamplona\",\"image\":{\"@type\":\"ImageObject\",\"inLanguage\":\"es\",\"@id\":\"https:\\\/\\\/secure.gravatar.com\\\/avatar\\\/b6992f131dc8d30ab0dff15446e9d346d9dbd95992de0fef795073f5ea83a81c?s=96&d=mm&r=g\",\"url\":\"https:\\\/\\\/secure.gravatar.com\\\/avatar\\\/b6992f131dc8d30ab0dff15446e9d346d9dbd95992de0fef795073f5ea83a81c?s=96&d=mm&r=g\",\"contentUrl\":\"https:\\\/\\\/secure.gravatar.com\\\/avatar\\\/b6992f131dc8d30ab0dff15446e9d346d9dbd95992de0fef795073f5ea83a81c?s=96&d=mm&r=g\",\"caption\":\"La Gu\u00eda de Pamplona\"}}]}<\/script>\n<!-- \/ Yoast SEO plugin. -->","yoast_head_json":{"title":"El lunes Pamplona festeja el d\u00eda de su patr\u00f3n, San Saturnino, con la Comparsa de Gigantes y Cabezudos, procesi\u00f3n, misa y concierto de La Pamplonesa","description":"Si el tiempo lo permite, la comparsa saldr\u00e1 a las 9.30 horas de autobuses y se unir\u00e1, a partir de las 10, a la Corporaci\u00f3n municipal y a la procesi\u00f3n","robots":{"index":"index","follow":"follow","max-snippet":"max-snippet:-1","max-image-preview":"max-image-preview:large","max-video-preview":"max-video-preview:-1"},"canonical":"https:\/\/www.laguiadepamplona.com\/actualidad\/el-lunes-pamplona-festeja-el-dia-de-su-patron-san-saturnino-con-la-comparsa-de-gigantes-y-cabezudos-procesion-misa-y-concierto-de-la-pamplonesa\/","og_locale":"es_ES","og_type":"article","og_title":"El lunes Pamplona festeja el d\u00eda de su patr\u00f3n, San Saturnino, con la Comparsa de Gigantes y Cabezudos, procesi\u00f3n, misa y concierto de La Pamplonesa","og_description":"Si el tiempo lo permite, la comparsa saldr\u00e1 a las 9.30 horas de autobuses y se unir\u00e1, a partir de las 10, a la Corporaci\u00f3n municipal y a la procesi\u00f3n","og_url":"https:\/\/www.laguiadepamplona.com\/actualidad\/el-lunes-pamplona-festeja-el-dia-de-su-patron-san-saturnino-con-la-comparsa-de-gigantes-y-cabezudos-procesion-misa-y-concierto-de-la-pamplonesa\/","og_site_name":"La Gu\u00eda de Pamplona","article_publisher":"https:\/\/www.facebook.com\/laguiadepamplonacom-133175176762273\/?ref=hl","article_published_time":"2021-11-26T17:03:45+00:00","article_modified_time":"2023-04-11T09:48:43+00:00","og_image":[{"width":1771,"height":1181,"url":"https:\/\/www.laguiadepamplona.com\/actualidad\/wp-content\/uploads\/2021\/11\/san-saturnino.jpg","type":"image\/jpeg"}],"author":"La Gu\u00eda de Pamplona","twitter_card":"summary_large_image","twitter_creator":"@LaGuiadPamplona","twitter_site":"@LaGuiadPamplona","twitter_misc":{"Escrito por":"La Gu\u00eda de Pamplona","Tiempo de lectura":"3 minutos"},"schema":{"@context":"https:\/\/schema.org","@graph":[{"@type":"Article","@id":"https:\/\/www.laguiadepamplona.com\/actualidad\/el-lunes-pamplona-festeja-el-dia-de-su-patron-san-saturnino-con-la-comparsa-de-gigantes-y-cabezudos-procesion-misa-y-concierto-de-la-pamplonesa\/#article","isPartOf":{"@id":"https:\/\/www.laguiadepamplona.com\/actualidad\/el-lunes-pamplona-festeja-el-dia-de-su-patron-san-saturnino-con-la-comparsa-de-gigantes-y-cabezudos-procesion-misa-y-concierto-de-la-pamplonesa\/"},"author":{"name":"La Gu\u00eda de Pamplona","@id":"https:\/\/www.laguiadepamplona.com\/actualidad\/#\/schema\/person\/efe887376f0213d4657c93adc50b1fdb"},"headline":"El lunes Pamplona festeja el d\u00eda de su patr\u00f3n, San Saturnino, con la Comparsa de Gigantes y Cabezudos, procesi\u00f3n, misa y concierto de La Pamplonesa","datePublished":"2021-11-26T17:03:45+00:00","dateModified":"2023-04-11T09:48:43+00:00","mainEntityOfPage":{"@id":"https:\/\/www.laguiadepamplona.com\/actualidad\/el-lunes-pamplona-festeja-el-dia-de-su-patron-san-saturnino-con-la-comparsa-de-gigantes-y-cabezudos-procesion-misa-y-concierto-de-la-pamplonesa\/"},"wordCount":591,"commentCount":0,"publisher":{"@id":"https:\/\/www.laguiadepamplona.com\/actualidad\/#organization"},"image":{"@id":"https:\/\/www.laguiadepamplona.com\/actualidad\/el-lunes-pamplona-festeja-el-dia-de-su-patron-san-saturnino-con-la-comparsa-de-gigantes-y-cabezudos-procesion-misa-y-concierto-de-la-pamplonesa\/#primaryimage"},"thumbnailUrl":"https:\/\/www.laguiadepamplona.com\/actualidad\/wp-content\/uploads\/2021\/11\/san-saturnino.jpg","articleSection":["Ayto Pamplona"],"inLanguage":"es","potentialAction":[{"@type":"CommentAction","name":"Comment","target":["https:\/\/www.laguiadepamplona.com\/actualidad\/el-lunes-pamplona-festeja-el-dia-de-su-patron-san-saturnino-con-la-comparsa-de-gigantes-y-cabezudos-procesion-misa-y-concierto-de-la-pamplonesa\/#respond"]}]},{"@type":"WebPage","@id":"https:\/\/www.laguiadepamplona.com\/actualidad\/el-lunes-pamplona-festeja-el-dia-de-su-patron-san-saturnino-con-la-comparsa-de-gigantes-y-cabezudos-procesion-misa-y-concierto-de-la-pamplonesa\/","url":"https:\/\/www.laguiadepamplona.com\/actualidad\/el-lunes-pamplona-festeja-el-dia-de-su-patron-san-saturnino-con-la-comparsa-de-gigantes-y-cabezudos-procesion-misa-y-concierto-de-la-pamplonesa\/","name":"El lunes Pamplona festeja el d\u00eda de su patr\u00f3n, San Saturnino, con la Comparsa de Gigantes y Cabezudos, procesi\u00f3n, misa y concierto de La Pamplonesa","isPartOf":{"@id":"https:\/\/www.laguiadepamplona.com\/actualidad\/#website"},"primaryImageOfPage":{"@id":"https:\/\/www.laguiadepamplona.com\/actualidad\/el-lunes-pamplona-festeja-el-dia-de-su-patron-san-saturnino-con-la-comparsa-de-gigantes-y-cabezudos-procesion-misa-y-concierto-de-la-pamplonesa\/#primaryimage"},"image":{"@id":"https:\/\/www.laguiadepamplona.com\/actualidad\/el-lunes-pamplona-festeja-el-dia-de-su-patron-san-saturnino-con-la-comparsa-de-gigantes-y-cabezudos-procesion-misa-y-concierto-de-la-pamplonesa\/#primaryimage"},"thumbnailUrl":"https:\/\/www.laguiadepamplona.com\/actualidad\/wp-content\/uploads\/2021\/11\/san-saturnino.jpg","datePublished":"2021-11-26T17:03:45+00:00","dateModified":"2023-04-11T09:48:43+00:00","description":"Si el tiempo lo permite, la comparsa saldr\u00e1 a las 9.30 horas de autobuses y se unir\u00e1, a partir de las 10, a la Corporaci\u00f3n municipal y a la procesi\u00f3n","breadcrumb":{"@id":"https:\/\/www.laguiadepamplona.com\/actualidad\/el-lunes-pamplona-festeja-el-dia-de-su-patron-san-saturnino-con-la-comparsa-de-gigantes-y-cabezudos-procesion-misa-y-concierto-de-la-pamplonesa\/#breadcrumb"},"inLanguage":"es","potentialAction":[{"@type":"ReadAction","target":["https:\/\/www.laguiadepamplona.com\/actualidad\/el-lunes-pamplona-festeja-el-dia-de-su-patron-san-saturnino-con-la-comparsa-de-gigantes-y-cabezudos-procesion-misa-y-concierto-de-la-pamplonesa\/"]}]},{"@type":"ImageObject","inLanguage":"es","@id":"https:\/\/www.laguiadepamplona.com\/actualidad\/el-lunes-pamplona-festeja-el-dia-de-su-patron-san-saturnino-con-la-comparsa-de-gigantes-y-cabezudos-procesion-misa-y-concierto-de-la-pamplonesa\/#primaryimage","url":"https:\/\/www.laguiadepamplona.com\/actualidad\/wp-content\/uploads\/2021\/11\/san-saturnino.jpg","contentUrl":"https:\/\/www.laguiadepamplona.com\/actualidad\/wp-content\/uploads\/2021\/11\/san-saturnino.jpg","width":1771,"height":1181,"caption":"A: Jes\u00fas Caso F: 29-11-2019 P: L: Pamplona T: Procesi\u00f3n de San Saturnino."},{"@type":"BreadcrumbList","@id":"https:\/\/www.laguiadepamplona.com\/actualidad\/el-lunes-pamplona-festeja-el-dia-de-su-patron-san-saturnino-con-la-comparsa-de-gigantes-y-cabezudos-procesion-misa-y-concierto-de-la-pamplonesa\/#breadcrumb","itemListElement":[{"@type":"ListItem","position":1,"name":"Portada","item":"https:\/\/www.laguiadepamplona.com\/actualidad\/"},{"@type":"ListItem","position":2,"name":"El lunes Pamplona festeja el d\u00eda de su patr\u00f3n, San Saturnino, con la Comparsa de Gigantes y Cabezudos, procesi\u00f3n, misa y concierto de La Pamplonesa"}]},{"@type":"WebSite","@id":"https:\/\/www.laguiadepamplona.com\/actualidad\/#website","url":"https:\/\/www.laguiadepamplona.com\/actualidad\/","name":"La gu\u00eda de Pamplona","description":"Noticias de Pamplona","publisher":{"@id":"https:\/\/www.laguiadepamplona.com\/actualidad\/#organization"},"potentialAction":[{"@type":"SearchAction","target":{"@type":"EntryPoint","urlTemplate":"https:\/\/www.laguiadepamplona.com\/actualidad\/?s={search_term_string}"},"query-input":{"@type":"PropertyValueSpecification","valueRequired":true,"valueName":"search_term_string"}}],"inLanguage":"es"},{"@type":"Organization","@id":"https:\/\/www.laguiadepamplona.com\/actualidad\/#organization","name":"La Gu\u00eda de Pamplona \/ Noticias","url":"https:\/\/www.laguiadepamplona.com\/actualidad\/","logo":{"@type":"ImageObject","inLanguage":"es","@id":"https:\/\/www.laguiadepamplona.com\/actualidad\/#\/schema\/logo\/image\/","url":"https:\/\/www.laguiadepamplona.com\/actualidad\/wp-content\/uploads\/2018\/11\/logo-laguiadepamplona18-web1.png","contentUrl":"https:\/\/www.laguiadepamplona.com\/actualidad\/wp-content\/uploads\/2018\/11\/logo-laguiadepamplona18-web1.png","width":600,"height":196,"caption":"La Gu\u00eda de Pamplona \/ Noticias"},"image":{"@id":"https:\/\/www.laguiadepamplona.com\/actualidad\/#\/schema\/logo\/image\/"},"sameAs":["https:\/\/www.facebook.com\/laguiadepamplonacom-133175176762273\/?ref=hl","https:\/\/x.com\/LaGuiadPamplona","https:\/\/www.instagram.com\/la_guia_de_pamplona\/","https:\/\/www.youtube.com\/user\/laguiadepamplona"]},{"@type":"Person","@id":"https:\/\/www.laguiadepamplona.com\/actualidad\/#\/schema\/person\/efe887376f0213d4657c93adc50b1fdb","name":"La Gu\u00eda de Pamplona","image":{"@type":"ImageObject","inLanguage":"es","@id":"https:\/\/secure.gravatar.com\/avatar\/b6992f131dc8d30ab0dff15446e9d346d9dbd95992de0fef795073f5ea83a81c?s=96&d=mm&r=g","url":"https:\/\/secure.gravatar.com\/avatar\/b6992f131dc8d30ab0dff15446e9d346d9dbd95992de0fef795073f5ea83a81c?s=96&d=mm&r=g","contentUrl":"https:\/\/secure.gravatar.com\/avatar\/b6992f131dc8d30ab0dff15446e9d346d9dbd95992de0fef795073f5ea83a81c?s=96&d=mm&r=g","caption":"La Gu\u00eda de Pamplona"}}]}},"post_mailing_queue_ids":[],"_links":{"self":[{"href":"https:\/\/www.laguiadepamplona.com\/actualidad\/wp-json\/wp\/v2\/posts\/37767","targetHints":{"allow":["GET"]}}],"collection":[{"href":"https:\/\/www.laguiadepamplona.com\/actualidad\/wp-json\/wp\/v2\/posts"}],"about":[{"href":"https:\/\/www.laguiadepamplona.com\/actualidad\/wp-json\/wp\/v2\/types\/post"}],"author":[{"embeddable":true,"href":"https:\/\/www.laguiadepamplona.com\/actualidad\/wp-json\/wp\/v2\/users\/1"}],"replies":[{"embeddable":true,"href":"https:\/\/www.laguiadepamplona.com\/actualidad\/wp-json\/wp\/v2\/comments?post=37767"}],"version-history":[{"count":0,"href":"https:\/\/www.laguiadepamplona.com\/actualidad\/wp-json\/wp\/v2\/posts\/37767\/revisions"}],"wp:featuredmedia":[{"embeddable":true,"href":"https:\/\/www.laguiadepamplona.com\/actualidad\/wp-json\/wp\/v2\/media\/37466"}],"wp:attachment":[{"href":"https:\/\/www.laguiadepamplona.com\/actualidad\/wp-json\/wp\/v2\/media?parent=37767"}],"wp:term":[{"taxonomy":"category","embeddable":true,"href":"https:\/\/www.laguiadepamplona.com\/actualidad\/wp-json\/wp\/v2\/categories?post=37767"},{"taxonomy":"post_tag","embeddable":true,"href":"https:\/\/www.laguiadepamplona.com\/actualidad\/wp-json\/wp\/v2\/tags?post=37767"}],"curies":[{"name":"wp","href":"https:\/\/api.w.org\/{rel}","templated":true}]}}