{"id":37765,"date":"2021-11-26T19:02:24","date_gmt":"2021-11-26T17:02:24","guid":{"rendered":"https:\/\/www.laguiadepamplona.com\/actualidad\/?p=37765"},"modified":"2023-04-11T11:48:43","modified_gmt":"2023-04-11T09:48:43","slug":"reabre-al-trafico-la-cuesta-de-santo-domingo-tras-permanecer-cerrada-desde-finales-de-octubre-por-reparaciones-en-la-calzada-y-el-talud","status":"publish","type":"post","link":"https:\/\/www.laguiadepamplona.com\/actualidad\/reabre-al-trafico-la-cuesta-de-santo-domingo-tras-permanecer-cerrada-desde-finales-de-octubre-por-reparaciones-en-la-calzada-y-el-talud\/","title":{"rendered":"Reabre al tr\u00e1fico la cuesta de Santo Domingo tras permanecer cerrada desde finales de octubre por reparaciones en la calzada y el talud"},"content":{"rendered":"<h5>La apertura es provisional, pues falta el pintado de la se\u00f1al\u00e9tica horizontal en la calzada, que se aplaza hasta la mejora de la climatolog\u00eda<\/h5>\n<p><!--more--><\/p>\n<p>La cuesta de Santo Domingo se ha reabierto al tr\u00e1fico este viernes, despu\u00e9s de un mes de cierre para acometer labores de reparaci\u00f3n de grietas en la calzada y de correcci\u00f3n de las filtraciones de agua en el talud del muro sur. La reapertura es provisional, pues los trabajos no han concluido. Falta pintar la se\u00f1al\u00e9tica horizontal en la calzada, pero la climatolog\u00eda previsto no lo permite. Al carecer de esa se\u00f1alizaci\u00f3n, se mantendr\u00e1n las se\u00f1ales de peligro y de limitaci\u00f3n de velocidad.<br \/>\n<script async src=\"\/\/pagead2.googlesyndication.com\/pagead\/js\/adsbygoogle.js\"><\/script><br \/>\n<!-- Noticias La Guia de Pamplona --><br \/>\n<ins class=\"adsbygoogle\"\nstyle=\"display:block\"\ndata-ad-client=\"ca-pub-6943679897239327\"\ndata-ad-slot=\"7048180777\"\ndata-ad-format=\"auto\"><\/ins><br \/>\n<script>\n(adsbygoogle = window.adsbygoogle || []).push({});\n<\/script><\/p>\n<p>La apertura al tr\u00e1fico se ha adelantado unos d\u00edas, pues estaba prevista para el pr\u00f3ximo 3 de diciembre. Estas obras de contenci\u00f3n del talud entre el puente de Curtidores y los corrales de Santo Domingo cuentan con un presupuesto de 134.621,86 euros Los trabajos que se han realizado se dividen en cuatro actuaciones: reparaci\u00f3n de la zona agrietada en la calzada, ejecuci\u00f3n de una nueva zanja drenante que discurra por el lado sur de la calzada, conexi\u00f3n de la misma a las conducciones existentes de pluviales y, por \u00faltimo, el drenaje del muro sur.<\/p>\n<p>Las grietas ya reparadas en la calzada han supuesto una actuaci\u00f3n en una superficie de casi 400 metros cuadrados, incluido tambi\u00e9n un tramo de la acera que se ha reconstruido tras la actuaci\u00f3n en el pavimento. Tambi\u00e9n en calzada, se ha realizado una nueva zanja drenante del muro sur con una longitud de 186 metros, que discurre desde la zona del talud donde aparec\u00edan las filtraciones hasta la intersecci\u00f3n con el saneamiento existente al inicio del puente de Curtidores. La cuarta actuaci\u00f3n tiene que ver con el drenaje del muro sur, donde existen una serie de salidas de agua cuasipermanentes, que se han recogido con un saneo en el trasd\u00f3s del muro y en toda su altura, as\u00ed como con el relleno con grava de esas zonas. El agua recogida por la grava del trasd\u00f3s se ha conectado con la nueva zanja drenante mediante tubos de saneamiento.<\/p>\n","protected":false},"excerpt":{"rendered":"<p>La apertura es provisional, pues falta el pintado de la se\u00f1al\u00e9tica horizontal en la calzada, que se aplaza hasta la mejora de la climatolog\u00eda<\/p>\n","protected":false},"author":1,"featured_media":36812,"comment_status":"open","ping_status":"closed","sticky":false,"template":"","format":"standard","meta":{"footnotes":""},"categories":[2],"tags":[],"class_list":["post-37765","post","type-post","status-publish","format-standard","has-post-thumbnail","hentry","category-ayuntamiento-pamplona"],"yoast_head":"<!-- This site is optimized with the Yoast SEO plugin v27.5 - https:\/\/yoast.com\/product\/yoast-seo-wordpress\/ -->\n<title>Reabre al tr\u00e1fico la cuesta de Santo Domingo tras permanecer cerrada desde finales de octubre por reparaciones en la calzada y el talud<\/title>\n<meta name=\"description\" content=\"La apertura es provisional, pues falta el pintado de la se\u00f1al\u00e9tica horizontal en la calzada, que se aplaza hasta la mejora de la climatolog\u00eda\" \/>\n<meta name=\"robots\" content=\"index, follow, max-snippet:-1, max-image-preview:large, max-video-preview:-1\" \/>\n<link rel=\"canonical\" href=\"https:\/\/www.laguiadepamplona.com\/actualidad\/reabre-al-trafico-la-cuesta-de-santo-domingo-tras-permanecer-cerrada-desde-finales-de-octubre-por-reparaciones-en-la-calzada-y-el-talud\/\" \/>\n<meta property=\"og:locale\" content=\"es_ES\" \/>\n<meta property=\"og:type\" content=\"article\" \/>\n<meta property=\"og:title\" content=\"Reabre al tr\u00e1fico la cuesta de Santo Domingo tras permanecer cerrada desde finales de octubre por reparaciones en la calzada y el talud\" \/>\n<meta property=\"og:description\" content=\"La apertura es provisional, pues falta el pintado de la se\u00f1al\u00e9tica horizontal en la calzada, que se aplaza hasta la mejora de la climatolog\u00eda\" \/>\n<meta property=\"og:url\" content=\"https:\/\/www.laguiadepamplona.com\/actualidad\/reabre-al-trafico-la-cuesta-de-santo-domingo-tras-permanecer-cerrada-desde-finales-de-octubre-por-reparaciones-en-la-calzada-y-el-talud\/\" \/>\n<meta property=\"og:site_name\" content=\"La Gu\u00eda de Pamplona\" \/>\n<meta property=\"article:publisher\" content=\"https:\/\/www.facebook.com\/laguiadepamplonacom-133175176762273\/?ref=hl\" \/>\n<meta property=\"article:published_time\" content=\"2021-11-26T17:02:24+00:00\" \/>\n<meta property=\"article:modified_time\" content=\"2023-04-11T09:48:43+00:00\" \/>\n<meta property=\"og:image\" content=\"https:\/\/www.laguiadepamplona.com\/actualidad\/wp-content\/uploads\/2021\/10\/talud-entre-el-puente-de-Curtidores-y-los-corrales-de-Santo-Domingo.jpg\" \/>\n\t<meta property=\"og:image:width\" content=\"1824\" \/>\n\t<meta property=\"og:image:height\" content=\"1368\" \/>\n\t<meta property=\"og:image:type\" content=\"image\/jpeg\" \/>\n<meta name=\"author\" content=\"La Gu\u00eda de Pamplona\" \/>\n<meta name=\"twitter:card\" content=\"summary_large_image\" \/>\n<meta name=\"twitter:creator\" content=\"@LaGuiadPamplona\" \/>\n<meta name=\"twitter:site\" content=\"@LaGuiadPamplona\" \/>\n<meta name=\"twitter:label1\" content=\"Escrito por\" \/>\n\t<meta name=\"twitter:data1\" content=\"La Gu\u00eda de Pamplona\" \/>\n\t<meta name=\"twitter:label2\" content=\"Tiempo de lectura\" \/>\n\t<meta name=\"twitter:data2\" content=\"2 minutos\" \/>\n<script type=\"application\/ld+json\" class=\"yoast-schema-graph\">{\"@context\":\"https:\\\/\\\/schema.org\",\"@graph\":[{\"@type\":\"Article\",\"@id\":\"https:\\\/\\\/www.laguiadepamplona.com\\\/actualidad\\\/reabre-al-trafico-la-cuesta-de-santo-domingo-tras-permanecer-cerrada-desde-finales-de-octubre-por-reparaciones-en-la-calzada-y-el-talud\\\/#article\",\"isPartOf\":{\"@id\":\"https:\\\/\\\/www.laguiadepamplona.com\\\/actualidad\\\/reabre-al-trafico-la-cuesta-de-santo-domingo-tras-permanecer-cerrada-desde-finales-de-octubre-por-reparaciones-en-la-calzada-y-el-talud\\\/\"},\"author\":{\"name\":\"La Gu\u00eda de Pamplona\",\"@id\":\"https:\\\/\\\/www.laguiadepamplona.com\\\/actualidad\\\/#\\\/schema\\\/person\\\/efe887376f0213d4657c93adc50b1fdb\"},\"headline\":\"Reabre al tr\u00e1fico la cuesta de Santo Domingo tras permanecer cerrada desde finales de octubre por reparaciones en la calzada y el talud\",\"datePublished\":\"2021-11-26T17:02:24+00:00\",\"dateModified\":\"2023-04-11T09:48:43+00:00\",\"mainEntityOfPage\":{\"@id\":\"https:\\\/\\\/www.laguiadepamplona.com\\\/actualidad\\\/reabre-al-trafico-la-cuesta-de-santo-domingo-tras-permanecer-cerrada-desde-finales-de-octubre-por-reparaciones-en-la-calzada-y-el-talud\\\/\"},\"wordCount\":399,\"commentCount\":0,\"publisher\":{\"@id\":\"https:\\\/\\\/www.laguiadepamplona.com\\\/actualidad\\\/#organization\"},\"image\":{\"@id\":\"https:\\\/\\\/www.laguiadepamplona.com\\\/actualidad\\\/reabre-al-trafico-la-cuesta-de-santo-domingo-tras-permanecer-cerrada-desde-finales-de-octubre-por-reparaciones-en-la-calzada-y-el-talud\\\/#primaryimage\"},\"thumbnailUrl\":\"https:\\\/\\\/www.laguiadepamplona.com\\\/actualidad\\\/wp-content\\\/uploads\\\/2021\\\/10\\\/talud-entre-el-puente-de-Curtidores-y-los-corrales-de-Santo-Domingo.jpg\",\"articleSection\":[\"Ayto Pamplona\"],\"inLanguage\":\"es\",\"potentialAction\":[{\"@type\":\"CommentAction\",\"name\":\"Comment\",\"target\":[\"https:\\\/\\\/www.laguiadepamplona.com\\\/actualidad\\\/reabre-al-trafico-la-cuesta-de-santo-domingo-tras-permanecer-cerrada-desde-finales-de-octubre-por-reparaciones-en-la-calzada-y-el-talud\\\/#respond\"]}]},{\"@type\":\"WebPage\",\"@id\":\"https:\\\/\\\/www.laguiadepamplona.com\\\/actualidad\\\/reabre-al-trafico-la-cuesta-de-santo-domingo-tras-permanecer-cerrada-desde-finales-de-octubre-por-reparaciones-en-la-calzada-y-el-talud\\\/\",\"url\":\"https:\\\/\\\/www.laguiadepamplona.com\\\/actualidad\\\/reabre-al-trafico-la-cuesta-de-santo-domingo-tras-permanecer-cerrada-desde-finales-de-octubre-por-reparaciones-en-la-calzada-y-el-talud\\\/\",\"name\":\"Reabre al tr\u00e1fico la cuesta de Santo Domingo tras permanecer cerrada desde finales de octubre por reparaciones en la calzada y el talud\",\"isPartOf\":{\"@id\":\"https:\\\/\\\/www.laguiadepamplona.com\\\/actualidad\\\/#website\"},\"primaryImageOfPage\":{\"@id\":\"https:\\\/\\\/www.laguiadepamplona.com\\\/actualidad\\\/reabre-al-trafico-la-cuesta-de-santo-domingo-tras-permanecer-cerrada-desde-finales-de-octubre-por-reparaciones-en-la-calzada-y-el-talud\\\/#primaryimage\"},\"image\":{\"@id\":\"https:\\\/\\\/www.laguiadepamplona.com\\\/actualidad\\\/reabre-al-trafico-la-cuesta-de-santo-domingo-tras-permanecer-cerrada-desde-finales-de-octubre-por-reparaciones-en-la-calzada-y-el-talud\\\/#primaryimage\"},\"thumbnailUrl\":\"https:\\\/\\\/www.laguiadepamplona.com\\\/actualidad\\\/wp-content\\\/uploads\\\/2021\\\/10\\\/talud-entre-el-puente-de-Curtidores-y-los-corrales-de-Santo-Domingo.jpg\",\"datePublished\":\"2021-11-26T17:02:24+00:00\",\"dateModified\":\"2023-04-11T09:48:43+00:00\",\"description\":\"La apertura es provisional, pues falta el pintado de la se\u00f1al\u00e9tica horizontal en la calzada, que se aplaza hasta la mejora de la climatolog\u00eda\",\"breadcrumb\":{\"@id\":\"https:\\\/\\\/www.laguiadepamplona.com\\\/actualidad\\\/reabre-al-trafico-la-cuesta-de-santo-domingo-tras-permanecer-cerrada-desde-finales-de-octubre-por-reparaciones-en-la-calzada-y-el-talud\\\/#breadcrumb\"},\"inLanguage\":\"es\",\"potentialAction\":[{\"@type\":\"ReadAction\",\"target\":[\"https:\\\/\\\/www.laguiadepamplona.com\\\/actualidad\\\/reabre-al-trafico-la-cuesta-de-santo-domingo-tras-permanecer-cerrada-desde-finales-de-octubre-por-reparaciones-en-la-calzada-y-el-talud\\\/\"]}]},{\"@type\":\"ImageObject\",\"inLanguage\":\"es\",\"@id\":\"https:\\\/\\\/www.laguiadepamplona.com\\\/actualidad\\\/reabre-al-trafico-la-cuesta-de-santo-domingo-tras-permanecer-cerrada-desde-finales-de-octubre-por-reparaciones-en-la-calzada-y-el-talud\\\/#primaryimage\",\"url\":\"https:\\\/\\\/www.laguiadepamplona.com\\\/actualidad\\\/wp-content\\\/uploads\\\/2021\\\/10\\\/talud-entre-el-puente-de-Curtidores-y-los-corrales-de-Santo-Domingo.jpg\",\"contentUrl\":\"https:\\\/\\\/www.laguiadepamplona.com\\\/actualidad\\\/wp-content\\\/uploads\\\/2021\\\/10\\\/talud-entre-el-puente-de-Curtidores-y-los-corrales-de-Santo-Domingo.jpg\",\"width\":1824,\"height\":1368},{\"@type\":\"BreadcrumbList\",\"@id\":\"https:\\\/\\\/www.laguiadepamplona.com\\\/actualidad\\\/reabre-al-trafico-la-cuesta-de-santo-domingo-tras-permanecer-cerrada-desde-finales-de-octubre-por-reparaciones-en-la-calzada-y-el-talud\\\/#breadcrumb\",\"itemListElement\":[{\"@type\":\"ListItem\",\"position\":1,\"name\":\"Portada\",\"item\":\"https:\\\/\\\/www.laguiadepamplona.com\\\/actualidad\\\/\"},{\"@type\":\"ListItem\",\"position\":2,\"name\":\"Reabre al tr\u00e1fico la cuesta de Santo Domingo tras permanecer cerrada desde finales de octubre por reparaciones en la calzada y el talud\"}]},{\"@type\":\"WebSite\",\"@id\":\"https:\\\/\\\/www.laguiadepamplona.com\\\/actualidad\\\/#website\",\"url\":\"https:\\\/\\\/www.laguiadepamplona.com\\\/actualidad\\\/\",\"name\":\"La gu\u00eda de Pamplona\",\"description\":\"Noticias de Pamplona\",\"publisher\":{\"@id\":\"https:\\\/\\\/www.laguiadepamplona.com\\\/actualidad\\\/#organization\"},\"potentialAction\":[{\"@type\":\"SearchAction\",\"target\":{\"@type\":\"EntryPoint\",\"urlTemplate\":\"https:\\\/\\\/www.laguiadepamplona.com\\\/actualidad\\\/?s={search_term_string}\"},\"query-input\":{\"@type\":\"PropertyValueSpecification\",\"valueRequired\":true,\"valueName\":\"search_term_string\"}}],\"inLanguage\":\"es\"},{\"@type\":\"Organization\",\"@id\":\"https:\\\/\\\/www.laguiadepamplona.com\\\/actualidad\\\/#organization\",\"name\":\"La Gu\u00eda de Pamplona \\\/ Noticias\",\"url\":\"https:\\\/\\\/www.laguiadepamplona.com\\\/actualidad\\\/\",\"logo\":{\"@type\":\"ImageObject\",\"inLanguage\":\"es\",\"@id\":\"https:\\\/\\\/www.laguiadepamplona.com\\\/actualidad\\\/#\\\/schema\\\/logo\\\/image\\\/\",\"url\":\"https:\\\/\\\/www.laguiadepamplona.com\\\/actualidad\\\/wp-content\\\/uploads\\\/2018\\\/11\\\/logo-laguiadepamplona18-web1.png\",\"contentUrl\":\"https:\\\/\\\/www.laguiadepamplona.com\\\/actualidad\\\/wp-content\\\/uploads\\\/2018\\\/11\\\/logo-laguiadepamplona18-web1.png\",\"width\":600,\"height\":196,\"caption\":\"La Gu\u00eda de Pamplona \\\/ Noticias\"},\"image\":{\"@id\":\"https:\\\/\\\/www.laguiadepamplona.com\\\/actualidad\\\/#\\\/schema\\\/logo\\\/image\\\/\"},\"sameAs\":[\"https:\\\/\\\/www.facebook.com\\\/laguiadepamplonacom-133175176762273\\\/?ref=hl\",\"https:\\\/\\\/x.com\\\/LaGuiadPamplona\",\"https:\\\/\\\/www.instagram.com\\\/la_guia_de_pamplona\\\/\",\"https:\\\/\\\/www.youtube.com\\\/user\\\/laguiadepamplona\"]},{\"@type\":\"Person\",\"@id\":\"https:\\\/\\\/www.laguiadepamplona.com\\\/actualidad\\\/#\\\/schema\\\/person\\\/efe887376f0213d4657c93adc50b1fdb\",\"name\":\"La Gu\u00eda de Pamplona\",\"image\":{\"@type\":\"ImageObject\",\"inLanguage\":\"es\",\"@id\":\"https:\\\/\\\/secure.gravatar.com\\\/avatar\\\/b6992f131dc8d30ab0dff15446e9d346d9dbd95992de0fef795073f5ea83a81c?s=96&d=mm&r=g\",\"url\":\"https:\\\/\\\/secure.gravatar.com\\\/avatar\\\/b6992f131dc8d30ab0dff15446e9d346d9dbd95992de0fef795073f5ea83a81c?s=96&d=mm&r=g\",\"contentUrl\":\"https:\\\/\\\/secure.gravatar.com\\\/avatar\\\/b6992f131dc8d30ab0dff15446e9d346d9dbd95992de0fef795073f5ea83a81c?s=96&d=mm&r=g\",\"caption\":\"La Gu\u00eda de Pamplona\"}}]}<\/script>\n<!-- \/ Yoast SEO plugin. -->","yoast_head_json":{"title":"Reabre al tr\u00e1fico la cuesta de Santo Domingo tras permanecer cerrada desde finales de octubre por reparaciones en la calzada y el talud","description":"La apertura es provisional, pues falta el pintado de la se\u00f1al\u00e9tica horizontal en la calzada, que se aplaza hasta la mejora de la climatolog\u00eda","robots":{"index":"index","follow":"follow","max-snippet":"max-snippet:-1","max-image-preview":"max-image-preview:large","max-video-preview":"max-video-preview:-1"},"canonical":"https:\/\/www.laguiadepamplona.com\/actualidad\/reabre-al-trafico-la-cuesta-de-santo-domingo-tras-permanecer-cerrada-desde-finales-de-octubre-por-reparaciones-en-la-calzada-y-el-talud\/","og_locale":"es_ES","og_type":"article","og_title":"Reabre al tr\u00e1fico la cuesta de Santo Domingo tras permanecer cerrada desde finales de octubre por reparaciones en la calzada y el talud","og_description":"La apertura es provisional, pues falta el pintado de la se\u00f1al\u00e9tica horizontal en la calzada, que se aplaza hasta la mejora de la climatolog\u00eda","og_url":"https:\/\/www.laguiadepamplona.com\/actualidad\/reabre-al-trafico-la-cuesta-de-santo-domingo-tras-permanecer-cerrada-desde-finales-de-octubre-por-reparaciones-en-la-calzada-y-el-talud\/","og_site_name":"La Gu\u00eda de Pamplona","article_publisher":"https:\/\/www.facebook.com\/laguiadepamplonacom-133175176762273\/?ref=hl","article_published_time":"2021-11-26T17:02:24+00:00","article_modified_time":"2023-04-11T09:48:43+00:00","og_image":[{"width":1824,"height":1368,"url":"https:\/\/www.laguiadepamplona.com\/actualidad\/wp-content\/uploads\/2021\/10\/talud-entre-el-puente-de-Curtidores-y-los-corrales-de-Santo-Domingo.jpg","type":"image\/jpeg"}],"author":"La Gu\u00eda de Pamplona","twitter_card":"summary_large_image","twitter_creator":"@LaGuiadPamplona","twitter_site":"@LaGuiadPamplona","twitter_misc":{"Escrito por":"La Gu\u00eda de Pamplona","Tiempo de lectura":"2 minutos"},"schema":{"@context":"https:\/\/schema.org","@graph":[{"@type":"Article","@id":"https:\/\/www.laguiadepamplona.com\/actualidad\/reabre-al-trafico-la-cuesta-de-santo-domingo-tras-permanecer-cerrada-desde-finales-de-octubre-por-reparaciones-en-la-calzada-y-el-talud\/#article","isPartOf":{"@id":"https:\/\/www.laguiadepamplona.com\/actualidad\/reabre-al-trafico-la-cuesta-de-santo-domingo-tras-permanecer-cerrada-desde-finales-de-octubre-por-reparaciones-en-la-calzada-y-el-talud\/"},"author":{"name":"La Gu\u00eda de Pamplona","@id":"https:\/\/www.laguiadepamplona.com\/actualidad\/#\/schema\/person\/efe887376f0213d4657c93adc50b1fdb"},"headline":"Reabre al tr\u00e1fico la cuesta de Santo Domingo tras permanecer cerrada desde finales de octubre por reparaciones en la calzada y el talud","datePublished":"2021-11-26T17:02:24+00:00","dateModified":"2023-04-11T09:48:43+00:00","mainEntityOfPage":{"@id":"https:\/\/www.laguiadepamplona.com\/actualidad\/reabre-al-trafico-la-cuesta-de-santo-domingo-tras-permanecer-cerrada-desde-finales-de-octubre-por-reparaciones-en-la-calzada-y-el-talud\/"},"wordCount":399,"commentCount":0,"publisher":{"@id":"https:\/\/www.laguiadepamplona.com\/actualidad\/#organization"},"image":{"@id":"https:\/\/www.laguiadepamplona.com\/actualidad\/reabre-al-trafico-la-cuesta-de-santo-domingo-tras-permanecer-cerrada-desde-finales-de-octubre-por-reparaciones-en-la-calzada-y-el-talud\/#primaryimage"},"thumbnailUrl":"https:\/\/www.laguiadepamplona.com\/actualidad\/wp-content\/uploads\/2021\/10\/talud-entre-el-puente-de-Curtidores-y-los-corrales-de-Santo-Domingo.jpg","articleSection":["Ayto Pamplona"],"inLanguage":"es","potentialAction":[{"@type":"CommentAction","name":"Comment","target":["https:\/\/www.laguiadepamplona.com\/actualidad\/reabre-al-trafico-la-cuesta-de-santo-domingo-tras-permanecer-cerrada-desde-finales-de-octubre-por-reparaciones-en-la-calzada-y-el-talud\/#respond"]}]},{"@type":"WebPage","@id":"https:\/\/www.laguiadepamplona.com\/actualidad\/reabre-al-trafico-la-cuesta-de-santo-domingo-tras-permanecer-cerrada-desde-finales-de-octubre-por-reparaciones-en-la-calzada-y-el-talud\/","url":"https:\/\/www.laguiadepamplona.com\/actualidad\/reabre-al-trafico-la-cuesta-de-santo-domingo-tras-permanecer-cerrada-desde-finales-de-octubre-por-reparaciones-en-la-calzada-y-el-talud\/","name":"Reabre al tr\u00e1fico la cuesta de Santo Domingo tras permanecer cerrada desde finales de octubre por reparaciones en la calzada y el talud","isPartOf":{"@id":"https:\/\/www.laguiadepamplona.com\/actualidad\/#website"},"primaryImageOfPage":{"@id":"https:\/\/www.laguiadepamplona.com\/actualidad\/reabre-al-trafico-la-cuesta-de-santo-domingo-tras-permanecer-cerrada-desde-finales-de-octubre-por-reparaciones-en-la-calzada-y-el-talud\/#primaryimage"},"image":{"@id":"https:\/\/www.laguiadepamplona.com\/actualidad\/reabre-al-trafico-la-cuesta-de-santo-domingo-tras-permanecer-cerrada-desde-finales-de-octubre-por-reparaciones-en-la-calzada-y-el-talud\/#primaryimage"},"thumbnailUrl":"https:\/\/www.laguiadepamplona.com\/actualidad\/wp-content\/uploads\/2021\/10\/talud-entre-el-puente-de-Curtidores-y-los-corrales-de-Santo-Domingo.jpg","datePublished":"2021-11-26T17:02:24+00:00","dateModified":"2023-04-11T09:48:43+00:00","description":"La apertura es provisional, pues falta el pintado de la se\u00f1al\u00e9tica horizontal en la calzada, que se aplaza hasta la mejora de la climatolog\u00eda","breadcrumb":{"@id":"https:\/\/www.laguiadepamplona.com\/actualidad\/reabre-al-trafico-la-cuesta-de-santo-domingo-tras-permanecer-cerrada-desde-finales-de-octubre-por-reparaciones-en-la-calzada-y-el-talud\/#breadcrumb"},"inLanguage":"es","potentialAction":[{"@type":"ReadAction","target":["https:\/\/www.laguiadepamplona.com\/actualidad\/reabre-al-trafico-la-cuesta-de-santo-domingo-tras-permanecer-cerrada-desde-finales-de-octubre-por-reparaciones-en-la-calzada-y-el-talud\/"]}]},{"@type":"ImageObject","inLanguage":"es","@id":"https:\/\/www.laguiadepamplona.com\/actualidad\/reabre-al-trafico-la-cuesta-de-santo-domingo-tras-permanecer-cerrada-desde-finales-de-octubre-por-reparaciones-en-la-calzada-y-el-talud\/#primaryimage","url":"https:\/\/www.laguiadepamplona.com\/actualidad\/wp-content\/uploads\/2021\/10\/talud-entre-el-puente-de-Curtidores-y-los-corrales-de-Santo-Domingo.jpg","contentUrl":"https:\/\/www.laguiadepamplona.com\/actualidad\/wp-content\/uploads\/2021\/10\/talud-entre-el-puente-de-Curtidores-y-los-corrales-de-Santo-Domingo.jpg","width":1824,"height":1368},{"@type":"BreadcrumbList","@id":"https:\/\/www.laguiadepamplona.com\/actualidad\/reabre-al-trafico-la-cuesta-de-santo-domingo-tras-permanecer-cerrada-desde-finales-de-octubre-por-reparaciones-en-la-calzada-y-el-talud\/#breadcrumb","itemListElement":[{"@type":"ListItem","position":1,"name":"Portada","item":"https:\/\/www.laguiadepamplona.com\/actualidad\/"},{"@type":"ListItem","position":2,"name":"Reabre al tr\u00e1fico la cuesta de Santo Domingo tras permanecer cerrada desde finales de octubre por reparaciones en la calzada y el talud"}]},{"@type":"WebSite","@id":"https:\/\/www.laguiadepamplona.com\/actualidad\/#website","url":"https:\/\/www.laguiadepamplona.com\/actualidad\/","name":"La gu\u00eda de Pamplona","description":"Noticias de Pamplona","publisher":{"@id":"https:\/\/www.laguiadepamplona.com\/actualidad\/#organization"},"potentialAction":[{"@type":"SearchAction","target":{"@type":"EntryPoint","urlTemplate":"https:\/\/www.laguiadepamplona.com\/actualidad\/?s={search_term_string}"},"query-input":{"@type":"PropertyValueSpecification","valueRequired":true,"valueName":"search_term_string"}}],"inLanguage":"es"},{"@type":"Organization","@id":"https:\/\/www.laguiadepamplona.com\/actualidad\/#organization","name":"La Gu\u00eda de Pamplona \/ Noticias","url":"https:\/\/www.laguiadepamplona.com\/actualidad\/","logo":{"@type":"ImageObject","inLanguage":"es","@id":"https:\/\/www.laguiadepamplona.com\/actualidad\/#\/schema\/logo\/image\/","url":"https:\/\/www.laguiadepamplona.com\/actualidad\/wp-content\/uploads\/2018\/11\/logo-laguiadepamplona18-web1.png","contentUrl":"https:\/\/www.laguiadepamplona.com\/actualidad\/wp-content\/uploads\/2018\/11\/logo-laguiadepamplona18-web1.png","width":600,"height":196,"caption":"La Gu\u00eda de Pamplona \/ Noticias"},"image":{"@id":"https:\/\/www.laguiadepamplona.com\/actualidad\/#\/schema\/logo\/image\/"},"sameAs":["https:\/\/www.facebook.com\/laguiadepamplonacom-133175176762273\/?ref=hl","https:\/\/x.com\/LaGuiadPamplona","https:\/\/www.instagram.com\/la_guia_de_pamplona\/","https:\/\/www.youtube.com\/user\/laguiadepamplona"]},{"@type":"Person","@id":"https:\/\/www.laguiadepamplona.com\/actualidad\/#\/schema\/person\/efe887376f0213d4657c93adc50b1fdb","name":"La Gu\u00eda de Pamplona","image":{"@type":"ImageObject","inLanguage":"es","@id":"https:\/\/secure.gravatar.com\/avatar\/b6992f131dc8d30ab0dff15446e9d346d9dbd95992de0fef795073f5ea83a81c?s=96&d=mm&r=g","url":"https:\/\/secure.gravatar.com\/avatar\/b6992f131dc8d30ab0dff15446e9d346d9dbd95992de0fef795073f5ea83a81c?s=96&d=mm&r=g","contentUrl":"https:\/\/secure.gravatar.com\/avatar\/b6992f131dc8d30ab0dff15446e9d346d9dbd95992de0fef795073f5ea83a81c?s=96&d=mm&r=g","caption":"La Gu\u00eda de Pamplona"}}]}},"post_mailing_queue_ids":[],"_links":{"self":[{"href":"https:\/\/www.laguiadepamplona.com\/actualidad\/wp-json\/wp\/v2\/posts\/37765","targetHints":{"allow":["GET"]}}],"collection":[{"href":"https:\/\/www.laguiadepamplona.com\/actualidad\/wp-json\/wp\/v2\/posts"}],"about":[{"href":"https:\/\/www.laguiadepamplona.com\/actualidad\/wp-json\/wp\/v2\/types\/post"}],"author":[{"embeddable":true,"href":"https:\/\/www.laguiadepamplona.com\/actualidad\/wp-json\/wp\/v2\/users\/1"}],"replies":[{"embeddable":true,"href":"https:\/\/www.laguiadepamplona.com\/actualidad\/wp-json\/wp\/v2\/comments?post=37765"}],"version-history":[{"count":0,"href":"https:\/\/www.laguiadepamplona.com\/actualidad\/wp-json\/wp\/v2\/posts\/37765\/revisions"}],"wp:featuredmedia":[{"embeddable":true,"href":"https:\/\/www.laguiadepamplona.com\/actualidad\/wp-json\/wp\/v2\/media\/36812"}],"wp:attachment":[{"href":"https:\/\/www.laguiadepamplona.com\/actualidad\/wp-json\/wp\/v2\/media?parent=37765"}],"wp:term":[{"taxonomy":"category","embeddable":true,"href":"https:\/\/www.laguiadepamplona.com\/actualidad\/wp-json\/wp\/v2\/categories?post=37765"},{"taxonomy":"post_tag","embeddable":true,"href":"https:\/\/www.laguiadepamplona.com\/actualidad\/wp-json\/wp\/v2\/tags?post=37765"}],"curies":[{"name":"wp","href":"https:\/\/api.w.org\/{rel}","templated":true}]}}