{"id":37762,"date":"2021-11-26T18:56:54","date_gmt":"2021-11-26T16:56:54","guid":{"rendered":"https:\/\/www.laguiadepamplona.com\/actualidad\/?p=37762"},"modified":"2023-04-11T11:48:43","modified_gmt":"2023-04-11T09:48:43","slug":"la-exposicion-dar-luz-al-dolor-reflexiona-en-condestable-sobre-el-duelo-la-muerte-el-arte-y-la-vida-a-traves-de-los-testimonios-de-83-personas-y-la-obra-de-14-artistas","status":"publish","type":"post","link":"https:\/\/www.laguiadepamplona.com\/actualidad\/la-exposicion-dar-luz-al-dolor-reflexiona-en-condestable-sobre-el-duelo-la-muerte-el-arte-y-la-vida-a-traves-de-los-testimonios-de-83-personas-y-la-obra-de-14-artistas\/","title":{"rendered":"La exposici\u00f3n \u2018Dar luz al dolor\u2019 reflexiona en Condestable sobre el duelo, la muerte, el arte y la vida, a trav\u00e9s de los testimonios de 83 personas y la obra de 14 artistas"},"content":{"rendered":"<h5>La muestra es fruto de la colaboraci\u00f3n de la Asociaci\u00f3n Goizargi y Maslow Industries y cuenta adem\u00e1s con un programa de actividades de mediaci\u00f3n<\/h5>\n<p><!--more--><\/p>\n<p>\u2018Dar luz al dolor\u2019 es una exposici\u00f3n sobre duelo, muerte, arte y vida. Condestable acoge hasta el 9 de enero esta muestra, que pretende poner la muerte y el dolor en el espacio p\u00fablico, en el d\u00eda a d\u00eda, para normalizar y aceptar su presencia. Se trata de un proyecto colaborativo entre la Asociaci\u00f3n Goizargi, de ayuda a personas en duelo, y Maslow Industries, colectivo art\u00edstico promovido por Ferm\u00edn D\u00edez de Ulzurrun, Peio Izcue y Mar\u00eda Ozcoidi.<\/p>\n<p>La exposici\u00f3n consta de una obra colectiva a partir de im\u00e1genes y audios compartidos por personas en duelo que han perdido a un ser querido y de obra art\u00edstica de 14 autores y creadores de distintas disciplinas. Se expone en el patio de Condestable, en el pasillo de la primera planta y en las salas 1 y 2, tambi\u00e9n en esa primera planta. De esta forma, el dolor y la muerte se muestran, se caminan y se sienten a trav\u00e9s de la expresi\u00f3n art\u00edstica.<\/p>\n<p>El t\u00e9cnico municipal de Artes Pl\u00e1sticas, Javier Manzanos, la directora de Goizargi, Rakel Mateo, y el artista Peio Izcue, integrante de Maslow, han presentado esta ma\u00f1ana la muestra y el programa de actividades de mediaci\u00f3n que lo complementa. La muestra ha contado con la colaboraci\u00f3n del Ayuntamiento de Pamplona y la Centro Huarte de Arte Contempor\u00e1neo. Se podr\u00e1 visitar de lunes a domingo, en el horario de Civivox Condestable, de 9 a 14 horas por la ma\u00f1ana y de 17 a 20 horas por la tarde.<br \/>\n<script async src=\"\/\/pagead2.googlesyndication.com\/pagead\/js\/adsbygoogle.js\"><\/script><br \/>\n<!-- Noticias La Guia de Pamplona --><br \/>\n<ins class=\"adsbygoogle\"\nstyle=\"display:block\"\ndata-ad-client=\"ca-pub-6943679897239327\"\ndata-ad-slot=\"7048180777\"\ndata-ad-format=\"auto\"><\/ins><br \/>\n<script>\n(adsbygoogle = window.adsbygoogle || []).push({});\n<\/script><\/p>\n<p><strong>Obra individual, obra colectiva y Camino del Duelo<\/strong><\/p>\n<p>La exposici\u00f3n consta de tres partes: obra individual, obra colectiva y camino del duelo. Las salas 1 y 2 en la primera planta de Condestable acogen las obras de 14 artistas de diferentes disciplinas, unidas por la tem\u00e1tica del duelo y la muerte. Aportan obras a esta muestra Mariano Royo, Pedro Salaberri, Koldo Agarraberes, Nerea de Diego, Rub\u00e9n D\u00edez de Ulzurrun, Maite Mutuberria, Carlos C\u00e1novas, \u00c1ngela Moreno, Elena Go\u00f1i, Peru Galbete, Elisa Arteta, Adolfo Schlosser y Peio Izcue.<\/p>\n<p>Las obras est\u00e1n divididas en cinco secciones denominadas \u2018Morirse de improviso\u2019, \u2018Los rituales (o el sentido de lo simb\u00f3lico)\u2019, \u2018El dolor\u2019, \u2018El recuerdo (o de la ausencia de significado, al significado de la ausencia)\u2019 y \u2018La fragilidad de la vida\u2019. La secci\u00f3n dedicada al recuerdo se completa con un v\u00eddeo realizado con las im\u00e1genes y los audios proporcionados por personas en proceso de duelo. Para llevar a cabo este proyecto se les solicit\u00f3 una imagen y unas palabras de un recuerdo significativo de sus seres queridos fallecidos.<br \/>\n<script async src=\"\/\/pagead2.googlesyndication.com\/pagead\/js\/adsbygoogle.js\"><\/script><br \/>\n<!-- Noticias La Guia de Pamplona --><br \/>\n<ins class=\"adsbygoogle\"\nstyle=\"display:block\"\ndata-ad-client=\"ca-pub-6943679897239327\"\ndata-ad-slot=\"7048180777\"\ndata-ad-format=\"auto\"><\/ins><br \/>\n<script>\n(adsbygoogle = window.adsbygoogle || []).push({});\n<\/script><\/p>\n<p>Esas im\u00e1genes y esos audios se muestran en el patio central de Condestable y conforman la obra colectiva. Han participado 83 compartiendo im\u00e1genes y sus propias voces, ya que 45 de ellas tambi\u00e9n han colaborado enviando un audio reflexionando sobre qu\u00e9 les evoca la imagen aportada. Las im\u00e1genes tienen un tama\u00f1o de 91,4 cms de ancho y entre 1,20 y 2 metros aproximadamente de largo, impresas en papel cebolla, lo que permite jugar con la transparencia y la fragilidad del mismo. Est\u00e1n suspendidas desde la barandilla de la segunda planta del patio y caen hacia abajo en forma de racimo.<\/p>\n<p>Por \u00faltimos, en los pasillos de la primera planta de Condestable se muestran once im\u00e1genes realistas de acr\u00edlico sobre madera del artista \u00d3scar Villoslada, que reflejan el \u2018Camino del Duelo\u2019. En ese camino se encuentran cuatro tareas, que atraviesan todas las personas que viven la muerte de un ser querido, y que conforman uno de los aspectos b\u00e1sicos que se atiende desde la Asociaci\u00f3n Goizargi.<br \/>\n<script async src=\"\/\/pagead2.googlesyndication.com\/pagead\/js\/adsbygoogle.js\"><\/script><br \/>\n<!-- Noticias La Guia de Pamplona --><br \/>\n<ins class=\"adsbygoogle\"\nstyle=\"display:block\"\ndata-ad-client=\"ca-pub-6943679897239327\"\ndata-ad-slot=\"7048180777\"\ndata-ad-format=\"auto\"><\/ins><br \/>\n<script>\n(adsbygoogle = window.adsbygoogle || []).push({});\n<\/script><\/p>\n<p><strong>Actividades complementarias de mediaci\u00f3n<\/strong><\/p>\n<p>La exposici\u00f3n \u2018Dar la luz al color\u2019 se complementa con cuatro actividades de mediaci\u00f3n, que consistir\u00e1n en visitas guiadas, charlas de duelo, talleres infantiles y una coreograf\u00eda, que se desarrollar\u00e1n en los meses de diciembre y enero. Se han programado tres visitas guiadas a la muestra con charla sobre el duelo, el jueves 2 de diciembre a las 19 horas en castellano; el mi\u00e9rcoles 29 de diciembre a las 11 horas en euskera y a las 12.30 horas en castellano; y el martes 4 de enero a las 19 horas en euskera. Las visitas las llevar\u00e1n a cabo artistas de Maslow Industries.<\/p>\n<p>El viernes 17 de diciembre, a las 18 horas, el sal\u00f3n de actos de Condestable acoger\u00e1 la charla \u2018La silla vac\u00eda\u2019, a cargo de terapeutas de Goizargi. El 29 de diciembre, a las 11 en euskera y a las 12.30 horas en castellano, se han organizado talleres infantiles en torno al cuento \u2018Un d\u00eda todo cambi\u00f3\u2019, dirigidos a menores de 4 a 10 a\u00f1os e impartidos por terapeutas de Goizargi. Los talleres infantiles y las charlas del 29 de diciembre se han programado a la misma hora para facilitar la asistencia de familias. Por \u00faltimo, el s\u00e1bado 18 de diciembre, a las 19 horas en la Sala G\u00f3tica de Condestable, la artista Elisa Arteta presentar\u00e1 la coreograf\u00eda \u2018Las (peque\u00f1as) muertes\u2019.<\/p>\n","protected":false},"excerpt":{"rendered":"<p>La muestra es fruto de la colaboraci\u00f3n de la Asociaci\u00f3n Goizargi y Maslow Industries y cuenta adem\u00e1s con un programa de actividades de mediaci\u00f3n<\/p>\n","protected":false},"author":1,"featured_media":37763,"comment_status":"open","ping_status":"closed","sticky":false,"template":"","format":"standard","meta":{"footnotes":""},"categories":[2],"tags":[],"class_list":["post-37762","post","type-post","status-publish","format-standard","has-post-thumbnail","hentry","category-ayuntamiento-pamplona"],"yoast_head":"<!-- This site is optimized with the Yoast SEO plugin v27.5 - https:\/\/yoast.com\/product\/yoast-seo-wordpress\/ -->\n<title>La exposici\u00f3n \u2018Dar luz al dolor\u2019 reflexiona en Condestable sobre el duelo, la muerte, el arte y la vida, a trav\u00e9s de los testimonios de 83 personas y la obra de 14 artistas<\/title>\n<meta name=\"description\" content=\"La muestra es fruto de la colaboraci\u00f3n de la Asociaci\u00f3n Goizargi y Maslow Industries y cuenta adem\u00e1s con un programa de actividades de mediaci\u00f3n\" \/>\n<meta name=\"robots\" content=\"index, follow, max-snippet:-1, max-image-preview:large, max-video-preview:-1\" \/>\n<link rel=\"canonical\" href=\"https:\/\/www.laguiadepamplona.com\/actualidad\/la-exposicion-dar-luz-al-dolor-reflexiona-en-condestable-sobre-el-duelo-la-muerte-el-arte-y-la-vida-a-traves-de-los-testimonios-de-83-personas-y-la-obra-de-14-artistas\/\" \/>\n<meta property=\"og:locale\" content=\"es_ES\" \/>\n<meta property=\"og:type\" content=\"article\" \/>\n<meta property=\"og:title\" content=\"La exposici\u00f3n \u2018Dar luz al dolor\u2019 reflexiona en Condestable sobre el duelo, la muerte, el arte y la vida, a trav\u00e9s de los testimonios de 83 personas y la obra de 14 artistas\" \/>\n<meta property=\"og:description\" content=\"La muestra es fruto de la colaboraci\u00f3n de la Asociaci\u00f3n Goizargi y Maslow Industries y cuenta adem\u00e1s con un programa de actividades de mediaci\u00f3n\" \/>\n<meta property=\"og:url\" content=\"https:\/\/www.laguiadepamplona.com\/actualidad\/la-exposicion-dar-luz-al-dolor-reflexiona-en-condestable-sobre-el-duelo-la-muerte-el-arte-y-la-vida-a-traves-de-los-testimonios-de-83-personas-y-la-obra-de-14-artistas\/\" \/>\n<meta property=\"og:site_name\" content=\"La Gu\u00eda de Pamplona\" \/>\n<meta property=\"article:publisher\" content=\"https:\/\/www.facebook.com\/laguiadepamplonacom-133175176762273\/?ref=hl\" \/>\n<meta property=\"article:published_time\" content=\"2021-11-26T16:56:54+00:00\" \/>\n<meta property=\"article:modified_time\" content=\"2023-04-11T09:48:43+00:00\" \/>\n<meta property=\"og:image\" content=\"https:\/\/www.laguiadepamplona.com\/actualidad\/wp-content\/uploads\/2021\/11\/exposicion-dar-luz-al-dolor.jpg\" \/>\n\t<meta property=\"og:image:width\" content=\"1920\" \/>\n\t<meta property=\"og:image:height\" content=\"1440\" \/>\n\t<meta property=\"og:image:type\" content=\"image\/jpeg\" \/>\n<meta name=\"author\" content=\"La Gu\u00eda de Pamplona\" \/>\n<meta name=\"twitter:card\" content=\"summary_large_image\" \/>\n<meta name=\"twitter:creator\" content=\"@LaGuiadPamplona\" \/>\n<meta name=\"twitter:site\" content=\"@LaGuiadPamplona\" \/>\n<meta name=\"twitter:label1\" content=\"Escrito por\" \/>\n\t<meta name=\"twitter:data1\" content=\"La Gu\u00eda de Pamplona\" \/>\n\t<meta name=\"twitter:label2\" content=\"Tiempo de lectura\" \/>\n\t<meta name=\"twitter:data2\" content=\"4 minutos\" \/>\n<script type=\"application\/ld+json\" class=\"yoast-schema-graph\">{\"@context\":\"https:\\\/\\\/schema.org\",\"@graph\":[{\"@type\":\"Article\",\"@id\":\"https:\\\/\\\/www.laguiadepamplona.com\\\/actualidad\\\/la-exposicion-dar-luz-al-dolor-reflexiona-en-condestable-sobre-el-duelo-la-muerte-el-arte-y-la-vida-a-traves-de-los-testimonios-de-83-personas-y-la-obra-de-14-artistas\\\/#article\",\"isPartOf\":{\"@id\":\"https:\\\/\\\/www.laguiadepamplona.com\\\/actualidad\\\/la-exposicion-dar-luz-al-dolor-reflexiona-en-condestable-sobre-el-duelo-la-muerte-el-arte-y-la-vida-a-traves-de-los-testimonios-de-83-personas-y-la-obra-de-14-artistas\\\/\"},\"author\":{\"name\":\"La Gu\u00eda de Pamplona\",\"@id\":\"https:\\\/\\\/www.laguiadepamplona.com\\\/actualidad\\\/#\\\/schema\\\/person\\\/efe887376f0213d4657c93adc50b1fdb\"},\"headline\":\"La exposici\u00f3n \u2018Dar luz al dolor\u2019 reflexiona en Condestable sobre el duelo, la muerte, el arte y la vida, a trav\u00e9s de los testimonios de 83 personas y la obra de 14 artistas\",\"datePublished\":\"2021-11-26T16:56:54+00:00\",\"dateModified\":\"2023-04-11T09:48:43+00:00\",\"mainEntityOfPage\":{\"@id\":\"https:\\\/\\\/www.laguiadepamplona.com\\\/actualidad\\\/la-exposicion-dar-luz-al-dolor-reflexiona-en-condestable-sobre-el-duelo-la-muerte-el-arte-y-la-vida-a-traves-de-los-testimonios-de-83-personas-y-la-obra-de-14-artistas\\\/\"},\"wordCount\":899,\"commentCount\":0,\"publisher\":{\"@id\":\"https:\\\/\\\/www.laguiadepamplona.com\\\/actualidad\\\/#organization\"},\"image\":{\"@id\":\"https:\\\/\\\/www.laguiadepamplona.com\\\/actualidad\\\/la-exposicion-dar-luz-al-dolor-reflexiona-en-condestable-sobre-el-duelo-la-muerte-el-arte-y-la-vida-a-traves-de-los-testimonios-de-83-personas-y-la-obra-de-14-artistas\\\/#primaryimage\"},\"thumbnailUrl\":\"https:\\\/\\\/www.laguiadepamplona.com\\\/actualidad\\\/wp-content\\\/uploads\\\/2021\\\/11\\\/exposicion-dar-luz-al-dolor.jpg\",\"articleSection\":[\"Ayto Pamplona\"],\"inLanguage\":\"es\",\"potentialAction\":[{\"@type\":\"CommentAction\",\"name\":\"Comment\",\"target\":[\"https:\\\/\\\/www.laguiadepamplona.com\\\/actualidad\\\/la-exposicion-dar-luz-al-dolor-reflexiona-en-condestable-sobre-el-duelo-la-muerte-el-arte-y-la-vida-a-traves-de-los-testimonios-de-83-personas-y-la-obra-de-14-artistas\\\/#respond\"]}]},{\"@type\":\"WebPage\",\"@id\":\"https:\\\/\\\/www.laguiadepamplona.com\\\/actualidad\\\/la-exposicion-dar-luz-al-dolor-reflexiona-en-condestable-sobre-el-duelo-la-muerte-el-arte-y-la-vida-a-traves-de-los-testimonios-de-83-personas-y-la-obra-de-14-artistas\\\/\",\"url\":\"https:\\\/\\\/www.laguiadepamplona.com\\\/actualidad\\\/la-exposicion-dar-luz-al-dolor-reflexiona-en-condestable-sobre-el-duelo-la-muerte-el-arte-y-la-vida-a-traves-de-los-testimonios-de-83-personas-y-la-obra-de-14-artistas\\\/\",\"name\":\"La exposici\u00f3n \u2018Dar luz al dolor\u2019 reflexiona en Condestable sobre el duelo, la muerte, el arte y la vida, a trav\u00e9s de los testimonios de 83 personas y la obra de 14 artistas\",\"isPartOf\":{\"@id\":\"https:\\\/\\\/www.laguiadepamplona.com\\\/actualidad\\\/#website\"},\"primaryImageOfPage\":{\"@id\":\"https:\\\/\\\/www.laguiadepamplona.com\\\/actualidad\\\/la-exposicion-dar-luz-al-dolor-reflexiona-en-condestable-sobre-el-duelo-la-muerte-el-arte-y-la-vida-a-traves-de-los-testimonios-de-83-personas-y-la-obra-de-14-artistas\\\/#primaryimage\"},\"image\":{\"@id\":\"https:\\\/\\\/www.laguiadepamplona.com\\\/actualidad\\\/la-exposicion-dar-luz-al-dolor-reflexiona-en-condestable-sobre-el-duelo-la-muerte-el-arte-y-la-vida-a-traves-de-los-testimonios-de-83-personas-y-la-obra-de-14-artistas\\\/#primaryimage\"},\"thumbnailUrl\":\"https:\\\/\\\/www.laguiadepamplona.com\\\/actualidad\\\/wp-content\\\/uploads\\\/2021\\\/11\\\/exposicion-dar-luz-al-dolor.jpg\",\"datePublished\":\"2021-11-26T16:56:54+00:00\",\"dateModified\":\"2023-04-11T09:48:43+00:00\",\"description\":\"La muestra es fruto de la colaboraci\u00f3n de la Asociaci\u00f3n Goizargi y Maslow Industries y cuenta adem\u00e1s con un programa de actividades de mediaci\u00f3n\",\"breadcrumb\":{\"@id\":\"https:\\\/\\\/www.laguiadepamplona.com\\\/actualidad\\\/la-exposicion-dar-luz-al-dolor-reflexiona-en-condestable-sobre-el-duelo-la-muerte-el-arte-y-la-vida-a-traves-de-los-testimonios-de-83-personas-y-la-obra-de-14-artistas\\\/#breadcrumb\"},\"inLanguage\":\"es\",\"potentialAction\":[{\"@type\":\"ReadAction\",\"target\":[\"https:\\\/\\\/www.laguiadepamplona.com\\\/actualidad\\\/la-exposicion-dar-luz-al-dolor-reflexiona-en-condestable-sobre-el-duelo-la-muerte-el-arte-y-la-vida-a-traves-de-los-testimonios-de-83-personas-y-la-obra-de-14-artistas\\\/\"]}]},{\"@type\":\"ImageObject\",\"inLanguage\":\"es\",\"@id\":\"https:\\\/\\\/www.laguiadepamplona.com\\\/actualidad\\\/la-exposicion-dar-luz-al-dolor-reflexiona-en-condestable-sobre-el-duelo-la-muerte-el-arte-y-la-vida-a-traves-de-los-testimonios-de-83-personas-y-la-obra-de-14-artistas\\\/#primaryimage\",\"url\":\"https:\\\/\\\/www.laguiadepamplona.com\\\/actualidad\\\/wp-content\\\/uploads\\\/2021\\\/11\\\/exposicion-dar-luz-al-dolor.jpg\",\"contentUrl\":\"https:\\\/\\\/www.laguiadepamplona.com\\\/actualidad\\\/wp-content\\\/uploads\\\/2021\\\/11\\\/exposicion-dar-luz-al-dolor.jpg\",\"width\":1920,\"height\":1440},{\"@type\":\"BreadcrumbList\",\"@id\":\"https:\\\/\\\/www.laguiadepamplona.com\\\/actualidad\\\/la-exposicion-dar-luz-al-dolor-reflexiona-en-condestable-sobre-el-duelo-la-muerte-el-arte-y-la-vida-a-traves-de-los-testimonios-de-83-personas-y-la-obra-de-14-artistas\\\/#breadcrumb\",\"itemListElement\":[{\"@type\":\"ListItem\",\"position\":1,\"name\":\"Portada\",\"item\":\"https:\\\/\\\/www.laguiadepamplona.com\\\/actualidad\\\/\"},{\"@type\":\"ListItem\",\"position\":2,\"name\":\"La exposici\u00f3n \u2018Dar luz al dolor\u2019 reflexiona en Condestable sobre el duelo, la muerte, el arte y la vida, a trav\u00e9s de los testimonios de 83 personas y la obra de 14 artistas\"}]},{\"@type\":\"WebSite\",\"@id\":\"https:\\\/\\\/www.laguiadepamplona.com\\\/actualidad\\\/#website\",\"url\":\"https:\\\/\\\/www.laguiadepamplona.com\\\/actualidad\\\/\",\"name\":\"La gu\u00eda de Pamplona\",\"description\":\"Noticias de Pamplona\",\"publisher\":{\"@id\":\"https:\\\/\\\/www.laguiadepamplona.com\\\/actualidad\\\/#organization\"},\"potentialAction\":[{\"@type\":\"SearchAction\",\"target\":{\"@type\":\"EntryPoint\",\"urlTemplate\":\"https:\\\/\\\/www.laguiadepamplona.com\\\/actualidad\\\/?s={search_term_string}\"},\"query-input\":{\"@type\":\"PropertyValueSpecification\",\"valueRequired\":true,\"valueName\":\"search_term_string\"}}],\"inLanguage\":\"es\"},{\"@type\":\"Organization\",\"@id\":\"https:\\\/\\\/www.laguiadepamplona.com\\\/actualidad\\\/#organization\",\"name\":\"La Gu\u00eda de Pamplona \\\/ Noticias\",\"url\":\"https:\\\/\\\/www.laguiadepamplona.com\\\/actualidad\\\/\",\"logo\":{\"@type\":\"ImageObject\",\"inLanguage\":\"es\",\"@id\":\"https:\\\/\\\/www.laguiadepamplona.com\\\/actualidad\\\/#\\\/schema\\\/logo\\\/image\\\/\",\"url\":\"https:\\\/\\\/www.laguiadepamplona.com\\\/actualidad\\\/wp-content\\\/uploads\\\/2018\\\/11\\\/logo-laguiadepamplona18-web1.png\",\"contentUrl\":\"https:\\\/\\\/www.laguiadepamplona.com\\\/actualidad\\\/wp-content\\\/uploads\\\/2018\\\/11\\\/logo-laguiadepamplona18-web1.png\",\"width\":600,\"height\":196,\"caption\":\"La Gu\u00eda de Pamplona \\\/ Noticias\"},\"image\":{\"@id\":\"https:\\\/\\\/www.laguiadepamplona.com\\\/actualidad\\\/#\\\/schema\\\/logo\\\/image\\\/\"},\"sameAs\":[\"https:\\\/\\\/www.facebook.com\\\/laguiadepamplonacom-133175176762273\\\/?ref=hl\",\"https:\\\/\\\/x.com\\\/LaGuiadPamplona\",\"https:\\\/\\\/www.instagram.com\\\/la_guia_de_pamplona\\\/\",\"https:\\\/\\\/www.youtube.com\\\/user\\\/laguiadepamplona\"]},{\"@type\":\"Person\",\"@id\":\"https:\\\/\\\/www.laguiadepamplona.com\\\/actualidad\\\/#\\\/schema\\\/person\\\/efe887376f0213d4657c93adc50b1fdb\",\"name\":\"La Gu\u00eda de Pamplona\",\"image\":{\"@type\":\"ImageObject\",\"inLanguage\":\"es\",\"@id\":\"https:\\\/\\\/secure.gravatar.com\\\/avatar\\\/b6992f131dc8d30ab0dff15446e9d346d9dbd95992de0fef795073f5ea83a81c?s=96&d=mm&r=g\",\"url\":\"https:\\\/\\\/secure.gravatar.com\\\/avatar\\\/b6992f131dc8d30ab0dff15446e9d346d9dbd95992de0fef795073f5ea83a81c?s=96&d=mm&r=g\",\"contentUrl\":\"https:\\\/\\\/secure.gravatar.com\\\/avatar\\\/b6992f131dc8d30ab0dff15446e9d346d9dbd95992de0fef795073f5ea83a81c?s=96&d=mm&r=g\",\"caption\":\"La Gu\u00eda de Pamplona\"}}]}<\/script>\n<!-- \/ Yoast SEO plugin. -->","yoast_head_json":{"title":"La exposici\u00f3n \u2018Dar luz al dolor\u2019 reflexiona en Condestable sobre el duelo, la muerte, el arte y la vida, a trav\u00e9s de los testimonios de 83 personas y la obra de 14 artistas","description":"La muestra es fruto de la colaboraci\u00f3n de la Asociaci\u00f3n Goizargi y Maslow Industries y cuenta adem\u00e1s con un programa de actividades de mediaci\u00f3n","robots":{"index":"index","follow":"follow","max-snippet":"max-snippet:-1","max-image-preview":"max-image-preview:large","max-video-preview":"max-video-preview:-1"},"canonical":"https:\/\/www.laguiadepamplona.com\/actualidad\/la-exposicion-dar-luz-al-dolor-reflexiona-en-condestable-sobre-el-duelo-la-muerte-el-arte-y-la-vida-a-traves-de-los-testimonios-de-83-personas-y-la-obra-de-14-artistas\/","og_locale":"es_ES","og_type":"article","og_title":"La exposici\u00f3n \u2018Dar luz al dolor\u2019 reflexiona en Condestable sobre el duelo, la muerte, el arte y la vida, a trav\u00e9s de los testimonios de 83 personas y la obra de 14 artistas","og_description":"La muestra es fruto de la colaboraci\u00f3n de la Asociaci\u00f3n Goizargi y Maslow Industries y cuenta adem\u00e1s con un programa de actividades de mediaci\u00f3n","og_url":"https:\/\/www.laguiadepamplona.com\/actualidad\/la-exposicion-dar-luz-al-dolor-reflexiona-en-condestable-sobre-el-duelo-la-muerte-el-arte-y-la-vida-a-traves-de-los-testimonios-de-83-personas-y-la-obra-de-14-artistas\/","og_site_name":"La Gu\u00eda de Pamplona","article_publisher":"https:\/\/www.facebook.com\/laguiadepamplonacom-133175176762273\/?ref=hl","article_published_time":"2021-11-26T16:56:54+00:00","article_modified_time":"2023-04-11T09:48:43+00:00","og_image":[{"width":1920,"height":1440,"url":"https:\/\/www.laguiadepamplona.com\/actualidad\/wp-content\/uploads\/2021\/11\/exposicion-dar-luz-al-dolor.jpg","type":"image\/jpeg"}],"author":"La Gu\u00eda de Pamplona","twitter_card":"summary_large_image","twitter_creator":"@LaGuiadPamplona","twitter_site":"@LaGuiadPamplona","twitter_misc":{"Escrito por":"La Gu\u00eda de Pamplona","Tiempo de lectura":"4 minutos"},"schema":{"@context":"https:\/\/schema.org","@graph":[{"@type":"Article","@id":"https:\/\/www.laguiadepamplona.com\/actualidad\/la-exposicion-dar-luz-al-dolor-reflexiona-en-condestable-sobre-el-duelo-la-muerte-el-arte-y-la-vida-a-traves-de-los-testimonios-de-83-personas-y-la-obra-de-14-artistas\/#article","isPartOf":{"@id":"https:\/\/www.laguiadepamplona.com\/actualidad\/la-exposicion-dar-luz-al-dolor-reflexiona-en-condestable-sobre-el-duelo-la-muerte-el-arte-y-la-vida-a-traves-de-los-testimonios-de-83-personas-y-la-obra-de-14-artistas\/"},"author":{"name":"La Gu\u00eda de Pamplona","@id":"https:\/\/www.laguiadepamplona.com\/actualidad\/#\/schema\/person\/efe887376f0213d4657c93adc50b1fdb"},"headline":"La exposici\u00f3n \u2018Dar luz al dolor\u2019 reflexiona en Condestable sobre el duelo, la muerte, el arte y la vida, a trav\u00e9s de los testimonios de 83 personas y la obra de 14 artistas","datePublished":"2021-11-26T16:56:54+00:00","dateModified":"2023-04-11T09:48:43+00:00","mainEntityOfPage":{"@id":"https:\/\/www.laguiadepamplona.com\/actualidad\/la-exposicion-dar-luz-al-dolor-reflexiona-en-condestable-sobre-el-duelo-la-muerte-el-arte-y-la-vida-a-traves-de-los-testimonios-de-83-personas-y-la-obra-de-14-artistas\/"},"wordCount":899,"commentCount":0,"publisher":{"@id":"https:\/\/www.laguiadepamplona.com\/actualidad\/#organization"},"image":{"@id":"https:\/\/www.laguiadepamplona.com\/actualidad\/la-exposicion-dar-luz-al-dolor-reflexiona-en-condestable-sobre-el-duelo-la-muerte-el-arte-y-la-vida-a-traves-de-los-testimonios-de-83-personas-y-la-obra-de-14-artistas\/#primaryimage"},"thumbnailUrl":"https:\/\/www.laguiadepamplona.com\/actualidad\/wp-content\/uploads\/2021\/11\/exposicion-dar-luz-al-dolor.jpg","articleSection":["Ayto Pamplona"],"inLanguage":"es","potentialAction":[{"@type":"CommentAction","name":"Comment","target":["https:\/\/www.laguiadepamplona.com\/actualidad\/la-exposicion-dar-luz-al-dolor-reflexiona-en-condestable-sobre-el-duelo-la-muerte-el-arte-y-la-vida-a-traves-de-los-testimonios-de-83-personas-y-la-obra-de-14-artistas\/#respond"]}]},{"@type":"WebPage","@id":"https:\/\/www.laguiadepamplona.com\/actualidad\/la-exposicion-dar-luz-al-dolor-reflexiona-en-condestable-sobre-el-duelo-la-muerte-el-arte-y-la-vida-a-traves-de-los-testimonios-de-83-personas-y-la-obra-de-14-artistas\/","url":"https:\/\/www.laguiadepamplona.com\/actualidad\/la-exposicion-dar-luz-al-dolor-reflexiona-en-condestable-sobre-el-duelo-la-muerte-el-arte-y-la-vida-a-traves-de-los-testimonios-de-83-personas-y-la-obra-de-14-artistas\/","name":"La exposici\u00f3n \u2018Dar luz al dolor\u2019 reflexiona en Condestable sobre el duelo, la muerte, el arte y la vida, a trav\u00e9s de los testimonios de 83 personas y la obra de 14 artistas","isPartOf":{"@id":"https:\/\/www.laguiadepamplona.com\/actualidad\/#website"},"primaryImageOfPage":{"@id":"https:\/\/www.laguiadepamplona.com\/actualidad\/la-exposicion-dar-luz-al-dolor-reflexiona-en-condestable-sobre-el-duelo-la-muerte-el-arte-y-la-vida-a-traves-de-los-testimonios-de-83-personas-y-la-obra-de-14-artistas\/#primaryimage"},"image":{"@id":"https:\/\/www.laguiadepamplona.com\/actualidad\/la-exposicion-dar-luz-al-dolor-reflexiona-en-condestable-sobre-el-duelo-la-muerte-el-arte-y-la-vida-a-traves-de-los-testimonios-de-83-personas-y-la-obra-de-14-artistas\/#primaryimage"},"thumbnailUrl":"https:\/\/www.laguiadepamplona.com\/actualidad\/wp-content\/uploads\/2021\/11\/exposicion-dar-luz-al-dolor.jpg","datePublished":"2021-11-26T16:56:54+00:00","dateModified":"2023-04-11T09:48:43+00:00","description":"La muestra es fruto de la colaboraci\u00f3n de la Asociaci\u00f3n Goizargi y Maslow Industries y cuenta adem\u00e1s con un programa de actividades de mediaci\u00f3n","breadcrumb":{"@id":"https:\/\/www.laguiadepamplona.com\/actualidad\/la-exposicion-dar-luz-al-dolor-reflexiona-en-condestable-sobre-el-duelo-la-muerte-el-arte-y-la-vida-a-traves-de-los-testimonios-de-83-personas-y-la-obra-de-14-artistas\/#breadcrumb"},"inLanguage":"es","potentialAction":[{"@type":"ReadAction","target":["https:\/\/www.laguiadepamplona.com\/actualidad\/la-exposicion-dar-luz-al-dolor-reflexiona-en-condestable-sobre-el-duelo-la-muerte-el-arte-y-la-vida-a-traves-de-los-testimonios-de-83-personas-y-la-obra-de-14-artistas\/"]}]},{"@type":"ImageObject","inLanguage":"es","@id":"https:\/\/www.laguiadepamplona.com\/actualidad\/la-exposicion-dar-luz-al-dolor-reflexiona-en-condestable-sobre-el-duelo-la-muerte-el-arte-y-la-vida-a-traves-de-los-testimonios-de-83-personas-y-la-obra-de-14-artistas\/#primaryimage","url":"https:\/\/www.laguiadepamplona.com\/actualidad\/wp-content\/uploads\/2021\/11\/exposicion-dar-luz-al-dolor.jpg","contentUrl":"https:\/\/www.laguiadepamplona.com\/actualidad\/wp-content\/uploads\/2021\/11\/exposicion-dar-luz-al-dolor.jpg","width":1920,"height":1440},{"@type":"BreadcrumbList","@id":"https:\/\/www.laguiadepamplona.com\/actualidad\/la-exposicion-dar-luz-al-dolor-reflexiona-en-condestable-sobre-el-duelo-la-muerte-el-arte-y-la-vida-a-traves-de-los-testimonios-de-83-personas-y-la-obra-de-14-artistas\/#breadcrumb","itemListElement":[{"@type":"ListItem","position":1,"name":"Portada","item":"https:\/\/www.laguiadepamplona.com\/actualidad\/"},{"@type":"ListItem","position":2,"name":"La exposici\u00f3n \u2018Dar luz al dolor\u2019 reflexiona en Condestable sobre el duelo, la muerte, el arte y la vida, a trav\u00e9s de los testimonios de 83 personas y la obra de 14 artistas"}]},{"@type":"WebSite","@id":"https:\/\/www.laguiadepamplona.com\/actualidad\/#website","url":"https:\/\/www.laguiadepamplona.com\/actualidad\/","name":"La gu\u00eda de Pamplona","description":"Noticias de Pamplona","publisher":{"@id":"https:\/\/www.laguiadepamplona.com\/actualidad\/#organization"},"potentialAction":[{"@type":"SearchAction","target":{"@type":"EntryPoint","urlTemplate":"https:\/\/www.laguiadepamplona.com\/actualidad\/?s={search_term_string}"},"query-input":{"@type":"PropertyValueSpecification","valueRequired":true,"valueName":"search_term_string"}}],"inLanguage":"es"},{"@type":"Organization","@id":"https:\/\/www.laguiadepamplona.com\/actualidad\/#organization","name":"La Gu\u00eda de Pamplona \/ Noticias","url":"https:\/\/www.laguiadepamplona.com\/actualidad\/","logo":{"@type":"ImageObject","inLanguage":"es","@id":"https:\/\/www.laguiadepamplona.com\/actualidad\/#\/schema\/logo\/image\/","url":"https:\/\/www.laguiadepamplona.com\/actualidad\/wp-content\/uploads\/2018\/11\/logo-laguiadepamplona18-web1.png","contentUrl":"https:\/\/www.laguiadepamplona.com\/actualidad\/wp-content\/uploads\/2018\/11\/logo-laguiadepamplona18-web1.png","width":600,"height":196,"caption":"La Gu\u00eda de Pamplona \/ Noticias"},"image":{"@id":"https:\/\/www.laguiadepamplona.com\/actualidad\/#\/schema\/logo\/image\/"},"sameAs":["https:\/\/www.facebook.com\/laguiadepamplonacom-133175176762273\/?ref=hl","https:\/\/x.com\/LaGuiadPamplona","https:\/\/www.instagram.com\/la_guia_de_pamplona\/","https:\/\/www.youtube.com\/user\/laguiadepamplona"]},{"@type":"Person","@id":"https:\/\/www.laguiadepamplona.com\/actualidad\/#\/schema\/person\/efe887376f0213d4657c93adc50b1fdb","name":"La Gu\u00eda de Pamplona","image":{"@type":"ImageObject","inLanguage":"es","@id":"https:\/\/secure.gravatar.com\/avatar\/b6992f131dc8d30ab0dff15446e9d346d9dbd95992de0fef795073f5ea83a81c?s=96&d=mm&r=g","url":"https:\/\/secure.gravatar.com\/avatar\/b6992f131dc8d30ab0dff15446e9d346d9dbd95992de0fef795073f5ea83a81c?s=96&d=mm&r=g","contentUrl":"https:\/\/secure.gravatar.com\/avatar\/b6992f131dc8d30ab0dff15446e9d346d9dbd95992de0fef795073f5ea83a81c?s=96&d=mm&r=g","caption":"La Gu\u00eda de Pamplona"}}]}},"post_mailing_queue_ids":[],"_links":{"self":[{"href":"https:\/\/www.laguiadepamplona.com\/actualidad\/wp-json\/wp\/v2\/posts\/37762","targetHints":{"allow":["GET"]}}],"collection":[{"href":"https:\/\/www.laguiadepamplona.com\/actualidad\/wp-json\/wp\/v2\/posts"}],"about":[{"href":"https:\/\/www.laguiadepamplona.com\/actualidad\/wp-json\/wp\/v2\/types\/post"}],"author":[{"embeddable":true,"href":"https:\/\/www.laguiadepamplona.com\/actualidad\/wp-json\/wp\/v2\/users\/1"}],"replies":[{"embeddable":true,"href":"https:\/\/www.laguiadepamplona.com\/actualidad\/wp-json\/wp\/v2\/comments?post=37762"}],"version-history":[{"count":0,"href":"https:\/\/www.laguiadepamplona.com\/actualidad\/wp-json\/wp\/v2\/posts\/37762\/revisions"}],"wp:featuredmedia":[{"embeddable":true,"href":"https:\/\/www.laguiadepamplona.com\/actualidad\/wp-json\/wp\/v2\/media\/37763"}],"wp:attachment":[{"href":"https:\/\/www.laguiadepamplona.com\/actualidad\/wp-json\/wp\/v2\/media?parent=37762"}],"wp:term":[{"taxonomy":"category","embeddable":true,"href":"https:\/\/www.laguiadepamplona.com\/actualidad\/wp-json\/wp\/v2\/categories?post=37762"},{"taxonomy":"post_tag","embeddable":true,"href":"https:\/\/www.laguiadepamplona.com\/actualidad\/wp-json\/wp\/v2\/tags?post=37762"}],"curies":[{"name":"wp","href":"https:\/\/api.w.org\/{rel}","templated":true}]}}