{"id":37756,"date":"2021-11-26T18:45:08","date_gmt":"2021-11-26T16:45:08","guid":{"rendered":"https:\/\/www.laguiadepamplona.com\/actualidad\/?p=37756"},"modified":"2023-04-11T11:48:43","modified_gmt":"2023-04-11T09:48:43","slug":"pamplona-y-la-cendea-de-galar-acuerdan-impulsar-la-modificacion-de-sus-terminos-municipales-para-facilitar-los-futuros-desarrollos-de-la-meseta-de-donapea-y-el-gariton-de-ripalda","status":"publish","type":"post","link":"https:\/\/www.laguiadepamplona.com\/actualidad\/pamplona-y-la-cendea-de-galar-acuerdan-impulsar-la-modificacion-de-sus-terminos-municipales-para-facilitar-los-futuros-desarrollos-de-la-meseta-de-donapea-y-el-gariton-de-ripalda\/","title":{"rendered":"Pamplona y la Cendea de Galar acuerdan impulsar la modificaci\u00f3n de sus t\u00e9rminos municipales para facilitar los futuros desarrollos de la Meseta de Donapea y el Garit\u00f3n de Ripalda"},"content":{"rendered":"<p><!--more--><\/p>\n<p>El Ayuntamiento de Pamplona y el Ayuntamiento de la Cendea de Galar han iniciado conversaciones con objeto de dar un impulso conjunto a la alteraci\u00f3n de sus t\u00e9rminos municipales. Se busca, entre otros aspectos, facilitar posibles futuros desarrollos urban\u00edsticos, como los de la Meseta de Donapea o el Garit\u00f3n de Ripalda, con terrenos que en la actualidad pertenecen a ambas localidades.<br \/>\n<script async src=\"\/\/pagead2.googlesyndication.com\/pagead\/js\/adsbygoogle.js\"><\/script><br \/>\n<!-- Noticias La Guia de Pamplona --><br \/>\n<ins class=\"adsbygoogle\"\nstyle=\"display:block\"\ndata-ad-client=\"ca-pub-6943679897239327\"\ndata-ad-slot=\"7048180777\"\ndata-ad-format=\"auto\"><\/ins><br \/>\n<script>\n(adsbygoogle = window.adsbygoogle || []).push({});\n<\/script><\/p>\n<p>A salvo de lo que finalmente pueda llegar a pactarse en el documento que resulte tramitable, Pamplona, en principio, asumir\u00e1 544.000 metros cuadrados ahora pertenecientes a la Cendea de Galar que permitir\u00eda completar el nuevo desarrollo urban\u00edstico en Azpilaga\u00f1a Sur, en el entorno de la prolongaci\u00f3n de la calle Sadar, la avenida de Zaragoza y la variante PA-31. Adem\u00e1s, recibir\u00e1 los terrenos ubicados en la llamada Meseta de Donapea, al otro lado de la variante hasta la carretera NA \u2013 6001. La mayor parte de esta superficie estaba integrada en el PSIS anulado por los tribunales de justicia en 2018, que planificaba el desarrollo de este \u00e1mbito.<\/p>\n<p>La Cendea de Galar, por su parte, compensar\u00e1 esa modificaci\u00f3n del t\u00e9rmino municipal con otros 544.000 metros cuadrados, pero en dos zonas. Una de ellas, de unos 417.000 metros cuadrados, se sit\u00faa en unos terrenos al sur del CIP Donapea y de la carretera de Esqu\u00edroz, y la otra, de unos 128.000 metros cuadrados pertenece al PSIS de la UPNA y est\u00e1 ubicada en los actuales terrenos del Garit\u00f3n de Ripalda, entre la trasera de El Sadar y la PA \u2013 32.<br \/>\n<script async src=\"\/\/pagead2.googlesyndication.com\/pagead\/js\/adsbygoogle.js\"><\/script><br \/>\n<!-- Noticias La Guia de Pamplona --><br \/>\n<ins class=\"adsbygoogle\"\nstyle=\"display:block\"\ndata-ad-client=\"ca-pub-6943679897239327\"\ndata-ad-slot=\"7048180777\"\ndata-ad-format=\"auto\"><\/ins><br \/>\n<script>\n(adsbygoogle = window.adsbygoogle || []).push({});\n<\/script><\/p>\n<p>La propuesta que comienza a trabajarse se basa en elementos f\u00edsicos preexistentes y en motivos de conveniencia tanto econ\u00f3mica como administrativa, con el objetivo de que cualquier futuro desarrollo urban\u00edstico en las zonas afectadas de la Meseta de Donapea y del Garit\u00f3n de Ripalda sea coherente y proporcionado, tanto a la realidad f\u00edsica de la zona como a la realidad administrativa y funcional de la futura gesti\u00f3n en este \u00e1mbito territorial. La propuesta est\u00e1 consensuada por los servicios t\u00e9cnico-jur\u00eddicos de ambos ayuntamientos y tiene como objetivo la ordenaci\u00f3n y protecci\u00f3n del territorio y su paisaje, preservando sus valores, en la zona lim\u00edtrofe de ambos territorios municipal, manteniendo en todo caso la necesaria coherencia en el tratamiento del territorio en su continuidad.<\/p>\n<p>Los trabajos de redacci\u00f3n de la documentaci\u00f3n t\u00e9cnica com\u00fan para la alteraci\u00f3n de los t\u00e9rminos municipales los llevar\u00e1 a cabo el Ayuntamiento de Pamplona mediante la coordinaci\u00f3n de los servicios t\u00e9cnicos de ambos consistorios y ser\u00e1 aprobada por ambas entidades locales en Pleno para su remisi\u00f3n posterior a la Direcci\u00f3n General de Administraci\u00f3n Local para su tramitaci\u00f3n. A tal fin, se elaborar\u00e1n los planos de los t\u00e9rminos municipales que van a ser objeto de la alteraci\u00f3n, as\u00ed como los nuevos l\u00edmites o l\u00ednea divisoria entre los municipios de Pamplona y la Cendea de Galar.<\/p>\n","protected":false},"excerpt":{"rendered":"","protected":false},"author":1,"featured_media":37757,"comment_status":"open","ping_status":"closed","sticky":false,"template":"","format":"standard","meta":{"footnotes":""},"categories":[2],"tags":[],"class_list":["post-37756","post","type-post","status-publish","format-standard","has-post-thumbnail","hentry","category-ayuntamiento-pamplona"],"yoast_head":"<!-- This site is optimized with the Yoast SEO plugin v27.5 - https:\/\/yoast.com\/product\/yoast-seo-wordpress\/ -->\n<title>Pamplona y la Cendea de Galar acuerdan impulsar la modificaci\u00f3n de sus t\u00e9rminos municipales para facilitar los futuros desarrollos de la Meseta de Donapea y el Garit\u00f3n de Ripalda<\/title>\n<meta name=\"description\" content=\"Se busca, entre otros aspectos, facilitar posibles futuros desarrollos urban\u00edsticos, como los de la Meseta de Donapea o el Garit\u00f3n de Ripalda\" \/>\n<meta name=\"robots\" content=\"index, follow, max-snippet:-1, max-image-preview:large, max-video-preview:-1\" \/>\n<link rel=\"canonical\" href=\"https:\/\/www.laguiadepamplona.com\/actualidad\/pamplona-y-la-cendea-de-galar-acuerdan-impulsar-la-modificacion-de-sus-terminos-municipales-para-facilitar-los-futuros-desarrollos-de-la-meseta-de-donapea-y-el-gariton-de-ripalda\/\" \/>\n<meta property=\"og:locale\" content=\"es_ES\" \/>\n<meta property=\"og:type\" content=\"article\" \/>\n<meta property=\"og:title\" content=\"Pamplona y la Cendea de Galar acuerdan impulsar la modificaci\u00f3n de sus t\u00e9rminos municipales para facilitar los futuros desarrollos de la Meseta de Donapea y el Garit\u00f3n de Ripalda\" \/>\n<meta property=\"og:description\" content=\"Se busca, entre otros aspectos, facilitar posibles futuros desarrollos urban\u00edsticos, como los de la Meseta de Donapea o el Garit\u00f3n de Ripalda\" \/>\n<meta property=\"og:url\" content=\"https:\/\/www.laguiadepamplona.com\/actualidad\/pamplona-y-la-cendea-de-galar-acuerdan-impulsar-la-modificacion-de-sus-terminos-municipales-para-facilitar-los-futuros-desarrollos-de-la-meseta-de-donapea-y-el-gariton-de-ripalda\/\" \/>\n<meta property=\"og:site_name\" content=\"La Gu\u00eda de Pamplona\" \/>\n<meta property=\"article:publisher\" content=\"https:\/\/www.facebook.com\/laguiadepamplonacom-133175176762273\/?ref=hl\" \/>\n<meta property=\"article:published_time\" content=\"2021-11-26T16:45:08+00:00\" \/>\n<meta property=\"article:modified_time\" content=\"2023-04-11T09:48:43+00:00\" \/>\n<meta property=\"og:image\" content=\"https:\/\/www.laguiadepamplona.com\/actualidad\/wp-content\/uploads\/2021\/11\/plano-pamplona-cedea-de-galar.jpg\" \/>\n\t<meta property=\"og:image:width\" content=\"979\" \/>\n\t<meta property=\"og:image:height\" content=\"685\" \/>\n\t<meta property=\"og:image:type\" content=\"image\/jpeg\" \/>\n<meta name=\"author\" content=\"La Gu\u00eda de Pamplona\" \/>\n<meta name=\"twitter:card\" content=\"summary_large_image\" \/>\n<meta name=\"twitter:creator\" content=\"@LaGuiadPamplona\" \/>\n<meta name=\"twitter:site\" content=\"@LaGuiadPamplona\" \/>\n<meta name=\"twitter:label1\" content=\"Escrito por\" \/>\n\t<meta name=\"twitter:data1\" content=\"La Gu\u00eda de Pamplona\" \/>\n\t<meta name=\"twitter:label2\" content=\"Tiempo de lectura\" \/>\n\t<meta name=\"twitter:data2\" content=\"3 minutos\" \/>\n<script type=\"application\/ld+json\" class=\"yoast-schema-graph\">{\"@context\":\"https:\\\/\\\/schema.org\",\"@graph\":[{\"@type\":\"Article\",\"@id\":\"https:\\\/\\\/www.laguiadepamplona.com\\\/actualidad\\\/pamplona-y-la-cendea-de-galar-acuerdan-impulsar-la-modificacion-de-sus-terminos-municipales-para-facilitar-los-futuros-desarrollos-de-la-meseta-de-donapea-y-el-gariton-de-ripalda\\\/#article\",\"isPartOf\":{\"@id\":\"https:\\\/\\\/www.laguiadepamplona.com\\\/actualidad\\\/pamplona-y-la-cendea-de-galar-acuerdan-impulsar-la-modificacion-de-sus-terminos-municipales-para-facilitar-los-futuros-desarrollos-de-la-meseta-de-donapea-y-el-gariton-de-ripalda\\\/\"},\"author\":{\"name\":\"La Gu\u00eda de Pamplona\",\"@id\":\"https:\\\/\\\/www.laguiadepamplona.com\\\/actualidad\\\/#\\\/schema\\\/person\\\/efe887376f0213d4657c93adc50b1fdb\"},\"headline\":\"Pamplona y la Cendea de Galar acuerdan impulsar la modificaci\u00f3n de sus t\u00e9rminos municipales para facilitar los futuros desarrollos de la Meseta de Donapea y el Garit\u00f3n de Ripalda\",\"datePublished\":\"2021-11-26T16:45:08+00:00\",\"dateModified\":\"2023-04-11T09:48:43+00:00\",\"mainEntityOfPage\":{\"@id\":\"https:\\\/\\\/www.laguiadepamplona.com\\\/actualidad\\\/pamplona-y-la-cendea-de-galar-acuerdan-impulsar-la-modificacion-de-sus-terminos-municipales-para-facilitar-los-futuros-desarrollos-de-la-meseta-de-donapea-y-el-gariton-de-ripalda\\\/\"},\"wordCount\":530,\"commentCount\":0,\"publisher\":{\"@id\":\"https:\\\/\\\/www.laguiadepamplona.com\\\/actualidad\\\/#organization\"},\"image\":{\"@id\":\"https:\\\/\\\/www.laguiadepamplona.com\\\/actualidad\\\/pamplona-y-la-cendea-de-galar-acuerdan-impulsar-la-modificacion-de-sus-terminos-municipales-para-facilitar-los-futuros-desarrollos-de-la-meseta-de-donapea-y-el-gariton-de-ripalda\\\/#primaryimage\"},\"thumbnailUrl\":\"https:\\\/\\\/www.laguiadepamplona.com\\\/actualidad\\\/wp-content\\\/uploads\\\/2021\\\/11\\\/plano-pamplona-cedea-de-galar.jpg\",\"articleSection\":[\"Ayto Pamplona\"],\"inLanguage\":\"es\",\"potentialAction\":[{\"@type\":\"CommentAction\",\"name\":\"Comment\",\"target\":[\"https:\\\/\\\/www.laguiadepamplona.com\\\/actualidad\\\/pamplona-y-la-cendea-de-galar-acuerdan-impulsar-la-modificacion-de-sus-terminos-municipales-para-facilitar-los-futuros-desarrollos-de-la-meseta-de-donapea-y-el-gariton-de-ripalda\\\/#respond\"]}]},{\"@type\":\"WebPage\",\"@id\":\"https:\\\/\\\/www.laguiadepamplona.com\\\/actualidad\\\/pamplona-y-la-cendea-de-galar-acuerdan-impulsar-la-modificacion-de-sus-terminos-municipales-para-facilitar-los-futuros-desarrollos-de-la-meseta-de-donapea-y-el-gariton-de-ripalda\\\/\",\"url\":\"https:\\\/\\\/www.laguiadepamplona.com\\\/actualidad\\\/pamplona-y-la-cendea-de-galar-acuerdan-impulsar-la-modificacion-de-sus-terminos-municipales-para-facilitar-los-futuros-desarrollos-de-la-meseta-de-donapea-y-el-gariton-de-ripalda\\\/\",\"name\":\"Pamplona y la Cendea de Galar acuerdan impulsar la modificaci\u00f3n de sus t\u00e9rminos municipales para facilitar los futuros desarrollos de la Meseta de Donapea y el Garit\u00f3n de Ripalda\",\"isPartOf\":{\"@id\":\"https:\\\/\\\/www.laguiadepamplona.com\\\/actualidad\\\/#website\"},\"primaryImageOfPage\":{\"@id\":\"https:\\\/\\\/www.laguiadepamplona.com\\\/actualidad\\\/pamplona-y-la-cendea-de-galar-acuerdan-impulsar-la-modificacion-de-sus-terminos-municipales-para-facilitar-los-futuros-desarrollos-de-la-meseta-de-donapea-y-el-gariton-de-ripalda\\\/#primaryimage\"},\"image\":{\"@id\":\"https:\\\/\\\/www.laguiadepamplona.com\\\/actualidad\\\/pamplona-y-la-cendea-de-galar-acuerdan-impulsar-la-modificacion-de-sus-terminos-municipales-para-facilitar-los-futuros-desarrollos-de-la-meseta-de-donapea-y-el-gariton-de-ripalda\\\/#primaryimage\"},\"thumbnailUrl\":\"https:\\\/\\\/www.laguiadepamplona.com\\\/actualidad\\\/wp-content\\\/uploads\\\/2021\\\/11\\\/plano-pamplona-cedea-de-galar.jpg\",\"datePublished\":\"2021-11-26T16:45:08+00:00\",\"dateModified\":\"2023-04-11T09:48:43+00:00\",\"description\":\"Se busca, entre otros aspectos, facilitar posibles futuros desarrollos urban\u00edsticos, como los de la Meseta de Donapea o el Garit\u00f3n de Ripalda\",\"breadcrumb\":{\"@id\":\"https:\\\/\\\/www.laguiadepamplona.com\\\/actualidad\\\/pamplona-y-la-cendea-de-galar-acuerdan-impulsar-la-modificacion-de-sus-terminos-municipales-para-facilitar-los-futuros-desarrollos-de-la-meseta-de-donapea-y-el-gariton-de-ripalda\\\/#breadcrumb\"},\"inLanguage\":\"es\",\"potentialAction\":[{\"@type\":\"ReadAction\",\"target\":[\"https:\\\/\\\/www.laguiadepamplona.com\\\/actualidad\\\/pamplona-y-la-cendea-de-galar-acuerdan-impulsar-la-modificacion-de-sus-terminos-municipales-para-facilitar-los-futuros-desarrollos-de-la-meseta-de-donapea-y-el-gariton-de-ripalda\\\/\"]}]},{\"@type\":\"ImageObject\",\"inLanguage\":\"es\",\"@id\":\"https:\\\/\\\/www.laguiadepamplona.com\\\/actualidad\\\/pamplona-y-la-cendea-de-galar-acuerdan-impulsar-la-modificacion-de-sus-terminos-municipales-para-facilitar-los-futuros-desarrollos-de-la-meseta-de-donapea-y-el-gariton-de-ripalda\\\/#primaryimage\",\"url\":\"https:\\\/\\\/www.laguiadepamplona.com\\\/actualidad\\\/wp-content\\\/uploads\\\/2021\\\/11\\\/plano-pamplona-cedea-de-galar.jpg\",\"contentUrl\":\"https:\\\/\\\/www.laguiadepamplona.com\\\/actualidad\\\/wp-content\\\/uploads\\\/2021\\\/11\\\/plano-pamplona-cedea-de-galar.jpg\",\"width\":979,\"height\":685},{\"@type\":\"BreadcrumbList\",\"@id\":\"https:\\\/\\\/www.laguiadepamplona.com\\\/actualidad\\\/pamplona-y-la-cendea-de-galar-acuerdan-impulsar-la-modificacion-de-sus-terminos-municipales-para-facilitar-los-futuros-desarrollos-de-la-meseta-de-donapea-y-el-gariton-de-ripalda\\\/#breadcrumb\",\"itemListElement\":[{\"@type\":\"ListItem\",\"position\":1,\"name\":\"Portada\",\"item\":\"https:\\\/\\\/www.laguiadepamplona.com\\\/actualidad\\\/\"},{\"@type\":\"ListItem\",\"position\":2,\"name\":\"Pamplona y la Cendea de Galar acuerdan impulsar la modificaci\u00f3n de sus t\u00e9rminos municipales para facilitar los futuros desarrollos de la Meseta de Donapea y el Garit\u00f3n de Ripalda\"}]},{\"@type\":\"WebSite\",\"@id\":\"https:\\\/\\\/www.laguiadepamplona.com\\\/actualidad\\\/#website\",\"url\":\"https:\\\/\\\/www.laguiadepamplona.com\\\/actualidad\\\/\",\"name\":\"La gu\u00eda de Pamplona\",\"description\":\"Noticias de Pamplona\",\"publisher\":{\"@id\":\"https:\\\/\\\/www.laguiadepamplona.com\\\/actualidad\\\/#organization\"},\"potentialAction\":[{\"@type\":\"SearchAction\",\"target\":{\"@type\":\"EntryPoint\",\"urlTemplate\":\"https:\\\/\\\/www.laguiadepamplona.com\\\/actualidad\\\/?s={search_term_string}\"},\"query-input\":{\"@type\":\"PropertyValueSpecification\",\"valueRequired\":true,\"valueName\":\"search_term_string\"}}],\"inLanguage\":\"es\"},{\"@type\":\"Organization\",\"@id\":\"https:\\\/\\\/www.laguiadepamplona.com\\\/actualidad\\\/#organization\",\"name\":\"La Gu\u00eda de Pamplona \\\/ Noticias\",\"url\":\"https:\\\/\\\/www.laguiadepamplona.com\\\/actualidad\\\/\",\"logo\":{\"@type\":\"ImageObject\",\"inLanguage\":\"es\",\"@id\":\"https:\\\/\\\/www.laguiadepamplona.com\\\/actualidad\\\/#\\\/schema\\\/logo\\\/image\\\/\",\"url\":\"https:\\\/\\\/www.laguiadepamplona.com\\\/actualidad\\\/wp-content\\\/uploads\\\/2018\\\/11\\\/logo-laguiadepamplona18-web1.png\",\"contentUrl\":\"https:\\\/\\\/www.laguiadepamplona.com\\\/actualidad\\\/wp-content\\\/uploads\\\/2018\\\/11\\\/logo-laguiadepamplona18-web1.png\",\"width\":600,\"height\":196,\"caption\":\"La Gu\u00eda de Pamplona \\\/ Noticias\"},\"image\":{\"@id\":\"https:\\\/\\\/www.laguiadepamplona.com\\\/actualidad\\\/#\\\/schema\\\/logo\\\/image\\\/\"},\"sameAs\":[\"https:\\\/\\\/www.facebook.com\\\/laguiadepamplonacom-133175176762273\\\/?ref=hl\",\"https:\\\/\\\/x.com\\\/LaGuiadPamplona\",\"https:\\\/\\\/www.instagram.com\\\/la_guia_de_pamplona\\\/\",\"https:\\\/\\\/www.youtube.com\\\/user\\\/laguiadepamplona\"]},{\"@type\":\"Person\",\"@id\":\"https:\\\/\\\/www.laguiadepamplona.com\\\/actualidad\\\/#\\\/schema\\\/person\\\/efe887376f0213d4657c93adc50b1fdb\",\"name\":\"La Gu\u00eda de Pamplona\",\"image\":{\"@type\":\"ImageObject\",\"inLanguage\":\"es\",\"@id\":\"https:\\\/\\\/secure.gravatar.com\\\/avatar\\\/b6992f131dc8d30ab0dff15446e9d346d9dbd95992de0fef795073f5ea83a81c?s=96&d=mm&r=g\",\"url\":\"https:\\\/\\\/secure.gravatar.com\\\/avatar\\\/b6992f131dc8d30ab0dff15446e9d346d9dbd95992de0fef795073f5ea83a81c?s=96&d=mm&r=g\",\"contentUrl\":\"https:\\\/\\\/secure.gravatar.com\\\/avatar\\\/b6992f131dc8d30ab0dff15446e9d346d9dbd95992de0fef795073f5ea83a81c?s=96&d=mm&r=g\",\"caption\":\"La Gu\u00eda de Pamplona\"}}]}<\/script>\n<!-- \/ Yoast SEO plugin. -->","yoast_head_json":{"title":"Pamplona y la Cendea de Galar acuerdan impulsar la modificaci\u00f3n de sus t\u00e9rminos municipales para facilitar los futuros desarrollos de la Meseta de Donapea y el Garit\u00f3n de Ripalda","description":"Se busca, entre otros aspectos, facilitar posibles futuros desarrollos urban\u00edsticos, como los de la Meseta de Donapea o el Garit\u00f3n de Ripalda","robots":{"index":"index","follow":"follow","max-snippet":"max-snippet:-1","max-image-preview":"max-image-preview:large","max-video-preview":"max-video-preview:-1"},"canonical":"https:\/\/www.laguiadepamplona.com\/actualidad\/pamplona-y-la-cendea-de-galar-acuerdan-impulsar-la-modificacion-de-sus-terminos-municipales-para-facilitar-los-futuros-desarrollos-de-la-meseta-de-donapea-y-el-gariton-de-ripalda\/","og_locale":"es_ES","og_type":"article","og_title":"Pamplona y la Cendea de Galar acuerdan impulsar la modificaci\u00f3n de sus t\u00e9rminos municipales para facilitar los futuros desarrollos de la Meseta de Donapea y el Garit\u00f3n de Ripalda","og_description":"Se busca, entre otros aspectos, facilitar posibles futuros desarrollos urban\u00edsticos, como los de la Meseta de Donapea o el Garit\u00f3n de Ripalda","og_url":"https:\/\/www.laguiadepamplona.com\/actualidad\/pamplona-y-la-cendea-de-galar-acuerdan-impulsar-la-modificacion-de-sus-terminos-municipales-para-facilitar-los-futuros-desarrollos-de-la-meseta-de-donapea-y-el-gariton-de-ripalda\/","og_site_name":"La Gu\u00eda de Pamplona","article_publisher":"https:\/\/www.facebook.com\/laguiadepamplonacom-133175176762273\/?ref=hl","article_published_time":"2021-11-26T16:45:08+00:00","article_modified_time":"2023-04-11T09:48:43+00:00","og_image":[{"width":979,"height":685,"url":"https:\/\/www.laguiadepamplona.com\/actualidad\/wp-content\/uploads\/2021\/11\/plano-pamplona-cedea-de-galar.jpg","type":"image\/jpeg"}],"author":"La Gu\u00eda de Pamplona","twitter_card":"summary_large_image","twitter_creator":"@LaGuiadPamplona","twitter_site":"@LaGuiadPamplona","twitter_misc":{"Escrito por":"La Gu\u00eda de Pamplona","Tiempo de lectura":"3 minutos"},"schema":{"@context":"https:\/\/schema.org","@graph":[{"@type":"Article","@id":"https:\/\/www.laguiadepamplona.com\/actualidad\/pamplona-y-la-cendea-de-galar-acuerdan-impulsar-la-modificacion-de-sus-terminos-municipales-para-facilitar-los-futuros-desarrollos-de-la-meseta-de-donapea-y-el-gariton-de-ripalda\/#article","isPartOf":{"@id":"https:\/\/www.laguiadepamplona.com\/actualidad\/pamplona-y-la-cendea-de-galar-acuerdan-impulsar-la-modificacion-de-sus-terminos-municipales-para-facilitar-los-futuros-desarrollos-de-la-meseta-de-donapea-y-el-gariton-de-ripalda\/"},"author":{"name":"La Gu\u00eda de Pamplona","@id":"https:\/\/www.laguiadepamplona.com\/actualidad\/#\/schema\/person\/efe887376f0213d4657c93adc50b1fdb"},"headline":"Pamplona y la Cendea de Galar acuerdan impulsar la modificaci\u00f3n de sus t\u00e9rminos municipales para facilitar los futuros desarrollos de la Meseta de Donapea y el Garit\u00f3n de Ripalda","datePublished":"2021-11-26T16:45:08+00:00","dateModified":"2023-04-11T09:48:43+00:00","mainEntityOfPage":{"@id":"https:\/\/www.laguiadepamplona.com\/actualidad\/pamplona-y-la-cendea-de-galar-acuerdan-impulsar-la-modificacion-de-sus-terminos-municipales-para-facilitar-los-futuros-desarrollos-de-la-meseta-de-donapea-y-el-gariton-de-ripalda\/"},"wordCount":530,"commentCount":0,"publisher":{"@id":"https:\/\/www.laguiadepamplona.com\/actualidad\/#organization"},"image":{"@id":"https:\/\/www.laguiadepamplona.com\/actualidad\/pamplona-y-la-cendea-de-galar-acuerdan-impulsar-la-modificacion-de-sus-terminos-municipales-para-facilitar-los-futuros-desarrollos-de-la-meseta-de-donapea-y-el-gariton-de-ripalda\/#primaryimage"},"thumbnailUrl":"https:\/\/www.laguiadepamplona.com\/actualidad\/wp-content\/uploads\/2021\/11\/plano-pamplona-cedea-de-galar.jpg","articleSection":["Ayto Pamplona"],"inLanguage":"es","potentialAction":[{"@type":"CommentAction","name":"Comment","target":["https:\/\/www.laguiadepamplona.com\/actualidad\/pamplona-y-la-cendea-de-galar-acuerdan-impulsar-la-modificacion-de-sus-terminos-municipales-para-facilitar-los-futuros-desarrollos-de-la-meseta-de-donapea-y-el-gariton-de-ripalda\/#respond"]}]},{"@type":"WebPage","@id":"https:\/\/www.laguiadepamplona.com\/actualidad\/pamplona-y-la-cendea-de-galar-acuerdan-impulsar-la-modificacion-de-sus-terminos-municipales-para-facilitar-los-futuros-desarrollos-de-la-meseta-de-donapea-y-el-gariton-de-ripalda\/","url":"https:\/\/www.laguiadepamplona.com\/actualidad\/pamplona-y-la-cendea-de-galar-acuerdan-impulsar-la-modificacion-de-sus-terminos-municipales-para-facilitar-los-futuros-desarrollos-de-la-meseta-de-donapea-y-el-gariton-de-ripalda\/","name":"Pamplona y la Cendea de Galar acuerdan impulsar la modificaci\u00f3n de sus t\u00e9rminos municipales para facilitar los futuros desarrollos de la Meseta de Donapea y el Garit\u00f3n de Ripalda","isPartOf":{"@id":"https:\/\/www.laguiadepamplona.com\/actualidad\/#website"},"primaryImageOfPage":{"@id":"https:\/\/www.laguiadepamplona.com\/actualidad\/pamplona-y-la-cendea-de-galar-acuerdan-impulsar-la-modificacion-de-sus-terminos-municipales-para-facilitar-los-futuros-desarrollos-de-la-meseta-de-donapea-y-el-gariton-de-ripalda\/#primaryimage"},"image":{"@id":"https:\/\/www.laguiadepamplona.com\/actualidad\/pamplona-y-la-cendea-de-galar-acuerdan-impulsar-la-modificacion-de-sus-terminos-municipales-para-facilitar-los-futuros-desarrollos-de-la-meseta-de-donapea-y-el-gariton-de-ripalda\/#primaryimage"},"thumbnailUrl":"https:\/\/www.laguiadepamplona.com\/actualidad\/wp-content\/uploads\/2021\/11\/plano-pamplona-cedea-de-galar.jpg","datePublished":"2021-11-26T16:45:08+00:00","dateModified":"2023-04-11T09:48:43+00:00","description":"Se busca, entre otros aspectos, facilitar posibles futuros desarrollos urban\u00edsticos, como los de la Meseta de Donapea o el Garit\u00f3n de Ripalda","breadcrumb":{"@id":"https:\/\/www.laguiadepamplona.com\/actualidad\/pamplona-y-la-cendea-de-galar-acuerdan-impulsar-la-modificacion-de-sus-terminos-municipales-para-facilitar-los-futuros-desarrollos-de-la-meseta-de-donapea-y-el-gariton-de-ripalda\/#breadcrumb"},"inLanguage":"es","potentialAction":[{"@type":"ReadAction","target":["https:\/\/www.laguiadepamplona.com\/actualidad\/pamplona-y-la-cendea-de-galar-acuerdan-impulsar-la-modificacion-de-sus-terminos-municipales-para-facilitar-los-futuros-desarrollos-de-la-meseta-de-donapea-y-el-gariton-de-ripalda\/"]}]},{"@type":"ImageObject","inLanguage":"es","@id":"https:\/\/www.laguiadepamplona.com\/actualidad\/pamplona-y-la-cendea-de-galar-acuerdan-impulsar-la-modificacion-de-sus-terminos-municipales-para-facilitar-los-futuros-desarrollos-de-la-meseta-de-donapea-y-el-gariton-de-ripalda\/#primaryimage","url":"https:\/\/www.laguiadepamplona.com\/actualidad\/wp-content\/uploads\/2021\/11\/plano-pamplona-cedea-de-galar.jpg","contentUrl":"https:\/\/www.laguiadepamplona.com\/actualidad\/wp-content\/uploads\/2021\/11\/plano-pamplona-cedea-de-galar.jpg","width":979,"height":685},{"@type":"BreadcrumbList","@id":"https:\/\/www.laguiadepamplona.com\/actualidad\/pamplona-y-la-cendea-de-galar-acuerdan-impulsar-la-modificacion-de-sus-terminos-municipales-para-facilitar-los-futuros-desarrollos-de-la-meseta-de-donapea-y-el-gariton-de-ripalda\/#breadcrumb","itemListElement":[{"@type":"ListItem","position":1,"name":"Portada","item":"https:\/\/www.laguiadepamplona.com\/actualidad\/"},{"@type":"ListItem","position":2,"name":"Pamplona y la Cendea de Galar acuerdan impulsar la modificaci\u00f3n de sus t\u00e9rminos municipales para facilitar los futuros desarrollos de la Meseta de Donapea y el Garit\u00f3n de Ripalda"}]},{"@type":"WebSite","@id":"https:\/\/www.laguiadepamplona.com\/actualidad\/#website","url":"https:\/\/www.laguiadepamplona.com\/actualidad\/","name":"La gu\u00eda de Pamplona","description":"Noticias de Pamplona","publisher":{"@id":"https:\/\/www.laguiadepamplona.com\/actualidad\/#organization"},"potentialAction":[{"@type":"SearchAction","target":{"@type":"EntryPoint","urlTemplate":"https:\/\/www.laguiadepamplona.com\/actualidad\/?s={search_term_string}"},"query-input":{"@type":"PropertyValueSpecification","valueRequired":true,"valueName":"search_term_string"}}],"inLanguage":"es"},{"@type":"Organization","@id":"https:\/\/www.laguiadepamplona.com\/actualidad\/#organization","name":"La Gu\u00eda de Pamplona \/ Noticias","url":"https:\/\/www.laguiadepamplona.com\/actualidad\/","logo":{"@type":"ImageObject","inLanguage":"es","@id":"https:\/\/www.laguiadepamplona.com\/actualidad\/#\/schema\/logo\/image\/","url":"https:\/\/www.laguiadepamplona.com\/actualidad\/wp-content\/uploads\/2018\/11\/logo-laguiadepamplona18-web1.png","contentUrl":"https:\/\/www.laguiadepamplona.com\/actualidad\/wp-content\/uploads\/2018\/11\/logo-laguiadepamplona18-web1.png","width":600,"height":196,"caption":"La Gu\u00eda de Pamplona \/ Noticias"},"image":{"@id":"https:\/\/www.laguiadepamplona.com\/actualidad\/#\/schema\/logo\/image\/"},"sameAs":["https:\/\/www.facebook.com\/laguiadepamplonacom-133175176762273\/?ref=hl","https:\/\/x.com\/LaGuiadPamplona","https:\/\/www.instagram.com\/la_guia_de_pamplona\/","https:\/\/www.youtube.com\/user\/laguiadepamplona"]},{"@type":"Person","@id":"https:\/\/www.laguiadepamplona.com\/actualidad\/#\/schema\/person\/efe887376f0213d4657c93adc50b1fdb","name":"La Gu\u00eda de Pamplona","image":{"@type":"ImageObject","inLanguage":"es","@id":"https:\/\/secure.gravatar.com\/avatar\/b6992f131dc8d30ab0dff15446e9d346d9dbd95992de0fef795073f5ea83a81c?s=96&d=mm&r=g","url":"https:\/\/secure.gravatar.com\/avatar\/b6992f131dc8d30ab0dff15446e9d346d9dbd95992de0fef795073f5ea83a81c?s=96&d=mm&r=g","contentUrl":"https:\/\/secure.gravatar.com\/avatar\/b6992f131dc8d30ab0dff15446e9d346d9dbd95992de0fef795073f5ea83a81c?s=96&d=mm&r=g","caption":"La Gu\u00eda de Pamplona"}}]}},"post_mailing_queue_ids":[],"_links":{"self":[{"href":"https:\/\/www.laguiadepamplona.com\/actualidad\/wp-json\/wp\/v2\/posts\/37756","targetHints":{"allow":["GET"]}}],"collection":[{"href":"https:\/\/www.laguiadepamplona.com\/actualidad\/wp-json\/wp\/v2\/posts"}],"about":[{"href":"https:\/\/www.laguiadepamplona.com\/actualidad\/wp-json\/wp\/v2\/types\/post"}],"author":[{"embeddable":true,"href":"https:\/\/www.laguiadepamplona.com\/actualidad\/wp-json\/wp\/v2\/users\/1"}],"replies":[{"embeddable":true,"href":"https:\/\/www.laguiadepamplona.com\/actualidad\/wp-json\/wp\/v2\/comments?post=37756"}],"version-history":[{"count":0,"href":"https:\/\/www.laguiadepamplona.com\/actualidad\/wp-json\/wp\/v2\/posts\/37756\/revisions"}],"wp:featuredmedia":[{"embeddable":true,"href":"https:\/\/www.laguiadepamplona.com\/actualidad\/wp-json\/wp\/v2\/media\/37757"}],"wp:attachment":[{"href":"https:\/\/www.laguiadepamplona.com\/actualidad\/wp-json\/wp\/v2\/media?parent=37756"}],"wp:term":[{"taxonomy":"category","embeddable":true,"href":"https:\/\/www.laguiadepamplona.com\/actualidad\/wp-json\/wp\/v2\/categories?post=37756"},{"taxonomy":"post_tag","embeddable":true,"href":"https:\/\/www.laguiadepamplona.com\/actualidad\/wp-json\/wp\/v2\/tags?post=37756"}],"curies":[{"name":"wp","href":"https:\/\/api.w.org\/{rel}","templated":true}]}}