{"id":37751,"date":"2021-11-25T18:27:57","date_gmt":"2021-11-25T16:27:57","guid":{"rendered":"https:\/\/www.laguiadepamplona.com\/actualidad\/?p=37751"},"modified":"2023-04-11T11:48:43","modified_gmt":"2023-04-11T09:48:43","slug":"el-ayuntamiento-de-pamplona-participa-en-la-v-feria-de-la-edicion-de-navarra-con-un-stand-en-la-plaza-del-castillo-donde-expone-mas-de-una-treintena-de-sus-publicaciones","status":"publish","type":"post","link":"https:\/\/www.laguiadepamplona.com\/actualidad\/el-ayuntamiento-de-pamplona-participa-en-la-v-feria-de-la-edicion-de-navarra-con-un-stand-en-la-plaza-del-castillo-donde-expone-mas-de-una-treintena-de-sus-publicaciones\/","title":{"rendered":"El Ayuntamiento de Pamplona participa en la V Feria de la Edici\u00f3n de Navarra con un stand en la Plaza del Castillo donde expone m\u00e1s de una treintena de sus publicaciones"},"content":{"rendered":"<h5>La feria se celebra desde este jueves hasta el domingo 28 de noviembre, en horario de 10.30 a 14 horas y de 17 a 21 horas<\/h5>\n<p><!--more--><\/p>\n<p>La Plaza del Castillo acoge hasta el domingo 28 de noviembre la V Feria de la Edici\u00f3n de Navarra, un evento que ofrecer\u00e1 m\u00e1s de una veintena de conferencias, presentaciones y firmas de libros, con la intenci\u00f3n de impulsar el sector y visibilizar su labor. El Ayuntamiento de Pamplona est\u00e1 presente en la feria con un stand entre la veintena de puestos ubicados en el entorno del quiosco, donde editoriales y otras entidades muestran sus publicaciones.<br \/>\n<script async src=\"\/\/pagead2.googlesyndication.com\/pagead\/js\/adsbygoogle.js\"><\/script><br \/>\n<!-- Noticias La Guia de Pamplona --><br \/>\n<ins class=\"adsbygoogle\"\nstyle=\"display:block\"\ndata-ad-client=\"ca-pub-6943679897239327\"\ndata-ad-slot=\"7048180777\"\ndata-ad-format=\"auto\"><\/ins><br \/>\n<script>\n(adsbygoogle = window.adsbygoogle || []).push({});\n<\/script><\/p>\n<p>A ese puesto, el Ayuntamiento de Pamplona ha llevado m\u00e1s de una treintena de publicaciones editadas por el propio Consistorio, en castellano, euskera o ingl\u00e9s, sobre temas relativos a la historia, las tradiciones, las fiestas o la propia ciudad. Entre otros, se muestran los \u00faltimos textos editados como \u2018Pampilona urbs regia\u2019, \u2018La mujer en los carteles de San Ferm\u00edn\u2019, \u2018San Ferm\u00edn 2021. Relatos de una fiesta sin igual\u2019 o \u2018Los a\u00f1os que no bailamos\u2019, los diferentes vol\u00famenes de la colecci\u00f3n sobre las murallas de Pamplona o los libros sobre la historia de Pamplona \u2018Historias y rincones de Pamplona\u2019 y \u2018Cosas de la Vieja Iru\u00f1a\u2019. Tambi\u00e9n hay varios libros sobre San Ferm\u00edn, como \u2018San Ferm\u00edn. El santo, la devoci\u00f3n, la fiesta\u2019, \u2018Manuel Turrillas en el centenario de su nacimiento\u2019, o la \u2018Gu\u00eda de escultura urbana en Pamplona\u2019, \u2018iWay\u2019 o \u2018El bloqueo y capitulaci\u00f3n de Pamplona en 1813\u2019.<\/p>\n<p>La feria est\u00e1 organizada por la Asociaci\u00f3n de Editores de Navarra (EDITARGI) y permanecer\u00e1 abierta hasta el domingo en horario de 10.30 a 14 horas por la ma\u00f1ana y de 17 a 21 horas por la tarde.<\/p>\n","protected":false},"excerpt":{"rendered":"<p>La feria se celebra desde este jueves hasta el domingo 28 de noviembre, en horario de 10.30 a 14 horas y de 17 a 21 horas<\/p>\n","protected":false},"author":1,"featured_media":37752,"comment_status":"open","ping_status":"closed","sticky":false,"template":"","format":"standard","meta":{"footnotes":""},"categories":[2],"tags":[],"class_list":["post-37751","post","type-post","status-publish","format-standard","has-post-thumbnail","hentry","category-ayuntamiento-pamplona"],"yoast_head":"<!-- This site is optimized with the Yoast SEO plugin v27.5 - https:\/\/yoast.com\/product\/yoast-seo-wordpress\/ -->\n<title>El Ayuntamiento de Pamplona participa en la V Feria de la Edici\u00f3n de Navarra con un stand en la Plaza del Castillo donde expone m\u00e1s de una treintena de sus publicaciones<\/title>\n<meta name=\"description\" content=\"La feria se celebra desde este jueves hasta el domingo 28 de noviembre, en horario de 10.30 a 14 horas y de 17 a 21 horas\" \/>\n<meta name=\"robots\" content=\"index, follow, max-snippet:-1, max-image-preview:large, max-video-preview:-1\" \/>\n<link rel=\"canonical\" href=\"https:\/\/www.laguiadepamplona.com\/actualidad\/el-ayuntamiento-de-pamplona-participa-en-la-v-feria-de-la-edicion-de-navarra-con-un-stand-en-la-plaza-del-castillo-donde-expone-mas-de-una-treintena-de-sus-publicaciones\/\" \/>\n<meta property=\"og:locale\" content=\"es_ES\" \/>\n<meta property=\"og:type\" content=\"article\" \/>\n<meta property=\"og:title\" content=\"El Ayuntamiento de Pamplona participa en la V Feria de la Edici\u00f3n de Navarra con un stand en la Plaza del Castillo donde expone m\u00e1s de una treintena de sus publicaciones\" \/>\n<meta property=\"og:description\" content=\"La feria se celebra desde este jueves hasta el domingo 28 de noviembre, en horario de 10.30 a 14 horas y de 17 a 21 horas\" \/>\n<meta property=\"og:url\" content=\"https:\/\/www.laguiadepamplona.com\/actualidad\/el-ayuntamiento-de-pamplona-participa-en-la-v-feria-de-la-edicion-de-navarra-con-un-stand-en-la-plaza-del-castillo-donde-expone-mas-de-una-treintena-de-sus-publicaciones\/\" \/>\n<meta property=\"og:site_name\" content=\"La Gu\u00eda de Pamplona\" \/>\n<meta property=\"article:publisher\" content=\"https:\/\/www.facebook.com\/laguiadepamplonacom-133175176762273\/?ref=hl\" \/>\n<meta property=\"article:published_time\" content=\"2021-11-25T16:27:57+00:00\" \/>\n<meta property=\"article:modified_time\" content=\"2023-04-11T09:48:43+00:00\" \/>\n<meta property=\"og:image\" content=\"https:\/\/www.laguiadepamplona.com\/actualidad\/wp-content\/uploads\/2021\/11\/V-Feria-de-la-edicion-de-navarra.jpg\" \/>\n\t<meta property=\"og:image:width\" content=\"1920\" \/>\n\t<meta property=\"og:image:height\" content=\"1440\" \/>\n\t<meta property=\"og:image:type\" content=\"image\/jpeg\" \/>\n<meta name=\"author\" content=\"La Gu\u00eda de Pamplona\" \/>\n<meta name=\"twitter:card\" content=\"summary_large_image\" \/>\n<meta name=\"twitter:creator\" content=\"@LaGuiadPamplona\" \/>\n<meta name=\"twitter:site\" content=\"@LaGuiadPamplona\" \/>\n<meta name=\"twitter:label1\" content=\"Escrito por\" \/>\n\t<meta name=\"twitter:data1\" content=\"La Gu\u00eda de Pamplona\" \/>\n\t<meta name=\"twitter:label2\" content=\"Tiempo de lectura\" \/>\n\t<meta name=\"twitter:data2\" content=\"2 minutos\" \/>\n<script type=\"application\/ld+json\" class=\"yoast-schema-graph\">{\"@context\":\"https:\\\/\\\/schema.org\",\"@graph\":[{\"@type\":\"Article\",\"@id\":\"https:\\\/\\\/www.laguiadepamplona.com\\\/actualidad\\\/el-ayuntamiento-de-pamplona-participa-en-la-v-feria-de-la-edicion-de-navarra-con-un-stand-en-la-plaza-del-castillo-donde-expone-mas-de-una-treintena-de-sus-publicaciones\\\/#article\",\"isPartOf\":{\"@id\":\"https:\\\/\\\/www.laguiadepamplona.com\\\/actualidad\\\/el-ayuntamiento-de-pamplona-participa-en-la-v-feria-de-la-edicion-de-navarra-con-un-stand-en-la-plaza-del-castillo-donde-expone-mas-de-una-treintena-de-sus-publicaciones\\\/\"},\"author\":{\"name\":\"La Gu\u00eda de Pamplona\",\"@id\":\"https:\\\/\\\/www.laguiadepamplona.com\\\/actualidad\\\/#\\\/schema\\\/person\\\/efe887376f0213d4657c93adc50b1fdb\"},\"headline\":\"El Ayuntamiento de Pamplona participa en la V Feria de la Edici\u00f3n de Navarra con un stand en la Plaza del Castillo donde expone m\u00e1s de una treintena de sus publicaciones\",\"datePublished\":\"2021-11-25T16:27:57+00:00\",\"dateModified\":\"2023-04-11T09:48:43+00:00\",\"mainEntityOfPage\":{\"@id\":\"https:\\\/\\\/www.laguiadepamplona.com\\\/actualidad\\\/el-ayuntamiento-de-pamplona-participa-en-la-v-feria-de-la-edicion-de-navarra-con-un-stand-en-la-plaza-del-castillo-donde-expone-mas-de-una-treintena-de-sus-publicaciones\\\/\"},\"wordCount\":325,\"commentCount\":0,\"publisher\":{\"@id\":\"https:\\\/\\\/www.laguiadepamplona.com\\\/actualidad\\\/#organization\"},\"image\":{\"@id\":\"https:\\\/\\\/www.laguiadepamplona.com\\\/actualidad\\\/el-ayuntamiento-de-pamplona-participa-en-la-v-feria-de-la-edicion-de-navarra-con-un-stand-en-la-plaza-del-castillo-donde-expone-mas-de-una-treintena-de-sus-publicaciones\\\/#primaryimage\"},\"thumbnailUrl\":\"https:\\\/\\\/www.laguiadepamplona.com\\\/actualidad\\\/wp-content\\\/uploads\\\/2021\\\/11\\\/V-Feria-de-la-edicion-de-navarra.jpg\",\"articleSection\":[\"Ayto Pamplona\"],\"inLanguage\":\"es\",\"potentialAction\":[{\"@type\":\"CommentAction\",\"name\":\"Comment\",\"target\":[\"https:\\\/\\\/www.laguiadepamplona.com\\\/actualidad\\\/el-ayuntamiento-de-pamplona-participa-en-la-v-feria-de-la-edicion-de-navarra-con-un-stand-en-la-plaza-del-castillo-donde-expone-mas-de-una-treintena-de-sus-publicaciones\\\/#respond\"]}]},{\"@type\":\"WebPage\",\"@id\":\"https:\\\/\\\/www.laguiadepamplona.com\\\/actualidad\\\/el-ayuntamiento-de-pamplona-participa-en-la-v-feria-de-la-edicion-de-navarra-con-un-stand-en-la-plaza-del-castillo-donde-expone-mas-de-una-treintena-de-sus-publicaciones\\\/\",\"url\":\"https:\\\/\\\/www.laguiadepamplona.com\\\/actualidad\\\/el-ayuntamiento-de-pamplona-participa-en-la-v-feria-de-la-edicion-de-navarra-con-un-stand-en-la-plaza-del-castillo-donde-expone-mas-de-una-treintena-de-sus-publicaciones\\\/\",\"name\":\"El Ayuntamiento de Pamplona participa en la V Feria de la Edici\u00f3n de Navarra con un stand en la Plaza del Castillo donde expone m\u00e1s de una treintena de sus publicaciones\",\"isPartOf\":{\"@id\":\"https:\\\/\\\/www.laguiadepamplona.com\\\/actualidad\\\/#website\"},\"primaryImageOfPage\":{\"@id\":\"https:\\\/\\\/www.laguiadepamplona.com\\\/actualidad\\\/el-ayuntamiento-de-pamplona-participa-en-la-v-feria-de-la-edicion-de-navarra-con-un-stand-en-la-plaza-del-castillo-donde-expone-mas-de-una-treintena-de-sus-publicaciones\\\/#primaryimage\"},\"image\":{\"@id\":\"https:\\\/\\\/www.laguiadepamplona.com\\\/actualidad\\\/el-ayuntamiento-de-pamplona-participa-en-la-v-feria-de-la-edicion-de-navarra-con-un-stand-en-la-plaza-del-castillo-donde-expone-mas-de-una-treintena-de-sus-publicaciones\\\/#primaryimage\"},\"thumbnailUrl\":\"https:\\\/\\\/www.laguiadepamplona.com\\\/actualidad\\\/wp-content\\\/uploads\\\/2021\\\/11\\\/V-Feria-de-la-edicion-de-navarra.jpg\",\"datePublished\":\"2021-11-25T16:27:57+00:00\",\"dateModified\":\"2023-04-11T09:48:43+00:00\",\"description\":\"La feria se celebra desde este jueves hasta el domingo 28 de noviembre, en horario de 10.30 a 14 horas y de 17 a 21 horas\",\"breadcrumb\":{\"@id\":\"https:\\\/\\\/www.laguiadepamplona.com\\\/actualidad\\\/el-ayuntamiento-de-pamplona-participa-en-la-v-feria-de-la-edicion-de-navarra-con-un-stand-en-la-plaza-del-castillo-donde-expone-mas-de-una-treintena-de-sus-publicaciones\\\/#breadcrumb\"},\"inLanguage\":\"es\",\"potentialAction\":[{\"@type\":\"ReadAction\",\"target\":[\"https:\\\/\\\/www.laguiadepamplona.com\\\/actualidad\\\/el-ayuntamiento-de-pamplona-participa-en-la-v-feria-de-la-edicion-de-navarra-con-un-stand-en-la-plaza-del-castillo-donde-expone-mas-de-una-treintena-de-sus-publicaciones\\\/\"]}]},{\"@type\":\"ImageObject\",\"inLanguage\":\"es\",\"@id\":\"https:\\\/\\\/www.laguiadepamplona.com\\\/actualidad\\\/el-ayuntamiento-de-pamplona-participa-en-la-v-feria-de-la-edicion-de-navarra-con-un-stand-en-la-plaza-del-castillo-donde-expone-mas-de-una-treintena-de-sus-publicaciones\\\/#primaryimage\",\"url\":\"https:\\\/\\\/www.laguiadepamplona.com\\\/actualidad\\\/wp-content\\\/uploads\\\/2021\\\/11\\\/V-Feria-de-la-edicion-de-navarra.jpg\",\"contentUrl\":\"https:\\\/\\\/www.laguiadepamplona.com\\\/actualidad\\\/wp-content\\\/uploads\\\/2021\\\/11\\\/V-Feria-de-la-edicion-de-navarra.jpg\",\"width\":1920,\"height\":1440,\"caption\":\"Exif_JPEG_420\"},{\"@type\":\"BreadcrumbList\",\"@id\":\"https:\\\/\\\/www.laguiadepamplona.com\\\/actualidad\\\/el-ayuntamiento-de-pamplona-participa-en-la-v-feria-de-la-edicion-de-navarra-con-un-stand-en-la-plaza-del-castillo-donde-expone-mas-de-una-treintena-de-sus-publicaciones\\\/#breadcrumb\",\"itemListElement\":[{\"@type\":\"ListItem\",\"position\":1,\"name\":\"Portada\",\"item\":\"https:\\\/\\\/www.laguiadepamplona.com\\\/actualidad\\\/\"},{\"@type\":\"ListItem\",\"position\":2,\"name\":\"El Ayuntamiento de Pamplona participa en la V Feria de la Edici\u00f3n de Navarra con un stand en la Plaza del Castillo donde expone m\u00e1s de una treintena de sus publicaciones\"}]},{\"@type\":\"WebSite\",\"@id\":\"https:\\\/\\\/www.laguiadepamplona.com\\\/actualidad\\\/#website\",\"url\":\"https:\\\/\\\/www.laguiadepamplona.com\\\/actualidad\\\/\",\"name\":\"La gu\u00eda de Pamplona\",\"description\":\"Noticias de Pamplona\",\"publisher\":{\"@id\":\"https:\\\/\\\/www.laguiadepamplona.com\\\/actualidad\\\/#organization\"},\"potentialAction\":[{\"@type\":\"SearchAction\",\"target\":{\"@type\":\"EntryPoint\",\"urlTemplate\":\"https:\\\/\\\/www.laguiadepamplona.com\\\/actualidad\\\/?s={search_term_string}\"},\"query-input\":{\"@type\":\"PropertyValueSpecification\",\"valueRequired\":true,\"valueName\":\"search_term_string\"}}],\"inLanguage\":\"es\"},{\"@type\":\"Organization\",\"@id\":\"https:\\\/\\\/www.laguiadepamplona.com\\\/actualidad\\\/#organization\",\"name\":\"La Gu\u00eda de Pamplona \\\/ Noticias\",\"url\":\"https:\\\/\\\/www.laguiadepamplona.com\\\/actualidad\\\/\",\"logo\":{\"@type\":\"ImageObject\",\"inLanguage\":\"es\",\"@id\":\"https:\\\/\\\/www.laguiadepamplona.com\\\/actualidad\\\/#\\\/schema\\\/logo\\\/image\\\/\",\"url\":\"https:\\\/\\\/www.laguiadepamplona.com\\\/actualidad\\\/wp-content\\\/uploads\\\/2018\\\/11\\\/logo-laguiadepamplona18-web1.png\",\"contentUrl\":\"https:\\\/\\\/www.laguiadepamplona.com\\\/actualidad\\\/wp-content\\\/uploads\\\/2018\\\/11\\\/logo-laguiadepamplona18-web1.png\",\"width\":600,\"height\":196,\"caption\":\"La Gu\u00eda de Pamplona \\\/ Noticias\"},\"image\":{\"@id\":\"https:\\\/\\\/www.laguiadepamplona.com\\\/actualidad\\\/#\\\/schema\\\/logo\\\/image\\\/\"},\"sameAs\":[\"https:\\\/\\\/www.facebook.com\\\/laguiadepamplonacom-133175176762273\\\/?ref=hl\",\"https:\\\/\\\/x.com\\\/LaGuiadPamplona\",\"https:\\\/\\\/www.instagram.com\\\/la_guia_de_pamplona\\\/\",\"https:\\\/\\\/www.youtube.com\\\/user\\\/laguiadepamplona\"]},{\"@type\":\"Person\",\"@id\":\"https:\\\/\\\/www.laguiadepamplona.com\\\/actualidad\\\/#\\\/schema\\\/person\\\/efe887376f0213d4657c93adc50b1fdb\",\"name\":\"La Gu\u00eda de Pamplona\",\"image\":{\"@type\":\"ImageObject\",\"inLanguage\":\"es\",\"@id\":\"https:\\\/\\\/secure.gravatar.com\\\/avatar\\\/b6992f131dc8d30ab0dff15446e9d346d9dbd95992de0fef795073f5ea83a81c?s=96&d=mm&r=g\",\"url\":\"https:\\\/\\\/secure.gravatar.com\\\/avatar\\\/b6992f131dc8d30ab0dff15446e9d346d9dbd95992de0fef795073f5ea83a81c?s=96&d=mm&r=g\",\"contentUrl\":\"https:\\\/\\\/secure.gravatar.com\\\/avatar\\\/b6992f131dc8d30ab0dff15446e9d346d9dbd95992de0fef795073f5ea83a81c?s=96&d=mm&r=g\",\"caption\":\"La Gu\u00eda de Pamplona\"}}]}<\/script>\n<!-- \/ Yoast SEO plugin. -->","yoast_head_json":{"title":"El Ayuntamiento de Pamplona participa en la V Feria de la Edici\u00f3n de Navarra con un stand en la Plaza del Castillo donde expone m\u00e1s de una treintena de sus publicaciones","description":"La feria se celebra desde este jueves hasta el domingo 28 de noviembre, en horario de 10.30 a 14 horas y de 17 a 21 horas","robots":{"index":"index","follow":"follow","max-snippet":"max-snippet:-1","max-image-preview":"max-image-preview:large","max-video-preview":"max-video-preview:-1"},"canonical":"https:\/\/www.laguiadepamplona.com\/actualidad\/el-ayuntamiento-de-pamplona-participa-en-la-v-feria-de-la-edicion-de-navarra-con-un-stand-en-la-plaza-del-castillo-donde-expone-mas-de-una-treintena-de-sus-publicaciones\/","og_locale":"es_ES","og_type":"article","og_title":"El Ayuntamiento de Pamplona participa en la V Feria de la Edici\u00f3n de Navarra con un stand en la Plaza del Castillo donde expone m\u00e1s de una treintena de sus publicaciones","og_description":"La feria se celebra desde este jueves hasta el domingo 28 de noviembre, en horario de 10.30 a 14 horas y de 17 a 21 horas","og_url":"https:\/\/www.laguiadepamplona.com\/actualidad\/el-ayuntamiento-de-pamplona-participa-en-la-v-feria-de-la-edicion-de-navarra-con-un-stand-en-la-plaza-del-castillo-donde-expone-mas-de-una-treintena-de-sus-publicaciones\/","og_site_name":"La Gu\u00eda de Pamplona","article_publisher":"https:\/\/www.facebook.com\/laguiadepamplonacom-133175176762273\/?ref=hl","article_published_time":"2021-11-25T16:27:57+00:00","article_modified_time":"2023-04-11T09:48:43+00:00","og_image":[{"width":1920,"height":1440,"url":"https:\/\/www.laguiadepamplona.com\/actualidad\/wp-content\/uploads\/2021\/11\/V-Feria-de-la-edicion-de-navarra.jpg","type":"image\/jpeg"}],"author":"La Gu\u00eda de Pamplona","twitter_card":"summary_large_image","twitter_creator":"@LaGuiadPamplona","twitter_site":"@LaGuiadPamplona","twitter_misc":{"Escrito por":"La Gu\u00eda de Pamplona","Tiempo de lectura":"2 minutos"},"schema":{"@context":"https:\/\/schema.org","@graph":[{"@type":"Article","@id":"https:\/\/www.laguiadepamplona.com\/actualidad\/el-ayuntamiento-de-pamplona-participa-en-la-v-feria-de-la-edicion-de-navarra-con-un-stand-en-la-plaza-del-castillo-donde-expone-mas-de-una-treintena-de-sus-publicaciones\/#article","isPartOf":{"@id":"https:\/\/www.laguiadepamplona.com\/actualidad\/el-ayuntamiento-de-pamplona-participa-en-la-v-feria-de-la-edicion-de-navarra-con-un-stand-en-la-plaza-del-castillo-donde-expone-mas-de-una-treintena-de-sus-publicaciones\/"},"author":{"name":"La Gu\u00eda de Pamplona","@id":"https:\/\/www.laguiadepamplona.com\/actualidad\/#\/schema\/person\/efe887376f0213d4657c93adc50b1fdb"},"headline":"El Ayuntamiento de Pamplona participa en la V Feria de la Edici\u00f3n de Navarra con un stand en la Plaza del Castillo donde expone m\u00e1s de una treintena de sus publicaciones","datePublished":"2021-11-25T16:27:57+00:00","dateModified":"2023-04-11T09:48:43+00:00","mainEntityOfPage":{"@id":"https:\/\/www.laguiadepamplona.com\/actualidad\/el-ayuntamiento-de-pamplona-participa-en-la-v-feria-de-la-edicion-de-navarra-con-un-stand-en-la-plaza-del-castillo-donde-expone-mas-de-una-treintena-de-sus-publicaciones\/"},"wordCount":325,"commentCount":0,"publisher":{"@id":"https:\/\/www.laguiadepamplona.com\/actualidad\/#organization"},"image":{"@id":"https:\/\/www.laguiadepamplona.com\/actualidad\/el-ayuntamiento-de-pamplona-participa-en-la-v-feria-de-la-edicion-de-navarra-con-un-stand-en-la-plaza-del-castillo-donde-expone-mas-de-una-treintena-de-sus-publicaciones\/#primaryimage"},"thumbnailUrl":"https:\/\/www.laguiadepamplona.com\/actualidad\/wp-content\/uploads\/2021\/11\/V-Feria-de-la-edicion-de-navarra.jpg","articleSection":["Ayto Pamplona"],"inLanguage":"es","potentialAction":[{"@type":"CommentAction","name":"Comment","target":["https:\/\/www.laguiadepamplona.com\/actualidad\/el-ayuntamiento-de-pamplona-participa-en-la-v-feria-de-la-edicion-de-navarra-con-un-stand-en-la-plaza-del-castillo-donde-expone-mas-de-una-treintena-de-sus-publicaciones\/#respond"]}]},{"@type":"WebPage","@id":"https:\/\/www.laguiadepamplona.com\/actualidad\/el-ayuntamiento-de-pamplona-participa-en-la-v-feria-de-la-edicion-de-navarra-con-un-stand-en-la-plaza-del-castillo-donde-expone-mas-de-una-treintena-de-sus-publicaciones\/","url":"https:\/\/www.laguiadepamplona.com\/actualidad\/el-ayuntamiento-de-pamplona-participa-en-la-v-feria-de-la-edicion-de-navarra-con-un-stand-en-la-plaza-del-castillo-donde-expone-mas-de-una-treintena-de-sus-publicaciones\/","name":"El Ayuntamiento de Pamplona participa en la V Feria de la Edici\u00f3n de Navarra con un stand en la Plaza del Castillo donde expone m\u00e1s de una treintena de sus publicaciones","isPartOf":{"@id":"https:\/\/www.laguiadepamplona.com\/actualidad\/#website"},"primaryImageOfPage":{"@id":"https:\/\/www.laguiadepamplona.com\/actualidad\/el-ayuntamiento-de-pamplona-participa-en-la-v-feria-de-la-edicion-de-navarra-con-un-stand-en-la-plaza-del-castillo-donde-expone-mas-de-una-treintena-de-sus-publicaciones\/#primaryimage"},"image":{"@id":"https:\/\/www.laguiadepamplona.com\/actualidad\/el-ayuntamiento-de-pamplona-participa-en-la-v-feria-de-la-edicion-de-navarra-con-un-stand-en-la-plaza-del-castillo-donde-expone-mas-de-una-treintena-de-sus-publicaciones\/#primaryimage"},"thumbnailUrl":"https:\/\/www.laguiadepamplona.com\/actualidad\/wp-content\/uploads\/2021\/11\/V-Feria-de-la-edicion-de-navarra.jpg","datePublished":"2021-11-25T16:27:57+00:00","dateModified":"2023-04-11T09:48:43+00:00","description":"La feria se celebra desde este jueves hasta el domingo 28 de noviembre, en horario de 10.30 a 14 horas y de 17 a 21 horas","breadcrumb":{"@id":"https:\/\/www.laguiadepamplona.com\/actualidad\/el-ayuntamiento-de-pamplona-participa-en-la-v-feria-de-la-edicion-de-navarra-con-un-stand-en-la-plaza-del-castillo-donde-expone-mas-de-una-treintena-de-sus-publicaciones\/#breadcrumb"},"inLanguage":"es","potentialAction":[{"@type":"ReadAction","target":["https:\/\/www.laguiadepamplona.com\/actualidad\/el-ayuntamiento-de-pamplona-participa-en-la-v-feria-de-la-edicion-de-navarra-con-un-stand-en-la-plaza-del-castillo-donde-expone-mas-de-una-treintena-de-sus-publicaciones\/"]}]},{"@type":"ImageObject","inLanguage":"es","@id":"https:\/\/www.laguiadepamplona.com\/actualidad\/el-ayuntamiento-de-pamplona-participa-en-la-v-feria-de-la-edicion-de-navarra-con-un-stand-en-la-plaza-del-castillo-donde-expone-mas-de-una-treintena-de-sus-publicaciones\/#primaryimage","url":"https:\/\/www.laguiadepamplona.com\/actualidad\/wp-content\/uploads\/2021\/11\/V-Feria-de-la-edicion-de-navarra.jpg","contentUrl":"https:\/\/www.laguiadepamplona.com\/actualidad\/wp-content\/uploads\/2021\/11\/V-Feria-de-la-edicion-de-navarra.jpg","width":1920,"height":1440,"caption":"Exif_JPEG_420"},{"@type":"BreadcrumbList","@id":"https:\/\/www.laguiadepamplona.com\/actualidad\/el-ayuntamiento-de-pamplona-participa-en-la-v-feria-de-la-edicion-de-navarra-con-un-stand-en-la-plaza-del-castillo-donde-expone-mas-de-una-treintena-de-sus-publicaciones\/#breadcrumb","itemListElement":[{"@type":"ListItem","position":1,"name":"Portada","item":"https:\/\/www.laguiadepamplona.com\/actualidad\/"},{"@type":"ListItem","position":2,"name":"El Ayuntamiento de Pamplona participa en la V Feria de la Edici\u00f3n de Navarra con un stand en la Plaza del Castillo donde expone m\u00e1s de una treintena de sus publicaciones"}]},{"@type":"WebSite","@id":"https:\/\/www.laguiadepamplona.com\/actualidad\/#website","url":"https:\/\/www.laguiadepamplona.com\/actualidad\/","name":"La gu\u00eda de Pamplona","description":"Noticias de Pamplona","publisher":{"@id":"https:\/\/www.laguiadepamplona.com\/actualidad\/#organization"},"potentialAction":[{"@type":"SearchAction","target":{"@type":"EntryPoint","urlTemplate":"https:\/\/www.laguiadepamplona.com\/actualidad\/?s={search_term_string}"},"query-input":{"@type":"PropertyValueSpecification","valueRequired":true,"valueName":"search_term_string"}}],"inLanguage":"es"},{"@type":"Organization","@id":"https:\/\/www.laguiadepamplona.com\/actualidad\/#organization","name":"La Gu\u00eda de Pamplona \/ Noticias","url":"https:\/\/www.laguiadepamplona.com\/actualidad\/","logo":{"@type":"ImageObject","inLanguage":"es","@id":"https:\/\/www.laguiadepamplona.com\/actualidad\/#\/schema\/logo\/image\/","url":"https:\/\/www.laguiadepamplona.com\/actualidad\/wp-content\/uploads\/2018\/11\/logo-laguiadepamplona18-web1.png","contentUrl":"https:\/\/www.laguiadepamplona.com\/actualidad\/wp-content\/uploads\/2018\/11\/logo-laguiadepamplona18-web1.png","width":600,"height":196,"caption":"La Gu\u00eda de Pamplona \/ Noticias"},"image":{"@id":"https:\/\/www.laguiadepamplona.com\/actualidad\/#\/schema\/logo\/image\/"},"sameAs":["https:\/\/www.facebook.com\/laguiadepamplonacom-133175176762273\/?ref=hl","https:\/\/x.com\/LaGuiadPamplona","https:\/\/www.instagram.com\/la_guia_de_pamplona\/","https:\/\/www.youtube.com\/user\/laguiadepamplona"]},{"@type":"Person","@id":"https:\/\/www.laguiadepamplona.com\/actualidad\/#\/schema\/person\/efe887376f0213d4657c93adc50b1fdb","name":"La Gu\u00eda de Pamplona","image":{"@type":"ImageObject","inLanguage":"es","@id":"https:\/\/secure.gravatar.com\/avatar\/b6992f131dc8d30ab0dff15446e9d346d9dbd95992de0fef795073f5ea83a81c?s=96&d=mm&r=g","url":"https:\/\/secure.gravatar.com\/avatar\/b6992f131dc8d30ab0dff15446e9d346d9dbd95992de0fef795073f5ea83a81c?s=96&d=mm&r=g","contentUrl":"https:\/\/secure.gravatar.com\/avatar\/b6992f131dc8d30ab0dff15446e9d346d9dbd95992de0fef795073f5ea83a81c?s=96&d=mm&r=g","caption":"La Gu\u00eda de Pamplona"}}]}},"post_mailing_queue_ids":[],"_links":{"self":[{"href":"https:\/\/www.laguiadepamplona.com\/actualidad\/wp-json\/wp\/v2\/posts\/37751","targetHints":{"allow":["GET"]}}],"collection":[{"href":"https:\/\/www.laguiadepamplona.com\/actualidad\/wp-json\/wp\/v2\/posts"}],"about":[{"href":"https:\/\/www.laguiadepamplona.com\/actualidad\/wp-json\/wp\/v2\/types\/post"}],"author":[{"embeddable":true,"href":"https:\/\/www.laguiadepamplona.com\/actualidad\/wp-json\/wp\/v2\/users\/1"}],"replies":[{"embeddable":true,"href":"https:\/\/www.laguiadepamplona.com\/actualidad\/wp-json\/wp\/v2\/comments?post=37751"}],"version-history":[{"count":0,"href":"https:\/\/www.laguiadepamplona.com\/actualidad\/wp-json\/wp\/v2\/posts\/37751\/revisions"}],"wp:featuredmedia":[{"embeddable":true,"href":"https:\/\/www.laguiadepamplona.com\/actualidad\/wp-json\/wp\/v2\/media\/37752"}],"wp:attachment":[{"href":"https:\/\/www.laguiadepamplona.com\/actualidad\/wp-json\/wp\/v2\/media?parent=37751"}],"wp:term":[{"taxonomy":"category","embeddable":true,"href":"https:\/\/www.laguiadepamplona.com\/actualidad\/wp-json\/wp\/v2\/categories?post=37751"},{"taxonomy":"post_tag","embeddable":true,"href":"https:\/\/www.laguiadepamplona.com\/actualidad\/wp-json\/wp\/v2\/tags?post=37751"}],"curies":[{"name":"wp","href":"https:\/\/api.w.org\/{rel}","templated":true}]}}