{"id":37745,"date":"2021-11-25T12:54:55","date_gmt":"2021-11-25T10:54:55","guid":{"rendered":"https:\/\/www.laguiadepamplona.com\/actualidad\/?p=37745"},"modified":"2023-04-11T11:48:44","modified_gmt":"2023-04-11T09:48:44","slug":"manana-viernes-se-enciende-la-iluminacion-navidena-con-236-arcos-luminicos-por-toda-la-ciudad-y-decoracion-especial-en-la-plaza-del-castillo-plaza-consistorial-y-ayuntamiento","status":"publish","type":"post","link":"https:\/\/www.laguiadepamplona.com\/actualidad\/manana-viernes-se-enciende-la-iluminacion-navidena-con-236-arcos-luminicos-por-toda-la-ciudad-y-decoracion-especial-en-la-plaza-del-castillo-plaza-consistorial-y-ayuntamiento\/","title":{"rendered":"Ma\u00f1ana viernes se enciende la iluminaci\u00f3n navide\u00f1a, con 236 arcos lum\u00ednicos por toda la ciudad y decoraci\u00f3n especial en la Plaza del Castillo, Plaza Consistorial y Ayuntamiento"},"content":{"rendered":"<h5>A las 17.45 horas se proceder\u00e1 al encendido con un peque\u00f1o acto en la Plaza Consistorial que estar\u00e1 amenizado por la Coral Oberena<\/h5>\n<p><!--more--><\/p>\n<p>Pamplona enciende su iluminaci\u00f3n navide\u00f1a ma\u00f1ana viernes a las 17.45 horas. El acto tendr\u00e1 lugar en la Plaza Consistorial y contar\u00e1 con la actuaci\u00f3n de la Coral Oberena y con presencia de la Corporaci\u00f3n municipal. Normalmente, el encendido se suele realizar el 29 de noviembre, coincidiendo con la festividad de San Saturnino, pero este a\u00f1o se ha querido adelantar al d\u00eda 26 para aprovechar el fin de semana, momento de ocio y compras habituales en esta \u00e9poca del a\u00f1o.<br \/>\n<script async src=\"\/\/pagead2.googlesyndication.com\/pagead\/js\/adsbygoogle.js\"><\/script><br \/>\n<!-- Noticias La Guia de Pamplona --><br \/>\n<ins class=\"adsbygoogle\"\nstyle=\"display:block\"\ndata-ad-client=\"ca-pub-6943679897239327\"\ndata-ad-slot=\"7048180777\"\ndata-ad-format=\"auto\"><\/ins><br \/>\n<script>\n(adsbygoogle = window.adsbygoogle || []).push({});\n<\/script><\/p>\n<p>Este a\u00f1o, al igual que el pasado, la propuesta resulta atractiva, llamativa y vistosa, con apuesta por una amplia variedad de formas y colores (blanco, azul, amarillo, rojo, rosa, verde, dorado y azul), ofreciendo en conjunto una alta sensaci\u00f3n de luminosidad. La iluminaci\u00f3n y decoraci\u00f3n navide\u00f1a consta de 236 arcos lum\u00ednicos en calles, plazas y avenidas del Casco Antiguo y Ensanche, as\u00ed como en otras zonas de la ciudad como Mart\u00edn Azpilcueta\/San Alberto Magno, Iturrama, San Juan, Ermitaga\u00f1a, Mendebaldea, San Jorge, Rochapea, Txantrea y Mendillorri.<\/p>\n<p>Vuelven tambi\u00e9n la gran bola 3D transitable en la plaza de San Francisco, de 5 metros de alto y 5 metros de ancho, el gran arco con guirnaldas en la Plaza de Libertad, los motivos navide\u00f1os en las fuentes de Merindades y Pr\u00edncipe de Viana y la decoraci\u00f3n especial para la fachada del Ayuntamiento, la Plaza Consistorial o la Plaza del Castillo. A todo ello se a\u00f1aden m\u00e1s de 60 motivos navide\u00f1os instalados en farolas de avenidas y calles como Baja Navarra, Conde Oliveto, Yanguas y Miranda y avenida del Ej\u00e9rcito. Toda la iluminaci\u00f3n es 100% tecnolog\u00eda led.<br \/>\n<script async src=\"\/\/pagead2.googlesyndication.com\/pagead\/js\/adsbygoogle.js\"><\/script><br \/>\n<!-- Noticias La Guia de Pamplona --><br \/>\n<ins class=\"adsbygoogle\"\nstyle=\"display:block\"\ndata-ad-client=\"ca-pub-6943679897239327\"\ndata-ad-slot=\"7048180777\"\ndata-ad-format=\"auto\"><\/ins><br \/>\n<script>\n(adsbygoogle = window.adsbygoogle || []).push({});\n<\/script><\/p>\n<p>El pasado mes de abril el Ayuntamiento prorrog\u00f3 el contrato con la empresa Iluminaciones Xim\u00e9nez S.A. por un importe de 165.505 euros. Al igual que en a\u00f1os anteriores, la iluminaci\u00f3n navide\u00f1a permanecer\u00e1 encendida hasta el 6 de enero. En funci\u00f3n de las fechas, su horario variar\u00e1. De forma habitual, se encender\u00e1 17.45 a 23 horas de domingo a jueves. Los viernes y s\u00e1bados, la iluminaci\u00f3n se encender\u00e1 a la misma hora, pero se alargar\u00e1 hasta la 1 de la madrugada. Los d\u00edas 24 y 31 de diciembre y el 5 de enero las luces permanecer\u00e1n encendidas hasta las 2 de la ma\u00f1ana.<\/p>\n","protected":false},"excerpt":{"rendered":"<p>A las 17.45 horas se proceder\u00e1 al encendido con un peque\u00f1o acto en la Plaza Consistorial que estar\u00e1 amenizado por la Coral Oberena<\/p>\n","protected":false},"author":1,"featured_media":37746,"comment_status":"open","ping_status":"closed","sticky":false,"template":"","format":"standard","meta":{"footnotes":""},"categories":[2],"tags":[],"class_list":["post-37745","post","type-post","status-publish","format-standard","has-post-thumbnail","hentry","category-ayuntamiento-pamplona"],"yoast_head":"<!-- This site is optimized with the Yoast SEO plugin v27.5 - https:\/\/yoast.com\/product\/yoast-seo-wordpress\/ -->\n<title>Ma\u00f1ana viernes se enciende la iluminaci\u00f3n navide\u00f1a, con 236 arcos lum\u00ednicos por toda la ciudad y decoraci\u00f3n especial en la Plaza del Castillo, Plaza Consistorial y Ayuntamiento<\/title>\n<meta name=\"description\" content=\"A las 17.45 horas se proceder\u00e1 al encendido con un peque\u00f1o acto en la Plaza Consistorial que estar\u00e1 amenizado por la Coral Oberena\" \/>\n<meta name=\"robots\" content=\"index, follow, max-snippet:-1, max-image-preview:large, max-video-preview:-1\" \/>\n<link rel=\"canonical\" href=\"https:\/\/www.laguiadepamplona.com\/actualidad\/manana-viernes-se-enciende-la-iluminacion-navidena-con-236-arcos-luminicos-por-toda-la-ciudad-y-decoracion-especial-en-la-plaza-del-castillo-plaza-consistorial-y-ayuntamiento\/\" \/>\n<meta property=\"og:locale\" content=\"es_ES\" \/>\n<meta property=\"og:type\" content=\"article\" \/>\n<meta property=\"og:title\" content=\"Ma\u00f1ana viernes se enciende la iluminaci\u00f3n navide\u00f1a, con 236 arcos lum\u00ednicos por toda la ciudad y decoraci\u00f3n especial en la Plaza del Castillo, Plaza Consistorial y Ayuntamiento\" \/>\n<meta property=\"og:description\" content=\"A las 17.45 horas se proceder\u00e1 al encendido con un peque\u00f1o acto en la Plaza Consistorial que estar\u00e1 amenizado por la Coral Oberena\" \/>\n<meta property=\"og:url\" content=\"https:\/\/www.laguiadepamplona.com\/actualidad\/manana-viernes-se-enciende-la-iluminacion-navidena-con-236-arcos-luminicos-por-toda-la-ciudad-y-decoracion-especial-en-la-plaza-del-castillo-plaza-consistorial-y-ayuntamiento\/\" \/>\n<meta property=\"og:site_name\" content=\"La Gu\u00eda de Pamplona\" \/>\n<meta property=\"article:publisher\" content=\"https:\/\/www.facebook.com\/laguiadepamplonacom-133175176762273\/?ref=hl\" \/>\n<meta property=\"article:published_time\" content=\"2021-11-25T10:54:55+00:00\" \/>\n<meta property=\"article:modified_time\" content=\"2023-04-11T09:48:44+00:00\" \/>\n<meta property=\"og:image\" content=\"https:\/\/www.laguiadepamplona.com\/actualidad\/wp-content\/uploads\/2021\/11\/iluminacionnavidad_JGV4670.jpg\" \/>\n\t<meta property=\"og:image:width\" content=\"1920\" \/>\n\t<meta property=\"og:image:height\" content=\"1280\" \/>\n\t<meta property=\"og:image:type\" content=\"image\/jpeg\" \/>\n<meta name=\"author\" content=\"La Gu\u00eda de Pamplona\" \/>\n<meta name=\"twitter:card\" content=\"summary_large_image\" \/>\n<meta name=\"twitter:creator\" content=\"@LaGuiadPamplona\" \/>\n<meta name=\"twitter:site\" content=\"@LaGuiadPamplona\" \/>\n<meta name=\"twitter:label1\" content=\"Escrito por\" \/>\n\t<meta name=\"twitter:data1\" content=\"La Gu\u00eda de Pamplona\" \/>\n\t<meta name=\"twitter:label2\" content=\"Tiempo de lectura\" \/>\n\t<meta name=\"twitter:data2\" content=\"2 minutos\" \/>\n<script type=\"application\/ld+json\" class=\"yoast-schema-graph\">{\"@context\":\"https:\\\/\\\/schema.org\",\"@graph\":[{\"@type\":\"Article\",\"@id\":\"https:\\\/\\\/www.laguiadepamplona.com\\\/actualidad\\\/manana-viernes-se-enciende-la-iluminacion-navidena-con-236-arcos-luminicos-por-toda-la-ciudad-y-decoracion-especial-en-la-plaza-del-castillo-plaza-consistorial-y-ayuntamiento\\\/#article\",\"isPartOf\":{\"@id\":\"https:\\\/\\\/www.laguiadepamplona.com\\\/actualidad\\\/manana-viernes-se-enciende-la-iluminacion-navidena-con-236-arcos-luminicos-por-toda-la-ciudad-y-decoracion-especial-en-la-plaza-del-castillo-plaza-consistorial-y-ayuntamiento\\\/\"},\"author\":{\"name\":\"La Gu\u00eda de Pamplona\",\"@id\":\"https:\\\/\\\/www.laguiadepamplona.com\\\/actualidad\\\/#\\\/schema\\\/person\\\/efe887376f0213d4657c93adc50b1fdb\"},\"headline\":\"Ma\u00f1ana viernes se enciende la iluminaci\u00f3n navide\u00f1a, con 236 arcos lum\u00ednicos por toda la ciudad y decoraci\u00f3n especial en la Plaza del Castillo, Plaza Consistorial y Ayuntamiento\",\"datePublished\":\"2021-11-25T10:54:55+00:00\",\"dateModified\":\"2023-04-11T09:48:44+00:00\",\"mainEntityOfPage\":{\"@id\":\"https:\\\/\\\/www.laguiadepamplona.com\\\/actualidad\\\/manana-viernes-se-enciende-la-iluminacion-navidena-con-236-arcos-luminicos-por-toda-la-ciudad-y-decoracion-especial-en-la-plaza-del-castillo-plaza-consistorial-y-ayuntamiento\\\/\"},\"wordCount\":439,\"commentCount\":0,\"publisher\":{\"@id\":\"https:\\\/\\\/www.laguiadepamplona.com\\\/actualidad\\\/#organization\"},\"image\":{\"@id\":\"https:\\\/\\\/www.laguiadepamplona.com\\\/actualidad\\\/manana-viernes-se-enciende-la-iluminacion-navidena-con-236-arcos-luminicos-por-toda-la-ciudad-y-decoracion-especial-en-la-plaza-del-castillo-plaza-consistorial-y-ayuntamiento\\\/#primaryimage\"},\"thumbnailUrl\":\"https:\\\/\\\/www.laguiadepamplona.com\\\/actualidad\\\/wp-content\\\/uploads\\\/2021\\\/11\\\/iluminacionnavidad_JGV4670.jpg\",\"articleSection\":[\"Ayto Pamplona\"],\"inLanguage\":\"es\",\"potentialAction\":[{\"@type\":\"CommentAction\",\"name\":\"Comment\",\"target\":[\"https:\\\/\\\/www.laguiadepamplona.com\\\/actualidad\\\/manana-viernes-se-enciende-la-iluminacion-navidena-con-236-arcos-luminicos-por-toda-la-ciudad-y-decoracion-especial-en-la-plaza-del-castillo-plaza-consistorial-y-ayuntamiento\\\/#respond\"]}]},{\"@type\":\"WebPage\",\"@id\":\"https:\\\/\\\/www.laguiadepamplona.com\\\/actualidad\\\/manana-viernes-se-enciende-la-iluminacion-navidena-con-236-arcos-luminicos-por-toda-la-ciudad-y-decoracion-especial-en-la-plaza-del-castillo-plaza-consistorial-y-ayuntamiento\\\/\",\"url\":\"https:\\\/\\\/www.laguiadepamplona.com\\\/actualidad\\\/manana-viernes-se-enciende-la-iluminacion-navidena-con-236-arcos-luminicos-por-toda-la-ciudad-y-decoracion-especial-en-la-plaza-del-castillo-plaza-consistorial-y-ayuntamiento\\\/\",\"name\":\"Ma\u00f1ana viernes se enciende la iluminaci\u00f3n navide\u00f1a, con 236 arcos lum\u00ednicos por toda la ciudad y decoraci\u00f3n especial en la Plaza del Castillo, Plaza Consistorial y Ayuntamiento\",\"isPartOf\":{\"@id\":\"https:\\\/\\\/www.laguiadepamplona.com\\\/actualidad\\\/#website\"},\"primaryImageOfPage\":{\"@id\":\"https:\\\/\\\/www.laguiadepamplona.com\\\/actualidad\\\/manana-viernes-se-enciende-la-iluminacion-navidena-con-236-arcos-luminicos-por-toda-la-ciudad-y-decoracion-especial-en-la-plaza-del-castillo-plaza-consistorial-y-ayuntamiento\\\/#primaryimage\"},\"image\":{\"@id\":\"https:\\\/\\\/www.laguiadepamplona.com\\\/actualidad\\\/manana-viernes-se-enciende-la-iluminacion-navidena-con-236-arcos-luminicos-por-toda-la-ciudad-y-decoracion-especial-en-la-plaza-del-castillo-plaza-consistorial-y-ayuntamiento\\\/#primaryimage\"},\"thumbnailUrl\":\"https:\\\/\\\/www.laguiadepamplona.com\\\/actualidad\\\/wp-content\\\/uploads\\\/2021\\\/11\\\/iluminacionnavidad_JGV4670.jpg\",\"datePublished\":\"2021-11-25T10:54:55+00:00\",\"dateModified\":\"2023-04-11T09:48:44+00:00\",\"description\":\"A las 17.45 horas se proceder\u00e1 al encendido con un peque\u00f1o acto en la Plaza Consistorial que estar\u00e1 amenizado por la Coral Oberena\",\"breadcrumb\":{\"@id\":\"https:\\\/\\\/www.laguiadepamplona.com\\\/actualidad\\\/manana-viernes-se-enciende-la-iluminacion-navidena-con-236-arcos-luminicos-por-toda-la-ciudad-y-decoracion-especial-en-la-plaza-del-castillo-plaza-consistorial-y-ayuntamiento\\\/#breadcrumb\"},\"inLanguage\":\"es\",\"potentialAction\":[{\"@type\":\"ReadAction\",\"target\":[\"https:\\\/\\\/www.laguiadepamplona.com\\\/actualidad\\\/manana-viernes-se-enciende-la-iluminacion-navidena-con-236-arcos-luminicos-por-toda-la-ciudad-y-decoracion-especial-en-la-plaza-del-castillo-plaza-consistorial-y-ayuntamiento\\\/\"]}]},{\"@type\":\"ImageObject\",\"inLanguage\":\"es\",\"@id\":\"https:\\\/\\\/www.laguiadepamplona.com\\\/actualidad\\\/manana-viernes-se-enciende-la-iluminacion-navidena-con-236-arcos-luminicos-por-toda-la-ciudad-y-decoracion-especial-en-la-plaza-del-castillo-plaza-consistorial-y-ayuntamiento\\\/#primaryimage\",\"url\":\"https:\\\/\\\/www.laguiadepamplona.com\\\/actualidad\\\/wp-content\\\/uploads\\\/2021\\\/11\\\/iluminacionnavidad_JGV4670.jpg\",\"contentUrl\":\"https:\\\/\\\/www.laguiadepamplona.com\\\/actualidad\\\/wp-content\\\/uploads\\\/2021\\\/11\\\/iluminacionnavidad_JGV4670.jpg\",\"width\":1920,\"height\":1280,\"caption\":\"A* Jes\u00fas Garzaron F* 2020_11_30 T* Iluminaci\u00f3n navide\u00f1a L* Pamplona\"},{\"@type\":\"BreadcrumbList\",\"@id\":\"https:\\\/\\\/www.laguiadepamplona.com\\\/actualidad\\\/manana-viernes-se-enciende-la-iluminacion-navidena-con-236-arcos-luminicos-por-toda-la-ciudad-y-decoracion-especial-en-la-plaza-del-castillo-plaza-consistorial-y-ayuntamiento\\\/#breadcrumb\",\"itemListElement\":[{\"@type\":\"ListItem\",\"position\":1,\"name\":\"Portada\",\"item\":\"https:\\\/\\\/www.laguiadepamplona.com\\\/actualidad\\\/\"},{\"@type\":\"ListItem\",\"position\":2,\"name\":\"Ma\u00f1ana viernes se enciende la iluminaci\u00f3n navide\u00f1a, con 236 arcos lum\u00ednicos por toda la ciudad y decoraci\u00f3n especial en la Plaza del Castillo, Plaza Consistorial y Ayuntamiento\"}]},{\"@type\":\"WebSite\",\"@id\":\"https:\\\/\\\/www.laguiadepamplona.com\\\/actualidad\\\/#website\",\"url\":\"https:\\\/\\\/www.laguiadepamplona.com\\\/actualidad\\\/\",\"name\":\"La gu\u00eda de Pamplona\",\"description\":\"Noticias de Pamplona\",\"publisher\":{\"@id\":\"https:\\\/\\\/www.laguiadepamplona.com\\\/actualidad\\\/#organization\"},\"potentialAction\":[{\"@type\":\"SearchAction\",\"target\":{\"@type\":\"EntryPoint\",\"urlTemplate\":\"https:\\\/\\\/www.laguiadepamplona.com\\\/actualidad\\\/?s={search_term_string}\"},\"query-input\":{\"@type\":\"PropertyValueSpecification\",\"valueRequired\":true,\"valueName\":\"search_term_string\"}}],\"inLanguage\":\"es\"},{\"@type\":\"Organization\",\"@id\":\"https:\\\/\\\/www.laguiadepamplona.com\\\/actualidad\\\/#organization\",\"name\":\"La Gu\u00eda de Pamplona \\\/ Noticias\",\"url\":\"https:\\\/\\\/www.laguiadepamplona.com\\\/actualidad\\\/\",\"logo\":{\"@type\":\"ImageObject\",\"inLanguage\":\"es\",\"@id\":\"https:\\\/\\\/www.laguiadepamplona.com\\\/actualidad\\\/#\\\/schema\\\/logo\\\/image\\\/\",\"url\":\"https:\\\/\\\/www.laguiadepamplona.com\\\/actualidad\\\/wp-content\\\/uploads\\\/2018\\\/11\\\/logo-laguiadepamplona18-web1.png\",\"contentUrl\":\"https:\\\/\\\/www.laguiadepamplona.com\\\/actualidad\\\/wp-content\\\/uploads\\\/2018\\\/11\\\/logo-laguiadepamplona18-web1.png\",\"width\":600,\"height\":196,\"caption\":\"La Gu\u00eda de Pamplona \\\/ Noticias\"},\"image\":{\"@id\":\"https:\\\/\\\/www.laguiadepamplona.com\\\/actualidad\\\/#\\\/schema\\\/logo\\\/image\\\/\"},\"sameAs\":[\"https:\\\/\\\/www.facebook.com\\\/laguiadepamplonacom-133175176762273\\\/?ref=hl\",\"https:\\\/\\\/x.com\\\/LaGuiadPamplona\",\"https:\\\/\\\/www.instagram.com\\\/la_guia_de_pamplona\\\/\",\"https:\\\/\\\/www.youtube.com\\\/user\\\/laguiadepamplona\"]},{\"@type\":\"Person\",\"@id\":\"https:\\\/\\\/www.laguiadepamplona.com\\\/actualidad\\\/#\\\/schema\\\/person\\\/efe887376f0213d4657c93adc50b1fdb\",\"name\":\"La Gu\u00eda de Pamplona\",\"image\":{\"@type\":\"ImageObject\",\"inLanguage\":\"es\",\"@id\":\"https:\\\/\\\/secure.gravatar.com\\\/avatar\\\/b6992f131dc8d30ab0dff15446e9d346d9dbd95992de0fef795073f5ea83a81c?s=96&d=mm&r=g\",\"url\":\"https:\\\/\\\/secure.gravatar.com\\\/avatar\\\/b6992f131dc8d30ab0dff15446e9d346d9dbd95992de0fef795073f5ea83a81c?s=96&d=mm&r=g\",\"contentUrl\":\"https:\\\/\\\/secure.gravatar.com\\\/avatar\\\/b6992f131dc8d30ab0dff15446e9d346d9dbd95992de0fef795073f5ea83a81c?s=96&d=mm&r=g\",\"caption\":\"La Gu\u00eda de Pamplona\"}}]}<\/script>\n<!-- \/ Yoast SEO plugin. -->","yoast_head_json":{"title":"Ma\u00f1ana viernes se enciende la iluminaci\u00f3n navide\u00f1a, con 236 arcos lum\u00ednicos por toda la ciudad y decoraci\u00f3n especial en la Plaza del Castillo, Plaza Consistorial y Ayuntamiento","description":"A las 17.45 horas se proceder\u00e1 al encendido con un peque\u00f1o acto en la Plaza Consistorial que estar\u00e1 amenizado por la Coral Oberena","robots":{"index":"index","follow":"follow","max-snippet":"max-snippet:-1","max-image-preview":"max-image-preview:large","max-video-preview":"max-video-preview:-1"},"canonical":"https:\/\/www.laguiadepamplona.com\/actualidad\/manana-viernes-se-enciende-la-iluminacion-navidena-con-236-arcos-luminicos-por-toda-la-ciudad-y-decoracion-especial-en-la-plaza-del-castillo-plaza-consistorial-y-ayuntamiento\/","og_locale":"es_ES","og_type":"article","og_title":"Ma\u00f1ana viernes se enciende la iluminaci\u00f3n navide\u00f1a, con 236 arcos lum\u00ednicos por toda la ciudad y decoraci\u00f3n especial en la Plaza del Castillo, Plaza Consistorial y Ayuntamiento","og_description":"A las 17.45 horas se proceder\u00e1 al encendido con un peque\u00f1o acto en la Plaza Consistorial que estar\u00e1 amenizado por la Coral Oberena","og_url":"https:\/\/www.laguiadepamplona.com\/actualidad\/manana-viernes-se-enciende-la-iluminacion-navidena-con-236-arcos-luminicos-por-toda-la-ciudad-y-decoracion-especial-en-la-plaza-del-castillo-plaza-consistorial-y-ayuntamiento\/","og_site_name":"La Gu\u00eda de Pamplona","article_publisher":"https:\/\/www.facebook.com\/laguiadepamplonacom-133175176762273\/?ref=hl","article_published_time":"2021-11-25T10:54:55+00:00","article_modified_time":"2023-04-11T09:48:44+00:00","og_image":[{"width":1920,"height":1280,"url":"https:\/\/www.laguiadepamplona.com\/actualidad\/wp-content\/uploads\/2021\/11\/iluminacionnavidad_JGV4670.jpg","type":"image\/jpeg"}],"author":"La Gu\u00eda de Pamplona","twitter_card":"summary_large_image","twitter_creator":"@LaGuiadPamplona","twitter_site":"@LaGuiadPamplona","twitter_misc":{"Escrito por":"La Gu\u00eda de Pamplona","Tiempo de lectura":"2 minutos"},"schema":{"@context":"https:\/\/schema.org","@graph":[{"@type":"Article","@id":"https:\/\/www.laguiadepamplona.com\/actualidad\/manana-viernes-se-enciende-la-iluminacion-navidena-con-236-arcos-luminicos-por-toda-la-ciudad-y-decoracion-especial-en-la-plaza-del-castillo-plaza-consistorial-y-ayuntamiento\/#article","isPartOf":{"@id":"https:\/\/www.laguiadepamplona.com\/actualidad\/manana-viernes-se-enciende-la-iluminacion-navidena-con-236-arcos-luminicos-por-toda-la-ciudad-y-decoracion-especial-en-la-plaza-del-castillo-plaza-consistorial-y-ayuntamiento\/"},"author":{"name":"La Gu\u00eda de Pamplona","@id":"https:\/\/www.laguiadepamplona.com\/actualidad\/#\/schema\/person\/efe887376f0213d4657c93adc50b1fdb"},"headline":"Ma\u00f1ana viernes se enciende la iluminaci\u00f3n navide\u00f1a, con 236 arcos lum\u00ednicos por toda la ciudad y decoraci\u00f3n especial en la Plaza del Castillo, Plaza Consistorial y Ayuntamiento","datePublished":"2021-11-25T10:54:55+00:00","dateModified":"2023-04-11T09:48:44+00:00","mainEntityOfPage":{"@id":"https:\/\/www.laguiadepamplona.com\/actualidad\/manana-viernes-se-enciende-la-iluminacion-navidena-con-236-arcos-luminicos-por-toda-la-ciudad-y-decoracion-especial-en-la-plaza-del-castillo-plaza-consistorial-y-ayuntamiento\/"},"wordCount":439,"commentCount":0,"publisher":{"@id":"https:\/\/www.laguiadepamplona.com\/actualidad\/#organization"},"image":{"@id":"https:\/\/www.laguiadepamplona.com\/actualidad\/manana-viernes-se-enciende-la-iluminacion-navidena-con-236-arcos-luminicos-por-toda-la-ciudad-y-decoracion-especial-en-la-plaza-del-castillo-plaza-consistorial-y-ayuntamiento\/#primaryimage"},"thumbnailUrl":"https:\/\/www.laguiadepamplona.com\/actualidad\/wp-content\/uploads\/2021\/11\/iluminacionnavidad_JGV4670.jpg","articleSection":["Ayto Pamplona"],"inLanguage":"es","potentialAction":[{"@type":"CommentAction","name":"Comment","target":["https:\/\/www.laguiadepamplona.com\/actualidad\/manana-viernes-se-enciende-la-iluminacion-navidena-con-236-arcos-luminicos-por-toda-la-ciudad-y-decoracion-especial-en-la-plaza-del-castillo-plaza-consistorial-y-ayuntamiento\/#respond"]}]},{"@type":"WebPage","@id":"https:\/\/www.laguiadepamplona.com\/actualidad\/manana-viernes-se-enciende-la-iluminacion-navidena-con-236-arcos-luminicos-por-toda-la-ciudad-y-decoracion-especial-en-la-plaza-del-castillo-plaza-consistorial-y-ayuntamiento\/","url":"https:\/\/www.laguiadepamplona.com\/actualidad\/manana-viernes-se-enciende-la-iluminacion-navidena-con-236-arcos-luminicos-por-toda-la-ciudad-y-decoracion-especial-en-la-plaza-del-castillo-plaza-consistorial-y-ayuntamiento\/","name":"Ma\u00f1ana viernes se enciende la iluminaci\u00f3n navide\u00f1a, con 236 arcos lum\u00ednicos por toda la ciudad y decoraci\u00f3n especial en la Plaza del Castillo, Plaza Consistorial y Ayuntamiento","isPartOf":{"@id":"https:\/\/www.laguiadepamplona.com\/actualidad\/#website"},"primaryImageOfPage":{"@id":"https:\/\/www.laguiadepamplona.com\/actualidad\/manana-viernes-se-enciende-la-iluminacion-navidena-con-236-arcos-luminicos-por-toda-la-ciudad-y-decoracion-especial-en-la-plaza-del-castillo-plaza-consistorial-y-ayuntamiento\/#primaryimage"},"image":{"@id":"https:\/\/www.laguiadepamplona.com\/actualidad\/manana-viernes-se-enciende-la-iluminacion-navidena-con-236-arcos-luminicos-por-toda-la-ciudad-y-decoracion-especial-en-la-plaza-del-castillo-plaza-consistorial-y-ayuntamiento\/#primaryimage"},"thumbnailUrl":"https:\/\/www.laguiadepamplona.com\/actualidad\/wp-content\/uploads\/2021\/11\/iluminacionnavidad_JGV4670.jpg","datePublished":"2021-11-25T10:54:55+00:00","dateModified":"2023-04-11T09:48:44+00:00","description":"A las 17.45 horas se proceder\u00e1 al encendido con un peque\u00f1o acto en la Plaza Consistorial que estar\u00e1 amenizado por la Coral Oberena","breadcrumb":{"@id":"https:\/\/www.laguiadepamplona.com\/actualidad\/manana-viernes-se-enciende-la-iluminacion-navidena-con-236-arcos-luminicos-por-toda-la-ciudad-y-decoracion-especial-en-la-plaza-del-castillo-plaza-consistorial-y-ayuntamiento\/#breadcrumb"},"inLanguage":"es","potentialAction":[{"@type":"ReadAction","target":["https:\/\/www.laguiadepamplona.com\/actualidad\/manana-viernes-se-enciende-la-iluminacion-navidena-con-236-arcos-luminicos-por-toda-la-ciudad-y-decoracion-especial-en-la-plaza-del-castillo-plaza-consistorial-y-ayuntamiento\/"]}]},{"@type":"ImageObject","inLanguage":"es","@id":"https:\/\/www.laguiadepamplona.com\/actualidad\/manana-viernes-se-enciende-la-iluminacion-navidena-con-236-arcos-luminicos-por-toda-la-ciudad-y-decoracion-especial-en-la-plaza-del-castillo-plaza-consistorial-y-ayuntamiento\/#primaryimage","url":"https:\/\/www.laguiadepamplona.com\/actualidad\/wp-content\/uploads\/2021\/11\/iluminacionnavidad_JGV4670.jpg","contentUrl":"https:\/\/www.laguiadepamplona.com\/actualidad\/wp-content\/uploads\/2021\/11\/iluminacionnavidad_JGV4670.jpg","width":1920,"height":1280,"caption":"A* Jes\u00fas Garzaron F* 2020_11_30 T* Iluminaci\u00f3n navide\u00f1a L* Pamplona"},{"@type":"BreadcrumbList","@id":"https:\/\/www.laguiadepamplona.com\/actualidad\/manana-viernes-se-enciende-la-iluminacion-navidena-con-236-arcos-luminicos-por-toda-la-ciudad-y-decoracion-especial-en-la-plaza-del-castillo-plaza-consistorial-y-ayuntamiento\/#breadcrumb","itemListElement":[{"@type":"ListItem","position":1,"name":"Portada","item":"https:\/\/www.laguiadepamplona.com\/actualidad\/"},{"@type":"ListItem","position":2,"name":"Ma\u00f1ana viernes se enciende la iluminaci\u00f3n navide\u00f1a, con 236 arcos lum\u00ednicos por toda la ciudad y decoraci\u00f3n especial en la Plaza del Castillo, Plaza Consistorial y Ayuntamiento"}]},{"@type":"WebSite","@id":"https:\/\/www.laguiadepamplona.com\/actualidad\/#website","url":"https:\/\/www.laguiadepamplona.com\/actualidad\/","name":"La gu\u00eda de Pamplona","description":"Noticias de Pamplona","publisher":{"@id":"https:\/\/www.laguiadepamplona.com\/actualidad\/#organization"},"potentialAction":[{"@type":"SearchAction","target":{"@type":"EntryPoint","urlTemplate":"https:\/\/www.laguiadepamplona.com\/actualidad\/?s={search_term_string}"},"query-input":{"@type":"PropertyValueSpecification","valueRequired":true,"valueName":"search_term_string"}}],"inLanguage":"es"},{"@type":"Organization","@id":"https:\/\/www.laguiadepamplona.com\/actualidad\/#organization","name":"La Gu\u00eda de Pamplona \/ Noticias","url":"https:\/\/www.laguiadepamplona.com\/actualidad\/","logo":{"@type":"ImageObject","inLanguage":"es","@id":"https:\/\/www.laguiadepamplona.com\/actualidad\/#\/schema\/logo\/image\/","url":"https:\/\/www.laguiadepamplona.com\/actualidad\/wp-content\/uploads\/2018\/11\/logo-laguiadepamplona18-web1.png","contentUrl":"https:\/\/www.laguiadepamplona.com\/actualidad\/wp-content\/uploads\/2018\/11\/logo-laguiadepamplona18-web1.png","width":600,"height":196,"caption":"La Gu\u00eda de Pamplona \/ Noticias"},"image":{"@id":"https:\/\/www.laguiadepamplona.com\/actualidad\/#\/schema\/logo\/image\/"},"sameAs":["https:\/\/www.facebook.com\/laguiadepamplonacom-133175176762273\/?ref=hl","https:\/\/x.com\/LaGuiadPamplona","https:\/\/www.instagram.com\/la_guia_de_pamplona\/","https:\/\/www.youtube.com\/user\/laguiadepamplona"]},{"@type":"Person","@id":"https:\/\/www.laguiadepamplona.com\/actualidad\/#\/schema\/person\/efe887376f0213d4657c93adc50b1fdb","name":"La Gu\u00eda de Pamplona","image":{"@type":"ImageObject","inLanguage":"es","@id":"https:\/\/secure.gravatar.com\/avatar\/b6992f131dc8d30ab0dff15446e9d346d9dbd95992de0fef795073f5ea83a81c?s=96&d=mm&r=g","url":"https:\/\/secure.gravatar.com\/avatar\/b6992f131dc8d30ab0dff15446e9d346d9dbd95992de0fef795073f5ea83a81c?s=96&d=mm&r=g","contentUrl":"https:\/\/secure.gravatar.com\/avatar\/b6992f131dc8d30ab0dff15446e9d346d9dbd95992de0fef795073f5ea83a81c?s=96&d=mm&r=g","caption":"La Gu\u00eda de Pamplona"}}]}},"post_mailing_queue_ids":[],"_links":{"self":[{"href":"https:\/\/www.laguiadepamplona.com\/actualidad\/wp-json\/wp\/v2\/posts\/37745","targetHints":{"allow":["GET"]}}],"collection":[{"href":"https:\/\/www.laguiadepamplona.com\/actualidad\/wp-json\/wp\/v2\/posts"}],"about":[{"href":"https:\/\/www.laguiadepamplona.com\/actualidad\/wp-json\/wp\/v2\/types\/post"}],"author":[{"embeddable":true,"href":"https:\/\/www.laguiadepamplona.com\/actualidad\/wp-json\/wp\/v2\/users\/1"}],"replies":[{"embeddable":true,"href":"https:\/\/www.laguiadepamplona.com\/actualidad\/wp-json\/wp\/v2\/comments?post=37745"}],"version-history":[{"count":0,"href":"https:\/\/www.laguiadepamplona.com\/actualidad\/wp-json\/wp\/v2\/posts\/37745\/revisions"}],"wp:featuredmedia":[{"embeddable":true,"href":"https:\/\/www.laguiadepamplona.com\/actualidad\/wp-json\/wp\/v2\/media\/37746"}],"wp:attachment":[{"href":"https:\/\/www.laguiadepamplona.com\/actualidad\/wp-json\/wp\/v2\/media?parent=37745"}],"wp:term":[{"taxonomy":"category","embeddable":true,"href":"https:\/\/www.laguiadepamplona.com\/actualidad\/wp-json\/wp\/v2\/categories?post=37745"},{"taxonomy":"post_tag","embeddable":true,"href":"https:\/\/www.laguiadepamplona.com\/actualidad\/wp-json\/wp\/v2\/tags?post=37745"}],"curies":[{"name":"wp","href":"https:\/\/api.w.org\/{rel}","templated":true}]}}