{"id":37736,"date":"2021-11-24T20:22:45","date_gmt":"2021-11-24T18:22:45","guid":{"rendered":"https:\/\/www.laguiadepamplona.com\/actualidad\/?p=37736"},"modified":"2023-04-11T11:48:44","modified_gmt":"2023-04-11T09:48:44","slug":"el-cambio-climatico-la-discriminacion-y-la-libertad-sexual-principales-preocupaciones-de-la-juventud-de-pamplona","status":"publish","type":"post","link":"https:\/\/www.laguiadepamplona.com\/actualidad\/el-cambio-climatico-la-discriminacion-y-la-libertad-sexual-principales-preocupaciones-de-la-juventud-de-pamplona\/","title":{"rendered":"El cambio clim\u00e1tico, la discriminaci\u00f3n y la libertad sexual, principales preocupaciones de la juventud de Pamplona"},"content":{"rendered":"<h5>M\u00e1s de 120 j\u00f3venes de Pamplona, Villava, Beri\u00e1in y Caripuyo (Bolivia) han desarrollado una investigaci\u00f3n en la que han entrevistado a 1.026 j\u00f3venes<\/h5>\n<p><!--more--><\/p>\n<p>Los efectos del cambio clim\u00e1tico y la discriminaci\u00f3n por la forma de pensar, de vestir o por su condici\u00f3n sexual e ideolog\u00eda son las principales preocupaciones de la juventud, seg\u00fan una investigaci\u00f3n realizada por j\u00f3venes de Pamplona, Villava, Beri\u00e1in y la localidad boliviana de Caripuyo, de la mano de la ONG MedicusMundi.<\/p>\n<p>Los resultados del estudio <a href=\"https:\/\/lasaludunderecho.es\/iap2021\" target=\"_blank\" rel=\"noopener\">\u2018Desarrollo de la ciudadan\u00eda activa entre adolescentes de 12 a 17 a\u00f1os en Pamplona.\u00a0 J\u00f3venes y educaci\u00f3n no formal\u2019<\/a> se han presentado hoy en rueda de prensa, en la Casa de la Juventud de Pamplona, con la presencia de Mar\u00eda Caballero, concejala de Servicios Sociales, Acci\u00f3n Comunitaria y Deporte del Ayuntamiento; Diego de Paz, director de MedicusMundi Navarra-Arag\u00f3n-Madrid; Carlos Vilches, soci\u00f3logo y asesor de investigaci\u00f3n de la UPNA; y Jone Morr\u00e1s, joven participante en la investigaci\u00f3n, adem\u00e1s de Carlos Amatriain director gerente del Instituto Navarro de Juventud del Gobierno de Navarra.<br \/>\n<script async src=\"\/\/pagead2.googlesyndication.com\/pagead\/js\/adsbygoogle.js\"><\/script><br \/>\n<!-- Noticias La Guia de Pamplona --><br \/>\n<ins class=\"adsbygoogle\"\nstyle=\"display:block\"\ndata-ad-client=\"ca-pub-6943679897239327\"\ndata-ad-slot=\"7048180777\"\ndata-ad-format=\"auto\"><\/ins><br \/>\n<script>\n(adsbygoogle = window.adsbygoogle || []).push({});\n<\/script><\/p>\n<p>La investigaci\u00f3n, llevada a cabo por m\u00e1s de 120 j\u00f3venes, ha permitido conocer la opini\u00f3n de 1.026 personas de 12 a 17 a\u00f1os. De ella se desprende que el 78% considera que al cambio clim\u00e1tico se le est\u00e1 dando menor importancia de la que tiene. Un 75,6% cree que ya est\u00e1 afectando a Navarra y siete de cada diez siente preocupaci\u00f3n por esta situaci\u00f3n; sentimientos a los que se a\u00f1aden, en menor medida, otros como tristeza, miedo o rabia.<\/p>\n<p>En lo que a derechos humanos se refiere, la encuesta arroja que uno de cada dos j\u00f3venes ha sentido en alg\u00fan momento discriminaci\u00f3n; y que \u00e9sta es mayor entre las chicas, las personas de g\u00e9nero no binario y quienes han nacido en otros pa\u00edses. En el 56% de los casos esa discriminaci\u00f3n se debe a la forma de pensar; en un 54% a la forma de vestir; en un 38,7% por raz\u00f3n de g\u00e9nero; en un 23,1% de los casos por su condici\u00f3n sexual, en un 21% por su ideolog\u00eda; y en un 20,7% por raz\u00f3n de raza.<\/p>\n<p>A estos datos, se suman otros vinculados al g\u00e9nero y la libertad sexual. En este \u00e1mbito, un 56% de la juventud encuestada considera que hay libertad para manifestar la propia identidad sexual, si bien esa libertad es mayor entre ellos que entre ellas. Tambi\u00e9n un porcentaje similar cree que las personas LGTBI+ est\u00e1n integradas en su entorno. Pese a ello, una de cada dos personas encuestadas manifiesta tener medio a andar sola por la calla, porcentaje que se incrementa a ocho de cada diez en el caso de las chicas.<br \/>\n<script async src=\"\/\/pagead2.googlesyndication.com\/pagead\/js\/adsbygoogle.js\"><\/script><br \/>\n<!-- Noticias La Guia de Pamplona --><br \/>\n<ins class=\"adsbygoogle\"\nstyle=\"display:block\"\ndata-ad-client=\"ca-pub-6943679897239327\"\ndata-ad-slot=\"7048180777\"\ndata-ad-format=\"auto\"><\/ins><br \/>\n<script>\n(adsbygoogle = window.adsbygoogle || []).push({});\n<\/script><\/p>\n<p><strong>Investigaci\u00f3n Acci\u00f3n Partictipativa<\/strong><\/p>\n<p>\u00c9ste es el resultado de una Investigaci\u00f3n Acci\u00f3n Participativa, promovida por MedicusMundi, para analizar los problemas sociales que interesan y afectan a las y los adolescentes de Navarra. La investigaci\u00f3n, que ha sido financiada por el Ayuntamiento de Pamplona, el Gobierno de Navarra y el Parlamento de Navarra, se realizad\u00f3 entre octubre de 2020 y septiembre de 2021.<\/p>\n<p>Fueron los propios j\u00f3venes quienes se hicieron cargo del estudio. En total, han participado ocho grupos de Pamplona, Villava, Beri\u00e1in y Caripuyo, concretamente, el grupo scout San Andr\u00e9s, el grupo scout V\u00aa Tropa, Chavotxiki \u2013 Si\u00f1arzubi, Bideberri, Kaskicos, Lantxotegi, los Grupos Acci\u00f3n social medicusmundi y el grupo de j\u00f3venes de Caripuyo (Bolivia). El proceso ha contado con el asesoramiento y colaboraci\u00f3n de los soci\u00f3logos Carlos Vilches Plaza (UPNA) y Juan Albarr\u00e1n Aristegui.<\/p>\n<p>Esta tarde, en torno a 60 j\u00f3venes han presentado a representantes p\u00fablicos los resultados de la investigaci\u00f3n y han trasladado, adem\u00e1s, sus propuestas de cambio para acabar con las discriminaciones y vulneraciones de derechos humanos, y para luchar contra el cambio clim\u00e1tico.<br \/>\n<script async src=\"\/\/pagead2.googlesyndication.com\/pagead\/js\/adsbygoogle.js\"><\/script><br \/>\n<!-- Noticias La Guia de Pamplona --><br \/>\n<ins class=\"adsbygoogle\"\nstyle=\"display:block\"\ndata-ad-client=\"ca-pub-6943679897239327\"\ndata-ad-slot=\"7048180777\"\ndata-ad-format=\"auto\"><\/ins><br \/>\n<script>\n(adsbygoogle = window.adsbygoogle || []).push({});\n<\/script><\/p>\n<p>Los grupos que han realizado esta investigaci\u00f3n, ante las situaciones de discriminaci\u00f3n, plantean: tomar medidas para que la gente se sienta segura; denunciar la discriminaci\u00f3n (dar a conocer y facilitar los mecanismos de denuncia, herramienta digital, apoyo); mejorar la comunicaci\u00f3n entre polic\u00eda y juventud; campa\u00f1as en redes, dar visibilidad y apoyar a las asociaciones juveniles que son espacios donde cada persona se puede expresar con libertad y confianza. Consideran muy importante que en los centros educativos existan recursos educativos, charlas, talleres, formaci\u00f3n para el profesorado y alumnado (educaci\u00f3n en valores, educaci\u00f3n sexual, problemas relacionados con pornograf\u00eda, conductas discriminatorias, movimientos migratorios) desde infantil hasta bachillerato.<\/p>\n<p>Tambi\u00e9n de las encuestas han salido propuestas para luchar contra el cambio clim\u00e1tico, como campa\u00f1as de reciclaje en el \u00e1mbito educativo y familiar; sensibilizar a la sociedad general acerca del cuidado del medio ambiente; legislaci\u00f3n para ejecutar medidas y frenar el cambio clim\u00e1tico; puesta en marcha de protocolos para reducir el consumo de pl\u00e1stico; y fomentar las energ\u00edas renovables.<\/p>\n","protected":false},"excerpt":{"rendered":"<p>M\u00e1s de 120 j\u00f3venes de Pamplona, Villava, Beri\u00e1in y Caripuyo (Bolivia) han desarrollado una investigaci\u00f3n en la que han entrevistado a 1.026 j\u00f3venes<\/p>\n","protected":false},"author":1,"featured_media":37737,"comment_status":"open","ping_status":"closed","sticky":false,"template":"","format":"standard","meta":{"footnotes":""},"categories":[2],"tags":[],"class_list":["post-37736","post","type-post","status-publish","format-standard","has-post-thumbnail","hentry","category-ayuntamiento-pamplona"],"yoast_head":"<!-- This site is optimized with the Yoast SEO plugin v27.5 - https:\/\/yoast.com\/product\/yoast-seo-wordpress\/ -->\n<title>El cambio clim\u00e1tico, la discriminaci\u00f3n y la libertad sexual, principales preocupaciones de la juventud de Pamplona<\/title>\n<meta name=\"description\" content=\"M\u00e1s de 120 j\u00f3venes de Pamplona, Villava, Beri\u00e1in y Caripuyo (Bolivia) han desarrollado una investigaci\u00f3n en la que han entrevistado a 1.026 j\u00f3venes\" \/>\n<meta name=\"robots\" content=\"index, follow, max-snippet:-1, max-image-preview:large, max-video-preview:-1\" \/>\n<link rel=\"canonical\" href=\"https:\/\/www.laguiadepamplona.com\/actualidad\/el-cambio-climatico-la-discriminacion-y-la-libertad-sexual-principales-preocupaciones-de-la-juventud-de-pamplona\/\" \/>\n<meta property=\"og:locale\" content=\"es_ES\" \/>\n<meta property=\"og:type\" content=\"article\" \/>\n<meta property=\"og:title\" content=\"El cambio clim\u00e1tico, la discriminaci\u00f3n y la libertad sexual, principales preocupaciones de la juventud de Pamplona\" \/>\n<meta property=\"og:description\" content=\"M\u00e1s de 120 j\u00f3venes de Pamplona, Villava, Beri\u00e1in y Caripuyo (Bolivia) han desarrollado una investigaci\u00f3n en la que han entrevistado a 1.026 j\u00f3venes\" \/>\n<meta property=\"og:url\" content=\"https:\/\/www.laguiadepamplona.com\/actualidad\/el-cambio-climatico-la-discriminacion-y-la-libertad-sexual-principales-preocupaciones-de-la-juventud-de-pamplona\/\" \/>\n<meta property=\"og:site_name\" content=\"La Gu\u00eda de Pamplona\" \/>\n<meta property=\"article:publisher\" content=\"https:\/\/www.facebook.com\/laguiadepamplonacom-133175176762273\/?ref=hl\" \/>\n<meta property=\"article:published_time\" content=\"2021-11-24T18:22:45+00:00\" \/>\n<meta property=\"article:modified_time\" content=\"2023-04-11T09:48:44+00:00\" \/>\n<meta property=\"og:image\" content=\"https:\/\/www.laguiadepamplona.com\/actualidad\/wp-content\/uploads\/2021\/11\/participacion20211124jmg7330.jpg\" \/>\n\t<meta property=\"og:image:width\" content=\"1920\" \/>\n\t<meta property=\"og:image:height\" content=\"1280\" \/>\n\t<meta property=\"og:image:type\" content=\"image\/jpeg\" \/>\n<meta name=\"author\" content=\"La Gu\u00eda de Pamplona\" \/>\n<meta name=\"twitter:card\" content=\"summary_large_image\" \/>\n<meta name=\"twitter:creator\" content=\"@LaGuiadPamplona\" \/>\n<meta name=\"twitter:site\" content=\"@LaGuiadPamplona\" \/>\n<meta name=\"twitter:label1\" content=\"Escrito por\" \/>\n\t<meta name=\"twitter:data1\" content=\"La Gu\u00eda de Pamplona\" \/>\n\t<meta name=\"twitter:label2\" content=\"Tiempo de lectura\" \/>\n\t<meta name=\"twitter:data2\" content=\"4 minutos\" \/>\n<script type=\"application\/ld+json\" class=\"yoast-schema-graph\">{\"@context\":\"https:\\\/\\\/schema.org\",\"@graph\":[{\"@type\":\"Article\",\"@id\":\"https:\\\/\\\/www.laguiadepamplona.com\\\/actualidad\\\/el-cambio-climatico-la-discriminacion-y-la-libertad-sexual-principales-preocupaciones-de-la-juventud-de-pamplona\\\/#article\",\"isPartOf\":{\"@id\":\"https:\\\/\\\/www.laguiadepamplona.com\\\/actualidad\\\/el-cambio-climatico-la-discriminacion-y-la-libertad-sexual-principales-preocupaciones-de-la-juventud-de-pamplona\\\/\"},\"author\":{\"name\":\"La Gu\u00eda de Pamplona\",\"@id\":\"https:\\\/\\\/www.laguiadepamplona.com\\\/actualidad\\\/#\\\/schema\\\/person\\\/efe887376f0213d4657c93adc50b1fdb\"},\"headline\":\"El cambio clim\u00e1tico, la discriminaci\u00f3n y la libertad sexual, principales preocupaciones de la juventud de Pamplona\",\"datePublished\":\"2021-11-24T18:22:45+00:00\",\"dateModified\":\"2023-04-11T09:48:44+00:00\",\"mainEntityOfPage\":{\"@id\":\"https:\\\/\\\/www.laguiadepamplona.com\\\/actualidad\\\/el-cambio-climatico-la-discriminacion-y-la-libertad-sexual-principales-preocupaciones-de-la-juventud-de-pamplona\\\/\"},\"wordCount\":856,\"commentCount\":0,\"publisher\":{\"@id\":\"https:\\\/\\\/www.laguiadepamplona.com\\\/actualidad\\\/#organization\"},\"image\":{\"@id\":\"https:\\\/\\\/www.laguiadepamplona.com\\\/actualidad\\\/el-cambio-climatico-la-discriminacion-y-la-libertad-sexual-principales-preocupaciones-de-la-juventud-de-pamplona\\\/#primaryimage\"},\"thumbnailUrl\":\"https:\\\/\\\/www.laguiadepamplona.com\\\/actualidad\\\/wp-content\\\/uploads\\\/2021\\\/11\\\/participacion20211124jmg7330.jpg\",\"articleSection\":[\"Ayto Pamplona\"],\"inLanguage\":\"es\",\"potentialAction\":[{\"@type\":\"CommentAction\",\"name\":\"Comment\",\"target\":[\"https:\\\/\\\/www.laguiadepamplona.com\\\/actualidad\\\/el-cambio-climatico-la-discriminacion-y-la-libertad-sexual-principales-preocupaciones-de-la-juventud-de-pamplona\\\/#respond\"]}]},{\"@type\":\"WebPage\",\"@id\":\"https:\\\/\\\/www.laguiadepamplona.com\\\/actualidad\\\/el-cambio-climatico-la-discriminacion-y-la-libertad-sexual-principales-preocupaciones-de-la-juventud-de-pamplona\\\/\",\"url\":\"https:\\\/\\\/www.laguiadepamplona.com\\\/actualidad\\\/el-cambio-climatico-la-discriminacion-y-la-libertad-sexual-principales-preocupaciones-de-la-juventud-de-pamplona\\\/\",\"name\":\"El cambio clim\u00e1tico, la discriminaci\u00f3n y la libertad sexual, principales preocupaciones de la juventud de Pamplona\",\"isPartOf\":{\"@id\":\"https:\\\/\\\/www.laguiadepamplona.com\\\/actualidad\\\/#website\"},\"primaryImageOfPage\":{\"@id\":\"https:\\\/\\\/www.laguiadepamplona.com\\\/actualidad\\\/el-cambio-climatico-la-discriminacion-y-la-libertad-sexual-principales-preocupaciones-de-la-juventud-de-pamplona\\\/#primaryimage\"},\"image\":{\"@id\":\"https:\\\/\\\/www.laguiadepamplona.com\\\/actualidad\\\/el-cambio-climatico-la-discriminacion-y-la-libertad-sexual-principales-preocupaciones-de-la-juventud-de-pamplona\\\/#primaryimage\"},\"thumbnailUrl\":\"https:\\\/\\\/www.laguiadepamplona.com\\\/actualidad\\\/wp-content\\\/uploads\\\/2021\\\/11\\\/participacion20211124jmg7330.jpg\",\"datePublished\":\"2021-11-24T18:22:45+00:00\",\"dateModified\":\"2023-04-11T09:48:44+00:00\",\"description\":\"M\u00e1s de 120 j\u00f3venes de Pamplona, Villava, Beri\u00e1in y Caripuyo (Bolivia) han desarrollado una investigaci\u00f3n en la que han entrevistado a 1.026 j\u00f3venes\",\"breadcrumb\":{\"@id\":\"https:\\\/\\\/www.laguiadepamplona.com\\\/actualidad\\\/el-cambio-climatico-la-discriminacion-y-la-libertad-sexual-principales-preocupaciones-de-la-juventud-de-pamplona\\\/#breadcrumb\"},\"inLanguage\":\"es\",\"potentialAction\":[{\"@type\":\"ReadAction\",\"target\":[\"https:\\\/\\\/www.laguiadepamplona.com\\\/actualidad\\\/el-cambio-climatico-la-discriminacion-y-la-libertad-sexual-principales-preocupaciones-de-la-juventud-de-pamplona\\\/\"]}]},{\"@type\":\"ImageObject\",\"inLanguage\":\"es\",\"@id\":\"https:\\\/\\\/www.laguiadepamplona.com\\\/actualidad\\\/el-cambio-climatico-la-discriminacion-y-la-libertad-sexual-principales-preocupaciones-de-la-juventud-de-pamplona\\\/#primaryimage\",\"url\":\"https:\\\/\\\/www.laguiadepamplona.com\\\/actualidad\\\/wp-content\\\/uploads\\\/2021\\\/11\\\/participacion20211124jmg7330.jpg\",\"contentUrl\":\"https:\\\/\\\/www.laguiadepamplona.com\\\/actualidad\\\/wp-content\\\/uploads\\\/2021\\\/11\\\/participacion20211124jmg7330.jpg\",\"width\":1920,\"height\":1280},{\"@type\":\"BreadcrumbList\",\"@id\":\"https:\\\/\\\/www.laguiadepamplona.com\\\/actualidad\\\/el-cambio-climatico-la-discriminacion-y-la-libertad-sexual-principales-preocupaciones-de-la-juventud-de-pamplona\\\/#breadcrumb\",\"itemListElement\":[{\"@type\":\"ListItem\",\"position\":1,\"name\":\"Portada\",\"item\":\"https:\\\/\\\/www.laguiadepamplona.com\\\/actualidad\\\/\"},{\"@type\":\"ListItem\",\"position\":2,\"name\":\"El cambio clim\u00e1tico, la discriminaci\u00f3n y la libertad sexual, principales preocupaciones de la juventud de Pamplona\"}]},{\"@type\":\"WebSite\",\"@id\":\"https:\\\/\\\/www.laguiadepamplona.com\\\/actualidad\\\/#website\",\"url\":\"https:\\\/\\\/www.laguiadepamplona.com\\\/actualidad\\\/\",\"name\":\"La gu\u00eda de Pamplona\",\"description\":\"Noticias de Pamplona\",\"publisher\":{\"@id\":\"https:\\\/\\\/www.laguiadepamplona.com\\\/actualidad\\\/#organization\"},\"potentialAction\":[{\"@type\":\"SearchAction\",\"target\":{\"@type\":\"EntryPoint\",\"urlTemplate\":\"https:\\\/\\\/www.laguiadepamplona.com\\\/actualidad\\\/?s={search_term_string}\"},\"query-input\":{\"@type\":\"PropertyValueSpecification\",\"valueRequired\":true,\"valueName\":\"search_term_string\"}}],\"inLanguage\":\"es\"},{\"@type\":\"Organization\",\"@id\":\"https:\\\/\\\/www.laguiadepamplona.com\\\/actualidad\\\/#organization\",\"name\":\"La Gu\u00eda de Pamplona \\\/ Noticias\",\"url\":\"https:\\\/\\\/www.laguiadepamplona.com\\\/actualidad\\\/\",\"logo\":{\"@type\":\"ImageObject\",\"inLanguage\":\"es\",\"@id\":\"https:\\\/\\\/www.laguiadepamplona.com\\\/actualidad\\\/#\\\/schema\\\/logo\\\/image\\\/\",\"url\":\"https:\\\/\\\/www.laguiadepamplona.com\\\/actualidad\\\/wp-content\\\/uploads\\\/2018\\\/11\\\/logo-laguiadepamplona18-web1.png\",\"contentUrl\":\"https:\\\/\\\/www.laguiadepamplona.com\\\/actualidad\\\/wp-content\\\/uploads\\\/2018\\\/11\\\/logo-laguiadepamplona18-web1.png\",\"width\":600,\"height\":196,\"caption\":\"La Gu\u00eda de Pamplona \\\/ Noticias\"},\"image\":{\"@id\":\"https:\\\/\\\/www.laguiadepamplona.com\\\/actualidad\\\/#\\\/schema\\\/logo\\\/image\\\/\"},\"sameAs\":[\"https:\\\/\\\/www.facebook.com\\\/laguiadepamplonacom-133175176762273\\\/?ref=hl\",\"https:\\\/\\\/x.com\\\/LaGuiadPamplona\",\"https:\\\/\\\/www.instagram.com\\\/la_guia_de_pamplona\\\/\",\"https:\\\/\\\/www.youtube.com\\\/user\\\/laguiadepamplona\"]},{\"@type\":\"Person\",\"@id\":\"https:\\\/\\\/www.laguiadepamplona.com\\\/actualidad\\\/#\\\/schema\\\/person\\\/efe887376f0213d4657c93adc50b1fdb\",\"name\":\"La Gu\u00eda de Pamplona\",\"image\":{\"@type\":\"ImageObject\",\"inLanguage\":\"es\",\"@id\":\"https:\\\/\\\/secure.gravatar.com\\\/avatar\\\/b6992f131dc8d30ab0dff15446e9d346d9dbd95992de0fef795073f5ea83a81c?s=96&d=mm&r=g\",\"url\":\"https:\\\/\\\/secure.gravatar.com\\\/avatar\\\/b6992f131dc8d30ab0dff15446e9d346d9dbd95992de0fef795073f5ea83a81c?s=96&d=mm&r=g\",\"contentUrl\":\"https:\\\/\\\/secure.gravatar.com\\\/avatar\\\/b6992f131dc8d30ab0dff15446e9d346d9dbd95992de0fef795073f5ea83a81c?s=96&d=mm&r=g\",\"caption\":\"La Gu\u00eda de Pamplona\"}}]}<\/script>\n<!-- \/ Yoast SEO plugin. -->","yoast_head_json":{"title":"El cambio clim\u00e1tico, la discriminaci\u00f3n y la libertad sexual, principales preocupaciones de la juventud de Pamplona","description":"M\u00e1s de 120 j\u00f3venes de Pamplona, Villava, Beri\u00e1in y Caripuyo (Bolivia) han desarrollado una investigaci\u00f3n en la que han entrevistado a 1.026 j\u00f3venes","robots":{"index":"index","follow":"follow","max-snippet":"max-snippet:-1","max-image-preview":"max-image-preview:large","max-video-preview":"max-video-preview:-1"},"canonical":"https:\/\/www.laguiadepamplona.com\/actualidad\/el-cambio-climatico-la-discriminacion-y-la-libertad-sexual-principales-preocupaciones-de-la-juventud-de-pamplona\/","og_locale":"es_ES","og_type":"article","og_title":"El cambio clim\u00e1tico, la discriminaci\u00f3n y la libertad sexual, principales preocupaciones de la juventud de Pamplona","og_description":"M\u00e1s de 120 j\u00f3venes de Pamplona, Villava, Beri\u00e1in y Caripuyo (Bolivia) han desarrollado una investigaci\u00f3n en la que han entrevistado a 1.026 j\u00f3venes","og_url":"https:\/\/www.laguiadepamplona.com\/actualidad\/el-cambio-climatico-la-discriminacion-y-la-libertad-sexual-principales-preocupaciones-de-la-juventud-de-pamplona\/","og_site_name":"La Gu\u00eda de Pamplona","article_publisher":"https:\/\/www.facebook.com\/laguiadepamplonacom-133175176762273\/?ref=hl","article_published_time":"2021-11-24T18:22:45+00:00","article_modified_time":"2023-04-11T09:48:44+00:00","og_image":[{"width":1920,"height":1280,"url":"https:\/\/www.laguiadepamplona.com\/actualidad\/wp-content\/uploads\/2021\/11\/participacion20211124jmg7330.jpg","type":"image\/jpeg"}],"author":"La Gu\u00eda de Pamplona","twitter_card":"summary_large_image","twitter_creator":"@LaGuiadPamplona","twitter_site":"@LaGuiadPamplona","twitter_misc":{"Escrito por":"La Gu\u00eda de Pamplona","Tiempo de lectura":"4 minutos"},"schema":{"@context":"https:\/\/schema.org","@graph":[{"@type":"Article","@id":"https:\/\/www.laguiadepamplona.com\/actualidad\/el-cambio-climatico-la-discriminacion-y-la-libertad-sexual-principales-preocupaciones-de-la-juventud-de-pamplona\/#article","isPartOf":{"@id":"https:\/\/www.laguiadepamplona.com\/actualidad\/el-cambio-climatico-la-discriminacion-y-la-libertad-sexual-principales-preocupaciones-de-la-juventud-de-pamplona\/"},"author":{"name":"La Gu\u00eda de Pamplona","@id":"https:\/\/www.laguiadepamplona.com\/actualidad\/#\/schema\/person\/efe887376f0213d4657c93adc50b1fdb"},"headline":"El cambio clim\u00e1tico, la discriminaci\u00f3n y la libertad sexual, principales preocupaciones de la juventud de Pamplona","datePublished":"2021-11-24T18:22:45+00:00","dateModified":"2023-04-11T09:48:44+00:00","mainEntityOfPage":{"@id":"https:\/\/www.laguiadepamplona.com\/actualidad\/el-cambio-climatico-la-discriminacion-y-la-libertad-sexual-principales-preocupaciones-de-la-juventud-de-pamplona\/"},"wordCount":856,"commentCount":0,"publisher":{"@id":"https:\/\/www.laguiadepamplona.com\/actualidad\/#organization"},"image":{"@id":"https:\/\/www.laguiadepamplona.com\/actualidad\/el-cambio-climatico-la-discriminacion-y-la-libertad-sexual-principales-preocupaciones-de-la-juventud-de-pamplona\/#primaryimage"},"thumbnailUrl":"https:\/\/www.laguiadepamplona.com\/actualidad\/wp-content\/uploads\/2021\/11\/participacion20211124jmg7330.jpg","articleSection":["Ayto Pamplona"],"inLanguage":"es","potentialAction":[{"@type":"CommentAction","name":"Comment","target":["https:\/\/www.laguiadepamplona.com\/actualidad\/el-cambio-climatico-la-discriminacion-y-la-libertad-sexual-principales-preocupaciones-de-la-juventud-de-pamplona\/#respond"]}]},{"@type":"WebPage","@id":"https:\/\/www.laguiadepamplona.com\/actualidad\/el-cambio-climatico-la-discriminacion-y-la-libertad-sexual-principales-preocupaciones-de-la-juventud-de-pamplona\/","url":"https:\/\/www.laguiadepamplona.com\/actualidad\/el-cambio-climatico-la-discriminacion-y-la-libertad-sexual-principales-preocupaciones-de-la-juventud-de-pamplona\/","name":"El cambio clim\u00e1tico, la discriminaci\u00f3n y la libertad sexual, principales preocupaciones de la juventud de Pamplona","isPartOf":{"@id":"https:\/\/www.laguiadepamplona.com\/actualidad\/#website"},"primaryImageOfPage":{"@id":"https:\/\/www.laguiadepamplona.com\/actualidad\/el-cambio-climatico-la-discriminacion-y-la-libertad-sexual-principales-preocupaciones-de-la-juventud-de-pamplona\/#primaryimage"},"image":{"@id":"https:\/\/www.laguiadepamplona.com\/actualidad\/el-cambio-climatico-la-discriminacion-y-la-libertad-sexual-principales-preocupaciones-de-la-juventud-de-pamplona\/#primaryimage"},"thumbnailUrl":"https:\/\/www.laguiadepamplona.com\/actualidad\/wp-content\/uploads\/2021\/11\/participacion20211124jmg7330.jpg","datePublished":"2021-11-24T18:22:45+00:00","dateModified":"2023-04-11T09:48:44+00:00","description":"M\u00e1s de 120 j\u00f3venes de Pamplona, Villava, Beri\u00e1in y Caripuyo (Bolivia) han desarrollado una investigaci\u00f3n en la que han entrevistado a 1.026 j\u00f3venes","breadcrumb":{"@id":"https:\/\/www.laguiadepamplona.com\/actualidad\/el-cambio-climatico-la-discriminacion-y-la-libertad-sexual-principales-preocupaciones-de-la-juventud-de-pamplona\/#breadcrumb"},"inLanguage":"es","potentialAction":[{"@type":"ReadAction","target":["https:\/\/www.laguiadepamplona.com\/actualidad\/el-cambio-climatico-la-discriminacion-y-la-libertad-sexual-principales-preocupaciones-de-la-juventud-de-pamplona\/"]}]},{"@type":"ImageObject","inLanguage":"es","@id":"https:\/\/www.laguiadepamplona.com\/actualidad\/el-cambio-climatico-la-discriminacion-y-la-libertad-sexual-principales-preocupaciones-de-la-juventud-de-pamplona\/#primaryimage","url":"https:\/\/www.laguiadepamplona.com\/actualidad\/wp-content\/uploads\/2021\/11\/participacion20211124jmg7330.jpg","contentUrl":"https:\/\/www.laguiadepamplona.com\/actualidad\/wp-content\/uploads\/2021\/11\/participacion20211124jmg7330.jpg","width":1920,"height":1280},{"@type":"BreadcrumbList","@id":"https:\/\/www.laguiadepamplona.com\/actualidad\/el-cambio-climatico-la-discriminacion-y-la-libertad-sexual-principales-preocupaciones-de-la-juventud-de-pamplona\/#breadcrumb","itemListElement":[{"@type":"ListItem","position":1,"name":"Portada","item":"https:\/\/www.laguiadepamplona.com\/actualidad\/"},{"@type":"ListItem","position":2,"name":"El cambio clim\u00e1tico, la discriminaci\u00f3n y la libertad sexual, principales preocupaciones de la juventud de Pamplona"}]},{"@type":"WebSite","@id":"https:\/\/www.laguiadepamplona.com\/actualidad\/#website","url":"https:\/\/www.laguiadepamplona.com\/actualidad\/","name":"La gu\u00eda de Pamplona","description":"Noticias de Pamplona","publisher":{"@id":"https:\/\/www.laguiadepamplona.com\/actualidad\/#organization"},"potentialAction":[{"@type":"SearchAction","target":{"@type":"EntryPoint","urlTemplate":"https:\/\/www.laguiadepamplona.com\/actualidad\/?s={search_term_string}"},"query-input":{"@type":"PropertyValueSpecification","valueRequired":true,"valueName":"search_term_string"}}],"inLanguage":"es"},{"@type":"Organization","@id":"https:\/\/www.laguiadepamplona.com\/actualidad\/#organization","name":"La Gu\u00eda de Pamplona \/ Noticias","url":"https:\/\/www.laguiadepamplona.com\/actualidad\/","logo":{"@type":"ImageObject","inLanguage":"es","@id":"https:\/\/www.laguiadepamplona.com\/actualidad\/#\/schema\/logo\/image\/","url":"https:\/\/www.laguiadepamplona.com\/actualidad\/wp-content\/uploads\/2018\/11\/logo-laguiadepamplona18-web1.png","contentUrl":"https:\/\/www.laguiadepamplona.com\/actualidad\/wp-content\/uploads\/2018\/11\/logo-laguiadepamplona18-web1.png","width":600,"height":196,"caption":"La Gu\u00eda de Pamplona \/ Noticias"},"image":{"@id":"https:\/\/www.laguiadepamplona.com\/actualidad\/#\/schema\/logo\/image\/"},"sameAs":["https:\/\/www.facebook.com\/laguiadepamplonacom-133175176762273\/?ref=hl","https:\/\/x.com\/LaGuiadPamplona","https:\/\/www.instagram.com\/la_guia_de_pamplona\/","https:\/\/www.youtube.com\/user\/laguiadepamplona"]},{"@type":"Person","@id":"https:\/\/www.laguiadepamplona.com\/actualidad\/#\/schema\/person\/efe887376f0213d4657c93adc50b1fdb","name":"La Gu\u00eda de Pamplona","image":{"@type":"ImageObject","inLanguage":"es","@id":"https:\/\/secure.gravatar.com\/avatar\/b6992f131dc8d30ab0dff15446e9d346d9dbd95992de0fef795073f5ea83a81c?s=96&d=mm&r=g","url":"https:\/\/secure.gravatar.com\/avatar\/b6992f131dc8d30ab0dff15446e9d346d9dbd95992de0fef795073f5ea83a81c?s=96&d=mm&r=g","contentUrl":"https:\/\/secure.gravatar.com\/avatar\/b6992f131dc8d30ab0dff15446e9d346d9dbd95992de0fef795073f5ea83a81c?s=96&d=mm&r=g","caption":"La Gu\u00eda de Pamplona"}}]}},"post_mailing_queue_ids":[],"_links":{"self":[{"href":"https:\/\/www.laguiadepamplona.com\/actualidad\/wp-json\/wp\/v2\/posts\/37736","targetHints":{"allow":["GET"]}}],"collection":[{"href":"https:\/\/www.laguiadepamplona.com\/actualidad\/wp-json\/wp\/v2\/posts"}],"about":[{"href":"https:\/\/www.laguiadepamplona.com\/actualidad\/wp-json\/wp\/v2\/types\/post"}],"author":[{"embeddable":true,"href":"https:\/\/www.laguiadepamplona.com\/actualidad\/wp-json\/wp\/v2\/users\/1"}],"replies":[{"embeddable":true,"href":"https:\/\/www.laguiadepamplona.com\/actualidad\/wp-json\/wp\/v2\/comments?post=37736"}],"version-history":[{"count":0,"href":"https:\/\/www.laguiadepamplona.com\/actualidad\/wp-json\/wp\/v2\/posts\/37736\/revisions"}],"wp:featuredmedia":[{"embeddable":true,"href":"https:\/\/www.laguiadepamplona.com\/actualidad\/wp-json\/wp\/v2\/media\/37737"}],"wp:attachment":[{"href":"https:\/\/www.laguiadepamplona.com\/actualidad\/wp-json\/wp\/v2\/media?parent=37736"}],"wp:term":[{"taxonomy":"category","embeddable":true,"href":"https:\/\/www.laguiadepamplona.com\/actualidad\/wp-json\/wp\/v2\/categories?post=37736"},{"taxonomy":"post_tag","embeddable":true,"href":"https:\/\/www.laguiadepamplona.com\/actualidad\/wp-json\/wp\/v2\/tags?post=37736"}],"curies":[{"name":"wp","href":"https:\/\/api.w.org\/{rel}","templated":true}]}}