{"id":37734,"date":"2021-11-24T17:31:59","date_gmt":"2021-11-24T15:31:59","guid":{"rendered":"https:\/\/www.laguiadepamplona.com\/actualidad\/?p=37734"},"modified":"2023-04-11T11:48:44","modified_gmt":"2023-04-11T09:48:44","slug":"declaraciones-aprobadas-en-la-comision-de-urbanismo-celebrada-el-miercoles-24-de-noviembre-de-2021","status":"publish","type":"post","link":"https:\/\/www.laguiadepamplona.com\/actualidad\/declaraciones-aprobadas-en-la-comision-de-urbanismo-celebrada-el-miercoles-24-de-noviembre-de-2021\/","title":{"rendered":"Declaraciones aprobadas en la Comisi\u00f3n de Urbanismo celebrada el mi\u00e9rcoles 24 de noviembre de 2021"},"content":{"rendered":"<p><!--more--><\/p>\n<p><strong>Declaraci\u00f3n respecto a la pasarela del Labrit<\/strong><\/p>\n<p><u>Proponente<\/u>: EH Bildu, Socialistas del Ayuntamiento de pamplona, Geroa Bai<\/p>\n<p><u>Votaci\u00f3n<\/u>: aprobada con 6 votos a favor (EH Bildu, Socialistas del Ayuntamiento de Pamplona y Geroa Bai), 4 en contra (Navarra Suma) y una abstenci\u00f3n t\u00e9cnica (por ausencia)<\/p>\n<p>ACUERDA<\/p>\n<ol>\n<li>Instar al equipo de gobierno del Ayuntamiento de Pamplona-Iru\u00f1a, a respetar la decisi\u00f3n de la mayor\u00eda municipal de b\u00fasqueda de consenso en relaci\u00f3n al futuro de la pasarela del Labrit, a la vista del enorme coste que supone su reparaci\u00f3n.<\/li>\n<li>De continuar de forma unilateral con el expediente de adjudicaci\u00f3n de las obras de refuerzo y saneamiento de la pasarela, ante la posibilidad de no obtener recursos econ\u00f3micos suficientes para ellos y\/o de incurrir en alg\u00fan supuesto indemnizatorio, la responsabilidad recaer\u00e1 \u00fanica y exclusivamente en el Alcalde y su Concejal delegado de Proyectos estrat\u00e9gicos.<\/li>\n<\/ol>\n<p>&nbsp;<br \/>\n<script async src=\"\/\/pagead2.googlesyndication.com\/pagead\/js\/adsbygoogle.js\"><\/script><br \/>\n<!-- Noticias La Guia de Pamplona --><br \/>\n<ins class=\"adsbygoogle\"\nstyle=\"display:block\"\ndata-ad-client=\"ca-pub-6943679897239327\"\ndata-ad-slot=\"7048180777\"\ndata-ad-format=\"auto\"><\/ins><br \/>\n<script>\n(adsbygoogle = window.adsbygoogle || []).push({});\n<\/script><\/p>\n<p><strong>Declaraci\u00f3n sobre las obras de renovaci\u00f3n de redes de saneamiento y abastecimiento en Rotxapea Vieja<\/strong><\/p>\n<p><u>Proponente<\/u>: EH Bildu<\/p>\n<p><u>Votaci\u00f3n<\/u>: por puntos. Los puntos 1 y 3 se han aprobado con 6 votos a favor (EH Bildu, Socialistas del Ayuntamiento de Pamplona y Geroa Bai) y 5 en contra (Navarra Suma). El punto 4, enmienda Geroa Bai, se ha aprobado por unanimidad<\/p>\n<p>ACUERDA<\/p>\n<ol>\n<li>Denunciar la inacci\u00f3n y dejadez del equipo de gobierno frente a la oportunidad que se le ha brindado con las obras de renovaci\u00f3n de redes de saneamiento y abastecimiento de las calles de la parte vieja de Errotxapea para solucionar los problemas de accesibilidad que existe en ellas.<\/li>\n<li>Instar al equipo de gobierno a analizar y valorar las obras que garanticen las medidas de accesibilidad necesarias para el tr\u00e1nsito peatonal en estas calles de Errotxapea.<\/li>\n<li>Que, de ahora en adelante, siempre que la MCP vaya a acometer obras de renovaci\u00f3n de redes, se informe en Comisi\u00f3n de Urbanismo con el objetivo de poder analizar la convivencia o no de acometer mejoras en la urbanizaci\u00f3n.<\/li>\n<\/ol>\n<p>&nbsp;<br \/>\n<script async src=\"\/\/pagead2.googlesyndication.com\/pagead\/js\/adsbygoogle.js\"><\/script><br \/>\n<!-- Noticias La Guia de Pamplona --><br \/>\n<ins class=\"adsbygoogle\"\nstyle=\"display:block\"\ndata-ad-client=\"ca-pub-6943679897239327\"\ndata-ad-slot=\"7048180777\"\ndata-ad-format=\"auto\"><\/ins><br \/>\n<script>\n(adsbygoogle = window.adsbygoogle || []).push({});\n<\/script><\/p>\n<p><strong>Declaraci\u00f3n sobre oficina de PCH en Milagrosa<\/strong><\/p>\n<p><u>Proponente<\/u>: Socialistas del Ayuntamiento de Pamplona<\/p>\n<p><u>Votaci\u00f3n<\/u>: aprobada con 6 votos a favor (EH Bildu, Socialistas del Ayuntamiento de Pamplona y Geroa Bai) y 4 en contra (Navarra Suma)<\/p>\n<p>ACUERDA<\/p>\n<ol>\n<li>La apertura de la oficina de PCH en la Milagrosa queda vinculada a la aprobaci\u00f3n definitiva del PEAU. En consecuencia, quedan suspendidas temporalmente las gestiones de COMPRA para su puesta en marcha hasta la aprobaci\u00f3n definitiva del PEAU. Este acuerdo es de aplicaci\u00f3n tanto al gobierno municipal como a PCH.<\/li>\n<li>Si por consenso de la Comisi\u00f3n de Urbanismo se considera necesario crear temporalmente esta oficina, se buscar\u00e1 un local municipal o, si fuera posible, se alquilar\u00eda un local para este fin.<\/li>\n<\/ol>\n","protected":false},"excerpt":{"rendered":"","protected":false},"author":1,"featured_media":36074,"comment_status":"open","ping_status":"closed","sticky":false,"template":"","format":"standard","meta":{"footnotes":""},"categories":[2],"tags":[],"class_list":["post-37734","post","type-post","status-publish","format-standard","has-post-thumbnail","hentry","category-ayuntamiento-pamplona"],"yoast_head":"<!-- This site is optimized with the Yoast SEO plugin v27.5 - https:\/\/yoast.com\/product\/yoast-seo-wordpress\/ -->\n<title>Declaraciones aprobadas en la Comisi\u00f3n de Urbanismo celebrada el mi\u00e9rcoles 24 de noviembre de 2021<\/title>\n<meta name=\"robots\" content=\"index, follow, max-snippet:-1, max-image-preview:large, max-video-preview:-1\" \/>\n<link rel=\"canonical\" href=\"https:\/\/www.laguiadepamplona.com\/actualidad\/declaraciones-aprobadas-en-la-comision-de-urbanismo-celebrada-el-miercoles-24-de-noviembre-de-2021\/\" \/>\n<meta property=\"og:locale\" content=\"es_ES\" \/>\n<meta property=\"og:type\" content=\"article\" \/>\n<meta property=\"og:title\" content=\"Declaraciones aprobadas en la Comisi\u00f3n de Urbanismo celebrada el mi\u00e9rcoles 24 de noviembre de 2021\" \/>\n<meta property=\"og:url\" content=\"https:\/\/www.laguiadepamplona.com\/actualidad\/declaraciones-aprobadas-en-la-comision-de-urbanismo-celebrada-el-miercoles-24-de-noviembre-de-2021\/\" \/>\n<meta property=\"og:site_name\" content=\"La Gu\u00eda de Pamplona\" \/>\n<meta property=\"article:publisher\" content=\"https:\/\/www.facebook.com\/laguiadepamplonacom-133175176762273\/?ref=hl\" \/>\n<meta property=\"article:published_time\" content=\"2021-11-24T15:31:59+00:00\" \/>\n<meta property=\"article:modified_time\" content=\"2023-04-11T09:48:44+00:00\" \/>\n<meta property=\"og:image\" content=\"https:\/\/www.laguiadepamplona.com\/actualidad\/wp-content\/uploads\/2021\/08\/ayuntamiento-pamplona2.jpg\" \/>\n\t<meta property=\"og:image:width\" content=\"1920\" \/>\n\t<meta property=\"og:image:height\" content=\"1080\" \/>\n\t<meta property=\"og:image:type\" content=\"image\/jpeg\" \/>\n<meta name=\"author\" content=\"La Gu\u00eda de Pamplona\" \/>\n<meta name=\"twitter:card\" content=\"summary_large_image\" \/>\n<meta name=\"twitter:creator\" content=\"@LaGuiadPamplona\" \/>\n<meta name=\"twitter:site\" content=\"@LaGuiadPamplona\" \/>\n<meta name=\"twitter:label1\" content=\"Escrito por\" \/>\n\t<meta name=\"twitter:data1\" content=\"La Gu\u00eda de Pamplona\" \/>\n\t<meta name=\"twitter:label2\" content=\"Tiempo de lectura\" \/>\n\t<meta name=\"twitter:data2\" content=\"2 minutos\" \/>\n<script type=\"application\/ld+json\" class=\"yoast-schema-graph\">{\"@context\":\"https:\\\/\\\/schema.org\",\"@graph\":[{\"@type\":\"Article\",\"@id\":\"https:\\\/\\\/www.laguiadepamplona.com\\\/actualidad\\\/declaraciones-aprobadas-en-la-comision-de-urbanismo-celebrada-el-miercoles-24-de-noviembre-de-2021\\\/#article\",\"isPartOf\":{\"@id\":\"https:\\\/\\\/www.laguiadepamplona.com\\\/actualidad\\\/declaraciones-aprobadas-en-la-comision-de-urbanismo-celebrada-el-miercoles-24-de-noviembre-de-2021\\\/\"},\"author\":{\"name\":\"La Gu\u00eda de Pamplona\",\"@id\":\"https:\\\/\\\/www.laguiadepamplona.com\\\/actualidad\\\/#\\\/schema\\\/person\\\/efe887376f0213d4657c93adc50b1fdb\"},\"headline\":\"Declaraciones aprobadas en la Comisi\u00f3n de Urbanismo celebrada el mi\u00e9rcoles 24 de noviembre de 2021\",\"datePublished\":\"2021-11-24T15:31:59+00:00\",\"dateModified\":\"2023-04-11T09:48:44+00:00\",\"mainEntityOfPage\":{\"@id\":\"https:\\\/\\\/www.laguiadepamplona.com\\\/actualidad\\\/declaraciones-aprobadas-en-la-comision-de-urbanismo-celebrada-el-miercoles-24-de-noviembre-de-2021\\\/\"},\"wordCount\":473,\"commentCount\":0,\"publisher\":{\"@id\":\"https:\\\/\\\/www.laguiadepamplona.com\\\/actualidad\\\/#organization\"},\"image\":{\"@id\":\"https:\\\/\\\/www.laguiadepamplona.com\\\/actualidad\\\/declaraciones-aprobadas-en-la-comision-de-urbanismo-celebrada-el-miercoles-24-de-noviembre-de-2021\\\/#primaryimage\"},\"thumbnailUrl\":\"https:\\\/\\\/www.laguiadepamplona.com\\\/actualidad\\\/wp-content\\\/uploads\\\/2021\\\/08\\\/ayuntamiento-pamplona2.jpg\",\"articleSection\":[\"Ayto Pamplona\"],\"inLanguage\":\"es\",\"potentialAction\":[{\"@type\":\"CommentAction\",\"name\":\"Comment\",\"target\":[\"https:\\\/\\\/www.laguiadepamplona.com\\\/actualidad\\\/declaraciones-aprobadas-en-la-comision-de-urbanismo-celebrada-el-miercoles-24-de-noviembre-de-2021\\\/#respond\"]}]},{\"@type\":\"WebPage\",\"@id\":\"https:\\\/\\\/www.laguiadepamplona.com\\\/actualidad\\\/declaraciones-aprobadas-en-la-comision-de-urbanismo-celebrada-el-miercoles-24-de-noviembre-de-2021\\\/\",\"url\":\"https:\\\/\\\/www.laguiadepamplona.com\\\/actualidad\\\/declaraciones-aprobadas-en-la-comision-de-urbanismo-celebrada-el-miercoles-24-de-noviembre-de-2021\\\/\",\"name\":\"Declaraciones aprobadas en la Comisi\u00f3n de Urbanismo celebrada el mi\u00e9rcoles 24 de noviembre de 2021\",\"isPartOf\":{\"@id\":\"https:\\\/\\\/www.laguiadepamplona.com\\\/actualidad\\\/#website\"},\"primaryImageOfPage\":{\"@id\":\"https:\\\/\\\/www.laguiadepamplona.com\\\/actualidad\\\/declaraciones-aprobadas-en-la-comision-de-urbanismo-celebrada-el-miercoles-24-de-noviembre-de-2021\\\/#primaryimage\"},\"image\":{\"@id\":\"https:\\\/\\\/www.laguiadepamplona.com\\\/actualidad\\\/declaraciones-aprobadas-en-la-comision-de-urbanismo-celebrada-el-miercoles-24-de-noviembre-de-2021\\\/#primaryimage\"},\"thumbnailUrl\":\"https:\\\/\\\/www.laguiadepamplona.com\\\/actualidad\\\/wp-content\\\/uploads\\\/2021\\\/08\\\/ayuntamiento-pamplona2.jpg\",\"datePublished\":\"2021-11-24T15:31:59+00:00\",\"dateModified\":\"2023-04-11T09:48:44+00:00\",\"breadcrumb\":{\"@id\":\"https:\\\/\\\/www.laguiadepamplona.com\\\/actualidad\\\/declaraciones-aprobadas-en-la-comision-de-urbanismo-celebrada-el-miercoles-24-de-noviembre-de-2021\\\/#breadcrumb\"},\"inLanguage\":\"es\",\"potentialAction\":[{\"@type\":\"ReadAction\",\"target\":[\"https:\\\/\\\/www.laguiadepamplona.com\\\/actualidad\\\/declaraciones-aprobadas-en-la-comision-de-urbanismo-celebrada-el-miercoles-24-de-noviembre-de-2021\\\/\"]}]},{\"@type\":\"ImageObject\",\"inLanguage\":\"es\",\"@id\":\"https:\\\/\\\/www.laguiadepamplona.com\\\/actualidad\\\/declaraciones-aprobadas-en-la-comision-de-urbanismo-celebrada-el-miercoles-24-de-noviembre-de-2021\\\/#primaryimage\",\"url\":\"https:\\\/\\\/www.laguiadepamplona.com\\\/actualidad\\\/wp-content\\\/uploads\\\/2021\\\/08\\\/ayuntamiento-pamplona2.jpg\",\"contentUrl\":\"https:\\\/\\\/www.laguiadepamplona.com\\\/actualidad\\\/wp-content\\\/uploads\\\/2021\\\/08\\\/ayuntamiento-pamplona2.jpg\",\"width\":1920,\"height\":1080,\"caption\":\"ayuntamiento pamplona\"},{\"@type\":\"BreadcrumbList\",\"@id\":\"https:\\\/\\\/www.laguiadepamplona.com\\\/actualidad\\\/declaraciones-aprobadas-en-la-comision-de-urbanismo-celebrada-el-miercoles-24-de-noviembre-de-2021\\\/#breadcrumb\",\"itemListElement\":[{\"@type\":\"ListItem\",\"position\":1,\"name\":\"Portada\",\"item\":\"https:\\\/\\\/www.laguiadepamplona.com\\\/actualidad\\\/\"},{\"@type\":\"ListItem\",\"position\":2,\"name\":\"Declaraciones aprobadas en la Comisi\u00f3n de Urbanismo celebrada el mi\u00e9rcoles 24 de noviembre de 2021\"}]},{\"@type\":\"WebSite\",\"@id\":\"https:\\\/\\\/www.laguiadepamplona.com\\\/actualidad\\\/#website\",\"url\":\"https:\\\/\\\/www.laguiadepamplona.com\\\/actualidad\\\/\",\"name\":\"La gu\u00eda de Pamplona\",\"description\":\"Noticias de Pamplona\",\"publisher\":{\"@id\":\"https:\\\/\\\/www.laguiadepamplona.com\\\/actualidad\\\/#organization\"},\"potentialAction\":[{\"@type\":\"SearchAction\",\"target\":{\"@type\":\"EntryPoint\",\"urlTemplate\":\"https:\\\/\\\/www.laguiadepamplona.com\\\/actualidad\\\/?s={search_term_string}\"},\"query-input\":{\"@type\":\"PropertyValueSpecification\",\"valueRequired\":true,\"valueName\":\"search_term_string\"}}],\"inLanguage\":\"es\"},{\"@type\":\"Organization\",\"@id\":\"https:\\\/\\\/www.laguiadepamplona.com\\\/actualidad\\\/#organization\",\"name\":\"La Gu\u00eda de Pamplona \\\/ Noticias\",\"url\":\"https:\\\/\\\/www.laguiadepamplona.com\\\/actualidad\\\/\",\"logo\":{\"@type\":\"ImageObject\",\"inLanguage\":\"es\",\"@id\":\"https:\\\/\\\/www.laguiadepamplona.com\\\/actualidad\\\/#\\\/schema\\\/logo\\\/image\\\/\",\"url\":\"https:\\\/\\\/www.laguiadepamplona.com\\\/actualidad\\\/wp-content\\\/uploads\\\/2018\\\/11\\\/logo-laguiadepamplona18-web1.png\",\"contentUrl\":\"https:\\\/\\\/www.laguiadepamplona.com\\\/actualidad\\\/wp-content\\\/uploads\\\/2018\\\/11\\\/logo-laguiadepamplona18-web1.png\",\"width\":600,\"height\":196,\"caption\":\"La Gu\u00eda de Pamplona \\\/ Noticias\"},\"image\":{\"@id\":\"https:\\\/\\\/www.laguiadepamplona.com\\\/actualidad\\\/#\\\/schema\\\/logo\\\/image\\\/\"},\"sameAs\":[\"https:\\\/\\\/www.facebook.com\\\/laguiadepamplonacom-133175176762273\\\/?ref=hl\",\"https:\\\/\\\/x.com\\\/LaGuiadPamplona\",\"https:\\\/\\\/www.instagram.com\\\/la_guia_de_pamplona\\\/\",\"https:\\\/\\\/www.youtube.com\\\/user\\\/laguiadepamplona\"]},{\"@type\":\"Person\",\"@id\":\"https:\\\/\\\/www.laguiadepamplona.com\\\/actualidad\\\/#\\\/schema\\\/person\\\/efe887376f0213d4657c93adc50b1fdb\",\"name\":\"La Gu\u00eda de Pamplona\",\"image\":{\"@type\":\"ImageObject\",\"inLanguage\":\"es\",\"@id\":\"https:\\\/\\\/secure.gravatar.com\\\/avatar\\\/b6992f131dc8d30ab0dff15446e9d346d9dbd95992de0fef795073f5ea83a81c?s=96&d=mm&r=g\",\"url\":\"https:\\\/\\\/secure.gravatar.com\\\/avatar\\\/b6992f131dc8d30ab0dff15446e9d346d9dbd95992de0fef795073f5ea83a81c?s=96&d=mm&r=g\",\"contentUrl\":\"https:\\\/\\\/secure.gravatar.com\\\/avatar\\\/b6992f131dc8d30ab0dff15446e9d346d9dbd95992de0fef795073f5ea83a81c?s=96&d=mm&r=g\",\"caption\":\"La Gu\u00eda de Pamplona\"}}]}<\/script>\n<!-- \/ Yoast SEO plugin. -->","yoast_head_json":{"title":"Declaraciones aprobadas en la Comisi\u00f3n de Urbanismo celebrada el mi\u00e9rcoles 24 de noviembre de 2021","robots":{"index":"index","follow":"follow","max-snippet":"max-snippet:-1","max-image-preview":"max-image-preview:large","max-video-preview":"max-video-preview:-1"},"canonical":"https:\/\/www.laguiadepamplona.com\/actualidad\/declaraciones-aprobadas-en-la-comision-de-urbanismo-celebrada-el-miercoles-24-de-noviembre-de-2021\/","og_locale":"es_ES","og_type":"article","og_title":"Declaraciones aprobadas en la Comisi\u00f3n de Urbanismo celebrada el mi\u00e9rcoles 24 de noviembre de 2021","og_url":"https:\/\/www.laguiadepamplona.com\/actualidad\/declaraciones-aprobadas-en-la-comision-de-urbanismo-celebrada-el-miercoles-24-de-noviembre-de-2021\/","og_site_name":"La Gu\u00eda de Pamplona","article_publisher":"https:\/\/www.facebook.com\/laguiadepamplonacom-133175176762273\/?ref=hl","article_published_time":"2021-11-24T15:31:59+00:00","article_modified_time":"2023-04-11T09:48:44+00:00","og_image":[{"width":1920,"height":1080,"url":"https:\/\/www.laguiadepamplona.com\/actualidad\/wp-content\/uploads\/2021\/08\/ayuntamiento-pamplona2.jpg","type":"image\/jpeg"}],"author":"La Gu\u00eda de Pamplona","twitter_card":"summary_large_image","twitter_creator":"@LaGuiadPamplona","twitter_site":"@LaGuiadPamplona","twitter_misc":{"Escrito por":"La Gu\u00eda de Pamplona","Tiempo de lectura":"2 minutos"},"schema":{"@context":"https:\/\/schema.org","@graph":[{"@type":"Article","@id":"https:\/\/www.laguiadepamplona.com\/actualidad\/declaraciones-aprobadas-en-la-comision-de-urbanismo-celebrada-el-miercoles-24-de-noviembre-de-2021\/#article","isPartOf":{"@id":"https:\/\/www.laguiadepamplona.com\/actualidad\/declaraciones-aprobadas-en-la-comision-de-urbanismo-celebrada-el-miercoles-24-de-noviembre-de-2021\/"},"author":{"name":"La Gu\u00eda de Pamplona","@id":"https:\/\/www.laguiadepamplona.com\/actualidad\/#\/schema\/person\/efe887376f0213d4657c93adc50b1fdb"},"headline":"Declaraciones aprobadas en la Comisi\u00f3n de Urbanismo celebrada el mi\u00e9rcoles 24 de noviembre de 2021","datePublished":"2021-11-24T15:31:59+00:00","dateModified":"2023-04-11T09:48:44+00:00","mainEntityOfPage":{"@id":"https:\/\/www.laguiadepamplona.com\/actualidad\/declaraciones-aprobadas-en-la-comision-de-urbanismo-celebrada-el-miercoles-24-de-noviembre-de-2021\/"},"wordCount":473,"commentCount":0,"publisher":{"@id":"https:\/\/www.laguiadepamplona.com\/actualidad\/#organization"},"image":{"@id":"https:\/\/www.laguiadepamplona.com\/actualidad\/declaraciones-aprobadas-en-la-comision-de-urbanismo-celebrada-el-miercoles-24-de-noviembre-de-2021\/#primaryimage"},"thumbnailUrl":"https:\/\/www.laguiadepamplona.com\/actualidad\/wp-content\/uploads\/2021\/08\/ayuntamiento-pamplona2.jpg","articleSection":["Ayto Pamplona"],"inLanguage":"es","potentialAction":[{"@type":"CommentAction","name":"Comment","target":["https:\/\/www.laguiadepamplona.com\/actualidad\/declaraciones-aprobadas-en-la-comision-de-urbanismo-celebrada-el-miercoles-24-de-noviembre-de-2021\/#respond"]}]},{"@type":"WebPage","@id":"https:\/\/www.laguiadepamplona.com\/actualidad\/declaraciones-aprobadas-en-la-comision-de-urbanismo-celebrada-el-miercoles-24-de-noviembre-de-2021\/","url":"https:\/\/www.laguiadepamplona.com\/actualidad\/declaraciones-aprobadas-en-la-comision-de-urbanismo-celebrada-el-miercoles-24-de-noviembre-de-2021\/","name":"Declaraciones aprobadas en la Comisi\u00f3n de Urbanismo celebrada el mi\u00e9rcoles 24 de noviembre de 2021","isPartOf":{"@id":"https:\/\/www.laguiadepamplona.com\/actualidad\/#website"},"primaryImageOfPage":{"@id":"https:\/\/www.laguiadepamplona.com\/actualidad\/declaraciones-aprobadas-en-la-comision-de-urbanismo-celebrada-el-miercoles-24-de-noviembre-de-2021\/#primaryimage"},"image":{"@id":"https:\/\/www.laguiadepamplona.com\/actualidad\/declaraciones-aprobadas-en-la-comision-de-urbanismo-celebrada-el-miercoles-24-de-noviembre-de-2021\/#primaryimage"},"thumbnailUrl":"https:\/\/www.laguiadepamplona.com\/actualidad\/wp-content\/uploads\/2021\/08\/ayuntamiento-pamplona2.jpg","datePublished":"2021-11-24T15:31:59+00:00","dateModified":"2023-04-11T09:48:44+00:00","breadcrumb":{"@id":"https:\/\/www.laguiadepamplona.com\/actualidad\/declaraciones-aprobadas-en-la-comision-de-urbanismo-celebrada-el-miercoles-24-de-noviembre-de-2021\/#breadcrumb"},"inLanguage":"es","potentialAction":[{"@type":"ReadAction","target":["https:\/\/www.laguiadepamplona.com\/actualidad\/declaraciones-aprobadas-en-la-comision-de-urbanismo-celebrada-el-miercoles-24-de-noviembre-de-2021\/"]}]},{"@type":"ImageObject","inLanguage":"es","@id":"https:\/\/www.laguiadepamplona.com\/actualidad\/declaraciones-aprobadas-en-la-comision-de-urbanismo-celebrada-el-miercoles-24-de-noviembre-de-2021\/#primaryimage","url":"https:\/\/www.laguiadepamplona.com\/actualidad\/wp-content\/uploads\/2021\/08\/ayuntamiento-pamplona2.jpg","contentUrl":"https:\/\/www.laguiadepamplona.com\/actualidad\/wp-content\/uploads\/2021\/08\/ayuntamiento-pamplona2.jpg","width":1920,"height":1080,"caption":"ayuntamiento pamplona"},{"@type":"BreadcrumbList","@id":"https:\/\/www.laguiadepamplona.com\/actualidad\/declaraciones-aprobadas-en-la-comision-de-urbanismo-celebrada-el-miercoles-24-de-noviembre-de-2021\/#breadcrumb","itemListElement":[{"@type":"ListItem","position":1,"name":"Portada","item":"https:\/\/www.laguiadepamplona.com\/actualidad\/"},{"@type":"ListItem","position":2,"name":"Declaraciones aprobadas en la Comisi\u00f3n de Urbanismo celebrada el mi\u00e9rcoles 24 de noviembre de 2021"}]},{"@type":"WebSite","@id":"https:\/\/www.laguiadepamplona.com\/actualidad\/#website","url":"https:\/\/www.laguiadepamplona.com\/actualidad\/","name":"La gu\u00eda de Pamplona","description":"Noticias de Pamplona","publisher":{"@id":"https:\/\/www.laguiadepamplona.com\/actualidad\/#organization"},"potentialAction":[{"@type":"SearchAction","target":{"@type":"EntryPoint","urlTemplate":"https:\/\/www.laguiadepamplona.com\/actualidad\/?s={search_term_string}"},"query-input":{"@type":"PropertyValueSpecification","valueRequired":true,"valueName":"search_term_string"}}],"inLanguage":"es"},{"@type":"Organization","@id":"https:\/\/www.laguiadepamplona.com\/actualidad\/#organization","name":"La Gu\u00eda de Pamplona \/ Noticias","url":"https:\/\/www.laguiadepamplona.com\/actualidad\/","logo":{"@type":"ImageObject","inLanguage":"es","@id":"https:\/\/www.laguiadepamplona.com\/actualidad\/#\/schema\/logo\/image\/","url":"https:\/\/www.laguiadepamplona.com\/actualidad\/wp-content\/uploads\/2018\/11\/logo-laguiadepamplona18-web1.png","contentUrl":"https:\/\/www.laguiadepamplona.com\/actualidad\/wp-content\/uploads\/2018\/11\/logo-laguiadepamplona18-web1.png","width":600,"height":196,"caption":"La Gu\u00eda de Pamplona \/ Noticias"},"image":{"@id":"https:\/\/www.laguiadepamplona.com\/actualidad\/#\/schema\/logo\/image\/"},"sameAs":["https:\/\/www.facebook.com\/laguiadepamplonacom-133175176762273\/?ref=hl","https:\/\/x.com\/LaGuiadPamplona","https:\/\/www.instagram.com\/la_guia_de_pamplona\/","https:\/\/www.youtube.com\/user\/laguiadepamplona"]},{"@type":"Person","@id":"https:\/\/www.laguiadepamplona.com\/actualidad\/#\/schema\/person\/efe887376f0213d4657c93adc50b1fdb","name":"La Gu\u00eda de Pamplona","image":{"@type":"ImageObject","inLanguage":"es","@id":"https:\/\/secure.gravatar.com\/avatar\/b6992f131dc8d30ab0dff15446e9d346d9dbd95992de0fef795073f5ea83a81c?s=96&d=mm&r=g","url":"https:\/\/secure.gravatar.com\/avatar\/b6992f131dc8d30ab0dff15446e9d346d9dbd95992de0fef795073f5ea83a81c?s=96&d=mm&r=g","contentUrl":"https:\/\/secure.gravatar.com\/avatar\/b6992f131dc8d30ab0dff15446e9d346d9dbd95992de0fef795073f5ea83a81c?s=96&d=mm&r=g","caption":"La Gu\u00eda de Pamplona"}}]}},"post_mailing_queue_ids":[],"_links":{"self":[{"href":"https:\/\/www.laguiadepamplona.com\/actualidad\/wp-json\/wp\/v2\/posts\/37734","targetHints":{"allow":["GET"]}}],"collection":[{"href":"https:\/\/www.laguiadepamplona.com\/actualidad\/wp-json\/wp\/v2\/posts"}],"about":[{"href":"https:\/\/www.laguiadepamplona.com\/actualidad\/wp-json\/wp\/v2\/types\/post"}],"author":[{"embeddable":true,"href":"https:\/\/www.laguiadepamplona.com\/actualidad\/wp-json\/wp\/v2\/users\/1"}],"replies":[{"embeddable":true,"href":"https:\/\/www.laguiadepamplona.com\/actualidad\/wp-json\/wp\/v2\/comments?post=37734"}],"version-history":[{"count":0,"href":"https:\/\/www.laguiadepamplona.com\/actualidad\/wp-json\/wp\/v2\/posts\/37734\/revisions"}],"wp:featuredmedia":[{"embeddable":true,"href":"https:\/\/www.laguiadepamplona.com\/actualidad\/wp-json\/wp\/v2\/media\/36074"}],"wp:attachment":[{"href":"https:\/\/www.laguiadepamplona.com\/actualidad\/wp-json\/wp\/v2\/media?parent=37734"}],"wp:term":[{"taxonomy":"category","embeddable":true,"href":"https:\/\/www.laguiadepamplona.com\/actualidad\/wp-json\/wp\/v2\/categories?post=37734"},{"taxonomy":"post_tag","embeddable":true,"href":"https:\/\/www.laguiadepamplona.com\/actualidad\/wp-json\/wp\/v2\/tags?post=37734"}],"curies":[{"name":"wp","href":"https:\/\/api.w.org\/{rel}","templated":true}]}}