{"id":37732,"date":"2021-11-24T17:30:52","date_gmt":"2021-11-24T15:30:52","guid":{"rendered":"https:\/\/www.laguiadepamplona.com\/actualidad\/?p=37732"},"modified":"2023-04-11T11:48:44","modified_gmt":"2023-04-11T09:48:44","slug":"manana-el-vecindario-y-las-asociaciones-de-san-jorge-tienen-una-cita-en-el-foro-de-barrio-convocado-en-las-instalaciones-del-colegio-publico","status":"publish","type":"post","link":"https:\/\/www.laguiadepamplona.com\/actualidad\/manana-el-vecindario-y-las-asociaciones-de-san-jorge-tienen-una-cita-en-el-foro-de-barrio-convocado-en-las-instalaciones-del-colegio-publico\/","title":{"rendered":"Ma\u00f1ana el vecindario y las asociaciones de San Jorge tienen una cita en el foro de barrio convocado en las instalaciones del colegio p\u00fablico"},"content":{"rendered":"<p><!--more--><\/p>\n<p>Este jueves, 25 de noviembre, el Ayuntamiento de Pamplona ha organizado un nuevo foro de barrio, en esta ocasi\u00f3n en San Jorge. Tendr\u00e1 lugar a las 18.30 horas en el gimnasio del C.P. San Jorge. De nuevo el sistema de participaci\u00f3n ser\u00e1 mixto, ya que la sesi\u00f3n podr\u00e1 seguirse presencialmente o en directo trav\u00e9s de la p\u00e1gina web de erabaki.pamplona y del enlace <a href=\"https:\/\/youtu.be\/ttqX9Lru3Rw\" target=\"_blank\" rel=\"noopener\">https:\/\/youtu.be\/ttqX9Lru3Rw<\/a>.<br \/>\n<script async src=\"\/\/pagead2.googlesyndication.com\/pagead\/js\/adsbygoogle.js\"><\/script><br \/>\n<!-- Noticias La Guia de Pamplona --><br \/>\n<ins class=\"adsbygoogle\"\nstyle=\"display:block\"\ndata-ad-client=\"ca-pub-6943679897239327\"\ndata-ad-slot=\"7048180777\"\ndata-ad-format=\"auto\"><\/ins><br \/>\n<script>\n(adsbygoogle = window.adsbygoogle || []).push({});\n<\/script><\/p>\n<p>En la reuni\u00f3n estar\u00e1n presentes el alcalde de Pamplona, Enrique Maya y el concejal de barrio, Javier Labairu, adem\u00e1s de personal t\u00e9cnico municipal. La asistencia presencial de la ciudadan\u00eda interesada ser\u00e1 libre hasta completar el aforo de la sala. El contenido de este foro, al igual que el resto, ser\u00e1 traducido de forma simult\u00e1nea al lenguaje de signos, gracias a la asociaci\u00f3n Eunate. Las personas asistentes podr\u00e1n intervenir y realizar aportaciones en directo, que se sumar\u00e1n a las propuestas y preguntas que el Consistorio ha recibido previamente a trav\u00e9s de la web y del correo electr\u00f3nico.<\/p>\n<p>Los foros de barrio organizados por el Ayuntamiento de Pamplona son espacios de di\u00e1logo para que la ciudadan\u00eda formule sus propuestas, consulte, aporte y reciba informaci\u00f3n cercana relativa a su entorno m\u00e1s cercano. El alcalde Enrique Maya y el concejal del barrio en el que se celebre el foro son los encargados de responder de manera directa a los ciudadanos en una cita que extiende durante una hora y media.<\/p>\n","protected":false},"excerpt":{"rendered":"","protected":false},"author":1,"featured_media":37202,"comment_status":"open","ping_status":"closed","sticky":false,"template":"","format":"standard","meta":{"footnotes":""},"categories":[2],"tags":[],"class_list":["post-37732","post","type-post","status-publish","format-standard","has-post-thumbnail","hentry","category-ayuntamiento-pamplona"],"yoast_head":"<!-- This site is optimized with the Yoast SEO plugin v27.5 - https:\/\/yoast.com\/product\/yoast-seo-wordpress\/ -->\n<title>Ma\u00f1ana el vecindario y las asociaciones de San Jorge tienen una cita en el foro de barrio convocado en las instalaciones del colegio p\u00fablico<\/title>\n<meta name=\"description\" content=\"Tendr\u00e1 lugar a las 18.30 horas en el gimnasio del C.P. San Jorge.\" \/>\n<meta name=\"robots\" content=\"index, follow, max-snippet:-1, max-image-preview:large, max-video-preview:-1\" \/>\n<link rel=\"canonical\" href=\"https:\/\/www.laguiadepamplona.com\/actualidad\/manana-el-vecindario-y-las-asociaciones-de-san-jorge-tienen-una-cita-en-el-foro-de-barrio-convocado-en-las-instalaciones-del-colegio-publico\/\" \/>\n<meta property=\"og:locale\" content=\"es_ES\" \/>\n<meta property=\"og:type\" content=\"article\" \/>\n<meta property=\"og:title\" content=\"Ma\u00f1ana el vecindario y las asociaciones de San Jorge tienen una cita en el foro de barrio convocado en las instalaciones del colegio p\u00fablico\" \/>\n<meta property=\"og:description\" content=\"Tendr\u00e1 lugar a las 18.30 horas en el gimnasio del C.P. San Jorge.\" \/>\n<meta property=\"og:url\" content=\"https:\/\/www.laguiadepamplona.com\/actualidad\/manana-el-vecindario-y-las-asociaciones-de-san-jorge-tienen-una-cita-en-el-foro-de-barrio-convocado-en-las-instalaciones-del-colegio-publico\/\" \/>\n<meta property=\"og:site_name\" content=\"La Gu\u00eda de Pamplona\" \/>\n<meta property=\"article:publisher\" content=\"https:\/\/www.facebook.com\/laguiadepamplonacom-133175176762273\/?ref=hl\" \/>\n<meta property=\"article:published_time\" content=\"2021-11-24T15:30:52+00:00\" \/>\n<meta property=\"article:modified_time\" content=\"2023-04-11T09:48:44+00:00\" \/>\n<meta property=\"og:image\" content=\"https:\/\/www.laguiadepamplona.com\/actualidad\/wp-content\/uploads\/2021\/10\/FORO-DE-BARRIO-CARTEL-A3-MENDILLORRI-CAST-1.jpg\" \/>\n\t<meta property=\"og:image:width\" content=\"1169\" \/>\n\t<meta property=\"og:image:height\" content=\"677\" \/>\n\t<meta property=\"og:image:type\" content=\"image\/jpeg\" \/>\n<meta name=\"author\" content=\"La Gu\u00eda de Pamplona\" \/>\n<meta name=\"twitter:card\" content=\"summary_large_image\" \/>\n<meta name=\"twitter:creator\" content=\"@LaGuiadPamplona\" \/>\n<meta name=\"twitter:site\" content=\"@LaGuiadPamplona\" \/>\n<meta name=\"twitter:label1\" content=\"Escrito por\" \/>\n\t<meta name=\"twitter:data1\" content=\"La Gu\u00eda de Pamplona\" \/>\n\t<meta name=\"twitter:label2\" content=\"Tiempo de lectura\" \/>\n\t<meta name=\"twitter:data2\" content=\"2 minutos\" \/>\n<script type=\"application\/ld+json\" class=\"yoast-schema-graph\">{\"@context\":\"https:\\\/\\\/schema.org\",\"@graph\":[{\"@type\":\"Article\",\"@id\":\"https:\\\/\\\/www.laguiadepamplona.com\\\/actualidad\\\/manana-el-vecindario-y-las-asociaciones-de-san-jorge-tienen-una-cita-en-el-foro-de-barrio-convocado-en-las-instalaciones-del-colegio-publico\\\/#article\",\"isPartOf\":{\"@id\":\"https:\\\/\\\/www.laguiadepamplona.com\\\/actualidad\\\/manana-el-vecindario-y-las-asociaciones-de-san-jorge-tienen-una-cita-en-el-foro-de-barrio-convocado-en-las-instalaciones-del-colegio-publico\\\/\"},\"author\":{\"name\":\"La Gu\u00eda de Pamplona\",\"@id\":\"https:\\\/\\\/www.laguiadepamplona.com\\\/actualidad\\\/#\\\/schema\\\/person\\\/efe887376f0213d4657c93adc50b1fdb\"},\"headline\":\"Ma\u00f1ana el vecindario y las asociaciones de San Jorge tienen una cita en el foro de barrio convocado en las instalaciones del colegio p\u00fablico\",\"datePublished\":\"2021-11-24T15:30:52+00:00\",\"dateModified\":\"2023-04-11T09:48:44+00:00\",\"mainEntityOfPage\":{\"@id\":\"https:\\\/\\\/www.laguiadepamplona.com\\\/actualidad\\\/manana-el-vecindario-y-las-asociaciones-de-san-jorge-tienen-una-cita-en-el-foro-de-barrio-convocado-en-las-instalaciones-del-colegio-publico\\\/\"},\"wordCount\":281,\"commentCount\":0,\"publisher\":{\"@id\":\"https:\\\/\\\/www.laguiadepamplona.com\\\/actualidad\\\/#organization\"},\"image\":{\"@id\":\"https:\\\/\\\/www.laguiadepamplona.com\\\/actualidad\\\/manana-el-vecindario-y-las-asociaciones-de-san-jorge-tienen-una-cita-en-el-foro-de-barrio-convocado-en-las-instalaciones-del-colegio-publico\\\/#primaryimage\"},\"thumbnailUrl\":\"https:\\\/\\\/www.laguiadepamplona.com\\\/actualidad\\\/wp-content\\\/uploads\\\/2021\\\/10\\\/FORO-DE-BARRIO-CARTEL-A3-MENDILLORRI-CAST-1.jpg\",\"articleSection\":[\"Ayto Pamplona\"],\"inLanguage\":\"es\",\"potentialAction\":[{\"@type\":\"CommentAction\",\"name\":\"Comment\",\"target\":[\"https:\\\/\\\/www.laguiadepamplona.com\\\/actualidad\\\/manana-el-vecindario-y-las-asociaciones-de-san-jorge-tienen-una-cita-en-el-foro-de-barrio-convocado-en-las-instalaciones-del-colegio-publico\\\/#respond\"]}]},{\"@type\":\"WebPage\",\"@id\":\"https:\\\/\\\/www.laguiadepamplona.com\\\/actualidad\\\/manana-el-vecindario-y-las-asociaciones-de-san-jorge-tienen-una-cita-en-el-foro-de-barrio-convocado-en-las-instalaciones-del-colegio-publico\\\/\",\"url\":\"https:\\\/\\\/www.laguiadepamplona.com\\\/actualidad\\\/manana-el-vecindario-y-las-asociaciones-de-san-jorge-tienen-una-cita-en-el-foro-de-barrio-convocado-en-las-instalaciones-del-colegio-publico\\\/\",\"name\":\"Ma\u00f1ana el vecindario y las asociaciones de San Jorge tienen una cita en el foro de barrio convocado en las instalaciones del colegio p\u00fablico\",\"isPartOf\":{\"@id\":\"https:\\\/\\\/www.laguiadepamplona.com\\\/actualidad\\\/#website\"},\"primaryImageOfPage\":{\"@id\":\"https:\\\/\\\/www.laguiadepamplona.com\\\/actualidad\\\/manana-el-vecindario-y-las-asociaciones-de-san-jorge-tienen-una-cita-en-el-foro-de-barrio-convocado-en-las-instalaciones-del-colegio-publico\\\/#primaryimage\"},\"image\":{\"@id\":\"https:\\\/\\\/www.laguiadepamplona.com\\\/actualidad\\\/manana-el-vecindario-y-las-asociaciones-de-san-jorge-tienen-una-cita-en-el-foro-de-barrio-convocado-en-las-instalaciones-del-colegio-publico\\\/#primaryimage\"},\"thumbnailUrl\":\"https:\\\/\\\/www.laguiadepamplona.com\\\/actualidad\\\/wp-content\\\/uploads\\\/2021\\\/10\\\/FORO-DE-BARRIO-CARTEL-A3-MENDILLORRI-CAST-1.jpg\",\"datePublished\":\"2021-11-24T15:30:52+00:00\",\"dateModified\":\"2023-04-11T09:48:44+00:00\",\"description\":\"Tendr\u00e1 lugar a las 18.30 horas en el gimnasio del C.P. San Jorge.\",\"breadcrumb\":{\"@id\":\"https:\\\/\\\/www.laguiadepamplona.com\\\/actualidad\\\/manana-el-vecindario-y-las-asociaciones-de-san-jorge-tienen-una-cita-en-el-foro-de-barrio-convocado-en-las-instalaciones-del-colegio-publico\\\/#breadcrumb\"},\"inLanguage\":\"es\",\"potentialAction\":[{\"@type\":\"ReadAction\",\"target\":[\"https:\\\/\\\/www.laguiadepamplona.com\\\/actualidad\\\/manana-el-vecindario-y-las-asociaciones-de-san-jorge-tienen-una-cita-en-el-foro-de-barrio-convocado-en-las-instalaciones-del-colegio-publico\\\/\"]}]},{\"@type\":\"ImageObject\",\"inLanguage\":\"es\",\"@id\":\"https:\\\/\\\/www.laguiadepamplona.com\\\/actualidad\\\/manana-el-vecindario-y-las-asociaciones-de-san-jorge-tienen-una-cita-en-el-foro-de-barrio-convocado-en-las-instalaciones-del-colegio-publico\\\/#primaryimage\",\"url\":\"https:\\\/\\\/www.laguiadepamplona.com\\\/actualidad\\\/wp-content\\\/uploads\\\/2021\\\/10\\\/FORO-DE-BARRIO-CARTEL-A3-MENDILLORRI-CAST-1.jpg\",\"contentUrl\":\"https:\\\/\\\/www.laguiadepamplona.com\\\/actualidad\\\/wp-content\\\/uploads\\\/2021\\\/10\\\/FORO-DE-BARRIO-CARTEL-A3-MENDILLORRI-CAST-1.jpg\",\"width\":1169,\"height\":677},{\"@type\":\"BreadcrumbList\",\"@id\":\"https:\\\/\\\/www.laguiadepamplona.com\\\/actualidad\\\/manana-el-vecindario-y-las-asociaciones-de-san-jorge-tienen-una-cita-en-el-foro-de-barrio-convocado-en-las-instalaciones-del-colegio-publico\\\/#breadcrumb\",\"itemListElement\":[{\"@type\":\"ListItem\",\"position\":1,\"name\":\"Portada\",\"item\":\"https:\\\/\\\/www.laguiadepamplona.com\\\/actualidad\\\/\"},{\"@type\":\"ListItem\",\"position\":2,\"name\":\"Ma\u00f1ana el vecindario y las asociaciones de San Jorge tienen una cita en el foro de barrio convocado en las instalaciones del colegio p\u00fablico\"}]},{\"@type\":\"WebSite\",\"@id\":\"https:\\\/\\\/www.laguiadepamplona.com\\\/actualidad\\\/#website\",\"url\":\"https:\\\/\\\/www.laguiadepamplona.com\\\/actualidad\\\/\",\"name\":\"La gu\u00eda de Pamplona\",\"description\":\"Noticias de Pamplona\",\"publisher\":{\"@id\":\"https:\\\/\\\/www.laguiadepamplona.com\\\/actualidad\\\/#organization\"},\"potentialAction\":[{\"@type\":\"SearchAction\",\"target\":{\"@type\":\"EntryPoint\",\"urlTemplate\":\"https:\\\/\\\/www.laguiadepamplona.com\\\/actualidad\\\/?s={search_term_string}\"},\"query-input\":{\"@type\":\"PropertyValueSpecification\",\"valueRequired\":true,\"valueName\":\"search_term_string\"}}],\"inLanguage\":\"es\"},{\"@type\":\"Organization\",\"@id\":\"https:\\\/\\\/www.laguiadepamplona.com\\\/actualidad\\\/#organization\",\"name\":\"La Gu\u00eda de Pamplona \\\/ Noticias\",\"url\":\"https:\\\/\\\/www.laguiadepamplona.com\\\/actualidad\\\/\",\"logo\":{\"@type\":\"ImageObject\",\"inLanguage\":\"es\",\"@id\":\"https:\\\/\\\/www.laguiadepamplona.com\\\/actualidad\\\/#\\\/schema\\\/logo\\\/image\\\/\",\"url\":\"https:\\\/\\\/www.laguiadepamplona.com\\\/actualidad\\\/wp-content\\\/uploads\\\/2018\\\/11\\\/logo-laguiadepamplona18-web1.png\",\"contentUrl\":\"https:\\\/\\\/www.laguiadepamplona.com\\\/actualidad\\\/wp-content\\\/uploads\\\/2018\\\/11\\\/logo-laguiadepamplona18-web1.png\",\"width\":600,\"height\":196,\"caption\":\"La Gu\u00eda de Pamplona \\\/ Noticias\"},\"image\":{\"@id\":\"https:\\\/\\\/www.laguiadepamplona.com\\\/actualidad\\\/#\\\/schema\\\/logo\\\/image\\\/\"},\"sameAs\":[\"https:\\\/\\\/www.facebook.com\\\/laguiadepamplonacom-133175176762273\\\/?ref=hl\",\"https:\\\/\\\/x.com\\\/LaGuiadPamplona\",\"https:\\\/\\\/www.instagram.com\\\/la_guia_de_pamplona\\\/\",\"https:\\\/\\\/www.youtube.com\\\/user\\\/laguiadepamplona\"]},{\"@type\":\"Person\",\"@id\":\"https:\\\/\\\/www.laguiadepamplona.com\\\/actualidad\\\/#\\\/schema\\\/person\\\/efe887376f0213d4657c93adc50b1fdb\",\"name\":\"La Gu\u00eda de Pamplona\",\"image\":{\"@type\":\"ImageObject\",\"inLanguage\":\"es\",\"@id\":\"https:\\\/\\\/secure.gravatar.com\\\/avatar\\\/b6992f131dc8d30ab0dff15446e9d346d9dbd95992de0fef795073f5ea83a81c?s=96&d=mm&r=g\",\"url\":\"https:\\\/\\\/secure.gravatar.com\\\/avatar\\\/b6992f131dc8d30ab0dff15446e9d346d9dbd95992de0fef795073f5ea83a81c?s=96&d=mm&r=g\",\"contentUrl\":\"https:\\\/\\\/secure.gravatar.com\\\/avatar\\\/b6992f131dc8d30ab0dff15446e9d346d9dbd95992de0fef795073f5ea83a81c?s=96&d=mm&r=g\",\"caption\":\"La Gu\u00eda de Pamplona\"}}]}<\/script>\n<!-- \/ Yoast SEO plugin. -->","yoast_head_json":{"title":"Ma\u00f1ana el vecindario y las asociaciones de San Jorge tienen una cita en el foro de barrio convocado en las instalaciones del colegio p\u00fablico","description":"Tendr\u00e1 lugar a las 18.30 horas en el gimnasio del C.P. San Jorge.","robots":{"index":"index","follow":"follow","max-snippet":"max-snippet:-1","max-image-preview":"max-image-preview:large","max-video-preview":"max-video-preview:-1"},"canonical":"https:\/\/www.laguiadepamplona.com\/actualidad\/manana-el-vecindario-y-las-asociaciones-de-san-jorge-tienen-una-cita-en-el-foro-de-barrio-convocado-en-las-instalaciones-del-colegio-publico\/","og_locale":"es_ES","og_type":"article","og_title":"Ma\u00f1ana el vecindario y las asociaciones de San Jorge tienen una cita en el foro de barrio convocado en las instalaciones del colegio p\u00fablico","og_description":"Tendr\u00e1 lugar a las 18.30 horas en el gimnasio del C.P. San Jorge.","og_url":"https:\/\/www.laguiadepamplona.com\/actualidad\/manana-el-vecindario-y-las-asociaciones-de-san-jorge-tienen-una-cita-en-el-foro-de-barrio-convocado-en-las-instalaciones-del-colegio-publico\/","og_site_name":"La Gu\u00eda de Pamplona","article_publisher":"https:\/\/www.facebook.com\/laguiadepamplonacom-133175176762273\/?ref=hl","article_published_time":"2021-11-24T15:30:52+00:00","article_modified_time":"2023-04-11T09:48:44+00:00","og_image":[{"width":1169,"height":677,"url":"https:\/\/www.laguiadepamplona.com\/actualidad\/wp-content\/uploads\/2021\/10\/FORO-DE-BARRIO-CARTEL-A3-MENDILLORRI-CAST-1.jpg","type":"image\/jpeg"}],"author":"La Gu\u00eda de Pamplona","twitter_card":"summary_large_image","twitter_creator":"@LaGuiadPamplona","twitter_site":"@LaGuiadPamplona","twitter_misc":{"Escrito por":"La Gu\u00eda de Pamplona","Tiempo de lectura":"2 minutos"},"schema":{"@context":"https:\/\/schema.org","@graph":[{"@type":"Article","@id":"https:\/\/www.laguiadepamplona.com\/actualidad\/manana-el-vecindario-y-las-asociaciones-de-san-jorge-tienen-una-cita-en-el-foro-de-barrio-convocado-en-las-instalaciones-del-colegio-publico\/#article","isPartOf":{"@id":"https:\/\/www.laguiadepamplona.com\/actualidad\/manana-el-vecindario-y-las-asociaciones-de-san-jorge-tienen-una-cita-en-el-foro-de-barrio-convocado-en-las-instalaciones-del-colegio-publico\/"},"author":{"name":"La Gu\u00eda de Pamplona","@id":"https:\/\/www.laguiadepamplona.com\/actualidad\/#\/schema\/person\/efe887376f0213d4657c93adc50b1fdb"},"headline":"Ma\u00f1ana el vecindario y las asociaciones de San Jorge tienen una cita en el foro de barrio convocado en las instalaciones del colegio p\u00fablico","datePublished":"2021-11-24T15:30:52+00:00","dateModified":"2023-04-11T09:48:44+00:00","mainEntityOfPage":{"@id":"https:\/\/www.laguiadepamplona.com\/actualidad\/manana-el-vecindario-y-las-asociaciones-de-san-jorge-tienen-una-cita-en-el-foro-de-barrio-convocado-en-las-instalaciones-del-colegio-publico\/"},"wordCount":281,"commentCount":0,"publisher":{"@id":"https:\/\/www.laguiadepamplona.com\/actualidad\/#organization"},"image":{"@id":"https:\/\/www.laguiadepamplona.com\/actualidad\/manana-el-vecindario-y-las-asociaciones-de-san-jorge-tienen-una-cita-en-el-foro-de-barrio-convocado-en-las-instalaciones-del-colegio-publico\/#primaryimage"},"thumbnailUrl":"https:\/\/www.laguiadepamplona.com\/actualidad\/wp-content\/uploads\/2021\/10\/FORO-DE-BARRIO-CARTEL-A3-MENDILLORRI-CAST-1.jpg","articleSection":["Ayto Pamplona"],"inLanguage":"es","potentialAction":[{"@type":"CommentAction","name":"Comment","target":["https:\/\/www.laguiadepamplona.com\/actualidad\/manana-el-vecindario-y-las-asociaciones-de-san-jorge-tienen-una-cita-en-el-foro-de-barrio-convocado-en-las-instalaciones-del-colegio-publico\/#respond"]}]},{"@type":"WebPage","@id":"https:\/\/www.laguiadepamplona.com\/actualidad\/manana-el-vecindario-y-las-asociaciones-de-san-jorge-tienen-una-cita-en-el-foro-de-barrio-convocado-en-las-instalaciones-del-colegio-publico\/","url":"https:\/\/www.laguiadepamplona.com\/actualidad\/manana-el-vecindario-y-las-asociaciones-de-san-jorge-tienen-una-cita-en-el-foro-de-barrio-convocado-en-las-instalaciones-del-colegio-publico\/","name":"Ma\u00f1ana el vecindario y las asociaciones de San Jorge tienen una cita en el foro de barrio convocado en las instalaciones del colegio p\u00fablico","isPartOf":{"@id":"https:\/\/www.laguiadepamplona.com\/actualidad\/#website"},"primaryImageOfPage":{"@id":"https:\/\/www.laguiadepamplona.com\/actualidad\/manana-el-vecindario-y-las-asociaciones-de-san-jorge-tienen-una-cita-en-el-foro-de-barrio-convocado-en-las-instalaciones-del-colegio-publico\/#primaryimage"},"image":{"@id":"https:\/\/www.laguiadepamplona.com\/actualidad\/manana-el-vecindario-y-las-asociaciones-de-san-jorge-tienen-una-cita-en-el-foro-de-barrio-convocado-en-las-instalaciones-del-colegio-publico\/#primaryimage"},"thumbnailUrl":"https:\/\/www.laguiadepamplona.com\/actualidad\/wp-content\/uploads\/2021\/10\/FORO-DE-BARRIO-CARTEL-A3-MENDILLORRI-CAST-1.jpg","datePublished":"2021-11-24T15:30:52+00:00","dateModified":"2023-04-11T09:48:44+00:00","description":"Tendr\u00e1 lugar a las 18.30 horas en el gimnasio del C.P. San Jorge.","breadcrumb":{"@id":"https:\/\/www.laguiadepamplona.com\/actualidad\/manana-el-vecindario-y-las-asociaciones-de-san-jorge-tienen-una-cita-en-el-foro-de-barrio-convocado-en-las-instalaciones-del-colegio-publico\/#breadcrumb"},"inLanguage":"es","potentialAction":[{"@type":"ReadAction","target":["https:\/\/www.laguiadepamplona.com\/actualidad\/manana-el-vecindario-y-las-asociaciones-de-san-jorge-tienen-una-cita-en-el-foro-de-barrio-convocado-en-las-instalaciones-del-colegio-publico\/"]}]},{"@type":"ImageObject","inLanguage":"es","@id":"https:\/\/www.laguiadepamplona.com\/actualidad\/manana-el-vecindario-y-las-asociaciones-de-san-jorge-tienen-una-cita-en-el-foro-de-barrio-convocado-en-las-instalaciones-del-colegio-publico\/#primaryimage","url":"https:\/\/www.laguiadepamplona.com\/actualidad\/wp-content\/uploads\/2021\/10\/FORO-DE-BARRIO-CARTEL-A3-MENDILLORRI-CAST-1.jpg","contentUrl":"https:\/\/www.laguiadepamplona.com\/actualidad\/wp-content\/uploads\/2021\/10\/FORO-DE-BARRIO-CARTEL-A3-MENDILLORRI-CAST-1.jpg","width":1169,"height":677},{"@type":"BreadcrumbList","@id":"https:\/\/www.laguiadepamplona.com\/actualidad\/manana-el-vecindario-y-las-asociaciones-de-san-jorge-tienen-una-cita-en-el-foro-de-barrio-convocado-en-las-instalaciones-del-colegio-publico\/#breadcrumb","itemListElement":[{"@type":"ListItem","position":1,"name":"Portada","item":"https:\/\/www.laguiadepamplona.com\/actualidad\/"},{"@type":"ListItem","position":2,"name":"Ma\u00f1ana el vecindario y las asociaciones de San Jorge tienen una cita en el foro de barrio convocado en las instalaciones del colegio p\u00fablico"}]},{"@type":"WebSite","@id":"https:\/\/www.laguiadepamplona.com\/actualidad\/#website","url":"https:\/\/www.laguiadepamplona.com\/actualidad\/","name":"La gu\u00eda de Pamplona","description":"Noticias de Pamplona","publisher":{"@id":"https:\/\/www.laguiadepamplona.com\/actualidad\/#organization"},"potentialAction":[{"@type":"SearchAction","target":{"@type":"EntryPoint","urlTemplate":"https:\/\/www.laguiadepamplona.com\/actualidad\/?s={search_term_string}"},"query-input":{"@type":"PropertyValueSpecification","valueRequired":true,"valueName":"search_term_string"}}],"inLanguage":"es"},{"@type":"Organization","@id":"https:\/\/www.laguiadepamplona.com\/actualidad\/#organization","name":"La Gu\u00eda de Pamplona \/ Noticias","url":"https:\/\/www.laguiadepamplona.com\/actualidad\/","logo":{"@type":"ImageObject","inLanguage":"es","@id":"https:\/\/www.laguiadepamplona.com\/actualidad\/#\/schema\/logo\/image\/","url":"https:\/\/www.laguiadepamplona.com\/actualidad\/wp-content\/uploads\/2018\/11\/logo-laguiadepamplona18-web1.png","contentUrl":"https:\/\/www.laguiadepamplona.com\/actualidad\/wp-content\/uploads\/2018\/11\/logo-laguiadepamplona18-web1.png","width":600,"height":196,"caption":"La Gu\u00eda de Pamplona \/ Noticias"},"image":{"@id":"https:\/\/www.laguiadepamplona.com\/actualidad\/#\/schema\/logo\/image\/"},"sameAs":["https:\/\/www.facebook.com\/laguiadepamplonacom-133175176762273\/?ref=hl","https:\/\/x.com\/LaGuiadPamplona","https:\/\/www.instagram.com\/la_guia_de_pamplona\/","https:\/\/www.youtube.com\/user\/laguiadepamplona"]},{"@type":"Person","@id":"https:\/\/www.laguiadepamplona.com\/actualidad\/#\/schema\/person\/efe887376f0213d4657c93adc50b1fdb","name":"La Gu\u00eda de Pamplona","image":{"@type":"ImageObject","inLanguage":"es","@id":"https:\/\/secure.gravatar.com\/avatar\/b6992f131dc8d30ab0dff15446e9d346d9dbd95992de0fef795073f5ea83a81c?s=96&d=mm&r=g","url":"https:\/\/secure.gravatar.com\/avatar\/b6992f131dc8d30ab0dff15446e9d346d9dbd95992de0fef795073f5ea83a81c?s=96&d=mm&r=g","contentUrl":"https:\/\/secure.gravatar.com\/avatar\/b6992f131dc8d30ab0dff15446e9d346d9dbd95992de0fef795073f5ea83a81c?s=96&d=mm&r=g","caption":"La Gu\u00eda de Pamplona"}}]}},"post_mailing_queue_ids":[],"_links":{"self":[{"href":"https:\/\/www.laguiadepamplona.com\/actualidad\/wp-json\/wp\/v2\/posts\/37732","targetHints":{"allow":["GET"]}}],"collection":[{"href":"https:\/\/www.laguiadepamplona.com\/actualidad\/wp-json\/wp\/v2\/posts"}],"about":[{"href":"https:\/\/www.laguiadepamplona.com\/actualidad\/wp-json\/wp\/v2\/types\/post"}],"author":[{"embeddable":true,"href":"https:\/\/www.laguiadepamplona.com\/actualidad\/wp-json\/wp\/v2\/users\/1"}],"replies":[{"embeddable":true,"href":"https:\/\/www.laguiadepamplona.com\/actualidad\/wp-json\/wp\/v2\/comments?post=37732"}],"version-history":[{"count":0,"href":"https:\/\/www.laguiadepamplona.com\/actualidad\/wp-json\/wp\/v2\/posts\/37732\/revisions"}],"wp:featuredmedia":[{"embeddable":true,"href":"https:\/\/www.laguiadepamplona.com\/actualidad\/wp-json\/wp\/v2\/media\/37202"}],"wp:attachment":[{"href":"https:\/\/www.laguiadepamplona.com\/actualidad\/wp-json\/wp\/v2\/media?parent=37732"}],"wp:term":[{"taxonomy":"category","embeddable":true,"href":"https:\/\/www.laguiadepamplona.com\/actualidad\/wp-json\/wp\/v2\/categories?post=37732"},{"taxonomy":"post_tag","embeddable":true,"href":"https:\/\/www.laguiadepamplona.com\/actualidad\/wp-json\/wp\/v2\/tags?post=37732"}],"curies":[{"name":"wp","href":"https:\/\/api.w.org\/{rel}","templated":true}]}}