{"id":37729,"date":"2021-11-24T17:23:39","date_gmt":"2021-11-24T15:23:39","guid":{"rendered":"https:\/\/www.laguiadepamplona.com\/actualidad\/?p=37729"},"modified":"2023-04-11T11:48:44","modified_gmt":"2023-04-11T09:48:44","slug":"el-ayuntamiento-y-la-asociacion-de-familiares-de-enfermos-de-alzheimer-entregan-diplomas-a-13-personas-que-han-aprendido-a-cuidar-a-afectados-por-demencias","status":"publish","type":"post","link":"https:\/\/www.laguiadepamplona.com\/actualidad\/el-ayuntamiento-y-la-asociacion-de-familiares-de-enfermos-de-alzheimer-entregan-diplomas-a-13-personas-que-han-aprendido-a-cuidar-a-afectados-por-demencias\/","title":{"rendered":"El Ayuntamiento y la Asociaci\u00f3n de familiares de enfermos de Alzheimer entregan diplomas a 13 personas que han aprendido a cuidar a afectados por demencias"},"content":{"rendered":"<h5>La inserci\u00f3n de estos cursos en anteriores ediciones alcanz\u00f3 al 85% del alumnado, en su mayor\u00eda mujeres<\/h5>\n<p><!--more--><\/p>\n<p>Esta ma\u00f1ana se ha clausurado VII edici\u00f3n de la \u2018Formaci\u00f3n para la atenci\u00f3n de personas con demencia en el domicilio\u2019 en los locales municipales de calle Artica s\/n. Trece personas (12 mujeres y un hombre) han superado la formaci\u00f3n que comenz\u00f3 el 4 de octubre y que, en sus sucesivas ediciones, ha logrado una inserci\u00f3n de 85%.<br \/>\n<script async src=\"\/\/pagead2.googlesyndication.com\/pagead\/js\/adsbygoogle.js\"><\/script><br \/>\n<!-- Noticias La Guia de Pamplona --><br \/>\n<ins class=\"adsbygoogle\"\nstyle=\"display:block\"\ndata-ad-client=\"ca-pub-6943679897239327\"\ndata-ad-slot=\"7048180777\"\ndata-ad-format=\"auto\"><\/ins><br \/>\n<script>\n(adsbygoogle = window.adsbygoogle || []).push({});\n<\/script><\/p>\n<p>Estas formaciones arrancan de un convenio firmado en el a\u00f1o 2014 por el Ayuntamiento de Pamplona y la Asociaci\u00f3n de Familiares de Enfermos de Alzheimer de Navarra (AFAN) de cara a mejorar el nivel de los cuidados a personas con demencia y la empleabilidad del alumnado en un campo que ofrece empleo de forma estable. El vigente convenio se renov\u00f3 en 2018 con horizonte 2023. El presupuesto de la formaci\u00f3n, financiado en su totalidad por el Ayuntamiento de Pamplona, es de 6.000 euros<\/p>\n<p>En el acto de clausura, adem\u00e1s de las alumnas, han participado la directora de Servicios Sociales, Olivia Elizari; Idoia Loren, de la asociaci\u00f3n AFAN; y las t\u00e9cnicas del Equipo de Inserci\u00f3n Sociolaboral (EISOL). La Asociaci\u00f3n de Familiares de Enfermos de Alzheimer de Navarra, es una asociaci\u00f3n sin \u00e1nimo de lucro que cuenta con dos sedes en Pamplona y Tudela que tienen como objetivo proporcionar informaci\u00f3n, formaci\u00f3n y apoyo para hacer m\u00e1s llevadera la enfermedad, as\u00ed como apoyar todas las iniciativas que investiguen sobre la enfermedad de Alzheimer y otras demencias.<br \/>\n<script async src=\"\/\/pagead2.googlesyndication.com\/pagead\/js\/adsbygoogle.js\"><\/script><br \/>\n<!-- Noticias La Guia de Pamplona --><br \/>\n<ins class=\"adsbygoogle\"\nstyle=\"display:block\"\ndata-ad-client=\"ca-pub-6943679897239327\"\ndata-ad-slot=\"7048180777\"\ndata-ad-format=\"auto\"><\/ins><br \/>\n<script>\n(adsbygoogle = window.adsbygoogle || []).push({});\n<\/script><\/p>\n<p><strong>Formaci\u00f3n en manejo COVID-19<\/strong><\/p>\n<p>El curso se ha impartido con una metodolog\u00eda activa y participativa y mediante el empleo de t\u00e9cnicas audiovisuales en clases expositivas y sesiones pr\u00e1cticas. En total, el alumnado ha recibido 116 horas de formaci\u00f3n y entre los temas abordados han estado las estrategias de comunicaci\u00f3n, la estimulaci\u00f3n cognitiva, el impacto de la dolencia en la familia o el duelo anticipado.<\/p>\n<p>Adem\u00e1s, 36 horas han sido impartidas por Fundaci\u00f3n Gaztelan con contenidos relativos a empleo dom\u00e9stico y competencias transversales y se ha realizado una sesi\u00f3n de recursos, tanto con la responsable del Programa de Autonom\u00eda Personal de Personas Dependientes y con Discapacidad, como con personal t\u00e9cnico de la empresa p\u00fablica \u201cSAD Pamplona\u201d, sobre los recursos que existen en torno a las personas con demencia. En esta ocasi\u00f3n, al alumnado ha recibido dentro de la prevenci\u00f3n de riesgos laborales orientada a su sector de empleo, nociones espec\u00edficas de cuestiones relacionada con la seguridad sanitaria de la COVID 19.<\/p>\n<p>Dentro del sistema de trabajo de este programa de capacitaci\u00f3n, el Consistorio, a trav\u00e9s del Servicio de Intermediaci\u00f3n Laboral del Equipo de Inserci\u00f3n Sociolaboral (EISOL), realiza la intermediaci\u00f3n en ofertas de empleo que puedan generarse entre las personas asociadas a AFAN que busquen personas cuidadoras y quienes demanden esos puestos.<br \/>\n<script async src=\"\/\/pagead2.googlesyndication.com\/pagead\/js\/adsbygoogle.js\"><\/script><br \/>\n<!-- Noticias La Guia de Pamplona --><br \/>\n<ins class=\"adsbygoogle\"\nstyle=\"display:block\"\ndata-ad-client=\"ca-pub-6943679897239327\"\ndata-ad-slot=\"7048180777\"\ndata-ad-format=\"auto\"><\/ins><br \/>\n<script>\n(adsbygoogle = window.adsbygoogle || []).push({});\n<\/script><\/p>\n<p>&nbsp;<\/p>\n<h3>Listado de alumnas del VII curso de formaci\u00f3n para la Atenci\u00f3n de personas con demencia en el domicilio\u2019<\/h3>\n<ul>\n<li>Alonso Perez, Saray<\/li>\n<li>Chunga Garc\u00eda, Madeleine Ver\u00f3nica<\/li>\n<li>Del Rosario Jimenez, Elizabeth<\/li>\n<li>Del Valle Melean, Marleny<\/li>\n<li>Gonzalez Pineda, Nidia Leticia<\/li>\n<li>Hualdia Arratia, Ignacio<\/li>\n<li>Ichota Mamani, Marghot Rebeca<\/li>\n<li>Montalvan Campoverde, Nanci Luc\u00eda<\/li>\n<li>Ortiz Roda, Aurora<\/li>\n<li>Tiburcio Castro, Mar\u00eda Andrea<\/li>\n<li>Vicente Paccha, Gladis Piedad<\/li>\n<\/ul>\n","protected":false},"excerpt":{"rendered":"<p>La inserci\u00f3n de estos cursos en anteriores ediciones alcanz\u00f3 al 85% del alumnado, en su mayor\u00eda mujeres<\/p>\n","protected":false},"author":1,"featured_media":37730,"comment_status":"open","ping_status":"closed","sticky":false,"template":"","format":"standard","meta":{"footnotes":""},"categories":[2],"tags":[],"class_list":["post-37729","post","type-post","status-publish","format-standard","has-post-thumbnail","hentry","category-ayuntamiento-pamplona"],"yoast_head":"<!-- This site is optimized with the Yoast SEO plugin v27.5 - https:\/\/yoast.com\/product\/yoast-seo-wordpress\/ -->\n<title>El Ayuntamiento y la Asociaci\u00f3n de familiares de enfermos de Alzheimer entregan diplomas a 13 personas que han aprendido a cuidar a afectados por demencias<\/title>\n<meta name=\"description\" content=\"La inserci\u00f3n de estos cursos en anteriores ediciones alcanz\u00f3 al 85% del alumnado, en su mayor\u00eda mujeres\" \/>\n<meta name=\"robots\" content=\"index, follow, max-snippet:-1, max-image-preview:large, max-video-preview:-1\" \/>\n<link rel=\"canonical\" href=\"https:\/\/www.laguiadepamplona.com\/actualidad\/el-ayuntamiento-y-la-asociacion-de-familiares-de-enfermos-de-alzheimer-entregan-diplomas-a-13-personas-que-han-aprendido-a-cuidar-a-afectados-por-demencias\/\" \/>\n<meta property=\"og:locale\" content=\"es_ES\" \/>\n<meta property=\"og:type\" content=\"article\" \/>\n<meta property=\"og:title\" content=\"El Ayuntamiento y la Asociaci\u00f3n de familiares de enfermos de Alzheimer entregan diplomas a 13 personas que han aprendido a cuidar a afectados por demencias\" \/>\n<meta property=\"og:description\" content=\"La inserci\u00f3n de estos cursos en anteriores ediciones alcanz\u00f3 al 85% del alumnado, en su mayor\u00eda mujeres\" \/>\n<meta property=\"og:url\" content=\"https:\/\/www.laguiadepamplona.com\/actualidad\/el-ayuntamiento-y-la-asociacion-de-familiares-de-enfermos-de-alzheimer-entregan-diplomas-a-13-personas-que-han-aprendido-a-cuidar-a-afectados-por-demencias\/\" \/>\n<meta property=\"og:site_name\" content=\"La Gu\u00eda de Pamplona\" \/>\n<meta property=\"article:publisher\" content=\"https:\/\/www.facebook.com\/laguiadepamplonacom-133175176762273\/?ref=hl\" \/>\n<meta property=\"article:published_time\" content=\"2021-11-24T15:23:39+00:00\" \/>\n<meta property=\"article:modified_time\" content=\"2023-04-11T09:48:44+00:00\" \/>\n<meta property=\"og:image\" content=\"https:\/\/www.laguiadepamplona.com\/actualidad\/wp-content\/uploads\/2021\/11\/clausura20211124jmg7205.jpg\" \/>\n\t<meta property=\"og:image:width\" content=\"1920\" \/>\n\t<meta property=\"og:image:height\" content=\"1280\" \/>\n\t<meta property=\"og:image:type\" content=\"image\/jpeg\" \/>\n<meta name=\"author\" content=\"La Gu\u00eda de Pamplona\" \/>\n<meta name=\"twitter:card\" content=\"summary_large_image\" \/>\n<meta name=\"twitter:creator\" content=\"@LaGuiadPamplona\" \/>\n<meta name=\"twitter:site\" content=\"@LaGuiadPamplona\" \/>\n<meta name=\"twitter:label1\" content=\"Escrito por\" \/>\n\t<meta name=\"twitter:data1\" content=\"La Gu\u00eda de Pamplona\" \/>\n\t<meta name=\"twitter:label2\" content=\"Tiempo de lectura\" \/>\n\t<meta name=\"twitter:data2\" content=\"3 minutos\" \/>\n<script type=\"application\/ld+json\" class=\"yoast-schema-graph\">{\"@context\":\"https:\\\/\\\/schema.org\",\"@graph\":[{\"@type\":\"Article\",\"@id\":\"https:\\\/\\\/www.laguiadepamplona.com\\\/actualidad\\\/el-ayuntamiento-y-la-asociacion-de-familiares-de-enfermos-de-alzheimer-entregan-diplomas-a-13-personas-que-han-aprendido-a-cuidar-a-afectados-por-demencias\\\/#article\",\"isPartOf\":{\"@id\":\"https:\\\/\\\/www.laguiadepamplona.com\\\/actualidad\\\/el-ayuntamiento-y-la-asociacion-de-familiares-de-enfermos-de-alzheimer-entregan-diplomas-a-13-personas-que-han-aprendido-a-cuidar-a-afectados-por-demencias\\\/\"},\"author\":{\"name\":\"La Gu\u00eda de Pamplona\",\"@id\":\"https:\\\/\\\/www.laguiadepamplona.com\\\/actualidad\\\/#\\\/schema\\\/person\\\/efe887376f0213d4657c93adc50b1fdb\"},\"headline\":\"El Ayuntamiento y la Asociaci\u00f3n de familiares de enfermos de Alzheimer entregan diplomas a 13 personas que han aprendido a cuidar a afectados por demencias\",\"datePublished\":\"2021-11-24T15:23:39+00:00\",\"dateModified\":\"2023-04-11T09:48:44+00:00\",\"mainEntityOfPage\":{\"@id\":\"https:\\\/\\\/www.laguiadepamplona.com\\\/actualidad\\\/el-ayuntamiento-y-la-asociacion-de-familiares-de-enfermos-de-alzheimer-entregan-diplomas-a-13-personas-que-han-aprendido-a-cuidar-a-afectados-por-demencias\\\/\"},\"wordCount\":580,\"commentCount\":0,\"publisher\":{\"@id\":\"https:\\\/\\\/www.laguiadepamplona.com\\\/actualidad\\\/#organization\"},\"image\":{\"@id\":\"https:\\\/\\\/www.laguiadepamplona.com\\\/actualidad\\\/el-ayuntamiento-y-la-asociacion-de-familiares-de-enfermos-de-alzheimer-entregan-diplomas-a-13-personas-que-han-aprendido-a-cuidar-a-afectados-por-demencias\\\/#primaryimage\"},\"thumbnailUrl\":\"https:\\\/\\\/www.laguiadepamplona.com\\\/actualidad\\\/wp-content\\\/uploads\\\/2021\\\/11\\\/clausura20211124jmg7205.jpg\",\"articleSection\":[\"Ayto Pamplona\"],\"inLanguage\":\"es\",\"potentialAction\":[{\"@type\":\"CommentAction\",\"name\":\"Comment\",\"target\":[\"https:\\\/\\\/www.laguiadepamplona.com\\\/actualidad\\\/el-ayuntamiento-y-la-asociacion-de-familiares-de-enfermos-de-alzheimer-entregan-diplomas-a-13-personas-que-han-aprendido-a-cuidar-a-afectados-por-demencias\\\/#respond\"]}]},{\"@type\":\"WebPage\",\"@id\":\"https:\\\/\\\/www.laguiadepamplona.com\\\/actualidad\\\/el-ayuntamiento-y-la-asociacion-de-familiares-de-enfermos-de-alzheimer-entregan-diplomas-a-13-personas-que-han-aprendido-a-cuidar-a-afectados-por-demencias\\\/\",\"url\":\"https:\\\/\\\/www.laguiadepamplona.com\\\/actualidad\\\/el-ayuntamiento-y-la-asociacion-de-familiares-de-enfermos-de-alzheimer-entregan-diplomas-a-13-personas-que-han-aprendido-a-cuidar-a-afectados-por-demencias\\\/\",\"name\":\"El Ayuntamiento y la Asociaci\u00f3n de familiares de enfermos de Alzheimer entregan diplomas a 13 personas que han aprendido a cuidar a afectados por demencias\",\"isPartOf\":{\"@id\":\"https:\\\/\\\/www.laguiadepamplona.com\\\/actualidad\\\/#website\"},\"primaryImageOfPage\":{\"@id\":\"https:\\\/\\\/www.laguiadepamplona.com\\\/actualidad\\\/el-ayuntamiento-y-la-asociacion-de-familiares-de-enfermos-de-alzheimer-entregan-diplomas-a-13-personas-que-han-aprendido-a-cuidar-a-afectados-por-demencias\\\/#primaryimage\"},\"image\":{\"@id\":\"https:\\\/\\\/www.laguiadepamplona.com\\\/actualidad\\\/el-ayuntamiento-y-la-asociacion-de-familiares-de-enfermos-de-alzheimer-entregan-diplomas-a-13-personas-que-han-aprendido-a-cuidar-a-afectados-por-demencias\\\/#primaryimage\"},\"thumbnailUrl\":\"https:\\\/\\\/www.laguiadepamplona.com\\\/actualidad\\\/wp-content\\\/uploads\\\/2021\\\/11\\\/clausura20211124jmg7205.jpg\",\"datePublished\":\"2021-11-24T15:23:39+00:00\",\"dateModified\":\"2023-04-11T09:48:44+00:00\",\"description\":\"La inserci\u00f3n de estos cursos en anteriores ediciones alcanz\u00f3 al 85% del alumnado, en su mayor\u00eda mujeres\",\"breadcrumb\":{\"@id\":\"https:\\\/\\\/www.laguiadepamplona.com\\\/actualidad\\\/el-ayuntamiento-y-la-asociacion-de-familiares-de-enfermos-de-alzheimer-entregan-diplomas-a-13-personas-que-han-aprendido-a-cuidar-a-afectados-por-demencias\\\/#breadcrumb\"},\"inLanguage\":\"es\",\"potentialAction\":[{\"@type\":\"ReadAction\",\"target\":[\"https:\\\/\\\/www.laguiadepamplona.com\\\/actualidad\\\/el-ayuntamiento-y-la-asociacion-de-familiares-de-enfermos-de-alzheimer-entregan-diplomas-a-13-personas-que-han-aprendido-a-cuidar-a-afectados-por-demencias\\\/\"]}]},{\"@type\":\"ImageObject\",\"inLanguage\":\"es\",\"@id\":\"https:\\\/\\\/www.laguiadepamplona.com\\\/actualidad\\\/el-ayuntamiento-y-la-asociacion-de-familiares-de-enfermos-de-alzheimer-entregan-diplomas-a-13-personas-que-han-aprendido-a-cuidar-a-afectados-por-demencias\\\/#primaryimage\",\"url\":\"https:\\\/\\\/www.laguiadepamplona.com\\\/actualidad\\\/wp-content\\\/uploads\\\/2021\\\/11\\\/clausura20211124jmg7205.jpg\",\"contentUrl\":\"https:\\\/\\\/www.laguiadepamplona.com\\\/actualidad\\\/wp-content\\\/uploads\\\/2021\\\/11\\\/clausura20211124jmg7205.jpg\",\"width\":1920,\"height\":1280},{\"@type\":\"BreadcrumbList\",\"@id\":\"https:\\\/\\\/www.laguiadepamplona.com\\\/actualidad\\\/el-ayuntamiento-y-la-asociacion-de-familiares-de-enfermos-de-alzheimer-entregan-diplomas-a-13-personas-que-han-aprendido-a-cuidar-a-afectados-por-demencias\\\/#breadcrumb\",\"itemListElement\":[{\"@type\":\"ListItem\",\"position\":1,\"name\":\"Portada\",\"item\":\"https:\\\/\\\/www.laguiadepamplona.com\\\/actualidad\\\/\"},{\"@type\":\"ListItem\",\"position\":2,\"name\":\"El Ayuntamiento y la Asociaci\u00f3n de familiares de enfermos de Alzheimer entregan diplomas a 13 personas que han aprendido a cuidar a afectados por demencias\"}]},{\"@type\":\"WebSite\",\"@id\":\"https:\\\/\\\/www.laguiadepamplona.com\\\/actualidad\\\/#website\",\"url\":\"https:\\\/\\\/www.laguiadepamplona.com\\\/actualidad\\\/\",\"name\":\"La gu\u00eda de Pamplona\",\"description\":\"Noticias de Pamplona\",\"publisher\":{\"@id\":\"https:\\\/\\\/www.laguiadepamplona.com\\\/actualidad\\\/#organization\"},\"potentialAction\":[{\"@type\":\"SearchAction\",\"target\":{\"@type\":\"EntryPoint\",\"urlTemplate\":\"https:\\\/\\\/www.laguiadepamplona.com\\\/actualidad\\\/?s={search_term_string}\"},\"query-input\":{\"@type\":\"PropertyValueSpecification\",\"valueRequired\":true,\"valueName\":\"search_term_string\"}}],\"inLanguage\":\"es\"},{\"@type\":\"Organization\",\"@id\":\"https:\\\/\\\/www.laguiadepamplona.com\\\/actualidad\\\/#organization\",\"name\":\"La Gu\u00eda de Pamplona \\\/ Noticias\",\"url\":\"https:\\\/\\\/www.laguiadepamplona.com\\\/actualidad\\\/\",\"logo\":{\"@type\":\"ImageObject\",\"inLanguage\":\"es\",\"@id\":\"https:\\\/\\\/www.laguiadepamplona.com\\\/actualidad\\\/#\\\/schema\\\/logo\\\/image\\\/\",\"url\":\"https:\\\/\\\/www.laguiadepamplona.com\\\/actualidad\\\/wp-content\\\/uploads\\\/2018\\\/11\\\/logo-laguiadepamplona18-web1.png\",\"contentUrl\":\"https:\\\/\\\/www.laguiadepamplona.com\\\/actualidad\\\/wp-content\\\/uploads\\\/2018\\\/11\\\/logo-laguiadepamplona18-web1.png\",\"width\":600,\"height\":196,\"caption\":\"La Gu\u00eda de Pamplona \\\/ Noticias\"},\"image\":{\"@id\":\"https:\\\/\\\/www.laguiadepamplona.com\\\/actualidad\\\/#\\\/schema\\\/logo\\\/image\\\/\"},\"sameAs\":[\"https:\\\/\\\/www.facebook.com\\\/laguiadepamplonacom-133175176762273\\\/?ref=hl\",\"https:\\\/\\\/x.com\\\/LaGuiadPamplona\",\"https:\\\/\\\/www.instagram.com\\\/la_guia_de_pamplona\\\/\",\"https:\\\/\\\/www.youtube.com\\\/user\\\/laguiadepamplona\"]},{\"@type\":\"Person\",\"@id\":\"https:\\\/\\\/www.laguiadepamplona.com\\\/actualidad\\\/#\\\/schema\\\/person\\\/efe887376f0213d4657c93adc50b1fdb\",\"name\":\"La Gu\u00eda de Pamplona\",\"image\":{\"@type\":\"ImageObject\",\"inLanguage\":\"es\",\"@id\":\"https:\\\/\\\/secure.gravatar.com\\\/avatar\\\/b6992f131dc8d30ab0dff15446e9d346d9dbd95992de0fef795073f5ea83a81c?s=96&d=mm&r=g\",\"url\":\"https:\\\/\\\/secure.gravatar.com\\\/avatar\\\/b6992f131dc8d30ab0dff15446e9d346d9dbd95992de0fef795073f5ea83a81c?s=96&d=mm&r=g\",\"contentUrl\":\"https:\\\/\\\/secure.gravatar.com\\\/avatar\\\/b6992f131dc8d30ab0dff15446e9d346d9dbd95992de0fef795073f5ea83a81c?s=96&d=mm&r=g\",\"caption\":\"La Gu\u00eda de Pamplona\"}}]}<\/script>\n<!-- \/ Yoast SEO plugin. -->","yoast_head_json":{"title":"El Ayuntamiento y la Asociaci\u00f3n de familiares de enfermos de Alzheimer entregan diplomas a 13 personas que han aprendido a cuidar a afectados por demencias","description":"La inserci\u00f3n de estos cursos en anteriores ediciones alcanz\u00f3 al 85% del alumnado, en su mayor\u00eda mujeres","robots":{"index":"index","follow":"follow","max-snippet":"max-snippet:-1","max-image-preview":"max-image-preview:large","max-video-preview":"max-video-preview:-1"},"canonical":"https:\/\/www.laguiadepamplona.com\/actualidad\/el-ayuntamiento-y-la-asociacion-de-familiares-de-enfermos-de-alzheimer-entregan-diplomas-a-13-personas-que-han-aprendido-a-cuidar-a-afectados-por-demencias\/","og_locale":"es_ES","og_type":"article","og_title":"El Ayuntamiento y la Asociaci\u00f3n de familiares de enfermos de Alzheimer entregan diplomas a 13 personas que han aprendido a cuidar a afectados por demencias","og_description":"La inserci\u00f3n de estos cursos en anteriores ediciones alcanz\u00f3 al 85% del alumnado, en su mayor\u00eda mujeres","og_url":"https:\/\/www.laguiadepamplona.com\/actualidad\/el-ayuntamiento-y-la-asociacion-de-familiares-de-enfermos-de-alzheimer-entregan-diplomas-a-13-personas-que-han-aprendido-a-cuidar-a-afectados-por-demencias\/","og_site_name":"La Gu\u00eda de Pamplona","article_publisher":"https:\/\/www.facebook.com\/laguiadepamplonacom-133175176762273\/?ref=hl","article_published_time":"2021-11-24T15:23:39+00:00","article_modified_time":"2023-04-11T09:48:44+00:00","og_image":[{"width":1920,"height":1280,"url":"https:\/\/www.laguiadepamplona.com\/actualidad\/wp-content\/uploads\/2021\/11\/clausura20211124jmg7205.jpg","type":"image\/jpeg"}],"author":"La Gu\u00eda de Pamplona","twitter_card":"summary_large_image","twitter_creator":"@LaGuiadPamplona","twitter_site":"@LaGuiadPamplona","twitter_misc":{"Escrito por":"La Gu\u00eda de Pamplona","Tiempo de lectura":"3 minutos"},"schema":{"@context":"https:\/\/schema.org","@graph":[{"@type":"Article","@id":"https:\/\/www.laguiadepamplona.com\/actualidad\/el-ayuntamiento-y-la-asociacion-de-familiares-de-enfermos-de-alzheimer-entregan-diplomas-a-13-personas-que-han-aprendido-a-cuidar-a-afectados-por-demencias\/#article","isPartOf":{"@id":"https:\/\/www.laguiadepamplona.com\/actualidad\/el-ayuntamiento-y-la-asociacion-de-familiares-de-enfermos-de-alzheimer-entregan-diplomas-a-13-personas-que-han-aprendido-a-cuidar-a-afectados-por-demencias\/"},"author":{"name":"La Gu\u00eda de Pamplona","@id":"https:\/\/www.laguiadepamplona.com\/actualidad\/#\/schema\/person\/efe887376f0213d4657c93adc50b1fdb"},"headline":"El Ayuntamiento y la Asociaci\u00f3n de familiares de enfermos de Alzheimer entregan diplomas a 13 personas que han aprendido a cuidar a afectados por demencias","datePublished":"2021-11-24T15:23:39+00:00","dateModified":"2023-04-11T09:48:44+00:00","mainEntityOfPage":{"@id":"https:\/\/www.laguiadepamplona.com\/actualidad\/el-ayuntamiento-y-la-asociacion-de-familiares-de-enfermos-de-alzheimer-entregan-diplomas-a-13-personas-que-han-aprendido-a-cuidar-a-afectados-por-demencias\/"},"wordCount":580,"commentCount":0,"publisher":{"@id":"https:\/\/www.laguiadepamplona.com\/actualidad\/#organization"},"image":{"@id":"https:\/\/www.laguiadepamplona.com\/actualidad\/el-ayuntamiento-y-la-asociacion-de-familiares-de-enfermos-de-alzheimer-entregan-diplomas-a-13-personas-que-han-aprendido-a-cuidar-a-afectados-por-demencias\/#primaryimage"},"thumbnailUrl":"https:\/\/www.laguiadepamplona.com\/actualidad\/wp-content\/uploads\/2021\/11\/clausura20211124jmg7205.jpg","articleSection":["Ayto Pamplona"],"inLanguage":"es","potentialAction":[{"@type":"CommentAction","name":"Comment","target":["https:\/\/www.laguiadepamplona.com\/actualidad\/el-ayuntamiento-y-la-asociacion-de-familiares-de-enfermos-de-alzheimer-entregan-diplomas-a-13-personas-que-han-aprendido-a-cuidar-a-afectados-por-demencias\/#respond"]}]},{"@type":"WebPage","@id":"https:\/\/www.laguiadepamplona.com\/actualidad\/el-ayuntamiento-y-la-asociacion-de-familiares-de-enfermos-de-alzheimer-entregan-diplomas-a-13-personas-que-han-aprendido-a-cuidar-a-afectados-por-demencias\/","url":"https:\/\/www.laguiadepamplona.com\/actualidad\/el-ayuntamiento-y-la-asociacion-de-familiares-de-enfermos-de-alzheimer-entregan-diplomas-a-13-personas-que-han-aprendido-a-cuidar-a-afectados-por-demencias\/","name":"El Ayuntamiento y la Asociaci\u00f3n de familiares de enfermos de Alzheimer entregan diplomas a 13 personas que han aprendido a cuidar a afectados por demencias","isPartOf":{"@id":"https:\/\/www.laguiadepamplona.com\/actualidad\/#website"},"primaryImageOfPage":{"@id":"https:\/\/www.laguiadepamplona.com\/actualidad\/el-ayuntamiento-y-la-asociacion-de-familiares-de-enfermos-de-alzheimer-entregan-diplomas-a-13-personas-que-han-aprendido-a-cuidar-a-afectados-por-demencias\/#primaryimage"},"image":{"@id":"https:\/\/www.laguiadepamplona.com\/actualidad\/el-ayuntamiento-y-la-asociacion-de-familiares-de-enfermos-de-alzheimer-entregan-diplomas-a-13-personas-que-han-aprendido-a-cuidar-a-afectados-por-demencias\/#primaryimage"},"thumbnailUrl":"https:\/\/www.laguiadepamplona.com\/actualidad\/wp-content\/uploads\/2021\/11\/clausura20211124jmg7205.jpg","datePublished":"2021-11-24T15:23:39+00:00","dateModified":"2023-04-11T09:48:44+00:00","description":"La inserci\u00f3n de estos cursos en anteriores ediciones alcanz\u00f3 al 85% del alumnado, en su mayor\u00eda mujeres","breadcrumb":{"@id":"https:\/\/www.laguiadepamplona.com\/actualidad\/el-ayuntamiento-y-la-asociacion-de-familiares-de-enfermos-de-alzheimer-entregan-diplomas-a-13-personas-que-han-aprendido-a-cuidar-a-afectados-por-demencias\/#breadcrumb"},"inLanguage":"es","potentialAction":[{"@type":"ReadAction","target":["https:\/\/www.laguiadepamplona.com\/actualidad\/el-ayuntamiento-y-la-asociacion-de-familiares-de-enfermos-de-alzheimer-entregan-diplomas-a-13-personas-que-han-aprendido-a-cuidar-a-afectados-por-demencias\/"]}]},{"@type":"ImageObject","inLanguage":"es","@id":"https:\/\/www.laguiadepamplona.com\/actualidad\/el-ayuntamiento-y-la-asociacion-de-familiares-de-enfermos-de-alzheimer-entregan-diplomas-a-13-personas-que-han-aprendido-a-cuidar-a-afectados-por-demencias\/#primaryimage","url":"https:\/\/www.laguiadepamplona.com\/actualidad\/wp-content\/uploads\/2021\/11\/clausura20211124jmg7205.jpg","contentUrl":"https:\/\/www.laguiadepamplona.com\/actualidad\/wp-content\/uploads\/2021\/11\/clausura20211124jmg7205.jpg","width":1920,"height":1280},{"@type":"BreadcrumbList","@id":"https:\/\/www.laguiadepamplona.com\/actualidad\/el-ayuntamiento-y-la-asociacion-de-familiares-de-enfermos-de-alzheimer-entregan-diplomas-a-13-personas-que-han-aprendido-a-cuidar-a-afectados-por-demencias\/#breadcrumb","itemListElement":[{"@type":"ListItem","position":1,"name":"Portada","item":"https:\/\/www.laguiadepamplona.com\/actualidad\/"},{"@type":"ListItem","position":2,"name":"El Ayuntamiento y la Asociaci\u00f3n de familiares de enfermos de Alzheimer entregan diplomas a 13 personas que han aprendido a cuidar a afectados por demencias"}]},{"@type":"WebSite","@id":"https:\/\/www.laguiadepamplona.com\/actualidad\/#website","url":"https:\/\/www.laguiadepamplona.com\/actualidad\/","name":"La gu\u00eda de Pamplona","description":"Noticias de Pamplona","publisher":{"@id":"https:\/\/www.laguiadepamplona.com\/actualidad\/#organization"},"potentialAction":[{"@type":"SearchAction","target":{"@type":"EntryPoint","urlTemplate":"https:\/\/www.laguiadepamplona.com\/actualidad\/?s={search_term_string}"},"query-input":{"@type":"PropertyValueSpecification","valueRequired":true,"valueName":"search_term_string"}}],"inLanguage":"es"},{"@type":"Organization","@id":"https:\/\/www.laguiadepamplona.com\/actualidad\/#organization","name":"La Gu\u00eda de Pamplona \/ Noticias","url":"https:\/\/www.laguiadepamplona.com\/actualidad\/","logo":{"@type":"ImageObject","inLanguage":"es","@id":"https:\/\/www.laguiadepamplona.com\/actualidad\/#\/schema\/logo\/image\/","url":"https:\/\/www.laguiadepamplona.com\/actualidad\/wp-content\/uploads\/2018\/11\/logo-laguiadepamplona18-web1.png","contentUrl":"https:\/\/www.laguiadepamplona.com\/actualidad\/wp-content\/uploads\/2018\/11\/logo-laguiadepamplona18-web1.png","width":600,"height":196,"caption":"La Gu\u00eda de Pamplona \/ Noticias"},"image":{"@id":"https:\/\/www.laguiadepamplona.com\/actualidad\/#\/schema\/logo\/image\/"},"sameAs":["https:\/\/www.facebook.com\/laguiadepamplonacom-133175176762273\/?ref=hl","https:\/\/x.com\/LaGuiadPamplona","https:\/\/www.instagram.com\/la_guia_de_pamplona\/","https:\/\/www.youtube.com\/user\/laguiadepamplona"]},{"@type":"Person","@id":"https:\/\/www.laguiadepamplona.com\/actualidad\/#\/schema\/person\/efe887376f0213d4657c93adc50b1fdb","name":"La Gu\u00eda de Pamplona","image":{"@type":"ImageObject","inLanguage":"es","@id":"https:\/\/secure.gravatar.com\/avatar\/b6992f131dc8d30ab0dff15446e9d346d9dbd95992de0fef795073f5ea83a81c?s=96&d=mm&r=g","url":"https:\/\/secure.gravatar.com\/avatar\/b6992f131dc8d30ab0dff15446e9d346d9dbd95992de0fef795073f5ea83a81c?s=96&d=mm&r=g","contentUrl":"https:\/\/secure.gravatar.com\/avatar\/b6992f131dc8d30ab0dff15446e9d346d9dbd95992de0fef795073f5ea83a81c?s=96&d=mm&r=g","caption":"La Gu\u00eda de Pamplona"}}]}},"post_mailing_queue_ids":[],"_links":{"self":[{"href":"https:\/\/www.laguiadepamplona.com\/actualidad\/wp-json\/wp\/v2\/posts\/37729","targetHints":{"allow":["GET"]}}],"collection":[{"href":"https:\/\/www.laguiadepamplona.com\/actualidad\/wp-json\/wp\/v2\/posts"}],"about":[{"href":"https:\/\/www.laguiadepamplona.com\/actualidad\/wp-json\/wp\/v2\/types\/post"}],"author":[{"embeddable":true,"href":"https:\/\/www.laguiadepamplona.com\/actualidad\/wp-json\/wp\/v2\/users\/1"}],"replies":[{"embeddable":true,"href":"https:\/\/www.laguiadepamplona.com\/actualidad\/wp-json\/wp\/v2\/comments?post=37729"}],"version-history":[{"count":0,"href":"https:\/\/www.laguiadepamplona.com\/actualidad\/wp-json\/wp\/v2\/posts\/37729\/revisions"}],"wp:featuredmedia":[{"embeddable":true,"href":"https:\/\/www.laguiadepamplona.com\/actualidad\/wp-json\/wp\/v2\/media\/37730"}],"wp:attachment":[{"href":"https:\/\/www.laguiadepamplona.com\/actualidad\/wp-json\/wp\/v2\/media?parent=37729"}],"wp:term":[{"taxonomy":"category","embeddable":true,"href":"https:\/\/www.laguiadepamplona.com\/actualidad\/wp-json\/wp\/v2\/categories?post=37729"},{"taxonomy":"post_tag","embeddable":true,"href":"https:\/\/www.laguiadepamplona.com\/actualidad\/wp-json\/wp\/v2\/tags?post=37729"}],"curies":[{"name":"wp","href":"https:\/\/api.w.org\/{rel}","templated":true}]}}