{"id":37717,"date":"2021-11-23T18:17:52","date_gmt":"2021-11-23T16:17:52","guid":{"rendered":"https:\/\/www.laguiadepamplona.com\/actualidad\/?p=37717"},"modified":"2023-04-11T11:48:44","modified_gmt":"2023-04-11T09:48:44","slug":"el-ayuntamiento-de-pamplona-participa-en-sendas-jornadas-sobre-aparcamientos-seguros-para-bicicletas-y-sobre-generacion-de-energia-renovable-distribuida","status":"publish","type":"post","link":"https:\/\/www.laguiadepamplona.com\/actualidad\/el-ayuntamiento-de-pamplona-participa-en-sendas-jornadas-sobre-aparcamientos-seguros-para-bicicletas-y-sobre-generacion-de-energia-renovable-distribuida\/","title":{"rendered":"El Ayuntamiento de Pamplona participa en sendas jornadas sobre aparcamientos seguros para bicicletas y sobre generaci\u00f3n de energ\u00eda renovable distribuida"},"content":{"rendered":"<h5>Han sido dos jornadas organizadas, respectivamente, por la Red de Ciudades por la Bicicleta y por AEDONA<\/h5>\n<p><!--more--><\/p>\n<p>El Ayuntamiento de Pamplona contin\u00faa exponiendo en diferentes foros el trabajo y la experiencia municipal en sostenibilidad, en concreto, en movilidad ciclista y en generaci\u00f3n de energ\u00eda limpia. Pamplona ha participado en los \u00faltimos d\u00edas en la Red de Ciudades por las Bicicleta y en una jornada organizada por AEDONA, donde se ha hablado de aparcamientos para bicicletas seguros y sobre energ\u00eda solar de autoconsumo, respectivamente.<br \/>\n<script async src=\"\/\/pagead2.googlesyndication.com\/pagead\/js\/adsbygoogle.js\"><\/script><br \/>\n<!-- Noticias La Guia de Pamplona --><br \/>\n<ins class=\"adsbygoogle\"\nstyle=\"display:block\"\ndata-ad-client=\"ca-pub-6943679897239327\"\ndata-ad-slot=\"7048180777\"\ndata-ad-format=\"auto\"><\/ins><br \/>\n<script>\n(adsbygoogle = window.adsbygoogle || []).push({});\n<\/script><\/p>\n<p>Hace unos d\u00edas, el Ayuntamiento particip\u00f3 en la Asamblea General de la Red de Ciudades por la Bicicletas, que fue precedida por una jornada t\u00e9cnica sobre aparcamientos seguros para bicicletas, en la que se expusieron diferentes experiencias a nivel nacional y se abord\u00f3 la necesidad de su ampliaci\u00f3n para fomentar la movilidad ciclista. La responsable de Movilidad, Maribel G\u00f3mez, form\u00f3 parte de una mesa redonda junto a representantes de las ciudades de Sevilla, Vitoria \u2013 Gasteiz y Murcia, tambi\u00e9n referente en esta materia, y la Diputaci\u00f3n Foral de Guip\u00fazcoa y la cooperativa de viviendas \u2018La Borda\u2019 de Barcelona. Tanto la jornada como la asamblea se celebraron en Madrid, en la sede de la Empresa Municipal de Transportes (EMT).<\/p>\n<p>Pamplona cuenta con siete aparcamientos seguros de bicicletas para residentes en seis barrios de la ciudad con en torno a 600 plazas. Dos en el Casco Antiguo y uno en Txantrea que est\u00e1n completos; uno en Rochapea y otro en Milagrosa, con una ocupaci\u00f3n del 75% y del 66%; y dos m\u00e1s, pendientes de inaugurar en San Juan y en el Segundo Ensanche. A ellos suman otros seis aparcamientos de rotaci\u00f3n para bicis, cubiertos, con vigilancia y abiertos las 24 horas, instalados en Txantrea, Hospitales, Plaza de Toros, Mendebaldea, Yanguas y Miranda e Iturrama, as\u00ed como un aparcamiento para uso del personal municipal, ubicado en la antigua estaci\u00f3n de autobuses. En las pr\u00f3ximas semanas estos equipamientos se van a ampliar con dos nuevos aparcamientos de rotaci\u00f3n y dos vecinales.<br \/>\n<script async src=\"\/\/pagead2.googlesyndication.com\/pagead\/js\/adsbygoogle.js\"><\/script><br \/>\n<!-- Noticias La Guia de Pamplona --><br \/>\n<ins class=\"adsbygoogle\"\nstyle=\"display:block\"\ndata-ad-client=\"ca-pub-6943679897239327\"\ndata-ad-slot=\"7048180777\"\ndata-ad-format=\"auto\"><\/ins><br \/>\n<script>\n(adsbygoogle = window.adsbygoogle || []).push({});\n<\/script><\/p>\n<p>Asimismo, el Ayuntamiento particip\u00f3 en una sesi\u00f3n de trabajo con la Asociaci\u00f3n de Entidades Deportivas y de Ocio de Navarra (AEDONA). El concejal delegado de Proyectos Estrat\u00e9gicos, Movilidad y Sostenibilidad, Ferm\u00edn Alonso, y el responsable de la Agencia Energ\u00e9tica Municipal, Javier Zardoya Illana, expusieron la Estrategia de Transici\u00f3n Energ\u00e9tica y de Cambio Clim\u00e1tico 2030, una herramienta para el debate y la reflexi\u00f3n p\u00fablica sobre los problemas y las oportunidades de Pamplona como ciudad.<\/p>\n<p>Adem\u00e1s, en la sesi\u00f3n se insisti\u00f3 en el potencial dela generaci\u00f3n renovable distribuida y en las posibilidades del autoconsumo para cambiar el modelo energ\u00e9tico de la ciudad y generar tanto beneficios sociales y medioambientales como econ\u00f3micos. Y es que una de las entidades de AEDONA, la Agrupaci\u00f3n Deportiva San Juan ha colocado una gran instalaci\u00f3n de paneles solares en uno de los edificios de su complejo para generar energ\u00eda para su autoconsumo.<\/p>\n","protected":false},"excerpt":{"rendered":"<p>Han sido dos jornadas organizadas, respectivamente, por la Red de Ciudades por la Bicicleta y por AEDONA<\/p>\n","protected":false},"author":1,"featured_media":37718,"comment_status":"open","ping_status":"closed","sticky":false,"template":"","format":"standard","meta":{"footnotes":""},"categories":[2],"tags":[],"class_list":["post-37717","post","type-post","status-publish","format-standard","has-post-thumbnail","hentry","category-ayuntamiento-pamplona"],"yoast_head":"<!-- This site is optimized with the Yoast SEO plugin v27.5 - https:\/\/yoast.com\/product\/yoast-seo-wordpress\/ -->\n<title>El Ayuntamiento de Pamplona participa en sendas jornadas sobre aparcamientos seguros para bicicletas y sobre generaci\u00f3n de energ\u00eda renovable distribuida<\/title>\n<meta name=\"description\" content=\"Han sido dos jornadas organizadas, respectivamente, por la Red de Ciudades por la Bicicleta y por AEDONA\" \/>\n<meta name=\"robots\" content=\"index, follow, max-snippet:-1, max-image-preview:large, max-video-preview:-1\" \/>\n<link rel=\"canonical\" href=\"https:\/\/www.laguiadepamplona.com\/actualidad\/el-ayuntamiento-de-pamplona-participa-en-sendas-jornadas-sobre-aparcamientos-seguros-para-bicicletas-y-sobre-generacion-de-energia-renovable-distribuida\/\" \/>\n<meta property=\"og:locale\" content=\"es_ES\" \/>\n<meta property=\"og:type\" content=\"article\" \/>\n<meta property=\"og:title\" content=\"El Ayuntamiento de Pamplona participa en sendas jornadas sobre aparcamientos seguros para bicicletas y sobre generaci\u00f3n de energ\u00eda renovable distribuida\" \/>\n<meta property=\"og:description\" content=\"Han sido dos jornadas organizadas, respectivamente, por la Red de Ciudades por la Bicicleta y por AEDONA\" \/>\n<meta property=\"og:url\" content=\"https:\/\/www.laguiadepamplona.com\/actualidad\/el-ayuntamiento-de-pamplona-participa-en-sendas-jornadas-sobre-aparcamientos-seguros-para-bicicletas-y-sobre-generacion-de-energia-renovable-distribuida\/\" \/>\n<meta property=\"og:site_name\" content=\"La Gu\u00eda de Pamplona\" \/>\n<meta property=\"article:publisher\" content=\"https:\/\/www.facebook.com\/laguiadepamplonacom-133175176762273\/?ref=hl\" \/>\n<meta property=\"article:published_time\" content=\"2021-11-23T16:17:52+00:00\" \/>\n<meta property=\"article:modified_time\" content=\"2023-04-11T09:48:44+00:00\" \/>\n<meta property=\"og:image\" content=\"https:\/\/www.laguiadepamplona.com\/actualidad\/wp-content\/uploads\/2021\/11\/aedona.jpg\" \/>\n\t<meta property=\"og:image:width\" content=\"1280\" \/>\n\t<meta property=\"og:image:height\" content=\"720\" \/>\n\t<meta property=\"og:image:type\" content=\"image\/jpeg\" \/>\n<meta name=\"author\" content=\"La Gu\u00eda de Pamplona\" \/>\n<meta name=\"twitter:card\" content=\"summary_large_image\" \/>\n<meta name=\"twitter:creator\" content=\"@LaGuiadPamplona\" \/>\n<meta name=\"twitter:site\" content=\"@LaGuiadPamplona\" \/>\n<meta name=\"twitter:label1\" content=\"Escrito por\" \/>\n\t<meta name=\"twitter:data1\" content=\"La Gu\u00eda de Pamplona\" \/>\n\t<meta name=\"twitter:label2\" content=\"Tiempo de lectura\" \/>\n\t<meta name=\"twitter:data2\" content=\"3 minutos\" \/>\n<script type=\"application\/ld+json\" class=\"yoast-schema-graph\">{\"@context\":\"https:\\\/\\\/schema.org\",\"@graph\":[{\"@type\":\"Article\",\"@id\":\"https:\\\/\\\/www.laguiadepamplona.com\\\/actualidad\\\/el-ayuntamiento-de-pamplona-participa-en-sendas-jornadas-sobre-aparcamientos-seguros-para-bicicletas-y-sobre-generacion-de-energia-renovable-distribuida\\\/#article\",\"isPartOf\":{\"@id\":\"https:\\\/\\\/www.laguiadepamplona.com\\\/actualidad\\\/el-ayuntamiento-de-pamplona-participa-en-sendas-jornadas-sobre-aparcamientos-seguros-para-bicicletas-y-sobre-generacion-de-energia-renovable-distribuida\\\/\"},\"author\":{\"name\":\"La Gu\u00eda de Pamplona\",\"@id\":\"https:\\\/\\\/www.laguiadepamplona.com\\\/actualidad\\\/#\\\/schema\\\/person\\\/efe887376f0213d4657c93adc50b1fdb\"},\"headline\":\"El Ayuntamiento de Pamplona participa en sendas jornadas sobre aparcamientos seguros para bicicletas y sobre generaci\u00f3n de energ\u00eda renovable distribuida\",\"datePublished\":\"2021-11-23T16:17:52+00:00\",\"dateModified\":\"2023-04-11T09:48:44+00:00\",\"mainEntityOfPage\":{\"@id\":\"https:\\\/\\\/www.laguiadepamplona.com\\\/actualidad\\\/el-ayuntamiento-de-pamplona-participa-en-sendas-jornadas-sobre-aparcamientos-seguros-para-bicicletas-y-sobre-generacion-de-energia-renovable-distribuida\\\/\"},\"wordCount\":528,\"commentCount\":0,\"publisher\":{\"@id\":\"https:\\\/\\\/www.laguiadepamplona.com\\\/actualidad\\\/#organization\"},\"image\":{\"@id\":\"https:\\\/\\\/www.laguiadepamplona.com\\\/actualidad\\\/el-ayuntamiento-de-pamplona-participa-en-sendas-jornadas-sobre-aparcamientos-seguros-para-bicicletas-y-sobre-generacion-de-energia-renovable-distribuida\\\/#primaryimage\"},\"thumbnailUrl\":\"https:\\\/\\\/www.laguiadepamplona.com\\\/actualidad\\\/wp-content\\\/uploads\\\/2021\\\/11\\\/aedona.jpg\",\"articleSection\":[\"Ayto Pamplona\"],\"inLanguage\":\"es\",\"potentialAction\":[{\"@type\":\"CommentAction\",\"name\":\"Comment\",\"target\":[\"https:\\\/\\\/www.laguiadepamplona.com\\\/actualidad\\\/el-ayuntamiento-de-pamplona-participa-en-sendas-jornadas-sobre-aparcamientos-seguros-para-bicicletas-y-sobre-generacion-de-energia-renovable-distribuida\\\/#respond\"]}]},{\"@type\":\"WebPage\",\"@id\":\"https:\\\/\\\/www.laguiadepamplona.com\\\/actualidad\\\/el-ayuntamiento-de-pamplona-participa-en-sendas-jornadas-sobre-aparcamientos-seguros-para-bicicletas-y-sobre-generacion-de-energia-renovable-distribuida\\\/\",\"url\":\"https:\\\/\\\/www.laguiadepamplona.com\\\/actualidad\\\/el-ayuntamiento-de-pamplona-participa-en-sendas-jornadas-sobre-aparcamientos-seguros-para-bicicletas-y-sobre-generacion-de-energia-renovable-distribuida\\\/\",\"name\":\"El Ayuntamiento de Pamplona participa en sendas jornadas sobre aparcamientos seguros para bicicletas y sobre generaci\u00f3n de energ\u00eda renovable distribuida\",\"isPartOf\":{\"@id\":\"https:\\\/\\\/www.laguiadepamplona.com\\\/actualidad\\\/#website\"},\"primaryImageOfPage\":{\"@id\":\"https:\\\/\\\/www.laguiadepamplona.com\\\/actualidad\\\/el-ayuntamiento-de-pamplona-participa-en-sendas-jornadas-sobre-aparcamientos-seguros-para-bicicletas-y-sobre-generacion-de-energia-renovable-distribuida\\\/#primaryimage\"},\"image\":{\"@id\":\"https:\\\/\\\/www.laguiadepamplona.com\\\/actualidad\\\/el-ayuntamiento-de-pamplona-participa-en-sendas-jornadas-sobre-aparcamientos-seguros-para-bicicletas-y-sobre-generacion-de-energia-renovable-distribuida\\\/#primaryimage\"},\"thumbnailUrl\":\"https:\\\/\\\/www.laguiadepamplona.com\\\/actualidad\\\/wp-content\\\/uploads\\\/2021\\\/11\\\/aedona.jpg\",\"datePublished\":\"2021-11-23T16:17:52+00:00\",\"dateModified\":\"2023-04-11T09:48:44+00:00\",\"description\":\"Han sido dos jornadas organizadas, respectivamente, por la Red de Ciudades por la Bicicleta y por AEDONA\",\"breadcrumb\":{\"@id\":\"https:\\\/\\\/www.laguiadepamplona.com\\\/actualidad\\\/el-ayuntamiento-de-pamplona-participa-en-sendas-jornadas-sobre-aparcamientos-seguros-para-bicicletas-y-sobre-generacion-de-energia-renovable-distribuida\\\/#breadcrumb\"},\"inLanguage\":\"es\",\"potentialAction\":[{\"@type\":\"ReadAction\",\"target\":[\"https:\\\/\\\/www.laguiadepamplona.com\\\/actualidad\\\/el-ayuntamiento-de-pamplona-participa-en-sendas-jornadas-sobre-aparcamientos-seguros-para-bicicletas-y-sobre-generacion-de-energia-renovable-distribuida\\\/\"]}]},{\"@type\":\"ImageObject\",\"inLanguage\":\"es\",\"@id\":\"https:\\\/\\\/www.laguiadepamplona.com\\\/actualidad\\\/el-ayuntamiento-de-pamplona-participa-en-sendas-jornadas-sobre-aparcamientos-seguros-para-bicicletas-y-sobre-generacion-de-energia-renovable-distribuida\\\/#primaryimage\",\"url\":\"https:\\\/\\\/www.laguiadepamplona.com\\\/actualidad\\\/wp-content\\\/uploads\\\/2021\\\/11\\\/aedona.jpg\",\"contentUrl\":\"https:\\\/\\\/www.laguiadepamplona.com\\\/actualidad\\\/wp-content\\\/uploads\\\/2021\\\/11\\\/aedona.jpg\",\"width\":1280,\"height\":720},{\"@type\":\"BreadcrumbList\",\"@id\":\"https:\\\/\\\/www.laguiadepamplona.com\\\/actualidad\\\/el-ayuntamiento-de-pamplona-participa-en-sendas-jornadas-sobre-aparcamientos-seguros-para-bicicletas-y-sobre-generacion-de-energia-renovable-distribuida\\\/#breadcrumb\",\"itemListElement\":[{\"@type\":\"ListItem\",\"position\":1,\"name\":\"Portada\",\"item\":\"https:\\\/\\\/www.laguiadepamplona.com\\\/actualidad\\\/\"},{\"@type\":\"ListItem\",\"position\":2,\"name\":\"El Ayuntamiento de Pamplona participa en sendas jornadas sobre aparcamientos seguros para bicicletas y sobre generaci\u00f3n de energ\u00eda renovable distribuida\"}]},{\"@type\":\"WebSite\",\"@id\":\"https:\\\/\\\/www.laguiadepamplona.com\\\/actualidad\\\/#website\",\"url\":\"https:\\\/\\\/www.laguiadepamplona.com\\\/actualidad\\\/\",\"name\":\"La gu\u00eda de Pamplona\",\"description\":\"Noticias de Pamplona\",\"publisher\":{\"@id\":\"https:\\\/\\\/www.laguiadepamplona.com\\\/actualidad\\\/#organization\"},\"potentialAction\":[{\"@type\":\"SearchAction\",\"target\":{\"@type\":\"EntryPoint\",\"urlTemplate\":\"https:\\\/\\\/www.laguiadepamplona.com\\\/actualidad\\\/?s={search_term_string}\"},\"query-input\":{\"@type\":\"PropertyValueSpecification\",\"valueRequired\":true,\"valueName\":\"search_term_string\"}}],\"inLanguage\":\"es\"},{\"@type\":\"Organization\",\"@id\":\"https:\\\/\\\/www.laguiadepamplona.com\\\/actualidad\\\/#organization\",\"name\":\"La Gu\u00eda de Pamplona \\\/ Noticias\",\"url\":\"https:\\\/\\\/www.laguiadepamplona.com\\\/actualidad\\\/\",\"logo\":{\"@type\":\"ImageObject\",\"inLanguage\":\"es\",\"@id\":\"https:\\\/\\\/www.laguiadepamplona.com\\\/actualidad\\\/#\\\/schema\\\/logo\\\/image\\\/\",\"url\":\"https:\\\/\\\/www.laguiadepamplona.com\\\/actualidad\\\/wp-content\\\/uploads\\\/2018\\\/11\\\/logo-laguiadepamplona18-web1.png\",\"contentUrl\":\"https:\\\/\\\/www.laguiadepamplona.com\\\/actualidad\\\/wp-content\\\/uploads\\\/2018\\\/11\\\/logo-laguiadepamplona18-web1.png\",\"width\":600,\"height\":196,\"caption\":\"La Gu\u00eda de Pamplona \\\/ Noticias\"},\"image\":{\"@id\":\"https:\\\/\\\/www.laguiadepamplona.com\\\/actualidad\\\/#\\\/schema\\\/logo\\\/image\\\/\"},\"sameAs\":[\"https:\\\/\\\/www.facebook.com\\\/laguiadepamplonacom-133175176762273\\\/?ref=hl\",\"https:\\\/\\\/x.com\\\/LaGuiadPamplona\",\"https:\\\/\\\/www.instagram.com\\\/la_guia_de_pamplona\\\/\",\"https:\\\/\\\/www.youtube.com\\\/user\\\/laguiadepamplona\"]},{\"@type\":\"Person\",\"@id\":\"https:\\\/\\\/www.laguiadepamplona.com\\\/actualidad\\\/#\\\/schema\\\/person\\\/efe887376f0213d4657c93adc50b1fdb\",\"name\":\"La Gu\u00eda de Pamplona\",\"image\":{\"@type\":\"ImageObject\",\"inLanguage\":\"es\",\"@id\":\"https:\\\/\\\/secure.gravatar.com\\\/avatar\\\/b6992f131dc8d30ab0dff15446e9d346d9dbd95992de0fef795073f5ea83a81c?s=96&d=mm&r=g\",\"url\":\"https:\\\/\\\/secure.gravatar.com\\\/avatar\\\/b6992f131dc8d30ab0dff15446e9d346d9dbd95992de0fef795073f5ea83a81c?s=96&d=mm&r=g\",\"contentUrl\":\"https:\\\/\\\/secure.gravatar.com\\\/avatar\\\/b6992f131dc8d30ab0dff15446e9d346d9dbd95992de0fef795073f5ea83a81c?s=96&d=mm&r=g\",\"caption\":\"La Gu\u00eda de Pamplona\"}}]}<\/script>\n<!-- \/ Yoast SEO plugin. -->","yoast_head_json":{"title":"El Ayuntamiento de Pamplona participa en sendas jornadas sobre aparcamientos seguros para bicicletas y sobre generaci\u00f3n de energ\u00eda renovable distribuida","description":"Han sido dos jornadas organizadas, respectivamente, por la Red de Ciudades por la Bicicleta y por AEDONA","robots":{"index":"index","follow":"follow","max-snippet":"max-snippet:-1","max-image-preview":"max-image-preview:large","max-video-preview":"max-video-preview:-1"},"canonical":"https:\/\/www.laguiadepamplona.com\/actualidad\/el-ayuntamiento-de-pamplona-participa-en-sendas-jornadas-sobre-aparcamientos-seguros-para-bicicletas-y-sobre-generacion-de-energia-renovable-distribuida\/","og_locale":"es_ES","og_type":"article","og_title":"El Ayuntamiento de Pamplona participa en sendas jornadas sobre aparcamientos seguros para bicicletas y sobre generaci\u00f3n de energ\u00eda renovable distribuida","og_description":"Han sido dos jornadas organizadas, respectivamente, por la Red de Ciudades por la Bicicleta y por AEDONA","og_url":"https:\/\/www.laguiadepamplona.com\/actualidad\/el-ayuntamiento-de-pamplona-participa-en-sendas-jornadas-sobre-aparcamientos-seguros-para-bicicletas-y-sobre-generacion-de-energia-renovable-distribuida\/","og_site_name":"La Gu\u00eda de Pamplona","article_publisher":"https:\/\/www.facebook.com\/laguiadepamplonacom-133175176762273\/?ref=hl","article_published_time":"2021-11-23T16:17:52+00:00","article_modified_time":"2023-04-11T09:48:44+00:00","og_image":[{"width":1280,"height":720,"url":"https:\/\/www.laguiadepamplona.com\/actualidad\/wp-content\/uploads\/2021\/11\/aedona.jpg","type":"image\/jpeg"}],"author":"La Gu\u00eda de Pamplona","twitter_card":"summary_large_image","twitter_creator":"@LaGuiadPamplona","twitter_site":"@LaGuiadPamplona","twitter_misc":{"Escrito por":"La Gu\u00eda de Pamplona","Tiempo de lectura":"3 minutos"},"schema":{"@context":"https:\/\/schema.org","@graph":[{"@type":"Article","@id":"https:\/\/www.laguiadepamplona.com\/actualidad\/el-ayuntamiento-de-pamplona-participa-en-sendas-jornadas-sobre-aparcamientos-seguros-para-bicicletas-y-sobre-generacion-de-energia-renovable-distribuida\/#article","isPartOf":{"@id":"https:\/\/www.laguiadepamplona.com\/actualidad\/el-ayuntamiento-de-pamplona-participa-en-sendas-jornadas-sobre-aparcamientos-seguros-para-bicicletas-y-sobre-generacion-de-energia-renovable-distribuida\/"},"author":{"name":"La Gu\u00eda de Pamplona","@id":"https:\/\/www.laguiadepamplona.com\/actualidad\/#\/schema\/person\/efe887376f0213d4657c93adc50b1fdb"},"headline":"El Ayuntamiento de Pamplona participa en sendas jornadas sobre aparcamientos seguros para bicicletas y sobre generaci\u00f3n de energ\u00eda renovable distribuida","datePublished":"2021-11-23T16:17:52+00:00","dateModified":"2023-04-11T09:48:44+00:00","mainEntityOfPage":{"@id":"https:\/\/www.laguiadepamplona.com\/actualidad\/el-ayuntamiento-de-pamplona-participa-en-sendas-jornadas-sobre-aparcamientos-seguros-para-bicicletas-y-sobre-generacion-de-energia-renovable-distribuida\/"},"wordCount":528,"commentCount":0,"publisher":{"@id":"https:\/\/www.laguiadepamplona.com\/actualidad\/#organization"},"image":{"@id":"https:\/\/www.laguiadepamplona.com\/actualidad\/el-ayuntamiento-de-pamplona-participa-en-sendas-jornadas-sobre-aparcamientos-seguros-para-bicicletas-y-sobre-generacion-de-energia-renovable-distribuida\/#primaryimage"},"thumbnailUrl":"https:\/\/www.laguiadepamplona.com\/actualidad\/wp-content\/uploads\/2021\/11\/aedona.jpg","articleSection":["Ayto Pamplona"],"inLanguage":"es","potentialAction":[{"@type":"CommentAction","name":"Comment","target":["https:\/\/www.laguiadepamplona.com\/actualidad\/el-ayuntamiento-de-pamplona-participa-en-sendas-jornadas-sobre-aparcamientos-seguros-para-bicicletas-y-sobre-generacion-de-energia-renovable-distribuida\/#respond"]}]},{"@type":"WebPage","@id":"https:\/\/www.laguiadepamplona.com\/actualidad\/el-ayuntamiento-de-pamplona-participa-en-sendas-jornadas-sobre-aparcamientos-seguros-para-bicicletas-y-sobre-generacion-de-energia-renovable-distribuida\/","url":"https:\/\/www.laguiadepamplona.com\/actualidad\/el-ayuntamiento-de-pamplona-participa-en-sendas-jornadas-sobre-aparcamientos-seguros-para-bicicletas-y-sobre-generacion-de-energia-renovable-distribuida\/","name":"El Ayuntamiento de Pamplona participa en sendas jornadas sobre aparcamientos seguros para bicicletas y sobre generaci\u00f3n de energ\u00eda renovable distribuida","isPartOf":{"@id":"https:\/\/www.laguiadepamplona.com\/actualidad\/#website"},"primaryImageOfPage":{"@id":"https:\/\/www.laguiadepamplona.com\/actualidad\/el-ayuntamiento-de-pamplona-participa-en-sendas-jornadas-sobre-aparcamientos-seguros-para-bicicletas-y-sobre-generacion-de-energia-renovable-distribuida\/#primaryimage"},"image":{"@id":"https:\/\/www.laguiadepamplona.com\/actualidad\/el-ayuntamiento-de-pamplona-participa-en-sendas-jornadas-sobre-aparcamientos-seguros-para-bicicletas-y-sobre-generacion-de-energia-renovable-distribuida\/#primaryimage"},"thumbnailUrl":"https:\/\/www.laguiadepamplona.com\/actualidad\/wp-content\/uploads\/2021\/11\/aedona.jpg","datePublished":"2021-11-23T16:17:52+00:00","dateModified":"2023-04-11T09:48:44+00:00","description":"Han sido dos jornadas organizadas, respectivamente, por la Red de Ciudades por la Bicicleta y por AEDONA","breadcrumb":{"@id":"https:\/\/www.laguiadepamplona.com\/actualidad\/el-ayuntamiento-de-pamplona-participa-en-sendas-jornadas-sobre-aparcamientos-seguros-para-bicicletas-y-sobre-generacion-de-energia-renovable-distribuida\/#breadcrumb"},"inLanguage":"es","potentialAction":[{"@type":"ReadAction","target":["https:\/\/www.laguiadepamplona.com\/actualidad\/el-ayuntamiento-de-pamplona-participa-en-sendas-jornadas-sobre-aparcamientos-seguros-para-bicicletas-y-sobre-generacion-de-energia-renovable-distribuida\/"]}]},{"@type":"ImageObject","inLanguage":"es","@id":"https:\/\/www.laguiadepamplona.com\/actualidad\/el-ayuntamiento-de-pamplona-participa-en-sendas-jornadas-sobre-aparcamientos-seguros-para-bicicletas-y-sobre-generacion-de-energia-renovable-distribuida\/#primaryimage","url":"https:\/\/www.laguiadepamplona.com\/actualidad\/wp-content\/uploads\/2021\/11\/aedona.jpg","contentUrl":"https:\/\/www.laguiadepamplona.com\/actualidad\/wp-content\/uploads\/2021\/11\/aedona.jpg","width":1280,"height":720},{"@type":"BreadcrumbList","@id":"https:\/\/www.laguiadepamplona.com\/actualidad\/el-ayuntamiento-de-pamplona-participa-en-sendas-jornadas-sobre-aparcamientos-seguros-para-bicicletas-y-sobre-generacion-de-energia-renovable-distribuida\/#breadcrumb","itemListElement":[{"@type":"ListItem","position":1,"name":"Portada","item":"https:\/\/www.laguiadepamplona.com\/actualidad\/"},{"@type":"ListItem","position":2,"name":"El Ayuntamiento de Pamplona participa en sendas jornadas sobre aparcamientos seguros para bicicletas y sobre generaci\u00f3n de energ\u00eda renovable distribuida"}]},{"@type":"WebSite","@id":"https:\/\/www.laguiadepamplona.com\/actualidad\/#website","url":"https:\/\/www.laguiadepamplona.com\/actualidad\/","name":"La gu\u00eda de Pamplona","description":"Noticias de Pamplona","publisher":{"@id":"https:\/\/www.laguiadepamplona.com\/actualidad\/#organization"},"potentialAction":[{"@type":"SearchAction","target":{"@type":"EntryPoint","urlTemplate":"https:\/\/www.laguiadepamplona.com\/actualidad\/?s={search_term_string}"},"query-input":{"@type":"PropertyValueSpecification","valueRequired":true,"valueName":"search_term_string"}}],"inLanguage":"es"},{"@type":"Organization","@id":"https:\/\/www.laguiadepamplona.com\/actualidad\/#organization","name":"La Gu\u00eda de Pamplona \/ Noticias","url":"https:\/\/www.laguiadepamplona.com\/actualidad\/","logo":{"@type":"ImageObject","inLanguage":"es","@id":"https:\/\/www.laguiadepamplona.com\/actualidad\/#\/schema\/logo\/image\/","url":"https:\/\/www.laguiadepamplona.com\/actualidad\/wp-content\/uploads\/2018\/11\/logo-laguiadepamplona18-web1.png","contentUrl":"https:\/\/www.laguiadepamplona.com\/actualidad\/wp-content\/uploads\/2018\/11\/logo-laguiadepamplona18-web1.png","width":600,"height":196,"caption":"La Gu\u00eda de Pamplona \/ Noticias"},"image":{"@id":"https:\/\/www.laguiadepamplona.com\/actualidad\/#\/schema\/logo\/image\/"},"sameAs":["https:\/\/www.facebook.com\/laguiadepamplonacom-133175176762273\/?ref=hl","https:\/\/x.com\/LaGuiadPamplona","https:\/\/www.instagram.com\/la_guia_de_pamplona\/","https:\/\/www.youtube.com\/user\/laguiadepamplona"]},{"@type":"Person","@id":"https:\/\/www.laguiadepamplona.com\/actualidad\/#\/schema\/person\/efe887376f0213d4657c93adc50b1fdb","name":"La Gu\u00eda de Pamplona","image":{"@type":"ImageObject","inLanguage":"es","@id":"https:\/\/secure.gravatar.com\/avatar\/b6992f131dc8d30ab0dff15446e9d346d9dbd95992de0fef795073f5ea83a81c?s=96&d=mm&r=g","url":"https:\/\/secure.gravatar.com\/avatar\/b6992f131dc8d30ab0dff15446e9d346d9dbd95992de0fef795073f5ea83a81c?s=96&d=mm&r=g","contentUrl":"https:\/\/secure.gravatar.com\/avatar\/b6992f131dc8d30ab0dff15446e9d346d9dbd95992de0fef795073f5ea83a81c?s=96&d=mm&r=g","caption":"La Gu\u00eda de Pamplona"}}]}},"post_mailing_queue_ids":[],"_links":{"self":[{"href":"https:\/\/www.laguiadepamplona.com\/actualidad\/wp-json\/wp\/v2\/posts\/37717","targetHints":{"allow":["GET"]}}],"collection":[{"href":"https:\/\/www.laguiadepamplona.com\/actualidad\/wp-json\/wp\/v2\/posts"}],"about":[{"href":"https:\/\/www.laguiadepamplona.com\/actualidad\/wp-json\/wp\/v2\/types\/post"}],"author":[{"embeddable":true,"href":"https:\/\/www.laguiadepamplona.com\/actualidad\/wp-json\/wp\/v2\/users\/1"}],"replies":[{"embeddable":true,"href":"https:\/\/www.laguiadepamplona.com\/actualidad\/wp-json\/wp\/v2\/comments?post=37717"}],"version-history":[{"count":0,"href":"https:\/\/www.laguiadepamplona.com\/actualidad\/wp-json\/wp\/v2\/posts\/37717\/revisions"}],"wp:featuredmedia":[{"embeddable":true,"href":"https:\/\/www.laguiadepamplona.com\/actualidad\/wp-json\/wp\/v2\/media\/37718"}],"wp:attachment":[{"href":"https:\/\/www.laguiadepamplona.com\/actualidad\/wp-json\/wp\/v2\/media?parent=37717"}],"wp:term":[{"taxonomy":"category","embeddable":true,"href":"https:\/\/www.laguiadepamplona.com\/actualidad\/wp-json\/wp\/v2\/categories?post=37717"},{"taxonomy":"post_tag","embeddable":true,"href":"https:\/\/www.laguiadepamplona.com\/actualidad\/wp-json\/wp\/v2\/tags?post=37717"}],"curies":[{"name":"wp","href":"https:\/\/api.w.org\/{rel}","templated":true}]}}