{"id":37708,"date":"2021-11-23T18:12:15","date_gmt":"2021-11-23T16:12:15","guid":{"rendered":"https:\/\/www.laguiadepamplona.com\/actualidad\/?p=37708"},"modified":"2023-04-11T11:48:44","modified_gmt":"2023-04-11T09:48:44","slug":"el-ayuntamiento-aprueba-una-declaracion-institucional-contra-las-violencias-que-afectan-a-mujeres-y-ninas-y-anima-a-la-ciudadania-a-participar-en-el-25-de-noviembre","status":"publish","type":"post","link":"https:\/\/www.laguiadepamplona.com\/actualidad\/el-ayuntamiento-aprueba-una-declaracion-institucional-contra-las-violencias-que-afectan-a-mujeres-y-ninas-y-anima-a-la-ciudadania-a-participar-en-el-25-de-noviembre\/","title":{"rendered":"El Ayuntamiento aprueba una declaraci\u00f3n institucional contra las violencias que afectan a mujeres y ni\u00f1as y anima a la ciudadan\u00eda a participar en el 25 de Noviembre"},"content":{"rendered":"<h5>En esta ocasi\u00f3n el Consistorio en su programaci\u00f3n espec\u00edfica de actividades quiere poner el foco en la franja de edad de 14 a 30 a\u00f1os<\/h5>\n<p><!--more--><\/p>\n<p><a href=\"https:\/\/www.laguiadepamplona.com\/actualidad\/wp-content\/uploads\/2021\/11\/cartel25n.jpg\"><img loading=\"lazy\" decoding=\"async\" class=\"alignleft size-medium wp-image-37710\" src=\"https:\/\/www.laguiadepamplona.com\/actualidad\/wp-content\/uploads\/2021\/11\/cartel25n-212x300.jpg\" alt=\"\" width=\"212\" height=\"300\" srcset=\"https:\/\/www.laguiadepamplona.com\/actualidad\/wp-content\/uploads\/2021\/11\/cartel25n-212x300.jpg 212w, https:\/\/www.laguiadepamplona.com\/actualidad\/wp-content\/uploads\/2021\/11\/cartel25n-482x682.jpg 482w, https:\/\/www.laguiadepamplona.com\/actualidad\/wp-content\/uploads\/2021\/11\/cartel25n-768x1086.jpg 768w, https:\/\/www.laguiadepamplona.com\/actualidad\/wp-content\/uploads\/2021\/11\/cartel25n-1086x1536.jpg 1086w, https:\/\/www.laguiadepamplona.com\/actualidad\/wp-content\/uploads\/2021\/11\/cartel25n-640x905.jpg 640w, https:\/\/www.laguiadepamplona.com\/actualidad\/wp-content\/uploads\/2021\/11\/cartel25n.jpg 1414w\" sizes=\"auto, (max-width: 212px) 100vw, 212px\" \/><\/a>El Ayuntamiento de Pamplona, a trav\u00e9s de la Comisi\u00f3n de Asuntos Ciudadanos, ha mostrado hoy su \u201crechazo hacia todas las formas de violencia contra las mujeres, en cualquier \u00e1mbito y contexto\u201d. Es parte de la declaraci\u00f3n institucional que se leer\u00e1 en la concentraci\u00f3n organizada el pr\u00f3ximo 25 de noviembre en la Plaza Consistorial a las 12 horas con ocasi\u00f3n a la conmemoraci\u00f3n de esa fecha como D\u00eda Internacional de la Eliminaci\u00f3n de la Violencia contra las Mujeres.<\/p>\n<p>La declaraci\u00f3n recoge el compromiso del Consistorio \u201cpara incorporar a la agenda pol\u00edtica de las entidades locales medidas que garanticen el derecho de las mujeres y ni\u00f1as a una vida libre de violencias en colaboraci\u00f3n con los colectivos de mujeres y feministas y la ciudadan\u00eda (&#8230;) y anima a la ciudadan\u00eda \u201ca seguir mostrando su compromiso con la erradicaci\u00f3n de la violencia contra las mujeres y a participar en todas las actividades que se organicen en torno al 25 de Noviembre\u201d.<br \/>\n<script async src=\"\/\/pagead2.googlesyndication.com\/pagead\/js\/adsbygoogle.js\"><\/script><br \/>\n<!-- Noticias La Guia de Pamplona --><br \/>\n<ins class=\"adsbygoogle\"\nstyle=\"display:block\"\ndata-ad-client=\"ca-pub-6943679897239327\"\ndata-ad-slot=\"7048180777\"\ndata-ad-format=\"auto\"><\/ins><br \/>\n<script>\n(adsbygoogle = window.adsbygoogle || []).push({});\n<\/script><\/p>\n<p>Al hilo de esta conmemoraci\u00f3n, desde esta tarde y hasta el 30 de noviembre, el Consistorio ha organizado un conjunto de actos gratuitos para la ciudadan\u00eda en la Casa de la Juventud y en la sala municipal de la calle Calderer\u00eda. En la oferta se recogen un taller, una charla, una sesi\u00f3n de asesor\u00eda psicol\u00f3gica y una obra de teatro a cargo del grupo de teatro de la Universidad P\u00fablica de Navarra (UPNA). Una parte importante de estas actividades est\u00e1n destinadas a personas j\u00f3venes y es que, seg\u00fan las casi 800 encuestas realizadas por el Ayuntamiento de Pamplona para el III Plan de Juventud, el porcentaje de j\u00f3venes que considera muy grave la violencia contra las mujeres ha descendido dr\u00e1sticamente: del 81% en 2018, al 56% de este a\u00f1o. Adem\u00e1s, en las respuestas tambi\u00e9n se observa una atenuaci\u00f3n a la hora de enjuiciar conductas de maltrato y el 50% de los y las encuestadas dice conocer alg\u00fan caso de violencia machista; el 28% en su c\u00edrculo de amistad.<\/p>\n<p>Ya como medida de sensibilizaci\u00f3n y visibilizaci\u00f3n para el conjunto de la ciudadan\u00eda, la noche del 25 de noviembre la fachada de la Casa Consistorial se iluminar\u00e1 de morado, color tradicionalmente asociado a las reivindicaciones feministas y el Consistorio ha preparado en torno a esa fecha algunas acciones que tendr\u00e1n como soporte el espacio p\u00fablico. Dentro de este esfuerzo colectivo de reflexi\u00f3n, durante esta semana el Centro de Documentaci\u00f3n y Biblioteca de Mujeres situado en la Casa de las Mujeres) tienen disponible para consulta una selecci\u00f3n bibliogr\u00e1fica de material de investigaci\u00f3n y divulgaci\u00f3n espec\u00edfico sobre las violencias hacia las mujeres.<br \/>\n<script async src=\"\/\/pagead2.googlesyndication.com\/pagead\/js\/adsbygoogle.js\"><\/script><br \/>\n<!-- Noticias La Guia de Pamplona --><br \/>\n<ins class=\"adsbygoogle\"\nstyle=\"display:block\"\ndata-ad-client=\"ca-pub-6943679897239327\"\ndata-ad-slot=\"7048180777\"\ndata-ad-format=\"auto\"><\/ins><br \/>\n<script>\n(adsbygoogle = window.adsbygoogle || []).push({});\n<\/script><\/p>\n<p><strong>Conductas sanas e igualitarias en la juventud<\/strong><\/p>\n<p>Esta misma tarde, a las 19 horas, el programa comienza en la Casa de la Juventud con el taller preparatorio \u201cCustomiza una bandolera para el 25N\u201d; ser\u00e1 una sesi\u00f3n de manualidades con fieltro espec\u00edficamente destinada a incluir en bolsos de mano y ri\u00f1oneras s\u00edmbolos que habitualmente se usa para situarse contra la violencia de g\u00e9nero (lazos, mariposas, mano\u2026). El mi\u00e9rcoles, en ese mismo espacio a las 19 horas, una de las asesor\u00edas especializadas de la Casa ha programado el encuentro \u2018Hablamos\u2026 de amor saludable y prevenci\u00f3n contra el maltrato\u201d, en la que se pretende ayudar a las personas j\u00f3venes a identificar situaciones de maltrato y, preventivamente, a reflexionar sobre c\u00f3mo construir v\u00ednculos afectivos saludables. En esa sesi\u00f3n, a cargo de la psic\u00f3loga Idoia \u00c1ngel se ofrecer\u00e1n unos criterios para distinguir entre el amor sano y el insano y, para terminar, se analizar\u00e1 c\u00f3mo funciona el proceso en el que se desarrolla la violencia de g\u00e9nero y cu\u00e1les son las actitudes personales m\u00e1s eficaces para pararla.<\/p>\n<p>La \u00faltima actividad espec\u00edficamente programada para esa franja de edad es, el propio 25 de noviembre, la funci\u00f3n teatral \u2018Alg\u00fan amor que no mate\u2019, a cargo del grupo de teatro de la UPNA. El libreto es una adaptaci\u00f3n de novela de Dulce Chac\u00f3n que narra la historia de Prudencia, una mujer que lucha por mantener viva la llama del amor, pero esa pelea termina por minar su sonrisa, el alma, el sentido y las ganas de vivir, hasta el punto de que inmersa en su rutina se siente incapaz de asumir la realidad que est\u00e1 viviendo. La obra quiere ser el retrato de una realidad que sufren muchas mujeres, de una sociedad cada d\u00eda m\u00e1s ciega que sigue matando a mujeres por el s\u00f3lo hecho de serlo.\u201d<br \/>\n<script async src=\"\/\/pagead2.googlesyndication.com\/pagead\/js\/adsbygoogle.js\"><\/script><br \/>\n<!-- Noticias La Guia de Pamplona --><br \/>\n<ins class=\"adsbygoogle\"\nstyle=\"display:block\"\ndata-ad-client=\"ca-pub-6943679897239327\"\ndata-ad-slot=\"7048180777\"\ndata-ad-format=\"auto\"><\/ins><br \/>\n<script>\n(adsbygoogle = window.adsbygoogle || []).push({});\n<\/script><\/p>\n<p><strong>La mujer en el espacio festivo<\/strong><\/p>\n<p>El 30 de noviembre, a las 18.30 horas, la Sala de Calderer\u00eda acoger\u00e1 una charla coloquio en euskera sobre el documental \u201cAurrera egin badugu \/ Rompiendo la tradici\u00f3n\u201d, dirigido por <a href=\"https:\/\/twitter.com\/JulenHernandez\" target=\"_blank\" rel=\"noopener\">Julen Hern\u00e1ndez Esnaola<\/a>. La pel\u00edcula recopila una serie de entrevistas con integrantes de la Compa\u00f1\u00eda Jaizkibel, creada en 1997, a favor de una participaci\u00f3n paritaria en el Alarde de Hondarribia. Entre los testimonios est\u00e1 el de la capitana, Oihana Etxebarrieta, el miembro de la compa\u00f1\u00eda Jaime Altuna, la actriz Itziar Itu\u00f1o, la periodista y escritora Kattalin Miner, la escritora Arantxa Urretabizkaia y la jueza Garbi\u00f1e Biurrun. La cinta se proyectar\u00e1 de forma previa y despu\u00e9s intervendr\u00e1n dos integrantes de la Compa\u00f1\u00eda Jaizkibel.<\/p>\n<p>Tomando como ejemplo lo sucedido con este grupo de mujeres en la celebraci\u00f3n de una fiesta tradicional, la charla ser\u00e1 una aproximaci\u00f3n a la violencia simb\u00f3lica y la expulsi\u00f3n de las mujeres en espacios de participaci\u00f3n y festivos, as\u00ed como las estrategias y din\u00e1micas sociales para superarla y fomentar la igualdad entre mujeres y hombres en todos los \u00e1mbitos.<\/p>\n","protected":false},"excerpt":{"rendered":"<p>En esta ocasi\u00f3n el Consistorio en su programaci\u00f3n espec\u00edfica de actividades quiere poner el foco en la franja de edad de 14 a 30 a\u00f1os<\/p>\n","protected":false},"author":1,"featured_media":37709,"comment_status":"open","ping_status":"closed","sticky":false,"template":"","format":"standard","meta":{"footnotes":""},"categories":[2],"tags":[],"class_list":["post-37708","post","type-post","status-publish","format-standard","has-post-thumbnail","hentry","category-ayuntamiento-pamplona"],"yoast_head":"<!-- This site is optimized with the Yoast SEO plugin v27.5 - https:\/\/yoast.com\/product\/yoast-seo-wordpress\/ -->\n<title>El Ayuntamiento aprueba una declaraci\u00f3n institucional contra las violencias que afectan a mujeres y ni\u00f1as y anima a la ciudadan\u00eda a participar en el 25 de Noviembre<\/title>\n<meta name=\"description\" content=\"En esta ocasi\u00f3n el Consistorio en su programaci\u00f3n espec\u00edfica de actividades quiere poner el foco en la franja de edad de 14 a 30 a\u00f1os\" \/>\n<meta name=\"robots\" content=\"index, follow, max-snippet:-1, max-image-preview:large, max-video-preview:-1\" \/>\n<link rel=\"canonical\" href=\"https:\/\/www.laguiadepamplona.com\/actualidad\/el-ayuntamiento-aprueba-una-declaracion-institucional-contra-las-violencias-que-afectan-a-mujeres-y-ninas-y-anima-a-la-ciudadania-a-participar-en-el-25-de-noviembre\/\" \/>\n<meta property=\"og:locale\" content=\"es_ES\" \/>\n<meta property=\"og:type\" content=\"article\" \/>\n<meta property=\"og:title\" content=\"El Ayuntamiento aprueba una declaraci\u00f3n institucional contra las violencias que afectan a mujeres y ni\u00f1as y anima a la ciudadan\u00eda a participar en el 25 de Noviembre\" \/>\n<meta property=\"og:description\" content=\"En esta ocasi\u00f3n el Consistorio en su programaci\u00f3n espec\u00edfica de actividades quiere poner el foco en la franja de edad de 14 a 30 a\u00f1os\" \/>\n<meta property=\"og:url\" content=\"https:\/\/www.laguiadepamplona.com\/actualidad\/el-ayuntamiento-aprueba-una-declaracion-institucional-contra-las-violencias-que-afectan-a-mujeres-y-ninas-y-anima-a-la-ciudadania-a-participar-en-el-25-de-noviembre\/\" \/>\n<meta property=\"og:site_name\" content=\"La Gu\u00eda de Pamplona\" \/>\n<meta property=\"article:publisher\" content=\"https:\/\/www.facebook.com\/laguiadepamplonacom-133175176762273\/?ref=hl\" \/>\n<meta property=\"article:published_time\" content=\"2021-11-23T16:12:15+00:00\" \/>\n<meta property=\"article:modified_time\" content=\"2023-04-11T09:48:44+00:00\" \/>\n<meta property=\"og:image\" content=\"https:\/\/www.laguiadepamplona.com\/actualidad\/wp-content\/uploads\/2021\/11\/cartel25n1.jpg\" \/>\n\t<meta property=\"og:image:width\" content=\"1920\" \/>\n\t<meta property=\"og:image:height\" content=\"962\" \/>\n\t<meta property=\"og:image:type\" content=\"image\/jpeg\" \/>\n<meta name=\"author\" content=\"La Gu\u00eda de Pamplona\" \/>\n<meta name=\"twitter:card\" content=\"summary_large_image\" \/>\n<meta name=\"twitter:creator\" content=\"@LaGuiadPamplona\" \/>\n<meta name=\"twitter:site\" content=\"@LaGuiadPamplona\" \/>\n<meta name=\"twitter:label1\" content=\"Escrito por\" \/>\n\t<meta name=\"twitter:data1\" content=\"La Gu\u00eda de Pamplona\" \/>\n\t<meta name=\"twitter:label2\" content=\"Tiempo de lectura\" \/>\n\t<meta name=\"twitter:data2\" content=\"5 minutos\" \/>\n<script type=\"application\/ld+json\" class=\"yoast-schema-graph\">{\"@context\":\"https:\\\/\\\/schema.org\",\"@graph\":[{\"@type\":\"Article\",\"@id\":\"https:\\\/\\\/www.laguiadepamplona.com\\\/actualidad\\\/el-ayuntamiento-aprueba-una-declaracion-institucional-contra-las-violencias-que-afectan-a-mujeres-y-ninas-y-anima-a-la-ciudadania-a-participar-en-el-25-de-noviembre\\\/#article\",\"isPartOf\":{\"@id\":\"https:\\\/\\\/www.laguiadepamplona.com\\\/actualidad\\\/el-ayuntamiento-aprueba-una-declaracion-institucional-contra-las-violencias-que-afectan-a-mujeres-y-ninas-y-anima-a-la-ciudadania-a-participar-en-el-25-de-noviembre\\\/\"},\"author\":{\"name\":\"La Gu\u00eda de Pamplona\",\"@id\":\"https:\\\/\\\/www.laguiadepamplona.com\\\/actualidad\\\/#\\\/schema\\\/person\\\/efe887376f0213d4657c93adc50b1fdb\"},\"headline\":\"El Ayuntamiento aprueba una declaraci\u00f3n institucional contra las violencias que afectan a mujeres y ni\u00f1as y anima a la ciudadan\u00eda a participar en el 25 de Noviembre\",\"datePublished\":\"2021-11-23T16:12:15+00:00\",\"dateModified\":\"2023-04-11T09:48:44+00:00\",\"mainEntityOfPage\":{\"@id\":\"https:\\\/\\\/www.laguiadepamplona.com\\\/actualidad\\\/el-ayuntamiento-aprueba-una-declaracion-institucional-contra-las-violencias-que-afectan-a-mujeres-y-ninas-y-anima-a-la-ciudadania-a-participar-en-el-25-de-noviembre\\\/\"},\"wordCount\":1029,\"commentCount\":0,\"publisher\":{\"@id\":\"https:\\\/\\\/www.laguiadepamplona.com\\\/actualidad\\\/#organization\"},\"image\":{\"@id\":\"https:\\\/\\\/www.laguiadepamplona.com\\\/actualidad\\\/el-ayuntamiento-aprueba-una-declaracion-institucional-contra-las-violencias-que-afectan-a-mujeres-y-ninas-y-anima-a-la-ciudadania-a-participar-en-el-25-de-noviembre\\\/#primaryimage\"},\"thumbnailUrl\":\"https:\\\/\\\/www.laguiadepamplona.com\\\/actualidad\\\/wp-content\\\/uploads\\\/2021\\\/11\\\/cartel25n1.jpg\",\"articleSection\":[\"Ayto Pamplona\"],\"inLanguage\":\"es\",\"potentialAction\":[{\"@type\":\"CommentAction\",\"name\":\"Comment\",\"target\":[\"https:\\\/\\\/www.laguiadepamplona.com\\\/actualidad\\\/el-ayuntamiento-aprueba-una-declaracion-institucional-contra-las-violencias-que-afectan-a-mujeres-y-ninas-y-anima-a-la-ciudadania-a-participar-en-el-25-de-noviembre\\\/#respond\"]}]},{\"@type\":\"WebPage\",\"@id\":\"https:\\\/\\\/www.laguiadepamplona.com\\\/actualidad\\\/el-ayuntamiento-aprueba-una-declaracion-institucional-contra-las-violencias-que-afectan-a-mujeres-y-ninas-y-anima-a-la-ciudadania-a-participar-en-el-25-de-noviembre\\\/\",\"url\":\"https:\\\/\\\/www.laguiadepamplona.com\\\/actualidad\\\/el-ayuntamiento-aprueba-una-declaracion-institucional-contra-las-violencias-que-afectan-a-mujeres-y-ninas-y-anima-a-la-ciudadania-a-participar-en-el-25-de-noviembre\\\/\",\"name\":\"El Ayuntamiento aprueba una declaraci\u00f3n institucional contra las violencias que afectan a mujeres y ni\u00f1as y anima a la ciudadan\u00eda a participar en el 25 de Noviembre\",\"isPartOf\":{\"@id\":\"https:\\\/\\\/www.laguiadepamplona.com\\\/actualidad\\\/#website\"},\"primaryImageOfPage\":{\"@id\":\"https:\\\/\\\/www.laguiadepamplona.com\\\/actualidad\\\/el-ayuntamiento-aprueba-una-declaracion-institucional-contra-las-violencias-que-afectan-a-mujeres-y-ninas-y-anima-a-la-ciudadania-a-participar-en-el-25-de-noviembre\\\/#primaryimage\"},\"image\":{\"@id\":\"https:\\\/\\\/www.laguiadepamplona.com\\\/actualidad\\\/el-ayuntamiento-aprueba-una-declaracion-institucional-contra-las-violencias-que-afectan-a-mujeres-y-ninas-y-anima-a-la-ciudadania-a-participar-en-el-25-de-noviembre\\\/#primaryimage\"},\"thumbnailUrl\":\"https:\\\/\\\/www.laguiadepamplona.com\\\/actualidad\\\/wp-content\\\/uploads\\\/2021\\\/11\\\/cartel25n1.jpg\",\"datePublished\":\"2021-11-23T16:12:15+00:00\",\"dateModified\":\"2023-04-11T09:48:44+00:00\",\"description\":\"En esta ocasi\u00f3n el Consistorio en su programaci\u00f3n espec\u00edfica de actividades quiere poner el foco en la franja de edad de 14 a 30 a\u00f1os\",\"breadcrumb\":{\"@id\":\"https:\\\/\\\/www.laguiadepamplona.com\\\/actualidad\\\/el-ayuntamiento-aprueba-una-declaracion-institucional-contra-las-violencias-que-afectan-a-mujeres-y-ninas-y-anima-a-la-ciudadania-a-participar-en-el-25-de-noviembre\\\/#breadcrumb\"},\"inLanguage\":\"es\",\"potentialAction\":[{\"@type\":\"ReadAction\",\"target\":[\"https:\\\/\\\/www.laguiadepamplona.com\\\/actualidad\\\/el-ayuntamiento-aprueba-una-declaracion-institucional-contra-las-violencias-que-afectan-a-mujeres-y-ninas-y-anima-a-la-ciudadania-a-participar-en-el-25-de-noviembre\\\/\"]}]},{\"@type\":\"ImageObject\",\"inLanguage\":\"es\",\"@id\":\"https:\\\/\\\/www.laguiadepamplona.com\\\/actualidad\\\/el-ayuntamiento-aprueba-una-declaracion-institucional-contra-las-violencias-que-afectan-a-mujeres-y-ninas-y-anima-a-la-ciudadania-a-participar-en-el-25-de-noviembre\\\/#primaryimage\",\"url\":\"https:\\\/\\\/www.laguiadepamplona.com\\\/actualidad\\\/wp-content\\\/uploads\\\/2021\\\/11\\\/cartel25n1.jpg\",\"contentUrl\":\"https:\\\/\\\/www.laguiadepamplona.com\\\/actualidad\\\/wp-content\\\/uploads\\\/2021\\\/11\\\/cartel25n1.jpg\",\"width\":1920,\"height\":962},{\"@type\":\"BreadcrumbList\",\"@id\":\"https:\\\/\\\/www.laguiadepamplona.com\\\/actualidad\\\/el-ayuntamiento-aprueba-una-declaracion-institucional-contra-las-violencias-que-afectan-a-mujeres-y-ninas-y-anima-a-la-ciudadania-a-participar-en-el-25-de-noviembre\\\/#breadcrumb\",\"itemListElement\":[{\"@type\":\"ListItem\",\"position\":1,\"name\":\"Portada\",\"item\":\"https:\\\/\\\/www.laguiadepamplona.com\\\/actualidad\\\/\"},{\"@type\":\"ListItem\",\"position\":2,\"name\":\"El Ayuntamiento aprueba una declaraci\u00f3n institucional contra las violencias que afectan a mujeres y ni\u00f1as y anima a la ciudadan\u00eda a participar en el 25 de Noviembre\"}]},{\"@type\":\"WebSite\",\"@id\":\"https:\\\/\\\/www.laguiadepamplona.com\\\/actualidad\\\/#website\",\"url\":\"https:\\\/\\\/www.laguiadepamplona.com\\\/actualidad\\\/\",\"name\":\"La gu\u00eda de Pamplona\",\"description\":\"Noticias de Pamplona\",\"publisher\":{\"@id\":\"https:\\\/\\\/www.laguiadepamplona.com\\\/actualidad\\\/#organization\"},\"potentialAction\":[{\"@type\":\"SearchAction\",\"target\":{\"@type\":\"EntryPoint\",\"urlTemplate\":\"https:\\\/\\\/www.laguiadepamplona.com\\\/actualidad\\\/?s={search_term_string}\"},\"query-input\":{\"@type\":\"PropertyValueSpecification\",\"valueRequired\":true,\"valueName\":\"search_term_string\"}}],\"inLanguage\":\"es\"},{\"@type\":\"Organization\",\"@id\":\"https:\\\/\\\/www.laguiadepamplona.com\\\/actualidad\\\/#organization\",\"name\":\"La Gu\u00eda de Pamplona \\\/ Noticias\",\"url\":\"https:\\\/\\\/www.laguiadepamplona.com\\\/actualidad\\\/\",\"logo\":{\"@type\":\"ImageObject\",\"inLanguage\":\"es\",\"@id\":\"https:\\\/\\\/www.laguiadepamplona.com\\\/actualidad\\\/#\\\/schema\\\/logo\\\/image\\\/\",\"url\":\"https:\\\/\\\/www.laguiadepamplona.com\\\/actualidad\\\/wp-content\\\/uploads\\\/2018\\\/11\\\/logo-laguiadepamplona18-web1.png\",\"contentUrl\":\"https:\\\/\\\/www.laguiadepamplona.com\\\/actualidad\\\/wp-content\\\/uploads\\\/2018\\\/11\\\/logo-laguiadepamplona18-web1.png\",\"width\":600,\"height\":196,\"caption\":\"La Gu\u00eda de Pamplona \\\/ Noticias\"},\"image\":{\"@id\":\"https:\\\/\\\/www.laguiadepamplona.com\\\/actualidad\\\/#\\\/schema\\\/logo\\\/image\\\/\"},\"sameAs\":[\"https:\\\/\\\/www.facebook.com\\\/laguiadepamplonacom-133175176762273\\\/?ref=hl\",\"https:\\\/\\\/x.com\\\/LaGuiadPamplona\",\"https:\\\/\\\/www.instagram.com\\\/la_guia_de_pamplona\\\/\",\"https:\\\/\\\/www.youtube.com\\\/user\\\/laguiadepamplona\"]},{\"@type\":\"Person\",\"@id\":\"https:\\\/\\\/www.laguiadepamplona.com\\\/actualidad\\\/#\\\/schema\\\/person\\\/efe887376f0213d4657c93adc50b1fdb\",\"name\":\"La Gu\u00eda de Pamplona\",\"image\":{\"@type\":\"ImageObject\",\"inLanguage\":\"es\",\"@id\":\"https:\\\/\\\/secure.gravatar.com\\\/avatar\\\/b6992f131dc8d30ab0dff15446e9d346d9dbd95992de0fef795073f5ea83a81c?s=96&d=mm&r=g\",\"url\":\"https:\\\/\\\/secure.gravatar.com\\\/avatar\\\/b6992f131dc8d30ab0dff15446e9d346d9dbd95992de0fef795073f5ea83a81c?s=96&d=mm&r=g\",\"contentUrl\":\"https:\\\/\\\/secure.gravatar.com\\\/avatar\\\/b6992f131dc8d30ab0dff15446e9d346d9dbd95992de0fef795073f5ea83a81c?s=96&d=mm&r=g\",\"caption\":\"La Gu\u00eda de Pamplona\"}}]}<\/script>\n<!-- \/ Yoast SEO plugin. -->","yoast_head_json":{"title":"El Ayuntamiento aprueba una declaraci\u00f3n institucional contra las violencias que afectan a mujeres y ni\u00f1as y anima a la ciudadan\u00eda a participar en el 25 de Noviembre","description":"En esta ocasi\u00f3n el Consistorio en su programaci\u00f3n espec\u00edfica de actividades quiere poner el foco en la franja de edad de 14 a 30 a\u00f1os","robots":{"index":"index","follow":"follow","max-snippet":"max-snippet:-1","max-image-preview":"max-image-preview:large","max-video-preview":"max-video-preview:-1"},"canonical":"https:\/\/www.laguiadepamplona.com\/actualidad\/el-ayuntamiento-aprueba-una-declaracion-institucional-contra-las-violencias-que-afectan-a-mujeres-y-ninas-y-anima-a-la-ciudadania-a-participar-en-el-25-de-noviembre\/","og_locale":"es_ES","og_type":"article","og_title":"El Ayuntamiento aprueba una declaraci\u00f3n institucional contra las violencias que afectan a mujeres y ni\u00f1as y anima a la ciudadan\u00eda a participar en el 25 de Noviembre","og_description":"En esta ocasi\u00f3n el Consistorio en su programaci\u00f3n espec\u00edfica de actividades quiere poner el foco en la franja de edad de 14 a 30 a\u00f1os","og_url":"https:\/\/www.laguiadepamplona.com\/actualidad\/el-ayuntamiento-aprueba-una-declaracion-institucional-contra-las-violencias-que-afectan-a-mujeres-y-ninas-y-anima-a-la-ciudadania-a-participar-en-el-25-de-noviembre\/","og_site_name":"La Gu\u00eda de Pamplona","article_publisher":"https:\/\/www.facebook.com\/laguiadepamplonacom-133175176762273\/?ref=hl","article_published_time":"2021-11-23T16:12:15+00:00","article_modified_time":"2023-04-11T09:48:44+00:00","og_image":[{"width":1920,"height":962,"url":"https:\/\/www.laguiadepamplona.com\/actualidad\/wp-content\/uploads\/2021\/11\/cartel25n1.jpg","type":"image\/jpeg"}],"author":"La Gu\u00eda de Pamplona","twitter_card":"summary_large_image","twitter_creator":"@LaGuiadPamplona","twitter_site":"@LaGuiadPamplona","twitter_misc":{"Escrito por":"La Gu\u00eda de Pamplona","Tiempo de lectura":"5 minutos"},"schema":{"@context":"https:\/\/schema.org","@graph":[{"@type":"Article","@id":"https:\/\/www.laguiadepamplona.com\/actualidad\/el-ayuntamiento-aprueba-una-declaracion-institucional-contra-las-violencias-que-afectan-a-mujeres-y-ninas-y-anima-a-la-ciudadania-a-participar-en-el-25-de-noviembre\/#article","isPartOf":{"@id":"https:\/\/www.laguiadepamplona.com\/actualidad\/el-ayuntamiento-aprueba-una-declaracion-institucional-contra-las-violencias-que-afectan-a-mujeres-y-ninas-y-anima-a-la-ciudadania-a-participar-en-el-25-de-noviembre\/"},"author":{"name":"La Gu\u00eda de Pamplona","@id":"https:\/\/www.laguiadepamplona.com\/actualidad\/#\/schema\/person\/efe887376f0213d4657c93adc50b1fdb"},"headline":"El Ayuntamiento aprueba una declaraci\u00f3n institucional contra las violencias que afectan a mujeres y ni\u00f1as y anima a la ciudadan\u00eda a participar en el 25 de Noviembre","datePublished":"2021-11-23T16:12:15+00:00","dateModified":"2023-04-11T09:48:44+00:00","mainEntityOfPage":{"@id":"https:\/\/www.laguiadepamplona.com\/actualidad\/el-ayuntamiento-aprueba-una-declaracion-institucional-contra-las-violencias-que-afectan-a-mujeres-y-ninas-y-anima-a-la-ciudadania-a-participar-en-el-25-de-noviembre\/"},"wordCount":1029,"commentCount":0,"publisher":{"@id":"https:\/\/www.laguiadepamplona.com\/actualidad\/#organization"},"image":{"@id":"https:\/\/www.laguiadepamplona.com\/actualidad\/el-ayuntamiento-aprueba-una-declaracion-institucional-contra-las-violencias-que-afectan-a-mujeres-y-ninas-y-anima-a-la-ciudadania-a-participar-en-el-25-de-noviembre\/#primaryimage"},"thumbnailUrl":"https:\/\/www.laguiadepamplona.com\/actualidad\/wp-content\/uploads\/2021\/11\/cartel25n1.jpg","articleSection":["Ayto Pamplona"],"inLanguage":"es","potentialAction":[{"@type":"CommentAction","name":"Comment","target":["https:\/\/www.laguiadepamplona.com\/actualidad\/el-ayuntamiento-aprueba-una-declaracion-institucional-contra-las-violencias-que-afectan-a-mujeres-y-ninas-y-anima-a-la-ciudadania-a-participar-en-el-25-de-noviembre\/#respond"]}]},{"@type":"WebPage","@id":"https:\/\/www.laguiadepamplona.com\/actualidad\/el-ayuntamiento-aprueba-una-declaracion-institucional-contra-las-violencias-que-afectan-a-mujeres-y-ninas-y-anima-a-la-ciudadania-a-participar-en-el-25-de-noviembre\/","url":"https:\/\/www.laguiadepamplona.com\/actualidad\/el-ayuntamiento-aprueba-una-declaracion-institucional-contra-las-violencias-que-afectan-a-mujeres-y-ninas-y-anima-a-la-ciudadania-a-participar-en-el-25-de-noviembre\/","name":"El Ayuntamiento aprueba una declaraci\u00f3n institucional contra las violencias que afectan a mujeres y ni\u00f1as y anima a la ciudadan\u00eda a participar en el 25 de Noviembre","isPartOf":{"@id":"https:\/\/www.laguiadepamplona.com\/actualidad\/#website"},"primaryImageOfPage":{"@id":"https:\/\/www.laguiadepamplona.com\/actualidad\/el-ayuntamiento-aprueba-una-declaracion-institucional-contra-las-violencias-que-afectan-a-mujeres-y-ninas-y-anima-a-la-ciudadania-a-participar-en-el-25-de-noviembre\/#primaryimage"},"image":{"@id":"https:\/\/www.laguiadepamplona.com\/actualidad\/el-ayuntamiento-aprueba-una-declaracion-institucional-contra-las-violencias-que-afectan-a-mujeres-y-ninas-y-anima-a-la-ciudadania-a-participar-en-el-25-de-noviembre\/#primaryimage"},"thumbnailUrl":"https:\/\/www.laguiadepamplona.com\/actualidad\/wp-content\/uploads\/2021\/11\/cartel25n1.jpg","datePublished":"2021-11-23T16:12:15+00:00","dateModified":"2023-04-11T09:48:44+00:00","description":"En esta ocasi\u00f3n el Consistorio en su programaci\u00f3n espec\u00edfica de actividades quiere poner el foco en la franja de edad de 14 a 30 a\u00f1os","breadcrumb":{"@id":"https:\/\/www.laguiadepamplona.com\/actualidad\/el-ayuntamiento-aprueba-una-declaracion-institucional-contra-las-violencias-que-afectan-a-mujeres-y-ninas-y-anima-a-la-ciudadania-a-participar-en-el-25-de-noviembre\/#breadcrumb"},"inLanguage":"es","potentialAction":[{"@type":"ReadAction","target":["https:\/\/www.laguiadepamplona.com\/actualidad\/el-ayuntamiento-aprueba-una-declaracion-institucional-contra-las-violencias-que-afectan-a-mujeres-y-ninas-y-anima-a-la-ciudadania-a-participar-en-el-25-de-noviembre\/"]}]},{"@type":"ImageObject","inLanguage":"es","@id":"https:\/\/www.laguiadepamplona.com\/actualidad\/el-ayuntamiento-aprueba-una-declaracion-institucional-contra-las-violencias-que-afectan-a-mujeres-y-ninas-y-anima-a-la-ciudadania-a-participar-en-el-25-de-noviembre\/#primaryimage","url":"https:\/\/www.laguiadepamplona.com\/actualidad\/wp-content\/uploads\/2021\/11\/cartel25n1.jpg","contentUrl":"https:\/\/www.laguiadepamplona.com\/actualidad\/wp-content\/uploads\/2021\/11\/cartel25n1.jpg","width":1920,"height":962},{"@type":"BreadcrumbList","@id":"https:\/\/www.laguiadepamplona.com\/actualidad\/el-ayuntamiento-aprueba-una-declaracion-institucional-contra-las-violencias-que-afectan-a-mujeres-y-ninas-y-anima-a-la-ciudadania-a-participar-en-el-25-de-noviembre\/#breadcrumb","itemListElement":[{"@type":"ListItem","position":1,"name":"Portada","item":"https:\/\/www.laguiadepamplona.com\/actualidad\/"},{"@type":"ListItem","position":2,"name":"El Ayuntamiento aprueba una declaraci\u00f3n institucional contra las violencias que afectan a mujeres y ni\u00f1as y anima a la ciudadan\u00eda a participar en el 25 de Noviembre"}]},{"@type":"WebSite","@id":"https:\/\/www.laguiadepamplona.com\/actualidad\/#website","url":"https:\/\/www.laguiadepamplona.com\/actualidad\/","name":"La gu\u00eda de Pamplona","description":"Noticias de Pamplona","publisher":{"@id":"https:\/\/www.laguiadepamplona.com\/actualidad\/#organization"},"potentialAction":[{"@type":"SearchAction","target":{"@type":"EntryPoint","urlTemplate":"https:\/\/www.laguiadepamplona.com\/actualidad\/?s={search_term_string}"},"query-input":{"@type":"PropertyValueSpecification","valueRequired":true,"valueName":"search_term_string"}}],"inLanguage":"es"},{"@type":"Organization","@id":"https:\/\/www.laguiadepamplona.com\/actualidad\/#organization","name":"La Gu\u00eda de Pamplona \/ Noticias","url":"https:\/\/www.laguiadepamplona.com\/actualidad\/","logo":{"@type":"ImageObject","inLanguage":"es","@id":"https:\/\/www.laguiadepamplona.com\/actualidad\/#\/schema\/logo\/image\/","url":"https:\/\/www.laguiadepamplona.com\/actualidad\/wp-content\/uploads\/2018\/11\/logo-laguiadepamplona18-web1.png","contentUrl":"https:\/\/www.laguiadepamplona.com\/actualidad\/wp-content\/uploads\/2018\/11\/logo-laguiadepamplona18-web1.png","width":600,"height":196,"caption":"La Gu\u00eda de Pamplona \/ Noticias"},"image":{"@id":"https:\/\/www.laguiadepamplona.com\/actualidad\/#\/schema\/logo\/image\/"},"sameAs":["https:\/\/www.facebook.com\/laguiadepamplonacom-133175176762273\/?ref=hl","https:\/\/x.com\/LaGuiadPamplona","https:\/\/www.instagram.com\/la_guia_de_pamplona\/","https:\/\/www.youtube.com\/user\/laguiadepamplona"]},{"@type":"Person","@id":"https:\/\/www.laguiadepamplona.com\/actualidad\/#\/schema\/person\/efe887376f0213d4657c93adc50b1fdb","name":"La Gu\u00eda de Pamplona","image":{"@type":"ImageObject","inLanguage":"es","@id":"https:\/\/secure.gravatar.com\/avatar\/b6992f131dc8d30ab0dff15446e9d346d9dbd95992de0fef795073f5ea83a81c?s=96&d=mm&r=g","url":"https:\/\/secure.gravatar.com\/avatar\/b6992f131dc8d30ab0dff15446e9d346d9dbd95992de0fef795073f5ea83a81c?s=96&d=mm&r=g","contentUrl":"https:\/\/secure.gravatar.com\/avatar\/b6992f131dc8d30ab0dff15446e9d346d9dbd95992de0fef795073f5ea83a81c?s=96&d=mm&r=g","caption":"La Gu\u00eda de Pamplona"}}]}},"post_mailing_queue_ids":[],"_links":{"self":[{"href":"https:\/\/www.laguiadepamplona.com\/actualidad\/wp-json\/wp\/v2\/posts\/37708","targetHints":{"allow":["GET"]}}],"collection":[{"href":"https:\/\/www.laguiadepamplona.com\/actualidad\/wp-json\/wp\/v2\/posts"}],"about":[{"href":"https:\/\/www.laguiadepamplona.com\/actualidad\/wp-json\/wp\/v2\/types\/post"}],"author":[{"embeddable":true,"href":"https:\/\/www.laguiadepamplona.com\/actualidad\/wp-json\/wp\/v2\/users\/1"}],"replies":[{"embeddable":true,"href":"https:\/\/www.laguiadepamplona.com\/actualidad\/wp-json\/wp\/v2\/comments?post=37708"}],"version-history":[{"count":0,"href":"https:\/\/www.laguiadepamplona.com\/actualidad\/wp-json\/wp\/v2\/posts\/37708\/revisions"}],"wp:featuredmedia":[{"embeddable":true,"href":"https:\/\/www.laguiadepamplona.com\/actualidad\/wp-json\/wp\/v2\/media\/37709"}],"wp:attachment":[{"href":"https:\/\/www.laguiadepamplona.com\/actualidad\/wp-json\/wp\/v2\/media?parent=37708"}],"wp:term":[{"taxonomy":"category","embeddable":true,"href":"https:\/\/www.laguiadepamplona.com\/actualidad\/wp-json\/wp\/v2\/categories?post=37708"},{"taxonomy":"post_tag","embeddable":true,"href":"https:\/\/www.laguiadepamplona.com\/actualidad\/wp-json\/wp\/v2\/tags?post=37708"}],"curies":[{"name":"wp","href":"https:\/\/api.w.org\/{rel}","templated":true}]}}