{"id":37704,"date":"2021-11-23T18:08:47","date_gmt":"2021-11-23T16:08:47","guid":{"rendered":"https:\/\/www.laguiadepamplona.com\/actualidad\/?p=37704"},"modified":"2023-04-11T11:48:44","modified_gmt":"2023-04-11T09:48:44","slug":"un-mural-de-140-metros-de-largo-homenajeara-en-lezkairu-a-47-mujeres-que-han-contribuido-con-sus-trayectorias-vitales-y-profesionales-a-la-historia-de-la-humanidad","status":"publish","type":"post","link":"https:\/\/www.laguiadepamplona.com\/actualidad\/un-mural-de-140-metros-de-largo-homenajeara-en-lezkairu-a-47-mujeres-que-han-contribuido-con-sus-trayectorias-vitales-y-profesionales-a-la-historia-de-la-humanidad\/","title":{"rendered":"Un mural de 140 metros de largo homenajear\u00e1 en Lezkairu a 47 mujeres que han contribuido con sus trayectorias vitales y profesionales a la historia de la humanidad"},"content":{"rendered":"<h5>La ciudadan\u00eda podr\u00e1 colaborar con el colectivo de artistas \u00abVariopintas\u00bb mediante talleres en la creaci\u00f3n de esta \u2018La senda de las pioneras\u2019<\/h5>\n<p><!--more--><\/p>\n<figure id=\"attachment_37706\" aria-describedby=\"caption-attachment-37706\" style=\"width: 450px\" class=\"wp-caption alignleft\"><img loading=\"lazy\" decoding=\"async\" class=\"size-medium wp-image-37706\" src=\"https:\/\/www.laguiadepamplona.com\/actualidad\/wp-content\/uploads\/2021\/11\/pioneras20211123jmg6936_0-450x300.jpg\" alt=\"\" width=\"450\" height=\"300\" srcset=\"https:\/\/www.laguiadepamplona.com\/actualidad\/wp-content\/uploads\/2021\/11\/pioneras20211123jmg6936_0-450x300.jpg 450w, https:\/\/www.laguiadepamplona.com\/actualidad\/wp-content\/uploads\/2021\/11\/pioneras20211123jmg6936_0-1024x682.jpg 1024w, https:\/\/www.laguiadepamplona.com\/actualidad\/wp-content\/uploads\/2021\/11\/pioneras20211123jmg6936_0-768x512.jpg 768w, https:\/\/www.laguiadepamplona.com\/actualidad\/wp-content\/uploads\/2021\/11\/pioneras20211123jmg6936_0-1536x1024.jpg 1536w, https:\/\/www.laguiadepamplona.com\/actualidad\/wp-content\/uploads\/2021\/11\/pioneras20211123jmg6936_0-640x427.jpg 640w, https:\/\/www.laguiadepamplona.com\/actualidad\/wp-content\/uploads\/2021\/11\/pioneras20211123jmg6936_0.jpg 1920w\" sizes=\"auto, (max-width: 450px) 100vw, 450px\" \/><figcaption id=\"caption-attachment-37706\" class=\"wp-caption-text\">A* Jesus Garzaron<br \/>F* 2021_11_23<br \/>T* Visita del comisi\u00f3n de asuntos ciudadanos al mural de lezkairu<br \/>L* Plaza Las Pioneras<\/figcaption><\/figure>\n<p>140 metros de homenaje a 47 mujeres. Es el objetivo del proyecto de mural \u2018La senda de las pioneras\u2019, una obra art\u00edstica ubicada en un muro que recorre por su parte superior el parque del mismo de Lezkairu. Y es que este espacio fue concebido, desde su inicio, para nombrar mujeres. El Consistorio ha encargado al colectivo de artistas \u00abVariopintas\u00bb el dise\u00f1o y realizaci\u00f3n de un friso de 140 x 1,50 m sobre un muro de hormig\u00f3n cuya superficie ha sido tratada previamente y recubierta con pintura pl\u00e1stica para exterior. Pero tambi\u00e9n la ciudadan\u00eda podr\u00e1 participar en esta intervenci\u00f3n reivindicativa y art\u00edstica en el espacio p\u00fablico. Desde el Ayuntamiento de Pamplona se han programado ocho talleres para todos los p\u00fablicos en los s\u00e1bados de noviembre y diciembre, aunque tendr\u00e1 prioridad el vecindario y las asociaciones del propio barrio.<br \/>\n<script async src=\"\/\/pagead2.googlesyndication.com\/pagead\/js\/adsbygoogle.js\"><\/script><br \/>\n<!-- Noticias La Guia de Pamplona --><br \/>\n<ins class=\"adsbygoogle\"\nstyle=\"display:block\"\ndata-ad-client=\"ca-pub-6943679897239327\"\ndata-ad-slot=\"7048180777\"\ndata-ad-format=\"auto\"><\/ins><br \/>\n<script>\n(adsbygoogle = window.adsbygoogle || []).push({});\n<\/script><\/p>\n<p>Esta ma\u00f1ana la Comisi\u00f3n de Asuntos Ciudadanos ha bajado a conocer de primera mano cu\u00e1l es la previsi\u00f3n de resultado final de esta obra colectiva en la que se emplear\u00e1n coloras y t\u00e9cnicas diversas para convertir la pared en un homenaje a mujeres pioneras en diferentes campos culturales, art\u00edsticos, educativos o cient\u00edficos a lo largo de la historia. Esta intervenci\u00f3n ha sido posible gracias al acuerdo presupuestario logrado por los grupos municipales de navarra Suma y Socialistas del Ayuntamiento de Pamplona.<\/p>\n<p>Los talleres son gratuitos, est\u00e1n dirigidos a personas de todas las edades, se desarrollar\u00e1n los s\u00e1bados: 20 y 27 de noviembre, y 4, 11, 18, 23, 28 y 30 de diciembre, en horario de 11 a 12.30 horas. Adem\u00e1s de poder participar en la configuraci\u00f3n tanto est\u00e9tica, como conceptual de la ciudad, las personas participantes recibir\u00e1n informaci\u00f3n sobre la \u00e9poca y la historia de las mujeres representadas durante la actividad. Las inscripciones se pueden hacer desde hoy en el correo electr\u00f3nico <a href=\"mailto:teaenlaazotea@gmail.com\">teaenlaazotea@gmail.com<\/a> o bien a trav\u00e9s del tel\u00e9fono 665 30 15 54. Cada s\u00e1bado el punto de encuentro ser\u00e1 la rotonda que hay junto al ascensor urbano de Lezkairu.<\/p>\n<p>Los talleres estar\u00e1n tutorizados por personas integrantes del colectivo que se ha hecho cargo del mural y que est\u00e1 compuesto por Gabriela Barrio (Tea en la azotea), Mila Garc\u00eda, (Similarte), Rebecca Gil, Itziar Go\u00f1i, Idoia Iribertegui, Leire Olkotz, Concha Pasamar y Berta Suescun. El arte textil o el recorte de papel, la ilustraci\u00f3n, la poes\u00eda, la pintura, la escultura o el dise\u00f1o son algunos de los \u00e1mbitos en que habitualmente desarrollan su faceta creativa por separado.<br \/>\n<script async src=\"\/\/pagead2.googlesyndication.com\/pagead\/js\/adsbygoogle.js\"><\/script><br \/>\n<!-- Noticias La Guia de Pamplona --><br \/>\n<ins class=\"adsbygoogle\"\nstyle=\"display:block\"\ndata-ad-client=\"ca-pub-6943679897239327\"\ndata-ad-slot=\"7048180777\"\ndata-ad-format=\"auto\"><\/ins><br \/>\n<script>\n(adsbygoogle = window.adsbygoogle || []).push({});\n<\/script><\/p>\n<p><strong>Mujeres de todas \u00e9pocas y procedencias<\/strong><\/p>\n<p>El criterio de selecci\u00f3n ha sido amplio en cuanto a su actividad, origen y cronolog\u00eda, pero las 47 mujeres escogidas son pioneras de alg\u00fan modo por haber transitado nuevas sendas en su momento y en su entorno: todas ellas han abierto, de diversas maneras, camino a sus contempor\u00e1neas y a las siguientes generaciones. La selecci\u00f3n se ha centrado en mujeres relevantes, pero, en su mayor\u00eda poco conocidas.<\/p>\n<p>Desde el siglo IV hasta \u00e9poca contempor\u00e1nea, las mujeres escogidas para el mural de Lezkairu proceden de los cinco continentes, de pa\u00edses como Francia, Italia, Espa\u00f1a, Estados Unidos, India, Per\u00fa, Inglaterra, Alemania, Honduras, Nigeria, Kenia, Kenia, Jap\u00f3n, Australia, Rusia, Costa Rica, M\u00e9xico, Egipto, Somalia o Argentina.<\/p>\n<p>Otro tanto hay que decir de sus campos de experiencia. Dise\u00f1adoras, tatuadoras, activistas por los derechos civiles o medioambientales, artistas, pintoras, m\u00fasicas, reformadoras de sus sociedades en diferentes pa\u00edses y \u00e9pocas, cient\u00edficas, fil\u00f3sofas, maestras, periodistas, naturalistas, fot\u00f3grafas, directoras de cine, astronautas, m\u00e9dicas\u2026. Son mujeres punteras en sus campos profesionales, cuyas figuras representan un amplio espectro de capacidades y cuyas trayectorias fueron destacables, gozaran o no de reconocimiento general previo. Entre ellas hay ocho mujeres navarras.<br \/>\n<script async src=\"\/\/pagead2.googlesyndication.com\/pagead\/js\/adsbygoogle.js\"><\/script><br \/>\n<!-- Noticias La Guia de Pamplona --><br \/>\n<ins class=\"adsbygoogle\"\nstyle=\"display:block\"\ndata-ad-client=\"ca-pub-6943679897239327\"\ndata-ad-slot=\"7048180777\"\ndata-ad-format=\"auto\"><\/ins><br \/>\n<script>\n(adsbygoogle = window.adsbygoogle || []).push({});\n<\/script><\/p>\n<p>&nbsp;<\/p>\n<h3>Las mujeres de \u2018La senda de las pioneras\u2019<\/h3>\n<ol>\n<li>Josephine Baker<\/li>\n<li>Maud Wagner<\/li>\n<li>Sofonisba Anguissola<\/li>\n<li>Rosetta Tharpe<\/li>\n<li>Camino Oscoz<\/li>\n<li>Savitri Phule<\/li>\n<li>Ruth Buend\u00eda<\/li>\n<li>Wallada bint al-Mustakfi<\/li>\n<li>Christine de Pizan<\/li>\n<li>Rosalind Franklin<\/li>\n<li>Josefina Castellv\u00ed Piulachs<\/li>\n<li>Marianne Brant<\/li>\n<li>Berta C\u00e1ceres<\/li>\n<li>Malala Yousafzai<\/li>\n<li>Ane Goodall<\/li>\n<li>Funmilayo Ransome-Kuti<\/li>\n<li>Gerda Taro<\/li>\n<li>Maruja Mallo<\/li>\n<li>Teresa Catal\u00e1n<\/li>\n<li>Wangari Maathai<\/li>\n<li>Harriet Tubman<\/li>\n<li>Carmen Baroja<\/li>\n<li>Eularia Abaitua<\/li>\n<li>Benita Asas<\/li>\n<li>Maddalen Jauregiberry<\/li>\n<li>Margaret Elizabeth Fountaine<\/li>\n<li>Remigia Echarren Aranguren<\/li>\n<li>Vanessa Bell<\/li>\n<li>Alice Guy<\/li>\n<li>Tazuko Sanake<\/li>\n<li>Vida Jane Mary Goldstein<\/li>\n<li>Mar\u00eda Blasco<\/li>\n<li>Valentina Tereskhova<\/li>\n<li>Chavela Vargas<\/li>\n<li>Martija de Ja\u00faregui<\/li>\n<li>Hipatia de Alejandr\u00eda<\/li>\n<li>Lotte Reiniger<\/li>\n<li>Francisca Bartolozzi (Pitti Bartolozzi)<\/li>\n<li>Mar\u00eda del Villar Berruezo<\/li>\n<li>Murasaki Shikibu<\/li>\n<li>Leyla Hussein<\/li>\n<li>Maddalena Casulana<\/li>\n<li>Azucena Villaflor<\/li>\n<li>Anne Sullivan<\/li>\n<li>Helen Keller<\/li>\n<li>Carmen Amaya<\/li>\n<li>Sylvia Alice Earle<\/li>\n<\/ol>\n","protected":false},"excerpt":{"rendered":"<p>La ciudadan\u00eda podr\u00e1 colaborar con el colectivo de artistas \u00abVariopintas\u00bb mediante talleres en la creaci\u00f3n de esta \u2018La senda de las pioneras\u2019<\/p>\n","protected":false},"author":1,"featured_media":37705,"comment_status":"open","ping_status":"closed","sticky":false,"template":"","format":"standard","meta":{"footnotes":""},"categories":[2],"tags":[],"class_list":["post-37704","post","type-post","status-publish","format-standard","has-post-thumbnail","hentry","category-ayuntamiento-pamplona"],"yoast_head":"<!-- This site is optimized with the Yoast SEO plugin v27.5 - https:\/\/yoast.com\/product\/yoast-seo-wordpress\/ -->\n<title>Un mural de 140 metros de largo homenajear\u00e1 en Lezkairu a 47 mujeres que han contribuido con sus trayectorias vitales y profesionales a la historia de la humanidad<\/title>\n<meta name=\"description\" content=\"La ciudadan\u00eda podr\u00e1 colaborar con el colectivo de artistas \u00abVariopintas\u00bb mediante talleres en la creaci\u00f3n de esta \u2018La senda de las pioneras\u2019\" \/>\n<meta name=\"robots\" content=\"index, follow, max-snippet:-1, max-image-preview:large, max-video-preview:-1\" \/>\n<link rel=\"canonical\" href=\"https:\/\/www.laguiadepamplona.com\/actualidad\/un-mural-de-140-metros-de-largo-homenajeara-en-lezkairu-a-47-mujeres-que-han-contribuido-con-sus-trayectorias-vitales-y-profesionales-a-la-historia-de-la-humanidad\/\" \/>\n<meta property=\"og:locale\" content=\"es_ES\" \/>\n<meta property=\"og:type\" content=\"article\" \/>\n<meta property=\"og:title\" content=\"Un mural de 140 metros de largo homenajear\u00e1 en Lezkairu a 47 mujeres que han contribuido con sus trayectorias vitales y profesionales a la historia de la humanidad\" \/>\n<meta property=\"og:description\" content=\"La ciudadan\u00eda podr\u00e1 colaborar con el colectivo de artistas \u00abVariopintas\u00bb mediante talleres en la creaci\u00f3n de esta \u2018La senda de las pioneras\u2019\" \/>\n<meta property=\"og:url\" content=\"https:\/\/www.laguiadepamplona.com\/actualidad\/un-mural-de-140-metros-de-largo-homenajeara-en-lezkairu-a-47-mujeres-que-han-contribuido-con-sus-trayectorias-vitales-y-profesionales-a-la-historia-de-la-humanidad\/\" \/>\n<meta property=\"og:site_name\" content=\"La Gu\u00eda de Pamplona\" \/>\n<meta property=\"article:publisher\" content=\"https:\/\/www.facebook.com\/laguiadepamplonacom-133175176762273\/?ref=hl\" \/>\n<meta property=\"article:published_time\" content=\"2021-11-23T16:08:47+00:00\" \/>\n<meta property=\"article:modified_time\" content=\"2023-04-11T09:48:44+00:00\" \/>\n<meta property=\"og:image\" content=\"https:\/\/www.laguiadepamplona.com\/actualidad\/wp-content\/uploads\/2021\/11\/pioneras20211123jmg6904.jpg\" \/>\n\t<meta property=\"og:image:width\" content=\"1920\" \/>\n\t<meta property=\"og:image:height\" content=\"1280\" \/>\n\t<meta property=\"og:image:type\" content=\"image\/jpeg\" \/>\n<meta name=\"author\" content=\"La Gu\u00eda de Pamplona\" \/>\n<meta name=\"twitter:card\" content=\"summary_large_image\" \/>\n<meta name=\"twitter:creator\" content=\"@LaGuiadPamplona\" \/>\n<meta name=\"twitter:site\" content=\"@LaGuiadPamplona\" \/>\n<meta name=\"twitter:label1\" content=\"Escrito por\" \/>\n\t<meta name=\"twitter:data1\" content=\"La Gu\u00eda de Pamplona\" \/>\n\t<meta name=\"twitter:label2\" content=\"Tiempo de lectura\" \/>\n\t<meta name=\"twitter:data2\" content=\"4 minutos\" \/>\n<script type=\"application\/ld+json\" class=\"yoast-schema-graph\">{\"@context\":\"https:\\\/\\\/schema.org\",\"@graph\":[{\"@type\":\"Article\",\"@id\":\"https:\\\/\\\/www.laguiadepamplona.com\\\/actualidad\\\/un-mural-de-140-metros-de-largo-homenajeara-en-lezkairu-a-47-mujeres-que-han-contribuido-con-sus-trayectorias-vitales-y-profesionales-a-la-historia-de-la-humanidad\\\/#article\",\"isPartOf\":{\"@id\":\"https:\\\/\\\/www.laguiadepamplona.com\\\/actualidad\\\/un-mural-de-140-metros-de-largo-homenajeara-en-lezkairu-a-47-mujeres-que-han-contribuido-con-sus-trayectorias-vitales-y-profesionales-a-la-historia-de-la-humanidad\\\/\"},\"author\":{\"name\":\"La Gu\u00eda de Pamplona\",\"@id\":\"https:\\\/\\\/www.laguiadepamplona.com\\\/actualidad\\\/#\\\/schema\\\/person\\\/efe887376f0213d4657c93adc50b1fdb\"},\"headline\":\"Un mural de 140 metros de largo homenajear\u00e1 en Lezkairu a 47 mujeres que han contribuido con sus trayectorias vitales y profesionales a la historia de la humanidad\",\"datePublished\":\"2021-11-23T16:08:47+00:00\",\"dateModified\":\"2023-04-11T09:48:44+00:00\",\"mainEntityOfPage\":{\"@id\":\"https:\\\/\\\/www.laguiadepamplona.com\\\/actualidad\\\/un-mural-de-140-metros-de-largo-homenajeara-en-lezkairu-a-47-mujeres-que-han-contribuido-con-sus-trayectorias-vitales-y-profesionales-a-la-historia-de-la-humanidad\\\/\"},\"wordCount\":837,\"commentCount\":0,\"publisher\":{\"@id\":\"https:\\\/\\\/www.laguiadepamplona.com\\\/actualidad\\\/#organization\"},\"image\":{\"@id\":\"https:\\\/\\\/www.laguiadepamplona.com\\\/actualidad\\\/un-mural-de-140-metros-de-largo-homenajeara-en-lezkairu-a-47-mujeres-que-han-contribuido-con-sus-trayectorias-vitales-y-profesionales-a-la-historia-de-la-humanidad\\\/#primaryimage\"},\"thumbnailUrl\":\"https:\\\/\\\/www.laguiadepamplona.com\\\/actualidad\\\/wp-content\\\/uploads\\\/2021\\\/11\\\/pioneras20211123jmg6904.jpg\",\"articleSection\":[\"Ayto Pamplona\"],\"inLanguage\":\"es\",\"potentialAction\":[{\"@type\":\"CommentAction\",\"name\":\"Comment\",\"target\":[\"https:\\\/\\\/www.laguiadepamplona.com\\\/actualidad\\\/un-mural-de-140-metros-de-largo-homenajeara-en-lezkairu-a-47-mujeres-que-han-contribuido-con-sus-trayectorias-vitales-y-profesionales-a-la-historia-de-la-humanidad\\\/#respond\"]}]},{\"@type\":\"WebPage\",\"@id\":\"https:\\\/\\\/www.laguiadepamplona.com\\\/actualidad\\\/un-mural-de-140-metros-de-largo-homenajeara-en-lezkairu-a-47-mujeres-que-han-contribuido-con-sus-trayectorias-vitales-y-profesionales-a-la-historia-de-la-humanidad\\\/\",\"url\":\"https:\\\/\\\/www.laguiadepamplona.com\\\/actualidad\\\/un-mural-de-140-metros-de-largo-homenajeara-en-lezkairu-a-47-mujeres-que-han-contribuido-con-sus-trayectorias-vitales-y-profesionales-a-la-historia-de-la-humanidad\\\/\",\"name\":\"Un mural de 140 metros de largo homenajear\u00e1 en Lezkairu a 47 mujeres que han contribuido con sus trayectorias vitales y profesionales a la historia de la humanidad\",\"isPartOf\":{\"@id\":\"https:\\\/\\\/www.laguiadepamplona.com\\\/actualidad\\\/#website\"},\"primaryImageOfPage\":{\"@id\":\"https:\\\/\\\/www.laguiadepamplona.com\\\/actualidad\\\/un-mural-de-140-metros-de-largo-homenajeara-en-lezkairu-a-47-mujeres-que-han-contribuido-con-sus-trayectorias-vitales-y-profesionales-a-la-historia-de-la-humanidad\\\/#primaryimage\"},\"image\":{\"@id\":\"https:\\\/\\\/www.laguiadepamplona.com\\\/actualidad\\\/un-mural-de-140-metros-de-largo-homenajeara-en-lezkairu-a-47-mujeres-que-han-contribuido-con-sus-trayectorias-vitales-y-profesionales-a-la-historia-de-la-humanidad\\\/#primaryimage\"},\"thumbnailUrl\":\"https:\\\/\\\/www.laguiadepamplona.com\\\/actualidad\\\/wp-content\\\/uploads\\\/2021\\\/11\\\/pioneras20211123jmg6904.jpg\",\"datePublished\":\"2021-11-23T16:08:47+00:00\",\"dateModified\":\"2023-04-11T09:48:44+00:00\",\"description\":\"La ciudadan\u00eda podr\u00e1 colaborar con el colectivo de artistas \u00abVariopintas\u00bb mediante talleres en la creaci\u00f3n de esta \u2018La senda de las pioneras\u2019\",\"breadcrumb\":{\"@id\":\"https:\\\/\\\/www.laguiadepamplona.com\\\/actualidad\\\/un-mural-de-140-metros-de-largo-homenajeara-en-lezkairu-a-47-mujeres-que-han-contribuido-con-sus-trayectorias-vitales-y-profesionales-a-la-historia-de-la-humanidad\\\/#breadcrumb\"},\"inLanguage\":\"es\",\"potentialAction\":[{\"@type\":\"ReadAction\",\"target\":[\"https:\\\/\\\/www.laguiadepamplona.com\\\/actualidad\\\/un-mural-de-140-metros-de-largo-homenajeara-en-lezkairu-a-47-mujeres-que-han-contribuido-con-sus-trayectorias-vitales-y-profesionales-a-la-historia-de-la-humanidad\\\/\"]}]},{\"@type\":\"ImageObject\",\"inLanguage\":\"es\",\"@id\":\"https:\\\/\\\/www.laguiadepamplona.com\\\/actualidad\\\/un-mural-de-140-metros-de-largo-homenajeara-en-lezkairu-a-47-mujeres-que-han-contribuido-con-sus-trayectorias-vitales-y-profesionales-a-la-historia-de-la-humanidad\\\/#primaryimage\",\"url\":\"https:\\\/\\\/www.laguiadepamplona.com\\\/actualidad\\\/wp-content\\\/uploads\\\/2021\\\/11\\\/pioneras20211123jmg6904.jpg\",\"contentUrl\":\"https:\\\/\\\/www.laguiadepamplona.com\\\/actualidad\\\/wp-content\\\/uploads\\\/2021\\\/11\\\/pioneras20211123jmg6904.jpg\",\"width\":1920,\"height\":1280,\"caption\":\"A* Jesus Garzaron F* 2021_11_23 T* Visita del comisi\u00f3n de asuntos ciudadanos al mural de lezkairu L* Plaza Las Pioneras\"},{\"@type\":\"BreadcrumbList\",\"@id\":\"https:\\\/\\\/www.laguiadepamplona.com\\\/actualidad\\\/un-mural-de-140-metros-de-largo-homenajeara-en-lezkairu-a-47-mujeres-que-han-contribuido-con-sus-trayectorias-vitales-y-profesionales-a-la-historia-de-la-humanidad\\\/#breadcrumb\",\"itemListElement\":[{\"@type\":\"ListItem\",\"position\":1,\"name\":\"Portada\",\"item\":\"https:\\\/\\\/www.laguiadepamplona.com\\\/actualidad\\\/\"},{\"@type\":\"ListItem\",\"position\":2,\"name\":\"Un mural de 140 metros de largo homenajear\u00e1 en Lezkairu a 47 mujeres que han contribuido con sus trayectorias vitales y profesionales a la historia de la humanidad\"}]},{\"@type\":\"WebSite\",\"@id\":\"https:\\\/\\\/www.laguiadepamplona.com\\\/actualidad\\\/#website\",\"url\":\"https:\\\/\\\/www.laguiadepamplona.com\\\/actualidad\\\/\",\"name\":\"La gu\u00eda de Pamplona\",\"description\":\"Noticias de Pamplona\",\"publisher\":{\"@id\":\"https:\\\/\\\/www.laguiadepamplona.com\\\/actualidad\\\/#organization\"},\"potentialAction\":[{\"@type\":\"SearchAction\",\"target\":{\"@type\":\"EntryPoint\",\"urlTemplate\":\"https:\\\/\\\/www.laguiadepamplona.com\\\/actualidad\\\/?s={search_term_string}\"},\"query-input\":{\"@type\":\"PropertyValueSpecification\",\"valueRequired\":true,\"valueName\":\"search_term_string\"}}],\"inLanguage\":\"es\"},{\"@type\":\"Organization\",\"@id\":\"https:\\\/\\\/www.laguiadepamplona.com\\\/actualidad\\\/#organization\",\"name\":\"La Gu\u00eda de Pamplona \\\/ Noticias\",\"url\":\"https:\\\/\\\/www.laguiadepamplona.com\\\/actualidad\\\/\",\"logo\":{\"@type\":\"ImageObject\",\"inLanguage\":\"es\",\"@id\":\"https:\\\/\\\/www.laguiadepamplona.com\\\/actualidad\\\/#\\\/schema\\\/logo\\\/image\\\/\",\"url\":\"https:\\\/\\\/www.laguiadepamplona.com\\\/actualidad\\\/wp-content\\\/uploads\\\/2018\\\/11\\\/logo-laguiadepamplona18-web1.png\",\"contentUrl\":\"https:\\\/\\\/www.laguiadepamplona.com\\\/actualidad\\\/wp-content\\\/uploads\\\/2018\\\/11\\\/logo-laguiadepamplona18-web1.png\",\"width\":600,\"height\":196,\"caption\":\"La Gu\u00eda de Pamplona \\\/ Noticias\"},\"image\":{\"@id\":\"https:\\\/\\\/www.laguiadepamplona.com\\\/actualidad\\\/#\\\/schema\\\/logo\\\/image\\\/\"},\"sameAs\":[\"https:\\\/\\\/www.facebook.com\\\/laguiadepamplonacom-133175176762273\\\/?ref=hl\",\"https:\\\/\\\/x.com\\\/LaGuiadPamplona\",\"https:\\\/\\\/www.instagram.com\\\/la_guia_de_pamplona\\\/\",\"https:\\\/\\\/www.youtube.com\\\/user\\\/laguiadepamplona\"]},{\"@type\":\"Person\",\"@id\":\"https:\\\/\\\/www.laguiadepamplona.com\\\/actualidad\\\/#\\\/schema\\\/person\\\/efe887376f0213d4657c93adc50b1fdb\",\"name\":\"La Gu\u00eda de Pamplona\",\"image\":{\"@type\":\"ImageObject\",\"inLanguage\":\"es\",\"@id\":\"https:\\\/\\\/secure.gravatar.com\\\/avatar\\\/b6992f131dc8d30ab0dff15446e9d346d9dbd95992de0fef795073f5ea83a81c?s=96&d=mm&r=g\",\"url\":\"https:\\\/\\\/secure.gravatar.com\\\/avatar\\\/b6992f131dc8d30ab0dff15446e9d346d9dbd95992de0fef795073f5ea83a81c?s=96&d=mm&r=g\",\"contentUrl\":\"https:\\\/\\\/secure.gravatar.com\\\/avatar\\\/b6992f131dc8d30ab0dff15446e9d346d9dbd95992de0fef795073f5ea83a81c?s=96&d=mm&r=g\",\"caption\":\"La Gu\u00eda de Pamplona\"}}]}<\/script>\n<!-- \/ Yoast SEO plugin. -->","yoast_head_json":{"title":"Un mural de 140 metros de largo homenajear\u00e1 en Lezkairu a 47 mujeres que han contribuido con sus trayectorias vitales y profesionales a la historia de la humanidad","description":"La ciudadan\u00eda podr\u00e1 colaborar con el colectivo de artistas \u00abVariopintas\u00bb mediante talleres en la creaci\u00f3n de esta \u2018La senda de las pioneras\u2019","robots":{"index":"index","follow":"follow","max-snippet":"max-snippet:-1","max-image-preview":"max-image-preview:large","max-video-preview":"max-video-preview:-1"},"canonical":"https:\/\/www.laguiadepamplona.com\/actualidad\/un-mural-de-140-metros-de-largo-homenajeara-en-lezkairu-a-47-mujeres-que-han-contribuido-con-sus-trayectorias-vitales-y-profesionales-a-la-historia-de-la-humanidad\/","og_locale":"es_ES","og_type":"article","og_title":"Un mural de 140 metros de largo homenajear\u00e1 en Lezkairu a 47 mujeres que han contribuido con sus trayectorias vitales y profesionales a la historia de la humanidad","og_description":"La ciudadan\u00eda podr\u00e1 colaborar con el colectivo de artistas \u00abVariopintas\u00bb mediante talleres en la creaci\u00f3n de esta \u2018La senda de las pioneras\u2019","og_url":"https:\/\/www.laguiadepamplona.com\/actualidad\/un-mural-de-140-metros-de-largo-homenajeara-en-lezkairu-a-47-mujeres-que-han-contribuido-con-sus-trayectorias-vitales-y-profesionales-a-la-historia-de-la-humanidad\/","og_site_name":"La Gu\u00eda de Pamplona","article_publisher":"https:\/\/www.facebook.com\/laguiadepamplonacom-133175176762273\/?ref=hl","article_published_time":"2021-11-23T16:08:47+00:00","article_modified_time":"2023-04-11T09:48:44+00:00","og_image":[{"width":1920,"height":1280,"url":"https:\/\/www.laguiadepamplona.com\/actualidad\/wp-content\/uploads\/2021\/11\/pioneras20211123jmg6904.jpg","type":"image\/jpeg"}],"author":"La Gu\u00eda de Pamplona","twitter_card":"summary_large_image","twitter_creator":"@LaGuiadPamplona","twitter_site":"@LaGuiadPamplona","twitter_misc":{"Escrito por":"La Gu\u00eda de Pamplona","Tiempo de lectura":"4 minutos"},"schema":{"@context":"https:\/\/schema.org","@graph":[{"@type":"Article","@id":"https:\/\/www.laguiadepamplona.com\/actualidad\/un-mural-de-140-metros-de-largo-homenajeara-en-lezkairu-a-47-mujeres-que-han-contribuido-con-sus-trayectorias-vitales-y-profesionales-a-la-historia-de-la-humanidad\/#article","isPartOf":{"@id":"https:\/\/www.laguiadepamplona.com\/actualidad\/un-mural-de-140-metros-de-largo-homenajeara-en-lezkairu-a-47-mujeres-que-han-contribuido-con-sus-trayectorias-vitales-y-profesionales-a-la-historia-de-la-humanidad\/"},"author":{"name":"La Gu\u00eda de Pamplona","@id":"https:\/\/www.laguiadepamplona.com\/actualidad\/#\/schema\/person\/efe887376f0213d4657c93adc50b1fdb"},"headline":"Un mural de 140 metros de largo homenajear\u00e1 en Lezkairu a 47 mujeres que han contribuido con sus trayectorias vitales y profesionales a la historia de la humanidad","datePublished":"2021-11-23T16:08:47+00:00","dateModified":"2023-04-11T09:48:44+00:00","mainEntityOfPage":{"@id":"https:\/\/www.laguiadepamplona.com\/actualidad\/un-mural-de-140-metros-de-largo-homenajeara-en-lezkairu-a-47-mujeres-que-han-contribuido-con-sus-trayectorias-vitales-y-profesionales-a-la-historia-de-la-humanidad\/"},"wordCount":837,"commentCount":0,"publisher":{"@id":"https:\/\/www.laguiadepamplona.com\/actualidad\/#organization"},"image":{"@id":"https:\/\/www.laguiadepamplona.com\/actualidad\/un-mural-de-140-metros-de-largo-homenajeara-en-lezkairu-a-47-mujeres-que-han-contribuido-con-sus-trayectorias-vitales-y-profesionales-a-la-historia-de-la-humanidad\/#primaryimage"},"thumbnailUrl":"https:\/\/www.laguiadepamplona.com\/actualidad\/wp-content\/uploads\/2021\/11\/pioneras20211123jmg6904.jpg","articleSection":["Ayto Pamplona"],"inLanguage":"es","potentialAction":[{"@type":"CommentAction","name":"Comment","target":["https:\/\/www.laguiadepamplona.com\/actualidad\/un-mural-de-140-metros-de-largo-homenajeara-en-lezkairu-a-47-mujeres-que-han-contribuido-con-sus-trayectorias-vitales-y-profesionales-a-la-historia-de-la-humanidad\/#respond"]}]},{"@type":"WebPage","@id":"https:\/\/www.laguiadepamplona.com\/actualidad\/un-mural-de-140-metros-de-largo-homenajeara-en-lezkairu-a-47-mujeres-que-han-contribuido-con-sus-trayectorias-vitales-y-profesionales-a-la-historia-de-la-humanidad\/","url":"https:\/\/www.laguiadepamplona.com\/actualidad\/un-mural-de-140-metros-de-largo-homenajeara-en-lezkairu-a-47-mujeres-que-han-contribuido-con-sus-trayectorias-vitales-y-profesionales-a-la-historia-de-la-humanidad\/","name":"Un mural de 140 metros de largo homenajear\u00e1 en Lezkairu a 47 mujeres que han contribuido con sus trayectorias vitales y profesionales a la historia de la humanidad","isPartOf":{"@id":"https:\/\/www.laguiadepamplona.com\/actualidad\/#website"},"primaryImageOfPage":{"@id":"https:\/\/www.laguiadepamplona.com\/actualidad\/un-mural-de-140-metros-de-largo-homenajeara-en-lezkairu-a-47-mujeres-que-han-contribuido-con-sus-trayectorias-vitales-y-profesionales-a-la-historia-de-la-humanidad\/#primaryimage"},"image":{"@id":"https:\/\/www.laguiadepamplona.com\/actualidad\/un-mural-de-140-metros-de-largo-homenajeara-en-lezkairu-a-47-mujeres-que-han-contribuido-con-sus-trayectorias-vitales-y-profesionales-a-la-historia-de-la-humanidad\/#primaryimage"},"thumbnailUrl":"https:\/\/www.laguiadepamplona.com\/actualidad\/wp-content\/uploads\/2021\/11\/pioneras20211123jmg6904.jpg","datePublished":"2021-11-23T16:08:47+00:00","dateModified":"2023-04-11T09:48:44+00:00","description":"La ciudadan\u00eda podr\u00e1 colaborar con el colectivo de artistas \u00abVariopintas\u00bb mediante talleres en la creaci\u00f3n de esta \u2018La senda de las pioneras\u2019","breadcrumb":{"@id":"https:\/\/www.laguiadepamplona.com\/actualidad\/un-mural-de-140-metros-de-largo-homenajeara-en-lezkairu-a-47-mujeres-que-han-contribuido-con-sus-trayectorias-vitales-y-profesionales-a-la-historia-de-la-humanidad\/#breadcrumb"},"inLanguage":"es","potentialAction":[{"@type":"ReadAction","target":["https:\/\/www.laguiadepamplona.com\/actualidad\/un-mural-de-140-metros-de-largo-homenajeara-en-lezkairu-a-47-mujeres-que-han-contribuido-con-sus-trayectorias-vitales-y-profesionales-a-la-historia-de-la-humanidad\/"]}]},{"@type":"ImageObject","inLanguage":"es","@id":"https:\/\/www.laguiadepamplona.com\/actualidad\/un-mural-de-140-metros-de-largo-homenajeara-en-lezkairu-a-47-mujeres-que-han-contribuido-con-sus-trayectorias-vitales-y-profesionales-a-la-historia-de-la-humanidad\/#primaryimage","url":"https:\/\/www.laguiadepamplona.com\/actualidad\/wp-content\/uploads\/2021\/11\/pioneras20211123jmg6904.jpg","contentUrl":"https:\/\/www.laguiadepamplona.com\/actualidad\/wp-content\/uploads\/2021\/11\/pioneras20211123jmg6904.jpg","width":1920,"height":1280,"caption":"A* Jesus Garzaron F* 2021_11_23 T* Visita del comisi\u00f3n de asuntos ciudadanos al mural de lezkairu L* Plaza Las Pioneras"},{"@type":"BreadcrumbList","@id":"https:\/\/www.laguiadepamplona.com\/actualidad\/un-mural-de-140-metros-de-largo-homenajeara-en-lezkairu-a-47-mujeres-que-han-contribuido-con-sus-trayectorias-vitales-y-profesionales-a-la-historia-de-la-humanidad\/#breadcrumb","itemListElement":[{"@type":"ListItem","position":1,"name":"Portada","item":"https:\/\/www.laguiadepamplona.com\/actualidad\/"},{"@type":"ListItem","position":2,"name":"Un mural de 140 metros de largo homenajear\u00e1 en Lezkairu a 47 mujeres que han contribuido con sus trayectorias vitales y profesionales a la historia de la humanidad"}]},{"@type":"WebSite","@id":"https:\/\/www.laguiadepamplona.com\/actualidad\/#website","url":"https:\/\/www.laguiadepamplona.com\/actualidad\/","name":"La gu\u00eda de Pamplona","description":"Noticias de Pamplona","publisher":{"@id":"https:\/\/www.laguiadepamplona.com\/actualidad\/#organization"},"potentialAction":[{"@type":"SearchAction","target":{"@type":"EntryPoint","urlTemplate":"https:\/\/www.laguiadepamplona.com\/actualidad\/?s={search_term_string}"},"query-input":{"@type":"PropertyValueSpecification","valueRequired":true,"valueName":"search_term_string"}}],"inLanguage":"es"},{"@type":"Organization","@id":"https:\/\/www.laguiadepamplona.com\/actualidad\/#organization","name":"La Gu\u00eda de Pamplona \/ Noticias","url":"https:\/\/www.laguiadepamplona.com\/actualidad\/","logo":{"@type":"ImageObject","inLanguage":"es","@id":"https:\/\/www.laguiadepamplona.com\/actualidad\/#\/schema\/logo\/image\/","url":"https:\/\/www.laguiadepamplona.com\/actualidad\/wp-content\/uploads\/2018\/11\/logo-laguiadepamplona18-web1.png","contentUrl":"https:\/\/www.laguiadepamplona.com\/actualidad\/wp-content\/uploads\/2018\/11\/logo-laguiadepamplona18-web1.png","width":600,"height":196,"caption":"La Gu\u00eda de Pamplona \/ Noticias"},"image":{"@id":"https:\/\/www.laguiadepamplona.com\/actualidad\/#\/schema\/logo\/image\/"},"sameAs":["https:\/\/www.facebook.com\/laguiadepamplonacom-133175176762273\/?ref=hl","https:\/\/x.com\/LaGuiadPamplona","https:\/\/www.instagram.com\/la_guia_de_pamplona\/","https:\/\/www.youtube.com\/user\/laguiadepamplona"]},{"@type":"Person","@id":"https:\/\/www.laguiadepamplona.com\/actualidad\/#\/schema\/person\/efe887376f0213d4657c93adc50b1fdb","name":"La Gu\u00eda de Pamplona","image":{"@type":"ImageObject","inLanguage":"es","@id":"https:\/\/secure.gravatar.com\/avatar\/b6992f131dc8d30ab0dff15446e9d346d9dbd95992de0fef795073f5ea83a81c?s=96&d=mm&r=g","url":"https:\/\/secure.gravatar.com\/avatar\/b6992f131dc8d30ab0dff15446e9d346d9dbd95992de0fef795073f5ea83a81c?s=96&d=mm&r=g","contentUrl":"https:\/\/secure.gravatar.com\/avatar\/b6992f131dc8d30ab0dff15446e9d346d9dbd95992de0fef795073f5ea83a81c?s=96&d=mm&r=g","caption":"La Gu\u00eda de Pamplona"}}]}},"post_mailing_queue_ids":[],"_links":{"self":[{"href":"https:\/\/www.laguiadepamplona.com\/actualidad\/wp-json\/wp\/v2\/posts\/37704","targetHints":{"allow":["GET"]}}],"collection":[{"href":"https:\/\/www.laguiadepamplona.com\/actualidad\/wp-json\/wp\/v2\/posts"}],"about":[{"href":"https:\/\/www.laguiadepamplona.com\/actualidad\/wp-json\/wp\/v2\/types\/post"}],"author":[{"embeddable":true,"href":"https:\/\/www.laguiadepamplona.com\/actualidad\/wp-json\/wp\/v2\/users\/1"}],"replies":[{"embeddable":true,"href":"https:\/\/www.laguiadepamplona.com\/actualidad\/wp-json\/wp\/v2\/comments?post=37704"}],"version-history":[{"count":0,"href":"https:\/\/www.laguiadepamplona.com\/actualidad\/wp-json\/wp\/v2\/posts\/37704\/revisions"}],"wp:featuredmedia":[{"embeddable":true,"href":"https:\/\/www.laguiadepamplona.com\/actualidad\/wp-json\/wp\/v2\/media\/37705"}],"wp:attachment":[{"href":"https:\/\/www.laguiadepamplona.com\/actualidad\/wp-json\/wp\/v2\/media?parent=37704"}],"wp:term":[{"taxonomy":"category","embeddable":true,"href":"https:\/\/www.laguiadepamplona.com\/actualidad\/wp-json\/wp\/v2\/categories?post=37704"},{"taxonomy":"post_tag","embeddable":true,"href":"https:\/\/www.laguiadepamplona.com\/actualidad\/wp-json\/wp\/v2\/tags?post=37704"}],"curies":[{"name":"wp","href":"https:\/\/api.w.org\/{rel}","templated":true}]}}