{"id":37671,"date":"2021-11-22T16:26:49","date_gmt":"2021-11-22T14:26:49","guid":{"rendered":"https:\/\/www.laguiadepamplona.com\/actualidad\/?p=37671"},"modified":"2023-04-11T11:48:44","modified_gmt":"2023-04-11T09:48:44","slug":"el-ayuntamiento-de-pamplona-inicia-la-tramitacion-del-expediente-que-le-permitira-devolver-de-oficio-las-sanciones-del-confinamiento","status":"publish","type":"post","link":"https:\/\/www.laguiadepamplona.com\/actualidad\/el-ayuntamiento-de-pamplona-inicia-la-tramitacion-del-expediente-que-le-permitira-devolver-de-oficio-las-sanciones-del-confinamiento\/","title":{"rendered":"El Ayuntamiento de Pamplona inicia la tramitaci\u00f3n del expediente que le permitir\u00e1 devolver de oficio las sanciones del confinamiento"},"content":{"rendered":"<h5>Ser\u00edan sanciones nulas seg\u00fan la sentencia del Tribunal Constitucional que declaraba inconstitucional la limitaci\u00f3n de circulaci\u00f3n por la COVID-19<\/h5>\n<p><!--more--><\/p>\n<p>La Junta de Gobierno Local ha aprobado hoy el inicio de la tramitaci\u00f3n del expediente que le permitir\u00e1 devolver de oficio las sanciones interpuestas por la entidad local en Pamplona durante el primer estado de alarma (del 14 de marzo al 21 junio de 2020).<br \/>\n<script async src=\"\/\/pagead2.googlesyndication.com\/pagead\/js\/adsbygoogle.js\"><\/script><br \/>\n<!-- Noticias La Guia de Pamplona --><br \/>\n<ins class=\"adsbygoogle\"\nstyle=\"display:block\"\ndata-ad-client=\"ca-pub-6943679897239327\"\ndata-ad-slot=\"7048180777\"\ndata-ad-format=\"auto\"><\/ins><br \/>\n<script>\n(adsbygoogle = window.adsbygoogle || []).push({});\n<\/script><\/p>\n<p>Estas sanciones, se ver\u00edan afectadas por nulidad de pleno derecho seg\u00fan la sentencia del Tribunal Constitucional (TC) del pasado mes de julio que declaraba inconstitucional la limitaci\u00f3n de circulaci\u00f3n de personas y veh\u00edculos durante el primer estado de alarma, toda vez que, debiendo haber sido aprobada por el Congreso de los Diputados, lo fue inconstitucionalmente por el Gobierno de la Naci\u00f3n. Por esta actuaci\u00f3n del Gobierno, la Sentencia anul\u00f3 el Real Decreto en cuanto a la limitaci\u00f3n de la libertad de circulaci\u00f3n de las personas, habilitando para la imposici\u00f3n de sanciones por su incumplimiento.<\/p>\n<p>As\u00ed, el Ayuntamiento de Pamplona ha acordado estudiar, con voluntad de devoluci\u00f3n, en qu\u00e9 circunstancias es aplicable la sentencia, ya que el \u00f3rgano de jurisdicci\u00f3n constitucional recog\u00eda en su texto que, aunque no son susceptibles de revisi\u00f3n todos los actos, s\u00ed existe una excepci\u00f3n en aquellos que tengan relevancia sancionadora.<\/p>\n","protected":false},"excerpt":{"rendered":"<p>Ser\u00edan sanciones nulas seg\u00fan la sentencia del Tribunal Constitucional que declaraba inconstitucional la limitaci\u00f3n de circulaci\u00f3n por la COVID-19<\/p>\n","protected":false},"author":1,"featured_media":36074,"comment_status":"open","ping_status":"closed","sticky":false,"template":"","format":"standard","meta":{"footnotes":""},"categories":[2],"tags":[],"class_list":["post-37671","post","type-post","status-publish","format-standard","has-post-thumbnail","hentry","category-ayuntamiento-pamplona"],"yoast_head":"<!-- This site is optimized with the Yoast SEO plugin v27.3 - https:\/\/yoast.com\/product\/yoast-seo-wordpress\/ -->\n<title>El Ayuntamiento de Pamplona inicia la tramitaci\u00f3n del expediente que le permitir\u00e1 devolver de oficio las sanciones del confinamiento<\/title>\n<meta name=\"description\" content=\"Ser\u00edan sanciones nulas seg\u00fan la sentencia del Tribunal Constitucional que declaraba inconstitucional la limitaci\u00f3n de circulaci\u00f3n por la COVID-19\" \/>\n<meta name=\"robots\" content=\"index, follow, max-snippet:-1, max-image-preview:large, max-video-preview:-1\" \/>\n<link rel=\"canonical\" href=\"https:\/\/www.laguiadepamplona.com\/actualidad\/el-ayuntamiento-de-pamplona-inicia-la-tramitacion-del-expediente-que-le-permitira-devolver-de-oficio-las-sanciones-del-confinamiento\/\" \/>\n<meta property=\"og:locale\" content=\"es_ES\" \/>\n<meta property=\"og:type\" content=\"article\" \/>\n<meta property=\"og:title\" content=\"El Ayuntamiento de Pamplona inicia la tramitaci\u00f3n del expediente que le permitir\u00e1 devolver de oficio las sanciones del confinamiento\" \/>\n<meta property=\"og:description\" content=\"Ser\u00edan sanciones nulas seg\u00fan la sentencia del Tribunal Constitucional que declaraba inconstitucional la limitaci\u00f3n de circulaci\u00f3n por la COVID-19\" \/>\n<meta property=\"og:url\" content=\"https:\/\/www.laguiadepamplona.com\/actualidad\/el-ayuntamiento-de-pamplona-inicia-la-tramitacion-del-expediente-que-le-permitira-devolver-de-oficio-las-sanciones-del-confinamiento\/\" \/>\n<meta property=\"og:site_name\" content=\"La Gu\u00eda de Pamplona\" \/>\n<meta property=\"article:publisher\" content=\"https:\/\/www.facebook.com\/laguiadepamplonacom-133175176762273\/?ref=hl\" \/>\n<meta property=\"article:published_time\" content=\"2021-11-22T14:26:49+00:00\" \/>\n<meta property=\"article:modified_time\" content=\"2023-04-11T09:48:44+00:00\" \/>\n<meta property=\"og:image\" content=\"https:\/\/www.laguiadepamplona.com\/actualidad\/wp-content\/uploads\/2021\/08\/ayuntamiento-pamplona2.jpg\" \/>\n\t<meta property=\"og:image:width\" content=\"1920\" \/>\n\t<meta property=\"og:image:height\" content=\"1080\" \/>\n\t<meta property=\"og:image:type\" content=\"image\/jpeg\" \/>\n<meta name=\"author\" content=\"La Gu\u00eda de Pamplona\" \/>\n<meta name=\"twitter:card\" content=\"summary_large_image\" \/>\n<meta name=\"twitter:creator\" content=\"@LaGuiadPamplona\" \/>\n<meta name=\"twitter:site\" content=\"@LaGuiadPamplona\" \/>\n<meta name=\"twitter:label1\" content=\"Escrito por\" \/>\n\t<meta name=\"twitter:data1\" content=\"La Gu\u00eda de Pamplona\" \/>\n\t<meta name=\"twitter:label2\" content=\"Tiempo de lectura\" \/>\n\t<meta name=\"twitter:data2\" content=\"1 minuto\" \/>\n<script type=\"application\/ld+json\" class=\"yoast-schema-graph\">{\"@context\":\"https:\\\/\\\/schema.org\",\"@graph\":[{\"@type\":\"Article\",\"@id\":\"https:\\\/\\\/www.laguiadepamplona.com\\\/actualidad\\\/el-ayuntamiento-de-pamplona-inicia-la-tramitacion-del-expediente-que-le-permitira-devolver-de-oficio-las-sanciones-del-confinamiento\\\/#article\",\"isPartOf\":{\"@id\":\"https:\\\/\\\/www.laguiadepamplona.com\\\/actualidad\\\/el-ayuntamiento-de-pamplona-inicia-la-tramitacion-del-expediente-que-le-permitira-devolver-de-oficio-las-sanciones-del-confinamiento\\\/\"},\"author\":{\"name\":\"La Gu\u00eda de Pamplona\",\"@id\":\"https:\\\/\\\/www.laguiadepamplona.com\\\/actualidad\\\/#\\\/schema\\\/person\\\/efe887376f0213d4657c93adc50b1fdb\"},\"headline\":\"El Ayuntamiento de Pamplona inicia la tramitaci\u00f3n del expediente que le permitir\u00e1 devolver de oficio las sanciones del confinamiento\",\"datePublished\":\"2021-11-22T14:26:49+00:00\",\"dateModified\":\"2023-04-11T09:48:44+00:00\",\"mainEntityOfPage\":{\"@id\":\"https:\\\/\\\/www.laguiadepamplona.com\\\/actualidad\\\/el-ayuntamiento-de-pamplona-inicia-la-tramitacion-del-expediente-que-le-permitira-devolver-de-oficio-las-sanciones-del-confinamiento\\\/\"},\"wordCount\":245,\"commentCount\":0,\"publisher\":{\"@id\":\"https:\\\/\\\/www.laguiadepamplona.com\\\/actualidad\\\/#organization\"},\"image\":{\"@id\":\"https:\\\/\\\/www.laguiadepamplona.com\\\/actualidad\\\/el-ayuntamiento-de-pamplona-inicia-la-tramitacion-del-expediente-que-le-permitira-devolver-de-oficio-las-sanciones-del-confinamiento\\\/#primaryimage\"},\"thumbnailUrl\":\"https:\\\/\\\/www.laguiadepamplona.com\\\/actualidad\\\/wp-content\\\/uploads\\\/2021\\\/08\\\/ayuntamiento-pamplona2.jpg\",\"articleSection\":[\"Ayto Pamplona\"],\"inLanguage\":\"es\",\"potentialAction\":[{\"@type\":\"CommentAction\",\"name\":\"Comment\",\"target\":[\"https:\\\/\\\/www.laguiadepamplona.com\\\/actualidad\\\/el-ayuntamiento-de-pamplona-inicia-la-tramitacion-del-expediente-que-le-permitira-devolver-de-oficio-las-sanciones-del-confinamiento\\\/#respond\"]}]},{\"@type\":\"WebPage\",\"@id\":\"https:\\\/\\\/www.laguiadepamplona.com\\\/actualidad\\\/el-ayuntamiento-de-pamplona-inicia-la-tramitacion-del-expediente-que-le-permitira-devolver-de-oficio-las-sanciones-del-confinamiento\\\/\",\"url\":\"https:\\\/\\\/www.laguiadepamplona.com\\\/actualidad\\\/el-ayuntamiento-de-pamplona-inicia-la-tramitacion-del-expediente-que-le-permitira-devolver-de-oficio-las-sanciones-del-confinamiento\\\/\",\"name\":\"El Ayuntamiento de Pamplona inicia la tramitaci\u00f3n del expediente que le permitir\u00e1 devolver de oficio las sanciones del confinamiento\",\"isPartOf\":{\"@id\":\"https:\\\/\\\/www.laguiadepamplona.com\\\/actualidad\\\/#website\"},\"primaryImageOfPage\":{\"@id\":\"https:\\\/\\\/www.laguiadepamplona.com\\\/actualidad\\\/el-ayuntamiento-de-pamplona-inicia-la-tramitacion-del-expediente-que-le-permitira-devolver-de-oficio-las-sanciones-del-confinamiento\\\/#primaryimage\"},\"image\":{\"@id\":\"https:\\\/\\\/www.laguiadepamplona.com\\\/actualidad\\\/el-ayuntamiento-de-pamplona-inicia-la-tramitacion-del-expediente-que-le-permitira-devolver-de-oficio-las-sanciones-del-confinamiento\\\/#primaryimage\"},\"thumbnailUrl\":\"https:\\\/\\\/www.laguiadepamplona.com\\\/actualidad\\\/wp-content\\\/uploads\\\/2021\\\/08\\\/ayuntamiento-pamplona2.jpg\",\"datePublished\":\"2021-11-22T14:26:49+00:00\",\"dateModified\":\"2023-04-11T09:48:44+00:00\",\"description\":\"Ser\u00edan sanciones nulas seg\u00fan la sentencia del Tribunal Constitucional que declaraba inconstitucional la limitaci\u00f3n de circulaci\u00f3n por la COVID-19\",\"breadcrumb\":{\"@id\":\"https:\\\/\\\/www.laguiadepamplona.com\\\/actualidad\\\/el-ayuntamiento-de-pamplona-inicia-la-tramitacion-del-expediente-que-le-permitira-devolver-de-oficio-las-sanciones-del-confinamiento\\\/#breadcrumb\"},\"inLanguage\":\"es\",\"potentialAction\":[{\"@type\":\"ReadAction\",\"target\":[\"https:\\\/\\\/www.laguiadepamplona.com\\\/actualidad\\\/el-ayuntamiento-de-pamplona-inicia-la-tramitacion-del-expediente-que-le-permitira-devolver-de-oficio-las-sanciones-del-confinamiento\\\/\"]}]},{\"@type\":\"ImageObject\",\"inLanguage\":\"es\",\"@id\":\"https:\\\/\\\/www.laguiadepamplona.com\\\/actualidad\\\/el-ayuntamiento-de-pamplona-inicia-la-tramitacion-del-expediente-que-le-permitira-devolver-de-oficio-las-sanciones-del-confinamiento\\\/#primaryimage\",\"url\":\"https:\\\/\\\/www.laguiadepamplona.com\\\/actualidad\\\/wp-content\\\/uploads\\\/2021\\\/08\\\/ayuntamiento-pamplona2.jpg\",\"contentUrl\":\"https:\\\/\\\/www.laguiadepamplona.com\\\/actualidad\\\/wp-content\\\/uploads\\\/2021\\\/08\\\/ayuntamiento-pamplona2.jpg\",\"width\":1920,\"height\":1080,\"caption\":\"ayuntamiento pamplona\"},{\"@type\":\"BreadcrumbList\",\"@id\":\"https:\\\/\\\/www.laguiadepamplona.com\\\/actualidad\\\/el-ayuntamiento-de-pamplona-inicia-la-tramitacion-del-expediente-que-le-permitira-devolver-de-oficio-las-sanciones-del-confinamiento\\\/#breadcrumb\",\"itemListElement\":[{\"@type\":\"ListItem\",\"position\":1,\"name\":\"Portada\",\"item\":\"https:\\\/\\\/www.laguiadepamplona.com\\\/actualidad\\\/\"},{\"@type\":\"ListItem\",\"position\":2,\"name\":\"El Ayuntamiento de Pamplona inicia la tramitaci\u00f3n del expediente que le permitir\u00e1 devolver de oficio las sanciones del confinamiento\"}]},{\"@type\":\"WebSite\",\"@id\":\"https:\\\/\\\/www.laguiadepamplona.com\\\/actualidad\\\/#website\",\"url\":\"https:\\\/\\\/www.laguiadepamplona.com\\\/actualidad\\\/\",\"name\":\"La gu\u00eda de Pamplona\",\"description\":\"Noticias de Pamplona\",\"publisher\":{\"@id\":\"https:\\\/\\\/www.laguiadepamplona.com\\\/actualidad\\\/#organization\"},\"potentialAction\":[{\"@type\":\"SearchAction\",\"target\":{\"@type\":\"EntryPoint\",\"urlTemplate\":\"https:\\\/\\\/www.laguiadepamplona.com\\\/actualidad\\\/?s={search_term_string}\"},\"query-input\":{\"@type\":\"PropertyValueSpecification\",\"valueRequired\":true,\"valueName\":\"search_term_string\"}}],\"inLanguage\":\"es\"},{\"@type\":\"Organization\",\"@id\":\"https:\\\/\\\/www.laguiadepamplona.com\\\/actualidad\\\/#organization\",\"name\":\"La Gu\u00eda de Pamplona \\\/ Noticias\",\"url\":\"https:\\\/\\\/www.laguiadepamplona.com\\\/actualidad\\\/\",\"logo\":{\"@type\":\"ImageObject\",\"inLanguage\":\"es\",\"@id\":\"https:\\\/\\\/www.laguiadepamplona.com\\\/actualidad\\\/#\\\/schema\\\/logo\\\/image\\\/\",\"url\":\"https:\\\/\\\/www.laguiadepamplona.com\\\/actualidad\\\/wp-content\\\/uploads\\\/2018\\\/11\\\/logo-laguiadepamplona18-web1.png\",\"contentUrl\":\"https:\\\/\\\/www.laguiadepamplona.com\\\/actualidad\\\/wp-content\\\/uploads\\\/2018\\\/11\\\/logo-laguiadepamplona18-web1.png\",\"width\":600,\"height\":196,\"caption\":\"La Gu\u00eda de Pamplona \\\/ Noticias\"},\"image\":{\"@id\":\"https:\\\/\\\/www.laguiadepamplona.com\\\/actualidad\\\/#\\\/schema\\\/logo\\\/image\\\/\"},\"sameAs\":[\"https:\\\/\\\/www.facebook.com\\\/laguiadepamplonacom-133175176762273\\\/?ref=hl\",\"https:\\\/\\\/x.com\\\/LaGuiadPamplona\",\"https:\\\/\\\/www.instagram.com\\\/la_guia_de_pamplona\\\/\",\"https:\\\/\\\/www.youtube.com\\\/user\\\/laguiadepamplona\"]},{\"@type\":\"Person\",\"@id\":\"https:\\\/\\\/www.laguiadepamplona.com\\\/actualidad\\\/#\\\/schema\\\/person\\\/efe887376f0213d4657c93adc50b1fdb\",\"name\":\"La Gu\u00eda de Pamplona\",\"image\":{\"@type\":\"ImageObject\",\"inLanguage\":\"es\",\"@id\":\"https:\\\/\\\/secure.gravatar.com\\\/avatar\\\/b6992f131dc8d30ab0dff15446e9d346d9dbd95992de0fef795073f5ea83a81c?s=96&d=mm&r=g\",\"url\":\"https:\\\/\\\/secure.gravatar.com\\\/avatar\\\/b6992f131dc8d30ab0dff15446e9d346d9dbd95992de0fef795073f5ea83a81c?s=96&d=mm&r=g\",\"contentUrl\":\"https:\\\/\\\/secure.gravatar.com\\\/avatar\\\/b6992f131dc8d30ab0dff15446e9d346d9dbd95992de0fef795073f5ea83a81c?s=96&d=mm&r=g\",\"caption\":\"La Gu\u00eda de Pamplona\"}}]}<\/script>\n<!-- \/ Yoast SEO plugin. -->","yoast_head_json":{"title":"El Ayuntamiento de Pamplona inicia la tramitaci\u00f3n del expediente que le permitir\u00e1 devolver de oficio las sanciones del confinamiento","description":"Ser\u00edan sanciones nulas seg\u00fan la sentencia del Tribunal Constitucional que declaraba inconstitucional la limitaci\u00f3n de circulaci\u00f3n por la COVID-19","robots":{"index":"index","follow":"follow","max-snippet":"max-snippet:-1","max-image-preview":"max-image-preview:large","max-video-preview":"max-video-preview:-1"},"canonical":"https:\/\/www.laguiadepamplona.com\/actualidad\/el-ayuntamiento-de-pamplona-inicia-la-tramitacion-del-expediente-que-le-permitira-devolver-de-oficio-las-sanciones-del-confinamiento\/","og_locale":"es_ES","og_type":"article","og_title":"El Ayuntamiento de Pamplona inicia la tramitaci\u00f3n del expediente que le permitir\u00e1 devolver de oficio las sanciones del confinamiento","og_description":"Ser\u00edan sanciones nulas seg\u00fan la sentencia del Tribunal Constitucional que declaraba inconstitucional la limitaci\u00f3n de circulaci\u00f3n por la COVID-19","og_url":"https:\/\/www.laguiadepamplona.com\/actualidad\/el-ayuntamiento-de-pamplona-inicia-la-tramitacion-del-expediente-que-le-permitira-devolver-de-oficio-las-sanciones-del-confinamiento\/","og_site_name":"La Gu\u00eda de Pamplona","article_publisher":"https:\/\/www.facebook.com\/laguiadepamplonacom-133175176762273\/?ref=hl","article_published_time":"2021-11-22T14:26:49+00:00","article_modified_time":"2023-04-11T09:48:44+00:00","og_image":[{"width":1920,"height":1080,"url":"https:\/\/www.laguiadepamplona.com\/actualidad\/wp-content\/uploads\/2021\/08\/ayuntamiento-pamplona2.jpg","type":"image\/jpeg"}],"author":"La Gu\u00eda de Pamplona","twitter_card":"summary_large_image","twitter_creator":"@LaGuiadPamplona","twitter_site":"@LaGuiadPamplona","twitter_misc":{"Escrito por":"La Gu\u00eda de Pamplona","Tiempo de lectura":"1 minuto"},"schema":{"@context":"https:\/\/schema.org","@graph":[{"@type":"Article","@id":"https:\/\/www.laguiadepamplona.com\/actualidad\/el-ayuntamiento-de-pamplona-inicia-la-tramitacion-del-expediente-que-le-permitira-devolver-de-oficio-las-sanciones-del-confinamiento\/#article","isPartOf":{"@id":"https:\/\/www.laguiadepamplona.com\/actualidad\/el-ayuntamiento-de-pamplona-inicia-la-tramitacion-del-expediente-que-le-permitira-devolver-de-oficio-las-sanciones-del-confinamiento\/"},"author":{"name":"La Gu\u00eda de Pamplona","@id":"https:\/\/www.laguiadepamplona.com\/actualidad\/#\/schema\/person\/efe887376f0213d4657c93adc50b1fdb"},"headline":"El Ayuntamiento de Pamplona inicia la tramitaci\u00f3n del expediente que le permitir\u00e1 devolver de oficio las sanciones del confinamiento","datePublished":"2021-11-22T14:26:49+00:00","dateModified":"2023-04-11T09:48:44+00:00","mainEntityOfPage":{"@id":"https:\/\/www.laguiadepamplona.com\/actualidad\/el-ayuntamiento-de-pamplona-inicia-la-tramitacion-del-expediente-que-le-permitira-devolver-de-oficio-las-sanciones-del-confinamiento\/"},"wordCount":245,"commentCount":0,"publisher":{"@id":"https:\/\/www.laguiadepamplona.com\/actualidad\/#organization"},"image":{"@id":"https:\/\/www.laguiadepamplona.com\/actualidad\/el-ayuntamiento-de-pamplona-inicia-la-tramitacion-del-expediente-que-le-permitira-devolver-de-oficio-las-sanciones-del-confinamiento\/#primaryimage"},"thumbnailUrl":"https:\/\/www.laguiadepamplona.com\/actualidad\/wp-content\/uploads\/2021\/08\/ayuntamiento-pamplona2.jpg","articleSection":["Ayto Pamplona"],"inLanguage":"es","potentialAction":[{"@type":"CommentAction","name":"Comment","target":["https:\/\/www.laguiadepamplona.com\/actualidad\/el-ayuntamiento-de-pamplona-inicia-la-tramitacion-del-expediente-que-le-permitira-devolver-de-oficio-las-sanciones-del-confinamiento\/#respond"]}]},{"@type":"WebPage","@id":"https:\/\/www.laguiadepamplona.com\/actualidad\/el-ayuntamiento-de-pamplona-inicia-la-tramitacion-del-expediente-que-le-permitira-devolver-de-oficio-las-sanciones-del-confinamiento\/","url":"https:\/\/www.laguiadepamplona.com\/actualidad\/el-ayuntamiento-de-pamplona-inicia-la-tramitacion-del-expediente-que-le-permitira-devolver-de-oficio-las-sanciones-del-confinamiento\/","name":"El Ayuntamiento de Pamplona inicia la tramitaci\u00f3n del expediente que le permitir\u00e1 devolver de oficio las sanciones del confinamiento","isPartOf":{"@id":"https:\/\/www.laguiadepamplona.com\/actualidad\/#website"},"primaryImageOfPage":{"@id":"https:\/\/www.laguiadepamplona.com\/actualidad\/el-ayuntamiento-de-pamplona-inicia-la-tramitacion-del-expediente-que-le-permitira-devolver-de-oficio-las-sanciones-del-confinamiento\/#primaryimage"},"image":{"@id":"https:\/\/www.laguiadepamplona.com\/actualidad\/el-ayuntamiento-de-pamplona-inicia-la-tramitacion-del-expediente-que-le-permitira-devolver-de-oficio-las-sanciones-del-confinamiento\/#primaryimage"},"thumbnailUrl":"https:\/\/www.laguiadepamplona.com\/actualidad\/wp-content\/uploads\/2021\/08\/ayuntamiento-pamplona2.jpg","datePublished":"2021-11-22T14:26:49+00:00","dateModified":"2023-04-11T09:48:44+00:00","description":"Ser\u00edan sanciones nulas seg\u00fan la sentencia del Tribunal Constitucional que declaraba inconstitucional la limitaci\u00f3n de circulaci\u00f3n por la COVID-19","breadcrumb":{"@id":"https:\/\/www.laguiadepamplona.com\/actualidad\/el-ayuntamiento-de-pamplona-inicia-la-tramitacion-del-expediente-que-le-permitira-devolver-de-oficio-las-sanciones-del-confinamiento\/#breadcrumb"},"inLanguage":"es","potentialAction":[{"@type":"ReadAction","target":["https:\/\/www.laguiadepamplona.com\/actualidad\/el-ayuntamiento-de-pamplona-inicia-la-tramitacion-del-expediente-que-le-permitira-devolver-de-oficio-las-sanciones-del-confinamiento\/"]}]},{"@type":"ImageObject","inLanguage":"es","@id":"https:\/\/www.laguiadepamplona.com\/actualidad\/el-ayuntamiento-de-pamplona-inicia-la-tramitacion-del-expediente-que-le-permitira-devolver-de-oficio-las-sanciones-del-confinamiento\/#primaryimage","url":"https:\/\/www.laguiadepamplona.com\/actualidad\/wp-content\/uploads\/2021\/08\/ayuntamiento-pamplona2.jpg","contentUrl":"https:\/\/www.laguiadepamplona.com\/actualidad\/wp-content\/uploads\/2021\/08\/ayuntamiento-pamplona2.jpg","width":1920,"height":1080,"caption":"ayuntamiento pamplona"},{"@type":"BreadcrumbList","@id":"https:\/\/www.laguiadepamplona.com\/actualidad\/el-ayuntamiento-de-pamplona-inicia-la-tramitacion-del-expediente-que-le-permitira-devolver-de-oficio-las-sanciones-del-confinamiento\/#breadcrumb","itemListElement":[{"@type":"ListItem","position":1,"name":"Portada","item":"https:\/\/www.laguiadepamplona.com\/actualidad\/"},{"@type":"ListItem","position":2,"name":"El Ayuntamiento de Pamplona inicia la tramitaci\u00f3n del expediente que le permitir\u00e1 devolver de oficio las sanciones del confinamiento"}]},{"@type":"WebSite","@id":"https:\/\/www.laguiadepamplona.com\/actualidad\/#website","url":"https:\/\/www.laguiadepamplona.com\/actualidad\/","name":"La gu\u00eda de Pamplona","description":"Noticias de Pamplona","publisher":{"@id":"https:\/\/www.laguiadepamplona.com\/actualidad\/#organization"},"potentialAction":[{"@type":"SearchAction","target":{"@type":"EntryPoint","urlTemplate":"https:\/\/www.laguiadepamplona.com\/actualidad\/?s={search_term_string}"},"query-input":{"@type":"PropertyValueSpecification","valueRequired":true,"valueName":"search_term_string"}}],"inLanguage":"es"},{"@type":"Organization","@id":"https:\/\/www.laguiadepamplona.com\/actualidad\/#organization","name":"La Gu\u00eda de Pamplona \/ Noticias","url":"https:\/\/www.laguiadepamplona.com\/actualidad\/","logo":{"@type":"ImageObject","inLanguage":"es","@id":"https:\/\/www.laguiadepamplona.com\/actualidad\/#\/schema\/logo\/image\/","url":"https:\/\/www.laguiadepamplona.com\/actualidad\/wp-content\/uploads\/2018\/11\/logo-laguiadepamplona18-web1.png","contentUrl":"https:\/\/www.laguiadepamplona.com\/actualidad\/wp-content\/uploads\/2018\/11\/logo-laguiadepamplona18-web1.png","width":600,"height":196,"caption":"La Gu\u00eda de Pamplona \/ Noticias"},"image":{"@id":"https:\/\/www.laguiadepamplona.com\/actualidad\/#\/schema\/logo\/image\/"},"sameAs":["https:\/\/www.facebook.com\/laguiadepamplonacom-133175176762273\/?ref=hl","https:\/\/x.com\/LaGuiadPamplona","https:\/\/www.instagram.com\/la_guia_de_pamplona\/","https:\/\/www.youtube.com\/user\/laguiadepamplona"]},{"@type":"Person","@id":"https:\/\/www.laguiadepamplona.com\/actualidad\/#\/schema\/person\/efe887376f0213d4657c93adc50b1fdb","name":"La Gu\u00eda de Pamplona","image":{"@type":"ImageObject","inLanguage":"es","@id":"https:\/\/secure.gravatar.com\/avatar\/b6992f131dc8d30ab0dff15446e9d346d9dbd95992de0fef795073f5ea83a81c?s=96&d=mm&r=g","url":"https:\/\/secure.gravatar.com\/avatar\/b6992f131dc8d30ab0dff15446e9d346d9dbd95992de0fef795073f5ea83a81c?s=96&d=mm&r=g","contentUrl":"https:\/\/secure.gravatar.com\/avatar\/b6992f131dc8d30ab0dff15446e9d346d9dbd95992de0fef795073f5ea83a81c?s=96&d=mm&r=g","caption":"La Gu\u00eda de Pamplona"}}]}},"post_mailing_queue_ids":[],"_links":{"self":[{"href":"https:\/\/www.laguiadepamplona.com\/actualidad\/wp-json\/wp\/v2\/posts\/37671","targetHints":{"allow":["GET"]}}],"collection":[{"href":"https:\/\/www.laguiadepamplona.com\/actualidad\/wp-json\/wp\/v2\/posts"}],"about":[{"href":"https:\/\/www.laguiadepamplona.com\/actualidad\/wp-json\/wp\/v2\/types\/post"}],"author":[{"embeddable":true,"href":"https:\/\/www.laguiadepamplona.com\/actualidad\/wp-json\/wp\/v2\/users\/1"}],"replies":[{"embeddable":true,"href":"https:\/\/www.laguiadepamplona.com\/actualidad\/wp-json\/wp\/v2\/comments?post=37671"}],"version-history":[{"count":0,"href":"https:\/\/www.laguiadepamplona.com\/actualidad\/wp-json\/wp\/v2\/posts\/37671\/revisions"}],"wp:featuredmedia":[{"embeddable":true,"href":"https:\/\/www.laguiadepamplona.com\/actualidad\/wp-json\/wp\/v2\/media\/36074"}],"wp:attachment":[{"href":"https:\/\/www.laguiadepamplona.com\/actualidad\/wp-json\/wp\/v2\/media?parent=37671"}],"wp:term":[{"taxonomy":"category","embeddable":true,"href":"https:\/\/www.laguiadepamplona.com\/actualidad\/wp-json\/wp\/v2\/categories?post=37671"},{"taxonomy":"post_tag","embeddable":true,"href":"https:\/\/www.laguiadepamplona.com\/actualidad\/wp-json\/wp\/v2\/tags?post=37671"}],"curies":[{"name":"wp","href":"https:\/\/api.w.org\/{rel}","templated":true}]}}