{"id":37668,"date":"2021-11-22T16:25:45","date_gmt":"2021-11-22T14:25:45","guid":{"rendered":"https:\/\/www.laguiadepamplona.com\/actualidad\/?p=37668"},"modified":"2023-04-11T11:48:44","modified_gmt":"2023-04-11T09:48:44","slug":"este-miercoles-comienza-el-proceso-participativo-para-constituir-una-comunidad-energetica-en-mendillorri","status":"publish","type":"post","link":"https:\/\/www.laguiadepamplona.com\/actualidad\/este-miercoles-comienza-el-proceso-participativo-para-constituir-una-comunidad-energetica-en-mendillorri\/","title":{"rendered":"Este mi\u00e9rcoles comienza el proceso participativo para constituir una Comunidad Energ\u00e9tica en Mendillorri"},"content":{"rendered":"<h5>La sesi\u00f3n informativa, abierta a la ciudadan\u00eda interesada, tendr\u00e1 lugar el mi\u00e9rcoles a las 18.30 horas en Civivox Mendillorri<\/h5>\n<p><!--more--><\/p>\n<p>El Ayuntamiento de Pamplona ha instalado en el Colegio P\u00fablico El Lago de Mendillorri la instalaci\u00f3n fotovoltaica m\u00e1s potente de la ciudad. Al hilo de esa instalaci\u00f3n, se est\u00e1 trabajando en la puesta en marcha de la Comunidad Energ\u00e9tica de Mendillorri, la primera de estas caracter\u00edsticas en la ciudad. Este pr\u00f3ximo mi\u00e9rcoles se va a celebrar una sesi\u00f3n informativa abierta a la ciudadan\u00eda en Civivox Mendillorri para dar conocer en qu\u00e9 consiste y c\u00f3mo formar parte de ella. La sesi\u00f3n comenzar\u00e1 las 18.30 horas, con entrada libre, y se podr\u00e1 tambi\u00e9n seguir v\u00eda online en el canal de Youtube de <a href=\"https:\/\/www.youtube.com\/channel\/UCzDUWuosgg5y3PeE7PT_IWw\" target=\"_blank\" rel=\"noopener\">Participa Pamplona<\/a>.<br \/>\n<script async src=\"\/\/pagead2.googlesyndication.com\/pagead\/js\/adsbygoogle.js\"><\/script><br \/>\n<!-- Noticias La Guia de Pamplona --><br \/>\n<ins class=\"adsbygoogle\"\nstyle=\"display:block\"\ndata-ad-client=\"ca-pub-6943679897239327\"\ndata-ad-slot=\"7048180777\"\ndata-ad-format=\"auto\"><\/ins><br \/>\n<script>\n(adsbygoogle = window.adsbygoogle || []).push({});\n<\/script><\/p>\n<p>Las comunidades energ\u00e9ticas se consideran una herramienta clave en la lucha contra el cambio clim\u00e1tico y la transici\u00f3n energ\u00e9tica, pues son capaces de arropar la colaboraci\u00f3n entre diferentes agentes, como la ciudadan\u00eda, administraciones o empresas, para el desarrollo de los proyectos energ\u00e9ticos participados. La comunidad energ\u00e9tica que se propone constituir utilizar\u00e1 el proyecto de generaci\u00f3n instalado en el CP El Lago &#8211; Mendigoiti como base para comenzar su actividad. Una comunidad energ\u00e9tica se define como una figura jur\u00eddica constituida libremente por sus miembros, de participaci\u00f3n abierta y voluntaria. Entre sus socios pueden encontrarse figuras jur\u00eddicas, f\u00edsicas e incluso administraciones p\u00fablicas y persigue fundamentalmente obtener beneficios sociales y medioambientales para sus participantes y entorno en el que se desarrollan los proyectos energ\u00e9ticos. Tambi\u00e9n pueden darse beneficios econ\u00f3micos, pero no deben ser el objetivo principal de la misma seg\u00fan su definici\u00f3n legal.<\/p>\n<p>El proyecto del CP El Lago conlleva una instalaci\u00f3n de generaci\u00f3n fotovoltaica para autoconsumo compartido de 99 kWn \/ 101 kWn, con conexi\u00f3n a trav\u00e9s de la red interior. Se prev\u00e9 que la instalaci\u00f3n genere una media anual de 109.498 kWh. El calor econ\u00f3mico de esta energ\u00eda puede suponer m\u00e1s de 16.000 euros anuales, valor final que depender\u00e1 de los costes de la energ\u00eda el\u00e9ctrica y de c\u00f3mo aprovechen la energ\u00eda los autoconsumidores que participan en la comunidad energ\u00e9tica. Los 192 m\u00f3dulos fotovoltaicos de 530 Wp conectados entre s\u00ed tienen una garant\u00eda de producci\u00f3n de 25 a\u00f1os al 95%. Se ha colocado sobre el techo de la cubierta de los bloques norte y este en el edificio situado en la calle del Lago 4. Adem\u00e1s, se han puesto tres inversores de conexi\u00f3n a red de 33 kWn de potencia nominal para alcanzar un autoconsumo de 99 kWn.<br \/>\n<script async src=\"\/\/pagead2.googlesyndication.com\/pagead\/js\/adsbygoogle.js\"><\/script><br \/>\n<!-- Noticias La Guia de Pamplona --><br \/>\n<ins class=\"adsbygoogle\"\nstyle=\"display:block\"\ndata-ad-client=\"ca-pub-6943679897239327\"\ndata-ad-slot=\"7048180777\"\ndata-ad-format=\"auto\"><\/ins><br \/>\n<script>\n(adsbygoogle = window.adsbygoogle || []).push({});\n<\/script><\/p>\n<p>&nbsp;<br \/>\n[qodef_button size=\u00bblarge\u00bb type=\u00bb\u00bb text=\u00bbFolleto comunidad energetica mendillorri.pdf\u00bb custom_class=\u00bb\u00bb icon_pack=\u00bbfont_elegant\u00bb fa_icon=\u00bbicon_download\u00bb link=\u00bbhttps:\/\/www.pamplona.es\/sites\/default\/files\/2021-11\/comunidad-energeticafolleto.pdf\u00bb target=\u00bb_blank\u00bb color=\u00bbffffff\u00bb hover_color=\u00bb\u00bb background_color=\u00bb\u00bb hover_background_color=\u00bb\u00bb border_color=\u00bb\u00bb hover_border_color=\u00bb\u00bb font_size=\u00bb\u00bb font_weight=\u00bb\u00bb margin=\u00bb\u00bb]\n&nbsp;<\/p>\n","protected":false},"excerpt":{"rendered":"<p>La sesi\u00f3n informativa, abierta a la ciudadan\u00eda interesada, tendr\u00e1 lugar el mi\u00e9rcoles a las 18.30 horas en Civivox Mendillorri<\/p>\n","protected":false},"author":1,"featured_media":37669,"comment_status":"open","ping_status":"closed","sticky":false,"template":"","format":"standard","meta":{"footnotes":""},"categories":[2],"tags":[],"class_list":["post-37668","post","type-post","status-publish","format-standard","has-post-thumbnail","hentry","category-ayuntamiento-pamplona"],"yoast_head":"<!-- This site is optimized with the Yoast SEO plugin v27.5 - https:\/\/yoast.com\/product\/yoast-seo-wordpress\/ -->\n<title>Este mi\u00e9rcoles comienza el proceso participativo para constituir una Comunidad Energ\u00e9tica en Mendillorri<\/title>\n<meta name=\"description\" content=\"Este mi\u00e9rcoles comienza el proceso participativo para constituir una Comunidad Energ\u00e9tica en Mendillorri\" \/>\n<meta name=\"robots\" content=\"index, follow, max-snippet:-1, max-image-preview:large, max-video-preview:-1\" \/>\n<link rel=\"canonical\" href=\"https:\/\/www.laguiadepamplona.com\/actualidad\/este-miercoles-comienza-el-proceso-participativo-para-constituir-una-comunidad-energetica-en-mendillorri\/\" \/>\n<meta property=\"og:locale\" content=\"es_ES\" \/>\n<meta property=\"og:type\" content=\"article\" \/>\n<meta property=\"og:title\" content=\"Este mi\u00e9rcoles comienza el proceso participativo para constituir una Comunidad Energ\u00e9tica en Mendillorri\" \/>\n<meta property=\"og:description\" content=\"Este mi\u00e9rcoles comienza el proceso participativo para constituir una Comunidad Energ\u00e9tica en Mendillorri\" \/>\n<meta property=\"og:url\" content=\"https:\/\/www.laguiadepamplona.com\/actualidad\/este-miercoles-comienza-el-proceso-participativo-para-constituir-una-comunidad-energetica-en-mendillorri\/\" \/>\n<meta property=\"og:site_name\" content=\"La Gu\u00eda de Pamplona\" \/>\n<meta property=\"article:publisher\" content=\"https:\/\/www.facebook.com\/laguiadepamplonacom-133175176762273\/?ref=hl\" \/>\n<meta property=\"article:published_time\" content=\"2021-11-22T14:25:45+00:00\" \/>\n<meta property=\"article:modified_time\" content=\"2023-04-11T09:48:44+00:00\" \/>\n<meta property=\"og:image\" content=\"https:\/\/www.laguiadepamplona.com\/actualidad\/wp-content\/uploads\/2021\/11\/cartel_comunidad-energetica-mendillorri.jpg\" \/>\n\t<meta property=\"og:image:width\" content=\"850\" \/>\n\t<meta property=\"og:image:height\" content=\"752\" \/>\n\t<meta property=\"og:image:type\" content=\"image\/jpeg\" \/>\n<meta name=\"author\" content=\"La Gu\u00eda de Pamplona\" \/>\n<meta name=\"twitter:card\" content=\"summary_large_image\" \/>\n<meta name=\"twitter:creator\" content=\"@LaGuiadPamplona\" \/>\n<meta name=\"twitter:site\" content=\"@LaGuiadPamplona\" \/>\n<meta name=\"twitter:label1\" content=\"Escrito por\" \/>\n\t<meta name=\"twitter:data1\" content=\"La Gu\u00eda de Pamplona\" \/>\n\t<meta name=\"twitter:label2\" content=\"Tiempo de lectura\" \/>\n\t<meta name=\"twitter:data2\" content=\"2 minutos\" \/>\n<script type=\"application\/ld+json\" class=\"yoast-schema-graph\">{\"@context\":\"https:\\\/\\\/schema.org\",\"@graph\":[{\"@type\":\"Article\",\"@id\":\"https:\\\/\\\/www.laguiadepamplona.com\\\/actualidad\\\/este-miercoles-comienza-el-proceso-participativo-para-constituir-una-comunidad-energetica-en-mendillorri\\\/#article\",\"isPartOf\":{\"@id\":\"https:\\\/\\\/www.laguiadepamplona.com\\\/actualidad\\\/este-miercoles-comienza-el-proceso-participativo-para-constituir-una-comunidad-energetica-en-mendillorri\\\/\"},\"author\":{\"name\":\"La Gu\u00eda de Pamplona\",\"@id\":\"https:\\\/\\\/www.laguiadepamplona.com\\\/actualidad\\\/#\\\/schema\\\/person\\\/efe887376f0213d4657c93adc50b1fdb\"},\"headline\":\"Este mi\u00e9rcoles comienza el proceso participativo para constituir una Comunidad Energ\u00e9tica en Mendillorri\",\"datePublished\":\"2021-11-22T14:25:45+00:00\",\"dateModified\":\"2023-04-11T09:48:44+00:00\",\"mainEntityOfPage\":{\"@id\":\"https:\\\/\\\/www.laguiadepamplona.com\\\/actualidad\\\/este-miercoles-comienza-el-proceso-participativo-para-constituir-una-comunidad-energetica-en-mendillorri\\\/\"},\"wordCount\":520,\"commentCount\":0,\"publisher\":{\"@id\":\"https:\\\/\\\/www.laguiadepamplona.com\\\/actualidad\\\/#organization\"},\"image\":{\"@id\":\"https:\\\/\\\/www.laguiadepamplona.com\\\/actualidad\\\/este-miercoles-comienza-el-proceso-participativo-para-constituir-una-comunidad-energetica-en-mendillorri\\\/#primaryimage\"},\"thumbnailUrl\":\"https:\\\/\\\/www.laguiadepamplona.com\\\/actualidad\\\/wp-content\\\/uploads\\\/2021\\\/11\\\/cartel_comunidad-energetica-mendillorri.jpg\",\"articleSection\":[\"Ayto Pamplona\"],\"inLanguage\":\"es\",\"potentialAction\":[{\"@type\":\"CommentAction\",\"name\":\"Comment\",\"target\":[\"https:\\\/\\\/www.laguiadepamplona.com\\\/actualidad\\\/este-miercoles-comienza-el-proceso-participativo-para-constituir-una-comunidad-energetica-en-mendillorri\\\/#respond\"]}]},{\"@type\":\"WebPage\",\"@id\":\"https:\\\/\\\/www.laguiadepamplona.com\\\/actualidad\\\/este-miercoles-comienza-el-proceso-participativo-para-constituir-una-comunidad-energetica-en-mendillorri\\\/\",\"url\":\"https:\\\/\\\/www.laguiadepamplona.com\\\/actualidad\\\/este-miercoles-comienza-el-proceso-participativo-para-constituir-una-comunidad-energetica-en-mendillorri\\\/\",\"name\":\"Este mi\u00e9rcoles comienza el proceso participativo para constituir una Comunidad Energ\u00e9tica en Mendillorri\",\"isPartOf\":{\"@id\":\"https:\\\/\\\/www.laguiadepamplona.com\\\/actualidad\\\/#website\"},\"primaryImageOfPage\":{\"@id\":\"https:\\\/\\\/www.laguiadepamplona.com\\\/actualidad\\\/este-miercoles-comienza-el-proceso-participativo-para-constituir-una-comunidad-energetica-en-mendillorri\\\/#primaryimage\"},\"image\":{\"@id\":\"https:\\\/\\\/www.laguiadepamplona.com\\\/actualidad\\\/este-miercoles-comienza-el-proceso-participativo-para-constituir-una-comunidad-energetica-en-mendillorri\\\/#primaryimage\"},\"thumbnailUrl\":\"https:\\\/\\\/www.laguiadepamplona.com\\\/actualidad\\\/wp-content\\\/uploads\\\/2021\\\/11\\\/cartel_comunidad-energetica-mendillorri.jpg\",\"datePublished\":\"2021-11-22T14:25:45+00:00\",\"dateModified\":\"2023-04-11T09:48:44+00:00\",\"description\":\"Este mi\u00e9rcoles comienza el proceso participativo para constituir una Comunidad Energ\u00e9tica en Mendillorri\",\"breadcrumb\":{\"@id\":\"https:\\\/\\\/www.laguiadepamplona.com\\\/actualidad\\\/este-miercoles-comienza-el-proceso-participativo-para-constituir-una-comunidad-energetica-en-mendillorri\\\/#breadcrumb\"},\"inLanguage\":\"es\",\"potentialAction\":[{\"@type\":\"ReadAction\",\"target\":[\"https:\\\/\\\/www.laguiadepamplona.com\\\/actualidad\\\/este-miercoles-comienza-el-proceso-participativo-para-constituir-una-comunidad-energetica-en-mendillorri\\\/\"]}]},{\"@type\":\"ImageObject\",\"inLanguage\":\"es\",\"@id\":\"https:\\\/\\\/www.laguiadepamplona.com\\\/actualidad\\\/este-miercoles-comienza-el-proceso-participativo-para-constituir-una-comunidad-energetica-en-mendillorri\\\/#primaryimage\",\"url\":\"https:\\\/\\\/www.laguiadepamplona.com\\\/actualidad\\\/wp-content\\\/uploads\\\/2021\\\/11\\\/cartel_comunidad-energetica-mendillorri.jpg\",\"contentUrl\":\"https:\\\/\\\/www.laguiadepamplona.com\\\/actualidad\\\/wp-content\\\/uploads\\\/2021\\\/11\\\/cartel_comunidad-energetica-mendillorri.jpg\",\"width\":850,\"height\":752},{\"@type\":\"BreadcrumbList\",\"@id\":\"https:\\\/\\\/www.laguiadepamplona.com\\\/actualidad\\\/este-miercoles-comienza-el-proceso-participativo-para-constituir-una-comunidad-energetica-en-mendillorri\\\/#breadcrumb\",\"itemListElement\":[{\"@type\":\"ListItem\",\"position\":1,\"name\":\"Portada\",\"item\":\"https:\\\/\\\/www.laguiadepamplona.com\\\/actualidad\\\/\"},{\"@type\":\"ListItem\",\"position\":2,\"name\":\"Este mi\u00e9rcoles comienza el proceso participativo para constituir una Comunidad Energ\u00e9tica en Mendillorri\"}]},{\"@type\":\"WebSite\",\"@id\":\"https:\\\/\\\/www.laguiadepamplona.com\\\/actualidad\\\/#website\",\"url\":\"https:\\\/\\\/www.laguiadepamplona.com\\\/actualidad\\\/\",\"name\":\"La gu\u00eda de Pamplona\",\"description\":\"Noticias de Pamplona\",\"publisher\":{\"@id\":\"https:\\\/\\\/www.laguiadepamplona.com\\\/actualidad\\\/#organization\"},\"potentialAction\":[{\"@type\":\"SearchAction\",\"target\":{\"@type\":\"EntryPoint\",\"urlTemplate\":\"https:\\\/\\\/www.laguiadepamplona.com\\\/actualidad\\\/?s={search_term_string}\"},\"query-input\":{\"@type\":\"PropertyValueSpecification\",\"valueRequired\":true,\"valueName\":\"search_term_string\"}}],\"inLanguage\":\"es\"},{\"@type\":\"Organization\",\"@id\":\"https:\\\/\\\/www.laguiadepamplona.com\\\/actualidad\\\/#organization\",\"name\":\"La Gu\u00eda de Pamplona \\\/ Noticias\",\"url\":\"https:\\\/\\\/www.laguiadepamplona.com\\\/actualidad\\\/\",\"logo\":{\"@type\":\"ImageObject\",\"inLanguage\":\"es\",\"@id\":\"https:\\\/\\\/www.laguiadepamplona.com\\\/actualidad\\\/#\\\/schema\\\/logo\\\/image\\\/\",\"url\":\"https:\\\/\\\/www.laguiadepamplona.com\\\/actualidad\\\/wp-content\\\/uploads\\\/2018\\\/11\\\/logo-laguiadepamplona18-web1.png\",\"contentUrl\":\"https:\\\/\\\/www.laguiadepamplona.com\\\/actualidad\\\/wp-content\\\/uploads\\\/2018\\\/11\\\/logo-laguiadepamplona18-web1.png\",\"width\":600,\"height\":196,\"caption\":\"La Gu\u00eda de Pamplona \\\/ Noticias\"},\"image\":{\"@id\":\"https:\\\/\\\/www.laguiadepamplona.com\\\/actualidad\\\/#\\\/schema\\\/logo\\\/image\\\/\"},\"sameAs\":[\"https:\\\/\\\/www.facebook.com\\\/laguiadepamplonacom-133175176762273\\\/?ref=hl\",\"https:\\\/\\\/x.com\\\/LaGuiadPamplona\",\"https:\\\/\\\/www.instagram.com\\\/la_guia_de_pamplona\\\/\",\"https:\\\/\\\/www.youtube.com\\\/user\\\/laguiadepamplona\"]},{\"@type\":\"Person\",\"@id\":\"https:\\\/\\\/www.laguiadepamplona.com\\\/actualidad\\\/#\\\/schema\\\/person\\\/efe887376f0213d4657c93adc50b1fdb\",\"name\":\"La Gu\u00eda de Pamplona\",\"image\":{\"@type\":\"ImageObject\",\"inLanguage\":\"es\",\"@id\":\"https:\\\/\\\/secure.gravatar.com\\\/avatar\\\/b6992f131dc8d30ab0dff15446e9d346d9dbd95992de0fef795073f5ea83a81c?s=96&d=mm&r=g\",\"url\":\"https:\\\/\\\/secure.gravatar.com\\\/avatar\\\/b6992f131dc8d30ab0dff15446e9d346d9dbd95992de0fef795073f5ea83a81c?s=96&d=mm&r=g\",\"contentUrl\":\"https:\\\/\\\/secure.gravatar.com\\\/avatar\\\/b6992f131dc8d30ab0dff15446e9d346d9dbd95992de0fef795073f5ea83a81c?s=96&d=mm&r=g\",\"caption\":\"La Gu\u00eda de Pamplona\"}}]}<\/script>\n<!-- \/ Yoast SEO plugin. -->","yoast_head_json":{"title":"Este mi\u00e9rcoles comienza el proceso participativo para constituir una Comunidad Energ\u00e9tica en Mendillorri","description":"Este mi\u00e9rcoles comienza el proceso participativo para constituir una Comunidad Energ\u00e9tica en Mendillorri","robots":{"index":"index","follow":"follow","max-snippet":"max-snippet:-1","max-image-preview":"max-image-preview:large","max-video-preview":"max-video-preview:-1"},"canonical":"https:\/\/www.laguiadepamplona.com\/actualidad\/este-miercoles-comienza-el-proceso-participativo-para-constituir-una-comunidad-energetica-en-mendillorri\/","og_locale":"es_ES","og_type":"article","og_title":"Este mi\u00e9rcoles comienza el proceso participativo para constituir una Comunidad Energ\u00e9tica en Mendillorri","og_description":"Este mi\u00e9rcoles comienza el proceso participativo para constituir una Comunidad Energ\u00e9tica en Mendillorri","og_url":"https:\/\/www.laguiadepamplona.com\/actualidad\/este-miercoles-comienza-el-proceso-participativo-para-constituir-una-comunidad-energetica-en-mendillorri\/","og_site_name":"La Gu\u00eda de Pamplona","article_publisher":"https:\/\/www.facebook.com\/laguiadepamplonacom-133175176762273\/?ref=hl","article_published_time":"2021-11-22T14:25:45+00:00","article_modified_time":"2023-04-11T09:48:44+00:00","og_image":[{"width":850,"height":752,"url":"https:\/\/www.laguiadepamplona.com\/actualidad\/wp-content\/uploads\/2021\/11\/cartel_comunidad-energetica-mendillorri.jpg","type":"image\/jpeg"}],"author":"La Gu\u00eda de Pamplona","twitter_card":"summary_large_image","twitter_creator":"@LaGuiadPamplona","twitter_site":"@LaGuiadPamplona","twitter_misc":{"Escrito por":"La Gu\u00eda de Pamplona","Tiempo de lectura":"2 minutos"},"schema":{"@context":"https:\/\/schema.org","@graph":[{"@type":"Article","@id":"https:\/\/www.laguiadepamplona.com\/actualidad\/este-miercoles-comienza-el-proceso-participativo-para-constituir-una-comunidad-energetica-en-mendillorri\/#article","isPartOf":{"@id":"https:\/\/www.laguiadepamplona.com\/actualidad\/este-miercoles-comienza-el-proceso-participativo-para-constituir-una-comunidad-energetica-en-mendillorri\/"},"author":{"name":"La Gu\u00eda de Pamplona","@id":"https:\/\/www.laguiadepamplona.com\/actualidad\/#\/schema\/person\/efe887376f0213d4657c93adc50b1fdb"},"headline":"Este mi\u00e9rcoles comienza el proceso participativo para constituir una Comunidad Energ\u00e9tica en Mendillorri","datePublished":"2021-11-22T14:25:45+00:00","dateModified":"2023-04-11T09:48:44+00:00","mainEntityOfPage":{"@id":"https:\/\/www.laguiadepamplona.com\/actualidad\/este-miercoles-comienza-el-proceso-participativo-para-constituir-una-comunidad-energetica-en-mendillorri\/"},"wordCount":520,"commentCount":0,"publisher":{"@id":"https:\/\/www.laguiadepamplona.com\/actualidad\/#organization"},"image":{"@id":"https:\/\/www.laguiadepamplona.com\/actualidad\/este-miercoles-comienza-el-proceso-participativo-para-constituir-una-comunidad-energetica-en-mendillorri\/#primaryimage"},"thumbnailUrl":"https:\/\/www.laguiadepamplona.com\/actualidad\/wp-content\/uploads\/2021\/11\/cartel_comunidad-energetica-mendillorri.jpg","articleSection":["Ayto Pamplona"],"inLanguage":"es","potentialAction":[{"@type":"CommentAction","name":"Comment","target":["https:\/\/www.laguiadepamplona.com\/actualidad\/este-miercoles-comienza-el-proceso-participativo-para-constituir-una-comunidad-energetica-en-mendillorri\/#respond"]}]},{"@type":"WebPage","@id":"https:\/\/www.laguiadepamplona.com\/actualidad\/este-miercoles-comienza-el-proceso-participativo-para-constituir-una-comunidad-energetica-en-mendillorri\/","url":"https:\/\/www.laguiadepamplona.com\/actualidad\/este-miercoles-comienza-el-proceso-participativo-para-constituir-una-comunidad-energetica-en-mendillorri\/","name":"Este mi\u00e9rcoles comienza el proceso participativo para constituir una Comunidad Energ\u00e9tica en Mendillorri","isPartOf":{"@id":"https:\/\/www.laguiadepamplona.com\/actualidad\/#website"},"primaryImageOfPage":{"@id":"https:\/\/www.laguiadepamplona.com\/actualidad\/este-miercoles-comienza-el-proceso-participativo-para-constituir-una-comunidad-energetica-en-mendillorri\/#primaryimage"},"image":{"@id":"https:\/\/www.laguiadepamplona.com\/actualidad\/este-miercoles-comienza-el-proceso-participativo-para-constituir-una-comunidad-energetica-en-mendillorri\/#primaryimage"},"thumbnailUrl":"https:\/\/www.laguiadepamplona.com\/actualidad\/wp-content\/uploads\/2021\/11\/cartel_comunidad-energetica-mendillorri.jpg","datePublished":"2021-11-22T14:25:45+00:00","dateModified":"2023-04-11T09:48:44+00:00","description":"Este mi\u00e9rcoles comienza el proceso participativo para constituir una Comunidad Energ\u00e9tica en Mendillorri","breadcrumb":{"@id":"https:\/\/www.laguiadepamplona.com\/actualidad\/este-miercoles-comienza-el-proceso-participativo-para-constituir-una-comunidad-energetica-en-mendillorri\/#breadcrumb"},"inLanguage":"es","potentialAction":[{"@type":"ReadAction","target":["https:\/\/www.laguiadepamplona.com\/actualidad\/este-miercoles-comienza-el-proceso-participativo-para-constituir-una-comunidad-energetica-en-mendillorri\/"]}]},{"@type":"ImageObject","inLanguage":"es","@id":"https:\/\/www.laguiadepamplona.com\/actualidad\/este-miercoles-comienza-el-proceso-participativo-para-constituir-una-comunidad-energetica-en-mendillorri\/#primaryimage","url":"https:\/\/www.laguiadepamplona.com\/actualidad\/wp-content\/uploads\/2021\/11\/cartel_comunidad-energetica-mendillorri.jpg","contentUrl":"https:\/\/www.laguiadepamplona.com\/actualidad\/wp-content\/uploads\/2021\/11\/cartel_comunidad-energetica-mendillorri.jpg","width":850,"height":752},{"@type":"BreadcrumbList","@id":"https:\/\/www.laguiadepamplona.com\/actualidad\/este-miercoles-comienza-el-proceso-participativo-para-constituir-una-comunidad-energetica-en-mendillorri\/#breadcrumb","itemListElement":[{"@type":"ListItem","position":1,"name":"Portada","item":"https:\/\/www.laguiadepamplona.com\/actualidad\/"},{"@type":"ListItem","position":2,"name":"Este mi\u00e9rcoles comienza el proceso participativo para constituir una Comunidad Energ\u00e9tica en Mendillorri"}]},{"@type":"WebSite","@id":"https:\/\/www.laguiadepamplona.com\/actualidad\/#website","url":"https:\/\/www.laguiadepamplona.com\/actualidad\/","name":"La gu\u00eda de Pamplona","description":"Noticias de Pamplona","publisher":{"@id":"https:\/\/www.laguiadepamplona.com\/actualidad\/#organization"},"potentialAction":[{"@type":"SearchAction","target":{"@type":"EntryPoint","urlTemplate":"https:\/\/www.laguiadepamplona.com\/actualidad\/?s={search_term_string}"},"query-input":{"@type":"PropertyValueSpecification","valueRequired":true,"valueName":"search_term_string"}}],"inLanguage":"es"},{"@type":"Organization","@id":"https:\/\/www.laguiadepamplona.com\/actualidad\/#organization","name":"La Gu\u00eda de Pamplona \/ Noticias","url":"https:\/\/www.laguiadepamplona.com\/actualidad\/","logo":{"@type":"ImageObject","inLanguage":"es","@id":"https:\/\/www.laguiadepamplona.com\/actualidad\/#\/schema\/logo\/image\/","url":"https:\/\/www.laguiadepamplona.com\/actualidad\/wp-content\/uploads\/2018\/11\/logo-laguiadepamplona18-web1.png","contentUrl":"https:\/\/www.laguiadepamplona.com\/actualidad\/wp-content\/uploads\/2018\/11\/logo-laguiadepamplona18-web1.png","width":600,"height":196,"caption":"La Gu\u00eda de Pamplona \/ Noticias"},"image":{"@id":"https:\/\/www.laguiadepamplona.com\/actualidad\/#\/schema\/logo\/image\/"},"sameAs":["https:\/\/www.facebook.com\/laguiadepamplonacom-133175176762273\/?ref=hl","https:\/\/x.com\/LaGuiadPamplona","https:\/\/www.instagram.com\/la_guia_de_pamplona\/","https:\/\/www.youtube.com\/user\/laguiadepamplona"]},{"@type":"Person","@id":"https:\/\/www.laguiadepamplona.com\/actualidad\/#\/schema\/person\/efe887376f0213d4657c93adc50b1fdb","name":"La Gu\u00eda de Pamplona","image":{"@type":"ImageObject","inLanguage":"es","@id":"https:\/\/secure.gravatar.com\/avatar\/b6992f131dc8d30ab0dff15446e9d346d9dbd95992de0fef795073f5ea83a81c?s=96&d=mm&r=g","url":"https:\/\/secure.gravatar.com\/avatar\/b6992f131dc8d30ab0dff15446e9d346d9dbd95992de0fef795073f5ea83a81c?s=96&d=mm&r=g","contentUrl":"https:\/\/secure.gravatar.com\/avatar\/b6992f131dc8d30ab0dff15446e9d346d9dbd95992de0fef795073f5ea83a81c?s=96&d=mm&r=g","caption":"La Gu\u00eda de Pamplona"}}]}},"post_mailing_queue_ids":[],"_links":{"self":[{"href":"https:\/\/www.laguiadepamplona.com\/actualidad\/wp-json\/wp\/v2\/posts\/37668","targetHints":{"allow":["GET"]}}],"collection":[{"href":"https:\/\/www.laguiadepamplona.com\/actualidad\/wp-json\/wp\/v2\/posts"}],"about":[{"href":"https:\/\/www.laguiadepamplona.com\/actualidad\/wp-json\/wp\/v2\/types\/post"}],"author":[{"embeddable":true,"href":"https:\/\/www.laguiadepamplona.com\/actualidad\/wp-json\/wp\/v2\/users\/1"}],"replies":[{"embeddable":true,"href":"https:\/\/www.laguiadepamplona.com\/actualidad\/wp-json\/wp\/v2\/comments?post=37668"}],"version-history":[{"count":0,"href":"https:\/\/www.laguiadepamplona.com\/actualidad\/wp-json\/wp\/v2\/posts\/37668\/revisions"}],"wp:featuredmedia":[{"embeddable":true,"href":"https:\/\/www.laguiadepamplona.com\/actualidad\/wp-json\/wp\/v2\/media\/37669"}],"wp:attachment":[{"href":"https:\/\/www.laguiadepamplona.com\/actualidad\/wp-json\/wp\/v2\/media?parent=37668"}],"wp:term":[{"taxonomy":"category","embeddable":true,"href":"https:\/\/www.laguiadepamplona.com\/actualidad\/wp-json\/wp\/v2\/categories?post=37668"},{"taxonomy":"post_tag","embeddable":true,"href":"https:\/\/www.laguiadepamplona.com\/actualidad\/wp-json\/wp\/v2\/tags?post=37668"}],"curies":[{"name":"wp","href":"https:\/\/api.w.org\/{rel}","templated":true}]}}