{"id":37664,"date":"2021-11-22T16:20:49","date_gmt":"2021-11-22T14:20:49","guid":{"rendered":"https:\/\/www.laguiadepamplona.com\/actualidad\/?p=37664"},"modified":"2023-04-11T11:48:44","modified_gmt":"2023-04-11T09:48:44","slug":"el-programa-municipal-la-bicicleta-en-la-escuela-duplica-este-curso-el-numero-de-centros-educativos-participantes-y-alcanza-a-mas-de-2-500-ninos-y-ninas","status":"publish","type":"post","link":"https:\/\/www.laguiadepamplona.com\/actualidad\/el-programa-municipal-la-bicicleta-en-la-escuela-duplica-este-curso-el-numero-de-centros-educativos-participantes-y-alcanza-a-mas-de-2-500-ninos-y-ninas\/","title":{"rendered":"El programa municipal \u2018La Bicicleta en la Escuela\u2019 duplica este curso el n\u00famero de centros educativos participantes y alcanza a m\u00e1s de 2.500 ni\u00f1os y ni\u00f1as"},"content":{"rendered":"<h5>Los j\u00f3venes recurren cada vez m\u00e1s a los desplazamientos sostenibles; un millar de escolares participaron en la <a href=\"https:\/\/youtu.be\/u81fFnOPVys\" target=\"_blank\" rel=\"noopener\">bicicletada<\/a> organizada a principios de curso<\/h5>\n<p><!--more--><\/p>\n<p>La participaci\u00f3n de ni\u00f1os y ni\u00f1as en el programa \u2018La Bicicleta en la Escuela\u2019, organizado por el Ayuntamiento de Pamplona, ha aumentado significativamente en el curso reci\u00e9n empezado. Si en 2020-2021 eran doce los centros de la ciudad que tomaban parte en esta actividad, ahora son 23, siendo en total 103 grupos-aula los que participan, sumando m\u00e1s de 2.500 escolares entre 5\u00ba de Educaci\u00f3n Primaria y 2\u00ba de la ESO. La apuesta de los j\u00f3venes de estas edades por el desplazamiento sostenible ya se dej\u00f3 notar al inicio del curso, en una \u2018<a href=\"https:\/\/youtu.be\/u81fFnOPVys\" target=\"_blank\" rel=\"noopener\">bicicletada\u2019 escolar<\/a> en la que participaron un millar de alumnos y alumnas, que recorrieron al mismo tiempo en bicicleta el camino desde sus colegios e institutos hasta el punto de llegada definido en la Vuelta del Castillo.<\/p>\n<p>El programa \u2018La Bicicleta en la Escuela\u2019 es una formaci\u00f3n basada en la pr\u00e1ctica sobre las dos ruedas cuyo objetivo principal es la capacitaci\u00f3n de los participantes para que puedan utilizar la bicicleta como medio de transporte cotidiano con seguridad, confianza y autonom\u00eda, y, m\u00e1s concretamente, para que puedan elegir esta opci\u00f3n para acudir diariamente al instituto o al colegio desde sus respectivos domicilios. El Servicio de Movilidad del Ayuntamiento gestiona este servicio, que se presta a los centros con seis monitores, pertenecientes a dos empresas de iniciativa social adjudicatarias de los contratos que cada curso se derivan del acuerdo marco licitado hace cuatro, para ejecutar este programa.<br \/>\n<script async src=\"\/\/pagead2.googlesyndication.com\/pagead\/js\/adsbygoogle.js\"><\/script><br \/>\n<!-- Noticias La Guia de Pamplona --><br \/>\n<ins class=\"adsbygoogle\"\nstyle=\"display:block\"\ndata-ad-client=\"ca-pub-6943679897239327\"\ndata-ad-slot=\"7048180777\"\ndata-ad-format=\"auto\"><\/ins><br \/>\n<script>\n(adsbygoogle = window.adsbygoogle || []).push({});\n<\/script><\/p>\n<p>La formaci\u00f3n comprende en total seis horas de duraci\u00f3n, repartidas en tres sesiones de dos horas cada una. De esta manera, la planificaci\u00f3n del programa se lleva a cabo en unidades did\u00e1cticas correspondientes a niveles de aprendizaje progresivos diferentes. Las sesiones est\u00e1n adaptadas adem\u00e1s para grupos de ni\u00f1os y ni\u00f1as con necesidades educativas especiales, tanto integrados en el conjunto de los centros educativos como pertenecientes a centros espec\u00edficamente destinados a este tipo de alumnado. Este programa est\u00e1 dirigido al alumnado de 5\u00ba y 6\u00ba de Educaci\u00f3n Primaria y 1\u00ba y 2\u00ba de Educaci\u00f3n Secundaria Obligatoria, y su metodolog\u00eda est\u00e1 basada en el m\u00e9todo ingl\u00e9s \u2018Bikeability\u2019, con a\u00f1os de experiencia a nivel europeo y estatal. Uno de los puntos fuertes de esta formaci\u00f3n es que la intensidad y profundidad con la que se tratan los temas se adapta a cada grupo seg\u00fan sus diferentes capacidades.<\/p>\n<p>El inter\u00e9s mostrado por los j\u00f3venes en actividades como la \u2018bicicletada escolar\u2019 o \u2018La Bicicleta en la Escuela\u2019 pone de manifiesto la apuesta que hace el profesorado, las familias y por propios chicos y chicas por un medio de transporte que es saludable no solo para los que lo utilizan, sino tambi\u00e9n para el resto de la ciudad, debido a la nula emisi\u00f3n de contaminaci\u00f3n y ruido. Estas medidas educativas, que tambi\u00e9n se acercan a las personas adultas a trav\u00e9s de programas espec\u00edficos, complementan el trabajo que el Ayuntamiento realiza para fomentar los desplazamientos en bicicleta en la ciudad. Se busca as\u00ed el camino, desde diferentes perspectivas, para lograr los objetivos de \u2018Go Green Pamplona\u2019, una estrategia que engloba todas las actuaciones en materia de lucha contra el cambio clim\u00e1tico desarrolladas por la ciudad y que define las nuevas l\u00edneas de actuaci\u00f3n para los pr\u00f3ximos a\u00f1os, entre las que destaca la descarbonizaci\u00f3n del transporte, que es actualmente el responsable de m\u00e1s del 57% de las emisiones de gases de efecto invernadero.<br \/>\n<script async src=\"\/\/pagead2.googlesyndication.com\/pagead\/js\/adsbygoogle.js\"><\/script><br \/>\n<!-- Noticias La Guia de Pamplona --><br \/>\n<ins class=\"adsbygoogle\"\nstyle=\"display:block\"\ndata-ad-client=\"ca-pub-6943679897239327\"\ndata-ad-slot=\"7048180777\"\ndata-ad-format=\"auto\"><\/ins><br \/>\n<script>\n(adsbygoogle = window.adsbygoogle || []).push({});\n<\/script><\/p>\n<p><strong>Una propuesta de aprendizaje en tres fases en cada centro escolar<\/strong><\/p>\n<p>La propuesta \u2018La Bicicleta en la Escuela\u2019 arranca con una primera fase de formaci\u00f3n previa en la que se ense\u00f1a al alumnado a aprender a andar en bici de manera correcta. Est\u00e1 dirigida a los participantes que a\u00fan no han desarrollado estas habilidades y el objetivo principal es que puedan adquirirlas de una manera sencilla para poder equipararse al resto del grupo antes de comenzar con las actividades en las aulas, en el patio y sobre todo en la calle.<\/p>\n<p>El segundo bloque de formaci\u00f3n se realiza en dos partes. Primero en el aula se dan pautas a los alumnos y alumnas sobre circulaci\u00f3n y chequeo previo de los elementos de seguridad de la bicicleta. Una vez realizada esta clase, el grupo se desplaza al patio del colegio para comprobar el dominio necesario para circular sobre las dos ruedas en un circuito cerrado a trav\u00e9s de un test de aptitud, que consiste en recorrer con \u00e9xito un recorrido con diferentes obst\u00e1culos. Los resultados permiten determinar si cada participante tiene habilidad suficiente para pasar al siguiente nivel, necesita m\u00e1s pr\u00e1ctica en el entorno cerrado, no puede hacer maniobras y por tanto s\u00f3lo podr\u00e1 salir a circular por la calle con vigilancia cercana, o no tiene nivel, y por tanto requiere m\u00e1s pr\u00e1ctica en entorno cerrado antes de salir a un circuito abierto sin generar peligro.<br \/>\n<script async src=\"\/\/pagead2.googlesyndication.com\/pagead\/js\/adsbygoogle.js\"><\/script><br \/>\n<!-- Noticias La Guia de Pamplona --><br \/>\n<ins class=\"adsbygoogle\"\nstyle=\"display:block\"\ndata-ad-client=\"ca-pub-6943679897239327\"\ndata-ad-slot=\"7048180777\"\ndata-ad-format=\"auto\"><\/ins><br \/>\n<script>\n(adsbygoogle = window.adsbygoogle || []).push({});\n<\/script><\/p>\n<p>La tercera y \u00faltima fase se realiza en un circuito en la v\u00eda p\u00fablica cuidadosamente estudiado en el entorno de cada centro escolar y que siempre integra, al menos, una v\u00eda ciclista y v\u00edas p\u00fablicas secundarias pacificadas. Se trata de una salida en grupo acompa\u00f1ada y tutelada por los monitores de la formaci\u00f3n, que comprende actividades de posicionamiento en la calle, se\u00f1alizaci\u00f3n eficaz, atenci\u00f3n a se\u00f1ales de tr\u00e1fico o comprobaci\u00f3n visual y auditiva. Con esta \u00faltima actividad los escolares pueden adquirir confianza suficiente para desplazarse de manera aut\u00f3noma e incorporarse al grupo de personas que utilizan la bicicleta como medio de desplazamiento cotidiano.<\/p>\n","protected":false},"excerpt":{"rendered":"<p>Los j\u00f3venes recurren cada vez m\u00e1s a los desplazamientos sostenibles; un millar de escolares participaron en la bicicletada organizada a principios de curso<\/p>\n","protected":false},"author":1,"featured_media":36580,"comment_status":"open","ping_status":"closed","sticky":false,"template":"","format":"standard","meta":{"footnotes":""},"categories":[2],"tags":[],"class_list":["post-37664","post","type-post","status-publish","format-standard","has-post-thumbnail","hentry","category-ayuntamiento-pamplona"],"yoast_head":"<!-- This site is optimized with the Yoast SEO plugin v27.3 - https:\/\/yoast.com\/product\/yoast-seo-wordpress\/ -->\n<title>El programa municipal \u2018La Bicicleta en la Escuela\u2019 duplica este curso el n\u00famero de centros educativos participantes y alcanza a m\u00e1s de 2.500 ni\u00f1os y ni\u00f1as<\/title>\n<meta name=\"description\" content=\"Los j\u00f3venes recurren cada vez m\u00e1s a los desplazamientos sostenibles; un millar de escolares participaron en la bicicletada organizada a principios de curso\" \/>\n<meta name=\"robots\" content=\"index, follow, max-snippet:-1, max-image-preview:large, max-video-preview:-1\" \/>\n<link rel=\"canonical\" href=\"https:\/\/www.laguiadepamplona.com\/actualidad\/el-programa-municipal-la-bicicleta-en-la-escuela-duplica-este-curso-el-numero-de-centros-educativos-participantes-y-alcanza-a-mas-de-2-500-ninos-y-ninas\/\" \/>\n<meta property=\"og:locale\" content=\"es_ES\" \/>\n<meta property=\"og:type\" content=\"article\" \/>\n<meta property=\"og:title\" content=\"El programa municipal \u2018La Bicicleta en la Escuela\u2019 duplica este curso el n\u00famero de centros educativos participantes y alcanza a m\u00e1s de 2.500 ni\u00f1os y ni\u00f1as\" \/>\n<meta property=\"og:description\" content=\"Los j\u00f3venes recurren cada vez m\u00e1s a los desplazamientos sostenibles; un millar de escolares participaron en la bicicletada organizada a principios de curso\" \/>\n<meta property=\"og:url\" content=\"https:\/\/www.laguiadepamplona.com\/actualidad\/el-programa-municipal-la-bicicleta-en-la-escuela-duplica-este-curso-el-numero-de-centros-educativos-participantes-y-alcanza-a-mas-de-2-500-ninos-y-ninas\/\" \/>\n<meta property=\"og:site_name\" content=\"La Gu\u00eda de Pamplona\" \/>\n<meta property=\"article:publisher\" content=\"https:\/\/www.facebook.com\/laguiadepamplonacom-133175176762273\/?ref=hl\" \/>\n<meta property=\"article:published_time\" content=\"2021-11-22T14:20:49+00:00\" \/>\n<meta property=\"article:modified_time\" content=\"2023-04-11T09:48:44+00:00\" \/>\n<meta property=\"og:image\" content=\"https:\/\/www.laguiadepamplona.com\/actualidad\/wp-content\/uploads\/2021\/09\/vuelta-del-castillo-bici-escolar.jpg\" \/>\n\t<meta property=\"og:image:width\" content=\"894\" \/>\n\t<meta property=\"og:image:height\" content=\"694\" \/>\n\t<meta property=\"og:image:type\" content=\"image\/jpeg\" \/>\n<meta name=\"author\" content=\"La Gu\u00eda de Pamplona\" \/>\n<meta name=\"twitter:card\" content=\"summary_large_image\" \/>\n<meta name=\"twitter:creator\" content=\"@LaGuiadPamplona\" \/>\n<meta name=\"twitter:site\" content=\"@LaGuiadPamplona\" \/>\n<meta name=\"twitter:label1\" content=\"Escrito por\" \/>\n\t<meta name=\"twitter:data1\" content=\"La Gu\u00eda de Pamplona\" \/>\n\t<meta name=\"twitter:label2\" content=\"Tiempo de lectura\" \/>\n\t<meta name=\"twitter:data2\" content=\"5 minutos\" \/>\n<script type=\"application\/ld+json\" class=\"yoast-schema-graph\">{\"@context\":\"https:\\\/\\\/schema.org\",\"@graph\":[{\"@type\":\"Article\",\"@id\":\"https:\\\/\\\/www.laguiadepamplona.com\\\/actualidad\\\/el-programa-municipal-la-bicicleta-en-la-escuela-duplica-este-curso-el-numero-de-centros-educativos-participantes-y-alcanza-a-mas-de-2-500-ninos-y-ninas\\\/#article\",\"isPartOf\":{\"@id\":\"https:\\\/\\\/www.laguiadepamplona.com\\\/actualidad\\\/el-programa-municipal-la-bicicleta-en-la-escuela-duplica-este-curso-el-numero-de-centros-educativos-participantes-y-alcanza-a-mas-de-2-500-ninos-y-ninas\\\/\"},\"author\":{\"name\":\"La Gu\u00eda de Pamplona\",\"@id\":\"https:\\\/\\\/www.laguiadepamplona.com\\\/actualidad\\\/#\\\/schema\\\/person\\\/efe887376f0213d4657c93adc50b1fdb\"},\"headline\":\"El programa municipal \u2018La Bicicleta en la Escuela\u2019 duplica este curso el n\u00famero de centros educativos participantes y alcanza a m\u00e1s de 2.500 ni\u00f1os y ni\u00f1as\",\"datePublished\":\"2021-11-22T14:20:49+00:00\",\"dateModified\":\"2023-04-11T09:48:44+00:00\",\"mainEntityOfPage\":{\"@id\":\"https:\\\/\\\/www.laguiadepamplona.com\\\/actualidad\\\/el-programa-municipal-la-bicicleta-en-la-escuela-duplica-este-curso-el-numero-de-centros-educativos-participantes-y-alcanza-a-mas-de-2-500-ninos-y-ninas\\\/\"},\"wordCount\":1005,\"commentCount\":0,\"publisher\":{\"@id\":\"https:\\\/\\\/www.laguiadepamplona.com\\\/actualidad\\\/#organization\"},\"image\":{\"@id\":\"https:\\\/\\\/www.laguiadepamplona.com\\\/actualidad\\\/el-programa-municipal-la-bicicleta-en-la-escuela-duplica-este-curso-el-numero-de-centros-educativos-participantes-y-alcanza-a-mas-de-2-500-ninos-y-ninas\\\/#primaryimage\"},\"thumbnailUrl\":\"https:\\\/\\\/www.laguiadepamplona.com\\\/actualidad\\\/wp-content\\\/uploads\\\/2021\\\/09\\\/vuelta-del-castillo-bici-escolar.jpg\",\"articleSection\":[\"Ayto Pamplona\"],\"inLanguage\":\"es\",\"potentialAction\":[{\"@type\":\"CommentAction\",\"name\":\"Comment\",\"target\":[\"https:\\\/\\\/www.laguiadepamplona.com\\\/actualidad\\\/el-programa-municipal-la-bicicleta-en-la-escuela-duplica-este-curso-el-numero-de-centros-educativos-participantes-y-alcanza-a-mas-de-2-500-ninos-y-ninas\\\/#respond\"]}]},{\"@type\":\"WebPage\",\"@id\":\"https:\\\/\\\/www.laguiadepamplona.com\\\/actualidad\\\/el-programa-municipal-la-bicicleta-en-la-escuela-duplica-este-curso-el-numero-de-centros-educativos-participantes-y-alcanza-a-mas-de-2-500-ninos-y-ninas\\\/\",\"url\":\"https:\\\/\\\/www.laguiadepamplona.com\\\/actualidad\\\/el-programa-municipal-la-bicicleta-en-la-escuela-duplica-este-curso-el-numero-de-centros-educativos-participantes-y-alcanza-a-mas-de-2-500-ninos-y-ninas\\\/\",\"name\":\"El programa municipal \u2018La Bicicleta en la Escuela\u2019 duplica este curso el n\u00famero de centros educativos participantes y alcanza a m\u00e1s de 2.500 ni\u00f1os y ni\u00f1as\",\"isPartOf\":{\"@id\":\"https:\\\/\\\/www.laguiadepamplona.com\\\/actualidad\\\/#website\"},\"primaryImageOfPage\":{\"@id\":\"https:\\\/\\\/www.laguiadepamplona.com\\\/actualidad\\\/el-programa-municipal-la-bicicleta-en-la-escuela-duplica-este-curso-el-numero-de-centros-educativos-participantes-y-alcanza-a-mas-de-2-500-ninos-y-ninas\\\/#primaryimage\"},\"image\":{\"@id\":\"https:\\\/\\\/www.laguiadepamplona.com\\\/actualidad\\\/el-programa-municipal-la-bicicleta-en-la-escuela-duplica-este-curso-el-numero-de-centros-educativos-participantes-y-alcanza-a-mas-de-2-500-ninos-y-ninas\\\/#primaryimage\"},\"thumbnailUrl\":\"https:\\\/\\\/www.laguiadepamplona.com\\\/actualidad\\\/wp-content\\\/uploads\\\/2021\\\/09\\\/vuelta-del-castillo-bici-escolar.jpg\",\"datePublished\":\"2021-11-22T14:20:49+00:00\",\"dateModified\":\"2023-04-11T09:48:44+00:00\",\"description\":\"Los j\u00f3venes recurren cada vez m\u00e1s a los desplazamientos sostenibles; un millar de escolares participaron en la bicicletada organizada a principios de curso\",\"breadcrumb\":{\"@id\":\"https:\\\/\\\/www.laguiadepamplona.com\\\/actualidad\\\/el-programa-municipal-la-bicicleta-en-la-escuela-duplica-este-curso-el-numero-de-centros-educativos-participantes-y-alcanza-a-mas-de-2-500-ninos-y-ninas\\\/#breadcrumb\"},\"inLanguage\":\"es\",\"potentialAction\":[{\"@type\":\"ReadAction\",\"target\":[\"https:\\\/\\\/www.laguiadepamplona.com\\\/actualidad\\\/el-programa-municipal-la-bicicleta-en-la-escuela-duplica-este-curso-el-numero-de-centros-educativos-participantes-y-alcanza-a-mas-de-2-500-ninos-y-ninas\\\/\"]}]},{\"@type\":\"ImageObject\",\"inLanguage\":\"es\",\"@id\":\"https:\\\/\\\/www.laguiadepamplona.com\\\/actualidad\\\/el-programa-municipal-la-bicicleta-en-la-escuela-duplica-este-curso-el-numero-de-centros-educativos-participantes-y-alcanza-a-mas-de-2-500-ninos-y-ninas\\\/#primaryimage\",\"url\":\"https:\\\/\\\/www.laguiadepamplona.com\\\/actualidad\\\/wp-content\\\/uploads\\\/2021\\\/09\\\/vuelta-del-castillo-bici-escolar.jpg\",\"contentUrl\":\"https:\\\/\\\/www.laguiadepamplona.com\\\/actualidad\\\/wp-content\\\/uploads\\\/2021\\\/09\\\/vuelta-del-castillo-bici-escolar.jpg\",\"width\":894,\"height\":694},{\"@type\":\"BreadcrumbList\",\"@id\":\"https:\\\/\\\/www.laguiadepamplona.com\\\/actualidad\\\/el-programa-municipal-la-bicicleta-en-la-escuela-duplica-este-curso-el-numero-de-centros-educativos-participantes-y-alcanza-a-mas-de-2-500-ninos-y-ninas\\\/#breadcrumb\",\"itemListElement\":[{\"@type\":\"ListItem\",\"position\":1,\"name\":\"Portada\",\"item\":\"https:\\\/\\\/www.laguiadepamplona.com\\\/actualidad\\\/\"},{\"@type\":\"ListItem\",\"position\":2,\"name\":\"El programa municipal \u2018La Bicicleta en la Escuela\u2019 duplica este curso el n\u00famero de centros educativos participantes y alcanza a m\u00e1s de 2.500 ni\u00f1os y ni\u00f1as\"}]},{\"@type\":\"WebSite\",\"@id\":\"https:\\\/\\\/www.laguiadepamplona.com\\\/actualidad\\\/#website\",\"url\":\"https:\\\/\\\/www.laguiadepamplona.com\\\/actualidad\\\/\",\"name\":\"La gu\u00eda de Pamplona\",\"description\":\"Noticias de Pamplona\",\"publisher\":{\"@id\":\"https:\\\/\\\/www.laguiadepamplona.com\\\/actualidad\\\/#organization\"},\"potentialAction\":[{\"@type\":\"SearchAction\",\"target\":{\"@type\":\"EntryPoint\",\"urlTemplate\":\"https:\\\/\\\/www.laguiadepamplona.com\\\/actualidad\\\/?s={search_term_string}\"},\"query-input\":{\"@type\":\"PropertyValueSpecification\",\"valueRequired\":true,\"valueName\":\"search_term_string\"}}],\"inLanguage\":\"es\"},{\"@type\":\"Organization\",\"@id\":\"https:\\\/\\\/www.laguiadepamplona.com\\\/actualidad\\\/#organization\",\"name\":\"La Gu\u00eda de Pamplona \\\/ Noticias\",\"url\":\"https:\\\/\\\/www.laguiadepamplona.com\\\/actualidad\\\/\",\"logo\":{\"@type\":\"ImageObject\",\"inLanguage\":\"es\",\"@id\":\"https:\\\/\\\/www.laguiadepamplona.com\\\/actualidad\\\/#\\\/schema\\\/logo\\\/image\\\/\",\"url\":\"https:\\\/\\\/www.laguiadepamplona.com\\\/actualidad\\\/wp-content\\\/uploads\\\/2018\\\/11\\\/logo-laguiadepamplona18-web1.png\",\"contentUrl\":\"https:\\\/\\\/www.laguiadepamplona.com\\\/actualidad\\\/wp-content\\\/uploads\\\/2018\\\/11\\\/logo-laguiadepamplona18-web1.png\",\"width\":600,\"height\":196,\"caption\":\"La Gu\u00eda de Pamplona \\\/ Noticias\"},\"image\":{\"@id\":\"https:\\\/\\\/www.laguiadepamplona.com\\\/actualidad\\\/#\\\/schema\\\/logo\\\/image\\\/\"},\"sameAs\":[\"https:\\\/\\\/www.facebook.com\\\/laguiadepamplonacom-133175176762273\\\/?ref=hl\",\"https:\\\/\\\/x.com\\\/LaGuiadPamplona\",\"https:\\\/\\\/www.instagram.com\\\/la_guia_de_pamplona\\\/\",\"https:\\\/\\\/www.youtube.com\\\/user\\\/laguiadepamplona\"]},{\"@type\":\"Person\",\"@id\":\"https:\\\/\\\/www.laguiadepamplona.com\\\/actualidad\\\/#\\\/schema\\\/person\\\/efe887376f0213d4657c93adc50b1fdb\",\"name\":\"La Gu\u00eda de Pamplona\",\"image\":{\"@type\":\"ImageObject\",\"inLanguage\":\"es\",\"@id\":\"https:\\\/\\\/secure.gravatar.com\\\/avatar\\\/b6992f131dc8d30ab0dff15446e9d346d9dbd95992de0fef795073f5ea83a81c?s=96&d=mm&r=g\",\"url\":\"https:\\\/\\\/secure.gravatar.com\\\/avatar\\\/b6992f131dc8d30ab0dff15446e9d346d9dbd95992de0fef795073f5ea83a81c?s=96&d=mm&r=g\",\"contentUrl\":\"https:\\\/\\\/secure.gravatar.com\\\/avatar\\\/b6992f131dc8d30ab0dff15446e9d346d9dbd95992de0fef795073f5ea83a81c?s=96&d=mm&r=g\",\"caption\":\"La Gu\u00eda de Pamplona\"}}]}<\/script>\n<!-- \/ Yoast SEO plugin. -->","yoast_head_json":{"title":"El programa municipal \u2018La Bicicleta en la Escuela\u2019 duplica este curso el n\u00famero de centros educativos participantes y alcanza a m\u00e1s de 2.500 ni\u00f1os y ni\u00f1as","description":"Los j\u00f3venes recurren cada vez m\u00e1s a los desplazamientos sostenibles; un millar de escolares participaron en la bicicletada organizada a principios de curso","robots":{"index":"index","follow":"follow","max-snippet":"max-snippet:-1","max-image-preview":"max-image-preview:large","max-video-preview":"max-video-preview:-1"},"canonical":"https:\/\/www.laguiadepamplona.com\/actualidad\/el-programa-municipal-la-bicicleta-en-la-escuela-duplica-este-curso-el-numero-de-centros-educativos-participantes-y-alcanza-a-mas-de-2-500-ninos-y-ninas\/","og_locale":"es_ES","og_type":"article","og_title":"El programa municipal \u2018La Bicicleta en la Escuela\u2019 duplica este curso el n\u00famero de centros educativos participantes y alcanza a m\u00e1s de 2.500 ni\u00f1os y ni\u00f1as","og_description":"Los j\u00f3venes recurren cada vez m\u00e1s a los desplazamientos sostenibles; un millar de escolares participaron en la bicicletada organizada a principios de curso","og_url":"https:\/\/www.laguiadepamplona.com\/actualidad\/el-programa-municipal-la-bicicleta-en-la-escuela-duplica-este-curso-el-numero-de-centros-educativos-participantes-y-alcanza-a-mas-de-2-500-ninos-y-ninas\/","og_site_name":"La Gu\u00eda de Pamplona","article_publisher":"https:\/\/www.facebook.com\/laguiadepamplonacom-133175176762273\/?ref=hl","article_published_time":"2021-11-22T14:20:49+00:00","article_modified_time":"2023-04-11T09:48:44+00:00","og_image":[{"width":894,"height":694,"url":"https:\/\/www.laguiadepamplona.com\/actualidad\/wp-content\/uploads\/2021\/09\/vuelta-del-castillo-bici-escolar.jpg","type":"image\/jpeg"}],"author":"La Gu\u00eda de Pamplona","twitter_card":"summary_large_image","twitter_creator":"@LaGuiadPamplona","twitter_site":"@LaGuiadPamplona","twitter_misc":{"Escrito por":"La Gu\u00eda de Pamplona","Tiempo de lectura":"5 minutos"},"schema":{"@context":"https:\/\/schema.org","@graph":[{"@type":"Article","@id":"https:\/\/www.laguiadepamplona.com\/actualidad\/el-programa-municipal-la-bicicleta-en-la-escuela-duplica-este-curso-el-numero-de-centros-educativos-participantes-y-alcanza-a-mas-de-2-500-ninos-y-ninas\/#article","isPartOf":{"@id":"https:\/\/www.laguiadepamplona.com\/actualidad\/el-programa-municipal-la-bicicleta-en-la-escuela-duplica-este-curso-el-numero-de-centros-educativos-participantes-y-alcanza-a-mas-de-2-500-ninos-y-ninas\/"},"author":{"name":"La Gu\u00eda de Pamplona","@id":"https:\/\/www.laguiadepamplona.com\/actualidad\/#\/schema\/person\/efe887376f0213d4657c93adc50b1fdb"},"headline":"El programa municipal \u2018La Bicicleta en la Escuela\u2019 duplica este curso el n\u00famero de centros educativos participantes y alcanza a m\u00e1s de 2.500 ni\u00f1os y ni\u00f1as","datePublished":"2021-11-22T14:20:49+00:00","dateModified":"2023-04-11T09:48:44+00:00","mainEntityOfPage":{"@id":"https:\/\/www.laguiadepamplona.com\/actualidad\/el-programa-municipal-la-bicicleta-en-la-escuela-duplica-este-curso-el-numero-de-centros-educativos-participantes-y-alcanza-a-mas-de-2-500-ninos-y-ninas\/"},"wordCount":1005,"commentCount":0,"publisher":{"@id":"https:\/\/www.laguiadepamplona.com\/actualidad\/#organization"},"image":{"@id":"https:\/\/www.laguiadepamplona.com\/actualidad\/el-programa-municipal-la-bicicleta-en-la-escuela-duplica-este-curso-el-numero-de-centros-educativos-participantes-y-alcanza-a-mas-de-2-500-ninos-y-ninas\/#primaryimage"},"thumbnailUrl":"https:\/\/www.laguiadepamplona.com\/actualidad\/wp-content\/uploads\/2021\/09\/vuelta-del-castillo-bici-escolar.jpg","articleSection":["Ayto Pamplona"],"inLanguage":"es","potentialAction":[{"@type":"CommentAction","name":"Comment","target":["https:\/\/www.laguiadepamplona.com\/actualidad\/el-programa-municipal-la-bicicleta-en-la-escuela-duplica-este-curso-el-numero-de-centros-educativos-participantes-y-alcanza-a-mas-de-2-500-ninos-y-ninas\/#respond"]}]},{"@type":"WebPage","@id":"https:\/\/www.laguiadepamplona.com\/actualidad\/el-programa-municipal-la-bicicleta-en-la-escuela-duplica-este-curso-el-numero-de-centros-educativos-participantes-y-alcanza-a-mas-de-2-500-ninos-y-ninas\/","url":"https:\/\/www.laguiadepamplona.com\/actualidad\/el-programa-municipal-la-bicicleta-en-la-escuela-duplica-este-curso-el-numero-de-centros-educativos-participantes-y-alcanza-a-mas-de-2-500-ninos-y-ninas\/","name":"El programa municipal \u2018La Bicicleta en la Escuela\u2019 duplica este curso el n\u00famero de centros educativos participantes y alcanza a m\u00e1s de 2.500 ni\u00f1os y ni\u00f1as","isPartOf":{"@id":"https:\/\/www.laguiadepamplona.com\/actualidad\/#website"},"primaryImageOfPage":{"@id":"https:\/\/www.laguiadepamplona.com\/actualidad\/el-programa-municipal-la-bicicleta-en-la-escuela-duplica-este-curso-el-numero-de-centros-educativos-participantes-y-alcanza-a-mas-de-2-500-ninos-y-ninas\/#primaryimage"},"image":{"@id":"https:\/\/www.laguiadepamplona.com\/actualidad\/el-programa-municipal-la-bicicleta-en-la-escuela-duplica-este-curso-el-numero-de-centros-educativos-participantes-y-alcanza-a-mas-de-2-500-ninos-y-ninas\/#primaryimage"},"thumbnailUrl":"https:\/\/www.laguiadepamplona.com\/actualidad\/wp-content\/uploads\/2021\/09\/vuelta-del-castillo-bici-escolar.jpg","datePublished":"2021-11-22T14:20:49+00:00","dateModified":"2023-04-11T09:48:44+00:00","description":"Los j\u00f3venes recurren cada vez m\u00e1s a los desplazamientos sostenibles; un millar de escolares participaron en la bicicletada organizada a principios de curso","breadcrumb":{"@id":"https:\/\/www.laguiadepamplona.com\/actualidad\/el-programa-municipal-la-bicicleta-en-la-escuela-duplica-este-curso-el-numero-de-centros-educativos-participantes-y-alcanza-a-mas-de-2-500-ninos-y-ninas\/#breadcrumb"},"inLanguage":"es","potentialAction":[{"@type":"ReadAction","target":["https:\/\/www.laguiadepamplona.com\/actualidad\/el-programa-municipal-la-bicicleta-en-la-escuela-duplica-este-curso-el-numero-de-centros-educativos-participantes-y-alcanza-a-mas-de-2-500-ninos-y-ninas\/"]}]},{"@type":"ImageObject","inLanguage":"es","@id":"https:\/\/www.laguiadepamplona.com\/actualidad\/el-programa-municipal-la-bicicleta-en-la-escuela-duplica-este-curso-el-numero-de-centros-educativos-participantes-y-alcanza-a-mas-de-2-500-ninos-y-ninas\/#primaryimage","url":"https:\/\/www.laguiadepamplona.com\/actualidad\/wp-content\/uploads\/2021\/09\/vuelta-del-castillo-bici-escolar.jpg","contentUrl":"https:\/\/www.laguiadepamplona.com\/actualidad\/wp-content\/uploads\/2021\/09\/vuelta-del-castillo-bici-escolar.jpg","width":894,"height":694},{"@type":"BreadcrumbList","@id":"https:\/\/www.laguiadepamplona.com\/actualidad\/el-programa-municipal-la-bicicleta-en-la-escuela-duplica-este-curso-el-numero-de-centros-educativos-participantes-y-alcanza-a-mas-de-2-500-ninos-y-ninas\/#breadcrumb","itemListElement":[{"@type":"ListItem","position":1,"name":"Portada","item":"https:\/\/www.laguiadepamplona.com\/actualidad\/"},{"@type":"ListItem","position":2,"name":"El programa municipal \u2018La Bicicleta en la Escuela\u2019 duplica este curso el n\u00famero de centros educativos participantes y alcanza a m\u00e1s de 2.500 ni\u00f1os y ni\u00f1as"}]},{"@type":"WebSite","@id":"https:\/\/www.laguiadepamplona.com\/actualidad\/#website","url":"https:\/\/www.laguiadepamplona.com\/actualidad\/","name":"La gu\u00eda de Pamplona","description":"Noticias de Pamplona","publisher":{"@id":"https:\/\/www.laguiadepamplona.com\/actualidad\/#organization"},"potentialAction":[{"@type":"SearchAction","target":{"@type":"EntryPoint","urlTemplate":"https:\/\/www.laguiadepamplona.com\/actualidad\/?s={search_term_string}"},"query-input":{"@type":"PropertyValueSpecification","valueRequired":true,"valueName":"search_term_string"}}],"inLanguage":"es"},{"@type":"Organization","@id":"https:\/\/www.laguiadepamplona.com\/actualidad\/#organization","name":"La Gu\u00eda de Pamplona \/ Noticias","url":"https:\/\/www.laguiadepamplona.com\/actualidad\/","logo":{"@type":"ImageObject","inLanguage":"es","@id":"https:\/\/www.laguiadepamplona.com\/actualidad\/#\/schema\/logo\/image\/","url":"https:\/\/www.laguiadepamplona.com\/actualidad\/wp-content\/uploads\/2018\/11\/logo-laguiadepamplona18-web1.png","contentUrl":"https:\/\/www.laguiadepamplona.com\/actualidad\/wp-content\/uploads\/2018\/11\/logo-laguiadepamplona18-web1.png","width":600,"height":196,"caption":"La Gu\u00eda de Pamplona \/ Noticias"},"image":{"@id":"https:\/\/www.laguiadepamplona.com\/actualidad\/#\/schema\/logo\/image\/"},"sameAs":["https:\/\/www.facebook.com\/laguiadepamplonacom-133175176762273\/?ref=hl","https:\/\/x.com\/LaGuiadPamplona","https:\/\/www.instagram.com\/la_guia_de_pamplona\/","https:\/\/www.youtube.com\/user\/laguiadepamplona"]},{"@type":"Person","@id":"https:\/\/www.laguiadepamplona.com\/actualidad\/#\/schema\/person\/efe887376f0213d4657c93adc50b1fdb","name":"La Gu\u00eda de Pamplona","image":{"@type":"ImageObject","inLanguage":"es","@id":"https:\/\/secure.gravatar.com\/avatar\/b6992f131dc8d30ab0dff15446e9d346d9dbd95992de0fef795073f5ea83a81c?s=96&d=mm&r=g","url":"https:\/\/secure.gravatar.com\/avatar\/b6992f131dc8d30ab0dff15446e9d346d9dbd95992de0fef795073f5ea83a81c?s=96&d=mm&r=g","contentUrl":"https:\/\/secure.gravatar.com\/avatar\/b6992f131dc8d30ab0dff15446e9d346d9dbd95992de0fef795073f5ea83a81c?s=96&d=mm&r=g","caption":"La Gu\u00eda de Pamplona"}}]}},"post_mailing_queue_ids":[],"_links":{"self":[{"href":"https:\/\/www.laguiadepamplona.com\/actualidad\/wp-json\/wp\/v2\/posts\/37664","targetHints":{"allow":["GET"]}}],"collection":[{"href":"https:\/\/www.laguiadepamplona.com\/actualidad\/wp-json\/wp\/v2\/posts"}],"about":[{"href":"https:\/\/www.laguiadepamplona.com\/actualidad\/wp-json\/wp\/v2\/types\/post"}],"author":[{"embeddable":true,"href":"https:\/\/www.laguiadepamplona.com\/actualidad\/wp-json\/wp\/v2\/users\/1"}],"replies":[{"embeddable":true,"href":"https:\/\/www.laguiadepamplona.com\/actualidad\/wp-json\/wp\/v2\/comments?post=37664"}],"version-history":[{"count":0,"href":"https:\/\/www.laguiadepamplona.com\/actualidad\/wp-json\/wp\/v2\/posts\/37664\/revisions"}],"wp:featuredmedia":[{"embeddable":true,"href":"https:\/\/www.laguiadepamplona.com\/actualidad\/wp-json\/wp\/v2\/media\/36580"}],"wp:attachment":[{"href":"https:\/\/www.laguiadepamplona.com\/actualidad\/wp-json\/wp\/v2\/media?parent=37664"}],"wp:term":[{"taxonomy":"category","embeddable":true,"href":"https:\/\/www.laguiadepamplona.com\/actualidad\/wp-json\/wp\/v2\/categories?post=37664"},{"taxonomy":"post_tag","embeddable":true,"href":"https:\/\/www.laguiadepamplona.com\/actualidad\/wp-json\/wp\/v2\/tags?post=37664"}],"curies":[{"name":"wp","href":"https:\/\/api.w.org\/{rel}","templated":true}]}}