{"id":37660,"date":"2021-11-22T16:18:13","date_gmt":"2021-11-22T14:18:13","guid":{"rendered":"https:\/\/www.laguiadepamplona.com\/actualidad\/?p=37660"},"modified":"2023-04-11T11:48:44","modified_gmt":"2023-04-11T09:48:44","slug":"el-ayuntamiento-licita-la-redaccion-de-dos-proyectos-de-intervencion-global-pig-para-el-grupo-san-pedro-y-para-las-viviendas-del-mercado-del-segundo-ensanche","status":"publish","type":"post","link":"https:\/\/www.laguiadepamplona.com\/actualidad\/el-ayuntamiento-licita-la-redaccion-de-dos-proyectos-de-intervencion-global-pig-para-el-grupo-san-pedro-y-para-las-viviendas-del-mercado-del-segundo-ensanche\/","title":{"rendered":"El Ayuntamiento licita la redacci\u00f3n de dos Proyectos de Intervenci\u00f3n Global (PIG) para el Grupo San Pedro y para las viviendas del Mercado del Segundo Ensanche"},"content":{"rendered":"<h5>Se incluir\u00e1n soluciones de accesibilidad, propuesta de envolvente t\u00e9rmica y actuaciones de generaci\u00f3n de energ\u00eda, de cara a la regeneraci\u00f3n urbana de esas zonas<\/h5>\n<p><!--more--><\/p>\n<p>La Junta de Gobierno Local del Ayuntamiento de Pamplona ha aprobado la licitaci\u00f3n del contrato de redacci\u00f3n de dos Proyectos de Intervenci\u00f3n Global (PIG) para el Grupo San Pedro y las viviendas del Mercado del Segundo Ensanche. Se trata de un solo contrato, en dos lotes, uno para cada proyecto, dotado con 94.000 euros. Los PIG son documentos t\u00e9cnicos que afectan a un \u00e1mbito espacial y a los edificios incluidos en \u00e9l, en el que se define la actuaci\u00f3n coordinada de rehabilitaci\u00f3n o regeneraci\u00f3n urbana.<br \/>\n<script async src=\"\/\/pagead2.googlesyndication.com\/pagead\/js\/adsbygoogle.js\"><\/script><br \/>\n<!-- Noticias La Guia de Pamplona --><br \/>\n<ins class=\"adsbygoogle\"\nstyle=\"display:block\"\ndata-ad-client=\"ca-pub-6943679897239327\"\ndata-ad-slot=\"7048180777\"\ndata-ad-format=\"auto\"><\/ins><br \/>\n<script>\n(adsbygoogle = window.adsbygoogle || []).push({});\n<\/script><\/p>\n<p>El PIG San Pedro est\u00e1 delimitado por las calles Anso\u00e1in y Errotazar y la avenida de Marcelo Celayeta y cuenta con un presupuesto de 67.000 euros. El PIG Mercado Ensanche incluye el \u00e1mbito delimitado por las calles Tafalla, Olite, Gorriti y Amaya, con excepci\u00f3n del recinto del propio mercado municipal. La redacci\u00f3n de cada PIG podr\u00eda conllevar la redacci\u00f3n de un Plan Especial de Actuaci\u00f3n Urbana (PEAU) o un Estudio de Detalle, dependiendo de la soluci\u00f3n adoptada para conseguir la accesibilidad total a las viviendas.<\/p>\n<p>Ambos PIG tienen en com\u00fan que se construyeron en los a\u00f1os 40 y 50 y que presentan carencias y patolog\u00edas constructivas comunes. En el barrio San Pedro, las propuestas tambi\u00e9n se extender\u00e1n al espacio p\u00fablico que lo delimita. Con cada uno de los Proyectos de Intervenci\u00f3n Global se pretende plantear una soluci\u00f3n unificada que conlleve una rehabilitaci\u00f3n energ\u00e9tica profunda, incluyendo tanto la envolvente t\u00e9rmica como la accesibilidad y las instalaciones energ\u00e9ticas, en aras de reducir los impactos medioambientales del uso de estas viviendas y mejorar las condiciones de acceso a la energ\u00eda para todos los ciudadanos, tambi\u00e9n en barrios vulnerables.<\/p>\n<p>En definitiva, el Ayuntamiento de Pamplona pretende crear un modelo de actuaci\u00f3n, o buena pr\u00e1ctica, que pueda replicar en el futuro en otros inmuebles de vivienda colectiva de su propiedad. Quienes concurran a este contrato podr\u00e1n presentar oferta a los dos lotes, pero solo podr\u00e1n ser adjudicatarios de uno de ellos. En caso de que ambas sean las m\u00e1s ventajosas, la determinaci\u00f3n del lote a adjudicar a su favor se efectuar\u00e1 seg\u00fan la preferencia indicada en la documentaci\u00f3n presentada. El plazo de presentaci\u00f3n de propuestas comenzar\u00e1 una vez que el anuncio de licitaci\u00f3n se publique en el Portal de Contrataci\u00f3n de Navarra.<br \/>\n<script async src=\"\/\/pagead2.googlesyndication.com\/pagead\/js\/adsbygoogle.js\"><\/script><br \/>\n<!-- Noticias La Guia de Pamplona --><br \/>\n<ins class=\"adsbygoogle\"\nstyle=\"display:block\"\ndata-ad-client=\"ca-pub-6943679897239327\"\ndata-ad-slot=\"7048180777\"\ndata-ad-format=\"auto\"><\/ins><br \/>\n<script>\n(adsbygoogle = window.adsbygoogle || []).push({});\n<\/script><\/p>\n<p><strong>Grupo San Pedro<\/strong><\/p>\n<p>El Grupo San Pedro lo conforman 42 edificios de caracter\u00edsticas similares que albergan 235 viviendas colectivas, construidas en los a\u00f1os 1947 y 1948. Los edificios se desarrollan en planta baja m\u00e1s 2 o 3 alturas. Las plantas bajas contienen locales comerciales o viviendas, seg\u00fan las tipolog\u00edas existentes. Los inmuebles no cuentan con ascensor y para acceder a las viviendas en planta baja es necesario salvar un tramo de escalera. Los locales situados en la parte superior de la calle Errotazar no tienen uso en la actualidad, pero pueden plantearse propuestas para su utilizaci\u00f3n por todo el conjunto.<\/p>\n<p>La mayor\u00eda de las viviendas tienen una superficie de 60 a 70 m2, aunque tambi\u00e9n hay seis pisos entre 70 m<sup>2<\/sup> y 80 m<sup>2<\/sup>. La vivienda tipo es de tres dormitorios y dispone de un aseo de unos 3,30 m<sup>2<\/sup>. Las viviendas de superficie entre 70 y 80 m2 disponen de un dormitorio m\u00e1s coincidiendo con su ubicaci\u00f3n en esquina. En el centro del grupo de viviendas se encuentra una plaza interior de acceso peatonal. El conjunto cuenta con todos los servicios urbanos necesarios.<\/p>\n<p>Varios bloques de viviendas est\u00e1n incluidos en el proyecto Open Lab, financiado por la convocatoria Horizon 2020 de la Comisi\u00f3n Europea, dirigido a iniciativas en torno a edificios eficientes en energ\u00eda y recursos. Pamplona desarrollar\u00e1 acciones para crear un Distrito Positivo de Energ\u00eda Verde en el barrio de Rochapea, que pasa por convertir el edificio IWER en el generador de la energ\u00eda para edificios del entorno, entre los que se encuentra el Grupo San Pedro. Esta actuaci\u00f3n se tendr\u00e1 en cuenta en las soluciones constructivas definitivas del PIG San Pedro.<br \/>\n<script async src=\"\/\/pagead2.googlesyndication.com\/pagead\/js\/adsbygoogle.js\"><\/script><br \/>\n<!-- Noticias La Guia de Pamplona --><br \/>\n<ins class=\"adsbygoogle\"\nstyle=\"display:block\"\ndata-ad-client=\"ca-pub-6943679897239327\"\ndata-ad-slot=\"7048180777\"\ndata-ad-format=\"auto\"><\/ins><br \/>\n<script>\n(adsbygoogle = window.adsbygoogle || []).push({});\n<\/script><\/p>\n<p><strong>Viviendas del Mercado del Segundo Ensanche<\/strong><\/p>\n<p>El conjunto del mercado se compone de bloques de vivienda colectiva, ocupando una manzana completa del Segundo Ensanche. En concreto, son 12 edificios homog\u00e9neos de la misma tipolog\u00eda, que albergan 72 viviendas. Pertenecen a una misma promoci\u00f3n del Ayuntamiento de Pamplona de mediados de los a\u00f1os 40, seg\u00fan proyecto de Luis Felipe de Gaztelu y Domingo Ariz, con pisos de viviendas perimetrales en los cuatro frentes de calle y el mercado municipal situado en el centro de manzana.<\/p>\n<p>Los edificios se desarrollan en planta baja y tres alturas. En las plantas bajas se sit\u00faan locales comerciales y los accesos al mercado, a trav\u00e9s de unos vest\u00edbulos protegidos con marquesinas situadas en las cuatro esquinas de la manzana. El acceso a las viviendas se produce desde diversos portales situados en las calles Amaya, Olite, Tafalla y Felipe Gorriti. Los inmuebles no cuentan con ascensor y los portales presentan uno o dos escalones en el acceso. Existen 4 tipolog\u00edas de viviendas, dependiendo de su ubicaci\u00f3n en planta, si tienen balc\u00f3n y el n\u00famero de dormitorios. Las superficies construidas de las viviendas oscilan entre 65m<sup>2<\/sup> y 85 m<sup>2<\/sup>.<\/p>\n","protected":false},"excerpt":{"rendered":"<p>Se incluir\u00e1n soluciones de accesibilidad, propuesta de envolvente t\u00e9rmica y actuaciones de generaci\u00f3n de energ\u00eda, de cara a la regeneraci\u00f3n urbana de esas zonas<\/p>\n","protected":false},"author":1,"featured_media":36074,"comment_status":"open","ping_status":"closed","sticky":false,"template":"","format":"standard","meta":{"footnotes":""},"categories":[2],"tags":[],"class_list":["post-37660","post","type-post","status-publish","format-standard","has-post-thumbnail","hentry","category-ayuntamiento-pamplona"],"yoast_head":"<!-- This site is optimized with the Yoast SEO plugin v27.5 - https:\/\/yoast.com\/product\/yoast-seo-wordpress\/ -->\n<title>El Ayuntamiento licita la redacci\u00f3n de dos Proyectos de Intervenci\u00f3n Global (PIG) para el Grupo San Pedro y para las viviendas del Mercado del Segundo Ensanche<\/title>\n<meta name=\"description\" content=\"Se incluir\u00e1n soluciones de accesibilidad, propuesta de envolvente t\u00e9rmica y actuaciones de generaci\u00f3n de energ\u00eda, de cara a la regeneraci\u00f3n urbana de esas zonas\" \/>\n<meta name=\"robots\" content=\"index, follow, max-snippet:-1, max-image-preview:large, max-video-preview:-1\" \/>\n<link rel=\"canonical\" href=\"https:\/\/www.laguiadepamplona.com\/actualidad\/el-ayuntamiento-licita-la-redaccion-de-dos-proyectos-de-intervencion-global-pig-para-el-grupo-san-pedro-y-para-las-viviendas-del-mercado-del-segundo-ensanche\/\" \/>\n<meta property=\"og:locale\" content=\"es_ES\" \/>\n<meta property=\"og:type\" content=\"article\" \/>\n<meta property=\"og:title\" content=\"El Ayuntamiento licita la redacci\u00f3n de dos Proyectos de Intervenci\u00f3n Global (PIG) para el Grupo San Pedro y para las viviendas del Mercado del Segundo Ensanche\" \/>\n<meta property=\"og:description\" content=\"Se incluir\u00e1n soluciones de accesibilidad, propuesta de envolvente t\u00e9rmica y actuaciones de generaci\u00f3n de energ\u00eda, de cara a la regeneraci\u00f3n urbana de esas zonas\" \/>\n<meta property=\"og:url\" content=\"https:\/\/www.laguiadepamplona.com\/actualidad\/el-ayuntamiento-licita-la-redaccion-de-dos-proyectos-de-intervencion-global-pig-para-el-grupo-san-pedro-y-para-las-viviendas-del-mercado-del-segundo-ensanche\/\" \/>\n<meta property=\"og:site_name\" content=\"La Gu\u00eda de Pamplona\" \/>\n<meta property=\"article:publisher\" content=\"https:\/\/www.facebook.com\/laguiadepamplonacom-133175176762273\/?ref=hl\" \/>\n<meta property=\"article:published_time\" content=\"2021-11-22T14:18:13+00:00\" \/>\n<meta property=\"article:modified_time\" content=\"2023-04-11T09:48:44+00:00\" \/>\n<meta property=\"og:image\" content=\"https:\/\/www.laguiadepamplona.com\/actualidad\/wp-content\/uploads\/2021\/08\/ayuntamiento-pamplona2.jpg\" \/>\n\t<meta property=\"og:image:width\" content=\"1920\" \/>\n\t<meta property=\"og:image:height\" content=\"1080\" \/>\n\t<meta property=\"og:image:type\" content=\"image\/jpeg\" \/>\n<meta name=\"author\" content=\"La Gu\u00eda de Pamplona\" \/>\n<meta name=\"twitter:card\" content=\"summary_large_image\" \/>\n<meta name=\"twitter:creator\" content=\"@LaGuiadPamplona\" \/>\n<meta name=\"twitter:site\" content=\"@LaGuiadPamplona\" \/>\n<meta name=\"twitter:label1\" content=\"Escrito por\" \/>\n\t<meta name=\"twitter:data1\" content=\"La Gu\u00eda de Pamplona\" \/>\n\t<meta name=\"twitter:label2\" content=\"Tiempo de lectura\" \/>\n\t<meta name=\"twitter:data2\" content=\"4 minutos\" \/>\n<script type=\"application\/ld+json\" class=\"yoast-schema-graph\">{\"@context\":\"https:\\\/\\\/schema.org\",\"@graph\":[{\"@type\":\"Article\",\"@id\":\"https:\\\/\\\/www.laguiadepamplona.com\\\/actualidad\\\/el-ayuntamiento-licita-la-redaccion-de-dos-proyectos-de-intervencion-global-pig-para-el-grupo-san-pedro-y-para-las-viviendas-del-mercado-del-segundo-ensanche\\\/#article\",\"isPartOf\":{\"@id\":\"https:\\\/\\\/www.laguiadepamplona.com\\\/actualidad\\\/el-ayuntamiento-licita-la-redaccion-de-dos-proyectos-de-intervencion-global-pig-para-el-grupo-san-pedro-y-para-las-viviendas-del-mercado-del-segundo-ensanche\\\/\"},\"author\":{\"name\":\"La Gu\u00eda de Pamplona\",\"@id\":\"https:\\\/\\\/www.laguiadepamplona.com\\\/actualidad\\\/#\\\/schema\\\/person\\\/efe887376f0213d4657c93adc50b1fdb\"},\"headline\":\"El Ayuntamiento licita la redacci\u00f3n de dos Proyectos de Intervenci\u00f3n Global (PIG) para el Grupo San Pedro y para las viviendas del Mercado del Segundo Ensanche\",\"datePublished\":\"2021-11-22T14:18:13+00:00\",\"dateModified\":\"2023-04-11T09:48:44+00:00\",\"mainEntityOfPage\":{\"@id\":\"https:\\\/\\\/www.laguiadepamplona.com\\\/actualidad\\\/el-ayuntamiento-licita-la-redaccion-de-dos-proyectos-de-intervencion-global-pig-para-el-grupo-san-pedro-y-para-las-viviendas-del-mercado-del-segundo-ensanche\\\/\"},\"wordCount\":938,\"commentCount\":0,\"publisher\":{\"@id\":\"https:\\\/\\\/www.laguiadepamplona.com\\\/actualidad\\\/#organization\"},\"image\":{\"@id\":\"https:\\\/\\\/www.laguiadepamplona.com\\\/actualidad\\\/el-ayuntamiento-licita-la-redaccion-de-dos-proyectos-de-intervencion-global-pig-para-el-grupo-san-pedro-y-para-las-viviendas-del-mercado-del-segundo-ensanche\\\/#primaryimage\"},\"thumbnailUrl\":\"https:\\\/\\\/www.laguiadepamplona.com\\\/actualidad\\\/wp-content\\\/uploads\\\/2021\\\/08\\\/ayuntamiento-pamplona2.jpg\",\"articleSection\":[\"Ayto Pamplona\"],\"inLanguage\":\"es\",\"potentialAction\":[{\"@type\":\"CommentAction\",\"name\":\"Comment\",\"target\":[\"https:\\\/\\\/www.laguiadepamplona.com\\\/actualidad\\\/el-ayuntamiento-licita-la-redaccion-de-dos-proyectos-de-intervencion-global-pig-para-el-grupo-san-pedro-y-para-las-viviendas-del-mercado-del-segundo-ensanche\\\/#respond\"]}]},{\"@type\":\"WebPage\",\"@id\":\"https:\\\/\\\/www.laguiadepamplona.com\\\/actualidad\\\/el-ayuntamiento-licita-la-redaccion-de-dos-proyectos-de-intervencion-global-pig-para-el-grupo-san-pedro-y-para-las-viviendas-del-mercado-del-segundo-ensanche\\\/\",\"url\":\"https:\\\/\\\/www.laguiadepamplona.com\\\/actualidad\\\/el-ayuntamiento-licita-la-redaccion-de-dos-proyectos-de-intervencion-global-pig-para-el-grupo-san-pedro-y-para-las-viviendas-del-mercado-del-segundo-ensanche\\\/\",\"name\":\"El Ayuntamiento licita la redacci\u00f3n de dos Proyectos de Intervenci\u00f3n Global (PIG) para el Grupo San Pedro y para las viviendas del Mercado del Segundo Ensanche\",\"isPartOf\":{\"@id\":\"https:\\\/\\\/www.laguiadepamplona.com\\\/actualidad\\\/#website\"},\"primaryImageOfPage\":{\"@id\":\"https:\\\/\\\/www.laguiadepamplona.com\\\/actualidad\\\/el-ayuntamiento-licita-la-redaccion-de-dos-proyectos-de-intervencion-global-pig-para-el-grupo-san-pedro-y-para-las-viviendas-del-mercado-del-segundo-ensanche\\\/#primaryimage\"},\"image\":{\"@id\":\"https:\\\/\\\/www.laguiadepamplona.com\\\/actualidad\\\/el-ayuntamiento-licita-la-redaccion-de-dos-proyectos-de-intervencion-global-pig-para-el-grupo-san-pedro-y-para-las-viviendas-del-mercado-del-segundo-ensanche\\\/#primaryimage\"},\"thumbnailUrl\":\"https:\\\/\\\/www.laguiadepamplona.com\\\/actualidad\\\/wp-content\\\/uploads\\\/2021\\\/08\\\/ayuntamiento-pamplona2.jpg\",\"datePublished\":\"2021-11-22T14:18:13+00:00\",\"dateModified\":\"2023-04-11T09:48:44+00:00\",\"description\":\"Se incluir\u00e1n soluciones de accesibilidad, propuesta de envolvente t\u00e9rmica y actuaciones de generaci\u00f3n de energ\u00eda, de cara a la regeneraci\u00f3n urbana de esas zonas\",\"breadcrumb\":{\"@id\":\"https:\\\/\\\/www.laguiadepamplona.com\\\/actualidad\\\/el-ayuntamiento-licita-la-redaccion-de-dos-proyectos-de-intervencion-global-pig-para-el-grupo-san-pedro-y-para-las-viviendas-del-mercado-del-segundo-ensanche\\\/#breadcrumb\"},\"inLanguage\":\"es\",\"potentialAction\":[{\"@type\":\"ReadAction\",\"target\":[\"https:\\\/\\\/www.laguiadepamplona.com\\\/actualidad\\\/el-ayuntamiento-licita-la-redaccion-de-dos-proyectos-de-intervencion-global-pig-para-el-grupo-san-pedro-y-para-las-viviendas-del-mercado-del-segundo-ensanche\\\/\"]}]},{\"@type\":\"ImageObject\",\"inLanguage\":\"es\",\"@id\":\"https:\\\/\\\/www.laguiadepamplona.com\\\/actualidad\\\/el-ayuntamiento-licita-la-redaccion-de-dos-proyectos-de-intervencion-global-pig-para-el-grupo-san-pedro-y-para-las-viviendas-del-mercado-del-segundo-ensanche\\\/#primaryimage\",\"url\":\"https:\\\/\\\/www.laguiadepamplona.com\\\/actualidad\\\/wp-content\\\/uploads\\\/2021\\\/08\\\/ayuntamiento-pamplona2.jpg\",\"contentUrl\":\"https:\\\/\\\/www.laguiadepamplona.com\\\/actualidad\\\/wp-content\\\/uploads\\\/2021\\\/08\\\/ayuntamiento-pamplona2.jpg\",\"width\":1920,\"height\":1080,\"caption\":\"ayuntamiento pamplona\"},{\"@type\":\"BreadcrumbList\",\"@id\":\"https:\\\/\\\/www.laguiadepamplona.com\\\/actualidad\\\/el-ayuntamiento-licita-la-redaccion-de-dos-proyectos-de-intervencion-global-pig-para-el-grupo-san-pedro-y-para-las-viviendas-del-mercado-del-segundo-ensanche\\\/#breadcrumb\",\"itemListElement\":[{\"@type\":\"ListItem\",\"position\":1,\"name\":\"Portada\",\"item\":\"https:\\\/\\\/www.laguiadepamplona.com\\\/actualidad\\\/\"},{\"@type\":\"ListItem\",\"position\":2,\"name\":\"El Ayuntamiento licita la redacci\u00f3n de dos Proyectos de Intervenci\u00f3n Global (PIG) para el Grupo San Pedro y para las viviendas del Mercado del Segundo Ensanche\"}]},{\"@type\":\"WebSite\",\"@id\":\"https:\\\/\\\/www.laguiadepamplona.com\\\/actualidad\\\/#website\",\"url\":\"https:\\\/\\\/www.laguiadepamplona.com\\\/actualidad\\\/\",\"name\":\"La gu\u00eda de Pamplona\",\"description\":\"Noticias de Pamplona\",\"publisher\":{\"@id\":\"https:\\\/\\\/www.laguiadepamplona.com\\\/actualidad\\\/#organization\"},\"potentialAction\":[{\"@type\":\"SearchAction\",\"target\":{\"@type\":\"EntryPoint\",\"urlTemplate\":\"https:\\\/\\\/www.laguiadepamplona.com\\\/actualidad\\\/?s={search_term_string}\"},\"query-input\":{\"@type\":\"PropertyValueSpecification\",\"valueRequired\":true,\"valueName\":\"search_term_string\"}}],\"inLanguage\":\"es\"},{\"@type\":\"Organization\",\"@id\":\"https:\\\/\\\/www.laguiadepamplona.com\\\/actualidad\\\/#organization\",\"name\":\"La Gu\u00eda de Pamplona \\\/ Noticias\",\"url\":\"https:\\\/\\\/www.laguiadepamplona.com\\\/actualidad\\\/\",\"logo\":{\"@type\":\"ImageObject\",\"inLanguage\":\"es\",\"@id\":\"https:\\\/\\\/www.laguiadepamplona.com\\\/actualidad\\\/#\\\/schema\\\/logo\\\/image\\\/\",\"url\":\"https:\\\/\\\/www.laguiadepamplona.com\\\/actualidad\\\/wp-content\\\/uploads\\\/2018\\\/11\\\/logo-laguiadepamplona18-web1.png\",\"contentUrl\":\"https:\\\/\\\/www.laguiadepamplona.com\\\/actualidad\\\/wp-content\\\/uploads\\\/2018\\\/11\\\/logo-laguiadepamplona18-web1.png\",\"width\":600,\"height\":196,\"caption\":\"La Gu\u00eda de Pamplona \\\/ Noticias\"},\"image\":{\"@id\":\"https:\\\/\\\/www.laguiadepamplona.com\\\/actualidad\\\/#\\\/schema\\\/logo\\\/image\\\/\"},\"sameAs\":[\"https:\\\/\\\/www.facebook.com\\\/laguiadepamplonacom-133175176762273\\\/?ref=hl\",\"https:\\\/\\\/x.com\\\/LaGuiadPamplona\",\"https:\\\/\\\/www.instagram.com\\\/la_guia_de_pamplona\\\/\",\"https:\\\/\\\/www.youtube.com\\\/user\\\/laguiadepamplona\"]},{\"@type\":\"Person\",\"@id\":\"https:\\\/\\\/www.laguiadepamplona.com\\\/actualidad\\\/#\\\/schema\\\/person\\\/efe887376f0213d4657c93adc50b1fdb\",\"name\":\"La Gu\u00eda de Pamplona\",\"image\":{\"@type\":\"ImageObject\",\"inLanguage\":\"es\",\"@id\":\"https:\\\/\\\/secure.gravatar.com\\\/avatar\\\/b6992f131dc8d30ab0dff15446e9d346d9dbd95992de0fef795073f5ea83a81c?s=96&d=mm&r=g\",\"url\":\"https:\\\/\\\/secure.gravatar.com\\\/avatar\\\/b6992f131dc8d30ab0dff15446e9d346d9dbd95992de0fef795073f5ea83a81c?s=96&d=mm&r=g\",\"contentUrl\":\"https:\\\/\\\/secure.gravatar.com\\\/avatar\\\/b6992f131dc8d30ab0dff15446e9d346d9dbd95992de0fef795073f5ea83a81c?s=96&d=mm&r=g\",\"caption\":\"La Gu\u00eda de Pamplona\"}}]}<\/script>\n<!-- \/ Yoast SEO plugin. -->","yoast_head_json":{"title":"El Ayuntamiento licita la redacci\u00f3n de dos Proyectos de Intervenci\u00f3n Global (PIG) para el Grupo San Pedro y para las viviendas del Mercado del Segundo Ensanche","description":"Se incluir\u00e1n soluciones de accesibilidad, propuesta de envolvente t\u00e9rmica y actuaciones de generaci\u00f3n de energ\u00eda, de cara a la regeneraci\u00f3n urbana de esas zonas","robots":{"index":"index","follow":"follow","max-snippet":"max-snippet:-1","max-image-preview":"max-image-preview:large","max-video-preview":"max-video-preview:-1"},"canonical":"https:\/\/www.laguiadepamplona.com\/actualidad\/el-ayuntamiento-licita-la-redaccion-de-dos-proyectos-de-intervencion-global-pig-para-el-grupo-san-pedro-y-para-las-viviendas-del-mercado-del-segundo-ensanche\/","og_locale":"es_ES","og_type":"article","og_title":"El Ayuntamiento licita la redacci\u00f3n de dos Proyectos de Intervenci\u00f3n Global (PIG) para el Grupo San Pedro y para las viviendas del Mercado del Segundo Ensanche","og_description":"Se incluir\u00e1n soluciones de accesibilidad, propuesta de envolvente t\u00e9rmica y actuaciones de generaci\u00f3n de energ\u00eda, de cara a la regeneraci\u00f3n urbana de esas zonas","og_url":"https:\/\/www.laguiadepamplona.com\/actualidad\/el-ayuntamiento-licita-la-redaccion-de-dos-proyectos-de-intervencion-global-pig-para-el-grupo-san-pedro-y-para-las-viviendas-del-mercado-del-segundo-ensanche\/","og_site_name":"La Gu\u00eda de Pamplona","article_publisher":"https:\/\/www.facebook.com\/laguiadepamplonacom-133175176762273\/?ref=hl","article_published_time":"2021-11-22T14:18:13+00:00","article_modified_time":"2023-04-11T09:48:44+00:00","og_image":[{"width":1920,"height":1080,"url":"https:\/\/www.laguiadepamplona.com\/actualidad\/wp-content\/uploads\/2021\/08\/ayuntamiento-pamplona2.jpg","type":"image\/jpeg"}],"author":"La Gu\u00eda de Pamplona","twitter_card":"summary_large_image","twitter_creator":"@LaGuiadPamplona","twitter_site":"@LaGuiadPamplona","twitter_misc":{"Escrito por":"La Gu\u00eda de Pamplona","Tiempo de lectura":"4 minutos"},"schema":{"@context":"https:\/\/schema.org","@graph":[{"@type":"Article","@id":"https:\/\/www.laguiadepamplona.com\/actualidad\/el-ayuntamiento-licita-la-redaccion-de-dos-proyectos-de-intervencion-global-pig-para-el-grupo-san-pedro-y-para-las-viviendas-del-mercado-del-segundo-ensanche\/#article","isPartOf":{"@id":"https:\/\/www.laguiadepamplona.com\/actualidad\/el-ayuntamiento-licita-la-redaccion-de-dos-proyectos-de-intervencion-global-pig-para-el-grupo-san-pedro-y-para-las-viviendas-del-mercado-del-segundo-ensanche\/"},"author":{"name":"La Gu\u00eda de Pamplona","@id":"https:\/\/www.laguiadepamplona.com\/actualidad\/#\/schema\/person\/efe887376f0213d4657c93adc50b1fdb"},"headline":"El Ayuntamiento licita la redacci\u00f3n de dos Proyectos de Intervenci\u00f3n Global (PIG) para el Grupo San Pedro y para las viviendas del Mercado del Segundo Ensanche","datePublished":"2021-11-22T14:18:13+00:00","dateModified":"2023-04-11T09:48:44+00:00","mainEntityOfPage":{"@id":"https:\/\/www.laguiadepamplona.com\/actualidad\/el-ayuntamiento-licita-la-redaccion-de-dos-proyectos-de-intervencion-global-pig-para-el-grupo-san-pedro-y-para-las-viviendas-del-mercado-del-segundo-ensanche\/"},"wordCount":938,"commentCount":0,"publisher":{"@id":"https:\/\/www.laguiadepamplona.com\/actualidad\/#organization"},"image":{"@id":"https:\/\/www.laguiadepamplona.com\/actualidad\/el-ayuntamiento-licita-la-redaccion-de-dos-proyectos-de-intervencion-global-pig-para-el-grupo-san-pedro-y-para-las-viviendas-del-mercado-del-segundo-ensanche\/#primaryimage"},"thumbnailUrl":"https:\/\/www.laguiadepamplona.com\/actualidad\/wp-content\/uploads\/2021\/08\/ayuntamiento-pamplona2.jpg","articleSection":["Ayto Pamplona"],"inLanguage":"es","potentialAction":[{"@type":"CommentAction","name":"Comment","target":["https:\/\/www.laguiadepamplona.com\/actualidad\/el-ayuntamiento-licita-la-redaccion-de-dos-proyectos-de-intervencion-global-pig-para-el-grupo-san-pedro-y-para-las-viviendas-del-mercado-del-segundo-ensanche\/#respond"]}]},{"@type":"WebPage","@id":"https:\/\/www.laguiadepamplona.com\/actualidad\/el-ayuntamiento-licita-la-redaccion-de-dos-proyectos-de-intervencion-global-pig-para-el-grupo-san-pedro-y-para-las-viviendas-del-mercado-del-segundo-ensanche\/","url":"https:\/\/www.laguiadepamplona.com\/actualidad\/el-ayuntamiento-licita-la-redaccion-de-dos-proyectos-de-intervencion-global-pig-para-el-grupo-san-pedro-y-para-las-viviendas-del-mercado-del-segundo-ensanche\/","name":"El Ayuntamiento licita la redacci\u00f3n de dos Proyectos de Intervenci\u00f3n Global (PIG) para el Grupo San Pedro y para las viviendas del Mercado del Segundo Ensanche","isPartOf":{"@id":"https:\/\/www.laguiadepamplona.com\/actualidad\/#website"},"primaryImageOfPage":{"@id":"https:\/\/www.laguiadepamplona.com\/actualidad\/el-ayuntamiento-licita-la-redaccion-de-dos-proyectos-de-intervencion-global-pig-para-el-grupo-san-pedro-y-para-las-viviendas-del-mercado-del-segundo-ensanche\/#primaryimage"},"image":{"@id":"https:\/\/www.laguiadepamplona.com\/actualidad\/el-ayuntamiento-licita-la-redaccion-de-dos-proyectos-de-intervencion-global-pig-para-el-grupo-san-pedro-y-para-las-viviendas-del-mercado-del-segundo-ensanche\/#primaryimage"},"thumbnailUrl":"https:\/\/www.laguiadepamplona.com\/actualidad\/wp-content\/uploads\/2021\/08\/ayuntamiento-pamplona2.jpg","datePublished":"2021-11-22T14:18:13+00:00","dateModified":"2023-04-11T09:48:44+00:00","description":"Se incluir\u00e1n soluciones de accesibilidad, propuesta de envolvente t\u00e9rmica y actuaciones de generaci\u00f3n de energ\u00eda, de cara a la regeneraci\u00f3n urbana de esas zonas","breadcrumb":{"@id":"https:\/\/www.laguiadepamplona.com\/actualidad\/el-ayuntamiento-licita-la-redaccion-de-dos-proyectos-de-intervencion-global-pig-para-el-grupo-san-pedro-y-para-las-viviendas-del-mercado-del-segundo-ensanche\/#breadcrumb"},"inLanguage":"es","potentialAction":[{"@type":"ReadAction","target":["https:\/\/www.laguiadepamplona.com\/actualidad\/el-ayuntamiento-licita-la-redaccion-de-dos-proyectos-de-intervencion-global-pig-para-el-grupo-san-pedro-y-para-las-viviendas-del-mercado-del-segundo-ensanche\/"]}]},{"@type":"ImageObject","inLanguage":"es","@id":"https:\/\/www.laguiadepamplona.com\/actualidad\/el-ayuntamiento-licita-la-redaccion-de-dos-proyectos-de-intervencion-global-pig-para-el-grupo-san-pedro-y-para-las-viviendas-del-mercado-del-segundo-ensanche\/#primaryimage","url":"https:\/\/www.laguiadepamplona.com\/actualidad\/wp-content\/uploads\/2021\/08\/ayuntamiento-pamplona2.jpg","contentUrl":"https:\/\/www.laguiadepamplona.com\/actualidad\/wp-content\/uploads\/2021\/08\/ayuntamiento-pamplona2.jpg","width":1920,"height":1080,"caption":"ayuntamiento pamplona"},{"@type":"BreadcrumbList","@id":"https:\/\/www.laguiadepamplona.com\/actualidad\/el-ayuntamiento-licita-la-redaccion-de-dos-proyectos-de-intervencion-global-pig-para-el-grupo-san-pedro-y-para-las-viviendas-del-mercado-del-segundo-ensanche\/#breadcrumb","itemListElement":[{"@type":"ListItem","position":1,"name":"Portada","item":"https:\/\/www.laguiadepamplona.com\/actualidad\/"},{"@type":"ListItem","position":2,"name":"El Ayuntamiento licita la redacci\u00f3n de dos Proyectos de Intervenci\u00f3n Global (PIG) para el Grupo San Pedro y para las viviendas del Mercado del Segundo Ensanche"}]},{"@type":"WebSite","@id":"https:\/\/www.laguiadepamplona.com\/actualidad\/#website","url":"https:\/\/www.laguiadepamplona.com\/actualidad\/","name":"La gu\u00eda de Pamplona","description":"Noticias de Pamplona","publisher":{"@id":"https:\/\/www.laguiadepamplona.com\/actualidad\/#organization"},"potentialAction":[{"@type":"SearchAction","target":{"@type":"EntryPoint","urlTemplate":"https:\/\/www.laguiadepamplona.com\/actualidad\/?s={search_term_string}"},"query-input":{"@type":"PropertyValueSpecification","valueRequired":true,"valueName":"search_term_string"}}],"inLanguage":"es"},{"@type":"Organization","@id":"https:\/\/www.laguiadepamplona.com\/actualidad\/#organization","name":"La Gu\u00eda de Pamplona \/ Noticias","url":"https:\/\/www.laguiadepamplona.com\/actualidad\/","logo":{"@type":"ImageObject","inLanguage":"es","@id":"https:\/\/www.laguiadepamplona.com\/actualidad\/#\/schema\/logo\/image\/","url":"https:\/\/www.laguiadepamplona.com\/actualidad\/wp-content\/uploads\/2018\/11\/logo-laguiadepamplona18-web1.png","contentUrl":"https:\/\/www.laguiadepamplona.com\/actualidad\/wp-content\/uploads\/2018\/11\/logo-laguiadepamplona18-web1.png","width":600,"height":196,"caption":"La Gu\u00eda de Pamplona \/ Noticias"},"image":{"@id":"https:\/\/www.laguiadepamplona.com\/actualidad\/#\/schema\/logo\/image\/"},"sameAs":["https:\/\/www.facebook.com\/laguiadepamplonacom-133175176762273\/?ref=hl","https:\/\/x.com\/LaGuiadPamplona","https:\/\/www.instagram.com\/la_guia_de_pamplona\/","https:\/\/www.youtube.com\/user\/laguiadepamplona"]},{"@type":"Person","@id":"https:\/\/www.laguiadepamplona.com\/actualidad\/#\/schema\/person\/efe887376f0213d4657c93adc50b1fdb","name":"La Gu\u00eda de Pamplona","image":{"@type":"ImageObject","inLanguage":"es","@id":"https:\/\/secure.gravatar.com\/avatar\/b6992f131dc8d30ab0dff15446e9d346d9dbd95992de0fef795073f5ea83a81c?s=96&d=mm&r=g","url":"https:\/\/secure.gravatar.com\/avatar\/b6992f131dc8d30ab0dff15446e9d346d9dbd95992de0fef795073f5ea83a81c?s=96&d=mm&r=g","contentUrl":"https:\/\/secure.gravatar.com\/avatar\/b6992f131dc8d30ab0dff15446e9d346d9dbd95992de0fef795073f5ea83a81c?s=96&d=mm&r=g","caption":"La Gu\u00eda de Pamplona"}}]}},"post_mailing_queue_ids":[],"_links":{"self":[{"href":"https:\/\/www.laguiadepamplona.com\/actualidad\/wp-json\/wp\/v2\/posts\/37660","targetHints":{"allow":["GET"]}}],"collection":[{"href":"https:\/\/www.laguiadepamplona.com\/actualidad\/wp-json\/wp\/v2\/posts"}],"about":[{"href":"https:\/\/www.laguiadepamplona.com\/actualidad\/wp-json\/wp\/v2\/types\/post"}],"author":[{"embeddable":true,"href":"https:\/\/www.laguiadepamplona.com\/actualidad\/wp-json\/wp\/v2\/users\/1"}],"replies":[{"embeddable":true,"href":"https:\/\/www.laguiadepamplona.com\/actualidad\/wp-json\/wp\/v2\/comments?post=37660"}],"version-history":[{"count":0,"href":"https:\/\/www.laguiadepamplona.com\/actualidad\/wp-json\/wp\/v2\/posts\/37660\/revisions"}],"wp:featuredmedia":[{"embeddable":true,"href":"https:\/\/www.laguiadepamplona.com\/actualidad\/wp-json\/wp\/v2\/media\/36074"}],"wp:attachment":[{"href":"https:\/\/www.laguiadepamplona.com\/actualidad\/wp-json\/wp\/v2\/media?parent=37660"}],"wp:term":[{"taxonomy":"category","embeddable":true,"href":"https:\/\/www.laguiadepamplona.com\/actualidad\/wp-json\/wp\/v2\/categories?post=37660"},{"taxonomy":"post_tag","embeddable":true,"href":"https:\/\/www.laguiadepamplona.com\/actualidad\/wp-json\/wp\/v2\/tags?post=37660"}],"curies":[{"name":"wp","href":"https:\/\/api.w.org\/{rel}","templated":true}]}}