{"id":37657,"date":"2021-11-22T16:15:20","date_gmt":"2021-11-22T14:15:20","guid":{"rendered":"https:\/\/www.laguiadepamplona.com\/actualidad\/?p=37657"},"modified":"2023-04-11T11:48:44","modified_gmt":"2023-04-11T09:48:44","slug":"el-ayuntamiento-instalara-una-escultura-monumental-en-la-avenida-zaragoza-en-homenaje-al-guitarrista-pamplones-sabicas","status":"publish","type":"post","link":"https:\/\/www.laguiadepamplona.com\/actualidad\/el-ayuntamiento-instalara-una-escultura-monumental-en-la-avenida-zaragoza-en-homenaje-al-guitarrista-pamplones-sabicas\/","title":{"rendered":"El Ayuntamiento instalar\u00e1 una escultura monumental en la avenida Zaragoza en homenaje al guitarrista pamplon\u00e9s Sabicas"},"content":{"rendered":"<h5>La obra, creaci\u00f3n de Carlos Ciriza, quiere poner en valor la diversidad cultural de la ciudad<\/h5>\n<p><!--more--><\/p>\n<p>El Ayuntamiento de Pamplona instalar\u00e1 pr\u00f3ximamente a la entrada de la ciudad el conjunto escult\u00f3rico monumental \u00abHomenaje a Sabicas\u00bb. Dedicada al m\u00fasico Agust\u00edn Castell\u00f3n Campos, conocido popularmente como Sabicas, que naci\u00f3 en Pamplona el 16 de marzo de 1912 y falleci\u00f3 en Nueva York el 14 de abril de 1990, esta obra quiere poner en valor la figura de este extraordinario y mundialmente reconocido guitarrista pamplon\u00e9s, contribuyendo adem\u00e1s al reconocimiento de las personas gitanas, su cultura y la aportaci\u00f3n hist\u00f3rica que han realizado a la realidad cultural y diversa de la propia ciudad.<\/p>\n<p>Esta ma\u00f1ana el alcalde de Pamplona, Enrique Maya, el autor de la obra, Carlos Ciriza, y Ricardo Hern\u00e1ndez, coordinador de la Federaci\u00f3n de Asociaciones Gitanas de Navarra &#8211; Gaz Kal\u00f3, han presentado los detalles del conjunto monumental que se materializar\u00e1 sobre un proyecto del propio Ciriza, artista que ha realizado alrededor de 130 obras escult\u00f3ricas de gran formato para el espacio p\u00fablico a lo largo de todo el mundo. En este caso la escultura, \u00abHomenaje a Sabicas\u00bb, deconstrucci\u00f3n de una guitarra, estar\u00e1 compuesta por tres cuerpos independientes realizados en acero cort\u00e9n que se sustentar\u00e1n sobre una base de hormig\u00f3n. El conjunto alcanzar\u00e1 los 8 metros de altura y tendr\u00e1 una anchura m\u00e1xima de en torno a 9 metros. Esta obra pasar\u00e1 a formar parte del Patrimonio Cultural y Art\u00edstico de la ciudad.<br \/>\n<script async src=\"\/\/pagead2.googlesyndication.com\/pagead\/js\/adsbygoogle.js\"><\/script><br \/>\n<!-- Noticias La Guia de Pamplona --><br \/>\n<ins class=\"adsbygoogle\"\nstyle=\"display:block\"\ndata-ad-client=\"ca-pub-6943679897239327\"\ndata-ad-slot=\"7048180777\"\ndata-ad-format=\"auto\"><\/ins><br \/>\n<script>\n(adsbygoogle = window.adsbygoogle || []).push({});\n<\/script><\/p>\n<p>Carlos Ciriza, artista navarro con una dilatada trayectoria profesional y una amplia experiencia art\u00edstica de intervenci\u00f3n en el espacio p\u00fablico, tiene obra repartida por 25 pa\u00edses y ha participado en m\u00e1s de 200 exposiciones individuales y colectivas<\/p>\n<p>Para la concepci\u00f3n de esta obra el autor se ha inspirado en la guitarra, utilizando formas de f\u00e1cil lectura con la intenci\u00f3n de crear nuevos universos pl\u00e1sticos a partir de los ya existentes, donde cada bloque muestra su propio medio de expresi\u00f3n sometiendo el volumen y la masa a la disciplina t\u00e9cnica y el ritmo. Es una obra especialmente concebida para ese espacio, teniendo en cuenta la distancia del espectador y sus diferentes puntos de vista, permitiendo que \u00e9ste sea testigo desde diferentes perspectivas, convirti\u00e9ndose en una puerta de entrada y bienvenida a la ciudad.<\/p>\n<p>En estos momentos desde el Ayuntamiento de Pamplona se est\u00e1 trabajando en la elaboraci\u00f3n del I Plan de Diversidad Cultural y Ciudadan\u00eda Inclusiva de Pamplona. Esta intervenci\u00f3n art\u00edstica se enmarca dentro del objetivo de poner en valor la diversidad cultural y mejorar la convivencia entre las culturas presentes en la ciudad. El propio callejero y las obras de arte en el espacio p\u00fablico, son tambi\u00e9n una herramienta viva para identificar referencias hist\u00f3ricas diversas que han contribuido a la realidad cultural actual de Pamplona. Esta escultura, situada a la entrada de la ciudad por la avenida Zaragoza, quiere ser un s\u00edmbolo de la visibilidad de la diversidad cultural pamplonesa.<br \/>\n<script async src=\"\/\/pagead2.googlesyndication.com\/pagead\/js\/adsbygoogle.js\"><\/script><br \/>\n<!-- Noticias La Guia de Pamplona --><br \/>\n<ins class=\"adsbygoogle\"\nstyle=\"display:block\"\ndata-ad-client=\"ca-pub-6943679897239327\"\ndata-ad-slot=\"7048180777\"\ndata-ad-format=\"auto\"><\/ins><br \/>\n<script>\n(adsbygoogle = window.adsbygoogle || []).push({});\n<\/script><\/p>\n<p><strong>Agust\u00edn Castell\u00f3n Campos \u201cSabicas\u201d y el pueblo gitano<\/strong><\/p>\n<p>Maestro de la guitarra e impulsor del flamenco, Sabicas naci\u00f3 en 1912 en la calle Ma\u00f1ueta n\u00famero 7, en el edificio que cuenta desde 2008 con una placa conmemorativa instalada por el ayuntamiento en recuerdo de esta efem\u00e9ride. Su amplia discograf\u00eda es reflejo de su importancia art\u00edstica y de su aportaci\u00f3n a la internacionalizaci\u00f3n del flamenco, colaborando en la fusi\u00f3n con otras corrientes musicales. Desde el a\u00f1o 2014 el Centro Cultural Flamenco La Casa de Sabicas (calle Carmen, 20) se encarga de conservar y difundir su legado, adem\u00e1s de promover actividades art\u00edsticas y did\u00e1cticas relacionadas con el flamenco y con otras expresiones culturales.<\/p>\n<p>Sabicas es el personaje hist\u00f3rico de referencia que une Pamplona con la m\u00fasica flamenca y un referente para la comunidad gitana. Hoy el guitarrista tiene una plaza dedicada en la Txantrea (detr\u00e1s de Alemanes). Este nuevo homenaje quiere tambi\u00e9n poner en valor la cultura del pueblo gitano, mediante una referencia clave (tanto local como internacional) encarnada en la figura de Sabicas, una acci\u00f3n a\u00fan m\u00e1s necesaria teniendo en cuenta que el pueblo gitano y su cultura ha resultado marginada, vulnerada y rechazada a lo largo de buena parte de la historia. El Ayuntamiento de Pamplona trabaja habitualmente en programas diversos con la comunidad gitana asentada en la ciudad desde distintas \u00e1reas municipales y celebra cada a\u00f1o, el 8 de abril el D\u00eda Internacional de la Comunidad Gitana.<br \/>\n<script async src=\"\/\/pagead2.googlesyndication.com\/pagead\/js\/adsbygoogle.js\"><\/script><br \/>\n<!-- Noticias La Guia de Pamplona --><br \/>\n<ins class=\"adsbygoogle\"\nstyle=\"display:block\"\ndata-ad-client=\"ca-pub-6943679897239327\"\ndata-ad-slot=\"7048180777\"\ndata-ad-format=\"auto\"><\/ins><br \/>\n<script>\n(adsbygoogle = window.adsbygoogle || []).push({});\n<\/script><\/p>\n<p><strong>La escultura urbana de Pamplona<\/strong><\/p>\n<p>Pamplona cuenta con una extensa colecci\u00f3n de escultura urbana repartida por diferentes espacios p\u00fablicos de la ciudad. Esta cercan\u00eda entre la obra y el espectador, propicia que la propia v\u00eda p\u00fablica se convierta en un gran museo al aire libre. Con ello, se favorece la puesta en valor del patrimonio art\u00edstico, su difusi\u00f3n y su conocimiento entre el conjunto de la poblaci\u00f3n.<\/p>\n<p>La <a href=\"https:\/\/esculturas.pamplona.es\/verpagina.asp?idpag=2\" target=\"_blank\" rel=\"noopener\">\u2018Gu\u00eda de escultura urbana de Pamplona\u2019<\/a>, editada por el Consistorio en 2009, es un libro que recoge 109 piezas de m\u00e1s de 60 autores que se encuentran distribuidas por todos los barrios de la ciudad. Adem\u00e1s del an\u00e1lisis morfol\u00f3gico, tipol\u00f3gico y la exposici\u00f3n de os criterios art\u00edsticos que siguieron los escultores en su ejecuci\u00f3n, el libro describe el contexto hist\u00f3rico en el que se erigieron y recoge 128 planos y 300 fotograf\u00edas en blanco y negro.<\/p>\n","protected":false},"excerpt":{"rendered":"<p>La obra, creaci\u00f3n de Carlos Ciriza, quiere poner en valor la diversidad cultural de la ciudad<\/p>\n","protected":false},"author":1,"featured_media":37658,"comment_status":"open","ping_status":"closed","sticky":false,"template":"","format":"standard","meta":{"footnotes":""},"categories":[2],"tags":[],"class_list":["post-37657","post","type-post","status-publish","format-standard","has-post-thumbnail","hentry","category-ayuntamiento-pamplona"],"yoast_head":"<!-- This site is optimized with the Yoast SEO plugin v27.5 - https:\/\/yoast.com\/product\/yoast-seo-wordpress\/ -->\n<title>El Ayuntamiento instalar\u00e1 una escultura monumental en la avenida Zaragoza en homenaje al guitarrista pamplon\u00e9s Sabicas<\/title>\n<meta name=\"description\" content=\"La obra, creaci\u00f3n de Carlos Ciriza, quiere poner en valor la diversidad cultural de la ciudad\" \/>\n<meta name=\"robots\" content=\"index, follow, max-snippet:-1, max-image-preview:large, max-video-preview:-1\" \/>\n<link rel=\"canonical\" href=\"https:\/\/www.laguiadepamplona.com\/actualidad\/el-ayuntamiento-instalara-una-escultura-monumental-en-la-avenida-zaragoza-en-homenaje-al-guitarrista-pamplones-sabicas\/\" \/>\n<meta property=\"og:locale\" content=\"es_ES\" \/>\n<meta property=\"og:type\" content=\"article\" \/>\n<meta property=\"og:title\" content=\"El Ayuntamiento instalar\u00e1 una escultura monumental en la avenida Zaragoza en homenaje al guitarrista pamplon\u00e9s Sabicas\" \/>\n<meta property=\"og:description\" content=\"La obra, creaci\u00f3n de Carlos Ciriza, quiere poner en valor la diversidad cultural de la ciudad\" \/>\n<meta property=\"og:url\" content=\"https:\/\/www.laguiadepamplona.com\/actualidad\/el-ayuntamiento-instalara-una-escultura-monumental-en-la-avenida-zaragoza-en-homenaje-al-guitarrista-pamplones-sabicas\/\" \/>\n<meta property=\"og:site_name\" content=\"La Gu\u00eda de Pamplona\" \/>\n<meta property=\"article:publisher\" content=\"https:\/\/www.facebook.com\/laguiadepamplonacom-133175176762273\/?ref=hl\" \/>\n<meta property=\"article:published_time\" content=\"2021-11-22T14:15:20+00:00\" \/>\n<meta property=\"article:modified_time\" content=\"2023-04-11T09:48:44+00:00\" \/>\n<meta property=\"og:image\" content=\"https:\/\/www.laguiadepamplona.com\/actualidad\/wp-content\/uploads\/2021\/11\/homenajeasabicasmod4hormigon_0.jpg\" \/>\n\t<meta property=\"og:image:width\" content=\"1920\" \/>\n\t<meta property=\"og:image:height\" content=\"1440\" \/>\n\t<meta property=\"og:image:type\" content=\"image\/jpeg\" \/>\n<meta name=\"author\" content=\"La Gu\u00eda de Pamplona\" \/>\n<meta name=\"twitter:card\" content=\"summary_large_image\" \/>\n<meta name=\"twitter:creator\" content=\"@LaGuiadPamplona\" \/>\n<meta name=\"twitter:site\" content=\"@LaGuiadPamplona\" \/>\n<meta name=\"twitter:label1\" content=\"Escrito por\" \/>\n\t<meta name=\"twitter:data1\" content=\"La Gu\u00eda de Pamplona\" \/>\n\t<meta name=\"twitter:label2\" content=\"Tiempo de lectura\" \/>\n\t<meta name=\"twitter:data2\" content=\"4 minutos\" \/>\n<script type=\"application\/ld+json\" class=\"yoast-schema-graph\">{\"@context\":\"https:\\\/\\\/schema.org\",\"@graph\":[{\"@type\":\"Article\",\"@id\":\"https:\\\/\\\/www.laguiadepamplona.com\\\/actualidad\\\/el-ayuntamiento-instalara-una-escultura-monumental-en-la-avenida-zaragoza-en-homenaje-al-guitarrista-pamplones-sabicas\\\/#article\",\"isPartOf\":{\"@id\":\"https:\\\/\\\/www.laguiadepamplona.com\\\/actualidad\\\/el-ayuntamiento-instalara-una-escultura-monumental-en-la-avenida-zaragoza-en-homenaje-al-guitarrista-pamplones-sabicas\\\/\"},\"author\":{\"name\":\"La Gu\u00eda de Pamplona\",\"@id\":\"https:\\\/\\\/www.laguiadepamplona.com\\\/actualidad\\\/#\\\/schema\\\/person\\\/efe887376f0213d4657c93adc50b1fdb\"},\"headline\":\"El Ayuntamiento instalar\u00e1 una escultura monumental en la avenida Zaragoza en homenaje al guitarrista pamplon\u00e9s Sabicas\",\"datePublished\":\"2021-11-22T14:15:20+00:00\",\"dateModified\":\"2023-04-11T09:48:44+00:00\",\"mainEntityOfPage\":{\"@id\":\"https:\\\/\\\/www.laguiadepamplona.com\\\/actualidad\\\/el-ayuntamiento-instalara-una-escultura-monumental-en-la-avenida-zaragoza-en-homenaje-al-guitarrista-pamplones-sabicas\\\/\"},\"wordCount\":943,\"commentCount\":0,\"publisher\":{\"@id\":\"https:\\\/\\\/www.laguiadepamplona.com\\\/actualidad\\\/#organization\"},\"image\":{\"@id\":\"https:\\\/\\\/www.laguiadepamplona.com\\\/actualidad\\\/el-ayuntamiento-instalara-una-escultura-monumental-en-la-avenida-zaragoza-en-homenaje-al-guitarrista-pamplones-sabicas\\\/#primaryimage\"},\"thumbnailUrl\":\"https:\\\/\\\/www.laguiadepamplona.com\\\/actualidad\\\/wp-content\\\/uploads\\\/2021\\\/11\\\/homenajeasabicasmod4hormigon_0.jpg\",\"articleSection\":[\"Ayto Pamplona\"],\"inLanguage\":\"es\",\"potentialAction\":[{\"@type\":\"CommentAction\",\"name\":\"Comment\",\"target\":[\"https:\\\/\\\/www.laguiadepamplona.com\\\/actualidad\\\/el-ayuntamiento-instalara-una-escultura-monumental-en-la-avenida-zaragoza-en-homenaje-al-guitarrista-pamplones-sabicas\\\/#respond\"]}]},{\"@type\":\"WebPage\",\"@id\":\"https:\\\/\\\/www.laguiadepamplona.com\\\/actualidad\\\/el-ayuntamiento-instalara-una-escultura-monumental-en-la-avenida-zaragoza-en-homenaje-al-guitarrista-pamplones-sabicas\\\/\",\"url\":\"https:\\\/\\\/www.laguiadepamplona.com\\\/actualidad\\\/el-ayuntamiento-instalara-una-escultura-monumental-en-la-avenida-zaragoza-en-homenaje-al-guitarrista-pamplones-sabicas\\\/\",\"name\":\"El Ayuntamiento instalar\u00e1 una escultura monumental en la avenida Zaragoza en homenaje al guitarrista pamplon\u00e9s Sabicas\",\"isPartOf\":{\"@id\":\"https:\\\/\\\/www.laguiadepamplona.com\\\/actualidad\\\/#website\"},\"primaryImageOfPage\":{\"@id\":\"https:\\\/\\\/www.laguiadepamplona.com\\\/actualidad\\\/el-ayuntamiento-instalara-una-escultura-monumental-en-la-avenida-zaragoza-en-homenaje-al-guitarrista-pamplones-sabicas\\\/#primaryimage\"},\"image\":{\"@id\":\"https:\\\/\\\/www.laguiadepamplona.com\\\/actualidad\\\/el-ayuntamiento-instalara-una-escultura-monumental-en-la-avenida-zaragoza-en-homenaje-al-guitarrista-pamplones-sabicas\\\/#primaryimage\"},\"thumbnailUrl\":\"https:\\\/\\\/www.laguiadepamplona.com\\\/actualidad\\\/wp-content\\\/uploads\\\/2021\\\/11\\\/homenajeasabicasmod4hormigon_0.jpg\",\"datePublished\":\"2021-11-22T14:15:20+00:00\",\"dateModified\":\"2023-04-11T09:48:44+00:00\",\"description\":\"La obra, creaci\u00f3n de Carlos Ciriza, quiere poner en valor la diversidad cultural de la ciudad\",\"breadcrumb\":{\"@id\":\"https:\\\/\\\/www.laguiadepamplona.com\\\/actualidad\\\/el-ayuntamiento-instalara-una-escultura-monumental-en-la-avenida-zaragoza-en-homenaje-al-guitarrista-pamplones-sabicas\\\/#breadcrumb\"},\"inLanguage\":\"es\",\"potentialAction\":[{\"@type\":\"ReadAction\",\"target\":[\"https:\\\/\\\/www.laguiadepamplona.com\\\/actualidad\\\/el-ayuntamiento-instalara-una-escultura-monumental-en-la-avenida-zaragoza-en-homenaje-al-guitarrista-pamplones-sabicas\\\/\"]}]},{\"@type\":\"ImageObject\",\"inLanguage\":\"es\",\"@id\":\"https:\\\/\\\/www.laguiadepamplona.com\\\/actualidad\\\/el-ayuntamiento-instalara-una-escultura-monumental-en-la-avenida-zaragoza-en-homenaje-al-guitarrista-pamplones-sabicas\\\/#primaryimage\",\"url\":\"https:\\\/\\\/www.laguiadepamplona.com\\\/actualidad\\\/wp-content\\\/uploads\\\/2021\\\/11\\\/homenajeasabicasmod4hormigon_0.jpg\",\"contentUrl\":\"https:\\\/\\\/www.laguiadepamplona.com\\\/actualidad\\\/wp-content\\\/uploads\\\/2021\\\/11\\\/homenajeasabicasmod4hormigon_0.jpg\",\"width\":1920,\"height\":1440},{\"@type\":\"BreadcrumbList\",\"@id\":\"https:\\\/\\\/www.laguiadepamplona.com\\\/actualidad\\\/el-ayuntamiento-instalara-una-escultura-monumental-en-la-avenida-zaragoza-en-homenaje-al-guitarrista-pamplones-sabicas\\\/#breadcrumb\",\"itemListElement\":[{\"@type\":\"ListItem\",\"position\":1,\"name\":\"Portada\",\"item\":\"https:\\\/\\\/www.laguiadepamplona.com\\\/actualidad\\\/\"},{\"@type\":\"ListItem\",\"position\":2,\"name\":\"El Ayuntamiento instalar\u00e1 una escultura monumental en la avenida Zaragoza en homenaje al guitarrista pamplon\u00e9s Sabicas\"}]},{\"@type\":\"WebSite\",\"@id\":\"https:\\\/\\\/www.laguiadepamplona.com\\\/actualidad\\\/#website\",\"url\":\"https:\\\/\\\/www.laguiadepamplona.com\\\/actualidad\\\/\",\"name\":\"La gu\u00eda de Pamplona\",\"description\":\"Noticias de Pamplona\",\"publisher\":{\"@id\":\"https:\\\/\\\/www.laguiadepamplona.com\\\/actualidad\\\/#organization\"},\"potentialAction\":[{\"@type\":\"SearchAction\",\"target\":{\"@type\":\"EntryPoint\",\"urlTemplate\":\"https:\\\/\\\/www.laguiadepamplona.com\\\/actualidad\\\/?s={search_term_string}\"},\"query-input\":{\"@type\":\"PropertyValueSpecification\",\"valueRequired\":true,\"valueName\":\"search_term_string\"}}],\"inLanguage\":\"es\"},{\"@type\":\"Organization\",\"@id\":\"https:\\\/\\\/www.laguiadepamplona.com\\\/actualidad\\\/#organization\",\"name\":\"La Gu\u00eda de Pamplona \\\/ Noticias\",\"url\":\"https:\\\/\\\/www.laguiadepamplona.com\\\/actualidad\\\/\",\"logo\":{\"@type\":\"ImageObject\",\"inLanguage\":\"es\",\"@id\":\"https:\\\/\\\/www.laguiadepamplona.com\\\/actualidad\\\/#\\\/schema\\\/logo\\\/image\\\/\",\"url\":\"https:\\\/\\\/www.laguiadepamplona.com\\\/actualidad\\\/wp-content\\\/uploads\\\/2018\\\/11\\\/logo-laguiadepamplona18-web1.png\",\"contentUrl\":\"https:\\\/\\\/www.laguiadepamplona.com\\\/actualidad\\\/wp-content\\\/uploads\\\/2018\\\/11\\\/logo-laguiadepamplona18-web1.png\",\"width\":600,\"height\":196,\"caption\":\"La Gu\u00eda de Pamplona \\\/ Noticias\"},\"image\":{\"@id\":\"https:\\\/\\\/www.laguiadepamplona.com\\\/actualidad\\\/#\\\/schema\\\/logo\\\/image\\\/\"},\"sameAs\":[\"https:\\\/\\\/www.facebook.com\\\/laguiadepamplonacom-133175176762273\\\/?ref=hl\",\"https:\\\/\\\/x.com\\\/LaGuiadPamplona\",\"https:\\\/\\\/www.instagram.com\\\/la_guia_de_pamplona\\\/\",\"https:\\\/\\\/www.youtube.com\\\/user\\\/laguiadepamplona\"]},{\"@type\":\"Person\",\"@id\":\"https:\\\/\\\/www.laguiadepamplona.com\\\/actualidad\\\/#\\\/schema\\\/person\\\/efe887376f0213d4657c93adc50b1fdb\",\"name\":\"La Gu\u00eda de Pamplona\",\"image\":{\"@type\":\"ImageObject\",\"inLanguage\":\"es\",\"@id\":\"https:\\\/\\\/secure.gravatar.com\\\/avatar\\\/b6992f131dc8d30ab0dff15446e9d346d9dbd95992de0fef795073f5ea83a81c?s=96&d=mm&r=g\",\"url\":\"https:\\\/\\\/secure.gravatar.com\\\/avatar\\\/b6992f131dc8d30ab0dff15446e9d346d9dbd95992de0fef795073f5ea83a81c?s=96&d=mm&r=g\",\"contentUrl\":\"https:\\\/\\\/secure.gravatar.com\\\/avatar\\\/b6992f131dc8d30ab0dff15446e9d346d9dbd95992de0fef795073f5ea83a81c?s=96&d=mm&r=g\",\"caption\":\"La Gu\u00eda de Pamplona\"}}]}<\/script>\n<!-- \/ Yoast SEO plugin. -->","yoast_head_json":{"title":"El Ayuntamiento instalar\u00e1 una escultura monumental en la avenida Zaragoza en homenaje al guitarrista pamplon\u00e9s Sabicas","description":"La obra, creaci\u00f3n de Carlos Ciriza, quiere poner en valor la diversidad cultural de la ciudad","robots":{"index":"index","follow":"follow","max-snippet":"max-snippet:-1","max-image-preview":"max-image-preview:large","max-video-preview":"max-video-preview:-1"},"canonical":"https:\/\/www.laguiadepamplona.com\/actualidad\/el-ayuntamiento-instalara-una-escultura-monumental-en-la-avenida-zaragoza-en-homenaje-al-guitarrista-pamplones-sabicas\/","og_locale":"es_ES","og_type":"article","og_title":"El Ayuntamiento instalar\u00e1 una escultura monumental en la avenida Zaragoza en homenaje al guitarrista pamplon\u00e9s Sabicas","og_description":"La obra, creaci\u00f3n de Carlos Ciriza, quiere poner en valor la diversidad cultural de la ciudad","og_url":"https:\/\/www.laguiadepamplona.com\/actualidad\/el-ayuntamiento-instalara-una-escultura-monumental-en-la-avenida-zaragoza-en-homenaje-al-guitarrista-pamplones-sabicas\/","og_site_name":"La Gu\u00eda de Pamplona","article_publisher":"https:\/\/www.facebook.com\/laguiadepamplonacom-133175176762273\/?ref=hl","article_published_time":"2021-11-22T14:15:20+00:00","article_modified_time":"2023-04-11T09:48:44+00:00","og_image":[{"width":1920,"height":1440,"url":"https:\/\/www.laguiadepamplona.com\/actualidad\/wp-content\/uploads\/2021\/11\/homenajeasabicasmod4hormigon_0.jpg","type":"image\/jpeg"}],"author":"La Gu\u00eda de Pamplona","twitter_card":"summary_large_image","twitter_creator":"@LaGuiadPamplona","twitter_site":"@LaGuiadPamplona","twitter_misc":{"Escrito por":"La Gu\u00eda de Pamplona","Tiempo de lectura":"4 minutos"},"schema":{"@context":"https:\/\/schema.org","@graph":[{"@type":"Article","@id":"https:\/\/www.laguiadepamplona.com\/actualidad\/el-ayuntamiento-instalara-una-escultura-monumental-en-la-avenida-zaragoza-en-homenaje-al-guitarrista-pamplones-sabicas\/#article","isPartOf":{"@id":"https:\/\/www.laguiadepamplona.com\/actualidad\/el-ayuntamiento-instalara-una-escultura-monumental-en-la-avenida-zaragoza-en-homenaje-al-guitarrista-pamplones-sabicas\/"},"author":{"name":"La Gu\u00eda de Pamplona","@id":"https:\/\/www.laguiadepamplona.com\/actualidad\/#\/schema\/person\/efe887376f0213d4657c93adc50b1fdb"},"headline":"El Ayuntamiento instalar\u00e1 una escultura monumental en la avenida Zaragoza en homenaje al guitarrista pamplon\u00e9s Sabicas","datePublished":"2021-11-22T14:15:20+00:00","dateModified":"2023-04-11T09:48:44+00:00","mainEntityOfPage":{"@id":"https:\/\/www.laguiadepamplona.com\/actualidad\/el-ayuntamiento-instalara-una-escultura-monumental-en-la-avenida-zaragoza-en-homenaje-al-guitarrista-pamplones-sabicas\/"},"wordCount":943,"commentCount":0,"publisher":{"@id":"https:\/\/www.laguiadepamplona.com\/actualidad\/#organization"},"image":{"@id":"https:\/\/www.laguiadepamplona.com\/actualidad\/el-ayuntamiento-instalara-una-escultura-monumental-en-la-avenida-zaragoza-en-homenaje-al-guitarrista-pamplones-sabicas\/#primaryimage"},"thumbnailUrl":"https:\/\/www.laguiadepamplona.com\/actualidad\/wp-content\/uploads\/2021\/11\/homenajeasabicasmod4hormigon_0.jpg","articleSection":["Ayto Pamplona"],"inLanguage":"es","potentialAction":[{"@type":"CommentAction","name":"Comment","target":["https:\/\/www.laguiadepamplona.com\/actualidad\/el-ayuntamiento-instalara-una-escultura-monumental-en-la-avenida-zaragoza-en-homenaje-al-guitarrista-pamplones-sabicas\/#respond"]}]},{"@type":"WebPage","@id":"https:\/\/www.laguiadepamplona.com\/actualidad\/el-ayuntamiento-instalara-una-escultura-monumental-en-la-avenida-zaragoza-en-homenaje-al-guitarrista-pamplones-sabicas\/","url":"https:\/\/www.laguiadepamplona.com\/actualidad\/el-ayuntamiento-instalara-una-escultura-monumental-en-la-avenida-zaragoza-en-homenaje-al-guitarrista-pamplones-sabicas\/","name":"El Ayuntamiento instalar\u00e1 una escultura monumental en la avenida Zaragoza en homenaje al guitarrista pamplon\u00e9s Sabicas","isPartOf":{"@id":"https:\/\/www.laguiadepamplona.com\/actualidad\/#website"},"primaryImageOfPage":{"@id":"https:\/\/www.laguiadepamplona.com\/actualidad\/el-ayuntamiento-instalara-una-escultura-monumental-en-la-avenida-zaragoza-en-homenaje-al-guitarrista-pamplones-sabicas\/#primaryimage"},"image":{"@id":"https:\/\/www.laguiadepamplona.com\/actualidad\/el-ayuntamiento-instalara-una-escultura-monumental-en-la-avenida-zaragoza-en-homenaje-al-guitarrista-pamplones-sabicas\/#primaryimage"},"thumbnailUrl":"https:\/\/www.laguiadepamplona.com\/actualidad\/wp-content\/uploads\/2021\/11\/homenajeasabicasmod4hormigon_0.jpg","datePublished":"2021-11-22T14:15:20+00:00","dateModified":"2023-04-11T09:48:44+00:00","description":"La obra, creaci\u00f3n de Carlos Ciriza, quiere poner en valor la diversidad cultural de la ciudad","breadcrumb":{"@id":"https:\/\/www.laguiadepamplona.com\/actualidad\/el-ayuntamiento-instalara-una-escultura-monumental-en-la-avenida-zaragoza-en-homenaje-al-guitarrista-pamplones-sabicas\/#breadcrumb"},"inLanguage":"es","potentialAction":[{"@type":"ReadAction","target":["https:\/\/www.laguiadepamplona.com\/actualidad\/el-ayuntamiento-instalara-una-escultura-monumental-en-la-avenida-zaragoza-en-homenaje-al-guitarrista-pamplones-sabicas\/"]}]},{"@type":"ImageObject","inLanguage":"es","@id":"https:\/\/www.laguiadepamplona.com\/actualidad\/el-ayuntamiento-instalara-una-escultura-monumental-en-la-avenida-zaragoza-en-homenaje-al-guitarrista-pamplones-sabicas\/#primaryimage","url":"https:\/\/www.laguiadepamplona.com\/actualidad\/wp-content\/uploads\/2021\/11\/homenajeasabicasmod4hormigon_0.jpg","contentUrl":"https:\/\/www.laguiadepamplona.com\/actualidad\/wp-content\/uploads\/2021\/11\/homenajeasabicasmod4hormigon_0.jpg","width":1920,"height":1440},{"@type":"BreadcrumbList","@id":"https:\/\/www.laguiadepamplona.com\/actualidad\/el-ayuntamiento-instalara-una-escultura-monumental-en-la-avenida-zaragoza-en-homenaje-al-guitarrista-pamplones-sabicas\/#breadcrumb","itemListElement":[{"@type":"ListItem","position":1,"name":"Portada","item":"https:\/\/www.laguiadepamplona.com\/actualidad\/"},{"@type":"ListItem","position":2,"name":"El Ayuntamiento instalar\u00e1 una escultura monumental en la avenida Zaragoza en homenaje al guitarrista pamplon\u00e9s Sabicas"}]},{"@type":"WebSite","@id":"https:\/\/www.laguiadepamplona.com\/actualidad\/#website","url":"https:\/\/www.laguiadepamplona.com\/actualidad\/","name":"La gu\u00eda de Pamplona","description":"Noticias de Pamplona","publisher":{"@id":"https:\/\/www.laguiadepamplona.com\/actualidad\/#organization"},"potentialAction":[{"@type":"SearchAction","target":{"@type":"EntryPoint","urlTemplate":"https:\/\/www.laguiadepamplona.com\/actualidad\/?s={search_term_string}"},"query-input":{"@type":"PropertyValueSpecification","valueRequired":true,"valueName":"search_term_string"}}],"inLanguage":"es"},{"@type":"Organization","@id":"https:\/\/www.laguiadepamplona.com\/actualidad\/#organization","name":"La Gu\u00eda de Pamplona \/ Noticias","url":"https:\/\/www.laguiadepamplona.com\/actualidad\/","logo":{"@type":"ImageObject","inLanguage":"es","@id":"https:\/\/www.laguiadepamplona.com\/actualidad\/#\/schema\/logo\/image\/","url":"https:\/\/www.laguiadepamplona.com\/actualidad\/wp-content\/uploads\/2018\/11\/logo-laguiadepamplona18-web1.png","contentUrl":"https:\/\/www.laguiadepamplona.com\/actualidad\/wp-content\/uploads\/2018\/11\/logo-laguiadepamplona18-web1.png","width":600,"height":196,"caption":"La Gu\u00eda de Pamplona \/ Noticias"},"image":{"@id":"https:\/\/www.laguiadepamplona.com\/actualidad\/#\/schema\/logo\/image\/"},"sameAs":["https:\/\/www.facebook.com\/laguiadepamplonacom-133175176762273\/?ref=hl","https:\/\/x.com\/LaGuiadPamplona","https:\/\/www.instagram.com\/la_guia_de_pamplona\/","https:\/\/www.youtube.com\/user\/laguiadepamplona"]},{"@type":"Person","@id":"https:\/\/www.laguiadepamplona.com\/actualidad\/#\/schema\/person\/efe887376f0213d4657c93adc50b1fdb","name":"La Gu\u00eda de Pamplona","image":{"@type":"ImageObject","inLanguage":"es","@id":"https:\/\/secure.gravatar.com\/avatar\/b6992f131dc8d30ab0dff15446e9d346d9dbd95992de0fef795073f5ea83a81c?s=96&d=mm&r=g","url":"https:\/\/secure.gravatar.com\/avatar\/b6992f131dc8d30ab0dff15446e9d346d9dbd95992de0fef795073f5ea83a81c?s=96&d=mm&r=g","contentUrl":"https:\/\/secure.gravatar.com\/avatar\/b6992f131dc8d30ab0dff15446e9d346d9dbd95992de0fef795073f5ea83a81c?s=96&d=mm&r=g","caption":"La Gu\u00eda de Pamplona"}}]}},"post_mailing_queue_ids":[],"_links":{"self":[{"href":"https:\/\/www.laguiadepamplona.com\/actualidad\/wp-json\/wp\/v2\/posts\/37657","targetHints":{"allow":["GET"]}}],"collection":[{"href":"https:\/\/www.laguiadepamplona.com\/actualidad\/wp-json\/wp\/v2\/posts"}],"about":[{"href":"https:\/\/www.laguiadepamplona.com\/actualidad\/wp-json\/wp\/v2\/types\/post"}],"author":[{"embeddable":true,"href":"https:\/\/www.laguiadepamplona.com\/actualidad\/wp-json\/wp\/v2\/users\/1"}],"replies":[{"embeddable":true,"href":"https:\/\/www.laguiadepamplona.com\/actualidad\/wp-json\/wp\/v2\/comments?post=37657"}],"version-history":[{"count":0,"href":"https:\/\/www.laguiadepamplona.com\/actualidad\/wp-json\/wp\/v2\/posts\/37657\/revisions"}],"wp:featuredmedia":[{"embeddable":true,"href":"https:\/\/www.laguiadepamplona.com\/actualidad\/wp-json\/wp\/v2\/media\/37658"}],"wp:attachment":[{"href":"https:\/\/www.laguiadepamplona.com\/actualidad\/wp-json\/wp\/v2\/media?parent=37657"}],"wp:term":[{"taxonomy":"category","embeddable":true,"href":"https:\/\/www.laguiadepamplona.com\/actualidad\/wp-json\/wp\/v2\/categories?post=37657"},{"taxonomy":"post_tag","embeddable":true,"href":"https:\/\/www.laguiadepamplona.com\/actualidad\/wp-json\/wp\/v2\/tags?post=37657"}],"curies":[{"name":"wp","href":"https:\/\/api.w.org\/{rel}","templated":true}]}}