{"id":37650,"date":"2021-11-19T15:10:12","date_gmt":"2021-11-19T13:10:12","guid":{"rendered":"https:\/\/www.laguiadepamplona.com\/actualidad\/?p=37650"},"modified":"2023-04-11T11:48:45","modified_gmt":"2023-04-11T09:48:45","slug":"el-domingo-la-fachada-de-la-casa-consistorial-se-iluminara-de-color-amarillo-con-motivo-del-dia-mundial-en-memoria-de-las-victimas-de-trafico","status":"publish","type":"post","link":"https:\/\/www.laguiadepamplona.com\/actualidad\/el-domingo-la-fachada-de-la-casa-consistorial-se-iluminara-de-color-amarillo-con-motivo-del-dia-mundial-en-memoria-de-las-victimas-de-trafico\/","title":{"rendered":"El domingo la fachada de la Casa Consistorial se iluminar\u00e1 de color amarillo con motivo del D\u00eda Mundial en Memoria de las V\u00edctimas de Tr\u00e1fico"},"content":{"rendered":"<p><!--more--><\/p>\n<p>El Ayuntamiento de Pamplona se sumar\u00e1 este pr\u00f3ximo domingo 21 de noviembre al D\u00eda Mundial en Memoria de las V\u00edctimas de Tr\u00e1fico iluminando la fachada de la Casa Consistorial de color amarillo. De esta forma, se rinde homenaje a todas aquellas personas que han perdido la vida en accidente de tr\u00e1fico y a sus familias, y se alza la voz para reclamar acci\u00f3n a las administraciones p\u00fablicas.<br \/>\n<script async src=\"\/\/pagead2.googlesyndication.com\/pagead\/js\/adsbygoogle.js\"><\/script><br \/>\n<!-- Noticias La Guia de Pamplona --><br \/>\n<ins class=\"adsbygoogle\"\nstyle=\"display:block\"\ndata-ad-client=\"ca-pub-6943679897239327\"\ndata-ad-slot=\"7048180777\"\ndata-ad-format=\"auto\"><\/ins><br \/>\n<script>\n(adsbygoogle = window.adsbygoogle || []).push({});\n<\/script><\/p>\n<p>La petici\u00f3n para esta iluminaci\u00f3n ha llegado al Ayuntamiento desde la asociaci\u00f3n Prevenci\u00f3n de Accidentes de Tr\u00e1fico P(A)T y forma parte de su campa\u00f1a \u2018Recuerda \u2013 Apoya \u2013 Act\u00faa\u2019. La seguridad vial es un derecho y as\u00ed lo establece el Plan Global de Acci\u00f3n para la Seguridad Vial de la segunda D\u00e9cada de Acci\u00f3n que establece el objetivo de cero personas fallecidas y heridas graves en siniestros de tr\u00e1fico para 2050.<\/p>\n<p>Este a\u00f1o se pone el foco en la reducci\u00f3n de la velocidad, que permite una mejor convivencia entre las personas usuarias de las v\u00edas, favoreciendo la movilidad activa y, por lo tanto, ayudando a mejorar la salud de la ciudadan\u00eda y a proteger a las personas m\u00e1s vulnerables, entre ellas, j\u00f3venes y menores. Se reclama a las administraciones que pasen a la acci\u00f3n creando calles y carreteras seguras. Asimismo, consideran esencial y urgente el apoyo a las v\u00edctimas, ofreci\u00e9ndoles una adecuada respuesta post-accidente, que les permita reconstruir sus vidas.<\/p>\n","protected":false},"excerpt":{"rendered":"","protected":false},"author":1,"featured_media":34649,"comment_status":"open","ping_status":"closed","sticky":false,"template":"","format":"standard","meta":{"footnotes":""},"categories":[2],"tags":[],"class_list":["post-37650","post","type-post","status-publish","format-standard","has-post-thumbnail","hentry","category-ayuntamiento-pamplona"],"yoast_head":"<!-- This site is optimized with the Yoast SEO plugin v27.5 - https:\/\/yoast.com\/product\/yoast-seo-wordpress\/ -->\n<title>El domingo la fachada de la Casa Consistorial se iluminar\u00e1 de color amarillo con motivo del D\u00eda Mundial en Memoria de las V\u00edctimas de Tr\u00e1fico<\/title>\n<meta name=\"description\" content=\"De esta forma, se rinde homenaje a todas aquellas personas que han perdido la vida en accidente de tr\u00e1fico y a sus familias, y se alza la voz para reclamar acci\u00f3n a las administraciones p\u00fablicas.\" \/>\n<meta name=\"robots\" content=\"index, follow, max-snippet:-1, max-image-preview:large, max-video-preview:-1\" \/>\n<link rel=\"canonical\" href=\"https:\/\/www.laguiadepamplona.com\/actualidad\/el-domingo-la-fachada-de-la-casa-consistorial-se-iluminara-de-color-amarillo-con-motivo-del-dia-mundial-en-memoria-de-las-victimas-de-trafico\/\" \/>\n<meta property=\"og:locale\" content=\"es_ES\" \/>\n<meta property=\"og:type\" content=\"article\" \/>\n<meta property=\"og:title\" content=\"El domingo la fachada de la Casa Consistorial se iluminar\u00e1 de color amarillo con motivo del D\u00eda Mundial en Memoria de las V\u00edctimas de Tr\u00e1fico\" \/>\n<meta property=\"og:description\" content=\"De esta forma, se rinde homenaje a todas aquellas personas que han perdido la vida en accidente de tr\u00e1fico y a sus familias, y se alza la voz para reclamar acci\u00f3n a las administraciones p\u00fablicas.\" \/>\n<meta property=\"og:url\" content=\"https:\/\/www.laguiadepamplona.com\/actualidad\/el-domingo-la-fachada-de-la-casa-consistorial-se-iluminara-de-color-amarillo-con-motivo-del-dia-mundial-en-memoria-de-las-victimas-de-trafico\/\" \/>\n<meta property=\"og:site_name\" content=\"La Gu\u00eda de Pamplona\" \/>\n<meta property=\"article:publisher\" content=\"https:\/\/www.facebook.com\/laguiadepamplonacom-133175176762273\/?ref=hl\" \/>\n<meta property=\"article:published_time\" content=\"2021-11-19T13:10:12+00:00\" \/>\n<meta property=\"article:modified_time\" content=\"2023-04-11T09:48:45+00:00\" \/>\n<meta property=\"og:image\" content=\"https:\/\/www.laguiadepamplona.com\/actualidad\/wp-content\/uploads\/2021\/05\/Ayuntamiento_iluminacion_amarillo_nocturna.jpg\" \/>\n\t<meta property=\"og:image:width\" content=\"1529\" \/>\n\t<meta property=\"og:image:height\" content=\"1019\" \/>\n\t<meta property=\"og:image:type\" content=\"image\/jpeg\" \/>\n<meta name=\"author\" content=\"La Gu\u00eda de Pamplona\" \/>\n<meta name=\"twitter:card\" content=\"summary_large_image\" \/>\n<meta name=\"twitter:creator\" content=\"@LaGuiadPamplona\" \/>\n<meta name=\"twitter:site\" content=\"@LaGuiadPamplona\" \/>\n<meta name=\"twitter:label1\" content=\"Escrito por\" \/>\n\t<meta name=\"twitter:data1\" content=\"La Gu\u00eda de Pamplona\" \/>\n\t<meta name=\"twitter:label2\" content=\"Tiempo de lectura\" \/>\n\t<meta name=\"twitter:data2\" content=\"1 minuto\" \/>\n<script type=\"application\/ld+json\" class=\"yoast-schema-graph\">{\"@context\":\"https:\\\/\\\/schema.org\",\"@graph\":[{\"@type\":\"Article\",\"@id\":\"https:\\\/\\\/www.laguiadepamplona.com\\\/actualidad\\\/el-domingo-la-fachada-de-la-casa-consistorial-se-iluminara-de-color-amarillo-con-motivo-del-dia-mundial-en-memoria-de-las-victimas-de-trafico\\\/#article\",\"isPartOf\":{\"@id\":\"https:\\\/\\\/www.laguiadepamplona.com\\\/actualidad\\\/el-domingo-la-fachada-de-la-casa-consistorial-se-iluminara-de-color-amarillo-con-motivo-del-dia-mundial-en-memoria-de-las-victimas-de-trafico\\\/\"},\"author\":{\"name\":\"La Gu\u00eda de Pamplona\",\"@id\":\"https:\\\/\\\/www.laguiadepamplona.com\\\/actualidad\\\/#\\\/schema\\\/person\\\/efe887376f0213d4657c93adc50b1fdb\"},\"headline\":\"El domingo la fachada de la Casa Consistorial se iluminar\u00e1 de color amarillo con motivo del D\u00eda Mundial en Memoria de las V\u00edctimas de Tr\u00e1fico\",\"datePublished\":\"2021-11-19T13:10:12+00:00\",\"dateModified\":\"2023-04-11T09:48:45+00:00\",\"mainEntityOfPage\":{\"@id\":\"https:\\\/\\\/www.laguiadepamplona.com\\\/actualidad\\\/el-domingo-la-fachada-de-la-casa-consistorial-se-iluminara-de-color-amarillo-con-motivo-del-dia-mundial-en-memoria-de-las-victimas-de-trafico\\\/\"},\"wordCount\":280,\"commentCount\":0,\"publisher\":{\"@id\":\"https:\\\/\\\/www.laguiadepamplona.com\\\/actualidad\\\/#organization\"},\"image\":{\"@id\":\"https:\\\/\\\/www.laguiadepamplona.com\\\/actualidad\\\/el-domingo-la-fachada-de-la-casa-consistorial-se-iluminara-de-color-amarillo-con-motivo-del-dia-mundial-en-memoria-de-las-victimas-de-trafico\\\/#primaryimage\"},\"thumbnailUrl\":\"https:\\\/\\\/www.laguiadepamplona.com\\\/actualidad\\\/wp-content\\\/uploads\\\/2021\\\/05\\\/Ayuntamiento_iluminacion_amarillo_nocturna.jpg\",\"articleSection\":[\"Ayto Pamplona\"],\"inLanguage\":\"es\",\"potentialAction\":[{\"@type\":\"CommentAction\",\"name\":\"Comment\",\"target\":[\"https:\\\/\\\/www.laguiadepamplona.com\\\/actualidad\\\/el-domingo-la-fachada-de-la-casa-consistorial-se-iluminara-de-color-amarillo-con-motivo-del-dia-mundial-en-memoria-de-las-victimas-de-trafico\\\/#respond\"]}]},{\"@type\":\"WebPage\",\"@id\":\"https:\\\/\\\/www.laguiadepamplona.com\\\/actualidad\\\/el-domingo-la-fachada-de-la-casa-consistorial-se-iluminara-de-color-amarillo-con-motivo-del-dia-mundial-en-memoria-de-las-victimas-de-trafico\\\/\",\"url\":\"https:\\\/\\\/www.laguiadepamplona.com\\\/actualidad\\\/el-domingo-la-fachada-de-la-casa-consistorial-se-iluminara-de-color-amarillo-con-motivo-del-dia-mundial-en-memoria-de-las-victimas-de-trafico\\\/\",\"name\":\"El domingo la fachada de la Casa Consistorial se iluminar\u00e1 de color amarillo con motivo del D\u00eda Mundial en Memoria de las V\u00edctimas de Tr\u00e1fico\",\"isPartOf\":{\"@id\":\"https:\\\/\\\/www.laguiadepamplona.com\\\/actualidad\\\/#website\"},\"primaryImageOfPage\":{\"@id\":\"https:\\\/\\\/www.laguiadepamplona.com\\\/actualidad\\\/el-domingo-la-fachada-de-la-casa-consistorial-se-iluminara-de-color-amarillo-con-motivo-del-dia-mundial-en-memoria-de-las-victimas-de-trafico\\\/#primaryimage\"},\"image\":{\"@id\":\"https:\\\/\\\/www.laguiadepamplona.com\\\/actualidad\\\/el-domingo-la-fachada-de-la-casa-consistorial-se-iluminara-de-color-amarillo-con-motivo-del-dia-mundial-en-memoria-de-las-victimas-de-trafico\\\/#primaryimage\"},\"thumbnailUrl\":\"https:\\\/\\\/www.laguiadepamplona.com\\\/actualidad\\\/wp-content\\\/uploads\\\/2021\\\/05\\\/Ayuntamiento_iluminacion_amarillo_nocturna.jpg\",\"datePublished\":\"2021-11-19T13:10:12+00:00\",\"dateModified\":\"2023-04-11T09:48:45+00:00\",\"description\":\"De esta forma, se rinde homenaje a todas aquellas personas que han perdido la vida en accidente de tr\u00e1fico y a sus familias, y se alza la voz para reclamar acci\u00f3n a las administraciones p\u00fablicas.\",\"breadcrumb\":{\"@id\":\"https:\\\/\\\/www.laguiadepamplona.com\\\/actualidad\\\/el-domingo-la-fachada-de-la-casa-consistorial-se-iluminara-de-color-amarillo-con-motivo-del-dia-mundial-en-memoria-de-las-victimas-de-trafico\\\/#breadcrumb\"},\"inLanguage\":\"es\",\"potentialAction\":[{\"@type\":\"ReadAction\",\"target\":[\"https:\\\/\\\/www.laguiadepamplona.com\\\/actualidad\\\/el-domingo-la-fachada-de-la-casa-consistorial-se-iluminara-de-color-amarillo-con-motivo-del-dia-mundial-en-memoria-de-las-victimas-de-trafico\\\/\"]}]},{\"@type\":\"ImageObject\",\"inLanguage\":\"es\",\"@id\":\"https:\\\/\\\/www.laguiadepamplona.com\\\/actualidad\\\/el-domingo-la-fachada-de-la-casa-consistorial-se-iluminara-de-color-amarillo-con-motivo-del-dia-mundial-en-memoria-de-las-victimas-de-trafico\\\/#primaryimage\",\"url\":\"https:\\\/\\\/www.laguiadepamplona.com\\\/actualidad\\\/wp-content\\\/uploads\\\/2021\\\/05\\\/Ayuntamiento_iluminacion_amarillo_nocturna.jpg\",\"contentUrl\":\"https:\\\/\\\/www.laguiadepamplona.com\\\/actualidad\\\/wp-content\\\/uploads\\\/2021\\\/05\\\/Ayuntamiento_iluminacion_amarillo_nocturna.jpg\",\"width\":1529,\"height\":1019},{\"@type\":\"BreadcrumbList\",\"@id\":\"https:\\\/\\\/www.laguiadepamplona.com\\\/actualidad\\\/el-domingo-la-fachada-de-la-casa-consistorial-se-iluminara-de-color-amarillo-con-motivo-del-dia-mundial-en-memoria-de-las-victimas-de-trafico\\\/#breadcrumb\",\"itemListElement\":[{\"@type\":\"ListItem\",\"position\":1,\"name\":\"Portada\",\"item\":\"https:\\\/\\\/www.laguiadepamplona.com\\\/actualidad\\\/\"},{\"@type\":\"ListItem\",\"position\":2,\"name\":\"El domingo la fachada de la Casa Consistorial se iluminar\u00e1 de color amarillo con motivo del D\u00eda Mundial en Memoria de las V\u00edctimas de Tr\u00e1fico\"}]},{\"@type\":\"WebSite\",\"@id\":\"https:\\\/\\\/www.laguiadepamplona.com\\\/actualidad\\\/#website\",\"url\":\"https:\\\/\\\/www.laguiadepamplona.com\\\/actualidad\\\/\",\"name\":\"La gu\u00eda de Pamplona\",\"description\":\"Noticias de Pamplona\",\"publisher\":{\"@id\":\"https:\\\/\\\/www.laguiadepamplona.com\\\/actualidad\\\/#organization\"},\"potentialAction\":[{\"@type\":\"SearchAction\",\"target\":{\"@type\":\"EntryPoint\",\"urlTemplate\":\"https:\\\/\\\/www.laguiadepamplona.com\\\/actualidad\\\/?s={search_term_string}\"},\"query-input\":{\"@type\":\"PropertyValueSpecification\",\"valueRequired\":true,\"valueName\":\"search_term_string\"}}],\"inLanguage\":\"es\"},{\"@type\":\"Organization\",\"@id\":\"https:\\\/\\\/www.laguiadepamplona.com\\\/actualidad\\\/#organization\",\"name\":\"La Gu\u00eda de Pamplona \\\/ Noticias\",\"url\":\"https:\\\/\\\/www.laguiadepamplona.com\\\/actualidad\\\/\",\"logo\":{\"@type\":\"ImageObject\",\"inLanguage\":\"es\",\"@id\":\"https:\\\/\\\/www.laguiadepamplona.com\\\/actualidad\\\/#\\\/schema\\\/logo\\\/image\\\/\",\"url\":\"https:\\\/\\\/www.laguiadepamplona.com\\\/actualidad\\\/wp-content\\\/uploads\\\/2018\\\/11\\\/logo-laguiadepamplona18-web1.png\",\"contentUrl\":\"https:\\\/\\\/www.laguiadepamplona.com\\\/actualidad\\\/wp-content\\\/uploads\\\/2018\\\/11\\\/logo-laguiadepamplona18-web1.png\",\"width\":600,\"height\":196,\"caption\":\"La Gu\u00eda de Pamplona \\\/ Noticias\"},\"image\":{\"@id\":\"https:\\\/\\\/www.laguiadepamplona.com\\\/actualidad\\\/#\\\/schema\\\/logo\\\/image\\\/\"},\"sameAs\":[\"https:\\\/\\\/www.facebook.com\\\/laguiadepamplonacom-133175176762273\\\/?ref=hl\",\"https:\\\/\\\/x.com\\\/LaGuiadPamplona\",\"https:\\\/\\\/www.instagram.com\\\/la_guia_de_pamplona\\\/\",\"https:\\\/\\\/www.youtube.com\\\/user\\\/laguiadepamplona\"]},{\"@type\":\"Person\",\"@id\":\"https:\\\/\\\/www.laguiadepamplona.com\\\/actualidad\\\/#\\\/schema\\\/person\\\/efe887376f0213d4657c93adc50b1fdb\",\"name\":\"La Gu\u00eda de Pamplona\",\"image\":{\"@type\":\"ImageObject\",\"inLanguage\":\"es\",\"@id\":\"https:\\\/\\\/secure.gravatar.com\\\/avatar\\\/b6992f131dc8d30ab0dff15446e9d346d9dbd95992de0fef795073f5ea83a81c?s=96&d=mm&r=g\",\"url\":\"https:\\\/\\\/secure.gravatar.com\\\/avatar\\\/b6992f131dc8d30ab0dff15446e9d346d9dbd95992de0fef795073f5ea83a81c?s=96&d=mm&r=g\",\"contentUrl\":\"https:\\\/\\\/secure.gravatar.com\\\/avatar\\\/b6992f131dc8d30ab0dff15446e9d346d9dbd95992de0fef795073f5ea83a81c?s=96&d=mm&r=g\",\"caption\":\"La Gu\u00eda de Pamplona\"}}]}<\/script>\n<!-- \/ Yoast SEO plugin. -->","yoast_head_json":{"title":"El domingo la fachada de la Casa Consistorial se iluminar\u00e1 de color amarillo con motivo del D\u00eda Mundial en Memoria de las V\u00edctimas de Tr\u00e1fico","description":"De esta forma, se rinde homenaje a todas aquellas personas que han perdido la vida en accidente de tr\u00e1fico y a sus familias, y se alza la voz para reclamar acci\u00f3n a las administraciones p\u00fablicas.","robots":{"index":"index","follow":"follow","max-snippet":"max-snippet:-1","max-image-preview":"max-image-preview:large","max-video-preview":"max-video-preview:-1"},"canonical":"https:\/\/www.laguiadepamplona.com\/actualidad\/el-domingo-la-fachada-de-la-casa-consistorial-se-iluminara-de-color-amarillo-con-motivo-del-dia-mundial-en-memoria-de-las-victimas-de-trafico\/","og_locale":"es_ES","og_type":"article","og_title":"El domingo la fachada de la Casa Consistorial se iluminar\u00e1 de color amarillo con motivo del D\u00eda Mundial en Memoria de las V\u00edctimas de Tr\u00e1fico","og_description":"De esta forma, se rinde homenaje a todas aquellas personas que han perdido la vida en accidente de tr\u00e1fico y a sus familias, y se alza la voz para reclamar acci\u00f3n a las administraciones p\u00fablicas.","og_url":"https:\/\/www.laguiadepamplona.com\/actualidad\/el-domingo-la-fachada-de-la-casa-consistorial-se-iluminara-de-color-amarillo-con-motivo-del-dia-mundial-en-memoria-de-las-victimas-de-trafico\/","og_site_name":"La Gu\u00eda de Pamplona","article_publisher":"https:\/\/www.facebook.com\/laguiadepamplonacom-133175176762273\/?ref=hl","article_published_time":"2021-11-19T13:10:12+00:00","article_modified_time":"2023-04-11T09:48:45+00:00","og_image":[{"width":1529,"height":1019,"url":"https:\/\/www.laguiadepamplona.com\/actualidad\/wp-content\/uploads\/2021\/05\/Ayuntamiento_iluminacion_amarillo_nocturna.jpg","type":"image\/jpeg"}],"author":"La Gu\u00eda de Pamplona","twitter_card":"summary_large_image","twitter_creator":"@LaGuiadPamplona","twitter_site":"@LaGuiadPamplona","twitter_misc":{"Escrito por":"La Gu\u00eda de Pamplona","Tiempo de lectura":"1 minuto"},"schema":{"@context":"https:\/\/schema.org","@graph":[{"@type":"Article","@id":"https:\/\/www.laguiadepamplona.com\/actualidad\/el-domingo-la-fachada-de-la-casa-consistorial-se-iluminara-de-color-amarillo-con-motivo-del-dia-mundial-en-memoria-de-las-victimas-de-trafico\/#article","isPartOf":{"@id":"https:\/\/www.laguiadepamplona.com\/actualidad\/el-domingo-la-fachada-de-la-casa-consistorial-se-iluminara-de-color-amarillo-con-motivo-del-dia-mundial-en-memoria-de-las-victimas-de-trafico\/"},"author":{"name":"La Gu\u00eda de Pamplona","@id":"https:\/\/www.laguiadepamplona.com\/actualidad\/#\/schema\/person\/efe887376f0213d4657c93adc50b1fdb"},"headline":"El domingo la fachada de la Casa Consistorial se iluminar\u00e1 de color amarillo con motivo del D\u00eda Mundial en Memoria de las V\u00edctimas de Tr\u00e1fico","datePublished":"2021-11-19T13:10:12+00:00","dateModified":"2023-04-11T09:48:45+00:00","mainEntityOfPage":{"@id":"https:\/\/www.laguiadepamplona.com\/actualidad\/el-domingo-la-fachada-de-la-casa-consistorial-se-iluminara-de-color-amarillo-con-motivo-del-dia-mundial-en-memoria-de-las-victimas-de-trafico\/"},"wordCount":280,"commentCount":0,"publisher":{"@id":"https:\/\/www.laguiadepamplona.com\/actualidad\/#organization"},"image":{"@id":"https:\/\/www.laguiadepamplona.com\/actualidad\/el-domingo-la-fachada-de-la-casa-consistorial-se-iluminara-de-color-amarillo-con-motivo-del-dia-mundial-en-memoria-de-las-victimas-de-trafico\/#primaryimage"},"thumbnailUrl":"https:\/\/www.laguiadepamplona.com\/actualidad\/wp-content\/uploads\/2021\/05\/Ayuntamiento_iluminacion_amarillo_nocturna.jpg","articleSection":["Ayto Pamplona"],"inLanguage":"es","potentialAction":[{"@type":"CommentAction","name":"Comment","target":["https:\/\/www.laguiadepamplona.com\/actualidad\/el-domingo-la-fachada-de-la-casa-consistorial-se-iluminara-de-color-amarillo-con-motivo-del-dia-mundial-en-memoria-de-las-victimas-de-trafico\/#respond"]}]},{"@type":"WebPage","@id":"https:\/\/www.laguiadepamplona.com\/actualidad\/el-domingo-la-fachada-de-la-casa-consistorial-se-iluminara-de-color-amarillo-con-motivo-del-dia-mundial-en-memoria-de-las-victimas-de-trafico\/","url":"https:\/\/www.laguiadepamplona.com\/actualidad\/el-domingo-la-fachada-de-la-casa-consistorial-se-iluminara-de-color-amarillo-con-motivo-del-dia-mundial-en-memoria-de-las-victimas-de-trafico\/","name":"El domingo la fachada de la Casa Consistorial se iluminar\u00e1 de color amarillo con motivo del D\u00eda Mundial en Memoria de las V\u00edctimas de Tr\u00e1fico","isPartOf":{"@id":"https:\/\/www.laguiadepamplona.com\/actualidad\/#website"},"primaryImageOfPage":{"@id":"https:\/\/www.laguiadepamplona.com\/actualidad\/el-domingo-la-fachada-de-la-casa-consistorial-se-iluminara-de-color-amarillo-con-motivo-del-dia-mundial-en-memoria-de-las-victimas-de-trafico\/#primaryimage"},"image":{"@id":"https:\/\/www.laguiadepamplona.com\/actualidad\/el-domingo-la-fachada-de-la-casa-consistorial-se-iluminara-de-color-amarillo-con-motivo-del-dia-mundial-en-memoria-de-las-victimas-de-trafico\/#primaryimage"},"thumbnailUrl":"https:\/\/www.laguiadepamplona.com\/actualidad\/wp-content\/uploads\/2021\/05\/Ayuntamiento_iluminacion_amarillo_nocturna.jpg","datePublished":"2021-11-19T13:10:12+00:00","dateModified":"2023-04-11T09:48:45+00:00","description":"De esta forma, se rinde homenaje a todas aquellas personas que han perdido la vida en accidente de tr\u00e1fico y a sus familias, y se alza la voz para reclamar acci\u00f3n a las administraciones p\u00fablicas.","breadcrumb":{"@id":"https:\/\/www.laguiadepamplona.com\/actualidad\/el-domingo-la-fachada-de-la-casa-consistorial-se-iluminara-de-color-amarillo-con-motivo-del-dia-mundial-en-memoria-de-las-victimas-de-trafico\/#breadcrumb"},"inLanguage":"es","potentialAction":[{"@type":"ReadAction","target":["https:\/\/www.laguiadepamplona.com\/actualidad\/el-domingo-la-fachada-de-la-casa-consistorial-se-iluminara-de-color-amarillo-con-motivo-del-dia-mundial-en-memoria-de-las-victimas-de-trafico\/"]}]},{"@type":"ImageObject","inLanguage":"es","@id":"https:\/\/www.laguiadepamplona.com\/actualidad\/el-domingo-la-fachada-de-la-casa-consistorial-se-iluminara-de-color-amarillo-con-motivo-del-dia-mundial-en-memoria-de-las-victimas-de-trafico\/#primaryimage","url":"https:\/\/www.laguiadepamplona.com\/actualidad\/wp-content\/uploads\/2021\/05\/Ayuntamiento_iluminacion_amarillo_nocturna.jpg","contentUrl":"https:\/\/www.laguiadepamplona.com\/actualidad\/wp-content\/uploads\/2021\/05\/Ayuntamiento_iluminacion_amarillo_nocturna.jpg","width":1529,"height":1019},{"@type":"BreadcrumbList","@id":"https:\/\/www.laguiadepamplona.com\/actualidad\/el-domingo-la-fachada-de-la-casa-consistorial-se-iluminara-de-color-amarillo-con-motivo-del-dia-mundial-en-memoria-de-las-victimas-de-trafico\/#breadcrumb","itemListElement":[{"@type":"ListItem","position":1,"name":"Portada","item":"https:\/\/www.laguiadepamplona.com\/actualidad\/"},{"@type":"ListItem","position":2,"name":"El domingo la fachada de la Casa Consistorial se iluminar\u00e1 de color amarillo con motivo del D\u00eda Mundial en Memoria de las V\u00edctimas de Tr\u00e1fico"}]},{"@type":"WebSite","@id":"https:\/\/www.laguiadepamplona.com\/actualidad\/#website","url":"https:\/\/www.laguiadepamplona.com\/actualidad\/","name":"La gu\u00eda de Pamplona","description":"Noticias de Pamplona","publisher":{"@id":"https:\/\/www.laguiadepamplona.com\/actualidad\/#organization"},"potentialAction":[{"@type":"SearchAction","target":{"@type":"EntryPoint","urlTemplate":"https:\/\/www.laguiadepamplona.com\/actualidad\/?s={search_term_string}"},"query-input":{"@type":"PropertyValueSpecification","valueRequired":true,"valueName":"search_term_string"}}],"inLanguage":"es"},{"@type":"Organization","@id":"https:\/\/www.laguiadepamplona.com\/actualidad\/#organization","name":"La Gu\u00eda de Pamplona \/ Noticias","url":"https:\/\/www.laguiadepamplona.com\/actualidad\/","logo":{"@type":"ImageObject","inLanguage":"es","@id":"https:\/\/www.laguiadepamplona.com\/actualidad\/#\/schema\/logo\/image\/","url":"https:\/\/www.laguiadepamplona.com\/actualidad\/wp-content\/uploads\/2018\/11\/logo-laguiadepamplona18-web1.png","contentUrl":"https:\/\/www.laguiadepamplona.com\/actualidad\/wp-content\/uploads\/2018\/11\/logo-laguiadepamplona18-web1.png","width":600,"height":196,"caption":"La Gu\u00eda de Pamplona \/ Noticias"},"image":{"@id":"https:\/\/www.laguiadepamplona.com\/actualidad\/#\/schema\/logo\/image\/"},"sameAs":["https:\/\/www.facebook.com\/laguiadepamplonacom-133175176762273\/?ref=hl","https:\/\/x.com\/LaGuiadPamplona","https:\/\/www.instagram.com\/la_guia_de_pamplona\/","https:\/\/www.youtube.com\/user\/laguiadepamplona"]},{"@type":"Person","@id":"https:\/\/www.laguiadepamplona.com\/actualidad\/#\/schema\/person\/efe887376f0213d4657c93adc50b1fdb","name":"La Gu\u00eda de Pamplona","image":{"@type":"ImageObject","inLanguage":"es","@id":"https:\/\/secure.gravatar.com\/avatar\/b6992f131dc8d30ab0dff15446e9d346d9dbd95992de0fef795073f5ea83a81c?s=96&d=mm&r=g","url":"https:\/\/secure.gravatar.com\/avatar\/b6992f131dc8d30ab0dff15446e9d346d9dbd95992de0fef795073f5ea83a81c?s=96&d=mm&r=g","contentUrl":"https:\/\/secure.gravatar.com\/avatar\/b6992f131dc8d30ab0dff15446e9d346d9dbd95992de0fef795073f5ea83a81c?s=96&d=mm&r=g","caption":"La Gu\u00eda de Pamplona"}}]}},"post_mailing_queue_ids":[],"_links":{"self":[{"href":"https:\/\/www.laguiadepamplona.com\/actualidad\/wp-json\/wp\/v2\/posts\/37650","targetHints":{"allow":["GET"]}}],"collection":[{"href":"https:\/\/www.laguiadepamplona.com\/actualidad\/wp-json\/wp\/v2\/posts"}],"about":[{"href":"https:\/\/www.laguiadepamplona.com\/actualidad\/wp-json\/wp\/v2\/types\/post"}],"author":[{"embeddable":true,"href":"https:\/\/www.laguiadepamplona.com\/actualidad\/wp-json\/wp\/v2\/users\/1"}],"replies":[{"embeddable":true,"href":"https:\/\/www.laguiadepamplona.com\/actualidad\/wp-json\/wp\/v2\/comments?post=37650"}],"version-history":[{"count":0,"href":"https:\/\/www.laguiadepamplona.com\/actualidad\/wp-json\/wp\/v2\/posts\/37650\/revisions"}],"wp:featuredmedia":[{"embeddable":true,"href":"https:\/\/www.laguiadepamplona.com\/actualidad\/wp-json\/wp\/v2\/media\/34649"}],"wp:attachment":[{"href":"https:\/\/www.laguiadepamplona.com\/actualidad\/wp-json\/wp\/v2\/media?parent=37650"}],"wp:term":[{"taxonomy":"category","embeddable":true,"href":"https:\/\/www.laguiadepamplona.com\/actualidad\/wp-json\/wp\/v2\/categories?post=37650"},{"taxonomy":"post_tag","embeddable":true,"href":"https:\/\/www.laguiadepamplona.com\/actualidad\/wp-json\/wp\/v2\/tags?post=37650"}],"curies":[{"name":"wp","href":"https:\/\/api.w.org\/{rel}","templated":true}]}}