{"id":37640,"date":"2021-11-19T15:05:24","date_gmt":"2021-11-19T13:05:24","guid":{"rendered":"https:\/\/www.laguiadepamplona.com\/actualidad\/?p=37640"},"modified":"2023-04-11T11:48:45","modified_gmt":"2023-04-11T09:48:45","slug":"el-ayuntamiento-de-pamplona-lleva-dos-decadas-compostando-la-hoja-otonal-que-varios-servicios-municipales-retiran-estos-dias-del-espacio-publico","status":"publish","type":"post","link":"https:\/\/www.laguiadepamplona.com\/actualidad\/el-ayuntamiento-de-pamplona-lleva-dos-decadas-compostando-la-hoja-otonal-que-varios-servicios-municipales-retiran-estos-dias-del-espacio-publico\/","title":{"rendered":"El Ayuntamiento de Pamplona lleva dos d\u00e9cadas compostando la hoja oto\u00f1al que varios servicios municipales retiran estos d\u00edas del espacio p\u00fablico"},"content":{"rendered":"<h5>Desde finales de octubre y, previsiblemente hasta diciembre, esta tarea implica reorganizaci\u00f3n de efectivos y tareas<\/h5>\n<p><!--more--><\/p>\n<p>Los miles de \u00e1rboles de hoja caduca que tiene Pamplona comienzan a \u201ctirar hoja\u201d cuando notan el progresivo descenso de las horas de luz solar y la bajada de temperaturas, algo que este a\u00f1o comenz\u00f3 a finales de octubre y continuar\u00e1 previsiblemente hasta diciembre. Son los par\u00e1metros oto\u00f1ales que determinan la parada vegetativa del \u00e1rbol. Cuando comienza este proceso los servicios municipales de Limpieza y de Parques, y sus contratas, entran en uno de los momentos \u201cpunta del a\u00f1o\u201d. Bien mediante el barrido y rastrillado manual, bien mediante m\u00e1quinas sopladoras, en v\u00edas urbanas y zonas verdes los operarios van realizando grandes montones de hojas que luego se trasladan a contenedores.<br \/>\n<script async src=\"\/\/pagead2.googlesyndication.com\/pagead\/js\/adsbygoogle.js\"><\/script><br \/>\n<!-- Noticias La Guia de Pamplona --><br \/>\n<ins class=\"adsbygoogle\"\nstyle=\"display:block\"\ndata-ad-client=\"ca-pub-6943679897239327\"\ndata-ad-slot=\"7048180777\"\ndata-ad-format=\"auto\"><\/ins><br \/>\n<script>\n(adsbygoogle = window.adsbygoogle || []).push({});\n<\/script><\/p>\n<p>El Ayuntamiento de Pamplona apuesta por el compostaje. Adem\u00e1s de facilitar el compostaje comunitario y fomentarlo desde las actividades del Museo de Educaci\u00f3n Ambiental, desde el propio municipio existe una preocupaci\u00f3n por lograr que sus residuos vegetales tengan utilidad y se conviertan en recursos para la ciudad. Y para que, adem\u00e1s, sean recursos de calidad, estos d\u00edas los trabajadores del vivero municipal y personal del Servicio de Jardines est\u00e1n participando en un curso de compostaje organizado a trav\u00e9s de la Federaci\u00f3n Navarra de Municipios y Concejos.<\/p>\n<p>Es un paso m\u00e1s para mejorar una buena pr\u00e1ctica que comenz\u00f3 hace casi dos d\u00e9cadas como experiencia de peque\u00f1o formato. Entonces parte de la hoja se llevaba a Casa Irujo, sede de la escuela Taller de jardiner\u00eda, para experimentar con el compostado, lo que tambi\u00e9n se hac\u00eda en el vivero municipal que, por aquellos entonces estaba situado en la avenida de Zaragoza.<br \/>\n<script async src=\"\/\/pagead2.googlesyndication.com\/pagead\/js\/adsbygoogle.js\"><\/script><br \/>\n<!-- Noticias La Guia de Pamplona --><br \/>\n<ins class=\"adsbygoogle\"\nstyle=\"display:block\"\ndata-ad-client=\"ca-pub-6943679897239327\"\ndata-ad-slot=\"7048180777\"\ndata-ad-format=\"auto\"><\/ins><br \/>\n<script>\n(adsbygoogle = window.adsbygoogle || []).push({});\n<\/script><\/p>\n<p><strong>250\/300 metros c\u00fabicos de compost, solo en dos parques<\/strong><\/p>\n<p>Adem\u00e1s de conseguir espacios urbanos limpios y transitables para la ciudadan\u00eda, las hojas, junto con el material vegetal que peri\u00f3dicamente se obtiene de podas y cortado de praderas, van a parar al vivero municipal donde se convierten en compost. Como ejemplo, s\u00f3lo con los restos de Taconera, Media Luna y Vuelta del Castillo se obtienen cada a\u00f1o entre 250 y 300 m<sup>3<\/sup> de compost.<\/p>\n<p>El residuo, ya convertido en recurso, se utiliza para realizar aporte org\u00e1nico para la mejora en la composici\u00f3n y la estructura de la tierra que se repondr\u00e1 en parterres de vivaces o de plantas de flor o que se utiliza para la reproducci\u00f3n de ejemplares en el propio vivero, adem\u00e1s de para aquellos otros destinos que se determine. Este proceso, que comenz\u00f3 hace m\u00e1s de una d\u00e9cada de forma experimental, se ha ido depurando para obtener el m\u00e1ximo aprovechamiento del material vegetal recogido, tanto en la cantidad, como en la calidad del compost.<\/p>\n<p>La retirada de la hoja oto\u00f1al es competencia, tanto del Servicio de Limpieza Viaria, como del Servicio de Jardines, que espec\u00edficamente se encarga de los parques hist\u00f3ricos de Taconera y Media Luna.<\/p>\n","protected":false},"excerpt":{"rendered":"<p>Desde finales de octubre y, previsiblemente hasta diciembre, esta tarea implica reorganizaci\u00f3n de efectivos y tareas<\/p>\n","protected":false},"author":1,"featured_media":37641,"comment_status":"open","ping_status":"closed","sticky":false,"template":"","format":"standard","meta":{"footnotes":""},"categories":[2],"tags":[],"class_list":["post-37640","post","type-post","status-publish","format-standard","has-post-thumbnail","hentry","category-ayuntamiento-pamplona"],"yoast_head":"<!-- This site is optimized with the Yoast SEO plugin v27.5 - https:\/\/yoast.com\/product\/yoast-seo-wordpress\/ -->\n<title>El Ayuntamiento de Pamplona lleva dos d\u00e9cadas compostando la hoja oto\u00f1al que varios servicios municipales retiran estos d\u00edas del espacio p\u00fablico<\/title>\n<meta name=\"description\" content=\"Desde finales de octubre y, previsiblemente hasta diciembre, esta tarea implica reorganizaci\u00f3n de efectivos y tareas\" \/>\n<meta name=\"robots\" content=\"index, follow, max-snippet:-1, max-image-preview:large, max-video-preview:-1\" \/>\n<link rel=\"canonical\" href=\"https:\/\/www.laguiadepamplona.com\/actualidad\/el-ayuntamiento-de-pamplona-lleva-dos-decadas-compostando-la-hoja-otonal-que-varios-servicios-municipales-retiran-estos-dias-del-espacio-publico\/\" \/>\n<meta property=\"og:locale\" content=\"es_ES\" \/>\n<meta property=\"og:type\" content=\"article\" \/>\n<meta property=\"og:title\" content=\"El Ayuntamiento de Pamplona lleva dos d\u00e9cadas compostando la hoja oto\u00f1al que varios servicios municipales retiran estos d\u00edas del espacio p\u00fablico\" \/>\n<meta property=\"og:description\" content=\"Desde finales de octubre y, previsiblemente hasta diciembre, esta tarea implica reorganizaci\u00f3n de efectivos y tareas\" \/>\n<meta property=\"og:url\" content=\"https:\/\/www.laguiadepamplona.com\/actualidad\/el-ayuntamiento-de-pamplona-lleva-dos-decadas-compostando-la-hoja-otonal-que-varios-servicios-municipales-retiran-estos-dias-del-espacio-publico\/\" \/>\n<meta property=\"og:site_name\" content=\"La Gu\u00eda de Pamplona\" \/>\n<meta property=\"article:publisher\" content=\"https:\/\/www.facebook.com\/laguiadepamplonacom-133175176762273\/?ref=hl\" \/>\n<meta property=\"article:published_time\" content=\"2021-11-19T13:05:24+00:00\" \/>\n<meta property=\"article:modified_time\" content=\"2023-04-11T09:48:45+00:00\" \/>\n<meta property=\"og:image\" content=\"https:\/\/www.laguiadepamplona.com\/actualidad\/wp-content\/uploads\/2021\/11\/limpieza-recogida-hojas.jpg\" \/>\n\t<meta property=\"og:image:width\" content=\"1920\" \/>\n\t<meta property=\"og:image:height\" content=\"1082\" \/>\n\t<meta property=\"og:image:type\" content=\"image\/jpeg\" \/>\n<meta name=\"author\" content=\"La Gu\u00eda de Pamplona\" \/>\n<meta name=\"twitter:card\" content=\"summary_large_image\" \/>\n<meta name=\"twitter:creator\" content=\"@LaGuiadPamplona\" \/>\n<meta name=\"twitter:site\" content=\"@LaGuiadPamplona\" \/>\n<meta name=\"twitter:label1\" content=\"Escrito por\" \/>\n\t<meta name=\"twitter:data1\" content=\"La Gu\u00eda de Pamplona\" \/>\n\t<meta name=\"twitter:label2\" content=\"Tiempo de lectura\" \/>\n\t<meta name=\"twitter:data2\" content=\"3 minutos\" \/>\n<script type=\"application\/ld+json\" class=\"yoast-schema-graph\">{\"@context\":\"https:\\\/\\\/schema.org\",\"@graph\":[{\"@type\":\"Article\",\"@id\":\"https:\\\/\\\/www.laguiadepamplona.com\\\/actualidad\\\/el-ayuntamiento-de-pamplona-lleva-dos-decadas-compostando-la-hoja-otonal-que-varios-servicios-municipales-retiran-estos-dias-del-espacio-publico\\\/#article\",\"isPartOf\":{\"@id\":\"https:\\\/\\\/www.laguiadepamplona.com\\\/actualidad\\\/el-ayuntamiento-de-pamplona-lleva-dos-decadas-compostando-la-hoja-otonal-que-varios-servicios-municipales-retiran-estos-dias-del-espacio-publico\\\/\"},\"author\":{\"name\":\"La Gu\u00eda de Pamplona\",\"@id\":\"https:\\\/\\\/www.laguiadepamplona.com\\\/actualidad\\\/#\\\/schema\\\/person\\\/efe887376f0213d4657c93adc50b1fdb\"},\"headline\":\"El Ayuntamiento de Pamplona lleva dos d\u00e9cadas compostando la hoja oto\u00f1al que varios servicios municipales retiran estos d\u00edas del espacio p\u00fablico\",\"datePublished\":\"2021-11-19T13:05:24+00:00\",\"dateModified\":\"2023-04-11T09:48:45+00:00\",\"mainEntityOfPage\":{\"@id\":\"https:\\\/\\\/www.laguiadepamplona.com\\\/actualidad\\\/el-ayuntamiento-de-pamplona-lleva-dos-decadas-compostando-la-hoja-otonal-que-varios-servicios-municipales-retiran-estos-dias-del-espacio-publico\\\/\"},\"wordCount\":532,\"commentCount\":0,\"publisher\":{\"@id\":\"https:\\\/\\\/www.laguiadepamplona.com\\\/actualidad\\\/#organization\"},\"image\":{\"@id\":\"https:\\\/\\\/www.laguiadepamplona.com\\\/actualidad\\\/el-ayuntamiento-de-pamplona-lleva-dos-decadas-compostando-la-hoja-otonal-que-varios-servicios-municipales-retiran-estos-dias-del-espacio-publico\\\/#primaryimage\"},\"thumbnailUrl\":\"https:\\\/\\\/www.laguiadepamplona.com\\\/actualidad\\\/wp-content\\\/uploads\\\/2021\\\/11\\\/limpieza-recogida-hojas.jpg\",\"articleSection\":[\"Ayto Pamplona\"],\"inLanguage\":\"es\",\"potentialAction\":[{\"@type\":\"CommentAction\",\"name\":\"Comment\",\"target\":[\"https:\\\/\\\/www.laguiadepamplona.com\\\/actualidad\\\/el-ayuntamiento-de-pamplona-lleva-dos-decadas-compostando-la-hoja-otonal-que-varios-servicios-municipales-retiran-estos-dias-del-espacio-publico\\\/#respond\"]}]},{\"@type\":\"WebPage\",\"@id\":\"https:\\\/\\\/www.laguiadepamplona.com\\\/actualidad\\\/el-ayuntamiento-de-pamplona-lleva-dos-decadas-compostando-la-hoja-otonal-que-varios-servicios-municipales-retiran-estos-dias-del-espacio-publico\\\/\",\"url\":\"https:\\\/\\\/www.laguiadepamplona.com\\\/actualidad\\\/el-ayuntamiento-de-pamplona-lleva-dos-decadas-compostando-la-hoja-otonal-que-varios-servicios-municipales-retiran-estos-dias-del-espacio-publico\\\/\",\"name\":\"El Ayuntamiento de Pamplona lleva dos d\u00e9cadas compostando la hoja oto\u00f1al que varios servicios municipales retiran estos d\u00edas del espacio p\u00fablico\",\"isPartOf\":{\"@id\":\"https:\\\/\\\/www.laguiadepamplona.com\\\/actualidad\\\/#website\"},\"primaryImageOfPage\":{\"@id\":\"https:\\\/\\\/www.laguiadepamplona.com\\\/actualidad\\\/el-ayuntamiento-de-pamplona-lleva-dos-decadas-compostando-la-hoja-otonal-que-varios-servicios-municipales-retiran-estos-dias-del-espacio-publico\\\/#primaryimage\"},\"image\":{\"@id\":\"https:\\\/\\\/www.laguiadepamplona.com\\\/actualidad\\\/el-ayuntamiento-de-pamplona-lleva-dos-decadas-compostando-la-hoja-otonal-que-varios-servicios-municipales-retiran-estos-dias-del-espacio-publico\\\/#primaryimage\"},\"thumbnailUrl\":\"https:\\\/\\\/www.laguiadepamplona.com\\\/actualidad\\\/wp-content\\\/uploads\\\/2021\\\/11\\\/limpieza-recogida-hojas.jpg\",\"datePublished\":\"2021-11-19T13:05:24+00:00\",\"dateModified\":\"2023-04-11T09:48:45+00:00\",\"description\":\"Desde finales de octubre y, previsiblemente hasta diciembre, esta tarea implica reorganizaci\u00f3n de efectivos y tareas\",\"breadcrumb\":{\"@id\":\"https:\\\/\\\/www.laguiadepamplona.com\\\/actualidad\\\/el-ayuntamiento-de-pamplona-lleva-dos-decadas-compostando-la-hoja-otonal-que-varios-servicios-municipales-retiran-estos-dias-del-espacio-publico\\\/#breadcrumb\"},\"inLanguage\":\"es\",\"potentialAction\":[{\"@type\":\"ReadAction\",\"target\":[\"https:\\\/\\\/www.laguiadepamplona.com\\\/actualidad\\\/el-ayuntamiento-de-pamplona-lleva-dos-decadas-compostando-la-hoja-otonal-que-varios-servicios-municipales-retiran-estos-dias-del-espacio-publico\\\/\"]}]},{\"@type\":\"ImageObject\",\"inLanguage\":\"es\",\"@id\":\"https:\\\/\\\/www.laguiadepamplona.com\\\/actualidad\\\/el-ayuntamiento-de-pamplona-lleva-dos-decadas-compostando-la-hoja-otonal-que-varios-servicios-municipales-retiran-estos-dias-del-espacio-publico\\\/#primaryimage\",\"url\":\"https:\\\/\\\/www.laguiadepamplona.com\\\/actualidad\\\/wp-content\\\/uploads\\\/2021\\\/11\\\/limpieza-recogida-hojas.jpg\",\"contentUrl\":\"https:\\\/\\\/www.laguiadepamplona.com\\\/actualidad\\\/wp-content\\\/uploads\\\/2021\\\/11\\\/limpieza-recogida-hojas.jpg\",\"width\":1920,\"height\":1082},{\"@type\":\"BreadcrumbList\",\"@id\":\"https:\\\/\\\/www.laguiadepamplona.com\\\/actualidad\\\/el-ayuntamiento-de-pamplona-lleva-dos-decadas-compostando-la-hoja-otonal-que-varios-servicios-municipales-retiran-estos-dias-del-espacio-publico\\\/#breadcrumb\",\"itemListElement\":[{\"@type\":\"ListItem\",\"position\":1,\"name\":\"Portada\",\"item\":\"https:\\\/\\\/www.laguiadepamplona.com\\\/actualidad\\\/\"},{\"@type\":\"ListItem\",\"position\":2,\"name\":\"El Ayuntamiento de Pamplona lleva dos d\u00e9cadas compostando la hoja oto\u00f1al que varios servicios municipales retiran estos d\u00edas del espacio p\u00fablico\"}]},{\"@type\":\"WebSite\",\"@id\":\"https:\\\/\\\/www.laguiadepamplona.com\\\/actualidad\\\/#website\",\"url\":\"https:\\\/\\\/www.laguiadepamplona.com\\\/actualidad\\\/\",\"name\":\"La gu\u00eda de Pamplona\",\"description\":\"Noticias de Pamplona\",\"publisher\":{\"@id\":\"https:\\\/\\\/www.laguiadepamplona.com\\\/actualidad\\\/#organization\"},\"potentialAction\":[{\"@type\":\"SearchAction\",\"target\":{\"@type\":\"EntryPoint\",\"urlTemplate\":\"https:\\\/\\\/www.laguiadepamplona.com\\\/actualidad\\\/?s={search_term_string}\"},\"query-input\":{\"@type\":\"PropertyValueSpecification\",\"valueRequired\":true,\"valueName\":\"search_term_string\"}}],\"inLanguage\":\"es\"},{\"@type\":\"Organization\",\"@id\":\"https:\\\/\\\/www.laguiadepamplona.com\\\/actualidad\\\/#organization\",\"name\":\"La Gu\u00eda de Pamplona \\\/ Noticias\",\"url\":\"https:\\\/\\\/www.laguiadepamplona.com\\\/actualidad\\\/\",\"logo\":{\"@type\":\"ImageObject\",\"inLanguage\":\"es\",\"@id\":\"https:\\\/\\\/www.laguiadepamplona.com\\\/actualidad\\\/#\\\/schema\\\/logo\\\/image\\\/\",\"url\":\"https:\\\/\\\/www.laguiadepamplona.com\\\/actualidad\\\/wp-content\\\/uploads\\\/2018\\\/11\\\/logo-laguiadepamplona18-web1.png\",\"contentUrl\":\"https:\\\/\\\/www.laguiadepamplona.com\\\/actualidad\\\/wp-content\\\/uploads\\\/2018\\\/11\\\/logo-laguiadepamplona18-web1.png\",\"width\":600,\"height\":196,\"caption\":\"La Gu\u00eda de Pamplona \\\/ Noticias\"},\"image\":{\"@id\":\"https:\\\/\\\/www.laguiadepamplona.com\\\/actualidad\\\/#\\\/schema\\\/logo\\\/image\\\/\"},\"sameAs\":[\"https:\\\/\\\/www.facebook.com\\\/laguiadepamplonacom-133175176762273\\\/?ref=hl\",\"https:\\\/\\\/x.com\\\/LaGuiadPamplona\",\"https:\\\/\\\/www.instagram.com\\\/la_guia_de_pamplona\\\/\",\"https:\\\/\\\/www.youtube.com\\\/user\\\/laguiadepamplona\"]},{\"@type\":\"Person\",\"@id\":\"https:\\\/\\\/www.laguiadepamplona.com\\\/actualidad\\\/#\\\/schema\\\/person\\\/efe887376f0213d4657c93adc50b1fdb\",\"name\":\"La Gu\u00eda de Pamplona\",\"image\":{\"@type\":\"ImageObject\",\"inLanguage\":\"es\",\"@id\":\"https:\\\/\\\/secure.gravatar.com\\\/avatar\\\/b6992f131dc8d30ab0dff15446e9d346d9dbd95992de0fef795073f5ea83a81c?s=96&d=mm&r=g\",\"url\":\"https:\\\/\\\/secure.gravatar.com\\\/avatar\\\/b6992f131dc8d30ab0dff15446e9d346d9dbd95992de0fef795073f5ea83a81c?s=96&d=mm&r=g\",\"contentUrl\":\"https:\\\/\\\/secure.gravatar.com\\\/avatar\\\/b6992f131dc8d30ab0dff15446e9d346d9dbd95992de0fef795073f5ea83a81c?s=96&d=mm&r=g\",\"caption\":\"La Gu\u00eda de Pamplona\"}}]}<\/script>\n<!-- \/ Yoast SEO plugin. -->","yoast_head_json":{"title":"El Ayuntamiento de Pamplona lleva dos d\u00e9cadas compostando la hoja oto\u00f1al que varios servicios municipales retiran estos d\u00edas del espacio p\u00fablico","description":"Desde finales de octubre y, previsiblemente hasta diciembre, esta tarea implica reorganizaci\u00f3n de efectivos y tareas","robots":{"index":"index","follow":"follow","max-snippet":"max-snippet:-1","max-image-preview":"max-image-preview:large","max-video-preview":"max-video-preview:-1"},"canonical":"https:\/\/www.laguiadepamplona.com\/actualidad\/el-ayuntamiento-de-pamplona-lleva-dos-decadas-compostando-la-hoja-otonal-que-varios-servicios-municipales-retiran-estos-dias-del-espacio-publico\/","og_locale":"es_ES","og_type":"article","og_title":"El Ayuntamiento de Pamplona lleva dos d\u00e9cadas compostando la hoja oto\u00f1al que varios servicios municipales retiran estos d\u00edas del espacio p\u00fablico","og_description":"Desde finales de octubre y, previsiblemente hasta diciembre, esta tarea implica reorganizaci\u00f3n de efectivos y tareas","og_url":"https:\/\/www.laguiadepamplona.com\/actualidad\/el-ayuntamiento-de-pamplona-lleva-dos-decadas-compostando-la-hoja-otonal-que-varios-servicios-municipales-retiran-estos-dias-del-espacio-publico\/","og_site_name":"La Gu\u00eda de Pamplona","article_publisher":"https:\/\/www.facebook.com\/laguiadepamplonacom-133175176762273\/?ref=hl","article_published_time":"2021-11-19T13:05:24+00:00","article_modified_time":"2023-04-11T09:48:45+00:00","og_image":[{"width":1920,"height":1082,"url":"https:\/\/www.laguiadepamplona.com\/actualidad\/wp-content\/uploads\/2021\/11\/limpieza-recogida-hojas.jpg","type":"image\/jpeg"}],"author":"La Gu\u00eda de Pamplona","twitter_card":"summary_large_image","twitter_creator":"@LaGuiadPamplona","twitter_site":"@LaGuiadPamplona","twitter_misc":{"Escrito por":"La Gu\u00eda de Pamplona","Tiempo de lectura":"3 minutos"},"schema":{"@context":"https:\/\/schema.org","@graph":[{"@type":"Article","@id":"https:\/\/www.laguiadepamplona.com\/actualidad\/el-ayuntamiento-de-pamplona-lleva-dos-decadas-compostando-la-hoja-otonal-que-varios-servicios-municipales-retiran-estos-dias-del-espacio-publico\/#article","isPartOf":{"@id":"https:\/\/www.laguiadepamplona.com\/actualidad\/el-ayuntamiento-de-pamplona-lleva-dos-decadas-compostando-la-hoja-otonal-que-varios-servicios-municipales-retiran-estos-dias-del-espacio-publico\/"},"author":{"name":"La Gu\u00eda de Pamplona","@id":"https:\/\/www.laguiadepamplona.com\/actualidad\/#\/schema\/person\/efe887376f0213d4657c93adc50b1fdb"},"headline":"El Ayuntamiento de Pamplona lleva dos d\u00e9cadas compostando la hoja oto\u00f1al que varios servicios municipales retiran estos d\u00edas del espacio p\u00fablico","datePublished":"2021-11-19T13:05:24+00:00","dateModified":"2023-04-11T09:48:45+00:00","mainEntityOfPage":{"@id":"https:\/\/www.laguiadepamplona.com\/actualidad\/el-ayuntamiento-de-pamplona-lleva-dos-decadas-compostando-la-hoja-otonal-que-varios-servicios-municipales-retiran-estos-dias-del-espacio-publico\/"},"wordCount":532,"commentCount":0,"publisher":{"@id":"https:\/\/www.laguiadepamplona.com\/actualidad\/#organization"},"image":{"@id":"https:\/\/www.laguiadepamplona.com\/actualidad\/el-ayuntamiento-de-pamplona-lleva-dos-decadas-compostando-la-hoja-otonal-que-varios-servicios-municipales-retiran-estos-dias-del-espacio-publico\/#primaryimage"},"thumbnailUrl":"https:\/\/www.laguiadepamplona.com\/actualidad\/wp-content\/uploads\/2021\/11\/limpieza-recogida-hojas.jpg","articleSection":["Ayto Pamplona"],"inLanguage":"es","potentialAction":[{"@type":"CommentAction","name":"Comment","target":["https:\/\/www.laguiadepamplona.com\/actualidad\/el-ayuntamiento-de-pamplona-lleva-dos-decadas-compostando-la-hoja-otonal-que-varios-servicios-municipales-retiran-estos-dias-del-espacio-publico\/#respond"]}]},{"@type":"WebPage","@id":"https:\/\/www.laguiadepamplona.com\/actualidad\/el-ayuntamiento-de-pamplona-lleva-dos-decadas-compostando-la-hoja-otonal-que-varios-servicios-municipales-retiran-estos-dias-del-espacio-publico\/","url":"https:\/\/www.laguiadepamplona.com\/actualidad\/el-ayuntamiento-de-pamplona-lleva-dos-decadas-compostando-la-hoja-otonal-que-varios-servicios-municipales-retiran-estos-dias-del-espacio-publico\/","name":"El Ayuntamiento de Pamplona lleva dos d\u00e9cadas compostando la hoja oto\u00f1al que varios servicios municipales retiran estos d\u00edas del espacio p\u00fablico","isPartOf":{"@id":"https:\/\/www.laguiadepamplona.com\/actualidad\/#website"},"primaryImageOfPage":{"@id":"https:\/\/www.laguiadepamplona.com\/actualidad\/el-ayuntamiento-de-pamplona-lleva-dos-decadas-compostando-la-hoja-otonal-que-varios-servicios-municipales-retiran-estos-dias-del-espacio-publico\/#primaryimage"},"image":{"@id":"https:\/\/www.laguiadepamplona.com\/actualidad\/el-ayuntamiento-de-pamplona-lleva-dos-decadas-compostando-la-hoja-otonal-que-varios-servicios-municipales-retiran-estos-dias-del-espacio-publico\/#primaryimage"},"thumbnailUrl":"https:\/\/www.laguiadepamplona.com\/actualidad\/wp-content\/uploads\/2021\/11\/limpieza-recogida-hojas.jpg","datePublished":"2021-11-19T13:05:24+00:00","dateModified":"2023-04-11T09:48:45+00:00","description":"Desde finales de octubre y, previsiblemente hasta diciembre, esta tarea implica reorganizaci\u00f3n de efectivos y tareas","breadcrumb":{"@id":"https:\/\/www.laguiadepamplona.com\/actualidad\/el-ayuntamiento-de-pamplona-lleva-dos-decadas-compostando-la-hoja-otonal-que-varios-servicios-municipales-retiran-estos-dias-del-espacio-publico\/#breadcrumb"},"inLanguage":"es","potentialAction":[{"@type":"ReadAction","target":["https:\/\/www.laguiadepamplona.com\/actualidad\/el-ayuntamiento-de-pamplona-lleva-dos-decadas-compostando-la-hoja-otonal-que-varios-servicios-municipales-retiran-estos-dias-del-espacio-publico\/"]}]},{"@type":"ImageObject","inLanguage":"es","@id":"https:\/\/www.laguiadepamplona.com\/actualidad\/el-ayuntamiento-de-pamplona-lleva-dos-decadas-compostando-la-hoja-otonal-que-varios-servicios-municipales-retiran-estos-dias-del-espacio-publico\/#primaryimage","url":"https:\/\/www.laguiadepamplona.com\/actualidad\/wp-content\/uploads\/2021\/11\/limpieza-recogida-hojas.jpg","contentUrl":"https:\/\/www.laguiadepamplona.com\/actualidad\/wp-content\/uploads\/2021\/11\/limpieza-recogida-hojas.jpg","width":1920,"height":1082},{"@type":"BreadcrumbList","@id":"https:\/\/www.laguiadepamplona.com\/actualidad\/el-ayuntamiento-de-pamplona-lleva-dos-decadas-compostando-la-hoja-otonal-que-varios-servicios-municipales-retiran-estos-dias-del-espacio-publico\/#breadcrumb","itemListElement":[{"@type":"ListItem","position":1,"name":"Portada","item":"https:\/\/www.laguiadepamplona.com\/actualidad\/"},{"@type":"ListItem","position":2,"name":"El Ayuntamiento de Pamplona lleva dos d\u00e9cadas compostando la hoja oto\u00f1al que varios servicios municipales retiran estos d\u00edas del espacio p\u00fablico"}]},{"@type":"WebSite","@id":"https:\/\/www.laguiadepamplona.com\/actualidad\/#website","url":"https:\/\/www.laguiadepamplona.com\/actualidad\/","name":"La gu\u00eda de Pamplona","description":"Noticias de Pamplona","publisher":{"@id":"https:\/\/www.laguiadepamplona.com\/actualidad\/#organization"},"potentialAction":[{"@type":"SearchAction","target":{"@type":"EntryPoint","urlTemplate":"https:\/\/www.laguiadepamplona.com\/actualidad\/?s={search_term_string}"},"query-input":{"@type":"PropertyValueSpecification","valueRequired":true,"valueName":"search_term_string"}}],"inLanguage":"es"},{"@type":"Organization","@id":"https:\/\/www.laguiadepamplona.com\/actualidad\/#organization","name":"La Gu\u00eda de Pamplona \/ Noticias","url":"https:\/\/www.laguiadepamplona.com\/actualidad\/","logo":{"@type":"ImageObject","inLanguage":"es","@id":"https:\/\/www.laguiadepamplona.com\/actualidad\/#\/schema\/logo\/image\/","url":"https:\/\/www.laguiadepamplona.com\/actualidad\/wp-content\/uploads\/2018\/11\/logo-laguiadepamplona18-web1.png","contentUrl":"https:\/\/www.laguiadepamplona.com\/actualidad\/wp-content\/uploads\/2018\/11\/logo-laguiadepamplona18-web1.png","width":600,"height":196,"caption":"La Gu\u00eda de Pamplona \/ Noticias"},"image":{"@id":"https:\/\/www.laguiadepamplona.com\/actualidad\/#\/schema\/logo\/image\/"},"sameAs":["https:\/\/www.facebook.com\/laguiadepamplonacom-133175176762273\/?ref=hl","https:\/\/x.com\/LaGuiadPamplona","https:\/\/www.instagram.com\/la_guia_de_pamplona\/","https:\/\/www.youtube.com\/user\/laguiadepamplona"]},{"@type":"Person","@id":"https:\/\/www.laguiadepamplona.com\/actualidad\/#\/schema\/person\/efe887376f0213d4657c93adc50b1fdb","name":"La Gu\u00eda de Pamplona","image":{"@type":"ImageObject","inLanguage":"es","@id":"https:\/\/secure.gravatar.com\/avatar\/b6992f131dc8d30ab0dff15446e9d346d9dbd95992de0fef795073f5ea83a81c?s=96&d=mm&r=g","url":"https:\/\/secure.gravatar.com\/avatar\/b6992f131dc8d30ab0dff15446e9d346d9dbd95992de0fef795073f5ea83a81c?s=96&d=mm&r=g","contentUrl":"https:\/\/secure.gravatar.com\/avatar\/b6992f131dc8d30ab0dff15446e9d346d9dbd95992de0fef795073f5ea83a81c?s=96&d=mm&r=g","caption":"La Gu\u00eda de Pamplona"}}]}},"post_mailing_queue_ids":[],"_links":{"self":[{"href":"https:\/\/www.laguiadepamplona.com\/actualidad\/wp-json\/wp\/v2\/posts\/37640","targetHints":{"allow":["GET"]}}],"collection":[{"href":"https:\/\/www.laguiadepamplona.com\/actualidad\/wp-json\/wp\/v2\/posts"}],"about":[{"href":"https:\/\/www.laguiadepamplona.com\/actualidad\/wp-json\/wp\/v2\/types\/post"}],"author":[{"embeddable":true,"href":"https:\/\/www.laguiadepamplona.com\/actualidad\/wp-json\/wp\/v2\/users\/1"}],"replies":[{"embeddable":true,"href":"https:\/\/www.laguiadepamplona.com\/actualidad\/wp-json\/wp\/v2\/comments?post=37640"}],"version-history":[{"count":0,"href":"https:\/\/www.laguiadepamplona.com\/actualidad\/wp-json\/wp\/v2\/posts\/37640\/revisions"}],"wp:featuredmedia":[{"embeddable":true,"href":"https:\/\/www.laguiadepamplona.com\/actualidad\/wp-json\/wp\/v2\/media\/37641"}],"wp:attachment":[{"href":"https:\/\/www.laguiadepamplona.com\/actualidad\/wp-json\/wp\/v2\/media?parent=37640"}],"wp:term":[{"taxonomy":"category","embeddable":true,"href":"https:\/\/www.laguiadepamplona.com\/actualidad\/wp-json\/wp\/v2\/categories?post=37640"},{"taxonomy":"post_tag","embeddable":true,"href":"https:\/\/www.laguiadepamplona.com\/actualidad\/wp-json\/wp\/v2\/tags?post=37640"}],"curies":[{"name":"wp","href":"https:\/\/api.w.org\/{rel}","templated":true}]}}