{"id":37616,"date":"2021-11-18T19:08:49","date_gmt":"2021-11-18T17:08:49","guid":{"rendered":"https:\/\/www.laguiadepamplona.com\/actualidad\/?p=37616"},"modified":"2023-04-11T11:48:45","modified_gmt":"2023-04-11T09:48:45","slug":"sinfonietta-de-pamplona-celebrara-su-trigesimo-aniversario-con-un-concierto-organizado-por-el-ayuntamiento-en-baluarte-el-proximo-16-de-diciembre","status":"publish","type":"post","link":"https:\/\/www.laguiadepamplona.com\/actualidad\/sinfonietta-de-pamplona-celebrara-su-trigesimo-aniversario-con-un-concierto-organizado-por-el-ayuntamiento-en-baluarte-el-proximo-16-de-diciembre\/","title":{"rendered":"Sinfonietta de Pamplona celebrar\u00e1 su trig\u00e9simo aniversario con un concierto organizado por el Ayuntamiento en Baluarte el pr\u00f3ximo 16 de diciembre"},"content":{"rendered":"<h5>Las entradas para el concierto se pondr\u00e1n adquirir a partir de ma\u00f1ana en la taquilla o en la web de Baluarte<\/h5>\n<p><!--more--><\/p>\n<p>Ma\u00f1ana viernes 19 de noviembre se ponen a la venta, en la taquilla de Baluarte y en la web del auditorio, <a href=\"http:\/\/www.baluarte.com\" target=\"_blank\" rel=\"noopener\">www.baluarte.com<\/a>, las entradas para el concierto \u2018La perspectiva del tiempo. 30 aniversario de Sinfonietta de Pamplona\u2019. El espect\u00e1culo, organizado el Ayuntamiento de Pamplona, tendr\u00e1 lugar el jueves 16 de diciembre, a las 20 horas.<br \/>\n<script async src=\"\/\/pagead2.googlesyndication.com\/pagead\/js\/adsbygoogle.js\"><\/script><br \/>\n<!-- Noticias La Guia de Pamplona --><br \/>\n<ins class=\"adsbygoogle\"\nstyle=\"display:block\"\ndata-ad-client=\"ca-pub-6943679897239327\"\ndata-ad-slot=\"7048180777\"\ndata-ad-format=\"auto\"><\/ins><br \/>\n<script>\n(adsbygoogle = window.adsbygoogle || []).push({});\n<\/script><\/p>\n<p>Conocida entre 1991 y 2019 como Sinfonietta Acad\u00e9mica, la Sinfonietta de Pamplona est\u00e1 dirigida desde sus inicios por Caroline Collier y en participan numerosos estudiantes del Conservatorio Profesional Pablo Sarasate y amantes de la m\u00fasica instrumental. Desde 2014 tiene el sello MECNA de Gobierno de Navarra como iniciativa de inter\u00e9s social, dentro del apartado de artes musicales.<\/p>\n<p>En la sesi\u00f3n del 16 de diciembre ofrecer\u00e1 un programa sinf\u00f3nico reflejado en im\u00e1genes musicales con la obra de Mussogski \u2018Los Cuadros de una Exhibici\u00f3n\u2019 como centro de un programa que incluye tambi\u00e9n dos canciones de Grieg y Dvorak, \u2018Canci\u00f3n de Solveig\u2019 y \u201cCanci\u00f3n a la luna de Russalka\u2019 respectivamente, y que interpretar\u00e1 la soprano navarra Itsaso Loinaz, adem\u00e1s de un compendio de las melod\u00edas m\u00e1s conocidas y populares de la \u00d3pera Porgy y Bess \u2013 \u2018Un retrato sinf\u00f3nico\u2019 \u2013 de Gershwin con arreglos de Robert Russell Bennett.<\/p>\n<p>Desde su origen, Sinfonietta ha colaborado con el Ayuntamiento de Pamplona en los diferentes ciclos musicales que organiza, as\u00ed como con numerosos ayuntamientos de Navarra y otras comunidades aut\u00f3nomas. Tambi\u00e9n ha ofrecido conciertos en otros pa\u00edses como Inglaterra, Francia y Hungr\u00eda. En los \u00faltimos a\u00f1os, Sinfonietta de Pamplona trabaja para difundir la m\u00fasica orquestal, y sinf\u00f3nica en especial, en Navarra. Destacan producciones especiales creadas para entornos singulares y de inter\u00e9s tur\u00edstico como las cuevas de Zugarramurdi, el castillo de Olite o el castillo de Marcilla. La formaci\u00f3n cuenta con un amplio repertorio que abarca diferentes estilos de la m\u00fasica, desde la barroca hasta composiciones contempor\u00e1neas o bandas sonoras.<br \/>\n<script async src=\"\/\/pagead2.googlesyndication.com\/pagead\/js\/adsbygoogle.js\"><\/script><br \/>\n<!-- Noticias La Guia de Pamplona --><br \/>\n<ins class=\"adsbygoogle\"\nstyle=\"display:block\"\ndata-ad-client=\"ca-pub-6943679897239327\"\ndata-ad-slot=\"7048180777\"\ndata-ad-format=\"auto\"><\/ins><br \/>\n<script>\n(adsbygoogle = window.adsbygoogle || []).push({});\n<\/script><\/p>\n<p>&nbsp;<\/p>\n<h3>Concierto<\/h3>\n<ul>\n<li><strong>Sinfonietta de Pamplona. Concierto 30 Aniversario. LA PERSPECTIVA DEL TIEMPO\u00a0<\/strong>\n<ul>\n<li>Direcci\u00f3n: Caroline Collier<\/li>\n<li>Soprano solista: Itsaso Loinaz<\/li>\n<\/ul>\n<\/li>\n<li>Programa\n<ul>\n<li>Cuadros de una Exhibici\u00f3n, M. Mussorgski<\/li>\n<li>Canci\u00f3n de Solveig, E. Greig<\/li>\n<li>Canci\u00f3n a la luna de Russalka, A. Dvorak<\/li>\n<li>Porgy y Bess &#8211; Un retrato Sinf\u00f3nico, G. Gershwin (Arr. Robert Russell Bennett)<\/li>\n<\/ul>\n<\/li>\n<\/ul>\n","protected":false},"excerpt":{"rendered":"<p>Las entradas para el concierto se pondr\u00e1n adquirir a partir de ma\u00f1ana en la taquilla o en la web de Baluarte<\/p>\n","protected":false},"author":1,"featured_media":37617,"comment_status":"open","ping_status":"closed","sticky":false,"template":"","format":"standard","meta":{"footnotes":""},"categories":[2],"tags":[],"class_list":["post-37616","post","type-post","status-publish","format-standard","has-post-thumbnail","hentry","category-ayuntamiento-pamplona"],"yoast_head":"<!-- This site is optimized with the Yoast SEO plugin v27.5 - https:\/\/yoast.com\/product\/yoast-seo-wordpress\/ -->\n<title>Sinfonietta de Pamplona celebrar\u00e1 su trig\u00e9simo aniversario con un concierto organizado por el Ayuntamiento en Baluarte el pr\u00f3ximo 16 de diciembre<\/title>\n<meta name=\"description\" content=\"Las entradas para el concierto se pondr\u00e1n adquirir a partir de ma\u00f1ana en la taquilla o en la web de Baluarte\" \/>\n<meta name=\"robots\" content=\"index, follow, max-snippet:-1, max-image-preview:large, max-video-preview:-1\" \/>\n<link rel=\"canonical\" href=\"https:\/\/www.laguiadepamplona.com\/actualidad\/sinfonietta-de-pamplona-celebrara-su-trigesimo-aniversario-con-un-concierto-organizado-por-el-ayuntamiento-en-baluarte-el-proximo-16-de-diciembre\/\" \/>\n<meta property=\"og:locale\" content=\"es_ES\" \/>\n<meta property=\"og:type\" content=\"article\" \/>\n<meta property=\"og:title\" content=\"Sinfonietta de Pamplona celebrar\u00e1 su trig\u00e9simo aniversario con un concierto organizado por el Ayuntamiento en Baluarte el pr\u00f3ximo 16 de diciembre\" \/>\n<meta property=\"og:description\" content=\"Las entradas para el concierto se pondr\u00e1n adquirir a partir de ma\u00f1ana en la taquilla o en la web de Baluarte\" \/>\n<meta property=\"og:url\" content=\"https:\/\/www.laguiadepamplona.com\/actualidad\/sinfonietta-de-pamplona-celebrara-su-trigesimo-aniversario-con-un-concierto-organizado-por-el-ayuntamiento-en-baluarte-el-proximo-16-de-diciembre\/\" \/>\n<meta property=\"og:site_name\" content=\"La Gu\u00eda de Pamplona\" \/>\n<meta property=\"article:publisher\" content=\"https:\/\/www.facebook.com\/laguiadepamplonacom-133175176762273\/?ref=hl\" \/>\n<meta property=\"article:published_time\" content=\"2021-11-18T17:08:49+00:00\" \/>\n<meta property=\"article:modified_time\" content=\"2023-04-11T09:48:45+00:00\" \/>\n<meta property=\"og:image\" content=\"https:\/\/www.laguiadepamplona.com\/actualidad\/wp-content\/uploads\/2021\/11\/SinfoniettaAcademica21.jpg\" \/>\n\t<meta property=\"og:image:width\" content=\"870\" \/>\n\t<meta property=\"og:image:height\" content=\"480\" \/>\n\t<meta property=\"og:image:type\" content=\"image\/jpeg\" \/>\n<meta name=\"author\" content=\"La Gu\u00eda de Pamplona\" \/>\n<meta name=\"twitter:card\" content=\"summary_large_image\" \/>\n<meta name=\"twitter:creator\" content=\"@LaGuiadPamplona\" \/>\n<meta name=\"twitter:site\" content=\"@LaGuiadPamplona\" \/>\n<meta name=\"twitter:label1\" content=\"Escrito por\" \/>\n\t<meta name=\"twitter:data1\" content=\"La Gu\u00eda de Pamplona\" \/>\n\t<meta name=\"twitter:label2\" content=\"Tiempo de lectura\" \/>\n\t<meta name=\"twitter:data2\" content=\"2 minutos\" \/>\n<script type=\"application\/ld+json\" class=\"yoast-schema-graph\">{\"@context\":\"https:\\\/\\\/schema.org\",\"@graph\":[{\"@type\":\"Article\",\"@id\":\"https:\\\/\\\/www.laguiadepamplona.com\\\/actualidad\\\/sinfonietta-de-pamplona-celebrara-su-trigesimo-aniversario-con-un-concierto-organizado-por-el-ayuntamiento-en-baluarte-el-proximo-16-de-diciembre\\\/#article\",\"isPartOf\":{\"@id\":\"https:\\\/\\\/www.laguiadepamplona.com\\\/actualidad\\\/sinfonietta-de-pamplona-celebrara-su-trigesimo-aniversario-con-un-concierto-organizado-por-el-ayuntamiento-en-baluarte-el-proximo-16-de-diciembre\\\/\"},\"author\":{\"name\":\"La Gu\u00eda de Pamplona\",\"@id\":\"https:\\\/\\\/www.laguiadepamplona.com\\\/actualidad\\\/#\\\/schema\\\/person\\\/efe887376f0213d4657c93adc50b1fdb\"},\"headline\":\"Sinfonietta de Pamplona celebrar\u00e1 su trig\u00e9simo aniversario con un concierto organizado por el Ayuntamiento en Baluarte el pr\u00f3ximo 16 de diciembre\",\"datePublished\":\"2021-11-18T17:08:49+00:00\",\"dateModified\":\"2023-04-11T09:48:45+00:00\",\"mainEntityOfPage\":{\"@id\":\"https:\\\/\\\/www.laguiadepamplona.com\\\/actualidad\\\/sinfonietta-de-pamplona-celebrara-su-trigesimo-aniversario-con-un-concierto-organizado-por-el-ayuntamiento-en-baluarte-el-proximo-16-de-diciembre\\\/\"},\"wordCount\":429,\"commentCount\":0,\"publisher\":{\"@id\":\"https:\\\/\\\/www.laguiadepamplona.com\\\/actualidad\\\/#organization\"},\"image\":{\"@id\":\"https:\\\/\\\/www.laguiadepamplona.com\\\/actualidad\\\/sinfonietta-de-pamplona-celebrara-su-trigesimo-aniversario-con-un-concierto-organizado-por-el-ayuntamiento-en-baluarte-el-proximo-16-de-diciembre\\\/#primaryimage\"},\"thumbnailUrl\":\"https:\\\/\\\/www.laguiadepamplona.com\\\/actualidad\\\/wp-content\\\/uploads\\\/2021\\\/11\\\/SinfoniettaAcademica21.jpg\",\"articleSection\":[\"Ayto Pamplona\"],\"inLanguage\":\"es\",\"potentialAction\":[{\"@type\":\"CommentAction\",\"name\":\"Comment\",\"target\":[\"https:\\\/\\\/www.laguiadepamplona.com\\\/actualidad\\\/sinfonietta-de-pamplona-celebrara-su-trigesimo-aniversario-con-un-concierto-organizado-por-el-ayuntamiento-en-baluarte-el-proximo-16-de-diciembre\\\/#respond\"]}]},{\"@type\":\"WebPage\",\"@id\":\"https:\\\/\\\/www.laguiadepamplona.com\\\/actualidad\\\/sinfonietta-de-pamplona-celebrara-su-trigesimo-aniversario-con-un-concierto-organizado-por-el-ayuntamiento-en-baluarte-el-proximo-16-de-diciembre\\\/\",\"url\":\"https:\\\/\\\/www.laguiadepamplona.com\\\/actualidad\\\/sinfonietta-de-pamplona-celebrara-su-trigesimo-aniversario-con-un-concierto-organizado-por-el-ayuntamiento-en-baluarte-el-proximo-16-de-diciembre\\\/\",\"name\":\"Sinfonietta de Pamplona celebrar\u00e1 su trig\u00e9simo aniversario con un concierto organizado por el Ayuntamiento en Baluarte el pr\u00f3ximo 16 de diciembre\",\"isPartOf\":{\"@id\":\"https:\\\/\\\/www.laguiadepamplona.com\\\/actualidad\\\/#website\"},\"primaryImageOfPage\":{\"@id\":\"https:\\\/\\\/www.laguiadepamplona.com\\\/actualidad\\\/sinfonietta-de-pamplona-celebrara-su-trigesimo-aniversario-con-un-concierto-organizado-por-el-ayuntamiento-en-baluarte-el-proximo-16-de-diciembre\\\/#primaryimage\"},\"image\":{\"@id\":\"https:\\\/\\\/www.laguiadepamplona.com\\\/actualidad\\\/sinfonietta-de-pamplona-celebrara-su-trigesimo-aniversario-con-un-concierto-organizado-por-el-ayuntamiento-en-baluarte-el-proximo-16-de-diciembre\\\/#primaryimage\"},\"thumbnailUrl\":\"https:\\\/\\\/www.laguiadepamplona.com\\\/actualidad\\\/wp-content\\\/uploads\\\/2021\\\/11\\\/SinfoniettaAcademica21.jpg\",\"datePublished\":\"2021-11-18T17:08:49+00:00\",\"dateModified\":\"2023-04-11T09:48:45+00:00\",\"description\":\"Las entradas para el concierto se pondr\u00e1n adquirir a partir de ma\u00f1ana en la taquilla o en la web de Baluarte\",\"breadcrumb\":{\"@id\":\"https:\\\/\\\/www.laguiadepamplona.com\\\/actualidad\\\/sinfonietta-de-pamplona-celebrara-su-trigesimo-aniversario-con-un-concierto-organizado-por-el-ayuntamiento-en-baluarte-el-proximo-16-de-diciembre\\\/#breadcrumb\"},\"inLanguage\":\"es\",\"potentialAction\":[{\"@type\":\"ReadAction\",\"target\":[\"https:\\\/\\\/www.laguiadepamplona.com\\\/actualidad\\\/sinfonietta-de-pamplona-celebrara-su-trigesimo-aniversario-con-un-concierto-organizado-por-el-ayuntamiento-en-baluarte-el-proximo-16-de-diciembre\\\/\"]}]},{\"@type\":\"ImageObject\",\"inLanguage\":\"es\",\"@id\":\"https:\\\/\\\/www.laguiadepamplona.com\\\/actualidad\\\/sinfonietta-de-pamplona-celebrara-su-trigesimo-aniversario-con-un-concierto-organizado-por-el-ayuntamiento-en-baluarte-el-proximo-16-de-diciembre\\\/#primaryimage\",\"url\":\"https:\\\/\\\/www.laguiadepamplona.com\\\/actualidad\\\/wp-content\\\/uploads\\\/2021\\\/11\\\/SinfoniettaAcademica21.jpg\",\"contentUrl\":\"https:\\\/\\\/www.laguiadepamplona.com\\\/actualidad\\\/wp-content\\\/uploads\\\/2021\\\/11\\\/SinfoniettaAcademica21.jpg\",\"width\":870,\"height\":480},{\"@type\":\"BreadcrumbList\",\"@id\":\"https:\\\/\\\/www.laguiadepamplona.com\\\/actualidad\\\/sinfonietta-de-pamplona-celebrara-su-trigesimo-aniversario-con-un-concierto-organizado-por-el-ayuntamiento-en-baluarte-el-proximo-16-de-diciembre\\\/#breadcrumb\",\"itemListElement\":[{\"@type\":\"ListItem\",\"position\":1,\"name\":\"Portada\",\"item\":\"https:\\\/\\\/www.laguiadepamplona.com\\\/actualidad\\\/\"},{\"@type\":\"ListItem\",\"position\":2,\"name\":\"Sinfonietta de Pamplona celebrar\u00e1 su trig\u00e9simo aniversario con un concierto organizado por el Ayuntamiento en Baluarte el pr\u00f3ximo 16 de diciembre\"}]},{\"@type\":\"WebSite\",\"@id\":\"https:\\\/\\\/www.laguiadepamplona.com\\\/actualidad\\\/#website\",\"url\":\"https:\\\/\\\/www.laguiadepamplona.com\\\/actualidad\\\/\",\"name\":\"La gu\u00eda de Pamplona\",\"description\":\"Noticias de Pamplona\",\"publisher\":{\"@id\":\"https:\\\/\\\/www.laguiadepamplona.com\\\/actualidad\\\/#organization\"},\"potentialAction\":[{\"@type\":\"SearchAction\",\"target\":{\"@type\":\"EntryPoint\",\"urlTemplate\":\"https:\\\/\\\/www.laguiadepamplona.com\\\/actualidad\\\/?s={search_term_string}\"},\"query-input\":{\"@type\":\"PropertyValueSpecification\",\"valueRequired\":true,\"valueName\":\"search_term_string\"}}],\"inLanguage\":\"es\"},{\"@type\":\"Organization\",\"@id\":\"https:\\\/\\\/www.laguiadepamplona.com\\\/actualidad\\\/#organization\",\"name\":\"La Gu\u00eda de Pamplona \\\/ Noticias\",\"url\":\"https:\\\/\\\/www.laguiadepamplona.com\\\/actualidad\\\/\",\"logo\":{\"@type\":\"ImageObject\",\"inLanguage\":\"es\",\"@id\":\"https:\\\/\\\/www.laguiadepamplona.com\\\/actualidad\\\/#\\\/schema\\\/logo\\\/image\\\/\",\"url\":\"https:\\\/\\\/www.laguiadepamplona.com\\\/actualidad\\\/wp-content\\\/uploads\\\/2018\\\/11\\\/logo-laguiadepamplona18-web1.png\",\"contentUrl\":\"https:\\\/\\\/www.laguiadepamplona.com\\\/actualidad\\\/wp-content\\\/uploads\\\/2018\\\/11\\\/logo-laguiadepamplona18-web1.png\",\"width\":600,\"height\":196,\"caption\":\"La Gu\u00eda de Pamplona \\\/ Noticias\"},\"image\":{\"@id\":\"https:\\\/\\\/www.laguiadepamplona.com\\\/actualidad\\\/#\\\/schema\\\/logo\\\/image\\\/\"},\"sameAs\":[\"https:\\\/\\\/www.facebook.com\\\/laguiadepamplonacom-133175176762273\\\/?ref=hl\",\"https:\\\/\\\/x.com\\\/LaGuiadPamplona\",\"https:\\\/\\\/www.instagram.com\\\/la_guia_de_pamplona\\\/\",\"https:\\\/\\\/www.youtube.com\\\/user\\\/laguiadepamplona\"]},{\"@type\":\"Person\",\"@id\":\"https:\\\/\\\/www.laguiadepamplona.com\\\/actualidad\\\/#\\\/schema\\\/person\\\/efe887376f0213d4657c93adc50b1fdb\",\"name\":\"La Gu\u00eda de Pamplona\",\"image\":{\"@type\":\"ImageObject\",\"inLanguage\":\"es\",\"@id\":\"https:\\\/\\\/secure.gravatar.com\\\/avatar\\\/b6992f131dc8d30ab0dff15446e9d346d9dbd95992de0fef795073f5ea83a81c?s=96&d=mm&r=g\",\"url\":\"https:\\\/\\\/secure.gravatar.com\\\/avatar\\\/b6992f131dc8d30ab0dff15446e9d346d9dbd95992de0fef795073f5ea83a81c?s=96&d=mm&r=g\",\"contentUrl\":\"https:\\\/\\\/secure.gravatar.com\\\/avatar\\\/b6992f131dc8d30ab0dff15446e9d346d9dbd95992de0fef795073f5ea83a81c?s=96&d=mm&r=g\",\"caption\":\"La Gu\u00eda de Pamplona\"}}]}<\/script>\n<!-- \/ Yoast SEO plugin. -->","yoast_head_json":{"title":"Sinfonietta de Pamplona celebrar\u00e1 su trig\u00e9simo aniversario con un concierto organizado por el Ayuntamiento en Baluarte el pr\u00f3ximo 16 de diciembre","description":"Las entradas para el concierto se pondr\u00e1n adquirir a partir de ma\u00f1ana en la taquilla o en la web de Baluarte","robots":{"index":"index","follow":"follow","max-snippet":"max-snippet:-1","max-image-preview":"max-image-preview:large","max-video-preview":"max-video-preview:-1"},"canonical":"https:\/\/www.laguiadepamplona.com\/actualidad\/sinfonietta-de-pamplona-celebrara-su-trigesimo-aniversario-con-un-concierto-organizado-por-el-ayuntamiento-en-baluarte-el-proximo-16-de-diciembre\/","og_locale":"es_ES","og_type":"article","og_title":"Sinfonietta de Pamplona celebrar\u00e1 su trig\u00e9simo aniversario con un concierto organizado por el Ayuntamiento en Baluarte el pr\u00f3ximo 16 de diciembre","og_description":"Las entradas para el concierto se pondr\u00e1n adquirir a partir de ma\u00f1ana en la taquilla o en la web de Baluarte","og_url":"https:\/\/www.laguiadepamplona.com\/actualidad\/sinfonietta-de-pamplona-celebrara-su-trigesimo-aniversario-con-un-concierto-organizado-por-el-ayuntamiento-en-baluarte-el-proximo-16-de-diciembre\/","og_site_name":"La Gu\u00eda de Pamplona","article_publisher":"https:\/\/www.facebook.com\/laguiadepamplonacom-133175176762273\/?ref=hl","article_published_time":"2021-11-18T17:08:49+00:00","article_modified_time":"2023-04-11T09:48:45+00:00","og_image":[{"width":870,"height":480,"url":"https:\/\/www.laguiadepamplona.com\/actualidad\/wp-content\/uploads\/2021\/11\/SinfoniettaAcademica21.jpg","type":"image\/jpeg"}],"author":"La Gu\u00eda de Pamplona","twitter_card":"summary_large_image","twitter_creator":"@LaGuiadPamplona","twitter_site":"@LaGuiadPamplona","twitter_misc":{"Escrito por":"La Gu\u00eda de Pamplona","Tiempo de lectura":"2 minutos"},"schema":{"@context":"https:\/\/schema.org","@graph":[{"@type":"Article","@id":"https:\/\/www.laguiadepamplona.com\/actualidad\/sinfonietta-de-pamplona-celebrara-su-trigesimo-aniversario-con-un-concierto-organizado-por-el-ayuntamiento-en-baluarte-el-proximo-16-de-diciembre\/#article","isPartOf":{"@id":"https:\/\/www.laguiadepamplona.com\/actualidad\/sinfonietta-de-pamplona-celebrara-su-trigesimo-aniversario-con-un-concierto-organizado-por-el-ayuntamiento-en-baluarte-el-proximo-16-de-diciembre\/"},"author":{"name":"La Gu\u00eda de Pamplona","@id":"https:\/\/www.laguiadepamplona.com\/actualidad\/#\/schema\/person\/efe887376f0213d4657c93adc50b1fdb"},"headline":"Sinfonietta de Pamplona celebrar\u00e1 su trig\u00e9simo aniversario con un concierto organizado por el Ayuntamiento en Baluarte el pr\u00f3ximo 16 de diciembre","datePublished":"2021-11-18T17:08:49+00:00","dateModified":"2023-04-11T09:48:45+00:00","mainEntityOfPage":{"@id":"https:\/\/www.laguiadepamplona.com\/actualidad\/sinfonietta-de-pamplona-celebrara-su-trigesimo-aniversario-con-un-concierto-organizado-por-el-ayuntamiento-en-baluarte-el-proximo-16-de-diciembre\/"},"wordCount":429,"commentCount":0,"publisher":{"@id":"https:\/\/www.laguiadepamplona.com\/actualidad\/#organization"},"image":{"@id":"https:\/\/www.laguiadepamplona.com\/actualidad\/sinfonietta-de-pamplona-celebrara-su-trigesimo-aniversario-con-un-concierto-organizado-por-el-ayuntamiento-en-baluarte-el-proximo-16-de-diciembre\/#primaryimage"},"thumbnailUrl":"https:\/\/www.laguiadepamplona.com\/actualidad\/wp-content\/uploads\/2021\/11\/SinfoniettaAcademica21.jpg","articleSection":["Ayto Pamplona"],"inLanguage":"es","potentialAction":[{"@type":"CommentAction","name":"Comment","target":["https:\/\/www.laguiadepamplona.com\/actualidad\/sinfonietta-de-pamplona-celebrara-su-trigesimo-aniversario-con-un-concierto-organizado-por-el-ayuntamiento-en-baluarte-el-proximo-16-de-diciembre\/#respond"]}]},{"@type":"WebPage","@id":"https:\/\/www.laguiadepamplona.com\/actualidad\/sinfonietta-de-pamplona-celebrara-su-trigesimo-aniversario-con-un-concierto-organizado-por-el-ayuntamiento-en-baluarte-el-proximo-16-de-diciembre\/","url":"https:\/\/www.laguiadepamplona.com\/actualidad\/sinfonietta-de-pamplona-celebrara-su-trigesimo-aniversario-con-un-concierto-organizado-por-el-ayuntamiento-en-baluarte-el-proximo-16-de-diciembre\/","name":"Sinfonietta de Pamplona celebrar\u00e1 su trig\u00e9simo aniversario con un concierto organizado por el Ayuntamiento en Baluarte el pr\u00f3ximo 16 de diciembre","isPartOf":{"@id":"https:\/\/www.laguiadepamplona.com\/actualidad\/#website"},"primaryImageOfPage":{"@id":"https:\/\/www.laguiadepamplona.com\/actualidad\/sinfonietta-de-pamplona-celebrara-su-trigesimo-aniversario-con-un-concierto-organizado-por-el-ayuntamiento-en-baluarte-el-proximo-16-de-diciembre\/#primaryimage"},"image":{"@id":"https:\/\/www.laguiadepamplona.com\/actualidad\/sinfonietta-de-pamplona-celebrara-su-trigesimo-aniversario-con-un-concierto-organizado-por-el-ayuntamiento-en-baluarte-el-proximo-16-de-diciembre\/#primaryimage"},"thumbnailUrl":"https:\/\/www.laguiadepamplona.com\/actualidad\/wp-content\/uploads\/2021\/11\/SinfoniettaAcademica21.jpg","datePublished":"2021-11-18T17:08:49+00:00","dateModified":"2023-04-11T09:48:45+00:00","description":"Las entradas para el concierto se pondr\u00e1n adquirir a partir de ma\u00f1ana en la taquilla o en la web de Baluarte","breadcrumb":{"@id":"https:\/\/www.laguiadepamplona.com\/actualidad\/sinfonietta-de-pamplona-celebrara-su-trigesimo-aniversario-con-un-concierto-organizado-por-el-ayuntamiento-en-baluarte-el-proximo-16-de-diciembre\/#breadcrumb"},"inLanguage":"es","potentialAction":[{"@type":"ReadAction","target":["https:\/\/www.laguiadepamplona.com\/actualidad\/sinfonietta-de-pamplona-celebrara-su-trigesimo-aniversario-con-un-concierto-organizado-por-el-ayuntamiento-en-baluarte-el-proximo-16-de-diciembre\/"]}]},{"@type":"ImageObject","inLanguage":"es","@id":"https:\/\/www.laguiadepamplona.com\/actualidad\/sinfonietta-de-pamplona-celebrara-su-trigesimo-aniversario-con-un-concierto-organizado-por-el-ayuntamiento-en-baluarte-el-proximo-16-de-diciembre\/#primaryimage","url":"https:\/\/www.laguiadepamplona.com\/actualidad\/wp-content\/uploads\/2021\/11\/SinfoniettaAcademica21.jpg","contentUrl":"https:\/\/www.laguiadepamplona.com\/actualidad\/wp-content\/uploads\/2021\/11\/SinfoniettaAcademica21.jpg","width":870,"height":480},{"@type":"BreadcrumbList","@id":"https:\/\/www.laguiadepamplona.com\/actualidad\/sinfonietta-de-pamplona-celebrara-su-trigesimo-aniversario-con-un-concierto-organizado-por-el-ayuntamiento-en-baluarte-el-proximo-16-de-diciembre\/#breadcrumb","itemListElement":[{"@type":"ListItem","position":1,"name":"Portada","item":"https:\/\/www.laguiadepamplona.com\/actualidad\/"},{"@type":"ListItem","position":2,"name":"Sinfonietta de Pamplona celebrar\u00e1 su trig\u00e9simo aniversario con un concierto organizado por el Ayuntamiento en Baluarte el pr\u00f3ximo 16 de diciembre"}]},{"@type":"WebSite","@id":"https:\/\/www.laguiadepamplona.com\/actualidad\/#website","url":"https:\/\/www.laguiadepamplona.com\/actualidad\/","name":"La gu\u00eda de Pamplona","description":"Noticias de Pamplona","publisher":{"@id":"https:\/\/www.laguiadepamplona.com\/actualidad\/#organization"},"potentialAction":[{"@type":"SearchAction","target":{"@type":"EntryPoint","urlTemplate":"https:\/\/www.laguiadepamplona.com\/actualidad\/?s={search_term_string}"},"query-input":{"@type":"PropertyValueSpecification","valueRequired":true,"valueName":"search_term_string"}}],"inLanguage":"es"},{"@type":"Organization","@id":"https:\/\/www.laguiadepamplona.com\/actualidad\/#organization","name":"La Gu\u00eda de Pamplona \/ Noticias","url":"https:\/\/www.laguiadepamplona.com\/actualidad\/","logo":{"@type":"ImageObject","inLanguage":"es","@id":"https:\/\/www.laguiadepamplona.com\/actualidad\/#\/schema\/logo\/image\/","url":"https:\/\/www.laguiadepamplona.com\/actualidad\/wp-content\/uploads\/2018\/11\/logo-laguiadepamplona18-web1.png","contentUrl":"https:\/\/www.laguiadepamplona.com\/actualidad\/wp-content\/uploads\/2018\/11\/logo-laguiadepamplona18-web1.png","width":600,"height":196,"caption":"La Gu\u00eda de Pamplona \/ Noticias"},"image":{"@id":"https:\/\/www.laguiadepamplona.com\/actualidad\/#\/schema\/logo\/image\/"},"sameAs":["https:\/\/www.facebook.com\/laguiadepamplonacom-133175176762273\/?ref=hl","https:\/\/x.com\/LaGuiadPamplona","https:\/\/www.instagram.com\/la_guia_de_pamplona\/","https:\/\/www.youtube.com\/user\/laguiadepamplona"]},{"@type":"Person","@id":"https:\/\/www.laguiadepamplona.com\/actualidad\/#\/schema\/person\/efe887376f0213d4657c93adc50b1fdb","name":"La Gu\u00eda de Pamplona","image":{"@type":"ImageObject","inLanguage":"es","@id":"https:\/\/secure.gravatar.com\/avatar\/b6992f131dc8d30ab0dff15446e9d346d9dbd95992de0fef795073f5ea83a81c?s=96&d=mm&r=g","url":"https:\/\/secure.gravatar.com\/avatar\/b6992f131dc8d30ab0dff15446e9d346d9dbd95992de0fef795073f5ea83a81c?s=96&d=mm&r=g","contentUrl":"https:\/\/secure.gravatar.com\/avatar\/b6992f131dc8d30ab0dff15446e9d346d9dbd95992de0fef795073f5ea83a81c?s=96&d=mm&r=g","caption":"La Gu\u00eda de Pamplona"}}]}},"post_mailing_queue_ids":[],"_links":{"self":[{"href":"https:\/\/www.laguiadepamplona.com\/actualidad\/wp-json\/wp\/v2\/posts\/37616","targetHints":{"allow":["GET"]}}],"collection":[{"href":"https:\/\/www.laguiadepamplona.com\/actualidad\/wp-json\/wp\/v2\/posts"}],"about":[{"href":"https:\/\/www.laguiadepamplona.com\/actualidad\/wp-json\/wp\/v2\/types\/post"}],"author":[{"embeddable":true,"href":"https:\/\/www.laguiadepamplona.com\/actualidad\/wp-json\/wp\/v2\/users\/1"}],"replies":[{"embeddable":true,"href":"https:\/\/www.laguiadepamplona.com\/actualidad\/wp-json\/wp\/v2\/comments?post=37616"}],"version-history":[{"count":0,"href":"https:\/\/www.laguiadepamplona.com\/actualidad\/wp-json\/wp\/v2\/posts\/37616\/revisions"}],"wp:featuredmedia":[{"embeddable":true,"href":"https:\/\/www.laguiadepamplona.com\/actualidad\/wp-json\/wp\/v2\/media\/37617"}],"wp:attachment":[{"href":"https:\/\/www.laguiadepamplona.com\/actualidad\/wp-json\/wp\/v2\/media?parent=37616"}],"wp:term":[{"taxonomy":"category","embeddable":true,"href":"https:\/\/www.laguiadepamplona.com\/actualidad\/wp-json\/wp\/v2\/categories?post=37616"},{"taxonomy":"post_tag","embeddable":true,"href":"https:\/\/www.laguiadepamplona.com\/actualidad\/wp-json\/wp\/v2\/tags?post=37616"}],"curies":[{"name":"wp","href":"https:\/\/api.w.org\/{rel}","templated":true}]}}