{"id":37613,"date":"2021-11-18T19:07:17","date_gmt":"2021-11-18T17:07:17","guid":{"rendered":"https:\/\/www.laguiadepamplona.com\/actualidad\/?p=37613"},"modified":"2023-04-11T11:48:45","modified_gmt":"2023-04-11T09:48:45","slug":"el-festival-mapping-centra-su-programacion-en-la-primera-infancia-con-teatro-talleres-y-encuentros-organizados-del-18-al-28-de-noviembre-en-los-civivox-mendillorri-e-iturrama","status":"publish","type":"post","link":"https:\/\/www.laguiadepamplona.com\/actualidad\/el-festival-mapping-centra-su-programacion-en-la-primera-infancia-con-teatro-talleres-y-encuentros-organizados-del-18-al-28-de-noviembre-en-los-civivox-mendillorri-e-iturrama\/","title":{"rendered":"El Festival MAPPING centra su programaci\u00f3n en la primera infancia, con teatro, talleres y encuentros, organizados del 18 al 28 de noviembre en los civivox Mendillorri e Iturrama"},"content":{"rendered":"<h5>El Ayuntamiento y Teatro Para\u00edso acercan a Pamplona actividades de este festival europeo de experiencias art\u00edsticas para familias y primera infancia<\/h5>\n<p><!--more--><\/p>\n<p>Civivox Iturrama y Civivox Mendillorri acogen desde este jueves 18, y hasta el 28 de noviembre, el Festival MAPPING, experiencia art\u00edstica para familias y primera infancia. El festival consta de varios espect\u00e1culos teatrales, sesiones formativas, talleres de pl\u00e1stica y otras actividades, que ponen el foco en los ni\u00f1os y ni\u00f1as de 0 a 6 a\u00f1os como p\u00fablico activo de las expresiones art\u00edsticas, en el fomento de la creatividad en la infancia y en el impulso de encuentros art\u00edsticos transversales y generacionales.<br \/>\n<script async src=\"\/\/pagead2.googlesyndication.com\/pagead\/js\/adsbygoogle.js\"><\/script><br \/>\n<!-- Noticias La Guia de Pamplona --><br \/>\n<ins class=\"adsbygoogle\"\nstyle=\"display:block\"\ndata-ad-client=\"ca-pub-6943679897239327\"\ndata-ad-slot=\"7048180777\"\ndata-ad-format=\"auto\"><\/ins><br \/>\n<script>\n(adsbygoogle = window.adsbygoogle || []).push({});\n<\/script><\/p>\n<p>El Ayuntamiento de Pamplona, a trav\u00e9s de la red Civivox, lleva m\u00e1s de una d\u00e9cada programando actividades dirigido a esa primera infancia. Con la participaci\u00f3n en este Festival MAPPING, se da un paso m\u00e1s, construyendo un relato que trasciende la mera programaci\u00f3n esc\u00e9nica para integrar encuentro, contemplaci\u00f3n y experimentaci\u00f3n. Se representar\u00e1n dos obras teatrales generadas en el marco de este proyecto europeo, \u2018La luna en el jard\u00edn\u2019 de Silfo Teatro (Murcia) y \u2018Susurros del bosque\u2019 de la compa\u00f1\u00eda Animacji (Polonia); se experimentar\u00e1 en el taller instalaci\u00f3n \u2018Una caja, un sue\u00f1o\u2019 y en los talleres art\u00edsticos creativos; y se reflexionar\u00e1 en los encuentros y sesiones formativas con profesionales.<\/p>\n<p>Los festivales MAPPING forman parte de un proyecto europeo y se organizan en ciudades del continente con teatros, auditorios y otros centros que desarrollan proyectos de investigaci\u00f3n y divulgaci\u00f3n en torno a la est\u00e9tica de las artes esc\u00e9nicas para la peque\u00f1a infancia. En la actualidad, el proyecto cuenta con 18 socios de pa\u00edses europeos, entre ellos, Teatro Para\u00edso \/ KunArte, una compa\u00f1\u00eda vitoriana con m\u00e1s de 40 a\u00f1os de trayectoria en la producci\u00f3n, creaci\u00f3n y exhibici\u00f3n de espect\u00e1culos de calidad para la infancia y el p\u00fablico familiar.<\/p>\n<p>La concejala delegada de Cultura e Igualdad, Mar\u00eda Garc\u00eda-Barberena, y la directora de Teatro Para\u00edso \/ KunArte, Pilar L\u00f3pez, han presentado esta ma\u00f1ana la programaci\u00f3n y las caracter\u00edsticas de este Festival MAPPING, que cuenta ya con las entradas agotadas para todos los espect\u00e1culos y talleres que se llevar\u00e1n a cabo. Quedan todav\u00eda entradas para la mesa redonda de apertura de esta misma tarde. El festival MAPPING propone una mirada contempor\u00e1nea de las artes en vivo para la primera infancia y presenta formas innovadoras y acciones sorprendentes para visualizar ese v\u00ednculo entre los lenguajes creativos y la especificidad del p\u00fablico infantil.<br \/>\n<script async src=\"\/\/pagead2.googlesyndication.com\/pagead\/js\/adsbygoogle.js\"><\/script><br \/>\n<!-- Noticias La Guia de Pamplona --><br \/>\n<ins class=\"adsbygoogle\"\nstyle=\"display:block\"\ndata-ad-client=\"ca-pub-6943679897239327\"\ndata-ad-slot=\"7048180777\"\ndata-ad-format=\"auto\"><\/ins><br \/>\n<script>\n(adsbygoogle = window.adsbygoogle || []).push({});\n<\/script><\/p>\n<p><strong>Sesiones formativas y reflexiones sobre la primera infancia<\/strong><\/p>\n<p>El festival comienza esta misma tarde en Civivox Iturrama con la mesa redonda \u2018Arte y Primera Infancia, Miradas Caleidosc\u00f3picas\u2019. Tres ponentes, la profesora de Arte y Cultura Visual de la Facultad de Educaci\u00f3n y Deporte de la UPV, Ainhoa Garc\u00eda Pindado, el profesor de Did\u00e1ctica de la Lengua y la Literatura de la UPNA, Alfredo Asi\u00e1in, y la directora de Teatro Para\u00edso \/ Kunarte y responsable del Festival Europeo MAPPING, Pilar L\u00f3pez, entablar\u00e1n una conversaci\u00f3n para descubrir este proyecto y las realidades sobre el v\u00ednculo entre la Primera Infancia y las Artes tanto en Pamplona como en Vitoria \u2013 Gasteiz. La sesi\u00f3n tendr\u00e1 lugar a las 19 horas y se requiera de inscripci\u00f3n previa a trav\u00e9s de la web <a href=\"http:\/\/www.pamplonaescultura.es\" target=\"_blank\" rel=\"noopener\">www.pamplonaescultura.es<\/a>, del tel\u00e9fono 010 \u2013 948 420 100 o en los propios centros civivox.<\/p>\n<p>Las charlas formativas continuar\u00e1n el 23 de noviembre con una sesi\u00f3n te\u00f3rico \u2013 pr\u00e1ctica sobre la expresividad art\u00edstica y sensorial con beb\u00e9s, dirigida a madres, padres y personal docente de Educaci\u00f3n Infantil. Tambi\u00e9n en Civivox Iturrama, Elena Eraso, de Arts &amp; Peques, realizar\u00e1 una introducci\u00f3n te\u00f3rica acerca de la importancia del arte y la creatividad en la primera infancia y de c\u00f3mo fomenta la relaci\u00f3n padre-madre-beb\u00e9, educador-educadora-beb\u00e9, la relaci\u00f3n consigo mismo, su cuerpo, sus sensaciones, y la relaci\u00f3n con los dem\u00e1s. La sesi\u00f3n terminar\u00e1 explorando de manera conjunta a trav\u00e9s de la experiencia en forma de taller sensorial.<br \/>\n<script async src=\"\/\/pagead2.googlesyndication.com\/pagead\/js\/adsbygoogle.js\"><\/script><br \/>\n<!-- Noticias La Guia de Pamplona --><br \/>\n<ins class=\"adsbygoogle\"\nstyle=\"display:block\"\ndata-ad-client=\"ca-pub-6943679897239327\"\ndata-ad-slot=\"7048180777\"\ndata-ad-format=\"auto\"><\/ins><br \/>\n<script>\n(adsbygoogle = window.adsbygoogle || []).push({});\n<\/script><\/p>\n<p><strong>Talleres de expresi\u00f3n art\u00edstica y pl\u00e1stica para beb\u00e9s<\/strong><\/p>\n<p>Los beb\u00e9s tambi\u00e9n tienen su espacio y sus actividades en el festival. Se han organizado dos talleres de expresi\u00f3n art\u00edstica y pl\u00e1stica, uno en Civivox Mendillorri ma\u00f1ana viernes 19 de noviembre y otro en Civivox Iturrama el viernes 26. Impartido por Elena Eraso, buscan generar para estimular los sentidos, despertar la capacidad de observar y fomentar la curiosidad a trav\u00e9s de diferentes est\u00edmulos t\u00e1ctiles, auditivos y visuales.<\/p>\n<p>La \u2018Noche estrellada\u2019, taller de Civivox Mendillorri, parte de la idea de imaginar que se puede atrapar una estrella un d\u00eda en el que te levantas y miras por la ventana antes del amanecer. Y ves la estrella brillando.\u00a0 Su luz, los caminos, remolinos y la gran monta\u00f1a te guiar\u00e1n hacia ella. El taller se basa en la experiencia sensorial con luz negra. En el taller de Civivox Iturrama, \u2018Secretos de la naturaleza\u2019, se atrapar\u00e1 la lluvia, se colorear\u00e1n las nubes y se saborear\u00e1 la h\u00fameda tierra, descubriendo un bosque divertido y muy sensorial.<br \/>\n<script async src=\"\/\/pagead2.googlesyndication.com\/pagead\/js\/adsbygoogle.js\"><\/script><br \/>\n<!-- Noticias La Guia de Pamplona --><br \/>\n<ins class=\"adsbygoogle\"\nstyle=\"display:block\"\ndata-ad-client=\"ca-pub-6943679897239327\"\ndata-ad-slot=\"7048180777\"\ndata-ad-format=\"auto\"><\/ins><br \/>\n<script>\n(adsbygoogle = window.adsbygoogle || []).push({});\n<\/script><\/p>\n<p><strong>Teatro y experiencias en familia<\/strong><\/p>\n<p>Los dos proyectos esc\u00e9nicos vinculados a este Festival Europeo MAPPING se representar\u00e1n en doble sesi\u00f3n los d\u00edas 20 y 27 de noviembre en Civivox Mendillorri. Las entradas para ambos est\u00e1n ya agotadas. En \u2018La luna en el jard\u00edn\u2019, de la compa\u00f1\u00eda murciana Silfo Teatro, Sara y B\u00e1rbara, las habitantes de un peculiar jard\u00edn, quieren ayudar a un pollito que no puede salir de su cascar\u00f3n y nacer. Durante la espera, la magia de la naturaleza invade el jard\u00edn y las estaciones se persiguen en toda su hermosura. La gran alfombra &#8211; jard\u00edn sobre la que se sienta el p\u00fablico toma la forma de una divertida m\u00e1quina del tiempo y s\u00f3lo al final se sabr\u00e1 si el pollito decide dejar su confortable escondite<\/p>\n<p>Por otra parte, \u2018Susurros del bosque\u2019, de la compa\u00f1\u00eda polaca Animacji, es una invitaci\u00f3n a escuchar las historias que el bosque quiere contar. De una manera po\u00e9tica, palabra, sonido e imagen invitan al p\u00fablico a conocer la riqueza del mundo de los \u00e1rboles y sus habitantes. Inspirados en los libros de Simona Kossak y Peter Wohlleben, el espect\u00e1culo combina hermosas marionetas animadas, misteriosas im\u00e1genes, proyecciones y sonidos sorprendentes:<\/p>\n<p>El festival concluir\u00e1 el 28 de noviembre con un taller &#8211; instalaci\u00f3n en Civivox Mendillorri. \u2018Una caja, un sue\u00f1o \/ Kaxa bat, amets bat\u2019 se impartir\u00e1 en castellano y euskera. Teatro Para\u00edso y Gutxinaka \u2013 Gutxinaka proponen una aventura art\u00edstica en familia, utilizando un elemento de juego universal como son las cajas de cart\u00f3n, que permiten experimentar, transformar, crear, imaginar, so\u00f1ar y compartir. El taller es una oportunidad para vivenciar el valor del juego en la crianza de nuestros hijos e hijas, de 1 a 4 a\u00f1os, y en la construcci\u00f3n de v\u00ednculos emocionales.<\/p>\n","protected":false},"excerpt":{"rendered":"<p>El Ayuntamiento y Teatro Para\u00edso acercan a Pamplona actividades de este festival europeo de experiencias art\u00edsticas para familias y primera infancia<\/p>\n","protected":false},"author":1,"featured_media":37614,"comment_status":"open","ping_status":"closed","sticky":false,"template":"","format":"standard","meta":{"footnotes":""},"categories":[2],"tags":[],"class_list":["post-37613","post","type-post","status-publish","format-standard","has-post-thumbnail","hentry","category-ayuntamiento-pamplona"],"yoast_head":"<!-- This site is optimized with the Yoast SEO plugin v27.5 - https:\/\/yoast.com\/product\/yoast-seo-wordpress\/ -->\n<title>El Festival MAPPING centra su programaci\u00f3n en la primera infancia, con teatro, talleres y encuentros, organizados del 18 al 28 de noviembre en los civivox Mendillorri e Iturrama<\/title>\n<meta name=\"description\" content=\"El Ayuntamiento y Teatro Para\u00edso acercan a Pamplona actividades de este festival europeo de experiencias art\u00edsticas para familias y primera infancia\" \/>\n<meta name=\"robots\" content=\"index, follow, max-snippet:-1, max-image-preview:large, max-video-preview:-1\" \/>\n<link rel=\"canonical\" href=\"https:\/\/www.laguiadepamplona.com\/actualidad\/el-festival-mapping-centra-su-programacion-en-la-primera-infancia-con-teatro-talleres-y-encuentros-organizados-del-18-al-28-de-noviembre-en-los-civivox-mendillorri-e-iturrama\/\" \/>\n<meta property=\"og:locale\" content=\"es_ES\" \/>\n<meta property=\"og:type\" content=\"article\" \/>\n<meta property=\"og:title\" content=\"El Festival MAPPING centra su programaci\u00f3n en la primera infancia, con teatro, talleres y encuentros, organizados del 18 al 28 de noviembre en los civivox Mendillorri e Iturrama\" \/>\n<meta property=\"og:description\" content=\"El Ayuntamiento y Teatro Para\u00edso acercan a Pamplona actividades de este festival europeo de experiencias art\u00edsticas para familias y primera infancia\" \/>\n<meta property=\"og:url\" content=\"https:\/\/www.laguiadepamplona.com\/actualidad\/el-festival-mapping-centra-su-programacion-en-la-primera-infancia-con-teatro-talleres-y-encuentros-organizados-del-18-al-28-de-noviembre-en-los-civivox-mendillorri-e-iturrama\/\" \/>\n<meta property=\"og:site_name\" content=\"La Gu\u00eda de Pamplona\" \/>\n<meta property=\"article:publisher\" content=\"https:\/\/www.facebook.com\/laguiadepamplonacom-133175176762273\/?ref=hl\" \/>\n<meta property=\"article:published_time\" content=\"2021-11-18T17:07:17+00:00\" \/>\n<meta property=\"article:modified_time\" content=\"2023-04-11T09:48:45+00:00\" \/>\n<meta property=\"og:image\" content=\"https:\/\/www.laguiadepamplona.com\/actualidad\/wp-content\/uploads\/2021\/11\/alaia-65717.png\" \/>\n\t<meta property=\"og:image:width\" content=\"300\" \/>\n\t<meta property=\"og:image:height\" content=\"166\" \/>\n\t<meta property=\"og:image:type\" content=\"image\/png\" \/>\n<meta name=\"author\" content=\"La Gu\u00eda de Pamplona\" \/>\n<meta name=\"twitter:card\" content=\"summary_large_image\" \/>\n<meta name=\"twitter:creator\" content=\"@LaGuiadPamplona\" \/>\n<meta name=\"twitter:site\" content=\"@LaGuiadPamplona\" \/>\n<meta name=\"twitter:label1\" content=\"Escrito por\" \/>\n\t<meta name=\"twitter:data1\" content=\"La Gu\u00eda de Pamplona\" \/>\n\t<meta name=\"twitter:label2\" content=\"Tiempo de lectura\" \/>\n\t<meta name=\"twitter:data2\" content=\"5 minutos\" \/>\n<script type=\"application\/ld+json\" class=\"yoast-schema-graph\">{\"@context\":\"https:\\\/\\\/schema.org\",\"@graph\":[{\"@type\":\"Article\",\"@id\":\"https:\\\/\\\/www.laguiadepamplona.com\\\/actualidad\\\/el-festival-mapping-centra-su-programacion-en-la-primera-infancia-con-teatro-talleres-y-encuentros-organizados-del-18-al-28-de-noviembre-en-los-civivox-mendillorri-e-iturrama\\\/#article\",\"isPartOf\":{\"@id\":\"https:\\\/\\\/www.laguiadepamplona.com\\\/actualidad\\\/el-festival-mapping-centra-su-programacion-en-la-primera-infancia-con-teatro-talleres-y-encuentros-organizados-del-18-al-28-de-noviembre-en-los-civivox-mendillorri-e-iturrama\\\/\"},\"author\":{\"name\":\"La Gu\u00eda de Pamplona\",\"@id\":\"https:\\\/\\\/www.laguiadepamplona.com\\\/actualidad\\\/#\\\/schema\\\/person\\\/efe887376f0213d4657c93adc50b1fdb\"},\"headline\":\"El Festival MAPPING centra su programaci\u00f3n en la primera infancia, con teatro, talleres y encuentros, organizados del 18 al 28 de noviembre en los civivox Mendillorri e Iturrama\",\"datePublished\":\"2021-11-18T17:07:17+00:00\",\"dateModified\":\"2023-04-11T09:48:45+00:00\",\"mainEntityOfPage\":{\"@id\":\"https:\\\/\\\/www.laguiadepamplona.com\\\/actualidad\\\/el-festival-mapping-centra-su-programacion-en-la-primera-infancia-con-teatro-talleres-y-encuentros-organizados-del-18-al-28-de-noviembre-en-los-civivox-mendillorri-e-iturrama\\\/\"},\"wordCount\":1228,\"commentCount\":0,\"publisher\":{\"@id\":\"https:\\\/\\\/www.laguiadepamplona.com\\\/actualidad\\\/#organization\"},\"image\":{\"@id\":\"https:\\\/\\\/www.laguiadepamplona.com\\\/actualidad\\\/el-festival-mapping-centra-su-programacion-en-la-primera-infancia-con-teatro-talleres-y-encuentros-organizados-del-18-al-28-de-noviembre-en-los-civivox-mendillorri-e-iturrama\\\/#primaryimage\"},\"thumbnailUrl\":\"https:\\\/\\\/www.laguiadepamplona.com\\\/actualidad\\\/wp-content\\\/uploads\\\/2021\\\/11\\\/alaia-65717.png\",\"articleSection\":[\"Ayto Pamplona\"],\"inLanguage\":\"es\",\"potentialAction\":[{\"@type\":\"CommentAction\",\"name\":\"Comment\",\"target\":[\"https:\\\/\\\/www.laguiadepamplona.com\\\/actualidad\\\/el-festival-mapping-centra-su-programacion-en-la-primera-infancia-con-teatro-talleres-y-encuentros-organizados-del-18-al-28-de-noviembre-en-los-civivox-mendillorri-e-iturrama\\\/#respond\"]}]},{\"@type\":\"WebPage\",\"@id\":\"https:\\\/\\\/www.laguiadepamplona.com\\\/actualidad\\\/el-festival-mapping-centra-su-programacion-en-la-primera-infancia-con-teatro-talleres-y-encuentros-organizados-del-18-al-28-de-noviembre-en-los-civivox-mendillorri-e-iturrama\\\/\",\"url\":\"https:\\\/\\\/www.laguiadepamplona.com\\\/actualidad\\\/el-festival-mapping-centra-su-programacion-en-la-primera-infancia-con-teatro-talleres-y-encuentros-organizados-del-18-al-28-de-noviembre-en-los-civivox-mendillorri-e-iturrama\\\/\",\"name\":\"El Festival MAPPING centra su programaci\u00f3n en la primera infancia, con teatro, talleres y encuentros, organizados del 18 al 28 de noviembre en los civivox Mendillorri e Iturrama\",\"isPartOf\":{\"@id\":\"https:\\\/\\\/www.laguiadepamplona.com\\\/actualidad\\\/#website\"},\"primaryImageOfPage\":{\"@id\":\"https:\\\/\\\/www.laguiadepamplona.com\\\/actualidad\\\/el-festival-mapping-centra-su-programacion-en-la-primera-infancia-con-teatro-talleres-y-encuentros-organizados-del-18-al-28-de-noviembre-en-los-civivox-mendillorri-e-iturrama\\\/#primaryimage\"},\"image\":{\"@id\":\"https:\\\/\\\/www.laguiadepamplona.com\\\/actualidad\\\/el-festival-mapping-centra-su-programacion-en-la-primera-infancia-con-teatro-talleres-y-encuentros-organizados-del-18-al-28-de-noviembre-en-los-civivox-mendillorri-e-iturrama\\\/#primaryimage\"},\"thumbnailUrl\":\"https:\\\/\\\/www.laguiadepamplona.com\\\/actualidad\\\/wp-content\\\/uploads\\\/2021\\\/11\\\/alaia-65717.png\",\"datePublished\":\"2021-11-18T17:07:17+00:00\",\"dateModified\":\"2023-04-11T09:48:45+00:00\",\"description\":\"El Ayuntamiento y Teatro Para\u00edso acercan a Pamplona actividades de este festival europeo de experiencias art\u00edsticas para familias y primera infancia\",\"breadcrumb\":{\"@id\":\"https:\\\/\\\/www.laguiadepamplona.com\\\/actualidad\\\/el-festival-mapping-centra-su-programacion-en-la-primera-infancia-con-teatro-talleres-y-encuentros-organizados-del-18-al-28-de-noviembre-en-los-civivox-mendillorri-e-iturrama\\\/#breadcrumb\"},\"inLanguage\":\"es\",\"potentialAction\":[{\"@type\":\"ReadAction\",\"target\":[\"https:\\\/\\\/www.laguiadepamplona.com\\\/actualidad\\\/el-festival-mapping-centra-su-programacion-en-la-primera-infancia-con-teatro-talleres-y-encuentros-organizados-del-18-al-28-de-noviembre-en-los-civivox-mendillorri-e-iturrama\\\/\"]}]},{\"@type\":\"ImageObject\",\"inLanguage\":\"es\",\"@id\":\"https:\\\/\\\/www.laguiadepamplona.com\\\/actualidad\\\/el-festival-mapping-centra-su-programacion-en-la-primera-infancia-con-teatro-talleres-y-encuentros-organizados-del-18-al-28-de-noviembre-en-los-civivox-mendillorri-e-iturrama\\\/#primaryimage\",\"url\":\"https:\\\/\\\/www.laguiadepamplona.com\\\/actualidad\\\/wp-content\\\/uploads\\\/2021\\\/11\\\/alaia-65717.png\",\"contentUrl\":\"https:\\\/\\\/www.laguiadepamplona.com\\\/actualidad\\\/wp-content\\\/uploads\\\/2021\\\/11\\\/alaia-65717.png\",\"width\":300,\"height\":166},{\"@type\":\"BreadcrumbList\",\"@id\":\"https:\\\/\\\/www.laguiadepamplona.com\\\/actualidad\\\/el-festival-mapping-centra-su-programacion-en-la-primera-infancia-con-teatro-talleres-y-encuentros-organizados-del-18-al-28-de-noviembre-en-los-civivox-mendillorri-e-iturrama\\\/#breadcrumb\",\"itemListElement\":[{\"@type\":\"ListItem\",\"position\":1,\"name\":\"Portada\",\"item\":\"https:\\\/\\\/www.laguiadepamplona.com\\\/actualidad\\\/\"},{\"@type\":\"ListItem\",\"position\":2,\"name\":\"El Festival MAPPING centra su programaci\u00f3n en la primera infancia, con teatro, talleres y encuentros, organizados del 18 al 28 de noviembre en los civivox Mendillorri e Iturrama\"}]},{\"@type\":\"WebSite\",\"@id\":\"https:\\\/\\\/www.laguiadepamplona.com\\\/actualidad\\\/#website\",\"url\":\"https:\\\/\\\/www.laguiadepamplona.com\\\/actualidad\\\/\",\"name\":\"La gu\u00eda de Pamplona\",\"description\":\"Noticias de Pamplona\",\"publisher\":{\"@id\":\"https:\\\/\\\/www.laguiadepamplona.com\\\/actualidad\\\/#organization\"},\"potentialAction\":[{\"@type\":\"SearchAction\",\"target\":{\"@type\":\"EntryPoint\",\"urlTemplate\":\"https:\\\/\\\/www.laguiadepamplona.com\\\/actualidad\\\/?s={search_term_string}\"},\"query-input\":{\"@type\":\"PropertyValueSpecification\",\"valueRequired\":true,\"valueName\":\"search_term_string\"}}],\"inLanguage\":\"es\"},{\"@type\":\"Organization\",\"@id\":\"https:\\\/\\\/www.laguiadepamplona.com\\\/actualidad\\\/#organization\",\"name\":\"La Gu\u00eda de Pamplona \\\/ Noticias\",\"url\":\"https:\\\/\\\/www.laguiadepamplona.com\\\/actualidad\\\/\",\"logo\":{\"@type\":\"ImageObject\",\"inLanguage\":\"es\",\"@id\":\"https:\\\/\\\/www.laguiadepamplona.com\\\/actualidad\\\/#\\\/schema\\\/logo\\\/image\\\/\",\"url\":\"https:\\\/\\\/www.laguiadepamplona.com\\\/actualidad\\\/wp-content\\\/uploads\\\/2018\\\/11\\\/logo-laguiadepamplona18-web1.png\",\"contentUrl\":\"https:\\\/\\\/www.laguiadepamplona.com\\\/actualidad\\\/wp-content\\\/uploads\\\/2018\\\/11\\\/logo-laguiadepamplona18-web1.png\",\"width\":600,\"height\":196,\"caption\":\"La Gu\u00eda de Pamplona \\\/ Noticias\"},\"image\":{\"@id\":\"https:\\\/\\\/www.laguiadepamplona.com\\\/actualidad\\\/#\\\/schema\\\/logo\\\/image\\\/\"},\"sameAs\":[\"https:\\\/\\\/www.facebook.com\\\/laguiadepamplonacom-133175176762273\\\/?ref=hl\",\"https:\\\/\\\/x.com\\\/LaGuiadPamplona\",\"https:\\\/\\\/www.instagram.com\\\/la_guia_de_pamplona\\\/\",\"https:\\\/\\\/www.youtube.com\\\/user\\\/laguiadepamplona\"]},{\"@type\":\"Person\",\"@id\":\"https:\\\/\\\/www.laguiadepamplona.com\\\/actualidad\\\/#\\\/schema\\\/person\\\/efe887376f0213d4657c93adc50b1fdb\",\"name\":\"La Gu\u00eda de Pamplona\",\"image\":{\"@type\":\"ImageObject\",\"inLanguage\":\"es\",\"@id\":\"https:\\\/\\\/secure.gravatar.com\\\/avatar\\\/b6992f131dc8d30ab0dff15446e9d346d9dbd95992de0fef795073f5ea83a81c?s=96&d=mm&r=g\",\"url\":\"https:\\\/\\\/secure.gravatar.com\\\/avatar\\\/b6992f131dc8d30ab0dff15446e9d346d9dbd95992de0fef795073f5ea83a81c?s=96&d=mm&r=g\",\"contentUrl\":\"https:\\\/\\\/secure.gravatar.com\\\/avatar\\\/b6992f131dc8d30ab0dff15446e9d346d9dbd95992de0fef795073f5ea83a81c?s=96&d=mm&r=g\",\"caption\":\"La Gu\u00eda de Pamplona\"}}]}<\/script>\n<!-- \/ Yoast SEO plugin. -->","yoast_head_json":{"title":"El Festival MAPPING centra su programaci\u00f3n en la primera infancia, con teatro, talleres y encuentros, organizados del 18 al 28 de noviembre en los civivox Mendillorri e Iturrama","description":"El Ayuntamiento y Teatro Para\u00edso acercan a Pamplona actividades de este festival europeo de experiencias art\u00edsticas para familias y primera infancia","robots":{"index":"index","follow":"follow","max-snippet":"max-snippet:-1","max-image-preview":"max-image-preview:large","max-video-preview":"max-video-preview:-1"},"canonical":"https:\/\/www.laguiadepamplona.com\/actualidad\/el-festival-mapping-centra-su-programacion-en-la-primera-infancia-con-teatro-talleres-y-encuentros-organizados-del-18-al-28-de-noviembre-en-los-civivox-mendillorri-e-iturrama\/","og_locale":"es_ES","og_type":"article","og_title":"El Festival MAPPING centra su programaci\u00f3n en la primera infancia, con teatro, talleres y encuentros, organizados del 18 al 28 de noviembre en los civivox Mendillorri e Iturrama","og_description":"El Ayuntamiento y Teatro Para\u00edso acercan a Pamplona actividades de este festival europeo de experiencias art\u00edsticas para familias y primera infancia","og_url":"https:\/\/www.laguiadepamplona.com\/actualidad\/el-festival-mapping-centra-su-programacion-en-la-primera-infancia-con-teatro-talleres-y-encuentros-organizados-del-18-al-28-de-noviembre-en-los-civivox-mendillorri-e-iturrama\/","og_site_name":"La Gu\u00eda de Pamplona","article_publisher":"https:\/\/www.facebook.com\/laguiadepamplonacom-133175176762273\/?ref=hl","article_published_time":"2021-11-18T17:07:17+00:00","article_modified_time":"2023-04-11T09:48:45+00:00","og_image":[{"width":300,"height":166,"url":"https:\/\/www.laguiadepamplona.com\/actualidad\/wp-content\/uploads\/2021\/11\/alaia-65717.png","type":"image\/png"}],"author":"La Gu\u00eda de Pamplona","twitter_card":"summary_large_image","twitter_creator":"@LaGuiadPamplona","twitter_site":"@LaGuiadPamplona","twitter_misc":{"Escrito por":"La Gu\u00eda de Pamplona","Tiempo de lectura":"5 minutos"},"schema":{"@context":"https:\/\/schema.org","@graph":[{"@type":"Article","@id":"https:\/\/www.laguiadepamplona.com\/actualidad\/el-festival-mapping-centra-su-programacion-en-la-primera-infancia-con-teatro-talleres-y-encuentros-organizados-del-18-al-28-de-noviembre-en-los-civivox-mendillorri-e-iturrama\/#article","isPartOf":{"@id":"https:\/\/www.laguiadepamplona.com\/actualidad\/el-festival-mapping-centra-su-programacion-en-la-primera-infancia-con-teatro-talleres-y-encuentros-organizados-del-18-al-28-de-noviembre-en-los-civivox-mendillorri-e-iturrama\/"},"author":{"name":"La Gu\u00eda de Pamplona","@id":"https:\/\/www.laguiadepamplona.com\/actualidad\/#\/schema\/person\/efe887376f0213d4657c93adc50b1fdb"},"headline":"El Festival MAPPING centra su programaci\u00f3n en la primera infancia, con teatro, talleres y encuentros, organizados del 18 al 28 de noviembre en los civivox Mendillorri e Iturrama","datePublished":"2021-11-18T17:07:17+00:00","dateModified":"2023-04-11T09:48:45+00:00","mainEntityOfPage":{"@id":"https:\/\/www.laguiadepamplona.com\/actualidad\/el-festival-mapping-centra-su-programacion-en-la-primera-infancia-con-teatro-talleres-y-encuentros-organizados-del-18-al-28-de-noviembre-en-los-civivox-mendillorri-e-iturrama\/"},"wordCount":1228,"commentCount":0,"publisher":{"@id":"https:\/\/www.laguiadepamplona.com\/actualidad\/#organization"},"image":{"@id":"https:\/\/www.laguiadepamplona.com\/actualidad\/el-festival-mapping-centra-su-programacion-en-la-primera-infancia-con-teatro-talleres-y-encuentros-organizados-del-18-al-28-de-noviembre-en-los-civivox-mendillorri-e-iturrama\/#primaryimage"},"thumbnailUrl":"https:\/\/www.laguiadepamplona.com\/actualidad\/wp-content\/uploads\/2021\/11\/alaia-65717.png","articleSection":["Ayto Pamplona"],"inLanguage":"es","potentialAction":[{"@type":"CommentAction","name":"Comment","target":["https:\/\/www.laguiadepamplona.com\/actualidad\/el-festival-mapping-centra-su-programacion-en-la-primera-infancia-con-teatro-talleres-y-encuentros-organizados-del-18-al-28-de-noviembre-en-los-civivox-mendillorri-e-iturrama\/#respond"]}]},{"@type":"WebPage","@id":"https:\/\/www.laguiadepamplona.com\/actualidad\/el-festival-mapping-centra-su-programacion-en-la-primera-infancia-con-teatro-talleres-y-encuentros-organizados-del-18-al-28-de-noviembre-en-los-civivox-mendillorri-e-iturrama\/","url":"https:\/\/www.laguiadepamplona.com\/actualidad\/el-festival-mapping-centra-su-programacion-en-la-primera-infancia-con-teatro-talleres-y-encuentros-organizados-del-18-al-28-de-noviembre-en-los-civivox-mendillorri-e-iturrama\/","name":"El Festival MAPPING centra su programaci\u00f3n en la primera infancia, con teatro, talleres y encuentros, organizados del 18 al 28 de noviembre en los civivox Mendillorri e Iturrama","isPartOf":{"@id":"https:\/\/www.laguiadepamplona.com\/actualidad\/#website"},"primaryImageOfPage":{"@id":"https:\/\/www.laguiadepamplona.com\/actualidad\/el-festival-mapping-centra-su-programacion-en-la-primera-infancia-con-teatro-talleres-y-encuentros-organizados-del-18-al-28-de-noviembre-en-los-civivox-mendillorri-e-iturrama\/#primaryimage"},"image":{"@id":"https:\/\/www.laguiadepamplona.com\/actualidad\/el-festival-mapping-centra-su-programacion-en-la-primera-infancia-con-teatro-talleres-y-encuentros-organizados-del-18-al-28-de-noviembre-en-los-civivox-mendillorri-e-iturrama\/#primaryimage"},"thumbnailUrl":"https:\/\/www.laguiadepamplona.com\/actualidad\/wp-content\/uploads\/2021\/11\/alaia-65717.png","datePublished":"2021-11-18T17:07:17+00:00","dateModified":"2023-04-11T09:48:45+00:00","description":"El Ayuntamiento y Teatro Para\u00edso acercan a Pamplona actividades de este festival europeo de experiencias art\u00edsticas para familias y primera infancia","breadcrumb":{"@id":"https:\/\/www.laguiadepamplona.com\/actualidad\/el-festival-mapping-centra-su-programacion-en-la-primera-infancia-con-teatro-talleres-y-encuentros-organizados-del-18-al-28-de-noviembre-en-los-civivox-mendillorri-e-iturrama\/#breadcrumb"},"inLanguage":"es","potentialAction":[{"@type":"ReadAction","target":["https:\/\/www.laguiadepamplona.com\/actualidad\/el-festival-mapping-centra-su-programacion-en-la-primera-infancia-con-teatro-talleres-y-encuentros-organizados-del-18-al-28-de-noviembre-en-los-civivox-mendillorri-e-iturrama\/"]}]},{"@type":"ImageObject","inLanguage":"es","@id":"https:\/\/www.laguiadepamplona.com\/actualidad\/el-festival-mapping-centra-su-programacion-en-la-primera-infancia-con-teatro-talleres-y-encuentros-organizados-del-18-al-28-de-noviembre-en-los-civivox-mendillorri-e-iturrama\/#primaryimage","url":"https:\/\/www.laguiadepamplona.com\/actualidad\/wp-content\/uploads\/2021\/11\/alaia-65717.png","contentUrl":"https:\/\/www.laguiadepamplona.com\/actualidad\/wp-content\/uploads\/2021\/11\/alaia-65717.png","width":300,"height":166},{"@type":"BreadcrumbList","@id":"https:\/\/www.laguiadepamplona.com\/actualidad\/el-festival-mapping-centra-su-programacion-en-la-primera-infancia-con-teatro-talleres-y-encuentros-organizados-del-18-al-28-de-noviembre-en-los-civivox-mendillorri-e-iturrama\/#breadcrumb","itemListElement":[{"@type":"ListItem","position":1,"name":"Portada","item":"https:\/\/www.laguiadepamplona.com\/actualidad\/"},{"@type":"ListItem","position":2,"name":"El Festival MAPPING centra su programaci\u00f3n en la primera infancia, con teatro, talleres y encuentros, organizados del 18 al 28 de noviembre en los civivox Mendillorri e Iturrama"}]},{"@type":"WebSite","@id":"https:\/\/www.laguiadepamplona.com\/actualidad\/#website","url":"https:\/\/www.laguiadepamplona.com\/actualidad\/","name":"La gu\u00eda de Pamplona","description":"Noticias de Pamplona","publisher":{"@id":"https:\/\/www.laguiadepamplona.com\/actualidad\/#organization"},"potentialAction":[{"@type":"SearchAction","target":{"@type":"EntryPoint","urlTemplate":"https:\/\/www.laguiadepamplona.com\/actualidad\/?s={search_term_string}"},"query-input":{"@type":"PropertyValueSpecification","valueRequired":true,"valueName":"search_term_string"}}],"inLanguage":"es"},{"@type":"Organization","@id":"https:\/\/www.laguiadepamplona.com\/actualidad\/#organization","name":"La Gu\u00eda de Pamplona \/ Noticias","url":"https:\/\/www.laguiadepamplona.com\/actualidad\/","logo":{"@type":"ImageObject","inLanguage":"es","@id":"https:\/\/www.laguiadepamplona.com\/actualidad\/#\/schema\/logo\/image\/","url":"https:\/\/www.laguiadepamplona.com\/actualidad\/wp-content\/uploads\/2018\/11\/logo-laguiadepamplona18-web1.png","contentUrl":"https:\/\/www.laguiadepamplona.com\/actualidad\/wp-content\/uploads\/2018\/11\/logo-laguiadepamplona18-web1.png","width":600,"height":196,"caption":"La Gu\u00eda de Pamplona \/ Noticias"},"image":{"@id":"https:\/\/www.laguiadepamplona.com\/actualidad\/#\/schema\/logo\/image\/"},"sameAs":["https:\/\/www.facebook.com\/laguiadepamplonacom-133175176762273\/?ref=hl","https:\/\/x.com\/LaGuiadPamplona","https:\/\/www.instagram.com\/la_guia_de_pamplona\/","https:\/\/www.youtube.com\/user\/laguiadepamplona"]},{"@type":"Person","@id":"https:\/\/www.laguiadepamplona.com\/actualidad\/#\/schema\/person\/efe887376f0213d4657c93adc50b1fdb","name":"La Gu\u00eda de Pamplona","image":{"@type":"ImageObject","inLanguage":"es","@id":"https:\/\/secure.gravatar.com\/avatar\/b6992f131dc8d30ab0dff15446e9d346d9dbd95992de0fef795073f5ea83a81c?s=96&d=mm&r=g","url":"https:\/\/secure.gravatar.com\/avatar\/b6992f131dc8d30ab0dff15446e9d346d9dbd95992de0fef795073f5ea83a81c?s=96&d=mm&r=g","contentUrl":"https:\/\/secure.gravatar.com\/avatar\/b6992f131dc8d30ab0dff15446e9d346d9dbd95992de0fef795073f5ea83a81c?s=96&d=mm&r=g","caption":"La Gu\u00eda de Pamplona"}}]}},"post_mailing_queue_ids":[],"_links":{"self":[{"href":"https:\/\/www.laguiadepamplona.com\/actualidad\/wp-json\/wp\/v2\/posts\/37613","targetHints":{"allow":["GET"]}}],"collection":[{"href":"https:\/\/www.laguiadepamplona.com\/actualidad\/wp-json\/wp\/v2\/posts"}],"about":[{"href":"https:\/\/www.laguiadepamplona.com\/actualidad\/wp-json\/wp\/v2\/types\/post"}],"author":[{"embeddable":true,"href":"https:\/\/www.laguiadepamplona.com\/actualidad\/wp-json\/wp\/v2\/users\/1"}],"replies":[{"embeddable":true,"href":"https:\/\/www.laguiadepamplona.com\/actualidad\/wp-json\/wp\/v2\/comments?post=37613"}],"version-history":[{"count":0,"href":"https:\/\/www.laguiadepamplona.com\/actualidad\/wp-json\/wp\/v2\/posts\/37613\/revisions"}],"wp:featuredmedia":[{"embeddable":true,"href":"https:\/\/www.laguiadepamplona.com\/actualidad\/wp-json\/wp\/v2\/media\/37614"}],"wp:attachment":[{"href":"https:\/\/www.laguiadepamplona.com\/actualidad\/wp-json\/wp\/v2\/media?parent=37613"}],"wp:term":[{"taxonomy":"category","embeddable":true,"href":"https:\/\/www.laguiadepamplona.com\/actualidad\/wp-json\/wp\/v2\/categories?post=37613"},{"taxonomy":"post_tag","embeddable":true,"href":"https:\/\/www.laguiadepamplona.com\/actualidad\/wp-json\/wp\/v2\/tags?post=37613"}],"curies":[{"name":"wp","href":"https:\/\/api.w.org\/{rel}","templated":true}]}}