{"id":37592,"date":"2021-11-17T14:15:37","date_gmt":"2021-11-17T12:15:37","guid":{"rendered":"https:\/\/www.laguiadepamplona.com\/actualidad\/?p=37592"},"modified":"2023-04-11T11:48:45","modified_gmt":"2023-04-11T09:48:45","slug":"esta-semana-concluyen-las-catas-para-comprobar-el-estado-y-la-evolucion-de-las-raices-de-los-arboles-del-paseo-de-sarasate","status":"publish","type":"post","link":"https:\/\/www.laguiadepamplona.com\/actualidad\/esta-semana-concluyen-las-catas-para-comprobar-el-estado-y-la-evolucion-de-las-raices-de-los-arboles-del-paseo-de-sarasate\/","title":{"rendered":"Esta semana concluyen las catas para comprobar el estado y la evoluci\u00f3n de las ra\u00edces de los \u00e1rboles del paseo de Sarasate"},"content":{"rendered":"<h5>Gerencia y Comisi\u00f3n de Urbanismo ha visitado las catas, que han descubierto ra\u00edces entrelazadas y de diferentes di\u00e1metros a 30 cent\u00edmetros de profundidad<\/h5>\n<p><!--more--><\/p>\n<p>El Consejo de Gerencia de Urbanismo y la Comisi\u00f3n de Urbanismo han visitado esta ma\u00f1ana las catas que se est\u00e1n realizando al arbolado del paseo de Sarasate de cara a una posible modificaci\u00f3n del proyecto de reurbanizaci\u00f3n de la zona, cuya licitaci\u00f3n se aprob\u00f3 en agosto y se paraliz\u00f3 el pasado 21 de septiembre. Esta semana se prev\u00e9 que se concluyan las catas previstas para comprobar en qu\u00e9 estado se encuentran y c\u00f3mo han evolucionado las ra\u00edces de los \u00e1rboles del paseo de Sarasate tras la reforma de 2011.<br \/>\n<script async src=\"\/\/pagead2.googlesyndication.com\/pagead\/js\/adsbygoogle.js\"><\/script><br \/>\n<!-- Noticias La Guia de Pamplona --><br \/>\n<ins class=\"adsbygoogle\"\nstyle=\"display:block\"\ndata-ad-client=\"ca-pub-6943679897239327\"\ndata-ad-slot=\"7048180777\"\ndata-ad-format=\"auto\"><\/ins><br \/>\n<script>\n(adsbygoogle = window.adsbygoogle || []).push({});\n<\/script><\/p>\n<p>A primera hora de la ma\u00f1ana, los miembros de la Gerencia y la Comisi\u00f3n de Urbanismo han podido ver in situ el trabajo que se est\u00e1 realizando en cuatro catas, dos en el lado norte, en una zona cercana el edificio del Parlamento de Navarra, y otras dos, tambi\u00e9n en el lado norte, pero en el entorno de la iglesia de San Nicol\u00e1s. En d\u00edas anteriores, se procedi\u00f3 a la apertura de tres nuevas catas, dos en la parte m\u00e1s cercana al Casco Antiguo y una en la parte sur que da al Segundo Ensanche. En algunas de las catas se ha descendido incluso m\u00e1s de un metro para analizar las afecciones en el arbolado en caso de que se apueste por un paseo en plataforma \u00fanica. En todas ellas se ha podido comprobar la presencia de ra\u00edces del arbolado a 30 cent\u00edmetros de profundidad, ra\u00edces superficiales, entrelazadas y de diferentes di\u00e1metros.<\/p>\n<p>En principio se iban a realizar siete catas, pero se prev\u00e9 llevar a cabo una octava, complementaria de las anteriores, en una zona entre dos parterres diferentes delimitados por las estructuras de acero corten implementadas en 2011, para ver c\u00f3mo han derivado las ra\u00edces tambi\u00e9n en ese punto. Una vez hechas las catas y comprobados diferentes aspectos del desarrollo de las ra\u00edces, estas se vuelven a tapar para evitar riesgos, ya que son elementos muy sensibles que no pueden permanecer al aire libre.<br \/>\n<script async src=\"\/\/pagead2.googlesyndication.com\/pagead\/js\/adsbygoogle.js\"><\/script><br \/>\n<!-- Noticias La Guia de Pamplona --><br \/>\n<ins class=\"adsbygoogle\"\nstyle=\"display:block\"\ndata-ad-client=\"ca-pub-6943679897239327\"\ndata-ad-slot=\"7048180777\"\ndata-ad-format=\"auto\"><\/ins><br \/>\n<script>\n(adsbygoogle = window.adsbygoogle || []).push({});\n<\/script><\/p>\n<p>Finalizadas las catas, se realizar\u00e1n los informes t\u00e9cnicos correspondientes, con las conclusiones derivadas de estos estudios, de cara a una posible modificaci\u00f3n del proyecto de reurbanizaci\u00f3n y renovaci\u00f3n de redes del paseo de Sarasate y de las calles adyacentes ya en el Segundo Ensanche (V\u00ednculo, Alh\u00f3ndiga, Garc\u00eda Casta\u00f1\u00f3n y Fern\u00e1ndez Arenas), que emprende el Ayuntamiento de Pamplona, con financiaci\u00f3n tambi\u00e9n de la Mancomunidad de la Comarca de Pamplona.<\/p>\n","protected":false},"excerpt":{"rendered":"<p>Gerencia y Comisi\u00f3n de Urbanismo ha visitado las catas, que han descubierto ra\u00edces entrelazadas y de diferentes di\u00e1metros a 30 cent\u00edmetros de profundidad<\/p>\n","protected":false},"author":1,"featured_media":37593,"comment_status":"open","ping_status":"closed","sticky":false,"template":"","format":"standard","meta":{"footnotes":""},"categories":[2],"tags":[],"class_list":["post-37592","post","type-post","status-publish","format-standard","has-post-thumbnail","hentry","category-ayuntamiento-pamplona"],"yoast_head":"<!-- This site is optimized with the Yoast SEO plugin v27.5 - https:\/\/yoast.com\/product\/yoast-seo-wordpress\/ -->\n<title>Esta semana concluyen las catas para comprobar el estado y la evoluci\u00f3n de las ra\u00edces de los \u00e1rboles del paseo de Sarasate<\/title>\n<meta name=\"description\" content=\"Gerencia y Comisi\u00f3n de Urbanismo ha visitado las catas, que han descubierto ra\u00edces entrelazadas y de diferentes di\u00e1metros a 30 cent\u00edmetros de profundidad\" \/>\n<meta name=\"robots\" content=\"index, follow, max-snippet:-1, max-image-preview:large, max-video-preview:-1\" \/>\n<link rel=\"canonical\" href=\"https:\/\/www.laguiadepamplona.com\/actualidad\/esta-semana-concluyen-las-catas-para-comprobar-el-estado-y-la-evolucion-de-las-raices-de-los-arboles-del-paseo-de-sarasate\/\" \/>\n<meta property=\"og:locale\" content=\"es_ES\" \/>\n<meta property=\"og:type\" content=\"article\" \/>\n<meta property=\"og:title\" content=\"Esta semana concluyen las catas para comprobar el estado y la evoluci\u00f3n de las ra\u00edces de los \u00e1rboles del paseo de Sarasate\" \/>\n<meta property=\"og:description\" content=\"Gerencia y Comisi\u00f3n de Urbanismo ha visitado las catas, que han descubierto ra\u00edces entrelazadas y de diferentes di\u00e1metros a 30 cent\u00edmetros de profundidad\" \/>\n<meta property=\"og:url\" content=\"https:\/\/www.laguiadepamplona.com\/actualidad\/esta-semana-concluyen-las-catas-para-comprobar-el-estado-y-la-evolucion-de-las-raices-de-los-arboles-del-paseo-de-sarasate\/\" \/>\n<meta property=\"og:site_name\" content=\"La Gu\u00eda de Pamplona\" \/>\n<meta property=\"article:publisher\" content=\"https:\/\/www.facebook.com\/laguiadepamplonacom-133175176762273\/?ref=hl\" \/>\n<meta property=\"article:published_time\" content=\"2021-11-17T12:15:37+00:00\" \/>\n<meta property=\"article:modified_time\" content=\"2023-04-11T09:48:45+00:00\" \/>\n<meta property=\"og:image\" content=\"https:\/\/www.laguiadepamplona.com\/actualidad\/wp-content\/uploads\/2021\/11\/visitaarbolessarasateee5a7124.jpg\" \/>\n\t<meta property=\"og:image:width\" content=\"1920\" \/>\n\t<meta property=\"og:image:height\" content=\"1280\" \/>\n\t<meta property=\"og:image:type\" content=\"image\/jpeg\" \/>\n<meta name=\"author\" content=\"La Gu\u00eda de Pamplona\" \/>\n<meta name=\"twitter:card\" content=\"summary_large_image\" \/>\n<meta name=\"twitter:creator\" content=\"@LaGuiadPamplona\" \/>\n<meta name=\"twitter:site\" content=\"@LaGuiadPamplona\" \/>\n<meta name=\"twitter:label1\" content=\"Escrito por\" \/>\n\t<meta name=\"twitter:data1\" content=\"La Gu\u00eda de Pamplona\" \/>\n\t<meta name=\"twitter:label2\" content=\"Tiempo de lectura\" \/>\n\t<meta name=\"twitter:data2\" content=\"2 minutos\" \/>\n<script type=\"application\/ld+json\" class=\"yoast-schema-graph\">{\"@context\":\"https:\\\/\\\/schema.org\",\"@graph\":[{\"@type\":\"Article\",\"@id\":\"https:\\\/\\\/www.laguiadepamplona.com\\\/actualidad\\\/esta-semana-concluyen-las-catas-para-comprobar-el-estado-y-la-evolucion-de-las-raices-de-los-arboles-del-paseo-de-sarasate\\\/#article\",\"isPartOf\":{\"@id\":\"https:\\\/\\\/www.laguiadepamplona.com\\\/actualidad\\\/esta-semana-concluyen-las-catas-para-comprobar-el-estado-y-la-evolucion-de-las-raices-de-los-arboles-del-paseo-de-sarasate\\\/\"},\"author\":{\"name\":\"La Gu\u00eda de Pamplona\",\"@id\":\"https:\\\/\\\/www.laguiadepamplona.com\\\/actualidad\\\/#\\\/schema\\\/person\\\/efe887376f0213d4657c93adc50b1fdb\"},\"headline\":\"Esta semana concluyen las catas para comprobar el estado y la evoluci\u00f3n de las ra\u00edces de los \u00e1rboles del paseo de Sarasate\",\"datePublished\":\"2021-11-17T12:15:37+00:00\",\"dateModified\":\"2023-04-11T09:48:45+00:00\",\"mainEntityOfPage\":{\"@id\":\"https:\\\/\\\/www.laguiadepamplona.com\\\/actualidad\\\/esta-semana-concluyen-las-catas-para-comprobar-el-estado-y-la-evolucion-de-las-raices-de-los-arboles-del-paseo-de-sarasate\\\/\"},\"wordCount\":473,\"commentCount\":0,\"publisher\":{\"@id\":\"https:\\\/\\\/www.laguiadepamplona.com\\\/actualidad\\\/#organization\"},\"image\":{\"@id\":\"https:\\\/\\\/www.laguiadepamplona.com\\\/actualidad\\\/esta-semana-concluyen-las-catas-para-comprobar-el-estado-y-la-evolucion-de-las-raices-de-los-arboles-del-paseo-de-sarasate\\\/#primaryimage\"},\"thumbnailUrl\":\"https:\\\/\\\/www.laguiadepamplona.com\\\/actualidad\\\/wp-content\\\/uploads\\\/2021\\\/11\\\/visitaarbolessarasateee5a7124.jpg\",\"articleSection\":[\"Ayto Pamplona\"],\"inLanguage\":\"es\",\"potentialAction\":[{\"@type\":\"CommentAction\",\"name\":\"Comment\",\"target\":[\"https:\\\/\\\/www.laguiadepamplona.com\\\/actualidad\\\/esta-semana-concluyen-las-catas-para-comprobar-el-estado-y-la-evolucion-de-las-raices-de-los-arboles-del-paseo-de-sarasate\\\/#respond\"]}]},{\"@type\":\"WebPage\",\"@id\":\"https:\\\/\\\/www.laguiadepamplona.com\\\/actualidad\\\/esta-semana-concluyen-las-catas-para-comprobar-el-estado-y-la-evolucion-de-las-raices-de-los-arboles-del-paseo-de-sarasate\\\/\",\"url\":\"https:\\\/\\\/www.laguiadepamplona.com\\\/actualidad\\\/esta-semana-concluyen-las-catas-para-comprobar-el-estado-y-la-evolucion-de-las-raices-de-los-arboles-del-paseo-de-sarasate\\\/\",\"name\":\"Esta semana concluyen las catas para comprobar el estado y la evoluci\u00f3n de las ra\u00edces de los \u00e1rboles del paseo de Sarasate\",\"isPartOf\":{\"@id\":\"https:\\\/\\\/www.laguiadepamplona.com\\\/actualidad\\\/#website\"},\"primaryImageOfPage\":{\"@id\":\"https:\\\/\\\/www.laguiadepamplona.com\\\/actualidad\\\/esta-semana-concluyen-las-catas-para-comprobar-el-estado-y-la-evolucion-de-las-raices-de-los-arboles-del-paseo-de-sarasate\\\/#primaryimage\"},\"image\":{\"@id\":\"https:\\\/\\\/www.laguiadepamplona.com\\\/actualidad\\\/esta-semana-concluyen-las-catas-para-comprobar-el-estado-y-la-evolucion-de-las-raices-de-los-arboles-del-paseo-de-sarasate\\\/#primaryimage\"},\"thumbnailUrl\":\"https:\\\/\\\/www.laguiadepamplona.com\\\/actualidad\\\/wp-content\\\/uploads\\\/2021\\\/11\\\/visitaarbolessarasateee5a7124.jpg\",\"datePublished\":\"2021-11-17T12:15:37+00:00\",\"dateModified\":\"2023-04-11T09:48:45+00:00\",\"description\":\"Gerencia y Comisi\u00f3n de Urbanismo ha visitado las catas, que han descubierto ra\u00edces entrelazadas y de diferentes di\u00e1metros a 30 cent\u00edmetros de profundidad\",\"breadcrumb\":{\"@id\":\"https:\\\/\\\/www.laguiadepamplona.com\\\/actualidad\\\/esta-semana-concluyen-las-catas-para-comprobar-el-estado-y-la-evolucion-de-las-raices-de-los-arboles-del-paseo-de-sarasate\\\/#breadcrumb\"},\"inLanguage\":\"es\",\"potentialAction\":[{\"@type\":\"ReadAction\",\"target\":[\"https:\\\/\\\/www.laguiadepamplona.com\\\/actualidad\\\/esta-semana-concluyen-las-catas-para-comprobar-el-estado-y-la-evolucion-de-las-raices-de-los-arboles-del-paseo-de-sarasate\\\/\"]}]},{\"@type\":\"ImageObject\",\"inLanguage\":\"es\",\"@id\":\"https:\\\/\\\/www.laguiadepamplona.com\\\/actualidad\\\/esta-semana-concluyen-las-catas-para-comprobar-el-estado-y-la-evolucion-de-las-raices-de-los-arboles-del-paseo-de-sarasate\\\/#primaryimage\",\"url\":\"https:\\\/\\\/www.laguiadepamplona.com\\\/actualidad\\\/wp-content\\\/uploads\\\/2021\\\/11\\\/visitaarbolessarasateee5a7124.jpg\",\"contentUrl\":\"https:\\\/\\\/www.laguiadepamplona.com\\\/actualidad\\\/wp-content\\\/uploads\\\/2021\\\/11\\\/visitaarbolessarasateee5a7124.jpg\",\"width\":1920,\"height\":1280},{\"@type\":\"BreadcrumbList\",\"@id\":\"https:\\\/\\\/www.laguiadepamplona.com\\\/actualidad\\\/esta-semana-concluyen-las-catas-para-comprobar-el-estado-y-la-evolucion-de-las-raices-de-los-arboles-del-paseo-de-sarasate\\\/#breadcrumb\",\"itemListElement\":[{\"@type\":\"ListItem\",\"position\":1,\"name\":\"Portada\",\"item\":\"https:\\\/\\\/www.laguiadepamplona.com\\\/actualidad\\\/\"},{\"@type\":\"ListItem\",\"position\":2,\"name\":\"Esta semana concluyen las catas para comprobar el estado y la evoluci\u00f3n de las ra\u00edces de los \u00e1rboles del paseo de Sarasate\"}]},{\"@type\":\"WebSite\",\"@id\":\"https:\\\/\\\/www.laguiadepamplona.com\\\/actualidad\\\/#website\",\"url\":\"https:\\\/\\\/www.laguiadepamplona.com\\\/actualidad\\\/\",\"name\":\"La gu\u00eda de Pamplona\",\"description\":\"Noticias de Pamplona\",\"publisher\":{\"@id\":\"https:\\\/\\\/www.laguiadepamplona.com\\\/actualidad\\\/#organization\"},\"potentialAction\":[{\"@type\":\"SearchAction\",\"target\":{\"@type\":\"EntryPoint\",\"urlTemplate\":\"https:\\\/\\\/www.laguiadepamplona.com\\\/actualidad\\\/?s={search_term_string}\"},\"query-input\":{\"@type\":\"PropertyValueSpecification\",\"valueRequired\":true,\"valueName\":\"search_term_string\"}}],\"inLanguage\":\"es\"},{\"@type\":\"Organization\",\"@id\":\"https:\\\/\\\/www.laguiadepamplona.com\\\/actualidad\\\/#organization\",\"name\":\"La Gu\u00eda de Pamplona \\\/ Noticias\",\"url\":\"https:\\\/\\\/www.laguiadepamplona.com\\\/actualidad\\\/\",\"logo\":{\"@type\":\"ImageObject\",\"inLanguage\":\"es\",\"@id\":\"https:\\\/\\\/www.laguiadepamplona.com\\\/actualidad\\\/#\\\/schema\\\/logo\\\/image\\\/\",\"url\":\"https:\\\/\\\/www.laguiadepamplona.com\\\/actualidad\\\/wp-content\\\/uploads\\\/2018\\\/11\\\/logo-laguiadepamplona18-web1.png\",\"contentUrl\":\"https:\\\/\\\/www.laguiadepamplona.com\\\/actualidad\\\/wp-content\\\/uploads\\\/2018\\\/11\\\/logo-laguiadepamplona18-web1.png\",\"width\":600,\"height\":196,\"caption\":\"La Gu\u00eda de Pamplona \\\/ Noticias\"},\"image\":{\"@id\":\"https:\\\/\\\/www.laguiadepamplona.com\\\/actualidad\\\/#\\\/schema\\\/logo\\\/image\\\/\"},\"sameAs\":[\"https:\\\/\\\/www.facebook.com\\\/laguiadepamplonacom-133175176762273\\\/?ref=hl\",\"https:\\\/\\\/x.com\\\/LaGuiadPamplona\",\"https:\\\/\\\/www.instagram.com\\\/la_guia_de_pamplona\\\/\",\"https:\\\/\\\/www.youtube.com\\\/user\\\/laguiadepamplona\"]},{\"@type\":\"Person\",\"@id\":\"https:\\\/\\\/www.laguiadepamplona.com\\\/actualidad\\\/#\\\/schema\\\/person\\\/efe887376f0213d4657c93adc50b1fdb\",\"name\":\"La Gu\u00eda de Pamplona\",\"image\":{\"@type\":\"ImageObject\",\"inLanguage\":\"es\",\"@id\":\"https:\\\/\\\/secure.gravatar.com\\\/avatar\\\/b6992f131dc8d30ab0dff15446e9d346d9dbd95992de0fef795073f5ea83a81c?s=96&d=mm&r=g\",\"url\":\"https:\\\/\\\/secure.gravatar.com\\\/avatar\\\/b6992f131dc8d30ab0dff15446e9d346d9dbd95992de0fef795073f5ea83a81c?s=96&d=mm&r=g\",\"contentUrl\":\"https:\\\/\\\/secure.gravatar.com\\\/avatar\\\/b6992f131dc8d30ab0dff15446e9d346d9dbd95992de0fef795073f5ea83a81c?s=96&d=mm&r=g\",\"caption\":\"La Gu\u00eda de Pamplona\"}}]}<\/script>\n<!-- \/ Yoast SEO plugin. -->","yoast_head_json":{"title":"Esta semana concluyen las catas para comprobar el estado y la evoluci\u00f3n de las ra\u00edces de los \u00e1rboles del paseo de Sarasate","description":"Gerencia y Comisi\u00f3n de Urbanismo ha visitado las catas, que han descubierto ra\u00edces entrelazadas y de diferentes di\u00e1metros a 30 cent\u00edmetros de profundidad","robots":{"index":"index","follow":"follow","max-snippet":"max-snippet:-1","max-image-preview":"max-image-preview:large","max-video-preview":"max-video-preview:-1"},"canonical":"https:\/\/www.laguiadepamplona.com\/actualidad\/esta-semana-concluyen-las-catas-para-comprobar-el-estado-y-la-evolucion-de-las-raices-de-los-arboles-del-paseo-de-sarasate\/","og_locale":"es_ES","og_type":"article","og_title":"Esta semana concluyen las catas para comprobar el estado y la evoluci\u00f3n de las ra\u00edces de los \u00e1rboles del paseo de Sarasate","og_description":"Gerencia y Comisi\u00f3n de Urbanismo ha visitado las catas, que han descubierto ra\u00edces entrelazadas y de diferentes di\u00e1metros a 30 cent\u00edmetros de profundidad","og_url":"https:\/\/www.laguiadepamplona.com\/actualidad\/esta-semana-concluyen-las-catas-para-comprobar-el-estado-y-la-evolucion-de-las-raices-de-los-arboles-del-paseo-de-sarasate\/","og_site_name":"La Gu\u00eda de Pamplona","article_publisher":"https:\/\/www.facebook.com\/laguiadepamplonacom-133175176762273\/?ref=hl","article_published_time":"2021-11-17T12:15:37+00:00","article_modified_time":"2023-04-11T09:48:45+00:00","og_image":[{"width":1920,"height":1280,"url":"https:\/\/www.laguiadepamplona.com\/actualidad\/wp-content\/uploads\/2021\/11\/visitaarbolessarasateee5a7124.jpg","type":"image\/jpeg"}],"author":"La Gu\u00eda de Pamplona","twitter_card":"summary_large_image","twitter_creator":"@LaGuiadPamplona","twitter_site":"@LaGuiadPamplona","twitter_misc":{"Escrito por":"La Gu\u00eda de Pamplona","Tiempo de lectura":"2 minutos"},"schema":{"@context":"https:\/\/schema.org","@graph":[{"@type":"Article","@id":"https:\/\/www.laguiadepamplona.com\/actualidad\/esta-semana-concluyen-las-catas-para-comprobar-el-estado-y-la-evolucion-de-las-raices-de-los-arboles-del-paseo-de-sarasate\/#article","isPartOf":{"@id":"https:\/\/www.laguiadepamplona.com\/actualidad\/esta-semana-concluyen-las-catas-para-comprobar-el-estado-y-la-evolucion-de-las-raices-de-los-arboles-del-paseo-de-sarasate\/"},"author":{"name":"La Gu\u00eda de Pamplona","@id":"https:\/\/www.laguiadepamplona.com\/actualidad\/#\/schema\/person\/efe887376f0213d4657c93adc50b1fdb"},"headline":"Esta semana concluyen las catas para comprobar el estado y la evoluci\u00f3n de las ra\u00edces de los \u00e1rboles del paseo de Sarasate","datePublished":"2021-11-17T12:15:37+00:00","dateModified":"2023-04-11T09:48:45+00:00","mainEntityOfPage":{"@id":"https:\/\/www.laguiadepamplona.com\/actualidad\/esta-semana-concluyen-las-catas-para-comprobar-el-estado-y-la-evolucion-de-las-raices-de-los-arboles-del-paseo-de-sarasate\/"},"wordCount":473,"commentCount":0,"publisher":{"@id":"https:\/\/www.laguiadepamplona.com\/actualidad\/#organization"},"image":{"@id":"https:\/\/www.laguiadepamplona.com\/actualidad\/esta-semana-concluyen-las-catas-para-comprobar-el-estado-y-la-evolucion-de-las-raices-de-los-arboles-del-paseo-de-sarasate\/#primaryimage"},"thumbnailUrl":"https:\/\/www.laguiadepamplona.com\/actualidad\/wp-content\/uploads\/2021\/11\/visitaarbolessarasateee5a7124.jpg","articleSection":["Ayto Pamplona"],"inLanguage":"es","potentialAction":[{"@type":"CommentAction","name":"Comment","target":["https:\/\/www.laguiadepamplona.com\/actualidad\/esta-semana-concluyen-las-catas-para-comprobar-el-estado-y-la-evolucion-de-las-raices-de-los-arboles-del-paseo-de-sarasate\/#respond"]}]},{"@type":"WebPage","@id":"https:\/\/www.laguiadepamplona.com\/actualidad\/esta-semana-concluyen-las-catas-para-comprobar-el-estado-y-la-evolucion-de-las-raices-de-los-arboles-del-paseo-de-sarasate\/","url":"https:\/\/www.laguiadepamplona.com\/actualidad\/esta-semana-concluyen-las-catas-para-comprobar-el-estado-y-la-evolucion-de-las-raices-de-los-arboles-del-paseo-de-sarasate\/","name":"Esta semana concluyen las catas para comprobar el estado y la evoluci\u00f3n de las ra\u00edces de los \u00e1rboles del paseo de Sarasate","isPartOf":{"@id":"https:\/\/www.laguiadepamplona.com\/actualidad\/#website"},"primaryImageOfPage":{"@id":"https:\/\/www.laguiadepamplona.com\/actualidad\/esta-semana-concluyen-las-catas-para-comprobar-el-estado-y-la-evolucion-de-las-raices-de-los-arboles-del-paseo-de-sarasate\/#primaryimage"},"image":{"@id":"https:\/\/www.laguiadepamplona.com\/actualidad\/esta-semana-concluyen-las-catas-para-comprobar-el-estado-y-la-evolucion-de-las-raices-de-los-arboles-del-paseo-de-sarasate\/#primaryimage"},"thumbnailUrl":"https:\/\/www.laguiadepamplona.com\/actualidad\/wp-content\/uploads\/2021\/11\/visitaarbolessarasateee5a7124.jpg","datePublished":"2021-11-17T12:15:37+00:00","dateModified":"2023-04-11T09:48:45+00:00","description":"Gerencia y Comisi\u00f3n de Urbanismo ha visitado las catas, que han descubierto ra\u00edces entrelazadas y de diferentes di\u00e1metros a 30 cent\u00edmetros de profundidad","breadcrumb":{"@id":"https:\/\/www.laguiadepamplona.com\/actualidad\/esta-semana-concluyen-las-catas-para-comprobar-el-estado-y-la-evolucion-de-las-raices-de-los-arboles-del-paseo-de-sarasate\/#breadcrumb"},"inLanguage":"es","potentialAction":[{"@type":"ReadAction","target":["https:\/\/www.laguiadepamplona.com\/actualidad\/esta-semana-concluyen-las-catas-para-comprobar-el-estado-y-la-evolucion-de-las-raices-de-los-arboles-del-paseo-de-sarasate\/"]}]},{"@type":"ImageObject","inLanguage":"es","@id":"https:\/\/www.laguiadepamplona.com\/actualidad\/esta-semana-concluyen-las-catas-para-comprobar-el-estado-y-la-evolucion-de-las-raices-de-los-arboles-del-paseo-de-sarasate\/#primaryimage","url":"https:\/\/www.laguiadepamplona.com\/actualidad\/wp-content\/uploads\/2021\/11\/visitaarbolessarasateee5a7124.jpg","contentUrl":"https:\/\/www.laguiadepamplona.com\/actualidad\/wp-content\/uploads\/2021\/11\/visitaarbolessarasateee5a7124.jpg","width":1920,"height":1280},{"@type":"BreadcrumbList","@id":"https:\/\/www.laguiadepamplona.com\/actualidad\/esta-semana-concluyen-las-catas-para-comprobar-el-estado-y-la-evolucion-de-las-raices-de-los-arboles-del-paseo-de-sarasate\/#breadcrumb","itemListElement":[{"@type":"ListItem","position":1,"name":"Portada","item":"https:\/\/www.laguiadepamplona.com\/actualidad\/"},{"@type":"ListItem","position":2,"name":"Esta semana concluyen las catas para comprobar el estado y la evoluci\u00f3n de las ra\u00edces de los \u00e1rboles del paseo de Sarasate"}]},{"@type":"WebSite","@id":"https:\/\/www.laguiadepamplona.com\/actualidad\/#website","url":"https:\/\/www.laguiadepamplona.com\/actualidad\/","name":"La gu\u00eda de Pamplona","description":"Noticias de Pamplona","publisher":{"@id":"https:\/\/www.laguiadepamplona.com\/actualidad\/#organization"},"potentialAction":[{"@type":"SearchAction","target":{"@type":"EntryPoint","urlTemplate":"https:\/\/www.laguiadepamplona.com\/actualidad\/?s={search_term_string}"},"query-input":{"@type":"PropertyValueSpecification","valueRequired":true,"valueName":"search_term_string"}}],"inLanguage":"es"},{"@type":"Organization","@id":"https:\/\/www.laguiadepamplona.com\/actualidad\/#organization","name":"La Gu\u00eda de Pamplona \/ Noticias","url":"https:\/\/www.laguiadepamplona.com\/actualidad\/","logo":{"@type":"ImageObject","inLanguage":"es","@id":"https:\/\/www.laguiadepamplona.com\/actualidad\/#\/schema\/logo\/image\/","url":"https:\/\/www.laguiadepamplona.com\/actualidad\/wp-content\/uploads\/2018\/11\/logo-laguiadepamplona18-web1.png","contentUrl":"https:\/\/www.laguiadepamplona.com\/actualidad\/wp-content\/uploads\/2018\/11\/logo-laguiadepamplona18-web1.png","width":600,"height":196,"caption":"La Gu\u00eda de Pamplona \/ Noticias"},"image":{"@id":"https:\/\/www.laguiadepamplona.com\/actualidad\/#\/schema\/logo\/image\/"},"sameAs":["https:\/\/www.facebook.com\/laguiadepamplonacom-133175176762273\/?ref=hl","https:\/\/x.com\/LaGuiadPamplona","https:\/\/www.instagram.com\/la_guia_de_pamplona\/","https:\/\/www.youtube.com\/user\/laguiadepamplona"]},{"@type":"Person","@id":"https:\/\/www.laguiadepamplona.com\/actualidad\/#\/schema\/person\/efe887376f0213d4657c93adc50b1fdb","name":"La Gu\u00eda de Pamplona","image":{"@type":"ImageObject","inLanguage":"es","@id":"https:\/\/secure.gravatar.com\/avatar\/b6992f131dc8d30ab0dff15446e9d346d9dbd95992de0fef795073f5ea83a81c?s=96&d=mm&r=g","url":"https:\/\/secure.gravatar.com\/avatar\/b6992f131dc8d30ab0dff15446e9d346d9dbd95992de0fef795073f5ea83a81c?s=96&d=mm&r=g","contentUrl":"https:\/\/secure.gravatar.com\/avatar\/b6992f131dc8d30ab0dff15446e9d346d9dbd95992de0fef795073f5ea83a81c?s=96&d=mm&r=g","caption":"La Gu\u00eda de Pamplona"}}]}},"post_mailing_queue_ids":[],"_links":{"self":[{"href":"https:\/\/www.laguiadepamplona.com\/actualidad\/wp-json\/wp\/v2\/posts\/37592","targetHints":{"allow":["GET"]}}],"collection":[{"href":"https:\/\/www.laguiadepamplona.com\/actualidad\/wp-json\/wp\/v2\/posts"}],"about":[{"href":"https:\/\/www.laguiadepamplona.com\/actualidad\/wp-json\/wp\/v2\/types\/post"}],"author":[{"embeddable":true,"href":"https:\/\/www.laguiadepamplona.com\/actualidad\/wp-json\/wp\/v2\/users\/1"}],"replies":[{"embeddable":true,"href":"https:\/\/www.laguiadepamplona.com\/actualidad\/wp-json\/wp\/v2\/comments?post=37592"}],"version-history":[{"count":0,"href":"https:\/\/www.laguiadepamplona.com\/actualidad\/wp-json\/wp\/v2\/posts\/37592\/revisions"}],"wp:featuredmedia":[{"embeddable":true,"href":"https:\/\/www.laguiadepamplona.com\/actualidad\/wp-json\/wp\/v2\/media\/37593"}],"wp:attachment":[{"href":"https:\/\/www.laguiadepamplona.com\/actualidad\/wp-json\/wp\/v2\/media?parent=37592"}],"wp:term":[{"taxonomy":"category","embeddable":true,"href":"https:\/\/www.laguiadepamplona.com\/actualidad\/wp-json\/wp\/v2\/categories?post=37592"},{"taxonomy":"post_tag","embeddable":true,"href":"https:\/\/www.laguiadepamplona.com\/actualidad\/wp-json\/wp\/v2\/tags?post=37592"}],"curies":[{"name":"wp","href":"https:\/\/api.w.org\/{rel}","templated":true}]}}