{"id":37590,"date":"2021-11-16T18:03:47","date_gmt":"2021-11-16T16:03:47","guid":{"rendered":"https:\/\/www.laguiadepamplona.com\/actualidad\/?p=37590"},"modified":"2023-04-11T11:48:45","modified_gmt":"2023-04-11T09:48:45","slug":"declaraciones-aprobadas-en-la-comision-de-presidencia-celebrada-el-martes-16-de-noviembre-de-2021","status":"publish","type":"post","link":"https:\/\/www.laguiadepamplona.com\/actualidad\/declaraciones-aprobadas-en-la-comision-de-presidencia-celebrada-el-martes-16-de-noviembre-de-2021\/","title":{"rendered":"Declaraciones aprobadas en la Comisi\u00f3n de Presidencia celebrada el martes 16 de noviembre de 2021"},"content":{"rendered":"<p><strong>Declaraci\u00f3n sobre el parking de autocaravanas<\/strong><\/p>\n<p><!--more--><\/p>\n<p><u>Proponente<\/u>: EH Bildu, Socialistas del Ayuntamiento de Pamplona y Geroa Bai<\/p>\n<p><u>Votaci\u00f3n<\/u>: 6 votos a favor (EH Bildu, Socialistas del Ayuntamiento de Pamplona y Geroa Bai) y 5 en contra (Navarra Suma)<\/p>\n<p>&nbsp;<\/p>\n<p>ACUERDA<\/p>\n<ol>\n<li>Paralizar la idea de crear un parking de autocaravanas en la calle Donantes de Sangre.<\/li>\n<li>Urgir al \u00c1rea de Seguridad Ciudadana a dejar de lado actuaciones unilaterales y a cumplir los t\u00e9rminos del acuerdo del Comisi\u00f3n de Presidencia del 13 de abril de 2021:<\/li>\n<\/ol>\n<ol>\n<li>Urgir al \u00c1rea de Seguridad Ciudadana a realizar un estudio sobre las parcelas municipales que re\u00fanan las condiciones de albergar un aparcamiento permanente para guardar autocaravanas.<\/li>\n<li>Presentar dicho estudio en la Comisi\u00f3n de Presidencia en el plazo de tres meses, acompa\u00f1\u00e1ndolo de los informes necesarios al respecto.<\/li>\n<li>Mantener la comunicaci\u00f3n con asociaciones de usuarios de autocaravanas durante el proceso de estudio, decisi\u00f3n e implantaci\u00f3n del aparcamiento, con el objetivo de escuchar sus aportaciones al respecto.<\/li>\n<\/ol>\n<p>&nbsp;<br \/>\n<script async src=\"\/\/pagead2.googlesyndication.com\/pagead\/js\/adsbygoogle.js\"><\/script><br \/>\n<!-- Noticias La Guia de Pamplona --><br \/>\n<ins class=\"adsbygoogle\"\nstyle=\"display:block\"\ndata-ad-client=\"ca-pub-6943679897239327\"\ndata-ad-slot=\"7048180777\"\ndata-ad-format=\"auto\"><\/ins><br \/>\n<script>\n(adsbygoogle = window.adsbygoogle || []).push({});\n<\/script><\/p>\n<p>&nbsp;<\/p>\n<p><strong>Declaraci\u00f3n sobre convocatoria de subvenciones de fondos europeos<\/strong><\/p>\n<p><u>Proponente<\/u>: Socialistas del Ayuntamiento de Pamplona<\/p>\n<p><u>Votaci\u00f3n<\/u>: 6 votos a favor (Socialistas del Ayuntamiento de Pamplona, EH Bildu y Geroa Bai) y 5 abstenciones (Navarra Suma)<\/p>\n<p>&nbsp;<\/p>\n<p>ACUERDA<\/p>\n<ol>\n<li>Instar al equipo de Gobierno a que estudie y propicie la concurrencia de este Ayuntamiento a la convocatoria del PRTR, referida a la transformaci\u00f3n digital y modernizaci\u00f3n de las entidades locales, publicada el pasado 6 de noviembre en el BOE.<\/li>\n<li>Dar cuenta de todo ello en esta comisi\u00f3n.<\/li>\n<\/ol>\n<p>&nbsp;<br \/>\n<script async src=\"\/\/pagead2.googlesyndication.com\/pagead\/js\/adsbygoogle.js\"><\/script><br \/>\n<!-- Noticias La Guia de Pamplona --><br \/>\n<ins class=\"adsbygoogle\"\nstyle=\"display:block\"\ndata-ad-client=\"ca-pub-6943679897239327\"\ndata-ad-slot=\"7048180777\"\ndata-ad-format=\"auto\"><\/ins><br \/>\n<script>\n(adsbygoogle = window.adsbygoogle || []).push({});\n<\/script><\/p>\n<p>&nbsp;<\/p>\n<p><strong>Declaraci\u00f3n para instar a las \u00e1reas de Seguridad Ciudadana, Conservaci\u00f3n y Proyectos, y Comercio a crear un protocolo de informaci\u00f3n de obras y actuaciones en v\u00eda p\u00fablica<\/strong><\/p>\n<p><u>Proponente<\/u>: EH Bildu<\/p>\n<p><u>Votaci\u00f3n<\/u>: 6 votos a favor (EH Bildu, Socialistas del Ayuntamiento de Pamplona y Geroa Bai) y 5 en contra (Navarra Suma)<\/p>\n<p>&nbsp;<\/p>\n<p>ACUERDA<\/p>\n<ol>\n<li>Instar a las \u00e1reas de Seguridad Ciudadana, Conservaci\u00f3n y Proyectos y Comercio a elaborar un protocolo de actuaci\u00f3n en el plazo m\u00e1ximo de tres meses para garantizar la informaci\u00f3n a vecindario, comerciantes, hosteler\u00eda y dem\u00e1s actividades que desarrollan en el entorno urbano, sobre todas las cuestiones relativas a las obras y actuaciones en v\u00eda p\u00fablica.<\/li>\n<li>Dar traslado de dicho protocolo a la Comisi\u00f3n de Presidencia.<\/li>\n<\/ol>\n<p>&nbsp;<br \/>\n<script async src=\"\/\/pagead2.googlesyndication.com\/pagead\/js\/adsbygoogle.js\"><\/script><br \/>\n<!-- Noticias La Guia de Pamplona --><br \/>\n<ins class=\"adsbygoogle\"\nstyle=\"display:block\"\ndata-ad-client=\"ca-pub-6943679897239327\"\ndata-ad-slot=\"7048180777\"\ndata-ad-format=\"auto\"><\/ins><br \/>\n<script>\n(adsbygoogle = window.adsbygoogle || []).push({});\n<\/script><\/p>\n<p><strong>Declaraci\u00f3n institucional por el D\u00eda Universal de la Infancia 2021<\/strong><\/p>\n<p>ACUERDA<\/p>\n<p>Por ello, nos comprometemos a impulsar medidas encaminadas a:<\/p>\n<ol>\n<li><strong>Poner el centro de nuestro accionar pol\u00edtico los derechos de ni\u00f1as, ni\u00f1os y adolescentes<\/strong><\/li>\n<\/ol>\n<p>Con estrategias a largo plazo y recursos para conseguir resultados tangibles, teniendo en cuenta a la infancia y la adolescencia en todas las decisiones tomadas por esta administraci\u00f3n, tanto en la respuesta a las crisis, como en la recuperaci\u00f3n, en el marco de los principios rectores de la Convenci\u00f3n sobre los Derechos del Ni\u00f1o, as\u00ed como involucrando a todas las \u00e1reas del gobierno local en la promoci\u00f3n de los derechos de infancia, estableciendo objetivos y acciones de forma coordinada por todos los \u00e1mbitos de la corporaci\u00f3n.<\/p>\n<p>&nbsp;<\/p>\n<ol start=\"2\">\n<li><strong>Invertir en salud mental<\/strong><\/li>\n<\/ol>\n<p>La COVID-19 ha contribuido al preocupante aumento de los\u00a0trastornos de salud mental entre ni\u00f1os, ni\u00f1as y adolescentes, por lo que destinaremos los recursos a nuestro alcance, a nivel local, para proporcionar m\u00e1s atenci\u00f3n a este problema, especialmente para las familias m\u00e1s vulnerables.<\/p>\n<p>&nbsp;<\/p>\n<ol start=\"3\">\n<li><strong>Garantizar el uso seguro, responsable y cr\u00edtico de la tecnolog\u00eda<\/strong><\/li>\n<\/ol>\n<p>Tras la pandemia y con la llegada de la educaci\u00f3n a distancia, se ha apreciado un aumento exponencial de las competencias digitales de ni\u00f1os, ni\u00f1as y adolescen\u00adtes. Tener m\u00e1s herramientas digitales y mayor acceso a las redes sociales les ofrece mayores opor\u00adtunidades, pero tambi\u00e9n supone estar m\u00e1s expuestos a algunos de los riesgos online. Por ello, desde nuestro municipio nos comprometemos a contribuir a: el acceso equitativo a los recursos tecnol\u00f3gicos; mejorar las competencias digitales de nuestras ni\u00f1as, ni\u00f1os y adolescentes; promover el desarrollo de un entorno protector en el \u00e1mbito digital; y la sensibilizaci\u00f3n y educaci\u00f3n de todos los acto\u00adres (familias, centros educativos, Instituciones y Empresas), ni\u00f1as, ni\u00f1os y adolescentes para pro\u00admover el uso seguro y responsable de las Tecnolog\u00edas para la Relaci\u00f3n, la Informaci\u00f3n y la Comunicaci\u00f3n.<\/p>\n<p>&nbsp;<\/p>\n<ol start=\"4\">\n<li><strong>Avanzar en una escucha real, activa y permanente de ni\u00f1os, ni\u00f1as y adolescentes <\/strong>Si bien se est\u00e1n dando avances en la participaci\u00f3n de la infancia y la adolescencia en el \u00e1mbito local, fortalecer los mecanismos de escucha real, activa y permanente es fundamental para que los ni\u00f1os, ni\u00f1as y adolescentes sientan que son ciudadanos y ciudadanas activos, que pueden contribuir con su visi\u00f3n y propuestas y se les tiene en cuenta. El compromiso en que esta participaci\u00f3n sea transparente, amigable, con rendici\u00f3n de cuentas, sensible a posibles riesgos y con protagonismo de ni\u00f1os, ni\u00f1as y adolescente debe ser parte intr\u00ednseca de la corporaci\u00f3n local.<\/li>\n<\/ol>\n<p>&nbsp;<\/p>\n<ol start=\"5\">\n<li><strong>Abordar la crisis clim\u00e1tica<\/strong><\/li>\n<\/ol>\n<p>El cambio clim\u00e1tico es uno de los mayores desaf\u00edos a los que se enfrenta la Humanidad, y los ni\u00f1os y ni\u00f1as son quienes tendr\u00e1n que sufrir las consecuencias de la inacci\u00f3n pol\u00edtica m\u00e1s que nadie. Sin embargo,\u00a0no siempre se sienten escuchados ni se les permite colaborar activamente\u00a0en la soluci\u00f3n. Desde nuestra responsabilidad local, nos comprometemos a colaborar en las principales peticiones de UNICEF en este sentido: la reducci\u00f3n de las emisiones de CO2; aumentar la inversi\u00f3n en la adaptaci\u00f3n al cambio clim\u00e1tico; reverdecer nuestras ciudades, impulsar una movilidad activa y sostenible, promover la educaci\u00f3n ambiental; incluir a nuestros ni\u00f1os, ni\u00f1as y adolescentes en la toma de decisiones sobre el desaf\u00edo medioambiental en nuestros municipios y garantizar una recuperaci\u00f3n verde de la COVID-19.<\/p>\n<p>&nbsp;<\/p>\n<p>Finalmente queremos felicitar a UNICEF, que este a\u00f1o conmemora su 75 aniversario, por su incansable trabajo en algunos de los lugares m\u00e1s dif\u00edciles para llegar a los ni\u00f1os y ni\u00f1as m\u00e1s desfavorecidos del mundo para que cada ni\u00f1a y ni\u00f1o disfrute de su infancia y tenga una oportunidad justa, un futuro. En Espa\u00f1a, UNICEF empez\u00f3 su labor hace ya 60 a\u00f1os, y en Navarra hace 48 a\u00f1os.<\/p>\n<p>Seguiremos en el camino que nos marca la Agenda 2030, con nuestra infancia en el centro de la respuesta a estos retos. Celebramos hoy, 20 de noviembre de 2021, el D\u00eda Mundial de la Infancia, con estos compromisos que nos obligan a todos, por el futuro de nuestra Pamplona.<\/p>\n","protected":false},"excerpt":{"rendered":"<p>Declaraci\u00f3n sobre el parking de autocaravanas<\/p>\n","protected":false},"author":1,"featured_media":36074,"comment_status":"open","ping_status":"closed","sticky":false,"template":"","format":"standard","meta":{"footnotes":""},"categories":[2],"tags":[],"class_list":["post-37590","post","type-post","status-publish","format-standard","has-post-thumbnail","hentry","category-ayuntamiento-pamplona"],"yoast_head":"<!-- This site is optimized with the Yoast SEO plugin v27.5 - https:\/\/yoast.com\/product\/yoast-seo-wordpress\/ -->\n<title>Declaraciones aprobadas en la Comisi\u00f3n de Presidencia celebrada el martes 16 de noviembre de 2021<\/title>\n<meta name=\"robots\" content=\"index, follow, max-snippet:-1, max-image-preview:large, max-video-preview:-1\" \/>\n<link rel=\"canonical\" href=\"https:\/\/www.laguiadepamplona.com\/actualidad\/declaraciones-aprobadas-en-la-comision-de-presidencia-celebrada-el-martes-16-de-noviembre-de-2021\/\" \/>\n<meta property=\"og:locale\" content=\"es_ES\" \/>\n<meta property=\"og:type\" content=\"article\" \/>\n<meta property=\"og:title\" content=\"Declaraciones aprobadas en la Comisi\u00f3n de Presidencia celebrada el martes 16 de noviembre de 2021\" \/>\n<meta property=\"og:description\" content=\"Declaraci\u00f3n sobre el parking de autocaravanas\" \/>\n<meta property=\"og:url\" content=\"https:\/\/www.laguiadepamplona.com\/actualidad\/declaraciones-aprobadas-en-la-comision-de-presidencia-celebrada-el-martes-16-de-noviembre-de-2021\/\" \/>\n<meta property=\"og:site_name\" content=\"La Gu\u00eda de Pamplona\" \/>\n<meta property=\"article:publisher\" content=\"https:\/\/www.facebook.com\/laguiadepamplonacom-133175176762273\/?ref=hl\" \/>\n<meta property=\"article:published_time\" content=\"2021-11-16T16:03:47+00:00\" \/>\n<meta property=\"article:modified_time\" content=\"2023-04-11T09:48:45+00:00\" \/>\n<meta property=\"og:image\" content=\"https:\/\/www.laguiadepamplona.com\/actualidad\/wp-content\/uploads\/2021\/08\/ayuntamiento-pamplona2.jpg\" \/>\n\t<meta property=\"og:image:width\" content=\"1920\" \/>\n\t<meta property=\"og:image:height\" content=\"1080\" \/>\n\t<meta property=\"og:image:type\" content=\"image\/jpeg\" \/>\n<meta name=\"author\" content=\"La Gu\u00eda de Pamplona\" \/>\n<meta name=\"twitter:card\" content=\"summary_large_image\" \/>\n<meta name=\"twitter:creator\" content=\"@LaGuiadPamplona\" \/>\n<meta name=\"twitter:site\" content=\"@LaGuiadPamplona\" \/>\n<meta name=\"twitter:label1\" content=\"Escrito por\" \/>\n\t<meta name=\"twitter:data1\" content=\"La Gu\u00eda de Pamplona\" \/>\n\t<meta name=\"twitter:label2\" content=\"Tiempo de lectura\" \/>\n\t<meta name=\"twitter:data2\" content=\"5 minutos\" \/>\n<script type=\"application\/ld+json\" class=\"yoast-schema-graph\">{\"@context\":\"https:\\\/\\\/schema.org\",\"@graph\":[{\"@type\":\"Article\",\"@id\":\"https:\\\/\\\/www.laguiadepamplona.com\\\/actualidad\\\/declaraciones-aprobadas-en-la-comision-de-presidencia-celebrada-el-martes-16-de-noviembre-de-2021\\\/#article\",\"isPartOf\":{\"@id\":\"https:\\\/\\\/www.laguiadepamplona.com\\\/actualidad\\\/declaraciones-aprobadas-en-la-comision-de-presidencia-celebrada-el-martes-16-de-noviembre-de-2021\\\/\"},\"author\":{\"name\":\"La Gu\u00eda de Pamplona\",\"@id\":\"https:\\\/\\\/www.laguiadepamplona.com\\\/actualidad\\\/#\\\/schema\\\/person\\\/efe887376f0213d4657c93adc50b1fdb\"},\"headline\":\"Declaraciones aprobadas en la Comisi\u00f3n de Presidencia celebrada el martes 16 de noviembre de 2021\",\"datePublished\":\"2021-11-16T16:03:47+00:00\",\"dateModified\":\"2023-04-11T09:48:45+00:00\",\"mainEntityOfPage\":{\"@id\":\"https:\\\/\\\/www.laguiadepamplona.com\\\/actualidad\\\/declaraciones-aprobadas-en-la-comision-de-presidencia-celebrada-el-martes-16-de-noviembre-de-2021\\\/\"},\"wordCount\":1136,\"commentCount\":0,\"publisher\":{\"@id\":\"https:\\\/\\\/www.laguiadepamplona.com\\\/actualidad\\\/#organization\"},\"image\":{\"@id\":\"https:\\\/\\\/www.laguiadepamplona.com\\\/actualidad\\\/declaraciones-aprobadas-en-la-comision-de-presidencia-celebrada-el-martes-16-de-noviembre-de-2021\\\/#primaryimage\"},\"thumbnailUrl\":\"https:\\\/\\\/www.laguiadepamplona.com\\\/actualidad\\\/wp-content\\\/uploads\\\/2021\\\/08\\\/ayuntamiento-pamplona2.jpg\",\"articleSection\":[\"Ayto Pamplona\"],\"inLanguage\":\"es\",\"potentialAction\":[{\"@type\":\"CommentAction\",\"name\":\"Comment\",\"target\":[\"https:\\\/\\\/www.laguiadepamplona.com\\\/actualidad\\\/declaraciones-aprobadas-en-la-comision-de-presidencia-celebrada-el-martes-16-de-noviembre-de-2021\\\/#respond\"]}]},{\"@type\":\"WebPage\",\"@id\":\"https:\\\/\\\/www.laguiadepamplona.com\\\/actualidad\\\/declaraciones-aprobadas-en-la-comision-de-presidencia-celebrada-el-martes-16-de-noviembre-de-2021\\\/\",\"url\":\"https:\\\/\\\/www.laguiadepamplona.com\\\/actualidad\\\/declaraciones-aprobadas-en-la-comision-de-presidencia-celebrada-el-martes-16-de-noviembre-de-2021\\\/\",\"name\":\"Declaraciones aprobadas en la Comisi\u00f3n de Presidencia celebrada el martes 16 de noviembre de 2021\",\"isPartOf\":{\"@id\":\"https:\\\/\\\/www.laguiadepamplona.com\\\/actualidad\\\/#website\"},\"primaryImageOfPage\":{\"@id\":\"https:\\\/\\\/www.laguiadepamplona.com\\\/actualidad\\\/declaraciones-aprobadas-en-la-comision-de-presidencia-celebrada-el-martes-16-de-noviembre-de-2021\\\/#primaryimage\"},\"image\":{\"@id\":\"https:\\\/\\\/www.laguiadepamplona.com\\\/actualidad\\\/declaraciones-aprobadas-en-la-comision-de-presidencia-celebrada-el-martes-16-de-noviembre-de-2021\\\/#primaryimage\"},\"thumbnailUrl\":\"https:\\\/\\\/www.laguiadepamplona.com\\\/actualidad\\\/wp-content\\\/uploads\\\/2021\\\/08\\\/ayuntamiento-pamplona2.jpg\",\"datePublished\":\"2021-11-16T16:03:47+00:00\",\"dateModified\":\"2023-04-11T09:48:45+00:00\",\"breadcrumb\":{\"@id\":\"https:\\\/\\\/www.laguiadepamplona.com\\\/actualidad\\\/declaraciones-aprobadas-en-la-comision-de-presidencia-celebrada-el-martes-16-de-noviembre-de-2021\\\/#breadcrumb\"},\"inLanguage\":\"es\",\"potentialAction\":[{\"@type\":\"ReadAction\",\"target\":[\"https:\\\/\\\/www.laguiadepamplona.com\\\/actualidad\\\/declaraciones-aprobadas-en-la-comision-de-presidencia-celebrada-el-martes-16-de-noviembre-de-2021\\\/\"]}]},{\"@type\":\"ImageObject\",\"inLanguage\":\"es\",\"@id\":\"https:\\\/\\\/www.laguiadepamplona.com\\\/actualidad\\\/declaraciones-aprobadas-en-la-comision-de-presidencia-celebrada-el-martes-16-de-noviembre-de-2021\\\/#primaryimage\",\"url\":\"https:\\\/\\\/www.laguiadepamplona.com\\\/actualidad\\\/wp-content\\\/uploads\\\/2021\\\/08\\\/ayuntamiento-pamplona2.jpg\",\"contentUrl\":\"https:\\\/\\\/www.laguiadepamplona.com\\\/actualidad\\\/wp-content\\\/uploads\\\/2021\\\/08\\\/ayuntamiento-pamplona2.jpg\",\"width\":1920,\"height\":1080,\"caption\":\"ayuntamiento pamplona\"},{\"@type\":\"BreadcrumbList\",\"@id\":\"https:\\\/\\\/www.laguiadepamplona.com\\\/actualidad\\\/declaraciones-aprobadas-en-la-comision-de-presidencia-celebrada-el-martes-16-de-noviembre-de-2021\\\/#breadcrumb\",\"itemListElement\":[{\"@type\":\"ListItem\",\"position\":1,\"name\":\"Portada\",\"item\":\"https:\\\/\\\/www.laguiadepamplona.com\\\/actualidad\\\/\"},{\"@type\":\"ListItem\",\"position\":2,\"name\":\"Declaraciones aprobadas en la Comisi\u00f3n de Presidencia celebrada el martes 16 de noviembre de 2021\"}]},{\"@type\":\"WebSite\",\"@id\":\"https:\\\/\\\/www.laguiadepamplona.com\\\/actualidad\\\/#website\",\"url\":\"https:\\\/\\\/www.laguiadepamplona.com\\\/actualidad\\\/\",\"name\":\"La gu\u00eda de Pamplona\",\"description\":\"Noticias de Pamplona\",\"publisher\":{\"@id\":\"https:\\\/\\\/www.laguiadepamplona.com\\\/actualidad\\\/#organization\"},\"potentialAction\":[{\"@type\":\"SearchAction\",\"target\":{\"@type\":\"EntryPoint\",\"urlTemplate\":\"https:\\\/\\\/www.laguiadepamplona.com\\\/actualidad\\\/?s={search_term_string}\"},\"query-input\":{\"@type\":\"PropertyValueSpecification\",\"valueRequired\":true,\"valueName\":\"search_term_string\"}}],\"inLanguage\":\"es\"},{\"@type\":\"Organization\",\"@id\":\"https:\\\/\\\/www.laguiadepamplona.com\\\/actualidad\\\/#organization\",\"name\":\"La Gu\u00eda de Pamplona \\\/ Noticias\",\"url\":\"https:\\\/\\\/www.laguiadepamplona.com\\\/actualidad\\\/\",\"logo\":{\"@type\":\"ImageObject\",\"inLanguage\":\"es\",\"@id\":\"https:\\\/\\\/www.laguiadepamplona.com\\\/actualidad\\\/#\\\/schema\\\/logo\\\/image\\\/\",\"url\":\"https:\\\/\\\/www.laguiadepamplona.com\\\/actualidad\\\/wp-content\\\/uploads\\\/2018\\\/11\\\/logo-laguiadepamplona18-web1.png\",\"contentUrl\":\"https:\\\/\\\/www.laguiadepamplona.com\\\/actualidad\\\/wp-content\\\/uploads\\\/2018\\\/11\\\/logo-laguiadepamplona18-web1.png\",\"width\":600,\"height\":196,\"caption\":\"La Gu\u00eda de Pamplona \\\/ Noticias\"},\"image\":{\"@id\":\"https:\\\/\\\/www.laguiadepamplona.com\\\/actualidad\\\/#\\\/schema\\\/logo\\\/image\\\/\"},\"sameAs\":[\"https:\\\/\\\/www.facebook.com\\\/laguiadepamplonacom-133175176762273\\\/?ref=hl\",\"https:\\\/\\\/x.com\\\/LaGuiadPamplona\",\"https:\\\/\\\/www.instagram.com\\\/la_guia_de_pamplona\\\/\",\"https:\\\/\\\/www.youtube.com\\\/user\\\/laguiadepamplona\"]},{\"@type\":\"Person\",\"@id\":\"https:\\\/\\\/www.laguiadepamplona.com\\\/actualidad\\\/#\\\/schema\\\/person\\\/efe887376f0213d4657c93adc50b1fdb\",\"name\":\"La Gu\u00eda de Pamplona\",\"image\":{\"@type\":\"ImageObject\",\"inLanguage\":\"es\",\"@id\":\"https:\\\/\\\/secure.gravatar.com\\\/avatar\\\/b6992f131dc8d30ab0dff15446e9d346d9dbd95992de0fef795073f5ea83a81c?s=96&d=mm&r=g\",\"url\":\"https:\\\/\\\/secure.gravatar.com\\\/avatar\\\/b6992f131dc8d30ab0dff15446e9d346d9dbd95992de0fef795073f5ea83a81c?s=96&d=mm&r=g\",\"contentUrl\":\"https:\\\/\\\/secure.gravatar.com\\\/avatar\\\/b6992f131dc8d30ab0dff15446e9d346d9dbd95992de0fef795073f5ea83a81c?s=96&d=mm&r=g\",\"caption\":\"La Gu\u00eda de Pamplona\"}}]}<\/script>\n<!-- \/ Yoast SEO plugin. -->","yoast_head_json":{"title":"Declaraciones aprobadas en la Comisi\u00f3n de Presidencia celebrada el martes 16 de noviembre de 2021","robots":{"index":"index","follow":"follow","max-snippet":"max-snippet:-1","max-image-preview":"max-image-preview:large","max-video-preview":"max-video-preview:-1"},"canonical":"https:\/\/www.laguiadepamplona.com\/actualidad\/declaraciones-aprobadas-en-la-comision-de-presidencia-celebrada-el-martes-16-de-noviembre-de-2021\/","og_locale":"es_ES","og_type":"article","og_title":"Declaraciones aprobadas en la Comisi\u00f3n de Presidencia celebrada el martes 16 de noviembre de 2021","og_description":"Declaraci\u00f3n sobre el parking de autocaravanas","og_url":"https:\/\/www.laguiadepamplona.com\/actualidad\/declaraciones-aprobadas-en-la-comision-de-presidencia-celebrada-el-martes-16-de-noviembre-de-2021\/","og_site_name":"La Gu\u00eda de Pamplona","article_publisher":"https:\/\/www.facebook.com\/laguiadepamplonacom-133175176762273\/?ref=hl","article_published_time":"2021-11-16T16:03:47+00:00","article_modified_time":"2023-04-11T09:48:45+00:00","og_image":[{"width":1920,"height":1080,"url":"https:\/\/www.laguiadepamplona.com\/actualidad\/wp-content\/uploads\/2021\/08\/ayuntamiento-pamplona2.jpg","type":"image\/jpeg"}],"author":"La Gu\u00eda de Pamplona","twitter_card":"summary_large_image","twitter_creator":"@LaGuiadPamplona","twitter_site":"@LaGuiadPamplona","twitter_misc":{"Escrito por":"La Gu\u00eda de Pamplona","Tiempo de lectura":"5 minutos"},"schema":{"@context":"https:\/\/schema.org","@graph":[{"@type":"Article","@id":"https:\/\/www.laguiadepamplona.com\/actualidad\/declaraciones-aprobadas-en-la-comision-de-presidencia-celebrada-el-martes-16-de-noviembre-de-2021\/#article","isPartOf":{"@id":"https:\/\/www.laguiadepamplona.com\/actualidad\/declaraciones-aprobadas-en-la-comision-de-presidencia-celebrada-el-martes-16-de-noviembre-de-2021\/"},"author":{"name":"La Gu\u00eda de Pamplona","@id":"https:\/\/www.laguiadepamplona.com\/actualidad\/#\/schema\/person\/efe887376f0213d4657c93adc50b1fdb"},"headline":"Declaraciones aprobadas en la Comisi\u00f3n de Presidencia celebrada el martes 16 de noviembre de 2021","datePublished":"2021-11-16T16:03:47+00:00","dateModified":"2023-04-11T09:48:45+00:00","mainEntityOfPage":{"@id":"https:\/\/www.laguiadepamplona.com\/actualidad\/declaraciones-aprobadas-en-la-comision-de-presidencia-celebrada-el-martes-16-de-noviembre-de-2021\/"},"wordCount":1136,"commentCount":0,"publisher":{"@id":"https:\/\/www.laguiadepamplona.com\/actualidad\/#organization"},"image":{"@id":"https:\/\/www.laguiadepamplona.com\/actualidad\/declaraciones-aprobadas-en-la-comision-de-presidencia-celebrada-el-martes-16-de-noviembre-de-2021\/#primaryimage"},"thumbnailUrl":"https:\/\/www.laguiadepamplona.com\/actualidad\/wp-content\/uploads\/2021\/08\/ayuntamiento-pamplona2.jpg","articleSection":["Ayto Pamplona"],"inLanguage":"es","potentialAction":[{"@type":"CommentAction","name":"Comment","target":["https:\/\/www.laguiadepamplona.com\/actualidad\/declaraciones-aprobadas-en-la-comision-de-presidencia-celebrada-el-martes-16-de-noviembre-de-2021\/#respond"]}]},{"@type":"WebPage","@id":"https:\/\/www.laguiadepamplona.com\/actualidad\/declaraciones-aprobadas-en-la-comision-de-presidencia-celebrada-el-martes-16-de-noviembre-de-2021\/","url":"https:\/\/www.laguiadepamplona.com\/actualidad\/declaraciones-aprobadas-en-la-comision-de-presidencia-celebrada-el-martes-16-de-noviembre-de-2021\/","name":"Declaraciones aprobadas en la Comisi\u00f3n de Presidencia celebrada el martes 16 de noviembre de 2021","isPartOf":{"@id":"https:\/\/www.laguiadepamplona.com\/actualidad\/#website"},"primaryImageOfPage":{"@id":"https:\/\/www.laguiadepamplona.com\/actualidad\/declaraciones-aprobadas-en-la-comision-de-presidencia-celebrada-el-martes-16-de-noviembre-de-2021\/#primaryimage"},"image":{"@id":"https:\/\/www.laguiadepamplona.com\/actualidad\/declaraciones-aprobadas-en-la-comision-de-presidencia-celebrada-el-martes-16-de-noviembre-de-2021\/#primaryimage"},"thumbnailUrl":"https:\/\/www.laguiadepamplona.com\/actualidad\/wp-content\/uploads\/2021\/08\/ayuntamiento-pamplona2.jpg","datePublished":"2021-11-16T16:03:47+00:00","dateModified":"2023-04-11T09:48:45+00:00","breadcrumb":{"@id":"https:\/\/www.laguiadepamplona.com\/actualidad\/declaraciones-aprobadas-en-la-comision-de-presidencia-celebrada-el-martes-16-de-noviembre-de-2021\/#breadcrumb"},"inLanguage":"es","potentialAction":[{"@type":"ReadAction","target":["https:\/\/www.laguiadepamplona.com\/actualidad\/declaraciones-aprobadas-en-la-comision-de-presidencia-celebrada-el-martes-16-de-noviembre-de-2021\/"]}]},{"@type":"ImageObject","inLanguage":"es","@id":"https:\/\/www.laguiadepamplona.com\/actualidad\/declaraciones-aprobadas-en-la-comision-de-presidencia-celebrada-el-martes-16-de-noviembre-de-2021\/#primaryimage","url":"https:\/\/www.laguiadepamplona.com\/actualidad\/wp-content\/uploads\/2021\/08\/ayuntamiento-pamplona2.jpg","contentUrl":"https:\/\/www.laguiadepamplona.com\/actualidad\/wp-content\/uploads\/2021\/08\/ayuntamiento-pamplona2.jpg","width":1920,"height":1080,"caption":"ayuntamiento pamplona"},{"@type":"BreadcrumbList","@id":"https:\/\/www.laguiadepamplona.com\/actualidad\/declaraciones-aprobadas-en-la-comision-de-presidencia-celebrada-el-martes-16-de-noviembre-de-2021\/#breadcrumb","itemListElement":[{"@type":"ListItem","position":1,"name":"Portada","item":"https:\/\/www.laguiadepamplona.com\/actualidad\/"},{"@type":"ListItem","position":2,"name":"Declaraciones aprobadas en la Comisi\u00f3n de Presidencia celebrada el martes 16 de noviembre de 2021"}]},{"@type":"WebSite","@id":"https:\/\/www.laguiadepamplona.com\/actualidad\/#website","url":"https:\/\/www.laguiadepamplona.com\/actualidad\/","name":"La gu\u00eda de Pamplona","description":"Noticias de Pamplona","publisher":{"@id":"https:\/\/www.laguiadepamplona.com\/actualidad\/#organization"},"potentialAction":[{"@type":"SearchAction","target":{"@type":"EntryPoint","urlTemplate":"https:\/\/www.laguiadepamplona.com\/actualidad\/?s={search_term_string}"},"query-input":{"@type":"PropertyValueSpecification","valueRequired":true,"valueName":"search_term_string"}}],"inLanguage":"es"},{"@type":"Organization","@id":"https:\/\/www.laguiadepamplona.com\/actualidad\/#organization","name":"La Gu\u00eda de Pamplona \/ Noticias","url":"https:\/\/www.laguiadepamplona.com\/actualidad\/","logo":{"@type":"ImageObject","inLanguage":"es","@id":"https:\/\/www.laguiadepamplona.com\/actualidad\/#\/schema\/logo\/image\/","url":"https:\/\/www.laguiadepamplona.com\/actualidad\/wp-content\/uploads\/2018\/11\/logo-laguiadepamplona18-web1.png","contentUrl":"https:\/\/www.laguiadepamplona.com\/actualidad\/wp-content\/uploads\/2018\/11\/logo-laguiadepamplona18-web1.png","width":600,"height":196,"caption":"La Gu\u00eda de Pamplona \/ Noticias"},"image":{"@id":"https:\/\/www.laguiadepamplona.com\/actualidad\/#\/schema\/logo\/image\/"},"sameAs":["https:\/\/www.facebook.com\/laguiadepamplonacom-133175176762273\/?ref=hl","https:\/\/x.com\/LaGuiadPamplona","https:\/\/www.instagram.com\/la_guia_de_pamplona\/","https:\/\/www.youtube.com\/user\/laguiadepamplona"]},{"@type":"Person","@id":"https:\/\/www.laguiadepamplona.com\/actualidad\/#\/schema\/person\/efe887376f0213d4657c93adc50b1fdb","name":"La Gu\u00eda de Pamplona","image":{"@type":"ImageObject","inLanguage":"es","@id":"https:\/\/secure.gravatar.com\/avatar\/b6992f131dc8d30ab0dff15446e9d346d9dbd95992de0fef795073f5ea83a81c?s=96&d=mm&r=g","url":"https:\/\/secure.gravatar.com\/avatar\/b6992f131dc8d30ab0dff15446e9d346d9dbd95992de0fef795073f5ea83a81c?s=96&d=mm&r=g","contentUrl":"https:\/\/secure.gravatar.com\/avatar\/b6992f131dc8d30ab0dff15446e9d346d9dbd95992de0fef795073f5ea83a81c?s=96&d=mm&r=g","caption":"La Gu\u00eda de Pamplona"}}]}},"post_mailing_queue_ids":[],"_links":{"self":[{"href":"https:\/\/www.laguiadepamplona.com\/actualidad\/wp-json\/wp\/v2\/posts\/37590","targetHints":{"allow":["GET"]}}],"collection":[{"href":"https:\/\/www.laguiadepamplona.com\/actualidad\/wp-json\/wp\/v2\/posts"}],"about":[{"href":"https:\/\/www.laguiadepamplona.com\/actualidad\/wp-json\/wp\/v2\/types\/post"}],"author":[{"embeddable":true,"href":"https:\/\/www.laguiadepamplona.com\/actualidad\/wp-json\/wp\/v2\/users\/1"}],"replies":[{"embeddable":true,"href":"https:\/\/www.laguiadepamplona.com\/actualidad\/wp-json\/wp\/v2\/comments?post=37590"}],"version-history":[{"count":0,"href":"https:\/\/www.laguiadepamplona.com\/actualidad\/wp-json\/wp\/v2\/posts\/37590\/revisions"}],"wp:featuredmedia":[{"embeddable":true,"href":"https:\/\/www.laguiadepamplona.com\/actualidad\/wp-json\/wp\/v2\/media\/36074"}],"wp:attachment":[{"href":"https:\/\/www.laguiadepamplona.com\/actualidad\/wp-json\/wp\/v2\/media?parent=37590"}],"wp:term":[{"taxonomy":"category","embeddable":true,"href":"https:\/\/www.laguiadepamplona.com\/actualidad\/wp-json\/wp\/v2\/categories?post=37590"},{"taxonomy":"post_tag","embeddable":true,"href":"https:\/\/www.laguiadepamplona.com\/actualidad\/wp-json\/wp\/v2\/tags?post=37590"}],"curies":[{"name":"wp","href":"https:\/\/api.w.org\/{rel}","templated":true}]}}