{"id":37584,"date":"2021-11-16T14:17:32","date_gmt":"2021-11-16T12:17:32","guid":{"rendered":"https:\/\/www.laguiadepamplona.com\/actualidad\/?p=37584"},"modified":"2023-04-11T11:48:46","modified_gmt":"2023-04-11T09:48:46","slug":"el-cpeip-san-juan-de-la-cadena-estrena-la-ampliacion-de-su-comedor-escolar-y-una-nueva-aula-ganadas-a-un-espacio-de-patio-y-porche-del-edificio-de-primaria","status":"publish","type":"post","link":"https:\/\/www.laguiadepamplona.com\/actualidad\/el-cpeip-san-juan-de-la-cadena-estrena-la-ampliacion-de-su-comedor-escolar-y-una-nueva-aula-ganadas-a-un-espacio-de-patio-y-porche-del-edificio-de-primaria\/","title":{"rendered":"El CPEIP San Juan de la Cadena estrena la ampliaci\u00f3n de su comedor escolar y una nueva aula ganadas a un espacio de patio y porche del edificio de Primaria"},"content":{"rendered":"<h5>Se ha invertido 186.327,90 euros en una ampliaci\u00f3n que forma parte de las actuaciones municipales anuales en colegio p\u00fablicos de la ciudad<\/h5>\n<p><!--more--><\/p>\n<p>La Comisi\u00f3n de Asuntos Ciudadanos del Ayuntamiento de Pamplona ha visitado esta ma\u00f1ana el Colegio P\u00fablico de Educaci\u00f3n Infantil y Primaria San Juan de la Cadena. All\u00ed han concluido las obras para la ampliaci\u00f3n del comedor escolar ubicado en la planta baja del edificio de Primaria que han generado, adem\u00e1s, una nueva aula en la primera planta. Esta actuaci\u00f3n, con un presupuesto de 186.327,90 euros, se enmarca en las inversiones en reformas o nuevas instalaciones que el Ayuntamiento ejecuta en colegios p\u00fablicos de la ciudad.<br \/>\n<script async src=\"\/\/pagead2.googlesyndication.com\/pagead\/js\/adsbygoogle.js\"><\/script><br \/>\n<!-- Noticias La Guia de Pamplona --><br \/>\n<ins class=\"adsbygoogle\"\nstyle=\"display:block\"\ndata-ad-client=\"ca-pub-6943679897239327\"\ndata-ad-slot=\"7048180777\"\ndata-ad-format=\"auto\"><\/ins><br \/>\n<script>\n(adsbygoogle = window.adsbygoogle || []).push({});\n<\/script><\/p>\n<p>Las obras se han ejecutado en el patio existente junto al comedor habitual. Se ha abierto un hueco en la fachada de ese patio para permitir el paso del comedor existente hacia la ampliaci\u00f3n. Con ella, se ha ganado un nuevo espacio de m\u00e1s de 40 metros cuadrados que permitir\u00e1 dar un mejor servicio de comedor. Para acoger el comedor, se ha creado una nueva estructura formada por pilares met\u00e1licos sobre zapatas de hormig\u00f3n, vigas de acero y forjado de chapa colaborante y capa de compresi\u00f3n de hormig\u00f3n. En la cubierta de esa ampliaci\u00f3n se ha aprovechado para construir una nueva aula en planta primera del edificio.<\/p>\n<p>La nueva fachada de la ampliaci\u00f3n est\u00e1 formada por grandes huecos acristalados con carpinter\u00edas con rotura de puente t\u00e9rmico; las partes ciegas tienen un acabado en panel \u2018Alucobond\u2019 en color gris grafito. El nuevo m\u00f3dulo que sirve de ampliaci\u00f3n al comedor no ocupa todo el espacio del antiguo porche del patio. As\u00ed, se creado una peque\u00f1a zona de patio junto al ascensor que permitir\u00e1 mantener la iluminaci\u00f3n y ventilaci\u00f3n natural de las zonas de circulaci\u00f3n. La fachada del edificio hacia el interior de la ampliaci\u00f3n se ha mantenido como estaba, en bloque de hormig\u00f3n visto y con los huecos existentes. Se han realizado nuevas ventilaciones para los aseos que anteriormente ten\u00edan ventanas a ese patio. Apenas se han necesitado cambios de distribuci\u00f3n en el edificio. \u00danicamente ha habido que actuar en la secretar\u00eda de planta, disminuyendo un poco su superficie, para crear el pasillo de acceso a la nueva aula.<br \/>\n<script async src=\"\/\/pagead2.googlesyndication.com\/pagead\/js\/adsbygoogle.js\"><\/script><br \/>\n<!-- Noticias La Guia de Pamplona --><br \/>\n<ins class=\"adsbygoogle\"\nstyle=\"display:block\"\ndata-ad-client=\"ca-pub-6943679897239327\"\ndata-ad-slot=\"7048180777\"\ndata-ad-format=\"auto\"><\/ins><br \/>\n<script>\n(adsbygoogle = window.adsbygoogle || []).push({});\n<\/script><\/p>\n<p>Las obras las ha ejecutado la empresa Erki Construcci\u00f3n Sostenible S.L., y se han desarrollado durante cuatro meses desde el pasado verano. Estos trabajos forman parte de las inversiones anuales que el Ayuntamiento de Pamplona realiza para la mejora de las instalaciones en los colegios p\u00fablicos de la ciudad. Este a\u00f1o la inversi\u00f3n ha ascendido a 993.000 euros y se han llevado a cabo diferentes trabajos en siete centros p\u00fablicos de Infantil y Primaria de la ciudad, San Francisco, Sanduzelai, Hegoalde, Amaiur, Iturrama, Garc\u00eda Galdeano y este de San Juan de la Cadena.<\/p>\n","protected":false},"excerpt":{"rendered":"<p>Se ha invertido 186.327,90 euros en una ampliaci\u00f3n que forma parte de las actuaciones municipales anuales en colegio p\u00fablicos de la ciudad<\/p>\n","protected":false},"author":1,"featured_media":37585,"comment_status":"open","ping_status":"closed","sticky":false,"template":"","format":"standard","meta":{"footnotes":""},"categories":[2],"tags":[],"class_list":["post-37584","post","type-post","status-publish","format-standard","has-post-thumbnail","hentry","category-ayuntamiento-pamplona"],"yoast_head":"<!-- This site is optimized with the Yoast SEO plugin v27.5 - https:\/\/yoast.com\/product\/yoast-seo-wordpress\/ -->\n<title>El CPEIP San Juan de la Cadena estrena la ampliaci\u00f3n de su comedor escolar y una nueva aula ganadas a un espacio de patio y porche del edificio de Primaria<\/title>\n<meta name=\"description\" content=\"Se ha invertido 186.327,90 euros en una ampliaci\u00f3n que forma parte de las actuaciones municipales anuales en colegio p\u00fablicos de la ciudad\" \/>\n<meta name=\"robots\" content=\"index, follow, max-snippet:-1, max-image-preview:large, max-video-preview:-1\" \/>\n<link rel=\"canonical\" href=\"https:\/\/www.laguiadepamplona.com\/actualidad\/el-cpeip-san-juan-de-la-cadena-estrena-la-ampliacion-de-su-comedor-escolar-y-una-nueva-aula-ganadas-a-un-espacio-de-patio-y-porche-del-edificio-de-primaria\/\" \/>\n<meta property=\"og:locale\" content=\"es_ES\" \/>\n<meta property=\"og:type\" content=\"article\" \/>\n<meta property=\"og:title\" content=\"El CPEIP San Juan de la Cadena estrena la ampliaci\u00f3n de su comedor escolar y una nueva aula ganadas a un espacio de patio y porche del edificio de Primaria\" \/>\n<meta property=\"og:description\" content=\"Se ha invertido 186.327,90 euros en una ampliaci\u00f3n que forma parte de las actuaciones municipales anuales en colegio p\u00fablicos de la ciudad\" \/>\n<meta property=\"og:url\" content=\"https:\/\/www.laguiadepamplona.com\/actualidad\/el-cpeip-san-juan-de-la-cadena-estrena-la-ampliacion-de-su-comedor-escolar-y-una-nueva-aula-ganadas-a-un-espacio-de-patio-y-porche-del-edificio-de-primaria\/\" \/>\n<meta property=\"og:site_name\" content=\"La Gu\u00eda de Pamplona\" \/>\n<meta property=\"article:publisher\" content=\"https:\/\/www.facebook.com\/laguiadepamplonacom-133175176762273\/?ref=hl\" \/>\n<meta property=\"article:published_time\" content=\"2021-11-16T12:17:32+00:00\" \/>\n<meta property=\"article:modified_time\" content=\"2023-04-11T09:48:46+00:00\" \/>\n<meta property=\"og:image\" content=\"https:\/\/www.laguiadepamplona.com\/actualidad\/wp-content\/uploads\/2021\/11\/sjcadena20211116jmg5405.jpg\" \/>\n\t<meta property=\"og:image:width\" content=\"1920\" \/>\n\t<meta property=\"og:image:height\" content=\"1280\" \/>\n\t<meta property=\"og:image:type\" content=\"image\/jpeg\" \/>\n<meta name=\"author\" content=\"La Gu\u00eda de Pamplona\" \/>\n<meta name=\"twitter:card\" content=\"summary_large_image\" \/>\n<meta name=\"twitter:creator\" content=\"@LaGuiadPamplona\" \/>\n<meta name=\"twitter:site\" content=\"@LaGuiadPamplona\" \/>\n<meta name=\"twitter:label1\" content=\"Escrito por\" \/>\n\t<meta name=\"twitter:data1\" content=\"La Gu\u00eda de Pamplona\" \/>\n\t<meta name=\"twitter:label2\" content=\"Tiempo de lectura\" \/>\n\t<meta name=\"twitter:data2\" content=\"3 minutos\" \/>\n<script type=\"application\/ld+json\" class=\"yoast-schema-graph\">{\"@context\":\"https:\\\/\\\/schema.org\",\"@graph\":[{\"@type\":\"Article\",\"@id\":\"https:\\\/\\\/www.laguiadepamplona.com\\\/actualidad\\\/el-cpeip-san-juan-de-la-cadena-estrena-la-ampliacion-de-su-comedor-escolar-y-una-nueva-aula-ganadas-a-un-espacio-de-patio-y-porche-del-edificio-de-primaria\\\/#article\",\"isPartOf\":{\"@id\":\"https:\\\/\\\/www.laguiadepamplona.com\\\/actualidad\\\/el-cpeip-san-juan-de-la-cadena-estrena-la-ampliacion-de-su-comedor-escolar-y-una-nueva-aula-ganadas-a-un-espacio-de-patio-y-porche-del-edificio-de-primaria\\\/\"},\"author\":{\"name\":\"La Gu\u00eda de Pamplona\",\"@id\":\"https:\\\/\\\/www.laguiadepamplona.com\\\/actualidad\\\/#\\\/schema\\\/person\\\/efe887376f0213d4657c93adc50b1fdb\"},\"headline\":\"El CPEIP San Juan de la Cadena estrena la ampliaci\u00f3n de su comedor escolar y una nueva aula ganadas a un espacio de patio y porche del edificio de Primaria\",\"datePublished\":\"2021-11-16T12:17:32+00:00\",\"dateModified\":\"2023-04-11T09:48:46+00:00\",\"mainEntityOfPage\":{\"@id\":\"https:\\\/\\\/www.laguiadepamplona.com\\\/actualidad\\\/el-cpeip-san-juan-de-la-cadena-estrena-la-ampliacion-de-su-comedor-escolar-y-una-nueva-aula-ganadas-a-un-espacio-de-patio-y-porche-del-edificio-de-primaria\\\/\"},\"wordCount\":522,\"commentCount\":0,\"publisher\":{\"@id\":\"https:\\\/\\\/www.laguiadepamplona.com\\\/actualidad\\\/#organization\"},\"image\":{\"@id\":\"https:\\\/\\\/www.laguiadepamplona.com\\\/actualidad\\\/el-cpeip-san-juan-de-la-cadena-estrena-la-ampliacion-de-su-comedor-escolar-y-una-nueva-aula-ganadas-a-un-espacio-de-patio-y-porche-del-edificio-de-primaria\\\/#primaryimage\"},\"thumbnailUrl\":\"https:\\\/\\\/www.laguiadepamplona.com\\\/actualidad\\\/wp-content\\\/uploads\\\/2021\\\/11\\\/sjcadena20211116jmg5405.jpg\",\"articleSection\":[\"Ayto Pamplona\"],\"inLanguage\":\"es\",\"potentialAction\":[{\"@type\":\"CommentAction\",\"name\":\"Comment\",\"target\":[\"https:\\\/\\\/www.laguiadepamplona.com\\\/actualidad\\\/el-cpeip-san-juan-de-la-cadena-estrena-la-ampliacion-de-su-comedor-escolar-y-una-nueva-aula-ganadas-a-un-espacio-de-patio-y-porche-del-edificio-de-primaria\\\/#respond\"]}]},{\"@type\":\"WebPage\",\"@id\":\"https:\\\/\\\/www.laguiadepamplona.com\\\/actualidad\\\/el-cpeip-san-juan-de-la-cadena-estrena-la-ampliacion-de-su-comedor-escolar-y-una-nueva-aula-ganadas-a-un-espacio-de-patio-y-porche-del-edificio-de-primaria\\\/\",\"url\":\"https:\\\/\\\/www.laguiadepamplona.com\\\/actualidad\\\/el-cpeip-san-juan-de-la-cadena-estrena-la-ampliacion-de-su-comedor-escolar-y-una-nueva-aula-ganadas-a-un-espacio-de-patio-y-porche-del-edificio-de-primaria\\\/\",\"name\":\"El CPEIP San Juan de la Cadena estrena la ampliaci\u00f3n de su comedor escolar y una nueva aula ganadas a un espacio de patio y porche del edificio de Primaria\",\"isPartOf\":{\"@id\":\"https:\\\/\\\/www.laguiadepamplona.com\\\/actualidad\\\/#website\"},\"primaryImageOfPage\":{\"@id\":\"https:\\\/\\\/www.laguiadepamplona.com\\\/actualidad\\\/el-cpeip-san-juan-de-la-cadena-estrena-la-ampliacion-de-su-comedor-escolar-y-una-nueva-aula-ganadas-a-un-espacio-de-patio-y-porche-del-edificio-de-primaria\\\/#primaryimage\"},\"image\":{\"@id\":\"https:\\\/\\\/www.laguiadepamplona.com\\\/actualidad\\\/el-cpeip-san-juan-de-la-cadena-estrena-la-ampliacion-de-su-comedor-escolar-y-una-nueva-aula-ganadas-a-un-espacio-de-patio-y-porche-del-edificio-de-primaria\\\/#primaryimage\"},\"thumbnailUrl\":\"https:\\\/\\\/www.laguiadepamplona.com\\\/actualidad\\\/wp-content\\\/uploads\\\/2021\\\/11\\\/sjcadena20211116jmg5405.jpg\",\"datePublished\":\"2021-11-16T12:17:32+00:00\",\"dateModified\":\"2023-04-11T09:48:46+00:00\",\"description\":\"Se ha invertido 186.327,90 euros en una ampliaci\u00f3n que forma parte de las actuaciones municipales anuales en colegio p\u00fablicos de la ciudad\",\"breadcrumb\":{\"@id\":\"https:\\\/\\\/www.laguiadepamplona.com\\\/actualidad\\\/el-cpeip-san-juan-de-la-cadena-estrena-la-ampliacion-de-su-comedor-escolar-y-una-nueva-aula-ganadas-a-un-espacio-de-patio-y-porche-del-edificio-de-primaria\\\/#breadcrumb\"},\"inLanguage\":\"es\",\"potentialAction\":[{\"@type\":\"ReadAction\",\"target\":[\"https:\\\/\\\/www.laguiadepamplona.com\\\/actualidad\\\/el-cpeip-san-juan-de-la-cadena-estrena-la-ampliacion-de-su-comedor-escolar-y-una-nueva-aula-ganadas-a-un-espacio-de-patio-y-porche-del-edificio-de-primaria\\\/\"]}]},{\"@type\":\"ImageObject\",\"inLanguage\":\"es\",\"@id\":\"https:\\\/\\\/www.laguiadepamplona.com\\\/actualidad\\\/el-cpeip-san-juan-de-la-cadena-estrena-la-ampliacion-de-su-comedor-escolar-y-una-nueva-aula-ganadas-a-un-espacio-de-patio-y-porche-del-edificio-de-primaria\\\/#primaryimage\",\"url\":\"https:\\\/\\\/www.laguiadepamplona.com\\\/actualidad\\\/wp-content\\\/uploads\\\/2021\\\/11\\\/sjcadena20211116jmg5405.jpg\",\"contentUrl\":\"https:\\\/\\\/www.laguiadepamplona.com\\\/actualidad\\\/wp-content\\\/uploads\\\/2021\\\/11\\\/sjcadena20211116jmg5405.jpg\",\"width\":1920,\"height\":1280},{\"@type\":\"BreadcrumbList\",\"@id\":\"https:\\\/\\\/www.laguiadepamplona.com\\\/actualidad\\\/el-cpeip-san-juan-de-la-cadena-estrena-la-ampliacion-de-su-comedor-escolar-y-una-nueva-aula-ganadas-a-un-espacio-de-patio-y-porche-del-edificio-de-primaria\\\/#breadcrumb\",\"itemListElement\":[{\"@type\":\"ListItem\",\"position\":1,\"name\":\"Portada\",\"item\":\"https:\\\/\\\/www.laguiadepamplona.com\\\/actualidad\\\/\"},{\"@type\":\"ListItem\",\"position\":2,\"name\":\"El CPEIP San Juan de la Cadena estrena la ampliaci\u00f3n de su comedor escolar y una nueva aula ganadas a un espacio de patio y porche del edificio de Primaria\"}]},{\"@type\":\"WebSite\",\"@id\":\"https:\\\/\\\/www.laguiadepamplona.com\\\/actualidad\\\/#website\",\"url\":\"https:\\\/\\\/www.laguiadepamplona.com\\\/actualidad\\\/\",\"name\":\"La gu\u00eda de Pamplona\",\"description\":\"Noticias de Pamplona\",\"publisher\":{\"@id\":\"https:\\\/\\\/www.laguiadepamplona.com\\\/actualidad\\\/#organization\"},\"potentialAction\":[{\"@type\":\"SearchAction\",\"target\":{\"@type\":\"EntryPoint\",\"urlTemplate\":\"https:\\\/\\\/www.laguiadepamplona.com\\\/actualidad\\\/?s={search_term_string}\"},\"query-input\":{\"@type\":\"PropertyValueSpecification\",\"valueRequired\":true,\"valueName\":\"search_term_string\"}}],\"inLanguage\":\"es\"},{\"@type\":\"Organization\",\"@id\":\"https:\\\/\\\/www.laguiadepamplona.com\\\/actualidad\\\/#organization\",\"name\":\"La Gu\u00eda de Pamplona \\\/ Noticias\",\"url\":\"https:\\\/\\\/www.laguiadepamplona.com\\\/actualidad\\\/\",\"logo\":{\"@type\":\"ImageObject\",\"inLanguage\":\"es\",\"@id\":\"https:\\\/\\\/www.laguiadepamplona.com\\\/actualidad\\\/#\\\/schema\\\/logo\\\/image\\\/\",\"url\":\"https:\\\/\\\/www.laguiadepamplona.com\\\/actualidad\\\/wp-content\\\/uploads\\\/2018\\\/11\\\/logo-laguiadepamplona18-web1.png\",\"contentUrl\":\"https:\\\/\\\/www.laguiadepamplona.com\\\/actualidad\\\/wp-content\\\/uploads\\\/2018\\\/11\\\/logo-laguiadepamplona18-web1.png\",\"width\":600,\"height\":196,\"caption\":\"La Gu\u00eda de Pamplona \\\/ Noticias\"},\"image\":{\"@id\":\"https:\\\/\\\/www.laguiadepamplona.com\\\/actualidad\\\/#\\\/schema\\\/logo\\\/image\\\/\"},\"sameAs\":[\"https:\\\/\\\/www.facebook.com\\\/laguiadepamplonacom-133175176762273\\\/?ref=hl\",\"https:\\\/\\\/x.com\\\/LaGuiadPamplona\",\"https:\\\/\\\/www.instagram.com\\\/la_guia_de_pamplona\\\/\",\"https:\\\/\\\/www.youtube.com\\\/user\\\/laguiadepamplona\"]},{\"@type\":\"Person\",\"@id\":\"https:\\\/\\\/www.laguiadepamplona.com\\\/actualidad\\\/#\\\/schema\\\/person\\\/efe887376f0213d4657c93adc50b1fdb\",\"name\":\"La Gu\u00eda de Pamplona\",\"image\":{\"@type\":\"ImageObject\",\"inLanguage\":\"es\",\"@id\":\"https:\\\/\\\/secure.gravatar.com\\\/avatar\\\/b6992f131dc8d30ab0dff15446e9d346d9dbd95992de0fef795073f5ea83a81c?s=96&d=mm&r=g\",\"url\":\"https:\\\/\\\/secure.gravatar.com\\\/avatar\\\/b6992f131dc8d30ab0dff15446e9d346d9dbd95992de0fef795073f5ea83a81c?s=96&d=mm&r=g\",\"contentUrl\":\"https:\\\/\\\/secure.gravatar.com\\\/avatar\\\/b6992f131dc8d30ab0dff15446e9d346d9dbd95992de0fef795073f5ea83a81c?s=96&d=mm&r=g\",\"caption\":\"La Gu\u00eda de Pamplona\"}}]}<\/script>\n<!-- \/ Yoast SEO plugin. -->","yoast_head_json":{"title":"El CPEIP San Juan de la Cadena estrena la ampliaci\u00f3n de su comedor escolar y una nueva aula ganadas a un espacio de patio y porche del edificio de Primaria","description":"Se ha invertido 186.327,90 euros en una ampliaci\u00f3n que forma parte de las actuaciones municipales anuales en colegio p\u00fablicos de la ciudad","robots":{"index":"index","follow":"follow","max-snippet":"max-snippet:-1","max-image-preview":"max-image-preview:large","max-video-preview":"max-video-preview:-1"},"canonical":"https:\/\/www.laguiadepamplona.com\/actualidad\/el-cpeip-san-juan-de-la-cadena-estrena-la-ampliacion-de-su-comedor-escolar-y-una-nueva-aula-ganadas-a-un-espacio-de-patio-y-porche-del-edificio-de-primaria\/","og_locale":"es_ES","og_type":"article","og_title":"El CPEIP San Juan de la Cadena estrena la ampliaci\u00f3n de su comedor escolar y una nueva aula ganadas a un espacio de patio y porche del edificio de Primaria","og_description":"Se ha invertido 186.327,90 euros en una ampliaci\u00f3n que forma parte de las actuaciones municipales anuales en colegio p\u00fablicos de la ciudad","og_url":"https:\/\/www.laguiadepamplona.com\/actualidad\/el-cpeip-san-juan-de-la-cadena-estrena-la-ampliacion-de-su-comedor-escolar-y-una-nueva-aula-ganadas-a-un-espacio-de-patio-y-porche-del-edificio-de-primaria\/","og_site_name":"La Gu\u00eda de Pamplona","article_publisher":"https:\/\/www.facebook.com\/laguiadepamplonacom-133175176762273\/?ref=hl","article_published_time":"2021-11-16T12:17:32+00:00","article_modified_time":"2023-04-11T09:48:46+00:00","og_image":[{"width":1920,"height":1280,"url":"https:\/\/www.laguiadepamplona.com\/actualidad\/wp-content\/uploads\/2021\/11\/sjcadena20211116jmg5405.jpg","type":"image\/jpeg"}],"author":"La Gu\u00eda de Pamplona","twitter_card":"summary_large_image","twitter_creator":"@LaGuiadPamplona","twitter_site":"@LaGuiadPamplona","twitter_misc":{"Escrito por":"La Gu\u00eda de Pamplona","Tiempo de lectura":"3 minutos"},"schema":{"@context":"https:\/\/schema.org","@graph":[{"@type":"Article","@id":"https:\/\/www.laguiadepamplona.com\/actualidad\/el-cpeip-san-juan-de-la-cadena-estrena-la-ampliacion-de-su-comedor-escolar-y-una-nueva-aula-ganadas-a-un-espacio-de-patio-y-porche-del-edificio-de-primaria\/#article","isPartOf":{"@id":"https:\/\/www.laguiadepamplona.com\/actualidad\/el-cpeip-san-juan-de-la-cadena-estrena-la-ampliacion-de-su-comedor-escolar-y-una-nueva-aula-ganadas-a-un-espacio-de-patio-y-porche-del-edificio-de-primaria\/"},"author":{"name":"La Gu\u00eda de Pamplona","@id":"https:\/\/www.laguiadepamplona.com\/actualidad\/#\/schema\/person\/efe887376f0213d4657c93adc50b1fdb"},"headline":"El CPEIP San Juan de la Cadena estrena la ampliaci\u00f3n de su comedor escolar y una nueva aula ganadas a un espacio de patio y porche del edificio de Primaria","datePublished":"2021-11-16T12:17:32+00:00","dateModified":"2023-04-11T09:48:46+00:00","mainEntityOfPage":{"@id":"https:\/\/www.laguiadepamplona.com\/actualidad\/el-cpeip-san-juan-de-la-cadena-estrena-la-ampliacion-de-su-comedor-escolar-y-una-nueva-aula-ganadas-a-un-espacio-de-patio-y-porche-del-edificio-de-primaria\/"},"wordCount":522,"commentCount":0,"publisher":{"@id":"https:\/\/www.laguiadepamplona.com\/actualidad\/#organization"},"image":{"@id":"https:\/\/www.laguiadepamplona.com\/actualidad\/el-cpeip-san-juan-de-la-cadena-estrena-la-ampliacion-de-su-comedor-escolar-y-una-nueva-aula-ganadas-a-un-espacio-de-patio-y-porche-del-edificio-de-primaria\/#primaryimage"},"thumbnailUrl":"https:\/\/www.laguiadepamplona.com\/actualidad\/wp-content\/uploads\/2021\/11\/sjcadena20211116jmg5405.jpg","articleSection":["Ayto Pamplona"],"inLanguage":"es","potentialAction":[{"@type":"CommentAction","name":"Comment","target":["https:\/\/www.laguiadepamplona.com\/actualidad\/el-cpeip-san-juan-de-la-cadena-estrena-la-ampliacion-de-su-comedor-escolar-y-una-nueva-aula-ganadas-a-un-espacio-de-patio-y-porche-del-edificio-de-primaria\/#respond"]}]},{"@type":"WebPage","@id":"https:\/\/www.laguiadepamplona.com\/actualidad\/el-cpeip-san-juan-de-la-cadena-estrena-la-ampliacion-de-su-comedor-escolar-y-una-nueva-aula-ganadas-a-un-espacio-de-patio-y-porche-del-edificio-de-primaria\/","url":"https:\/\/www.laguiadepamplona.com\/actualidad\/el-cpeip-san-juan-de-la-cadena-estrena-la-ampliacion-de-su-comedor-escolar-y-una-nueva-aula-ganadas-a-un-espacio-de-patio-y-porche-del-edificio-de-primaria\/","name":"El CPEIP San Juan de la Cadena estrena la ampliaci\u00f3n de su comedor escolar y una nueva aula ganadas a un espacio de patio y porche del edificio de Primaria","isPartOf":{"@id":"https:\/\/www.laguiadepamplona.com\/actualidad\/#website"},"primaryImageOfPage":{"@id":"https:\/\/www.laguiadepamplona.com\/actualidad\/el-cpeip-san-juan-de-la-cadena-estrena-la-ampliacion-de-su-comedor-escolar-y-una-nueva-aula-ganadas-a-un-espacio-de-patio-y-porche-del-edificio-de-primaria\/#primaryimage"},"image":{"@id":"https:\/\/www.laguiadepamplona.com\/actualidad\/el-cpeip-san-juan-de-la-cadena-estrena-la-ampliacion-de-su-comedor-escolar-y-una-nueva-aula-ganadas-a-un-espacio-de-patio-y-porche-del-edificio-de-primaria\/#primaryimage"},"thumbnailUrl":"https:\/\/www.laguiadepamplona.com\/actualidad\/wp-content\/uploads\/2021\/11\/sjcadena20211116jmg5405.jpg","datePublished":"2021-11-16T12:17:32+00:00","dateModified":"2023-04-11T09:48:46+00:00","description":"Se ha invertido 186.327,90 euros en una ampliaci\u00f3n que forma parte de las actuaciones municipales anuales en colegio p\u00fablicos de la ciudad","breadcrumb":{"@id":"https:\/\/www.laguiadepamplona.com\/actualidad\/el-cpeip-san-juan-de-la-cadena-estrena-la-ampliacion-de-su-comedor-escolar-y-una-nueva-aula-ganadas-a-un-espacio-de-patio-y-porche-del-edificio-de-primaria\/#breadcrumb"},"inLanguage":"es","potentialAction":[{"@type":"ReadAction","target":["https:\/\/www.laguiadepamplona.com\/actualidad\/el-cpeip-san-juan-de-la-cadena-estrena-la-ampliacion-de-su-comedor-escolar-y-una-nueva-aula-ganadas-a-un-espacio-de-patio-y-porche-del-edificio-de-primaria\/"]}]},{"@type":"ImageObject","inLanguage":"es","@id":"https:\/\/www.laguiadepamplona.com\/actualidad\/el-cpeip-san-juan-de-la-cadena-estrena-la-ampliacion-de-su-comedor-escolar-y-una-nueva-aula-ganadas-a-un-espacio-de-patio-y-porche-del-edificio-de-primaria\/#primaryimage","url":"https:\/\/www.laguiadepamplona.com\/actualidad\/wp-content\/uploads\/2021\/11\/sjcadena20211116jmg5405.jpg","contentUrl":"https:\/\/www.laguiadepamplona.com\/actualidad\/wp-content\/uploads\/2021\/11\/sjcadena20211116jmg5405.jpg","width":1920,"height":1280},{"@type":"BreadcrumbList","@id":"https:\/\/www.laguiadepamplona.com\/actualidad\/el-cpeip-san-juan-de-la-cadena-estrena-la-ampliacion-de-su-comedor-escolar-y-una-nueva-aula-ganadas-a-un-espacio-de-patio-y-porche-del-edificio-de-primaria\/#breadcrumb","itemListElement":[{"@type":"ListItem","position":1,"name":"Portada","item":"https:\/\/www.laguiadepamplona.com\/actualidad\/"},{"@type":"ListItem","position":2,"name":"El CPEIP San Juan de la Cadena estrena la ampliaci\u00f3n de su comedor escolar y una nueva aula ganadas a un espacio de patio y porche del edificio de Primaria"}]},{"@type":"WebSite","@id":"https:\/\/www.laguiadepamplona.com\/actualidad\/#website","url":"https:\/\/www.laguiadepamplona.com\/actualidad\/","name":"La gu\u00eda de Pamplona","description":"Noticias de Pamplona","publisher":{"@id":"https:\/\/www.laguiadepamplona.com\/actualidad\/#organization"},"potentialAction":[{"@type":"SearchAction","target":{"@type":"EntryPoint","urlTemplate":"https:\/\/www.laguiadepamplona.com\/actualidad\/?s={search_term_string}"},"query-input":{"@type":"PropertyValueSpecification","valueRequired":true,"valueName":"search_term_string"}}],"inLanguage":"es"},{"@type":"Organization","@id":"https:\/\/www.laguiadepamplona.com\/actualidad\/#organization","name":"La Gu\u00eda de Pamplona \/ Noticias","url":"https:\/\/www.laguiadepamplona.com\/actualidad\/","logo":{"@type":"ImageObject","inLanguage":"es","@id":"https:\/\/www.laguiadepamplona.com\/actualidad\/#\/schema\/logo\/image\/","url":"https:\/\/www.laguiadepamplona.com\/actualidad\/wp-content\/uploads\/2018\/11\/logo-laguiadepamplona18-web1.png","contentUrl":"https:\/\/www.laguiadepamplona.com\/actualidad\/wp-content\/uploads\/2018\/11\/logo-laguiadepamplona18-web1.png","width":600,"height":196,"caption":"La Gu\u00eda de Pamplona \/ Noticias"},"image":{"@id":"https:\/\/www.laguiadepamplona.com\/actualidad\/#\/schema\/logo\/image\/"},"sameAs":["https:\/\/www.facebook.com\/laguiadepamplonacom-133175176762273\/?ref=hl","https:\/\/x.com\/LaGuiadPamplona","https:\/\/www.instagram.com\/la_guia_de_pamplona\/","https:\/\/www.youtube.com\/user\/laguiadepamplona"]},{"@type":"Person","@id":"https:\/\/www.laguiadepamplona.com\/actualidad\/#\/schema\/person\/efe887376f0213d4657c93adc50b1fdb","name":"La Gu\u00eda de Pamplona","image":{"@type":"ImageObject","inLanguage":"es","@id":"https:\/\/secure.gravatar.com\/avatar\/b6992f131dc8d30ab0dff15446e9d346d9dbd95992de0fef795073f5ea83a81c?s=96&d=mm&r=g","url":"https:\/\/secure.gravatar.com\/avatar\/b6992f131dc8d30ab0dff15446e9d346d9dbd95992de0fef795073f5ea83a81c?s=96&d=mm&r=g","contentUrl":"https:\/\/secure.gravatar.com\/avatar\/b6992f131dc8d30ab0dff15446e9d346d9dbd95992de0fef795073f5ea83a81c?s=96&d=mm&r=g","caption":"La Gu\u00eda de Pamplona"}}]}},"post_mailing_queue_ids":[],"_links":{"self":[{"href":"https:\/\/www.laguiadepamplona.com\/actualidad\/wp-json\/wp\/v2\/posts\/37584","targetHints":{"allow":["GET"]}}],"collection":[{"href":"https:\/\/www.laguiadepamplona.com\/actualidad\/wp-json\/wp\/v2\/posts"}],"about":[{"href":"https:\/\/www.laguiadepamplona.com\/actualidad\/wp-json\/wp\/v2\/types\/post"}],"author":[{"embeddable":true,"href":"https:\/\/www.laguiadepamplona.com\/actualidad\/wp-json\/wp\/v2\/users\/1"}],"replies":[{"embeddable":true,"href":"https:\/\/www.laguiadepamplona.com\/actualidad\/wp-json\/wp\/v2\/comments?post=37584"}],"version-history":[{"count":0,"href":"https:\/\/www.laguiadepamplona.com\/actualidad\/wp-json\/wp\/v2\/posts\/37584\/revisions"}],"wp:featuredmedia":[{"embeddable":true,"href":"https:\/\/www.laguiadepamplona.com\/actualidad\/wp-json\/wp\/v2\/media\/37585"}],"wp:attachment":[{"href":"https:\/\/www.laguiadepamplona.com\/actualidad\/wp-json\/wp\/v2\/media?parent=37584"}],"wp:term":[{"taxonomy":"category","embeddable":true,"href":"https:\/\/www.laguiadepamplona.com\/actualidad\/wp-json\/wp\/v2\/categories?post=37584"},{"taxonomy":"post_tag","embeddable":true,"href":"https:\/\/www.laguiadepamplona.com\/actualidad\/wp-json\/wp\/v2\/tags?post=37584"}],"curies":[{"name":"wp","href":"https:\/\/api.w.org\/{rel}","templated":true}]}}