{"id":37579,"date":"2021-11-16T12:31:46","date_gmt":"2021-11-16T10:31:46","guid":{"rendered":"https:\/\/www.laguiadepamplona.com\/actualidad\/?p=37579"},"modified":"2023-04-11T11:48:46","modified_gmt":"2023-04-11T09:48:46","slug":"diciembre-ofrece-apoyo-emocional-a-las-personas-mayores-de-65-anos-con-dos-talleres-de-ocho-horas-centrados-en-bienestar-personal-y-entender-la-depresion","status":"publish","type":"post","link":"https:\/\/www.laguiadepamplona.com\/actualidad\/diciembre-ofrece-apoyo-emocional-a-las-personas-mayores-de-65-anos-con-dos-talleres-de-ocho-horas-centrados-en-bienestar-personal-y-entender-la-depresion\/","title":{"rendered":"Diciembre ofrece apoyo emocional a las personas mayores de 65 a\u00f1os con dos talleres de ocho horas centrados en \u2018Bienestar personal\u2019 y \u2018Entender la depresi\u00f3n\u2019"},"content":{"rendered":"<h5>Contin\u00faa la oferta del Ayuntamiento y el Tel\u00e9fono de la Esperanza en la red Civivox y, para esta tanda se abren inscripciones el 18 de noviembre<\/h5>\n<p><!--more--><\/p>\n<p>En el mes de diciembre el Ayuntamiento de Pamplona y el Tel\u00e9fono de la Esperanza ofrecer\u00e1n dos talleres gratuitos de apoyo emocional destinados a personas mayores de 65 a\u00f1os. En esta ocasi\u00f3n las cuatro sesiones de cada taller tendr\u00e1n lugar los d\u00edas 13, 15, 20 y 22 de diciembre y se realizar\u00e1n simult\u00e1neamente en dos centros de la red Civivox. En Civivox Ensanche los talleres se centrar\u00e1n en c\u00f3mo \u2018Trabajar el bienestar personal\u2019 y se impartir\u00e1n de 17 a 19 horas; en Civivox Jus la Rocha est\u00e1n programados de 10 a 12 horas y su contenido ser\u00e1 \u2018Entender la depresi\u00f3n\u2019.<br \/>\n<script async src=\"\/\/pagead2.googlesyndication.com\/pagead\/js\/adsbygoogle.js\"><\/script><br \/>\n<!-- Noticias La Guia de Pamplona --><br \/>\n<ins class=\"adsbygoogle\"\nstyle=\"display:block\"\ndata-ad-client=\"ca-pub-6943679897239327\"\ndata-ad-slot=\"7048180777\"\ndata-ad-format=\"auto\"><\/ins><br \/>\n<script>\n(adsbygoogle = window.adsbygoogle || []).push({});\n<\/script><\/p>\n<p>Hay un total de 30 plazas disponibles para estas actividades y las personas interesadas en participar pueden apuntarse de forma gratuita partir del jueves 18 de noviembre. Las plazas se atribuir\u00e1n en orden de inscripci\u00f3n priorizando a las personas empadronadas. Para solicita plaza hay que llamar al n\u00famero de tel\u00e9fono 948 243040.<\/p>\n<p>El pasado junio el Consistorio y el Tel\u00e9fono de la Esperanza firmaron un convenio de colaboraci\u00f3n para desarrollar un programa de apoyo psicol\u00f3gico dirigido a mayores que trabaja en torno a cuatro ejes: bienestar personal, comunicaci\u00f3n interpersonal, gesti\u00f3n de estr\u00e9s y depresi\u00f3n. Desde entonces se han realizado seis talleres de cuatro sesiones de duraci\u00f3n que han cubierto las 15 plazas disponibles por actividad. El conjunto de la oferta (4&#215;4) se ir\u00e1 realizando en Casco Antiguo, Ensanche, Iturrama y Rochapea, los barrios que albergan en estos momentos la mayor cantidad de poblaci\u00f3n mayor. En estos momentos un 22% de la poblaci\u00f3n de la ciudad y tiene m\u00e1s de 65 a\u00f1os.<\/p>\n<p>La pretensi\u00f3n de estas propuestas es poner al alcance de esa franja de edad un servicio cualificado y gratuito que contribuya a mejorar su situaci\u00f3n personal y les ayude a superar las consecuencias emocionales derivadas de la crisis sanitaria de la COVID-19 y de la situaci\u00f3n de confinamiento y restricci\u00f3n. A nivel mundial y seg\u00fan datos de Naciones Unidas la epidemia ha tenido una importante letalidad entre los mayores. Como ejemplo, las muertes por coronavirus entre las personas de m\u00e1s de 80 a\u00f1os quintuplicaba el promedio mundial. La idea de esta iniciativa con enfoque sociosanitario y comunitario es ayudar a las personas destinatarias a incrementar sus recursos personales para poder hacer frente mejor a las situaciones del d\u00eda a d\u00eda y, as\u00ed, llevar una vida m\u00e1s sana y satisfactoria.<br \/>\n<script async src=\"\/\/pagead2.googlesyndication.com\/pagead\/js\/adsbygoogle.js\"><\/script><br \/>\n<!-- Noticias La Guia de Pamplona --><br \/>\n<ins class=\"adsbygoogle\"\nstyle=\"display:block\"\ndata-ad-client=\"ca-pub-6943679897239327\"\ndata-ad-slot=\"7048180777\"\ndata-ad-format=\"auto\"><\/ins><br \/>\n<script>\n(adsbygoogle = window.adsbygoogle || []).push({});\n<\/script><\/p>\n<p>El Tel\u00e9fono de la Esperanza es una entidad de iniciativa social y voluntaria con una larga experiencia de trabajo con personas en situaci\u00f3n de crisis grave que cuenta con un servicio de urgencia 24 horas. Basa su actuaci\u00f3n en la confidencialidad, el anonimato y el secreto profesional y, de manera paralela, impulsa la promoci\u00f3n del voluntariado y la capacitaci\u00f3n de personas, familias y colectivos para mejorar su calidad de vida y salud emocional y la del resto de la ciudadan\u00eda.<\/p>\n","protected":false},"excerpt":{"rendered":"<p>Contin\u00faa la oferta del Ayuntamiento y el Tel\u00e9fono de la Esperanza en la red Civivox y, para esta tanda se abren inscripciones el 18 de noviembre<\/p>\n","protected":false},"author":1,"featured_media":37580,"comment_status":"open","ping_status":"closed","sticky":false,"template":"","format":"standard","meta":{"footnotes":""},"categories":[2],"tags":[],"class_list":["post-37579","post","type-post","status-publish","format-standard","has-post-thumbnail","hentry","category-ayuntamiento-pamplona"],"yoast_head":"<!-- This site is optimized with the Yoast SEO plugin v27.5 - https:\/\/yoast.com\/product\/yoast-seo-wordpress\/ -->\n<title>Diciembre ofrece apoyo emocional a las personas mayores de 65 a\u00f1os con dos talleres de ocho horas centrados en \u2018Bienestar personal\u2019 y \u2018Entender la depresi\u00f3n\u2019<\/title>\n<meta name=\"description\" content=\"Contin\u00faa la oferta del Ayuntamiento y el Tel\u00e9fono de la Esperanza en la red Civivox y, para esta tanda se abren inscripciones el 18 de noviembre\" \/>\n<meta name=\"robots\" content=\"index, follow, max-snippet:-1, max-image-preview:large, max-video-preview:-1\" \/>\n<link rel=\"canonical\" href=\"https:\/\/www.laguiadepamplona.com\/actualidad\/diciembre-ofrece-apoyo-emocional-a-las-personas-mayores-de-65-anos-con-dos-talleres-de-ocho-horas-centrados-en-bienestar-personal-y-entender-la-depresion\/\" \/>\n<meta property=\"og:locale\" content=\"es_ES\" \/>\n<meta property=\"og:type\" content=\"article\" \/>\n<meta property=\"og:title\" content=\"Diciembre ofrece apoyo emocional a las personas mayores de 65 a\u00f1os con dos talleres de ocho horas centrados en \u2018Bienestar personal\u2019 y \u2018Entender la depresi\u00f3n\u2019\" \/>\n<meta property=\"og:description\" content=\"Contin\u00faa la oferta del Ayuntamiento y el Tel\u00e9fono de la Esperanza en la red Civivox y, para esta tanda se abren inscripciones el 18 de noviembre\" \/>\n<meta property=\"og:url\" content=\"https:\/\/www.laguiadepamplona.com\/actualidad\/diciembre-ofrece-apoyo-emocional-a-las-personas-mayores-de-65-anos-con-dos-talleres-de-ocho-horas-centrados-en-bienestar-personal-y-entender-la-depresion\/\" \/>\n<meta property=\"og:site_name\" content=\"La Gu\u00eda de Pamplona\" \/>\n<meta property=\"article:publisher\" content=\"https:\/\/www.facebook.com\/laguiadepamplonacom-133175176762273\/?ref=hl\" \/>\n<meta property=\"article:published_time\" content=\"2021-11-16T10:31:46+00:00\" \/>\n<meta property=\"article:modified_time\" content=\"2023-04-11T09:48:46+00:00\" \/>\n<meta property=\"og:image\" content=\"https:\/\/www.laguiadepamplona.com\/actualidad\/wp-content\/uploads\/2021\/11\/adultos-mayores-hands-g25ab469ab_1920.jpg\" \/>\n\t<meta property=\"og:image:width\" content=\"1920\" \/>\n\t<meta property=\"og:image:height\" content=\"1280\" \/>\n\t<meta property=\"og:image:type\" content=\"image\/jpeg\" \/>\n<meta name=\"author\" content=\"La Gu\u00eda de Pamplona\" \/>\n<meta name=\"twitter:card\" content=\"summary_large_image\" \/>\n<meta name=\"twitter:creator\" content=\"@LaGuiadPamplona\" \/>\n<meta name=\"twitter:site\" content=\"@LaGuiadPamplona\" \/>\n<meta name=\"twitter:label1\" content=\"Escrito por\" \/>\n\t<meta name=\"twitter:data1\" content=\"La Gu\u00eda de Pamplona\" \/>\n\t<meta name=\"twitter:label2\" content=\"Tiempo de lectura\" \/>\n\t<meta name=\"twitter:data2\" content=\"3 minutos\" \/>\n<script type=\"application\/ld+json\" class=\"yoast-schema-graph\">{\"@context\":\"https:\\\/\\\/schema.org\",\"@graph\":[{\"@type\":\"Article\",\"@id\":\"https:\\\/\\\/www.laguiadepamplona.com\\\/actualidad\\\/diciembre-ofrece-apoyo-emocional-a-las-personas-mayores-de-65-anos-con-dos-talleres-de-ocho-horas-centrados-en-bienestar-personal-y-entender-la-depresion\\\/#article\",\"isPartOf\":{\"@id\":\"https:\\\/\\\/www.laguiadepamplona.com\\\/actualidad\\\/diciembre-ofrece-apoyo-emocional-a-las-personas-mayores-de-65-anos-con-dos-talleres-de-ocho-horas-centrados-en-bienestar-personal-y-entender-la-depresion\\\/\"},\"author\":{\"name\":\"La Gu\u00eda de Pamplona\",\"@id\":\"https:\\\/\\\/www.laguiadepamplona.com\\\/actualidad\\\/#\\\/schema\\\/person\\\/efe887376f0213d4657c93adc50b1fdb\"},\"headline\":\"Diciembre ofrece apoyo emocional a las personas mayores de 65 a\u00f1os con dos talleres de ocho horas centrados en \u2018Bienestar personal\u2019 y \u2018Entender la depresi\u00f3n\u2019\",\"datePublished\":\"2021-11-16T10:31:46+00:00\",\"dateModified\":\"2023-04-11T09:48:46+00:00\",\"mainEntityOfPage\":{\"@id\":\"https:\\\/\\\/www.laguiadepamplona.com\\\/actualidad\\\/diciembre-ofrece-apoyo-emocional-a-las-personas-mayores-de-65-anos-con-dos-talleres-de-ocho-horas-centrados-en-bienestar-personal-y-entender-la-depresion\\\/\"},\"wordCount\":550,\"commentCount\":0,\"publisher\":{\"@id\":\"https:\\\/\\\/www.laguiadepamplona.com\\\/actualidad\\\/#organization\"},\"image\":{\"@id\":\"https:\\\/\\\/www.laguiadepamplona.com\\\/actualidad\\\/diciembre-ofrece-apoyo-emocional-a-las-personas-mayores-de-65-anos-con-dos-talleres-de-ocho-horas-centrados-en-bienestar-personal-y-entender-la-depresion\\\/#primaryimage\"},\"thumbnailUrl\":\"https:\\\/\\\/www.laguiadepamplona.com\\\/actualidad\\\/wp-content\\\/uploads\\\/2021\\\/11\\\/adultos-mayores-hands-g25ab469ab_1920.jpg\",\"articleSection\":[\"Ayto Pamplona\"],\"inLanguage\":\"es\",\"potentialAction\":[{\"@type\":\"CommentAction\",\"name\":\"Comment\",\"target\":[\"https:\\\/\\\/www.laguiadepamplona.com\\\/actualidad\\\/diciembre-ofrece-apoyo-emocional-a-las-personas-mayores-de-65-anos-con-dos-talleres-de-ocho-horas-centrados-en-bienestar-personal-y-entender-la-depresion\\\/#respond\"]}]},{\"@type\":\"WebPage\",\"@id\":\"https:\\\/\\\/www.laguiadepamplona.com\\\/actualidad\\\/diciembre-ofrece-apoyo-emocional-a-las-personas-mayores-de-65-anos-con-dos-talleres-de-ocho-horas-centrados-en-bienestar-personal-y-entender-la-depresion\\\/\",\"url\":\"https:\\\/\\\/www.laguiadepamplona.com\\\/actualidad\\\/diciembre-ofrece-apoyo-emocional-a-las-personas-mayores-de-65-anos-con-dos-talleres-de-ocho-horas-centrados-en-bienestar-personal-y-entender-la-depresion\\\/\",\"name\":\"Diciembre ofrece apoyo emocional a las personas mayores de 65 a\u00f1os con dos talleres de ocho horas centrados en \u2018Bienestar personal\u2019 y \u2018Entender la depresi\u00f3n\u2019\",\"isPartOf\":{\"@id\":\"https:\\\/\\\/www.laguiadepamplona.com\\\/actualidad\\\/#website\"},\"primaryImageOfPage\":{\"@id\":\"https:\\\/\\\/www.laguiadepamplona.com\\\/actualidad\\\/diciembre-ofrece-apoyo-emocional-a-las-personas-mayores-de-65-anos-con-dos-talleres-de-ocho-horas-centrados-en-bienestar-personal-y-entender-la-depresion\\\/#primaryimage\"},\"image\":{\"@id\":\"https:\\\/\\\/www.laguiadepamplona.com\\\/actualidad\\\/diciembre-ofrece-apoyo-emocional-a-las-personas-mayores-de-65-anos-con-dos-talleres-de-ocho-horas-centrados-en-bienestar-personal-y-entender-la-depresion\\\/#primaryimage\"},\"thumbnailUrl\":\"https:\\\/\\\/www.laguiadepamplona.com\\\/actualidad\\\/wp-content\\\/uploads\\\/2021\\\/11\\\/adultos-mayores-hands-g25ab469ab_1920.jpg\",\"datePublished\":\"2021-11-16T10:31:46+00:00\",\"dateModified\":\"2023-04-11T09:48:46+00:00\",\"description\":\"Contin\u00faa la oferta del Ayuntamiento y el Tel\u00e9fono de la Esperanza en la red Civivox y, para esta tanda se abren inscripciones el 18 de noviembre\",\"breadcrumb\":{\"@id\":\"https:\\\/\\\/www.laguiadepamplona.com\\\/actualidad\\\/diciembre-ofrece-apoyo-emocional-a-las-personas-mayores-de-65-anos-con-dos-talleres-de-ocho-horas-centrados-en-bienestar-personal-y-entender-la-depresion\\\/#breadcrumb\"},\"inLanguage\":\"es\",\"potentialAction\":[{\"@type\":\"ReadAction\",\"target\":[\"https:\\\/\\\/www.laguiadepamplona.com\\\/actualidad\\\/diciembre-ofrece-apoyo-emocional-a-las-personas-mayores-de-65-anos-con-dos-talleres-de-ocho-horas-centrados-en-bienestar-personal-y-entender-la-depresion\\\/\"]}]},{\"@type\":\"ImageObject\",\"inLanguage\":\"es\",\"@id\":\"https:\\\/\\\/www.laguiadepamplona.com\\\/actualidad\\\/diciembre-ofrece-apoyo-emocional-a-las-personas-mayores-de-65-anos-con-dos-talleres-de-ocho-horas-centrados-en-bienestar-personal-y-entender-la-depresion\\\/#primaryimage\",\"url\":\"https:\\\/\\\/www.laguiadepamplona.com\\\/actualidad\\\/wp-content\\\/uploads\\\/2021\\\/11\\\/adultos-mayores-hands-g25ab469ab_1920.jpg\",\"contentUrl\":\"https:\\\/\\\/www.laguiadepamplona.com\\\/actualidad\\\/wp-content\\\/uploads\\\/2021\\\/11\\\/adultos-mayores-hands-g25ab469ab_1920.jpg\",\"width\":1920,\"height\":1280,\"caption\":\"asistencia mayores\"},{\"@type\":\"BreadcrumbList\",\"@id\":\"https:\\\/\\\/www.laguiadepamplona.com\\\/actualidad\\\/diciembre-ofrece-apoyo-emocional-a-las-personas-mayores-de-65-anos-con-dos-talleres-de-ocho-horas-centrados-en-bienestar-personal-y-entender-la-depresion\\\/#breadcrumb\",\"itemListElement\":[{\"@type\":\"ListItem\",\"position\":1,\"name\":\"Portada\",\"item\":\"https:\\\/\\\/www.laguiadepamplona.com\\\/actualidad\\\/\"},{\"@type\":\"ListItem\",\"position\":2,\"name\":\"Diciembre ofrece apoyo emocional a las personas mayores de 65 a\u00f1os con dos talleres de ocho horas centrados en \u2018Bienestar personal\u2019 y \u2018Entender la depresi\u00f3n\u2019\"}]},{\"@type\":\"WebSite\",\"@id\":\"https:\\\/\\\/www.laguiadepamplona.com\\\/actualidad\\\/#website\",\"url\":\"https:\\\/\\\/www.laguiadepamplona.com\\\/actualidad\\\/\",\"name\":\"La gu\u00eda de Pamplona\",\"description\":\"Noticias de Pamplona\",\"publisher\":{\"@id\":\"https:\\\/\\\/www.laguiadepamplona.com\\\/actualidad\\\/#organization\"},\"potentialAction\":[{\"@type\":\"SearchAction\",\"target\":{\"@type\":\"EntryPoint\",\"urlTemplate\":\"https:\\\/\\\/www.laguiadepamplona.com\\\/actualidad\\\/?s={search_term_string}\"},\"query-input\":{\"@type\":\"PropertyValueSpecification\",\"valueRequired\":true,\"valueName\":\"search_term_string\"}}],\"inLanguage\":\"es\"},{\"@type\":\"Organization\",\"@id\":\"https:\\\/\\\/www.laguiadepamplona.com\\\/actualidad\\\/#organization\",\"name\":\"La Gu\u00eda de Pamplona \\\/ Noticias\",\"url\":\"https:\\\/\\\/www.laguiadepamplona.com\\\/actualidad\\\/\",\"logo\":{\"@type\":\"ImageObject\",\"inLanguage\":\"es\",\"@id\":\"https:\\\/\\\/www.laguiadepamplona.com\\\/actualidad\\\/#\\\/schema\\\/logo\\\/image\\\/\",\"url\":\"https:\\\/\\\/www.laguiadepamplona.com\\\/actualidad\\\/wp-content\\\/uploads\\\/2018\\\/11\\\/logo-laguiadepamplona18-web1.png\",\"contentUrl\":\"https:\\\/\\\/www.laguiadepamplona.com\\\/actualidad\\\/wp-content\\\/uploads\\\/2018\\\/11\\\/logo-laguiadepamplona18-web1.png\",\"width\":600,\"height\":196,\"caption\":\"La Gu\u00eda de Pamplona \\\/ Noticias\"},\"image\":{\"@id\":\"https:\\\/\\\/www.laguiadepamplona.com\\\/actualidad\\\/#\\\/schema\\\/logo\\\/image\\\/\"},\"sameAs\":[\"https:\\\/\\\/www.facebook.com\\\/laguiadepamplonacom-133175176762273\\\/?ref=hl\",\"https:\\\/\\\/x.com\\\/LaGuiadPamplona\",\"https:\\\/\\\/www.instagram.com\\\/la_guia_de_pamplona\\\/\",\"https:\\\/\\\/www.youtube.com\\\/user\\\/laguiadepamplona\"]},{\"@type\":\"Person\",\"@id\":\"https:\\\/\\\/www.laguiadepamplona.com\\\/actualidad\\\/#\\\/schema\\\/person\\\/efe887376f0213d4657c93adc50b1fdb\",\"name\":\"La Gu\u00eda de Pamplona\",\"image\":{\"@type\":\"ImageObject\",\"inLanguage\":\"es\",\"@id\":\"https:\\\/\\\/secure.gravatar.com\\\/avatar\\\/b6992f131dc8d30ab0dff15446e9d346d9dbd95992de0fef795073f5ea83a81c?s=96&d=mm&r=g\",\"url\":\"https:\\\/\\\/secure.gravatar.com\\\/avatar\\\/b6992f131dc8d30ab0dff15446e9d346d9dbd95992de0fef795073f5ea83a81c?s=96&d=mm&r=g\",\"contentUrl\":\"https:\\\/\\\/secure.gravatar.com\\\/avatar\\\/b6992f131dc8d30ab0dff15446e9d346d9dbd95992de0fef795073f5ea83a81c?s=96&d=mm&r=g\",\"caption\":\"La Gu\u00eda de Pamplona\"}}]}<\/script>\n<!-- \/ Yoast SEO plugin. -->","yoast_head_json":{"title":"Diciembre ofrece apoyo emocional a las personas mayores de 65 a\u00f1os con dos talleres de ocho horas centrados en \u2018Bienestar personal\u2019 y \u2018Entender la depresi\u00f3n\u2019","description":"Contin\u00faa la oferta del Ayuntamiento y el Tel\u00e9fono de la Esperanza en la red Civivox y, para esta tanda se abren inscripciones el 18 de noviembre","robots":{"index":"index","follow":"follow","max-snippet":"max-snippet:-1","max-image-preview":"max-image-preview:large","max-video-preview":"max-video-preview:-1"},"canonical":"https:\/\/www.laguiadepamplona.com\/actualidad\/diciembre-ofrece-apoyo-emocional-a-las-personas-mayores-de-65-anos-con-dos-talleres-de-ocho-horas-centrados-en-bienestar-personal-y-entender-la-depresion\/","og_locale":"es_ES","og_type":"article","og_title":"Diciembre ofrece apoyo emocional a las personas mayores de 65 a\u00f1os con dos talleres de ocho horas centrados en \u2018Bienestar personal\u2019 y \u2018Entender la depresi\u00f3n\u2019","og_description":"Contin\u00faa la oferta del Ayuntamiento y el Tel\u00e9fono de la Esperanza en la red Civivox y, para esta tanda se abren inscripciones el 18 de noviembre","og_url":"https:\/\/www.laguiadepamplona.com\/actualidad\/diciembre-ofrece-apoyo-emocional-a-las-personas-mayores-de-65-anos-con-dos-talleres-de-ocho-horas-centrados-en-bienestar-personal-y-entender-la-depresion\/","og_site_name":"La Gu\u00eda de Pamplona","article_publisher":"https:\/\/www.facebook.com\/laguiadepamplonacom-133175176762273\/?ref=hl","article_published_time":"2021-11-16T10:31:46+00:00","article_modified_time":"2023-04-11T09:48:46+00:00","og_image":[{"width":1920,"height":1280,"url":"https:\/\/www.laguiadepamplona.com\/actualidad\/wp-content\/uploads\/2021\/11\/adultos-mayores-hands-g25ab469ab_1920.jpg","type":"image\/jpeg"}],"author":"La Gu\u00eda de Pamplona","twitter_card":"summary_large_image","twitter_creator":"@LaGuiadPamplona","twitter_site":"@LaGuiadPamplona","twitter_misc":{"Escrito por":"La Gu\u00eda de Pamplona","Tiempo de lectura":"3 minutos"},"schema":{"@context":"https:\/\/schema.org","@graph":[{"@type":"Article","@id":"https:\/\/www.laguiadepamplona.com\/actualidad\/diciembre-ofrece-apoyo-emocional-a-las-personas-mayores-de-65-anos-con-dos-talleres-de-ocho-horas-centrados-en-bienestar-personal-y-entender-la-depresion\/#article","isPartOf":{"@id":"https:\/\/www.laguiadepamplona.com\/actualidad\/diciembre-ofrece-apoyo-emocional-a-las-personas-mayores-de-65-anos-con-dos-talleres-de-ocho-horas-centrados-en-bienestar-personal-y-entender-la-depresion\/"},"author":{"name":"La Gu\u00eda de Pamplona","@id":"https:\/\/www.laguiadepamplona.com\/actualidad\/#\/schema\/person\/efe887376f0213d4657c93adc50b1fdb"},"headline":"Diciembre ofrece apoyo emocional a las personas mayores de 65 a\u00f1os con dos talleres de ocho horas centrados en \u2018Bienestar personal\u2019 y \u2018Entender la depresi\u00f3n\u2019","datePublished":"2021-11-16T10:31:46+00:00","dateModified":"2023-04-11T09:48:46+00:00","mainEntityOfPage":{"@id":"https:\/\/www.laguiadepamplona.com\/actualidad\/diciembre-ofrece-apoyo-emocional-a-las-personas-mayores-de-65-anos-con-dos-talleres-de-ocho-horas-centrados-en-bienestar-personal-y-entender-la-depresion\/"},"wordCount":550,"commentCount":0,"publisher":{"@id":"https:\/\/www.laguiadepamplona.com\/actualidad\/#organization"},"image":{"@id":"https:\/\/www.laguiadepamplona.com\/actualidad\/diciembre-ofrece-apoyo-emocional-a-las-personas-mayores-de-65-anos-con-dos-talleres-de-ocho-horas-centrados-en-bienestar-personal-y-entender-la-depresion\/#primaryimage"},"thumbnailUrl":"https:\/\/www.laguiadepamplona.com\/actualidad\/wp-content\/uploads\/2021\/11\/adultos-mayores-hands-g25ab469ab_1920.jpg","articleSection":["Ayto Pamplona"],"inLanguage":"es","potentialAction":[{"@type":"CommentAction","name":"Comment","target":["https:\/\/www.laguiadepamplona.com\/actualidad\/diciembre-ofrece-apoyo-emocional-a-las-personas-mayores-de-65-anos-con-dos-talleres-de-ocho-horas-centrados-en-bienestar-personal-y-entender-la-depresion\/#respond"]}]},{"@type":"WebPage","@id":"https:\/\/www.laguiadepamplona.com\/actualidad\/diciembre-ofrece-apoyo-emocional-a-las-personas-mayores-de-65-anos-con-dos-talleres-de-ocho-horas-centrados-en-bienestar-personal-y-entender-la-depresion\/","url":"https:\/\/www.laguiadepamplona.com\/actualidad\/diciembre-ofrece-apoyo-emocional-a-las-personas-mayores-de-65-anos-con-dos-talleres-de-ocho-horas-centrados-en-bienestar-personal-y-entender-la-depresion\/","name":"Diciembre ofrece apoyo emocional a las personas mayores de 65 a\u00f1os con dos talleres de ocho horas centrados en \u2018Bienestar personal\u2019 y \u2018Entender la depresi\u00f3n\u2019","isPartOf":{"@id":"https:\/\/www.laguiadepamplona.com\/actualidad\/#website"},"primaryImageOfPage":{"@id":"https:\/\/www.laguiadepamplona.com\/actualidad\/diciembre-ofrece-apoyo-emocional-a-las-personas-mayores-de-65-anos-con-dos-talleres-de-ocho-horas-centrados-en-bienestar-personal-y-entender-la-depresion\/#primaryimage"},"image":{"@id":"https:\/\/www.laguiadepamplona.com\/actualidad\/diciembre-ofrece-apoyo-emocional-a-las-personas-mayores-de-65-anos-con-dos-talleres-de-ocho-horas-centrados-en-bienestar-personal-y-entender-la-depresion\/#primaryimage"},"thumbnailUrl":"https:\/\/www.laguiadepamplona.com\/actualidad\/wp-content\/uploads\/2021\/11\/adultos-mayores-hands-g25ab469ab_1920.jpg","datePublished":"2021-11-16T10:31:46+00:00","dateModified":"2023-04-11T09:48:46+00:00","description":"Contin\u00faa la oferta del Ayuntamiento y el Tel\u00e9fono de la Esperanza en la red Civivox y, para esta tanda se abren inscripciones el 18 de noviembre","breadcrumb":{"@id":"https:\/\/www.laguiadepamplona.com\/actualidad\/diciembre-ofrece-apoyo-emocional-a-las-personas-mayores-de-65-anos-con-dos-talleres-de-ocho-horas-centrados-en-bienestar-personal-y-entender-la-depresion\/#breadcrumb"},"inLanguage":"es","potentialAction":[{"@type":"ReadAction","target":["https:\/\/www.laguiadepamplona.com\/actualidad\/diciembre-ofrece-apoyo-emocional-a-las-personas-mayores-de-65-anos-con-dos-talleres-de-ocho-horas-centrados-en-bienestar-personal-y-entender-la-depresion\/"]}]},{"@type":"ImageObject","inLanguage":"es","@id":"https:\/\/www.laguiadepamplona.com\/actualidad\/diciembre-ofrece-apoyo-emocional-a-las-personas-mayores-de-65-anos-con-dos-talleres-de-ocho-horas-centrados-en-bienestar-personal-y-entender-la-depresion\/#primaryimage","url":"https:\/\/www.laguiadepamplona.com\/actualidad\/wp-content\/uploads\/2021\/11\/adultos-mayores-hands-g25ab469ab_1920.jpg","contentUrl":"https:\/\/www.laguiadepamplona.com\/actualidad\/wp-content\/uploads\/2021\/11\/adultos-mayores-hands-g25ab469ab_1920.jpg","width":1920,"height":1280,"caption":"asistencia mayores"},{"@type":"BreadcrumbList","@id":"https:\/\/www.laguiadepamplona.com\/actualidad\/diciembre-ofrece-apoyo-emocional-a-las-personas-mayores-de-65-anos-con-dos-talleres-de-ocho-horas-centrados-en-bienestar-personal-y-entender-la-depresion\/#breadcrumb","itemListElement":[{"@type":"ListItem","position":1,"name":"Portada","item":"https:\/\/www.laguiadepamplona.com\/actualidad\/"},{"@type":"ListItem","position":2,"name":"Diciembre ofrece apoyo emocional a las personas mayores de 65 a\u00f1os con dos talleres de ocho horas centrados en \u2018Bienestar personal\u2019 y \u2018Entender la depresi\u00f3n\u2019"}]},{"@type":"WebSite","@id":"https:\/\/www.laguiadepamplona.com\/actualidad\/#website","url":"https:\/\/www.laguiadepamplona.com\/actualidad\/","name":"La gu\u00eda de Pamplona","description":"Noticias de Pamplona","publisher":{"@id":"https:\/\/www.laguiadepamplona.com\/actualidad\/#organization"},"potentialAction":[{"@type":"SearchAction","target":{"@type":"EntryPoint","urlTemplate":"https:\/\/www.laguiadepamplona.com\/actualidad\/?s={search_term_string}"},"query-input":{"@type":"PropertyValueSpecification","valueRequired":true,"valueName":"search_term_string"}}],"inLanguage":"es"},{"@type":"Organization","@id":"https:\/\/www.laguiadepamplona.com\/actualidad\/#organization","name":"La Gu\u00eda de Pamplona \/ Noticias","url":"https:\/\/www.laguiadepamplona.com\/actualidad\/","logo":{"@type":"ImageObject","inLanguage":"es","@id":"https:\/\/www.laguiadepamplona.com\/actualidad\/#\/schema\/logo\/image\/","url":"https:\/\/www.laguiadepamplona.com\/actualidad\/wp-content\/uploads\/2018\/11\/logo-laguiadepamplona18-web1.png","contentUrl":"https:\/\/www.laguiadepamplona.com\/actualidad\/wp-content\/uploads\/2018\/11\/logo-laguiadepamplona18-web1.png","width":600,"height":196,"caption":"La Gu\u00eda de Pamplona \/ Noticias"},"image":{"@id":"https:\/\/www.laguiadepamplona.com\/actualidad\/#\/schema\/logo\/image\/"},"sameAs":["https:\/\/www.facebook.com\/laguiadepamplonacom-133175176762273\/?ref=hl","https:\/\/x.com\/LaGuiadPamplona","https:\/\/www.instagram.com\/la_guia_de_pamplona\/","https:\/\/www.youtube.com\/user\/laguiadepamplona"]},{"@type":"Person","@id":"https:\/\/www.laguiadepamplona.com\/actualidad\/#\/schema\/person\/efe887376f0213d4657c93adc50b1fdb","name":"La Gu\u00eda de Pamplona","image":{"@type":"ImageObject","inLanguage":"es","@id":"https:\/\/secure.gravatar.com\/avatar\/b6992f131dc8d30ab0dff15446e9d346d9dbd95992de0fef795073f5ea83a81c?s=96&d=mm&r=g","url":"https:\/\/secure.gravatar.com\/avatar\/b6992f131dc8d30ab0dff15446e9d346d9dbd95992de0fef795073f5ea83a81c?s=96&d=mm&r=g","contentUrl":"https:\/\/secure.gravatar.com\/avatar\/b6992f131dc8d30ab0dff15446e9d346d9dbd95992de0fef795073f5ea83a81c?s=96&d=mm&r=g","caption":"La Gu\u00eda de Pamplona"}}]}},"post_mailing_queue_ids":[],"_links":{"self":[{"href":"https:\/\/www.laguiadepamplona.com\/actualidad\/wp-json\/wp\/v2\/posts\/37579","targetHints":{"allow":["GET"]}}],"collection":[{"href":"https:\/\/www.laguiadepamplona.com\/actualidad\/wp-json\/wp\/v2\/posts"}],"about":[{"href":"https:\/\/www.laguiadepamplona.com\/actualidad\/wp-json\/wp\/v2\/types\/post"}],"author":[{"embeddable":true,"href":"https:\/\/www.laguiadepamplona.com\/actualidad\/wp-json\/wp\/v2\/users\/1"}],"replies":[{"embeddable":true,"href":"https:\/\/www.laguiadepamplona.com\/actualidad\/wp-json\/wp\/v2\/comments?post=37579"}],"version-history":[{"count":0,"href":"https:\/\/www.laguiadepamplona.com\/actualidad\/wp-json\/wp\/v2\/posts\/37579\/revisions"}],"wp:featuredmedia":[{"embeddable":true,"href":"https:\/\/www.laguiadepamplona.com\/actualidad\/wp-json\/wp\/v2\/media\/37580"}],"wp:attachment":[{"href":"https:\/\/www.laguiadepamplona.com\/actualidad\/wp-json\/wp\/v2\/media?parent=37579"}],"wp:term":[{"taxonomy":"category","embeddable":true,"href":"https:\/\/www.laguiadepamplona.com\/actualidad\/wp-json\/wp\/v2\/categories?post=37579"},{"taxonomy":"post_tag","embeddable":true,"href":"https:\/\/www.laguiadepamplona.com\/actualidad\/wp-json\/wp\/v2\/tags?post=37579"}],"curies":[{"name":"wp","href":"https:\/\/api.w.org\/{rel}","templated":true}]}}