{"id":37577,"date":"2021-11-15T18:01:12","date_gmt":"2021-11-15T16:01:12","guid":{"rendered":"https:\/\/www.laguiadepamplona.com\/actualidad\/?p=37577"},"modified":"2023-04-11T11:48:46","modified_gmt":"2023-04-11T09:48:46","slug":"antes-de-final-de-ano-el-parque-del-orfeon-pamplones-y-el-grupo-urdanoz-tendran-nuevos-aseos-autolimpiables","status":"publish","type":"post","link":"https:\/\/www.laguiadepamplona.com\/actualidad\/antes-de-final-de-ano-el-parque-del-orfeon-pamplones-y-el-grupo-urdanoz-tendran-nuevos-aseos-autolimpiables\/","title":{"rendered":"Antes de final de a\u00f1o el parque del Orfe\u00f3n Pamplon\u00e9s y el Grupo Urd\u00e1noz tendr\u00e1n nuevos aseos autolimpiables"},"content":{"rendered":"<h5>Con el aseo de Yamaguchi, actualmente en ejecuci\u00f3n, la ciudadan\u00eda de Pamplona dispondr\u00e1 de 30 instalaciones automatizadas<\/h5>\n<p><!--more--><\/p>\n<p>Pamplona contar\u00e1 antes de final de a\u00f1o con dos nuevos aseos autolimpiables, uno en el parque del Orfe\u00f3n Pamplon\u00e9s y el otro en el barrio de Etxabakoitz, en el Grupo Urdanoz cerca de la parroquia Nuestra Se\u00f1ora del Pilar; en esa zona se encuentran el parque infantil, la pista deportiva, el C.P. Nicasio Landa, la biblioteca p\u00fablica, las huertas y el paseo fluvial. La Junta de Gobierno local ha aprobado los contratos de suministro e instalaci\u00f3n de ambas dotaciones por un importe total de 92.465,78 euros y los trabajos estar\u00e1n a cargo de la empresa Olprim Ingenier\u00eda y servicios.<br \/>\n<script async src=\"\/\/pagead2.googlesyndication.com\/pagead\/js\/adsbygoogle.js\"><\/script><br \/>\n<!-- Noticias La Guia de Pamplona --><br \/>\n<ins class=\"adsbygoogle\"\nstyle=\"display:block\"\ndata-ad-client=\"ca-pub-6943679897239327\"\ndata-ad-slot=\"7048180777\"\ndata-ad-format=\"auto\"><\/ins><br \/>\n<script>\n(adsbygoogle = window.adsbygoogle || []).push({});\n<\/script><\/p>\n<p>Ambos ser\u00e1n unidades completas que tendr\u00e1n una cabina de aseo con zona t\u00e9cnica de control, adem\u00e1s de dos urinarios en acero inoxidable con mampara de separaci\u00f3n vertical entre ellos. Las dimensiones de la puerta de acceso e interior de la cabina deber\u00e1n ser aptas para su uso mixto (mujeres y hombres), y estar\u00e1n adaptadas para personas con discapacidad. El cierre de la puerta de entrada ser\u00e1 autom\u00e1tico mediante electroim\u00e1n tras la detecci\u00f3n de presencia, indic\u00e1ndose exteriormente si est\u00e1 libre u ocupado. En caso de corte de suministro de agua se bloquear\u00e1 autom\u00e1ticamente la puerta, que cuenta con un sistema de apertura exterior mediante llave por parte de los servicios t\u00e9cnicos.<\/p>\n<p>El m\u00f3dulo de aseo en ambas dotaciones ser\u00e1 de hormig\u00f3n armado revestido por alg\u00fan tipo de material resistente y de f\u00e1cil limpieza. Asimismo, el revestimiento interior ser\u00e1 de f\u00e1cil limpieza y el suelo antideslizante, incluso ante circunstancias de humedad. Toda la iluminaci\u00f3n interior, as\u00ed como las fijaciones de los urinarios ser\u00e1n de dise\u00f1o antivand\u00e1lico y el sistema de luces artificiales y de emergencia estar\u00e1 empotrado. El inodoro ser\u00e1 de asiento colgante en acero inoxidable, material del que tambi\u00e9n estar\u00e1 hecha la puerta de acceso. La cabina estar\u00e1 equipada con papelera, colgador, lavamanos, espejo, dosificador de jab\u00f3n y secamanos de aire caliente.<\/p>\n<p>El contrato no incluye la obra civil necesaria para realizar las acometidas hasta las conexiones con las redes de abastecimiento. Estos trabajos se est\u00e1n ejecutando siguiendo las instrucciones detalladas de la empresa.<br \/>\n<script async src=\"\/\/pagead2.googlesyndication.com\/pagead\/js\/adsbygoogle.js\"><\/script><br \/>\n<!-- Noticias La Guia de Pamplona --><br \/>\n<ins class=\"adsbygoogle\"\nstyle=\"display:block\"\ndata-ad-client=\"ca-pub-6943679897239327\"\ndata-ad-slot=\"7048180777\"\ndata-ad-format=\"auto\"><\/ins><br \/>\n<script>\n(adsbygoogle = window.adsbygoogle || []).push({});\n<\/script><\/p>\n<p><strong>40 aseos disponibles en el espacio p\u00fablico<\/strong><\/p>\n<p>Los aseos autolimpiables permiten atender a todas las personas que pasean por zonas de la ciudad donde no hay aseos p\u00fablicos disponibles en espacios cercanos. En estos momentos la ciudad cuenta con 27 aseos autolimpiables distribuidos por los barrios, el \u00faltimo de ellos puesto en servicio en 2021 en la zona de Trinitarios, en el paseo Kosterapea. A ellos antes de fin de a\u00f1o, se sumar\u00e1n los de parque de Yamaguchi (actualmente en ejecuci\u00f3n) y los ahora adjudicados por la Junta de Gobierno Local, alcanzando as\u00ed las 30 dotaciones. A esa tipolog\u00eda de servicio hay que sumar los 10 aseos p\u00fablicos que est\u00e1n atendidos por personal y la infraestructura municipal disponible en la Casa de Ba\u00f1os de la calle Eslava, 9.<\/p>\n<p>De los aseos autolimpiables, la mayor\u00eda de usos sistem\u00e1ticamente se concentran en los de la zona centro (Paseo Sarasate, plaza de San Francisco, Plaza del Castillo y avenida Carlos III), as\u00ed como en el paseo Garc\u00eda el de N\u00e1jera, las calles Seraf\u00edn Olave y Monasterio de la Oliva, as\u00ed como los parques del Runa (Rochapea) y Alfredo Landa (Lezkairu).<br \/>\n<script async src=\"\/\/pagead2.googlesyndication.com\/pagead\/js\/adsbygoogle.js\"><\/script><br \/>\n<!-- Noticias La Guia de Pamplona --><br \/>\n<ins class=\"adsbygoogle\"\nstyle=\"display:block\"\ndata-ad-client=\"ca-pub-6943679897239327\"\ndata-ad-slot=\"7048180777\"\ndata-ad-format=\"auto\"><\/ins><br \/>\n<script>\n(adsbygoogle = window.adsbygoogle || []).push({});\n<\/script><\/p>\n<p>&nbsp;<\/p>\n<h3>Aseos autolimpiables<\/h3>\n<p><span style=\"color: #ff0000;\"><strong>DISPONIBLES<\/strong><\/span><\/p>\n<ul>\n<li>Plaza del Castillo<\/li>\n<li>San Jorge &#8211; P\u00ba Arga<\/li>\n<li>Puente de la Magdalena<\/li>\n<li>Parque Runa<\/li>\n<li>Parque Enamorados<\/li>\n<li>Mendillorri bajo<\/li>\n<li>Mendillorri alto<\/li>\n<li>Nazario Carriquiri<\/li>\n<li>Plaza Felisa Mun\u00e1rriz<\/li>\n<li>Paseo Sarasate<\/li>\n<li>M\u00ba de la Oliva<\/li>\n<li>La Vaguada<\/li>\n<li>P\u00ba Garc\u00eda el de N\u00e1jera<\/li>\n<li>Seraf\u00edn Olave<\/li>\n<li>Parque Ilargi Enea<\/li>\n<li>Avenida Carlos III<\/li>\n<li>San Roque<\/li>\n<li>Plaza M\u00ba de Marcilla<\/li>\n<li>Boticario Vi\u00f1aburu<\/li>\n<li>Plaza Manuel Turrillas<\/li>\n<li>Plaza Puente la Reina<\/li>\n<li>Olite<\/li>\n<li>Plaza San Francisco<\/li>\n<li>Parque Alfredo Landa<\/li>\n<li>Paseo Sand\u00faa<\/li>\n<li>Tajonar<\/li>\n<li>Paseo de Kosterapea (Trinitarios)<\/li>\n<\/ul>\n<p>&nbsp;<\/p>\n<p><strong><span style=\"color: #ff0000;\">EN EJECUCI\u00d3N<\/span><\/strong><\/p>\n<ul>\n<li>Yamaguchi<\/li>\n<li>Parque del Orfe\u00f3n Pamplon\u00e9s<\/li>\n<li>Barrio de Etxabakoitz, en el Grupo Urdanoz<\/li>\n<\/ul>\n","protected":false},"excerpt":{"rendered":"<p>Con el aseo de Yamaguchi, actualmente en ejecuci\u00f3n, la ciudadan\u00eda de Pamplona dispondr\u00e1 de 30 instalaciones automatizadas<\/p>\n","protected":false},"author":1,"featured_media":36371,"comment_status":"open","ping_status":"closed","sticky":false,"template":"","format":"standard","meta":{"footnotes":""},"categories":[2],"tags":[],"class_list":["post-37577","post","type-post","status-publish","format-standard","has-post-thumbnail","hentry","category-ayuntamiento-pamplona"],"yoast_head":"<!-- This site is optimized with the Yoast SEO plugin v27.5 - https:\/\/yoast.com\/product\/yoast-seo-wordpress\/ -->\n<title>Antes de final de a\u00f1o el parque del Orfe\u00f3n Pamplon\u00e9s y el Grupo Urd\u00e1noz tendr\u00e1n nuevos aseos autolimpiables<\/title>\n<meta name=\"description\" content=\"Con el aseo de Yamaguchi, actualmente en ejecuci\u00f3n, la ciudadan\u00eda de Pamplona dispondr\u00e1 de 30 instalaciones automatizadas\" \/>\n<meta name=\"robots\" content=\"index, follow, max-snippet:-1, max-image-preview:large, max-video-preview:-1\" \/>\n<link rel=\"canonical\" href=\"https:\/\/www.laguiadepamplona.com\/actualidad\/antes-de-final-de-ano-el-parque-del-orfeon-pamplones-y-el-grupo-urdanoz-tendran-nuevos-aseos-autolimpiables\/\" \/>\n<meta property=\"og:locale\" content=\"es_ES\" \/>\n<meta property=\"og:type\" content=\"article\" \/>\n<meta property=\"og:title\" content=\"Antes de final de a\u00f1o el parque del Orfe\u00f3n Pamplon\u00e9s y el Grupo Urd\u00e1noz tendr\u00e1n nuevos aseos autolimpiables\" \/>\n<meta property=\"og:description\" content=\"Con el aseo de Yamaguchi, actualmente en ejecuci\u00f3n, la ciudadan\u00eda de Pamplona dispondr\u00e1 de 30 instalaciones automatizadas\" \/>\n<meta property=\"og:url\" content=\"https:\/\/www.laguiadepamplona.com\/actualidad\/antes-de-final-de-ano-el-parque-del-orfeon-pamplones-y-el-grupo-urdanoz-tendran-nuevos-aseos-autolimpiables\/\" \/>\n<meta property=\"og:site_name\" content=\"La Gu\u00eda de Pamplona\" \/>\n<meta property=\"article:publisher\" content=\"https:\/\/www.facebook.com\/laguiadepamplonacom-133175176762273\/?ref=hl\" \/>\n<meta property=\"article:published_time\" content=\"2021-11-15T16:01:12+00:00\" \/>\n<meta property=\"article:modified_time\" content=\"2023-04-11T09:48:46+00:00\" \/>\n<meta property=\"og:image\" content=\"https:\/\/www.laguiadepamplona.com\/actualidad\/wp-content\/uploads\/2021\/09\/banos-publicos-aseos-autolimpiables_0.jpg\" \/>\n\t<meta property=\"og:image:width\" content=\"1514\" \/>\n\t<meta property=\"og:image:height\" content=\"1136\" \/>\n\t<meta property=\"og:image:type\" content=\"image\/jpeg\" \/>\n<meta name=\"author\" content=\"La Gu\u00eda de Pamplona\" \/>\n<meta name=\"twitter:card\" content=\"summary_large_image\" \/>\n<meta name=\"twitter:creator\" content=\"@LaGuiadPamplona\" \/>\n<meta name=\"twitter:site\" content=\"@LaGuiadPamplona\" \/>\n<meta name=\"twitter:label1\" content=\"Escrito por\" \/>\n\t<meta name=\"twitter:data1\" content=\"La Gu\u00eda de Pamplona\" \/>\n\t<meta name=\"twitter:label2\" content=\"Tiempo de lectura\" \/>\n\t<meta name=\"twitter:data2\" content=\"3 minutos\" \/>\n<script type=\"application\/ld+json\" class=\"yoast-schema-graph\">{\"@context\":\"https:\\\/\\\/schema.org\",\"@graph\":[{\"@type\":\"Article\",\"@id\":\"https:\\\/\\\/www.laguiadepamplona.com\\\/actualidad\\\/antes-de-final-de-ano-el-parque-del-orfeon-pamplones-y-el-grupo-urdanoz-tendran-nuevos-aseos-autolimpiables\\\/#article\",\"isPartOf\":{\"@id\":\"https:\\\/\\\/www.laguiadepamplona.com\\\/actualidad\\\/antes-de-final-de-ano-el-parque-del-orfeon-pamplones-y-el-grupo-urdanoz-tendran-nuevos-aseos-autolimpiables\\\/\"},\"author\":{\"name\":\"La Gu\u00eda de Pamplona\",\"@id\":\"https:\\\/\\\/www.laguiadepamplona.com\\\/actualidad\\\/#\\\/schema\\\/person\\\/efe887376f0213d4657c93adc50b1fdb\"},\"headline\":\"Antes de final de a\u00f1o el parque del Orfe\u00f3n Pamplon\u00e9s y el Grupo Urd\u00e1noz tendr\u00e1n nuevos aseos autolimpiables\",\"datePublished\":\"2021-11-15T16:01:12+00:00\",\"dateModified\":\"2023-04-11T09:48:46+00:00\",\"mainEntityOfPage\":{\"@id\":\"https:\\\/\\\/www.laguiadepamplona.com\\\/actualidad\\\/antes-de-final-de-ano-el-parque-del-orfeon-pamplones-y-el-grupo-urdanoz-tendran-nuevos-aseos-autolimpiables\\\/\"},\"wordCount\":714,\"commentCount\":0,\"publisher\":{\"@id\":\"https:\\\/\\\/www.laguiadepamplona.com\\\/actualidad\\\/#organization\"},\"image\":{\"@id\":\"https:\\\/\\\/www.laguiadepamplona.com\\\/actualidad\\\/antes-de-final-de-ano-el-parque-del-orfeon-pamplones-y-el-grupo-urdanoz-tendran-nuevos-aseos-autolimpiables\\\/#primaryimage\"},\"thumbnailUrl\":\"https:\\\/\\\/www.laguiadepamplona.com\\\/actualidad\\\/wp-content\\\/uploads\\\/2021\\\/09\\\/banos-publicos-aseos-autolimpiables_0.jpg\",\"articleSection\":[\"Ayto Pamplona\"],\"inLanguage\":\"es\",\"potentialAction\":[{\"@type\":\"CommentAction\",\"name\":\"Comment\",\"target\":[\"https:\\\/\\\/www.laguiadepamplona.com\\\/actualidad\\\/antes-de-final-de-ano-el-parque-del-orfeon-pamplones-y-el-grupo-urdanoz-tendran-nuevos-aseos-autolimpiables\\\/#respond\"]}]},{\"@type\":\"WebPage\",\"@id\":\"https:\\\/\\\/www.laguiadepamplona.com\\\/actualidad\\\/antes-de-final-de-ano-el-parque-del-orfeon-pamplones-y-el-grupo-urdanoz-tendran-nuevos-aseos-autolimpiables\\\/\",\"url\":\"https:\\\/\\\/www.laguiadepamplona.com\\\/actualidad\\\/antes-de-final-de-ano-el-parque-del-orfeon-pamplones-y-el-grupo-urdanoz-tendran-nuevos-aseos-autolimpiables\\\/\",\"name\":\"Antes de final de a\u00f1o el parque del Orfe\u00f3n Pamplon\u00e9s y el Grupo Urd\u00e1noz tendr\u00e1n nuevos aseos autolimpiables\",\"isPartOf\":{\"@id\":\"https:\\\/\\\/www.laguiadepamplona.com\\\/actualidad\\\/#website\"},\"primaryImageOfPage\":{\"@id\":\"https:\\\/\\\/www.laguiadepamplona.com\\\/actualidad\\\/antes-de-final-de-ano-el-parque-del-orfeon-pamplones-y-el-grupo-urdanoz-tendran-nuevos-aseos-autolimpiables\\\/#primaryimage\"},\"image\":{\"@id\":\"https:\\\/\\\/www.laguiadepamplona.com\\\/actualidad\\\/antes-de-final-de-ano-el-parque-del-orfeon-pamplones-y-el-grupo-urdanoz-tendran-nuevos-aseos-autolimpiables\\\/#primaryimage\"},\"thumbnailUrl\":\"https:\\\/\\\/www.laguiadepamplona.com\\\/actualidad\\\/wp-content\\\/uploads\\\/2021\\\/09\\\/banos-publicos-aseos-autolimpiables_0.jpg\",\"datePublished\":\"2021-11-15T16:01:12+00:00\",\"dateModified\":\"2023-04-11T09:48:46+00:00\",\"description\":\"Con el aseo de Yamaguchi, actualmente en ejecuci\u00f3n, la ciudadan\u00eda de Pamplona dispondr\u00e1 de 30 instalaciones automatizadas\",\"breadcrumb\":{\"@id\":\"https:\\\/\\\/www.laguiadepamplona.com\\\/actualidad\\\/antes-de-final-de-ano-el-parque-del-orfeon-pamplones-y-el-grupo-urdanoz-tendran-nuevos-aseos-autolimpiables\\\/#breadcrumb\"},\"inLanguage\":\"es\",\"potentialAction\":[{\"@type\":\"ReadAction\",\"target\":[\"https:\\\/\\\/www.laguiadepamplona.com\\\/actualidad\\\/antes-de-final-de-ano-el-parque-del-orfeon-pamplones-y-el-grupo-urdanoz-tendran-nuevos-aseos-autolimpiables\\\/\"]}]},{\"@type\":\"ImageObject\",\"inLanguage\":\"es\",\"@id\":\"https:\\\/\\\/www.laguiadepamplona.com\\\/actualidad\\\/antes-de-final-de-ano-el-parque-del-orfeon-pamplones-y-el-grupo-urdanoz-tendran-nuevos-aseos-autolimpiables\\\/#primaryimage\",\"url\":\"https:\\\/\\\/www.laguiadepamplona.com\\\/actualidad\\\/wp-content\\\/uploads\\\/2021\\\/09\\\/banos-publicos-aseos-autolimpiables_0.jpg\",\"contentUrl\":\"https:\\\/\\\/www.laguiadepamplona.com\\\/actualidad\\\/wp-content\\\/uploads\\\/2021\\\/09\\\/banos-publicos-aseos-autolimpiables_0.jpg\",\"width\":1514,\"height\":1136,\"caption\":\"aseos autolimpiables\"},{\"@type\":\"BreadcrumbList\",\"@id\":\"https:\\\/\\\/www.laguiadepamplona.com\\\/actualidad\\\/antes-de-final-de-ano-el-parque-del-orfeon-pamplones-y-el-grupo-urdanoz-tendran-nuevos-aseos-autolimpiables\\\/#breadcrumb\",\"itemListElement\":[{\"@type\":\"ListItem\",\"position\":1,\"name\":\"Portada\",\"item\":\"https:\\\/\\\/www.laguiadepamplona.com\\\/actualidad\\\/\"},{\"@type\":\"ListItem\",\"position\":2,\"name\":\"Antes de final de a\u00f1o el parque del Orfe\u00f3n Pamplon\u00e9s y el Grupo Urd\u00e1noz tendr\u00e1n nuevos aseos autolimpiables\"}]},{\"@type\":\"WebSite\",\"@id\":\"https:\\\/\\\/www.laguiadepamplona.com\\\/actualidad\\\/#website\",\"url\":\"https:\\\/\\\/www.laguiadepamplona.com\\\/actualidad\\\/\",\"name\":\"La gu\u00eda de Pamplona\",\"description\":\"Noticias de Pamplona\",\"publisher\":{\"@id\":\"https:\\\/\\\/www.laguiadepamplona.com\\\/actualidad\\\/#organization\"},\"potentialAction\":[{\"@type\":\"SearchAction\",\"target\":{\"@type\":\"EntryPoint\",\"urlTemplate\":\"https:\\\/\\\/www.laguiadepamplona.com\\\/actualidad\\\/?s={search_term_string}\"},\"query-input\":{\"@type\":\"PropertyValueSpecification\",\"valueRequired\":true,\"valueName\":\"search_term_string\"}}],\"inLanguage\":\"es\"},{\"@type\":\"Organization\",\"@id\":\"https:\\\/\\\/www.laguiadepamplona.com\\\/actualidad\\\/#organization\",\"name\":\"La Gu\u00eda de Pamplona \\\/ Noticias\",\"url\":\"https:\\\/\\\/www.laguiadepamplona.com\\\/actualidad\\\/\",\"logo\":{\"@type\":\"ImageObject\",\"inLanguage\":\"es\",\"@id\":\"https:\\\/\\\/www.laguiadepamplona.com\\\/actualidad\\\/#\\\/schema\\\/logo\\\/image\\\/\",\"url\":\"https:\\\/\\\/www.laguiadepamplona.com\\\/actualidad\\\/wp-content\\\/uploads\\\/2018\\\/11\\\/logo-laguiadepamplona18-web1.png\",\"contentUrl\":\"https:\\\/\\\/www.laguiadepamplona.com\\\/actualidad\\\/wp-content\\\/uploads\\\/2018\\\/11\\\/logo-laguiadepamplona18-web1.png\",\"width\":600,\"height\":196,\"caption\":\"La Gu\u00eda de Pamplona \\\/ Noticias\"},\"image\":{\"@id\":\"https:\\\/\\\/www.laguiadepamplona.com\\\/actualidad\\\/#\\\/schema\\\/logo\\\/image\\\/\"},\"sameAs\":[\"https:\\\/\\\/www.facebook.com\\\/laguiadepamplonacom-133175176762273\\\/?ref=hl\",\"https:\\\/\\\/x.com\\\/LaGuiadPamplona\",\"https:\\\/\\\/www.instagram.com\\\/la_guia_de_pamplona\\\/\",\"https:\\\/\\\/www.youtube.com\\\/user\\\/laguiadepamplona\"]},{\"@type\":\"Person\",\"@id\":\"https:\\\/\\\/www.laguiadepamplona.com\\\/actualidad\\\/#\\\/schema\\\/person\\\/efe887376f0213d4657c93adc50b1fdb\",\"name\":\"La Gu\u00eda de Pamplona\",\"image\":{\"@type\":\"ImageObject\",\"inLanguage\":\"es\",\"@id\":\"https:\\\/\\\/secure.gravatar.com\\\/avatar\\\/b6992f131dc8d30ab0dff15446e9d346d9dbd95992de0fef795073f5ea83a81c?s=96&d=mm&r=g\",\"url\":\"https:\\\/\\\/secure.gravatar.com\\\/avatar\\\/b6992f131dc8d30ab0dff15446e9d346d9dbd95992de0fef795073f5ea83a81c?s=96&d=mm&r=g\",\"contentUrl\":\"https:\\\/\\\/secure.gravatar.com\\\/avatar\\\/b6992f131dc8d30ab0dff15446e9d346d9dbd95992de0fef795073f5ea83a81c?s=96&d=mm&r=g\",\"caption\":\"La Gu\u00eda de Pamplona\"}}]}<\/script>\n<!-- \/ Yoast SEO plugin. -->","yoast_head_json":{"title":"Antes de final de a\u00f1o el parque del Orfe\u00f3n Pamplon\u00e9s y el Grupo Urd\u00e1noz tendr\u00e1n nuevos aseos autolimpiables","description":"Con el aseo de Yamaguchi, actualmente en ejecuci\u00f3n, la ciudadan\u00eda de Pamplona dispondr\u00e1 de 30 instalaciones automatizadas","robots":{"index":"index","follow":"follow","max-snippet":"max-snippet:-1","max-image-preview":"max-image-preview:large","max-video-preview":"max-video-preview:-1"},"canonical":"https:\/\/www.laguiadepamplona.com\/actualidad\/antes-de-final-de-ano-el-parque-del-orfeon-pamplones-y-el-grupo-urdanoz-tendran-nuevos-aseos-autolimpiables\/","og_locale":"es_ES","og_type":"article","og_title":"Antes de final de a\u00f1o el parque del Orfe\u00f3n Pamplon\u00e9s y el Grupo Urd\u00e1noz tendr\u00e1n nuevos aseos autolimpiables","og_description":"Con el aseo de Yamaguchi, actualmente en ejecuci\u00f3n, la ciudadan\u00eda de Pamplona dispondr\u00e1 de 30 instalaciones automatizadas","og_url":"https:\/\/www.laguiadepamplona.com\/actualidad\/antes-de-final-de-ano-el-parque-del-orfeon-pamplones-y-el-grupo-urdanoz-tendran-nuevos-aseos-autolimpiables\/","og_site_name":"La Gu\u00eda de Pamplona","article_publisher":"https:\/\/www.facebook.com\/laguiadepamplonacom-133175176762273\/?ref=hl","article_published_time":"2021-11-15T16:01:12+00:00","article_modified_time":"2023-04-11T09:48:46+00:00","og_image":[{"width":1514,"height":1136,"url":"https:\/\/www.laguiadepamplona.com\/actualidad\/wp-content\/uploads\/2021\/09\/banos-publicos-aseos-autolimpiables_0.jpg","type":"image\/jpeg"}],"author":"La Gu\u00eda de Pamplona","twitter_card":"summary_large_image","twitter_creator":"@LaGuiadPamplona","twitter_site":"@LaGuiadPamplona","twitter_misc":{"Escrito por":"La Gu\u00eda de Pamplona","Tiempo de lectura":"3 minutos"},"schema":{"@context":"https:\/\/schema.org","@graph":[{"@type":"Article","@id":"https:\/\/www.laguiadepamplona.com\/actualidad\/antes-de-final-de-ano-el-parque-del-orfeon-pamplones-y-el-grupo-urdanoz-tendran-nuevos-aseos-autolimpiables\/#article","isPartOf":{"@id":"https:\/\/www.laguiadepamplona.com\/actualidad\/antes-de-final-de-ano-el-parque-del-orfeon-pamplones-y-el-grupo-urdanoz-tendran-nuevos-aseos-autolimpiables\/"},"author":{"name":"La Gu\u00eda de Pamplona","@id":"https:\/\/www.laguiadepamplona.com\/actualidad\/#\/schema\/person\/efe887376f0213d4657c93adc50b1fdb"},"headline":"Antes de final de a\u00f1o el parque del Orfe\u00f3n Pamplon\u00e9s y el Grupo Urd\u00e1noz tendr\u00e1n nuevos aseos autolimpiables","datePublished":"2021-11-15T16:01:12+00:00","dateModified":"2023-04-11T09:48:46+00:00","mainEntityOfPage":{"@id":"https:\/\/www.laguiadepamplona.com\/actualidad\/antes-de-final-de-ano-el-parque-del-orfeon-pamplones-y-el-grupo-urdanoz-tendran-nuevos-aseos-autolimpiables\/"},"wordCount":714,"commentCount":0,"publisher":{"@id":"https:\/\/www.laguiadepamplona.com\/actualidad\/#organization"},"image":{"@id":"https:\/\/www.laguiadepamplona.com\/actualidad\/antes-de-final-de-ano-el-parque-del-orfeon-pamplones-y-el-grupo-urdanoz-tendran-nuevos-aseos-autolimpiables\/#primaryimage"},"thumbnailUrl":"https:\/\/www.laguiadepamplona.com\/actualidad\/wp-content\/uploads\/2021\/09\/banos-publicos-aseos-autolimpiables_0.jpg","articleSection":["Ayto Pamplona"],"inLanguage":"es","potentialAction":[{"@type":"CommentAction","name":"Comment","target":["https:\/\/www.laguiadepamplona.com\/actualidad\/antes-de-final-de-ano-el-parque-del-orfeon-pamplones-y-el-grupo-urdanoz-tendran-nuevos-aseos-autolimpiables\/#respond"]}]},{"@type":"WebPage","@id":"https:\/\/www.laguiadepamplona.com\/actualidad\/antes-de-final-de-ano-el-parque-del-orfeon-pamplones-y-el-grupo-urdanoz-tendran-nuevos-aseos-autolimpiables\/","url":"https:\/\/www.laguiadepamplona.com\/actualidad\/antes-de-final-de-ano-el-parque-del-orfeon-pamplones-y-el-grupo-urdanoz-tendran-nuevos-aseos-autolimpiables\/","name":"Antes de final de a\u00f1o el parque del Orfe\u00f3n Pamplon\u00e9s y el Grupo Urd\u00e1noz tendr\u00e1n nuevos aseos autolimpiables","isPartOf":{"@id":"https:\/\/www.laguiadepamplona.com\/actualidad\/#website"},"primaryImageOfPage":{"@id":"https:\/\/www.laguiadepamplona.com\/actualidad\/antes-de-final-de-ano-el-parque-del-orfeon-pamplones-y-el-grupo-urdanoz-tendran-nuevos-aseos-autolimpiables\/#primaryimage"},"image":{"@id":"https:\/\/www.laguiadepamplona.com\/actualidad\/antes-de-final-de-ano-el-parque-del-orfeon-pamplones-y-el-grupo-urdanoz-tendran-nuevos-aseos-autolimpiables\/#primaryimage"},"thumbnailUrl":"https:\/\/www.laguiadepamplona.com\/actualidad\/wp-content\/uploads\/2021\/09\/banos-publicos-aseos-autolimpiables_0.jpg","datePublished":"2021-11-15T16:01:12+00:00","dateModified":"2023-04-11T09:48:46+00:00","description":"Con el aseo de Yamaguchi, actualmente en ejecuci\u00f3n, la ciudadan\u00eda de Pamplona dispondr\u00e1 de 30 instalaciones automatizadas","breadcrumb":{"@id":"https:\/\/www.laguiadepamplona.com\/actualidad\/antes-de-final-de-ano-el-parque-del-orfeon-pamplones-y-el-grupo-urdanoz-tendran-nuevos-aseos-autolimpiables\/#breadcrumb"},"inLanguage":"es","potentialAction":[{"@type":"ReadAction","target":["https:\/\/www.laguiadepamplona.com\/actualidad\/antes-de-final-de-ano-el-parque-del-orfeon-pamplones-y-el-grupo-urdanoz-tendran-nuevos-aseos-autolimpiables\/"]}]},{"@type":"ImageObject","inLanguage":"es","@id":"https:\/\/www.laguiadepamplona.com\/actualidad\/antes-de-final-de-ano-el-parque-del-orfeon-pamplones-y-el-grupo-urdanoz-tendran-nuevos-aseos-autolimpiables\/#primaryimage","url":"https:\/\/www.laguiadepamplona.com\/actualidad\/wp-content\/uploads\/2021\/09\/banos-publicos-aseos-autolimpiables_0.jpg","contentUrl":"https:\/\/www.laguiadepamplona.com\/actualidad\/wp-content\/uploads\/2021\/09\/banos-publicos-aseos-autolimpiables_0.jpg","width":1514,"height":1136,"caption":"aseos autolimpiables"},{"@type":"BreadcrumbList","@id":"https:\/\/www.laguiadepamplona.com\/actualidad\/antes-de-final-de-ano-el-parque-del-orfeon-pamplones-y-el-grupo-urdanoz-tendran-nuevos-aseos-autolimpiables\/#breadcrumb","itemListElement":[{"@type":"ListItem","position":1,"name":"Portada","item":"https:\/\/www.laguiadepamplona.com\/actualidad\/"},{"@type":"ListItem","position":2,"name":"Antes de final de a\u00f1o el parque del Orfe\u00f3n Pamplon\u00e9s y el Grupo Urd\u00e1noz tendr\u00e1n nuevos aseos autolimpiables"}]},{"@type":"WebSite","@id":"https:\/\/www.laguiadepamplona.com\/actualidad\/#website","url":"https:\/\/www.laguiadepamplona.com\/actualidad\/","name":"La gu\u00eda de Pamplona","description":"Noticias de Pamplona","publisher":{"@id":"https:\/\/www.laguiadepamplona.com\/actualidad\/#organization"},"potentialAction":[{"@type":"SearchAction","target":{"@type":"EntryPoint","urlTemplate":"https:\/\/www.laguiadepamplona.com\/actualidad\/?s={search_term_string}"},"query-input":{"@type":"PropertyValueSpecification","valueRequired":true,"valueName":"search_term_string"}}],"inLanguage":"es"},{"@type":"Organization","@id":"https:\/\/www.laguiadepamplona.com\/actualidad\/#organization","name":"La Gu\u00eda de Pamplona \/ Noticias","url":"https:\/\/www.laguiadepamplona.com\/actualidad\/","logo":{"@type":"ImageObject","inLanguage":"es","@id":"https:\/\/www.laguiadepamplona.com\/actualidad\/#\/schema\/logo\/image\/","url":"https:\/\/www.laguiadepamplona.com\/actualidad\/wp-content\/uploads\/2018\/11\/logo-laguiadepamplona18-web1.png","contentUrl":"https:\/\/www.laguiadepamplona.com\/actualidad\/wp-content\/uploads\/2018\/11\/logo-laguiadepamplona18-web1.png","width":600,"height":196,"caption":"La Gu\u00eda de Pamplona \/ Noticias"},"image":{"@id":"https:\/\/www.laguiadepamplona.com\/actualidad\/#\/schema\/logo\/image\/"},"sameAs":["https:\/\/www.facebook.com\/laguiadepamplonacom-133175176762273\/?ref=hl","https:\/\/x.com\/LaGuiadPamplona","https:\/\/www.instagram.com\/la_guia_de_pamplona\/","https:\/\/www.youtube.com\/user\/laguiadepamplona"]},{"@type":"Person","@id":"https:\/\/www.laguiadepamplona.com\/actualidad\/#\/schema\/person\/efe887376f0213d4657c93adc50b1fdb","name":"La Gu\u00eda de Pamplona","image":{"@type":"ImageObject","inLanguage":"es","@id":"https:\/\/secure.gravatar.com\/avatar\/b6992f131dc8d30ab0dff15446e9d346d9dbd95992de0fef795073f5ea83a81c?s=96&d=mm&r=g","url":"https:\/\/secure.gravatar.com\/avatar\/b6992f131dc8d30ab0dff15446e9d346d9dbd95992de0fef795073f5ea83a81c?s=96&d=mm&r=g","contentUrl":"https:\/\/secure.gravatar.com\/avatar\/b6992f131dc8d30ab0dff15446e9d346d9dbd95992de0fef795073f5ea83a81c?s=96&d=mm&r=g","caption":"La Gu\u00eda de Pamplona"}}]}},"post_mailing_queue_ids":[],"_links":{"self":[{"href":"https:\/\/www.laguiadepamplona.com\/actualidad\/wp-json\/wp\/v2\/posts\/37577","targetHints":{"allow":["GET"]}}],"collection":[{"href":"https:\/\/www.laguiadepamplona.com\/actualidad\/wp-json\/wp\/v2\/posts"}],"about":[{"href":"https:\/\/www.laguiadepamplona.com\/actualidad\/wp-json\/wp\/v2\/types\/post"}],"author":[{"embeddable":true,"href":"https:\/\/www.laguiadepamplona.com\/actualidad\/wp-json\/wp\/v2\/users\/1"}],"replies":[{"embeddable":true,"href":"https:\/\/www.laguiadepamplona.com\/actualidad\/wp-json\/wp\/v2\/comments?post=37577"}],"version-history":[{"count":0,"href":"https:\/\/www.laguiadepamplona.com\/actualidad\/wp-json\/wp\/v2\/posts\/37577\/revisions"}],"wp:featuredmedia":[{"embeddable":true,"href":"https:\/\/www.laguiadepamplona.com\/actualidad\/wp-json\/wp\/v2\/media\/36371"}],"wp:attachment":[{"href":"https:\/\/www.laguiadepamplona.com\/actualidad\/wp-json\/wp\/v2\/media?parent=37577"}],"wp:term":[{"taxonomy":"category","embeddable":true,"href":"https:\/\/www.laguiadepamplona.com\/actualidad\/wp-json\/wp\/v2\/categories?post=37577"},{"taxonomy":"post_tag","embeddable":true,"href":"https:\/\/www.laguiadepamplona.com\/actualidad\/wp-json\/wp\/v2\/tags?post=37577"}],"curies":[{"name":"wp","href":"https:\/\/api.w.org\/{rel}","templated":true}]}}