{"id":37574,"date":"2021-11-15T17:59:04","date_gmt":"2021-11-15T15:59:04","guid":{"rendered":"https:\/\/www.laguiadepamplona.com\/actualidad\/?p=37574"},"modified":"2023-04-11T11:48:46","modified_gmt":"2023-04-11T09:48:46","slug":"comienza-la-ejecucion-de-la-ii-fase-del-parque-de-aranzadi-con-el-contrato-para-realizar-los-viales-de-acceso-zona-central-y-bosque-por-245-millones-de-euros","status":"publish","type":"post","link":"https:\/\/www.laguiadepamplona.com\/actualidad\/comienza-la-ejecucion-de-la-ii-fase-del-parque-de-aranzadi-con-el-contrato-para-realizar-los-viales-de-acceso-zona-central-y-bosque-por-245-millones-de-euros\/","title":{"rendered":"Comienza la ejecuci\u00f3n de la II Fase del parque de Aranzadi con el contrato para realizar los viales de acceso, zona central y bosque por 2,45 millones de euros"},"content":{"rendered":"<h5>Tras realizar una nueva adjudicaci\u00f3n del lote de la obra principal, Gerencia de Urbanismo licitar\u00e1 de nuevo lo relativo a la jardiner\u00eda y el riego<\/h5>\n<p><!--more--><\/p>\n<p>El orden del d\u00eda de Gerencia de Urbanismo del mi\u00e9rcoles incluye la propuesta de adjudicaci\u00f3n del primer lote de las obras de la segunda fase del parque de Aranzadi a la empresa Obras Especiales Edificaci\u00f3n e Infraestructuras por un importe de 2.450.564,61 (IVA incluido). Ha sido necesario realizar una nueva adjudicaci\u00f3n de este contrato ante la renuncia de la anterior empresa el pasado mes de septiembre.<br \/>\n<script async src=\"\/\/pagead2.googlesyndication.com\/pagead\/js\/adsbygoogle.js\"><\/script><br \/>\n<!-- Noticias La Guia de Pamplona --><br \/>\n<ins class=\"adsbygoogle\"\nstyle=\"display:block\"\ndata-ad-client=\"ca-pub-6943679897239327\"\ndata-ad-slot=\"7048180777\"\ndata-ad-format=\"auto\"><\/ins><br \/>\n<script>\n(adsbygoogle = window.adsbygoogle || []).push({});\n<\/script><\/p>\n<p>Esta segunda fase operar\u00e1 sobre 17.000 m<sup>2 <\/sup>del meandro y se har\u00e1 de acuerdo a lo dise\u00f1ado para este espacio de la ciudad por la empresa A221 Arquitectura e Ingenier\u00eda, actualizando los resultados de un concurso internacional de ideas para la redacci\u00f3n del proyecto que se celebr\u00f3 2008. La actuaci\u00f3n actual incluye la conexi\u00f3n este oeste del parque (entre la pasarela de Alemanes y la pasarela de San Pedro); la creaci\u00f3n de una zona central de estancia y encuentro entorno al h\u00f3rreo, un punto en el que se cruzan los dos ejes vertebradores del parque, y la amabilizaci\u00f3n de los dos accesos al parque desde la calle Vergel. Asimismo, se pavimentar\u00e1 y dotar\u00e1 de iluminaci\u00f3n el camino que bordea el bosque de crecida.<\/p>\n<p>La primera fase del parque de Aranzadi, fundamentalmente derribo de edificaciones fuera de ordenaci\u00f3n y trabajo sobre el semic\u00edrculo m\u00e1s cercano al r\u00edo (orla de huertas, orla de ribera, bosque de crecida) y los viales-caminos internos, se termin\u00f3 en el a\u00f1o 2013.<\/p>\n<p>El parque, una vez completadas sus dos fases, sumar\u00e1 una superficie total de 150.000 m<sup>2<\/sup> y su dise\u00f1o tiene en cuenta un triple concepto en el plano t\u00e9cnico: el impulso a la sostenibilidad y la educaci\u00f3n ambiental, la puesta en valor de usos tradicionales de ese espacio y el fomento de la econom\u00eda circular como modelo productivo que minimice el uso de recursos naturales y energ\u00eda.<br \/>\n<script async src=\"\/\/pagead2.googlesyndication.com\/pagead\/js\/adsbygoogle.js\"><\/script><br \/>\n<!-- Noticias La Guia de Pamplona --><br \/>\n<ins class=\"adsbygoogle\"\nstyle=\"display:block\"\ndata-ad-client=\"ca-pub-6943679897239327\"\ndata-ad-slot=\"7048180777\"\ndata-ad-format=\"auto\"><\/ins><br \/>\n<script>\n(adsbygoogle = window.adsbygoogle || []).push({});\n<\/script><\/p>\n<p><strong>Nueva licitaci\u00f3n para jardiner\u00eda y riego<\/strong><\/p>\n<p>La licitaci\u00f3n de esta segunda fase actualizada se realizaba en dos lotes, el segundo de los cuales est\u00e1 vinculado a la jardiner\u00eda y el riego de la segunda fase, al considerar que son trabajos abordables por un contratante diferente al del resto de trabajos de urbanizaci\u00f3n. Esta parte del concurso qued\u00f3 desierta por lo que Gerencia de Urbanismo aprobar\u00e1 el pr\u00f3ximo d\u00eda 17 la convocatoria de un nuevo procedimiento de car\u00e1cter abierto para realizar esta intervenci\u00f3n en un plazo de 9 meses desde el replanteo, por un importe inicial de 415.443,75 euros.<\/p>\n<p>Los trabajos a ejecutar en la Fase II Lote 2 es el extendido de tierra vegetal e instalaci\u00f3n de riego en todas las zonas no pavimentadas de la segunda fase, la plantaci\u00f3n de todas las especies vegetales previstas (arbolado, arbustos, tapizantes etc.) y las siembras que deban hacerse seg\u00fan lo recogido en el proyecto. Este lote no est\u00e1 espec\u00edficamente reservado para centros especiales de empleo, empresas de inserci\u00f3n e entidades de econom\u00eda social pero la subcontrataci\u00f3n de parte de los trabajos a este tipo de entidades otorgar\u00e1 hasta 10 puntos como criterios sociales.<br \/>\n<script async src=\"\/\/pagead2.googlesyndication.com\/pagead\/js\/adsbygoogle.js\"><\/script><br \/>\n<!-- Noticias La Guia de Pamplona --><br \/>\n<ins class=\"adsbygoogle\"\nstyle=\"display:block\"\ndata-ad-client=\"ca-pub-6943679897239327\"\ndata-ad-slot=\"7048180777\"\ndata-ad-format=\"auto\"><\/ins><br \/>\n<script>\n(adsbygoogle = window.adsbygoogle || []).push({});\n<\/script><\/p>\n<p>El resto de puntos previstos en la licitaci\u00f3n se otorgar\u00e1n en raz\u00f3n de la memoria t\u00e9cnica hasta (18 puntos); programa de actuaci\u00f3n (m\u00e1ximo 8 puntos), servicio post-construcci\u00f3n (hasta 2 puntos); oferta econ\u00f3mica (hasta 55 puntos); ampliaci\u00f3n del plazo de garant\u00eda (m\u00e1ximo 3 puntos) y la designaci\u00f3n de una figura t\u00e9cnica adicional especializada en el tratamiento adecuado del medio natural que supervise los trabajos (hasta 4 puntos) encargados.<\/p>\n<p>Las condiciones de licitaci\u00f3n se publicar\u00e1n en el Portal de Contrataci\u00f3n de navarra y el plazo de presentaci\u00f3n para las empresas ser\u00e1 de al menos 15 d\u00edas tras la publicaci\u00f3n del anuncio.<\/p>\n","protected":false},"excerpt":{"rendered":"<p>Tras realizar una nueva adjudicaci\u00f3n del lote de la obra principal, Gerencia de Urbanismo licitar\u00e1 de nuevo lo relativo a la jardiner\u00eda y el riego<\/p>\n","protected":false},"author":1,"featured_media":37575,"comment_status":"open","ping_status":"closed","sticky":false,"template":"","format":"standard","meta":{"footnotes":""},"categories":[2],"tags":[],"class_list":["post-37574","post","type-post","status-publish","format-standard","has-post-thumbnail","hentry","category-ayuntamiento-pamplona"],"yoast_head":"<!-- This site is optimized with the Yoast SEO plugin v27.5 - https:\/\/yoast.com\/product\/yoast-seo-wordpress\/ -->\n<title>Comienza la ejecuci\u00f3n de la II Fase del parque de Aranzadi con el contrato para realizar los viales de acceso, zona central y bosque por 2,45 millones de euros<\/title>\n<meta name=\"description\" content=\"Tras realizar una nueva adjudicaci\u00f3n del lote de la obra principal, Gerencia de Urbanismo licitar\u00e1 de nuevo lo relativo a la jardiner\u00eda y el riego\" \/>\n<meta name=\"robots\" content=\"index, follow, max-snippet:-1, max-image-preview:large, max-video-preview:-1\" \/>\n<link rel=\"canonical\" href=\"https:\/\/www.laguiadepamplona.com\/actualidad\/comienza-la-ejecucion-de-la-ii-fase-del-parque-de-aranzadi-con-el-contrato-para-realizar-los-viales-de-acceso-zona-central-y-bosque-por-245-millones-de-euros\/\" \/>\n<meta property=\"og:locale\" content=\"es_ES\" \/>\n<meta property=\"og:type\" content=\"article\" \/>\n<meta property=\"og:title\" content=\"Comienza la ejecuci\u00f3n de la II Fase del parque de Aranzadi con el contrato para realizar los viales de acceso, zona central y bosque por 2,45 millones de euros\" \/>\n<meta property=\"og:description\" content=\"Tras realizar una nueva adjudicaci\u00f3n del lote de la obra principal, Gerencia de Urbanismo licitar\u00e1 de nuevo lo relativo a la jardiner\u00eda y el riego\" \/>\n<meta property=\"og:url\" content=\"https:\/\/www.laguiadepamplona.com\/actualidad\/comienza-la-ejecucion-de-la-ii-fase-del-parque-de-aranzadi-con-el-contrato-para-realizar-los-viales-de-acceso-zona-central-y-bosque-por-245-millones-de-euros\/\" \/>\n<meta property=\"og:site_name\" content=\"La Gu\u00eda de Pamplona\" \/>\n<meta property=\"article:publisher\" content=\"https:\/\/www.facebook.com\/laguiadepamplonacom-133175176762273\/?ref=hl\" \/>\n<meta property=\"article:published_time\" content=\"2021-11-15T15:59:04+00:00\" \/>\n<meta property=\"article:modified_time\" content=\"2023-04-11T09:48:46+00:00\" \/>\n<meta property=\"og:image\" content=\"https:\/\/www.laguiadepamplona.com\/actualidad\/wp-content\/uploads\/2021\/11\/pasarela_0.jpg\" \/>\n\t<meta property=\"og:image:width\" content=\"1920\" \/>\n\t<meta property=\"og:image:height\" content=\"1032\" \/>\n\t<meta property=\"og:image:type\" content=\"image\/jpeg\" \/>\n<meta name=\"author\" content=\"La Gu\u00eda de Pamplona\" \/>\n<meta name=\"twitter:card\" content=\"summary_large_image\" \/>\n<meta name=\"twitter:creator\" content=\"@LaGuiadPamplona\" \/>\n<meta name=\"twitter:site\" content=\"@LaGuiadPamplona\" \/>\n<meta name=\"twitter:label1\" content=\"Escrito por\" \/>\n\t<meta name=\"twitter:data1\" content=\"La Gu\u00eda de Pamplona\" \/>\n\t<meta name=\"twitter:label2\" content=\"Tiempo de lectura\" \/>\n\t<meta name=\"twitter:data2\" content=\"3 minutos\" \/>\n<script type=\"application\/ld+json\" class=\"yoast-schema-graph\">{\"@context\":\"https:\\\/\\\/schema.org\",\"@graph\":[{\"@type\":\"Article\",\"@id\":\"https:\\\/\\\/www.laguiadepamplona.com\\\/actualidad\\\/comienza-la-ejecucion-de-la-ii-fase-del-parque-de-aranzadi-con-el-contrato-para-realizar-los-viales-de-acceso-zona-central-y-bosque-por-245-millones-de-euros\\\/#article\",\"isPartOf\":{\"@id\":\"https:\\\/\\\/www.laguiadepamplona.com\\\/actualidad\\\/comienza-la-ejecucion-de-la-ii-fase-del-parque-de-aranzadi-con-el-contrato-para-realizar-los-viales-de-acceso-zona-central-y-bosque-por-245-millones-de-euros\\\/\"},\"author\":{\"name\":\"La Gu\u00eda de Pamplona\",\"@id\":\"https:\\\/\\\/www.laguiadepamplona.com\\\/actualidad\\\/#\\\/schema\\\/person\\\/efe887376f0213d4657c93adc50b1fdb\"},\"headline\":\"Comienza la ejecuci\u00f3n de la II Fase del parque de Aranzadi con el contrato para realizar los viales de acceso, zona central y bosque por 2,45 millones de euros\",\"datePublished\":\"2021-11-15T15:59:04+00:00\",\"dateModified\":\"2023-04-11T09:48:46+00:00\",\"mainEntityOfPage\":{\"@id\":\"https:\\\/\\\/www.laguiadepamplona.com\\\/actualidad\\\/comienza-la-ejecucion-de-la-ii-fase-del-parque-de-aranzadi-con-el-contrato-para-realizar-los-viales-de-acceso-zona-central-y-bosque-por-245-millones-de-euros\\\/\"},\"wordCount\":685,\"commentCount\":0,\"publisher\":{\"@id\":\"https:\\\/\\\/www.laguiadepamplona.com\\\/actualidad\\\/#organization\"},\"image\":{\"@id\":\"https:\\\/\\\/www.laguiadepamplona.com\\\/actualidad\\\/comienza-la-ejecucion-de-la-ii-fase-del-parque-de-aranzadi-con-el-contrato-para-realizar-los-viales-de-acceso-zona-central-y-bosque-por-245-millones-de-euros\\\/#primaryimage\"},\"thumbnailUrl\":\"https:\\\/\\\/www.laguiadepamplona.com\\\/actualidad\\\/wp-content\\\/uploads\\\/2021\\\/11\\\/pasarela_0.jpg\",\"articleSection\":[\"Ayto Pamplona\"],\"inLanguage\":\"es\",\"potentialAction\":[{\"@type\":\"CommentAction\",\"name\":\"Comment\",\"target\":[\"https:\\\/\\\/www.laguiadepamplona.com\\\/actualidad\\\/comienza-la-ejecucion-de-la-ii-fase-del-parque-de-aranzadi-con-el-contrato-para-realizar-los-viales-de-acceso-zona-central-y-bosque-por-245-millones-de-euros\\\/#respond\"]}]},{\"@type\":\"WebPage\",\"@id\":\"https:\\\/\\\/www.laguiadepamplona.com\\\/actualidad\\\/comienza-la-ejecucion-de-la-ii-fase-del-parque-de-aranzadi-con-el-contrato-para-realizar-los-viales-de-acceso-zona-central-y-bosque-por-245-millones-de-euros\\\/\",\"url\":\"https:\\\/\\\/www.laguiadepamplona.com\\\/actualidad\\\/comienza-la-ejecucion-de-la-ii-fase-del-parque-de-aranzadi-con-el-contrato-para-realizar-los-viales-de-acceso-zona-central-y-bosque-por-245-millones-de-euros\\\/\",\"name\":\"Comienza la ejecuci\u00f3n de la II Fase del parque de Aranzadi con el contrato para realizar los viales de acceso, zona central y bosque por 2,45 millones de euros\",\"isPartOf\":{\"@id\":\"https:\\\/\\\/www.laguiadepamplona.com\\\/actualidad\\\/#website\"},\"primaryImageOfPage\":{\"@id\":\"https:\\\/\\\/www.laguiadepamplona.com\\\/actualidad\\\/comienza-la-ejecucion-de-la-ii-fase-del-parque-de-aranzadi-con-el-contrato-para-realizar-los-viales-de-acceso-zona-central-y-bosque-por-245-millones-de-euros\\\/#primaryimage\"},\"image\":{\"@id\":\"https:\\\/\\\/www.laguiadepamplona.com\\\/actualidad\\\/comienza-la-ejecucion-de-la-ii-fase-del-parque-de-aranzadi-con-el-contrato-para-realizar-los-viales-de-acceso-zona-central-y-bosque-por-245-millones-de-euros\\\/#primaryimage\"},\"thumbnailUrl\":\"https:\\\/\\\/www.laguiadepamplona.com\\\/actualidad\\\/wp-content\\\/uploads\\\/2021\\\/11\\\/pasarela_0.jpg\",\"datePublished\":\"2021-11-15T15:59:04+00:00\",\"dateModified\":\"2023-04-11T09:48:46+00:00\",\"description\":\"Tras realizar una nueva adjudicaci\u00f3n del lote de la obra principal, Gerencia de Urbanismo licitar\u00e1 de nuevo lo relativo a la jardiner\u00eda y el riego\",\"breadcrumb\":{\"@id\":\"https:\\\/\\\/www.laguiadepamplona.com\\\/actualidad\\\/comienza-la-ejecucion-de-la-ii-fase-del-parque-de-aranzadi-con-el-contrato-para-realizar-los-viales-de-acceso-zona-central-y-bosque-por-245-millones-de-euros\\\/#breadcrumb\"},\"inLanguage\":\"es\",\"potentialAction\":[{\"@type\":\"ReadAction\",\"target\":[\"https:\\\/\\\/www.laguiadepamplona.com\\\/actualidad\\\/comienza-la-ejecucion-de-la-ii-fase-del-parque-de-aranzadi-con-el-contrato-para-realizar-los-viales-de-acceso-zona-central-y-bosque-por-245-millones-de-euros\\\/\"]}]},{\"@type\":\"ImageObject\",\"inLanguage\":\"es\",\"@id\":\"https:\\\/\\\/www.laguiadepamplona.com\\\/actualidad\\\/comienza-la-ejecucion-de-la-ii-fase-del-parque-de-aranzadi-con-el-contrato-para-realizar-los-viales-de-acceso-zona-central-y-bosque-por-245-millones-de-euros\\\/#primaryimage\",\"url\":\"https:\\\/\\\/www.laguiadepamplona.com\\\/actualidad\\\/wp-content\\\/uploads\\\/2021\\\/11\\\/pasarela_0.jpg\",\"contentUrl\":\"https:\\\/\\\/www.laguiadepamplona.com\\\/actualidad\\\/wp-content\\\/uploads\\\/2021\\\/11\\\/pasarela_0.jpg\",\"width\":1920,\"height\":1032},{\"@type\":\"BreadcrumbList\",\"@id\":\"https:\\\/\\\/www.laguiadepamplona.com\\\/actualidad\\\/comienza-la-ejecucion-de-la-ii-fase-del-parque-de-aranzadi-con-el-contrato-para-realizar-los-viales-de-acceso-zona-central-y-bosque-por-245-millones-de-euros\\\/#breadcrumb\",\"itemListElement\":[{\"@type\":\"ListItem\",\"position\":1,\"name\":\"Portada\",\"item\":\"https:\\\/\\\/www.laguiadepamplona.com\\\/actualidad\\\/\"},{\"@type\":\"ListItem\",\"position\":2,\"name\":\"Comienza la ejecuci\u00f3n de la II Fase del parque de Aranzadi con el contrato para realizar los viales de acceso, zona central y bosque por 2,45 millones de euros\"}]},{\"@type\":\"WebSite\",\"@id\":\"https:\\\/\\\/www.laguiadepamplona.com\\\/actualidad\\\/#website\",\"url\":\"https:\\\/\\\/www.laguiadepamplona.com\\\/actualidad\\\/\",\"name\":\"La gu\u00eda de Pamplona\",\"description\":\"Noticias de Pamplona\",\"publisher\":{\"@id\":\"https:\\\/\\\/www.laguiadepamplona.com\\\/actualidad\\\/#organization\"},\"potentialAction\":[{\"@type\":\"SearchAction\",\"target\":{\"@type\":\"EntryPoint\",\"urlTemplate\":\"https:\\\/\\\/www.laguiadepamplona.com\\\/actualidad\\\/?s={search_term_string}\"},\"query-input\":{\"@type\":\"PropertyValueSpecification\",\"valueRequired\":true,\"valueName\":\"search_term_string\"}}],\"inLanguage\":\"es\"},{\"@type\":\"Organization\",\"@id\":\"https:\\\/\\\/www.laguiadepamplona.com\\\/actualidad\\\/#organization\",\"name\":\"La Gu\u00eda de Pamplona \\\/ Noticias\",\"url\":\"https:\\\/\\\/www.laguiadepamplona.com\\\/actualidad\\\/\",\"logo\":{\"@type\":\"ImageObject\",\"inLanguage\":\"es\",\"@id\":\"https:\\\/\\\/www.laguiadepamplona.com\\\/actualidad\\\/#\\\/schema\\\/logo\\\/image\\\/\",\"url\":\"https:\\\/\\\/www.laguiadepamplona.com\\\/actualidad\\\/wp-content\\\/uploads\\\/2018\\\/11\\\/logo-laguiadepamplona18-web1.png\",\"contentUrl\":\"https:\\\/\\\/www.laguiadepamplona.com\\\/actualidad\\\/wp-content\\\/uploads\\\/2018\\\/11\\\/logo-laguiadepamplona18-web1.png\",\"width\":600,\"height\":196,\"caption\":\"La Gu\u00eda de Pamplona \\\/ Noticias\"},\"image\":{\"@id\":\"https:\\\/\\\/www.laguiadepamplona.com\\\/actualidad\\\/#\\\/schema\\\/logo\\\/image\\\/\"},\"sameAs\":[\"https:\\\/\\\/www.facebook.com\\\/laguiadepamplonacom-133175176762273\\\/?ref=hl\",\"https:\\\/\\\/x.com\\\/LaGuiadPamplona\",\"https:\\\/\\\/www.instagram.com\\\/la_guia_de_pamplona\\\/\",\"https:\\\/\\\/www.youtube.com\\\/user\\\/laguiadepamplona\"]},{\"@type\":\"Person\",\"@id\":\"https:\\\/\\\/www.laguiadepamplona.com\\\/actualidad\\\/#\\\/schema\\\/person\\\/efe887376f0213d4657c93adc50b1fdb\",\"name\":\"La Gu\u00eda de Pamplona\",\"image\":{\"@type\":\"ImageObject\",\"inLanguage\":\"es\",\"@id\":\"https:\\\/\\\/secure.gravatar.com\\\/avatar\\\/b6992f131dc8d30ab0dff15446e9d346d9dbd95992de0fef795073f5ea83a81c?s=96&d=mm&r=g\",\"url\":\"https:\\\/\\\/secure.gravatar.com\\\/avatar\\\/b6992f131dc8d30ab0dff15446e9d346d9dbd95992de0fef795073f5ea83a81c?s=96&d=mm&r=g\",\"contentUrl\":\"https:\\\/\\\/secure.gravatar.com\\\/avatar\\\/b6992f131dc8d30ab0dff15446e9d346d9dbd95992de0fef795073f5ea83a81c?s=96&d=mm&r=g\",\"caption\":\"La Gu\u00eda de Pamplona\"}}]}<\/script>\n<!-- \/ Yoast SEO plugin. -->","yoast_head_json":{"title":"Comienza la ejecuci\u00f3n de la II Fase del parque de Aranzadi con el contrato para realizar los viales de acceso, zona central y bosque por 2,45 millones de euros","description":"Tras realizar una nueva adjudicaci\u00f3n del lote de la obra principal, Gerencia de Urbanismo licitar\u00e1 de nuevo lo relativo a la jardiner\u00eda y el riego","robots":{"index":"index","follow":"follow","max-snippet":"max-snippet:-1","max-image-preview":"max-image-preview:large","max-video-preview":"max-video-preview:-1"},"canonical":"https:\/\/www.laguiadepamplona.com\/actualidad\/comienza-la-ejecucion-de-la-ii-fase-del-parque-de-aranzadi-con-el-contrato-para-realizar-los-viales-de-acceso-zona-central-y-bosque-por-245-millones-de-euros\/","og_locale":"es_ES","og_type":"article","og_title":"Comienza la ejecuci\u00f3n de la II Fase del parque de Aranzadi con el contrato para realizar los viales de acceso, zona central y bosque por 2,45 millones de euros","og_description":"Tras realizar una nueva adjudicaci\u00f3n del lote de la obra principal, Gerencia de Urbanismo licitar\u00e1 de nuevo lo relativo a la jardiner\u00eda y el riego","og_url":"https:\/\/www.laguiadepamplona.com\/actualidad\/comienza-la-ejecucion-de-la-ii-fase-del-parque-de-aranzadi-con-el-contrato-para-realizar-los-viales-de-acceso-zona-central-y-bosque-por-245-millones-de-euros\/","og_site_name":"La Gu\u00eda de Pamplona","article_publisher":"https:\/\/www.facebook.com\/laguiadepamplonacom-133175176762273\/?ref=hl","article_published_time":"2021-11-15T15:59:04+00:00","article_modified_time":"2023-04-11T09:48:46+00:00","og_image":[{"width":1920,"height":1032,"url":"https:\/\/www.laguiadepamplona.com\/actualidad\/wp-content\/uploads\/2021\/11\/pasarela_0.jpg","type":"image\/jpeg"}],"author":"La Gu\u00eda de Pamplona","twitter_card":"summary_large_image","twitter_creator":"@LaGuiadPamplona","twitter_site":"@LaGuiadPamplona","twitter_misc":{"Escrito por":"La Gu\u00eda de Pamplona","Tiempo de lectura":"3 minutos"},"schema":{"@context":"https:\/\/schema.org","@graph":[{"@type":"Article","@id":"https:\/\/www.laguiadepamplona.com\/actualidad\/comienza-la-ejecucion-de-la-ii-fase-del-parque-de-aranzadi-con-el-contrato-para-realizar-los-viales-de-acceso-zona-central-y-bosque-por-245-millones-de-euros\/#article","isPartOf":{"@id":"https:\/\/www.laguiadepamplona.com\/actualidad\/comienza-la-ejecucion-de-la-ii-fase-del-parque-de-aranzadi-con-el-contrato-para-realizar-los-viales-de-acceso-zona-central-y-bosque-por-245-millones-de-euros\/"},"author":{"name":"La Gu\u00eda de Pamplona","@id":"https:\/\/www.laguiadepamplona.com\/actualidad\/#\/schema\/person\/efe887376f0213d4657c93adc50b1fdb"},"headline":"Comienza la ejecuci\u00f3n de la II Fase del parque de Aranzadi con el contrato para realizar los viales de acceso, zona central y bosque por 2,45 millones de euros","datePublished":"2021-11-15T15:59:04+00:00","dateModified":"2023-04-11T09:48:46+00:00","mainEntityOfPage":{"@id":"https:\/\/www.laguiadepamplona.com\/actualidad\/comienza-la-ejecucion-de-la-ii-fase-del-parque-de-aranzadi-con-el-contrato-para-realizar-los-viales-de-acceso-zona-central-y-bosque-por-245-millones-de-euros\/"},"wordCount":685,"commentCount":0,"publisher":{"@id":"https:\/\/www.laguiadepamplona.com\/actualidad\/#organization"},"image":{"@id":"https:\/\/www.laguiadepamplona.com\/actualidad\/comienza-la-ejecucion-de-la-ii-fase-del-parque-de-aranzadi-con-el-contrato-para-realizar-los-viales-de-acceso-zona-central-y-bosque-por-245-millones-de-euros\/#primaryimage"},"thumbnailUrl":"https:\/\/www.laguiadepamplona.com\/actualidad\/wp-content\/uploads\/2021\/11\/pasarela_0.jpg","articleSection":["Ayto Pamplona"],"inLanguage":"es","potentialAction":[{"@type":"CommentAction","name":"Comment","target":["https:\/\/www.laguiadepamplona.com\/actualidad\/comienza-la-ejecucion-de-la-ii-fase-del-parque-de-aranzadi-con-el-contrato-para-realizar-los-viales-de-acceso-zona-central-y-bosque-por-245-millones-de-euros\/#respond"]}]},{"@type":"WebPage","@id":"https:\/\/www.laguiadepamplona.com\/actualidad\/comienza-la-ejecucion-de-la-ii-fase-del-parque-de-aranzadi-con-el-contrato-para-realizar-los-viales-de-acceso-zona-central-y-bosque-por-245-millones-de-euros\/","url":"https:\/\/www.laguiadepamplona.com\/actualidad\/comienza-la-ejecucion-de-la-ii-fase-del-parque-de-aranzadi-con-el-contrato-para-realizar-los-viales-de-acceso-zona-central-y-bosque-por-245-millones-de-euros\/","name":"Comienza la ejecuci\u00f3n de la II Fase del parque de Aranzadi con el contrato para realizar los viales de acceso, zona central y bosque por 2,45 millones de euros","isPartOf":{"@id":"https:\/\/www.laguiadepamplona.com\/actualidad\/#website"},"primaryImageOfPage":{"@id":"https:\/\/www.laguiadepamplona.com\/actualidad\/comienza-la-ejecucion-de-la-ii-fase-del-parque-de-aranzadi-con-el-contrato-para-realizar-los-viales-de-acceso-zona-central-y-bosque-por-245-millones-de-euros\/#primaryimage"},"image":{"@id":"https:\/\/www.laguiadepamplona.com\/actualidad\/comienza-la-ejecucion-de-la-ii-fase-del-parque-de-aranzadi-con-el-contrato-para-realizar-los-viales-de-acceso-zona-central-y-bosque-por-245-millones-de-euros\/#primaryimage"},"thumbnailUrl":"https:\/\/www.laguiadepamplona.com\/actualidad\/wp-content\/uploads\/2021\/11\/pasarela_0.jpg","datePublished":"2021-11-15T15:59:04+00:00","dateModified":"2023-04-11T09:48:46+00:00","description":"Tras realizar una nueva adjudicaci\u00f3n del lote de la obra principal, Gerencia de Urbanismo licitar\u00e1 de nuevo lo relativo a la jardiner\u00eda y el riego","breadcrumb":{"@id":"https:\/\/www.laguiadepamplona.com\/actualidad\/comienza-la-ejecucion-de-la-ii-fase-del-parque-de-aranzadi-con-el-contrato-para-realizar-los-viales-de-acceso-zona-central-y-bosque-por-245-millones-de-euros\/#breadcrumb"},"inLanguage":"es","potentialAction":[{"@type":"ReadAction","target":["https:\/\/www.laguiadepamplona.com\/actualidad\/comienza-la-ejecucion-de-la-ii-fase-del-parque-de-aranzadi-con-el-contrato-para-realizar-los-viales-de-acceso-zona-central-y-bosque-por-245-millones-de-euros\/"]}]},{"@type":"ImageObject","inLanguage":"es","@id":"https:\/\/www.laguiadepamplona.com\/actualidad\/comienza-la-ejecucion-de-la-ii-fase-del-parque-de-aranzadi-con-el-contrato-para-realizar-los-viales-de-acceso-zona-central-y-bosque-por-245-millones-de-euros\/#primaryimage","url":"https:\/\/www.laguiadepamplona.com\/actualidad\/wp-content\/uploads\/2021\/11\/pasarela_0.jpg","contentUrl":"https:\/\/www.laguiadepamplona.com\/actualidad\/wp-content\/uploads\/2021\/11\/pasarela_0.jpg","width":1920,"height":1032},{"@type":"BreadcrumbList","@id":"https:\/\/www.laguiadepamplona.com\/actualidad\/comienza-la-ejecucion-de-la-ii-fase-del-parque-de-aranzadi-con-el-contrato-para-realizar-los-viales-de-acceso-zona-central-y-bosque-por-245-millones-de-euros\/#breadcrumb","itemListElement":[{"@type":"ListItem","position":1,"name":"Portada","item":"https:\/\/www.laguiadepamplona.com\/actualidad\/"},{"@type":"ListItem","position":2,"name":"Comienza la ejecuci\u00f3n de la II Fase del parque de Aranzadi con el contrato para realizar los viales de acceso, zona central y bosque por 2,45 millones de euros"}]},{"@type":"WebSite","@id":"https:\/\/www.laguiadepamplona.com\/actualidad\/#website","url":"https:\/\/www.laguiadepamplona.com\/actualidad\/","name":"La gu\u00eda de Pamplona","description":"Noticias de Pamplona","publisher":{"@id":"https:\/\/www.laguiadepamplona.com\/actualidad\/#organization"},"potentialAction":[{"@type":"SearchAction","target":{"@type":"EntryPoint","urlTemplate":"https:\/\/www.laguiadepamplona.com\/actualidad\/?s={search_term_string}"},"query-input":{"@type":"PropertyValueSpecification","valueRequired":true,"valueName":"search_term_string"}}],"inLanguage":"es"},{"@type":"Organization","@id":"https:\/\/www.laguiadepamplona.com\/actualidad\/#organization","name":"La Gu\u00eda de Pamplona \/ Noticias","url":"https:\/\/www.laguiadepamplona.com\/actualidad\/","logo":{"@type":"ImageObject","inLanguage":"es","@id":"https:\/\/www.laguiadepamplona.com\/actualidad\/#\/schema\/logo\/image\/","url":"https:\/\/www.laguiadepamplona.com\/actualidad\/wp-content\/uploads\/2018\/11\/logo-laguiadepamplona18-web1.png","contentUrl":"https:\/\/www.laguiadepamplona.com\/actualidad\/wp-content\/uploads\/2018\/11\/logo-laguiadepamplona18-web1.png","width":600,"height":196,"caption":"La Gu\u00eda de Pamplona \/ Noticias"},"image":{"@id":"https:\/\/www.laguiadepamplona.com\/actualidad\/#\/schema\/logo\/image\/"},"sameAs":["https:\/\/www.facebook.com\/laguiadepamplonacom-133175176762273\/?ref=hl","https:\/\/x.com\/LaGuiadPamplona","https:\/\/www.instagram.com\/la_guia_de_pamplona\/","https:\/\/www.youtube.com\/user\/laguiadepamplona"]},{"@type":"Person","@id":"https:\/\/www.laguiadepamplona.com\/actualidad\/#\/schema\/person\/efe887376f0213d4657c93adc50b1fdb","name":"La Gu\u00eda de Pamplona","image":{"@type":"ImageObject","inLanguage":"es","@id":"https:\/\/secure.gravatar.com\/avatar\/b6992f131dc8d30ab0dff15446e9d346d9dbd95992de0fef795073f5ea83a81c?s=96&d=mm&r=g","url":"https:\/\/secure.gravatar.com\/avatar\/b6992f131dc8d30ab0dff15446e9d346d9dbd95992de0fef795073f5ea83a81c?s=96&d=mm&r=g","contentUrl":"https:\/\/secure.gravatar.com\/avatar\/b6992f131dc8d30ab0dff15446e9d346d9dbd95992de0fef795073f5ea83a81c?s=96&d=mm&r=g","caption":"La Gu\u00eda de Pamplona"}}]}},"post_mailing_queue_ids":[],"_links":{"self":[{"href":"https:\/\/www.laguiadepamplona.com\/actualidad\/wp-json\/wp\/v2\/posts\/37574","targetHints":{"allow":["GET"]}}],"collection":[{"href":"https:\/\/www.laguiadepamplona.com\/actualidad\/wp-json\/wp\/v2\/posts"}],"about":[{"href":"https:\/\/www.laguiadepamplona.com\/actualidad\/wp-json\/wp\/v2\/types\/post"}],"author":[{"embeddable":true,"href":"https:\/\/www.laguiadepamplona.com\/actualidad\/wp-json\/wp\/v2\/users\/1"}],"replies":[{"embeddable":true,"href":"https:\/\/www.laguiadepamplona.com\/actualidad\/wp-json\/wp\/v2\/comments?post=37574"}],"version-history":[{"count":0,"href":"https:\/\/www.laguiadepamplona.com\/actualidad\/wp-json\/wp\/v2\/posts\/37574\/revisions"}],"wp:featuredmedia":[{"embeddable":true,"href":"https:\/\/www.laguiadepamplona.com\/actualidad\/wp-json\/wp\/v2\/media\/37575"}],"wp:attachment":[{"href":"https:\/\/www.laguiadepamplona.com\/actualidad\/wp-json\/wp\/v2\/media?parent=37574"}],"wp:term":[{"taxonomy":"category","embeddable":true,"href":"https:\/\/www.laguiadepamplona.com\/actualidad\/wp-json\/wp\/v2\/categories?post=37574"},{"taxonomy":"post_tag","embeddable":true,"href":"https:\/\/www.laguiadepamplona.com\/actualidad\/wp-json\/wp\/v2\/tags?post=37574"}],"curies":[{"name":"wp","href":"https:\/\/api.w.org\/{rel}","templated":true}]}}