{"id":37531,"date":"2021-11-12T14:31:35","date_gmt":"2021-11-12T12:31:35","guid":{"rendered":"https:\/\/www.laguiadepamplona.com\/actualidad\/?p=37531"},"modified":"2023-04-11T11:48:46","modified_gmt":"2023-04-11T09:48:46","slug":"el-lunes-comienzan-las-obras-de-reurbanizacion-de-manuel-de-falla-que-provocaran-cortes-y-alteraciones-de-trafico-en-las-calles-rio-queiles-rio-irati-rio-urrobi-y-rio-urederra","status":"publish","type":"post","link":"https:\/\/www.laguiadepamplona.com\/actualidad\/el-lunes-comienzan-las-obras-de-reurbanizacion-de-manuel-de-falla-que-provocaran-cortes-y-alteraciones-de-trafico-en-las-calles-rio-queiles-rio-irati-rio-urrobi-y-rio-urederra\/","title":{"rendered":"El lunes comienzan las obras de reurbanizaci\u00f3n de Manuel de Falla, que provocar\u00e1n cortes y alteraciones de tr\u00e1fico en las calles R\u00edo Queiles, R\u00edo Irati, R\u00edo Urrobi y R\u00edo Urederra"},"content":{"rendered":"<h5>Se ha informado a vecindario y comerciantes a trav\u00e9s de carteler\u00eda y se ha habilitado una oficina y tel\u00e9fonos de atenci\u00f3n<\/h5>\n<p><!--more--><\/p>\n<p>La primera fase de la reurbanizaci\u00f3n y renovaci\u00f3n de redes de las calles Manuel de Falla, R\u00edo Urrobi y R\u00edo Irati en el barrio de la Milagrosa comienza este lunes. Los trabajos, que se van a desarrollar durante los pr\u00f3ximos cuatro meses van a generar cortes al tr\u00e1fico y alteraciones en la circulaci\u00f3n por la zona durante las pr\u00f3ximas semanas. El proyecto global de reurbanizaci\u00f3n y renovaci\u00f3n de redes se llevar\u00e1 a cabo en tres fases, hasta mediados de 2023, con un presupuesto de 3,7 millones de euros.<br \/>\n<script async src=\"\/\/pagead2.googlesyndication.com\/pagead\/js\/adsbygoogle.js\"><\/script><br \/>\n<!-- Noticias La Guia de Pamplona --><br \/>\n<ins class=\"adsbygoogle\"\nstyle=\"display:block\"\ndata-ad-client=\"ca-pub-6943679897239327\"\ndata-ad-slot=\"7048180777\"\ndata-ad-format=\"auto\"><\/ins><br \/>\n<script>\n(adsbygoogle = window.adsbygoogle || []).push({});\n<\/script><\/p>\n<p>Las actuaciones de esta primera fase se centran en la calle Irati y, parcialmente, en la R\u00edo Urederra para la renovaci\u00f3n de los colectores de pluviales y fecales y para, de forma puntual, trabajar en acometidas a las fachadas. As\u00ed las cosas, la intersecci\u00f3n entre las calles R\u00edo Queiles y R\u00edo Irati quedar\u00e1 cortada al tr\u00e1fico y \u00fanicamente habr\u00e1 una v\u00eda abierta para los garajes vecinales. Las calles adyacentes como R\u00edo Urederra, entre Blas de la Serna y R\u00edo Irati, o como R\u00edo Cidacos y R\u00edo Urrobi pasar\u00e1n a ser fondo de saco, sin salida por las obras.<\/p>\n<p>Para circular por la zona, se recomienda el tr\u00e1nsito por las calles Blas de la Serna y R\u00edo Ultzama para ir hacia la avenida de Zaragoza. Precisamente por R\u00edo Ultzama circular\u00e1 la l\u00ednea 19 del transporte urbano comarcal, afectada por los cortes que se van a producir. En ese nuevo recorrido se han habilitado dos paradas provisionales en la calle Blas de la Serna, en torno a la rotonda que une esa v\u00eda con la calle Fernando Remacha.<\/p>\n<p>El Ayuntamiento de Pamplona ha realizado diferentes acciones de comunicaci\u00f3n de los trabajos y las afecciones de estas obras. Se ha colocado carteler\u00eda en los portales y en los comercios con la informaci\u00f3n de lo que se va a realizar. Tambi\u00e9n se han mantenido encuentros con los comerciantes para explicarles los trabajos. Asimismo, para cualquier duda se va a habilitar una oficina a pie de calle a la altura de la c\/ R\u00edo Urrobi 7, dos tel\u00e9fonos m\u00f3viles (636 144 529 y 646 333 081) y dos correos electr\u00f3nicos (<a href=\"mailto:i.dean@mariezcurrena.com\">i.dean@mariezcurrena.com<\/a> y <a href=\"mailto:milagrosa@mariezcurrena.com\">milagrosa@mariezcurrena.com<\/a>) para atender cualquier preguntas, aviso o sugerencia en torno a las obras.<br \/>\n<script async src=\"\/\/pagead2.googlesyndication.com\/pagead\/js\/adsbygoogle.js\"><\/script><br \/>\n<!-- Noticias La Guia de Pamplona --><br \/>\n<ins class=\"adsbygoogle\"\nstyle=\"display:block\"\ndata-ad-client=\"ca-pub-6943679897239327\"\ndata-ad-slot=\"7048180777\"\ndata-ad-format=\"auto\"><\/ins><br \/>\n<script>\n(adsbygoogle = window.adsbygoogle || []).push({});\n<\/script><\/p>\n<p><strong>Proyecto en tres fases durante 20 meses<\/strong><\/p>\n<p>Las obras de reurbanizaci\u00f3n y renovaci\u00f3n de redes de las calles Manuel de Falla, R\u00edo Urrobi y R\u00edo Irati cuentan con un presupuesto de 3.769.103,06 euros y un plazo de ejecuci\u00f3n de algo m\u00e1s de 20 meses, desde finales de 2021 hasta mediados de 2023. La Mancomunidad de la Comarca de Pamplona aporta 883.256,56 euros, un 23,4%, fruto un convenio firmado con el Ayuntamiento. Las obras las ejecutar\u00e1 Construcciones Mariezcurrena y se desarrollar\u00e1n en tres fases: la primera, que empieza el lunes y durante cuatro meses, en R\u00edo Irati y parcialmente en R\u00edo Urederra; la segunda, con actuaciones en R\u00edo Urrobi y Manuel de Falla durante 12 meses; y la tercera, centrada el Manuel de Falla, durante otros 5 meses.<\/p>\n<p>La obra revitalizar\u00e1 la zona, aumentar\u00e1 el espacio peatonal y fomentar\u00e1 nuevos modos de movilidad, adem\u00e1s de la mejora de esas redes de abastecimiento. Se crear\u00e1n cuatro nuevas plazas con un marcado car\u00e1cter peatonal, se establecer\u00e1n nuevos recorridos para la circulaci\u00f3n de un tr\u00e1fico de veh\u00edculos restringido para residentes y servicios, se colocar\u00e1 nuevo mobiliario urbano y se generar\u00e1n de nuevos espacios verdes, de estancia y de paseo. La reurbanizaci\u00f3n prevista se basa en el proyecto de CIMA Ingenieros SLU y SUMA Urban Sustainability Consultants SLP, actualizado en mayo de este a\u00f1o por CIMA Ingenieros. Se enmarca tambi\u00e9n dentro de la Estrategia GoGreen, que engloba todas las actuaciones en materia de lucha contra el cambio clim\u00e1tico desarrolladas por la ciudad.<br \/>\n<script async src=\"\/\/pagead2.googlesyndication.com\/pagead\/js\/adsbygoogle.js\"><\/script><br \/>\n<!-- Noticias La Guia de Pamplona --><br \/>\n<ins class=\"adsbygoogle\"\nstyle=\"display:block\"\ndata-ad-client=\"ca-pub-6943679897239327\"\ndata-ad-slot=\"7048180777\"\ndata-ad-format=\"auto\"><\/ins><br \/>\n<script>\n(adsbygoogle = window.adsbygoogle || []).push({});\n<\/script><\/p>\n<p>El proyecto abarca actuaciones en un \u00e1rea delimitada por la avenida Zaragoza y las calles Sang\u00fcesa, Gayarre, Blas de la Serna y R\u00edo Queiles, con intervenciones en los viales centrales de orientaci\u00f3n norte-sur y este-oeste del barrio. Se vertebrar\u00e1 la zona central con dos ejes peatonales y ciclables: eje norte-sur que unir\u00e1 la zona norte consolidada hasta la plaza Felisa Mun\u00e1rriz y la salida al centro de la ciudad; y el eje este-oeste, que enlaza la avenida Zaragoza con el parque Ilargi-Enea. De esta forma, se crea una zona central peatonal y varias plazas y \u00e1mbitos de estancia.<\/p>\n","protected":false},"excerpt":{"rendered":"<p>Se ha informado a vecindario y comerciantes a trav\u00e9s de carteler\u00eda y se ha habilitado una oficina y tel\u00e9fonos de atenci\u00f3n<\/p>\n","protected":false},"author":1,"featured_media":37532,"comment_status":"open","ping_status":"closed","sticky":false,"template":"","format":"standard","meta":{"footnotes":""},"categories":[2],"tags":[],"class_list":["post-37531","post","type-post","status-publish","format-standard","has-post-thumbnail","hentry","category-ayuntamiento-pamplona"],"yoast_head":"<!-- This site is optimized with the Yoast SEO plugin v27.5 - https:\/\/yoast.com\/product\/yoast-seo-wordpress\/ -->\n<title>El lunes comienzan las obras de reurbanizaci\u00f3n de Manuel de Falla, que provocar\u00e1n cortes y alteraciones de tr\u00e1fico en las calles R\u00edo Queiles, R\u00edo Irati, R\u00edo Urrobi y R\u00edo Urederra<\/title>\n<meta name=\"description\" content=\"Se ha informado a vecindario y comerciantes a trav\u00e9s de carteler\u00eda y se ha habilitado una oficina y tel\u00e9fonos de atenci\u00f3n\" \/>\n<meta name=\"robots\" content=\"index, follow, max-snippet:-1, max-image-preview:large, max-video-preview:-1\" \/>\n<link rel=\"canonical\" href=\"https:\/\/www.laguiadepamplona.com\/actualidad\/el-lunes-comienzan-las-obras-de-reurbanizacion-de-manuel-de-falla-que-provocaran-cortes-y-alteraciones-de-trafico-en-las-calles-rio-queiles-rio-irati-rio-urrobi-y-rio-urederra\/\" \/>\n<meta property=\"og:locale\" content=\"es_ES\" \/>\n<meta property=\"og:type\" content=\"article\" \/>\n<meta property=\"og:title\" content=\"El lunes comienzan las obras de reurbanizaci\u00f3n de Manuel de Falla, que provocar\u00e1n cortes y alteraciones de tr\u00e1fico en las calles R\u00edo Queiles, R\u00edo Irati, R\u00edo Urrobi y R\u00edo Urederra\" \/>\n<meta property=\"og:description\" content=\"Se ha informado a vecindario y comerciantes a trav\u00e9s de carteler\u00eda y se ha habilitado una oficina y tel\u00e9fonos de atenci\u00f3n\" \/>\n<meta property=\"og:url\" content=\"https:\/\/www.laguiadepamplona.com\/actualidad\/el-lunes-comienzan-las-obras-de-reurbanizacion-de-manuel-de-falla-que-provocaran-cortes-y-alteraciones-de-trafico-en-las-calles-rio-queiles-rio-irati-rio-urrobi-y-rio-urederra\/\" \/>\n<meta property=\"og:site_name\" content=\"La Gu\u00eda de Pamplona\" \/>\n<meta property=\"article:publisher\" content=\"https:\/\/www.facebook.com\/laguiadepamplonacom-133175176762273\/?ref=hl\" \/>\n<meta property=\"article:published_time\" content=\"2021-11-12T12:31:35+00:00\" \/>\n<meta property=\"article:modified_time\" content=\"2023-04-11T09:48:46+00:00\" \/>\n<meta property=\"og:image\" content=\"https:\/\/www.laguiadepamplona.com\/actualidad\/wp-content\/uploads\/2021\/11\/manueldefalla.jpg\" \/>\n\t<meta property=\"og:image:width\" content=\"863\" \/>\n\t<meta property=\"og:image:height\" content=\"719\" \/>\n\t<meta property=\"og:image:type\" content=\"image\/jpeg\" \/>\n<meta name=\"author\" content=\"La Gu\u00eda de Pamplona\" \/>\n<meta name=\"twitter:card\" content=\"summary_large_image\" \/>\n<meta name=\"twitter:creator\" content=\"@LaGuiadPamplona\" \/>\n<meta name=\"twitter:site\" content=\"@LaGuiadPamplona\" \/>\n<meta name=\"twitter:label1\" content=\"Escrito por\" \/>\n\t<meta name=\"twitter:data1\" content=\"La Gu\u00eda de Pamplona\" \/>\n\t<meta name=\"twitter:label2\" content=\"Tiempo de lectura\" \/>\n\t<meta name=\"twitter:data2\" content=\"4 minutos\" \/>\n<script type=\"application\/ld+json\" class=\"yoast-schema-graph\">{\"@context\":\"https:\\\/\\\/schema.org\",\"@graph\":[{\"@type\":\"Article\",\"@id\":\"https:\\\/\\\/www.laguiadepamplona.com\\\/actualidad\\\/el-lunes-comienzan-las-obras-de-reurbanizacion-de-manuel-de-falla-que-provocaran-cortes-y-alteraciones-de-trafico-en-las-calles-rio-queiles-rio-irati-rio-urrobi-y-rio-urederra\\\/#article\",\"isPartOf\":{\"@id\":\"https:\\\/\\\/www.laguiadepamplona.com\\\/actualidad\\\/el-lunes-comienzan-las-obras-de-reurbanizacion-de-manuel-de-falla-que-provocaran-cortes-y-alteraciones-de-trafico-en-las-calles-rio-queiles-rio-irati-rio-urrobi-y-rio-urederra\\\/\"},\"author\":{\"name\":\"La Gu\u00eda de Pamplona\",\"@id\":\"https:\\\/\\\/www.laguiadepamplona.com\\\/actualidad\\\/#\\\/schema\\\/person\\\/efe887376f0213d4657c93adc50b1fdb\"},\"headline\":\"El lunes comienzan las obras de reurbanizaci\u00f3n de Manuel de Falla, que provocar\u00e1n cortes y alteraciones de tr\u00e1fico en las calles R\u00edo Queiles, R\u00edo Irati, R\u00edo Urrobi y R\u00edo Urederra\",\"datePublished\":\"2021-11-12T12:31:35+00:00\",\"dateModified\":\"2023-04-11T09:48:46+00:00\",\"mainEntityOfPage\":{\"@id\":\"https:\\\/\\\/www.laguiadepamplona.com\\\/actualidad\\\/el-lunes-comienzan-las-obras-de-reurbanizacion-de-manuel-de-falla-que-provocaran-cortes-y-alteraciones-de-trafico-en-las-calles-rio-queiles-rio-irati-rio-urrobi-y-rio-urederra\\\/\"},\"wordCount\":822,\"commentCount\":0,\"publisher\":{\"@id\":\"https:\\\/\\\/www.laguiadepamplona.com\\\/actualidad\\\/#organization\"},\"image\":{\"@id\":\"https:\\\/\\\/www.laguiadepamplona.com\\\/actualidad\\\/el-lunes-comienzan-las-obras-de-reurbanizacion-de-manuel-de-falla-que-provocaran-cortes-y-alteraciones-de-trafico-en-las-calles-rio-queiles-rio-irati-rio-urrobi-y-rio-urederra\\\/#primaryimage\"},\"thumbnailUrl\":\"https:\\\/\\\/www.laguiadepamplona.com\\\/actualidad\\\/wp-content\\\/uploads\\\/2021\\\/11\\\/manueldefalla.jpg\",\"articleSection\":[\"Ayto Pamplona\"],\"inLanguage\":\"es\",\"potentialAction\":[{\"@type\":\"CommentAction\",\"name\":\"Comment\",\"target\":[\"https:\\\/\\\/www.laguiadepamplona.com\\\/actualidad\\\/el-lunes-comienzan-las-obras-de-reurbanizacion-de-manuel-de-falla-que-provocaran-cortes-y-alteraciones-de-trafico-en-las-calles-rio-queiles-rio-irati-rio-urrobi-y-rio-urederra\\\/#respond\"]}]},{\"@type\":\"WebPage\",\"@id\":\"https:\\\/\\\/www.laguiadepamplona.com\\\/actualidad\\\/el-lunes-comienzan-las-obras-de-reurbanizacion-de-manuel-de-falla-que-provocaran-cortes-y-alteraciones-de-trafico-en-las-calles-rio-queiles-rio-irati-rio-urrobi-y-rio-urederra\\\/\",\"url\":\"https:\\\/\\\/www.laguiadepamplona.com\\\/actualidad\\\/el-lunes-comienzan-las-obras-de-reurbanizacion-de-manuel-de-falla-que-provocaran-cortes-y-alteraciones-de-trafico-en-las-calles-rio-queiles-rio-irati-rio-urrobi-y-rio-urederra\\\/\",\"name\":\"El lunes comienzan las obras de reurbanizaci\u00f3n de Manuel de Falla, que provocar\u00e1n cortes y alteraciones de tr\u00e1fico en las calles R\u00edo Queiles, R\u00edo Irati, R\u00edo Urrobi y R\u00edo Urederra\",\"isPartOf\":{\"@id\":\"https:\\\/\\\/www.laguiadepamplona.com\\\/actualidad\\\/#website\"},\"primaryImageOfPage\":{\"@id\":\"https:\\\/\\\/www.laguiadepamplona.com\\\/actualidad\\\/el-lunes-comienzan-las-obras-de-reurbanizacion-de-manuel-de-falla-que-provocaran-cortes-y-alteraciones-de-trafico-en-las-calles-rio-queiles-rio-irati-rio-urrobi-y-rio-urederra\\\/#primaryimage\"},\"image\":{\"@id\":\"https:\\\/\\\/www.laguiadepamplona.com\\\/actualidad\\\/el-lunes-comienzan-las-obras-de-reurbanizacion-de-manuel-de-falla-que-provocaran-cortes-y-alteraciones-de-trafico-en-las-calles-rio-queiles-rio-irati-rio-urrobi-y-rio-urederra\\\/#primaryimage\"},\"thumbnailUrl\":\"https:\\\/\\\/www.laguiadepamplona.com\\\/actualidad\\\/wp-content\\\/uploads\\\/2021\\\/11\\\/manueldefalla.jpg\",\"datePublished\":\"2021-11-12T12:31:35+00:00\",\"dateModified\":\"2023-04-11T09:48:46+00:00\",\"description\":\"Se ha informado a vecindario y comerciantes a trav\u00e9s de carteler\u00eda y se ha habilitado una oficina y tel\u00e9fonos de atenci\u00f3n\",\"breadcrumb\":{\"@id\":\"https:\\\/\\\/www.laguiadepamplona.com\\\/actualidad\\\/el-lunes-comienzan-las-obras-de-reurbanizacion-de-manuel-de-falla-que-provocaran-cortes-y-alteraciones-de-trafico-en-las-calles-rio-queiles-rio-irati-rio-urrobi-y-rio-urederra\\\/#breadcrumb\"},\"inLanguage\":\"es\",\"potentialAction\":[{\"@type\":\"ReadAction\",\"target\":[\"https:\\\/\\\/www.laguiadepamplona.com\\\/actualidad\\\/el-lunes-comienzan-las-obras-de-reurbanizacion-de-manuel-de-falla-que-provocaran-cortes-y-alteraciones-de-trafico-en-las-calles-rio-queiles-rio-irati-rio-urrobi-y-rio-urederra\\\/\"]}]},{\"@type\":\"ImageObject\",\"inLanguage\":\"es\",\"@id\":\"https:\\\/\\\/www.laguiadepamplona.com\\\/actualidad\\\/el-lunes-comienzan-las-obras-de-reurbanizacion-de-manuel-de-falla-que-provocaran-cortes-y-alteraciones-de-trafico-en-las-calles-rio-queiles-rio-irati-rio-urrobi-y-rio-urederra\\\/#primaryimage\",\"url\":\"https:\\\/\\\/www.laguiadepamplona.com\\\/actualidad\\\/wp-content\\\/uploads\\\/2021\\\/11\\\/manueldefalla.jpg\",\"contentUrl\":\"https:\\\/\\\/www.laguiadepamplona.com\\\/actualidad\\\/wp-content\\\/uploads\\\/2021\\\/11\\\/manueldefalla.jpg\",\"width\":863,\"height\":719},{\"@type\":\"BreadcrumbList\",\"@id\":\"https:\\\/\\\/www.laguiadepamplona.com\\\/actualidad\\\/el-lunes-comienzan-las-obras-de-reurbanizacion-de-manuel-de-falla-que-provocaran-cortes-y-alteraciones-de-trafico-en-las-calles-rio-queiles-rio-irati-rio-urrobi-y-rio-urederra\\\/#breadcrumb\",\"itemListElement\":[{\"@type\":\"ListItem\",\"position\":1,\"name\":\"Portada\",\"item\":\"https:\\\/\\\/www.laguiadepamplona.com\\\/actualidad\\\/\"},{\"@type\":\"ListItem\",\"position\":2,\"name\":\"El lunes comienzan las obras de reurbanizaci\u00f3n de Manuel de Falla, que provocar\u00e1n cortes y alteraciones de tr\u00e1fico en las calles R\u00edo Queiles, R\u00edo Irati, R\u00edo Urrobi y R\u00edo Urederra\"}]},{\"@type\":\"WebSite\",\"@id\":\"https:\\\/\\\/www.laguiadepamplona.com\\\/actualidad\\\/#website\",\"url\":\"https:\\\/\\\/www.laguiadepamplona.com\\\/actualidad\\\/\",\"name\":\"La gu\u00eda de Pamplona\",\"description\":\"Noticias de Pamplona\",\"publisher\":{\"@id\":\"https:\\\/\\\/www.laguiadepamplona.com\\\/actualidad\\\/#organization\"},\"potentialAction\":[{\"@type\":\"SearchAction\",\"target\":{\"@type\":\"EntryPoint\",\"urlTemplate\":\"https:\\\/\\\/www.laguiadepamplona.com\\\/actualidad\\\/?s={search_term_string}\"},\"query-input\":{\"@type\":\"PropertyValueSpecification\",\"valueRequired\":true,\"valueName\":\"search_term_string\"}}],\"inLanguage\":\"es\"},{\"@type\":\"Organization\",\"@id\":\"https:\\\/\\\/www.laguiadepamplona.com\\\/actualidad\\\/#organization\",\"name\":\"La Gu\u00eda de Pamplona \\\/ Noticias\",\"url\":\"https:\\\/\\\/www.laguiadepamplona.com\\\/actualidad\\\/\",\"logo\":{\"@type\":\"ImageObject\",\"inLanguage\":\"es\",\"@id\":\"https:\\\/\\\/www.laguiadepamplona.com\\\/actualidad\\\/#\\\/schema\\\/logo\\\/image\\\/\",\"url\":\"https:\\\/\\\/www.laguiadepamplona.com\\\/actualidad\\\/wp-content\\\/uploads\\\/2018\\\/11\\\/logo-laguiadepamplona18-web1.png\",\"contentUrl\":\"https:\\\/\\\/www.laguiadepamplona.com\\\/actualidad\\\/wp-content\\\/uploads\\\/2018\\\/11\\\/logo-laguiadepamplona18-web1.png\",\"width\":600,\"height\":196,\"caption\":\"La Gu\u00eda de Pamplona \\\/ Noticias\"},\"image\":{\"@id\":\"https:\\\/\\\/www.laguiadepamplona.com\\\/actualidad\\\/#\\\/schema\\\/logo\\\/image\\\/\"},\"sameAs\":[\"https:\\\/\\\/www.facebook.com\\\/laguiadepamplonacom-133175176762273\\\/?ref=hl\",\"https:\\\/\\\/x.com\\\/LaGuiadPamplona\",\"https:\\\/\\\/www.instagram.com\\\/la_guia_de_pamplona\\\/\",\"https:\\\/\\\/www.youtube.com\\\/user\\\/laguiadepamplona\"]},{\"@type\":\"Person\",\"@id\":\"https:\\\/\\\/www.laguiadepamplona.com\\\/actualidad\\\/#\\\/schema\\\/person\\\/efe887376f0213d4657c93adc50b1fdb\",\"name\":\"La Gu\u00eda de Pamplona\",\"image\":{\"@type\":\"ImageObject\",\"inLanguage\":\"es\",\"@id\":\"https:\\\/\\\/secure.gravatar.com\\\/avatar\\\/b6992f131dc8d30ab0dff15446e9d346d9dbd95992de0fef795073f5ea83a81c?s=96&d=mm&r=g\",\"url\":\"https:\\\/\\\/secure.gravatar.com\\\/avatar\\\/b6992f131dc8d30ab0dff15446e9d346d9dbd95992de0fef795073f5ea83a81c?s=96&d=mm&r=g\",\"contentUrl\":\"https:\\\/\\\/secure.gravatar.com\\\/avatar\\\/b6992f131dc8d30ab0dff15446e9d346d9dbd95992de0fef795073f5ea83a81c?s=96&d=mm&r=g\",\"caption\":\"La Gu\u00eda de Pamplona\"}}]}<\/script>\n<!-- \/ Yoast SEO plugin. -->","yoast_head_json":{"title":"El lunes comienzan las obras de reurbanizaci\u00f3n de Manuel de Falla, que provocar\u00e1n cortes y alteraciones de tr\u00e1fico en las calles R\u00edo Queiles, R\u00edo Irati, R\u00edo Urrobi y R\u00edo Urederra","description":"Se ha informado a vecindario y comerciantes a trav\u00e9s de carteler\u00eda y se ha habilitado una oficina y tel\u00e9fonos de atenci\u00f3n","robots":{"index":"index","follow":"follow","max-snippet":"max-snippet:-1","max-image-preview":"max-image-preview:large","max-video-preview":"max-video-preview:-1"},"canonical":"https:\/\/www.laguiadepamplona.com\/actualidad\/el-lunes-comienzan-las-obras-de-reurbanizacion-de-manuel-de-falla-que-provocaran-cortes-y-alteraciones-de-trafico-en-las-calles-rio-queiles-rio-irati-rio-urrobi-y-rio-urederra\/","og_locale":"es_ES","og_type":"article","og_title":"El lunes comienzan las obras de reurbanizaci\u00f3n de Manuel de Falla, que provocar\u00e1n cortes y alteraciones de tr\u00e1fico en las calles R\u00edo Queiles, R\u00edo Irati, R\u00edo Urrobi y R\u00edo Urederra","og_description":"Se ha informado a vecindario y comerciantes a trav\u00e9s de carteler\u00eda y se ha habilitado una oficina y tel\u00e9fonos de atenci\u00f3n","og_url":"https:\/\/www.laguiadepamplona.com\/actualidad\/el-lunes-comienzan-las-obras-de-reurbanizacion-de-manuel-de-falla-que-provocaran-cortes-y-alteraciones-de-trafico-en-las-calles-rio-queiles-rio-irati-rio-urrobi-y-rio-urederra\/","og_site_name":"La Gu\u00eda de Pamplona","article_publisher":"https:\/\/www.facebook.com\/laguiadepamplonacom-133175176762273\/?ref=hl","article_published_time":"2021-11-12T12:31:35+00:00","article_modified_time":"2023-04-11T09:48:46+00:00","og_image":[{"width":863,"height":719,"url":"https:\/\/www.laguiadepamplona.com\/actualidad\/wp-content\/uploads\/2021\/11\/manueldefalla.jpg","type":"image\/jpeg"}],"author":"La Gu\u00eda de Pamplona","twitter_card":"summary_large_image","twitter_creator":"@LaGuiadPamplona","twitter_site":"@LaGuiadPamplona","twitter_misc":{"Escrito por":"La Gu\u00eda de Pamplona","Tiempo de lectura":"4 minutos"},"schema":{"@context":"https:\/\/schema.org","@graph":[{"@type":"Article","@id":"https:\/\/www.laguiadepamplona.com\/actualidad\/el-lunes-comienzan-las-obras-de-reurbanizacion-de-manuel-de-falla-que-provocaran-cortes-y-alteraciones-de-trafico-en-las-calles-rio-queiles-rio-irati-rio-urrobi-y-rio-urederra\/#article","isPartOf":{"@id":"https:\/\/www.laguiadepamplona.com\/actualidad\/el-lunes-comienzan-las-obras-de-reurbanizacion-de-manuel-de-falla-que-provocaran-cortes-y-alteraciones-de-trafico-en-las-calles-rio-queiles-rio-irati-rio-urrobi-y-rio-urederra\/"},"author":{"name":"La Gu\u00eda de Pamplona","@id":"https:\/\/www.laguiadepamplona.com\/actualidad\/#\/schema\/person\/efe887376f0213d4657c93adc50b1fdb"},"headline":"El lunes comienzan las obras de reurbanizaci\u00f3n de Manuel de Falla, que provocar\u00e1n cortes y alteraciones de tr\u00e1fico en las calles R\u00edo Queiles, R\u00edo Irati, R\u00edo Urrobi y R\u00edo Urederra","datePublished":"2021-11-12T12:31:35+00:00","dateModified":"2023-04-11T09:48:46+00:00","mainEntityOfPage":{"@id":"https:\/\/www.laguiadepamplona.com\/actualidad\/el-lunes-comienzan-las-obras-de-reurbanizacion-de-manuel-de-falla-que-provocaran-cortes-y-alteraciones-de-trafico-en-las-calles-rio-queiles-rio-irati-rio-urrobi-y-rio-urederra\/"},"wordCount":822,"commentCount":0,"publisher":{"@id":"https:\/\/www.laguiadepamplona.com\/actualidad\/#organization"},"image":{"@id":"https:\/\/www.laguiadepamplona.com\/actualidad\/el-lunes-comienzan-las-obras-de-reurbanizacion-de-manuel-de-falla-que-provocaran-cortes-y-alteraciones-de-trafico-en-las-calles-rio-queiles-rio-irati-rio-urrobi-y-rio-urederra\/#primaryimage"},"thumbnailUrl":"https:\/\/www.laguiadepamplona.com\/actualidad\/wp-content\/uploads\/2021\/11\/manueldefalla.jpg","articleSection":["Ayto Pamplona"],"inLanguage":"es","potentialAction":[{"@type":"CommentAction","name":"Comment","target":["https:\/\/www.laguiadepamplona.com\/actualidad\/el-lunes-comienzan-las-obras-de-reurbanizacion-de-manuel-de-falla-que-provocaran-cortes-y-alteraciones-de-trafico-en-las-calles-rio-queiles-rio-irati-rio-urrobi-y-rio-urederra\/#respond"]}]},{"@type":"WebPage","@id":"https:\/\/www.laguiadepamplona.com\/actualidad\/el-lunes-comienzan-las-obras-de-reurbanizacion-de-manuel-de-falla-que-provocaran-cortes-y-alteraciones-de-trafico-en-las-calles-rio-queiles-rio-irati-rio-urrobi-y-rio-urederra\/","url":"https:\/\/www.laguiadepamplona.com\/actualidad\/el-lunes-comienzan-las-obras-de-reurbanizacion-de-manuel-de-falla-que-provocaran-cortes-y-alteraciones-de-trafico-en-las-calles-rio-queiles-rio-irati-rio-urrobi-y-rio-urederra\/","name":"El lunes comienzan las obras de reurbanizaci\u00f3n de Manuel de Falla, que provocar\u00e1n cortes y alteraciones de tr\u00e1fico en las calles R\u00edo Queiles, R\u00edo Irati, R\u00edo Urrobi y R\u00edo Urederra","isPartOf":{"@id":"https:\/\/www.laguiadepamplona.com\/actualidad\/#website"},"primaryImageOfPage":{"@id":"https:\/\/www.laguiadepamplona.com\/actualidad\/el-lunes-comienzan-las-obras-de-reurbanizacion-de-manuel-de-falla-que-provocaran-cortes-y-alteraciones-de-trafico-en-las-calles-rio-queiles-rio-irati-rio-urrobi-y-rio-urederra\/#primaryimage"},"image":{"@id":"https:\/\/www.laguiadepamplona.com\/actualidad\/el-lunes-comienzan-las-obras-de-reurbanizacion-de-manuel-de-falla-que-provocaran-cortes-y-alteraciones-de-trafico-en-las-calles-rio-queiles-rio-irati-rio-urrobi-y-rio-urederra\/#primaryimage"},"thumbnailUrl":"https:\/\/www.laguiadepamplona.com\/actualidad\/wp-content\/uploads\/2021\/11\/manueldefalla.jpg","datePublished":"2021-11-12T12:31:35+00:00","dateModified":"2023-04-11T09:48:46+00:00","description":"Se ha informado a vecindario y comerciantes a trav\u00e9s de carteler\u00eda y se ha habilitado una oficina y tel\u00e9fonos de atenci\u00f3n","breadcrumb":{"@id":"https:\/\/www.laguiadepamplona.com\/actualidad\/el-lunes-comienzan-las-obras-de-reurbanizacion-de-manuel-de-falla-que-provocaran-cortes-y-alteraciones-de-trafico-en-las-calles-rio-queiles-rio-irati-rio-urrobi-y-rio-urederra\/#breadcrumb"},"inLanguage":"es","potentialAction":[{"@type":"ReadAction","target":["https:\/\/www.laguiadepamplona.com\/actualidad\/el-lunes-comienzan-las-obras-de-reurbanizacion-de-manuel-de-falla-que-provocaran-cortes-y-alteraciones-de-trafico-en-las-calles-rio-queiles-rio-irati-rio-urrobi-y-rio-urederra\/"]}]},{"@type":"ImageObject","inLanguage":"es","@id":"https:\/\/www.laguiadepamplona.com\/actualidad\/el-lunes-comienzan-las-obras-de-reurbanizacion-de-manuel-de-falla-que-provocaran-cortes-y-alteraciones-de-trafico-en-las-calles-rio-queiles-rio-irati-rio-urrobi-y-rio-urederra\/#primaryimage","url":"https:\/\/www.laguiadepamplona.com\/actualidad\/wp-content\/uploads\/2021\/11\/manueldefalla.jpg","contentUrl":"https:\/\/www.laguiadepamplona.com\/actualidad\/wp-content\/uploads\/2021\/11\/manueldefalla.jpg","width":863,"height":719},{"@type":"BreadcrumbList","@id":"https:\/\/www.laguiadepamplona.com\/actualidad\/el-lunes-comienzan-las-obras-de-reurbanizacion-de-manuel-de-falla-que-provocaran-cortes-y-alteraciones-de-trafico-en-las-calles-rio-queiles-rio-irati-rio-urrobi-y-rio-urederra\/#breadcrumb","itemListElement":[{"@type":"ListItem","position":1,"name":"Portada","item":"https:\/\/www.laguiadepamplona.com\/actualidad\/"},{"@type":"ListItem","position":2,"name":"El lunes comienzan las obras de reurbanizaci\u00f3n de Manuel de Falla, que provocar\u00e1n cortes y alteraciones de tr\u00e1fico en las calles R\u00edo Queiles, R\u00edo Irati, R\u00edo Urrobi y R\u00edo Urederra"}]},{"@type":"WebSite","@id":"https:\/\/www.laguiadepamplona.com\/actualidad\/#website","url":"https:\/\/www.laguiadepamplona.com\/actualidad\/","name":"La gu\u00eda de Pamplona","description":"Noticias de Pamplona","publisher":{"@id":"https:\/\/www.laguiadepamplona.com\/actualidad\/#organization"},"potentialAction":[{"@type":"SearchAction","target":{"@type":"EntryPoint","urlTemplate":"https:\/\/www.laguiadepamplona.com\/actualidad\/?s={search_term_string}"},"query-input":{"@type":"PropertyValueSpecification","valueRequired":true,"valueName":"search_term_string"}}],"inLanguage":"es"},{"@type":"Organization","@id":"https:\/\/www.laguiadepamplona.com\/actualidad\/#organization","name":"La Gu\u00eda de Pamplona \/ Noticias","url":"https:\/\/www.laguiadepamplona.com\/actualidad\/","logo":{"@type":"ImageObject","inLanguage":"es","@id":"https:\/\/www.laguiadepamplona.com\/actualidad\/#\/schema\/logo\/image\/","url":"https:\/\/www.laguiadepamplona.com\/actualidad\/wp-content\/uploads\/2018\/11\/logo-laguiadepamplona18-web1.png","contentUrl":"https:\/\/www.laguiadepamplona.com\/actualidad\/wp-content\/uploads\/2018\/11\/logo-laguiadepamplona18-web1.png","width":600,"height":196,"caption":"La Gu\u00eda de Pamplona \/ Noticias"},"image":{"@id":"https:\/\/www.laguiadepamplona.com\/actualidad\/#\/schema\/logo\/image\/"},"sameAs":["https:\/\/www.facebook.com\/laguiadepamplonacom-133175176762273\/?ref=hl","https:\/\/x.com\/LaGuiadPamplona","https:\/\/www.instagram.com\/la_guia_de_pamplona\/","https:\/\/www.youtube.com\/user\/laguiadepamplona"]},{"@type":"Person","@id":"https:\/\/www.laguiadepamplona.com\/actualidad\/#\/schema\/person\/efe887376f0213d4657c93adc50b1fdb","name":"La Gu\u00eda de Pamplona","image":{"@type":"ImageObject","inLanguage":"es","@id":"https:\/\/secure.gravatar.com\/avatar\/b6992f131dc8d30ab0dff15446e9d346d9dbd95992de0fef795073f5ea83a81c?s=96&d=mm&r=g","url":"https:\/\/secure.gravatar.com\/avatar\/b6992f131dc8d30ab0dff15446e9d346d9dbd95992de0fef795073f5ea83a81c?s=96&d=mm&r=g","contentUrl":"https:\/\/secure.gravatar.com\/avatar\/b6992f131dc8d30ab0dff15446e9d346d9dbd95992de0fef795073f5ea83a81c?s=96&d=mm&r=g","caption":"La Gu\u00eda de Pamplona"}}]}},"post_mailing_queue_ids":[],"_links":{"self":[{"href":"https:\/\/www.laguiadepamplona.com\/actualidad\/wp-json\/wp\/v2\/posts\/37531","targetHints":{"allow":["GET"]}}],"collection":[{"href":"https:\/\/www.laguiadepamplona.com\/actualidad\/wp-json\/wp\/v2\/posts"}],"about":[{"href":"https:\/\/www.laguiadepamplona.com\/actualidad\/wp-json\/wp\/v2\/types\/post"}],"author":[{"embeddable":true,"href":"https:\/\/www.laguiadepamplona.com\/actualidad\/wp-json\/wp\/v2\/users\/1"}],"replies":[{"embeddable":true,"href":"https:\/\/www.laguiadepamplona.com\/actualidad\/wp-json\/wp\/v2\/comments?post=37531"}],"version-history":[{"count":0,"href":"https:\/\/www.laguiadepamplona.com\/actualidad\/wp-json\/wp\/v2\/posts\/37531\/revisions"}],"wp:featuredmedia":[{"embeddable":true,"href":"https:\/\/www.laguiadepamplona.com\/actualidad\/wp-json\/wp\/v2\/media\/37532"}],"wp:attachment":[{"href":"https:\/\/www.laguiadepamplona.com\/actualidad\/wp-json\/wp\/v2\/media?parent=37531"}],"wp:term":[{"taxonomy":"category","embeddable":true,"href":"https:\/\/www.laguiadepamplona.com\/actualidad\/wp-json\/wp\/v2\/categories?post=37531"},{"taxonomy":"post_tag","embeddable":true,"href":"https:\/\/www.laguiadepamplona.com\/actualidad\/wp-json\/wp\/v2\/tags?post=37531"}],"curies":[{"name":"wp","href":"https:\/\/api.w.org\/{rel}","templated":true}]}}