{"id":37523,"date":"2021-11-12T13:59:56","date_gmt":"2021-11-12T11:59:56","guid":{"rendered":"https:\/\/www.laguiadepamplona.com\/actualidad\/?p=37523"},"modified":"2023-04-11T11:48:46","modified_gmt":"2023-04-11T09:48:46","slug":"el-encuentro-nacional-del-pacto-de-las-alcaldias-presenta-a-pamplona-como-uno-de-los-ejemplos-en-gestion-en-materia-de-clima-y-energia","status":"publish","type":"post","link":"https:\/\/www.laguiadepamplona.com\/actualidad\/el-encuentro-nacional-del-pacto-de-las-alcaldias-presenta-a-pamplona-como-uno-de-los-ejemplos-en-gestion-en-materia-de-clima-y-energia\/","title":{"rendered":"El Encuentro Nacional del Pacto de las Alcald\u00edas presenta a Pamplona como uno de los ejemplos en gesti\u00f3n en materia de clima y energ\u00eda"},"content":{"rendered":"<h5>El concejal Ferm\u00edn Alonso ha presentado a los asistentes en Valencia la Estrategia de Transici\u00f3n Energ\u00e9tica y los objetivos del proyecto \u2018Go Green Pamplona\u2019<\/h5>\n<p><!--more--><\/p>\n<p>El Encuentro Nacional del Pacto Europeo de las Alcald\u00edas para el Clima y Energ\u00eda, que se celebr\u00f3 ayer con presencia de m\u00e1s de 300 responsables locales en Valencia, mostr\u00f3 entre sus ejemplos la apuesta que est\u00e1 haciendo en Ayuntamiento de Pamplona por la sostenibilidad. El concejal delegado de Proyectos Estrat\u00e9gicos, Movilidad y Sostenibilidad, Ferm\u00edn Alonso, explic\u00f3 en una mesa redonda, junto a Barcelona y Zaragoza, el trabajo municipal que se est\u00e1 llevando a cabo para luchar contra la pobreza energ\u00e9tica, en el marco de la Estrategia de Transici\u00f3n Energ\u00e9tica y Cambio Clim\u00e1tico 2030 y las acciones englobadas dentro de la estrategia \u2018Go Green Pamplona\u2019.<br \/>\n<script async src=\"\/\/pagead2.googlesyndication.com\/pagead\/js\/adsbygoogle.js\"><\/script><br \/>\n<!-- Noticias La Guia de Pamplona --><br \/>\n<ins class=\"adsbygoogle\"\nstyle=\"display:block\"\ndata-ad-client=\"ca-pub-6943679897239327\"\ndata-ad-slot=\"7048180777\"\ndata-ad-format=\"auto\"><\/ins><br \/>\n<script>\n(adsbygoogle = window.adsbygoogle || []).push({});\n<\/script><\/p>\n<p>El concejal Ferm\u00edn Alonso explic\u00f3 a los asistentes alguno de los puntos con los que el Consistorio est\u00e1 trabajando en torno a la estrategia \u2018Go Green Pamplona, que cuenta con una l\u00ednea de acci\u00f3n que apuesta por una pobreza energ\u00e9tica \u2018cero\u2019 en 2030. Concretamente, se detallaron los trabajos que se est\u00e1n realizando sobre el an\u00e1lisis de vulnerabilidades de los barrios, y los proyectos concretos que se est\u00e1n llevando a cabo en dos de ellos: el \u2018distrito verde\u2019 de la Rochapea, que cuenta con 5 millones de euros de financiaci\u00f3n europea, y la \u2018comunidad energ\u00e9tica de Mendillorri. Tambi\u00e9n se han explicado en qu\u00e9 consisten los talleres que la Agencia Energ\u00e9tica Municipal est\u00e1 desarrollando por todos los barrios de la ciudad para transmitir a sus vecinos la necesidad de buscar una eficiencia energ\u00e9tica y que a su vez \u00e9stos puedan comprender su factura de la luz, la labor de asesor\u00eda energ\u00e9tica a familias en dificultad o el trabajo que se est\u00e1 realizando para concienciar a la ciudadan\u00eda e impulsar la rehabilitaci\u00f3n de edificios frente a los efectos del cambio clim\u00e1tico. Tambi\u00e9n se destac\u00f3 que el a\u00f1o pasado se instal\u00f3 tanta potencia fotovoltaica en la ciudad como en todos los a\u00f1os anteriores juntos y la amplicaci\u00f3n en un 50% de las ayudas al autoconsumo en los presupuestos de este a\u00f1o.<\/p>\n<p>La iniciativa \u2018Go Green Pamplona\u2019 engloba todas las actuaciones en materia de lucha contra el cambio clim\u00e1tico desarrolladas por el Ayuntamiento y define las nuevas l\u00edneas de actuaci\u00f3n para la pr\u00f3xima d\u00e9cada, valorando los recursos necesarios para su ejecuci\u00f3n, los indicadores y los medios para su seguimiento y control.\u00a0En ella, el Ayuntamiento se marca como objetivos para 2030 una disminuci\u00f3n de los gases de efecto invernadero que produce la ciudad en un 64% y que la energ\u00eda que Pamplona consume provenga al menos en un 37% de fuentes renovables.<br \/>\n<script async src=\"\/\/pagead2.googlesyndication.com\/pagead\/js\/adsbygoogle.js\"><\/script><br \/>\n<!-- Noticias La Guia de Pamplona --><br \/>\n<ins class=\"adsbygoogle\"\nstyle=\"display:block\"\ndata-ad-client=\"ca-pub-6943679897239327\"\ndata-ad-slot=\"7048180777\"\ndata-ad-format=\"auto\"><\/ins><br \/>\n<script>\n(adsbygoogle = window.adsbygoogle || []).push({});\n<\/script><\/p>\n<p><strong>Barcelona, Valencia o Zaragoza, presentes tambi\u00e9n en este Encuentro Nacional<\/strong><\/p>\n<p>El ejemplo de Pamplona en su trabajo por la sostenibilidad form\u00f3 parte de una mesa redonda, junto a Barcelona y Zaragoza, en la que se explicaron diferentes enfoques para luchar contra la pobreza energ\u00e9tica desde las instituciones locales. En la otra sesi\u00f3n de la jornada participaron representantes de otros Consistorios del panorama nacional, como Valencia, Murcia o Sant Boi.<\/p>\n<p>El Pacto de las Alcald\u00edas es el mayor movimiento mundial de ciudades por la acci\u00f3n local en clima y energ\u00eda, que se comprometen a implantar los objetivos en materia de clima y energ\u00eda de la Uni\u00f3n Europea. La iniciativa, que ha introducido un enfoque innovador en las acciones relacionadas con el clima y la energ\u00eda, incluye ahora m\u00e1s de 7000 autoridades locales y regionales de 57 pa\u00edses que aprovechan los puntos fuertes de un movimiento que involucra a m\u00faltiples actores y cuenta con el apoyo t\u00e9cnico y metodol\u00f3gico\u00a0\u00a0 de oficinas dedicadas. El encuentro nacional celebrado ayer, en paralelo a la Cumbre del Clima de Glasgow, sirvi\u00f3 para firmar de forma simb\u00f3lica los nuevos compromisos que asumen los ayuntamientos firmantes del Pacto de Alcald\u00edas y para poner encima de la mesa temas como las nuevas oportunidades de financiaci\u00f3n en torno al \u2018New Green Deal\u2019, o las novedades que presenta el Pacto en torno a la neutralidad clim\u00e1tica y la pobreza energ\u00e9tica.<\/p>\n","protected":false},"excerpt":{"rendered":"<p>El concejal Ferm\u00edn Alonso ha presentado a los asistentes en Valencia la Estrategia de Transici\u00f3n Energ\u00e9tica y los objetivos del proyecto \u2018Go Green Pamplona\u2019<\/p>\n","protected":false},"author":1,"featured_media":37524,"comment_status":"open","ping_status":"closed","sticky":false,"template":"","format":"standard","meta":{"footnotes":""},"categories":[2],"tags":[],"class_list":["post-37523","post","type-post","status-publish","format-standard","has-post-thumbnail","hentry","category-ayuntamiento-pamplona"],"yoast_head":"<!-- This site is optimized with the Yoast SEO plugin v27.5 - https:\/\/yoast.com\/product\/yoast-seo-wordpress\/ -->\n<title>El Encuentro Nacional del Pacto de las Alcald\u00edas presenta a Pamplona como uno de los ejemplos en gesti\u00f3n en materia de clima y energ\u00eda<\/title>\n<meta name=\"description\" content=\"El concejal Ferm\u00edn Alonso ha presentado a los asistentes en Valencia la Estrategia de Transici\u00f3n Energ\u00e9tica y los objetivos del proyecto \u2018Go Green Pamplona\u2019\" \/>\n<meta name=\"robots\" content=\"index, follow, max-snippet:-1, max-image-preview:large, max-video-preview:-1\" \/>\n<link rel=\"canonical\" href=\"https:\/\/www.laguiadepamplona.com\/actualidad\/el-encuentro-nacional-del-pacto-de-las-alcaldias-presenta-a-pamplona-como-uno-de-los-ejemplos-en-gestion-en-materia-de-clima-y-energia\/\" \/>\n<meta property=\"og:locale\" content=\"es_ES\" \/>\n<meta property=\"og:type\" content=\"article\" \/>\n<meta property=\"og:title\" content=\"El Encuentro Nacional del Pacto de las Alcald\u00edas presenta a Pamplona como uno de los ejemplos en gesti\u00f3n en materia de clima y energ\u00eda\" \/>\n<meta property=\"og:description\" content=\"El concejal Ferm\u00edn Alonso ha presentado a los asistentes en Valencia la Estrategia de Transici\u00f3n Energ\u00e9tica y los objetivos del proyecto \u2018Go Green Pamplona\u2019\" \/>\n<meta property=\"og:url\" content=\"https:\/\/www.laguiadepamplona.com\/actualidad\/el-encuentro-nacional-del-pacto-de-las-alcaldias-presenta-a-pamplona-como-uno-de-los-ejemplos-en-gestion-en-materia-de-clima-y-energia\/\" \/>\n<meta property=\"og:site_name\" content=\"La Gu\u00eda de Pamplona\" \/>\n<meta property=\"article:publisher\" content=\"https:\/\/www.facebook.com\/laguiadepamplonacom-133175176762273\/?ref=hl\" \/>\n<meta property=\"article:published_time\" content=\"2021-11-12T11:59:56+00:00\" \/>\n<meta property=\"article:modified_time\" content=\"2023-04-11T09:48:46+00:00\" \/>\n<meta property=\"og:image\" content=\"https:\/\/www.laguiadepamplona.com\/actualidad\/wp-content\/uploads\/2021\/11\/pactoalcaldias_0.jpeg\" \/>\n\t<meta property=\"og:image:width\" content=\"1024\" \/>\n\t<meta property=\"og:image:height\" content=\"683\" \/>\n\t<meta property=\"og:image:type\" content=\"image\/jpeg\" \/>\n<meta name=\"author\" content=\"La Gu\u00eda de Pamplona\" \/>\n<meta name=\"twitter:card\" content=\"summary_large_image\" \/>\n<meta name=\"twitter:creator\" content=\"@LaGuiadPamplona\" \/>\n<meta name=\"twitter:site\" content=\"@LaGuiadPamplona\" \/>\n<meta name=\"twitter:label1\" content=\"Escrito por\" \/>\n\t<meta name=\"twitter:data1\" content=\"La Gu\u00eda de Pamplona\" \/>\n\t<meta name=\"twitter:label2\" content=\"Tiempo de lectura\" \/>\n\t<meta name=\"twitter:data2\" content=\"3 minutos\" \/>\n<script type=\"application\/ld+json\" class=\"yoast-schema-graph\">{\"@context\":\"https:\\\/\\\/schema.org\",\"@graph\":[{\"@type\":\"Article\",\"@id\":\"https:\\\/\\\/www.laguiadepamplona.com\\\/actualidad\\\/el-encuentro-nacional-del-pacto-de-las-alcaldias-presenta-a-pamplona-como-uno-de-los-ejemplos-en-gestion-en-materia-de-clima-y-energia\\\/#article\",\"isPartOf\":{\"@id\":\"https:\\\/\\\/www.laguiadepamplona.com\\\/actualidad\\\/el-encuentro-nacional-del-pacto-de-las-alcaldias-presenta-a-pamplona-como-uno-de-los-ejemplos-en-gestion-en-materia-de-clima-y-energia\\\/\"},\"author\":{\"name\":\"La Gu\u00eda de Pamplona\",\"@id\":\"https:\\\/\\\/www.laguiadepamplona.com\\\/actualidad\\\/#\\\/schema\\\/person\\\/efe887376f0213d4657c93adc50b1fdb\"},\"headline\":\"El Encuentro Nacional del Pacto de las Alcald\u00edas presenta a Pamplona como uno de los ejemplos en gesti\u00f3n en materia de clima y energ\u00eda\",\"datePublished\":\"2021-11-12T11:59:56+00:00\",\"dateModified\":\"2023-04-11T09:48:46+00:00\",\"mainEntityOfPage\":{\"@id\":\"https:\\\/\\\/www.laguiadepamplona.com\\\/actualidad\\\/el-encuentro-nacional-del-pacto-de-las-alcaldias-presenta-a-pamplona-como-uno-de-los-ejemplos-en-gestion-en-materia-de-clima-y-energia\\\/\"},\"wordCount\":742,\"commentCount\":0,\"publisher\":{\"@id\":\"https:\\\/\\\/www.laguiadepamplona.com\\\/actualidad\\\/#organization\"},\"image\":{\"@id\":\"https:\\\/\\\/www.laguiadepamplona.com\\\/actualidad\\\/el-encuentro-nacional-del-pacto-de-las-alcaldias-presenta-a-pamplona-como-uno-de-los-ejemplos-en-gestion-en-materia-de-clima-y-energia\\\/#primaryimage\"},\"thumbnailUrl\":\"https:\\\/\\\/www.laguiadepamplona.com\\\/actualidad\\\/wp-content\\\/uploads\\\/2021\\\/11\\\/pactoalcaldias_0.jpeg\",\"articleSection\":[\"Ayto Pamplona\"],\"inLanguage\":\"es\",\"potentialAction\":[{\"@type\":\"CommentAction\",\"name\":\"Comment\",\"target\":[\"https:\\\/\\\/www.laguiadepamplona.com\\\/actualidad\\\/el-encuentro-nacional-del-pacto-de-las-alcaldias-presenta-a-pamplona-como-uno-de-los-ejemplos-en-gestion-en-materia-de-clima-y-energia\\\/#respond\"]}]},{\"@type\":\"WebPage\",\"@id\":\"https:\\\/\\\/www.laguiadepamplona.com\\\/actualidad\\\/el-encuentro-nacional-del-pacto-de-las-alcaldias-presenta-a-pamplona-como-uno-de-los-ejemplos-en-gestion-en-materia-de-clima-y-energia\\\/\",\"url\":\"https:\\\/\\\/www.laguiadepamplona.com\\\/actualidad\\\/el-encuentro-nacional-del-pacto-de-las-alcaldias-presenta-a-pamplona-como-uno-de-los-ejemplos-en-gestion-en-materia-de-clima-y-energia\\\/\",\"name\":\"El Encuentro Nacional del Pacto de las Alcald\u00edas presenta a Pamplona como uno de los ejemplos en gesti\u00f3n en materia de clima y energ\u00eda\",\"isPartOf\":{\"@id\":\"https:\\\/\\\/www.laguiadepamplona.com\\\/actualidad\\\/#website\"},\"primaryImageOfPage\":{\"@id\":\"https:\\\/\\\/www.laguiadepamplona.com\\\/actualidad\\\/el-encuentro-nacional-del-pacto-de-las-alcaldias-presenta-a-pamplona-como-uno-de-los-ejemplos-en-gestion-en-materia-de-clima-y-energia\\\/#primaryimage\"},\"image\":{\"@id\":\"https:\\\/\\\/www.laguiadepamplona.com\\\/actualidad\\\/el-encuentro-nacional-del-pacto-de-las-alcaldias-presenta-a-pamplona-como-uno-de-los-ejemplos-en-gestion-en-materia-de-clima-y-energia\\\/#primaryimage\"},\"thumbnailUrl\":\"https:\\\/\\\/www.laguiadepamplona.com\\\/actualidad\\\/wp-content\\\/uploads\\\/2021\\\/11\\\/pactoalcaldias_0.jpeg\",\"datePublished\":\"2021-11-12T11:59:56+00:00\",\"dateModified\":\"2023-04-11T09:48:46+00:00\",\"description\":\"El concejal Ferm\u00edn Alonso ha presentado a los asistentes en Valencia la Estrategia de Transici\u00f3n Energ\u00e9tica y los objetivos del proyecto \u2018Go Green Pamplona\u2019\",\"breadcrumb\":{\"@id\":\"https:\\\/\\\/www.laguiadepamplona.com\\\/actualidad\\\/el-encuentro-nacional-del-pacto-de-las-alcaldias-presenta-a-pamplona-como-uno-de-los-ejemplos-en-gestion-en-materia-de-clima-y-energia\\\/#breadcrumb\"},\"inLanguage\":\"es\",\"potentialAction\":[{\"@type\":\"ReadAction\",\"target\":[\"https:\\\/\\\/www.laguiadepamplona.com\\\/actualidad\\\/el-encuentro-nacional-del-pacto-de-las-alcaldias-presenta-a-pamplona-como-uno-de-los-ejemplos-en-gestion-en-materia-de-clima-y-energia\\\/\"]}]},{\"@type\":\"ImageObject\",\"inLanguage\":\"es\",\"@id\":\"https:\\\/\\\/www.laguiadepamplona.com\\\/actualidad\\\/el-encuentro-nacional-del-pacto-de-las-alcaldias-presenta-a-pamplona-como-uno-de-los-ejemplos-en-gestion-en-materia-de-clima-y-energia\\\/#primaryimage\",\"url\":\"https:\\\/\\\/www.laguiadepamplona.com\\\/actualidad\\\/wp-content\\\/uploads\\\/2021\\\/11\\\/pactoalcaldias_0.jpeg\",\"contentUrl\":\"https:\\\/\\\/www.laguiadepamplona.com\\\/actualidad\\\/wp-content\\\/uploads\\\/2021\\\/11\\\/pactoalcaldias_0.jpeg\",\"width\":1024,\"height\":683},{\"@type\":\"BreadcrumbList\",\"@id\":\"https:\\\/\\\/www.laguiadepamplona.com\\\/actualidad\\\/el-encuentro-nacional-del-pacto-de-las-alcaldias-presenta-a-pamplona-como-uno-de-los-ejemplos-en-gestion-en-materia-de-clima-y-energia\\\/#breadcrumb\",\"itemListElement\":[{\"@type\":\"ListItem\",\"position\":1,\"name\":\"Portada\",\"item\":\"https:\\\/\\\/www.laguiadepamplona.com\\\/actualidad\\\/\"},{\"@type\":\"ListItem\",\"position\":2,\"name\":\"El Encuentro Nacional del Pacto de las Alcald\u00edas presenta a Pamplona como uno de los ejemplos en gesti\u00f3n en materia de clima y energ\u00eda\"}]},{\"@type\":\"WebSite\",\"@id\":\"https:\\\/\\\/www.laguiadepamplona.com\\\/actualidad\\\/#website\",\"url\":\"https:\\\/\\\/www.laguiadepamplona.com\\\/actualidad\\\/\",\"name\":\"La gu\u00eda de Pamplona\",\"description\":\"Noticias de Pamplona\",\"publisher\":{\"@id\":\"https:\\\/\\\/www.laguiadepamplona.com\\\/actualidad\\\/#organization\"},\"potentialAction\":[{\"@type\":\"SearchAction\",\"target\":{\"@type\":\"EntryPoint\",\"urlTemplate\":\"https:\\\/\\\/www.laguiadepamplona.com\\\/actualidad\\\/?s={search_term_string}\"},\"query-input\":{\"@type\":\"PropertyValueSpecification\",\"valueRequired\":true,\"valueName\":\"search_term_string\"}}],\"inLanguage\":\"es\"},{\"@type\":\"Organization\",\"@id\":\"https:\\\/\\\/www.laguiadepamplona.com\\\/actualidad\\\/#organization\",\"name\":\"La Gu\u00eda de Pamplona \\\/ Noticias\",\"url\":\"https:\\\/\\\/www.laguiadepamplona.com\\\/actualidad\\\/\",\"logo\":{\"@type\":\"ImageObject\",\"inLanguage\":\"es\",\"@id\":\"https:\\\/\\\/www.laguiadepamplona.com\\\/actualidad\\\/#\\\/schema\\\/logo\\\/image\\\/\",\"url\":\"https:\\\/\\\/www.laguiadepamplona.com\\\/actualidad\\\/wp-content\\\/uploads\\\/2018\\\/11\\\/logo-laguiadepamplona18-web1.png\",\"contentUrl\":\"https:\\\/\\\/www.laguiadepamplona.com\\\/actualidad\\\/wp-content\\\/uploads\\\/2018\\\/11\\\/logo-laguiadepamplona18-web1.png\",\"width\":600,\"height\":196,\"caption\":\"La Gu\u00eda de Pamplona \\\/ Noticias\"},\"image\":{\"@id\":\"https:\\\/\\\/www.laguiadepamplona.com\\\/actualidad\\\/#\\\/schema\\\/logo\\\/image\\\/\"},\"sameAs\":[\"https:\\\/\\\/www.facebook.com\\\/laguiadepamplonacom-133175176762273\\\/?ref=hl\",\"https:\\\/\\\/x.com\\\/LaGuiadPamplona\",\"https:\\\/\\\/www.instagram.com\\\/la_guia_de_pamplona\\\/\",\"https:\\\/\\\/www.youtube.com\\\/user\\\/laguiadepamplona\"]},{\"@type\":\"Person\",\"@id\":\"https:\\\/\\\/www.laguiadepamplona.com\\\/actualidad\\\/#\\\/schema\\\/person\\\/efe887376f0213d4657c93adc50b1fdb\",\"name\":\"La Gu\u00eda de Pamplona\",\"image\":{\"@type\":\"ImageObject\",\"inLanguage\":\"es\",\"@id\":\"https:\\\/\\\/secure.gravatar.com\\\/avatar\\\/b6992f131dc8d30ab0dff15446e9d346d9dbd95992de0fef795073f5ea83a81c?s=96&d=mm&r=g\",\"url\":\"https:\\\/\\\/secure.gravatar.com\\\/avatar\\\/b6992f131dc8d30ab0dff15446e9d346d9dbd95992de0fef795073f5ea83a81c?s=96&d=mm&r=g\",\"contentUrl\":\"https:\\\/\\\/secure.gravatar.com\\\/avatar\\\/b6992f131dc8d30ab0dff15446e9d346d9dbd95992de0fef795073f5ea83a81c?s=96&d=mm&r=g\",\"caption\":\"La Gu\u00eda de Pamplona\"}}]}<\/script>\n<!-- \/ Yoast SEO plugin. -->","yoast_head_json":{"title":"El Encuentro Nacional del Pacto de las Alcald\u00edas presenta a Pamplona como uno de los ejemplos en gesti\u00f3n en materia de clima y energ\u00eda","description":"El concejal Ferm\u00edn Alonso ha presentado a los asistentes en Valencia la Estrategia de Transici\u00f3n Energ\u00e9tica y los objetivos del proyecto \u2018Go Green Pamplona\u2019","robots":{"index":"index","follow":"follow","max-snippet":"max-snippet:-1","max-image-preview":"max-image-preview:large","max-video-preview":"max-video-preview:-1"},"canonical":"https:\/\/www.laguiadepamplona.com\/actualidad\/el-encuentro-nacional-del-pacto-de-las-alcaldias-presenta-a-pamplona-como-uno-de-los-ejemplos-en-gestion-en-materia-de-clima-y-energia\/","og_locale":"es_ES","og_type":"article","og_title":"El Encuentro Nacional del Pacto de las Alcald\u00edas presenta a Pamplona como uno de los ejemplos en gesti\u00f3n en materia de clima y energ\u00eda","og_description":"El concejal Ferm\u00edn Alonso ha presentado a los asistentes en Valencia la Estrategia de Transici\u00f3n Energ\u00e9tica y los objetivos del proyecto \u2018Go Green Pamplona\u2019","og_url":"https:\/\/www.laguiadepamplona.com\/actualidad\/el-encuentro-nacional-del-pacto-de-las-alcaldias-presenta-a-pamplona-como-uno-de-los-ejemplos-en-gestion-en-materia-de-clima-y-energia\/","og_site_name":"La Gu\u00eda de Pamplona","article_publisher":"https:\/\/www.facebook.com\/laguiadepamplonacom-133175176762273\/?ref=hl","article_published_time":"2021-11-12T11:59:56+00:00","article_modified_time":"2023-04-11T09:48:46+00:00","og_image":[{"width":1024,"height":683,"url":"https:\/\/www.laguiadepamplona.com\/actualidad\/wp-content\/uploads\/2021\/11\/pactoalcaldias_0.jpeg","type":"image\/jpeg"}],"author":"La Gu\u00eda de Pamplona","twitter_card":"summary_large_image","twitter_creator":"@LaGuiadPamplona","twitter_site":"@LaGuiadPamplona","twitter_misc":{"Escrito por":"La Gu\u00eda de Pamplona","Tiempo de lectura":"3 minutos"},"schema":{"@context":"https:\/\/schema.org","@graph":[{"@type":"Article","@id":"https:\/\/www.laguiadepamplona.com\/actualidad\/el-encuentro-nacional-del-pacto-de-las-alcaldias-presenta-a-pamplona-como-uno-de-los-ejemplos-en-gestion-en-materia-de-clima-y-energia\/#article","isPartOf":{"@id":"https:\/\/www.laguiadepamplona.com\/actualidad\/el-encuentro-nacional-del-pacto-de-las-alcaldias-presenta-a-pamplona-como-uno-de-los-ejemplos-en-gestion-en-materia-de-clima-y-energia\/"},"author":{"name":"La Gu\u00eda de Pamplona","@id":"https:\/\/www.laguiadepamplona.com\/actualidad\/#\/schema\/person\/efe887376f0213d4657c93adc50b1fdb"},"headline":"El Encuentro Nacional del Pacto de las Alcald\u00edas presenta a Pamplona como uno de los ejemplos en gesti\u00f3n en materia de clima y energ\u00eda","datePublished":"2021-11-12T11:59:56+00:00","dateModified":"2023-04-11T09:48:46+00:00","mainEntityOfPage":{"@id":"https:\/\/www.laguiadepamplona.com\/actualidad\/el-encuentro-nacional-del-pacto-de-las-alcaldias-presenta-a-pamplona-como-uno-de-los-ejemplos-en-gestion-en-materia-de-clima-y-energia\/"},"wordCount":742,"commentCount":0,"publisher":{"@id":"https:\/\/www.laguiadepamplona.com\/actualidad\/#organization"},"image":{"@id":"https:\/\/www.laguiadepamplona.com\/actualidad\/el-encuentro-nacional-del-pacto-de-las-alcaldias-presenta-a-pamplona-como-uno-de-los-ejemplos-en-gestion-en-materia-de-clima-y-energia\/#primaryimage"},"thumbnailUrl":"https:\/\/www.laguiadepamplona.com\/actualidad\/wp-content\/uploads\/2021\/11\/pactoalcaldias_0.jpeg","articleSection":["Ayto Pamplona"],"inLanguage":"es","potentialAction":[{"@type":"CommentAction","name":"Comment","target":["https:\/\/www.laguiadepamplona.com\/actualidad\/el-encuentro-nacional-del-pacto-de-las-alcaldias-presenta-a-pamplona-como-uno-de-los-ejemplos-en-gestion-en-materia-de-clima-y-energia\/#respond"]}]},{"@type":"WebPage","@id":"https:\/\/www.laguiadepamplona.com\/actualidad\/el-encuentro-nacional-del-pacto-de-las-alcaldias-presenta-a-pamplona-como-uno-de-los-ejemplos-en-gestion-en-materia-de-clima-y-energia\/","url":"https:\/\/www.laguiadepamplona.com\/actualidad\/el-encuentro-nacional-del-pacto-de-las-alcaldias-presenta-a-pamplona-como-uno-de-los-ejemplos-en-gestion-en-materia-de-clima-y-energia\/","name":"El Encuentro Nacional del Pacto de las Alcald\u00edas presenta a Pamplona como uno de los ejemplos en gesti\u00f3n en materia de clima y energ\u00eda","isPartOf":{"@id":"https:\/\/www.laguiadepamplona.com\/actualidad\/#website"},"primaryImageOfPage":{"@id":"https:\/\/www.laguiadepamplona.com\/actualidad\/el-encuentro-nacional-del-pacto-de-las-alcaldias-presenta-a-pamplona-como-uno-de-los-ejemplos-en-gestion-en-materia-de-clima-y-energia\/#primaryimage"},"image":{"@id":"https:\/\/www.laguiadepamplona.com\/actualidad\/el-encuentro-nacional-del-pacto-de-las-alcaldias-presenta-a-pamplona-como-uno-de-los-ejemplos-en-gestion-en-materia-de-clima-y-energia\/#primaryimage"},"thumbnailUrl":"https:\/\/www.laguiadepamplona.com\/actualidad\/wp-content\/uploads\/2021\/11\/pactoalcaldias_0.jpeg","datePublished":"2021-11-12T11:59:56+00:00","dateModified":"2023-04-11T09:48:46+00:00","description":"El concejal Ferm\u00edn Alonso ha presentado a los asistentes en Valencia la Estrategia de Transici\u00f3n Energ\u00e9tica y los objetivos del proyecto \u2018Go Green Pamplona\u2019","breadcrumb":{"@id":"https:\/\/www.laguiadepamplona.com\/actualidad\/el-encuentro-nacional-del-pacto-de-las-alcaldias-presenta-a-pamplona-como-uno-de-los-ejemplos-en-gestion-en-materia-de-clima-y-energia\/#breadcrumb"},"inLanguage":"es","potentialAction":[{"@type":"ReadAction","target":["https:\/\/www.laguiadepamplona.com\/actualidad\/el-encuentro-nacional-del-pacto-de-las-alcaldias-presenta-a-pamplona-como-uno-de-los-ejemplos-en-gestion-en-materia-de-clima-y-energia\/"]}]},{"@type":"ImageObject","inLanguage":"es","@id":"https:\/\/www.laguiadepamplona.com\/actualidad\/el-encuentro-nacional-del-pacto-de-las-alcaldias-presenta-a-pamplona-como-uno-de-los-ejemplos-en-gestion-en-materia-de-clima-y-energia\/#primaryimage","url":"https:\/\/www.laguiadepamplona.com\/actualidad\/wp-content\/uploads\/2021\/11\/pactoalcaldias_0.jpeg","contentUrl":"https:\/\/www.laguiadepamplona.com\/actualidad\/wp-content\/uploads\/2021\/11\/pactoalcaldias_0.jpeg","width":1024,"height":683},{"@type":"BreadcrumbList","@id":"https:\/\/www.laguiadepamplona.com\/actualidad\/el-encuentro-nacional-del-pacto-de-las-alcaldias-presenta-a-pamplona-como-uno-de-los-ejemplos-en-gestion-en-materia-de-clima-y-energia\/#breadcrumb","itemListElement":[{"@type":"ListItem","position":1,"name":"Portada","item":"https:\/\/www.laguiadepamplona.com\/actualidad\/"},{"@type":"ListItem","position":2,"name":"El Encuentro Nacional del Pacto de las Alcald\u00edas presenta a Pamplona como uno de los ejemplos en gesti\u00f3n en materia de clima y energ\u00eda"}]},{"@type":"WebSite","@id":"https:\/\/www.laguiadepamplona.com\/actualidad\/#website","url":"https:\/\/www.laguiadepamplona.com\/actualidad\/","name":"La gu\u00eda de Pamplona","description":"Noticias de Pamplona","publisher":{"@id":"https:\/\/www.laguiadepamplona.com\/actualidad\/#organization"},"potentialAction":[{"@type":"SearchAction","target":{"@type":"EntryPoint","urlTemplate":"https:\/\/www.laguiadepamplona.com\/actualidad\/?s={search_term_string}"},"query-input":{"@type":"PropertyValueSpecification","valueRequired":true,"valueName":"search_term_string"}}],"inLanguage":"es"},{"@type":"Organization","@id":"https:\/\/www.laguiadepamplona.com\/actualidad\/#organization","name":"La Gu\u00eda de Pamplona \/ Noticias","url":"https:\/\/www.laguiadepamplona.com\/actualidad\/","logo":{"@type":"ImageObject","inLanguage":"es","@id":"https:\/\/www.laguiadepamplona.com\/actualidad\/#\/schema\/logo\/image\/","url":"https:\/\/www.laguiadepamplona.com\/actualidad\/wp-content\/uploads\/2018\/11\/logo-laguiadepamplona18-web1.png","contentUrl":"https:\/\/www.laguiadepamplona.com\/actualidad\/wp-content\/uploads\/2018\/11\/logo-laguiadepamplona18-web1.png","width":600,"height":196,"caption":"La Gu\u00eda de Pamplona \/ Noticias"},"image":{"@id":"https:\/\/www.laguiadepamplona.com\/actualidad\/#\/schema\/logo\/image\/"},"sameAs":["https:\/\/www.facebook.com\/laguiadepamplonacom-133175176762273\/?ref=hl","https:\/\/x.com\/LaGuiadPamplona","https:\/\/www.instagram.com\/la_guia_de_pamplona\/","https:\/\/www.youtube.com\/user\/laguiadepamplona"]},{"@type":"Person","@id":"https:\/\/www.laguiadepamplona.com\/actualidad\/#\/schema\/person\/efe887376f0213d4657c93adc50b1fdb","name":"La Gu\u00eda de Pamplona","image":{"@type":"ImageObject","inLanguage":"es","@id":"https:\/\/secure.gravatar.com\/avatar\/b6992f131dc8d30ab0dff15446e9d346d9dbd95992de0fef795073f5ea83a81c?s=96&d=mm&r=g","url":"https:\/\/secure.gravatar.com\/avatar\/b6992f131dc8d30ab0dff15446e9d346d9dbd95992de0fef795073f5ea83a81c?s=96&d=mm&r=g","contentUrl":"https:\/\/secure.gravatar.com\/avatar\/b6992f131dc8d30ab0dff15446e9d346d9dbd95992de0fef795073f5ea83a81c?s=96&d=mm&r=g","caption":"La Gu\u00eda de Pamplona"}}]}},"post_mailing_queue_ids":[],"_links":{"self":[{"href":"https:\/\/www.laguiadepamplona.com\/actualidad\/wp-json\/wp\/v2\/posts\/37523","targetHints":{"allow":["GET"]}}],"collection":[{"href":"https:\/\/www.laguiadepamplona.com\/actualidad\/wp-json\/wp\/v2\/posts"}],"about":[{"href":"https:\/\/www.laguiadepamplona.com\/actualidad\/wp-json\/wp\/v2\/types\/post"}],"author":[{"embeddable":true,"href":"https:\/\/www.laguiadepamplona.com\/actualidad\/wp-json\/wp\/v2\/users\/1"}],"replies":[{"embeddable":true,"href":"https:\/\/www.laguiadepamplona.com\/actualidad\/wp-json\/wp\/v2\/comments?post=37523"}],"version-history":[{"count":0,"href":"https:\/\/www.laguiadepamplona.com\/actualidad\/wp-json\/wp\/v2\/posts\/37523\/revisions"}],"wp:featuredmedia":[{"embeddable":true,"href":"https:\/\/www.laguiadepamplona.com\/actualidad\/wp-json\/wp\/v2\/media\/37524"}],"wp:attachment":[{"href":"https:\/\/www.laguiadepamplona.com\/actualidad\/wp-json\/wp\/v2\/media?parent=37523"}],"wp:term":[{"taxonomy":"category","embeddable":true,"href":"https:\/\/www.laguiadepamplona.com\/actualidad\/wp-json\/wp\/v2\/categories?post=37523"},{"taxonomy":"post_tag","embeddable":true,"href":"https:\/\/www.laguiadepamplona.com\/actualidad\/wp-json\/wp\/v2\/tags?post=37523"}],"curies":[{"name":"wp","href":"https:\/\/api.w.org\/{rel}","templated":true}]}}