{"id":37521,"date":"2021-11-12T13:47:32","date_gmt":"2021-11-12T11:47:32","guid":{"rendered":"https:\/\/www.laguiadepamplona.com\/actualidad\/?p=37521"},"modified":"2023-04-11T11:48:46","modified_gmt":"2023-04-11T09:48:46","slug":"convocadas-pruebas-selectivas-para-crear-una-lista-de-contratacion-temporal-para-el-puesto-de-trabajo-de-oficial-de-comedor-social","status":"publish","type":"post","link":"https:\/\/www.laguiadepamplona.com\/actualidad\/convocadas-pruebas-selectivas-para-crear-una-lista-de-contratacion-temporal-para-el-puesto-de-trabajo-de-oficial-de-comedor-social\/","title":{"rendered":"Convocadas pruebas selectivas para crear una lista de contrataci\u00f3n temporal para el puesto de trabajo de oficial de comedor social"},"content":{"rendered":"<h5>El plazo de presentaci\u00f3n de solicitudes para concurrir a esta convocatoria concluye el 22 de noviembre<\/h5>\n<p><!--more--><\/p>\n<p>El Ayuntamiento de Pamplona ha convocado pruebas selectivas para la constituci\u00f3n de una lista de aspirantes al desempe\u00f1o, mediante contrataci\u00f3n temporal, del puesto de trabajo de oficial de comedor social, con el fin de dar cobertura a las necesidades que se puedan produje en ese servicio. El 22 de noviembre finaliza el plazo para presentar las solicitudes en los registros municipales o en cualquiera de los medios previstos en la ley. La tasa por derechos de inscripci\u00f3n es de 5 euros.<br \/>\n<script async src=\"\/\/pagead2.googlesyndication.com\/pagead\/js\/adsbygoogle.js\"><\/script><br \/>\n<!-- Noticias La Guia de Pamplona --><br \/>\n<ins class=\"adsbygoogle\"\nstyle=\"display:block\"\ndata-ad-client=\"ca-pub-6943679897239327\"\ndata-ad-slot=\"7048180777\"\ndata-ad-format=\"auto\"><\/ins><br \/>\n<script>\n(adsbygoogle = window.adsbygoogle || []).push({});\n<\/script><\/p>\n<p>Las personas aspirantes al puesto deben cumplir los requisitos de nacionalidad, edad, capacidad f\u00edsica y ps\u00edquica, no hallarse inhabilitadas o suspendidas para el ejercicio de funciones p\u00fablicas y no haber sido separadas del servicio de una Administraci\u00f3n P\u00fablica. Adem\u00e1s, deben estar en posesi\u00f3n del t\u00edtulo de ESO, Graduado Escolar, Formaci\u00f3n Profesional de primer grado o t\u00edtulo declarado equivalente, o en condiciones de obtenerlo en la fecha en que termine el plazo de presentaci\u00f3n de instancias. Asimismo, se requiere estar en posesi\u00f3n del permiso de conducir veh\u00edculos de la clase B y del carn\u00e9 de manipulador de alimentos.<\/p>\n<p>El proceso constar\u00e1 de dos pruebas. La primera de ellas, de car\u00e1cter te\u00f3rico, consistir\u00e1 en contestar por escrito a un cuestionario de preguntas tipo test con tres alternativas de respuesta, de las que solo una ser\u00e1 v\u00e1lida. La segunda prueba, de car\u00e1cter te\u00f3rico \u2013 pr\u00e1ctico, consistir\u00e1 en responder sobre el papel a preguntas de respuesta breve sobre el puesto de trabajo. Ambas pruebas se basan en el temario incluido en el Anexo II de la convocatoria.<br \/>\n<script async src=\"\/\/pagead2.googlesyndication.com\/pagead\/js\/adsbygoogle.js\"><\/script><br \/>\n<!-- Noticias La Guia de Pamplona --><br \/>\n<ins class=\"adsbygoogle\"\nstyle=\"display:block\"\ndata-ad-client=\"ca-pub-6943679897239327\"\ndata-ad-slot=\"7048180777\"\ndata-ad-format=\"auto\"><\/ins><br \/>\n<script>\n(adsbygoogle = window.adsbygoogle || []).push({});\n<\/script><\/p>\n<p>La convocatoria se ha publicado en el Bolet\u00edn Oficial de Navarra <a href=\"https:\/\/bon.navarra.es\/es\/anuncio\/-\/texto\/2021\/258\/21\" target=\"_blank\" rel=\"noopener\">n\u00famero 258 de 11 de noviembre<\/a>. La informaci\u00f3n sobre el proceso se puede consultar tambi\u00e9n en <a href=\"http:\/\/www.pamplona.es\" target=\"_blank\" rel=\"noopener\">www.pamplona.es<\/a>. Las instancias para presentar las solicitudes se pueden obtener a trav\u00e9s de la web municipal o en las Oficinas de Atenci\u00f3n Ciudadana del Ayuntamiento de Pamplona.<\/p>\n","protected":false},"excerpt":{"rendered":"<p>El plazo de presentaci\u00f3n de solicitudes para concurrir a esta convocatoria concluye el 22 de noviembre<\/p>\n","protected":false},"author":1,"featured_media":36074,"comment_status":"open","ping_status":"closed","sticky":false,"template":"","format":"standard","meta":{"footnotes":""},"categories":[2],"tags":[],"class_list":["post-37521","post","type-post","status-publish","format-standard","has-post-thumbnail","hentry","category-ayuntamiento-pamplona"],"yoast_head":"<!-- This site is optimized with the Yoast SEO plugin v27.5 - https:\/\/yoast.com\/product\/yoast-seo-wordpress\/ -->\n<title>Convocadas pruebas selectivas para crear una lista de contrataci\u00f3n temporal para el puesto de trabajo de oficial de comedor social<\/title>\n<meta name=\"description\" content=\"El plazo de presentaci\u00f3n de solicitudes para concurrir a esta convocatoria concluye el 22 de noviembre\" \/>\n<meta name=\"robots\" content=\"index, follow, max-snippet:-1, max-image-preview:large, max-video-preview:-1\" \/>\n<link rel=\"canonical\" href=\"https:\/\/www.laguiadepamplona.com\/actualidad\/convocadas-pruebas-selectivas-para-crear-una-lista-de-contratacion-temporal-para-el-puesto-de-trabajo-de-oficial-de-comedor-social\/\" \/>\n<meta property=\"og:locale\" content=\"es_ES\" \/>\n<meta property=\"og:type\" content=\"article\" \/>\n<meta property=\"og:title\" content=\"Convocadas pruebas selectivas para crear una lista de contrataci\u00f3n temporal para el puesto de trabajo de oficial de comedor social\" \/>\n<meta property=\"og:description\" content=\"El plazo de presentaci\u00f3n de solicitudes para concurrir a esta convocatoria concluye el 22 de noviembre\" \/>\n<meta property=\"og:url\" content=\"https:\/\/www.laguiadepamplona.com\/actualidad\/convocadas-pruebas-selectivas-para-crear-una-lista-de-contratacion-temporal-para-el-puesto-de-trabajo-de-oficial-de-comedor-social\/\" \/>\n<meta property=\"og:site_name\" content=\"La Gu\u00eda de Pamplona\" \/>\n<meta property=\"article:publisher\" content=\"https:\/\/www.facebook.com\/laguiadepamplonacom-133175176762273\/?ref=hl\" \/>\n<meta property=\"article:published_time\" content=\"2021-11-12T11:47:32+00:00\" \/>\n<meta property=\"article:modified_time\" content=\"2023-04-11T09:48:46+00:00\" \/>\n<meta property=\"og:image\" content=\"https:\/\/www.laguiadepamplona.com\/actualidad\/wp-content\/uploads\/2021\/08\/ayuntamiento-pamplona2.jpg\" \/>\n\t<meta property=\"og:image:width\" content=\"1920\" \/>\n\t<meta property=\"og:image:height\" content=\"1080\" \/>\n\t<meta property=\"og:image:type\" content=\"image\/jpeg\" \/>\n<meta name=\"author\" content=\"La Gu\u00eda de Pamplona\" \/>\n<meta name=\"twitter:card\" content=\"summary_large_image\" \/>\n<meta name=\"twitter:creator\" content=\"@LaGuiadPamplona\" \/>\n<meta name=\"twitter:site\" content=\"@LaGuiadPamplona\" \/>\n<meta name=\"twitter:label1\" content=\"Escrito por\" \/>\n\t<meta name=\"twitter:data1\" content=\"La Gu\u00eda de Pamplona\" \/>\n\t<meta name=\"twitter:label2\" content=\"Tiempo de lectura\" \/>\n\t<meta name=\"twitter:data2\" content=\"2 minutos\" \/>\n<script type=\"application\/ld+json\" class=\"yoast-schema-graph\">{\"@context\":\"https:\\\/\\\/schema.org\",\"@graph\":[{\"@type\":\"Article\",\"@id\":\"https:\\\/\\\/www.laguiadepamplona.com\\\/actualidad\\\/convocadas-pruebas-selectivas-para-crear-una-lista-de-contratacion-temporal-para-el-puesto-de-trabajo-de-oficial-de-comedor-social\\\/#article\",\"isPartOf\":{\"@id\":\"https:\\\/\\\/www.laguiadepamplona.com\\\/actualidad\\\/convocadas-pruebas-selectivas-para-crear-una-lista-de-contratacion-temporal-para-el-puesto-de-trabajo-de-oficial-de-comedor-social\\\/\"},\"author\":{\"name\":\"La Gu\u00eda de Pamplona\",\"@id\":\"https:\\\/\\\/www.laguiadepamplona.com\\\/actualidad\\\/#\\\/schema\\\/person\\\/efe887376f0213d4657c93adc50b1fdb\"},\"headline\":\"Convocadas pruebas selectivas para crear una lista de contrataci\u00f3n temporal para el puesto de trabajo de oficial de comedor social\",\"datePublished\":\"2021-11-12T11:47:32+00:00\",\"dateModified\":\"2023-04-11T09:48:46+00:00\",\"mainEntityOfPage\":{\"@id\":\"https:\\\/\\\/www.laguiadepamplona.com\\\/actualidad\\\/convocadas-pruebas-selectivas-para-crear-una-lista-de-contratacion-temporal-para-el-puesto-de-trabajo-de-oficial-de-comedor-social\\\/\"},\"wordCount\":371,\"commentCount\":0,\"publisher\":{\"@id\":\"https:\\\/\\\/www.laguiadepamplona.com\\\/actualidad\\\/#organization\"},\"image\":{\"@id\":\"https:\\\/\\\/www.laguiadepamplona.com\\\/actualidad\\\/convocadas-pruebas-selectivas-para-crear-una-lista-de-contratacion-temporal-para-el-puesto-de-trabajo-de-oficial-de-comedor-social\\\/#primaryimage\"},\"thumbnailUrl\":\"https:\\\/\\\/www.laguiadepamplona.com\\\/actualidad\\\/wp-content\\\/uploads\\\/2021\\\/08\\\/ayuntamiento-pamplona2.jpg\",\"articleSection\":[\"Ayto Pamplona\"],\"inLanguage\":\"es\",\"potentialAction\":[{\"@type\":\"CommentAction\",\"name\":\"Comment\",\"target\":[\"https:\\\/\\\/www.laguiadepamplona.com\\\/actualidad\\\/convocadas-pruebas-selectivas-para-crear-una-lista-de-contratacion-temporal-para-el-puesto-de-trabajo-de-oficial-de-comedor-social\\\/#respond\"]}]},{\"@type\":\"WebPage\",\"@id\":\"https:\\\/\\\/www.laguiadepamplona.com\\\/actualidad\\\/convocadas-pruebas-selectivas-para-crear-una-lista-de-contratacion-temporal-para-el-puesto-de-trabajo-de-oficial-de-comedor-social\\\/\",\"url\":\"https:\\\/\\\/www.laguiadepamplona.com\\\/actualidad\\\/convocadas-pruebas-selectivas-para-crear-una-lista-de-contratacion-temporal-para-el-puesto-de-trabajo-de-oficial-de-comedor-social\\\/\",\"name\":\"Convocadas pruebas selectivas para crear una lista de contrataci\u00f3n temporal para el puesto de trabajo de oficial de comedor social\",\"isPartOf\":{\"@id\":\"https:\\\/\\\/www.laguiadepamplona.com\\\/actualidad\\\/#website\"},\"primaryImageOfPage\":{\"@id\":\"https:\\\/\\\/www.laguiadepamplona.com\\\/actualidad\\\/convocadas-pruebas-selectivas-para-crear-una-lista-de-contratacion-temporal-para-el-puesto-de-trabajo-de-oficial-de-comedor-social\\\/#primaryimage\"},\"image\":{\"@id\":\"https:\\\/\\\/www.laguiadepamplona.com\\\/actualidad\\\/convocadas-pruebas-selectivas-para-crear-una-lista-de-contratacion-temporal-para-el-puesto-de-trabajo-de-oficial-de-comedor-social\\\/#primaryimage\"},\"thumbnailUrl\":\"https:\\\/\\\/www.laguiadepamplona.com\\\/actualidad\\\/wp-content\\\/uploads\\\/2021\\\/08\\\/ayuntamiento-pamplona2.jpg\",\"datePublished\":\"2021-11-12T11:47:32+00:00\",\"dateModified\":\"2023-04-11T09:48:46+00:00\",\"description\":\"El plazo de presentaci\u00f3n de solicitudes para concurrir a esta convocatoria concluye el 22 de noviembre\",\"breadcrumb\":{\"@id\":\"https:\\\/\\\/www.laguiadepamplona.com\\\/actualidad\\\/convocadas-pruebas-selectivas-para-crear-una-lista-de-contratacion-temporal-para-el-puesto-de-trabajo-de-oficial-de-comedor-social\\\/#breadcrumb\"},\"inLanguage\":\"es\",\"potentialAction\":[{\"@type\":\"ReadAction\",\"target\":[\"https:\\\/\\\/www.laguiadepamplona.com\\\/actualidad\\\/convocadas-pruebas-selectivas-para-crear-una-lista-de-contratacion-temporal-para-el-puesto-de-trabajo-de-oficial-de-comedor-social\\\/\"]}]},{\"@type\":\"ImageObject\",\"inLanguage\":\"es\",\"@id\":\"https:\\\/\\\/www.laguiadepamplona.com\\\/actualidad\\\/convocadas-pruebas-selectivas-para-crear-una-lista-de-contratacion-temporal-para-el-puesto-de-trabajo-de-oficial-de-comedor-social\\\/#primaryimage\",\"url\":\"https:\\\/\\\/www.laguiadepamplona.com\\\/actualidad\\\/wp-content\\\/uploads\\\/2021\\\/08\\\/ayuntamiento-pamplona2.jpg\",\"contentUrl\":\"https:\\\/\\\/www.laguiadepamplona.com\\\/actualidad\\\/wp-content\\\/uploads\\\/2021\\\/08\\\/ayuntamiento-pamplona2.jpg\",\"width\":1920,\"height\":1080,\"caption\":\"ayuntamiento pamplona\"},{\"@type\":\"BreadcrumbList\",\"@id\":\"https:\\\/\\\/www.laguiadepamplona.com\\\/actualidad\\\/convocadas-pruebas-selectivas-para-crear-una-lista-de-contratacion-temporal-para-el-puesto-de-trabajo-de-oficial-de-comedor-social\\\/#breadcrumb\",\"itemListElement\":[{\"@type\":\"ListItem\",\"position\":1,\"name\":\"Portada\",\"item\":\"https:\\\/\\\/www.laguiadepamplona.com\\\/actualidad\\\/\"},{\"@type\":\"ListItem\",\"position\":2,\"name\":\"Convocadas pruebas selectivas para crear una lista de contrataci\u00f3n temporal para el puesto de trabajo de oficial de comedor social\"}]},{\"@type\":\"WebSite\",\"@id\":\"https:\\\/\\\/www.laguiadepamplona.com\\\/actualidad\\\/#website\",\"url\":\"https:\\\/\\\/www.laguiadepamplona.com\\\/actualidad\\\/\",\"name\":\"La gu\u00eda de Pamplona\",\"description\":\"Noticias de Pamplona\",\"publisher\":{\"@id\":\"https:\\\/\\\/www.laguiadepamplona.com\\\/actualidad\\\/#organization\"},\"potentialAction\":[{\"@type\":\"SearchAction\",\"target\":{\"@type\":\"EntryPoint\",\"urlTemplate\":\"https:\\\/\\\/www.laguiadepamplona.com\\\/actualidad\\\/?s={search_term_string}\"},\"query-input\":{\"@type\":\"PropertyValueSpecification\",\"valueRequired\":true,\"valueName\":\"search_term_string\"}}],\"inLanguage\":\"es\"},{\"@type\":\"Organization\",\"@id\":\"https:\\\/\\\/www.laguiadepamplona.com\\\/actualidad\\\/#organization\",\"name\":\"La Gu\u00eda de Pamplona \\\/ Noticias\",\"url\":\"https:\\\/\\\/www.laguiadepamplona.com\\\/actualidad\\\/\",\"logo\":{\"@type\":\"ImageObject\",\"inLanguage\":\"es\",\"@id\":\"https:\\\/\\\/www.laguiadepamplona.com\\\/actualidad\\\/#\\\/schema\\\/logo\\\/image\\\/\",\"url\":\"https:\\\/\\\/www.laguiadepamplona.com\\\/actualidad\\\/wp-content\\\/uploads\\\/2018\\\/11\\\/logo-laguiadepamplona18-web1.png\",\"contentUrl\":\"https:\\\/\\\/www.laguiadepamplona.com\\\/actualidad\\\/wp-content\\\/uploads\\\/2018\\\/11\\\/logo-laguiadepamplona18-web1.png\",\"width\":600,\"height\":196,\"caption\":\"La Gu\u00eda de Pamplona \\\/ Noticias\"},\"image\":{\"@id\":\"https:\\\/\\\/www.laguiadepamplona.com\\\/actualidad\\\/#\\\/schema\\\/logo\\\/image\\\/\"},\"sameAs\":[\"https:\\\/\\\/www.facebook.com\\\/laguiadepamplonacom-133175176762273\\\/?ref=hl\",\"https:\\\/\\\/x.com\\\/LaGuiadPamplona\",\"https:\\\/\\\/www.instagram.com\\\/la_guia_de_pamplona\\\/\",\"https:\\\/\\\/www.youtube.com\\\/user\\\/laguiadepamplona\"]},{\"@type\":\"Person\",\"@id\":\"https:\\\/\\\/www.laguiadepamplona.com\\\/actualidad\\\/#\\\/schema\\\/person\\\/efe887376f0213d4657c93adc50b1fdb\",\"name\":\"La Gu\u00eda de Pamplona\",\"image\":{\"@type\":\"ImageObject\",\"inLanguage\":\"es\",\"@id\":\"https:\\\/\\\/secure.gravatar.com\\\/avatar\\\/b6992f131dc8d30ab0dff15446e9d346d9dbd95992de0fef795073f5ea83a81c?s=96&d=mm&r=g\",\"url\":\"https:\\\/\\\/secure.gravatar.com\\\/avatar\\\/b6992f131dc8d30ab0dff15446e9d346d9dbd95992de0fef795073f5ea83a81c?s=96&d=mm&r=g\",\"contentUrl\":\"https:\\\/\\\/secure.gravatar.com\\\/avatar\\\/b6992f131dc8d30ab0dff15446e9d346d9dbd95992de0fef795073f5ea83a81c?s=96&d=mm&r=g\",\"caption\":\"La Gu\u00eda de Pamplona\"}}]}<\/script>\n<!-- \/ Yoast SEO plugin. -->","yoast_head_json":{"title":"Convocadas pruebas selectivas para crear una lista de contrataci\u00f3n temporal para el puesto de trabajo de oficial de comedor social","description":"El plazo de presentaci\u00f3n de solicitudes para concurrir a esta convocatoria concluye el 22 de noviembre","robots":{"index":"index","follow":"follow","max-snippet":"max-snippet:-1","max-image-preview":"max-image-preview:large","max-video-preview":"max-video-preview:-1"},"canonical":"https:\/\/www.laguiadepamplona.com\/actualidad\/convocadas-pruebas-selectivas-para-crear-una-lista-de-contratacion-temporal-para-el-puesto-de-trabajo-de-oficial-de-comedor-social\/","og_locale":"es_ES","og_type":"article","og_title":"Convocadas pruebas selectivas para crear una lista de contrataci\u00f3n temporal para el puesto de trabajo de oficial de comedor social","og_description":"El plazo de presentaci\u00f3n de solicitudes para concurrir a esta convocatoria concluye el 22 de noviembre","og_url":"https:\/\/www.laguiadepamplona.com\/actualidad\/convocadas-pruebas-selectivas-para-crear-una-lista-de-contratacion-temporal-para-el-puesto-de-trabajo-de-oficial-de-comedor-social\/","og_site_name":"La Gu\u00eda de Pamplona","article_publisher":"https:\/\/www.facebook.com\/laguiadepamplonacom-133175176762273\/?ref=hl","article_published_time":"2021-11-12T11:47:32+00:00","article_modified_time":"2023-04-11T09:48:46+00:00","og_image":[{"width":1920,"height":1080,"url":"https:\/\/www.laguiadepamplona.com\/actualidad\/wp-content\/uploads\/2021\/08\/ayuntamiento-pamplona2.jpg","type":"image\/jpeg"}],"author":"La Gu\u00eda de Pamplona","twitter_card":"summary_large_image","twitter_creator":"@LaGuiadPamplona","twitter_site":"@LaGuiadPamplona","twitter_misc":{"Escrito por":"La Gu\u00eda de Pamplona","Tiempo de lectura":"2 minutos"},"schema":{"@context":"https:\/\/schema.org","@graph":[{"@type":"Article","@id":"https:\/\/www.laguiadepamplona.com\/actualidad\/convocadas-pruebas-selectivas-para-crear-una-lista-de-contratacion-temporal-para-el-puesto-de-trabajo-de-oficial-de-comedor-social\/#article","isPartOf":{"@id":"https:\/\/www.laguiadepamplona.com\/actualidad\/convocadas-pruebas-selectivas-para-crear-una-lista-de-contratacion-temporal-para-el-puesto-de-trabajo-de-oficial-de-comedor-social\/"},"author":{"name":"La Gu\u00eda de Pamplona","@id":"https:\/\/www.laguiadepamplona.com\/actualidad\/#\/schema\/person\/efe887376f0213d4657c93adc50b1fdb"},"headline":"Convocadas pruebas selectivas para crear una lista de contrataci\u00f3n temporal para el puesto de trabajo de oficial de comedor social","datePublished":"2021-11-12T11:47:32+00:00","dateModified":"2023-04-11T09:48:46+00:00","mainEntityOfPage":{"@id":"https:\/\/www.laguiadepamplona.com\/actualidad\/convocadas-pruebas-selectivas-para-crear-una-lista-de-contratacion-temporal-para-el-puesto-de-trabajo-de-oficial-de-comedor-social\/"},"wordCount":371,"commentCount":0,"publisher":{"@id":"https:\/\/www.laguiadepamplona.com\/actualidad\/#organization"},"image":{"@id":"https:\/\/www.laguiadepamplona.com\/actualidad\/convocadas-pruebas-selectivas-para-crear-una-lista-de-contratacion-temporal-para-el-puesto-de-trabajo-de-oficial-de-comedor-social\/#primaryimage"},"thumbnailUrl":"https:\/\/www.laguiadepamplona.com\/actualidad\/wp-content\/uploads\/2021\/08\/ayuntamiento-pamplona2.jpg","articleSection":["Ayto Pamplona"],"inLanguage":"es","potentialAction":[{"@type":"CommentAction","name":"Comment","target":["https:\/\/www.laguiadepamplona.com\/actualidad\/convocadas-pruebas-selectivas-para-crear-una-lista-de-contratacion-temporal-para-el-puesto-de-trabajo-de-oficial-de-comedor-social\/#respond"]}]},{"@type":"WebPage","@id":"https:\/\/www.laguiadepamplona.com\/actualidad\/convocadas-pruebas-selectivas-para-crear-una-lista-de-contratacion-temporal-para-el-puesto-de-trabajo-de-oficial-de-comedor-social\/","url":"https:\/\/www.laguiadepamplona.com\/actualidad\/convocadas-pruebas-selectivas-para-crear-una-lista-de-contratacion-temporal-para-el-puesto-de-trabajo-de-oficial-de-comedor-social\/","name":"Convocadas pruebas selectivas para crear una lista de contrataci\u00f3n temporal para el puesto de trabajo de oficial de comedor social","isPartOf":{"@id":"https:\/\/www.laguiadepamplona.com\/actualidad\/#website"},"primaryImageOfPage":{"@id":"https:\/\/www.laguiadepamplona.com\/actualidad\/convocadas-pruebas-selectivas-para-crear-una-lista-de-contratacion-temporal-para-el-puesto-de-trabajo-de-oficial-de-comedor-social\/#primaryimage"},"image":{"@id":"https:\/\/www.laguiadepamplona.com\/actualidad\/convocadas-pruebas-selectivas-para-crear-una-lista-de-contratacion-temporal-para-el-puesto-de-trabajo-de-oficial-de-comedor-social\/#primaryimage"},"thumbnailUrl":"https:\/\/www.laguiadepamplona.com\/actualidad\/wp-content\/uploads\/2021\/08\/ayuntamiento-pamplona2.jpg","datePublished":"2021-11-12T11:47:32+00:00","dateModified":"2023-04-11T09:48:46+00:00","description":"El plazo de presentaci\u00f3n de solicitudes para concurrir a esta convocatoria concluye el 22 de noviembre","breadcrumb":{"@id":"https:\/\/www.laguiadepamplona.com\/actualidad\/convocadas-pruebas-selectivas-para-crear-una-lista-de-contratacion-temporal-para-el-puesto-de-trabajo-de-oficial-de-comedor-social\/#breadcrumb"},"inLanguage":"es","potentialAction":[{"@type":"ReadAction","target":["https:\/\/www.laguiadepamplona.com\/actualidad\/convocadas-pruebas-selectivas-para-crear-una-lista-de-contratacion-temporal-para-el-puesto-de-trabajo-de-oficial-de-comedor-social\/"]}]},{"@type":"ImageObject","inLanguage":"es","@id":"https:\/\/www.laguiadepamplona.com\/actualidad\/convocadas-pruebas-selectivas-para-crear-una-lista-de-contratacion-temporal-para-el-puesto-de-trabajo-de-oficial-de-comedor-social\/#primaryimage","url":"https:\/\/www.laguiadepamplona.com\/actualidad\/wp-content\/uploads\/2021\/08\/ayuntamiento-pamplona2.jpg","contentUrl":"https:\/\/www.laguiadepamplona.com\/actualidad\/wp-content\/uploads\/2021\/08\/ayuntamiento-pamplona2.jpg","width":1920,"height":1080,"caption":"ayuntamiento pamplona"},{"@type":"BreadcrumbList","@id":"https:\/\/www.laguiadepamplona.com\/actualidad\/convocadas-pruebas-selectivas-para-crear-una-lista-de-contratacion-temporal-para-el-puesto-de-trabajo-de-oficial-de-comedor-social\/#breadcrumb","itemListElement":[{"@type":"ListItem","position":1,"name":"Portada","item":"https:\/\/www.laguiadepamplona.com\/actualidad\/"},{"@type":"ListItem","position":2,"name":"Convocadas pruebas selectivas para crear una lista de contrataci\u00f3n temporal para el puesto de trabajo de oficial de comedor social"}]},{"@type":"WebSite","@id":"https:\/\/www.laguiadepamplona.com\/actualidad\/#website","url":"https:\/\/www.laguiadepamplona.com\/actualidad\/","name":"La gu\u00eda de Pamplona","description":"Noticias de Pamplona","publisher":{"@id":"https:\/\/www.laguiadepamplona.com\/actualidad\/#organization"},"potentialAction":[{"@type":"SearchAction","target":{"@type":"EntryPoint","urlTemplate":"https:\/\/www.laguiadepamplona.com\/actualidad\/?s={search_term_string}"},"query-input":{"@type":"PropertyValueSpecification","valueRequired":true,"valueName":"search_term_string"}}],"inLanguage":"es"},{"@type":"Organization","@id":"https:\/\/www.laguiadepamplona.com\/actualidad\/#organization","name":"La Gu\u00eda de Pamplona \/ Noticias","url":"https:\/\/www.laguiadepamplona.com\/actualidad\/","logo":{"@type":"ImageObject","inLanguage":"es","@id":"https:\/\/www.laguiadepamplona.com\/actualidad\/#\/schema\/logo\/image\/","url":"https:\/\/www.laguiadepamplona.com\/actualidad\/wp-content\/uploads\/2018\/11\/logo-laguiadepamplona18-web1.png","contentUrl":"https:\/\/www.laguiadepamplona.com\/actualidad\/wp-content\/uploads\/2018\/11\/logo-laguiadepamplona18-web1.png","width":600,"height":196,"caption":"La Gu\u00eda de Pamplona \/ Noticias"},"image":{"@id":"https:\/\/www.laguiadepamplona.com\/actualidad\/#\/schema\/logo\/image\/"},"sameAs":["https:\/\/www.facebook.com\/laguiadepamplonacom-133175176762273\/?ref=hl","https:\/\/x.com\/LaGuiadPamplona","https:\/\/www.instagram.com\/la_guia_de_pamplona\/","https:\/\/www.youtube.com\/user\/laguiadepamplona"]},{"@type":"Person","@id":"https:\/\/www.laguiadepamplona.com\/actualidad\/#\/schema\/person\/efe887376f0213d4657c93adc50b1fdb","name":"La Gu\u00eda de Pamplona","image":{"@type":"ImageObject","inLanguage":"es","@id":"https:\/\/secure.gravatar.com\/avatar\/b6992f131dc8d30ab0dff15446e9d346d9dbd95992de0fef795073f5ea83a81c?s=96&d=mm&r=g","url":"https:\/\/secure.gravatar.com\/avatar\/b6992f131dc8d30ab0dff15446e9d346d9dbd95992de0fef795073f5ea83a81c?s=96&d=mm&r=g","contentUrl":"https:\/\/secure.gravatar.com\/avatar\/b6992f131dc8d30ab0dff15446e9d346d9dbd95992de0fef795073f5ea83a81c?s=96&d=mm&r=g","caption":"La Gu\u00eda de Pamplona"}}]}},"post_mailing_queue_ids":[],"_links":{"self":[{"href":"https:\/\/www.laguiadepamplona.com\/actualidad\/wp-json\/wp\/v2\/posts\/37521","targetHints":{"allow":["GET"]}}],"collection":[{"href":"https:\/\/www.laguiadepamplona.com\/actualidad\/wp-json\/wp\/v2\/posts"}],"about":[{"href":"https:\/\/www.laguiadepamplona.com\/actualidad\/wp-json\/wp\/v2\/types\/post"}],"author":[{"embeddable":true,"href":"https:\/\/www.laguiadepamplona.com\/actualidad\/wp-json\/wp\/v2\/users\/1"}],"replies":[{"embeddable":true,"href":"https:\/\/www.laguiadepamplona.com\/actualidad\/wp-json\/wp\/v2\/comments?post=37521"}],"version-history":[{"count":0,"href":"https:\/\/www.laguiadepamplona.com\/actualidad\/wp-json\/wp\/v2\/posts\/37521\/revisions"}],"wp:featuredmedia":[{"embeddable":true,"href":"https:\/\/www.laguiadepamplona.com\/actualidad\/wp-json\/wp\/v2\/media\/36074"}],"wp:attachment":[{"href":"https:\/\/www.laguiadepamplona.com\/actualidad\/wp-json\/wp\/v2\/media?parent=37521"}],"wp:term":[{"taxonomy":"category","embeddable":true,"href":"https:\/\/www.laguiadepamplona.com\/actualidad\/wp-json\/wp\/v2\/categories?post=37521"},{"taxonomy":"post_tag","embeddable":true,"href":"https:\/\/www.laguiadepamplona.com\/actualidad\/wp-json\/wp\/v2\/tags?post=37521"}],"curies":[{"name":"wp","href":"https:\/\/api.w.org\/{rel}","templated":true}]}}