{"id":37481,"date":"2021-11-11T14:54:58","date_gmt":"2021-11-11T12:54:58","guid":{"rendered":"https:\/\/www.laguiadepamplona.com\/actualidad\/?p=37481"},"modified":"2023-04-11T11:48:46","modified_gmt":"2023-04-11T09:48:46","slug":"el-26-de-noviembre-termina-el-plazo-para-inscribirse-en-la-sexta-edicion-del-taller-biko-teka-que-busca-incentivar-la-creacion-de-albumes-infantiles-en-euskera","status":"publish","type":"post","link":"https:\/\/www.laguiadepamplona.com\/actualidad\/el-26-de-noviembre-termina-el-plazo-para-inscribirse-en-la-sexta-edicion-del-taller-biko-teka-que-busca-incentivar-la-creacion-de-albumes-infantiles-en-euskera\/","title":{"rendered":"El 26 de noviembre termina el plazo para inscribirse en la sexta edici\u00f3n del taller BIKO-TEKA, que busca incentivar la creaci\u00f3n de \u00e1lbumes infantiles en euskera"},"content":{"rendered":"<h5>El taller se celebrar\u00e1 entre los d\u00edas 24 y 28 de enero en el Palacio del Condestable, con el escritor \u00cd\u00f1igo Astiz y la ilustradora Maite Mutuberria<\/h5>\n<p><!--more--><\/p>\n<p>La Asociaci\u00f3n de Literatura Infantil y Juvenil Galtzagorri Elkartea y el Ayuntamiento de Pamplona van a llevar a cabo por sexto a\u00f1o consecutivo el taller \u2018BIKO-TEKA\u2019, un taller de ilustraci\u00f3n y narraci\u00f3n para la creaci\u00f3n de libros gr\u00e1ficos dirigidos a p\u00fablico infantil. La inscripci\u00f3n para el taller se debe realizar a trav\u00e9s del correo electr\u00f3nico <a href=\"mailto:administrazioa@galtzagorri.eus\">administrazioa@galtzagorri.eus<\/a> y concluye el 26 de noviembre. La nueva edici\u00f3n de BIKO-TEKA se desarrollar\u00e1 del 24 al 28 de enero en el Palacio del Condestable.<\/p>\n<p>El principal objetivo de este taller es incentivar la creaci\u00f3n de \u00e1lbumes ilustrados infantiles en euskera. Tambi\u00e9n persigue que ilustradores y escritores se conozcan y aprendan las din\u00e1micas de trabajo necesarias para crear en equipo un libro gr\u00e1fico. Por ello, se trabaja en parejas durante la semana que dura el taller. Los ilustradores, ilustradoras, escritores y escritoras interesadas en participar en este taller pueden presentar su candidatura individualmente o en pareja. Quienes quieran ir por la v\u00eda de la ilustraci\u00f3n tienen que presentar tres ilustraciones del mismo proyecto; quienes apuesten por la escritura, un escrito breve; y quienes se presenten en pareja, un borrador del proyecto.<br \/>\n<script async src=\"\/\/pagead2.googlesyndication.com\/pagead\/js\/adsbygoogle.js\"><\/script><br \/>\n<!-- Noticias La Guia de Pamplona --><br \/>\n<ins class=\"adsbygoogle\"\nstyle=\"display:block\"\ndata-ad-client=\"ca-pub-6943679897239327\"\ndata-ad-slot=\"7048180777\"\ndata-ad-format=\"auto\"><\/ins><br \/>\n<script>\n(adsbygoogle = window.adsbygoogle || []).push({});\n<\/script><\/p>\n<p>A aquellas personas que se presenten de forma individual, la Asociaci\u00f3n Galtzagorri tratar\u00e1 de encontrarles pareja entre las dem\u00e1s candidaturas. Entre todas las personas que se presenten, se escoger\u00e1n como m\u00e1ximo 8 parejas y \u00e9stas recibir\u00e1n una beca para participar en el taller formativo. Las ocho parejas escogidas trabajar\u00e1n este a\u00f1o bajo la batuta de la ilustradora Maite Mutuberria y del escritor I\u00f1igo Astiz. Adem\u00e1s, para esta edici\u00f3n, la Asociaci\u00f3n Galtzagorri ha invitado a dos editores con los que los participantes de BIKO-TEKA tendr\u00e1n ocasi\u00f3n de charlar durante una ma\u00f1ana del taller. Se trata de Antxi\u00f1e Mendizabal, editora de Elkar, e Inazio Mujika, editor de la editorial Erein.<\/p>\n<p>Este proyecto se realiza tambi\u00e9n gracias al apoyo del Premio Etxepare de \u00c1lbumes Ilustrados Infantiles. Para m\u00e1s informaci\u00f3n, las personas interesadas puede dirigirse a la web <a href=\"http:\/\/www.galtzagorri.eus\" target=\"_blank\" rel=\"noopener\">www.galtzagorri.eus<\/a>, escribir al correo electr\u00f3nico <a href=\"mailto:galtzagorri@galtzagorri.eus\">galtzagorri@galtzagorri.eus<\/a> o llamar al tel\u00e9fono 943 47 14 87.<\/p>\n","protected":false},"excerpt":{"rendered":"<p>El taller se celebrar\u00e1 entre los d\u00edas 24 y 28 de enero en el Palacio del Condestable, con el escritor \u00cd\u00f1igo Astiz y la ilustradora Maite Mutuberria<\/p>\n","protected":false},"author":1,"featured_media":37482,"comment_status":"open","ping_status":"closed","sticky":false,"template":"","format":"standard","meta":{"footnotes":""},"categories":[2],"tags":[],"class_list":["post-37481","post","type-post","status-publish","format-standard","has-post-thumbnail","hentry","category-ayuntamiento-pamplona"],"yoast_head":"<!-- This site is optimized with the Yoast SEO plugin v27.5 - https:\/\/yoast.com\/product\/yoast-seo-wordpress\/ -->\n<title>El 26 de noviembre termina el plazo para inscribirse en la sexta edici\u00f3n del taller BIKO-TEKA, que busca incentivar la creaci\u00f3n de \u00e1lbumes infantiles en euskera<\/title>\n<meta name=\"description\" content=\"El taller se celebrar\u00e1 entre los d\u00edas 24 y 28 de enero en el Palacio del Condestable, con el escritor \u00cd\u00f1igo Astiz y la ilustradora Maite Mutuberria\" \/>\n<meta name=\"robots\" content=\"index, follow, max-snippet:-1, max-image-preview:large, max-video-preview:-1\" \/>\n<link rel=\"canonical\" href=\"https:\/\/www.laguiadepamplona.com\/actualidad\/el-26-de-noviembre-termina-el-plazo-para-inscribirse-en-la-sexta-edicion-del-taller-biko-teka-que-busca-incentivar-la-creacion-de-albumes-infantiles-en-euskera\/\" \/>\n<meta property=\"og:locale\" content=\"es_ES\" \/>\n<meta property=\"og:type\" content=\"article\" \/>\n<meta property=\"og:title\" content=\"El 26 de noviembre termina el plazo para inscribirse en la sexta edici\u00f3n del taller BIKO-TEKA, que busca incentivar la creaci\u00f3n de \u00e1lbumes infantiles en euskera\" \/>\n<meta property=\"og:description\" content=\"El taller se celebrar\u00e1 entre los d\u00edas 24 y 28 de enero en el Palacio del Condestable, con el escritor \u00cd\u00f1igo Astiz y la ilustradora Maite Mutuberria\" \/>\n<meta property=\"og:url\" content=\"https:\/\/www.laguiadepamplona.com\/actualidad\/el-26-de-noviembre-termina-el-plazo-para-inscribirse-en-la-sexta-edicion-del-taller-biko-teka-que-busca-incentivar-la-creacion-de-albumes-infantiles-en-euskera\/\" \/>\n<meta property=\"og:site_name\" content=\"La Gu\u00eda de Pamplona\" \/>\n<meta property=\"article:publisher\" content=\"https:\/\/www.facebook.com\/laguiadepamplonacom-133175176762273\/?ref=hl\" \/>\n<meta property=\"article:published_time\" content=\"2021-11-11T12:54:58+00:00\" \/>\n<meta property=\"article:modified_time\" content=\"2023-04-11T09:48:46+00:00\" \/>\n<meta property=\"og:image\" content=\"https:\/\/www.laguiadepamplona.com\/actualidad\/wp-content\/uploads\/2021\/11\/biko-teka.jpg\" \/>\n\t<meta property=\"og:image:width\" content=\"456\" \/>\n\t<meta property=\"og:image:height\" content=\"649\" \/>\n\t<meta property=\"og:image:type\" content=\"image\/jpeg\" \/>\n<meta name=\"author\" content=\"La Gu\u00eda de Pamplona\" \/>\n<meta name=\"twitter:card\" content=\"summary_large_image\" \/>\n<meta name=\"twitter:creator\" content=\"@LaGuiadPamplona\" \/>\n<meta name=\"twitter:site\" content=\"@LaGuiadPamplona\" \/>\n<meta name=\"twitter:label1\" content=\"Escrito por\" \/>\n\t<meta name=\"twitter:data1\" content=\"La Gu\u00eda de Pamplona\" \/>\n\t<meta name=\"twitter:label2\" content=\"Tiempo de lectura\" \/>\n\t<meta name=\"twitter:data2\" content=\"2 minutos\" \/>\n<script type=\"application\/ld+json\" class=\"yoast-schema-graph\">{\"@context\":\"https:\\\/\\\/schema.org\",\"@graph\":[{\"@type\":\"Article\",\"@id\":\"https:\\\/\\\/www.laguiadepamplona.com\\\/actualidad\\\/el-26-de-noviembre-termina-el-plazo-para-inscribirse-en-la-sexta-edicion-del-taller-biko-teka-que-busca-incentivar-la-creacion-de-albumes-infantiles-en-euskera\\\/#article\",\"isPartOf\":{\"@id\":\"https:\\\/\\\/www.laguiadepamplona.com\\\/actualidad\\\/el-26-de-noviembre-termina-el-plazo-para-inscribirse-en-la-sexta-edicion-del-taller-biko-teka-que-busca-incentivar-la-creacion-de-albumes-infantiles-en-euskera\\\/\"},\"author\":{\"name\":\"La Gu\u00eda de Pamplona\",\"@id\":\"https:\\\/\\\/www.laguiadepamplona.com\\\/actualidad\\\/#\\\/schema\\\/person\\\/efe887376f0213d4657c93adc50b1fdb\"},\"headline\":\"El 26 de noviembre termina el plazo para inscribirse en la sexta edici\u00f3n del taller BIKO-TEKA, que busca incentivar la creaci\u00f3n de \u00e1lbumes infantiles en euskera\",\"datePublished\":\"2021-11-11T12:54:58+00:00\",\"dateModified\":\"2023-04-11T09:48:46+00:00\",\"mainEntityOfPage\":{\"@id\":\"https:\\\/\\\/www.laguiadepamplona.com\\\/actualidad\\\/el-26-de-noviembre-termina-el-plazo-para-inscribirse-en-la-sexta-edicion-del-taller-biko-teka-que-busca-incentivar-la-creacion-de-albumes-infantiles-en-euskera\\\/\"},\"wordCount\":422,\"commentCount\":0,\"publisher\":{\"@id\":\"https:\\\/\\\/www.laguiadepamplona.com\\\/actualidad\\\/#organization\"},\"image\":{\"@id\":\"https:\\\/\\\/www.laguiadepamplona.com\\\/actualidad\\\/el-26-de-noviembre-termina-el-plazo-para-inscribirse-en-la-sexta-edicion-del-taller-biko-teka-que-busca-incentivar-la-creacion-de-albumes-infantiles-en-euskera\\\/#primaryimage\"},\"thumbnailUrl\":\"https:\\\/\\\/www.laguiadepamplona.com\\\/actualidad\\\/wp-content\\\/uploads\\\/2021\\\/11\\\/biko-teka.jpg\",\"articleSection\":[\"Ayto Pamplona\"],\"inLanguage\":\"es\",\"potentialAction\":[{\"@type\":\"CommentAction\",\"name\":\"Comment\",\"target\":[\"https:\\\/\\\/www.laguiadepamplona.com\\\/actualidad\\\/el-26-de-noviembre-termina-el-plazo-para-inscribirse-en-la-sexta-edicion-del-taller-biko-teka-que-busca-incentivar-la-creacion-de-albumes-infantiles-en-euskera\\\/#respond\"]}]},{\"@type\":\"WebPage\",\"@id\":\"https:\\\/\\\/www.laguiadepamplona.com\\\/actualidad\\\/el-26-de-noviembre-termina-el-plazo-para-inscribirse-en-la-sexta-edicion-del-taller-biko-teka-que-busca-incentivar-la-creacion-de-albumes-infantiles-en-euskera\\\/\",\"url\":\"https:\\\/\\\/www.laguiadepamplona.com\\\/actualidad\\\/el-26-de-noviembre-termina-el-plazo-para-inscribirse-en-la-sexta-edicion-del-taller-biko-teka-que-busca-incentivar-la-creacion-de-albumes-infantiles-en-euskera\\\/\",\"name\":\"El 26 de noviembre termina el plazo para inscribirse en la sexta edici\u00f3n del taller BIKO-TEKA, que busca incentivar la creaci\u00f3n de \u00e1lbumes infantiles en euskera\",\"isPartOf\":{\"@id\":\"https:\\\/\\\/www.laguiadepamplona.com\\\/actualidad\\\/#website\"},\"primaryImageOfPage\":{\"@id\":\"https:\\\/\\\/www.laguiadepamplona.com\\\/actualidad\\\/el-26-de-noviembre-termina-el-plazo-para-inscribirse-en-la-sexta-edicion-del-taller-biko-teka-que-busca-incentivar-la-creacion-de-albumes-infantiles-en-euskera\\\/#primaryimage\"},\"image\":{\"@id\":\"https:\\\/\\\/www.laguiadepamplona.com\\\/actualidad\\\/el-26-de-noviembre-termina-el-plazo-para-inscribirse-en-la-sexta-edicion-del-taller-biko-teka-que-busca-incentivar-la-creacion-de-albumes-infantiles-en-euskera\\\/#primaryimage\"},\"thumbnailUrl\":\"https:\\\/\\\/www.laguiadepamplona.com\\\/actualidad\\\/wp-content\\\/uploads\\\/2021\\\/11\\\/biko-teka.jpg\",\"datePublished\":\"2021-11-11T12:54:58+00:00\",\"dateModified\":\"2023-04-11T09:48:46+00:00\",\"description\":\"El taller se celebrar\u00e1 entre los d\u00edas 24 y 28 de enero en el Palacio del Condestable, con el escritor \u00cd\u00f1igo Astiz y la ilustradora Maite Mutuberria\",\"breadcrumb\":{\"@id\":\"https:\\\/\\\/www.laguiadepamplona.com\\\/actualidad\\\/el-26-de-noviembre-termina-el-plazo-para-inscribirse-en-la-sexta-edicion-del-taller-biko-teka-que-busca-incentivar-la-creacion-de-albumes-infantiles-en-euskera\\\/#breadcrumb\"},\"inLanguage\":\"es\",\"potentialAction\":[{\"@type\":\"ReadAction\",\"target\":[\"https:\\\/\\\/www.laguiadepamplona.com\\\/actualidad\\\/el-26-de-noviembre-termina-el-plazo-para-inscribirse-en-la-sexta-edicion-del-taller-biko-teka-que-busca-incentivar-la-creacion-de-albumes-infantiles-en-euskera\\\/\"]}]},{\"@type\":\"ImageObject\",\"inLanguage\":\"es\",\"@id\":\"https:\\\/\\\/www.laguiadepamplona.com\\\/actualidad\\\/el-26-de-noviembre-termina-el-plazo-para-inscribirse-en-la-sexta-edicion-del-taller-biko-teka-que-busca-incentivar-la-creacion-de-albumes-infantiles-en-euskera\\\/#primaryimage\",\"url\":\"https:\\\/\\\/www.laguiadepamplona.com\\\/actualidad\\\/wp-content\\\/uploads\\\/2021\\\/11\\\/biko-teka.jpg\",\"contentUrl\":\"https:\\\/\\\/www.laguiadepamplona.com\\\/actualidad\\\/wp-content\\\/uploads\\\/2021\\\/11\\\/biko-teka.jpg\",\"width\":456,\"height\":649},{\"@type\":\"BreadcrumbList\",\"@id\":\"https:\\\/\\\/www.laguiadepamplona.com\\\/actualidad\\\/el-26-de-noviembre-termina-el-plazo-para-inscribirse-en-la-sexta-edicion-del-taller-biko-teka-que-busca-incentivar-la-creacion-de-albumes-infantiles-en-euskera\\\/#breadcrumb\",\"itemListElement\":[{\"@type\":\"ListItem\",\"position\":1,\"name\":\"Portada\",\"item\":\"https:\\\/\\\/www.laguiadepamplona.com\\\/actualidad\\\/\"},{\"@type\":\"ListItem\",\"position\":2,\"name\":\"El 26 de noviembre termina el plazo para inscribirse en la sexta edici\u00f3n del taller BIKO-TEKA, que busca incentivar la creaci\u00f3n de \u00e1lbumes infantiles en euskera\"}]},{\"@type\":\"WebSite\",\"@id\":\"https:\\\/\\\/www.laguiadepamplona.com\\\/actualidad\\\/#website\",\"url\":\"https:\\\/\\\/www.laguiadepamplona.com\\\/actualidad\\\/\",\"name\":\"La gu\u00eda de Pamplona\",\"description\":\"Noticias de Pamplona\",\"publisher\":{\"@id\":\"https:\\\/\\\/www.laguiadepamplona.com\\\/actualidad\\\/#organization\"},\"potentialAction\":[{\"@type\":\"SearchAction\",\"target\":{\"@type\":\"EntryPoint\",\"urlTemplate\":\"https:\\\/\\\/www.laguiadepamplona.com\\\/actualidad\\\/?s={search_term_string}\"},\"query-input\":{\"@type\":\"PropertyValueSpecification\",\"valueRequired\":true,\"valueName\":\"search_term_string\"}}],\"inLanguage\":\"es\"},{\"@type\":\"Organization\",\"@id\":\"https:\\\/\\\/www.laguiadepamplona.com\\\/actualidad\\\/#organization\",\"name\":\"La Gu\u00eda de Pamplona \\\/ Noticias\",\"url\":\"https:\\\/\\\/www.laguiadepamplona.com\\\/actualidad\\\/\",\"logo\":{\"@type\":\"ImageObject\",\"inLanguage\":\"es\",\"@id\":\"https:\\\/\\\/www.laguiadepamplona.com\\\/actualidad\\\/#\\\/schema\\\/logo\\\/image\\\/\",\"url\":\"https:\\\/\\\/www.laguiadepamplona.com\\\/actualidad\\\/wp-content\\\/uploads\\\/2018\\\/11\\\/logo-laguiadepamplona18-web1.png\",\"contentUrl\":\"https:\\\/\\\/www.laguiadepamplona.com\\\/actualidad\\\/wp-content\\\/uploads\\\/2018\\\/11\\\/logo-laguiadepamplona18-web1.png\",\"width\":600,\"height\":196,\"caption\":\"La Gu\u00eda de Pamplona \\\/ Noticias\"},\"image\":{\"@id\":\"https:\\\/\\\/www.laguiadepamplona.com\\\/actualidad\\\/#\\\/schema\\\/logo\\\/image\\\/\"},\"sameAs\":[\"https:\\\/\\\/www.facebook.com\\\/laguiadepamplonacom-133175176762273\\\/?ref=hl\",\"https:\\\/\\\/x.com\\\/LaGuiadPamplona\",\"https:\\\/\\\/www.instagram.com\\\/la_guia_de_pamplona\\\/\",\"https:\\\/\\\/www.youtube.com\\\/user\\\/laguiadepamplona\"]},{\"@type\":\"Person\",\"@id\":\"https:\\\/\\\/www.laguiadepamplona.com\\\/actualidad\\\/#\\\/schema\\\/person\\\/efe887376f0213d4657c93adc50b1fdb\",\"name\":\"La Gu\u00eda de Pamplona\",\"image\":{\"@type\":\"ImageObject\",\"inLanguage\":\"es\",\"@id\":\"https:\\\/\\\/secure.gravatar.com\\\/avatar\\\/b6992f131dc8d30ab0dff15446e9d346d9dbd95992de0fef795073f5ea83a81c?s=96&d=mm&r=g\",\"url\":\"https:\\\/\\\/secure.gravatar.com\\\/avatar\\\/b6992f131dc8d30ab0dff15446e9d346d9dbd95992de0fef795073f5ea83a81c?s=96&d=mm&r=g\",\"contentUrl\":\"https:\\\/\\\/secure.gravatar.com\\\/avatar\\\/b6992f131dc8d30ab0dff15446e9d346d9dbd95992de0fef795073f5ea83a81c?s=96&d=mm&r=g\",\"caption\":\"La Gu\u00eda de Pamplona\"}}]}<\/script>\n<!-- \/ Yoast SEO plugin. -->","yoast_head_json":{"title":"El 26 de noviembre termina el plazo para inscribirse en la sexta edici\u00f3n del taller BIKO-TEKA, que busca incentivar la creaci\u00f3n de \u00e1lbumes infantiles en euskera","description":"El taller se celebrar\u00e1 entre los d\u00edas 24 y 28 de enero en el Palacio del Condestable, con el escritor \u00cd\u00f1igo Astiz y la ilustradora Maite Mutuberria","robots":{"index":"index","follow":"follow","max-snippet":"max-snippet:-1","max-image-preview":"max-image-preview:large","max-video-preview":"max-video-preview:-1"},"canonical":"https:\/\/www.laguiadepamplona.com\/actualidad\/el-26-de-noviembre-termina-el-plazo-para-inscribirse-en-la-sexta-edicion-del-taller-biko-teka-que-busca-incentivar-la-creacion-de-albumes-infantiles-en-euskera\/","og_locale":"es_ES","og_type":"article","og_title":"El 26 de noviembre termina el plazo para inscribirse en la sexta edici\u00f3n del taller BIKO-TEKA, que busca incentivar la creaci\u00f3n de \u00e1lbumes infantiles en euskera","og_description":"El taller se celebrar\u00e1 entre los d\u00edas 24 y 28 de enero en el Palacio del Condestable, con el escritor \u00cd\u00f1igo Astiz y la ilustradora Maite Mutuberria","og_url":"https:\/\/www.laguiadepamplona.com\/actualidad\/el-26-de-noviembre-termina-el-plazo-para-inscribirse-en-la-sexta-edicion-del-taller-biko-teka-que-busca-incentivar-la-creacion-de-albumes-infantiles-en-euskera\/","og_site_name":"La Gu\u00eda de Pamplona","article_publisher":"https:\/\/www.facebook.com\/laguiadepamplonacom-133175176762273\/?ref=hl","article_published_time":"2021-11-11T12:54:58+00:00","article_modified_time":"2023-04-11T09:48:46+00:00","og_image":[{"width":456,"height":649,"url":"https:\/\/www.laguiadepamplona.com\/actualidad\/wp-content\/uploads\/2021\/11\/biko-teka.jpg","type":"image\/jpeg"}],"author":"La Gu\u00eda de Pamplona","twitter_card":"summary_large_image","twitter_creator":"@LaGuiadPamplona","twitter_site":"@LaGuiadPamplona","twitter_misc":{"Escrito por":"La Gu\u00eda de Pamplona","Tiempo de lectura":"2 minutos"},"schema":{"@context":"https:\/\/schema.org","@graph":[{"@type":"Article","@id":"https:\/\/www.laguiadepamplona.com\/actualidad\/el-26-de-noviembre-termina-el-plazo-para-inscribirse-en-la-sexta-edicion-del-taller-biko-teka-que-busca-incentivar-la-creacion-de-albumes-infantiles-en-euskera\/#article","isPartOf":{"@id":"https:\/\/www.laguiadepamplona.com\/actualidad\/el-26-de-noviembre-termina-el-plazo-para-inscribirse-en-la-sexta-edicion-del-taller-biko-teka-que-busca-incentivar-la-creacion-de-albumes-infantiles-en-euskera\/"},"author":{"name":"La Gu\u00eda de Pamplona","@id":"https:\/\/www.laguiadepamplona.com\/actualidad\/#\/schema\/person\/efe887376f0213d4657c93adc50b1fdb"},"headline":"El 26 de noviembre termina el plazo para inscribirse en la sexta edici\u00f3n del taller BIKO-TEKA, que busca incentivar la creaci\u00f3n de \u00e1lbumes infantiles en euskera","datePublished":"2021-11-11T12:54:58+00:00","dateModified":"2023-04-11T09:48:46+00:00","mainEntityOfPage":{"@id":"https:\/\/www.laguiadepamplona.com\/actualidad\/el-26-de-noviembre-termina-el-plazo-para-inscribirse-en-la-sexta-edicion-del-taller-biko-teka-que-busca-incentivar-la-creacion-de-albumes-infantiles-en-euskera\/"},"wordCount":422,"commentCount":0,"publisher":{"@id":"https:\/\/www.laguiadepamplona.com\/actualidad\/#organization"},"image":{"@id":"https:\/\/www.laguiadepamplona.com\/actualidad\/el-26-de-noviembre-termina-el-plazo-para-inscribirse-en-la-sexta-edicion-del-taller-biko-teka-que-busca-incentivar-la-creacion-de-albumes-infantiles-en-euskera\/#primaryimage"},"thumbnailUrl":"https:\/\/www.laguiadepamplona.com\/actualidad\/wp-content\/uploads\/2021\/11\/biko-teka.jpg","articleSection":["Ayto Pamplona"],"inLanguage":"es","potentialAction":[{"@type":"CommentAction","name":"Comment","target":["https:\/\/www.laguiadepamplona.com\/actualidad\/el-26-de-noviembre-termina-el-plazo-para-inscribirse-en-la-sexta-edicion-del-taller-biko-teka-que-busca-incentivar-la-creacion-de-albumes-infantiles-en-euskera\/#respond"]}]},{"@type":"WebPage","@id":"https:\/\/www.laguiadepamplona.com\/actualidad\/el-26-de-noviembre-termina-el-plazo-para-inscribirse-en-la-sexta-edicion-del-taller-biko-teka-que-busca-incentivar-la-creacion-de-albumes-infantiles-en-euskera\/","url":"https:\/\/www.laguiadepamplona.com\/actualidad\/el-26-de-noviembre-termina-el-plazo-para-inscribirse-en-la-sexta-edicion-del-taller-biko-teka-que-busca-incentivar-la-creacion-de-albumes-infantiles-en-euskera\/","name":"El 26 de noviembre termina el plazo para inscribirse en la sexta edici\u00f3n del taller BIKO-TEKA, que busca incentivar la creaci\u00f3n de \u00e1lbumes infantiles en euskera","isPartOf":{"@id":"https:\/\/www.laguiadepamplona.com\/actualidad\/#website"},"primaryImageOfPage":{"@id":"https:\/\/www.laguiadepamplona.com\/actualidad\/el-26-de-noviembre-termina-el-plazo-para-inscribirse-en-la-sexta-edicion-del-taller-biko-teka-que-busca-incentivar-la-creacion-de-albumes-infantiles-en-euskera\/#primaryimage"},"image":{"@id":"https:\/\/www.laguiadepamplona.com\/actualidad\/el-26-de-noviembre-termina-el-plazo-para-inscribirse-en-la-sexta-edicion-del-taller-biko-teka-que-busca-incentivar-la-creacion-de-albumes-infantiles-en-euskera\/#primaryimage"},"thumbnailUrl":"https:\/\/www.laguiadepamplona.com\/actualidad\/wp-content\/uploads\/2021\/11\/biko-teka.jpg","datePublished":"2021-11-11T12:54:58+00:00","dateModified":"2023-04-11T09:48:46+00:00","description":"El taller se celebrar\u00e1 entre los d\u00edas 24 y 28 de enero en el Palacio del Condestable, con el escritor \u00cd\u00f1igo Astiz y la ilustradora Maite Mutuberria","breadcrumb":{"@id":"https:\/\/www.laguiadepamplona.com\/actualidad\/el-26-de-noviembre-termina-el-plazo-para-inscribirse-en-la-sexta-edicion-del-taller-biko-teka-que-busca-incentivar-la-creacion-de-albumes-infantiles-en-euskera\/#breadcrumb"},"inLanguage":"es","potentialAction":[{"@type":"ReadAction","target":["https:\/\/www.laguiadepamplona.com\/actualidad\/el-26-de-noviembre-termina-el-plazo-para-inscribirse-en-la-sexta-edicion-del-taller-biko-teka-que-busca-incentivar-la-creacion-de-albumes-infantiles-en-euskera\/"]}]},{"@type":"ImageObject","inLanguage":"es","@id":"https:\/\/www.laguiadepamplona.com\/actualidad\/el-26-de-noviembre-termina-el-plazo-para-inscribirse-en-la-sexta-edicion-del-taller-biko-teka-que-busca-incentivar-la-creacion-de-albumes-infantiles-en-euskera\/#primaryimage","url":"https:\/\/www.laguiadepamplona.com\/actualidad\/wp-content\/uploads\/2021\/11\/biko-teka.jpg","contentUrl":"https:\/\/www.laguiadepamplona.com\/actualidad\/wp-content\/uploads\/2021\/11\/biko-teka.jpg","width":456,"height":649},{"@type":"BreadcrumbList","@id":"https:\/\/www.laguiadepamplona.com\/actualidad\/el-26-de-noviembre-termina-el-plazo-para-inscribirse-en-la-sexta-edicion-del-taller-biko-teka-que-busca-incentivar-la-creacion-de-albumes-infantiles-en-euskera\/#breadcrumb","itemListElement":[{"@type":"ListItem","position":1,"name":"Portada","item":"https:\/\/www.laguiadepamplona.com\/actualidad\/"},{"@type":"ListItem","position":2,"name":"El 26 de noviembre termina el plazo para inscribirse en la sexta edici\u00f3n del taller BIKO-TEKA, que busca incentivar la creaci\u00f3n de \u00e1lbumes infantiles en euskera"}]},{"@type":"WebSite","@id":"https:\/\/www.laguiadepamplona.com\/actualidad\/#website","url":"https:\/\/www.laguiadepamplona.com\/actualidad\/","name":"La gu\u00eda de Pamplona","description":"Noticias de Pamplona","publisher":{"@id":"https:\/\/www.laguiadepamplona.com\/actualidad\/#organization"},"potentialAction":[{"@type":"SearchAction","target":{"@type":"EntryPoint","urlTemplate":"https:\/\/www.laguiadepamplona.com\/actualidad\/?s={search_term_string}"},"query-input":{"@type":"PropertyValueSpecification","valueRequired":true,"valueName":"search_term_string"}}],"inLanguage":"es"},{"@type":"Organization","@id":"https:\/\/www.laguiadepamplona.com\/actualidad\/#organization","name":"La Gu\u00eda de Pamplona \/ Noticias","url":"https:\/\/www.laguiadepamplona.com\/actualidad\/","logo":{"@type":"ImageObject","inLanguage":"es","@id":"https:\/\/www.laguiadepamplona.com\/actualidad\/#\/schema\/logo\/image\/","url":"https:\/\/www.laguiadepamplona.com\/actualidad\/wp-content\/uploads\/2018\/11\/logo-laguiadepamplona18-web1.png","contentUrl":"https:\/\/www.laguiadepamplona.com\/actualidad\/wp-content\/uploads\/2018\/11\/logo-laguiadepamplona18-web1.png","width":600,"height":196,"caption":"La Gu\u00eda de Pamplona \/ Noticias"},"image":{"@id":"https:\/\/www.laguiadepamplona.com\/actualidad\/#\/schema\/logo\/image\/"},"sameAs":["https:\/\/www.facebook.com\/laguiadepamplonacom-133175176762273\/?ref=hl","https:\/\/x.com\/LaGuiadPamplona","https:\/\/www.instagram.com\/la_guia_de_pamplona\/","https:\/\/www.youtube.com\/user\/laguiadepamplona"]},{"@type":"Person","@id":"https:\/\/www.laguiadepamplona.com\/actualidad\/#\/schema\/person\/efe887376f0213d4657c93adc50b1fdb","name":"La Gu\u00eda de Pamplona","image":{"@type":"ImageObject","inLanguage":"es","@id":"https:\/\/secure.gravatar.com\/avatar\/b6992f131dc8d30ab0dff15446e9d346d9dbd95992de0fef795073f5ea83a81c?s=96&d=mm&r=g","url":"https:\/\/secure.gravatar.com\/avatar\/b6992f131dc8d30ab0dff15446e9d346d9dbd95992de0fef795073f5ea83a81c?s=96&d=mm&r=g","contentUrl":"https:\/\/secure.gravatar.com\/avatar\/b6992f131dc8d30ab0dff15446e9d346d9dbd95992de0fef795073f5ea83a81c?s=96&d=mm&r=g","caption":"La Gu\u00eda de Pamplona"}}]}},"post_mailing_queue_ids":[],"_links":{"self":[{"href":"https:\/\/www.laguiadepamplona.com\/actualidad\/wp-json\/wp\/v2\/posts\/37481","targetHints":{"allow":["GET"]}}],"collection":[{"href":"https:\/\/www.laguiadepamplona.com\/actualidad\/wp-json\/wp\/v2\/posts"}],"about":[{"href":"https:\/\/www.laguiadepamplona.com\/actualidad\/wp-json\/wp\/v2\/types\/post"}],"author":[{"embeddable":true,"href":"https:\/\/www.laguiadepamplona.com\/actualidad\/wp-json\/wp\/v2\/users\/1"}],"replies":[{"embeddable":true,"href":"https:\/\/www.laguiadepamplona.com\/actualidad\/wp-json\/wp\/v2\/comments?post=37481"}],"version-history":[{"count":0,"href":"https:\/\/www.laguiadepamplona.com\/actualidad\/wp-json\/wp\/v2\/posts\/37481\/revisions"}],"wp:featuredmedia":[{"embeddable":true,"href":"https:\/\/www.laguiadepamplona.com\/actualidad\/wp-json\/wp\/v2\/media\/37482"}],"wp:attachment":[{"href":"https:\/\/www.laguiadepamplona.com\/actualidad\/wp-json\/wp\/v2\/media?parent=37481"}],"wp:term":[{"taxonomy":"category","embeddable":true,"href":"https:\/\/www.laguiadepamplona.com\/actualidad\/wp-json\/wp\/v2\/categories?post=37481"},{"taxonomy":"post_tag","embeddable":true,"href":"https:\/\/www.laguiadepamplona.com\/actualidad\/wp-json\/wp\/v2\/tags?post=37481"}],"curies":[{"name":"wp","href":"https:\/\/api.w.org\/{rel}","templated":true}]}}