{"id":37478,"date":"2021-11-11T14:53:22","date_gmt":"2021-11-11T12:53:22","guid":{"rendered":"https:\/\/www.laguiadepamplona.com\/actualidad\/?p=37478"},"modified":"2023-04-11T11:48:46","modified_gmt":"2023-04-11T09:48:46","slug":"culmina-el-proyecto-transfronterizo-spagyria-en-el-que-ha-participado-pamplona-con-la-certificacion-de-la-crema-cosmetica-creada-con-procedimientos-ecologicos","status":"publish","type":"post","link":"https:\/\/www.laguiadepamplona.com\/actualidad\/culmina-el-proyecto-transfronterizo-spagyria-en-el-que-ha-participado-pamplona-con-la-certificacion-de-la-crema-cosmetica-creada-con-procedimientos-ecologicos\/","title":{"rendered":"Culmina el proyecto transfronterizo Spagyria, en el que ha participado Pamplona, con la certificaci\u00f3n de la crema cosm\u00e9tica creada con procedimientos ecol\u00f3gicos"},"content":{"rendered":"<h5>Como parte del proyecto, se construy\u00f3 en Aranzadi un secadero de plantas, utilizado para secar la cosecha de melisas<em>, <\/em>ingrediente de la crema<\/h5>\n<p><!--more--><\/p>\n<p>Despu\u00e9s de cuatro a\u00f1os de trabajo, el proyecto de cooperaci\u00f3n transfronteriza Spagyria culmina con la presentaci\u00f3n de la crema cosm\u00e9tica 100% ecol\u00f3gica, certificada por la Agencia Nacional del Medicamento de Francia. El Ayuntamiento de Pamplona ha formado parte de este proyecto con la construcci\u00f3n en el parque de Aranzadi de un secadero de plantas, donde se ha trabajado con cosechas de melisas, uno de los ingredientes de esa crema.<br \/>\n<script async src=\"\/\/pagead2.googlesyndication.com\/pagead\/js\/adsbygoogle.js\"><\/script><br \/>\n<!-- Noticias La Guia de Pamplona --><br \/>\n<ins class=\"adsbygoogle\"\nstyle=\"display:block\"\ndata-ad-client=\"ca-pub-6943679897239327\"\ndata-ad-slot=\"7048180777\"\ndata-ad-format=\"auto\"><\/ins><br \/>\n<script>\n(adsbygoogle = window.adsbygoogle || []).push({});\n<\/script><\/p>\n<p>El proyecto Spagyria ha contado con un presupuesto de 1.850.000 euros, financiados al 65% por el Fondo Europeo de Desarrollo Regional (FEDER), a trav\u00e9s del Programa Interreg V-A Espa\u00f1a \u2013 Francia \u2013 Andorra (POCTEFA 2014 \u2013 2020). Su ayuda se concentra en el desarrollo de actividades econ\u00f3micas, sociales y medioambientales transfronterizas a trav\u00e9s de estrategias conjuntas a favor del desarrollo territorial sostenible. Spagyria lo han conformado siete socios: la Fundaci\u00f3n Valentia, Les Jardins de Girou, Elkarkide, la Universidad de Zaragoza, Medes y los ayuntamientos de Huesca y Pamplona.<\/p>\n<p>El acto de clausura, celebrado hace unos d\u00edas en Huesca, sirvi\u00f3 tambi\u00e9n para presentar la imagen de marca de Spagyria y una exposici\u00f3n itinerante en la que la ciudadan\u00eda podr\u00e1 conocer en profundidad cada una de las acciones que los socios han llevado a cabo durante el proyecto. Otro de los hitos de Spagyria ha sido la creaci\u00f3n de unas bases para una norma de acreditaci\u00f3n en ecol\u00f3gico que pueden ser transferibles a cualquier persona o entidad que quiera trabajar bajo las premisas de respeto al medio ambiente y a la conciencia de las plantas.<br \/>\n<script async src=\"\/\/pagead2.googlesyndication.com\/pagead\/js\/adsbygoogle.js\"><\/script><br \/>\n<!-- Noticias La Guia de Pamplona --><br \/>\n<ins class=\"adsbygoogle\"\nstyle=\"display:block\"\ndata-ad-client=\"ca-pub-6943679897239327\"\ndata-ad-slot=\"7048180777\"\ndata-ad-format=\"auto\"><\/ins><br \/>\n<script>\n(adsbygoogle = window.adsbygoogle || []).push({});\n<\/script><\/p>\n<p><strong>Desarrollo del proyecto<\/strong><\/p>\n<p>Spagyria se inici\u00f3 en 2018. Su primera acci\u00f3n fue la plantaci\u00f3n de un huerto piloto con 8 especies arom\u00e1ticas en Huesca, Pamplona y Alto Garona, las tres zonas donde se ha llevado a cabo el proyecto. En esa primera fase se observ\u00f3 que hab\u00eda escasez en el mercado de semillas de plantas arom\u00e1ticas ecol\u00f3gicas. En 2019 se procedi\u00f3 a plantar en extensivo las especies vegetales que mejores resultados y rendimientos hab\u00edan dado en el estudio realizado por la Universidad de Zaragoza.<\/p>\n<p>As\u00ed las cosas, en Toulouse se plantaron 5000 m<sup>2<\/sup> de <em>Salvia officinalis<\/em>, en Pamplona se cultiv\u00f3 la melisa y en Huesca 3000 m<sup>2<\/sup> de cal\u00e9ndula y 6000 m<sup>2<\/sup> de <em>Salvia sclarea<\/em>. En primavera esas plantas se cosecharon siguiendo unos protocolos elaborados por el CITA y, seguidamente, se secaron en instalaciones como la creada en el parque de Aranzadi. Cuando la planta estuvo seca se envi\u00f3 a picar a la empresa JOSENEA de Pamplona y de all\u00ed a la Universidad de Zaragoza para la obtenci\u00f3n de los ingredientes del cosm\u00e9tico mediante un sistema 100% limpio y seguro utilizando anh\u00eddrido carb\u00f3nico supercr\u00edtico y etanol.<br \/>\n<script async src=\"\/\/pagead2.googlesyndication.com\/pagead\/js\/adsbygoogle.js\"><\/script><br \/>\n<!-- Noticias La Guia de Pamplona --><br \/>\n<ins class=\"adsbygoogle\"\nstyle=\"display:block\"\ndata-ad-client=\"ca-pub-6943679897239327\"\ndata-ad-slot=\"7048180777\"\ndata-ad-format=\"auto\"><\/ins><br \/>\n<script>\n(adsbygoogle = window.adsbygoogle || []).push({});\n<\/script><\/p>\n<p>En la realizaci\u00f3n de todos estos procesos se llev\u00f3 una trazabilidad y se estudi\u00f3 el impacto ambiental de cada uno de ellos, por lo que se ha calculado la huella de carbono del proyecto. Este material bioactivo extra\u00eddo en el laboratorio de la Universidad de Zaragoza se envi\u00f3 al laboratorio KARICIA, contratado por el proyecto para la fabricaci\u00f3n del cosm\u00e9tico, cuya base son extractos de cal\u00e9ndula, <em>Salvia sclarea<\/em> e hidrolato de melisa. Las primeras muestras de esta crema se enviaron al centro de investigaci\u00f3n MEDES, que llev\u00f3 a cabo el an\u00e1lisis cl\u00ednico de la crema en 60 voluntarios. La crema cosm\u00e9tica ha obtenido el visto bueno de la Agencia Nacional del Medicamento de Francia y del Comit\u00e9 de \u00c9tica.<\/p>\n","protected":false},"excerpt":{"rendered":"<p>Como parte del proyecto, se construy\u00f3 en Aranzadi un secadero de plantas, utilizado para secar la cosecha de melisas, ingrediente de la crema<\/p>\n","protected":false},"author":1,"featured_media":37479,"comment_status":"open","ping_status":"closed","sticky":false,"template":"","format":"standard","meta":{"footnotes":""},"categories":[2],"tags":[],"class_list":["post-37478","post","type-post","status-publish","format-standard","has-post-thumbnail","hentry","category-ayuntamiento-pamplona"],"yoast_head":"<!-- This site is optimized with the Yoast SEO plugin v27.3 - https:\/\/yoast.com\/product\/yoast-seo-wordpress\/ -->\n<title>Culmina el proyecto transfronterizo Spagyria, en el que ha participado Pamplona, con la certificaci\u00f3n de la crema cosm\u00e9tica creada con procedimientos ecol\u00f3gicos<\/title>\n<meta name=\"description\" content=\"Como parte del proyecto, se construy\u00f3 en Aranzadi un secadero de plantas, utilizado para secar la cosecha de melisas, ingrediente de la crema\" \/>\n<meta name=\"robots\" content=\"index, follow, max-snippet:-1, max-image-preview:large, max-video-preview:-1\" \/>\n<link rel=\"canonical\" href=\"https:\/\/www.laguiadepamplona.com\/actualidad\/culmina-el-proyecto-transfronterizo-spagyria-en-el-que-ha-participado-pamplona-con-la-certificacion-de-la-crema-cosmetica-creada-con-procedimientos-ecologicos\/\" \/>\n<meta property=\"og:locale\" content=\"es_ES\" \/>\n<meta property=\"og:type\" content=\"article\" \/>\n<meta property=\"og:title\" content=\"Culmina el proyecto transfronterizo Spagyria, en el que ha participado Pamplona, con la certificaci\u00f3n de la crema cosm\u00e9tica creada con procedimientos ecol\u00f3gicos\" \/>\n<meta property=\"og:description\" content=\"Como parte del proyecto, se construy\u00f3 en Aranzadi un secadero de plantas, utilizado para secar la cosecha de melisas, ingrediente de la crema\" \/>\n<meta property=\"og:url\" content=\"https:\/\/www.laguiadepamplona.com\/actualidad\/culmina-el-proyecto-transfronterizo-spagyria-en-el-que-ha-participado-pamplona-con-la-certificacion-de-la-crema-cosmetica-creada-con-procedimientos-ecologicos\/\" \/>\n<meta property=\"og:site_name\" content=\"La Gu\u00eda de Pamplona\" \/>\n<meta property=\"article:publisher\" content=\"https:\/\/www.facebook.com\/laguiadepamplonacom-133175176762273\/?ref=hl\" \/>\n<meta property=\"article:published_time\" content=\"2021-11-11T12:53:22+00:00\" \/>\n<meta property=\"article:modified_time\" content=\"2023-04-11T09:48:46+00:00\" \/>\n<meta property=\"og:image\" content=\"https:\/\/www.laguiadepamplona.com\/actualidad\/wp-content\/uploads\/2021\/11\/2080_logo_spagyria.jpg\" \/>\n\t<meta property=\"og:image:width\" content=\"633\" \/>\n\t<meta property=\"og:image:height\" content=\"160\" \/>\n\t<meta property=\"og:image:type\" content=\"image\/jpeg\" \/>\n<meta name=\"author\" content=\"La Gu\u00eda de Pamplona\" \/>\n<meta name=\"twitter:card\" content=\"summary_large_image\" \/>\n<meta name=\"twitter:creator\" content=\"@LaGuiadPamplona\" \/>\n<meta name=\"twitter:site\" content=\"@LaGuiadPamplona\" \/>\n<meta name=\"twitter:label1\" content=\"Escrito por\" \/>\n\t<meta name=\"twitter:data1\" content=\"La Gu\u00eda de Pamplona\" \/>\n\t<meta name=\"twitter:label2\" content=\"Tiempo de lectura\" \/>\n\t<meta name=\"twitter:data2\" content=\"3 minutos\" \/>\n<script type=\"application\/ld+json\" class=\"yoast-schema-graph\">{\"@context\":\"https:\\\/\\\/schema.org\",\"@graph\":[{\"@type\":\"Article\",\"@id\":\"https:\\\/\\\/www.laguiadepamplona.com\\\/actualidad\\\/culmina-el-proyecto-transfronterizo-spagyria-en-el-que-ha-participado-pamplona-con-la-certificacion-de-la-crema-cosmetica-creada-con-procedimientos-ecologicos\\\/#article\",\"isPartOf\":{\"@id\":\"https:\\\/\\\/www.laguiadepamplona.com\\\/actualidad\\\/culmina-el-proyecto-transfronterizo-spagyria-en-el-que-ha-participado-pamplona-con-la-certificacion-de-la-crema-cosmetica-creada-con-procedimientos-ecologicos\\\/\"},\"author\":{\"name\":\"La Gu\u00eda de Pamplona\",\"@id\":\"https:\\\/\\\/www.laguiadepamplona.com\\\/actualidad\\\/#\\\/schema\\\/person\\\/efe887376f0213d4657c93adc50b1fdb\"},\"headline\":\"Culmina el proyecto transfronterizo Spagyria, en el que ha participado Pamplona, con la certificaci\u00f3n de la crema cosm\u00e9tica creada con procedimientos ecol\u00f3gicos\",\"datePublished\":\"2021-11-11T12:53:22+00:00\",\"dateModified\":\"2023-04-11T09:48:46+00:00\",\"mainEntityOfPage\":{\"@id\":\"https:\\\/\\\/www.laguiadepamplona.com\\\/actualidad\\\/culmina-el-proyecto-transfronterizo-spagyria-en-el-que-ha-participado-pamplona-con-la-certificacion-de-la-crema-cosmetica-creada-con-procedimientos-ecologicos\\\/\"},\"wordCount\":630,\"commentCount\":0,\"publisher\":{\"@id\":\"https:\\\/\\\/www.laguiadepamplona.com\\\/actualidad\\\/#organization\"},\"image\":{\"@id\":\"https:\\\/\\\/www.laguiadepamplona.com\\\/actualidad\\\/culmina-el-proyecto-transfronterizo-spagyria-en-el-que-ha-participado-pamplona-con-la-certificacion-de-la-crema-cosmetica-creada-con-procedimientos-ecologicos\\\/#primaryimage\"},\"thumbnailUrl\":\"https:\\\/\\\/www.laguiadepamplona.com\\\/actualidad\\\/wp-content\\\/uploads\\\/2021\\\/11\\\/2080_logo_spagyria.jpg\",\"articleSection\":[\"Ayto Pamplona\"],\"inLanguage\":\"es\",\"potentialAction\":[{\"@type\":\"CommentAction\",\"name\":\"Comment\",\"target\":[\"https:\\\/\\\/www.laguiadepamplona.com\\\/actualidad\\\/culmina-el-proyecto-transfronterizo-spagyria-en-el-que-ha-participado-pamplona-con-la-certificacion-de-la-crema-cosmetica-creada-con-procedimientos-ecologicos\\\/#respond\"]}]},{\"@type\":\"WebPage\",\"@id\":\"https:\\\/\\\/www.laguiadepamplona.com\\\/actualidad\\\/culmina-el-proyecto-transfronterizo-spagyria-en-el-que-ha-participado-pamplona-con-la-certificacion-de-la-crema-cosmetica-creada-con-procedimientos-ecologicos\\\/\",\"url\":\"https:\\\/\\\/www.laguiadepamplona.com\\\/actualidad\\\/culmina-el-proyecto-transfronterizo-spagyria-en-el-que-ha-participado-pamplona-con-la-certificacion-de-la-crema-cosmetica-creada-con-procedimientos-ecologicos\\\/\",\"name\":\"Culmina el proyecto transfronterizo Spagyria, en el que ha participado Pamplona, con la certificaci\u00f3n de la crema cosm\u00e9tica creada con procedimientos ecol\u00f3gicos\",\"isPartOf\":{\"@id\":\"https:\\\/\\\/www.laguiadepamplona.com\\\/actualidad\\\/#website\"},\"primaryImageOfPage\":{\"@id\":\"https:\\\/\\\/www.laguiadepamplona.com\\\/actualidad\\\/culmina-el-proyecto-transfronterizo-spagyria-en-el-que-ha-participado-pamplona-con-la-certificacion-de-la-crema-cosmetica-creada-con-procedimientos-ecologicos\\\/#primaryimage\"},\"image\":{\"@id\":\"https:\\\/\\\/www.laguiadepamplona.com\\\/actualidad\\\/culmina-el-proyecto-transfronterizo-spagyria-en-el-que-ha-participado-pamplona-con-la-certificacion-de-la-crema-cosmetica-creada-con-procedimientos-ecologicos\\\/#primaryimage\"},\"thumbnailUrl\":\"https:\\\/\\\/www.laguiadepamplona.com\\\/actualidad\\\/wp-content\\\/uploads\\\/2021\\\/11\\\/2080_logo_spagyria.jpg\",\"datePublished\":\"2021-11-11T12:53:22+00:00\",\"dateModified\":\"2023-04-11T09:48:46+00:00\",\"description\":\"Como parte del proyecto, se construy\u00f3 en Aranzadi un secadero de plantas, utilizado para secar la cosecha de melisas, ingrediente de la crema\",\"breadcrumb\":{\"@id\":\"https:\\\/\\\/www.laguiadepamplona.com\\\/actualidad\\\/culmina-el-proyecto-transfronterizo-spagyria-en-el-que-ha-participado-pamplona-con-la-certificacion-de-la-crema-cosmetica-creada-con-procedimientos-ecologicos\\\/#breadcrumb\"},\"inLanguage\":\"es\",\"potentialAction\":[{\"@type\":\"ReadAction\",\"target\":[\"https:\\\/\\\/www.laguiadepamplona.com\\\/actualidad\\\/culmina-el-proyecto-transfronterizo-spagyria-en-el-que-ha-participado-pamplona-con-la-certificacion-de-la-crema-cosmetica-creada-con-procedimientos-ecologicos\\\/\"]}]},{\"@type\":\"ImageObject\",\"inLanguage\":\"es\",\"@id\":\"https:\\\/\\\/www.laguiadepamplona.com\\\/actualidad\\\/culmina-el-proyecto-transfronterizo-spagyria-en-el-que-ha-participado-pamplona-con-la-certificacion-de-la-crema-cosmetica-creada-con-procedimientos-ecologicos\\\/#primaryimage\",\"url\":\"https:\\\/\\\/www.laguiadepamplona.com\\\/actualidad\\\/wp-content\\\/uploads\\\/2021\\\/11\\\/2080_logo_spagyria.jpg\",\"contentUrl\":\"https:\\\/\\\/www.laguiadepamplona.com\\\/actualidad\\\/wp-content\\\/uploads\\\/2021\\\/11\\\/2080_logo_spagyria.jpg\",\"width\":633,\"height\":160},{\"@type\":\"BreadcrumbList\",\"@id\":\"https:\\\/\\\/www.laguiadepamplona.com\\\/actualidad\\\/culmina-el-proyecto-transfronterizo-spagyria-en-el-que-ha-participado-pamplona-con-la-certificacion-de-la-crema-cosmetica-creada-con-procedimientos-ecologicos\\\/#breadcrumb\",\"itemListElement\":[{\"@type\":\"ListItem\",\"position\":1,\"name\":\"Portada\",\"item\":\"https:\\\/\\\/www.laguiadepamplona.com\\\/actualidad\\\/\"},{\"@type\":\"ListItem\",\"position\":2,\"name\":\"Culmina el proyecto transfronterizo Spagyria, en el que ha participado Pamplona, con la certificaci\u00f3n de la crema cosm\u00e9tica creada con procedimientos ecol\u00f3gicos\"}]},{\"@type\":\"WebSite\",\"@id\":\"https:\\\/\\\/www.laguiadepamplona.com\\\/actualidad\\\/#website\",\"url\":\"https:\\\/\\\/www.laguiadepamplona.com\\\/actualidad\\\/\",\"name\":\"La gu\u00eda de Pamplona\",\"description\":\"Noticias de Pamplona\",\"publisher\":{\"@id\":\"https:\\\/\\\/www.laguiadepamplona.com\\\/actualidad\\\/#organization\"},\"potentialAction\":[{\"@type\":\"SearchAction\",\"target\":{\"@type\":\"EntryPoint\",\"urlTemplate\":\"https:\\\/\\\/www.laguiadepamplona.com\\\/actualidad\\\/?s={search_term_string}\"},\"query-input\":{\"@type\":\"PropertyValueSpecification\",\"valueRequired\":true,\"valueName\":\"search_term_string\"}}],\"inLanguage\":\"es\"},{\"@type\":\"Organization\",\"@id\":\"https:\\\/\\\/www.laguiadepamplona.com\\\/actualidad\\\/#organization\",\"name\":\"La Gu\u00eda de Pamplona \\\/ Noticias\",\"url\":\"https:\\\/\\\/www.laguiadepamplona.com\\\/actualidad\\\/\",\"logo\":{\"@type\":\"ImageObject\",\"inLanguage\":\"es\",\"@id\":\"https:\\\/\\\/www.laguiadepamplona.com\\\/actualidad\\\/#\\\/schema\\\/logo\\\/image\\\/\",\"url\":\"https:\\\/\\\/www.laguiadepamplona.com\\\/actualidad\\\/wp-content\\\/uploads\\\/2018\\\/11\\\/logo-laguiadepamplona18-web1.png\",\"contentUrl\":\"https:\\\/\\\/www.laguiadepamplona.com\\\/actualidad\\\/wp-content\\\/uploads\\\/2018\\\/11\\\/logo-laguiadepamplona18-web1.png\",\"width\":600,\"height\":196,\"caption\":\"La Gu\u00eda de Pamplona \\\/ Noticias\"},\"image\":{\"@id\":\"https:\\\/\\\/www.laguiadepamplona.com\\\/actualidad\\\/#\\\/schema\\\/logo\\\/image\\\/\"},\"sameAs\":[\"https:\\\/\\\/www.facebook.com\\\/laguiadepamplonacom-133175176762273\\\/?ref=hl\",\"https:\\\/\\\/x.com\\\/LaGuiadPamplona\",\"https:\\\/\\\/www.instagram.com\\\/la_guia_de_pamplona\\\/\",\"https:\\\/\\\/www.youtube.com\\\/user\\\/laguiadepamplona\"]},{\"@type\":\"Person\",\"@id\":\"https:\\\/\\\/www.laguiadepamplona.com\\\/actualidad\\\/#\\\/schema\\\/person\\\/efe887376f0213d4657c93adc50b1fdb\",\"name\":\"La Gu\u00eda de Pamplona\",\"image\":{\"@type\":\"ImageObject\",\"inLanguage\":\"es\",\"@id\":\"https:\\\/\\\/secure.gravatar.com\\\/avatar\\\/b6992f131dc8d30ab0dff15446e9d346d9dbd95992de0fef795073f5ea83a81c?s=96&d=mm&r=g\",\"url\":\"https:\\\/\\\/secure.gravatar.com\\\/avatar\\\/b6992f131dc8d30ab0dff15446e9d346d9dbd95992de0fef795073f5ea83a81c?s=96&d=mm&r=g\",\"contentUrl\":\"https:\\\/\\\/secure.gravatar.com\\\/avatar\\\/b6992f131dc8d30ab0dff15446e9d346d9dbd95992de0fef795073f5ea83a81c?s=96&d=mm&r=g\",\"caption\":\"La Gu\u00eda de Pamplona\"}}]}<\/script>\n<!-- \/ Yoast SEO plugin. -->","yoast_head_json":{"title":"Culmina el proyecto transfronterizo Spagyria, en el que ha participado Pamplona, con la certificaci\u00f3n de la crema cosm\u00e9tica creada con procedimientos ecol\u00f3gicos","description":"Como parte del proyecto, se construy\u00f3 en Aranzadi un secadero de plantas, utilizado para secar la cosecha de melisas, ingrediente de la crema","robots":{"index":"index","follow":"follow","max-snippet":"max-snippet:-1","max-image-preview":"max-image-preview:large","max-video-preview":"max-video-preview:-1"},"canonical":"https:\/\/www.laguiadepamplona.com\/actualidad\/culmina-el-proyecto-transfronterizo-spagyria-en-el-que-ha-participado-pamplona-con-la-certificacion-de-la-crema-cosmetica-creada-con-procedimientos-ecologicos\/","og_locale":"es_ES","og_type":"article","og_title":"Culmina el proyecto transfronterizo Spagyria, en el que ha participado Pamplona, con la certificaci\u00f3n de la crema cosm\u00e9tica creada con procedimientos ecol\u00f3gicos","og_description":"Como parte del proyecto, se construy\u00f3 en Aranzadi un secadero de plantas, utilizado para secar la cosecha de melisas, ingrediente de la crema","og_url":"https:\/\/www.laguiadepamplona.com\/actualidad\/culmina-el-proyecto-transfronterizo-spagyria-en-el-que-ha-participado-pamplona-con-la-certificacion-de-la-crema-cosmetica-creada-con-procedimientos-ecologicos\/","og_site_name":"La Gu\u00eda de Pamplona","article_publisher":"https:\/\/www.facebook.com\/laguiadepamplonacom-133175176762273\/?ref=hl","article_published_time":"2021-11-11T12:53:22+00:00","article_modified_time":"2023-04-11T09:48:46+00:00","og_image":[{"width":633,"height":160,"url":"https:\/\/www.laguiadepamplona.com\/actualidad\/wp-content\/uploads\/2021\/11\/2080_logo_spagyria.jpg","type":"image\/jpeg"}],"author":"La Gu\u00eda de Pamplona","twitter_card":"summary_large_image","twitter_creator":"@LaGuiadPamplona","twitter_site":"@LaGuiadPamplona","twitter_misc":{"Escrito por":"La Gu\u00eda de Pamplona","Tiempo de lectura":"3 minutos"},"schema":{"@context":"https:\/\/schema.org","@graph":[{"@type":"Article","@id":"https:\/\/www.laguiadepamplona.com\/actualidad\/culmina-el-proyecto-transfronterizo-spagyria-en-el-que-ha-participado-pamplona-con-la-certificacion-de-la-crema-cosmetica-creada-con-procedimientos-ecologicos\/#article","isPartOf":{"@id":"https:\/\/www.laguiadepamplona.com\/actualidad\/culmina-el-proyecto-transfronterizo-spagyria-en-el-que-ha-participado-pamplona-con-la-certificacion-de-la-crema-cosmetica-creada-con-procedimientos-ecologicos\/"},"author":{"name":"La Gu\u00eda de Pamplona","@id":"https:\/\/www.laguiadepamplona.com\/actualidad\/#\/schema\/person\/efe887376f0213d4657c93adc50b1fdb"},"headline":"Culmina el proyecto transfronterizo Spagyria, en el que ha participado Pamplona, con la certificaci\u00f3n de la crema cosm\u00e9tica creada con procedimientos ecol\u00f3gicos","datePublished":"2021-11-11T12:53:22+00:00","dateModified":"2023-04-11T09:48:46+00:00","mainEntityOfPage":{"@id":"https:\/\/www.laguiadepamplona.com\/actualidad\/culmina-el-proyecto-transfronterizo-spagyria-en-el-que-ha-participado-pamplona-con-la-certificacion-de-la-crema-cosmetica-creada-con-procedimientos-ecologicos\/"},"wordCount":630,"commentCount":0,"publisher":{"@id":"https:\/\/www.laguiadepamplona.com\/actualidad\/#organization"},"image":{"@id":"https:\/\/www.laguiadepamplona.com\/actualidad\/culmina-el-proyecto-transfronterizo-spagyria-en-el-que-ha-participado-pamplona-con-la-certificacion-de-la-crema-cosmetica-creada-con-procedimientos-ecologicos\/#primaryimage"},"thumbnailUrl":"https:\/\/www.laguiadepamplona.com\/actualidad\/wp-content\/uploads\/2021\/11\/2080_logo_spagyria.jpg","articleSection":["Ayto Pamplona"],"inLanguage":"es","potentialAction":[{"@type":"CommentAction","name":"Comment","target":["https:\/\/www.laguiadepamplona.com\/actualidad\/culmina-el-proyecto-transfronterizo-spagyria-en-el-que-ha-participado-pamplona-con-la-certificacion-de-la-crema-cosmetica-creada-con-procedimientos-ecologicos\/#respond"]}]},{"@type":"WebPage","@id":"https:\/\/www.laguiadepamplona.com\/actualidad\/culmina-el-proyecto-transfronterizo-spagyria-en-el-que-ha-participado-pamplona-con-la-certificacion-de-la-crema-cosmetica-creada-con-procedimientos-ecologicos\/","url":"https:\/\/www.laguiadepamplona.com\/actualidad\/culmina-el-proyecto-transfronterizo-spagyria-en-el-que-ha-participado-pamplona-con-la-certificacion-de-la-crema-cosmetica-creada-con-procedimientos-ecologicos\/","name":"Culmina el proyecto transfronterizo Spagyria, en el que ha participado Pamplona, con la certificaci\u00f3n de la crema cosm\u00e9tica creada con procedimientos ecol\u00f3gicos","isPartOf":{"@id":"https:\/\/www.laguiadepamplona.com\/actualidad\/#website"},"primaryImageOfPage":{"@id":"https:\/\/www.laguiadepamplona.com\/actualidad\/culmina-el-proyecto-transfronterizo-spagyria-en-el-que-ha-participado-pamplona-con-la-certificacion-de-la-crema-cosmetica-creada-con-procedimientos-ecologicos\/#primaryimage"},"image":{"@id":"https:\/\/www.laguiadepamplona.com\/actualidad\/culmina-el-proyecto-transfronterizo-spagyria-en-el-que-ha-participado-pamplona-con-la-certificacion-de-la-crema-cosmetica-creada-con-procedimientos-ecologicos\/#primaryimage"},"thumbnailUrl":"https:\/\/www.laguiadepamplona.com\/actualidad\/wp-content\/uploads\/2021\/11\/2080_logo_spagyria.jpg","datePublished":"2021-11-11T12:53:22+00:00","dateModified":"2023-04-11T09:48:46+00:00","description":"Como parte del proyecto, se construy\u00f3 en Aranzadi un secadero de plantas, utilizado para secar la cosecha de melisas, ingrediente de la crema","breadcrumb":{"@id":"https:\/\/www.laguiadepamplona.com\/actualidad\/culmina-el-proyecto-transfronterizo-spagyria-en-el-que-ha-participado-pamplona-con-la-certificacion-de-la-crema-cosmetica-creada-con-procedimientos-ecologicos\/#breadcrumb"},"inLanguage":"es","potentialAction":[{"@type":"ReadAction","target":["https:\/\/www.laguiadepamplona.com\/actualidad\/culmina-el-proyecto-transfronterizo-spagyria-en-el-que-ha-participado-pamplona-con-la-certificacion-de-la-crema-cosmetica-creada-con-procedimientos-ecologicos\/"]}]},{"@type":"ImageObject","inLanguage":"es","@id":"https:\/\/www.laguiadepamplona.com\/actualidad\/culmina-el-proyecto-transfronterizo-spagyria-en-el-que-ha-participado-pamplona-con-la-certificacion-de-la-crema-cosmetica-creada-con-procedimientos-ecologicos\/#primaryimage","url":"https:\/\/www.laguiadepamplona.com\/actualidad\/wp-content\/uploads\/2021\/11\/2080_logo_spagyria.jpg","contentUrl":"https:\/\/www.laguiadepamplona.com\/actualidad\/wp-content\/uploads\/2021\/11\/2080_logo_spagyria.jpg","width":633,"height":160},{"@type":"BreadcrumbList","@id":"https:\/\/www.laguiadepamplona.com\/actualidad\/culmina-el-proyecto-transfronterizo-spagyria-en-el-que-ha-participado-pamplona-con-la-certificacion-de-la-crema-cosmetica-creada-con-procedimientos-ecologicos\/#breadcrumb","itemListElement":[{"@type":"ListItem","position":1,"name":"Portada","item":"https:\/\/www.laguiadepamplona.com\/actualidad\/"},{"@type":"ListItem","position":2,"name":"Culmina el proyecto transfronterizo Spagyria, en el que ha participado Pamplona, con la certificaci\u00f3n de la crema cosm\u00e9tica creada con procedimientos ecol\u00f3gicos"}]},{"@type":"WebSite","@id":"https:\/\/www.laguiadepamplona.com\/actualidad\/#website","url":"https:\/\/www.laguiadepamplona.com\/actualidad\/","name":"La gu\u00eda de Pamplona","description":"Noticias de Pamplona","publisher":{"@id":"https:\/\/www.laguiadepamplona.com\/actualidad\/#organization"},"potentialAction":[{"@type":"SearchAction","target":{"@type":"EntryPoint","urlTemplate":"https:\/\/www.laguiadepamplona.com\/actualidad\/?s={search_term_string}"},"query-input":{"@type":"PropertyValueSpecification","valueRequired":true,"valueName":"search_term_string"}}],"inLanguage":"es"},{"@type":"Organization","@id":"https:\/\/www.laguiadepamplona.com\/actualidad\/#organization","name":"La Gu\u00eda de Pamplona \/ Noticias","url":"https:\/\/www.laguiadepamplona.com\/actualidad\/","logo":{"@type":"ImageObject","inLanguage":"es","@id":"https:\/\/www.laguiadepamplona.com\/actualidad\/#\/schema\/logo\/image\/","url":"https:\/\/www.laguiadepamplona.com\/actualidad\/wp-content\/uploads\/2018\/11\/logo-laguiadepamplona18-web1.png","contentUrl":"https:\/\/www.laguiadepamplona.com\/actualidad\/wp-content\/uploads\/2018\/11\/logo-laguiadepamplona18-web1.png","width":600,"height":196,"caption":"La Gu\u00eda de Pamplona \/ Noticias"},"image":{"@id":"https:\/\/www.laguiadepamplona.com\/actualidad\/#\/schema\/logo\/image\/"},"sameAs":["https:\/\/www.facebook.com\/laguiadepamplonacom-133175176762273\/?ref=hl","https:\/\/x.com\/LaGuiadPamplona","https:\/\/www.instagram.com\/la_guia_de_pamplona\/","https:\/\/www.youtube.com\/user\/laguiadepamplona"]},{"@type":"Person","@id":"https:\/\/www.laguiadepamplona.com\/actualidad\/#\/schema\/person\/efe887376f0213d4657c93adc50b1fdb","name":"La Gu\u00eda de Pamplona","image":{"@type":"ImageObject","inLanguage":"es","@id":"https:\/\/secure.gravatar.com\/avatar\/b6992f131dc8d30ab0dff15446e9d346d9dbd95992de0fef795073f5ea83a81c?s=96&d=mm&r=g","url":"https:\/\/secure.gravatar.com\/avatar\/b6992f131dc8d30ab0dff15446e9d346d9dbd95992de0fef795073f5ea83a81c?s=96&d=mm&r=g","contentUrl":"https:\/\/secure.gravatar.com\/avatar\/b6992f131dc8d30ab0dff15446e9d346d9dbd95992de0fef795073f5ea83a81c?s=96&d=mm&r=g","caption":"La Gu\u00eda de Pamplona"}}]}},"post_mailing_queue_ids":[],"_links":{"self":[{"href":"https:\/\/www.laguiadepamplona.com\/actualidad\/wp-json\/wp\/v2\/posts\/37478","targetHints":{"allow":["GET"]}}],"collection":[{"href":"https:\/\/www.laguiadepamplona.com\/actualidad\/wp-json\/wp\/v2\/posts"}],"about":[{"href":"https:\/\/www.laguiadepamplona.com\/actualidad\/wp-json\/wp\/v2\/types\/post"}],"author":[{"embeddable":true,"href":"https:\/\/www.laguiadepamplona.com\/actualidad\/wp-json\/wp\/v2\/users\/1"}],"replies":[{"embeddable":true,"href":"https:\/\/www.laguiadepamplona.com\/actualidad\/wp-json\/wp\/v2\/comments?post=37478"}],"version-history":[{"count":0,"href":"https:\/\/www.laguiadepamplona.com\/actualidad\/wp-json\/wp\/v2\/posts\/37478\/revisions"}],"wp:featuredmedia":[{"embeddable":true,"href":"https:\/\/www.laguiadepamplona.com\/actualidad\/wp-json\/wp\/v2\/media\/37479"}],"wp:attachment":[{"href":"https:\/\/www.laguiadepamplona.com\/actualidad\/wp-json\/wp\/v2\/media?parent=37478"}],"wp:term":[{"taxonomy":"category","embeddable":true,"href":"https:\/\/www.laguiadepamplona.com\/actualidad\/wp-json\/wp\/v2\/categories?post=37478"},{"taxonomy":"post_tag","embeddable":true,"href":"https:\/\/www.laguiadepamplona.com\/actualidad\/wp-json\/wp\/v2\/tags?post=37478"}],"curies":[{"name":"wp","href":"https:\/\/api.w.org\/{rel}","templated":true}]}}